{"id":46059,"date":"2022-09-08T07:35:58","date_gmt":"2022-09-08T05:35:58","guid":{"rendered":"https:\/\/buletin.de\/bucuresti\/?p=46059"},"modified":"2022-09-08T12:06:54","modified_gmt":"2022-09-08T10:06:54","slug":"un-tir-a-rupt-poarta-de-protectie-de-la-pasajul-unirii-circulatia-e-blocata-pe-un-sens","status":"publish","type":"post","link":"https:\/\/buletin.de\/bucuresti\/un-tir-a-rupt-poarta-de-protectie-de-la-pasajul-unirii-circulatia-e-blocata-pe-un-sens\/","title":{"rendered":"Un TIR a rupt poarta de protec\u021bie de la Pasajul Unirii. Circula\u021bia e blocat\u0103 pe un sens"},"content":{"rendered":"\n<p>Update:<\/p>\n\n\n\n<p>Primarul Sectorului 4, Daniel B\u0103lu\u021b\u0103 a comentat, pe pagina sa de Facebook, incidentul din aceast\u0103 diminea\u021b\u0103.<\/p>\n\n\n\n<p> &#8220;Un TIR de 4,2 metri \u00een\u0103l\u021bime a rupt poarta de fier montat\u0103 \u00eenaintea intr\u0103rii \u00een Pasajul Unirii!<\/p>\n\n\n\n<p>De\u0219i indicatorul montat pe poarta de la intrarea \u00een tunel arat\u0103 CLAR c\u0103 limita de \u00een\u0103l\u021bime este de 3,5 metri, \u0219oferul nu a respectat semnul rutier.<\/p>\n\n\n\n<p>V\u0103 reamintesc faptul c\u0103 aceast\u0103 limit\u0103 de \u00een\u0103l\u021bime de 3,5 metri a existat \u0219i \u00eenainte de reabilitarea Pasajului Unirii&#8221;, a scris Daniel B\u0103lu\u021b\u0103.<\/p>\n\n\n\n<p><\/p>\n\n\n\n<p>Un nou incident la recent renovatul Pasaj Unirii. Un TIR a intrat, \u00een aceast\u0103 diminea\u021b\u0103, \u00een poarta de protec\u021bie de pe sensul \u0218incai- Universitate \u0219i a r\u0103mas blocat. La \u00eenceputul s\u0103pt\u0103m\u00e2nii, dou\u0103 autocare au r\u0103mas blocate \u00een poarta de protec\u021bie.<\/p>\n\n\n\n<p>Imaginile cu TIR-ul r\u0103mas blocat la intrarea \u00een pasaj au fost postate pe Facebook.<\/p>\n\n\n\n<p>&#8220;Pasajul Unirii &#8211; dupa cele doua autocare blocate, urmeaza si un TIR. Care a plecat cu tot cu limitatorul de inaltime&#8230;&#8221;, a scris Cosmin Nicolae pe pagina sa de Facebook.<\/p>\n\n\n<p><iframe src=\"https:\/\/www.facebook.com\/plugins\/post.php?href=https%3A%2F%2Fwww.facebook.com%2Fcosminlive%2Fposts%2F10166536082375468&amp;show_text=true&amp;width=500\" width=\"500\" height=\"690\" style=\"border:none;overflow:hidden\" scrolling=\"no\" frameborder=\"0\" allowfullscreen=\"true\" allow=\"autoplay; clipboard-write; encrypted-media; picture-in-picture; web-share\"><\/iframe><\/p>\n\n\n\n<p>Buletin de Bucure\u0219ti a scris despre celelalte dou\u0103 incidente <a href=\"https:\/\/buletin.de\/bucuresti\/pasajul-unirii-prea-scund-pentru-autocare\/\">aici<\/a>.<\/p>\n\n\n\n<p>Am solicitat Prim\u0103riei Sector 4 informa\u021bii despre constructorii pasajului, modul \u00een care au fost atribuite lucr\u0103rile la pasaj \u0219i m\u0103sur\u0103torile f\u0103cute la darea \u00een folosin\u021b\u0103. P\u00e2n\u0103 \u00een acest moment nu am primit r\u0103spuns.<\/p>\n\n\n\n<p>sursa foto cover: Facebook Cosmin Nicolae<\/p>\n\n\n\n<p><\/p>\n\n\n\n<p><\/p>\n","protected":false},"excerpt":{"rendered":"<p>Update: Primarul Sectorului 4, Daniel B\u0103lu\u021b\u0103 a comentat, pe pagina sa de Facebook, incidentul din aceast\u0103 diminea\u021b\u0103. &#8220;Un TIR de 4,2 metri \u00een\u0103l\u021bime a rupt poarta de fier montat\u0103 \u00eenaintea intr\u0103rii \u00een Pasajul Unirii! De\u0219i indicatorul montat pe poarta de la intrarea \u00een tunel arat\u0103 CLAR c\u0103 limita de \u00een\u0103l\u021bime este de 3,5 metri, \u0219oferul [&hellip;]<\/p>\n","protected":false},"author":18,"featured_media":46060,"comment_status":"closed","ping_status":"open","sticky":false,"template":"","format":"standard","meta":{"_acf_changed":false,"inline_featured_image":false,"ngg_post_thumbnail":0,"footnotes":""},"categories":[62],"tags":[],"ppma_author":[22579],"class_list":["post-46059","post","type-post","status-publish","format-standard","has-post-thumbnail","hentry","category-stiri"],"acf":[],"yoast_head":"<!-- This site is optimized with the Yoast SEO Premium plugin v25.3 (Yoast SEO v27.5) - https:\/\/yoast.com\/product\/yoast-seo-premium-wordpress\/ -->\n<title>Un TIR a rupt poarta de protec\u021bie de la Pasajul Unirii. Circula\u021bia e blocat\u0103 pe un sens - Buletin de Bucure\u0219ti<\/title>\n<meta name=\"robots\" content=\"index, follow, max-snippet:-1, max-image-preview:large, max-video-preview:-1\" \/>\n<link rel=\"canonical\" href=\"https:\/\/buletin.de\/bucuresti\/un-tir-a-rupt-poarta-de-protectie-de-la-pasajul-unirii-circulatia-e-blocata-pe-un-sens\/\" \/>\n<meta property=\"og:locale\" content=\"en_GB\" \/>\n<meta property=\"og:type\" content=\"article\" \/>\n<meta property=\"og:title\" content=\"Un TIR a rupt poarta de protec\u021bie de la Pasajul Unirii. Circula\u021bia e blocat\u0103 pe un sens\" \/>\n<meta property=\"og:description\" content=\"Update: Primarul Sectorului 4, Daniel B\u0103lu\u021b\u0103 a comentat, pe pagina sa de Facebook, incidentul din aceast\u0103 diminea\u021b\u0103. &#8220;Un TIR de 4,2 metri \u00een\u0103l\u021bime a rupt poarta de fier montat\u0103 \u00eenaintea intr\u0103rii \u00een Pasajul Unirii! De\u0219i indicatorul montat pe poarta de la intrarea \u00een tunel arat\u0103 CLAR c\u0103 limita de \u00een\u0103l\u021bime este de 3,5 metri, \u0219oferul [&hellip;]\" \/>\n<meta property=\"og:url\" content=\"https:\/\/buletin.de\/bucuresti\/un-tir-a-rupt-poarta-de-protectie-de-la-pasajul-unirii-circulatia-e-blocata-pe-un-sens\/\" \/>\n<meta property=\"og:site_name\" content=\"Buletin de Bucure\u0219ti\" \/>\n<meta property=\"article:publisher\" content=\"https:\/\/www.facebook.com\/buletin.de.buc\" \/>\n<meta property=\"article:published_time\" content=\"2022-09-08T05:35:58+00:00\" \/>\n<meta property=\"article:modified_time\" content=\"2022-09-08T10:06:54+00:00\" \/>\n<meta property=\"og:image\" content=\"https:\/\/buletin.de\/bucuresti\/wp-content\/uploads\/pasaj.jpg\" \/>\n\t<meta property=\"og:image:width\" content=\"1210\" \/>\n\t<meta property=\"og:image:height\" content=\"1126\" \/>\n\t<meta property=\"og:image:type\" content=\"image\/jpeg\" \/>\n<meta name=\"author\" content=\"Teodora Stroe\" \/>\n<meta name=\"twitter:card\" content=\"summary_large_image\" \/>\n<meta name=\"twitter:label1\" content=\"Written by\" \/>\n\t<meta name=\"twitter:data1\" content=\"Teodora Stroe\" \/>\n\t<meta name=\"twitter:label2\" content=\"Estimated reading time\" \/>\n\t<meta name=\"twitter:data2\" content=\"1 minute\" \/>\n<script type=\"application\/ld+json\" class=\"yoast-schema-graph\">{\"@context\":\"https:\\\/\\\/schema.org\",\"@graph\":[{\"@type\":\"Article\",\"@id\":\"https:\\\/\\\/buletin.de\\\/bucuresti\\\/un-tir-a-rupt-poarta-de-protectie-de-la-pasajul-unirii-circulatia-e-blocata-pe-un-sens\\\/#article\",\"isPartOf\":{\"@id\":\"https:\\\/\\\/buletin.de\\\/bucuresti\\\/un-tir-a-rupt-poarta-de-protectie-de-la-pasajul-unirii-circulatia-e-blocata-pe-un-sens\\\/\"},\"author\":{\"name\":\"Teodora Stroe\",\"@id\":\"https:\\\/\\\/buletin.de\\\/bucuresti\\\/#\\\/schema\\\/person\\\/d369d7ddc775abece205795e0b804614\"},\"headline\":\"Un TIR a rupt poarta de protec\u021bie de la Pasajul Unirii. Circula\u021bia e blocat\u0103 pe un sens\",\"datePublished\":\"2022-09-08T05:35:58+00:00\",\"dateModified\":\"2022-09-08T10:06:54+00:00\",\"mainEntityOfPage\":{\"@id\":\"https:\\\/\\\/buletin.de\\\/bucuresti\\\/un-tir-a-rupt-poarta-de-protectie-de-la-pasajul-unirii-circulatia-e-blocata-pe-un-sens\\\/\"},\"wordCount\":257,\"publisher\":{\"@id\":\"https:\\\/\\\/buletin.de\\\/bucuresti\\\/#organization\"},\"image\":{\"@id\":\"https:\\\/\\\/buletin.de\\\/bucuresti\\\/un-tir-a-rupt-poarta-de-protectie-de-la-pasajul-unirii-circulatia-e-blocata-pe-un-sens\\\/#primaryimage\"},\"thumbnailUrl\":\"https:\\\/\\\/buletin.de\\\/bucuresti\\\/wp-content\\\/uploads\\\/pasaj.jpg\",\"articleSection\":[\"\u0218tiri\"],\"inLanguage\":\"en-GB\",\"copyrightYear\":\"2022\",\"copyrightHolder\":{\"@id\":\"https:\\\/\\\/buletin.de\\\/bucuresti\\\/#organization\"}},{\"@type\":\"WebPage\",\"@id\":\"https:\\\/\\\/buletin.de\\\/bucuresti\\\/un-tir-a-rupt-poarta-de-protectie-de-la-pasajul-unirii-circulatia-e-blocata-pe-un-sens\\\/\",\"url\":\"https:\\\/\\\/buletin.de\\\/bucuresti\\\/un-tir-a-rupt-poarta-de-protectie-de-la-pasajul-unirii-circulatia-e-blocata-pe-un-sens\\\/\",\"name\":\"Un TIR a rupt poarta de protec\u021bie de la Pasajul Unirii. Circula\u021bia e blocat\u0103 pe un sens - Buletin de Bucure\u0219ti\",\"isPartOf\":{\"@id\":\"https:\\\/\\\/buletin.de\\\/bucuresti\\\/#website\"},\"primaryImageOfPage\":{\"@id\":\"https:\\\/\\\/buletin.de\\\/bucuresti\\\/un-tir-a-rupt-poarta-de-protectie-de-la-pasajul-unirii-circulatia-e-blocata-pe-un-sens\\\/#primaryimage\"},\"image\":{\"@id\":\"https:\\\/\\\/buletin.de\\\/bucuresti\\\/un-tir-a-rupt-poarta-de-protectie-de-la-pasajul-unirii-circulatia-e-blocata-pe-un-sens\\\/#primaryimage\"},\"thumbnailUrl\":\"https:\\\/\\\/buletin.de\\\/bucuresti\\\/wp-content\\\/uploads\\\/pasaj.jpg\",\"datePublished\":\"2022-09-08T05:35:58+00:00\",\"dateModified\":\"2022-09-08T10:06:54+00:00\",\"breadcrumb\":{\"@id\":\"https:\\\/\\\/buletin.de\\\/bucuresti\\\/un-tir-a-rupt-poarta-de-protectie-de-la-pasajul-unirii-circulatia-e-blocata-pe-un-sens\\\/#breadcrumb\"},\"inLanguage\":\"en-GB\",\"potentialAction\":[{\"@type\":\"ReadAction\",\"target\":[\"https:\\\/\\\/buletin.de\\\/bucuresti\\\/un-tir-a-rupt-poarta-de-protectie-de-la-pasajul-unirii-circulatia-e-blocata-pe-un-sens\\\/\"]}]},{\"@type\":\"ImageObject\",\"inLanguage\":\"en-GB\",\"@id\":\"https:\\\/\\\/buletin.de\\\/bucuresti\\\/un-tir-a-rupt-poarta-de-protectie-de-la-pasajul-unirii-circulatia-e-blocata-pe-un-sens\\\/#primaryimage\",\"url\":\"https:\\\/\\\/buletin.de\\\/bucuresti\\\/wp-content\\\/uploads\\\/pasaj.jpg\",\"contentUrl\":\"https:\\\/\\\/buletin.de\\\/bucuresti\\\/wp-content\\\/uploads\\\/pasaj.jpg\",\"width\":1210,\"height\":1126},{\"@type\":\"BreadcrumbList\",\"@id\":\"https:\\\/\\\/buletin.de\\\/bucuresti\\\/un-tir-a-rupt-poarta-de-protectie-de-la-pasajul-unirii-circulatia-e-blocata-pe-un-sens\\\/#breadcrumb\",\"itemListElement\":[{\"@type\":\"ListItem\",\"position\":1,\"name\":\"Acas\u0103\",\"item\":\"https:\\\/\\\/buletin.de\\\/bucuresti\\\/\"},{\"@type\":\"ListItem\",\"position\":2,\"name\":\"Un TIR a rupt poarta de protec\u021bie de la Pasajul Unirii. Circula\u021bia e blocat\u0103 pe un sens\"}]},{\"@type\":\"WebSite\",\"@id\":\"https:\\\/\\\/buletin.de\\\/bucuresti\\\/#website\",\"url\":\"https:\\\/\\\/buletin.de\\\/bucuresti\\\/\",\"name\":\"Buletin de Bucure\u0219ti\",\"description\":\"\u0218tiri \u0219i investiga\u021bii esen\u021biale din capital\u0103\",\"publisher\":{\"@id\":\"https:\\\/\\\/buletin.de\\\/bucuresti\\\/#organization\"},\"potentialAction\":[{\"@type\":\"SearchAction\",\"target\":{\"@type\":\"EntryPoint\",\"urlTemplate\":\"https:\\\/\\\/buletin.de\\\/bucuresti\\\/?s={search_term_string}\"},\"query-input\":{\"@type\":\"PropertyValueSpecification\",\"valueRequired\":true,\"valueName\":\"search_term_string\"}}],\"inLanguage\":\"en-GB\"},{\"@type\":\"Organization\",\"@id\":\"https:\\\/\\\/buletin.de\\\/bucuresti\\\/#organization\",\"name\":\"Buletin de Bucure\u0219ti\",\"url\":\"https:\\\/\\\/buletin.de\\\/bucuresti\\\/\",\"logo\":{\"@type\":\"ImageObject\",\"inLanguage\":\"en-GB\",\"@id\":\"https:\\\/\\\/buletin.de\\\/bucuresti\\\/#\\\/schema\\\/logo\\\/image\\\/\",\"url\":\"https:\\\/\\\/buletin.de\\\/bucuresti\\\/wp-content\\\/uploads\\\/logo-bdb-full-wide-vernil-transparent.png\",\"contentUrl\":\"https:\\\/\\\/buletin.de\\\/bucuresti\\\/wp-content\\\/uploads\\\/logo-bdb-full-wide-vernil-transparent.png\",\"width\":1782,\"height\":626,\"caption\":\"Buletin de Bucure\u0219ti\"},\"image\":{\"@id\":\"https:\\\/\\\/buletin.de\\\/bucuresti\\\/#\\\/schema\\\/logo\\\/image\\\/\"},\"sameAs\":[\"https:\\\/\\\/www.facebook.com\\\/buletin.de.buc\",\"https:\\\/\\\/www.instagram.com\\\/buletinde.bucuresti\\\/\"]},{\"@type\":\"Person\",\"@id\":\"https:\\\/\\\/buletin.de\\\/bucuresti\\\/#\\\/schema\\\/person\\\/d369d7ddc775abece205795e0b804614\",\"name\":\"Teodora Stroe\",\"image\":{\"@type\":\"ImageObject\",\"inLanguage\":\"en-GB\",\"@id\":\"https:\\\/\\\/secure.gravatar.com\\\/avatar\\\/2560b4cd9f5f1bc100b123158e657d75584bd1c3e1d9c69285720b9457c1b78d?s=96&d=monsterid&r=gc104800242ba5f2d78dd5d7dc4df08b6\",\"url\":\"https:\\\/\\\/secure.gravatar.com\\\/avatar\\\/2560b4cd9f5f1bc100b123158e657d75584bd1c3e1d9c69285720b9457c1b78d?s=96&d=monsterid&r=g\",\"contentUrl\":\"https:\\\/\\\/secure.gravatar.com\\\/avatar\\\/2560b4cd9f5f1bc100b123158e657d75584bd1c3e1d9c69285720b9457c1b78d?s=96&d=monsterid&r=g\",\"caption\":\"Teodora Stroe\"},\"url\":\"https:\\\/\\\/buletin.de\\\/bucuresti\\\/author\\\/simonacarlugea\\\/\"}]}<\/script>\n<!-- \/ Yoast SEO Premium plugin. -->","yoast_head_json":{"title":"Un TIR a rupt poarta de protec\u021bie de la Pasajul Unirii. Circula\u021bia e blocat\u0103 pe un sens - Buletin de Bucure\u0219ti","robots":{"index":"index","follow":"follow","max-snippet":"max-snippet:-1","max-image-preview":"max-image-preview:large","max-video-preview":"max-video-preview:-1"},"canonical":"https:\/\/buletin.de\/bucuresti\/un-tir-a-rupt-poarta-de-protectie-de-la-pasajul-unirii-circulatia-e-blocata-pe-un-sens\/","og_locale":"en_GB","og_type":"article","og_title":"Un TIR a rupt poarta de protec\u021bie de la Pasajul Unirii. Circula\u021bia e blocat\u0103 pe un sens","og_description":"Update: Primarul Sectorului 4, Daniel B\u0103lu\u021b\u0103 a comentat, pe pagina sa de Facebook, incidentul din aceast\u0103 diminea\u021b\u0103. &#8220;Un TIR de 4,2 metri \u00een\u0103l\u021bime a rupt poarta de fier montat\u0103 \u00eenaintea intr\u0103rii \u00een Pasajul Unirii! De\u0219i indicatorul montat pe poarta de la intrarea \u00een tunel arat\u0103 CLAR c\u0103 limita de \u00een\u0103l\u021bime este de 3,5 metri, \u0219oferul [&hellip;]","og_url":"https:\/\/buletin.de\/bucuresti\/un-tir-a-rupt-poarta-de-protectie-de-la-pasajul-unirii-circulatia-e-blocata-pe-un-sens\/","og_site_name":"Buletin de Bucure\u0219ti","article_publisher":"https:\/\/www.facebook.com\/buletin.de.buc","article_published_time":"2022-09-08T05:35:58+00:00","article_modified_time":"2022-09-08T10:06:54+00:00","og_image":[{"width":1210,"height":1126,"url":"https:\/\/buletin.de\/bucuresti\/wp-content\/uploads\/pasaj.jpg","type":"image\/jpeg"}],"author":"Teodora Stroe","twitter_card":"summary_large_image","twitter_misc":{"Written by":"Teodora Stroe","Estimated reading time":"1 minute"},"schema":{"@context":"https:\/\/schema.org","@graph":[{"@type":"Article","@id":"https:\/\/buletin.de\/bucuresti\/un-tir-a-rupt-poarta-de-protectie-de-la-pasajul-unirii-circulatia-e-blocata-pe-un-sens\/#article","isPartOf":{"@id":"https:\/\/buletin.de\/bucuresti\/un-tir-a-rupt-poarta-de-protectie-de-la-pasajul-unirii-circulatia-e-blocata-pe-un-sens\/"},"author":{"name":"Teodora Stroe","@id":"https:\/\/buletin.de\/bucuresti\/#\/schema\/person\/d369d7ddc775abece205795e0b804614"},"headline":"Un TIR a rupt poarta de protec\u021bie de la Pasajul Unirii. Circula\u021bia e blocat\u0103 pe un sens","datePublished":"2022-09-08T05:35:58+00:00","dateModified":"2022-09-08T10:06:54+00:00","mainEntityOfPage":{"@id":"https:\/\/buletin.de\/bucuresti\/un-tir-a-rupt-poarta-de-protectie-de-la-pasajul-unirii-circulatia-e-blocata-pe-un-sens\/"},"wordCount":257,"publisher":{"@id":"https:\/\/buletin.de\/bucuresti\/#organization"},"image":{"@id":"https:\/\/buletin.de\/bucuresti\/un-tir-a-rupt-poarta-de-protectie-de-la-pasajul-unirii-circulatia-e-blocata-pe-un-sens\/#primaryimage"},"thumbnailUrl":"https:\/\/buletin.de\/bucuresti\/wp-content\/uploads\/pasaj.jpg","articleSection":["\u0218tiri"],"inLanguage":"en-GB","copyrightYear":"2022","copyrightHolder":{"@id":"https:\/\/buletin.de\/bucuresti\/#organization"}},{"@type":"WebPage","@id":"https:\/\/buletin.de\/bucuresti\/un-tir-a-rupt-poarta-de-protectie-de-la-pasajul-unirii-circulatia-e-blocata-pe-un-sens\/","url":"https:\/\/buletin.de\/bucuresti\/un-tir-a-rupt-poarta-de-protectie-de-la-pasajul-unirii-circulatia-e-blocata-pe-un-sens\/","name":"Un TIR a rupt poarta de protec\u021bie de la Pasajul Unirii. Circula\u021bia e blocat\u0103 pe un sens - Buletin de Bucure\u0219ti","isPartOf":{"@id":"https:\/\/buletin.de\/bucuresti\/#website"},"primaryImageOfPage":{"@id":"https:\/\/buletin.de\/bucuresti\/un-tir-a-rupt-poarta-de-protectie-de-la-pasajul-unirii-circulatia-e-blocata-pe-un-sens\/#primaryimage"},"image":{"@id":"https:\/\/buletin.de\/bucuresti\/un-tir-a-rupt-poarta-de-protectie-de-la-pasajul-unirii-circulatia-e-blocata-pe-un-sens\/#primaryimage"},"thumbnailUrl":"https:\/\/buletin.de\/bucuresti\/wp-content\/uploads\/pasaj.jpg","datePublished":"2022-09-08T05:35:58+00:00","dateModified":"2022-09-08T10:06:54+00:00","breadcrumb":{"@id":"https:\/\/buletin.de\/bucuresti\/un-tir-a-rupt-poarta-de-protectie-de-la-pasajul-unirii-circulatia-e-blocata-pe-un-sens\/#breadcrumb"},"inLanguage":"en-GB","potentialAction":[{"@type":"ReadAction","target":["https:\/\/buletin.de\/bucuresti\/un-tir-a-rupt-poarta-de-protectie-de-la-pasajul-unirii-circulatia-e-blocata-pe-un-sens\/"]}]},{"@type":"ImageObject","inLanguage":"en-GB","@id":"https:\/\/buletin.de\/bucuresti\/un-tir-a-rupt-poarta-de-protectie-de-la-pasajul-unirii-circulatia-e-blocata-pe-un-sens\/#primaryimage","url":"https:\/\/buletin.de\/bucuresti\/wp-content\/uploads\/pasaj.jpg","contentUrl":"https:\/\/buletin.de\/bucuresti\/wp-content\/uploads\/pasaj.jpg","width":1210,"height":1126},{"@type":"BreadcrumbList","@id":"https:\/\/buletin.de\/bucuresti\/un-tir-a-rupt-poarta-de-protectie-de-la-pasajul-unirii-circulatia-e-blocata-pe-un-sens\/#breadcrumb","itemListElement":[{"@type":"ListItem","position":1,"name":"Acas\u0103","item":"https:\/\/buletin.de\/bucuresti\/"},{"@type":"ListItem","position":2,"name":"Un TIR a rupt poarta de protec\u021bie de la Pasajul Unirii. Circula\u021bia e blocat\u0103 pe un sens"}]},{"@type":"WebSite","@id":"https:\/\/buletin.de\/bucuresti\/#website","url":"https:\/\/buletin.de\/bucuresti\/","name":"Buletin de Bucure\u0219ti","description":"\u0218tiri \u0219i investiga\u021bii esen\u021biale din capital\u0103","publisher":{"@id":"https:\/\/buletin.de\/bucuresti\/#organization"},"potentialAction":[{"@type":"SearchAction","target":{"@type":"EntryPoint","urlTemplate":"https:\/\/buletin.de\/bucuresti\/?s={search_term_string}"},"query-input":{"@type":"PropertyValueSpecification","valueRequired":true,"valueName":"search_term_string"}}],"inLanguage":"en-GB"},{"@type":"Organization","@id":"https:\/\/buletin.de\/bucuresti\/#organization","name":"Buletin de Bucure\u0219ti","url":"https:\/\/buletin.de\/bucuresti\/","logo":{"@type":"ImageObject","inLanguage":"en-GB","@id":"https:\/\/buletin.de\/bucuresti\/#\/schema\/logo\/image\/","url":"https:\/\/buletin.de\/bucuresti\/wp-content\/uploads\/logo-bdb-full-wide-vernil-transparent.png","contentUrl":"https:\/\/buletin.de\/bucuresti\/wp-content\/uploads\/logo-bdb-full-wide-vernil-transparent.png","width":1782,"height":626,"caption":"Buletin de Bucure\u0219ti"},"image":{"@id":"https:\/\/buletin.de\/bucuresti\/#\/schema\/logo\/image\/"},"sameAs":["https:\/\/www.facebook.com\/buletin.de.buc","https:\/\/www.instagram.com\/buletinde.bucuresti\/"]},{"@type":"Person","@id":"https:\/\/buletin.de\/bucuresti\/#\/schema\/person\/d369d7ddc775abece205795e0b804614","name":"Teodora Stroe","image":{"@type":"ImageObject","inLanguage":"en-GB","@id":"https:\/\/secure.gravatar.com\/avatar\/2560b4cd9f5f1bc100b123158e657d75584bd1c3e1d9c69285720b9457c1b78d?s=96&d=monsterid&r=gc104800242ba5f2d78dd5d7dc4df08b6","url":"https:\/\/secure.gravatar.com\/avatar\/2560b4cd9f5f1bc100b123158e657d75584bd1c3e1d9c69285720b9457c1b78d?s=96&d=monsterid&r=g","contentUrl":"https:\/\/secure.gravatar.com\/avatar\/2560b4cd9f5f1bc100b123158e657d75584bd1c3e1d9c69285720b9457c1b78d?s=96&d=monsterid&r=g","caption":"Teodora Stroe"},"url":"https:\/\/buletin.de\/bucuresti\/author\/simonacarlugea\/"}]}},"authors":[{"term_id":22579,"user_id":18,"is_guest":0,"slug":"simonacarlugea","display_name":"Teodora Stroe","avatar_url":"https:\/\/secure.gravatar.com\/avatar\/2560b4cd9f5f1bc100b123158e657d75584bd1c3e1d9c69285720b9457c1b78d?s=96&d=monsterid&r=g","0":null,"1":"","2":"","3":"","4":"","5":"","6":"","7":"","8":""}],"_links":{"self":[{"href":"https:\/\/buletin.de\/bucuresti\/wp-json\/wp\/v2\/posts\/46059","targetHints":{"allow":["GET"]}}],"collection":[{"href":"https:\/\/buletin.de\/bucuresti\/wp-json\/wp\/v2\/posts"}],"about":[{"href":"https:\/\/buletin.de\/bucuresti\/wp-json\/wp\/v2\/types\/post"}],"author":[{"embeddable":true,"href":"https:\/\/buletin.de\/bucuresti\/wp-json\/wp\/v2\/users\/18"}],"replies":[{"embeddable":true,"href":"https:\/\/buletin.de\/bucuresti\/wp-json\/wp\/v2\/comments?post=46059"}],"version-history":[{"count":3,"href":"https:\/\/buletin.de\/bucuresti\/wp-json\/wp\/v2\/posts\/46059\/revisions"}],"predecessor-version":[{"id":46064,"href":"https:\/\/buletin.de\/bucuresti\/wp-json\/wp\/v2\/posts\/46059\/revisions\/46064"}],"wp:featuredmedia":[{"embeddable":true,"href":"https:\/\/buletin.de\/bucuresti\/wp-json\/wp\/v2\/media\/46060"}],"wp:attachment":[{"href":"https:\/\/buletin.de\/bucuresti\/wp-json\/wp\/v2\/media?parent=46059"}],"wp:term":[{"taxonomy":"category","embeddable":true,"href":"https:\/\/buletin.de\/bucuresti\/wp-json\/wp\/v2\/categories?post=46059"},{"taxonomy":"post_tag","embeddable":true,"href":"https:\/\/buletin.de\/bucuresti\/wp-json\/wp\/v2\/tags?post=46059"},{"taxonomy":"author","embeddable":true,"href":"https:\/\/buletin.de\/bucuresti\/wp-json\/wp\/v2\/ppma_author?post=46059"}],"curies":[{"name":"wp","href":"https:\/\/api.w.org\/{rel}","templated":true}]}}