{"id":46039,"date":"2022-09-07T12:39:54","date_gmt":"2022-09-07T10:39:54","guid":{"rendered":"https:\/\/buletin.de\/bucuresti\/?p=46039"},"modified":"2022-09-07T12:43:37","modified_gmt":"2022-09-07T10:43:37","slug":"baluta-da-2-milioane-de-lei-la-rtv-realitatea-plus-si-antena-3-ca-sa-si-promoveze-realizarile-abordare-pozitiva-ton-optimist","status":"publish","type":"post","link":"https:\/\/buletin.de\/bucuresti\/baluta-da-2-milioane-de-lei-la-rtv-realitatea-plus-si-antena-3-ca-sa-si-promoveze-realizarile-abordare-pozitiva-ton-optimist\/","title":{"rendered":"B\u0103lu\u021b\u0103 d\u0103 2 milioane de lei la RTV, Realitatea Plus \u0219i Antena 3 ca s\u0103-\u0219i promoveze realiz\u0103rile. &#8220;Abordare pozitiv\u0103, ton optimist.&#8221;"},"content":{"rendered":"\n<p>Prim\u0103ria Sector 4 va pl\u0103ti 2 milioane de lei, \u00een urm\u0103toarele 36 de luni, ca realiz\u0103rile actualei administra\u021bii a sectorului s\u0103 fie promovate prin <em>materiale de televiziune<\/em>. Procedura de desemnare a c\u00e2\u0219tig\u0103torilor contractului a fost intern\u0103, doar cu <a href=\"https:\/\/e-licitatie.ro\/pub\/notices\/adv-notices\/view\/100417116\">un anun\u021b pe SEAP<\/a>, dar <a href=\"http:\/\/www.tvr.ro\/anunturi-hr.html#view\">raportul de atribuire<\/a> a fost publicat pe site-ul Prim\u0103riei. C\u00e2\u0219tig\u0103toare au fost toate cele 3 televiziuni participante, adic\u0103 RTV, Antena 3 \u0219i Realitatea Plus.<\/p>\n\n\n\n<p>\u00cen martie, Prim\u0103ria Sector 4 a publicat un anun\u021b publicitar de achizi\u021bie public\u0103 pentru <em>Servicii produc\u021bie materiale de televiziune pentru promovarea obiectivelor de dezvoltare ale Sectorului 4 al Municipiului Bucure\u0219ti<\/em>, prin atribuire direct\u0103 pe baza ofertelor. Administra\u021bia condus\u0103 de Daniel B\u0103lu\u021b\u0103 \u00ee\u0219i exprima dorin\u021ba ca, prin acest contract, s\u0103 ob\u021bin\u0103 <em>materiale pentru promovarea obiectivelor pe care le ini\u021biaz\u0103, precum si a proiectelor derulate, \u00een scopul unei bune inform\u0103ri a cet\u0103\u021benilor din sector, precum \u0219i promovarea investi\u021biilor realizate.<\/em> <\/p>\n\n\n\n<h2 class=\"wp-block-heading\">Pe ce vor fi cheltuite 2 milioane de lei<\/h2>\n\n\n\n<p>\u00cen caietul de sarcini ata\u0219at anun\u021bului din martie este men\u021bionat explicit scopul contractului &#8211; informarea cet\u0103\u021benilor dar \u0219i construirea, promovare \u0219i men\u021binerea unei imagini institu\u021bionale pozitive. <\/p>\n\n\n\n<ul class=\"wp-block-list\"><li><em>Informarea corect\u0103, obiectiv\u0103 \u0219i \u00een timp oportun a societ\u0103\u021bii civile, a cet\u0103\u021benilor sectorului despre activitatea Sectorului 4 \u0219i a direc\u021biilor aflate \u00een subordine<\/em><\/li><li><em><strong>Construirea, promovarea \u0219i men\u021binerea unei imagini institu\u021bionale pozitive prin comunicarea c\u0103tre un num\u0103r c\u00e2t mai mare de cet\u0103\u021beni \u0219i c\u0103tre societatea civil\u0103 a unor informa\u021bii obiective, echidistante \u00een timp util<\/strong><\/em><\/li><li><em>Informarea succint\u0103 cu privire la proiectele de succes derulate de Sectorul 4, prin eviden\u021bierea impactului acestor proiecte asupra vie\u021bii ceta\u021benilor<\/em><\/li><li><em> Promovarea obiectivelor de dezvoltare ale Sectorului 4<\/em> &#8211; surs\u0103 Prim\u0103ria Sector 4<\/li><\/ul>\n\n\n\n<h2 class=\"wp-block-heading\">Abordare pozitiv\u0103, tonul s\u0103 fie optimist!<\/h2>\n\n\n\n<p>Iar Prim\u0103ria \u0219tie \u0219i cum trebuie puse \u00een practic\u0103 toate acele cerin\u021be de mai sus. \u00cen caietul de sarcini exist\u0103 o serie de indica\u021bii tehnice privind viitoarele materiale de televiziune. E stipulat clar c\u0103 Prim\u0103ria poate cere modificarea unei \u0219tiri, <em>prin ajustarea conceptului.<\/em> <\/p>\n\n\n\n<ul class=\"has-small-font-size wp-block-list\"><li>Materialele vor f\u012b elaborate \u00eentr-un limbaj accesibil publicului larg, \u00eentr-un format atractiv \u0219i dinamic.<\/li><li><strong>Autoritatea Contractant\u0103 i\u015fi rezerv\u0103 dreptul de ajustata impreuna cu prestatorul, conceptul pe baza c\u0103ruia se va dezvolta partea de grafic\u0103\/vizual\u0103 a materialului pastr\u00e2ndu-se conceptul initial. <\/strong><\/li><li>Durata unui material va fi intre 30 de secunde -2 minute, va con\u021bine imagini, voice over, sincron de la un actor relevant (daca este cazul), fundal muzical (daca este cazul). <\/li><li>Fiecare material montat va contine: imagini filmate inso\u021bite de sincron din partea unui actor relevant pentru tema abordat\u0103, voice-over, fundal muzical acolo unde este cazul, alte elemente grafice specifice de televiziune.<\/li><\/ul>\n\n\n\n<p>Materiale de televiziune produse contracost ar trebui s\u0103 fie <em>memorabile, imaginile \u0219i elementele vizuale s\u0103 fie corelate clar cu mesajele \u0219i textul, \u015fi s\u0103 se completeze reciproc, cu <strong>abordare pozitiv\u0103 \u0219i ton optimist<\/strong><\/em>.<\/p>\n\n\n\n<p>Iar odat\u0103 stabilit contractul cadru, \u00een fiecare lun\u0103 ar urma comenzile specifice, adic\u0103 36 de contracte subsecvente.<\/p>\n\n\n\n<h2 class=\"wp-block-heading\">Cine sunt c\u00e2\u0219tig\u0103torii<\/h2>\n\n\n\n<p>Toate cele trei oferte depuse p\u00e2n\u0103 la termenul limit\u0103 din martie 2022 au fost acceptate, dar deliberarea a avut loc abia \u00een iunie, dup\u0103 cum arat\u0103 raportul procedurii.<\/p>\n\n\n\n<figure class=\"wp-block-image size-full\"><img fetchpriority=\"high\" decoding=\"async\" width=\"732\" height=\"234\" src=\"data:image\/gif;base64,R0lGODlhAQABAAAAACH5BAEKAAEALAAAAAABAAEAAAICTAEAOw==\" data-src=\"https:\/\/buletin.de\/bucuresti\/wp-content\/uploads\/image-1299.png\" alt=\"\" class=\"wp-image-46048 lazyload\" data-sizes=\"auto\" data-srcset=\"https:\/\/buletin.de\/bucuresti\/wp-content\/uploads\/image-1299.png 732w, https:\/\/buletin.de\/bucuresti\/wp-content\/uploads\/image-1299-300x96.png 300w, https:\/\/buletin.de\/bucuresti\/wp-content\/uploads\/image-1299-550x176.png 550w, https:\/\/buletin.de\/bucuresti\/wp-content\/uploads\/image-1299-600x192.png 600w\" sizes=\"(max-width: 732px) 100vw, 732px\" \/><figcaption>sursa Prim\u0103ria Sector 4<\/figcaption><\/figure>\n\n\n\n<p>SC Ridzone Computers SRL este compania care de\u021bine <strong>RTV,<\/strong> \u0219i are ac\u021bionar unic pe Catrinel Maria Gheorghe, unul dintre oamenii de baz\u0103 al lui Sebastian Ghi\u021b\u0103.<\/p>\n\n\n\n<p>SC Antena 3 SA, compania care de\u021bine televiziunea <strong>Antena 3<\/strong> are ca ac\u021bionari pe Camelia \u0219i Corina Vociulescu, Funda\u021bia Dan Voiculescu \u0219i pe Mihai G\u00e2dea. <\/p>\n\n\n\n<p>Conform <a href=\"https:\/\/termene.ro\/\">termene.ro<\/a>, SC DBV Media House SRL are unic ac\u021bionar PHG Media Invest S.R.L. firma so\u021biei lui Maricel P\u0103curaru, cel care de\u021bine trustul <strong>Realitatea<\/strong>.<\/p>\n\n\n\n<p><\/p>\n\n\n\n<p>O achizi\u021bie similar\u0103, de publicitate TV, a fost lansat\u0103 \u0219i \u00een <a href=\"https:\/\/e-licitatie.ro\/pub\/notices\/adv-notices\/view\/100203838\">2020<\/a>, doar c\u0103 nu exist\u0103, pe pagina Prim\u0103riei, un raport de atribuire.<\/p>\n\n\n\n<p>La finalul anului trecut, <a href=\"https:\/\/buletin.de\/bucuresti\/daniel-baluta-isi-face-campanie-cu-bani-de-la-bugetul-local-134-de-mii-de-lei-pentru-promovarea-realizarilor-sale\/\">o institu\u021bie din subordinea primarului Daniel B\u0103lu\u021b\u0103<\/a> a dat 134 de mii de lei, adic\u0103 28 de mii de EURO, presei din Rom\u00e2nia pentru \u201eservicii de informare\u201d. Contractul a fost atribuit direct de Direc\u021bia General\u0103 de Impozite \u0219i Taxe Locale Sector 4 c\u0103tre agen\u021bia Complete Media care, ulterior, a \u00eemp\u0103r\u021bit banii la mai multe publica\u021bii online \u0219i televiziuni.<\/p>\n\n\n\n<p>Iar televiziunile pl\u0103tite din bugetul Prim\u0103riei nu sunt singurul mod \u00een care Daniel B\u0103lu\u021b\u0103 \u00ee\u0219i face publicitate. O anchet\u0103 Buletin de Bucure\u0219ti a scos la iveal\u0103, \u00een noiembrie 2021, c\u0103 primarul sectorului 4 are o adev\u0103tat\u0103 armat\u0103 de troli care \u00eel promoveaz\u0103 \u0219i \u00eel laud\u0103 pe platformele sociale.<\/p>\n\n\n\n<figure class=\"wp-block-embed is-type-wp-embed is-provider-buletin-de-bucure\u0219ti wp-block-embed-buletin-de-bucure\u0219ti\"><div class=\"wp-block-embed__wrapper\">\n<blockquote class=\"wp-embedded-content\" data-secret=\"IpE2qB8Z5M\"><a href=\"https:\/\/buletin.de\/bucuresti\/armata-de-troli-din-sectorul-4-a-crescut-cu-cateva-zeci-130-de-conturi-false-il-lauda-acum-pe-daniel-baluta-pe-facebook\/\">Armata de troli din sectorul 4 a crescut cu c\u00e2teva zeci. 130 de conturi false \u00eel laud\u0103 acum pe Daniel B\u0103lu\u021b\u0103 pe Facebook<\/a><\/blockquote><iframe class=\"wp-embedded-content\" sandbox=\"allow-scripts\" security=\"restricted\" style=\"position: absolute; clip: rect(1px, 1px, 1px, 1px);\" title=\"&#8222;Armata de troli din sectorul 4 a crescut cu c\u00e2teva zeci. 130 de conturi false \u00eel laud\u0103 acum pe Daniel B\u0103lu\u021b\u0103 pe Facebook&#8221; &#8212; Buletin de Bucure\u0219ti\" src=\"https:\/\/buletin.de\/bucuresti\/armata-de-troli-din-sectorul-4-a-crescut-cu-cateva-zeci-130-de-conturi-false-il-lauda-acum-pe-daniel-baluta-pe-facebook\/embed\/#?secret=Na4DSbOozl#?secret=IpE2qB8Z5M\" data-secret=\"IpE2qB8Z5M\" width=\"600\" height=\"338\" frameborder=\"0\" marginwidth=\"0\" marginheight=\"0\" scrolling=\"no\"><\/iframe>\n<\/div><\/figure>\n\n\n\n<p>Am solicitat Prim\u0103riei Sector 4 un punct de vedere privind aceast\u0103 achizi\u021bie dar nu am primit niciun r\u0103spuns p\u00e2n\u0103 \u00een acest moment.<\/p>\n\n\n\n<p>sursa foto cover: captura Facebook Daniel B\u0103lu\u021b\u0103<\/p>\n","protected":false},"excerpt":{"rendered":"<p>Prim\u0103ria Sector 4 va pl\u0103ti 2 milioane de lei, \u00een urm\u0103toarele 36 de luni, ca realiz\u0103rile actualei administra\u021bii a sectorului s\u0103 fie promovate prin materiale de televiziune. Procedura de desemnare a c\u00e2\u0219tig\u0103torilor contractului a fost intern\u0103, doar cu un anun\u021b pe SEAP, dar raportul de atribuire a fost publicat pe site-ul Prim\u0103riei. C\u00e2\u0219tig\u0103toare au fost [&hellip;]<\/p>\n","protected":false},"author":18,"featured_media":46052,"comment_status":"closed","ping_status":"open","sticky":false,"template":"","format":"standard","meta":{"_acf_changed":false,"inline_featured_image":false,"ngg_post_thumbnail":0,"footnotes":""},"categories":[3419,62],"tags":[765],"ppma_author":[22579],"class_list":["post-46039","post","type-post","status-publish","format-standard","has-post-thumbnail","hentry","category-featured","category-stiri","tag-sector-4"],"acf":[],"yoast_head":"<!-- This site is optimized with the Yoast SEO Premium plugin v25.3 (Yoast SEO v27.5) - https:\/\/yoast.com\/product\/yoast-seo-premium-wordpress\/ -->\n<title>B\u0103lu\u021b\u0103 d\u0103 2 milioane de lei la RTV, Realitatea Plus \u0219i Antena 3 ca s\u0103-\u0219i promoveze realiz\u0103rile. &quot;Abordare pozitiv\u0103, ton optimist.&quot; - Buletin de Bucure\u0219ti<\/title>\n<meta name=\"robots\" content=\"index, follow, max-snippet:-1, max-image-preview:large, max-video-preview:-1\" \/>\n<link rel=\"canonical\" href=\"https:\/\/buletin.de\/bucuresti\/baluta-da-2-milioane-de-lei-la-rtv-realitatea-plus-si-antena-3-ca-sa-si-promoveze-realizarile-abordare-pozitiva-ton-optimist\/\" \/>\n<meta property=\"og:locale\" content=\"en_GB\" \/>\n<meta property=\"og:type\" content=\"article\" \/>\n<meta property=\"og:title\" content=\"B\u0103lu\u021b\u0103 d\u0103 2 milioane de lei la RTV, Realitatea Plus \u0219i Antena 3 ca s\u0103-\u0219i promoveze realiz\u0103rile. &quot;Abordare pozitiv\u0103, ton optimist.&quot;\" \/>\n<meta property=\"og:description\" content=\"Prim\u0103ria Sector 4 va pl\u0103ti 2 milioane de lei, \u00een urm\u0103toarele 36 de luni, ca realiz\u0103rile actualei administra\u021bii a sectorului s\u0103 fie promovate prin materiale de televiziune. Procedura de desemnare a c\u00e2\u0219tig\u0103torilor contractului a fost intern\u0103, doar cu un anun\u021b pe SEAP, dar raportul de atribuire a fost publicat pe site-ul Prim\u0103riei. C\u00e2\u0219tig\u0103toare au fost [&hellip;]\" \/>\n<meta property=\"og:url\" content=\"https:\/\/buletin.de\/bucuresti\/baluta-da-2-milioane-de-lei-la-rtv-realitatea-plus-si-antena-3-ca-sa-si-promoveze-realizarile-abordare-pozitiva-ton-optimist\/\" \/>\n<meta property=\"og:site_name\" content=\"Buletin de Bucure\u0219ti\" \/>\n<meta property=\"article:publisher\" content=\"https:\/\/www.facebook.com\/buletin.de.buc\" \/>\n<meta property=\"article:published_time\" content=\"2022-09-07T10:39:54+00:00\" \/>\n<meta property=\"article:modified_time\" content=\"2022-09-07T10:43:37+00:00\" \/>\n<meta property=\"og:image\" content=\"https:\/\/buletin.de\/bucuresti\/wp-content\/uploads\/baluta-la-rtv.jpg\" \/>\n\t<meta property=\"og:image:width\" content=\"1024\" \/>\n\t<meta property=\"og:image:height\" content=\"473\" \/>\n\t<meta property=\"og:image:type\" content=\"image\/jpeg\" \/>\n<meta name=\"author\" content=\"Teodora Stroe\" \/>\n<meta name=\"twitter:card\" content=\"summary_large_image\" \/>\n<meta name=\"twitter:label1\" content=\"Written by\" \/>\n\t<meta name=\"twitter:data1\" content=\"Teodora Stroe\" \/>\n\t<meta name=\"twitter:label2\" content=\"Estimated reading time\" \/>\n\t<meta name=\"twitter:data2\" content=\"4 minutes\" \/>\n<script type=\"application\/ld+json\" class=\"yoast-schema-graph\">{\"@context\":\"https:\\\/\\\/schema.org\",\"@graph\":[{\"@type\":\"Article\",\"@id\":\"https:\\\/\\\/buletin.de\\\/bucuresti\\\/baluta-da-2-milioane-de-lei-la-rtv-realitatea-plus-si-antena-3-ca-sa-si-promoveze-realizarile-abordare-pozitiva-ton-optimist\\\/#article\",\"isPartOf\":{\"@id\":\"https:\\\/\\\/buletin.de\\\/bucuresti\\\/baluta-da-2-milioane-de-lei-la-rtv-realitatea-plus-si-antena-3-ca-sa-si-promoveze-realizarile-abordare-pozitiva-ton-optimist\\\/\"},\"author\":{\"name\":\"Teodora Stroe\",\"@id\":\"https:\\\/\\\/buletin.de\\\/bucuresti\\\/#\\\/schema\\\/person\\\/d369d7ddc775abece205795e0b804614\"},\"headline\":\"B\u0103lu\u021b\u0103 d\u0103 2 milioane de lei la RTV, Realitatea Plus \u0219i Antena 3 ca s\u0103-\u0219i promoveze realiz\u0103rile. &#8220;Abordare pozitiv\u0103, ton optimist.&#8221;\",\"datePublished\":\"2022-09-07T10:39:54+00:00\",\"dateModified\":\"2022-09-07T10:43:37+00:00\",\"mainEntityOfPage\":{\"@id\":\"https:\\\/\\\/buletin.de\\\/bucuresti\\\/baluta-da-2-milioane-de-lei-la-rtv-realitatea-plus-si-antena-3-ca-sa-si-promoveze-realizarile-abordare-pozitiva-ton-optimist\\\/\"},\"wordCount\":831,\"publisher\":{\"@id\":\"https:\\\/\\\/buletin.de\\\/bucuresti\\\/#organization\"},\"image\":{\"@id\":\"https:\\\/\\\/buletin.de\\\/bucuresti\\\/baluta-da-2-milioane-de-lei-la-rtv-realitatea-plus-si-antena-3-ca-sa-si-promoveze-realizarile-abordare-pozitiva-ton-optimist\\\/#primaryimage\"},\"thumbnailUrl\":\"https:\\\/\\\/buletin.de\\\/bucuresti\\\/wp-content\\\/uploads\\\/baluta-la-rtv.jpg\",\"keywords\":[\"Sector 4\"],\"articleSection\":[\"Featured\",\"\u0218tiri\"],\"inLanguage\":\"en-GB\",\"copyrightYear\":\"2022\",\"copyrightHolder\":{\"@id\":\"https:\\\/\\\/buletin.de\\\/bucuresti\\\/#organization\"}},{\"@type\":\"WebPage\",\"@id\":\"https:\\\/\\\/buletin.de\\\/bucuresti\\\/baluta-da-2-milioane-de-lei-la-rtv-realitatea-plus-si-antena-3-ca-sa-si-promoveze-realizarile-abordare-pozitiva-ton-optimist\\\/\",\"url\":\"https:\\\/\\\/buletin.de\\\/bucuresti\\\/baluta-da-2-milioane-de-lei-la-rtv-realitatea-plus-si-antena-3-ca-sa-si-promoveze-realizarile-abordare-pozitiva-ton-optimist\\\/\",\"name\":\"B\u0103lu\u021b\u0103 d\u0103 2 milioane de lei la RTV, Realitatea Plus \u0219i Antena 3 ca s\u0103-\u0219i promoveze realiz\u0103rile. \\\"Abordare pozitiv\u0103, ton optimist.\\\" - Buletin de Bucure\u0219ti\",\"isPartOf\":{\"@id\":\"https:\\\/\\\/buletin.de\\\/bucuresti\\\/#website\"},\"primaryImageOfPage\":{\"@id\":\"https:\\\/\\\/buletin.de\\\/bucuresti\\\/baluta-da-2-milioane-de-lei-la-rtv-realitatea-plus-si-antena-3-ca-sa-si-promoveze-realizarile-abordare-pozitiva-ton-optimist\\\/#primaryimage\"},\"image\":{\"@id\":\"https:\\\/\\\/buletin.de\\\/bucuresti\\\/baluta-da-2-milioane-de-lei-la-rtv-realitatea-plus-si-antena-3-ca-sa-si-promoveze-realizarile-abordare-pozitiva-ton-optimist\\\/#primaryimage\"},\"thumbnailUrl\":\"https:\\\/\\\/buletin.de\\\/bucuresti\\\/wp-content\\\/uploads\\\/baluta-la-rtv.jpg\",\"datePublished\":\"2022-09-07T10:39:54+00:00\",\"dateModified\":\"2022-09-07T10:43:37+00:00\",\"breadcrumb\":{\"@id\":\"https:\\\/\\\/buletin.de\\\/bucuresti\\\/baluta-da-2-milioane-de-lei-la-rtv-realitatea-plus-si-antena-3-ca-sa-si-promoveze-realizarile-abordare-pozitiva-ton-optimist\\\/#breadcrumb\"},\"inLanguage\":\"en-GB\",\"potentialAction\":[{\"@type\":\"ReadAction\",\"target\":[\"https:\\\/\\\/buletin.de\\\/bucuresti\\\/baluta-da-2-milioane-de-lei-la-rtv-realitatea-plus-si-antena-3-ca-sa-si-promoveze-realizarile-abordare-pozitiva-ton-optimist\\\/\"]}]},{\"@type\":\"ImageObject\",\"inLanguage\":\"en-GB\",\"@id\":\"https:\\\/\\\/buletin.de\\\/bucuresti\\\/baluta-da-2-milioane-de-lei-la-rtv-realitatea-plus-si-antena-3-ca-sa-si-promoveze-realizarile-abordare-pozitiva-ton-optimist\\\/#primaryimage\",\"url\":\"https:\\\/\\\/buletin.de\\\/bucuresti\\\/wp-content\\\/uploads\\\/baluta-la-rtv.jpg\",\"contentUrl\":\"https:\\\/\\\/buletin.de\\\/bucuresti\\\/wp-content\\\/uploads\\\/baluta-la-rtv.jpg\",\"width\":1024,\"height\":473},{\"@type\":\"BreadcrumbList\",\"@id\":\"https:\\\/\\\/buletin.de\\\/bucuresti\\\/baluta-da-2-milioane-de-lei-la-rtv-realitatea-plus-si-antena-3-ca-sa-si-promoveze-realizarile-abordare-pozitiva-ton-optimist\\\/#breadcrumb\",\"itemListElement\":[{\"@type\":\"ListItem\",\"position\":1,\"name\":\"Acas\u0103\",\"item\":\"https:\\\/\\\/buletin.de\\\/bucuresti\\\/\"},{\"@type\":\"ListItem\",\"position\":2,\"name\":\"B\u0103lu\u021b\u0103 d\u0103 2 milioane de lei la RTV, Realitatea Plus \u0219i Antena 3 ca s\u0103-\u0219i promoveze realiz\u0103rile. &#8220;Abordare pozitiv\u0103, ton optimist.&#8221;\"}]},{\"@type\":\"WebSite\",\"@id\":\"https:\\\/\\\/buletin.de\\\/bucuresti\\\/#website\",\"url\":\"https:\\\/\\\/buletin.de\\\/bucuresti\\\/\",\"name\":\"Buletin de Bucure\u0219ti\",\"description\":\"\u0218tiri \u0219i investiga\u021bii esen\u021biale din capital\u0103\",\"publisher\":{\"@id\":\"https:\\\/\\\/buletin.de\\\/bucuresti\\\/#organization\"},\"potentialAction\":[{\"@type\":\"SearchAction\",\"target\":{\"@type\":\"EntryPoint\",\"urlTemplate\":\"https:\\\/\\\/buletin.de\\\/bucuresti\\\/?s={search_term_string}\"},\"query-input\":{\"@type\":\"PropertyValueSpecification\",\"valueRequired\":true,\"valueName\":\"search_term_string\"}}],\"inLanguage\":\"en-GB\"},{\"@type\":\"Organization\",\"@id\":\"https:\\\/\\\/buletin.de\\\/bucuresti\\\/#organization\",\"name\":\"Buletin de Bucure\u0219ti\",\"url\":\"https:\\\/\\\/buletin.de\\\/bucuresti\\\/\",\"logo\":{\"@type\":\"ImageObject\",\"inLanguage\":\"en-GB\",\"@id\":\"https:\\\/\\\/buletin.de\\\/bucuresti\\\/#\\\/schema\\\/logo\\\/image\\\/\",\"url\":\"https:\\\/\\\/buletin.de\\\/bucuresti\\\/wp-content\\\/uploads\\\/logo-bdb-full-wide-vernil-transparent.png\",\"contentUrl\":\"https:\\\/\\\/buletin.de\\\/bucuresti\\\/wp-content\\\/uploads\\\/logo-bdb-full-wide-vernil-transparent.png\",\"width\":1782,\"height\":626,\"caption\":\"Buletin de Bucure\u0219ti\"},\"image\":{\"@id\":\"https:\\\/\\\/buletin.de\\\/bucuresti\\\/#\\\/schema\\\/logo\\\/image\\\/\"},\"sameAs\":[\"https:\\\/\\\/www.facebook.com\\\/buletin.de.buc\",\"https:\\\/\\\/www.instagram.com\\\/buletinde.bucuresti\\\/\"]},{\"@type\":\"Person\",\"@id\":\"https:\\\/\\\/buletin.de\\\/bucuresti\\\/#\\\/schema\\\/person\\\/d369d7ddc775abece205795e0b804614\",\"name\":\"Teodora Stroe\",\"image\":{\"@type\":\"ImageObject\",\"inLanguage\":\"en-GB\",\"@id\":\"https:\\\/\\\/secure.gravatar.com\\\/avatar\\\/2560b4cd9f5f1bc100b123158e657d75584bd1c3e1d9c69285720b9457c1b78d?s=96&d=monsterid&r=gc104800242ba5f2d78dd5d7dc4df08b6\",\"url\":\"https:\\\/\\\/secure.gravatar.com\\\/avatar\\\/2560b4cd9f5f1bc100b123158e657d75584bd1c3e1d9c69285720b9457c1b78d?s=96&d=monsterid&r=g\",\"contentUrl\":\"https:\\\/\\\/secure.gravatar.com\\\/avatar\\\/2560b4cd9f5f1bc100b123158e657d75584bd1c3e1d9c69285720b9457c1b78d?s=96&d=monsterid&r=g\",\"caption\":\"Teodora Stroe\"},\"url\":\"https:\\\/\\\/buletin.de\\\/bucuresti\\\/author\\\/simonacarlugea\\\/\"}]}<\/script>\n<!-- \/ Yoast SEO Premium plugin. -->","yoast_head_json":{"title":"B\u0103lu\u021b\u0103 d\u0103 2 milioane de lei la RTV, Realitatea Plus \u0219i Antena 3 ca s\u0103-\u0219i promoveze realiz\u0103rile. \"Abordare pozitiv\u0103, ton optimist.\" - Buletin de Bucure\u0219ti","robots":{"index":"index","follow":"follow","max-snippet":"max-snippet:-1","max-image-preview":"max-image-preview:large","max-video-preview":"max-video-preview:-1"},"canonical":"https:\/\/buletin.de\/bucuresti\/baluta-da-2-milioane-de-lei-la-rtv-realitatea-plus-si-antena-3-ca-sa-si-promoveze-realizarile-abordare-pozitiva-ton-optimist\/","og_locale":"en_GB","og_type":"article","og_title":"B\u0103lu\u021b\u0103 d\u0103 2 milioane de lei la RTV, Realitatea Plus \u0219i Antena 3 ca s\u0103-\u0219i promoveze realiz\u0103rile. \"Abordare pozitiv\u0103, ton optimist.\"","og_description":"Prim\u0103ria Sector 4 va pl\u0103ti 2 milioane de lei, \u00een urm\u0103toarele 36 de luni, ca realiz\u0103rile actualei administra\u021bii a sectorului s\u0103 fie promovate prin materiale de televiziune. Procedura de desemnare a c\u00e2\u0219tig\u0103torilor contractului a fost intern\u0103, doar cu un anun\u021b pe SEAP, dar raportul de atribuire a fost publicat pe site-ul Prim\u0103riei. C\u00e2\u0219tig\u0103toare au fost [&hellip;]","og_url":"https:\/\/buletin.de\/bucuresti\/baluta-da-2-milioane-de-lei-la-rtv-realitatea-plus-si-antena-3-ca-sa-si-promoveze-realizarile-abordare-pozitiva-ton-optimist\/","og_site_name":"Buletin de Bucure\u0219ti","article_publisher":"https:\/\/www.facebook.com\/buletin.de.buc","article_published_time":"2022-09-07T10:39:54+00:00","article_modified_time":"2022-09-07T10:43:37+00:00","og_image":[{"width":1024,"height":473,"url":"https:\/\/buletin.de\/bucuresti\/wp-content\/uploads\/baluta-la-rtv.jpg","type":"image\/jpeg"}],"author":"Teodora Stroe","twitter_card":"summary_large_image","twitter_misc":{"Written by":"Teodora Stroe","Estimated reading time":"4 minutes"},"schema":{"@context":"https:\/\/schema.org","@graph":[{"@type":"Article","@id":"https:\/\/buletin.de\/bucuresti\/baluta-da-2-milioane-de-lei-la-rtv-realitatea-plus-si-antena-3-ca-sa-si-promoveze-realizarile-abordare-pozitiva-ton-optimist\/#article","isPartOf":{"@id":"https:\/\/buletin.de\/bucuresti\/baluta-da-2-milioane-de-lei-la-rtv-realitatea-plus-si-antena-3-ca-sa-si-promoveze-realizarile-abordare-pozitiva-ton-optimist\/"},"author":{"name":"Teodora Stroe","@id":"https:\/\/buletin.de\/bucuresti\/#\/schema\/person\/d369d7ddc775abece205795e0b804614"},"headline":"B\u0103lu\u021b\u0103 d\u0103 2 milioane de lei la RTV, Realitatea Plus \u0219i Antena 3 ca s\u0103-\u0219i promoveze realiz\u0103rile. &#8220;Abordare pozitiv\u0103, ton optimist.&#8221;","datePublished":"2022-09-07T10:39:54+00:00","dateModified":"2022-09-07T10:43:37+00:00","mainEntityOfPage":{"@id":"https:\/\/buletin.de\/bucuresti\/baluta-da-2-milioane-de-lei-la-rtv-realitatea-plus-si-antena-3-ca-sa-si-promoveze-realizarile-abordare-pozitiva-ton-optimist\/"},"wordCount":831,"publisher":{"@id":"https:\/\/buletin.de\/bucuresti\/#organization"},"image":{"@id":"https:\/\/buletin.de\/bucuresti\/baluta-da-2-milioane-de-lei-la-rtv-realitatea-plus-si-antena-3-ca-sa-si-promoveze-realizarile-abordare-pozitiva-ton-optimist\/#primaryimage"},"thumbnailUrl":"https:\/\/buletin.de\/bucuresti\/wp-content\/uploads\/baluta-la-rtv.jpg","keywords":["Sector 4"],"articleSection":["Featured","\u0218tiri"],"inLanguage":"en-GB","copyrightYear":"2022","copyrightHolder":{"@id":"https:\/\/buletin.de\/bucuresti\/#organization"}},{"@type":"WebPage","@id":"https:\/\/buletin.de\/bucuresti\/baluta-da-2-milioane-de-lei-la-rtv-realitatea-plus-si-antena-3-ca-sa-si-promoveze-realizarile-abordare-pozitiva-ton-optimist\/","url":"https:\/\/buletin.de\/bucuresti\/baluta-da-2-milioane-de-lei-la-rtv-realitatea-plus-si-antena-3-ca-sa-si-promoveze-realizarile-abordare-pozitiva-ton-optimist\/","name":"B\u0103lu\u021b\u0103 d\u0103 2 milioane de lei la RTV, Realitatea Plus \u0219i Antena 3 ca s\u0103-\u0219i promoveze realiz\u0103rile. \"Abordare pozitiv\u0103, ton optimist.\" - Buletin de Bucure\u0219ti","isPartOf":{"@id":"https:\/\/buletin.de\/bucuresti\/#website"},"primaryImageOfPage":{"@id":"https:\/\/buletin.de\/bucuresti\/baluta-da-2-milioane-de-lei-la-rtv-realitatea-plus-si-antena-3-ca-sa-si-promoveze-realizarile-abordare-pozitiva-ton-optimist\/#primaryimage"},"image":{"@id":"https:\/\/buletin.de\/bucuresti\/baluta-da-2-milioane-de-lei-la-rtv-realitatea-plus-si-antena-3-ca-sa-si-promoveze-realizarile-abordare-pozitiva-ton-optimist\/#primaryimage"},"thumbnailUrl":"https:\/\/buletin.de\/bucuresti\/wp-content\/uploads\/baluta-la-rtv.jpg","datePublished":"2022-09-07T10:39:54+00:00","dateModified":"2022-09-07T10:43:37+00:00","breadcrumb":{"@id":"https:\/\/buletin.de\/bucuresti\/baluta-da-2-milioane-de-lei-la-rtv-realitatea-plus-si-antena-3-ca-sa-si-promoveze-realizarile-abordare-pozitiva-ton-optimist\/#breadcrumb"},"inLanguage":"en-GB","potentialAction":[{"@type":"ReadAction","target":["https:\/\/buletin.de\/bucuresti\/baluta-da-2-milioane-de-lei-la-rtv-realitatea-plus-si-antena-3-ca-sa-si-promoveze-realizarile-abordare-pozitiva-ton-optimist\/"]}]},{"@type":"ImageObject","inLanguage":"en-GB","@id":"https:\/\/buletin.de\/bucuresti\/baluta-da-2-milioane-de-lei-la-rtv-realitatea-plus-si-antena-3-ca-sa-si-promoveze-realizarile-abordare-pozitiva-ton-optimist\/#primaryimage","url":"https:\/\/buletin.de\/bucuresti\/wp-content\/uploads\/baluta-la-rtv.jpg","contentUrl":"https:\/\/buletin.de\/bucuresti\/wp-content\/uploads\/baluta-la-rtv.jpg","width":1024,"height":473},{"@type":"BreadcrumbList","@id":"https:\/\/buletin.de\/bucuresti\/baluta-da-2-milioane-de-lei-la-rtv-realitatea-plus-si-antena-3-ca-sa-si-promoveze-realizarile-abordare-pozitiva-ton-optimist\/#breadcrumb","itemListElement":[{"@type":"ListItem","position":1,"name":"Acas\u0103","item":"https:\/\/buletin.de\/bucuresti\/"},{"@type":"ListItem","position":2,"name":"B\u0103lu\u021b\u0103 d\u0103 2 milioane de lei la RTV, Realitatea Plus \u0219i Antena 3 ca s\u0103-\u0219i promoveze realiz\u0103rile. &#8220;Abordare pozitiv\u0103, ton optimist.&#8221;"}]},{"@type":"WebSite","@id":"https:\/\/buletin.de\/bucuresti\/#website","url":"https:\/\/buletin.de\/bucuresti\/","name":"Buletin de Bucure\u0219ti","description":"\u0218tiri \u0219i investiga\u021bii esen\u021biale din capital\u0103","publisher":{"@id":"https:\/\/buletin.de\/bucuresti\/#organization"},"potentialAction":[{"@type":"SearchAction","target":{"@type":"EntryPoint","urlTemplate":"https:\/\/buletin.de\/bucuresti\/?s={search_term_string}"},"query-input":{"@type":"PropertyValueSpecification","valueRequired":true,"valueName":"search_term_string"}}],"inLanguage":"en-GB"},{"@type":"Organization","@id":"https:\/\/buletin.de\/bucuresti\/#organization","name":"Buletin de Bucure\u0219ti","url":"https:\/\/buletin.de\/bucuresti\/","logo":{"@type":"ImageObject","inLanguage":"en-GB","@id":"https:\/\/buletin.de\/bucuresti\/#\/schema\/logo\/image\/","url":"https:\/\/buletin.de\/bucuresti\/wp-content\/uploads\/logo-bdb-full-wide-vernil-transparent.png","contentUrl":"https:\/\/buletin.de\/bucuresti\/wp-content\/uploads\/logo-bdb-full-wide-vernil-transparent.png","width":1782,"height":626,"caption":"Buletin de Bucure\u0219ti"},"image":{"@id":"https:\/\/buletin.de\/bucuresti\/#\/schema\/logo\/image\/"},"sameAs":["https:\/\/www.facebook.com\/buletin.de.buc","https:\/\/www.instagram.com\/buletinde.bucuresti\/"]},{"@type":"Person","@id":"https:\/\/buletin.de\/bucuresti\/#\/schema\/person\/d369d7ddc775abece205795e0b804614","name":"Teodora Stroe","image":{"@type":"ImageObject","inLanguage":"en-GB","@id":"https:\/\/secure.gravatar.com\/avatar\/2560b4cd9f5f1bc100b123158e657d75584bd1c3e1d9c69285720b9457c1b78d?s=96&d=monsterid&r=gc104800242ba5f2d78dd5d7dc4df08b6","url":"https:\/\/secure.gravatar.com\/avatar\/2560b4cd9f5f1bc100b123158e657d75584bd1c3e1d9c69285720b9457c1b78d?s=96&d=monsterid&r=g","contentUrl":"https:\/\/secure.gravatar.com\/avatar\/2560b4cd9f5f1bc100b123158e657d75584bd1c3e1d9c69285720b9457c1b78d?s=96&d=monsterid&r=g","caption":"Teodora Stroe"},"url":"https:\/\/buletin.de\/bucuresti\/author\/simonacarlugea\/"}]}},"authors":[{"term_id":22579,"user_id":18,"is_guest":0,"slug":"simonacarlugea","display_name":"Teodora Stroe","avatar_url":"https:\/\/secure.gravatar.com\/avatar\/2560b4cd9f5f1bc100b123158e657d75584bd1c3e1d9c69285720b9457c1b78d?s=96&d=monsterid&r=g","0":null,"1":"","2":"","3":"","4":"","5":"","6":"","7":"","8":""}],"_links":{"self":[{"href":"https:\/\/buletin.de\/bucuresti\/wp-json\/wp\/v2\/posts\/46039","targetHints":{"allow":["GET"]}}],"collection":[{"href":"https:\/\/buletin.de\/bucuresti\/wp-json\/wp\/v2\/posts"}],"about":[{"href":"https:\/\/buletin.de\/bucuresti\/wp-json\/wp\/v2\/types\/post"}],"author":[{"embeddable":true,"href":"https:\/\/buletin.de\/bucuresti\/wp-json\/wp\/v2\/users\/18"}],"replies":[{"embeddable":true,"href":"https:\/\/buletin.de\/bucuresti\/wp-json\/wp\/v2\/comments?post=46039"}],"version-history":[{"count":11,"href":"https:\/\/buletin.de\/bucuresti\/wp-json\/wp\/v2\/posts\/46039\/revisions"}],"predecessor-version":[{"id":46056,"href":"https:\/\/buletin.de\/bucuresti\/wp-json\/wp\/v2\/posts\/46039\/revisions\/46056"}],"wp:featuredmedia":[{"embeddable":true,"href":"https:\/\/buletin.de\/bucuresti\/wp-json\/wp\/v2\/media\/46052"}],"wp:attachment":[{"href":"https:\/\/buletin.de\/bucuresti\/wp-json\/wp\/v2\/media?parent=46039"}],"wp:term":[{"taxonomy":"category","embeddable":true,"href":"https:\/\/buletin.de\/bucuresti\/wp-json\/wp\/v2\/categories?post=46039"},{"taxonomy":"post_tag","embeddable":true,"href":"https:\/\/buletin.de\/bucuresti\/wp-json\/wp\/v2\/tags?post=46039"},{"taxonomy":"author","embeddable":true,"href":"https:\/\/buletin.de\/bucuresti\/wp-json\/wp\/v2\/ppma_author?post=46039"}],"curies":[{"name":"wp","href":"https:\/\/api.w.org\/{rel}","templated":true}]}}