{"id":45772,"date":"2022-08-30T10:45:24","date_gmt":"2022-08-30T08:45:24","guid":{"rendered":"https:\/\/buletin.de\/bucuresti\/?p=45772"},"modified":"2023-09-19T14:43:36","modified_gmt":"2023-09-19T12:43:36","slug":"primarul-radu-mihaiu-a-amendat-termoenergetica-pentru-ca-nu-a-asfaltat-strazile-unde-a-intervenit","status":"publish","type":"post","link":"https:\/\/buletin.de\/bucuresti\/primarul-radu-mihaiu-a-amendat-termoenergetica-pentru-ca-nu-a-asfaltat-strazile-unde-a-intervenit\/","title":{"rendered":"Primarul Radu Mihaiu a amendat Termoenergetica pentru c\u0103 nu a asfaltat str\u0103zile unde a intervenit"},"content":{"rendered":"\n<p>Primarul Sectorului 2, Radu Mihaiu, a amendat de trei ori Termoenergetica pentru c\u0103 nu a terminat lucr\u0103rile unde a intervenit. Fiecare amend\u0103 cost\u0103 2.500 lei, potrivit anun\u021bului f\u0103cut pe pagina de Facebook a edilului. <\/p>\n\n\n\n<p>Este vorba despre str\u0103zile Lacul Tei nr. 63, Her\u021ba nr. 18 \u0219i Teiul Doamnei 1. De asemenea, Mihaiu spune c\u0103 mai exist\u0103 alte lucr\u0103ri pentru care i-au somat \u0219i c\u0103 vor continua s\u0103 le dea amenzi p\u00e2n\u0103 vor asfalta str\u0103zile unde au lucrat.<\/p>\n\n\n\n<figure class=\"wp-block-image size-large is-resized\"><img fetchpriority=\"high\" decoding=\"async\" src=\"data:image\/gif;base64,R0lGODlhAQABAAAAACH5BAEKAAEALAAAAAABAAEAAAICTAEAOw==\" data-src=\"https:\/\/buletin.de\/bucuresti\/wp-content\/uploads\/302367847_542413897685230_4302919980443037542_n-675x900.jpg\" alt=\"\" class=\"wp-image-45773 lazyload\" width=\"484\" height=\"645\" data-sizes=\"auto\" data-srcset=\"https:\/\/buletin.de\/bucuresti\/wp-content\/uploads\/302367847_542413897685230_4302919980443037542_n-675x900.jpg 675w, https:\/\/buletin.de\/bucuresti\/wp-content\/uploads\/302367847_542413897685230_4302919980443037542_n-225x300.jpg 225w, https:\/\/buletin.de\/bucuresti\/wp-content\/uploads\/302367847_542413897685230_4302919980443037542_n-768x1024.jpg 768w, https:\/\/buletin.de\/bucuresti\/wp-content\/uploads\/302367847_542413897685230_4302919980443037542_n-1060x1413.jpg 1060w, https:\/\/buletin.de\/bucuresti\/wp-content\/uploads\/302367847_542413897685230_4302919980443037542_n-550x733.jpg 550w, https:\/\/buletin.de\/bucuresti\/wp-content\/uploads\/302367847_542413897685230_4302919980443037542_n-375x500.jpg 375w, https:\/\/buletin.de\/bucuresti\/wp-content\/uploads\/302367847_542413897685230_4302919980443037542_n-810x1080.jpg 810w, https:\/\/buletin.de\/bucuresti\/wp-content\/uploads\/302367847_542413897685230_4302919980443037542_n-600x800.jpg 600w, https:\/\/buletin.de\/bucuresti\/wp-content\/uploads\/302367847_542413897685230_4302919980443037542_n.jpg 1080w\" sizes=\"(max-width: 484px) 100vw, 484px\" \/><figcaption>Surs\u0103 foto: Facebook Radu Mihaiu<\/figcaption><\/figure>\n\n\n\n<figure class=\"wp-block-image size-full\"><img decoding=\"async\" width=\"481\" height=\"692\" src=\"data:image\/gif;base64,R0lGODlhAQABAAAAACH5BAEKAAEALAAAAAABAAEAAAICTAEAOw==\" data-src=\"https:\/\/buletin.de\/bucuresti\/wp-content\/uploads\/302663315_542413854351901_3773952160896757133_n.jpg\" alt=\"\" class=\"wp-image-45774 lazyload\" data-sizes=\"auto\" data-srcset=\"https:\/\/buletin.de\/bucuresti\/wp-content\/uploads\/302663315_542413854351901_3773952160896757133_n.jpg 481w, https:\/\/buletin.de\/bucuresti\/wp-content\/uploads\/302663315_542413854351901_3773952160896757133_n-209x300.jpg 209w, https:\/\/buletin.de\/bucuresti\/wp-content\/uploads\/302663315_542413854351901_3773952160896757133_n-348x500.jpg 348w\" sizes=\"(max-width: 481px) 100vw, 481px\" \/><figcaption>Surs\u0103 foto: Facebook Radu Mihaiu<\/figcaption><\/figure>\n\n\n\n<p>\u201eE clar c\u0103 sistemul de termoficare are nevoie de multe repara\u021bii. Avem toat\u0103 \u00een\u021belegerea \u0219i acord\u0103m tot suportul pentru asta. \u00cens\u0103 lucrurile trebuie duse la bun-sf\u00e2r\u0219it, nu l\u0103sate de izbeli\u0219te. Nu se poate ca trotuarele\/str\u0103zile s\u0103 arate ca dup\u0103 bombardament\u201d, a ad\u0103ugat Radu Mihaiu.<\/p>\n\n\n\n<p>Edilul a \u00eencheiat prin a spune c\u0103 acela\u0219i tratament va fi aplicat \u00een cazul oric\u0103rui operator care nu duce lucr\u0103rile la bun sf\u00e2r\u0219it. <\/p>\n\n\n\n<p>Surs\u0103 foto cover: Facebook Radu Mihaiu<\/p>\n","protected":false},"excerpt":{"rendered":"<p>Primarul Sectorului 2, Radu Mihaiu, a amendat de trei ori Termoenergetica pentru c\u0103 nu a terminat lucr\u0103rile unde a intervenit. Fiecare amend\u0103 cost\u0103 2.500 lei, potrivit anun\u021bului f\u0103cut pe pagina de Facebook a edilului. Este vorba despre str\u0103zile Lacul Tei nr. 63, Her\u021ba nr. 18 \u0219i Teiul Doamnei 1. De asemenea, Mihaiu spune c\u0103 mai [&hellip;]<\/p>\n","protected":false},"author":42,"featured_media":45775,"comment_status":"closed","ping_status":"open","sticky":false,"template":"","format":"standard","meta":{"_acf_changed":false,"inline_featured_image":false,"ngg_post_thumbnail":0,"footnotes":""},"categories":[62,6214],"tags":[154,9,1919,229,533],"ppma_author":[22603],"class_list":["post-45772","post","type-post","status-publish","format-standard","has-post-thumbnail","hentry","category-stiri","category-termo","tag-amenzi","tag-bucuresti","tag-radu-mihaiu","tag-sector-2","tag-termoenergetica"],"acf":[],"yoast_head":"<!-- This site is optimized with the Yoast SEO Premium plugin v25.3 (Yoast SEO v27.4) - https:\/\/yoast.com\/product\/yoast-seo-premium-wordpress\/ -->\n<title>Primarul Radu Mihaiu a amendat Termoenergetica pentru c\u0103 nu a asfaltat str\u0103zile unde a intervenit - Buletin de Bucure\u0219ti<\/title>\n<meta name=\"robots\" content=\"index, follow, max-snippet:-1, max-image-preview:large, max-video-preview:-1\" \/>\n<link rel=\"canonical\" href=\"https:\/\/buletin.de\/bucuresti\/primarul-radu-mihaiu-a-amendat-termoenergetica-pentru-ca-nu-a-asfaltat-strazile-unde-a-intervenit\/\" \/>\n<meta property=\"og:locale\" content=\"en_GB\" \/>\n<meta property=\"og:type\" content=\"article\" \/>\n<meta property=\"og:title\" content=\"Primarul Radu Mihaiu a amendat Termoenergetica pentru c\u0103 nu a asfaltat str\u0103zile unde a intervenit\" \/>\n<meta property=\"og:description\" content=\"Primarul Sectorului 2, Radu Mihaiu, a amendat de trei ori Termoenergetica pentru c\u0103 nu a terminat lucr\u0103rile unde a intervenit. Fiecare amend\u0103 cost\u0103 2.500 lei, potrivit anun\u021bului f\u0103cut pe pagina de Facebook a edilului. Este vorba despre str\u0103zile Lacul Tei nr. 63, Her\u021ba nr. 18 \u0219i Teiul Doamnei 1. De asemenea, Mihaiu spune c\u0103 mai [&hellip;]\" \/>\n<meta property=\"og:url\" content=\"https:\/\/buletin.de\/bucuresti\/primarul-radu-mihaiu-a-amendat-termoenergetica-pentru-ca-nu-a-asfaltat-strazile-unde-a-intervenit\/\" \/>\n<meta property=\"og:site_name\" content=\"Buletin de Bucure\u0219ti\" \/>\n<meta property=\"article:publisher\" content=\"https:\/\/www.facebook.com\/buletin.de.buc\" \/>\n<meta property=\"article:published_time\" content=\"2022-08-30T08:45:24+00:00\" \/>\n<meta property=\"article:modified_time\" content=\"2023-09-19T12:43:36+00:00\" \/>\n<meta property=\"og:image\" content=\"https:\/\/buletin.de\/bucuresti\/wp-content\/uploads\/302036109_542413894351897_2565758782932695799_n.jpg\" \/>\n\t<meta property=\"og:image:width\" content=\"1080\" \/>\n\t<meta property=\"og:image:height\" content=\"1440\" \/>\n\t<meta property=\"og:image:type\" content=\"image\/jpeg\" \/>\n<meta name=\"author\" content=\"Andra Mure\u0219an\" \/>\n<meta name=\"twitter:card\" content=\"summary_large_image\" \/>\n<meta name=\"twitter:label1\" content=\"Written by\" \/>\n\t<meta name=\"twitter:data1\" content=\"Andra Mure\u0219an\" \/>\n\t<meta name=\"twitter:label2\" content=\"Estimated reading time\" \/>\n\t<meta name=\"twitter:data2\" content=\"2 minutes\" \/>\n<script type=\"application\/ld+json\" class=\"yoast-schema-graph\">{\"@context\":\"https:\\\/\\\/schema.org\",\"@graph\":[{\"@type\":\"Article\",\"@id\":\"https:\\\/\\\/buletin.de\\\/bucuresti\\\/primarul-radu-mihaiu-a-amendat-termoenergetica-pentru-ca-nu-a-asfaltat-strazile-unde-a-intervenit\\\/#article\",\"isPartOf\":{\"@id\":\"https:\\\/\\\/buletin.de\\\/bucuresti\\\/primarul-radu-mihaiu-a-amendat-termoenergetica-pentru-ca-nu-a-asfaltat-strazile-unde-a-intervenit\\\/\"},\"author\":{\"name\":\"Andra Mure\u0219an\",\"@id\":\"https:\\\/\\\/buletin.de\\\/bucuresti\\\/#\\\/schema\\\/person\\\/2305426a193cfbaadc0b30023ee5d01c\"},\"headline\":\"Primarul Radu Mihaiu a amendat Termoenergetica pentru c\u0103 nu a asfaltat str\u0103zile unde a intervenit\",\"datePublished\":\"2022-08-30T08:45:24+00:00\",\"dateModified\":\"2023-09-19T12:43:36+00:00\",\"mainEntityOfPage\":{\"@id\":\"https:\\\/\\\/buletin.de\\\/bucuresti\\\/primarul-radu-mihaiu-a-amendat-termoenergetica-pentru-ca-nu-a-asfaltat-strazile-unde-a-intervenit\\\/\"},\"wordCount\":194,\"publisher\":{\"@id\":\"https:\\\/\\\/buletin.de\\\/bucuresti\\\/#organization\"},\"image\":{\"@id\":\"https:\\\/\\\/buletin.de\\\/bucuresti\\\/primarul-radu-mihaiu-a-amendat-termoenergetica-pentru-ca-nu-a-asfaltat-strazile-unde-a-intervenit\\\/#primaryimage\"},\"thumbnailUrl\":\"https:\\\/\\\/buletin.de\\\/bucuresti\\\/wp-content\\\/uploads\\\/302036109_542413894351897_2565758782932695799_n.jpg\",\"keywords\":[\"amenzi\",\"bucuresti\",\"Radu Mihaiu\",\"Sector 2\",\"termoenergetica\"],\"articleSection\":[\"\u0218tiri\",\"Termoficare\"],\"inLanguage\":\"en-GB\",\"copyrightYear\":\"2022\",\"copyrightHolder\":{\"@id\":\"https:\\\/\\\/buletin.de\\\/bucuresti\\\/#organization\"}},{\"@type\":\"WebPage\",\"@id\":\"https:\\\/\\\/buletin.de\\\/bucuresti\\\/primarul-radu-mihaiu-a-amendat-termoenergetica-pentru-ca-nu-a-asfaltat-strazile-unde-a-intervenit\\\/\",\"url\":\"https:\\\/\\\/buletin.de\\\/bucuresti\\\/primarul-radu-mihaiu-a-amendat-termoenergetica-pentru-ca-nu-a-asfaltat-strazile-unde-a-intervenit\\\/\",\"name\":\"Primarul Radu Mihaiu a amendat Termoenergetica pentru c\u0103 nu a asfaltat str\u0103zile unde a intervenit - Buletin de Bucure\u0219ti\",\"isPartOf\":{\"@id\":\"https:\\\/\\\/buletin.de\\\/bucuresti\\\/#website\"},\"primaryImageOfPage\":{\"@id\":\"https:\\\/\\\/buletin.de\\\/bucuresti\\\/primarul-radu-mihaiu-a-amendat-termoenergetica-pentru-ca-nu-a-asfaltat-strazile-unde-a-intervenit\\\/#primaryimage\"},\"image\":{\"@id\":\"https:\\\/\\\/buletin.de\\\/bucuresti\\\/primarul-radu-mihaiu-a-amendat-termoenergetica-pentru-ca-nu-a-asfaltat-strazile-unde-a-intervenit\\\/#primaryimage\"},\"thumbnailUrl\":\"https:\\\/\\\/buletin.de\\\/bucuresti\\\/wp-content\\\/uploads\\\/302036109_542413894351897_2565758782932695799_n.jpg\",\"datePublished\":\"2022-08-30T08:45:24+00:00\",\"dateModified\":\"2023-09-19T12:43:36+00:00\",\"breadcrumb\":{\"@id\":\"https:\\\/\\\/buletin.de\\\/bucuresti\\\/primarul-radu-mihaiu-a-amendat-termoenergetica-pentru-ca-nu-a-asfaltat-strazile-unde-a-intervenit\\\/#breadcrumb\"},\"inLanguage\":\"en-GB\",\"potentialAction\":[{\"@type\":\"ReadAction\",\"target\":[\"https:\\\/\\\/buletin.de\\\/bucuresti\\\/primarul-radu-mihaiu-a-amendat-termoenergetica-pentru-ca-nu-a-asfaltat-strazile-unde-a-intervenit\\\/\"]}]},{\"@type\":\"ImageObject\",\"inLanguage\":\"en-GB\",\"@id\":\"https:\\\/\\\/buletin.de\\\/bucuresti\\\/primarul-radu-mihaiu-a-amendat-termoenergetica-pentru-ca-nu-a-asfaltat-strazile-unde-a-intervenit\\\/#primaryimage\",\"url\":\"https:\\\/\\\/buletin.de\\\/bucuresti\\\/wp-content\\\/uploads\\\/302036109_542413894351897_2565758782932695799_n.jpg\",\"contentUrl\":\"https:\\\/\\\/buletin.de\\\/bucuresti\\\/wp-content\\\/uploads\\\/302036109_542413894351897_2565758782932695799_n.jpg\",\"width\":1080,\"height\":1440},{\"@type\":\"BreadcrumbList\",\"@id\":\"https:\\\/\\\/buletin.de\\\/bucuresti\\\/primarul-radu-mihaiu-a-amendat-termoenergetica-pentru-ca-nu-a-asfaltat-strazile-unde-a-intervenit\\\/#breadcrumb\",\"itemListElement\":[{\"@type\":\"ListItem\",\"position\":1,\"name\":\"Acas\u0103\",\"item\":\"https:\\\/\\\/buletin.de\\\/bucuresti\\\/\"},{\"@type\":\"ListItem\",\"position\":2,\"name\":\"Primarul Radu Mihaiu a amendat Termoenergetica pentru c\u0103 nu a asfaltat str\u0103zile unde a intervenit\"}]},{\"@type\":\"WebSite\",\"@id\":\"https:\\\/\\\/buletin.de\\\/bucuresti\\\/#website\",\"url\":\"https:\\\/\\\/buletin.de\\\/bucuresti\\\/\",\"name\":\"Buletin de Bucure\u0219ti\",\"description\":\"\u0218tiri \u0219i investiga\u021bii esen\u021biale din capital\u0103\",\"publisher\":{\"@id\":\"https:\\\/\\\/buletin.de\\\/bucuresti\\\/#organization\"},\"potentialAction\":[{\"@type\":\"SearchAction\",\"target\":{\"@type\":\"EntryPoint\",\"urlTemplate\":\"https:\\\/\\\/buletin.de\\\/bucuresti\\\/?s={search_term_string}\"},\"query-input\":{\"@type\":\"PropertyValueSpecification\",\"valueRequired\":true,\"valueName\":\"search_term_string\"}}],\"inLanguage\":\"en-GB\"},{\"@type\":\"Organization\",\"@id\":\"https:\\\/\\\/buletin.de\\\/bucuresti\\\/#organization\",\"name\":\"Buletin de Bucure\u0219ti\",\"url\":\"https:\\\/\\\/buletin.de\\\/bucuresti\\\/\",\"logo\":{\"@type\":\"ImageObject\",\"inLanguage\":\"en-GB\",\"@id\":\"https:\\\/\\\/buletin.de\\\/bucuresti\\\/#\\\/schema\\\/logo\\\/image\\\/\",\"url\":\"https:\\\/\\\/buletin.de\\\/bucuresti\\\/wp-content\\\/uploads\\\/logo-bdb-full-wide-vernil-transparent.png\",\"contentUrl\":\"https:\\\/\\\/buletin.de\\\/bucuresti\\\/wp-content\\\/uploads\\\/logo-bdb-full-wide-vernil-transparent.png\",\"width\":1782,\"height\":626,\"caption\":\"Buletin de Bucure\u0219ti\"},\"image\":{\"@id\":\"https:\\\/\\\/buletin.de\\\/bucuresti\\\/#\\\/schema\\\/logo\\\/image\\\/\"},\"sameAs\":[\"https:\\\/\\\/www.facebook.com\\\/buletin.de.buc\",\"https:\\\/\\\/www.instagram.com\\\/buletinde.bucuresti\\\/\"]},{\"@type\":\"Person\",\"@id\":\"https:\\\/\\\/buletin.de\\\/bucuresti\\\/#\\\/schema\\\/person\\\/2305426a193cfbaadc0b30023ee5d01c\",\"name\":\"Andra Mure\u0219an\",\"image\":{\"@type\":\"ImageObject\",\"inLanguage\":\"en-GB\",\"@id\":\"https:\\\/\\\/secure.gravatar.com\\\/avatar\\\/0f89940de76acadc8ab9c36e6cec5b672fc84ab1bf1537562fa8584e29dfa8a5?s=96&d=monsterid&r=g30a40ed95e1c0fc67315c6f2c6fa871e\",\"url\":\"https:\\\/\\\/secure.gravatar.com\\\/avatar\\\/0f89940de76acadc8ab9c36e6cec5b672fc84ab1bf1537562fa8584e29dfa8a5?s=96&d=monsterid&r=g\",\"contentUrl\":\"https:\\\/\\\/secure.gravatar.com\\\/avatar\\\/0f89940de76acadc8ab9c36e6cec5b672fc84ab1bf1537562fa8584e29dfa8a5?s=96&d=monsterid&r=g\",\"caption\":\"Andra Mure\u0219an\"},\"url\":\"https:\\\/\\\/buletin.de\\\/bucuresti\\\/author\\\/andra\\\/\"}]}<\/script>\n<!-- \/ Yoast SEO Premium plugin. -->","yoast_head_json":{"title":"Primarul Radu Mihaiu a amendat Termoenergetica pentru c\u0103 nu a asfaltat str\u0103zile unde a intervenit - Buletin de Bucure\u0219ti","robots":{"index":"index","follow":"follow","max-snippet":"max-snippet:-1","max-image-preview":"max-image-preview:large","max-video-preview":"max-video-preview:-1"},"canonical":"https:\/\/buletin.de\/bucuresti\/primarul-radu-mihaiu-a-amendat-termoenergetica-pentru-ca-nu-a-asfaltat-strazile-unde-a-intervenit\/","og_locale":"en_GB","og_type":"article","og_title":"Primarul Radu Mihaiu a amendat Termoenergetica pentru c\u0103 nu a asfaltat str\u0103zile unde a intervenit","og_description":"Primarul Sectorului 2, Radu Mihaiu, a amendat de trei ori Termoenergetica pentru c\u0103 nu a terminat lucr\u0103rile unde a intervenit. Fiecare amend\u0103 cost\u0103 2.500 lei, potrivit anun\u021bului f\u0103cut pe pagina de Facebook a edilului. Este vorba despre str\u0103zile Lacul Tei nr. 63, Her\u021ba nr. 18 \u0219i Teiul Doamnei 1. De asemenea, Mihaiu spune c\u0103 mai [&hellip;]","og_url":"https:\/\/buletin.de\/bucuresti\/primarul-radu-mihaiu-a-amendat-termoenergetica-pentru-ca-nu-a-asfaltat-strazile-unde-a-intervenit\/","og_site_name":"Buletin de Bucure\u0219ti","article_publisher":"https:\/\/www.facebook.com\/buletin.de.buc","article_published_time":"2022-08-30T08:45:24+00:00","article_modified_time":"2023-09-19T12:43:36+00:00","og_image":[{"width":1080,"height":1440,"url":"https:\/\/buletin.de\/bucuresti\/wp-content\/uploads\/302036109_542413894351897_2565758782932695799_n.jpg","type":"image\/jpeg"}],"author":"Andra Mure\u0219an","twitter_card":"summary_large_image","twitter_misc":{"Written by":"Andra Mure\u0219an","Estimated reading time":"2 minutes"},"schema":{"@context":"https:\/\/schema.org","@graph":[{"@type":"Article","@id":"https:\/\/buletin.de\/bucuresti\/primarul-radu-mihaiu-a-amendat-termoenergetica-pentru-ca-nu-a-asfaltat-strazile-unde-a-intervenit\/#article","isPartOf":{"@id":"https:\/\/buletin.de\/bucuresti\/primarul-radu-mihaiu-a-amendat-termoenergetica-pentru-ca-nu-a-asfaltat-strazile-unde-a-intervenit\/"},"author":{"name":"Andra Mure\u0219an","@id":"https:\/\/buletin.de\/bucuresti\/#\/schema\/person\/2305426a193cfbaadc0b30023ee5d01c"},"headline":"Primarul Radu Mihaiu a amendat Termoenergetica pentru c\u0103 nu a asfaltat str\u0103zile unde a intervenit","datePublished":"2022-08-30T08:45:24+00:00","dateModified":"2023-09-19T12:43:36+00:00","mainEntityOfPage":{"@id":"https:\/\/buletin.de\/bucuresti\/primarul-radu-mihaiu-a-amendat-termoenergetica-pentru-ca-nu-a-asfaltat-strazile-unde-a-intervenit\/"},"wordCount":194,"publisher":{"@id":"https:\/\/buletin.de\/bucuresti\/#organization"},"image":{"@id":"https:\/\/buletin.de\/bucuresti\/primarul-radu-mihaiu-a-amendat-termoenergetica-pentru-ca-nu-a-asfaltat-strazile-unde-a-intervenit\/#primaryimage"},"thumbnailUrl":"https:\/\/buletin.de\/bucuresti\/wp-content\/uploads\/302036109_542413894351897_2565758782932695799_n.jpg","keywords":["amenzi","bucuresti","Radu Mihaiu","Sector 2","termoenergetica"],"articleSection":["\u0218tiri","Termoficare"],"inLanguage":"en-GB","copyrightYear":"2022","copyrightHolder":{"@id":"https:\/\/buletin.de\/bucuresti\/#organization"}},{"@type":"WebPage","@id":"https:\/\/buletin.de\/bucuresti\/primarul-radu-mihaiu-a-amendat-termoenergetica-pentru-ca-nu-a-asfaltat-strazile-unde-a-intervenit\/","url":"https:\/\/buletin.de\/bucuresti\/primarul-radu-mihaiu-a-amendat-termoenergetica-pentru-ca-nu-a-asfaltat-strazile-unde-a-intervenit\/","name":"Primarul Radu Mihaiu a amendat Termoenergetica pentru c\u0103 nu a asfaltat str\u0103zile unde a intervenit - Buletin de Bucure\u0219ti","isPartOf":{"@id":"https:\/\/buletin.de\/bucuresti\/#website"},"primaryImageOfPage":{"@id":"https:\/\/buletin.de\/bucuresti\/primarul-radu-mihaiu-a-amendat-termoenergetica-pentru-ca-nu-a-asfaltat-strazile-unde-a-intervenit\/#primaryimage"},"image":{"@id":"https:\/\/buletin.de\/bucuresti\/primarul-radu-mihaiu-a-amendat-termoenergetica-pentru-ca-nu-a-asfaltat-strazile-unde-a-intervenit\/#primaryimage"},"thumbnailUrl":"https:\/\/buletin.de\/bucuresti\/wp-content\/uploads\/302036109_542413894351897_2565758782932695799_n.jpg","datePublished":"2022-08-30T08:45:24+00:00","dateModified":"2023-09-19T12:43:36+00:00","breadcrumb":{"@id":"https:\/\/buletin.de\/bucuresti\/primarul-radu-mihaiu-a-amendat-termoenergetica-pentru-ca-nu-a-asfaltat-strazile-unde-a-intervenit\/#breadcrumb"},"inLanguage":"en-GB","potentialAction":[{"@type":"ReadAction","target":["https:\/\/buletin.de\/bucuresti\/primarul-radu-mihaiu-a-amendat-termoenergetica-pentru-ca-nu-a-asfaltat-strazile-unde-a-intervenit\/"]}]},{"@type":"ImageObject","inLanguage":"en-GB","@id":"https:\/\/buletin.de\/bucuresti\/primarul-radu-mihaiu-a-amendat-termoenergetica-pentru-ca-nu-a-asfaltat-strazile-unde-a-intervenit\/#primaryimage","url":"https:\/\/buletin.de\/bucuresti\/wp-content\/uploads\/302036109_542413894351897_2565758782932695799_n.jpg","contentUrl":"https:\/\/buletin.de\/bucuresti\/wp-content\/uploads\/302036109_542413894351897_2565758782932695799_n.jpg","width":1080,"height":1440},{"@type":"BreadcrumbList","@id":"https:\/\/buletin.de\/bucuresti\/primarul-radu-mihaiu-a-amendat-termoenergetica-pentru-ca-nu-a-asfaltat-strazile-unde-a-intervenit\/#breadcrumb","itemListElement":[{"@type":"ListItem","position":1,"name":"Acas\u0103","item":"https:\/\/buletin.de\/bucuresti\/"},{"@type":"ListItem","position":2,"name":"Primarul Radu Mihaiu a amendat Termoenergetica pentru c\u0103 nu a asfaltat str\u0103zile unde a intervenit"}]},{"@type":"WebSite","@id":"https:\/\/buletin.de\/bucuresti\/#website","url":"https:\/\/buletin.de\/bucuresti\/","name":"Buletin de Bucure\u0219ti","description":"\u0218tiri \u0219i investiga\u021bii esen\u021biale din capital\u0103","publisher":{"@id":"https:\/\/buletin.de\/bucuresti\/#organization"},"potentialAction":[{"@type":"SearchAction","target":{"@type":"EntryPoint","urlTemplate":"https:\/\/buletin.de\/bucuresti\/?s={search_term_string}"},"query-input":{"@type":"PropertyValueSpecification","valueRequired":true,"valueName":"search_term_string"}}],"inLanguage":"en-GB"},{"@type":"Organization","@id":"https:\/\/buletin.de\/bucuresti\/#organization","name":"Buletin de Bucure\u0219ti","url":"https:\/\/buletin.de\/bucuresti\/","logo":{"@type":"ImageObject","inLanguage":"en-GB","@id":"https:\/\/buletin.de\/bucuresti\/#\/schema\/logo\/image\/","url":"https:\/\/buletin.de\/bucuresti\/wp-content\/uploads\/logo-bdb-full-wide-vernil-transparent.png","contentUrl":"https:\/\/buletin.de\/bucuresti\/wp-content\/uploads\/logo-bdb-full-wide-vernil-transparent.png","width":1782,"height":626,"caption":"Buletin de Bucure\u0219ti"},"image":{"@id":"https:\/\/buletin.de\/bucuresti\/#\/schema\/logo\/image\/"},"sameAs":["https:\/\/www.facebook.com\/buletin.de.buc","https:\/\/www.instagram.com\/buletinde.bucuresti\/"]},{"@type":"Person","@id":"https:\/\/buletin.de\/bucuresti\/#\/schema\/person\/2305426a193cfbaadc0b30023ee5d01c","name":"Andra Mure\u0219an","image":{"@type":"ImageObject","inLanguage":"en-GB","@id":"https:\/\/secure.gravatar.com\/avatar\/0f89940de76acadc8ab9c36e6cec5b672fc84ab1bf1537562fa8584e29dfa8a5?s=96&d=monsterid&r=g30a40ed95e1c0fc67315c6f2c6fa871e","url":"https:\/\/secure.gravatar.com\/avatar\/0f89940de76acadc8ab9c36e6cec5b672fc84ab1bf1537562fa8584e29dfa8a5?s=96&d=monsterid&r=g","contentUrl":"https:\/\/secure.gravatar.com\/avatar\/0f89940de76acadc8ab9c36e6cec5b672fc84ab1bf1537562fa8584e29dfa8a5?s=96&d=monsterid&r=g","caption":"Andra Mure\u0219an"},"url":"https:\/\/buletin.de\/bucuresti\/author\/andra\/"}]}},"authors":[{"term_id":22603,"user_id":42,"is_guest":0,"slug":"andra","display_name":"Andra Mure\u0219an","avatar_url":"https:\/\/secure.gravatar.com\/avatar\/0f89940de76acadc8ab9c36e6cec5b672fc84ab1bf1537562fa8584e29dfa8a5?s=96&d=monsterid&r=g","0":null,"1":"","2":"","3":"","4":"","5":"","6":"","7":"","8":""}],"_links":{"self":[{"href":"https:\/\/buletin.de\/bucuresti\/wp-json\/wp\/v2\/posts\/45772","targetHints":{"allow":["GET"]}}],"collection":[{"href":"https:\/\/buletin.de\/bucuresti\/wp-json\/wp\/v2\/posts"}],"about":[{"href":"https:\/\/buletin.de\/bucuresti\/wp-json\/wp\/v2\/types\/post"}],"author":[{"embeddable":true,"href":"https:\/\/buletin.de\/bucuresti\/wp-json\/wp\/v2\/users\/42"}],"replies":[{"embeddable":true,"href":"https:\/\/buletin.de\/bucuresti\/wp-json\/wp\/v2\/comments?post=45772"}],"version-history":[{"count":1,"href":"https:\/\/buletin.de\/bucuresti\/wp-json\/wp\/v2\/posts\/45772\/revisions"}],"predecessor-version":[{"id":45776,"href":"https:\/\/buletin.de\/bucuresti\/wp-json\/wp\/v2\/posts\/45772\/revisions\/45776"}],"wp:featuredmedia":[{"embeddable":true,"href":"https:\/\/buletin.de\/bucuresti\/wp-json\/wp\/v2\/media\/45775"}],"wp:attachment":[{"href":"https:\/\/buletin.de\/bucuresti\/wp-json\/wp\/v2\/media?parent=45772"}],"wp:term":[{"taxonomy":"category","embeddable":true,"href":"https:\/\/buletin.de\/bucuresti\/wp-json\/wp\/v2\/categories?post=45772"},{"taxonomy":"post_tag","embeddable":true,"href":"https:\/\/buletin.de\/bucuresti\/wp-json\/wp\/v2\/tags?post=45772"},{"taxonomy":"author","embeddable":true,"href":"https:\/\/buletin.de\/bucuresti\/wp-json\/wp\/v2\/ppma_author?post=45772"}],"curies":[{"name":"wp","href":"https:\/\/api.w.org\/{rel}","templated":true}]}}