{"id":45764,"date":"2022-08-29T15:57:02","date_gmt":"2022-08-29T13:57:02","guid":{"rendered":"https:\/\/buletin.de\/bucuresti\/?p=45764"},"modified":"2022-08-29T15:57:03","modified_gmt":"2022-08-29T13:57:03","slug":"sector-6-rechizite-si-ghiozdane-pentru-4-000-de-copii-defavorizati","status":"publish","type":"post","link":"https:\/\/buletin.de\/bucuresti\/sector-6-rechizite-si-ghiozdane-pentru-4-000-de-copii-defavorizati\/","title":{"rendered":"Sector 6: Rechizite \u0219i ghiozdane pentru 4.000 de copii defavoriza\u021bi"},"content":{"rendered":"\n<p>Mai mul\u021bi copii defavoriza\u021bi din Sectorul 6 au primit rechizite \u0219colare \u00een cadrul unui eveniment organizat de Prim\u0103ria Sectorului 6, Protoieria Sector 6 \u0219i World Vision Rom\u00e2nia. Copiii au fost selecta\u021bi din eviden\u021ba Direc\u021biei Generale de Asisten\u021b\u0103 Social\u0103 \u0219i Protec\u021bia Copilului Sector 6 (DGASPC Sector 6) sau elevi care primesc burse sociale, se arat\u0103 \u00eentr-un comunicat.<\/p>\n\n\n\n<p>Evenimentul a avut loc ast\u0103zi, 29 august, la Parohia Br\u00e2ncu\u0219i din Bucure\u0219ti. Au fost prezen\u021bi primarul Sectorului 6, directorul general DGASPC, un inspector \u0219colar de la \u00eenv\u0103\u021b\u0103m\u00e2ntul primar \u0219i reprezentan\u021bi ai World Vision Rom\u00e2nia. Printre copii se num\u0103r\u0103 \u0219i ucraineni din eviden\u021ba World Vision Rom\u00e2nia sau DGASPC Sector 6. <\/p>\n\n\n\n<figure class=\"wp-block-image size-large is-resized\"><img fetchpriority=\"high\" decoding=\"async\" src=\"data:image\/gif;base64,R0lGODlhAQABAAAAACH5BAEKAAEALAAAAAABAAEAAAICTAEAOw==\" data-src=\"https:\/\/buletin.de\/bucuresti\/wp-content\/uploads\/WhatsApp-Image-2022-08-29-at-15.45.26-2-900x601.jpeg\" alt=\"\" class=\"wp-image-45766 lazyload\" width=\"705\" height=\"470\" data-sizes=\"auto\" data-srcset=\"https:\/\/buletin.de\/bucuresti\/wp-content\/uploads\/WhatsApp-Image-2022-08-29-at-15.45.26-2-900x601.jpeg 900w, https:\/\/buletin.de\/bucuresti\/wp-content\/uploads\/WhatsApp-Image-2022-08-29-at-15.45.26-2-300x200.jpeg 300w, https:\/\/buletin.de\/bucuresti\/wp-content\/uploads\/WhatsApp-Image-2022-08-29-at-15.45.26-2-768x513.jpeg 768w, https:\/\/buletin.de\/bucuresti\/wp-content\/uploads\/WhatsApp-Image-2022-08-29-at-15.45.26-2-1060x708.jpeg 1060w, https:\/\/buletin.de\/bucuresti\/wp-content\/uploads\/WhatsApp-Image-2022-08-29-at-15.45.26-2-550x367.jpeg 550w, https:\/\/buletin.de\/bucuresti\/wp-content\/uploads\/WhatsApp-Image-2022-08-29-at-15.45.26-2-749x500.jpeg 749w, https:\/\/buletin.de\/bucuresti\/wp-content\/uploads\/WhatsApp-Image-2022-08-29-at-15.45.26-2-600x401.jpeg 600w, https:\/\/buletin.de\/bucuresti\/wp-content\/uploads\/WhatsApp-Image-2022-08-29-at-15.45.26-2.jpeg 1198w\" sizes=\"(max-width: 705px) 100vw, 705px\" \/><figcaption>Surs\u0103 foto: Prim\u0103ria Sectorului 6<\/figcaption><\/figure>\n\n\n\n<p>\u201eSuntem bucuro\u0219i s\u0103 fim parteneri \u00een acest proiect care vizeaz\u0103 \u00een special copii ucraineni \u0219i \u00een general copii afla\u021bi \u00een risc de abandon \u0219colar din cauza dificult\u0103\u021bilor financiare. Evenimentul de ast\u0103zi a fost posibil av\u00e2nd \u00een vedere rezultatele deosebite pe care le-am ob\u021binut prin deschiderea a dou\u0103 centre (Happy Bubble) destinate integr\u0103rii \u00een comunitate a refugia\u021bilor din Ucraina (mame \u0219i copii), unul la Parohia Br\u00e2ncu\u0219i, altul la Parohia \u00cen\u0103l\u021barea Domnului, ambele fiind subordonate Protoieriei Sector 6\u201d, a declarat specialistul \u00een educa\u021bie de la World Vision Rom\u00e2nia, Mariana Arn\u0103tu.<\/p>\n\n\n\n<p>Referitor la centrele Happy Bubble, aici copiii au acces la servicii socio-educa\u0163ionale, consiliere pentru gestionarea traumelor, cursuri de limba rom\u00e2n\u0103, activit\u0103\u0163i specifice v\u00e2rstei \u00een vederea dezvolt\u0103rii armonioase \u015fi incluziunii sociale.<\/p>\n\n\n\n<figure class=\"wp-block-image size-large is-resized\"><img decoding=\"async\" src=\"data:image\/gif;base64,R0lGODlhAQABAAAAACH5BAEKAAEALAAAAAABAAEAAAICTAEAOw==\" data-src=\"https:\/\/buletin.de\/bucuresti\/wp-content\/uploads\/WhatsApp-Image-2022-08-29-at-15.45.26-1-1-900x600.jpeg\" alt=\"\" class=\"wp-image-45768 lazyload\" width=\"689\" height=\"459\" data-sizes=\"auto\" data-srcset=\"https:\/\/buletin.de\/bucuresti\/wp-content\/uploads\/WhatsApp-Image-2022-08-29-at-15.45.26-1-1-900x600.jpeg 900w, https:\/\/buletin.de\/bucuresti\/wp-content\/uploads\/WhatsApp-Image-2022-08-29-at-15.45.26-1-1-300x200.jpeg 300w, https:\/\/buletin.de\/bucuresti\/wp-content\/uploads\/WhatsApp-Image-2022-08-29-at-15.45.26-1-1-768x512.jpeg 768w, https:\/\/buletin.de\/bucuresti\/wp-content\/uploads\/WhatsApp-Image-2022-08-29-at-15.45.26-1-1-1060x707.jpeg 1060w, https:\/\/buletin.de\/bucuresti\/wp-content\/uploads\/WhatsApp-Image-2022-08-29-at-15.45.26-1-1-550x367.jpeg 550w, https:\/\/buletin.de\/bucuresti\/wp-content\/uploads\/WhatsApp-Image-2022-08-29-at-15.45.26-1-1-750x500.jpeg 750w, https:\/\/buletin.de\/bucuresti\/wp-content\/uploads\/WhatsApp-Image-2022-08-29-at-15.45.26-1-1-600x400.jpeg 600w, https:\/\/buletin.de\/bucuresti\/wp-content\/uploads\/WhatsApp-Image-2022-08-29-at-15.45.26-1-1.jpeg 1200w\" sizes=\"(max-width: 689px) 100vw, 689px\" \/><figcaption>Surs\u0103 foto: Prim\u0103ria Sectorului 6<\/figcaption><\/figure>\n\n\n\n<p>Protoieria Sector 6 este o unitate administrativ\u0103 din cadrul Bisericii Ortodoxe Rom\u00e2ne. Din 2014 p\u00e2n\u0103 \u00een prezent a ajuns la 8.000 de beneficiari. World Vision Rom\u00e2nia este o organiza\u021bie care realizeaz\u0103 programe educa\u021bionale \u0219i pune \u00een prim plan interesul copilului.<\/p>\n\n\n\n<p>Surs\u0103 foto cover: Prim\u0103ria Sectorului 6<\/p>\n","protected":false},"excerpt":{"rendered":"<p>Mai mul\u021bi copii defavoriza\u021bi din Sectorul 6 au primit rechizite \u0219colare \u00een cadrul unui eveniment organizat de Prim\u0103ria Sectorului 6, Protoieria Sector 6 \u0219i World Vision Rom\u00e2nia. Copiii au fost selecta\u021bi din eviden\u021ba Direc\u021biei Generale de Asisten\u021b\u0103 Social\u0103 \u0219i Protec\u021bia Copilului Sector 6 (DGASPC Sector 6) sau elevi care primesc burse sociale, se arat\u0103 \u00eentr-un [&hellip;]<\/p>\n","protected":false},"author":42,"featured_media":45769,"comment_status":"closed","ping_status":"open","sticky":false,"template":"","format":"standard","meta":{"_acf_changed":false,"inline_featured_image":false,"ngg_post_thumbnail":0,"footnotes":""},"categories":[62],"tags":[9,4507,4005,523],"ppma_author":[22603],"class_list":["post-45764","post","type-post","status-publish","format-standard","has-post-thumbnail","hentry","category-stiri","tag-bucuresti","tag-copii-defavorizati","tag-refugiati","tag-sector-6"],"acf":[],"yoast_head":"<!-- This site is optimized with the Yoast SEO Premium plugin v25.3 (Yoast SEO v27.4) - https:\/\/yoast.com\/product\/yoast-seo-premium-wordpress\/ -->\n<title>Sector 6: Rechizite \u0219i ghiozdane pentru 4.000 de copii defavoriza\u021bi - Buletin de Bucure\u0219ti<\/title>\n<meta name=\"robots\" content=\"index, follow, max-snippet:-1, max-image-preview:large, max-video-preview:-1\" \/>\n<link rel=\"canonical\" href=\"https:\/\/buletin.de\/bucuresti\/sector-6-rechizite-si-ghiozdane-pentru-4-000-de-copii-defavorizati\/\" \/>\n<meta property=\"og:locale\" content=\"en_GB\" \/>\n<meta property=\"og:type\" content=\"article\" \/>\n<meta property=\"og:title\" content=\"Sector 6: Rechizite \u0219i ghiozdane pentru 4.000 de copii defavoriza\u021bi\" \/>\n<meta property=\"og:description\" content=\"Mai mul\u021bi copii defavoriza\u021bi din Sectorul 6 au primit rechizite \u0219colare \u00een cadrul unui eveniment organizat de Prim\u0103ria Sectorului 6, Protoieria Sector 6 \u0219i World Vision Rom\u00e2nia. Copiii au fost selecta\u021bi din eviden\u021ba Direc\u021biei Generale de Asisten\u021b\u0103 Social\u0103 \u0219i Protec\u021bia Copilului Sector 6 (DGASPC Sector 6) sau elevi care primesc burse sociale, se arat\u0103 \u00eentr-un [&hellip;]\" \/>\n<meta property=\"og:url\" content=\"https:\/\/buletin.de\/bucuresti\/sector-6-rechizite-si-ghiozdane-pentru-4-000-de-copii-defavorizati\/\" \/>\n<meta property=\"og:site_name\" content=\"Buletin de Bucure\u0219ti\" \/>\n<meta property=\"article:publisher\" content=\"https:\/\/www.facebook.com\/buletin.de.buc\" \/>\n<meta property=\"article:published_time\" content=\"2022-08-29T13:57:02+00:00\" \/>\n<meta property=\"article:modified_time\" content=\"2022-08-29T13:57:03+00:00\" \/>\n<meta property=\"og:image\" content=\"https:\/\/buletin.de\/bucuresti\/wp-content\/uploads\/WhatsApp-Image-2022-08-29-at-15.45.26.jpeg\" \/>\n\t<meta property=\"og:image:width\" content=\"2048\" \/>\n\t<meta property=\"og:image:height\" content=\"1536\" \/>\n\t<meta property=\"og:image:type\" content=\"image\/jpeg\" \/>\n<meta name=\"author\" content=\"Andra Mure\u0219an\" \/>\n<meta name=\"twitter:card\" content=\"summary_large_image\" \/>\n<meta name=\"twitter:label1\" content=\"Written by\" \/>\n\t<meta name=\"twitter:data1\" content=\"Andra Mure\u0219an\" \/>\n\t<meta name=\"twitter:label2\" content=\"Estimated reading time\" \/>\n\t<meta name=\"twitter:data2\" content=\"2 minutes\" \/>\n<script type=\"application\/ld+json\" class=\"yoast-schema-graph\">{\"@context\":\"https:\\\/\\\/schema.org\",\"@graph\":[{\"@type\":\"Article\",\"@id\":\"https:\\\/\\\/buletin.de\\\/bucuresti\\\/sector-6-rechizite-si-ghiozdane-pentru-4-000-de-copii-defavorizati\\\/#article\",\"isPartOf\":{\"@id\":\"https:\\\/\\\/buletin.de\\\/bucuresti\\\/sector-6-rechizite-si-ghiozdane-pentru-4-000-de-copii-defavorizati\\\/\"},\"author\":{\"name\":\"Andra Mure\u0219an\",\"@id\":\"https:\\\/\\\/buletin.de\\\/bucuresti\\\/#\\\/schema\\\/person\\\/2305426a193cfbaadc0b30023ee5d01c\"},\"headline\":\"Sector 6: Rechizite \u0219i ghiozdane pentru 4.000 de copii defavoriza\u021bi\",\"datePublished\":\"2022-08-29T13:57:02+00:00\",\"dateModified\":\"2022-08-29T13:57:03+00:00\",\"mainEntityOfPage\":{\"@id\":\"https:\\\/\\\/buletin.de\\\/bucuresti\\\/sector-6-rechizite-si-ghiozdane-pentru-4-000-de-copii-defavorizati\\\/\"},\"wordCount\":321,\"publisher\":{\"@id\":\"https:\\\/\\\/buletin.de\\\/bucuresti\\\/#organization\"},\"image\":{\"@id\":\"https:\\\/\\\/buletin.de\\\/bucuresti\\\/sector-6-rechizite-si-ghiozdane-pentru-4-000-de-copii-defavorizati\\\/#primaryimage\"},\"thumbnailUrl\":\"https:\\\/\\\/buletin.de\\\/bucuresti\\\/wp-content\\\/uploads\\\/WhatsApp-Image-2022-08-29-at-15.45.26.jpeg\",\"keywords\":[\"bucuresti\",\"copii defavorizati\",\"refugiati\",\"Sector 6\"],\"articleSection\":[\"\u0218tiri\"],\"inLanguage\":\"en-GB\",\"copyrightYear\":\"2022\",\"copyrightHolder\":{\"@id\":\"https:\\\/\\\/buletin.de\\\/bucuresti\\\/#organization\"}},{\"@type\":\"WebPage\",\"@id\":\"https:\\\/\\\/buletin.de\\\/bucuresti\\\/sector-6-rechizite-si-ghiozdane-pentru-4-000-de-copii-defavorizati\\\/\",\"url\":\"https:\\\/\\\/buletin.de\\\/bucuresti\\\/sector-6-rechizite-si-ghiozdane-pentru-4-000-de-copii-defavorizati\\\/\",\"name\":\"Sector 6: Rechizite \u0219i ghiozdane pentru 4.000 de copii defavoriza\u021bi - Buletin de Bucure\u0219ti\",\"isPartOf\":{\"@id\":\"https:\\\/\\\/buletin.de\\\/bucuresti\\\/#website\"},\"primaryImageOfPage\":{\"@id\":\"https:\\\/\\\/buletin.de\\\/bucuresti\\\/sector-6-rechizite-si-ghiozdane-pentru-4-000-de-copii-defavorizati\\\/#primaryimage\"},\"image\":{\"@id\":\"https:\\\/\\\/buletin.de\\\/bucuresti\\\/sector-6-rechizite-si-ghiozdane-pentru-4-000-de-copii-defavorizati\\\/#primaryimage\"},\"thumbnailUrl\":\"https:\\\/\\\/buletin.de\\\/bucuresti\\\/wp-content\\\/uploads\\\/WhatsApp-Image-2022-08-29-at-15.45.26.jpeg\",\"datePublished\":\"2022-08-29T13:57:02+00:00\",\"dateModified\":\"2022-08-29T13:57:03+00:00\",\"breadcrumb\":{\"@id\":\"https:\\\/\\\/buletin.de\\\/bucuresti\\\/sector-6-rechizite-si-ghiozdane-pentru-4-000-de-copii-defavorizati\\\/#breadcrumb\"},\"inLanguage\":\"en-GB\",\"potentialAction\":[{\"@type\":\"ReadAction\",\"target\":[\"https:\\\/\\\/buletin.de\\\/bucuresti\\\/sector-6-rechizite-si-ghiozdane-pentru-4-000-de-copii-defavorizati\\\/\"]}]},{\"@type\":\"ImageObject\",\"inLanguage\":\"en-GB\",\"@id\":\"https:\\\/\\\/buletin.de\\\/bucuresti\\\/sector-6-rechizite-si-ghiozdane-pentru-4-000-de-copii-defavorizati\\\/#primaryimage\",\"url\":\"https:\\\/\\\/buletin.de\\\/bucuresti\\\/wp-content\\\/uploads\\\/WhatsApp-Image-2022-08-29-at-15.45.26.jpeg\",\"contentUrl\":\"https:\\\/\\\/buletin.de\\\/bucuresti\\\/wp-content\\\/uploads\\\/WhatsApp-Image-2022-08-29-at-15.45.26.jpeg\",\"width\":2048,\"height\":1536},{\"@type\":\"BreadcrumbList\",\"@id\":\"https:\\\/\\\/buletin.de\\\/bucuresti\\\/sector-6-rechizite-si-ghiozdane-pentru-4-000-de-copii-defavorizati\\\/#breadcrumb\",\"itemListElement\":[{\"@type\":\"ListItem\",\"position\":1,\"name\":\"Acas\u0103\",\"item\":\"https:\\\/\\\/buletin.de\\\/bucuresti\\\/\"},{\"@type\":\"ListItem\",\"position\":2,\"name\":\"Sector 6: Rechizite \u0219i ghiozdane pentru 4.000 de copii defavoriza\u021bi\"}]},{\"@type\":\"WebSite\",\"@id\":\"https:\\\/\\\/buletin.de\\\/bucuresti\\\/#website\",\"url\":\"https:\\\/\\\/buletin.de\\\/bucuresti\\\/\",\"name\":\"Buletin de Bucure\u0219ti\",\"description\":\"\u0218tiri \u0219i investiga\u021bii esen\u021biale din capital\u0103\",\"publisher\":{\"@id\":\"https:\\\/\\\/buletin.de\\\/bucuresti\\\/#organization\"},\"potentialAction\":[{\"@type\":\"SearchAction\",\"target\":{\"@type\":\"EntryPoint\",\"urlTemplate\":\"https:\\\/\\\/buletin.de\\\/bucuresti\\\/?s={search_term_string}\"},\"query-input\":{\"@type\":\"PropertyValueSpecification\",\"valueRequired\":true,\"valueName\":\"search_term_string\"}}],\"inLanguage\":\"en-GB\"},{\"@type\":\"Organization\",\"@id\":\"https:\\\/\\\/buletin.de\\\/bucuresti\\\/#organization\",\"name\":\"Buletin de Bucure\u0219ti\",\"url\":\"https:\\\/\\\/buletin.de\\\/bucuresti\\\/\",\"logo\":{\"@type\":\"ImageObject\",\"inLanguage\":\"en-GB\",\"@id\":\"https:\\\/\\\/buletin.de\\\/bucuresti\\\/#\\\/schema\\\/logo\\\/image\\\/\",\"url\":\"https:\\\/\\\/buletin.de\\\/bucuresti\\\/wp-content\\\/uploads\\\/logo-bdb-full-wide-vernil-transparent.png\",\"contentUrl\":\"https:\\\/\\\/buletin.de\\\/bucuresti\\\/wp-content\\\/uploads\\\/logo-bdb-full-wide-vernil-transparent.png\",\"width\":1782,\"height\":626,\"caption\":\"Buletin de Bucure\u0219ti\"},\"image\":{\"@id\":\"https:\\\/\\\/buletin.de\\\/bucuresti\\\/#\\\/schema\\\/logo\\\/image\\\/\"},\"sameAs\":[\"https:\\\/\\\/www.facebook.com\\\/buletin.de.buc\",\"https:\\\/\\\/www.instagram.com\\\/buletinde.bucuresti\\\/\"]},{\"@type\":\"Person\",\"@id\":\"https:\\\/\\\/buletin.de\\\/bucuresti\\\/#\\\/schema\\\/person\\\/2305426a193cfbaadc0b30023ee5d01c\",\"name\":\"Andra Mure\u0219an\",\"image\":{\"@type\":\"ImageObject\",\"inLanguage\":\"en-GB\",\"@id\":\"https:\\\/\\\/secure.gravatar.com\\\/avatar\\\/0f89940de76acadc8ab9c36e6cec5b672fc84ab1bf1537562fa8584e29dfa8a5?s=96&d=monsterid&r=g30a40ed95e1c0fc67315c6f2c6fa871e\",\"url\":\"https:\\\/\\\/secure.gravatar.com\\\/avatar\\\/0f89940de76acadc8ab9c36e6cec5b672fc84ab1bf1537562fa8584e29dfa8a5?s=96&d=monsterid&r=g\",\"contentUrl\":\"https:\\\/\\\/secure.gravatar.com\\\/avatar\\\/0f89940de76acadc8ab9c36e6cec5b672fc84ab1bf1537562fa8584e29dfa8a5?s=96&d=monsterid&r=g\",\"caption\":\"Andra Mure\u0219an\"},\"url\":\"https:\\\/\\\/buletin.de\\\/bucuresti\\\/author\\\/andra\\\/\"}]}<\/script>\n<!-- \/ Yoast SEO Premium plugin. -->","yoast_head_json":{"title":"Sector 6: Rechizite \u0219i ghiozdane pentru 4.000 de copii defavoriza\u021bi - Buletin de Bucure\u0219ti","robots":{"index":"index","follow":"follow","max-snippet":"max-snippet:-1","max-image-preview":"max-image-preview:large","max-video-preview":"max-video-preview:-1"},"canonical":"https:\/\/buletin.de\/bucuresti\/sector-6-rechizite-si-ghiozdane-pentru-4-000-de-copii-defavorizati\/","og_locale":"en_GB","og_type":"article","og_title":"Sector 6: Rechizite \u0219i ghiozdane pentru 4.000 de copii defavoriza\u021bi","og_description":"Mai mul\u021bi copii defavoriza\u021bi din Sectorul 6 au primit rechizite \u0219colare \u00een cadrul unui eveniment organizat de Prim\u0103ria Sectorului 6, Protoieria Sector 6 \u0219i World Vision Rom\u00e2nia. Copiii au fost selecta\u021bi din eviden\u021ba Direc\u021biei Generale de Asisten\u021b\u0103 Social\u0103 \u0219i Protec\u021bia Copilului Sector 6 (DGASPC Sector 6) sau elevi care primesc burse sociale, se arat\u0103 \u00eentr-un [&hellip;]","og_url":"https:\/\/buletin.de\/bucuresti\/sector-6-rechizite-si-ghiozdane-pentru-4-000-de-copii-defavorizati\/","og_site_name":"Buletin de Bucure\u0219ti","article_publisher":"https:\/\/www.facebook.com\/buletin.de.buc","article_published_time":"2022-08-29T13:57:02+00:00","article_modified_time":"2022-08-29T13:57:03+00:00","og_image":[{"width":2048,"height":1536,"url":"https:\/\/buletin.de\/bucuresti\/wp-content\/uploads\/WhatsApp-Image-2022-08-29-at-15.45.26.jpeg","type":"image\/jpeg"}],"author":"Andra Mure\u0219an","twitter_card":"summary_large_image","twitter_misc":{"Written by":"Andra Mure\u0219an","Estimated reading time":"2 minutes"},"schema":{"@context":"https:\/\/schema.org","@graph":[{"@type":"Article","@id":"https:\/\/buletin.de\/bucuresti\/sector-6-rechizite-si-ghiozdane-pentru-4-000-de-copii-defavorizati\/#article","isPartOf":{"@id":"https:\/\/buletin.de\/bucuresti\/sector-6-rechizite-si-ghiozdane-pentru-4-000-de-copii-defavorizati\/"},"author":{"name":"Andra Mure\u0219an","@id":"https:\/\/buletin.de\/bucuresti\/#\/schema\/person\/2305426a193cfbaadc0b30023ee5d01c"},"headline":"Sector 6: Rechizite \u0219i ghiozdane pentru 4.000 de copii defavoriza\u021bi","datePublished":"2022-08-29T13:57:02+00:00","dateModified":"2022-08-29T13:57:03+00:00","mainEntityOfPage":{"@id":"https:\/\/buletin.de\/bucuresti\/sector-6-rechizite-si-ghiozdane-pentru-4-000-de-copii-defavorizati\/"},"wordCount":321,"publisher":{"@id":"https:\/\/buletin.de\/bucuresti\/#organization"},"image":{"@id":"https:\/\/buletin.de\/bucuresti\/sector-6-rechizite-si-ghiozdane-pentru-4-000-de-copii-defavorizati\/#primaryimage"},"thumbnailUrl":"https:\/\/buletin.de\/bucuresti\/wp-content\/uploads\/WhatsApp-Image-2022-08-29-at-15.45.26.jpeg","keywords":["bucuresti","copii defavorizati","refugiati","Sector 6"],"articleSection":["\u0218tiri"],"inLanguage":"en-GB","copyrightYear":"2022","copyrightHolder":{"@id":"https:\/\/buletin.de\/bucuresti\/#organization"}},{"@type":"WebPage","@id":"https:\/\/buletin.de\/bucuresti\/sector-6-rechizite-si-ghiozdane-pentru-4-000-de-copii-defavorizati\/","url":"https:\/\/buletin.de\/bucuresti\/sector-6-rechizite-si-ghiozdane-pentru-4-000-de-copii-defavorizati\/","name":"Sector 6: Rechizite \u0219i ghiozdane pentru 4.000 de copii defavoriza\u021bi - Buletin de Bucure\u0219ti","isPartOf":{"@id":"https:\/\/buletin.de\/bucuresti\/#website"},"primaryImageOfPage":{"@id":"https:\/\/buletin.de\/bucuresti\/sector-6-rechizite-si-ghiozdane-pentru-4-000-de-copii-defavorizati\/#primaryimage"},"image":{"@id":"https:\/\/buletin.de\/bucuresti\/sector-6-rechizite-si-ghiozdane-pentru-4-000-de-copii-defavorizati\/#primaryimage"},"thumbnailUrl":"https:\/\/buletin.de\/bucuresti\/wp-content\/uploads\/WhatsApp-Image-2022-08-29-at-15.45.26.jpeg","datePublished":"2022-08-29T13:57:02+00:00","dateModified":"2022-08-29T13:57:03+00:00","breadcrumb":{"@id":"https:\/\/buletin.de\/bucuresti\/sector-6-rechizite-si-ghiozdane-pentru-4-000-de-copii-defavorizati\/#breadcrumb"},"inLanguage":"en-GB","potentialAction":[{"@type":"ReadAction","target":["https:\/\/buletin.de\/bucuresti\/sector-6-rechizite-si-ghiozdane-pentru-4-000-de-copii-defavorizati\/"]}]},{"@type":"ImageObject","inLanguage":"en-GB","@id":"https:\/\/buletin.de\/bucuresti\/sector-6-rechizite-si-ghiozdane-pentru-4-000-de-copii-defavorizati\/#primaryimage","url":"https:\/\/buletin.de\/bucuresti\/wp-content\/uploads\/WhatsApp-Image-2022-08-29-at-15.45.26.jpeg","contentUrl":"https:\/\/buletin.de\/bucuresti\/wp-content\/uploads\/WhatsApp-Image-2022-08-29-at-15.45.26.jpeg","width":2048,"height":1536},{"@type":"BreadcrumbList","@id":"https:\/\/buletin.de\/bucuresti\/sector-6-rechizite-si-ghiozdane-pentru-4-000-de-copii-defavorizati\/#breadcrumb","itemListElement":[{"@type":"ListItem","position":1,"name":"Acas\u0103","item":"https:\/\/buletin.de\/bucuresti\/"},{"@type":"ListItem","position":2,"name":"Sector 6: Rechizite \u0219i ghiozdane pentru 4.000 de copii defavoriza\u021bi"}]},{"@type":"WebSite","@id":"https:\/\/buletin.de\/bucuresti\/#website","url":"https:\/\/buletin.de\/bucuresti\/","name":"Buletin de Bucure\u0219ti","description":"\u0218tiri \u0219i investiga\u021bii esen\u021biale din capital\u0103","publisher":{"@id":"https:\/\/buletin.de\/bucuresti\/#organization"},"potentialAction":[{"@type":"SearchAction","target":{"@type":"EntryPoint","urlTemplate":"https:\/\/buletin.de\/bucuresti\/?s={search_term_string}"},"query-input":{"@type":"PropertyValueSpecification","valueRequired":true,"valueName":"search_term_string"}}],"inLanguage":"en-GB"},{"@type":"Organization","@id":"https:\/\/buletin.de\/bucuresti\/#organization","name":"Buletin de Bucure\u0219ti","url":"https:\/\/buletin.de\/bucuresti\/","logo":{"@type":"ImageObject","inLanguage":"en-GB","@id":"https:\/\/buletin.de\/bucuresti\/#\/schema\/logo\/image\/","url":"https:\/\/buletin.de\/bucuresti\/wp-content\/uploads\/logo-bdb-full-wide-vernil-transparent.png","contentUrl":"https:\/\/buletin.de\/bucuresti\/wp-content\/uploads\/logo-bdb-full-wide-vernil-transparent.png","width":1782,"height":626,"caption":"Buletin de Bucure\u0219ti"},"image":{"@id":"https:\/\/buletin.de\/bucuresti\/#\/schema\/logo\/image\/"},"sameAs":["https:\/\/www.facebook.com\/buletin.de.buc","https:\/\/www.instagram.com\/buletinde.bucuresti\/"]},{"@type":"Person","@id":"https:\/\/buletin.de\/bucuresti\/#\/schema\/person\/2305426a193cfbaadc0b30023ee5d01c","name":"Andra Mure\u0219an","image":{"@type":"ImageObject","inLanguage":"en-GB","@id":"https:\/\/secure.gravatar.com\/avatar\/0f89940de76acadc8ab9c36e6cec5b672fc84ab1bf1537562fa8584e29dfa8a5?s=96&d=monsterid&r=g30a40ed95e1c0fc67315c6f2c6fa871e","url":"https:\/\/secure.gravatar.com\/avatar\/0f89940de76acadc8ab9c36e6cec5b672fc84ab1bf1537562fa8584e29dfa8a5?s=96&d=monsterid&r=g","contentUrl":"https:\/\/secure.gravatar.com\/avatar\/0f89940de76acadc8ab9c36e6cec5b672fc84ab1bf1537562fa8584e29dfa8a5?s=96&d=monsterid&r=g","caption":"Andra Mure\u0219an"},"url":"https:\/\/buletin.de\/bucuresti\/author\/andra\/"}]}},"authors":[{"term_id":22603,"user_id":42,"is_guest":0,"slug":"andra","display_name":"Andra Mure\u0219an","avatar_url":"https:\/\/secure.gravatar.com\/avatar\/0f89940de76acadc8ab9c36e6cec5b672fc84ab1bf1537562fa8584e29dfa8a5?s=96&d=monsterid&r=g","0":null,"1":"","2":"","3":"","4":"","5":"","6":"","7":"","8":""}],"_links":{"self":[{"href":"https:\/\/buletin.de\/bucuresti\/wp-json\/wp\/v2\/posts\/45764","targetHints":{"allow":["GET"]}}],"collection":[{"href":"https:\/\/buletin.de\/bucuresti\/wp-json\/wp\/v2\/posts"}],"about":[{"href":"https:\/\/buletin.de\/bucuresti\/wp-json\/wp\/v2\/types\/post"}],"author":[{"embeddable":true,"href":"https:\/\/buletin.de\/bucuresti\/wp-json\/wp\/v2\/users\/42"}],"replies":[{"embeddable":true,"href":"https:\/\/buletin.de\/bucuresti\/wp-json\/wp\/v2\/comments?post=45764"}],"version-history":[{"count":1,"href":"https:\/\/buletin.de\/bucuresti\/wp-json\/wp\/v2\/posts\/45764\/revisions"}],"predecessor-version":[{"id":45770,"href":"https:\/\/buletin.de\/bucuresti\/wp-json\/wp\/v2\/posts\/45764\/revisions\/45770"}],"wp:featuredmedia":[{"embeddable":true,"href":"https:\/\/buletin.de\/bucuresti\/wp-json\/wp\/v2\/media\/45769"}],"wp:attachment":[{"href":"https:\/\/buletin.de\/bucuresti\/wp-json\/wp\/v2\/media?parent=45764"}],"wp:term":[{"taxonomy":"category","embeddable":true,"href":"https:\/\/buletin.de\/bucuresti\/wp-json\/wp\/v2\/categories?post=45764"},{"taxonomy":"post_tag","embeddable":true,"href":"https:\/\/buletin.de\/bucuresti\/wp-json\/wp\/v2\/tags?post=45764"},{"taxonomy":"author","embeddable":true,"href":"https:\/\/buletin.de\/bucuresti\/wp-json\/wp\/v2\/ppma_author?post=45764"}],"curies":[{"name":"wp","href":"https:\/\/api.w.org\/{rel}","templated":true}]}}