{"id":45673,"date":"2022-08-22T13:24:22","date_gmt":"2022-08-22T11:24:22","guid":{"rendered":"https:\/\/buletin.de\/bucuresti\/?p=45673"},"modified":"2022-08-22T13:24:23","modified_gmt":"2022-08-22T11:24:23","slug":"copil-de-sase-ani-ranit-in-primaria-capitalei-dupa-ce-a-cazut-o-statueta-peste-el","status":"publish","type":"post","link":"https:\/\/buletin.de\/bucuresti\/copil-de-sase-ani-ranit-in-primaria-capitalei-dupa-ce-a-cazut-o-statueta-peste-el\/","title":{"rendered":"Copil de \u015fase ani, r\u0103nit \u00een Prim\u0103ria Capitalei, dup\u0103 ce a c\u0103zut o statuet\u0103 peste el"},"content":{"rendered":"\n<p>Un copil de \u015fase ani a ajuns la spital dup\u0103 ce a fost accidentat \u00een sediul Prim\u0103riei Bucure\u015fti. Din primele informa\u0163ii, peste acesta ar fi c\u0103zut o statuet\u0103.<\/p>\n\n\n\n<p>&#8220;La ora 13.46 am fost solicita\u021bi s\u0103 intervenim pentru un copil r\u0103nit la intrarea principala \u00een Prim\u0103ria Capitalei. La ora 13.51 copilul a fost preluat de un echipaj SMURD si transportat, con\u0219tient, la Spitalul Grigore Alexandrescu din Capital\u0103&#8221;, au precizat oficialii ISU Bucure\u015fti.<\/p>\n\n\n\n<p>\u00cen cauz\u0103 s-a \u00eentocmit un dosar penal.<\/p>\n\n\n\n<p>&#8220;\u00cen cursul acestei zilei, 22 august 2022, \u00een jurul orei 13.40, poli\u021bi\u0219tii Direc\u021biei Generale de Poli\u021bie a Municipiului Bucure\u0219ti &#8211; Sec\u021bia 17 au fost sesiza\u021bi cu privire la faptul c\u0103, \u00een interiorul unei institu\u021bii publice, o statuet\u0103 ar fi c\u0103zut peste un minor. Poli\u021bi\u0219tii s-au deplasat la fa\u021ba locului, iar \u00een momentul de fa\u021b\u0103 efectueaz\u0103 cercet\u0103ri \u00een vederea stabilirii cauzelor \u0219i condi\u021biilor \u00een care s-a produs evenimentul. Minorul a fost transportat la o unitate spitaliceasc\u0103, \u00een vederea acord\u0103rii de \u00eengrijiri medicale&#8221;, precizeaz\u0103 Poli\u0163ia Capitalei.<\/p>\n\n\n\n<p><\/p>\n","protected":false},"excerpt":{"rendered":"<p>Un copil de \u015fase ani a ajuns la spital dup\u0103 ce a fost accidentat \u00een sediul Prim\u0103riei Bucure\u015fti. Din primele informa\u0163ii, peste acesta ar fi c\u0103zut o statuet\u0103. &#8220;La ora 13.46 am fost solicita\u021bi s\u0103 intervenim pentru un copil r\u0103nit la intrarea principala \u00een Prim\u0103ria Capitalei. La ora 13.51 copilul a fost preluat de un [&hellip;]<\/p>\n","protected":false},"author":38,"featured_media":14163,"comment_status":"closed","ping_status":"open","sticky":false,"template":"","format":"standard","meta":{"_acf_changed":false,"inline_featured_image":false,"ngg_post_thumbnail":0,"footnotes":""},"categories":[62],"tags":[],"ppma_author":[22601],"class_list":["post-45673","post","type-post","status-publish","format-standard","has-post-thumbnail","hentry","category-stiri"],"acf":[],"yoast_head":"<!-- This site is optimized with the Yoast SEO Premium plugin v25.3 (Yoast SEO v27.4) - https:\/\/yoast.com\/product\/yoast-seo-premium-wordpress\/ -->\n<title>Copil de \u015fase ani, r\u0103nit \u00een Prim\u0103ria Capitalei, dup\u0103 ce a c\u0103zut o statuet\u0103 peste el - Buletin de Bucure\u0219ti<\/title>\n<meta name=\"robots\" content=\"index, follow, max-snippet:-1, max-image-preview:large, max-video-preview:-1\" \/>\n<link rel=\"canonical\" href=\"https:\/\/buletin.de\/bucuresti\/copil-de-sase-ani-ranit-in-primaria-capitalei-dupa-ce-a-cazut-o-statueta-peste-el\/\" \/>\n<meta property=\"og:locale\" content=\"en_GB\" \/>\n<meta property=\"og:type\" content=\"article\" \/>\n<meta property=\"og:title\" content=\"Copil de \u015fase ani, r\u0103nit \u00een Prim\u0103ria Capitalei, dup\u0103 ce a c\u0103zut o statuet\u0103 peste el\" \/>\n<meta property=\"og:description\" content=\"Un copil de \u015fase ani a ajuns la spital dup\u0103 ce a fost accidentat \u00een sediul Prim\u0103riei Bucure\u015fti. Din primele informa\u0163ii, peste acesta ar fi c\u0103zut o statuet\u0103. &#8220;La ora 13.46 am fost solicita\u021bi s\u0103 intervenim pentru un copil r\u0103nit la intrarea principala \u00een Prim\u0103ria Capitalei. La ora 13.51 copilul a fost preluat de un [&hellip;]\" \/>\n<meta property=\"og:url\" content=\"https:\/\/buletin.de\/bucuresti\/copil-de-sase-ani-ranit-in-primaria-capitalei-dupa-ce-a-cazut-o-statueta-peste-el\/\" \/>\n<meta property=\"og:site_name\" content=\"Buletin de Bucure\u0219ti\" \/>\n<meta property=\"article:publisher\" content=\"https:\/\/www.facebook.com\/buletin.de.buc\" \/>\n<meta property=\"article:published_time\" content=\"2022-08-22T11:24:22+00:00\" \/>\n<meta property=\"article:modified_time\" content=\"2022-08-22T11:24:23+00:00\" \/>\n<meta property=\"og:image\" content=\"https:\/\/buletin.de\/bucuresti\/wp-content\/uploads\/primaria-bucuresti-scaled.jpg\" \/>\n\t<meta property=\"og:image:width\" content=\"2560\" \/>\n\t<meta property=\"og:image:height\" content=\"1440\" \/>\n\t<meta property=\"og:image:type\" content=\"image\/jpeg\" \/>\n<meta name=\"author\" content=\"Anamaria Nedelcoff\" \/>\n<meta name=\"twitter:card\" content=\"summary_large_image\" \/>\n<meta name=\"twitter:label1\" content=\"Written by\" \/>\n\t<meta name=\"twitter:data1\" content=\"Anamaria Nedelcoff\" \/>\n\t<meta name=\"twitter:label2\" content=\"Estimated reading time\" \/>\n\t<meta name=\"twitter:data2\" content=\"1 minute\" \/>\n<script type=\"application\/ld+json\" class=\"yoast-schema-graph\">{\"@context\":\"https:\\\/\\\/schema.org\",\"@graph\":[{\"@type\":\"Article\",\"@id\":\"https:\\\/\\\/buletin.de\\\/bucuresti\\\/copil-de-sase-ani-ranit-in-primaria-capitalei-dupa-ce-a-cazut-o-statueta-peste-el\\\/#article\",\"isPartOf\":{\"@id\":\"https:\\\/\\\/buletin.de\\\/bucuresti\\\/copil-de-sase-ani-ranit-in-primaria-capitalei-dupa-ce-a-cazut-o-statueta-peste-el\\\/\"},\"author\":{\"name\":\"Anamaria Nedelcoff\",\"@id\":\"https:\\\/\\\/buletin.de\\\/bucuresti\\\/#\\\/schema\\\/person\\\/bfa22994f12f5d3353b170aca494f1f9\"},\"headline\":\"Copil de \u015fase ani, r\u0103nit \u00een Prim\u0103ria Capitalei, dup\u0103 ce a c\u0103zut o statuet\u0103 peste el\",\"datePublished\":\"2022-08-22T11:24:22+00:00\",\"dateModified\":\"2022-08-22T11:24:23+00:00\",\"mainEntityOfPage\":{\"@id\":\"https:\\\/\\\/buletin.de\\\/bucuresti\\\/copil-de-sase-ani-ranit-in-primaria-capitalei-dupa-ce-a-cazut-o-statueta-peste-el\\\/\"},\"wordCount\":200,\"publisher\":{\"@id\":\"https:\\\/\\\/buletin.de\\\/bucuresti\\\/#organization\"},\"image\":{\"@id\":\"https:\\\/\\\/buletin.de\\\/bucuresti\\\/copil-de-sase-ani-ranit-in-primaria-capitalei-dupa-ce-a-cazut-o-statueta-peste-el\\\/#primaryimage\"},\"thumbnailUrl\":\"https:\\\/\\\/buletin.de\\\/bucuresti\\\/wp-content\\\/uploads\\\/primaria-bucuresti-scaled.jpg\",\"articleSection\":[\"\u0218tiri\"],\"inLanguage\":\"en-GB\",\"copyrightYear\":\"2022\",\"copyrightHolder\":{\"@id\":\"https:\\\/\\\/buletin.de\\\/bucuresti\\\/#organization\"}},{\"@type\":\"WebPage\",\"@id\":\"https:\\\/\\\/buletin.de\\\/bucuresti\\\/copil-de-sase-ani-ranit-in-primaria-capitalei-dupa-ce-a-cazut-o-statueta-peste-el\\\/\",\"url\":\"https:\\\/\\\/buletin.de\\\/bucuresti\\\/copil-de-sase-ani-ranit-in-primaria-capitalei-dupa-ce-a-cazut-o-statueta-peste-el\\\/\",\"name\":\"Copil de \u015fase ani, r\u0103nit \u00een Prim\u0103ria Capitalei, dup\u0103 ce a c\u0103zut o statuet\u0103 peste el - Buletin de Bucure\u0219ti\",\"isPartOf\":{\"@id\":\"https:\\\/\\\/buletin.de\\\/bucuresti\\\/#website\"},\"primaryImageOfPage\":{\"@id\":\"https:\\\/\\\/buletin.de\\\/bucuresti\\\/copil-de-sase-ani-ranit-in-primaria-capitalei-dupa-ce-a-cazut-o-statueta-peste-el\\\/#primaryimage\"},\"image\":{\"@id\":\"https:\\\/\\\/buletin.de\\\/bucuresti\\\/copil-de-sase-ani-ranit-in-primaria-capitalei-dupa-ce-a-cazut-o-statueta-peste-el\\\/#primaryimage\"},\"thumbnailUrl\":\"https:\\\/\\\/buletin.de\\\/bucuresti\\\/wp-content\\\/uploads\\\/primaria-bucuresti-scaled.jpg\",\"datePublished\":\"2022-08-22T11:24:22+00:00\",\"dateModified\":\"2022-08-22T11:24:23+00:00\",\"breadcrumb\":{\"@id\":\"https:\\\/\\\/buletin.de\\\/bucuresti\\\/copil-de-sase-ani-ranit-in-primaria-capitalei-dupa-ce-a-cazut-o-statueta-peste-el\\\/#breadcrumb\"},\"inLanguage\":\"en-GB\",\"potentialAction\":[{\"@type\":\"ReadAction\",\"target\":[\"https:\\\/\\\/buletin.de\\\/bucuresti\\\/copil-de-sase-ani-ranit-in-primaria-capitalei-dupa-ce-a-cazut-o-statueta-peste-el\\\/\"]}]},{\"@type\":\"ImageObject\",\"inLanguage\":\"en-GB\",\"@id\":\"https:\\\/\\\/buletin.de\\\/bucuresti\\\/copil-de-sase-ani-ranit-in-primaria-capitalei-dupa-ce-a-cazut-o-statueta-peste-el\\\/#primaryimage\",\"url\":\"https:\\\/\\\/buletin.de\\\/bucuresti\\\/wp-content\\\/uploads\\\/primaria-bucuresti-scaled.jpg\",\"contentUrl\":\"https:\\\/\\\/buletin.de\\\/bucuresti\\\/wp-content\\\/uploads\\\/primaria-bucuresti-scaled.jpg\",\"width\":2560,\"height\":1440},{\"@type\":\"BreadcrumbList\",\"@id\":\"https:\\\/\\\/buletin.de\\\/bucuresti\\\/copil-de-sase-ani-ranit-in-primaria-capitalei-dupa-ce-a-cazut-o-statueta-peste-el\\\/#breadcrumb\",\"itemListElement\":[{\"@type\":\"ListItem\",\"position\":1,\"name\":\"Acas\u0103\",\"item\":\"https:\\\/\\\/buletin.de\\\/bucuresti\\\/\"},{\"@type\":\"ListItem\",\"position\":2,\"name\":\"Copil de \u015fase ani, r\u0103nit \u00een Prim\u0103ria Capitalei, dup\u0103 ce a c\u0103zut o statuet\u0103 peste el\"}]},{\"@type\":\"WebSite\",\"@id\":\"https:\\\/\\\/buletin.de\\\/bucuresti\\\/#website\",\"url\":\"https:\\\/\\\/buletin.de\\\/bucuresti\\\/\",\"name\":\"Buletin de Bucure\u0219ti\",\"description\":\"\u0218tiri \u0219i investiga\u021bii esen\u021biale din capital\u0103\",\"publisher\":{\"@id\":\"https:\\\/\\\/buletin.de\\\/bucuresti\\\/#organization\"},\"potentialAction\":[{\"@type\":\"SearchAction\",\"target\":{\"@type\":\"EntryPoint\",\"urlTemplate\":\"https:\\\/\\\/buletin.de\\\/bucuresti\\\/?s={search_term_string}\"},\"query-input\":{\"@type\":\"PropertyValueSpecification\",\"valueRequired\":true,\"valueName\":\"search_term_string\"}}],\"inLanguage\":\"en-GB\"},{\"@type\":\"Organization\",\"@id\":\"https:\\\/\\\/buletin.de\\\/bucuresti\\\/#organization\",\"name\":\"Buletin de Bucure\u0219ti\",\"url\":\"https:\\\/\\\/buletin.de\\\/bucuresti\\\/\",\"logo\":{\"@type\":\"ImageObject\",\"inLanguage\":\"en-GB\",\"@id\":\"https:\\\/\\\/buletin.de\\\/bucuresti\\\/#\\\/schema\\\/logo\\\/image\\\/\",\"url\":\"https:\\\/\\\/buletin.de\\\/bucuresti\\\/wp-content\\\/uploads\\\/logo-bdb-full-wide-vernil-transparent.png\",\"contentUrl\":\"https:\\\/\\\/buletin.de\\\/bucuresti\\\/wp-content\\\/uploads\\\/logo-bdb-full-wide-vernil-transparent.png\",\"width\":1782,\"height\":626,\"caption\":\"Buletin de Bucure\u0219ti\"},\"image\":{\"@id\":\"https:\\\/\\\/buletin.de\\\/bucuresti\\\/#\\\/schema\\\/logo\\\/image\\\/\"},\"sameAs\":[\"https:\\\/\\\/www.facebook.com\\\/buletin.de.buc\",\"https:\\\/\\\/www.instagram.com\\\/buletinde.bucuresti\\\/\"]},{\"@type\":\"Person\",\"@id\":\"https:\\\/\\\/buletin.de\\\/bucuresti\\\/#\\\/schema\\\/person\\\/bfa22994f12f5d3353b170aca494f1f9\",\"name\":\"Anamaria Nedelcoff\",\"image\":{\"@type\":\"ImageObject\",\"inLanguage\":\"en-GB\",\"@id\":\"https:\\\/\\\/secure.gravatar.com\\\/avatar\\\/409df91a26b98006111557131cc35236962765b734317e1dcf94c6bc1d010629?s=96&d=monsterid&r=g9bc3ae6c8e1522e913d1a0debd6aec89\",\"url\":\"https:\\\/\\\/secure.gravatar.com\\\/avatar\\\/409df91a26b98006111557131cc35236962765b734317e1dcf94c6bc1d010629?s=96&d=monsterid&r=g\",\"contentUrl\":\"https:\\\/\\\/secure.gravatar.com\\\/avatar\\\/409df91a26b98006111557131cc35236962765b734317e1dcf94c6bc1d010629?s=96&d=monsterid&r=g\",\"caption\":\"Anamaria Nedelcoff\"},\"url\":\"https:\\\/\\\/buletin.de\\\/bucuresti\\\/author\\\/nedelcoff\\\/\"}]}<\/script>\n<!-- \/ Yoast SEO Premium plugin. -->","yoast_head_json":{"title":"Copil de \u015fase ani, r\u0103nit \u00een Prim\u0103ria Capitalei, dup\u0103 ce a c\u0103zut o statuet\u0103 peste el - Buletin de Bucure\u0219ti","robots":{"index":"index","follow":"follow","max-snippet":"max-snippet:-1","max-image-preview":"max-image-preview:large","max-video-preview":"max-video-preview:-1"},"canonical":"https:\/\/buletin.de\/bucuresti\/copil-de-sase-ani-ranit-in-primaria-capitalei-dupa-ce-a-cazut-o-statueta-peste-el\/","og_locale":"en_GB","og_type":"article","og_title":"Copil de \u015fase ani, r\u0103nit \u00een Prim\u0103ria Capitalei, dup\u0103 ce a c\u0103zut o statuet\u0103 peste el","og_description":"Un copil de \u015fase ani a ajuns la spital dup\u0103 ce a fost accidentat \u00een sediul Prim\u0103riei Bucure\u015fti. Din primele informa\u0163ii, peste acesta ar fi c\u0103zut o statuet\u0103. &#8220;La ora 13.46 am fost solicita\u021bi s\u0103 intervenim pentru un copil r\u0103nit la intrarea principala \u00een Prim\u0103ria Capitalei. La ora 13.51 copilul a fost preluat de un [&hellip;]","og_url":"https:\/\/buletin.de\/bucuresti\/copil-de-sase-ani-ranit-in-primaria-capitalei-dupa-ce-a-cazut-o-statueta-peste-el\/","og_site_name":"Buletin de Bucure\u0219ti","article_publisher":"https:\/\/www.facebook.com\/buletin.de.buc","article_published_time":"2022-08-22T11:24:22+00:00","article_modified_time":"2022-08-22T11:24:23+00:00","og_image":[{"width":2560,"height":1440,"url":"https:\/\/buletin.de\/bucuresti\/wp-content\/uploads\/primaria-bucuresti-scaled.jpg","type":"image\/jpeg"}],"author":"Anamaria Nedelcoff","twitter_card":"summary_large_image","twitter_misc":{"Written by":"Anamaria Nedelcoff","Estimated reading time":"1 minute"},"schema":{"@context":"https:\/\/schema.org","@graph":[{"@type":"Article","@id":"https:\/\/buletin.de\/bucuresti\/copil-de-sase-ani-ranit-in-primaria-capitalei-dupa-ce-a-cazut-o-statueta-peste-el\/#article","isPartOf":{"@id":"https:\/\/buletin.de\/bucuresti\/copil-de-sase-ani-ranit-in-primaria-capitalei-dupa-ce-a-cazut-o-statueta-peste-el\/"},"author":{"name":"Anamaria Nedelcoff","@id":"https:\/\/buletin.de\/bucuresti\/#\/schema\/person\/bfa22994f12f5d3353b170aca494f1f9"},"headline":"Copil de \u015fase ani, r\u0103nit \u00een Prim\u0103ria Capitalei, dup\u0103 ce a c\u0103zut o statuet\u0103 peste el","datePublished":"2022-08-22T11:24:22+00:00","dateModified":"2022-08-22T11:24:23+00:00","mainEntityOfPage":{"@id":"https:\/\/buletin.de\/bucuresti\/copil-de-sase-ani-ranit-in-primaria-capitalei-dupa-ce-a-cazut-o-statueta-peste-el\/"},"wordCount":200,"publisher":{"@id":"https:\/\/buletin.de\/bucuresti\/#organization"},"image":{"@id":"https:\/\/buletin.de\/bucuresti\/copil-de-sase-ani-ranit-in-primaria-capitalei-dupa-ce-a-cazut-o-statueta-peste-el\/#primaryimage"},"thumbnailUrl":"https:\/\/buletin.de\/bucuresti\/wp-content\/uploads\/primaria-bucuresti-scaled.jpg","articleSection":["\u0218tiri"],"inLanguage":"en-GB","copyrightYear":"2022","copyrightHolder":{"@id":"https:\/\/buletin.de\/bucuresti\/#organization"}},{"@type":"WebPage","@id":"https:\/\/buletin.de\/bucuresti\/copil-de-sase-ani-ranit-in-primaria-capitalei-dupa-ce-a-cazut-o-statueta-peste-el\/","url":"https:\/\/buletin.de\/bucuresti\/copil-de-sase-ani-ranit-in-primaria-capitalei-dupa-ce-a-cazut-o-statueta-peste-el\/","name":"Copil de \u015fase ani, r\u0103nit \u00een Prim\u0103ria Capitalei, dup\u0103 ce a c\u0103zut o statuet\u0103 peste el - Buletin de Bucure\u0219ti","isPartOf":{"@id":"https:\/\/buletin.de\/bucuresti\/#website"},"primaryImageOfPage":{"@id":"https:\/\/buletin.de\/bucuresti\/copil-de-sase-ani-ranit-in-primaria-capitalei-dupa-ce-a-cazut-o-statueta-peste-el\/#primaryimage"},"image":{"@id":"https:\/\/buletin.de\/bucuresti\/copil-de-sase-ani-ranit-in-primaria-capitalei-dupa-ce-a-cazut-o-statueta-peste-el\/#primaryimage"},"thumbnailUrl":"https:\/\/buletin.de\/bucuresti\/wp-content\/uploads\/primaria-bucuresti-scaled.jpg","datePublished":"2022-08-22T11:24:22+00:00","dateModified":"2022-08-22T11:24:23+00:00","breadcrumb":{"@id":"https:\/\/buletin.de\/bucuresti\/copil-de-sase-ani-ranit-in-primaria-capitalei-dupa-ce-a-cazut-o-statueta-peste-el\/#breadcrumb"},"inLanguage":"en-GB","potentialAction":[{"@type":"ReadAction","target":["https:\/\/buletin.de\/bucuresti\/copil-de-sase-ani-ranit-in-primaria-capitalei-dupa-ce-a-cazut-o-statueta-peste-el\/"]}]},{"@type":"ImageObject","inLanguage":"en-GB","@id":"https:\/\/buletin.de\/bucuresti\/copil-de-sase-ani-ranit-in-primaria-capitalei-dupa-ce-a-cazut-o-statueta-peste-el\/#primaryimage","url":"https:\/\/buletin.de\/bucuresti\/wp-content\/uploads\/primaria-bucuresti-scaled.jpg","contentUrl":"https:\/\/buletin.de\/bucuresti\/wp-content\/uploads\/primaria-bucuresti-scaled.jpg","width":2560,"height":1440},{"@type":"BreadcrumbList","@id":"https:\/\/buletin.de\/bucuresti\/copil-de-sase-ani-ranit-in-primaria-capitalei-dupa-ce-a-cazut-o-statueta-peste-el\/#breadcrumb","itemListElement":[{"@type":"ListItem","position":1,"name":"Acas\u0103","item":"https:\/\/buletin.de\/bucuresti\/"},{"@type":"ListItem","position":2,"name":"Copil de \u015fase ani, r\u0103nit \u00een Prim\u0103ria Capitalei, dup\u0103 ce a c\u0103zut o statuet\u0103 peste el"}]},{"@type":"WebSite","@id":"https:\/\/buletin.de\/bucuresti\/#website","url":"https:\/\/buletin.de\/bucuresti\/","name":"Buletin de Bucure\u0219ti","description":"\u0218tiri \u0219i investiga\u021bii esen\u021biale din capital\u0103","publisher":{"@id":"https:\/\/buletin.de\/bucuresti\/#organization"},"potentialAction":[{"@type":"SearchAction","target":{"@type":"EntryPoint","urlTemplate":"https:\/\/buletin.de\/bucuresti\/?s={search_term_string}"},"query-input":{"@type":"PropertyValueSpecification","valueRequired":true,"valueName":"search_term_string"}}],"inLanguage":"en-GB"},{"@type":"Organization","@id":"https:\/\/buletin.de\/bucuresti\/#organization","name":"Buletin de Bucure\u0219ti","url":"https:\/\/buletin.de\/bucuresti\/","logo":{"@type":"ImageObject","inLanguage":"en-GB","@id":"https:\/\/buletin.de\/bucuresti\/#\/schema\/logo\/image\/","url":"https:\/\/buletin.de\/bucuresti\/wp-content\/uploads\/logo-bdb-full-wide-vernil-transparent.png","contentUrl":"https:\/\/buletin.de\/bucuresti\/wp-content\/uploads\/logo-bdb-full-wide-vernil-transparent.png","width":1782,"height":626,"caption":"Buletin de Bucure\u0219ti"},"image":{"@id":"https:\/\/buletin.de\/bucuresti\/#\/schema\/logo\/image\/"},"sameAs":["https:\/\/www.facebook.com\/buletin.de.buc","https:\/\/www.instagram.com\/buletinde.bucuresti\/"]},{"@type":"Person","@id":"https:\/\/buletin.de\/bucuresti\/#\/schema\/person\/bfa22994f12f5d3353b170aca494f1f9","name":"Anamaria Nedelcoff","image":{"@type":"ImageObject","inLanguage":"en-GB","@id":"https:\/\/secure.gravatar.com\/avatar\/409df91a26b98006111557131cc35236962765b734317e1dcf94c6bc1d010629?s=96&d=monsterid&r=g9bc3ae6c8e1522e913d1a0debd6aec89","url":"https:\/\/secure.gravatar.com\/avatar\/409df91a26b98006111557131cc35236962765b734317e1dcf94c6bc1d010629?s=96&d=monsterid&r=g","contentUrl":"https:\/\/secure.gravatar.com\/avatar\/409df91a26b98006111557131cc35236962765b734317e1dcf94c6bc1d010629?s=96&d=monsterid&r=g","caption":"Anamaria Nedelcoff"},"url":"https:\/\/buletin.de\/bucuresti\/author\/nedelcoff\/"}]}},"authors":[{"term_id":22601,"user_id":38,"is_guest":0,"slug":"nedelcoff","display_name":"Anamaria Nedelcoff","avatar_url":"https:\/\/secure.gravatar.com\/avatar\/409df91a26b98006111557131cc35236962765b734317e1dcf94c6bc1d010629?s=96&d=monsterid&r=g","0":null,"1":"","2":"","3":"","4":"","5":"","6":"","7":"","8":""}],"_links":{"self":[{"href":"https:\/\/buletin.de\/bucuresti\/wp-json\/wp\/v2\/posts\/45673","targetHints":{"allow":["GET"]}}],"collection":[{"href":"https:\/\/buletin.de\/bucuresti\/wp-json\/wp\/v2\/posts"}],"about":[{"href":"https:\/\/buletin.de\/bucuresti\/wp-json\/wp\/v2\/types\/post"}],"author":[{"embeddable":true,"href":"https:\/\/buletin.de\/bucuresti\/wp-json\/wp\/v2\/users\/38"}],"replies":[{"embeddable":true,"href":"https:\/\/buletin.de\/bucuresti\/wp-json\/wp\/v2\/comments?post=45673"}],"version-history":[{"count":3,"href":"https:\/\/buletin.de\/bucuresti\/wp-json\/wp\/v2\/posts\/45673\/revisions"}],"predecessor-version":[{"id":45676,"href":"https:\/\/buletin.de\/bucuresti\/wp-json\/wp\/v2\/posts\/45673\/revisions\/45676"}],"wp:featuredmedia":[{"embeddable":true,"href":"https:\/\/buletin.de\/bucuresti\/wp-json\/wp\/v2\/media\/14163"}],"wp:attachment":[{"href":"https:\/\/buletin.de\/bucuresti\/wp-json\/wp\/v2\/media?parent=45673"}],"wp:term":[{"taxonomy":"category","embeddable":true,"href":"https:\/\/buletin.de\/bucuresti\/wp-json\/wp\/v2\/categories?post=45673"},{"taxonomy":"post_tag","embeddable":true,"href":"https:\/\/buletin.de\/bucuresti\/wp-json\/wp\/v2\/tags?post=45673"},{"taxonomy":"author","embeddable":true,"href":"https:\/\/buletin.de\/bucuresti\/wp-json\/wp\/v2\/ppma_author?post=45673"}],"curies":[{"name":"wp","href":"https:\/\/api.w.org\/{rel}","templated":true}]}}