{"id":45657,"date":"2022-08-19T10:53:44","date_gmt":"2022-08-19T08:53:44","guid":{"rendered":"https:\/\/buletin.de\/bucuresti\/?p=45657"},"modified":"2022-08-19T10:53:45","modified_gmt":"2022-08-19T08:53:45","slug":"sector-6-trei-zile-de-proiectii-de-film-pe-apa-in-parcul-drumul-taberei","status":"publish","type":"post","link":"https:\/\/buletin.de\/bucuresti\/sector-6-trei-zile-de-proiectii-de-film-pe-apa-in-parcul-drumul-taberei\/","title":{"rendered":"Sector 6 | Trei zile de proiec\u021bii de film pe ap\u0103, \u00een Parcul Drumul Taberei"},"content":{"rendered":"\n<p><strong>\u00cen acest weekend, \u00eentre orele 21:00 \u0219i 23:30, vor avea loc proiec\u021bii de film pe ap\u0103, \u00een Parcul Drumul Taberei. Un ecran gonflabil de 12 metri lungime \u0219i aproape 7 metri \u00een\u0103l\u021bime va fi montat pe f\u00e2nt\u00e2na din mijlocul lacului, iar spectatorii vor urm\u0103ri filmele din cele 20 de b\u0103rci \u0219i 14 hidrobiciclete. Accesul va fi gratuit, iar cei care nu vor prinde o ambarca\u021biune se vor relaxa la film pe pufi colora\u021bi, ce vor fi amplasa\u021bi pe iarb\u0103, al\u0103turi de un ceai rece.<\/strong><\/p>\n\n\n\n<figure class=\"wp-block-gallery has-nested-images columns-default is-cropped wp-block-gallery-1 is-layout-flex wp-block-gallery-is-layout-flex\">\n<figure class=\"wp-block-image size-large\"><img fetchpriority=\"high\" decoding=\"async\" width=\"900\" height=\"675\" data-id=\"45659\" src=\"data:image\/gif;base64,R0lGODlhAQABAAAAACH5BAEKAAEALAAAAAABAAEAAAICTAEAOw==\" data-src=\"https:\/\/buletin.de\/bucuresti\/wp-content\/uploads\/WhatsApp-Image-2022-08-19-at-10.44.22-900x675.jpeg\" alt=\"\" class=\"wp-image-45659 lazyload\" data-sizes=\"auto\" data-srcset=\"https:\/\/buletin.de\/bucuresti\/wp-content\/uploads\/WhatsApp-Image-2022-08-19-at-10.44.22-900x675.jpeg 900w, https:\/\/buletin.de\/bucuresti\/wp-content\/uploads\/WhatsApp-Image-2022-08-19-at-10.44.22-300x225.jpeg 300w, https:\/\/buletin.de\/bucuresti\/wp-content\/uploads\/WhatsApp-Image-2022-08-19-at-10.44.22-768x576.jpeg 768w, https:\/\/buletin.de\/bucuresti\/wp-content\/uploads\/WhatsApp-Image-2022-08-19-at-10.44.22-1060x795.jpeg 1060w, https:\/\/buletin.de\/bucuresti\/wp-content\/uploads\/WhatsApp-Image-2022-08-19-at-10.44.22-550x413.jpeg 550w, https:\/\/buletin.de\/bucuresti\/wp-content\/uploads\/WhatsApp-Image-2022-08-19-at-10.44.22-667x500.jpeg 667w, https:\/\/buletin.de\/bucuresti\/wp-content\/uploads\/WhatsApp-Image-2022-08-19-at-10.44.22-600x450.jpeg 600w, https:\/\/buletin.de\/bucuresti\/wp-content\/uploads\/WhatsApp-Image-2022-08-19-at-10.44.22.jpeg 1080w\" sizes=\"(max-width: 900px) 100vw, 900px\" \/><\/figure>\n\n\n\n<figure class=\"wp-block-image size-large\"><img decoding=\"async\" width=\"900\" height=\"674\" data-id=\"45660\" src=\"data:image\/gif;base64,R0lGODlhAQABAAAAACH5BAEKAAEALAAAAAABAAEAAAICTAEAOw==\" data-src=\"https:\/\/buletin.de\/bucuresti\/wp-content\/uploads\/WhatsApp-Image-2022-08-19-at-10.44.39-900x674.jpeg\" alt=\"\" class=\"wp-image-45660 lazyload\" data-sizes=\"auto\" data-srcset=\"https:\/\/buletin.de\/bucuresti\/wp-content\/uploads\/WhatsApp-Image-2022-08-19-at-10.44.39-900x674.jpeg 900w, https:\/\/buletin.de\/bucuresti\/wp-content\/uploads\/WhatsApp-Image-2022-08-19-at-10.44.39-300x225.jpeg 300w, https:\/\/buletin.de\/bucuresti\/wp-content\/uploads\/WhatsApp-Image-2022-08-19-at-10.44.39-768x576.jpeg 768w, https:\/\/buletin.de\/bucuresti\/wp-content\/uploads\/WhatsApp-Image-2022-08-19-at-10.44.39-1536x1151.jpeg 1536w, https:\/\/buletin.de\/bucuresti\/wp-content\/uploads\/WhatsApp-Image-2022-08-19-at-10.44.39-1060x794.jpeg 1060w, https:\/\/buletin.de\/bucuresti\/wp-content\/uploads\/WhatsApp-Image-2022-08-19-at-10.44.39-550x412.jpeg 550w, https:\/\/buletin.de\/bucuresti\/wp-content\/uploads\/WhatsApp-Image-2022-08-19-at-10.44.39-667x500.jpeg 667w, https:\/\/buletin.de\/bucuresti\/wp-content\/uploads\/WhatsApp-Image-2022-08-19-at-10.44.39-1441x1080.jpeg 1441w, https:\/\/buletin.de\/bucuresti\/wp-content\/uploads\/WhatsApp-Image-2022-08-19-at-10.44.39-600x450.jpeg 600w, https:\/\/buletin.de\/bucuresti\/wp-content\/uploads\/WhatsApp-Image-2022-08-19-at-10.44.39.jpeg 1600w\" sizes=\"(max-width: 900px) 100vw, 900px\" \/><\/figure>\n\n\n\n<figure class=\"wp-block-image size-large\"><img decoding=\"async\" width=\"675\" height=\"900\" data-id=\"45658\" src=\"data:image\/gif;base64,R0lGODlhAQABAAAAACH5BAEKAAEALAAAAAABAAEAAAICTAEAOw==\" data-src=\"https:\/\/buletin.de\/bucuresti\/wp-content\/uploads\/WhatsApp-Image-2022-08-19-at-10.44.21-675x900.jpeg\" alt=\"\" class=\"wp-image-45658 lazyload\" data-sizes=\"auto\" data-srcset=\"https:\/\/buletin.de\/bucuresti\/wp-content\/uploads\/WhatsApp-Image-2022-08-19-at-10.44.21-675x900.jpeg 675w, https:\/\/buletin.de\/bucuresti\/wp-content\/uploads\/WhatsApp-Image-2022-08-19-at-10.44.21-225x300.jpeg 225w, https:\/\/buletin.de\/bucuresti\/wp-content\/uploads\/WhatsApp-Image-2022-08-19-at-10.44.21-768x1024.jpeg 768w, https:\/\/buletin.de\/bucuresti\/wp-content\/uploads\/WhatsApp-Image-2022-08-19-at-10.44.21-1060x1413.jpeg 1060w, https:\/\/buletin.de\/bucuresti\/wp-content\/uploads\/WhatsApp-Image-2022-08-19-at-10.44.21-550x733.jpeg 550w, https:\/\/buletin.de\/bucuresti\/wp-content\/uploads\/WhatsApp-Image-2022-08-19-at-10.44.21-375x500.jpeg 375w, https:\/\/buletin.de\/bucuresti\/wp-content\/uploads\/WhatsApp-Image-2022-08-19-at-10.44.21-810x1080.jpeg 810w, https:\/\/buletin.de\/bucuresti\/wp-content\/uploads\/WhatsApp-Image-2022-08-19-at-10.44.21-600x800.jpeg 600w, https:\/\/buletin.de\/bucuresti\/wp-content\/uploads\/WhatsApp-Image-2022-08-19-at-10.44.21.jpeg 1080w\" sizes=\"(max-width: 675px) 100vw, 675px\" \/><\/figure>\n<figcaption class=\"blocks-gallery-caption\">Surs\u0103 Foto: Prim\u0103ria Sectorului 6<\/figcaption><\/figure>\n\n\n\n<p>\u201eCinema sub stele\u201c, organizat de Prim\u0103ria Sectorului 6, se va desf\u0103\u0219ura \u00een perioada 19-28 august, \u00eens\u0103 doar de vineri p\u00e2n\u0103 duminic\u0103 cinematograful va fi pe ap\u0103. Apoi, se va muta la amfiteatrul din parc pentru urm\u0103toarele \u0219apte zile.<\/p>\n\n\n\n<p>Cele 10 filme care urmeaz\u0103 s\u0103 fie proiectate vor fi dintre cele mai diverse, de la documentare, anima\u021bie \u0219i p\u00e2n\u0103 la comedii, aventur\u0103, ac\u021biune, dup\u0103 cum urmeaz\u0103: <\/p>\n\n\n\n<ul class=\"wp-block-list\"><li>Pentru mine, tu e\u0219ti Ceau\u0219escu <\/li><li>M\u0103rite-te cu mine<\/li><li>Yesterday<\/li><li>Jaful secolului<\/li><li>Competi\u021bie oficial\u0103<\/li><li>Hai s\u0103 c\u00e2nt\u0103m din nou<\/li><li>Rom\u00e2nia S\u0103lbatic\u0103<\/li><li>C\u00e2inele, adev\u0103ratul meu prieten 2<\/li><li>Mereu \u00eempreun\u0103<\/li><li>Proful de spionaj<\/li><\/ul>\n\n\n\n<p>Evenimentul se va muta apoi \u00een Parcul Cr\u00e2nga\u0219i, \u00een perioada 2-11 septembrie, unde vor rula alte zece filme, tot \u00een intervalul orar 21.00-23.30. <\/p>\n\n\n\n<p><strong>Surs\u0103 cover: <\/strong>Prim\u0103ria Sectorului 6<\/p>\n","protected":false},"excerpt":{"rendered":"<p>\u00cen acest weekend, \u00eentre orele 21:00 \u0219i 23:30, vor avea loc proiec\u021bii de film pe ap\u0103, \u00een Parcul Drumul Taberei. Un ecran gonflabil de 12 metri lungime \u0219i aproape 7 metri \u00een\u0103l\u021bime va fi montat pe f\u00e2nt\u00e2na din mijlocul lacului, iar spectatorii vor urm\u0103ri filmele din cele 20 de b\u0103rci \u0219i 14 hidrobiciclete. Accesul va [&hellip;]<\/p>\n","protected":false},"author":17,"featured_media":45659,"comment_status":"closed","ping_status":"open","sticky":false,"template":"","format":"standard","meta":{"_acf_changed":false,"inline_featured_image":false,"ngg_post_thumbnail":0,"footnotes":""},"categories":[62],"tags":[],"ppma_author":[22576],"class_list":["post-45657","post","type-post","status-publish","format-standard","has-post-thumbnail","hentry","category-stiri"],"acf":[],"yoast_head":"<!-- This site is optimized with the Yoast SEO Premium plugin v25.3 (Yoast SEO v27.4) - https:\/\/yoast.com\/product\/yoast-seo-premium-wordpress\/ -->\n<title>Sector 6 | Trei zile de proiec\u021bii de film pe ap\u0103, \u00een Parcul Drumul Taberei - Buletin de Bucure\u0219ti<\/title>\n<meta name=\"robots\" content=\"index, follow, max-snippet:-1, max-image-preview:large, max-video-preview:-1\" \/>\n<link rel=\"canonical\" href=\"https:\/\/buletin.de\/bucuresti\/sector-6-trei-zile-de-proiectii-de-film-pe-apa-in-parcul-drumul-taberei\/\" \/>\n<meta property=\"og:locale\" content=\"en_GB\" \/>\n<meta property=\"og:type\" content=\"article\" \/>\n<meta property=\"og:title\" content=\"Sector 6 | Trei zile de proiec\u021bii de film pe ap\u0103, \u00een Parcul Drumul Taberei\" \/>\n<meta property=\"og:description\" content=\"\u00cen acest weekend, \u00eentre orele 21:00 \u0219i 23:30, vor avea loc proiec\u021bii de film pe ap\u0103, \u00een Parcul Drumul Taberei. Un ecran gonflabil de 12 metri lungime \u0219i aproape 7 metri \u00een\u0103l\u021bime va fi montat pe f\u00e2nt\u00e2na din mijlocul lacului, iar spectatorii vor urm\u0103ri filmele din cele 20 de b\u0103rci \u0219i 14 hidrobiciclete. Accesul va [&hellip;]\" \/>\n<meta property=\"og:url\" content=\"https:\/\/buletin.de\/bucuresti\/sector-6-trei-zile-de-proiectii-de-film-pe-apa-in-parcul-drumul-taberei\/\" \/>\n<meta property=\"og:site_name\" content=\"Buletin de Bucure\u0219ti\" \/>\n<meta property=\"article:publisher\" content=\"https:\/\/www.facebook.com\/buletin.de.buc\" \/>\n<meta property=\"article:published_time\" content=\"2022-08-19T08:53:44+00:00\" \/>\n<meta property=\"article:modified_time\" content=\"2022-08-19T08:53:45+00:00\" \/>\n<meta property=\"og:image\" content=\"https:\/\/buletin.de\/bucuresti\/wp-content\/uploads\/WhatsApp-Image-2022-08-19-at-10.44.22.jpeg\" \/>\n\t<meta property=\"og:image:width\" content=\"1080\" \/>\n\t<meta property=\"og:image:height\" content=\"810\" \/>\n\t<meta property=\"og:image:type\" content=\"image\/jpeg\" \/>\n<meta name=\"author\" content=\"Florin R\u00e2\u0219teiu\" \/>\n<meta name=\"twitter:card\" content=\"summary_large_image\" \/>\n<meta name=\"twitter:label1\" content=\"Written by\" \/>\n\t<meta name=\"twitter:data1\" content=\"Florin R\u00e2\u0219teiu\" \/>\n\t<meta name=\"twitter:label2\" content=\"Estimated reading time\" \/>\n\t<meta name=\"twitter:data2\" content=\"2 minutes\" \/>\n<script type=\"application\/ld+json\" class=\"yoast-schema-graph\">{\"@context\":\"https:\\\/\\\/schema.org\",\"@graph\":[{\"@type\":\"Article\",\"@id\":\"https:\\\/\\\/buletin.de\\\/bucuresti\\\/sector-6-trei-zile-de-proiectii-de-film-pe-apa-in-parcul-drumul-taberei\\\/#article\",\"isPartOf\":{\"@id\":\"https:\\\/\\\/buletin.de\\\/bucuresti\\\/sector-6-trei-zile-de-proiectii-de-film-pe-apa-in-parcul-drumul-taberei\\\/\"},\"author\":{\"name\":\"Florin R\u00e2\u0219teiu\",\"@id\":\"https:\\\/\\\/buletin.de\\\/bucuresti\\\/#\\\/schema\\\/person\\\/b0686d7a8b666c6afc78239777fd8a89\"},\"headline\":\"Sector 6 | Trei zile de proiec\u021bii de film pe ap\u0103, \u00een Parcul Drumul Taberei\",\"datePublished\":\"2022-08-19T08:53:44+00:00\",\"dateModified\":\"2022-08-19T08:53:45+00:00\",\"mainEntityOfPage\":{\"@id\":\"https:\\\/\\\/buletin.de\\\/bucuresti\\\/sector-6-trei-zile-de-proiectii-de-film-pe-apa-in-parcul-drumul-taberei\\\/\"},\"wordCount\":247,\"publisher\":{\"@id\":\"https:\\\/\\\/buletin.de\\\/bucuresti\\\/#organization\"},\"image\":{\"@id\":\"https:\\\/\\\/buletin.de\\\/bucuresti\\\/sector-6-trei-zile-de-proiectii-de-film-pe-apa-in-parcul-drumul-taberei\\\/#primaryimage\"},\"thumbnailUrl\":\"https:\\\/\\\/buletin.de\\\/bucuresti\\\/wp-content\\\/uploads\\\/WhatsApp-Image-2022-08-19-at-10.44.22.jpeg\",\"articleSection\":[\"\u0218tiri\"],\"inLanguage\":\"en-GB\",\"copyrightYear\":\"2022\",\"copyrightHolder\":{\"@id\":\"https:\\\/\\\/buletin.de\\\/bucuresti\\\/#organization\"}},{\"@type\":\"WebPage\",\"@id\":\"https:\\\/\\\/buletin.de\\\/bucuresti\\\/sector-6-trei-zile-de-proiectii-de-film-pe-apa-in-parcul-drumul-taberei\\\/\",\"url\":\"https:\\\/\\\/buletin.de\\\/bucuresti\\\/sector-6-trei-zile-de-proiectii-de-film-pe-apa-in-parcul-drumul-taberei\\\/\",\"name\":\"Sector 6 | Trei zile de proiec\u021bii de film pe ap\u0103, \u00een Parcul Drumul Taberei - Buletin de Bucure\u0219ti\",\"isPartOf\":{\"@id\":\"https:\\\/\\\/buletin.de\\\/bucuresti\\\/#website\"},\"primaryImageOfPage\":{\"@id\":\"https:\\\/\\\/buletin.de\\\/bucuresti\\\/sector-6-trei-zile-de-proiectii-de-film-pe-apa-in-parcul-drumul-taberei\\\/#primaryimage\"},\"image\":{\"@id\":\"https:\\\/\\\/buletin.de\\\/bucuresti\\\/sector-6-trei-zile-de-proiectii-de-film-pe-apa-in-parcul-drumul-taberei\\\/#primaryimage\"},\"thumbnailUrl\":\"https:\\\/\\\/buletin.de\\\/bucuresti\\\/wp-content\\\/uploads\\\/WhatsApp-Image-2022-08-19-at-10.44.22.jpeg\",\"datePublished\":\"2022-08-19T08:53:44+00:00\",\"dateModified\":\"2022-08-19T08:53:45+00:00\",\"breadcrumb\":{\"@id\":\"https:\\\/\\\/buletin.de\\\/bucuresti\\\/sector-6-trei-zile-de-proiectii-de-film-pe-apa-in-parcul-drumul-taberei\\\/#breadcrumb\"},\"inLanguage\":\"en-GB\",\"potentialAction\":[{\"@type\":\"ReadAction\",\"target\":[\"https:\\\/\\\/buletin.de\\\/bucuresti\\\/sector-6-trei-zile-de-proiectii-de-film-pe-apa-in-parcul-drumul-taberei\\\/\"]}]},{\"@type\":\"ImageObject\",\"inLanguage\":\"en-GB\",\"@id\":\"https:\\\/\\\/buletin.de\\\/bucuresti\\\/sector-6-trei-zile-de-proiectii-de-film-pe-apa-in-parcul-drumul-taberei\\\/#primaryimage\",\"url\":\"https:\\\/\\\/buletin.de\\\/bucuresti\\\/wp-content\\\/uploads\\\/WhatsApp-Image-2022-08-19-at-10.44.22.jpeg\",\"contentUrl\":\"https:\\\/\\\/buletin.de\\\/bucuresti\\\/wp-content\\\/uploads\\\/WhatsApp-Image-2022-08-19-at-10.44.22.jpeg\",\"width\":1080,\"height\":810},{\"@type\":\"BreadcrumbList\",\"@id\":\"https:\\\/\\\/buletin.de\\\/bucuresti\\\/sector-6-trei-zile-de-proiectii-de-film-pe-apa-in-parcul-drumul-taberei\\\/#breadcrumb\",\"itemListElement\":[{\"@type\":\"ListItem\",\"position\":1,\"name\":\"Acas\u0103\",\"item\":\"https:\\\/\\\/buletin.de\\\/bucuresti\\\/\"},{\"@type\":\"ListItem\",\"position\":2,\"name\":\"Sector 6 | Trei zile de proiec\u021bii de film pe ap\u0103, \u00een Parcul Drumul Taberei\"}]},{\"@type\":\"WebSite\",\"@id\":\"https:\\\/\\\/buletin.de\\\/bucuresti\\\/#website\",\"url\":\"https:\\\/\\\/buletin.de\\\/bucuresti\\\/\",\"name\":\"Buletin de Bucure\u0219ti\",\"description\":\"\u0218tiri \u0219i investiga\u021bii esen\u021biale din capital\u0103\",\"publisher\":{\"@id\":\"https:\\\/\\\/buletin.de\\\/bucuresti\\\/#organization\"},\"potentialAction\":[{\"@type\":\"SearchAction\",\"target\":{\"@type\":\"EntryPoint\",\"urlTemplate\":\"https:\\\/\\\/buletin.de\\\/bucuresti\\\/?s={search_term_string}\"},\"query-input\":{\"@type\":\"PropertyValueSpecification\",\"valueRequired\":true,\"valueName\":\"search_term_string\"}}],\"inLanguage\":\"en-GB\"},{\"@type\":\"Organization\",\"@id\":\"https:\\\/\\\/buletin.de\\\/bucuresti\\\/#organization\",\"name\":\"Buletin de Bucure\u0219ti\",\"url\":\"https:\\\/\\\/buletin.de\\\/bucuresti\\\/\",\"logo\":{\"@type\":\"ImageObject\",\"inLanguage\":\"en-GB\",\"@id\":\"https:\\\/\\\/buletin.de\\\/bucuresti\\\/#\\\/schema\\\/logo\\\/image\\\/\",\"url\":\"https:\\\/\\\/buletin.de\\\/bucuresti\\\/wp-content\\\/uploads\\\/logo-bdb-full-wide-vernil-transparent.png\",\"contentUrl\":\"https:\\\/\\\/buletin.de\\\/bucuresti\\\/wp-content\\\/uploads\\\/logo-bdb-full-wide-vernil-transparent.png\",\"width\":1782,\"height\":626,\"caption\":\"Buletin de Bucure\u0219ti\"},\"image\":{\"@id\":\"https:\\\/\\\/buletin.de\\\/bucuresti\\\/#\\\/schema\\\/logo\\\/image\\\/\"},\"sameAs\":[\"https:\\\/\\\/www.facebook.com\\\/buletin.de.buc\",\"https:\\\/\\\/www.instagram.com\\\/buletinde.bucuresti\\\/\"]},{\"@type\":\"Person\",\"@id\":\"https:\\\/\\\/buletin.de\\\/bucuresti\\\/#\\\/schema\\\/person\\\/b0686d7a8b666c6afc78239777fd8a89\",\"name\":\"Florin R\u00e2\u0219teiu\",\"image\":{\"@type\":\"ImageObject\",\"inLanguage\":\"en-GB\",\"@id\":\"https:\\\/\\\/buletin.de\\\/bucuresti\\\/wp-content\\\/uploads\\\/Florin-Rasteiu-96x96.jpgf0a6fe28453aa12f0a60e4d0a2e3a78c\",\"url\":\"https:\\\/\\\/buletin.de\\\/bucuresti\\\/wp-content\\\/uploads\\\/Florin-Rasteiu-96x96.jpg\",\"contentUrl\":\"https:\\\/\\\/buletin.de\\\/bucuresti\\\/wp-content\\\/uploads\\\/Florin-Rasteiu-96x96.jpg\",\"caption\":\"Florin R\u00e2\u0219teiu\"},\"description\":\"Jurnalist de investiga\u021bie. Lucreaz\u0103 de aproape 6 ani la Buletin de Bucure\u0219ti, unde a publicat articole care scot la suprafa\u021b\u0103 corup\u021bia din Capital\u0103. Analizeaz\u0103 baze de date zilnic \u0219i scoate pove\u0219ti din exceluri pline de cifre. Pune reflectorul pe adev\u0103r cu fiecare ocazie. A c\u00e2\u0219tigat premiul I la categoria Pres\u0103 Local\u0103 \u00een 2025 \u0219i locul al II-lea la aceea\u0219i categorie \u00een 2024 \u00een cadrul Premiilor Superscrieri pentru jurnalism independent.\",\"url\":\"https:\\\/\\\/buletin.de\\\/bucuresti\\\/author\\\/florinrasteiu\\\/\"}]}<\/script>\n<!-- \/ Yoast SEO Premium plugin. -->","yoast_head_json":{"title":"Sector 6 | Trei zile de proiec\u021bii de film pe ap\u0103, \u00een Parcul Drumul Taberei - Buletin de Bucure\u0219ti","robots":{"index":"index","follow":"follow","max-snippet":"max-snippet:-1","max-image-preview":"max-image-preview:large","max-video-preview":"max-video-preview:-1"},"canonical":"https:\/\/buletin.de\/bucuresti\/sector-6-trei-zile-de-proiectii-de-film-pe-apa-in-parcul-drumul-taberei\/","og_locale":"en_GB","og_type":"article","og_title":"Sector 6 | Trei zile de proiec\u021bii de film pe ap\u0103, \u00een Parcul Drumul Taberei","og_description":"\u00cen acest weekend, \u00eentre orele 21:00 \u0219i 23:30, vor avea loc proiec\u021bii de film pe ap\u0103, \u00een Parcul Drumul Taberei. Un ecran gonflabil de 12 metri lungime \u0219i aproape 7 metri \u00een\u0103l\u021bime va fi montat pe f\u00e2nt\u00e2na din mijlocul lacului, iar spectatorii vor urm\u0103ri filmele din cele 20 de b\u0103rci \u0219i 14 hidrobiciclete. Accesul va [&hellip;]","og_url":"https:\/\/buletin.de\/bucuresti\/sector-6-trei-zile-de-proiectii-de-film-pe-apa-in-parcul-drumul-taberei\/","og_site_name":"Buletin de Bucure\u0219ti","article_publisher":"https:\/\/www.facebook.com\/buletin.de.buc","article_published_time":"2022-08-19T08:53:44+00:00","article_modified_time":"2022-08-19T08:53:45+00:00","og_image":[{"width":1080,"height":810,"url":"https:\/\/buletin.de\/bucuresti\/wp-content\/uploads\/WhatsApp-Image-2022-08-19-at-10.44.22.jpeg","type":"image\/jpeg"}],"author":"Florin R\u00e2\u0219teiu","twitter_card":"summary_large_image","twitter_misc":{"Written by":"Florin R\u00e2\u0219teiu","Estimated reading time":"2 minutes"},"schema":{"@context":"https:\/\/schema.org","@graph":[{"@type":"Article","@id":"https:\/\/buletin.de\/bucuresti\/sector-6-trei-zile-de-proiectii-de-film-pe-apa-in-parcul-drumul-taberei\/#article","isPartOf":{"@id":"https:\/\/buletin.de\/bucuresti\/sector-6-trei-zile-de-proiectii-de-film-pe-apa-in-parcul-drumul-taberei\/"},"author":{"name":"Florin R\u00e2\u0219teiu","@id":"https:\/\/buletin.de\/bucuresti\/#\/schema\/person\/b0686d7a8b666c6afc78239777fd8a89"},"headline":"Sector 6 | Trei zile de proiec\u021bii de film pe ap\u0103, \u00een Parcul Drumul Taberei","datePublished":"2022-08-19T08:53:44+00:00","dateModified":"2022-08-19T08:53:45+00:00","mainEntityOfPage":{"@id":"https:\/\/buletin.de\/bucuresti\/sector-6-trei-zile-de-proiectii-de-film-pe-apa-in-parcul-drumul-taberei\/"},"wordCount":247,"publisher":{"@id":"https:\/\/buletin.de\/bucuresti\/#organization"},"image":{"@id":"https:\/\/buletin.de\/bucuresti\/sector-6-trei-zile-de-proiectii-de-film-pe-apa-in-parcul-drumul-taberei\/#primaryimage"},"thumbnailUrl":"https:\/\/buletin.de\/bucuresti\/wp-content\/uploads\/WhatsApp-Image-2022-08-19-at-10.44.22.jpeg","articleSection":["\u0218tiri"],"inLanguage":"en-GB","copyrightYear":"2022","copyrightHolder":{"@id":"https:\/\/buletin.de\/bucuresti\/#organization"}},{"@type":"WebPage","@id":"https:\/\/buletin.de\/bucuresti\/sector-6-trei-zile-de-proiectii-de-film-pe-apa-in-parcul-drumul-taberei\/","url":"https:\/\/buletin.de\/bucuresti\/sector-6-trei-zile-de-proiectii-de-film-pe-apa-in-parcul-drumul-taberei\/","name":"Sector 6 | Trei zile de proiec\u021bii de film pe ap\u0103, \u00een Parcul Drumul Taberei - Buletin de Bucure\u0219ti","isPartOf":{"@id":"https:\/\/buletin.de\/bucuresti\/#website"},"primaryImageOfPage":{"@id":"https:\/\/buletin.de\/bucuresti\/sector-6-trei-zile-de-proiectii-de-film-pe-apa-in-parcul-drumul-taberei\/#primaryimage"},"image":{"@id":"https:\/\/buletin.de\/bucuresti\/sector-6-trei-zile-de-proiectii-de-film-pe-apa-in-parcul-drumul-taberei\/#primaryimage"},"thumbnailUrl":"https:\/\/buletin.de\/bucuresti\/wp-content\/uploads\/WhatsApp-Image-2022-08-19-at-10.44.22.jpeg","datePublished":"2022-08-19T08:53:44+00:00","dateModified":"2022-08-19T08:53:45+00:00","breadcrumb":{"@id":"https:\/\/buletin.de\/bucuresti\/sector-6-trei-zile-de-proiectii-de-film-pe-apa-in-parcul-drumul-taberei\/#breadcrumb"},"inLanguage":"en-GB","potentialAction":[{"@type":"ReadAction","target":["https:\/\/buletin.de\/bucuresti\/sector-6-trei-zile-de-proiectii-de-film-pe-apa-in-parcul-drumul-taberei\/"]}]},{"@type":"ImageObject","inLanguage":"en-GB","@id":"https:\/\/buletin.de\/bucuresti\/sector-6-trei-zile-de-proiectii-de-film-pe-apa-in-parcul-drumul-taberei\/#primaryimage","url":"https:\/\/buletin.de\/bucuresti\/wp-content\/uploads\/WhatsApp-Image-2022-08-19-at-10.44.22.jpeg","contentUrl":"https:\/\/buletin.de\/bucuresti\/wp-content\/uploads\/WhatsApp-Image-2022-08-19-at-10.44.22.jpeg","width":1080,"height":810},{"@type":"BreadcrumbList","@id":"https:\/\/buletin.de\/bucuresti\/sector-6-trei-zile-de-proiectii-de-film-pe-apa-in-parcul-drumul-taberei\/#breadcrumb","itemListElement":[{"@type":"ListItem","position":1,"name":"Acas\u0103","item":"https:\/\/buletin.de\/bucuresti\/"},{"@type":"ListItem","position":2,"name":"Sector 6 | Trei zile de proiec\u021bii de film pe ap\u0103, \u00een Parcul Drumul Taberei"}]},{"@type":"WebSite","@id":"https:\/\/buletin.de\/bucuresti\/#website","url":"https:\/\/buletin.de\/bucuresti\/","name":"Buletin de Bucure\u0219ti","description":"\u0218tiri \u0219i investiga\u021bii esen\u021biale din capital\u0103","publisher":{"@id":"https:\/\/buletin.de\/bucuresti\/#organization"},"potentialAction":[{"@type":"SearchAction","target":{"@type":"EntryPoint","urlTemplate":"https:\/\/buletin.de\/bucuresti\/?s={search_term_string}"},"query-input":{"@type":"PropertyValueSpecification","valueRequired":true,"valueName":"search_term_string"}}],"inLanguage":"en-GB"},{"@type":"Organization","@id":"https:\/\/buletin.de\/bucuresti\/#organization","name":"Buletin de Bucure\u0219ti","url":"https:\/\/buletin.de\/bucuresti\/","logo":{"@type":"ImageObject","inLanguage":"en-GB","@id":"https:\/\/buletin.de\/bucuresti\/#\/schema\/logo\/image\/","url":"https:\/\/buletin.de\/bucuresti\/wp-content\/uploads\/logo-bdb-full-wide-vernil-transparent.png","contentUrl":"https:\/\/buletin.de\/bucuresti\/wp-content\/uploads\/logo-bdb-full-wide-vernil-transparent.png","width":1782,"height":626,"caption":"Buletin de Bucure\u0219ti"},"image":{"@id":"https:\/\/buletin.de\/bucuresti\/#\/schema\/logo\/image\/"},"sameAs":["https:\/\/www.facebook.com\/buletin.de.buc","https:\/\/www.instagram.com\/buletinde.bucuresti\/"]},{"@type":"Person","@id":"https:\/\/buletin.de\/bucuresti\/#\/schema\/person\/b0686d7a8b666c6afc78239777fd8a89","name":"Florin R\u00e2\u0219teiu","image":{"@type":"ImageObject","inLanguage":"en-GB","@id":"https:\/\/buletin.de\/bucuresti\/wp-content\/uploads\/Florin-Rasteiu-96x96.jpgf0a6fe28453aa12f0a60e4d0a2e3a78c","url":"https:\/\/buletin.de\/bucuresti\/wp-content\/uploads\/Florin-Rasteiu-96x96.jpg","contentUrl":"https:\/\/buletin.de\/bucuresti\/wp-content\/uploads\/Florin-Rasteiu-96x96.jpg","caption":"Florin R\u00e2\u0219teiu"},"description":"Jurnalist de investiga\u021bie. Lucreaz\u0103 de aproape 6 ani la Buletin de Bucure\u0219ti, unde a publicat articole care scot la suprafa\u021b\u0103 corup\u021bia din Capital\u0103. Analizeaz\u0103 baze de date zilnic \u0219i scoate pove\u0219ti din exceluri pline de cifre. Pune reflectorul pe adev\u0103r cu fiecare ocazie. A c\u00e2\u0219tigat premiul I la categoria Pres\u0103 Local\u0103 \u00een 2025 \u0219i locul al II-lea la aceea\u0219i categorie \u00een 2024 \u00een cadrul Premiilor Superscrieri pentru jurnalism independent.","url":"https:\/\/buletin.de\/bucuresti\/author\/florinrasteiu\/"}]}},"authors":[{"term_id":22576,"user_id":17,"is_guest":0,"slug":"florinrasteiu","display_name":"Florin R\u00e2\u0219teiu","avatar_url":"https:\/\/buletin.de\/bucuresti\/wp-content\/uploads\/Florin-Rasteiu-96x96.jpg","0":null,"1":"","2":"","3":"","4":"","5":"","6":"","7":"","8":""}],"_links":{"self":[{"href":"https:\/\/buletin.de\/bucuresti\/wp-json\/wp\/v2\/posts\/45657","targetHints":{"allow":["GET"]}}],"collection":[{"href":"https:\/\/buletin.de\/bucuresti\/wp-json\/wp\/v2\/posts"}],"about":[{"href":"https:\/\/buletin.de\/bucuresti\/wp-json\/wp\/v2\/types\/post"}],"author":[{"embeddable":true,"href":"https:\/\/buletin.de\/bucuresti\/wp-json\/wp\/v2\/users\/17"}],"replies":[{"embeddable":true,"href":"https:\/\/buletin.de\/bucuresti\/wp-json\/wp\/v2\/comments?post=45657"}],"version-history":[{"count":2,"href":"https:\/\/buletin.de\/bucuresti\/wp-json\/wp\/v2\/posts\/45657\/revisions"}],"predecessor-version":[{"id":45662,"href":"https:\/\/buletin.de\/bucuresti\/wp-json\/wp\/v2\/posts\/45657\/revisions\/45662"}],"wp:featuredmedia":[{"embeddable":true,"href":"https:\/\/buletin.de\/bucuresti\/wp-json\/wp\/v2\/media\/45659"}],"wp:attachment":[{"href":"https:\/\/buletin.de\/bucuresti\/wp-json\/wp\/v2\/media?parent=45657"}],"wp:term":[{"taxonomy":"category","embeddable":true,"href":"https:\/\/buletin.de\/bucuresti\/wp-json\/wp\/v2\/categories?post=45657"},{"taxonomy":"post_tag","embeddable":true,"href":"https:\/\/buletin.de\/bucuresti\/wp-json\/wp\/v2\/tags?post=45657"},{"taxonomy":"author","embeddable":true,"href":"https:\/\/buletin.de\/bucuresti\/wp-json\/wp\/v2\/ppma_author?post=45657"}],"curies":[{"name":"wp","href":"https:\/\/api.w.org\/{rel}","templated":true}]}}