{"id":45630,"date":"2022-08-18T14:52:27","date_gmt":"2022-08-18T12:52:27","guid":{"rendered":"https:\/\/buletin.de\/bucuresti\/?p=45630"},"modified":"2022-08-18T14:52:28","modified_gmt":"2022-08-18T12:52:28","slug":"concurs-de-solutii-pentru-amenajarea-lacului-morii-primaria-sector-6-vrea-sa-investeasca-pana-la-20-de-milioane-de-lei","status":"publish","type":"post","link":"https:\/\/buletin.de\/bucuresti\/concurs-de-solutii-pentru-amenajarea-lacului-morii-primaria-sector-6-vrea-sa-investeasca-pana-la-20-de-milioane-de-lei\/","title":{"rendered":"Concurs de solu\u021bii pentru amenajarea Lacului Morii. Prim\u0103ria Sector 6 vrea s\u0103 investeasc\u0103 p\u00e2n\u0103 la 20 de milioane de lei"},"content":{"rendered":"\n<p><strong><strong>Prim\u0103ria Sectorului 6 vrea s\u0103 transforme zona din jurul Lacului Morii \u00eentr-o \u201eoaz\u0103 de verdea\u021b\u0103 de 16,6 hectare\u201c cu zone de recreere, terenuri de sport, sporturi nautice \u0219i spa\u021bii moderne pentru evenimente culturale. Pentru partea de proiectare, prim\u0103ria a lansat un concurs de solu\u021bii de pe urma c\u0103ruia se va decide, de c\u0103tre un juriu independent. Doar concursul de solu\u021bii cost\u0103 2,9 milioane de lei, iar investi\u021bia ar putea ajunge la 20 de milioane de lei.\u00a0<\/strong><\/strong><\/p>\n\n\n\n<figure class=\"wp-block-video\"><video controls src=\"https:\/\/buletin.de\/bucuresti\/wp-content\/uploads\/WhatsApp-Video-2022-08-18-at-14.46.31.mp4\"><\/video><figcaption>Sus\u0103 video: Prim\u0103ria Sectorului 6<\/figcaption><\/figure>\n\n\n\n<p>\u00cen concursul de solu\u021bii vor intra pentru proiectare Parcul Cr\u00e2nga\u015fi (modific\u0103ri minimale, mai ales \u00een zona parc\u0103rii), continu\u0103 spre nord, ajunge la insula Lacul Morii, p\u00e2n\u0103 la Chiajna, \u00een&nbsp; zona adiacent\u0103 digului, dar \u0219i pe zona sudic\u0103. F\u00e2\u0219ia efectiv\u0103 pentru care vor fi propuse solu\u021bii ce urmeaz\u0103 s\u0103 fie implementate are 40-100 de metri l\u0103\u021bime (\u00eentre malul lacului \u0219i limitele de proprietate). Toat\u0103 aceast\u0103 f\u00e2\u0219ie e \u00eemp\u0103r\u021bit\u0103 \u00een \u0219ase zone.&nbsp;<\/p>\n\n\n\n<figure class=\"wp-block-gallery has-nested-images columns-default is-cropped wp-block-gallery-1 is-layout-flex wp-block-gallery-is-layout-flex\">\n<figure class=\"wp-block-image size-large\"><a href=\"https:\/\/buletin.de\/bucuresti\/wp-content\/uploads\/WhatsApp-Image-2022-08-18-at-14.46.31-2.jpeg\"><img fetchpriority=\"high\" decoding=\"async\" width=\"900\" height=\"629\" data-id=\"45633\" src=\"data:image\/gif;base64,R0lGODlhAQABAAAAACH5BAEKAAEALAAAAAABAAEAAAICTAEAOw==\" data-src=\"https:\/\/buletin.de\/bucuresti\/wp-content\/uploads\/WhatsApp-Image-2022-08-18-at-14.46.31-2-900x629.jpeg\" alt=\"\" class=\"wp-image-45633 lazyload\" data-sizes=\"auto\" data-srcset=\"https:\/\/buletin.de\/bucuresti\/wp-content\/uploads\/WhatsApp-Image-2022-08-18-at-14.46.31-2-900x629.jpeg 900w, https:\/\/buletin.de\/bucuresti\/wp-content\/uploads\/WhatsApp-Image-2022-08-18-at-14.46.31-2-300x210.jpeg 300w, https:\/\/buletin.de\/bucuresti\/wp-content\/uploads\/WhatsApp-Image-2022-08-18-at-14.46.31-2-768x537.jpeg 768w, https:\/\/buletin.de\/bucuresti\/wp-content\/uploads\/WhatsApp-Image-2022-08-18-at-14.46.31-2-1536x1073.jpeg 1536w, https:\/\/buletin.de\/bucuresti\/wp-content\/uploads\/WhatsApp-Image-2022-08-18-at-14.46.31-2-1060x741.jpeg 1060w, https:\/\/buletin.de\/bucuresti\/wp-content\/uploads\/WhatsApp-Image-2022-08-18-at-14.46.31-2-550x384.jpeg 550w, https:\/\/buletin.de\/bucuresti\/wp-content\/uploads\/WhatsApp-Image-2022-08-18-at-14.46.31-2-716x500.jpeg 716w, https:\/\/buletin.de\/bucuresti\/wp-content\/uploads\/WhatsApp-Image-2022-08-18-at-14.46.31-2-1546x1080.jpeg 1546w, https:\/\/buletin.de\/bucuresti\/wp-content\/uploads\/WhatsApp-Image-2022-08-18-at-14.46.31-2-600x419.jpeg 600w, https:\/\/buletin.de\/bucuresti\/wp-content\/uploads\/WhatsApp-Image-2022-08-18-at-14.46.31-2.jpeg 1600w\" sizes=\"(max-width: 900px) 100vw, 900px\" \/><\/a><\/figure>\n\n\n\n<figure class=\"wp-block-image size-large\"><a href=\"https:\/\/buletin.de\/bucuresti\/wp-content\/uploads\/WhatsApp-Image-2022-08-18-at-14.46.31-2-1.jpeg\"><img decoding=\"async\" width=\"900\" height=\"631\" data-id=\"45635\" src=\"data:image\/gif;base64,R0lGODlhAQABAAAAACH5BAEKAAEALAAAAAABAAEAAAICTAEAOw==\" data-src=\"https:\/\/buletin.de\/bucuresti\/wp-content\/uploads\/WhatsApp-Image-2022-08-18-at-14.46.31-2-1-900x631.jpeg\" alt=\"\" class=\"wp-image-45635 lazyload\" data-sizes=\"auto\" data-srcset=\"https:\/\/buletin.de\/bucuresti\/wp-content\/uploads\/WhatsApp-Image-2022-08-18-at-14.46.31-2-1-900x631.jpeg 900w, https:\/\/buletin.de\/bucuresti\/wp-content\/uploads\/WhatsApp-Image-2022-08-18-at-14.46.31-2-1-300x210.jpeg 300w, https:\/\/buletin.de\/bucuresti\/wp-content\/uploads\/WhatsApp-Image-2022-08-18-at-14.46.31-2-1-768x539.jpeg 768w, https:\/\/buletin.de\/bucuresti\/wp-content\/uploads\/WhatsApp-Image-2022-08-18-at-14.46.31-2-1-1536x1077.jpeg 1536w, https:\/\/buletin.de\/bucuresti\/wp-content\/uploads\/WhatsApp-Image-2022-08-18-at-14.46.31-2-1-1060x743.jpeg 1060w, https:\/\/buletin.de\/bucuresti\/wp-content\/uploads\/WhatsApp-Image-2022-08-18-at-14.46.31-2-1-550x386.jpeg 550w, https:\/\/buletin.de\/bucuresti\/wp-content\/uploads\/WhatsApp-Image-2022-08-18-at-14.46.31-2-1-713x500.jpeg 713w, https:\/\/buletin.de\/bucuresti\/wp-content\/uploads\/WhatsApp-Image-2022-08-18-at-14.46.31-2-1-1540x1080.jpeg 1540w, https:\/\/buletin.de\/bucuresti\/wp-content\/uploads\/WhatsApp-Image-2022-08-18-at-14.46.31-2-1-600x421.jpeg 600w, https:\/\/buletin.de\/bucuresti\/wp-content\/uploads\/WhatsApp-Image-2022-08-18-at-14.46.31-2-1.jpeg 1600w\" sizes=\"(max-width: 900px) 100vw, 900px\" \/><\/a><\/figure>\n\n\n\n<figure class=\"wp-block-image size-large\"><a href=\"https:\/\/buletin.de\/bucuresti\/wp-content\/uploads\/WhatsApp-Image-2022-08-18-at-14.46.31-1-1.jpeg\"><img decoding=\"async\" width=\"900\" height=\"629\" data-id=\"45634\" src=\"data:image\/gif;base64,R0lGODlhAQABAAAAACH5BAEKAAEALAAAAAABAAEAAAICTAEAOw==\" data-src=\"https:\/\/buletin.de\/bucuresti\/wp-content\/uploads\/WhatsApp-Image-2022-08-18-at-14.46.31-1-1-900x629.jpeg\" alt=\"\" class=\"wp-image-45634 lazyload\" data-sizes=\"auto\" data-srcset=\"https:\/\/buletin.de\/bucuresti\/wp-content\/uploads\/WhatsApp-Image-2022-08-18-at-14.46.31-1-1-900x629.jpeg 900w, https:\/\/buletin.de\/bucuresti\/wp-content\/uploads\/WhatsApp-Image-2022-08-18-at-14.46.31-1-1-300x210.jpeg 300w, https:\/\/buletin.de\/bucuresti\/wp-content\/uploads\/WhatsApp-Image-2022-08-18-at-14.46.31-1-1-768x537.jpeg 768w, https:\/\/buletin.de\/bucuresti\/wp-content\/uploads\/WhatsApp-Image-2022-08-18-at-14.46.31-1-1-1536x1074.jpeg 1536w, https:\/\/buletin.de\/bucuresti\/wp-content\/uploads\/WhatsApp-Image-2022-08-18-at-14.46.31-1-1-1060x741.jpeg 1060w, https:\/\/buletin.de\/bucuresti\/wp-content\/uploads\/WhatsApp-Image-2022-08-18-at-14.46.31-1-1-550x385.jpeg 550w, https:\/\/buletin.de\/bucuresti\/wp-content\/uploads\/WhatsApp-Image-2022-08-18-at-14.46.31-1-1-715x500.jpeg 715w, https:\/\/buletin.de\/bucuresti\/wp-content\/uploads\/WhatsApp-Image-2022-08-18-at-14.46.31-1-1-1544x1080.jpeg 1544w, https:\/\/buletin.de\/bucuresti\/wp-content\/uploads\/WhatsApp-Image-2022-08-18-at-14.46.31-1-1-600x420.jpeg 600w, https:\/\/buletin.de\/bucuresti\/wp-content\/uploads\/WhatsApp-Image-2022-08-18-at-14.46.31-1-1.jpeg 1600w\" sizes=\"(max-width: 900px) 100vw, 900px\" \/><\/a><\/figure>\n<figcaption class=\"blocks-gallery-caption\">Surs\u0103 Foto: Prim\u0103ria Sectorului 6<\/figcaption><\/figure>\n\n\n\n<p><\/p>\n\n\n\n<p>Concursul de solu\u021bii lansat de Prim\u0103ria Sectorului 6 se va \u00eencheia pe 21 octombrie, iar pe 31 octombrie va fi anun\u021bat c\u00e2\u0219tig\u0103torul. Concursul va fi interna\u021bional, deci se poate aplica de oriunde din lume \u0219i c\u00e2\u0219tig\u0103torul va primi un premiu de 2,6 milioane de lei de la Prim\u0103rie. De asemenea, ocupan\u021bii locurilor 2 \u0219i 3 vor fi premia\u021bi cu 148 de mii de lei, respectiv 74 de mii de lei.&nbsp;<\/p>\n\n\n\n<p>Proiectarea va fi f\u0103cut\u0103 de c\u0103tre c\u00e2\u0219tig\u0103torul concursului \u0219i va dura aproximativ 6 luni. Conform edilului Ciprian Ciucu, dup\u0103 proiectare exist\u0103 trei op\u021biuni: <\/p>\n\n\n\n<ul class=\"wp-block-list\"><li>Licita\u021bie public\u0103 pentru lucr\u0103ri &#8211; procedura de licita\u021bie ar dura 4 luni<\/li><li>Acord cadru cu contracte subsecvente care s\u0103 acopere c\u00e2t mai mult din proiect <\/li><li>Licita\u021bie separat\u0103 pentru fiecare dintre cele \u0219ase loturi ale proiectului <\/li><\/ul>\n\n\n\n<p>Proiectul are \u0219ase zone \u0219i va fi finalizat \u00een 3 ani de acum, \u00een 2025. Prim\u0103ria \u00ee\u0219i propune ca m\u0103car una dintre etape s\u0103 fie gata \u00een 2024, ca mai apoi, \u00eentr-un an, s\u0103 le finalizeze pe toate.&nbsp;<\/p>\n\n\n\n<blockquote class=\"wp-block-quote is-layout-flow wp-block-quote-is-layout-flow\"><p><em>Dac\u0103 \u00een 2024 avem finalizat\u0103 m\u0103car o etap\u0103, eu sunt mul\u021bumit, pentru c\u0103 apoi, \u00een maximum un an, cel t\u00e2rziu \u00een 2025 va fi totul gata<\/em><\/p><cite>A spus Ciprian Ciucu<\/cite><\/blockquote>\n\n\n\n<p>Suma maxim\u0103 a investi\u021biei va fi de 20 de milioane de euro. Edilul Sectorului 6 a sus\u021binut \u00een timpul conferin\u021bei c\u0103 Prim\u0103ria o s\u0103 caute linii de finan\u021bare care pot fi accesate pentru a acoperi o parte din bani, dar dac\u0103 nu vor fi g\u0103site, proiectul va fi f\u0103cut din bugetul local. <\/p>\n\n\n\n<blockquote class=\"wp-block-quote is-layout-flow wp-block-quote-is-layout-flow\"><p><em>Vom vedea ce linii de finan\u021bare vor fi deschise. Dac\u0103 vor fi, noi le vom accesa<\/em><\/p><cite>A ad\u0103ugat Ciprian Ciucu <\/cite><\/blockquote>\n\n\n\n<p>Conform viceprimarului general, Stelian Bujduveanu, Prim\u0103ria General\u0103 o s\u0103 sprijine proiectul at\u00e2t tehnic prin autoriza\u021bii \u0219i consultan\u021b\u0103 tehnic\u0103, c\u00e2t \u0219i politic prin votarea unor modific\u0103ri \u00een PUZ. <\/p>\n\n\n\n<p>Dup\u0103 20 de ani \u00een care a stat \u00een paragin\u0103,\u00a0amenajarea promenadei de pe malul Lacului Morii a fost finalizat\u0103 \u00een acest an, \u00eentre\u00a0biseric\u0103 \u0219i insul\u0103. <\/p>\n\n\n\n<p><\/p>\n\n\n\n<p>Surs\u0103 cover: Prim\u0103ria Sectorului 6<\/p>\n","protected":false},"excerpt":{"rendered":"<p>Prim\u0103ria Sectorului 6 vrea s\u0103 transforme zona din jurul Lacului Morii \u00eentr-o \u201eoaz\u0103 de verdea\u021b\u0103 de 16,6 hectare\u201c cu zone de recreere, terenuri de sport, sporturi nautice \u0219i spa\u021bii moderne pentru evenimente culturale. Pentru partea de proiectare, prim\u0103ria a lansat un concurs de solu\u021bii de pe urma c\u0103ruia se va decide, de c\u0103tre un juriu [&hellip;]<\/p>\n","protected":false},"author":17,"featured_media":45637,"comment_status":"closed","ping_status":"open","sticky":false,"template":"","format":"standard","meta":{"_acf_changed":false,"inline_featured_image":false,"ngg_post_thumbnail":0,"footnotes":""},"categories":[24],"tags":[],"ppma_author":[22576],"class_list":["post-45630","post","type-post","status-publish","format-standard","has-post-thumbnail","hentry","category-primarie"],"acf":[],"yoast_head":"<!-- This site is optimized with the Yoast SEO Premium plugin v25.3 (Yoast SEO v27.4) - https:\/\/yoast.com\/product\/yoast-seo-premium-wordpress\/ -->\n<title>Concurs de solu\u021bii pentru amenajarea Lacului Morii. Prim\u0103ria Sector 6 vrea s\u0103 investeasc\u0103 p\u00e2n\u0103 la 20 de milioane de lei - Buletin de Bucure\u0219ti<\/title>\n<meta name=\"robots\" content=\"index, follow, max-snippet:-1, max-image-preview:large, max-video-preview:-1\" \/>\n<link rel=\"canonical\" href=\"https:\/\/buletin.de\/bucuresti\/concurs-de-solutii-pentru-amenajarea-lacului-morii-primaria-sector-6-vrea-sa-investeasca-pana-la-20-de-milioane-de-lei\/\" \/>\n<meta property=\"og:locale\" content=\"en_GB\" \/>\n<meta property=\"og:type\" content=\"article\" \/>\n<meta property=\"og:title\" content=\"Concurs de solu\u021bii pentru amenajarea Lacului Morii. Prim\u0103ria Sector 6 vrea s\u0103 investeasc\u0103 p\u00e2n\u0103 la 20 de milioane de lei\" \/>\n<meta property=\"og:description\" content=\"Prim\u0103ria Sectorului 6 vrea s\u0103 transforme zona din jurul Lacului Morii \u00eentr-o \u201eoaz\u0103 de verdea\u021b\u0103 de 16,6 hectare\u201c cu zone de recreere, terenuri de sport, sporturi nautice \u0219i spa\u021bii moderne pentru evenimente culturale. Pentru partea de proiectare, prim\u0103ria a lansat un concurs de solu\u021bii de pe urma c\u0103ruia se va decide, de c\u0103tre un juriu [&hellip;]\" \/>\n<meta property=\"og:url\" content=\"https:\/\/buletin.de\/bucuresti\/concurs-de-solutii-pentru-amenajarea-lacului-morii-primaria-sector-6-vrea-sa-investeasca-pana-la-20-de-milioane-de-lei\/\" \/>\n<meta property=\"og:site_name\" content=\"Buletin de Bucure\u0219ti\" \/>\n<meta property=\"article:publisher\" content=\"https:\/\/www.facebook.com\/buletin.de.buc\" \/>\n<meta property=\"article:published_time\" content=\"2022-08-18T12:52:27+00:00\" \/>\n<meta property=\"article:modified_time\" content=\"2022-08-18T12:52:28+00:00\" \/>\n<meta property=\"og:image\" content=\"https:\/\/buletin.de\/bucuresti\/wp-content\/uploads\/WhatsApp-Image-2022-08-18-at-14.46.31-4.jpeg\" \/>\n\t<meta property=\"og:image:width\" content=\"1600\" \/>\n\t<meta property=\"og:image:height\" content=\"1130\" \/>\n\t<meta property=\"og:image:type\" content=\"image\/jpeg\" \/>\n<meta name=\"author\" content=\"Florin R\u00e2\u0219teiu\" \/>\n<meta name=\"twitter:card\" content=\"summary_large_image\" \/>\n<meta name=\"twitter:label1\" content=\"Written by\" \/>\n\t<meta name=\"twitter:data1\" content=\"Florin R\u00e2\u0219teiu\" \/>\n\t<meta name=\"twitter:label2\" content=\"Estimated reading time\" \/>\n\t<meta name=\"twitter:data2\" content=\"3 minutes\" \/>\n<script type=\"application\/ld+json\" class=\"yoast-schema-graph\">{\"@context\":\"https:\\\/\\\/schema.org\",\"@graph\":[{\"@type\":\"Article\",\"@id\":\"https:\\\/\\\/buletin.de\\\/bucuresti\\\/concurs-de-solutii-pentru-amenajarea-lacului-morii-primaria-sector-6-vrea-sa-investeasca-pana-la-20-de-milioane-de-lei\\\/#article\",\"isPartOf\":{\"@id\":\"https:\\\/\\\/buletin.de\\\/bucuresti\\\/concurs-de-solutii-pentru-amenajarea-lacului-morii-primaria-sector-6-vrea-sa-investeasca-pana-la-20-de-milioane-de-lei\\\/\"},\"author\":{\"name\":\"Florin R\u00e2\u0219teiu\",\"@id\":\"https:\\\/\\\/buletin.de\\\/bucuresti\\\/#\\\/schema\\\/person\\\/b0686d7a8b666c6afc78239777fd8a89\"},\"headline\":\"Concurs de solu\u021bii pentru amenajarea Lacului Morii. Prim\u0103ria Sector 6 vrea s\u0103 investeasc\u0103 p\u00e2n\u0103 la 20 de milioane de lei\",\"datePublished\":\"2022-08-18T12:52:27+00:00\",\"dateModified\":\"2022-08-18T12:52:28+00:00\",\"mainEntityOfPage\":{\"@id\":\"https:\\\/\\\/buletin.de\\\/bucuresti\\\/concurs-de-solutii-pentru-amenajarea-lacului-morii-primaria-sector-6-vrea-sa-investeasca-pana-la-20-de-milioane-de-lei\\\/\"},\"wordCount\":546,\"publisher\":{\"@id\":\"https:\\\/\\\/buletin.de\\\/bucuresti\\\/#organization\"},\"image\":{\"@id\":\"https:\\\/\\\/buletin.de\\\/bucuresti\\\/concurs-de-solutii-pentru-amenajarea-lacului-morii-primaria-sector-6-vrea-sa-investeasca-pana-la-20-de-milioane-de-lei\\\/#primaryimage\"},\"thumbnailUrl\":\"https:\\\/\\\/buletin.de\\\/bucuresti\\\/wp-content\\\/uploads\\\/WhatsApp-Image-2022-08-18-at-14.46.31-4.jpeg\",\"articleSection\":[\"Prim\u0103rie\"],\"inLanguage\":\"en-GB\",\"copyrightYear\":\"2022\",\"copyrightHolder\":{\"@id\":\"https:\\\/\\\/buletin.de\\\/bucuresti\\\/#organization\"}},{\"@type\":\"WebPage\",\"@id\":\"https:\\\/\\\/buletin.de\\\/bucuresti\\\/concurs-de-solutii-pentru-amenajarea-lacului-morii-primaria-sector-6-vrea-sa-investeasca-pana-la-20-de-milioane-de-lei\\\/\",\"url\":\"https:\\\/\\\/buletin.de\\\/bucuresti\\\/concurs-de-solutii-pentru-amenajarea-lacului-morii-primaria-sector-6-vrea-sa-investeasca-pana-la-20-de-milioane-de-lei\\\/\",\"name\":\"Concurs de solu\u021bii pentru amenajarea Lacului Morii. Prim\u0103ria Sector 6 vrea s\u0103 investeasc\u0103 p\u00e2n\u0103 la 20 de milioane de lei - Buletin de Bucure\u0219ti\",\"isPartOf\":{\"@id\":\"https:\\\/\\\/buletin.de\\\/bucuresti\\\/#website\"},\"primaryImageOfPage\":{\"@id\":\"https:\\\/\\\/buletin.de\\\/bucuresti\\\/concurs-de-solutii-pentru-amenajarea-lacului-morii-primaria-sector-6-vrea-sa-investeasca-pana-la-20-de-milioane-de-lei\\\/#primaryimage\"},\"image\":{\"@id\":\"https:\\\/\\\/buletin.de\\\/bucuresti\\\/concurs-de-solutii-pentru-amenajarea-lacului-morii-primaria-sector-6-vrea-sa-investeasca-pana-la-20-de-milioane-de-lei\\\/#primaryimage\"},\"thumbnailUrl\":\"https:\\\/\\\/buletin.de\\\/bucuresti\\\/wp-content\\\/uploads\\\/WhatsApp-Image-2022-08-18-at-14.46.31-4.jpeg\",\"datePublished\":\"2022-08-18T12:52:27+00:00\",\"dateModified\":\"2022-08-18T12:52:28+00:00\",\"breadcrumb\":{\"@id\":\"https:\\\/\\\/buletin.de\\\/bucuresti\\\/concurs-de-solutii-pentru-amenajarea-lacului-morii-primaria-sector-6-vrea-sa-investeasca-pana-la-20-de-milioane-de-lei\\\/#breadcrumb\"},\"inLanguage\":\"en-GB\",\"potentialAction\":[{\"@type\":\"ReadAction\",\"target\":[\"https:\\\/\\\/buletin.de\\\/bucuresti\\\/concurs-de-solutii-pentru-amenajarea-lacului-morii-primaria-sector-6-vrea-sa-investeasca-pana-la-20-de-milioane-de-lei\\\/\"]}]},{\"@type\":\"ImageObject\",\"inLanguage\":\"en-GB\",\"@id\":\"https:\\\/\\\/buletin.de\\\/bucuresti\\\/concurs-de-solutii-pentru-amenajarea-lacului-morii-primaria-sector-6-vrea-sa-investeasca-pana-la-20-de-milioane-de-lei\\\/#primaryimage\",\"url\":\"https:\\\/\\\/buletin.de\\\/bucuresti\\\/wp-content\\\/uploads\\\/WhatsApp-Image-2022-08-18-at-14.46.31-4.jpeg\",\"contentUrl\":\"https:\\\/\\\/buletin.de\\\/bucuresti\\\/wp-content\\\/uploads\\\/WhatsApp-Image-2022-08-18-at-14.46.31-4.jpeg\",\"width\":1600,\"height\":1130},{\"@type\":\"BreadcrumbList\",\"@id\":\"https:\\\/\\\/buletin.de\\\/bucuresti\\\/concurs-de-solutii-pentru-amenajarea-lacului-morii-primaria-sector-6-vrea-sa-investeasca-pana-la-20-de-milioane-de-lei\\\/#breadcrumb\",\"itemListElement\":[{\"@type\":\"ListItem\",\"position\":1,\"name\":\"Acas\u0103\",\"item\":\"https:\\\/\\\/buletin.de\\\/bucuresti\\\/\"},{\"@type\":\"ListItem\",\"position\":2,\"name\":\"Concurs de solu\u021bii pentru amenajarea Lacului Morii. Prim\u0103ria Sector 6 vrea s\u0103 investeasc\u0103 p\u00e2n\u0103 la 20 de milioane de lei\"}]},{\"@type\":\"WebSite\",\"@id\":\"https:\\\/\\\/buletin.de\\\/bucuresti\\\/#website\",\"url\":\"https:\\\/\\\/buletin.de\\\/bucuresti\\\/\",\"name\":\"Buletin de Bucure\u0219ti\",\"description\":\"\u0218tiri \u0219i investiga\u021bii esen\u021biale din capital\u0103\",\"publisher\":{\"@id\":\"https:\\\/\\\/buletin.de\\\/bucuresti\\\/#organization\"},\"potentialAction\":[{\"@type\":\"SearchAction\",\"target\":{\"@type\":\"EntryPoint\",\"urlTemplate\":\"https:\\\/\\\/buletin.de\\\/bucuresti\\\/?s={search_term_string}\"},\"query-input\":{\"@type\":\"PropertyValueSpecification\",\"valueRequired\":true,\"valueName\":\"search_term_string\"}}],\"inLanguage\":\"en-GB\"},{\"@type\":\"Organization\",\"@id\":\"https:\\\/\\\/buletin.de\\\/bucuresti\\\/#organization\",\"name\":\"Buletin de Bucure\u0219ti\",\"url\":\"https:\\\/\\\/buletin.de\\\/bucuresti\\\/\",\"logo\":{\"@type\":\"ImageObject\",\"inLanguage\":\"en-GB\",\"@id\":\"https:\\\/\\\/buletin.de\\\/bucuresti\\\/#\\\/schema\\\/logo\\\/image\\\/\",\"url\":\"https:\\\/\\\/buletin.de\\\/bucuresti\\\/wp-content\\\/uploads\\\/logo-bdb-full-wide-vernil-transparent.png\",\"contentUrl\":\"https:\\\/\\\/buletin.de\\\/bucuresti\\\/wp-content\\\/uploads\\\/logo-bdb-full-wide-vernil-transparent.png\",\"width\":1782,\"height\":626,\"caption\":\"Buletin de Bucure\u0219ti\"},\"image\":{\"@id\":\"https:\\\/\\\/buletin.de\\\/bucuresti\\\/#\\\/schema\\\/logo\\\/image\\\/\"},\"sameAs\":[\"https:\\\/\\\/www.facebook.com\\\/buletin.de.buc\",\"https:\\\/\\\/www.instagram.com\\\/buletinde.bucuresti\\\/\"]},{\"@type\":\"Person\",\"@id\":\"https:\\\/\\\/buletin.de\\\/bucuresti\\\/#\\\/schema\\\/person\\\/b0686d7a8b666c6afc78239777fd8a89\",\"name\":\"Florin R\u00e2\u0219teiu\",\"image\":{\"@type\":\"ImageObject\",\"inLanguage\":\"en-GB\",\"@id\":\"https:\\\/\\\/buletin.de\\\/bucuresti\\\/wp-content\\\/uploads\\\/Florin-Rasteiu-96x96.jpgf0a6fe28453aa12f0a60e4d0a2e3a78c\",\"url\":\"https:\\\/\\\/buletin.de\\\/bucuresti\\\/wp-content\\\/uploads\\\/Florin-Rasteiu-96x96.jpg\",\"contentUrl\":\"https:\\\/\\\/buletin.de\\\/bucuresti\\\/wp-content\\\/uploads\\\/Florin-Rasteiu-96x96.jpg\",\"caption\":\"Florin R\u00e2\u0219teiu\"},\"description\":\"Jurnalist de investiga\u021bie. Lucreaz\u0103 de aproape 6 ani la Buletin de Bucure\u0219ti, unde a publicat articole care scot la suprafa\u021b\u0103 corup\u021bia din Capital\u0103. Analizeaz\u0103 baze de date zilnic \u0219i scoate pove\u0219ti din exceluri pline de cifre. Pune reflectorul pe adev\u0103r cu fiecare ocazie. A c\u00e2\u0219tigat premiul I la categoria Pres\u0103 Local\u0103 \u00een 2025 \u0219i locul al II-lea la aceea\u0219i categorie \u00een 2024 \u00een cadrul Premiilor Superscrieri pentru jurnalism independent.\",\"url\":\"https:\\\/\\\/buletin.de\\\/bucuresti\\\/author\\\/florinrasteiu\\\/\"}]}<\/script>\n<!-- \/ Yoast SEO Premium plugin. -->","yoast_head_json":{"title":"Concurs de solu\u021bii pentru amenajarea Lacului Morii. Prim\u0103ria Sector 6 vrea s\u0103 investeasc\u0103 p\u00e2n\u0103 la 20 de milioane de lei - Buletin de Bucure\u0219ti","robots":{"index":"index","follow":"follow","max-snippet":"max-snippet:-1","max-image-preview":"max-image-preview:large","max-video-preview":"max-video-preview:-1"},"canonical":"https:\/\/buletin.de\/bucuresti\/concurs-de-solutii-pentru-amenajarea-lacului-morii-primaria-sector-6-vrea-sa-investeasca-pana-la-20-de-milioane-de-lei\/","og_locale":"en_GB","og_type":"article","og_title":"Concurs de solu\u021bii pentru amenajarea Lacului Morii. Prim\u0103ria Sector 6 vrea s\u0103 investeasc\u0103 p\u00e2n\u0103 la 20 de milioane de lei","og_description":"Prim\u0103ria Sectorului 6 vrea s\u0103 transforme zona din jurul Lacului Morii \u00eentr-o \u201eoaz\u0103 de verdea\u021b\u0103 de 16,6 hectare\u201c cu zone de recreere, terenuri de sport, sporturi nautice \u0219i spa\u021bii moderne pentru evenimente culturale. Pentru partea de proiectare, prim\u0103ria a lansat un concurs de solu\u021bii de pe urma c\u0103ruia se va decide, de c\u0103tre un juriu [&hellip;]","og_url":"https:\/\/buletin.de\/bucuresti\/concurs-de-solutii-pentru-amenajarea-lacului-morii-primaria-sector-6-vrea-sa-investeasca-pana-la-20-de-milioane-de-lei\/","og_site_name":"Buletin de Bucure\u0219ti","article_publisher":"https:\/\/www.facebook.com\/buletin.de.buc","article_published_time":"2022-08-18T12:52:27+00:00","article_modified_time":"2022-08-18T12:52:28+00:00","og_image":[{"width":1600,"height":1130,"url":"https:\/\/buletin.de\/bucuresti\/wp-content\/uploads\/WhatsApp-Image-2022-08-18-at-14.46.31-4.jpeg","type":"image\/jpeg"}],"author":"Florin R\u00e2\u0219teiu","twitter_card":"summary_large_image","twitter_misc":{"Written by":"Florin R\u00e2\u0219teiu","Estimated reading time":"3 minutes"},"schema":{"@context":"https:\/\/schema.org","@graph":[{"@type":"Article","@id":"https:\/\/buletin.de\/bucuresti\/concurs-de-solutii-pentru-amenajarea-lacului-morii-primaria-sector-6-vrea-sa-investeasca-pana-la-20-de-milioane-de-lei\/#article","isPartOf":{"@id":"https:\/\/buletin.de\/bucuresti\/concurs-de-solutii-pentru-amenajarea-lacului-morii-primaria-sector-6-vrea-sa-investeasca-pana-la-20-de-milioane-de-lei\/"},"author":{"name":"Florin R\u00e2\u0219teiu","@id":"https:\/\/buletin.de\/bucuresti\/#\/schema\/person\/b0686d7a8b666c6afc78239777fd8a89"},"headline":"Concurs de solu\u021bii pentru amenajarea Lacului Morii. Prim\u0103ria Sector 6 vrea s\u0103 investeasc\u0103 p\u00e2n\u0103 la 20 de milioane de lei","datePublished":"2022-08-18T12:52:27+00:00","dateModified":"2022-08-18T12:52:28+00:00","mainEntityOfPage":{"@id":"https:\/\/buletin.de\/bucuresti\/concurs-de-solutii-pentru-amenajarea-lacului-morii-primaria-sector-6-vrea-sa-investeasca-pana-la-20-de-milioane-de-lei\/"},"wordCount":546,"publisher":{"@id":"https:\/\/buletin.de\/bucuresti\/#organization"},"image":{"@id":"https:\/\/buletin.de\/bucuresti\/concurs-de-solutii-pentru-amenajarea-lacului-morii-primaria-sector-6-vrea-sa-investeasca-pana-la-20-de-milioane-de-lei\/#primaryimage"},"thumbnailUrl":"https:\/\/buletin.de\/bucuresti\/wp-content\/uploads\/WhatsApp-Image-2022-08-18-at-14.46.31-4.jpeg","articleSection":["Prim\u0103rie"],"inLanguage":"en-GB","copyrightYear":"2022","copyrightHolder":{"@id":"https:\/\/buletin.de\/bucuresti\/#organization"}},{"@type":"WebPage","@id":"https:\/\/buletin.de\/bucuresti\/concurs-de-solutii-pentru-amenajarea-lacului-morii-primaria-sector-6-vrea-sa-investeasca-pana-la-20-de-milioane-de-lei\/","url":"https:\/\/buletin.de\/bucuresti\/concurs-de-solutii-pentru-amenajarea-lacului-morii-primaria-sector-6-vrea-sa-investeasca-pana-la-20-de-milioane-de-lei\/","name":"Concurs de solu\u021bii pentru amenajarea Lacului Morii. Prim\u0103ria Sector 6 vrea s\u0103 investeasc\u0103 p\u00e2n\u0103 la 20 de milioane de lei - Buletin de Bucure\u0219ti","isPartOf":{"@id":"https:\/\/buletin.de\/bucuresti\/#website"},"primaryImageOfPage":{"@id":"https:\/\/buletin.de\/bucuresti\/concurs-de-solutii-pentru-amenajarea-lacului-morii-primaria-sector-6-vrea-sa-investeasca-pana-la-20-de-milioane-de-lei\/#primaryimage"},"image":{"@id":"https:\/\/buletin.de\/bucuresti\/concurs-de-solutii-pentru-amenajarea-lacului-morii-primaria-sector-6-vrea-sa-investeasca-pana-la-20-de-milioane-de-lei\/#primaryimage"},"thumbnailUrl":"https:\/\/buletin.de\/bucuresti\/wp-content\/uploads\/WhatsApp-Image-2022-08-18-at-14.46.31-4.jpeg","datePublished":"2022-08-18T12:52:27+00:00","dateModified":"2022-08-18T12:52:28+00:00","breadcrumb":{"@id":"https:\/\/buletin.de\/bucuresti\/concurs-de-solutii-pentru-amenajarea-lacului-morii-primaria-sector-6-vrea-sa-investeasca-pana-la-20-de-milioane-de-lei\/#breadcrumb"},"inLanguage":"en-GB","potentialAction":[{"@type":"ReadAction","target":["https:\/\/buletin.de\/bucuresti\/concurs-de-solutii-pentru-amenajarea-lacului-morii-primaria-sector-6-vrea-sa-investeasca-pana-la-20-de-milioane-de-lei\/"]}]},{"@type":"ImageObject","inLanguage":"en-GB","@id":"https:\/\/buletin.de\/bucuresti\/concurs-de-solutii-pentru-amenajarea-lacului-morii-primaria-sector-6-vrea-sa-investeasca-pana-la-20-de-milioane-de-lei\/#primaryimage","url":"https:\/\/buletin.de\/bucuresti\/wp-content\/uploads\/WhatsApp-Image-2022-08-18-at-14.46.31-4.jpeg","contentUrl":"https:\/\/buletin.de\/bucuresti\/wp-content\/uploads\/WhatsApp-Image-2022-08-18-at-14.46.31-4.jpeg","width":1600,"height":1130},{"@type":"BreadcrumbList","@id":"https:\/\/buletin.de\/bucuresti\/concurs-de-solutii-pentru-amenajarea-lacului-morii-primaria-sector-6-vrea-sa-investeasca-pana-la-20-de-milioane-de-lei\/#breadcrumb","itemListElement":[{"@type":"ListItem","position":1,"name":"Acas\u0103","item":"https:\/\/buletin.de\/bucuresti\/"},{"@type":"ListItem","position":2,"name":"Concurs de solu\u021bii pentru amenajarea Lacului Morii. Prim\u0103ria Sector 6 vrea s\u0103 investeasc\u0103 p\u00e2n\u0103 la 20 de milioane de lei"}]},{"@type":"WebSite","@id":"https:\/\/buletin.de\/bucuresti\/#website","url":"https:\/\/buletin.de\/bucuresti\/","name":"Buletin de Bucure\u0219ti","description":"\u0218tiri \u0219i investiga\u021bii esen\u021biale din capital\u0103","publisher":{"@id":"https:\/\/buletin.de\/bucuresti\/#organization"},"potentialAction":[{"@type":"SearchAction","target":{"@type":"EntryPoint","urlTemplate":"https:\/\/buletin.de\/bucuresti\/?s={search_term_string}"},"query-input":{"@type":"PropertyValueSpecification","valueRequired":true,"valueName":"search_term_string"}}],"inLanguage":"en-GB"},{"@type":"Organization","@id":"https:\/\/buletin.de\/bucuresti\/#organization","name":"Buletin de Bucure\u0219ti","url":"https:\/\/buletin.de\/bucuresti\/","logo":{"@type":"ImageObject","inLanguage":"en-GB","@id":"https:\/\/buletin.de\/bucuresti\/#\/schema\/logo\/image\/","url":"https:\/\/buletin.de\/bucuresti\/wp-content\/uploads\/logo-bdb-full-wide-vernil-transparent.png","contentUrl":"https:\/\/buletin.de\/bucuresti\/wp-content\/uploads\/logo-bdb-full-wide-vernil-transparent.png","width":1782,"height":626,"caption":"Buletin de Bucure\u0219ti"},"image":{"@id":"https:\/\/buletin.de\/bucuresti\/#\/schema\/logo\/image\/"},"sameAs":["https:\/\/www.facebook.com\/buletin.de.buc","https:\/\/www.instagram.com\/buletinde.bucuresti\/"]},{"@type":"Person","@id":"https:\/\/buletin.de\/bucuresti\/#\/schema\/person\/b0686d7a8b666c6afc78239777fd8a89","name":"Florin R\u00e2\u0219teiu","image":{"@type":"ImageObject","inLanguage":"en-GB","@id":"https:\/\/buletin.de\/bucuresti\/wp-content\/uploads\/Florin-Rasteiu-96x96.jpgf0a6fe28453aa12f0a60e4d0a2e3a78c","url":"https:\/\/buletin.de\/bucuresti\/wp-content\/uploads\/Florin-Rasteiu-96x96.jpg","contentUrl":"https:\/\/buletin.de\/bucuresti\/wp-content\/uploads\/Florin-Rasteiu-96x96.jpg","caption":"Florin R\u00e2\u0219teiu"},"description":"Jurnalist de investiga\u021bie. Lucreaz\u0103 de aproape 6 ani la Buletin de Bucure\u0219ti, unde a publicat articole care scot la suprafa\u021b\u0103 corup\u021bia din Capital\u0103. Analizeaz\u0103 baze de date zilnic \u0219i scoate pove\u0219ti din exceluri pline de cifre. Pune reflectorul pe adev\u0103r cu fiecare ocazie. A c\u00e2\u0219tigat premiul I la categoria Pres\u0103 Local\u0103 \u00een 2025 \u0219i locul al II-lea la aceea\u0219i categorie \u00een 2024 \u00een cadrul Premiilor Superscrieri pentru jurnalism independent.","url":"https:\/\/buletin.de\/bucuresti\/author\/florinrasteiu\/"}]}},"authors":[{"term_id":22576,"user_id":17,"is_guest":0,"slug":"florinrasteiu","display_name":"Florin R\u00e2\u0219teiu","avatar_url":"https:\/\/buletin.de\/bucuresti\/wp-content\/uploads\/Florin-Rasteiu-96x96.jpg","0":null,"1":"","2":"","3":"","4":"","5":"","6":"","7":"","8":""}],"_links":{"self":[{"href":"https:\/\/buletin.de\/bucuresti\/wp-json\/wp\/v2\/posts\/45630","targetHints":{"allow":["GET"]}}],"collection":[{"href":"https:\/\/buletin.de\/bucuresti\/wp-json\/wp\/v2\/posts"}],"about":[{"href":"https:\/\/buletin.de\/bucuresti\/wp-json\/wp\/v2\/types\/post"}],"author":[{"embeddable":true,"href":"https:\/\/buletin.de\/bucuresti\/wp-json\/wp\/v2\/users\/17"}],"replies":[{"embeddable":true,"href":"https:\/\/buletin.de\/bucuresti\/wp-json\/wp\/v2\/comments?post=45630"}],"version-history":[{"count":5,"href":"https:\/\/buletin.de\/bucuresti\/wp-json\/wp\/v2\/posts\/45630\/revisions"}],"predecessor-version":[{"id":45646,"href":"https:\/\/buletin.de\/bucuresti\/wp-json\/wp\/v2\/posts\/45630\/revisions\/45646"}],"wp:featuredmedia":[{"embeddable":true,"href":"https:\/\/buletin.de\/bucuresti\/wp-json\/wp\/v2\/media\/45637"}],"wp:attachment":[{"href":"https:\/\/buletin.de\/bucuresti\/wp-json\/wp\/v2\/media?parent=45630"}],"wp:term":[{"taxonomy":"category","embeddable":true,"href":"https:\/\/buletin.de\/bucuresti\/wp-json\/wp\/v2\/categories?post=45630"},{"taxonomy":"post_tag","embeddable":true,"href":"https:\/\/buletin.de\/bucuresti\/wp-json\/wp\/v2\/tags?post=45630"},{"taxonomy":"author","embeddable":true,"href":"https:\/\/buletin.de\/bucuresti\/wp-json\/wp\/v2\/ppma_author?post=45630"}],"curies":[{"name":"wp","href":"https:\/\/api.w.org\/{rel}","templated":true}]}}