{"id":45627,"date":"2022-08-18T12:52:27","date_gmt":"2022-08-18T10:52:27","guid":{"rendered":"https:\/\/buletin.de\/bucuresti\/?p=45627"},"modified":"2022-08-18T12:52:28","modified_gmt":"2022-08-18T10:52:28","slug":"doua-tinere-au-fost-atacate-de-un-barbat-pe-trotineta-politia-cauta-autorul","status":"publish","type":"post","link":"https:\/\/buletin.de\/bucuresti\/doua-tinere-au-fost-atacate-de-un-barbat-pe-trotineta-politia-cauta-autorul\/","title":{"rendered":"Dou\u0103 tinere au fost atacate de un b\u0103rbat  pe trotinet\u0103. Poli\u021bia caut\u0103 autorul"},"content":{"rendered":"\n<p>Dou\u0103 tinere au fost lovite \u0219i zg\u00e2riate, \u00een Sectorul 1 \u0219i Sectorul 3, de un b\u0103iat care se afla pe trotinet\u0103. Una dintre ele a fost dus\u0103 la spital pentru \u00eengrijiri medicale, potrivit comunicatului transmis de Poli\u021bia Capitalei.<\/p>\n\n\n\n<p>Ini\u021bial, poli\u021bi\u0219tii au fost contacta\u021bi \u00een jurul orei 21 pentru a sesiza c\u0103 o fat\u0103 a fost zg\u00e2riat\u0103 cu un obiect ascu\u021bit. Cel care ar fi zg\u00e2riat-o era un b\u0103iat ce mergea pe trotinet\u0103.<\/p>\n\n\n\n<p>\u201eDe asemenea, dup\u0103 aproximativ 10 minute, poli\u021bi\u0219tii Serviciului de Poli\u021bie pentru Centrul Vechi au fost sesiza\u021bi de o alt\u0103 femeie, despre faptul c\u0103 a fost lovit\u0103 cu un obiect t\u0103ietor-\u00een\u021bep\u0103tor de c\u0103tre un b\u0103rbat, care se afla \u00een deplasare pe o trotinet\u0103, pe o strad\u0103 din Sectorul 3\u201d, se arat\u0103 \u00een comunicat.<\/p>\n\n\n\n<p>Agen\u021bii de poli\u021bie \u0219i cu Serviciul de Investiga\u021bii Criminale au \u00eenceput ieri, 17.08.2022, verific\u0103rile. Cercet\u0103rile sunt continuate de Serviciul de Investiga\u021bii Criminale, sub supravegherea Parchetului de pe l\u00e2ng\u0103 Judec\u0103toria Sectorului 1, sub aspectul s\u0103v\u00e2r\u0219irii infrac\u021biunilor de lovire sau alte violen\u021be.<\/p>\n\n\n\n<p>Surs\u0103 foto cover: Pixabay<\/p>\n","protected":false},"excerpt":{"rendered":"<p>Dou\u0103 tinere au fost lovite \u0219i zg\u00e2riate, \u00een Sectorul 1 \u0219i Sectorul 3, de un b\u0103iat care se afla pe trotinet\u0103. Una dintre ele a fost dus\u0103 la spital pentru \u00eengrijiri medicale, potrivit comunicatului transmis de Poli\u021bia Capitalei. Ini\u021bial, poli\u021bi\u0219tii au fost contacta\u021bi \u00een jurul orei 21 pentru a sesiza c\u0103 o fat\u0103 a fost [&hellip;]<\/p>\n","protected":false},"author":42,"featured_media":45628,"comment_status":"closed","ping_status":"open","sticky":false,"template":"","format":"standard","meta":{"_acf_changed":false,"inline_featured_image":false,"ngg_post_thumbnail":0,"footnotes":""},"categories":[62],"tags":[],"ppma_author":[22603],"class_list":["post-45627","post","type-post","status-publish","format-standard","has-post-thumbnail","hentry","category-stiri"],"acf":[],"yoast_head":"<!-- This site is optimized with the Yoast SEO Premium plugin v25.3 (Yoast SEO v27.4) - https:\/\/yoast.com\/product\/yoast-seo-premium-wordpress\/ -->\n<title>Dou\u0103 tinere au fost atacate de un b\u0103rbat pe trotinet\u0103. Poli\u021bia caut\u0103 autorul - Buletin de Bucure\u0219ti<\/title>\n<meta name=\"description\" content=\"Dou\u0103 tinere au fost lovite \u0219i zg\u00e2riate, \u00een Sectorul 1 \u0219i Sectorul 3, de un b\u0103iat care se afla pe trotinet\u0103. Una dintre ele a fost dus\u0103 la spital.\" \/>\n<meta name=\"robots\" content=\"index, follow, max-snippet:-1, max-image-preview:large, max-video-preview:-1\" \/>\n<link rel=\"canonical\" href=\"https:\/\/buletin.de\/bucuresti\/doua-tinere-au-fost-atacate-de-un-barbat-pe-trotineta-politia-cauta-autorul\/\" \/>\n<meta property=\"og:locale\" content=\"en_GB\" \/>\n<meta property=\"og:type\" content=\"article\" \/>\n<meta property=\"og:title\" content=\"Dou\u0103 tinere au fost atacate de un b\u0103rbat pe trotinet\u0103. Poli\u021bia caut\u0103 autorul\" \/>\n<meta property=\"og:description\" content=\"Dou\u0103 tinere au fost lovite \u0219i zg\u00e2riate, \u00een Sectorul 1 \u0219i Sectorul 3, de un b\u0103iat care se afla pe trotinet\u0103. Una dintre ele a fost dus\u0103 la spital.\" \/>\n<meta property=\"og:url\" content=\"https:\/\/buletin.de\/bucuresti\/doua-tinere-au-fost-atacate-de-un-barbat-pe-trotineta-politia-cauta-autorul\/\" \/>\n<meta property=\"og:site_name\" content=\"Buletin de Bucure\u0219ti\" \/>\n<meta property=\"article:publisher\" content=\"https:\/\/www.facebook.com\/buletin.de.buc\" \/>\n<meta property=\"article:published_time\" content=\"2022-08-18T10:52:27+00:00\" \/>\n<meta property=\"article:modified_time\" content=\"2022-08-18T10:52:28+00:00\" \/>\n<meta property=\"og:image\" content=\"https:\/\/buletin.de\/bucuresti\/wp-content\/uploads\/ecology-3741063_1920.jpg\" \/>\n\t<meta property=\"og:image:width\" content=\"1920\" \/>\n\t<meta property=\"og:image:height\" content=\"1280\" \/>\n\t<meta property=\"og:image:type\" content=\"image\/jpeg\" \/>\n<meta name=\"author\" content=\"Andra Mure\u0219an\" \/>\n<meta name=\"twitter:card\" content=\"summary_large_image\" \/>\n<meta name=\"twitter:label1\" content=\"Written by\" \/>\n\t<meta name=\"twitter:data1\" content=\"Andra Mure\u0219an\" \/>\n\t<meta name=\"twitter:label2\" content=\"Estimated reading time\" \/>\n\t<meta name=\"twitter:data2\" content=\"1 minute\" \/>\n<script type=\"application\/ld+json\" class=\"yoast-schema-graph\">{\"@context\":\"https:\\\/\\\/schema.org\",\"@graph\":[{\"@type\":\"Article\",\"@id\":\"https:\\\/\\\/buletin.de\\\/bucuresti\\\/doua-tinere-au-fost-atacate-de-un-barbat-pe-trotineta-politia-cauta-autorul\\\/#article\",\"isPartOf\":{\"@id\":\"https:\\\/\\\/buletin.de\\\/bucuresti\\\/doua-tinere-au-fost-atacate-de-un-barbat-pe-trotineta-politia-cauta-autorul\\\/\"},\"author\":{\"name\":\"Andra Mure\u0219an\",\"@id\":\"https:\\\/\\\/buletin.de\\\/bucuresti\\\/#\\\/schema\\\/person\\\/2305426a193cfbaadc0b30023ee5d01c\"},\"headline\":\"Dou\u0103 tinere au fost atacate de un b\u0103rbat pe trotinet\u0103. Poli\u021bia caut\u0103 autorul\",\"datePublished\":\"2022-08-18T10:52:27+00:00\",\"dateModified\":\"2022-08-18T10:52:28+00:00\",\"mainEntityOfPage\":{\"@id\":\"https:\\\/\\\/buletin.de\\\/bucuresti\\\/doua-tinere-au-fost-atacate-de-un-barbat-pe-trotineta-politia-cauta-autorul\\\/\"},\"wordCount\":210,\"publisher\":{\"@id\":\"https:\\\/\\\/buletin.de\\\/bucuresti\\\/#organization\"},\"image\":{\"@id\":\"https:\\\/\\\/buletin.de\\\/bucuresti\\\/doua-tinere-au-fost-atacate-de-un-barbat-pe-trotineta-politia-cauta-autorul\\\/#primaryimage\"},\"thumbnailUrl\":\"https:\\\/\\\/buletin.de\\\/bucuresti\\\/wp-content\\\/uploads\\\/ecology-3741063_1920.jpg\",\"articleSection\":[\"\u0218tiri\"],\"inLanguage\":\"en-GB\",\"copyrightYear\":\"2022\",\"copyrightHolder\":{\"@id\":\"https:\\\/\\\/buletin.de\\\/bucuresti\\\/#organization\"}},{\"@type\":\"WebPage\",\"@id\":\"https:\\\/\\\/buletin.de\\\/bucuresti\\\/doua-tinere-au-fost-atacate-de-un-barbat-pe-trotineta-politia-cauta-autorul\\\/\",\"url\":\"https:\\\/\\\/buletin.de\\\/bucuresti\\\/doua-tinere-au-fost-atacate-de-un-barbat-pe-trotineta-politia-cauta-autorul\\\/\",\"name\":\"Dou\u0103 tinere au fost atacate de un b\u0103rbat pe trotinet\u0103. Poli\u021bia caut\u0103 autorul - Buletin de Bucure\u0219ti\",\"isPartOf\":{\"@id\":\"https:\\\/\\\/buletin.de\\\/bucuresti\\\/#website\"},\"primaryImageOfPage\":{\"@id\":\"https:\\\/\\\/buletin.de\\\/bucuresti\\\/doua-tinere-au-fost-atacate-de-un-barbat-pe-trotineta-politia-cauta-autorul\\\/#primaryimage\"},\"image\":{\"@id\":\"https:\\\/\\\/buletin.de\\\/bucuresti\\\/doua-tinere-au-fost-atacate-de-un-barbat-pe-trotineta-politia-cauta-autorul\\\/#primaryimage\"},\"thumbnailUrl\":\"https:\\\/\\\/buletin.de\\\/bucuresti\\\/wp-content\\\/uploads\\\/ecology-3741063_1920.jpg\",\"datePublished\":\"2022-08-18T10:52:27+00:00\",\"dateModified\":\"2022-08-18T10:52:28+00:00\",\"description\":\"Dou\u0103 tinere au fost lovite \u0219i zg\u00e2riate, \u00een Sectorul 1 \u0219i Sectorul 3, de un b\u0103iat care se afla pe trotinet\u0103. Una dintre ele a fost dus\u0103 la spital.\",\"breadcrumb\":{\"@id\":\"https:\\\/\\\/buletin.de\\\/bucuresti\\\/doua-tinere-au-fost-atacate-de-un-barbat-pe-trotineta-politia-cauta-autorul\\\/#breadcrumb\"},\"inLanguage\":\"en-GB\",\"potentialAction\":[{\"@type\":\"ReadAction\",\"target\":[\"https:\\\/\\\/buletin.de\\\/bucuresti\\\/doua-tinere-au-fost-atacate-de-un-barbat-pe-trotineta-politia-cauta-autorul\\\/\"]}]},{\"@type\":\"ImageObject\",\"inLanguage\":\"en-GB\",\"@id\":\"https:\\\/\\\/buletin.de\\\/bucuresti\\\/doua-tinere-au-fost-atacate-de-un-barbat-pe-trotineta-politia-cauta-autorul\\\/#primaryimage\",\"url\":\"https:\\\/\\\/buletin.de\\\/bucuresti\\\/wp-content\\\/uploads\\\/ecology-3741063_1920.jpg\",\"contentUrl\":\"https:\\\/\\\/buletin.de\\\/bucuresti\\\/wp-content\\\/uploads\\\/ecology-3741063_1920.jpg\",\"width\":1920,\"height\":1280},{\"@type\":\"BreadcrumbList\",\"@id\":\"https:\\\/\\\/buletin.de\\\/bucuresti\\\/doua-tinere-au-fost-atacate-de-un-barbat-pe-trotineta-politia-cauta-autorul\\\/#breadcrumb\",\"itemListElement\":[{\"@type\":\"ListItem\",\"position\":1,\"name\":\"Acas\u0103\",\"item\":\"https:\\\/\\\/buletin.de\\\/bucuresti\\\/\"},{\"@type\":\"ListItem\",\"position\":2,\"name\":\"Dou\u0103 tinere au fost atacate de un b\u0103rbat pe trotinet\u0103. Poli\u021bia caut\u0103 autorul\"}]},{\"@type\":\"WebSite\",\"@id\":\"https:\\\/\\\/buletin.de\\\/bucuresti\\\/#website\",\"url\":\"https:\\\/\\\/buletin.de\\\/bucuresti\\\/\",\"name\":\"Buletin de Bucure\u0219ti\",\"description\":\"\u0218tiri \u0219i investiga\u021bii esen\u021biale din capital\u0103\",\"publisher\":{\"@id\":\"https:\\\/\\\/buletin.de\\\/bucuresti\\\/#organization\"},\"potentialAction\":[{\"@type\":\"SearchAction\",\"target\":{\"@type\":\"EntryPoint\",\"urlTemplate\":\"https:\\\/\\\/buletin.de\\\/bucuresti\\\/?s={search_term_string}\"},\"query-input\":{\"@type\":\"PropertyValueSpecification\",\"valueRequired\":true,\"valueName\":\"search_term_string\"}}],\"inLanguage\":\"en-GB\"},{\"@type\":\"Organization\",\"@id\":\"https:\\\/\\\/buletin.de\\\/bucuresti\\\/#organization\",\"name\":\"Buletin de Bucure\u0219ti\",\"url\":\"https:\\\/\\\/buletin.de\\\/bucuresti\\\/\",\"logo\":{\"@type\":\"ImageObject\",\"inLanguage\":\"en-GB\",\"@id\":\"https:\\\/\\\/buletin.de\\\/bucuresti\\\/#\\\/schema\\\/logo\\\/image\\\/\",\"url\":\"https:\\\/\\\/buletin.de\\\/bucuresti\\\/wp-content\\\/uploads\\\/logo-bdb-full-wide-vernil-transparent.png\",\"contentUrl\":\"https:\\\/\\\/buletin.de\\\/bucuresti\\\/wp-content\\\/uploads\\\/logo-bdb-full-wide-vernil-transparent.png\",\"width\":1782,\"height\":626,\"caption\":\"Buletin de Bucure\u0219ti\"},\"image\":{\"@id\":\"https:\\\/\\\/buletin.de\\\/bucuresti\\\/#\\\/schema\\\/logo\\\/image\\\/\"},\"sameAs\":[\"https:\\\/\\\/www.facebook.com\\\/buletin.de.buc\",\"https:\\\/\\\/www.instagram.com\\\/buletinde.bucuresti\\\/\"]},{\"@type\":\"Person\",\"@id\":\"https:\\\/\\\/buletin.de\\\/bucuresti\\\/#\\\/schema\\\/person\\\/2305426a193cfbaadc0b30023ee5d01c\",\"name\":\"Andra Mure\u0219an\",\"image\":{\"@type\":\"ImageObject\",\"inLanguage\":\"en-GB\",\"@id\":\"https:\\\/\\\/secure.gravatar.com\\\/avatar\\\/0f89940de76acadc8ab9c36e6cec5b672fc84ab1bf1537562fa8584e29dfa8a5?s=96&d=monsterid&r=g30a40ed95e1c0fc67315c6f2c6fa871e\",\"url\":\"https:\\\/\\\/secure.gravatar.com\\\/avatar\\\/0f89940de76acadc8ab9c36e6cec5b672fc84ab1bf1537562fa8584e29dfa8a5?s=96&d=monsterid&r=g\",\"contentUrl\":\"https:\\\/\\\/secure.gravatar.com\\\/avatar\\\/0f89940de76acadc8ab9c36e6cec5b672fc84ab1bf1537562fa8584e29dfa8a5?s=96&d=monsterid&r=g\",\"caption\":\"Andra Mure\u0219an\"},\"url\":\"https:\\\/\\\/buletin.de\\\/bucuresti\\\/author\\\/andra\\\/\"}]}<\/script>\n<!-- \/ Yoast SEO Premium plugin. -->","yoast_head_json":{"title":"Dou\u0103 tinere au fost atacate de un b\u0103rbat pe trotinet\u0103. Poli\u021bia caut\u0103 autorul - Buletin de Bucure\u0219ti","description":"Dou\u0103 tinere au fost lovite \u0219i zg\u00e2riate, \u00een Sectorul 1 \u0219i Sectorul 3, de un b\u0103iat care se afla pe trotinet\u0103. Una dintre ele a fost dus\u0103 la spital.","robots":{"index":"index","follow":"follow","max-snippet":"max-snippet:-1","max-image-preview":"max-image-preview:large","max-video-preview":"max-video-preview:-1"},"canonical":"https:\/\/buletin.de\/bucuresti\/doua-tinere-au-fost-atacate-de-un-barbat-pe-trotineta-politia-cauta-autorul\/","og_locale":"en_GB","og_type":"article","og_title":"Dou\u0103 tinere au fost atacate de un b\u0103rbat pe trotinet\u0103. Poli\u021bia caut\u0103 autorul","og_description":"Dou\u0103 tinere au fost lovite \u0219i zg\u00e2riate, \u00een Sectorul 1 \u0219i Sectorul 3, de un b\u0103iat care se afla pe trotinet\u0103. Una dintre ele a fost dus\u0103 la spital.","og_url":"https:\/\/buletin.de\/bucuresti\/doua-tinere-au-fost-atacate-de-un-barbat-pe-trotineta-politia-cauta-autorul\/","og_site_name":"Buletin de Bucure\u0219ti","article_publisher":"https:\/\/www.facebook.com\/buletin.de.buc","article_published_time":"2022-08-18T10:52:27+00:00","article_modified_time":"2022-08-18T10:52:28+00:00","og_image":[{"width":1920,"height":1280,"url":"https:\/\/buletin.de\/bucuresti\/wp-content\/uploads\/ecology-3741063_1920.jpg","type":"image\/jpeg"}],"author":"Andra Mure\u0219an","twitter_card":"summary_large_image","twitter_misc":{"Written by":"Andra Mure\u0219an","Estimated reading time":"1 minute"},"schema":{"@context":"https:\/\/schema.org","@graph":[{"@type":"Article","@id":"https:\/\/buletin.de\/bucuresti\/doua-tinere-au-fost-atacate-de-un-barbat-pe-trotineta-politia-cauta-autorul\/#article","isPartOf":{"@id":"https:\/\/buletin.de\/bucuresti\/doua-tinere-au-fost-atacate-de-un-barbat-pe-trotineta-politia-cauta-autorul\/"},"author":{"name":"Andra Mure\u0219an","@id":"https:\/\/buletin.de\/bucuresti\/#\/schema\/person\/2305426a193cfbaadc0b30023ee5d01c"},"headline":"Dou\u0103 tinere au fost atacate de un b\u0103rbat pe trotinet\u0103. Poli\u021bia caut\u0103 autorul","datePublished":"2022-08-18T10:52:27+00:00","dateModified":"2022-08-18T10:52:28+00:00","mainEntityOfPage":{"@id":"https:\/\/buletin.de\/bucuresti\/doua-tinere-au-fost-atacate-de-un-barbat-pe-trotineta-politia-cauta-autorul\/"},"wordCount":210,"publisher":{"@id":"https:\/\/buletin.de\/bucuresti\/#organization"},"image":{"@id":"https:\/\/buletin.de\/bucuresti\/doua-tinere-au-fost-atacate-de-un-barbat-pe-trotineta-politia-cauta-autorul\/#primaryimage"},"thumbnailUrl":"https:\/\/buletin.de\/bucuresti\/wp-content\/uploads\/ecology-3741063_1920.jpg","articleSection":["\u0218tiri"],"inLanguage":"en-GB","copyrightYear":"2022","copyrightHolder":{"@id":"https:\/\/buletin.de\/bucuresti\/#organization"}},{"@type":"WebPage","@id":"https:\/\/buletin.de\/bucuresti\/doua-tinere-au-fost-atacate-de-un-barbat-pe-trotineta-politia-cauta-autorul\/","url":"https:\/\/buletin.de\/bucuresti\/doua-tinere-au-fost-atacate-de-un-barbat-pe-trotineta-politia-cauta-autorul\/","name":"Dou\u0103 tinere au fost atacate de un b\u0103rbat pe trotinet\u0103. Poli\u021bia caut\u0103 autorul - Buletin de Bucure\u0219ti","isPartOf":{"@id":"https:\/\/buletin.de\/bucuresti\/#website"},"primaryImageOfPage":{"@id":"https:\/\/buletin.de\/bucuresti\/doua-tinere-au-fost-atacate-de-un-barbat-pe-trotineta-politia-cauta-autorul\/#primaryimage"},"image":{"@id":"https:\/\/buletin.de\/bucuresti\/doua-tinere-au-fost-atacate-de-un-barbat-pe-trotineta-politia-cauta-autorul\/#primaryimage"},"thumbnailUrl":"https:\/\/buletin.de\/bucuresti\/wp-content\/uploads\/ecology-3741063_1920.jpg","datePublished":"2022-08-18T10:52:27+00:00","dateModified":"2022-08-18T10:52:28+00:00","description":"Dou\u0103 tinere au fost lovite \u0219i zg\u00e2riate, \u00een Sectorul 1 \u0219i Sectorul 3, de un b\u0103iat care se afla pe trotinet\u0103. Una dintre ele a fost dus\u0103 la spital.","breadcrumb":{"@id":"https:\/\/buletin.de\/bucuresti\/doua-tinere-au-fost-atacate-de-un-barbat-pe-trotineta-politia-cauta-autorul\/#breadcrumb"},"inLanguage":"en-GB","potentialAction":[{"@type":"ReadAction","target":["https:\/\/buletin.de\/bucuresti\/doua-tinere-au-fost-atacate-de-un-barbat-pe-trotineta-politia-cauta-autorul\/"]}]},{"@type":"ImageObject","inLanguage":"en-GB","@id":"https:\/\/buletin.de\/bucuresti\/doua-tinere-au-fost-atacate-de-un-barbat-pe-trotineta-politia-cauta-autorul\/#primaryimage","url":"https:\/\/buletin.de\/bucuresti\/wp-content\/uploads\/ecology-3741063_1920.jpg","contentUrl":"https:\/\/buletin.de\/bucuresti\/wp-content\/uploads\/ecology-3741063_1920.jpg","width":1920,"height":1280},{"@type":"BreadcrumbList","@id":"https:\/\/buletin.de\/bucuresti\/doua-tinere-au-fost-atacate-de-un-barbat-pe-trotineta-politia-cauta-autorul\/#breadcrumb","itemListElement":[{"@type":"ListItem","position":1,"name":"Acas\u0103","item":"https:\/\/buletin.de\/bucuresti\/"},{"@type":"ListItem","position":2,"name":"Dou\u0103 tinere au fost atacate de un b\u0103rbat pe trotinet\u0103. Poli\u021bia caut\u0103 autorul"}]},{"@type":"WebSite","@id":"https:\/\/buletin.de\/bucuresti\/#website","url":"https:\/\/buletin.de\/bucuresti\/","name":"Buletin de Bucure\u0219ti","description":"\u0218tiri \u0219i investiga\u021bii esen\u021biale din capital\u0103","publisher":{"@id":"https:\/\/buletin.de\/bucuresti\/#organization"},"potentialAction":[{"@type":"SearchAction","target":{"@type":"EntryPoint","urlTemplate":"https:\/\/buletin.de\/bucuresti\/?s={search_term_string}"},"query-input":{"@type":"PropertyValueSpecification","valueRequired":true,"valueName":"search_term_string"}}],"inLanguage":"en-GB"},{"@type":"Organization","@id":"https:\/\/buletin.de\/bucuresti\/#organization","name":"Buletin de Bucure\u0219ti","url":"https:\/\/buletin.de\/bucuresti\/","logo":{"@type":"ImageObject","inLanguage":"en-GB","@id":"https:\/\/buletin.de\/bucuresti\/#\/schema\/logo\/image\/","url":"https:\/\/buletin.de\/bucuresti\/wp-content\/uploads\/logo-bdb-full-wide-vernil-transparent.png","contentUrl":"https:\/\/buletin.de\/bucuresti\/wp-content\/uploads\/logo-bdb-full-wide-vernil-transparent.png","width":1782,"height":626,"caption":"Buletin de Bucure\u0219ti"},"image":{"@id":"https:\/\/buletin.de\/bucuresti\/#\/schema\/logo\/image\/"},"sameAs":["https:\/\/www.facebook.com\/buletin.de.buc","https:\/\/www.instagram.com\/buletinde.bucuresti\/"]},{"@type":"Person","@id":"https:\/\/buletin.de\/bucuresti\/#\/schema\/person\/2305426a193cfbaadc0b30023ee5d01c","name":"Andra Mure\u0219an","image":{"@type":"ImageObject","inLanguage":"en-GB","@id":"https:\/\/secure.gravatar.com\/avatar\/0f89940de76acadc8ab9c36e6cec5b672fc84ab1bf1537562fa8584e29dfa8a5?s=96&d=monsterid&r=g30a40ed95e1c0fc67315c6f2c6fa871e","url":"https:\/\/secure.gravatar.com\/avatar\/0f89940de76acadc8ab9c36e6cec5b672fc84ab1bf1537562fa8584e29dfa8a5?s=96&d=monsterid&r=g","contentUrl":"https:\/\/secure.gravatar.com\/avatar\/0f89940de76acadc8ab9c36e6cec5b672fc84ab1bf1537562fa8584e29dfa8a5?s=96&d=monsterid&r=g","caption":"Andra Mure\u0219an"},"url":"https:\/\/buletin.de\/bucuresti\/author\/andra\/"}]}},"authors":[{"term_id":22603,"user_id":42,"is_guest":0,"slug":"andra","display_name":"Andra Mure\u0219an","avatar_url":"https:\/\/secure.gravatar.com\/avatar\/0f89940de76acadc8ab9c36e6cec5b672fc84ab1bf1537562fa8584e29dfa8a5?s=96&d=monsterid&r=g","0":null,"1":"","2":"","3":"","4":"","5":"","6":"","7":"","8":""}],"_links":{"self":[{"href":"https:\/\/buletin.de\/bucuresti\/wp-json\/wp\/v2\/posts\/45627","targetHints":{"allow":["GET"]}}],"collection":[{"href":"https:\/\/buletin.de\/bucuresti\/wp-json\/wp\/v2\/posts"}],"about":[{"href":"https:\/\/buletin.de\/bucuresti\/wp-json\/wp\/v2\/types\/post"}],"author":[{"embeddable":true,"href":"https:\/\/buletin.de\/bucuresti\/wp-json\/wp\/v2\/users\/42"}],"replies":[{"embeddable":true,"href":"https:\/\/buletin.de\/bucuresti\/wp-json\/wp\/v2\/comments?post=45627"}],"version-history":[{"count":1,"href":"https:\/\/buletin.de\/bucuresti\/wp-json\/wp\/v2\/posts\/45627\/revisions"}],"predecessor-version":[{"id":45629,"href":"https:\/\/buletin.de\/bucuresti\/wp-json\/wp\/v2\/posts\/45627\/revisions\/45629"}],"wp:featuredmedia":[{"embeddable":true,"href":"https:\/\/buletin.de\/bucuresti\/wp-json\/wp\/v2\/media\/45628"}],"wp:attachment":[{"href":"https:\/\/buletin.de\/bucuresti\/wp-json\/wp\/v2\/media?parent=45627"}],"wp:term":[{"taxonomy":"category","embeddable":true,"href":"https:\/\/buletin.de\/bucuresti\/wp-json\/wp\/v2\/categories?post=45627"},{"taxonomy":"post_tag","embeddable":true,"href":"https:\/\/buletin.de\/bucuresti\/wp-json\/wp\/v2\/tags?post=45627"},{"taxonomy":"author","embeddable":true,"href":"https:\/\/buletin.de\/bucuresti\/wp-json\/wp\/v2\/ppma_author?post=45627"}],"curies":[{"name":"wp","href":"https:\/\/api.w.org\/{rel}","templated":true}]}}