{"id":45342,"date":"2022-08-08T14:07:19","date_gmt":"2022-08-08T12:07:19","guid":{"rendered":"https:\/\/buletin.de\/bucuresti\/?p=45342"},"modified":"2022-08-08T14:07:19","modified_gmt":"2022-08-08T12:07:19","slug":"bugetul-capitalei-mai-mare-cu-95-de-milioane-de-lei-ce-investitii-vizeaza-rectificarea-bugetara-aprobata-de-consiliul-general-al-capitalei","status":"publish","type":"post","link":"https:\/\/buletin.de\/bucuresti\/bugetul-capitalei-mai-mare-cu-95-de-milioane-de-lei-ce-investitii-vizeaza-rectificarea-bugetara-aprobata-de-consiliul-general-al-capitalei\/","title":{"rendered":"Bugetul Capitalei, mai mare cu 95 de milioane de lei. Ce investi\u021bii vizeaz\u0103 rectificarea bugetar\u0103 aprobat\u0103 de Consiliul General al Capitalei"},"content":{"rendered":"\n<p>Rectificarea de buget a fost aprobat\u0103 ast\u0103zi de Consiliul General al Municipiului Bucure\u0219ti. Proiectul prevede cre\u0219teri ale veniturilor \u0219i cheltuielilor cu 95 de milioane de lei. Astfel, bugetul ajunge la peste 6,4 miliarde, potrivit Agerpres.<\/p>\n\n\n\n<p>Subven\u021biile pentru acoperirea diferen\u021belor de pre\u021b la energie termic\u0103 au ajuns aproape 1,4 miliarde de lei. Rectificarea de ast\u0103zi a prev\u0103zut cre\u0219terea lor cu 80 de milioane de lei.<\/p>\n\n\n\n<p>Printre investi\u021bii se num\u0103r\u0103 \u0219i cump\u0103rarea a 100 de troleibuze, reabilitarea liniilor de tramvai \u0219i semafoare inteligente. De asemenea, s-au alocat 17 milioane de lei \u00een plus pentru repara\u021bii la str\u0103zi, iluminat public \u0219i trotuare. Proiectul prevede servicii de consultan\u021b\u0103 pentru ob\u021binerea avizului de mediu pentru Strategia Integrat\u0103 de Dezvoltare Urban\u0103 (SIDU) care permite ora\u0219ului s\u0103 acceseze fonduri europene; bani pentru repararea softului Bibliotecii Metropolitane Bucure\u0219ti \u0219i 170.000 de lei pentru achizi\u021bionarea arhivei \u201eCamil Petrescu\u201d pentru Muzeul Na\u021bional al Literaturii Rom\u00e2ne. <\/p>\n\n\n\n<p>Despre investi\u021bia f\u0103cut\u0103 la Muzeu, Nicu\u0219or Dan spune c\u0103 \u201eeste vorba de scrisori primite de la Mihail Sadoveanu, Mircea Eliade, Liviu Rebreanu sau Mihail Sebastian, mii de pagini de manuscrise \u0219i dactilograme corectate ale romanelor, pieselor de teatru \u0219i operelor filosofice ale scriitorului, precum \u0219i diverse obiecte personale\u201d.<\/p>\n\n\n\n<p>Consiliul General a respins la \u0219edin\u021ba precedent\u0103 rectificarea bugetar\u0103 propus\u0103 de edilul Capitalei. Viceprimarul Stelian Bujduveanu spunea c\u0103 exist\u0103 riscul popririi conturilor prim\u0103riei dac\u0103 nu se pl\u0103te\u0219te rata restant\u0103 la termoficare, potrivit Agerpres.<\/p>\n","protected":false},"excerpt":{"rendered":"<p>Rectificarea de buget a fost aprobat\u0103 ast\u0103zi de Consiliul General al Municipiului Bucure\u0219ti. Proiectul prevede cre\u0219teri ale veniturilor \u0219i cheltuielilor cu 95 de milioane de lei. Astfel, bugetul ajunge la peste 6,4 miliarde, potrivit Agerpres. Subven\u021biile pentru acoperirea diferen\u021belor de pre\u021b la energie termic\u0103 au ajuns aproape 1,4 miliarde de lei. Rectificarea de ast\u0103zi a [&hellip;]<\/p>\n","protected":false},"author":42,"featured_media":45344,"comment_status":"closed","ping_status":"open","sticky":false,"template":"","format":"standard","meta":{"_acf_changed":false,"inline_featured_image":false,"ngg_post_thumbnail":0,"footnotes":""},"categories":[62],"tags":[9,1899,695],"ppma_author":[22603],"class_list":["post-45342","post","type-post","status-publish","format-standard","has-post-thumbnail","hentry","category-stiri","tag-bucuresti","tag-nicusor-dan-2","tag-rectificare-bugetara"],"acf":[],"yoast_head":"<!-- This site is optimized with the Yoast SEO Premium plugin v25.3 (Yoast SEO v27.5) - https:\/\/yoast.com\/product\/yoast-seo-premium-wordpress\/ -->\n<title>Bugetul Capitalei, mai mare cu 95 de milioane de lei. Ce investi\u021bii vizeaz\u0103 rectificarea bugetar\u0103 aprobat\u0103 de Consiliul General al Capitalei - Buletin de Bucure\u0219ti<\/title>\n<meta name=\"robots\" content=\"index, follow, max-snippet:-1, max-image-preview:large, max-video-preview:-1\" \/>\n<link rel=\"canonical\" href=\"https:\/\/buletin.de\/bucuresti\/bugetul-capitalei-mai-mare-cu-95-de-milioane-de-lei-ce-investitii-vizeaza-rectificarea-bugetara-aprobata-de-consiliul-general-al-capitalei\/\" \/>\n<meta property=\"og:locale\" content=\"en_GB\" \/>\n<meta property=\"og:type\" content=\"article\" \/>\n<meta property=\"og:title\" content=\"Bugetul Capitalei, mai mare cu 95 de milioane de lei. Ce investi\u021bii vizeaz\u0103 rectificarea bugetar\u0103 aprobat\u0103 de Consiliul General al Capitalei\" \/>\n<meta property=\"og:description\" content=\"Rectificarea de buget a fost aprobat\u0103 ast\u0103zi de Consiliul General al Municipiului Bucure\u0219ti. Proiectul prevede cre\u0219teri ale veniturilor \u0219i cheltuielilor cu 95 de milioane de lei. Astfel, bugetul ajunge la peste 6,4 miliarde, potrivit Agerpres. Subven\u021biile pentru acoperirea diferen\u021belor de pre\u021b la energie termic\u0103 au ajuns aproape 1,4 miliarde de lei. Rectificarea de ast\u0103zi a [&hellip;]\" \/>\n<meta property=\"og:url\" content=\"https:\/\/buletin.de\/bucuresti\/bugetul-capitalei-mai-mare-cu-95-de-milioane-de-lei-ce-investitii-vizeaza-rectificarea-bugetara-aprobata-de-consiliul-general-al-capitalei\/\" \/>\n<meta property=\"og:site_name\" content=\"Buletin de Bucure\u0219ti\" \/>\n<meta property=\"article:publisher\" content=\"https:\/\/www.facebook.com\/buletin.de.buc\" \/>\n<meta property=\"article:published_time\" content=\"2022-08-08T12:07:19+00:00\" \/>\n<meta property=\"og:image\" content=\"https:\/\/buletin.de\/bucuresti\/wp-content\/uploads\/285903946_327995019508209_6111355447746757908_n.jpg\" \/>\n\t<meta property=\"og:image:width\" content=\"960\" \/>\n\t<meta property=\"og:image:height\" content=\"640\" \/>\n\t<meta property=\"og:image:type\" content=\"image\/jpeg\" \/>\n<meta name=\"author\" content=\"Andra Mure\u0219an\" \/>\n<meta name=\"twitter:card\" content=\"summary_large_image\" \/>\n<meta name=\"twitter:label1\" content=\"Written by\" \/>\n\t<meta name=\"twitter:data1\" content=\"Andra Mure\u0219an\" \/>\n\t<meta name=\"twitter:label2\" content=\"Estimated reading time\" \/>\n\t<meta name=\"twitter:data2\" content=\"1 minute\" \/>\n<script type=\"application\/ld+json\" class=\"yoast-schema-graph\">{\"@context\":\"https:\\\/\\\/schema.org\",\"@graph\":[{\"@type\":\"Article\",\"@id\":\"https:\\\/\\\/buletin.de\\\/bucuresti\\\/bugetul-capitalei-mai-mare-cu-95-de-milioane-de-lei-ce-investitii-vizeaza-rectificarea-bugetara-aprobata-de-consiliul-general-al-capitalei\\\/#article\",\"isPartOf\":{\"@id\":\"https:\\\/\\\/buletin.de\\\/bucuresti\\\/bugetul-capitalei-mai-mare-cu-95-de-milioane-de-lei-ce-investitii-vizeaza-rectificarea-bugetara-aprobata-de-consiliul-general-al-capitalei\\\/\"},\"author\":{\"name\":\"Andra Mure\u0219an\",\"@id\":\"https:\\\/\\\/buletin.de\\\/bucuresti\\\/#\\\/schema\\\/person\\\/2305426a193cfbaadc0b30023ee5d01c\"},\"headline\":\"Bugetul Capitalei, mai mare cu 95 de milioane de lei. Ce investi\u021bii vizeaz\u0103 rectificarea bugetar\u0103 aprobat\u0103 de Consiliul General al Capitalei\",\"datePublished\":\"2022-08-08T12:07:19+00:00\",\"mainEntityOfPage\":{\"@id\":\"https:\\\/\\\/buletin.de\\\/bucuresti\\\/bugetul-capitalei-mai-mare-cu-95-de-milioane-de-lei-ce-investitii-vizeaza-rectificarea-bugetara-aprobata-de-consiliul-general-al-capitalei\\\/\"},\"wordCount\":266,\"publisher\":{\"@id\":\"https:\\\/\\\/buletin.de\\\/bucuresti\\\/#organization\"},\"image\":{\"@id\":\"https:\\\/\\\/buletin.de\\\/bucuresti\\\/bugetul-capitalei-mai-mare-cu-95-de-milioane-de-lei-ce-investitii-vizeaza-rectificarea-bugetara-aprobata-de-consiliul-general-al-capitalei\\\/#primaryimage\"},\"thumbnailUrl\":\"https:\\\/\\\/buletin.de\\\/bucuresti\\\/wp-content\\\/uploads\\\/285903946_327995019508209_6111355447746757908_n.jpg\",\"keywords\":[\"bucuresti\",\"Nicu\u0219or Dan\",\"rectificare bugetara\"],\"articleSection\":[\"\u0218tiri\"],\"inLanguage\":\"en-GB\",\"copyrightYear\":\"2022\",\"copyrightHolder\":{\"@id\":\"https:\\\/\\\/buletin.de\\\/bucuresti\\\/#organization\"}},{\"@type\":\"WebPage\",\"@id\":\"https:\\\/\\\/buletin.de\\\/bucuresti\\\/bugetul-capitalei-mai-mare-cu-95-de-milioane-de-lei-ce-investitii-vizeaza-rectificarea-bugetara-aprobata-de-consiliul-general-al-capitalei\\\/\",\"url\":\"https:\\\/\\\/buletin.de\\\/bucuresti\\\/bugetul-capitalei-mai-mare-cu-95-de-milioane-de-lei-ce-investitii-vizeaza-rectificarea-bugetara-aprobata-de-consiliul-general-al-capitalei\\\/\",\"name\":\"Bugetul Capitalei, mai mare cu 95 de milioane de lei. Ce investi\u021bii vizeaz\u0103 rectificarea bugetar\u0103 aprobat\u0103 de Consiliul General al Capitalei - Buletin de Bucure\u0219ti\",\"isPartOf\":{\"@id\":\"https:\\\/\\\/buletin.de\\\/bucuresti\\\/#website\"},\"primaryImageOfPage\":{\"@id\":\"https:\\\/\\\/buletin.de\\\/bucuresti\\\/bugetul-capitalei-mai-mare-cu-95-de-milioane-de-lei-ce-investitii-vizeaza-rectificarea-bugetara-aprobata-de-consiliul-general-al-capitalei\\\/#primaryimage\"},\"image\":{\"@id\":\"https:\\\/\\\/buletin.de\\\/bucuresti\\\/bugetul-capitalei-mai-mare-cu-95-de-milioane-de-lei-ce-investitii-vizeaza-rectificarea-bugetara-aprobata-de-consiliul-general-al-capitalei\\\/#primaryimage\"},\"thumbnailUrl\":\"https:\\\/\\\/buletin.de\\\/bucuresti\\\/wp-content\\\/uploads\\\/285903946_327995019508209_6111355447746757908_n.jpg\",\"datePublished\":\"2022-08-08T12:07:19+00:00\",\"breadcrumb\":{\"@id\":\"https:\\\/\\\/buletin.de\\\/bucuresti\\\/bugetul-capitalei-mai-mare-cu-95-de-milioane-de-lei-ce-investitii-vizeaza-rectificarea-bugetara-aprobata-de-consiliul-general-al-capitalei\\\/#breadcrumb\"},\"inLanguage\":\"en-GB\",\"potentialAction\":[{\"@type\":\"ReadAction\",\"target\":[\"https:\\\/\\\/buletin.de\\\/bucuresti\\\/bugetul-capitalei-mai-mare-cu-95-de-milioane-de-lei-ce-investitii-vizeaza-rectificarea-bugetara-aprobata-de-consiliul-general-al-capitalei\\\/\"]}]},{\"@type\":\"ImageObject\",\"inLanguage\":\"en-GB\",\"@id\":\"https:\\\/\\\/buletin.de\\\/bucuresti\\\/bugetul-capitalei-mai-mare-cu-95-de-milioane-de-lei-ce-investitii-vizeaza-rectificarea-bugetara-aprobata-de-consiliul-general-al-capitalei\\\/#primaryimage\",\"url\":\"https:\\\/\\\/buletin.de\\\/bucuresti\\\/wp-content\\\/uploads\\\/285903946_327995019508209_6111355447746757908_n.jpg\",\"contentUrl\":\"https:\\\/\\\/buletin.de\\\/bucuresti\\\/wp-content\\\/uploads\\\/285903946_327995019508209_6111355447746757908_n.jpg\",\"width\":960,\"height\":640},{\"@type\":\"BreadcrumbList\",\"@id\":\"https:\\\/\\\/buletin.de\\\/bucuresti\\\/bugetul-capitalei-mai-mare-cu-95-de-milioane-de-lei-ce-investitii-vizeaza-rectificarea-bugetara-aprobata-de-consiliul-general-al-capitalei\\\/#breadcrumb\",\"itemListElement\":[{\"@type\":\"ListItem\",\"position\":1,\"name\":\"Acas\u0103\",\"item\":\"https:\\\/\\\/buletin.de\\\/bucuresti\\\/\"},{\"@type\":\"ListItem\",\"position\":2,\"name\":\"Bugetul Capitalei, mai mare cu 95 de milioane de lei. Ce investi\u021bii vizeaz\u0103 rectificarea bugetar\u0103 aprobat\u0103 de Consiliul General al Capitalei\"}]},{\"@type\":\"WebSite\",\"@id\":\"https:\\\/\\\/buletin.de\\\/bucuresti\\\/#website\",\"url\":\"https:\\\/\\\/buletin.de\\\/bucuresti\\\/\",\"name\":\"Buletin de Bucure\u0219ti\",\"description\":\"\u0218tiri \u0219i investiga\u021bii esen\u021biale din capital\u0103\",\"publisher\":{\"@id\":\"https:\\\/\\\/buletin.de\\\/bucuresti\\\/#organization\"},\"potentialAction\":[{\"@type\":\"SearchAction\",\"target\":{\"@type\":\"EntryPoint\",\"urlTemplate\":\"https:\\\/\\\/buletin.de\\\/bucuresti\\\/?s={search_term_string}\"},\"query-input\":{\"@type\":\"PropertyValueSpecification\",\"valueRequired\":true,\"valueName\":\"search_term_string\"}}],\"inLanguage\":\"en-GB\"},{\"@type\":\"Organization\",\"@id\":\"https:\\\/\\\/buletin.de\\\/bucuresti\\\/#organization\",\"name\":\"Buletin de Bucure\u0219ti\",\"url\":\"https:\\\/\\\/buletin.de\\\/bucuresti\\\/\",\"logo\":{\"@type\":\"ImageObject\",\"inLanguage\":\"en-GB\",\"@id\":\"https:\\\/\\\/buletin.de\\\/bucuresti\\\/#\\\/schema\\\/logo\\\/image\\\/\",\"url\":\"https:\\\/\\\/buletin.de\\\/bucuresti\\\/wp-content\\\/uploads\\\/logo-bdb-full-wide-vernil-transparent.png\",\"contentUrl\":\"https:\\\/\\\/buletin.de\\\/bucuresti\\\/wp-content\\\/uploads\\\/logo-bdb-full-wide-vernil-transparent.png\",\"width\":1782,\"height\":626,\"caption\":\"Buletin de Bucure\u0219ti\"},\"image\":{\"@id\":\"https:\\\/\\\/buletin.de\\\/bucuresti\\\/#\\\/schema\\\/logo\\\/image\\\/\"},\"sameAs\":[\"https:\\\/\\\/www.facebook.com\\\/buletin.de.buc\",\"https:\\\/\\\/www.instagram.com\\\/buletinde.bucuresti\\\/\"]},{\"@type\":\"Person\",\"@id\":\"https:\\\/\\\/buletin.de\\\/bucuresti\\\/#\\\/schema\\\/person\\\/2305426a193cfbaadc0b30023ee5d01c\",\"name\":\"Andra Mure\u0219an\",\"image\":{\"@type\":\"ImageObject\",\"inLanguage\":\"en-GB\",\"@id\":\"https:\\\/\\\/secure.gravatar.com\\\/avatar\\\/0f89940de76acadc8ab9c36e6cec5b672fc84ab1bf1537562fa8584e29dfa8a5?s=96&d=monsterid&r=g30a40ed95e1c0fc67315c6f2c6fa871e\",\"url\":\"https:\\\/\\\/secure.gravatar.com\\\/avatar\\\/0f89940de76acadc8ab9c36e6cec5b672fc84ab1bf1537562fa8584e29dfa8a5?s=96&d=monsterid&r=g\",\"contentUrl\":\"https:\\\/\\\/secure.gravatar.com\\\/avatar\\\/0f89940de76acadc8ab9c36e6cec5b672fc84ab1bf1537562fa8584e29dfa8a5?s=96&d=monsterid&r=g\",\"caption\":\"Andra Mure\u0219an\"},\"url\":\"https:\\\/\\\/buletin.de\\\/bucuresti\\\/author\\\/andra\\\/\"}]}<\/script>\n<!-- \/ Yoast SEO Premium plugin. -->","yoast_head_json":{"title":"Bugetul Capitalei, mai mare cu 95 de milioane de lei. Ce investi\u021bii vizeaz\u0103 rectificarea bugetar\u0103 aprobat\u0103 de Consiliul General al Capitalei - Buletin de Bucure\u0219ti","robots":{"index":"index","follow":"follow","max-snippet":"max-snippet:-1","max-image-preview":"max-image-preview:large","max-video-preview":"max-video-preview:-1"},"canonical":"https:\/\/buletin.de\/bucuresti\/bugetul-capitalei-mai-mare-cu-95-de-milioane-de-lei-ce-investitii-vizeaza-rectificarea-bugetara-aprobata-de-consiliul-general-al-capitalei\/","og_locale":"en_GB","og_type":"article","og_title":"Bugetul Capitalei, mai mare cu 95 de milioane de lei. Ce investi\u021bii vizeaz\u0103 rectificarea bugetar\u0103 aprobat\u0103 de Consiliul General al Capitalei","og_description":"Rectificarea de buget a fost aprobat\u0103 ast\u0103zi de Consiliul General al Municipiului Bucure\u0219ti. Proiectul prevede cre\u0219teri ale veniturilor \u0219i cheltuielilor cu 95 de milioane de lei. Astfel, bugetul ajunge la peste 6,4 miliarde, potrivit Agerpres. Subven\u021biile pentru acoperirea diferen\u021belor de pre\u021b la energie termic\u0103 au ajuns aproape 1,4 miliarde de lei. Rectificarea de ast\u0103zi a [&hellip;]","og_url":"https:\/\/buletin.de\/bucuresti\/bugetul-capitalei-mai-mare-cu-95-de-milioane-de-lei-ce-investitii-vizeaza-rectificarea-bugetara-aprobata-de-consiliul-general-al-capitalei\/","og_site_name":"Buletin de Bucure\u0219ti","article_publisher":"https:\/\/www.facebook.com\/buletin.de.buc","article_published_time":"2022-08-08T12:07:19+00:00","og_image":[{"width":960,"height":640,"url":"https:\/\/buletin.de\/bucuresti\/wp-content\/uploads\/285903946_327995019508209_6111355447746757908_n.jpg","type":"image\/jpeg"}],"author":"Andra Mure\u0219an","twitter_card":"summary_large_image","twitter_misc":{"Written by":"Andra Mure\u0219an","Estimated reading time":"1 minute"},"schema":{"@context":"https:\/\/schema.org","@graph":[{"@type":"Article","@id":"https:\/\/buletin.de\/bucuresti\/bugetul-capitalei-mai-mare-cu-95-de-milioane-de-lei-ce-investitii-vizeaza-rectificarea-bugetara-aprobata-de-consiliul-general-al-capitalei\/#article","isPartOf":{"@id":"https:\/\/buletin.de\/bucuresti\/bugetul-capitalei-mai-mare-cu-95-de-milioane-de-lei-ce-investitii-vizeaza-rectificarea-bugetara-aprobata-de-consiliul-general-al-capitalei\/"},"author":{"name":"Andra Mure\u0219an","@id":"https:\/\/buletin.de\/bucuresti\/#\/schema\/person\/2305426a193cfbaadc0b30023ee5d01c"},"headline":"Bugetul Capitalei, mai mare cu 95 de milioane de lei. Ce investi\u021bii vizeaz\u0103 rectificarea bugetar\u0103 aprobat\u0103 de Consiliul General al Capitalei","datePublished":"2022-08-08T12:07:19+00:00","mainEntityOfPage":{"@id":"https:\/\/buletin.de\/bucuresti\/bugetul-capitalei-mai-mare-cu-95-de-milioane-de-lei-ce-investitii-vizeaza-rectificarea-bugetara-aprobata-de-consiliul-general-al-capitalei\/"},"wordCount":266,"publisher":{"@id":"https:\/\/buletin.de\/bucuresti\/#organization"},"image":{"@id":"https:\/\/buletin.de\/bucuresti\/bugetul-capitalei-mai-mare-cu-95-de-milioane-de-lei-ce-investitii-vizeaza-rectificarea-bugetara-aprobata-de-consiliul-general-al-capitalei\/#primaryimage"},"thumbnailUrl":"https:\/\/buletin.de\/bucuresti\/wp-content\/uploads\/285903946_327995019508209_6111355447746757908_n.jpg","keywords":["bucuresti","Nicu\u0219or Dan","rectificare bugetara"],"articleSection":["\u0218tiri"],"inLanguage":"en-GB","copyrightYear":"2022","copyrightHolder":{"@id":"https:\/\/buletin.de\/bucuresti\/#organization"}},{"@type":"WebPage","@id":"https:\/\/buletin.de\/bucuresti\/bugetul-capitalei-mai-mare-cu-95-de-milioane-de-lei-ce-investitii-vizeaza-rectificarea-bugetara-aprobata-de-consiliul-general-al-capitalei\/","url":"https:\/\/buletin.de\/bucuresti\/bugetul-capitalei-mai-mare-cu-95-de-milioane-de-lei-ce-investitii-vizeaza-rectificarea-bugetara-aprobata-de-consiliul-general-al-capitalei\/","name":"Bugetul Capitalei, mai mare cu 95 de milioane de lei. Ce investi\u021bii vizeaz\u0103 rectificarea bugetar\u0103 aprobat\u0103 de Consiliul General al Capitalei - Buletin de Bucure\u0219ti","isPartOf":{"@id":"https:\/\/buletin.de\/bucuresti\/#website"},"primaryImageOfPage":{"@id":"https:\/\/buletin.de\/bucuresti\/bugetul-capitalei-mai-mare-cu-95-de-milioane-de-lei-ce-investitii-vizeaza-rectificarea-bugetara-aprobata-de-consiliul-general-al-capitalei\/#primaryimage"},"image":{"@id":"https:\/\/buletin.de\/bucuresti\/bugetul-capitalei-mai-mare-cu-95-de-milioane-de-lei-ce-investitii-vizeaza-rectificarea-bugetara-aprobata-de-consiliul-general-al-capitalei\/#primaryimage"},"thumbnailUrl":"https:\/\/buletin.de\/bucuresti\/wp-content\/uploads\/285903946_327995019508209_6111355447746757908_n.jpg","datePublished":"2022-08-08T12:07:19+00:00","breadcrumb":{"@id":"https:\/\/buletin.de\/bucuresti\/bugetul-capitalei-mai-mare-cu-95-de-milioane-de-lei-ce-investitii-vizeaza-rectificarea-bugetara-aprobata-de-consiliul-general-al-capitalei\/#breadcrumb"},"inLanguage":"en-GB","potentialAction":[{"@type":"ReadAction","target":["https:\/\/buletin.de\/bucuresti\/bugetul-capitalei-mai-mare-cu-95-de-milioane-de-lei-ce-investitii-vizeaza-rectificarea-bugetara-aprobata-de-consiliul-general-al-capitalei\/"]}]},{"@type":"ImageObject","inLanguage":"en-GB","@id":"https:\/\/buletin.de\/bucuresti\/bugetul-capitalei-mai-mare-cu-95-de-milioane-de-lei-ce-investitii-vizeaza-rectificarea-bugetara-aprobata-de-consiliul-general-al-capitalei\/#primaryimage","url":"https:\/\/buletin.de\/bucuresti\/wp-content\/uploads\/285903946_327995019508209_6111355447746757908_n.jpg","contentUrl":"https:\/\/buletin.de\/bucuresti\/wp-content\/uploads\/285903946_327995019508209_6111355447746757908_n.jpg","width":960,"height":640},{"@type":"BreadcrumbList","@id":"https:\/\/buletin.de\/bucuresti\/bugetul-capitalei-mai-mare-cu-95-de-milioane-de-lei-ce-investitii-vizeaza-rectificarea-bugetara-aprobata-de-consiliul-general-al-capitalei\/#breadcrumb","itemListElement":[{"@type":"ListItem","position":1,"name":"Acas\u0103","item":"https:\/\/buletin.de\/bucuresti\/"},{"@type":"ListItem","position":2,"name":"Bugetul Capitalei, mai mare cu 95 de milioane de lei. Ce investi\u021bii vizeaz\u0103 rectificarea bugetar\u0103 aprobat\u0103 de Consiliul General al Capitalei"}]},{"@type":"WebSite","@id":"https:\/\/buletin.de\/bucuresti\/#website","url":"https:\/\/buletin.de\/bucuresti\/","name":"Buletin de Bucure\u0219ti","description":"\u0218tiri \u0219i investiga\u021bii esen\u021biale din capital\u0103","publisher":{"@id":"https:\/\/buletin.de\/bucuresti\/#organization"},"potentialAction":[{"@type":"SearchAction","target":{"@type":"EntryPoint","urlTemplate":"https:\/\/buletin.de\/bucuresti\/?s={search_term_string}"},"query-input":{"@type":"PropertyValueSpecification","valueRequired":true,"valueName":"search_term_string"}}],"inLanguage":"en-GB"},{"@type":"Organization","@id":"https:\/\/buletin.de\/bucuresti\/#organization","name":"Buletin de Bucure\u0219ti","url":"https:\/\/buletin.de\/bucuresti\/","logo":{"@type":"ImageObject","inLanguage":"en-GB","@id":"https:\/\/buletin.de\/bucuresti\/#\/schema\/logo\/image\/","url":"https:\/\/buletin.de\/bucuresti\/wp-content\/uploads\/logo-bdb-full-wide-vernil-transparent.png","contentUrl":"https:\/\/buletin.de\/bucuresti\/wp-content\/uploads\/logo-bdb-full-wide-vernil-transparent.png","width":1782,"height":626,"caption":"Buletin de Bucure\u0219ti"},"image":{"@id":"https:\/\/buletin.de\/bucuresti\/#\/schema\/logo\/image\/"},"sameAs":["https:\/\/www.facebook.com\/buletin.de.buc","https:\/\/www.instagram.com\/buletinde.bucuresti\/"]},{"@type":"Person","@id":"https:\/\/buletin.de\/bucuresti\/#\/schema\/person\/2305426a193cfbaadc0b30023ee5d01c","name":"Andra Mure\u0219an","image":{"@type":"ImageObject","inLanguage":"en-GB","@id":"https:\/\/secure.gravatar.com\/avatar\/0f89940de76acadc8ab9c36e6cec5b672fc84ab1bf1537562fa8584e29dfa8a5?s=96&d=monsterid&r=g30a40ed95e1c0fc67315c6f2c6fa871e","url":"https:\/\/secure.gravatar.com\/avatar\/0f89940de76acadc8ab9c36e6cec5b672fc84ab1bf1537562fa8584e29dfa8a5?s=96&d=monsterid&r=g","contentUrl":"https:\/\/secure.gravatar.com\/avatar\/0f89940de76acadc8ab9c36e6cec5b672fc84ab1bf1537562fa8584e29dfa8a5?s=96&d=monsterid&r=g","caption":"Andra Mure\u0219an"},"url":"https:\/\/buletin.de\/bucuresti\/author\/andra\/"}]}},"authors":[{"term_id":22603,"user_id":42,"is_guest":0,"slug":"andra","display_name":"Andra Mure\u0219an","avatar_url":"https:\/\/secure.gravatar.com\/avatar\/0f89940de76acadc8ab9c36e6cec5b672fc84ab1bf1537562fa8584e29dfa8a5?s=96&d=monsterid&r=g","0":null,"1":"","2":"","3":"","4":"","5":"","6":"","7":"","8":""}],"_links":{"self":[{"href":"https:\/\/buletin.de\/bucuresti\/wp-json\/wp\/v2\/posts\/45342","targetHints":{"allow":["GET"]}}],"collection":[{"href":"https:\/\/buletin.de\/bucuresti\/wp-json\/wp\/v2\/posts"}],"about":[{"href":"https:\/\/buletin.de\/bucuresti\/wp-json\/wp\/v2\/types\/post"}],"author":[{"embeddable":true,"href":"https:\/\/buletin.de\/bucuresti\/wp-json\/wp\/v2\/users\/42"}],"replies":[{"embeddable":true,"href":"https:\/\/buletin.de\/bucuresti\/wp-json\/wp\/v2\/comments?post=45342"}],"version-history":[{"count":3,"href":"https:\/\/buletin.de\/bucuresti\/wp-json\/wp\/v2\/posts\/45342\/revisions"}],"predecessor-version":[{"id":45348,"href":"https:\/\/buletin.de\/bucuresti\/wp-json\/wp\/v2\/posts\/45342\/revisions\/45348"}],"wp:featuredmedia":[{"embeddable":true,"href":"https:\/\/buletin.de\/bucuresti\/wp-json\/wp\/v2\/media\/45344"}],"wp:attachment":[{"href":"https:\/\/buletin.de\/bucuresti\/wp-json\/wp\/v2\/media?parent=45342"}],"wp:term":[{"taxonomy":"category","embeddable":true,"href":"https:\/\/buletin.de\/bucuresti\/wp-json\/wp\/v2\/categories?post=45342"},{"taxonomy":"post_tag","embeddable":true,"href":"https:\/\/buletin.de\/bucuresti\/wp-json\/wp\/v2\/tags?post=45342"},{"taxonomy":"author","embeddable":true,"href":"https:\/\/buletin.de\/bucuresti\/wp-json\/wp\/v2\/ppma_author?post=45342"}],"curies":[{"name":"wp","href":"https:\/\/api.w.org\/{rel}","templated":true}]}}