{"id":45219,"date":"2022-08-03T19:52:53","date_gmt":"2022-08-03T17:52:53","guid":{"rendered":"https:\/\/buletin.de\/bucuresti\/?p=45219"},"modified":"2023-09-19T14:42:29","modified_gmt":"2023-09-19T12:42:29","slug":"licitatia-pentru-inlocuirea-a-212-kilometri-de-conducte-din-sistemul-de-termoficare-al-capitalei-aproape-gata","status":"publish","type":"post","link":"https:\/\/buletin.de\/bucuresti\/licitatia-pentru-inlocuirea-a-212-kilometri-de-conducte-din-sistemul-de-termoficare-al-capitalei-aproape-gata\/","title":{"rendered":"Licita\u021bia pentru \u00eenlocuirea a 212 kilometri de conducte din sistemul de termoficare al Capitalei, aproape gata"},"content":{"rendered":"\n<p><strong>Nicu\u0219or Dan, primarul Capitalei, a anun\u021bat, ast\u0103zi, c\u0103 au fost depuse oferte pentru fiecare din cele cinci tronsoane de 210 km de conduct\u0103 care transport\u0103 agentul termic, iar evaluarea ofertelor se va termina abia peste o lun\u0103 jumate, de\u0219i pentru cele cinci contracte se lupt\u0103 doar \u0219ase firme sau asocieri. Edilul a spus \u0219i c\u0103 lucr\u0103rile ar putea \u00eencepe abia \u00een prim\u0103var\u0103, iar pe timpul iernii va fi f\u0103cut\u0103 proiectarea. <\/strong><\/p>\n\n\n\n<blockquote class=\"wp-block-quote is-layout-flow wp-block-quote-is-layout-flow\"><p>Sunt cinci tronsoane, care totalizeaz\u0103 210 kilometri. A fost o achizi\u0163ie pe sistemul electronic de achizi\u0163ii publice, s-au depus oferte pentru fiecare din cele cinci tronsoane \u015fi acum suntem \u00een faza de evaluare a ofertelor. Probabil c\u0103 mai dureaz\u0103 cam o lun\u0103 \u015fi jum\u0103tate p\u00e2n\u0103 la declararea proiectelor c\u00e2\u015ftig\u0103toare. <\/p><cite>A declarat Nicu\u0219or Dan, primarul Capitalei, \u00eentr-o conferin\u021b\u0103 de pres\u0103 <\/cite><\/blockquote>\n\n\n\n<p>Sistemul de transport al energiei termice din Bucure\u0219ti, unul dintre cele mai mari din lume, are 954 km de conducte \u00een re\u021beaua primar\u0103, 2.963 km \u00een re\u021bea secundar\u0103. Nicu\u0219or Dan sus\u021bine c\u0103 re\u021beaua primar\u0103 are cel mai multe probleme pentru c\u0103 \u00een ultimii ani au fost reabilita\u021bi doar 10%, adic\u0103 100 de km. Pentru 2022, \u021binta era ca \u00eenc\u0103 50 de km de conducte din re\u021beaua primar\u0103 s\u0103 fie reabilitat\u0103, \u00eens\u0103 din cauza r\u0103zboiului din Ucraina realizabili sunt 30-35 de km.&nbsp;<\/p>\n\n\n\n<blockquote class=\"wp-block-quote is-layout-flow wp-block-quote-is-layout-flow\"><p>Pe segmentul de transport, re\u0163eaua principal\u0103, aici este principala problem\u0103, aici sunt principalele piederi. \u015ei, pe scurt, asta vine din faptul c\u0103 avem o re\u0163ea de 1.000 de kilometri, din care s-au modernizat 100, \u015fi cu un ritm de modernizare de 5, 6, 7 kilometri pe an, ani de zile. <\/p><cite>A completat Nicu\u0219or Dan <\/cite><\/blockquote>\n\n\n\n<p>\u00cen 2021, Prim\u0103ria General\u0103 a reu\u0219it s\u0103 ob\u021bin\u0103 o finan\u021bare european\u0103 din partea Comisiei Europene de 216 milioane de euro pentru a reabilita o parte din re\u021beaua primar\u0103 care transport\u0103 agentul termic \u00een Capital\u0103. Din cauza scumpirilor materialelor de construc\u021bii firmele nu s-au \u00eenghesuit s\u0103 depun\u0103 oferte, astfel c\u0103 doar c\u00e2teva societ\u0103\u021bi au aplicat \u0219i niciuna nu a depus oferte pentru toate cele cinci loturi.<\/p>\n\n\n\n<p><strong>Cele cinci loturi scoase la licita\u021bie de PMB: <\/strong><\/p>\n\n\n\n<p class=\"has-background\" style=\"background-color:#fbf1d8\"><em>Lotul 1 Magistrala II Sud \u2013 264 milioane lei f\u0103r\u0103 TVA \u2013 46 km<\/em><br><em>Lotul 2 Magistrala II-III Groz\u0103ve\u0219ti \u2013 168,3 milioane lei f\u0103r\u0103 TVA \u2013 36 km<\/em><br><em>Lotul 3 Magistrala V Groz\u0103ve\u0219ti \u2013 228,1 milioane lei f\u0103r\u0103 TVA \u2013 32 km<\/em><br><em>Lotul 4 Magistrala Progresu \u2013 Berceni \u2013 275,3 milioane lei f\u0103r\u0103 TVA \u2013 50 km<\/em><br><em>Lotul 5 Magistralele: II Sud, II-III Groz\u0103ve\u0219ti, V Groz\u0103ve\u0219ti, Progresu \u2013 Berceni, II Vest, I-II-III Vest \u2013 234 milioane lei f\u0103r\u0103 TVA \u2013 48 km<\/em><\/p>\n\n\n\n<p><strong>Firmele care care au aplicat pe SEAP: <\/strong><\/p>\n\n\n\n<p class=\"has-background\" style=\"background-color:#fbf1d8\"><strong>Lotul 1:<br><\/strong>\u2013 Ness Proiect Europe<br>\u2013 Elsaco Electronic, Energomontaj, Sicor<br><strong>Lotul 2: <br><\/strong>\u2013 Elsaco Electronic, Energomontaj, Sicor<br><strong>Lotul 3: <br><\/strong>\u2013 Construc\u021bii Erba\u0219u, Consix Construc\u021bii<br><strong>Lotul 4: <br><\/strong>\u2013 Construc\u021bii Erba\u0219u, Consix Construc\u021bii<br><strong>Lotul 5: <br><\/strong>\u2013 Ness Proiect Europe<br>\u2013 Energomontaj, IPCT Instala\u021bii, Sicor, Elsaco Electronic<\/p>\n\n\n\n<p>Conform infoma\u021bilor din Sistmul Elctronic de Achizi\u021bii Publice (SEAP) durata contractelor este de 4 ani. Prin urmare, chiar dac\u0103 Prim\u0103ria va semna contractele p\u00e2n\u0103 la finele acestui an, lucr\u0103rile ar trebui s\u0103 fie finalizate, \u00een cel mai optimist scenariu, \u00een anul 2026.<\/p>\n\n\n\n<p>Surs\u0103 Foto: Termoenergetica <\/p>\n","protected":false},"excerpt":{"rendered":"<p>Nicu\u0219or Dan, primarul Capitalei, a anun\u021bat, ast\u0103zi, c\u0103 au fost depuse oferte pentru fiecare din cele cinci tronsoane de 210 km de conduct\u0103 care transport\u0103 agentul termic, iar evaluarea ofertelor se va termina abia peste o lun\u0103 jumate, de\u0219i pentru cele cinci contracte se lupt\u0103 doar \u0219ase firme sau asocieri. Edilul a spus \u0219i c\u0103 [&hellip;]<\/p>\n","protected":false},"author":17,"featured_media":33812,"comment_status":"closed","ping_status":"open","sticky":false,"template":"","format":"standard","meta":{"_acf_changed":false,"inline_featured_image":false,"ngg_post_thumbnail":0,"footnotes":""},"categories":[24,62,6214],"tags":[],"ppma_author":[22576],"class_list":["post-45219","post","type-post","status-publish","format-standard","has-post-thumbnail","hentry","category-primarie","category-stiri","category-termo"],"acf":[],"yoast_head":"<!-- This site is optimized with the Yoast SEO Premium plugin v25.3 (Yoast SEO v27.4) - https:\/\/yoast.com\/product\/yoast-seo-premium-wordpress\/ -->\n<title>Licita\u021bia pentru \u00eenlocuirea a 212 kilometri de conducte din sistemul de termoficare al Capitalei, aproape gata - Buletin de Bucure\u0219ti<\/title>\n<meta name=\"robots\" content=\"index, follow, max-snippet:-1, max-image-preview:large, max-video-preview:-1\" \/>\n<link rel=\"canonical\" href=\"https:\/\/buletin.de\/bucuresti\/licitatia-pentru-inlocuirea-a-212-kilometri-de-conducte-din-sistemul-de-termoficare-al-capitalei-aproape-gata\/\" \/>\n<meta property=\"og:locale\" content=\"en_GB\" \/>\n<meta property=\"og:type\" content=\"article\" \/>\n<meta property=\"og:title\" content=\"Licita\u021bia pentru \u00eenlocuirea a 212 kilometri de conducte din sistemul de termoficare al Capitalei, aproape gata\" \/>\n<meta property=\"og:description\" content=\"Nicu\u0219or Dan, primarul Capitalei, a anun\u021bat, ast\u0103zi, c\u0103 au fost depuse oferte pentru fiecare din cele cinci tronsoane de 210 km de conduct\u0103 care transport\u0103 agentul termic, iar evaluarea ofertelor se va termina abia peste o lun\u0103 jumate, de\u0219i pentru cele cinci contracte se lupt\u0103 doar \u0219ase firme sau asocieri. Edilul a spus \u0219i c\u0103 [&hellip;]\" \/>\n<meta property=\"og:url\" content=\"https:\/\/buletin.de\/bucuresti\/licitatia-pentru-inlocuirea-a-212-kilometri-de-conducte-din-sistemul-de-termoficare-al-capitalei-aproape-gata\/\" \/>\n<meta property=\"og:site_name\" content=\"Buletin de Bucure\u0219ti\" \/>\n<meta property=\"article:publisher\" content=\"https:\/\/www.facebook.com\/buletin.de.buc\" \/>\n<meta property=\"article:published_time\" content=\"2022-08-03T17:52:53+00:00\" \/>\n<meta property=\"article:modified_time\" content=\"2023-09-19T12:42:29+00:00\" \/>\n<meta property=\"og:image\" content=\"https:\/\/buletin.de\/bucuresti\/wp-content\/uploads\/termoenergetica-prefectura-solutii.jpg\" \/>\n\t<meta property=\"og:image:width\" content=\"2016\" \/>\n\t<meta property=\"og:image:height\" content=\"1512\" \/>\n\t<meta property=\"og:image:type\" content=\"image\/jpeg\" \/>\n<meta name=\"author\" content=\"Florin R\u00e2\u0219teiu\" \/>\n<meta name=\"twitter:card\" content=\"summary_large_image\" \/>\n<meta name=\"twitter:label1\" content=\"Written by\" \/>\n\t<meta name=\"twitter:data1\" content=\"Florin R\u00e2\u0219teiu\" \/>\n\t<meta name=\"twitter:label2\" content=\"Estimated reading time\" \/>\n\t<meta name=\"twitter:data2\" content=\"3 minutes\" \/>\n<script type=\"application\/ld+json\" class=\"yoast-schema-graph\">{\"@context\":\"https:\\\/\\\/schema.org\",\"@graph\":[{\"@type\":\"Article\",\"@id\":\"https:\\\/\\\/buletin.de\\\/bucuresti\\\/licitatia-pentru-inlocuirea-a-212-kilometri-de-conducte-din-sistemul-de-termoficare-al-capitalei-aproape-gata\\\/#article\",\"isPartOf\":{\"@id\":\"https:\\\/\\\/buletin.de\\\/bucuresti\\\/licitatia-pentru-inlocuirea-a-212-kilometri-de-conducte-din-sistemul-de-termoficare-al-capitalei-aproape-gata\\\/\"},\"author\":{\"name\":\"Florin R\u00e2\u0219teiu\",\"@id\":\"https:\\\/\\\/buletin.de\\\/bucuresti\\\/#\\\/schema\\\/person\\\/b0686d7a8b666c6afc78239777fd8a89\"},\"headline\":\"Licita\u021bia pentru \u00eenlocuirea a 212 kilometri de conducte din sistemul de termoficare al Capitalei, aproape gata\",\"datePublished\":\"2022-08-03T17:52:53+00:00\",\"dateModified\":\"2023-09-19T12:42:29+00:00\",\"mainEntityOfPage\":{\"@id\":\"https:\\\/\\\/buletin.de\\\/bucuresti\\\/licitatia-pentru-inlocuirea-a-212-kilometri-de-conducte-din-sistemul-de-termoficare-al-capitalei-aproape-gata\\\/\"},\"wordCount\":537,\"publisher\":{\"@id\":\"https:\\\/\\\/buletin.de\\\/bucuresti\\\/#organization\"},\"image\":{\"@id\":\"https:\\\/\\\/buletin.de\\\/bucuresti\\\/licitatia-pentru-inlocuirea-a-212-kilometri-de-conducte-din-sistemul-de-termoficare-al-capitalei-aproape-gata\\\/#primaryimage\"},\"thumbnailUrl\":\"https:\\\/\\\/buletin.de\\\/bucuresti\\\/wp-content\\\/uploads\\\/termoenergetica-prefectura-solutii.jpg\",\"articleSection\":[\"Prim\u0103rie\",\"\u0218tiri\",\"Termoficare\"],\"inLanguage\":\"en-GB\",\"copyrightYear\":\"2022\",\"copyrightHolder\":{\"@id\":\"https:\\\/\\\/buletin.de\\\/bucuresti\\\/#organization\"}},{\"@type\":\"WebPage\",\"@id\":\"https:\\\/\\\/buletin.de\\\/bucuresti\\\/licitatia-pentru-inlocuirea-a-212-kilometri-de-conducte-din-sistemul-de-termoficare-al-capitalei-aproape-gata\\\/\",\"url\":\"https:\\\/\\\/buletin.de\\\/bucuresti\\\/licitatia-pentru-inlocuirea-a-212-kilometri-de-conducte-din-sistemul-de-termoficare-al-capitalei-aproape-gata\\\/\",\"name\":\"Licita\u021bia pentru \u00eenlocuirea a 212 kilometri de conducte din sistemul de termoficare al Capitalei, aproape gata - Buletin de Bucure\u0219ti\",\"isPartOf\":{\"@id\":\"https:\\\/\\\/buletin.de\\\/bucuresti\\\/#website\"},\"primaryImageOfPage\":{\"@id\":\"https:\\\/\\\/buletin.de\\\/bucuresti\\\/licitatia-pentru-inlocuirea-a-212-kilometri-de-conducte-din-sistemul-de-termoficare-al-capitalei-aproape-gata\\\/#primaryimage\"},\"image\":{\"@id\":\"https:\\\/\\\/buletin.de\\\/bucuresti\\\/licitatia-pentru-inlocuirea-a-212-kilometri-de-conducte-din-sistemul-de-termoficare-al-capitalei-aproape-gata\\\/#primaryimage\"},\"thumbnailUrl\":\"https:\\\/\\\/buletin.de\\\/bucuresti\\\/wp-content\\\/uploads\\\/termoenergetica-prefectura-solutii.jpg\",\"datePublished\":\"2022-08-03T17:52:53+00:00\",\"dateModified\":\"2023-09-19T12:42:29+00:00\",\"breadcrumb\":{\"@id\":\"https:\\\/\\\/buletin.de\\\/bucuresti\\\/licitatia-pentru-inlocuirea-a-212-kilometri-de-conducte-din-sistemul-de-termoficare-al-capitalei-aproape-gata\\\/#breadcrumb\"},\"inLanguage\":\"en-GB\",\"potentialAction\":[{\"@type\":\"ReadAction\",\"target\":[\"https:\\\/\\\/buletin.de\\\/bucuresti\\\/licitatia-pentru-inlocuirea-a-212-kilometri-de-conducte-din-sistemul-de-termoficare-al-capitalei-aproape-gata\\\/\"]}]},{\"@type\":\"ImageObject\",\"inLanguage\":\"en-GB\",\"@id\":\"https:\\\/\\\/buletin.de\\\/bucuresti\\\/licitatia-pentru-inlocuirea-a-212-kilometri-de-conducte-din-sistemul-de-termoficare-al-capitalei-aproape-gata\\\/#primaryimage\",\"url\":\"https:\\\/\\\/buletin.de\\\/bucuresti\\\/wp-content\\\/uploads\\\/termoenergetica-prefectura-solutii.jpg\",\"contentUrl\":\"https:\\\/\\\/buletin.de\\\/bucuresti\\\/wp-content\\\/uploads\\\/termoenergetica-prefectura-solutii.jpg\",\"width\":2016,\"height\":1512},{\"@type\":\"BreadcrumbList\",\"@id\":\"https:\\\/\\\/buletin.de\\\/bucuresti\\\/licitatia-pentru-inlocuirea-a-212-kilometri-de-conducte-din-sistemul-de-termoficare-al-capitalei-aproape-gata\\\/#breadcrumb\",\"itemListElement\":[{\"@type\":\"ListItem\",\"position\":1,\"name\":\"Acas\u0103\",\"item\":\"https:\\\/\\\/buletin.de\\\/bucuresti\\\/\"},{\"@type\":\"ListItem\",\"position\":2,\"name\":\"Licita\u021bia pentru \u00eenlocuirea a 212 kilometri de conducte din sistemul de termoficare al Capitalei, aproape gata\"}]},{\"@type\":\"WebSite\",\"@id\":\"https:\\\/\\\/buletin.de\\\/bucuresti\\\/#website\",\"url\":\"https:\\\/\\\/buletin.de\\\/bucuresti\\\/\",\"name\":\"Buletin de Bucure\u0219ti\",\"description\":\"\u0218tiri \u0219i investiga\u021bii esen\u021biale din capital\u0103\",\"publisher\":{\"@id\":\"https:\\\/\\\/buletin.de\\\/bucuresti\\\/#organization\"},\"potentialAction\":[{\"@type\":\"SearchAction\",\"target\":{\"@type\":\"EntryPoint\",\"urlTemplate\":\"https:\\\/\\\/buletin.de\\\/bucuresti\\\/?s={search_term_string}\"},\"query-input\":{\"@type\":\"PropertyValueSpecification\",\"valueRequired\":true,\"valueName\":\"search_term_string\"}}],\"inLanguage\":\"en-GB\"},{\"@type\":\"Organization\",\"@id\":\"https:\\\/\\\/buletin.de\\\/bucuresti\\\/#organization\",\"name\":\"Buletin de Bucure\u0219ti\",\"url\":\"https:\\\/\\\/buletin.de\\\/bucuresti\\\/\",\"logo\":{\"@type\":\"ImageObject\",\"inLanguage\":\"en-GB\",\"@id\":\"https:\\\/\\\/buletin.de\\\/bucuresti\\\/#\\\/schema\\\/logo\\\/image\\\/\",\"url\":\"https:\\\/\\\/buletin.de\\\/bucuresti\\\/wp-content\\\/uploads\\\/logo-bdb-full-wide-vernil-transparent.png\",\"contentUrl\":\"https:\\\/\\\/buletin.de\\\/bucuresti\\\/wp-content\\\/uploads\\\/logo-bdb-full-wide-vernil-transparent.png\",\"width\":1782,\"height\":626,\"caption\":\"Buletin de Bucure\u0219ti\"},\"image\":{\"@id\":\"https:\\\/\\\/buletin.de\\\/bucuresti\\\/#\\\/schema\\\/logo\\\/image\\\/\"},\"sameAs\":[\"https:\\\/\\\/www.facebook.com\\\/buletin.de.buc\",\"https:\\\/\\\/www.instagram.com\\\/buletinde.bucuresti\\\/\"]},{\"@type\":\"Person\",\"@id\":\"https:\\\/\\\/buletin.de\\\/bucuresti\\\/#\\\/schema\\\/person\\\/b0686d7a8b666c6afc78239777fd8a89\",\"name\":\"Florin R\u00e2\u0219teiu\",\"image\":{\"@type\":\"ImageObject\",\"inLanguage\":\"en-GB\",\"@id\":\"https:\\\/\\\/buletin.de\\\/bucuresti\\\/wp-content\\\/uploads\\\/Florin-Rasteiu-96x96.jpgf0a6fe28453aa12f0a60e4d0a2e3a78c\",\"url\":\"https:\\\/\\\/buletin.de\\\/bucuresti\\\/wp-content\\\/uploads\\\/Florin-Rasteiu-96x96.jpg\",\"contentUrl\":\"https:\\\/\\\/buletin.de\\\/bucuresti\\\/wp-content\\\/uploads\\\/Florin-Rasteiu-96x96.jpg\",\"caption\":\"Florin R\u00e2\u0219teiu\"},\"description\":\"Jurnalist de investiga\u021bie. Lucreaz\u0103 de aproape 6 ani la Buletin de Bucure\u0219ti, unde a publicat articole care scot la suprafa\u021b\u0103 corup\u021bia din Capital\u0103. Analizeaz\u0103 baze de date zilnic \u0219i scoate pove\u0219ti din exceluri pline de cifre. Pune reflectorul pe adev\u0103r cu fiecare ocazie. A c\u00e2\u0219tigat premiul I la categoria Pres\u0103 Local\u0103 \u00een 2025 \u0219i locul al II-lea la aceea\u0219i categorie \u00een 2024 \u00een cadrul Premiilor Superscrieri pentru jurnalism independent.\",\"url\":\"https:\\\/\\\/buletin.de\\\/bucuresti\\\/author\\\/florinrasteiu\\\/\"}]}<\/script>\n<!-- \/ Yoast SEO Premium plugin. -->","yoast_head_json":{"title":"Licita\u021bia pentru \u00eenlocuirea a 212 kilometri de conducte din sistemul de termoficare al Capitalei, aproape gata - Buletin de Bucure\u0219ti","robots":{"index":"index","follow":"follow","max-snippet":"max-snippet:-1","max-image-preview":"max-image-preview:large","max-video-preview":"max-video-preview:-1"},"canonical":"https:\/\/buletin.de\/bucuresti\/licitatia-pentru-inlocuirea-a-212-kilometri-de-conducte-din-sistemul-de-termoficare-al-capitalei-aproape-gata\/","og_locale":"en_GB","og_type":"article","og_title":"Licita\u021bia pentru \u00eenlocuirea a 212 kilometri de conducte din sistemul de termoficare al Capitalei, aproape gata","og_description":"Nicu\u0219or Dan, primarul Capitalei, a anun\u021bat, ast\u0103zi, c\u0103 au fost depuse oferte pentru fiecare din cele cinci tronsoane de 210 km de conduct\u0103 care transport\u0103 agentul termic, iar evaluarea ofertelor se va termina abia peste o lun\u0103 jumate, de\u0219i pentru cele cinci contracte se lupt\u0103 doar \u0219ase firme sau asocieri. Edilul a spus \u0219i c\u0103 [&hellip;]","og_url":"https:\/\/buletin.de\/bucuresti\/licitatia-pentru-inlocuirea-a-212-kilometri-de-conducte-din-sistemul-de-termoficare-al-capitalei-aproape-gata\/","og_site_name":"Buletin de Bucure\u0219ti","article_publisher":"https:\/\/www.facebook.com\/buletin.de.buc","article_published_time":"2022-08-03T17:52:53+00:00","article_modified_time":"2023-09-19T12:42:29+00:00","og_image":[{"width":2016,"height":1512,"url":"https:\/\/buletin.de\/bucuresti\/wp-content\/uploads\/termoenergetica-prefectura-solutii.jpg","type":"image\/jpeg"}],"author":"Florin R\u00e2\u0219teiu","twitter_card":"summary_large_image","twitter_misc":{"Written by":"Florin R\u00e2\u0219teiu","Estimated reading time":"3 minutes"},"schema":{"@context":"https:\/\/schema.org","@graph":[{"@type":"Article","@id":"https:\/\/buletin.de\/bucuresti\/licitatia-pentru-inlocuirea-a-212-kilometri-de-conducte-din-sistemul-de-termoficare-al-capitalei-aproape-gata\/#article","isPartOf":{"@id":"https:\/\/buletin.de\/bucuresti\/licitatia-pentru-inlocuirea-a-212-kilometri-de-conducte-din-sistemul-de-termoficare-al-capitalei-aproape-gata\/"},"author":{"name":"Florin R\u00e2\u0219teiu","@id":"https:\/\/buletin.de\/bucuresti\/#\/schema\/person\/b0686d7a8b666c6afc78239777fd8a89"},"headline":"Licita\u021bia pentru \u00eenlocuirea a 212 kilometri de conducte din sistemul de termoficare al Capitalei, aproape gata","datePublished":"2022-08-03T17:52:53+00:00","dateModified":"2023-09-19T12:42:29+00:00","mainEntityOfPage":{"@id":"https:\/\/buletin.de\/bucuresti\/licitatia-pentru-inlocuirea-a-212-kilometri-de-conducte-din-sistemul-de-termoficare-al-capitalei-aproape-gata\/"},"wordCount":537,"publisher":{"@id":"https:\/\/buletin.de\/bucuresti\/#organization"},"image":{"@id":"https:\/\/buletin.de\/bucuresti\/licitatia-pentru-inlocuirea-a-212-kilometri-de-conducte-din-sistemul-de-termoficare-al-capitalei-aproape-gata\/#primaryimage"},"thumbnailUrl":"https:\/\/buletin.de\/bucuresti\/wp-content\/uploads\/termoenergetica-prefectura-solutii.jpg","articleSection":["Prim\u0103rie","\u0218tiri","Termoficare"],"inLanguage":"en-GB","copyrightYear":"2022","copyrightHolder":{"@id":"https:\/\/buletin.de\/bucuresti\/#organization"}},{"@type":"WebPage","@id":"https:\/\/buletin.de\/bucuresti\/licitatia-pentru-inlocuirea-a-212-kilometri-de-conducte-din-sistemul-de-termoficare-al-capitalei-aproape-gata\/","url":"https:\/\/buletin.de\/bucuresti\/licitatia-pentru-inlocuirea-a-212-kilometri-de-conducte-din-sistemul-de-termoficare-al-capitalei-aproape-gata\/","name":"Licita\u021bia pentru \u00eenlocuirea a 212 kilometri de conducte din sistemul de termoficare al Capitalei, aproape gata - Buletin de Bucure\u0219ti","isPartOf":{"@id":"https:\/\/buletin.de\/bucuresti\/#website"},"primaryImageOfPage":{"@id":"https:\/\/buletin.de\/bucuresti\/licitatia-pentru-inlocuirea-a-212-kilometri-de-conducte-din-sistemul-de-termoficare-al-capitalei-aproape-gata\/#primaryimage"},"image":{"@id":"https:\/\/buletin.de\/bucuresti\/licitatia-pentru-inlocuirea-a-212-kilometri-de-conducte-din-sistemul-de-termoficare-al-capitalei-aproape-gata\/#primaryimage"},"thumbnailUrl":"https:\/\/buletin.de\/bucuresti\/wp-content\/uploads\/termoenergetica-prefectura-solutii.jpg","datePublished":"2022-08-03T17:52:53+00:00","dateModified":"2023-09-19T12:42:29+00:00","breadcrumb":{"@id":"https:\/\/buletin.de\/bucuresti\/licitatia-pentru-inlocuirea-a-212-kilometri-de-conducte-din-sistemul-de-termoficare-al-capitalei-aproape-gata\/#breadcrumb"},"inLanguage":"en-GB","potentialAction":[{"@type":"ReadAction","target":["https:\/\/buletin.de\/bucuresti\/licitatia-pentru-inlocuirea-a-212-kilometri-de-conducte-din-sistemul-de-termoficare-al-capitalei-aproape-gata\/"]}]},{"@type":"ImageObject","inLanguage":"en-GB","@id":"https:\/\/buletin.de\/bucuresti\/licitatia-pentru-inlocuirea-a-212-kilometri-de-conducte-din-sistemul-de-termoficare-al-capitalei-aproape-gata\/#primaryimage","url":"https:\/\/buletin.de\/bucuresti\/wp-content\/uploads\/termoenergetica-prefectura-solutii.jpg","contentUrl":"https:\/\/buletin.de\/bucuresti\/wp-content\/uploads\/termoenergetica-prefectura-solutii.jpg","width":2016,"height":1512},{"@type":"BreadcrumbList","@id":"https:\/\/buletin.de\/bucuresti\/licitatia-pentru-inlocuirea-a-212-kilometri-de-conducte-din-sistemul-de-termoficare-al-capitalei-aproape-gata\/#breadcrumb","itemListElement":[{"@type":"ListItem","position":1,"name":"Acas\u0103","item":"https:\/\/buletin.de\/bucuresti\/"},{"@type":"ListItem","position":2,"name":"Licita\u021bia pentru \u00eenlocuirea a 212 kilometri de conducte din sistemul de termoficare al Capitalei, aproape gata"}]},{"@type":"WebSite","@id":"https:\/\/buletin.de\/bucuresti\/#website","url":"https:\/\/buletin.de\/bucuresti\/","name":"Buletin de Bucure\u0219ti","description":"\u0218tiri \u0219i investiga\u021bii esen\u021biale din capital\u0103","publisher":{"@id":"https:\/\/buletin.de\/bucuresti\/#organization"},"potentialAction":[{"@type":"SearchAction","target":{"@type":"EntryPoint","urlTemplate":"https:\/\/buletin.de\/bucuresti\/?s={search_term_string}"},"query-input":{"@type":"PropertyValueSpecification","valueRequired":true,"valueName":"search_term_string"}}],"inLanguage":"en-GB"},{"@type":"Organization","@id":"https:\/\/buletin.de\/bucuresti\/#organization","name":"Buletin de Bucure\u0219ti","url":"https:\/\/buletin.de\/bucuresti\/","logo":{"@type":"ImageObject","inLanguage":"en-GB","@id":"https:\/\/buletin.de\/bucuresti\/#\/schema\/logo\/image\/","url":"https:\/\/buletin.de\/bucuresti\/wp-content\/uploads\/logo-bdb-full-wide-vernil-transparent.png","contentUrl":"https:\/\/buletin.de\/bucuresti\/wp-content\/uploads\/logo-bdb-full-wide-vernil-transparent.png","width":1782,"height":626,"caption":"Buletin de Bucure\u0219ti"},"image":{"@id":"https:\/\/buletin.de\/bucuresti\/#\/schema\/logo\/image\/"},"sameAs":["https:\/\/www.facebook.com\/buletin.de.buc","https:\/\/www.instagram.com\/buletinde.bucuresti\/"]},{"@type":"Person","@id":"https:\/\/buletin.de\/bucuresti\/#\/schema\/person\/b0686d7a8b666c6afc78239777fd8a89","name":"Florin R\u00e2\u0219teiu","image":{"@type":"ImageObject","inLanguage":"en-GB","@id":"https:\/\/buletin.de\/bucuresti\/wp-content\/uploads\/Florin-Rasteiu-96x96.jpgf0a6fe28453aa12f0a60e4d0a2e3a78c","url":"https:\/\/buletin.de\/bucuresti\/wp-content\/uploads\/Florin-Rasteiu-96x96.jpg","contentUrl":"https:\/\/buletin.de\/bucuresti\/wp-content\/uploads\/Florin-Rasteiu-96x96.jpg","caption":"Florin R\u00e2\u0219teiu"},"description":"Jurnalist de investiga\u021bie. Lucreaz\u0103 de aproape 6 ani la Buletin de Bucure\u0219ti, unde a publicat articole care scot la suprafa\u021b\u0103 corup\u021bia din Capital\u0103. Analizeaz\u0103 baze de date zilnic \u0219i scoate pove\u0219ti din exceluri pline de cifre. Pune reflectorul pe adev\u0103r cu fiecare ocazie. A c\u00e2\u0219tigat premiul I la categoria Pres\u0103 Local\u0103 \u00een 2025 \u0219i locul al II-lea la aceea\u0219i categorie \u00een 2024 \u00een cadrul Premiilor Superscrieri pentru jurnalism independent.","url":"https:\/\/buletin.de\/bucuresti\/author\/florinrasteiu\/"}]}},"authors":[{"term_id":22576,"user_id":17,"is_guest":0,"slug":"florinrasteiu","display_name":"Florin R\u00e2\u0219teiu","avatar_url":"https:\/\/buletin.de\/bucuresti\/wp-content\/uploads\/Florin-Rasteiu-96x96.jpg","0":null,"1":"","2":"","3":"","4":"","5":"","6":"","7":"","8":""}],"_links":{"self":[{"href":"https:\/\/buletin.de\/bucuresti\/wp-json\/wp\/v2\/posts\/45219","targetHints":{"allow":["GET"]}}],"collection":[{"href":"https:\/\/buletin.de\/bucuresti\/wp-json\/wp\/v2\/posts"}],"about":[{"href":"https:\/\/buletin.de\/bucuresti\/wp-json\/wp\/v2\/types\/post"}],"author":[{"embeddable":true,"href":"https:\/\/buletin.de\/bucuresti\/wp-json\/wp\/v2\/users\/17"}],"replies":[{"embeddable":true,"href":"https:\/\/buletin.de\/bucuresti\/wp-json\/wp\/v2\/comments?post=45219"}],"version-history":[{"count":3,"href":"https:\/\/buletin.de\/bucuresti\/wp-json\/wp\/v2\/posts\/45219\/revisions"}],"predecessor-version":[{"id":45225,"href":"https:\/\/buletin.de\/bucuresti\/wp-json\/wp\/v2\/posts\/45219\/revisions\/45225"}],"wp:featuredmedia":[{"embeddable":true,"href":"https:\/\/buletin.de\/bucuresti\/wp-json\/wp\/v2\/media\/33812"}],"wp:attachment":[{"href":"https:\/\/buletin.de\/bucuresti\/wp-json\/wp\/v2\/media?parent=45219"}],"wp:term":[{"taxonomy":"category","embeddable":true,"href":"https:\/\/buletin.de\/bucuresti\/wp-json\/wp\/v2\/categories?post=45219"},{"taxonomy":"post_tag","embeddable":true,"href":"https:\/\/buletin.de\/bucuresti\/wp-json\/wp\/v2\/tags?post=45219"},{"taxonomy":"author","embeddable":true,"href":"https:\/\/buletin.de\/bucuresti\/wp-json\/wp\/v2\/ppma_author?post=45219"}],"curies":[{"name":"wp","href":"https:\/\/api.w.org\/{rel}","templated":true}]}}