{"id":45217,"date":"2022-08-03T17:21:31","date_gmt":"2022-08-03T15:21:31","guid":{"rendered":"https:\/\/buletin.de\/bucuresti\/?p=45217"},"modified":"2022-08-03T20:05:38","modified_gmt":"2022-08-03T18:05:38","slug":"adio-parcare-gratuita-in-capitala-de-pe-15-august-intra-in-vigoare-o-hotarare-aprobata-acum-3-ani","status":"publish","type":"post","link":"https:\/\/buletin.de\/bucuresti\/adio-parcare-gratuita-in-capitala-de-pe-15-august-intra-in-vigoare-o-hotarare-aprobata-acum-3-ani\/","title":{"rendered":"Adio parcare gratuit\u0103 \u00een Capital\u0103, de pe 15 august. Intr\u0103 \u00een vigoare o hot\u0103r\u00e2re aprobat\u0103 acum 3 ani"},"content":{"rendered":"\n<p><strong><strong>Nicu\u0219or Dan, primarul Capitalei, a declarat ast\u0103zi c\u0103, de pe 15 august, va fi pus\u0103 \u00een aplicare hot\u0103r\u00e2rea Consiliului General din 2019, iar cet\u0103\u021benii care vor s\u0103 parcheze pe cele 10 mii de locuri de parcare ale PMB vor trebui s\u0103 pl\u0103teasc\u0103. Locurile de parcare sunt \u00eemp\u0103r\u021bite pe trei zone: 0, 1 \u0219i 2, iar pre\u021bul pe or\u0103 difer\u0103 de la zon\u0103 la zon\u0103 \u0219i poate costa de la 2,5 lei pe or\u0103 \u0219i p\u00e2n\u0103 la 10 lei pe or\u0103. Cine nu o s\u0103 respecte regulamentul prime\u0219te o amend\u0103 de 200 de lei pentru deblocarea ma\u0219inii.&nbsp;<\/strong><\/strong><\/p>\n\n\n\n<blockquote class=\"wp-block-quote is-layout-flow wp-block-quote-is-layout-flow\"><p>Noi avem un regulament de parcare, aprobat prin hot\u0103r\u00e2re de Consiliu General, \u00een 2018 dac\u0103 nu m\u0103 \u00een\u015fel, care prevede \u015fi tarife \u015fi sanc\u0163iuni, \u015fi el nu a fost aplicat p\u00e2n\u0103 acum. \u015ei decizia este de a-l aplica \u015fi se refer\u0103 la acele 10.000 de locuri de parcare, cele cu linie albastr\u0103, pe care Prim\u0103ria Municipiului Bucure\u015fti le gestioneaz\u0103.<\/p><cite>A declarat Nicu\u0219or Dan, primarul Capitalei, \u00een cadrul unei conferin\u021be de pres\u0103 <\/cite><\/blockquote>\n\n\n\n<p>Pre\u021bul se poate face pe or\u0103 sau pe lun\u0103 \u0219i difer\u0103 \u00een func\u021bie de zona \u00een care se afl\u0103 parcarea, cu c\u00e2t este \u00eentr-o zon\u0103 mai central\u0103 pre\u021bul este mai mare, iar cele mai mici valori sunt \u00een zonele m\u0103rgina\u0219e ale Capitalei, dup\u0103 cum urmeaz\u0103:<\/p>\n\n\n\n<ul class=\"wp-block-list\"><li>10 lei \u00een&nbsp;<strong>Zona 0<\/strong><\/li><li>5 lei \u00een&nbsp;<strong>Zona 1<\/strong><\/li><li>2.5 lei \u00een&nbsp;<strong>Zona 2<\/strong><\/li><\/ul>\n\n\n\n<iframe src=\"https:\/\/www.google.com\/maps\/d\/embed?mid=1C3YtGCFe7F28wrXh-8u6FyZ6JjDsItjz&amp;ehbc=2E312F\" width=\"640\" height=\"480\"><\/iframe>\n\n\n\n<p>De asemenea, persoanele fizice pot alege abonamente de o zi, o s\u0103pt\u0103m\u00e2na, o lun\u0103, un semestru sau un an pentru fiecare dintre zonele 0, 1 sau 2 ale Capitalei. Pre\u021burile variaz\u0103 \u0219i aici \u00een func\u021bie de zon\u0103 \u0219i de tipul de abonament. <\/p>\n\n\n\n<p>Pre\u021burile abonamentelor pentru persoane fizice sunt urm\u0103toarele:<\/p>\n\n\n\n<p class=\"has-background\" style=\"background-color:#fcf3d9\"><strong>Zona zero:<\/strong> abonament de o zi (07.00 &#8211; 23.00) &#8211; 75 lei\/zi. Abonament pentru o s\u0103pt\u0103m\u00e2n\u0103 &#8211; 300 lei. Abonament pentru o lun\u0103 &#8211; 1.050 lei. Abonament pe semestru &#8211; 5.250 lei. Abonament pe an- 9.450 lei.<br><br><strong>Zona 1:<\/strong> abonamente de o zi &#8211; 38 lei, 150 lei\/s\u0103pt\u0103m\u00e2n\u0103, 525 lei\/lun\u0103, 2.625 lei\/semestru \u0219i 4.725 lei\/an<br><br><strong>Zona 2:<\/strong> abonamente de o zi &#8211; 15 lei, 60 lei\/s\u0103pt\u0103m\u00e2n\u0103, 210 lei\/lun\u0103, 1.050 lei\/semestru \u0219i 1.890 lei\/an.<br>Cei care au abonamente pentru zona zero pot utiliza \u015fi locurile de parcare din zonele 1 \u015fi 2, iar cei care au abonamente \u00een zona 1 pot folosi \u015fi locurile de parcare din zona 2.<\/p>\n\n\n\n<p>Asemenea persoanelor fizice, \u0219i cele juridice pot s\u0103 opteze pentru abonamente f\u0103r\u0103 rezervarea locului de parcare de o zi, o s\u0103pt\u0103m\u00e2n\u0103, o lun\u0103, un semestru sau un an \u00een intervalul orar 07:00-23:00 sau pentru abonamente cu rezervarea locului de parcare, pe o durat\u0103 de o lun\u0103, un semestru sau un an, 24\/7. <\/p>\n\n\n\n<p>Loca\u021bia exact\u0103 a celor 10 mii de locuri de parcare poate fi g\u0103sit\u0103 pe link-ul de mai jos<\/p>\n\n\n\n<p><strong><a href=\"https:\/\/parkingbucuresti.ro\/\">LOCURI DE PARCARE &#8211; LOCA\u021aIE<\/a><\/strong><\/p>\n\n\n\n<p><\/p>\n\n\n\n<p>Parcarea poate fi pl\u0103tit\u0103 prin trei modalit\u0103\u021bi. De pe aplica\u021bie \u201eParking Bucure\u0219ti\u201c, care poate fi g\u0103sit\u0103 at\u00e2t pe&nbsp; <a href=\"https:\/\/apps.apple.com\/ro\/app\/parking-bucuresti\/id1441619543\">AppStore<\/a> sau c\u00e2t \u0219i pe <a href=\"https:\/\/play.google.com\/store\/apps\/details?id=ro.cmtib.bspb&amp;hl=ro\">Google Play<\/a>. \u00cen dreptul fiec\u0103rei parc\u0103ri sunt afi\u0219e sau semne cu tariful \u0219i cu num\u0103rul la care poate fi trimis sms pentru plat\u0103. R\u0103m\u00e2ne, \u00eens\u0103, valabil\u0103 \u0219i alternativa de plat\u0103 cu cash \u00een toate parc\u0103rile gestionate de Compania Municipal\u0103 Parking Bucure\u0219ti S.A.<\/p>\n\n\n\n<p>Hot\u0103r\u00e2rea de Consiliu General care reglementeaz\u0103 tarifele, dar \u0219i sanc\u021biunile pentru utilizarea locurilor de parcare gestionate de PMB exist\u0103 \u00eenc\u0103 din 2019, din mandatul Gabrielei Firea, \u00eens\u0103 p\u00e2n\u0103 \u00een prezent nu a fost niciodat\u0103 pus\u0103 \u00een aplicare.&nbsp;<\/p>\n\n\n\n<p>Surse din prim\u0103rie au declarat pentru Buletin de Bucure\u0219ti c\u0103 actuala administra\u021bie a am\u00e2nat punerea \u00een aplicare a hot\u0103r\u00e2rii pentru c\u0103, \u00eenainte de toate, se voia defiin\u021barea Companiei Municipale&nbsp;Parking Bucuresti S.A. \u00cen procesul de desfiin\u021bare al companiei au ap\u0103rut probleme \u00een leg\u0103tur\u0103 cu mai multe contracte de\u021binute de aceasta \u0219i s-a luat decizia s\u0103 se am\u00e2ne desfiin\u021barea. <\/p>\n\n\n\n<p>Sus\u0103 Cover: Arhiva Buletin de Bucure\u0219ti <\/p>\n","protected":false},"excerpt":{"rendered":"<p>Nicu\u0219or Dan, primarul Capitalei, a declarat ast\u0103zi c\u0103, de pe 15 august, va fi pus\u0103 \u00een aplicare hot\u0103r\u00e2rea Consiliului General din 2019, iar cet\u0103\u021benii care vor s\u0103 parcheze pe cele 10 mii de locuri de parcare ale PMB vor trebui s\u0103 pl\u0103teasc\u0103. Locurile de parcare sunt \u00eemp\u0103r\u021bite pe trei zone: 0, 1 \u0219i 2, iar [&hellip;]<\/p>\n","protected":false},"author":17,"featured_media":24192,"comment_status":"closed","ping_status":"open","sticky":false,"template":"","format":"standard","meta":{"_acf_changed":false,"inline_featured_image":false,"ngg_post_thumbnail":0,"footnotes":""},"categories":[24],"tags":[],"ppma_author":[22576],"class_list":["post-45217","post","type-post","status-publish","format-standard","has-post-thumbnail","hentry","category-primarie"],"acf":[],"yoast_head":"<!-- This site is optimized with the Yoast SEO Premium plugin v25.3 (Yoast SEO v27.4) - https:\/\/yoast.com\/product\/yoast-seo-premium-wordpress\/ -->\n<title>Adio parcare gratuit\u0103 \u00een Capital\u0103, de pe 15 august. Intr\u0103 \u00een vigoare o hot\u0103r\u00e2re aprobat\u0103 acum 3 ani - Buletin de Bucure\u0219ti<\/title>\n<meta name=\"robots\" content=\"index, follow, max-snippet:-1, max-image-preview:large, max-video-preview:-1\" \/>\n<link rel=\"canonical\" href=\"https:\/\/buletin.de\/bucuresti\/adio-parcare-gratuita-in-capitala-de-pe-15-august-intra-in-vigoare-o-hotarare-aprobata-acum-3-ani\/\" \/>\n<meta property=\"og:locale\" content=\"en_GB\" \/>\n<meta property=\"og:type\" content=\"article\" \/>\n<meta property=\"og:title\" content=\"Adio parcare gratuit\u0103 \u00een Capital\u0103, de pe 15 august. Intr\u0103 \u00een vigoare o hot\u0103r\u00e2re aprobat\u0103 acum 3 ani\" \/>\n<meta property=\"og:description\" content=\"Nicu\u0219or Dan, primarul Capitalei, a declarat ast\u0103zi c\u0103, de pe 15 august, va fi pus\u0103 \u00een aplicare hot\u0103r\u00e2rea Consiliului General din 2019, iar cet\u0103\u021benii care vor s\u0103 parcheze pe cele 10 mii de locuri de parcare ale PMB vor trebui s\u0103 pl\u0103teasc\u0103. Locurile de parcare sunt \u00eemp\u0103r\u021bite pe trei zone: 0, 1 \u0219i 2, iar [&hellip;]\" \/>\n<meta property=\"og:url\" content=\"https:\/\/buletin.de\/bucuresti\/adio-parcare-gratuita-in-capitala-de-pe-15-august-intra-in-vigoare-o-hotarare-aprobata-acum-3-ani\/\" \/>\n<meta property=\"og:site_name\" content=\"Buletin de Bucure\u0219ti\" \/>\n<meta property=\"article:publisher\" content=\"https:\/\/www.facebook.com\/buletin.de.buc\" \/>\n<meta property=\"article:published_time\" content=\"2022-08-03T15:21:31+00:00\" \/>\n<meta property=\"article:modified_time\" content=\"2022-08-03T18:05:38+00:00\" \/>\n<meta property=\"og:image\" content=\"https:\/\/buletin.de\/bucuresti\/wp-content\/uploads\/parcari-resedinta.png\" \/>\n\t<meta property=\"og:image:width\" content=\"1321\" \/>\n\t<meta property=\"og:image:height\" content=\"625\" \/>\n\t<meta property=\"og:image:type\" content=\"image\/png\" \/>\n<meta name=\"author\" content=\"Florin R\u00e2\u0219teiu\" \/>\n<meta name=\"twitter:card\" content=\"summary_large_image\" \/>\n<meta name=\"twitter:label1\" content=\"Written by\" \/>\n\t<meta name=\"twitter:data1\" content=\"Florin R\u00e2\u0219teiu\" \/>\n\t<meta name=\"twitter:label2\" content=\"Estimated reading time\" \/>\n\t<meta name=\"twitter:data2\" content=\"3 minutes\" \/>\n<script type=\"application\/ld+json\" class=\"yoast-schema-graph\">{\"@context\":\"https:\\\/\\\/schema.org\",\"@graph\":[{\"@type\":\"Article\",\"@id\":\"https:\\\/\\\/buletin.de\\\/bucuresti\\\/adio-parcare-gratuita-in-capitala-de-pe-15-august-intra-in-vigoare-o-hotarare-aprobata-acum-3-ani\\\/#article\",\"isPartOf\":{\"@id\":\"https:\\\/\\\/buletin.de\\\/bucuresti\\\/adio-parcare-gratuita-in-capitala-de-pe-15-august-intra-in-vigoare-o-hotarare-aprobata-acum-3-ani\\\/\"},\"author\":{\"name\":\"Florin R\u00e2\u0219teiu\",\"@id\":\"https:\\\/\\\/buletin.de\\\/bucuresti\\\/#\\\/schema\\\/person\\\/b0686d7a8b666c6afc78239777fd8a89\"},\"headline\":\"Adio parcare gratuit\u0103 \u00een Capital\u0103, de pe 15 august. Intr\u0103 \u00een vigoare o hot\u0103r\u00e2re aprobat\u0103 acum 3 ani\",\"datePublished\":\"2022-08-03T15:21:31+00:00\",\"dateModified\":\"2022-08-03T18:05:38+00:00\",\"mainEntityOfPage\":{\"@id\":\"https:\\\/\\\/buletin.de\\\/bucuresti\\\/adio-parcare-gratuita-in-capitala-de-pe-15-august-intra-in-vigoare-o-hotarare-aprobata-acum-3-ani\\\/\"},\"wordCount\":698,\"publisher\":{\"@id\":\"https:\\\/\\\/buletin.de\\\/bucuresti\\\/#organization\"},\"image\":{\"@id\":\"https:\\\/\\\/buletin.de\\\/bucuresti\\\/adio-parcare-gratuita-in-capitala-de-pe-15-august-intra-in-vigoare-o-hotarare-aprobata-acum-3-ani\\\/#primaryimage\"},\"thumbnailUrl\":\"https:\\\/\\\/buletin.de\\\/bucuresti\\\/wp-content\\\/uploads\\\/parcari-resedinta.png\",\"articleSection\":[\"Prim\u0103rie\"],\"inLanguage\":\"en-GB\",\"copyrightYear\":\"2022\",\"copyrightHolder\":{\"@id\":\"https:\\\/\\\/buletin.de\\\/bucuresti\\\/#organization\"}},{\"@type\":\"WebPage\",\"@id\":\"https:\\\/\\\/buletin.de\\\/bucuresti\\\/adio-parcare-gratuita-in-capitala-de-pe-15-august-intra-in-vigoare-o-hotarare-aprobata-acum-3-ani\\\/\",\"url\":\"https:\\\/\\\/buletin.de\\\/bucuresti\\\/adio-parcare-gratuita-in-capitala-de-pe-15-august-intra-in-vigoare-o-hotarare-aprobata-acum-3-ani\\\/\",\"name\":\"Adio parcare gratuit\u0103 \u00een Capital\u0103, de pe 15 august. Intr\u0103 \u00een vigoare o hot\u0103r\u00e2re aprobat\u0103 acum 3 ani - Buletin de Bucure\u0219ti\",\"isPartOf\":{\"@id\":\"https:\\\/\\\/buletin.de\\\/bucuresti\\\/#website\"},\"primaryImageOfPage\":{\"@id\":\"https:\\\/\\\/buletin.de\\\/bucuresti\\\/adio-parcare-gratuita-in-capitala-de-pe-15-august-intra-in-vigoare-o-hotarare-aprobata-acum-3-ani\\\/#primaryimage\"},\"image\":{\"@id\":\"https:\\\/\\\/buletin.de\\\/bucuresti\\\/adio-parcare-gratuita-in-capitala-de-pe-15-august-intra-in-vigoare-o-hotarare-aprobata-acum-3-ani\\\/#primaryimage\"},\"thumbnailUrl\":\"https:\\\/\\\/buletin.de\\\/bucuresti\\\/wp-content\\\/uploads\\\/parcari-resedinta.png\",\"datePublished\":\"2022-08-03T15:21:31+00:00\",\"dateModified\":\"2022-08-03T18:05:38+00:00\",\"breadcrumb\":{\"@id\":\"https:\\\/\\\/buletin.de\\\/bucuresti\\\/adio-parcare-gratuita-in-capitala-de-pe-15-august-intra-in-vigoare-o-hotarare-aprobata-acum-3-ani\\\/#breadcrumb\"},\"inLanguage\":\"en-GB\",\"potentialAction\":[{\"@type\":\"ReadAction\",\"target\":[\"https:\\\/\\\/buletin.de\\\/bucuresti\\\/adio-parcare-gratuita-in-capitala-de-pe-15-august-intra-in-vigoare-o-hotarare-aprobata-acum-3-ani\\\/\"]}]},{\"@type\":\"ImageObject\",\"inLanguage\":\"en-GB\",\"@id\":\"https:\\\/\\\/buletin.de\\\/bucuresti\\\/adio-parcare-gratuita-in-capitala-de-pe-15-august-intra-in-vigoare-o-hotarare-aprobata-acum-3-ani\\\/#primaryimage\",\"url\":\"https:\\\/\\\/buletin.de\\\/bucuresti\\\/wp-content\\\/uploads\\\/parcari-resedinta.png\",\"contentUrl\":\"https:\\\/\\\/buletin.de\\\/bucuresti\\\/wp-content\\\/uploads\\\/parcari-resedinta.png\",\"width\":1321,\"height\":625},{\"@type\":\"BreadcrumbList\",\"@id\":\"https:\\\/\\\/buletin.de\\\/bucuresti\\\/adio-parcare-gratuita-in-capitala-de-pe-15-august-intra-in-vigoare-o-hotarare-aprobata-acum-3-ani\\\/#breadcrumb\",\"itemListElement\":[{\"@type\":\"ListItem\",\"position\":1,\"name\":\"Acas\u0103\",\"item\":\"https:\\\/\\\/buletin.de\\\/bucuresti\\\/\"},{\"@type\":\"ListItem\",\"position\":2,\"name\":\"Adio parcare gratuit\u0103 \u00een Capital\u0103, de pe 15 august. Intr\u0103 \u00een vigoare o hot\u0103r\u00e2re aprobat\u0103 acum 3 ani\"}]},{\"@type\":\"WebSite\",\"@id\":\"https:\\\/\\\/buletin.de\\\/bucuresti\\\/#website\",\"url\":\"https:\\\/\\\/buletin.de\\\/bucuresti\\\/\",\"name\":\"Buletin de Bucure\u0219ti\",\"description\":\"\u0218tiri \u0219i investiga\u021bii esen\u021biale din capital\u0103\",\"publisher\":{\"@id\":\"https:\\\/\\\/buletin.de\\\/bucuresti\\\/#organization\"},\"potentialAction\":[{\"@type\":\"SearchAction\",\"target\":{\"@type\":\"EntryPoint\",\"urlTemplate\":\"https:\\\/\\\/buletin.de\\\/bucuresti\\\/?s={search_term_string}\"},\"query-input\":{\"@type\":\"PropertyValueSpecification\",\"valueRequired\":true,\"valueName\":\"search_term_string\"}}],\"inLanguage\":\"en-GB\"},{\"@type\":\"Organization\",\"@id\":\"https:\\\/\\\/buletin.de\\\/bucuresti\\\/#organization\",\"name\":\"Buletin de Bucure\u0219ti\",\"url\":\"https:\\\/\\\/buletin.de\\\/bucuresti\\\/\",\"logo\":{\"@type\":\"ImageObject\",\"inLanguage\":\"en-GB\",\"@id\":\"https:\\\/\\\/buletin.de\\\/bucuresti\\\/#\\\/schema\\\/logo\\\/image\\\/\",\"url\":\"https:\\\/\\\/buletin.de\\\/bucuresti\\\/wp-content\\\/uploads\\\/logo-bdb-full-wide-vernil-transparent.png\",\"contentUrl\":\"https:\\\/\\\/buletin.de\\\/bucuresti\\\/wp-content\\\/uploads\\\/logo-bdb-full-wide-vernil-transparent.png\",\"width\":1782,\"height\":626,\"caption\":\"Buletin de Bucure\u0219ti\"},\"image\":{\"@id\":\"https:\\\/\\\/buletin.de\\\/bucuresti\\\/#\\\/schema\\\/logo\\\/image\\\/\"},\"sameAs\":[\"https:\\\/\\\/www.facebook.com\\\/buletin.de.buc\",\"https:\\\/\\\/www.instagram.com\\\/buletinde.bucuresti\\\/\"]},{\"@type\":\"Person\",\"@id\":\"https:\\\/\\\/buletin.de\\\/bucuresti\\\/#\\\/schema\\\/person\\\/b0686d7a8b666c6afc78239777fd8a89\",\"name\":\"Florin R\u00e2\u0219teiu\",\"image\":{\"@type\":\"ImageObject\",\"inLanguage\":\"en-GB\",\"@id\":\"https:\\\/\\\/buletin.de\\\/bucuresti\\\/wp-content\\\/uploads\\\/Florin-Rasteiu-96x96.jpgf0a6fe28453aa12f0a60e4d0a2e3a78c\",\"url\":\"https:\\\/\\\/buletin.de\\\/bucuresti\\\/wp-content\\\/uploads\\\/Florin-Rasteiu-96x96.jpg\",\"contentUrl\":\"https:\\\/\\\/buletin.de\\\/bucuresti\\\/wp-content\\\/uploads\\\/Florin-Rasteiu-96x96.jpg\",\"caption\":\"Florin R\u00e2\u0219teiu\"},\"description\":\"Jurnalist de investiga\u021bie. Lucreaz\u0103 de aproape 6 ani la Buletin de Bucure\u0219ti, unde a publicat articole care scot la suprafa\u021b\u0103 corup\u021bia din Capital\u0103. Analizeaz\u0103 baze de date zilnic \u0219i scoate pove\u0219ti din exceluri pline de cifre. Pune reflectorul pe adev\u0103r cu fiecare ocazie. A c\u00e2\u0219tigat premiul I la categoria Pres\u0103 Local\u0103 \u00een 2025 \u0219i locul al II-lea la aceea\u0219i categorie \u00een 2024 \u00een cadrul Premiilor Superscrieri pentru jurnalism independent.\",\"url\":\"https:\\\/\\\/buletin.de\\\/bucuresti\\\/author\\\/florinrasteiu\\\/\"}]}<\/script>\n<!-- \/ Yoast SEO Premium plugin. -->","yoast_head_json":{"title":"Adio parcare gratuit\u0103 \u00een Capital\u0103, de pe 15 august. Intr\u0103 \u00een vigoare o hot\u0103r\u00e2re aprobat\u0103 acum 3 ani - Buletin de Bucure\u0219ti","robots":{"index":"index","follow":"follow","max-snippet":"max-snippet:-1","max-image-preview":"max-image-preview:large","max-video-preview":"max-video-preview:-1"},"canonical":"https:\/\/buletin.de\/bucuresti\/adio-parcare-gratuita-in-capitala-de-pe-15-august-intra-in-vigoare-o-hotarare-aprobata-acum-3-ani\/","og_locale":"en_GB","og_type":"article","og_title":"Adio parcare gratuit\u0103 \u00een Capital\u0103, de pe 15 august. Intr\u0103 \u00een vigoare o hot\u0103r\u00e2re aprobat\u0103 acum 3 ani","og_description":"Nicu\u0219or Dan, primarul Capitalei, a declarat ast\u0103zi c\u0103, de pe 15 august, va fi pus\u0103 \u00een aplicare hot\u0103r\u00e2rea Consiliului General din 2019, iar cet\u0103\u021benii care vor s\u0103 parcheze pe cele 10 mii de locuri de parcare ale PMB vor trebui s\u0103 pl\u0103teasc\u0103. Locurile de parcare sunt \u00eemp\u0103r\u021bite pe trei zone: 0, 1 \u0219i 2, iar [&hellip;]","og_url":"https:\/\/buletin.de\/bucuresti\/adio-parcare-gratuita-in-capitala-de-pe-15-august-intra-in-vigoare-o-hotarare-aprobata-acum-3-ani\/","og_site_name":"Buletin de Bucure\u0219ti","article_publisher":"https:\/\/www.facebook.com\/buletin.de.buc","article_published_time":"2022-08-03T15:21:31+00:00","article_modified_time":"2022-08-03T18:05:38+00:00","og_image":[{"width":1321,"height":625,"url":"https:\/\/buletin.de\/bucuresti\/wp-content\/uploads\/parcari-resedinta.png","type":"image\/png"}],"author":"Florin R\u00e2\u0219teiu","twitter_card":"summary_large_image","twitter_misc":{"Written by":"Florin R\u00e2\u0219teiu","Estimated reading time":"3 minutes"},"schema":{"@context":"https:\/\/schema.org","@graph":[{"@type":"Article","@id":"https:\/\/buletin.de\/bucuresti\/adio-parcare-gratuita-in-capitala-de-pe-15-august-intra-in-vigoare-o-hotarare-aprobata-acum-3-ani\/#article","isPartOf":{"@id":"https:\/\/buletin.de\/bucuresti\/adio-parcare-gratuita-in-capitala-de-pe-15-august-intra-in-vigoare-o-hotarare-aprobata-acum-3-ani\/"},"author":{"name":"Florin R\u00e2\u0219teiu","@id":"https:\/\/buletin.de\/bucuresti\/#\/schema\/person\/b0686d7a8b666c6afc78239777fd8a89"},"headline":"Adio parcare gratuit\u0103 \u00een Capital\u0103, de pe 15 august. Intr\u0103 \u00een vigoare o hot\u0103r\u00e2re aprobat\u0103 acum 3 ani","datePublished":"2022-08-03T15:21:31+00:00","dateModified":"2022-08-03T18:05:38+00:00","mainEntityOfPage":{"@id":"https:\/\/buletin.de\/bucuresti\/adio-parcare-gratuita-in-capitala-de-pe-15-august-intra-in-vigoare-o-hotarare-aprobata-acum-3-ani\/"},"wordCount":698,"publisher":{"@id":"https:\/\/buletin.de\/bucuresti\/#organization"},"image":{"@id":"https:\/\/buletin.de\/bucuresti\/adio-parcare-gratuita-in-capitala-de-pe-15-august-intra-in-vigoare-o-hotarare-aprobata-acum-3-ani\/#primaryimage"},"thumbnailUrl":"https:\/\/buletin.de\/bucuresti\/wp-content\/uploads\/parcari-resedinta.png","articleSection":["Prim\u0103rie"],"inLanguage":"en-GB","copyrightYear":"2022","copyrightHolder":{"@id":"https:\/\/buletin.de\/bucuresti\/#organization"}},{"@type":"WebPage","@id":"https:\/\/buletin.de\/bucuresti\/adio-parcare-gratuita-in-capitala-de-pe-15-august-intra-in-vigoare-o-hotarare-aprobata-acum-3-ani\/","url":"https:\/\/buletin.de\/bucuresti\/adio-parcare-gratuita-in-capitala-de-pe-15-august-intra-in-vigoare-o-hotarare-aprobata-acum-3-ani\/","name":"Adio parcare gratuit\u0103 \u00een Capital\u0103, de pe 15 august. Intr\u0103 \u00een vigoare o hot\u0103r\u00e2re aprobat\u0103 acum 3 ani - Buletin de Bucure\u0219ti","isPartOf":{"@id":"https:\/\/buletin.de\/bucuresti\/#website"},"primaryImageOfPage":{"@id":"https:\/\/buletin.de\/bucuresti\/adio-parcare-gratuita-in-capitala-de-pe-15-august-intra-in-vigoare-o-hotarare-aprobata-acum-3-ani\/#primaryimage"},"image":{"@id":"https:\/\/buletin.de\/bucuresti\/adio-parcare-gratuita-in-capitala-de-pe-15-august-intra-in-vigoare-o-hotarare-aprobata-acum-3-ani\/#primaryimage"},"thumbnailUrl":"https:\/\/buletin.de\/bucuresti\/wp-content\/uploads\/parcari-resedinta.png","datePublished":"2022-08-03T15:21:31+00:00","dateModified":"2022-08-03T18:05:38+00:00","breadcrumb":{"@id":"https:\/\/buletin.de\/bucuresti\/adio-parcare-gratuita-in-capitala-de-pe-15-august-intra-in-vigoare-o-hotarare-aprobata-acum-3-ani\/#breadcrumb"},"inLanguage":"en-GB","potentialAction":[{"@type":"ReadAction","target":["https:\/\/buletin.de\/bucuresti\/adio-parcare-gratuita-in-capitala-de-pe-15-august-intra-in-vigoare-o-hotarare-aprobata-acum-3-ani\/"]}]},{"@type":"ImageObject","inLanguage":"en-GB","@id":"https:\/\/buletin.de\/bucuresti\/adio-parcare-gratuita-in-capitala-de-pe-15-august-intra-in-vigoare-o-hotarare-aprobata-acum-3-ani\/#primaryimage","url":"https:\/\/buletin.de\/bucuresti\/wp-content\/uploads\/parcari-resedinta.png","contentUrl":"https:\/\/buletin.de\/bucuresti\/wp-content\/uploads\/parcari-resedinta.png","width":1321,"height":625},{"@type":"BreadcrumbList","@id":"https:\/\/buletin.de\/bucuresti\/adio-parcare-gratuita-in-capitala-de-pe-15-august-intra-in-vigoare-o-hotarare-aprobata-acum-3-ani\/#breadcrumb","itemListElement":[{"@type":"ListItem","position":1,"name":"Acas\u0103","item":"https:\/\/buletin.de\/bucuresti\/"},{"@type":"ListItem","position":2,"name":"Adio parcare gratuit\u0103 \u00een Capital\u0103, de pe 15 august. Intr\u0103 \u00een vigoare o hot\u0103r\u00e2re aprobat\u0103 acum 3 ani"}]},{"@type":"WebSite","@id":"https:\/\/buletin.de\/bucuresti\/#website","url":"https:\/\/buletin.de\/bucuresti\/","name":"Buletin de Bucure\u0219ti","description":"\u0218tiri \u0219i investiga\u021bii esen\u021biale din capital\u0103","publisher":{"@id":"https:\/\/buletin.de\/bucuresti\/#organization"},"potentialAction":[{"@type":"SearchAction","target":{"@type":"EntryPoint","urlTemplate":"https:\/\/buletin.de\/bucuresti\/?s={search_term_string}"},"query-input":{"@type":"PropertyValueSpecification","valueRequired":true,"valueName":"search_term_string"}}],"inLanguage":"en-GB"},{"@type":"Organization","@id":"https:\/\/buletin.de\/bucuresti\/#organization","name":"Buletin de Bucure\u0219ti","url":"https:\/\/buletin.de\/bucuresti\/","logo":{"@type":"ImageObject","inLanguage":"en-GB","@id":"https:\/\/buletin.de\/bucuresti\/#\/schema\/logo\/image\/","url":"https:\/\/buletin.de\/bucuresti\/wp-content\/uploads\/logo-bdb-full-wide-vernil-transparent.png","contentUrl":"https:\/\/buletin.de\/bucuresti\/wp-content\/uploads\/logo-bdb-full-wide-vernil-transparent.png","width":1782,"height":626,"caption":"Buletin de Bucure\u0219ti"},"image":{"@id":"https:\/\/buletin.de\/bucuresti\/#\/schema\/logo\/image\/"},"sameAs":["https:\/\/www.facebook.com\/buletin.de.buc","https:\/\/www.instagram.com\/buletinde.bucuresti\/"]},{"@type":"Person","@id":"https:\/\/buletin.de\/bucuresti\/#\/schema\/person\/b0686d7a8b666c6afc78239777fd8a89","name":"Florin R\u00e2\u0219teiu","image":{"@type":"ImageObject","inLanguage":"en-GB","@id":"https:\/\/buletin.de\/bucuresti\/wp-content\/uploads\/Florin-Rasteiu-96x96.jpgf0a6fe28453aa12f0a60e4d0a2e3a78c","url":"https:\/\/buletin.de\/bucuresti\/wp-content\/uploads\/Florin-Rasteiu-96x96.jpg","contentUrl":"https:\/\/buletin.de\/bucuresti\/wp-content\/uploads\/Florin-Rasteiu-96x96.jpg","caption":"Florin R\u00e2\u0219teiu"},"description":"Jurnalist de investiga\u021bie. Lucreaz\u0103 de aproape 6 ani la Buletin de Bucure\u0219ti, unde a publicat articole care scot la suprafa\u021b\u0103 corup\u021bia din Capital\u0103. Analizeaz\u0103 baze de date zilnic \u0219i scoate pove\u0219ti din exceluri pline de cifre. Pune reflectorul pe adev\u0103r cu fiecare ocazie. A c\u00e2\u0219tigat premiul I la categoria Pres\u0103 Local\u0103 \u00een 2025 \u0219i locul al II-lea la aceea\u0219i categorie \u00een 2024 \u00een cadrul Premiilor Superscrieri pentru jurnalism independent.","url":"https:\/\/buletin.de\/bucuresti\/author\/florinrasteiu\/"}]}},"authors":[{"term_id":22576,"user_id":17,"is_guest":0,"slug":"florinrasteiu","display_name":"Florin R\u00e2\u0219teiu","avatar_url":"https:\/\/buletin.de\/bucuresti\/wp-content\/uploads\/Florin-Rasteiu-96x96.jpg","0":null,"1":"","2":"","3":"","4":"","5":"","6":"","7":"","8":""}],"_links":{"self":[{"href":"https:\/\/buletin.de\/bucuresti\/wp-json\/wp\/v2\/posts\/45217","targetHints":{"allow":["GET"]}}],"collection":[{"href":"https:\/\/buletin.de\/bucuresti\/wp-json\/wp\/v2\/posts"}],"about":[{"href":"https:\/\/buletin.de\/bucuresti\/wp-json\/wp\/v2\/types\/post"}],"author":[{"embeddable":true,"href":"https:\/\/buletin.de\/bucuresti\/wp-json\/wp\/v2\/users\/17"}],"replies":[{"embeddable":true,"href":"https:\/\/buletin.de\/bucuresti\/wp-json\/wp\/v2\/comments?post=45217"}],"version-history":[{"count":3,"href":"https:\/\/buletin.de\/bucuresti\/wp-json\/wp\/v2\/posts\/45217\/revisions"}],"predecessor-version":[{"id":45227,"href":"https:\/\/buletin.de\/bucuresti\/wp-json\/wp\/v2\/posts\/45217\/revisions\/45227"}],"wp:featuredmedia":[{"embeddable":true,"href":"https:\/\/buletin.de\/bucuresti\/wp-json\/wp\/v2\/media\/24192"}],"wp:attachment":[{"href":"https:\/\/buletin.de\/bucuresti\/wp-json\/wp\/v2\/media?parent=45217"}],"wp:term":[{"taxonomy":"category","embeddable":true,"href":"https:\/\/buletin.de\/bucuresti\/wp-json\/wp\/v2\/categories?post=45217"},{"taxonomy":"post_tag","embeddable":true,"href":"https:\/\/buletin.de\/bucuresti\/wp-json\/wp\/v2\/tags?post=45217"},{"taxonomy":"author","embeddable":true,"href":"https:\/\/buletin.de\/bucuresti\/wp-json\/wp\/v2\/ppma_author?post=45217"}],"curies":[{"name":"wp","href":"https:\/\/api.w.org\/{rel}","templated":true}]}}