{"id":45110,"date":"2022-07-29T16:29:39","date_gmt":"2022-07-29T14:29:39","guid":{"rendered":"https:\/\/buletin.de\/bucuresti\/?p=45110"},"modified":"2022-07-29T16:29:40","modified_gmt":"2022-07-29T14:29:40","slug":"investitii-de-218-milioane-de-lei-pentru-liniile-de-tramvai-de-pe-patru-bulevarde-din-bucuresti","status":"publish","type":"post","link":"https:\/\/buletin.de\/bucuresti\/investitii-de-218-milioane-de-lei-pentru-liniile-de-tramvai-de-pe-patru-bulevarde-din-bucuresti\/","title":{"rendered":"Investi\u021bii de 218 milioane de lei pentru liniile de tramvai de pe patru bulevarde din Bucure\u0219ti"},"content":{"rendered":"\n<p>\u00cencepe modernizarea la mai multe tronsoane din Bucure\u0219ti. Consilierii locali au votat cinci proiecte pentru reabilitare rutier\u0103 a liniilor de tramvai. Repara\u021biile ajung p\u00e2n\u0103 la 218 milioane de lei cu TVA, potrivit proiectelor de hot\u0103r\u00e2re.<\/p>\n\n\n\n<p>Este vorba despre: linia Depou Titan pe strada Nicolae Teclu; Bulevardul Basarabia de la intersec\u021bia cu B-dul. 1 Decembrie 1918, p\u00e2n\u0103 la cap terminal Republica; Bulevardul M\u0103r\u0103\u0219e\u0219ti \u00eentre Bulevardul Dimitrie Cantemir \u0219i Strada 11 Iunie; Strada Dristorului \u00eentre B-dul. Camil Ressu \u0219i Strada Baba Novac; Bulevardul Timi\u0219oara \u00eentre Strada Valea Cascadelor \u0219i terminal CET Vest.<\/p>\n\n\n\n<p>Nicu\u0219or Dan a spus c\u0103, odat\u0103 cu acest proiect, exist\u0103 finan\u021bare pentru reabilitarea \u00eentregii re\u021bele de linii de tramvai.<\/p>\n\n\n\n<p>Zilele urm\u0103toare va fi deschis\u0103 licita\u021bia pentru liniile 40, 55 \u0219i 5, iar \u00een luna august vor fi publicate \u00een sistemul de achizi\u021bii publice (SEAP) toate liniile de tramvai care necesit\u0103 modernizare.<\/p>\n\n\n\n<p>\u00cen ceea ce prive\u0219te linia de acces Depou Titan pe strada Nicolae Teclu, ea se afl\u0103 \u00eentr-o stare precar\u0103 din punct de vedere tehnic. Proiectul de hot\u0103r\u00e2re asigur\u0103 accesul \u00een siguran\u021b\u0103 a tramvaielor 14, 19, 23, 17, 40 \u0219i 46, dar \u0219i cre\u0219terea calit\u0103\u021bii aerului. Investi\u021bia este de 20 de milioane de lei \u0219i trebuie s\u0103 fie gata \u00een 9 luni.<\/p>\n\n\n\n<p>Valoarea lucr\u0103rilor de la Bulevardul Basarabia de la intersec\u021bia cu B-dul. 1 decembrie 1918, p\u00e2n\u0103 la cap terminal Republica, este de peste 70 de milioane de lei, iar investi\u021bia trebuie s\u0103 fie realizat\u0103 \u00een 18 luni. Dup\u0103 modernizare, va cre\u0219te viteza cu 30%, dar \u0219i fluxul de c\u0103l\u0103tori la ore de v\u00e2rf \u0219i num\u0103rul de curse f\u0103cute de tramvaiele care sunt pe traseu.<\/p>\n\n\n\n<p>Mai departe, reabilitarea de pe Bulevardul M\u0103r\u0103\u0219e\u0219ti \u00eentre Bulevardul Dimitrie Cantemir \u0219i Strada 11 Iunie cost\u0103 circa 38 de milioane de lei \u0219i termenul este de 9 luni. Ca \u0219i \u00een cazul Bulevardului Basarabia, va cre\u0219te num\u0103rul oamenilor la ore de v\u00e2rf, dar \u0219i cursele f\u0103cute \u00een acela\u0219i interval orar.<\/p>\n\n\n\n<p>Pentru Strada Dristorului \u00eentre B-dul. Camil Ressu \u0219i Strada Baba Novac, valoarea total\u0103 a investi\u021biei este de peste 11 milioane de lei \u0219i trebuie s\u0103 fie realizat\u0103 \u00een 9 luni. Obiectivul este modernizarea liniei de tramvai amplasat\u0103 pe un singur sens.<\/p>\n\n\n\n<p>Ultimul proiect de hot\u0103r\u00e2re se refer\u0103 la repara\u021biile de pe Bulevardul Timi\u0219oara \u00eentre Strada Valea Cascadelor \u0219i terminal CET Vest, care vor costa peste 70 de milioane de lei. Dup\u0103 terminarea lor, vor fi 1123 c\u0103l\u0103tori\/or\u0103 pe sens, fiecare tramvai va face 12 curse pe traseu pe zi \u0219i tramvaiele vor urma unul dup\u0103 cel\u0103lalt la aproximativ 13 minute.<\/p>\n\n\n\n<p>Lucr\u0103rile la liniile de tramvai au \u00eenceput la sf\u00e2r\u0219itul lunii iunie, c\u00e2nd au fost aprobate cele 16 proiecte. Modernizarea este necesar\u0103 pentru c\u0103 liniile de tramvai sunt prea mici pentru tramvaie cump\u0103rate de la Astra Arad.<\/p>\n\n\n\n<p>Surs\u0103 foto: Facebook Nicu\u0219or Dan<\/p>\n","protected":false},"excerpt":{"rendered":"<p>\u00cencepe modernizarea la mai multe tronsoane din Bucure\u0219ti. Consilierii locali au votat cinci proiecte pentru reabilitare rutier\u0103 a liniilor de tramvai. Repara\u021biile ajung p\u00e2n\u0103 la 218 milioane de lei cu TVA, potrivit proiectelor de hot\u0103r\u00e2re. Este vorba despre: linia Depou Titan pe strada Nicolae Teclu; Bulevardul Basarabia de la intersec\u021bia cu B-dul. 1 Decembrie 1918, [&hellip;]<\/p>\n","protected":false},"author":42,"featured_media":45112,"comment_status":"closed","ping_status":"open","sticky":false,"template":"","format":"standard","meta":{"_acf_changed":false,"inline_featured_image":false,"ngg_post_thumbnail":0,"footnotes":""},"categories":[62],"tags":[1224,9,4397,223,564],"ppma_author":[22603],"class_list":["post-45110","post","type-post","status-publish","format-standard","has-post-thumbnail","hentry","category-stiri","tag-astra-arad","tag-bucuresti","tag-bulevarde","tag-nicusor-dan","tag-tramvai"],"acf":[],"yoast_head":"<!-- This site is optimized with the Yoast SEO Premium plugin v25.3 (Yoast SEO v27.4) - https:\/\/yoast.com\/product\/yoast-seo-premium-wordpress\/ -->\n<title>Investi\u021bii de 218 milioane de lei pentru liniile de tramvai de pe patru bulevarde din Bucure\u0219ti - Buletin de Bucure\u0219ti<\/title>\n<meta name=\"description\" content=\"Consilierii locali au votat cinci proiecte de hot\u0103r\u00e2re care propun modernizarea mai multor tronsoane din Bucure\u0219ti.\" \/>\n<meta name=\"robots\" content=\"index, follow, max-snippet:-1, max-image-preview:large, max-video-preview:-1\" \/>\n<link rel=\"canonical\" href=\"https:\/\/buletin.de\/bucuresti\/investitii-de-218-milioane-de-lei-pentru-liniile-de-tramvai-de-pe-patru-bulevarde-din-bucuresti\/\" \/>\n<meta property=\"og:locale\" content=\"en_GB\" \/>\n<meta property=\"og:type\" content=\"article\" \/>\n<meta property=\"og:title\" content=\"Investi\u021bii de 218 milioane de lei pentru liniile de tramvai de pe patru bulevarde din Bucure\u0219ti\" \/>\n<meta property=\"og:description\" content=\"Consilierii locali au votat cinci proiecte de hot\u0103r\u00e2re care propun modernizarea mai multor tronsoane din Bucure\u0219ti.\" \/>\n<meta property=\"og:url\" content=\"https:\/\/buletin.de\/bucuresti\/investitii-de-218-milioane-de-lei-pentru-liniile-de-tramvai-de-pe-patru-bulevarde-din-bucuresti\/\" \/>\n<meta property=\"og:site_name\" content=\"Buletin de Bucure\u0219ti\" \/>\n<meta property=\"article:publisher\" content=\"https:\/\/www.facebook.com\/buletin.de.buc\" \/>\n<meta property=\"article:published_time\" content=\"2022-07-29T14:29:39+00:00\" \/>\n<meta property=\"article:modified_time\" content=\"2022-07-29T14:29:40+00:00\" \/>\n<meta property=\"og:image\" content=\"https:\/\/buletin.de\/bucuresti\/wp-content\/uploads\/296075217_596391908503894_7165895156766718776_n-1-1.jpg\" \/>\n\t<meta property=\"og:image:width\" content=\"1600\" \/>\n\t<meta property=\"og:image:height\" content=\"1066\" \/>\n\t<meta property=\"og:image:type\" content=\"image\/jpeg\" \/>\n<meta name=\"author\" content=\"Andra Mure\u0219an\" \/>\n<meta name=\"twitter:card\" content=\"summary_large_image\" \/>\n<meta name=\"twitter:label1\" content=\"Written by\" \/>\n\t<meta name=\"twitter:data1\" content=\"Andra Mure\u0219an\" \/>\n\t<meta name=\"twitter:label2\" content=\"Estimated reading time\" \/>\n\t<meta name=\"twitter:data2\" content=\"2 minutes\" \/>\n<script type=\"application\/ld+json\" class=\"yoast-schema-graph\">{\"@context\":\"https:\\\/\\\/schema.org\",\"@graph\":[{\"@type\":\"Article\",\"@id\":\"https:\\\/\\\/buletin.de\\\/bucuresti\\\/investitii-de-218-milioane-de-lei-pentru-liniile-de-tramvai-de-pe-patru-bulevarde-din-bucuresti\\\/#article\",\"isPartOf\":{\"@id\":\"https:\\\/\\\/buletin.de\\\/bucuresti\\\/investitii-de-218-milioane-de-lei-pentru-liniile-de-tramvai-de-pe-patru-bulevarde-din-bucuresti\\\/\"},\"author\":{\"name\":\"Andra Mure\u0219an\",\"@id\":\"https:\\\/\\\/buletin.de\\\/bucuresti\\\/#\\\/schema\\\/person\\\/2305426a193cfbaadc0b30023ee5d01c\"},\"headline\":\"Investi\u021bii de 218 milioane de lei pentru liniile de tramvai de pe patru bulevarde din Bucure\u0219ti\",\"datePublished\":\"2022-07-29T14:29:39+00:00\",\"dateModified\":\"2022-07-29T14:29:40+00:00\",\"mainEntityOfPage\":{\"@id\":\"https:\\\/\\\/buletin.de\\\/bucuresti\\\/investitii-de-218-milioane-de-lei-pentru-liniile-de-tramvai-de-pe-patru-bulevarde-din-bucuresti\\\/\"},\"wordCount\":499,\"publisher\":{\"@id\":\"https:\\\/\\\/buletin.de\\\/bucuresti\\\/#organization\"},\"image\":{\"@id\":\"https:\\\/\\\/buletin.de\\\/bucuresti\\\/investitii-de-218-milioane-de-lei-pentru-liniile-de-tramvai-de-pe-patru-bulevarde-din-bucuresti\\\/#primaryimage\"},\"thumbnailUrl\":\"https:\\\/\\\/buletin.de\\\/bucuresti\\\/wp-content\\\/uploads\\\/296075217_596391908503894_7165895156766718776_n-1-1.jpg\",\"keywords\":[\"astra arad\",\"bucuresti\",\"bulevarde\",\"nicusor dan\",\"tramvai\"],\"articleSection\":[\"\u0218tiri\"],\"inLanguage\":\"en-GB\",\"copyrightYear\":\"2022\",\"copyrightHolder\":{\"@id\":\"https:\\\/\\\/buletin.de\\\/bucuresti\\\/#organization\"}},{\"@type\":\"WebPage\",\"@id\":\"https:\\\/\\\/buletin.de\\\/bucuresti\\\/investitii-de-218-milioane-de-lei-pentru-liniile-de-tramvai-de-pe-patru-bulevarde-din-bucuresti\\\/\",\"url\":\"https:\\\/\\\/buletin.de\\\/bucuresti\\\/investitii-de-218-milioane-de-lei-pentru-liniile-de-tramvai-de-pe-patru-bulevarde-din-bucuresti\\\/\",\"name\":\"Investi\u021bii de 218 milioane de lei pentru liniile de tramvai de pe patru bulevarde din Bucure\u0219ti - Buletin de Bucure\u0219ti\",\"isPartOf\":{\"@id\":\"https:\\\/\\\/buletin.de\\\/bucuresti\\\/#website\"},\"primaryImageOfPage\":{\"@id\":\"https:\\\/\\\/buletin.de\\\/bucuresti\\\/investitii-de-218-milioane-de-lei-pentru-liniile-de-tramvai-de-pe-patru-bulevarde-din-bucuresti\\\/#primaryimage\"},\"image\":{\"@id\":\"https:\\\/\\\/buletin.de\\\/bucuresti\\\/investitii-de-218-milioane-de-lei-pentru-liniile-de-tramvai-de-pe-patru-bulevarde-din-bucuresti\\\/#primaryimage\"},\"thumbnailUrl\":\"https:\\\/\\\/buletin.de\\\/bucuresti\\\/wp-content\\\/uploads\\\/296075217_596391908503894_7165895156766718776_n-1-1.jpg\",\"datePublished\":\"2022-07-29T14:29:39+00:00\",\"dateModified\":\"2022-07-29T14:29:40+00:00\",\"description\":\"Consilierii locali au votat cinci proiecte de hot\u0103r\u00e2re care propun modernizarea mai multor tronsoane din Bucure\u0219ti.\",\"breadcrumb\":{\"@id\":\"https:\\\/\\\/buletin.de\\\/bucuresti\\\/investitii-de-218-milioane-de-lei-pentru-liniile-de-tramvai-de-pe-patru-bulevarde-din-bucuresti\\\/#breadcrumb\"},\"inLanguage\":\"en-GB\",\"potentialAction\":[{\"@type\":\"ReadAction\",\"target\":[\"https:\\\/\\\/buletin.de\\\/bucuresti\\\/investitii-de-218-milioane-de-lei-pentru-liniile-de-tramvai-de-pe-patru-bulevarde-din-bucuresti\\\/\"]}]},{\"@type\":\"ImageObject\",\"inLanguage\":\"en-GB\",\"@id\":\"https:\\\/\\\/buletin.de\\\/bucuresti\\\/investitii-de-218-milioane-de-lei-pentru-liniile-de-tramvai-de-pe-patru-bulevarde-din-bucuresti\\\/#primaryimage\",\"url\":\"https:\\\/\\\/buletin.de\\\/bucuresti\\\/wp-content\\\/uploads\\\/296075217_596391908503894_7165895156766718776_n-1-1.jpg\",\"contentUrl\":\"https:\\\/\\\/buletin.de\\\/bucuresti\\\/wp-content\\\/uploads\\\/296075217_596391908503894_7165895156766718776_n-1-1.jpg\",\"width\":1600,\"height\":1066},{\"@type\":\"BreadcrumbList\",\"@id\":\"https:\\\/\\\/buletin.de\\\/bucuresti\\\/investitii-de-218-milioane-de-lei-pentru-liniile-de-tramvai-de-pe-patru-bulevarde-din-bucuresti\\\/#breadcrumb\",\"itemListElement\":[{\"@type\":\"ListItem\",\"position\":1,\"name\":\"Acas\u0103\",\"item\":\"https:\\\/\\\/buletin.de\\\/bucuresti\\\/\"},{\"@type\":\"ListItem\",\"position\":2,\"name\":\"Investi\u021bii de 218 milioane de lei pentru liniile de tramvai de pe patru bulevarde din Bucure\u0219ti\"}]},{\"@type\":\"WebSite\",\"@id\":\"https:\\\/\\\/buletin.de\\\/bucuresti\\\/#website\",\"url\":\"https:\\\/\\\/buletin.de\\\/bucuresti\\\/\",\"name\":\"Buletin de Bucure\u0219ti\",\"description\":\"\u0218tiri \u0219i investiga\u021bii esen\u021biale din capital\u0103\",\"publisher\":{\"@id\":\"https:\\\/\\\/buletin.de\\\/bucuresti\\\/#organization\"},\"potentialAction\":[{\"@type\":\"SearchAction\",\"target\":{\"@type\":\"EntryPoint\",\"urlTemplate\":\"https:\\\/\\\/buletin.de\\\/bucuresti\\\/?s={search_term_string}\"},\"query-input\":{\"@type\":\"PropertyValueSpecification\",\"valueRequired\":true,\"valueName\":\"search_term_string\"}}],\"inLanguage\":\"en-GB\"},{\"@type\":\"Organization\",\"@id\":\"https:\\\/\\\/buletin.de\\\/bucuresti\\\/#organization\",\"name\":\"Buletin de Bucure\u0219ti\",\"url\":\"https:\\\/\\\/buletin.de\\\/bucuresti\\\/\",\"logo\":{\"@type\":\"ImageObject\",\"inLanguage\":\"en-GB\",\"@id\":\"https:\\\/\\\/buletin.de\\\/bucuresti\\\/#\\\/schema\\\/logo\\\/image\\\/\",\"url\":\"https:\\\/\\\/buletin.de\\\/bucuresti\\\/wp-content\\\/uploads\\\/logo-bdb-full-wide-vernil-transparent.png\",\"contentUrl\":\"https:\\\/\\\/buletin.de\\\/bucuresti\\\/wp-content\\\/uploads\\\/logo-bdb-full-wide-vernil-transparent.png\",\"width\":1782,\"height\":626,\"caption\":\"Buletin de Bucure\u0219ti\"},\"image\":{\"@id\":\"https:\\\/\\\/buletin.de\\\/bucuresti\\\/#\\\/schema\\\/logo\\\/image\\\/\"},\"sameAs\":[\"https:\\\/\\\/www.facebook.com\\\/buletin.de.buc\",\"https:\\\/\\\/www.instagram.com\\\/buletinde.bucuresti\\\/\"]},{\"@type\":\"Person\",\"@id\":\"https:\\\/\\\/buletin.de\\\/bucuresti\\\/#\\\/schema\\\/person\\\/2305426a193cfbaadc0b30023ee5d01c\",\"name\":\"Andra Mure\u0219an\",\"image\":{\"@type\":\"ImageObject\",\"inLanguage\":\"en-GB\",\"@id\":\"https:\\\/\\\/secure.gravatar.com\\\/avatar\\\/0f89940de76acadc8ab9c36e6cec5b672fc84ab1bf1537562fa8584e29dfa8a5?s=96&d=monsterid&r=g30a40ed95e1c0fc67315c6f2c6fa871e\",\"url\":\"https:\\\/\\\/secure.gravatar.com\\\/avatar\\\/0f89940de76acadc8ab9c36e6cec5b672fc84ab1bf1537562fa8584e29dfa8a5?s=96&d=monsterid&r=g\",\"contentUrl\":\"https:\\\/\\\/secure.gravatar.com\\\/avatar\\\/0f89940de76acadc8ab9c36e6cec5b672fc84ab1bf1537562fa8584e29dfa8a5?s=96&d=monsterid&r=g\",\"caption\":\"Andra Mure\u0219an\"},\"url\":\"https:\\\/\\\/buletin.de\\\/bucuresti\\\/author\\\/andra\\\/\"}]}<\/script>\n<!-- \/ Yoast SEO Premium plugin. -->","yoast_head_json":{"title":"Investi\u021bii de 218 milioane de lei pentru liniile de tramvai de pe patru bulevarde din Bucure\u0219ti - Buletin de Bucure\u0219ti","description":"Consilierii locali au votat cinci proiecte de hot\u0103r\u00e2re care propun modernizarea mai multor tronsoane din Bucure\u0219ti.","robots":{"index":"index","follow":"follow","max-snippet":"max-snippet:-1","max-image-preview":"max-image-preview:large","max-video-preview":"max-video-preview:-1"},"canonical":"https:\/\/buletin.de\/bucuresti\/investitii-de-218-milioane-de-lei-pentru-liniile-de-tramvai-de-pe-patru-bulevarde-din-bucuresti\/","og_locale":"en_GB","og_type":"article","og_title":"Investi\u021bii de 218 milioane de lei pentru liniile de tramvai de pe patru bulevarde din Bucure\u0219ti","og_description":"Consilierii locali au votat cinci proiecte de hot\u0103r\u00e2re care propun modernizarea mai multor tronsoane din Bucure\u0219ti.","og_url":"https:\/\/buletin.de\/bucuresti\/investitii-de-218-milioane-de-lei-pentru-liniile-de-tramvai-de-pe-patru-bulevarde-din-bucuresti\/","og_site_name":"Buletin de Bucure\u0219ti","article_publisher":"https:\/\/www.facebook.com\/buletin.de.buc","article_published_time":"2022-07-29T14:29:39+00:00","article_modified_time":"2022-07-29T14:29:40+00:00","og_image":[{"width":1600,"height":1066,"url":"https:\/\/buletin.de\/bucuresti\/wp-content\/uploads\/296075217_596391908503894_7165895156766718776_n-1-1.jpg","type":"image\/jpeg"}],"author":"Andra Mure\u0219an","twitter_card":"summary_large_image","twitter_misc":{"Written by":"Andra Mure\u0219an","Estimated reading time":"2 minutes"},"schema":{"@context":"https:\/\/schema.org","@graph":[{"@type":"Article","@id":"https:\/\/buletin.de\/bucuresti\/investitii-de-218-milioane-de-lei-pentru-liniile-de-tramvai-de-pe-patru-bulevarde-din-bucuresti\/#article","isPartOf":{"@id":"https:\/\/buletin.de\/bucuresti\/investitii-de-218-milioane-de-lei-pentru-liniile-de-tramvai-de-pe-patru-bulevarde-din-bucuresti\/"},"author":{"name":"Andra Mure\u0219an","@id":"https:\/\/buletin.de\/bucuresti\/#\/schema\/person\/2305426a193cfbaadc0b30023ee5d01c"},"headline":"Investi\u021bii de 218 milioane de lei pentru liniile de tramvai de pe patru bulevarde din Bucure\u0219ti","datePublished":"2022-07-29T14:29:39+00:00","dateModified":"2022-07-29T14:29:40+00:00","mainEntityOfPage":{"@id":"https:\/\/buletin.de\/bucuresti\/investitii-de-218-milioane-de-lei-pentru-liniile-de-tramvai-de-pe-patru-bulevarde-din-bucuresti\/"},"wordCount":499,"publisher":{"@id":"https:\/\/buletin.de\/bucuresti\/#organization"},"image":{"@id":"https:\/\/buletin.de\/bucuresti\/investitii-de-218-milioane-de-lei-pentru-liniile-de-tramvai-de-pe-patru-bulevarde-din-bucuresti\/#primaryimage"},"thumbnailUrl":"https:\/\/buletin.de\/bucuresti\/wp-content\/uploads\/296075217_596391908503894_7165895156766718776_n-1-1.jpg","keywords":["astra arad","bucuresti","bulevarde","nicusor dan","tramvai"],"articleSection":["\u0218tiri"],"inLanguage":"en-GB","copyrightYear":"2022","copyrightHolder":{"@id":"https:\/\/buletin.de\/bucuresti\/#organization"}},{"@type":"WebPage","@id":"https:\/\/buletin.de\/bucuresti\/investitii-de-218-milioane-de-lei-pentru-liniile-de-tramvai-de-pe-patru-bulevarde-din-bucuresti\/","url":"https:\/\/buletin.de\/bucuresti\/investitii-de-218-milioane-de-lei-pentru-liniile-de-tramvai-de-pe-patru-bulevarde-din-bucuresti\/","name":"Investi\u021bii de 218 milioane de lei pentru liniile de tramvai de pe patru bulevarde din Bucure\u0219ti - Buletin de Bucure\u0219ti","isPartOf":{"@id":"https:\/\/buletin.de\/bucuresti\/#website"},"primaryImageOfPage":{"@id":"https:\/\/buletin.de\/bucuresti\/investitii-de-218-milioane-de-lei-pentru-liniile-de-tramvai-de-pe-patru-bulevarde-din-bucuresti\/#primaryimage"},"image":{"@id":"https:\/\/buletin.de\/bucuresti\/investitii-de-218-milioane-de-lei-pentru-liniile-de-tramvai-de-pe-patru-bulevarde-din-bucuresti\/#primaryimage"},"thumbnailUrl":"https:\/\/buletin.de\/bucuresti\/wp-content\/uploads\/296075217_596391908503894_7165895156766718776_n-1-1.jpg","datePublished":"2022-07-29T14:29:39+00:00","dateModified":"2022-07-29T14:29:40+00:00","description":"Consilierii locali au votat cinci proiecte de hot\u0103r\u00e2re care propun modernizarea mai multor tronsoane din Bucure\u0219ti.","breadcrumb":{"@id":"https:\/\/buletin.de\/bucuresti\/investitii-de-218-milioane-de-lei-pentru-liniile-de-tramvai-de-pe-patru-bulevarde-din-bucuresti\/#breadcrumb"},"inLanguage":"en-GB","potentialAction":[{"@type":"ReadAction","target":["https:\/\/buletin.de\/bucuresti\/investitii-de-218-milioane-de-lei-pentru-liniile-de-tramvai-de-pe-patru-bulevarde-din-bucuresti\/"]}]},{"@type":"ImageObject","inLanguage":"en-GB","@id":"https:\/\/buletin.de\/bucuresti\/investitii-de-218-milioane-de-lei-pentru-liniile-de-tramvai-de-pe-patru-bulevarde-din-bucuresti\/#primaryimage","url":"https:\/\/buletin.de\/bucuresti\/wp-content\/uploads\/296075217_596391908503894_7165895156766718776_n-1-1.jpg","contentUrl":"https:\/\/buletin.de\/bucuresti\/wp-content\/uploads\/296075217_596391908503894_7165895156766718776_n-1-1.jpg","width":1600,"height":1066},{"@type":"BreadcrumbList","@id":"https:\/\/buletin.de\/bucuresti\/investitii-de-218-milioane-de-lei-pentru-liniile-de-tramvai-de-pe-patru-bulevarde-din-bucuresti\/#breadcrumb","itemListElement":[{"@type":"ListItem","position":1,"name":"Acas\u0103","item":"https:\/\/buletin.de\/bucuresti\/"},{"@type":"ListItem","position":2,"name":"Investi\u021bii de 218 milioane de lei pentru liniile de tramvai de pe patru bulevarde din Bucure\u0219ti"}]},{"@type":"WebSite","@id":"https:\/\/buletin.de\/bucuresti\/#website","url":"https:\/\/buletin.de\/bucuresti\/","name":"Buletin de Bucure\u0219ti","description":"\u0218tiri \u0219i investiga\u021bii esen\u021biale din capital\u0103","publisher":{"@id":"https:\/\/buletin.de\/bucuresti\/#organization"},"potentialAction":[{"@type":"SearchAction","target":{"@type":"EntryPoint","urlTemplate":"https:\/\/buletin.de\/bucuresti\/?s={search_term_string}"},"query-input":{"@type":"PropertyValueSpecification","valueRequired":true,"valueName":"search_term_string"}}],"inLanguage":"en-GB"},{"@type":"Organization","@id":"https:\/\/buletin.de\/bucuresti\/#organization","name":"Buletin de Bucure\u0219ti","url":"https:\/\/buletin.de\/bucuresti\/","logo":{"@type":"ImageObject","inLanguage":"en-GB","@id":"https:\/\/buletin.de\/bucuresti\/#\/schema\/logo\/image\/","url":"https:\/\/buletin.de\/bucuresti\/wp-content\/uploads\/logo-bdb-full-wide-vernil-transparent.png","contentUrl":"https:\/\/buletin.de\/bucuresti\/wp-content\/uploads\/logo-bdb-full-wide-vernil-transparent.png","width":1782,"height":626,"caption":"Buletin de Bucure\u0219ti"},"image":{"@id":"https:\/\/buletin.de\/bucuresti\/#\/schema\/logo\/image\/"},"sameAs":["https:\/\/www.facebook.com\/buletin.de.buc","https:\/\/www.instagram.com\/buletinde.bucuresti\/"]},{"@type":"Person","@id":"https:\/\/buletin.de\/bucuresti\/#\/schema\/person\/2305426a193cfbaadc0b30023ee5d01c","name":"Andra Mure\u0219an","image":{"@type":"ImageObject","inLanguage":"en-GB","@id":"https:\/\/secure.gravatar.com\/avatar\/0f89940de76acadc8ab9c36e6cec5b672fc84ab1bf1537562fa8584e29dfa8a5?s=96&d=monsterid&r=g30a40ed95e1c0fc67315c6f2c6fa871e","url":"https:\/\/secure.gravatar.com\/avatar\/0f89940de76acadc8ab9c36e6cec5b672fc84ab1bf1537562fa8584e29dfa8a5?s=96&d=monsterid&r=g","contentUrl":"https:\/\/secure.gravatar.com\/avatar\/0f89940de76acadc8ab9c36e6cec5b672fc84ab1bf1537562fa8584e29dfa8a5?s=96&d=monsterid&r=g","caption":"Andra Mure\u0219an"},"url":"https:\/\/buletin.de\/bucuresti\/author\/andra\/"}]}},"authors":[{"term_id":22603,"user_id":42,"is_guest":0,"slug":"andra","display_name":"Andra Mure\u0219an","avatar_url":"https:\/\/secure.gravatar.com\/avatar\/0f89940de76acadc8ab9c36e6cec5b672fc84ab1bf1537562fa8584e29dfa8a5?s=96&d=monsterid&r=g","0":null,"1":"","2":"","3":"","4":"","5":"","6":"","7":"","8":""}],"_links":{"self":[{"href":"https:\/\/buletin.de\/bucuresti\/wp-json\/wp\/v2\/posts\/45110","targetHints":{"allow":["GET"]}}],"collection":[{"href":"https:\/\/buletin.de\/bucuresti\/wp-json\/wp\/v2\/posts"}],"about":[{"href":"https:\/\/buletin.de\/bucuresti\/wp-json\/wp\/v2\/types\/post"}],"author":[{"embeddable":true,"href":"https:\/\/buletin.de\/bucuresti\/wp-json\/wp\/v2\/users\/42"}],"replies":[{"embeddable":true,"href":"https:\/\/buletin.de\/bucuresti\/wp-json\/wp\/v2\/comments?post=45110"}],"version-history":[{"count":3,"href":"https:\/\/buletin.de\/bucuresti\/wp-json\/wp\/v2\/posts\/45110\/revisions"}],"predecessor-version":[{"id":45115,"href":"https:\/\/buletin.de\/bucuresti\/wp-json\/wp\/v2\/posts\/45110\/revisions\/45115"}],"wp:featuredmedia":[{"embeddable":true,"href":"https:\/\/buletin.de\/bucuresti\/wp-json\/wp\/v2\/media\/45112"}],"wp:attachment":[{"href":"https:\/\/buletin.de\/bucuresti\/wp-json\/wp\/v2\/media?parent=45110"}],"wp:term":[{"taxonomy":"category","embeddable":true,"href":"https:\/\/buletin.de\/bucuresti\/wp-json\/wp\/v2\/categories?post=45110"},{"taxonomy":"post_tag","embeddable":true,"href":"https:\/\/buletin.de\/bucuresti\/wp-json\/wp\/v2\/tags?post=45110"},{"taxonomy":"author","embeddable":true,"href":"https:\/\/buletin.de\/bucuresti\/wp-json\/wp\/v2\/ppma_author?post=45110"}],"curies":[{"name":"wp","href":"https:\/\/api.w.org\/{rel}","templated":true}]}}