{"id":45094,"date":"2022-07-28T20:40:21","date_gmt":"2022-07-28T18:40:21","guid":{"rendered":"https:\/\/buletin.de\/bucuresti\/?p=45094"},"modified":"2022-07-28T20:42:52","modified_gmt":"2022-07-28T18:42:52","slug":"traseul-liniei-de-tramvai-32-va-fi-modificat-temporar","status":"publish","type":"post","link":"https:\/\/buletin.de\/bucuresti\/traseul-liniei-de-tramvai-32-va-fi-modificat-temporar\/","title":{"rendered":"Traseul liniei de tramvai 32 va fi modificat temporar"},"content":{"rendered":"\n<p>Circula\u021bia tramvaielor va fi suspendat\u0103 din 29 iulie 2022 pe \u0218oseaua Alexandriei din cauza unor repara\u021bii la re\u021beaua Apa Nova, ap\u0103rute \u00een zona c\u0103ii de rulare. Va exista o nou\u0103 linie navet\u0103 de autobuz pentru traseul Depoul Alexandria \u0219i Calea Ferentari, potrivit unei inform\u0103ri din partea STB.<\/p>\n\n\n\n<p>Modific\u0103rile ap\u0103rute sunt temporare, p\u00e2n\u0103 la remedierea deficien\u021belor.&nbsp;<\/p>\n\n\n\n<p>\u201eTramvaiele liniei 32 vor circula pe traseul de baz\u0103 \u00eentre terminalul \u201ePia\u021ba Unirii\u201d \u0219i intersec\u021bia Calea Rahovei\/Str. Mihail Sebastian, apoi pe un traseu modificat, pe Calea Ferentari, Prelungirea Ferentari, terminal \u201eZe\u021barilor\u201d (pe traseul liniei 23)\u201d, se explic\u0103 \u00een comunicat.<\/p>\n\n\n\n<p>Referitor la autobuzul 632, va func\u021biona pe traseul: Depoul Alexandria, \u0218os. Alexandriei, Calea Rahovei, \u0218os. Progresului, cu \u00eentoarcere pe \u0218os. Progresului, Str. N\u0103s\u0103ud, Calea Ferentari, Calea Rahovei, \u0218os. Alexandriei, Depoul Alexandria.<\/p>\n\n\n\n<p>Termenul pentru lucr\u0103rile la re\u021beaua termic\u0103 de pe \u0218oseaua Alexandriei a fost prelungit p\u00e2n\u0103 pe data de 2 septembrie. Repara\u021biile sunt f\u0103cute de firma Clay Work Bucharest SRL \u0219i pentru realizarea lor 140 de blocuri au r\u0103mas f\u0103r\u0103 ap\u0103 cald\u0103, dup\u0103 cum au comunicat cei de la Compania Municipal\u0103 Termoenergetica Bucure\u0219ti (CMTEB).<\/p>\n\n\n\n<p>Surs\u0103 foto cover: Facebook STB<\/p>\n","protected":false},"excerpt":{"rendered":"<p>Circula\u021bia tramvaielor va fi suspendat\u0103 din 29 iulie 2022 pe \u0218oseaua Alexandriei din cauza unor repara\u021bii la re\u021beaua Apa Nova, ap\u0103rute \u00een zona c\u0103ii de rulare. Va exista o nou\u0103 linie navet\u0103 de autobuz pentru traseul Depoul Alexandria \u0219i Calea Ferentari, potrivit unei inform\u0103ri din partea STB. Modific\u0103rile ap\u0103rute sunt temporare, p\u00e2n\u0103 la remedierea deficien\u021belor.&nbsp; [&hellip;]<\/p>\n","protected":false},"author":42,"featured_media":45095,"comment_status":"closed","ping_status":"open","sticky":false,"template":"","format":"standard","meta":{"_acf_changed":false,"inline_featured_image":false,"ngg_post_thumbnail":0,"footnotes":""},"categories":[62],"tags":[],"ppma_author":[22603],"class_list":["post-45094","post","type-post","status-publish","format-standard","has-post-thumbnail","hentry","category-stiri"],"acf":[],"yoast_head":"<!-- This site is optimized with the Yoast SEO Premium plugin v25.3 (Yoast SEO v27.5) - https:\/\/yoast.com\/product\/yoast-seo-premium-wordpress\/ -->\n<title>Traseul liniei de tramvai 32 va fi modificat temporar - Buletin de Bucure\u0219ti<\/title>\n<meta name=\"description\" content=\"Circula\u021bia va fi suspendat\u0103 din 29 iulie 2022 pe \u0218oseaua Alexandriei din cauza unor repara\u021bii la re\u021beaua Apa Nova, ap\u0103rute \u00een zona c\u0103ii de rulare a tramvaielor.\" \/>\n<meta name=\"robots\" content=\"index, follow, max-snippet:-1, max-image-preview:large, max-video-preview:-1\" \/>\n<link rel=\"canonical\" href=\"https:\/\/buletin.de\/bucuresti\/traseul-liniei-de-tramvai-32-va-fi-modificat-temporar\/\" \/>\n<meta property=\"og:locale\" content=\"en_GB\" \/>\n<meta property=\"og:type\" content=\"article\" \/>\n<meta property=\"og:title\" content=\"Traseul liniei de tramvai 32 va fi modificat temporar\" \/>\n<meta property=\"og:description\" content=\"Circula\u021bia va fi suspendat\u0103 din 29 iulie 2022 pe \u0218oseaua Alexandriei din cauza unor repara\u021bii la re\u021beaua Apa Nova, ap\u0103rute \u00een zona c\u0103ii de rulare a tramvaielor.\" \/>\n<meta property=\"og:url\" content=\"https:\/\/buletin.de\/bucuresti\/traseul-liniei-de-tramvai-32-va-fi-modificat-temporar\/\" \/>\n<meta property=\"og:site_name\" content=\"Buletin de Bucure\u0219ti\" \/>\n<meta property=\"article:publisher\" content=\"https:\/\/www.facebook.com\/buletin.de.buc\" \/>\n<meta property=\"article:published_time\" content=\"2022-07-28T18:40:21+00:00\" \/>\n<meta property=\"article:modified_time\" content=\"2022-07-28T18:42:52+00:00\" \/>\n<meta property=\"og:image\" content=\"https:\/\/buletin.de\/bucuresti\/wp-content\/uploads\/296291714_450341567104467_7300140591389206984_n-1.jpg\" \/>\n\t<meta property=\"og:image:width\" content=\"985\" \/>\n\t<meta property=\"og:image:height\" content=\"1150\" \/>\n\t<meta property=\"og:image:type\" content=\"image\/jpeg\" \/>\n<meta name=\"author\" content=\"Andra Mure\u0219an\" \/>\n<meta name=\"twitter:card\" content=\"summary_large_image\" \/>\n<meta name=\"twitter:label1\" content=\"Written by\" \/>\n\t<meta name=\"twitter:data1\" content=\"Andra Mure\u0219an\" \/>\n\t<meta name=\"twitter:label2\" content=\"Estimated reading time\" \/>\n\t<meta name=\"twitter:data2\" content=\"1 minute\" \/>\n<script type=\"application\/ld+json\" class=\"yoast-schema-graph\">{\"@context\":\"https:\\\/\\\/schema.org\",\"@graph\":[{\"@type\":\"Article\",\"@id\":\"https:\\\/\\\/buletin.de\\\/bucuresti\\\/traseul-liniei-de-tramvai-32-va-fi-modificat-temporar\\\/#article\",\"isPartOf\":{\"@id\":\"https:\\\/\\\/buletin.de\\\/bucuresti\\\/traseul-liniei-de-tramvai-32-va-fi-modificat-temporar\\\/\"},\"author\":{\"name\":\"Andra Mure\u0219an\",\"@id\":\"https:\\\/\\\/buletin.de\\\/bucuresti\\\/#\\\/schema\\\/person\\\/2305426a193cfbaadc0b30023ee5d01c\"},\"headline\":\"Traseul liniei de tramvai 32 va fi modificat temporar\",\"datePublished\":\"2022-07-28T18:40:21+00:00\",\"dateModified\":\"2022-07-28T18:42:52+00:00\",\"mainEntityOfPage\":{\"@id\":\"https:\\\/\\\/buletin.de\\\/bucuresti\\\/traseul-liniei-de-tramvai-32-va-fi-modificat-temporar\\\/\"},\"wordCount\":209,\"publisher\":{\"@id\":\"https:\\\/\\\/buletin.de\\\/bucuresti\\\/#organization\"},\"image\":{\"@id\":\"https:\\\/\\\/buletin.de\\\/bucuresti\\\/traseul-liniei-de-tramvai-32-va-fi-modificat-temporar\\\/#primaryimage\"},\"thumbnailUrl\":\"https:\\\/\\\/buletin.de\\\/bucuresti\\\/wp-content\\\/uploads\\\/296291714_450341567104467_7300140591389206984_n-1.jpg\",\"articleSection\":[\"\u0218tiri\"],\"inLanguage\":\"en-GB\",\"copyrightYear\":\"2022\",\"copyrightHolder\":{\"@id\":\"https:\\\/\\\/buletin.de\\\/bucuresti\\\/#organization\"}},{\"@type\":\"WebPage\",\"@id\":\"https:\\\/\\\/buletin.de\\\/bucuresti\\\/traseul-liniei-de-tramvai-32-va-fi-modificat-temporar\\\/\",\"url\":\"https:\\\/\\\/buletin.de\\\/bucuresti\\\/traseul-liniei-de-tramvai-32-va-fi-modificat-temporar\\\/\",\"name\":\"Traseul liniei de tramvai 32 va fi modificat temporar - Buletin de Bucure\u0219ti\",\"isPartOf\":{\"@id\":\"https:\\\/\\\/buletin.de\\\/bucuresti\\\/#website\"},\"primaryImageOfPage\":{\"@id\":\"https:\\\/\\\/buletin.de\\\/bucuresti\\\/traseul-liniei-de-tramvai-32-va-fi-modificat-temporar\\\/#primaryimage\"},\"image\":{\"@id\":\"https:\\\/\\\/buletin.de\\\/bucuresti\\\/traseul-liniei-de-tramvai-32-va-fi-modificat-temporar\\\/#primaryimage\"},\"thumbnailUrl\":\"https:\\\/\\\/buletin.de\\\/bucuresti\\\/wp-content\\\/uploads\\\/296291714_450341567104467_7300140591389206984_n-1.jpg\",\"datePublished\":\"2022-07-28T18:40:21+00:00\",\"dateModified\":\"2022-07-28T18:42:52+00:00\",\"description\":\"Circula\u021bia va fi suspendat\u0103 din 29 iulie 2022 pe \u0218oseaua Alexandriei din cauza unor repara\u021bii la re\u021beaua Apa Nova, ap\u0103rute \u00een zona c\u0103ii de rulare a tramvaielor.\",\"breadcrumb\":{\"@id\":\"https:\\\/\\\/buletin.de\\\/bucuresti\\\/traseul-liniei-de-tramvai-32-va-fi-modificat-temporar\\\/#breadcrumb\"},\"inLanguage\":\"en-GB\",\"potentialAction\":[{\"@type\":\"ReadAction\",\"target\":[\"https:\\\/\\\/buletin.de\\\/bucuresti\\\/traseul-liniei-de-tramvai-32-va-fi-modificat-temporar\\\/\"]}]},{\"@type\":\"ImageObject\",\"inLanguage\":\"en-GB\",\"@id\":\"https:\\\/\\\/buletin.de\\\/bucuresti\\\/traseul-liniei-de-tramvai-32-va-fi-modificat-temporar\\\/#primaryimage\",\"url\":\"https:\\\/\\\/buletin.de\\\/bucuresti\\\/wp-content\\\/uploads\\\/296291714_450341567104467_7300140591389206984_n-1.jpg\",\"contentUrl\":\"https:\\\/\\\/buletin.de\\\/bucuresti\\\/wp-content\\\/uploads\\\/296291714_450341567104467_7300140591389206984_n-1.jpg\",\"width\":985,\"height\":1150},{\"@type\":\"BreadcrumbList\",\"@id\":\"https:\\\/\\\/buletin.de\\\/bucuresti\\\/traseul-liniei-de-tramvai-32-va-fi-modificat-temporar\\\/#breadcrumb\",\"itemListElement\":[{\"@type\":\"ListItem\",\"position\":1,\"name\":\"Acas\u0103\",\"item\":\"https:\\\/\\\/buletin.de\\\/bucuresti\\\/\"},{\"@type\":\"ListItem\",\"position\":2,\"name\":\"Traseul liniei de tramvai 32 va fi modificat temporar\"}]},{\"@type\":\"WebSite\",\"@id\":\"https:\\\/\\\/buletin.de\\\/bucuresti\\\/#website\",\"url\":\"https:\\\/\\\/buletin.de\\\/bucuresti\\\/\",\"name\":\"Buletin de Bucure\u0219ti\",\"description\":\"\u0218tiri \u0219i investiga\u021bii esen\u021biale din capital\u0103\",\"publisher\":{\"@id\":\"https:\\\/\\\/buletin.de\\\/bucuresti\\\/#organization\"},\"potentialAction\":[{\"@type\":\"SearchAction\",\"target\":{\"@type\":\"EntryPoint\",\"urlTemplate\":\"https:\\\/\\\/buletin.de\\\/bucuresti\\\/?s={search_term_string}\"},\"query-input\":{\"@type\":\"PropertyValueSpecification\",\"valueRequired\":true,\"valueName\":\"search_term_string\"}}],\"inLanguage\":\"en-GB\"},{\"@type\":\"Organization\",\"@id\":\"https:\\\/\\\/buletin.de\\\/bucuresti\\\/#organization\",\"name\":\"Buletin de Bucure\u0219ti\",\"url\":\"https:\\\/\\\/buletin.de\\\/bucuresti\\\/\",\"logo\":{\"@type\":\"ImageObject\",\"inLanguage\":\"en-GB\",\"@id\":\"https:\\\/\\\/buletin.de\\\/bucuresti\\\/#\\\/schema\\\/logo\\\/image\\\/\",\"url\":\"https:\\\/\\\/buletin.de\\\/bucuresti\\\/wp-content\\\/uploads\\\/logo-bdb-full-wide-vernil-transparent.png\",\"contentUrl\":\"https:\\\/\\\/buletin.de\\\/bucuresti\\\/wp-content\\\/uploads\\\/logo-bdb-full-wide-vernil-transparent.png\",\"width\":1782,\"height\":626,\"caption\":\"Buletin de Bucure\u0219ti\"},\"image\":{\"@id\":\"https:\\\/\\\/buletin.de\\\/bucuresti\\\/#\\\/schema\\\/logo\\\/image\\\/\"},\"sameAs\":[\"https:\\\/\\\/www.facebook.com\\\/buletin.de.buc\",\"https:\\\/\\\/www.instagram.com\\\/buletinde.bucuresti\\\/\"]},{\"@type\":\"Person\",\"@id\":\"https:\\\/\\\/buletin.de\\\/bucuresti\\\/#\\\/schema\\\/person\\\/2305426a193cfbaadc0b30023ee5d01c\",\"name\":\"Andra Mure\u0219an\",\"image\":{\"@type\":\"ImageObject\",\"inLanguage\":\"en-GB\",\"@id\":\"https:\\\/\\\/secure.gravatar.com\\\/avatar\\\/0f89940de76acadc8ab9c36e6cec5b672fc84ab1bf1537562fa8584e29dfa8a5?s=96&d=monsterid&r=g30a40ed95e1c0fc67315c6f2c6fa871e\",\"url\":\"https:\\\/\\\/secure.gravatar.com\\\/avatar\\\/0f89940de76acadc8ab9c36e6cec5b672fc84ab1bf1537562fa8584e29dfa8a5?s=96&d=monsterid&r=g\",\"contentUrl\":\"https:\\\/\\\/secure.gravatar.com\\\/avatar\\\/0f89940de76acadc8ab9c36e6cec5b672fc84ab1bf1537562fa8584e29dfa8a5?s=96&d=monsterid&r=g\",\"caption\":\"Andra Mure\u0219an\"},\"url\":\"https:\\\/\\\/buletin.de\\\/bucuresti\\\/author\\\/andra\\\/\"}]}<\/script>\n<!-- \/ Yoast SEO Premium plugin. -->","yoast_head_json":{"title":"Traseul liniei de tramvai 32 va fi modificat temporar - Buletin de Bucure\u0219ti","description":"Circula\u021bia va fi suspendat\u0103 din 29 iulie 2022 pe \u0218oseaua Alexandriei din cauza unor repara\u021bii la re\u021beaua Apa Nova, ap\u0103rute \u00een zona c\u0103ii de rulare a tramvaielor.","robots":{"index":"index","follow":"follow","max-snippet":"max-snippet:-1","max-image-preview":"max-image-preview:large","max-video-preview":"max-video-preview:-1"},"canonical":"https:\/\/buletin.de\/bucuresti\/traseul-liniei-de-tramvai-32-va-fi-modificat-temporar\/","og_locale":"en_GB","og_type":"article","og_title":"Traseul liniei de tramvai 32 va fi modificat temporar","og_description":"Circula\u021bia va fi suspendat\u0103 din 29 iulie 2022 pe \u0218oseaua Alexandriei din cauza unor repara\u021bii la re\u021beaua Apa Nova, ap\u0103rute \u00een zona c\u0103ii de rulare a tramvaielor.","og_url":"https:\/\/buletin.de\/bucuresti\/traseul-liniei-de-tramvai-32-va-fi-modificat-temporar\/","og_site_name":"Buletin de Bucure\u0219ti","article_publisher":"https:\/\/www.facebook.com\/buletin.de.buc","article_published_time":"2022-07-28T18:40:21+00:00","article_modified_time":"2022-07-28T18:42:52+00:00","og_image":[{"width":985,"height":1150,"url":"https:\/\/buletin.de\/bucuresti\/wp-content\/uploads\/296291714_450341567104467_7300140591389206984_n-1.jpg","type":"image\/jpeg"}],"author":"Andra Mure\u0219an","twitter_card":"summary_large_image","twitter_misc":{"Written by":"Andra Mure\u0219an","Estimated reading time":"1 minute"},"schema":{"@context":"https:\/\/schema.org","@graph":[{"@type":"Article","@id":"https:\/\/buletin.de\/bucuresti\/traseul-liniei-de-tramvai-32-va-fi-modificat-temporar\/#article","isPartOf":{"@id":"https:\/\/buletin.de\/bucuresti\/traseul-liniei-de-tramvai-32-va-fi-modificat-temporar\/"},"author":{"name":"Andra Mure\u0219an","@id":"https:\/\/buletin.de\/bucuresti\/#\/schema\/person\/2305426a193cfbaadc0b30023ee5d01c"},"headline":"Traseul liniei de tramvai 32 va fi modificat temporar","datePublished":"2022-07-28T18:40:21+00:00","dateModified":"2022-07-28T18:42:52+00:00","mainEntityOfPage":{"@id":"https:\/\/buletin.de\/bucuresti\/traseul-liniei-de-tramvai-32-va-fi-modificat-temporar\/"},"wordCount":209,"publisher":{"@id":"https:\/\/buletin.de\/bucuresti\/#organization"},"image":{"@id":"https:\/\/buletin.de\/bucuresti\/traseul-liniei-de-tramvai-32-va-fi-modificat-temporar\/#primaryimage"},"thumbnailUrl":"https:\/\/buletin.de\/bucuresti\/wp-content\/uploads\/296291714_450341567104467_7300140591389206984_n-1.jpg","articleSection":["\u0218tiri"],"inLanguage":"en-GB","copyrightYear":"2022","copyrightHolder":{"@id":"https:\/\/buletin.de\/bucuresti\/#organization"}},{"@type":"WebPage","@id":"https:\/\/buletin.de\/bucuresti\/traseul-liniei-de-tramvai-32-va-fi-modificat-temporar\/","url":"https:\/\/buletin.de\/bucuresti\/traseul-liniei-de-tramvai-32-va-fi-modificat-temporar\/","name":"Traseul liniei de tramvai 32 va fi modificat temporar - Buletin de Bucure\u0219ti","isPartOf":{"@id":"https:\/\/buletin.de\/bucuresti\/#website"},"primaryImageOfPage":{"@id":"https:\/\/buletin.de\/bucuresti\/traseul-liniei-de-tramvai-32-va-fi-modificat-temporar\/#primaryimage"},"image":{"@id":"https:\/\/buletin.de\/bucuresti\/traseul-liniei-de-tramvai-32-va-fi-modificat-temporar\/#primaryimage"},"thumbnailUrl":"https:\/\/buletin.de\/bucuresti\/wp-content\/uploads\/296291714_450341567104467_7300140591389206984_n-1.jpg","datePublished":"2022-07-28T18:40:21+00:00","dateModified":"2022-07-28T18:42:52+00:00","description":"Circula\u021bia va fi suspendat\u0103 din 29 iulie 2022 pe \u0218oseaua Alexandriei din cauza unor repara\u021bii la re\u021beaua Apa Nova, ap\u0103rute \u00een zona c\u0103ii de rulare a tramvaielor.","breadcrumb":{"@id":"https:\/\/buletin.de\/bucuresti\/traseul-liniei-de-tramvai-32-va-fi-modificat-temporar\/#breadcrumb"},"inLanguage":"en-GB","potentialAction":[{"@type":"ReadAction","target":["https:\/\/buletin.de\/bucuresti\/traseul-liniei-de-tramvai-32-va-fi-modificat-temporar\/"]}]},{"@type":"ImageObject","inLanguage":"en-GB","@id":"https:\/\/buletin.de\/bucuresti\/traseul-liniei-de-tramvai-32-va-fi-modificat-temporar\/#primaryimage","url":"https:\/\/buletin.de\/bucuresti\/wp-content\/uploads\/296291714_450341567104467_7300140591389206984_n-1.jpg","contentUrl":"https:\/\/buletin.de\/bucuresti\/wp-content\/uploads\/296291714_450341567104467_7300140591389206984_n-1.jpg","width":985,"height":1150},{"@type":"BreadcrumbList","@id":"https:\/\/buletin.de\/bucuresti\/traseul-liniei-de-tramvai-32-va-fi-modificat-temporar\/#breadcrumb","itemListElement":[{"@type":"ListItem","position":1,"name":"Acas\u0103","item":"https:\/\/buletin.de\/bucuresti\/"},{"@type":"ListItem","position":2,"name":"Traseul liniei de tramvai 32 va fi modificat temporar"}]},{"@type":"WebSite","@id":"https:\/\/buletin.de\/bucuresti\/#website","url":"https:\/\/buletin.de\/bucuresti\/","name":"Buletin de Bucure\u0219ti","description":"\u0218tiri \u0219i investiga\u021bii esen\u021biale din capital\u0103","publisher":{"@id":"https:\/\/buletin.de\/bucuresti\/#organization"},"potentialAction":[{"@type":"SearchAction","target":{"@type":"EntryPoint","urlTemplate":"https:\/\/buletin.de\/bucuresti\/?s={search_term_string}"},"query-input":{"@type":"PropertyValueSpecification","valueRequired":true,"valueName":"search_term_string"}}],"inLanguage":"en-GB"},{"@type":"Organization","@id":"https:\/\/buletin.de\/bucuresti\/#organization","name":"Buletin de Bucure\u0219ti","url":"https:\/\/buletin.de\/bucuresti\/","logo":{"@type":"ImageObject","inLanguage":"en-GB","@id":"https:\/\/buletin.de\/bucuresti\/#\/schema\/logo\/image\/","url":"https:\/\/buletin.de\/bucuresti\/wp-content\/uploads\/logo-bdb-full-wide-vernil-transparent.png","contentUrl":"https:\/\/buletin.de\/bucuresti\/wp-content\/uploads\/logo-bdb-full-wide-vernil-transparent.png","width":1782,"height":626,"caption":"Buletin de Bucure\u0219ti"},"image":{"@id":"https:\/\/buletin.de\/bucuresti\/#\/schema\/logo\/image\/"},"sameAs":["https:\/\/www.facebook.com\/buletin.de.buc","https:\/\/www.instagram.com\/buletinde.bucuresti\/"]},{"@type":"Person","@id":"https:\/\/buletin.de\/bucuresti\/#\/schema\/person\/2305426a193cfbaadc0b30023ee5d01c","name":"Andra Mure\u0219an","image":{"@type":"ImageObject","inLanguage":"en-GB","@id":"https:\/\/secure.gravatar.com\/avatar\/0f89940de76acadc8ab9c36e6cec5b672fc84ab1bf1537562fa8584e29dfa8a5?s=96&d=monsterid&r=g30a40ed95e1c0fc67315c6f2c6fa871e","url":"https:\/\/secure.gravatar.com\/avatar\/0f89940de76acadc8ab9c36e6cec5b672fc84ab1bf1537562fa8584e29dfa8a5?s=96&d=monsterid&r=g","contentUrl":"https:\/\/secure.gravatar.com\/avatar\/0f89940de76acadc8ab9c36e6cec5b672fc84ab1bf1537562fa8584e29dfa8a5?s=96&d=monsterid&r=g","caption":"Andra Mure\u0219an"},"url":"https:\/\/buletin.de\/bucuresti\/author\/andra\/"}]}},"authors":[{"term_id":22603,"user_id":42,"is_guest":0,"slug":"andra","display_name":"Andra Mure\u0219an","avatar_url":"https:\/\/secure.gravatar.com\/avatar\/0f89940de76acadc8ab9c36e6cec5b672fc84ab1bf1537562fa8584e29dfa8a5?s=96&d=monsterid&r=g","0":null,"1":"","2":"","3":"","4":"","5":"","6":"","7":"","8":""}],"_links":{"self":[{"href":"https:\/\/buletin.de\/bucuresti\/wp-json\/wp\/v2\/posts\/45094","targetHints":{"allow":["GET"]}}],"collection":[{"href":"https:\/\/buletin.de\/bucuresti\/wp-json\/wp\/v2\/posts"}],"about":[{"href":"https:\/\/buletin.de\/bucuresti\/wp-json\/wp\/v2\/types\/post"}],"author":[{"embeddable":true,"href":"https:\/\/buletin.de\/bucuresti\/wp-json\/wp\/v2\/users\/42"}],"replies":[{"embeddable":true,"href":"https:\/\/buletin.de\/bucuresti\/wp-json\/wp\/v2\/comments?post=45094"}],"version-history":[{"count":3,"href":"https:\/\/buletin.de\/bucuresti\/wp-json\/wp\/v2\/posts\/45094\/revisions"}],"predecessor-version":[{"id":45100,"href":"https:\/\/buletin.de\/bucuresti\/wp-json\/wp\/v2\/posts\/45094\/revisions\/45100"}],"wp:featuredmedia":[{"embeddable":true,"href":"https:\/\/buletin.de\/bucuresti\/wp-json\/wp\/v2\/media\/45095"}],"wp:attachment":[{"href":"https:\/\/buletin.de\/bucuresti\/wp-json\/wp\/v2\/media?parent=45094"}],"wp:term":[{"taxonomy":"category","embeddable":true,"href":"https:\/\/buletin.de\/bucuresti\/wp-json\/wp\/v2\/categories?post=45094"},{"taxonomy":"post_tag","embeddable":true,"href":"https:\/\/buletin.de\/bucuresti\/wp-json\/wp\/v2\/tags?post=45094"},{"taxonomy":"author","embeddable":true,"href":"https:\/\/buletin.de\/bucuresti\/wp-json\/wp\/v2\/ppma_author?post=45094"}],"curies":[{"name":"wp","href":"https:\/\/api.w.org\/{rel}","templated":true}]}}