{"id":45026,"date":"2022-07-27T18:24:05","date_gmt":"2022-07-27T16:24:05","guid":{"rendered":"https:\/\/buletin.de\/bucuresti\/?p=45026"},"modified":"2022-07-27T18:24:05","modified_gmt":"2022-07-27T16:24:05","slug":"sedinta-cl-sector-2-sportivii-de-performanta-vor-fi-premiati","status":"publish","type":"post","link":"https:\/\/buletin.de\/bucuresti\/sedinta-cl-sector-2-sportivii-de-performanta-vor-fi-premiati\/","title":{"rendered":"\u0218edin\u021b\u0103 CL Sector 2: Sportivii de performan\u021b\u0103 vor fi premia\u021bi"},"content":{"rendered":"\n<p>Consilierii locali au votat un proiect de hot\u0103r\u00e2re prin care sportivii de performan\u021b\u0103 care \u00eenva\u021b\u0103 la \u0219colile din Sectorul 2 vor fi premia\u021bi \u00een bani. Banii vor veni de la bugetul local al Prim\u0103riei Sectorului 2, iar premiile vor \u00eencepe de la 5.000 lei, dup\u0103 cum se arat\u0103 \u00een proiect.<\/p>\n\n\n\n<p>Proiectul a trecut cu 24 de voturi \u00een \u0219edin\u021ba Consiliului Local, iar prevederile sale se aplic\u0103 \u0219i pentru performan\u021bele din anul curent. Consilierii au fost de acord cu proiectul, dar au ad\u0103ugat c\u0103, pe viitor, ar fi bine dac\u0103 ar exista astfel de ini\u021biative \u0219i pentru antrenori.<\/p>\n\n\n\n<p>Cu to\u021bii au fost de acord c\u0103 e nevoie s\u0103 fie sus\u021binu\u021bi \u0219i antrenorii, iar primarul Radu Mihaiu a spus c\u0103 e deschis la un proiect de acest gen.<\/p>\n\n\n\n<p>Premiile vor fi acordate sportivilor care sunt \u00eenscri\u0219i la \u0219colile din Sectorul 2 \u0219i ob\u021bin performan\u021be \u00een cadrul competi\u021biilor sportive interna\u021bionale europene, mondiale, olimpice, oficiale, potrivit proiectului de hot\u0103r\u00e2re. Se aplic\u0103 at\u00e2t juniorilor, c\u00e2t \u0219i seniorilor care ob\u021bin, individual sau pe echipe, locurile I, II sau III. Sportivul va fi premiat anual o singur\u0103 dat\u0103, indiferent de num\u0103rul de titluri ob\u021binute \u00eentr-un an. Se va \u021bine cont de titlul cel mai mare ob\u021binut.<\/p>\n\n\n\n<p>Pentru competi\u021biile sportive interna\u021bionale mondiale \u0219i olimpice, cu excep\u021bia celor europene, premiile vor fi acordate astfel:<\/p>\n\n\n\n<p>Pentru sportivii juniori <strong>locul I<\/strong> va primi suma de <strong>20.000 lei<\/strong>, <strong>locul II<\/strong> va primi suma de <strong>10.000 lei<\/strong>, iar <strong>locul III<\/strong> suma de <strong>5.000 lei<\/strong>.&nbsp;<\/p>\n\n\n\n<p>Sportivii seniori care ob\u021bin premii \u00een cadrul acelora\u0219i competi\u021bii vor primi pentru <strong>locul I<\/strong> &#8211;<\/p>\n\n\n\n<p><strong>&nbsp;35.000 lei<\/strong>, <strong>locul II<\/strong> &#8211; va primi <strong>15.000 lei<\/strong>, iar <strong>locul III &#8211; 10.000 lei<\/strong>.<\/p>\n\n\n\n<p>\u00cen cadrul competi\u021biilor europene sumele sunt mai mici. A\u0219adar, pentru <strong>locul I<\/strong> juniorii vor primi <strong>10.000 lei<\/strong>, pentru<strong> locul II &#8211; 5.000 lei<\/strong>, iar pentru <strong>locul III &#8211; 3.000 lei<\/strong>.&nbsp;<\/p>\n\n\n\n<p>Seniorii vor primi, pentru premiile c\u00e2\u0219tigate la competi\u021bii europene, <strong>20.000 lei<\/strong> cei de pe <strong>locul I<\/strong>, <strong>10.000 lei <\/strong>pentru<strong> locul II<\/strong> \u0219i <strong>5.000 lei<\/strong> pentru <strong>locul III<\/strong>.<\/p>\n\n\n\n<p>Numele sportivilor de performan\u021b\u0103 care ob\u021bin performan\u021be deosebite \u00een cadrul competi\u021biilor europene \u0219i mondiale va fi comunicat de c\u0103tre unitatea de \u00eenv\u0103\u021b\u0103m\u00e2nt unde este \u00eenscris elevul. \u0218coala trebuie s\u0103 trimit\u0103 o solicitare c\u0103tre Direc\u021bia General\u0103 pentru Administrarea Patrimoniului Imobiliar Sector 2, \u00eenso\u021bit\u0103 de dovada primirii premiului.<\/p>\n\n\n\n<p>Premierea sportivului se va face de c\u0103tre Primarul Sectorului 2 sau de c\u0103tre o persoana delegat\u0103 de acesta.<\/p>\n\n\n\n<p>Proiectul urm\u0103re\u0219te s\u0103 ofere un sprijin din partea autorit\u0103\u021bilor publice locale marilor sportivi ai \u021b\u0103rii. Astfel, se r\u0103spl\u0103te\u0219te efortul lor \u00een realizarea unor performan\u021be deosebite \u00een cadrul competi\u021biilor interna\u021bionale \u0219i europene \u0219i le ofer\u0103 motiva\u021bie pentru noi performan\u021be \u0219i noi recorduri, dup\u0103 cum arat\u0103 raportul de specialitate.<\/p>\n\n\n\n<p>Anul acesta, \u00eenot\u0103torul David Popovici a ob\u021binut recorduri mondiale de juniori la probele 100 m \u0219i 200 m liber. El \u00eenva\u021b\u0103 la Colegiul Na\u021bional Bilingv \u201eGeorge Co\u0219buc\u201d din Bucure\u0219ti, Sector 2.<\/p>\n\n\n\n<p>Surs\u0103 foto cover: Facebook FRNPM<\/p>\n","protected":false},"excerpt":{"rendered":"<p>Consilierii locali au votat un proiect de hot\u0103r\u00e2re prin care sportivii de performan\u021b\u0103 care \u00eenva\u021b\u0103 la \u0219colile din Sectorul 2 vor fi premia\u021bi \u00een bani. Banii vor veni de la bugetul local al Prim\u0103riei Sectorului 2, iar premiile vor \u00eencepe de la 5.000 lei, dup\u0103 cum se arat\u0103 \u00een proiect. Proiectul a trecut cu 24 [&hellip;]<\/p>\n","protected":false},"author":42,"featured_media":44174,"comment_status":"closed","ping_status":"open","sticky":false,"template":"","format":"standard","meta":{"_acf_changed":false,"inline_featured_image":false,"ngg_post_thumbnail":0,"footnotes":""},"categories":[62],"tags":[3253,4385,4386],"ppma_author":[22603],"class_list":["post-45026","post","type-post","status-publish","format-standard","has-post-thumbnail","hentry","category-stiri","tag-premii","tag-s2","tag-sportivi-de-performanta"],"acf":[],"yoast_head":"<!-- This site is optimized with the Yoast SEO Premium plugin v25.3 (Yoast SEO v27.5) - https:\/\/yoast.com\/product\/yoast-seo-premium-wordpress\/ -->\n<title>\u0218edin\u021b\u0103 CL Sector 2: Sportivii de performan\u021b\u0103 vor fi premia\u021bi - Buletin de Bucure\u0219ti<\/title>\n<meta name=\"description\" content=\"Consilierii locali au votat un proiect de hot\u0103r\u00e2re prin care sportivii de performan\u021b\u0103 care \u00eenva\u021b\u0103 la \u0219colile din Sectorul 2 vor fi premia\u021bi \u00een bani.\" \/>\n<meta name=\"robots\" content=\"index, follow, max-snippet:-1, max-image-preview:large, max-video-preview:-1\" \/>\n<link rel=\"canonical\" href=\"https:\/\/buletin.de\/bucuresti\/sedinta-cl-sector-2-sportivii-de-performanta-vor-fi-premiati\/\" \/>\n<meta property=\"og:locale\" content=\"en_GB\" \/>\n<meta property=\"og:type\" content=\"article\" \/>\n<meta property=\"og:title\" content=\"\u0218edin\u021b\u0103 CL Sector 2: Sportivii de performan\u021b\u0103 vor fi premia\u021bi\" \/>\n<meta property=\"og:description\" content=\"Consilierii locali au votat un proiect de hot\u0103r\u00e2re prin care sportivii de performan\u021b\u0103 care \u00eenva\u021b\u0103 la \u0219colile din Sectorul 2 vor fi premia\u021bi \u00een bani.\" \/>\n<meta property=\"og:url\" content=\"https:\/\/buletin.de\/bucuresti\/sedinta-cl-sector-2-sportivii-de-performanta-vor-fi-premiati\/\" \/>\n<meta property=\"og:site_name\" content=\"Buletin de Bucure\u0219ti\" \/>\n<meta property=\"article:publisher\" content=\"https:\/\/www.facebook.com\/buletin.de.buc\" \/>\n<meta property=\"article:published_time\" content=\"2022-07-27T16:24:05+00:00\" \/>\n<meta property=\"og:image\" content=\"https:\/\/buletin.de\/bucuresti\/wp-content\/uploads\/292121172_5205605149494038_5024064326023867894_n.jpg\" \/>\n\t<meta property=\"og:image:width\" content=\"1600\" \/>\n\t<meta property=\"og:image:height\" content=\"810\" \/>\n\t<meta property=\"og:image:type\" content=\"image\/jpeg\" \/>\n<meta name=\"author\" content=\"Andra Mure\u0219an\" \/>\n<meta name=\"twitter:card\" content=\"summary_large_image\" \/>\n<meta name=\"twitter:label1\" content=\"Written by\" \/>\n\t<meta name=\"twitter:data1\" content=\"Andra Mure\u0219an\" \/>\n\t<meta name=\"twitter:label2\" content=\"Estimated reading time\" \/>\n\t<meta name=\"twitter:data2\" content=\"3 minutes\" \/>\n<script type=\"application\/ld+json\" class=\"yoast-schema-graph\">{\"@context\":\"https:\\\/\\\/schema.org\",\"@graph\":[{\"@type\":\"Article\",\"@id\":\"https:\\\/\\\/buletin.de\\\/bucuresti\\\/sedinta-cl-sector-2-sportivii-de-performanta-vor-fi-premiati\\\/#article\",\"isPartOf\":{\"@id\":\"https:\\\/\\\/buletin.de\\\/bucuresti\\\/sedinta-cl-sector-2-sportivii-de-performanta-vor-fi-premiati\\\/\"},\"author\":{\"name\":\"Andra Mure\u0219an\",\"@id\":\"https:\\\/\\\/buletin.de\\\/bucuresti\\\/#\\\/schema\\\/person\\\/2305426a193cfbaadc0b30023ee5d01c\"},\"headline\":\"\u0218edin\u021b\u0103 CL Sector 2: Sportivii de performan\u021b\u0103 vor fi premia\u021bi\",\"datePublished\":\"2022-07-27T16:24:05+00:00\",\"mainEntityOfPage\":{\"@id\":\"https:\\\/\\\/buletin.de\\\/bucuresti\\\/sedinta-cl-sector-2-sportivii-de-performanta-vor-fi-premiati\\\/\"},\"wordCount\":527,\"publisher\":{\"@id\":\"https:\\\/\\\/buletin.de\\\/bucuresti\\\/#organization\"},\"image\":{\"@id\":\"https:\\\/\\\/buletin.de\\\/bucuresti\\\/sedinta-cl-sector-2-sportivii-de-performanta-vor-fi-premiati\\\/#primaryimage\"},\"thumbnailUrl\":\"https:\\\/\\\/buletin.de\\\/bucuresti\\\/wp-content\\\/uploads\\\/292121172_5205605149494038_5024064326023867894_n.jpg\",\"keywords\":[\"premii\",\"S2\",\"sportivi de performan\u021b\u0103\"],\"articleSection\":[\"\u0218tiri\"],\"inLanguage\":\"en-GB\",\"copyrightYear\":\"2022\",\"copyrightHolder\":{\"@id\":\"https:\\\/\\\/buletin.de\\\/bucuresti\\\/#organization\"}},{\"@type\":\"WebPage\",\"@id\":\"https:\\\/\\\/buletin.de\\\/bucuresti\\\/sedinta-cl-sector-2-sportivii-de-performanta-vor-fi-premiati\\\/\",\"url\":\"https:\\\/\\\/buletin.de\\\/bucuresti\\\/sedinta-cl-sector-2-sportivii-de-performanta-vor-fi-premiati\\\/\",\"name\":\"\u0218edin\u021b\u0103 CL Sector 2: Sportivii de performan\u021b\u0103 vor fi premia\u021bi - Buletin de Bucure\u0219ti\",\"isPartOf\":{\"@id\":\"https:\\\/\\\/buletin.de\\\/bucuresti\\\/#website\"},\"primaryImageOfPage\":{\"@id\":\"https:\\\/\\\/buletin.de\\\/bucuresti\\\/sedinta-cl-sector-2-sportivii-de-performanta-vor-fi-premiati\\\/#primaryimage\"},\"image\":{\"@id\":\"https:\\\/\\\/buletin.de\\\/bucuresti\\\/sedinta-cl-sector-2-sportivii-de-performanta-vor-fi-premiati\\\/#primaryimage\"},\"thumbnailUrl\":\"https:\\\/\\\/buletin.de\\\/bucuresti\\\/wp-content\\\/uploads\\\/292121172_5205605149494038_5024064326023867894_n.jpg\",\"datePublished\":\"2022-07-27T16:24:05+00:00\",\"description\":\"Consilierii locali au votat un proiect de hot\u0103r\u00e2re prin care sportivii de performan\u021b\u0103 care \u00eenva\u021b\u0103 la \u0219colile din Sectorul 2 vor fi premia\u021bi \u00een bani.\",\"breadcrumb\":{\"@id\":\"https:\\\/\\\/buletin.de\\\/bucuresti\\\/sedinta-cl-sector-2-sportivii-de-performanta-vor-fi-premiati\\\/#breadcrumb\"},\"inLanguage\":\"en-GB\",\"potentialAction\":[{\"@type\":\"ReadAction\",\"target\":[\"https:\\\/\\\/buletin.de\\\/bucuresti\\\/sedinta-cl-sector-2-sportivii-de-performanta-vor-fi-premiati\\\/\"]}]},{\"@type\":\"ImageObject\",\"inLanguage\":\"en-GB\",\"@id\":\"https:\\\/\\\/buletin.de\\\/bucuresti\\\/sedinta-cl-sector-2-sportivii-de-performanta-vor-fi-premiati\\\/#primaryimage\",\"url\":\"https:\\\/\\\/buletin.de\\\/bucuresti\\\/wp-content\\\/uploads\\\/292121172_5205605149494038_5024064326023867894_n.jpg\",\"contentUrl\":\"https:\\\/\\\/buletin.de\\\/bucuresti\\\/wp-content\\\/uploads\\\/292121172_5205605149494038_5024064326023867894_n.jpg\",\"width\":1600,\"height\":810},{\"@type\":\"BreadcrumbList\",\"@id\":\"https:\\\/\\\/buletin.de\\\/bucuresti\\\/sedinta-cl-sector-2-sportivii-de-performanta-vor-fi-premiati\\\/#breadcrumb\",\"itemListElement\":[{\"@type\":\"ListItem\",\"position\":1,\"name\":\"Acas\u0103\",\"item\":\"https:\\\/\\\/buletin.de\\\/bucuresti\\\/\"},{\"@type\":\"ListItem\",\"position\":2,\"name\":\"\u0218edin\u021b\u0103 CL Sector 2: Sportivii de performan\u021b\u0103 vor fi premia\u021bi\"}]},{\"@type\":\"WebSite\",\"@id\":\"https:\\\/\\\/buletin.de\\\/bucuresti\\\/#website\",\"url\":\"https:\\\/\\\/buletin.de\\\/bucuresti\\\/\",\"name\":\"Buletin de Bucure\u0219ti\",\"description\":\"\u0218tiri \u0219i investiga\u021bii esen\u021biale din capital\u0103\",\"publisher\":{\"@id\":\"https:\\\/\\\/buletin.de\\\/bucuresti\\\/#organization\"},\"potentialAction\":[{\"@type\":\"SearchAction\",\"target\":{\"@type\":\"EntryPoint\",\"urlTemplate\":\"https:\\\/\\\/buletin.de\\\/bucuresti\\\/?s={search_term_string}\"},\"query-input\":{\"@type\":\"PropertyValueSpecification\",\"valueRequired\":true,\"valueName\":\"search_term_string\"}}],\"inLanguage\":\"en-GB\"},{\"@type\":\"Organization\",\"@id\":\"https:\\\/\\\/buletin.de\\\/bucuresti\\\/#organization\",\"name\":\"Buletin de Bucure\u0219ti\",\"url\":\"https:\\\/\\\/buletin.de\\\/bucuresti\\\/\",\"logo\":{\"@type\":\"ImageObject\",\"inLanguage\":\"en-GB\",\"@id\":\"https:\\\/\\\/buletin.de\\\/bucuresti\\\/#\\\/schema\\\/logo\\\/image\\\/\",\"url\":\"https:\\\/\\\/buletin.de\\\/bucuresti\\\/wp-content\\\/uploads\\\/logo-bdb-full-wide-vernil-transparent.png\",\"contentUrl\":\"https:\\\/\\\/buletin.de\\\/bucuresti\\\/wp-content\\\/uploads\\\/logo-bdb-full-wide-vernil-transparent.png\",\"width\":1782,\"height\":626,\"caption\":\"Buletin de Bucure\u0219ti\"},\"image\":{\"@id\":\"https:\\\/\\\/buletin.de\\\/bucuresti\\\/#\\\/schema\\\/logo\\\/image\\\/\"},\"sameAs\":[\"https:\\\/\\\/www.facebook.com\\\/buletin.de.buc\",\"https:\\\/\\\/www.instagram.com\\\/buletinde.bucuresti\\\/\"]},{\"@type\":\"Person\",\"@id\":\"https:\\\/\\\/buletin.de\\\/bucuresti\\\/#\\\/schema\\\/person\\\/2305426a193cfbaadc0b30023ee5d01c\",\"name\":\"Andra Mure\u0219an\",\"image\":{\"@type\":\"ImageObject\",\"inLanguage\":\"en-GB\",\"@id\":\"https:\\\/\\\/secure.gravatar.com\\\/avatar\\\/0f89940de76acadc8ab9c36e6cec5b672fc84ab1bf1537562fa8584e29dfa8a5?s=96&d=monsterid&r=g30a40ed95e1c0fc67315c6f2c6fa871e\",\"url\":\"https:\\\/\\\/secure.gravatar.com\\\/avatar\\\/0f89940de76acadc8ab9c36e6cec5b672fc84ab1bf1537562fa8584e29dfa8a5?s=96&d=monsterid&r=g\",\"contentUrl\":\"https:\\\/\\\/secure.gravatar.com\\\/avatar\\\/0f89940de76acadc8ab9c36e6cec5b672fc84ab1bf1537562fa8584e29dfa8a5?s=96&d=monsterid&r=g\",\"caption\":\"Andra Mure\u0219an\"},\"url\":\"https:\\\/\\\/buletin.de\\\/bucuresti\\\/author\\\/andra\\\/\"}]}<\/script>\n<!-- \/ Yoast SEO Premium plugin. -->","yoast_head_json":{"title":"\u0218edin\u021b\u0103 CL Sector 2: Sportivii de performan\u021b\u0103 vor fi premia\u021bi - Buletin de Bucure\u0219ti","description":"Consilierii locali au votat un proiect de hot\u0103r\u00e2re prin care sportivii de performan\u021b\u0103 care \u00eenva\u021b\u0103 la \u0219colile din Sectorul 2 vor fi premia\u021bi \u00een bani.","robots":{"index":"index","follow":"follow","max-snippet":"max-snippet:-1","max-image-preview":"max-image-preview:large","max-video-preview":"max-video-preview:-1"},"canonical":"https:\/\/buletin.de\/bucuresti\/sedinta-cl-sector-2-sportivii-de-performanta-vor-fi-premiati\/","og_locale":"en_GB","og_type":"article","og_title":"\u0218edin\u021b\u0103 CL Sector 2: Sportivii de performan\u021b\u0103 vor fi premia\u021bi","og_description":"Consilierii locali au votat un proiect de hot\u0103r\u00e2re prin care sportivii de performan\u021b\u0103 care \u00eenva\u021b\u0103 la \u0219colile din Sectorul 2 vor fi premia\u021bi \u00een bani.","og_url":"https:\/\/buletin.de\/bucuresti\/sedinta-cl-sector-2-sportivii-de-performanta-vor-fi-premiati\/","og_site_name":"Buletin de Bucure\u0219ti","article_publisher":"https:\/\/www.facebook.com\/buletin.de.buc","article_published_time":"2022-07-27T16:24:05+00:00","og_image":[{"width":1600,"height":810,"url":"https:\/\/buletin.de\/bucuresti\/wp-content\/uploads\/292121172_5205605149494038_5024064326023867894_n.jpg","type":"image\/jpeg"}],"author":"Andra Mure\u0219an","twitter_card":"summary_large_image","twitter_misc":{"Written by":"Andra Mure\u0219an","Estimated reading time":"3 minutes"},"schema":{"@context":"https:\/\/schema.org","@graph":[{"@type":"Article","@id":"https:\/\/buletin.de\/bucuresti\/sedinta-cl-sector-2-sportivii-de-performanta-vor-fi-premiati\/#article","isPartOf":{"@id":"https:\/\/buletin.de\/bucuresti\/sedinta-cl-sector-2-sportivii-de-performanta-vor-fi-premiati\/"},"author":{"name":"Andra Mure\u0219an","@id":"https:\/\/buletin.de\/bucuresti\/#\/schema\/person\/2305426a193cfbaadc0b30023ee5d01c"},"headline":"\u0218edin\u021b\u0103 CL Sector 2: Sportivii de performan\u021b\u0103 vor fi premia\u021bi","datePublished":"2022-07-27T16:24:05+00:00","mainEntityOfPage":{"@id":"https:\/\/buletin.de\/bucuresti\/sedinta-cl-sector-2-sportivii-de-performanta-vor-fi-premiati\/"},"wordCount":527,"publisher":{"@id":"https:\/\/buletin.de\/bucuresti\/#organization"},"image":{"@id":"https:\/\/buletin.de\/bucuresti\/sedinta-cl-sector-2-sportivii-de-performanta-vor-fi-premiati\/#primaryimage"},"thumbnailUrl":"https:\/\/buletin.de\/bucuresti\/wp-content\/uploads\/292121172_5205605149494038_5024064326023867894_n.jpg","keywords":["premii","S2","sportivi de performan\u021b\u0103"],"articleSection":["\u0218tiri"],"inLanguage":"en-GB","copyrightYear":"2022","copyrightHolder":{"@id":"https:\/\/buletin.de\/bucuresti\/#organization"}},{"@type":"WebPage","@id":"https:\/\/buletin.de\/bucuresti\/sedinta-cl-sector-2-sportivii-de-performanta-vor-fi-premiati\/","url":"https:\/\/buletin.de\/bucuresti\/sedinta-cl-sector-2-sportivii-de-performanta-vor-fi-premiati\/","name":"\u0218edin\u021b\u0103 CL Sector 2: Sportivii de performan\u021b\u0103 vor fi premia\u021bi - Buletin de Bucure\u0219ti","isPartOf":{"@id":"https:\/\/buletin.de\/bucuresti\/#website"},"primaryImageOfPage":{"@id":"https:\/\/buletin.de\/bucuresti\/sedinta-cl-sector-2-sportivii-de-performanta-vor-fi-premiati\/#primaryimage"},"image":{"@id":"https:\/\/buletin.de\/bucuresti\/sedinta-cl-sector-2-sportivii-de-performanta-vor-fi-premiati\/#primaryimage"},"thumbnailUrl":"https:\/\/buletin.de\/bucuresti\/wp-content\/uploads\/292121172_5205605149494038_5024064326023867894_n.jpg","datePublished":"2022-07-27T16:24:05+00:00","description":"Consilierii locali au votat un proiect de hot\u0103r\u00e2re prin care sportivii de performan\u021b\u0103 care \u00eenva\u021b\u0103 la \u0219colile din Sectorul 2 vor fi premia\u021bi \u00een bani.","breadcrumb":{"@id":"https:\/\/buletin.de\/bucuresti\/sedinta-cl-sector-2-sportivii-de-performanta-vor-fi-premiati\/#breadcrumb"},"inLanguage":"en-GB","potentialAction":[{"@type":"ReadAction","target":["https:\/\/buletin.de\/bucuresti\/sedinta-cl-sector-2-sportivii-de-performanta-vor-fi-premiati\/"]}]},{"@type":"ImageObject","inLanguage":"en-GB","@id":"https:\/\/buletin.de\/bucuresti\/sedinta-cl-sector-2-sportivii-de-performanta-vor-fi-premiati\/#primaryimage","url":"https:\/\/buletin.de\/bucuresti\/wp-content\/uploads\/292121172_5205605149494038_5024064326023867894_n.jpg","contentUrl":"https:\/\/buletin.de\/bucuresti\/wp-content\/uploads\/292121172_5205605149494038_5024064326023867894_n.jpg","width":1600,"height":810},{"@type":"BreadcrumbList","@id":"https:\/\/buletin.de\/bucuresti\/sedinta-cl-sector-2-sportivii-de-performanta-vor-fi-premiati\/#breadcrumb","itemListElement":[{"@type":"ListItem","position":1,"name":"Acas\u0103","item":"https:\/\/buletin.de\/bucuresti\/"},{"@type":"ListItem","position":2,"name":"\u0218edin\u021b\u0103 CL Sector 2: Sportivii de performan\u021b\u0103 vor fi premia\u021bi"}]},{"@type":"WebSite","@id":"https:\/\/buletin.de\/bucuresti\/#website","url":"https:\/\/buletin.de\/bucuresti\/","name":"Buletin de Bucure\u0219ti","description":"\u0218tiri \u0219i investiga\u021bii esen\u021biale din capital\u0103","publisher":{"@id":"https:\/\/buletin.de\/bucuresti\/#organization"},"potentialAction":[{"@type":"SearchAction","target":{"@type":"EntryPoint","urlTemplate":"https:\/\/buletin.de\/bucuresti\/?s={search_term_string}"},"query-input":{"@type":"PropertyValueSpecification","valueRequired":true,"valueName":"search_term_string"}}],"inLanguage":"en-GB"},{"@type":"Organization","@id":"https:\/\/buletin.de\/bucuresti\/#organization","name":"Buletin de Bucure\u0219ti","url":"https:\/\/buletin.de\/bucuresti\/","logo":{"@type":"ImageObject","inLanguage":"en-GB","@id":"https:\/\/buletin.de\/bucuresti\/#\/schema\/logo\/image\/","url":"https:\/\/buletin.de\/bucuresti\/wp-content\/uploads\/logo-bdb-full-wide-vernil-transparent.png","contentUrl":"https:\/\/buletin.de\/bucuresti\/wp-content\/uploads\/logo-bdb-full-wide-vernil-transparent.png","width":1782,"height":626,"caption":"Buletin de Bucure\u0219ti"},"image":{"@id":"https:\/\/buletin.de\/bucuresti\/#\/schema\/logo\/image\/"},"sameAs":["https:\/\/www.facebook.com\/buletin.de.buc","https:\/\/www.instagram.com\/buletinde.bucuresti\/"]},{"@type":"Person","@id":"https:\/\/buletin.de\/bucuresti\/#\/schema\/person\/2305426a193cfbaadc0b30023ee5d01c","name":"Andra Mure\u0219an","image":{"@type":"ImageObject","inLanguage":"en-GB","@id":"https:\/\/secure.gravatar.com\/avatar\/0f89940de76acadc8ab9c36e6cec5b672fc84ab1bf1537562fa8584e29dfa8a5?s=96&d=monsterid&r=g30a40ed95e1c0fc67315c6f2c6fa871e","url":"https:\/\/secure.gravatar.com\/avatar\/0f89940de76acadc8ab9c36e6cec5b672fc84ab1bf1537562fa8584e29dfa8a5?s=96&d=monsterid&r=g","contentUrl":"https:\/\/secure.gravatar.com\/avatar\/0f89940de76acadc8ab9c36e6cec5b672fc84ab1bf1537562fa8584e29dfa8a5?s=96&d=monsterid&r=g","caption":"Andra Mure\u0219an"},"url":"https:\/\/buletin.de\/bucuresti\/author\/andra\/"}]}},"authors":[{"term_id":22603,"user_id":42,"is_guest":0,"slug":"andra","display_name":"Andra Mure\u0219an","avatar_url":"https:\/\/secure.gravatar.com\/avatar\/0f89940de76acadc8ab9c36e6cec5b672fc84ab1bf1537562fa8584e29dfa8a5?s=96&d=monsterid&r=g","0":null,"1":"","2":"","3":"","4":"","5":"","6":"","7":"","8":""}],"_links":{"self":[{"href":"https:\/\/buletin.de\/bucuresti\/wp-json\/wp\/v2\/posts\/45026","targetHints":{"allow":["GET"]}}],"collection":[{"href":"https:\/\/buletin.de\/bucuresti\/wp-json\/wp\/v2\/posts"}],"about":[{"href":"https:\/\/buletin.de\/bucuresti\/wp-json\/wp\/v2\/types\/post"}],"author":[{"embeddable":true,"href":"https:\/\/buletin.de\/bucuresti\/wp-json\/wp\/v2\/users\/42"}],"replies":[{"embeddable":true,"href":"https:\/\/buletin.de\/bucuresti\/wp-json\/wp\/v2\/comments?post=45026"}],"version-history":[{"count":4,"href":"https:\/\/buletin.de\/bucuresti\/wp-json\/wp\/v2\/posts\/45026\/revisions"}],"predecessor-version":[{"id":45034,"href":"https:\/\/buletin.de\/bucuresti\/wp-json\/wp\/v2\/posts\/45026\/revisions\/45034"}],"wp:featuredmedia":[{"embeddable":true,"href":"https:\/\/buletin.de\/bucuresti\/wp-json\/wp\/v2\/media\/44174"}],"wp:attachment":[{"href":"https:\/\/buletin.de\/bucuresti\/wp-json\/wp\/v2\/media?parent=45026"}],"wp:term":[{"taxonomy":"category","embeddable":true,"href":"https:\/\/buletin.de\/bucuresti\/wp-json\/wp\/v2\/categories?post=45026"},{"taxonomy":"post_tag","embeddable":true,"href":"https:\/\/buletin.de\/bucuresti\/wp-json\/wp\/v2\/tags?post=45026"},{"taxonomy":"author","embeddable":true,"href":"https:\/\/buletin.de\/bucuresti\/wp-json\/wp\/v2\/ppma_author?post=45026"}],"curies":[{"name":"wp","href":"https:\/\/api.w.org\/{rel}","templated":true}]}}