{"id":44896,"date":"2022-07-25T11:29:11","date_gmt":"2022-07-25T09:29:11","guid":{"rendered":"https:\/\/buletin.de\/bucuresti\/?p=44896"},"modified":"2022-07-25T14:05:52","modified_gmt":"2022-07-25T12:05:52","slug":"negoita-mai-incearca-o-data-sa-treaca-prin-consiliul-local-mega-proiectul-pasajului-de-sub-bulevardul-unirii-investitia-ar-fi-de-865-de-milioane-de-lei","status":"publish","type":"post","link":"https:\/\/buletin.de\/bucuresti\/negoita-mai-incearca-o-data-sa-treaca-prin-consiliul-local-mega-proiectul-pasajului-de-sub-bulevardul-unirii-investitia-ar-fi-de-865-de-milioane-de-lei\/","title":{"rendered":"Negoi\u021b\u0103 mai \u00eencearc\u0103 o dat\u0103 s\u0103 treac\u0103 prin Consiliul Local mega proiectul pasajului de sub Bulevardul Unirii. Investi\u021bia ar fi de 865 de milioane de lei"},"content":{"rendered":"\n<p class=\"has-light-green-cyan-background-color has-background\">Consilierii locali din sectorul 3 vor dezbate, din nou, \u00een \u0219edin\u021ba de s\u0103pt\u0103m\u00e2na aceasta, dac\u0103 sunt de acord cu proiectul primarului Negoi\u021b\u0103 de a reorganiza traficul pe Bulevardul Unirii. Planul edilului este de a realiza o construc\u021bie pe 3 niveluri subterane sub bulevard, de la Pia\u021ba Unirii la Pia\u021ba Alba Iulia, pe primele dou\u0103 fiind amenajate parc\u0103ri iar la subsolul 3 un pasaj. Costul estimat al investi\u021biei este de 865 de milioane de lei. Proiectul lui Negoi\u021b\u0103 a mai fost \u00een dezbaterea Consiliului Local de c\u00e2teva ori \u0219i a picat la vot de fiecare dat\u0103.<\/p>\n\n\n\n<p>\u00cen august 2020, pe ordinea de zi a \u0219edin\u021bei Consiliului Local Sector 3 a ap\u0103rut, pentru prima oar\u0103, proiectul de investi\u021bii<em> &#8220;<a href=\"https:\/\/www.primarie3.ro\/index.php\/programe\/detaliu\/pasajul-unirii\/3486\">Amenajarea unei structuri urbane integrat\u0103 natural prin reorganizarea traficului auto pe Bd. Unirii -Tronson Pia\u021ba Uniri &#8211; Pia\u021ba Alba lulia, Sector 3, Bucuresti<\/a>&#8220;. <\/em>Negoi\u021b\u0103 nu i-a convins pe ale\u0219i s\u0103 dea gir planurilor sale care cost\u0103 mai mult de jum\u0103tate din bugetul pe un an al Sectorului 3. <\/p>\n\n\n\n<h2 class=\"wp-block-heading\">Ce presupune proiectul?<\/h2>\n\n\n\n<p>Pe Bulevardul Unirii, tronsonul Piata Alba lulia &#8211; Pia\u021ba Unirii, se propune&nbsp;amenajarea unei zone exclusiv pietonal\u0103, pe \u00eentreaga tram\u0103 stradal\u0103, intens \u00eenverzit\u0103, unde se vor putea desf\u0103\u0219ura activit\u0103\u021bi de entertainment, leisure \u0219i\/sau economice. <\/p>\n\n\n\n<p>Proiectul presupune devierea circula\u021biei auto \u0219i mutarea zonelor de parcare exclusiv pentru autoturisme, pe trei niveluri subterane, av\u00e2nd urm\u0103toarele func\u021biuni principale:<\/p>\n\n\n\n<ul class=\"wp-block-list\"><li>Subsol &#8211; 1 \u2013 amenajarea de spa\u021bii destinate parc\u0103rii autovehiculelor \u0219i accesele c\u0103tre acestea;<\/li><li>Subsol &#8211; 2 \u2013 preluarea circula\u021biei de pe str\u0103zile adiacente bulevardului prin asigurarea racord\u0103rii cu acestea \u0219i amenajarea de spa\u021bii destinate parc\u0103rii autovehiculelor \u0219i accesele c\u0103tre acestea;<\/li><li>Subsol &#8211; 3 \u2013 preluarea circula\u021biei de pe traseul principal \u2013 bulevardul Unirii \u2013 prin amenajarea de benzi de circula\u021bie pe dou\u0103 sensuri de deplasare&#8221;, se arat\u0103 \u00een propunerea \u00eenaintat\u0103 de Robert Negoi\u021b\u0103.<\/li><\/ul>\n\n\n\n<figure class=\"wp-block-video\"><video controls src=\"https:\/\/buletin.de\/bucuresti\/wp-content\/uploads\/videoplayback.mp4\"><\/video><\/figure>\n\n\n\n<p>Pasajul de la subsolul 3 va avea lungimea de aproximativ 2.500 m, prevede un drum cu dou\u0103 benzi pe sens care are prev\u0103zute alveole speciale pentru 4 sta\u021bii de autobuz. <\/p>\n\n\n\n<p>Sta\u021biile de autobuz de la subsolul trei sunt prev\u0103zute at\u00e2t cu sc\u0103ri de evacuare \u0219i cu c\u0103te dou\u0103 lifturi de c\u0103te 20 persoane fiecare. Pasajul rutier subteran va avea sisteme de canalizare pluviala, sisteme de siguranta la incendiu, sisteme de ventila\u021bie, instala\u021bii de iluminat dimensionate in conformitate cu normativele in vigoare. <\/p>\n\n\n\n<p>\u00cen total vor fi amenajate, pe dou\u0103 niveluri, 2822 de locuri de parcare auto plus 67 de motociclete. <\/p>\n\n\n\n<p>Suprafa\u021ba \u00eentregii construc\u021bii va fi de aproximativ 190.690 m2. <\/p>\n\n\n\n<p>Durata estimat\u0103 de implementare a proiectului este de 36 de luni, iar costul total a fost estimat la <strong>865 de milioane de lei. <\/strong><\/p>\n\n\n\n<h2 class=\"wp-block-heading\">Negoi\u021b\u0103 insist\u0103, consiliul se opune<\/h2>\n\n\n\n<p>De la lansarea sa \u00een august 2020, proiectul a tot revenit \u00een sedin\u021bele de Consiliu Local de la Sectorul 3. Dar, de fiecare dat\u0103, a fost respins.<\/p>\n\n\n\n<p>Edilul sectorului 3 mai face o \u00eencercare, s\u0103pt\u0103m\u00e2na aceasta, de a trece prin Consiliul megaproiectul construc\u021biei de sub bulevardul Unirii. Un motiv ar putea fi c\u0103, \u00een acest moment, USR \u0219i PNL nu mai au majoritate, dup\u0103 demisia viceprimarului Oancea. Voturile ale\u0219ilor de la cele dou\u0103 partide, 15, sunt la egalitate cu cele ale consilierilor PSD, PMP \u0219i Pro-Bucure\u0219ti. O singur\u0103 absen\u021b\u0103 \u00een tabara USR-PNL \u0219i un vor comun al celorla\u021bi consilieri ar \u00eensemna c\u0103 proiectul lui Negoi\u021b\u0103 va deveni realitate. <\/p>\n\n\n\n<h2 class=\"wp-block-heading\">Asocia\u021biile de proprietari din zon\u0103 se opun<\/h2>\n\n\n\n<p>Pe 25 iulie, o asocia\u021bie a proprietarilor din zona proiectului au trimis o scrisoare de protest adresat\u0103 mai multor institu\u021bii. Oamenii cer respingerea proiectului \u0219i aduc o serie de motive legate at\u00e2t de oportunitatea proiectului c\u00e2t \u0219i de legalitatea sa. \u00cen acest moment, conform unei adrese transmise de PMB la solicitarea asocia\u021biei, spa\u021biul viitorului proiect apar\u021bine Prim\u0103riei Generale.<\/p>\n\n\n\n<p class=\"has-small-font-size\">Acest proiect a figurat pe ordinea de zi a sedintelor Consiliului local, de 11 ori, in zilele de 28.10.2021, 11.11.2021, 25.11.2021, 02.12.2021, 14.12.2021, 22.12.2021, 20.01.2022, 03.02.2022, 24.02.2022, 03.03.2022, 14.03.2022, primind de fiecare data&nbsp;<strong><u>AVIZ NEFAVORABIL<\/u><\/strong>&nbsp;de la Comisia pentru administrare a domeniului public si privat si de la Comisia de buget, finante, servicii publice si&nbsp;<strong><u>fiind RESPINS de fiecare data.<\/u><\/strong><\/p>\n\n\n\n<p class=\"has-small-font-size\">Asociatiile noastre de proprietari (bloc G2A si G2C) care reprezinta un numar de peste 130 proprietari de apartamente v-au transmis de nenumarate ori faptul ca&nbsp;<strong>NU SUNT DE ACORD CU ACEST PROIECT, din urmatoarele motive:<\/strong><\/p>\n\n\n\n<p class=\"has-small-font-size\">\u00b7&nbsp;&nbsp;&nbsp;&nbsp;&nbsp;&nbsp;&nbsp;reamenajarea anterioara a Bulevardului Unirii, s-a finalizat in 2014, asadar au trecut doar 8 ani de atunci, nu vedem niciun motiv pentru a incepe o astfel de lucrare neeconomicoasa dupa un timp atat de scurt, in care precedenta investitie nu a fost amortizata;<\/p>\n\n\n\n<p class=\"has-small-font-size\">\u00b7&nbsp;&nbsp;&nbsp;&nbsp;&nbsp;&nbsp;&nbsp;durata de executie este de 36 de luni; vorbim deci de un santier intins pe 3 ani, care presupune un disconfort major pentru proprietari (praf, zgomot, zdruncinaturi), pierderea chiriasilor existenti ai apartamentelor si spatiilor comerciale;<\/p>\n\n\n\n<p class=\"has-small-font-size\">\u00b7&nbsp;&nbsp;&nbsp;&nbsp;&nbsp;&nbsp;&nbsp;credem ca abordarea din acest proiect, prin care vreti sa introduceti mai intai traficul pe dedesubt si va ganditi apoi ce faceti la suprafata (concurs de solutii) este nefericita, ar trebui pornit exact invers, de la ce vreti sa amenajati la suprafata ca sa justifice mutarea traficului si parcarilor in subteran<\/p>\n\n\n\n<p class=\"has-small-font-size\">\u00b7&nbsp;&nbsp;&nbsp;&nbsp;&nbsp;&nbsp;&nbsp;aspectul dezolant al Bulevardulului Decebal, lucrare finalizata de curand de dvs, unde intreg spatiul verde a fost acoperit de un ocean de pavele, iar copacii par a creste din asfalt din cauza nefericitei solutii numita hidromedia, nu reprezinta o buna recomandare pentru o noua amenajare<\/p>\n\n\n\n<p class=\"has-small-font-size\"><strong>Stimati consilieri locali sector 3, avand in vedere urmatoarele aspecte:<\/strong><\/p>\n\n\n\n<p class=\"has-small-font-size\">1)&nbsp;&nbsp;&nbsp;&nbsp;&nbsp;&nbsp;Prin proiectul de hotarare se propune aprobarea indicatorilor tehnico-economici pe baza unui&nbsp;<strong>deviz neactualizat din<\/strong>&nbsp;<strong>IULIE 2020<\/strong>, in conditiile in care, conform datelor Institutului National de Statistica, preturile materialelor de constructii au crescut exploziv in 2021 si 2022.<\/p>\n\n\n\n<p class=\"has-small-font-size\">Astfel, desi conform raportului de specialitate nr. 199360\/20.10.2021 al&nbsp;Directiei Investitii a Primariei sector 3, valoarea totala a proiectului este de 865.023.408,80 LEI, in conditiile in care ar fi actualizata, aceasta valoare ar putea fi de cateva ori mai mare;<\/p>\n\n\n\n<p class=\"has-small-font-size\"><strong>2)&nbsp;&nbsp;&nbsp;&nbsp;&nbsp;&nbsp;<\/strong>PRIMARIA MUNICIPIULUI BUCURESTI ne-a comunicat prin adresa nr. 10927\/1902041\/12807 (atasata), ca&nbsp;<strong>\u201cdin verificarea in baza de date a hotararilor adoptate la nivelul Consiliului General al Municipiului Bucuresti, nu am identificat nicio hotarare care sa aiba ca obiect darea in administrare catre Consiliul local sector 3 a segmentului de drum dintre Piata Unirii si Piata Alba Iulia\u201d,&nbsp;<\/strong>deci Primaria sector 3 nu are competente in a aproba un astfel de obiectiv;<\/p>\n\n\n\n<p class=\"has-small-font-size\">3)&nbsp;&nbsp;&nbsp;&nbsp;&nbsp;&nbsp;ADMINISTRATIA STRAZILOR ne-a comunicat prin adresa atasata ca lucrarile se pot executa&nbsp;<strong>doar<\/strong>&nbsp;in baza unui PUZ aprobat prin hotarare a CGMB, in conditiile legii;<\/p>\n\n\n\n<p class=\"has-small-font-size\">4)&nbsp;&nbsp;&nbsp;&nbsp;&nbsp;&nbsp;Asociatiile noastre de proprietari au solicitat Primariei sector 3 inca din 09 Noiembrie 2020 organizarea unei ample dezbateri publice, in etape, cu prezentarea proiectului in cele mai mici detalii si implicarea tuturor entitatilor relevante: asociatii de proprietari de pe Bdul Unirii, proprietarii si chiriasii spatiilor comerciale, Ordinul Arhitectilor din Romania, Asociatia Urbanistilor din Romania, Primaria Municipiului Bucuresti, <em>se arat\u0103 \u00een scrisoarea Asocia\u021biei. <\/em><\/p>\n\n\n\n<p><\/p>\n","protected":false},"excerpt":{"rendered":"<p>Consilierii locali din sectorul 3 vor dezbate, din nou, \u00een \u0219edin\u021ba de s\u0103pt\u0103m\u00e2na aceasta, dac\u0103 sunt de acord cu proiectul primarului Negoi\u021b\u0103 de a reorganiza traficul pe Bulevardul Unirii. Planul edilului este de a realiza o construc\u021bie pe 3 niveluri subterane sub bulevard, de la Pia\u021ba Unirii la Pia\u021ba Alba Iulia, pe primele dou\u0103 fiind [&hellip;]<\/p>\n","protected":false},"author":18,"featured_media":44900,"comment_status":"closed","ping_status":"open","sticky":false,"template":"","format":"standard","meta":{"_acf_changed":false,"inline_featured_image":false,"ngg_post_thumbnail":0,"footnotes":""},"categories":[24,62],"tags":[4373,1391,1493,440],"ppma_author":[22579],"class_list":["post-44896","post","type-post","status-publish","format-standard","has-post-thumbnail","hentry","category-primarie","category-stiri","tag-bulevardul-unirii","tag-negoita","tag-pasaj","tag-sector-3"],"acf":[],"yoast_head":"<!-- This site is optimized with the Yoast SEO Premium plugin v25.3 (Yoast SEO v27.5) - https:\/\/yoast.com\/product\/yoast-seo-premium-wordpress\/ -->\n<title>Negoi\u021b\u0103 mai \u00eencearc\u0103 o dat\u0103 s\u0103 treac\u0103 prin Consiliul Local mega proiectul pasajului de sub Bulevardul Unirii. Investi\u021bia ar fi de 865 de milioane de lei - Buletin de Bucure\u0219ti<\/title>\n<meta name=\"robots\" content=\"index, follow, max-snippet:-1, max-image-preview:large, max-video-preview:-1\" \/>\n<link rel=\"canonical\" href=\"https:\/\/buletin.de\/bucuresti\/negoita-mai-incearca-o-data-sa-treaca-prin-consiliul-local-mega-proiectul-pasajului-de-sub-bulevardul-unirii-investitia-ar-fi-de-865-de-milioane-de-lei\/\" \/>\n<meta property=\"og:locale\" content=\"en_GB\" \/>\n<meta property=\"og:type\" content=\"article\" \/>\n<meta property=\"og:title\" content=\"Negoi\u021b\u0103 mai \u00eencearc\u0103 o dat\u0103 s\u0103 treac\u0103 prin Consiliul Local mega proiectul pasajului de sub Bulevardul Unirii. Investi\u021bia ar fi de 865 de milioane de lei\" \/>\n<meta property=\"og:description\" content=\"Consilierii locali din sectorul 3 vor dezbate, din nou, \u00een \u0219edin\u021ba de s\u0103pt\u0103m\u00e2na aceasta, dac\u0103 sunt de acord cu proiectul primarului Negoi\u021b\u0103 de a reorganiza traficul pe Bulevardul Unirii. Planul edilului este de a realiza o construc\u021bie pe 3 niveluri subterane sub bulevard, de la Pia\u021ba Unirii la Pia\u021ba Alba Iulia, pe primele dou\u0103 fiind [&hellip;]\" \/>\n<meta property=\"og:url\" content=\"https:\/\/buletin.de\/bucuresti\/negoita-mai-incearca-o-data-sa-treaca-prin-consiliul-local-mega-proiectul-pasajului-de-sub-bulevardul-unirii-investitia-ar-fi-de-865-de-milioane-de-lei\/\" \/>\n<meta property=\"og:site_name\" content=\"Buletin de Bucure\u0219ti\" \/>\n<meta property=\"article:publisher\" content=\"https:\/\/www.facebook.com\/buletin.de.buc\" \/>\n<meta property=\"article:published_time\" content=\"2022-07-25T09:29:11+00:00\" \/>\n<meta property=\"article:modified_time\" content=\"2022-07-25T12:05:52+00:00\" \/>\n<meta property=\"og:image\" content=\"https:\/\/buletin.de\/bucuresti\/wp-content\/uploads\/image-1282.png\" \/>\n\t<meta property=\"og:image:width\" content=\"1363\" \/>\n\t<meta property=\"og:image:height\" content=\"701\" \/>\n\t<meta property=\"og:image:type\" content=\"image\/png\" \/>\n<meta name=\"author\" content=\"Teodora Stroe\" \/>\n<meta name=\"twitter:card\" content=\"summary_large_image\" \/>\n<meta name=\"twitter:label1\" content=\"Written by\" \/>\n\t<meta name=\"twitter:data1\" content=\"Teodora Stroe\" \/>\n\t<meta name=\"twitter:label2\" content=\"Estimated reading time\" \/>\n\t<meta name=\"twitter:data2\" content=\"5 minutes\" \/>\n<script type=\"application\/ld+json\" class=\"yoast-schema-graph\">{\"@context\":\"https:\\\/\\\/schema.org\",\"@graph\":[{\"@type\":\"Article\",\"@id\":\"https:\\\/\\\/buletin.de\\\/bucuresti\\\/negoita-mai-incearca-o-data-sa-treaca-prin-consiliul-local-mega-proiectul-pasajului-de-sub-bulevardul-unirii-investitia-ar-fi-de-865-de-milioane-de-lei\\\/#article\",\"isPartOf\":{\"@id\":\"https:\\\/\\\/buletin.de\\\/bucuresti\\\/negoita-mai-incearca-o-data-sa-treaca-prin-consiliul-local-mega-proiectul-pasajului-de-sub-bulevardul-unirii-investitia-ar-fi-de-865-de-milioane-de-lei\\\/\"},\"author\":{\"name\":\"Teodora Stroe\",\"@id\":\"https:\\\/\\\/buletin.de\\\/bucuresti\\\/#\\\/schema\\\/person\\\/d369d7ddc775abece205795e0b804614\"},\"headline\":\"Negoi\u021b\u0103 mai \u00eencearc\u0103 o dat\u0103 s\u0103 treac\u0103 prin Consiliul Local mega proiectul pasajului de sub Bulevardul Unirii. Investi\u021bia ar fi de 865 de milioane de lei\",\"datePublished\":\"2022-07-25T09:29:11+00:00\",\"dateModified\":\"2022-07-25T12:05:52+00:00\",\"mainEntityOfPage\":{\"@id\":\"https:\\\/\\\/buletin.de\\\/bucuresti\\\/negoita-mai-incearca-o-data-sa-treaca-prin-consiliul-local-mega-proiectul-pasajului-de-sub-bulevardul-unirii-investitia-ar-fi-de-865-de-milioane-de-lei\\\/\"},\"wordCount\":1217,\"publisher\":{\"@id\":\"https:\\\/\\\/buletin.de\\\/bucuresti\\\/#organization\"},\"image\":{\"@id\":\"https:\\\/\\\/buletin.de\\\/bucuresti\\\/negoita-mai-incearca-o-data-sa-treaca-prin-consiliul-local-mega-proiectul-pasajului-de-sub-bulevardul-unirii-investitia-ar-fi-de-865-de-milioane-de-lei\\\/#primaryimage\"},\"thumbnailUrl\":\"https:\\\/\\\/buletin.de\\\/bucuresti\\\/wp-content\\\/uploads\\\/image-1282.png\",\"keywords\":[\"bulevardul unirii\",\"negoita\",\"pasaj\",\"Sector 3\"],\"articleSection\":[\"Prim\u0103rie\",\"\u0218tiri\"],\"inLanguage\":\"en-GB\",\"copyrightYear\":\"2022\",\"copyrightHolder\":{\"@id\":\"https:\\\/\\\/buletin.de\\\/bucuresti\\\/#organization\"}},{\"@type\":\"WebPage\",\"@id\":\"https:\\\/\\\/buletin.de\\\/bucuresti\\\/negoita-mai-incearca-o-data-sa-treaca-prin-consiliul-local-mega-proiectul-pasajului-de-sub-bulevardul-unirii-investitia-ar-fi-de-865-de-milioane-de-lei\\\/\",\"url\":\"https:\\\/\\\/buletin.de\\\/bucuresti\\\/negoita-mai-incearca-o-data-sa-treaca-prin-consiliul-local-mega-proiectul-pasajului-de-sub-bulevardul-unirii-investitia-ar-fi-de-865-de-milioane-de-lei\\\/\",\"name\":\"Negoi\u021b\u0103 mai \u00eencearc\u0103 o dat\u0103 s\u0103 treac\u0103 prin Consiliul Local mega proiectul pasajului de sub Bulevardul Unirii. Investi\u021bia ar fi de 865 de milioane de lei - Buletin de Bucure\u0219ti\",\"isPartOf\":{\"@id\":\"https:\\\/\\\/buletin.de\\\/bucuresti\\\/#website\"},\"primaryImageOfPage\":{\"@id\":\"https:\\\/\\\/buletin.de\\\/bucuresti\\\/negoita-mai-incearca-o-data-sa-treaca-prin-consiliul-local-mega-proiectul-pasajului-de-sub-bulevardul-unirii-investitia-ar-fi-de-865-de-milioane-de-lei\\\/#primaryimage\"},\"image\":{\"@id\":\"https:\\\/\\\/buletin.de\\\/bucuresti\\\/negoita-mai-incearca-o-data-sa-treaca-prin-consiliul-local-mega-proiectul-pasajului-de-sub-bulevardul-unirii-investitia-ar-fi-de-865-de-milioane-de-lei\\\/#primaryimage\"},\"thumbnailUrl\":\"https:\\\/\\\/buletin.de\\\/bucuresti\\\/wp-content\\\/uploads\\\/image-1282.png\",\"datePublished\":\"2022-07-25T09:29:11+00:00\",\"dateModified\":\"2022-07-25T12:05:52+00:00\",\"breadcrumb\":{\"@id\":\"https:\\\/\\\/buletin.de\\\/bucuresti\\\/negoita-mai-incearca-o-data-sa-treaca-prin-consiliul-local-mega-proiectul-pasajului-de-sub-bulevardul-unirii-investitia-ar-fi-de-865-de-milioane-de-lei\\\/#breadcrumb\"},\"inLanguage\":\"en-GB\",\"potentialAction\":[{\"@type\":\"ReadAction\",\"target\":[\"https:\\\/\\\/buletin.de\\\/bucuresti\\\/negoita-mai-incearca-o-data-sa-treaca-prin-consiliul-local-mega-proiectul-pasajului-de-sub-bulevardul-unirii-investitia-ar-fi-de-865-de-milioane-de-lei\\\/\"]}]},{\"@type\":\"ImageObject\",\"inLanguage\":\"en-GB\",\"@id\":\"https:\\\/\\\/buletin.de\\\/bucuresti\\\/negoita-mai-incearca-o-data-sa-treaca-prin-consiliul-local-mega-proiectul-pasajului-de-sub-bulevardul-unirii-investitia-ar-fi-de-865-de-milioane-de-lei\\\/#primaryimage\",\"url\":\"https:\\\/\\\/buletin.de\\\/bucuresti\\\/wp-content\\\/uploads\\\/image-1282.png\",\"contentUrl\":\"https:\\\/\\\/buletin.de\\\/bucuresti\\\/wp-content\\\/uploads\\\/image-1282.png\",\"width\":1363,\"height\":701},{\"@type\":\"BreadcrumbList\",\"@id\":\"https:\\\/\\\/buletin.de\\\/bucuresti\\\/negoita-mai-incearca-o-data-sa-treaca-prin-consiliul-local-mega-proiectul-pasajului-de-sub-bulevardul-unirii-investitia-ar-fi-de-865-de-milioane-de-lei\\\/#breadcrumb\",\"itemListElement\":[{\"@type\":\"ListItem\",\"position\":1,\"name\":\"Acas\u0103\",\"item\":\"https:\\\/\\\/buletin.de\\\/bucuresti\\\/\"},{\"@type\":\"ListItem\",\"position\":2,\"name\":\"Negoi\u021b\u0103 mai \u00eencearc\u0103 o dat\u0103 s\u0103 treac\u0103 prin Consiliul Local mega proiectul pasajului de sub Bulevardul Unirii. Investi\u021bia ar fi de 865 de milioane de lei\"}]},{\"@type\":\"WebSite\",\"@id\":\"https:\\\/\\\/buletin.de\\\/bucuresti\\\/#website\",\"url\":\"https:\\\/\\\/buletin.de\\\/bucuresti\\\/\",\"name\":\"Buletin de Bucure\u0219ti\",\"description\":\"\u0218tiri \u0219i investiga\u021bii esen\u021biale din capital\u0103\",\"publisher\":{\"@id\":\"https:\\\/\\\/buletin.de\\\/bucuresti\\\/#organization\"},\"potentialAction\":[{\"@type\":\"SearchAction\",\"target\":{\"@type\":\"EntryPoint\",\"urlTemplate\":\"https:\\\/\\\/buletin.de\\\/bucuresti\\\/?s={search_term_string}\"},\"query-input\":{\"@type\":\"PropertyValueSpecification\",\"valueRequired\":true,\"valueName\":\"search_term_string\"}}],\"inLanguage\":\"en-GB\"},{\"@type\":\"Organization\",\"@id\":\"https:\\\/\\\/buletin.de\\\/bucuresti\\\/#organization\",\"name\":\"Buletin de Bucure\u0219ti\",\"url\":\"https:\\\/\\\/buletin.de\\\/bucuresti\\\/\",\"logo\":{\"@type\":\"ImageObject\",\"inLanguage\":\"en-GB\",\"@id\":\"https:\\\/\\\/buletin.de\\\/bucuresti\\\/#\\\/schema\\\/logo\\\/image\\\/\",\"url\":\"https:\\\/\\\/buletin.de\\\/bucuresti\\\/wp-content\\\/uploads\\\/logo-bdb-full-wide-vernil-transparent.png\",\"contentUrl\":\"https:\\\/\\\/buletin.de\\\/bucuresti\\\/wp-content\\\/uploads\\\/logo-bdb-full-wide-vernil-transparent.png\",\"width\":1782,\"height\":626,\"caption\":\"Buletin de Bucure\u0219ti\"},\"image\":{\"@id\":\"https:\\\/\\\/buletin.de\\\/bucuresti\\\/#\\\/schema\\\/logo\\\/image\\\/\"},\"sameAs\":[\"https:\\\/\\\/www.facebook.com\\\/buletin.de.buc\",\"https:\\\/\\\/www.instagram.com\\\/buletinde.bucuresti\\\/\"]},{\"@type\":\"Person\",\"@id\":\"https:\\\/\\\/buletin.de\\\/bucuresti\\\/#\\\/schema\\\/person\\\/d369d7ddc775abece205795e0b804614\",\"name\":\"Teodora Stroe\",\"image\":{\"@type\":\"ImageObject\",\"inLanguage\":\"en-GB\",\"@id\":\"https:\\\/\\\/secure.gravatar.com\\\/avatar\\\/2560b4cd9f5f1bc100b123158e657d75584bd1c3e1d9c69285720b9457c1b78d?s=96&d=monsterid&r=gc104800242ba5f2d78dd5d7dc4df08b6\",\"url\":\"https:\\\/\\\/secure.gravatar.com\\\/avatar\\\/2560b4cd9f5f1bc100b123158e657d75584bd1c3e1d9c69285720b9457c1b78d?s=96&d=monsterid&r=g\",\"contentUrl\":\"https:\\\/\\\/secure.gravatar.com\\\/avatar\\\/2560b4cd9f5f1bc100b123158e657d75584bd1c3e1d9c69285720b9457c1b78d?s=96&d=monsterid&r=g\",\"caption\":\"Teodora Stroe\"},\"url\":\"https:\\\/\\\/buletin.de\\\/bucuresti\\\/author\\\/simonacarlugea\\\/\"}]}<\/script>\n<!-- \/ Yoast SEO Premium plugin. -->","yoast_head_json":{"title":"Negoi\u021b\u0103 mai \u00eencearc\u0103 o dat\u0103 s\u0103 treac\u0103 prin Consiliul Local mega proiectul pasajului de sub Bulevardul Unirii. Investi\u021bia ar fi de 865 de milioane de lei - Buletin de Bucure\u0219ti","robots":{"index":"index","follow":"follow","max-snippet":"max-snippet:-1","max-image-preview":"max-image-preview:large","max-video-preview":"max-video-preview:-1"},"canonical":"https:\/\/buletin.de\/bucuresti\/negoita-mai-incearca-o-data-sa-treaca-prin-consiliul-local-mega-proiectul-pasajului-de-sub-bulevardul-unirii-investitia-ar-fi-de-865-de-milioane-de-lei\/","og_locale":"en_GB","og_type":"article","og_title":"Negoi\u021b\u0103 mai \u00eencearc\u0103 o dat\u0103 s\u0103 treac\u0103 prin Consiliul Local mega proiectul pasajului de sub Bulevardul Unirii. Investi\u021bia ar fi de 865 de milioane de lei","og_description":"Consilierii locali din sectorul 3 vor dezbate, din nou, \u00een \u0219edin\u021ba de s\u0103pt\u0103m\u00e2na aceasta, dac\u0103 sunt de acord cu proiectul primarului Negoi\u021b\u0103 de a reorganiza traficul pe Bulevardul Unirii. Planul edilului este de a realiza o construc\u021bie pe 3 niveluri subterane sub bulevard, de la Pia\u021ba Unirii la Pia\u021ba Alba Iulia, pe primele dou\u0103 fiind [&hellip;]","og_url":"https:\/\/buletin.de\/bucuresti\/negoita-mai-incearca-o-data-sa-treaca-prin-consiliul-local-mega-proiectul-pasajului-de-sub-bulevardul-unirii-investitia-ar-fi-de-865-de-milioane-de-lei\/","og_site_name":"Buletin de Bucure\u0219ti","article_publisher":"https:\/\/www.facebook.com\/buletin.de.buc","article_published_time":"2022-07-25T09:29:11+00:00","article_modified_time":"2022-07-25T12:05:52+00:00","og_image":[{"width":1363,"height":701,"url":"https:\/\/buletin.de\/bucuresti\/wp-content\/uploads\/image-1282.png","type":"image\/png"}],"author":"Teodora Stroe","twitter_card":"summary_large_image","twitter_misc":{"Written by":"Teodora Stroe","Estimated reading time":"5 minutes"},"schema":{"@context":"https:\/\/schema.org","@graph":[{"@type":"Article","@id":"https:\/\/buletin.de\/bucuresti\/negoita-mai-incearca-o-data-sa-treaca-prin-consiliul-local-mega-proiectul-pasajului-de-sub-bulevardul-unirii-investitia-ar-fi-de-865-de-milioane-de-lei\/#article","isPartOf":{"@id":"https:\/\/buletin.de\/bucuresti\/negoita-mai-incearca-o-data-sa-treaca-prin-consiliul-local-mega-proiectul-pasajului-de-sub-bulevardul-unirii-investitia-ar-fi-de-865-de-milioane-de-lei\/"},"author":{"name":"Teodora Stroe","@id":"https:\/\/buletin.de\/bucuresti\/#\/schema\/person\/d369d7ddc775abece205795e0b804614"},"headline":"Negoi\u021b\u0103 mai \u00eencearc\u0103 o dat\u0103 s\u0103 treac\u0103 prin Consiliul Local mega proiectul pasajului de sub Bulevardul Unirii. Investi\u021bia ar fi de 865 de milioane de lei","datePublished":"2022-07-25T09:29:11+00:00","dateModified":"2022-07-25T12:05:52+00:00","mainEntityOfPage":{"@id":"https:\/\/buletin.de\/bucuresti\/negoita-mai-incearca-o-data-sa-treaca-prin-consiliul-local-mega-proiectul-pasajului-de-sub-bulevardul-unirii-investitia-ar-fi-de-865-de-milioane-de-lei\/"},"wordCount":1217,"publisher":{"@id":"https:\/\/buletin.de\/bucuresti\/#organization"},"image":{"@id":"https:\/\/buletin.de\/bucuresti\/negoita-mai-incearca-o-data-sa-treaca-prin-consiliul-local-mega-proiectul-pasajului-de-sub-bulevardul-unirii-investitia-ar-fi-de-865-de-milioane-de-lei\/#primaryimage"},"thumbnailUrl":"https:\/\/buletin.de\/bucuresti\/wp-content\/uploads\/image-1282.png","keywords":["bulevardul unirii","negoita","pasaj","Sector 3"],"articleSection":["Prim\u0103rie","\u0218tiri"],"inLanguage":"en-GB","copyrightYear":"2022","copyrightHolder":{"@id":"https:\/\/buletin.de\/bucuresti\/#organization"}},{"@type":"WebPage","@id":"https:\/\/buletin.de\/bucuresti\/negoita-mai-incearca-o-data-sa-treaca-prin-consiliul-local-mega-proiectul-pasajului-de-sub-bulevardul-unirii-investitia-ar-fi-de-865-de-milioane-de-lei\/","url":"https:\/\/buletin.de\/bucuresti\/negoita-mai-incearca-o-data-sa-treaca-prin-consiliul-local-mega-proiectul-pasajului-de-sub-bulevardul-unirii-investitia-ar-fi-de-865-de-milioane-de-lei\/","name":"Negoi\u021b\u0103 mai \u00eencearc\u0103 o dat\u0103 s\u0103 treac\u0103 prin Consiliul Local mega proiectul pasajului de sub Bulevardul Unirii. Investi\u021bia ar fi de 865 de milioane de lei - Buletin de Bucure\u0219ti","isPartOf":{"@id":"https:\/\/buletin.de\/bucuresti\/#website"},"primaryImageOfPage":{"@id":"https:\/\/buletin.de\/bucuresti\/negoita-mai-incearca-o-data-sa-treaca-prin-consiliul-local-mega-proiectul-pasajului-de-sub-bulevardul-unirii-investitia-ar-fi-de-865-de-milioane-de-lei\/#primaryimage"},"image":{"@id":"https:\/\/buletin.de\/bucuresti\/negoita-mai-incearca-o-data-sa-treaca-prin-consiliul-local-mega-proiectul-pasajului-de-sub-bulevardul-unirii-investitia-ar-fi-de-865-de-milioane-de-lei\/#primaryimage"},"thumbnailUrl":"https:\/\/buletin.de\/bucuresti\/wp-content\/uploads\/image-1282.png","datePublished":"2022-07-25T09:29:11+00:00","dateModified":"2022-07-25T12:05:52+00:00","breadcrumb":{"@id":"https:\/\/buletin.de\/bucuresti\/negoita-mai-incearca-o-data-sa-treaca-prin-consiliul-local-mega-proiectul-pasajului-de-sub-bulevardul-unirii-investitia-ar-fi-de-865-de-milioane-de-lei\/#breadcrumb"},"inLanguage":"en-GB","potentialAction":[{"@type":"ReadAction","target":["https:\/\/buletin.de\/bucuresti\/negoita-mai-incearca-o-data-sa-treaca-prin-consiliul-local-mega-proiectul-pasajului-de-sub-bulevardul-unirii-investitia-ar-fi-de-865-de-milioane-de-lei\/"]}]},{"@type":"ImageObject","inLanguage":"en-GB","@id":"https:\/\/buletin.de\/bucuresti\/negoita-mai-incearca-o-data-sa-treaca-prin-consiliul-local-mega-proiectul-pasajului-de-sub-bulevardul-unirii-investitia-ar-fi-de-865-de-milioane-de-lei\/#primaryimage","url":"https:\/\/buletin.de\/bucuresti\/wp-content\/uploads\/image-1282.png","contentUrl":"https:\/\/buletin.de\/bucuresti\/wp-content\/uploads\/image-1282.png","width":1363,"height":701},{"@type":"BreadcrumbList","@id":"https:\/\/buletin.de\/bucuresti\/negoita-mai-incearca-o-data-sa-treaca-prin-consiliul-local-mega-proiectul-pasajului-de-sub-bulevardul-unirii-investitia-ar-fi-de-865-de-milioane-de-lei\/#breadcrumb","itemListElement":[{"@type":"ListItem","position":1,"name":"Acas\u0103","item":"https:\/\/buletin.de\/bucuresti\/"},{"@type":"ListItem","position":2,"name":"Negoi\u021b\u0103 mai \u00eencearc\u0103 o dat\u0103 s\u0103 treac\u0103 prin Consiliul Local mega proiectul pasajului de sub Bulevardul Unirii. Investi\u021bia ar fi de 865 de milioane de lei"}]},{"@type":"WebSite","@id":"https:\/\/buletin.de\/bucuresti\/#website","url":"https:\/\/buletin.de\/bucuresti\/","name":"Buletin de Bucure\u0219ti","description":"\u0218tiri \u0219i investiga\u021bii esen\u021biale din capital\u0103","publisher":{"@id":"https:\/\/buletin.de\/bucuresti\/#organization"},"potentialAction":[{"@type":"SearchAction","target":{"@type":"EntryPoint","urlTemplate":"https:\/\/buletin.de\/bucuresti\/?s={search_term_string}"},"query-input":{"@type":"PropertyValueSpecification","valueRequired":true,"valueName":"search_term_string"}}],"inLanguage":"en-GB"},{"@type":"Organization","@id":"https:\/\/buletin.de\/bucuresti\/#organization","name":"Buletin de Bucure\u0219ti","url":"https:\/\/buletin.de\/bucuresti\/","logo":{"@type":"ImageObject","inLanguage":"en-GB","@id":"https:\/\/buletin.de\/bucuresti\/#\/schema\/logo\/image\/","url":"https:\/\/buletin.de\/bucuresti\/wp-content\/uploads\/logo-bdb-full-wide-vernil-transparent.png","contentUrl":"https:\/\/buletin.de\/bucuresti\/wp-content\/uploads\/logo-bdb-full-wide-vernil-transparent.png","width":1782,"height":626,"caption":"Buletin de Bucure\u0219ti"},"image":{"@id":"https:\/\/buletin.de\/bucuresti\/#\/schema\/logo\/image\/"},"sameAs":["https:\/\/www.facebook.com\/buletin.de.buc","https:\/\/www.instagram.com\/buletinde.bucuresti\/"]},{"@type":"Person","@id":"https:\/\/buletin.de\/bucuresti\/#\/schema\/person\/d369d7ddc775abece205795e0b804614","name":"Teodora Stroe","image":{"@type":"ImageObject","inLanguage":"en-GB","@id":"https:\/\/secure.gravatar.com\/avatar\/2560b4cd9f5f1bc100b123158e657d75584bd1c3e1d9c69285720b9457c1b78d?s=96&d=monsterid&r=gc104800242ba5f2d78dd5d7dc4df08b6","url":"https:\/\/secure.gravatar.com\/avatar\/2560b4cd9f5f1bc100b123158e657d75584bd1c3e1d9c69285720b9457c1b78d?s=96&d=monsterid&r=g","contentUrl":"https:\/\/secure.gravatar.com\/avatar\/2560b4cd9f5f1bc100b123158e657d75584bd1c3e1d9c69285720b9457c1b78d?s=96&d=monsterid&r=g","caption":"Teodora Stroe"},"url":"https:\/\/buletin.de\/bucuresti\/author\/simonacarlugea\/"}]}},"authors":[{"term_id":22579,"user_id":18,"is_guest":0,"slug":"simonacarlugea","display_name":"Teodora Stroe","avatar_url":"https:\/\/secure.gravatar.com\/avatar\/2560b4cd9f5f1bc100b123158e657d75584bd1c3e1d9c69285720b9457c1b78d?s=96&d=monsterid&r=g","0":null,"1":"","2":"","3":"","4":"","5":"","6":"","7":"","8":""}],"_links":{"self":[{"href":"https:\/\/buletin.de\/bucuresti\/wp-json\/wp\/v2\/posts\/44896","targetHints":{"allow":["GET"]}}],"collection":[{"href":"https:\/\/buletin.de\/bucuresti\/wp-json\/wp\/v2\/posts"}],"about":[{"href":"https:\/\/buletin.de\/bucuresti\/wp-json\/wp\/v2\/types\/post"}],"author":[{"embeddable":true,"href":"https:\/\/buletin.de\/bucuresti\/wp-json\/wp\/v2\/users\/18"}],"replies":[{"embeddable":true,"href":"https:\/\/buletin.de\/bucuresti\/wp-json\/wp\/v2\/comments?post=44896"}],"version-history":[{"count":7,"href":"https:\/\/buletin.de\/bucuresti\/wp-json\/wp\/v2\/posts\/44896\/revisions"}],"predecessor-version":[{"id":44933,"href":"https:\/\/buletin.de\/bucuresti\/wp-json\/wp\/v2\/posts\/44896\/revisions\/44933"}],"wp:featuredmedia":[{"embeddable":true,"href":"https:\/\/buletin.de\/bucuresti\/wp-json\/wp\/v2\/media\/44900"}],"wp:attachment":[{"href":"https:\/\/buletin.de\/bucuresti\/wp-json\/wp\/v2\/media?parent=44896"}],"wp:term":[{"taxonomy":"category","embeddable":true,"href":"https:\/\/buletin.de\/bucuresti\/wp-json\/wp\/v2\/categories?post=44896"},{"taxonomy":"post_tag","embeddable":true,"href":"https:\/\/buletin.de\/bucuresti\/wp-json\/wp\/v2\/tags?post=44896"},{"taxonomy":"author","embeddable":true,"href":"https:\/\/buletin.de\/bucuresti\/wp-json\/wp\/v2\/ppma_author?post=44896"}],"curies":[{"name":"wp","href":"https:\/\/api.w.org\/{rel}","templated":true}]}}