{"id":44890,"date":"2022-07-25T09:45:58","date_gmt":"2022-07-25T07:45:58","guid":{"rendered":"https:\/\/buletin.de\/bucuresti\/?p=44890"},"modified":"2022-07-25T09:46:00","modified_gmt":"2022-07-25T07:46:00","slug":"pasajul-europa-unita-primele-grinzi-ale-tablierului-metalic-de-500-de-tone-au-ajuns-la-bucuresti","status":"publish","type":"post","link":"https:\/\/buletin.de\/bucuresti\/pasajul-europa-unita-primele-grinzi-ale-tablierului-metalic-de-500-de-tone-au-ajuns-la-bucuresti\/","title":{"rendered":"Pasajul \u201eEuropa Unit\u0103\u201d: primele grinzi ale tablierului metalic de 500 de tone au ajuns la Bucure\u0219ti"},"content":{"rendered":"\n<p>Construc\u021bia pasajului \u201eEuropa Unit\u0103\u201d trece \u00een cea mai important\u0103 faz\u0103 \u0219i anume: montarea tablierului metalic, potrivit unui comunicat de pres\u0103. Grinzile de 30 de metri lungime au ajuns \u00een Bucure\u0219ti, duminic\u0103 seara, cu dou\u0103 trenuri de mare capacitate.<\/p>\n\n\n\n<p>Lungimea construc\u021biei realizat\u0103 de Prim\u0103ria Sectorului 4 la intersec\u021bia dintre Bd. Metalurgiei cu strada Turnu M\u0103gurele va fi de 650 de metri, cu dou\u0103 benzi de circula\u021bie pe fiecare sens \u0219i va contribui la fluidizarea traficului din Capital\u0103.<\/p>\n\n\n\n<figure class=\"wp-block-image size-large is-resized\"><img fetchpriority=\"high\" decoding=\"async\" src=\"data:image\/gif;base64,R0lGODlhAQABAAAAACH5BAEKAAEALAAAAAABAAEAAAICTAEAOw==\" data-src=\"https:\/\/buletin.de\/bucuresti\/wp-content\/uploads\/foto-3-900x551.jpg\" alt=\"\" class=\"wp-image-44892 lazyload\" width=\"598\" height=\"366\" data-sizes=\"auto\" data-srcset=\"https:\/\/buletin.de\/bucuresti\/wp-content\/uploads\/foto-3-900x551.jpg 900w, https:\/\/buletin.de\/bucuresti\/wp-content\/uploads\/foto-3-300x184.jpg 300w, https:\/\/buletin.de\/bucuresti\/wp-content\/uploads\/foto-3-768x470.jpg 768w, https:\/\/buletin.de\/bucuresti\/wp-content\/uploads\/foto-3-1536x940.jpg 1536w, https:\/\/buletin.de\/bucuresti\/wp-content\/uploads\/foto-3-1060x648.jpg 1060w, https:\/\/buletin.de\/bucuresti\/wp-content\/uploads\/foto-3-550x336.jpg 550w, https:\/\/buletin.de\/bucuresti\/wp-content\/uploads\/foto-3-817x500.jpg 817w, https:\/\/buletin.de\/bucuresti\/wp-content\/uploads\/foto-3-600x367.jpg 600w, https:\/\/buletin.de\/bucuresti\/wp-content\/uploads\/foto-3.jpg 1749w\" sizes=\"(max-width: 598px) 100vw, 598px\" \/><figcaption>Surs\u0103 foto: Prim\u0103ria Sectorului 4<\/figcaption><\/figure>\n\n\n\n<p>\u201ePasajul \u201dEuropa Unit\u0103\u201d este proiectat cu trei deschideri, iar noaptea trecut\u0103 s-a montat prima por\u021biune, pentru aceasta folosindu-se o structur\u0103 intermediar\u0103 \u0219i provizorie de sus\u021binere pe care au fost sprijinite grinzile tablierului, cu o lungime de 30 de metri fiecare\u201d, potrivit Prim\u0103riei Sectorului 4. Urmeaz\u0103 s\u0103 se procedeze la fel \u0219i la celelalte dou\u0103 deschideri, iar ulterior s\u0103 se amenajeze c\u0103ile pentru circula\u021bie.<\/p>\n\n\n\n<p>Structura de rezisten\u021b\u0103 a construc\u021biei a fost finalizat\u0103, prin montarea celor patru piloni de sus\u021binere ai pasajului \u0219i a fost testat\u0103 rezisten\u021ba celor 32 de coloane din structura de baz\u0103 a construc\u021biei. Ulterior, au fost realizate funda\u021biile pilonilor de sus\u021binere.<\/p>\n\n\n\n<figure class=\"wp-block-image size-large is-resized\"><img decoding=\"async\" src=\"data:image\/gif;base64,R0lGODlhAQABAAAAACH5BAEKAAEALAAAAAABAAEAAAICTAEAOw==\" data-src=\"https:\/\/buletin.de\/bucuresti\/wp-content\/uploads\/foto-4-1536x917-1-900x537.jpg\" alt=\"\" class=\"wp-image-44893 lazyload\" width=\"616\" height=\"367\" data-sizes=\"auto\" data-srcset=\"https:\/\/buletin.de\/bucuresti\/wp-content\/uploads\/foto-4-1536x917-1-900x537.jpg 900w, https:\/\/buletin.de\/bucuresti\/wp-content\/uploads\/foto-4-1536x917-1-300x179.jpg 300w, https:\/\/buletin.de\/bucuresti\/wp-content\/uploads\/foto-4-1536x917-1-768x459.jpg 768w, https:\/\/buletin.de\/bucuresti\/wp-content\/uploads\/foto-4-1536x917-1-1060x633.jpg 1060w, https:\/\/buletin.de\/bucuresti\/wp-content\/uploads\/foto-4-1536x917-1-550x328.jpg 550w, https:\/\/buletin.de\/bucuresti\/wp-content\/uploads\/foto-4-1536x917-1-838x500.jpg 838w, https:\/\/buletin.de\/bucuresti\/wp-content\/uploads\/foto-4-1536x917-1-600x358.jpg 600w, https:\/\/buletin.de\/bucuresti\/wp-content\/uploads\/foto-4-1536x917-1.jpg 1536w\" sizes=\"(max-width: 616px) 100vw, 616px\" \/><figcaption>Surs\u0103 foto: Prim\u0103ria Sectorului 4<\/figcaption><\/figure>\n\n\n\n<p>Lucr\u0103rile la pasajul \u201eEuropa Unit\u0103\u201d au \u00eenceput \u00een luna februarie \u0219i vor fi finalizate \u00een toamna anului viitor. Este unul dintre cele mai importante proiecte de infrastructur\u0103 ale Bucure\u0219tiului, care pe l\u00e2ng\u0103 fluidizarea traficului, urmeaz\u0103 s\u0103 devin\u0103 \u0219i o atrac\u021bie datorit\u0103 aspectului s\u0103u avangardist.<\/p>\n\n\n\n<p>Surs\u0103 foto: Prim\u0103ria Sectorului 4<\/p>\n","protected":false},"excerpt":{"rendered":"<p>Construc\u021bia pasajului \u201eEuropa Unit\u0103\u201d trece \u00een cea mai important\u0103 faz\u0103 \u0219i anume: montarea tablierului metalic, potrivit unui comunicat de pres\u0103. Grinzile de 30 de metri lungime au ajuns \u00een Bucure\u0219ti, duminic\u0103 seara, cu dou\u0103 trenuri de mare capacitate. Lungimea construc\u021biei realizat\u0103 de Prim\u0103ria Sectorului 4 la intersec\u021bia dintre Bd. Metalurgiei cu strada Turnu M\u0103gurele va [&hellip;]<\/p>\n","protected":false},"author":42,"featured_media":44891,"comment_status":"closed","ping_status":"open","sticky":false,"template":"","format":"standard","meta":{"_acf_changed":false,"inline_featured_image":false,"ngg_post_thumbnail":0,"footnotes":""},"categories":[62],"tags":[381,4370,765,58],"ppma_author":[22603],"class_list":["post-44890","post","type-post","status-publish","format-standard","has-post-thumbnail","hentry","category-stiri","tag-constructie","tag-pasajul-europa-unita","tag-sector-4","tag-trafic"],"acf":[],"yoast_head":"<!-- This site is optimized with the Yoast SEO Premium plugin v25.3 (Yoast SEO v27.5) - https:\/\/yoast.com\/product\/yoast-seo-premium-wordpress\/ -->\n<title>Pasajul \u201eEuropa Unit\u0103\u201d: primele grinzi ale tablierului metalic de 500 de tone au ajuns la Bucure\u0219ti - Buletin de Bucure\u0219ti<\/title>\n<meta name=\"robots\" content=\"index, follow, max-snippet:-1, max-image-preview:large, max-video-preview:-1\" \/>\n<link rel=\"canonical\" href=\"https:\/\/buletin.de\/bucuresti\/pasajul-europa-unita-primele-grinzi-ale-tablierului-metalic-de-500-de-tone-au-ajuns-la-bucuresti\/\" \/>\n<meta property=\"og:locale\" content=\"en_GB\" \/>\n<meta property=\"og:type\" content=\"article\" \/>\n<meta property=\"og:title\" content=\"Pasajul \u201eEuropa Unit\u0103\u201d: primele grinzi ale tablierului metalic de 500 de tone au ajuns la Bucure\u0219ti\" \/>\n<meta property=\"og:description\" content=\"Construc\u021bia pasajului \u201eEuropa Unit\u0103\u201d trece \u00een cea mai important\u0103 faz\u0103 \u0219i anume: montarea tablierului metalic, potrivit unui comunicat de pres\u0103. Grinzile de 30 de metri lungime au ajuns \u00een Bucure\u0219ti, duminic\u0103 seara, cu dou\u0103 trenuri de mare capacitate. Lungimea construc\u021biei realizat\u0103 de Prim\u0103ria Sectorului 4 la intersec\u021bia dintre Bd. Metalurgiei cu strada Turnu M\u0103gurele va [&hellip;]\" \/>\n<meta property=\"og:url\" content=\"https:\/\/buletin.de\/bucuresti\/pasajul-europa-unita-primele-grinzi-ale-tablierului-metalic-de-500-de-tone-au-ajuns-la-bucuresti\/\" \/>\n<meta property=\"og:site_name\" content=\"Buletin de Bucure\u0219ti\" \/>\n<meta property=\"article:publisher\" content=\"https:\/\/www.facebook.com\/buletin.de.buc\" \/>\n<meta property=\"article:published_time\" content=\"2022-07-25T07:45:58+00:00\" \/>\n<meta property=\"article:modified_time\" content=\"2022-07-25T07:46:00+00:00\" \/>\n<meta property=\"og:image\" content=\"https:\/\/buletin.de\/bucuresti\/wp-content\/uploads\/foto-1-1536x911-1.jpg\" \/>\n\t<meta property=\"og:image:width\" content=\"1536\" \/>\n\t<meta property=\"og:image:height\" content=\"911\" \/>\n\t<meta property=\"og:image:type\" content=\"image\/jpeg\" \/>\n<meta name=\"author\" content=\"Andra Mure\u0219an\" \/>\n<meta name=\"twitter:card\" content=\"summary_large_image\" \/>\n<meta name=\"twitter:label1\" content=\"Written by\" \/>\n\t<meta name=\"twitter:data1\" content=\"Andra Mure\u0219an\" \/>\n\t<meta name=\"twitter:label2\" content=\"Estimated reading time\" \/>\n\t<meta name=\"twitter:data2\" content=\"2 minutes\" \/>\n<script type=\"application\/ld+json\" class=\"yoast-schema-graph\">{\"@context\":\"https:\\\/\\\/schema.org\",\"@graph\":[{\"@type\":\"Article\",\"@id\":\"https:\\\/\\\/buletin.de\\\/bucuresti\\\/pasajul-europa-unita-primele-grinzi-ale-tablierului-metalic-de-500-de-tone-au-ajuns-la-bucuresti\\\/#article\",\"isPartOf\":{\"@id\":\"https:\\\/\\\/buletin.de\\\/bucuresti\\\/pasajul-europa-unita-primele-grinzi-ale-tablierului-metalic-de-500-de-tone-au-ajuns-la-bucuresti\\\/\"},\"author\":{\"name\":\"Andra Mure\u0219an\",\"@id\":\"https:\\\/\\\/buletin.de\\\/bucuresti\\\/#\\\/schema\\\/person\\\/2305426a193cfbaadc0b30023ee5d01c\"},\"headline\":\"Pasajul \u201eEuropa Unit\u0103\u201d: primele grinzi ale tablierului metalic de 500 de tone au ajuns la Bucure\u0219ti\",\"datePublished\":\"2022-07-25T07:45:58+00:00\",\"dateModified\":\"2022-07-25T07:46:00+00:00\",\"mainEntityOfPage\":{\"@id\":\"https:\\\/\\\/buletin.de\\\/bucuresti\\\/pasajul-europa-unita-primele-grinzi-ale-tablierului-metalic-de-500-de-tone-au-ajuns-la-bucuresti\\\/\"},\"wordCount\":271,\"publisher\":{\"@id\":\"https:\\\/\\\/buletin.de\\\/bucuresti\\\/#organization\"},\"image\":{\"@id\":\"https:\\\/\\\/buletin.de\\\/bucuresti\\\/pasajul-europa-unita-primele-grinzi-ale-tablierului-metalic-de-500-de-tone-au-ajuns-la-bucuresti\\\/#primaryimage\"},\"thumbnailUrl\":\"https:\\\/\\\/buletin.de\\\/bucuresti\\\/wp-content\\\/uploads\\\/foto-1-1536x911-1.jpg\",\"keywords\":[\"constructie\",\"pasajul europa unita\",\"Sector 4\",\"trafic\"],\"articleSection\":[\"\u0218tiri\"],\"inLanguage\":\"en-GB\",\"copyrightYear\":\"2022\",\"copyrightHolder\":{\"@id\":\"https:\\\/\\\/buletin.de\\\/bucuresti\\\/#organization\"}},{\"@type\":\"WebPage\",\"@id\":\"https:\\\/\\\/buletin.de\\\/bucuresti\\\/pasajul-europa-unita-primele-grinzi-ale-tablierului-metalic-de-500-de-tone-au-ajuns-la-bucuresti\\\/\",\"url\":\"https:\\\/\\\/buletin.de\\\/bucuresti\\\/pasajul-europa-unita-primele-grinzi-ale-tablierului-metalic-de-500-de-tone-au-ajuns-la-bucuresti\\\/\",\"name\":\"Pasajul \u201eEuropa Unit\u0103\u201d: primele grinzi ale tablierului metalic de 500 de tone au ajuns la Bucure\u0219ti - Buletin de Bucure\u0219ti\",\"isPartOf\":{\"@id\":\"https:\\\/\\\/buletin.de\\\/bucuresti\\\/#website\"},\"primaryImageOfPage\":{\"@id\":\"https:\\\/\\\/buletin.de\\\/bucuresti\\\/pasajul-europa-unita-primele-grinzi-ale-tablierului-metalic-de-500-de-tone-au-ajuns-la-bucuresti\\\/#primaryimage\"},\"image\":{\"@id\":\"https:\\\/\\\/buletin.de\\\/bucuresti\\\/pasajul-europa-unita-primele-grinzi-ale-tablierului-metalic-de-500-de-tone-au-ajuns-la-bucuresti\\\/#primaryimage\"},\"thumbnailUrl\":\"https:\\\/\\\/buletin.de\\\/bucuresti\\\/wp-content\\\/uploads\\\/foto-1-1536x911-1.jpg\",\"datePublished\":\"2022-07-25T07:45:58+00:00\",\"dateModified\":\"2022-07-25T07:46:00+00:00\",\"breadcrumb\":{\"@id\":\"https:\\\/\\\/buletin.de\\\/bucuresti\\\/pasajul-europa-unita-primele-grinzi-ale-tablierului-metalic-de-500-de-tone-au-ajuns-la-bucuresti\\\/#breadcrumb\"},\"inLanguage\":\"en-GB\",\"potentialAction\":[{\"@type\":\"ReadAction\",\"target\":[\"https:\\\/\\\/buletin.de\\\/bucuresti\\\/pasajul-europa-unita-primele-grinzi-ale-tablierului-metalic-de-500-de-tone-au-ajuns-la-bucuresti\\\/\"]}]},{\"@type\":\"ImageObject\",\"inLanguage\":\"en-GB\",\"@id\":\"https:\\\/\\\/buletin.de\\\/bucuresti\\\/pasajul-europa-unita-primele-grinzi-ale-tablierului-metalic-de-500-de-tone-au-ajuns-la-bucuresti\\\/#primaryimage\",\"url\":\"https:\\\/\\\/buletin.de\\\/bucuresti\\\/wp-content\\\/uploads\\\/foto-1-1536x911-1.jpg\",\"contentUrl\":\"https:\\\/\\\/buletin.de\\\/bucuresti\\\/wp-content\\\/uploads\\\/foto-1-1536x911-1.jpg\",\"width\":1536,\"height\":911},{\"@type\":\"BreadcrumbList\",\"@id\":\"https:\\\/\\\/buletin.de\\\/bucuresti\\\/pasajul-europa-unita-primele-grinzi-ale-tablierului-metalic-de-500-de-tone-au-ajuns-la-bucuresti\\\/#breadcrumb\",\"itemListElement\":[{\"@type\":\"ListItem\",\"position\":1,\"name\":\"Acas\u0103\",\"item\":\"https:\\\/\\\/buletin.de\\\/bucuresti\\\/\"},{\"@type\":\"ListItem\",\"position\":2,\"name\":\"Pasajul \u201eEuropa Unit\u0103\u201d: primele grinzi ale tablierului metalic de 500 de tone au ajuns la Bucure\u0219ti\"}]},{\"@type\":\"WebSite\",\"@id\":\"https:\\\/\\\/buletin.de\\\/bucuresti\\\/#website\",\"url\":\"https:\\\/\\\/buletin.de\\\/bucuresti\\\/\",\"name\":\"Buletin de Bucure\u0219ti\",\"description\":\"\u0218tiri \u0219i investiga\u021bii esen\u021biale din capital\u0103\",\"publisher\":{\"@id\":\"https:\\\/\\\/buletin.de\\\/bucuresti\\\/#organization\"},\"potentialAction\":[{\"@type\":\"SearchAction\",\"target\":{\"@type\":\"EntryPoint\",\"urlTemplate\":\"https:\\\/\\\/buletin.de\\\/bucuresti\\\/?s={search_term_string}\"},\"query-input\":{\"@type\":\"PropertyValueSpecification\",\"valueRequired\":true,\"valueName\":\"search_term_string\"}}],\"inLanguage\":\"en-GB\"},{\"@type\":\"Organization\",\"@id\":\"https:\\\/\\\/buletin.de\\\/bucuresti\\\/#organization\",\"name\":\"Buletin de Bucure\u0219ti\",\"url\":\"https:\\\/\\\/buletin.de\\\/bucuresti\\\/\",\"logo\":{\"@type\":\"ImageObject\",\"inLanguage\":\"en-GB\",\"@id\":\"https:\\\/\\\/buletin.de\\\/bucuresti\\\/#\\\/schema\\\/logo\\\/image\\\/\",\"url\":\"https:\\\/\\\/buletin.de\\\/bucuresti\\\/wp-content\\\/uploads\\\/logo-bdb-full-wide-vernil-transparent.png\",\"contentUrl\":\"https:\\\/\\\/buletin.de\\\/bucuresti\\\/wp-content\\\/uploads\\\/logo-bdb-full-wide-vernil-transparent.png\",\"width\":1782,\"height\":626,\"caption\":\"Buletin de Bucure\u0219ti\"},\"image\":{\"@id\":\"https:\\\/\\\/buletin.de\\\/bucuresti\\\/#\\\/schema\\\/logo\\\/image\\\/\"},\"sameAs\":[\"https:\\\/\\\/www.facebook.com\\\/buletin.de.buc\",\"https:\\\/\\\/www.instagram.com\\\/buletinde.bucuresti\\\/\"]},{\"@type\":\"Person\",\"@id\":\"https:\\\/\\\/buletin.de\\\/bucuresti\\\/#\\\/schema\\\/person\\\/2305426a193cfbaadc0b30023ee5d01c\",\"name\":\"Andra Mure\u0219an\",\"image\":{\"@type\":\"ImageObject\",\"inLanguage\":\"en-GB\",\"@id\":\"https:\\\/\\\/secure.gravatar.com\\\/avatar\\\/0f89940de76acadc8ab9c36e6cec5b672fc84ab1bf1537562fa8584e29dfa8a5?s=96&d=monsterid&r=g30a40ed95e1c0fc67315c6f2c6fa871e\",\"url\":\"https:\\\/\\\/secure.gravatar.com\\\/avatar\\\/0f89940de76acadc8ab9c36e6cec5b672fc84ab1bf1537562fa8584e29dfa8a5?s=96&d=monsterid&r=g\",\"contentUrl\":\"https:\\\/\\\/secure.gravatar.com\\\/avatar\\\/0f89940de76acadc8ab9c36e6cec5b672fc84ab1bf1537562fa8584e29dfa8a5?s=96&d=monsterid&r=g\",\"caption\":\"Andra Mure\u0219an\"},\"url\":\"https:\\\/\\\/buletin.de\\\/bucuresti\\\/author\\\/andra\\\/\"}]}<\/script>\n<!-- \/ Yoast SEO Premium plugin. -->","yoast_head_json":{"title":"Pasajul \u201eEuropa Unit\u0103\u201d: primele grinzi ale tablierului metalic de 500 de tone au ajuns la Bucure\u0219ti - Buletin de Bucure\u0219ti","robots":{"index":"index","follow":"follow","max-snippet":"max-snippet:-1","max-image-preview":"max-image-preview:large","max-video-preview":"max-video-preview:-1"},"canonical":"https:\/\/buletin.de\/bucuresti\/pasajul-europa-unita-primele-grinzi-ale-tablierului-metalic-de-500-de-tone-au-ajuns-la-bucuresti\/","og_locale":"en_GB","og_type":"article","og_title":"Pasajul \u201eEuropa Unit\u0103\u201d: primele grinzi ale tablierului metalic de 500 de tone au ajuns la Bucure\u0219ti","og_description":"Construc\u021bia pasajului \u201eEuropa Unit\u0103\u201d trece \u00een cea mai important\u0103 faz\u0103 \u0219i anume: montarea tablierului metalic, potrivit unui comunicat de pres\u0103. Grinzile de 30 de metri lungime au ajuns \u00een Bucure\u0219ti, duminic\u0103 seara, cu dou\u0103 trenuri de mare capacitate. Lungimea construc\u021biei realizat\u0103 de Prim\u0103ria Sectorului 4 la intersec\u021bia dintre Bd. Metalurgiei cu strada Turnu M\u0103gurele va [&hellip;]","og_url":"https:\/\/buletin.de\/bucuresti\/pasajul-europa-unita-primele-grinzi-ale-tablierului-metalic-de-500-de-tone-au-ajuns-la-bucuresti\/","og_site_name":"Buletin de Bucure\u0219ti","article_publisher":"https:\/\/www.facebook.com\/buletin.de.buc","article_published_time":"2022-07-25T07:45:58+00:00","article_modified_time":"2022-07-25T07:46:00+00:00","og_image":[{"width":1536,"height":911,"url":"https:\/\/buletin.de\/bucuresti\/wp-content\/uploads\/foto-1-1536x911-1.jpg","type":"image\/jpeg"}],"author":"Andra Mure\u0219an","twitter_card":"summary_large_image","twitter_misc":{"Written by":"Andra Mure\u0219an","Estimated reading time":"2 minutes"},"schema":{"@context":"https:\/\/schema.org","@graph":[{"@type":"Article","@id":"https:\/\/buletin.de\/bucuresti\/pasajul-europa-unita-primele-grinzi-ale-tablierului-metalic-de-500-de-tone-au-ajuns-la-bucuresti\/#article","isPartOf":{"@id":"https:\/\/buletin.de\/bucuresti\/pasajul-europa-unita-primele-grinzi-ale-tablierului-metalic-de-500-de-tone-au-ajuns-la-bucuresti\/"},"author":{"name":"Andra Mure\u0219an","@id":"https:\/\/buletin.de\/bucuresti\/#\/schema\/person\/2305426a193cfbaadc0b30023ee5d01c"},"headline":"Pasajul \u201eEuropa Unit\u0103\u201d: primele grinzi ale tablierului metalic de 500 de tone au ajuns la Bucure\u0219ti","datePublished":"2022-07-25T07:45:58+00:00","dateModified":"2022-07-25T07:46:00+00:00","mainEntityOfPage":{"@id":"https:\/\/buletin.de\/bucuresti\/pasajul-europa-unita-primele-grinzi-ale-tablierului-metalic-de-500-de-tone-au-ajuns-la-bucuresti\/"},"wordCount":271,"publisher":{"@id":"https:\/\/buletin.de\/bucuresti\/#organization"},"image":{"@id":"https:\/\/buletin.de\/bucuresti\/pasajul-europa-unita-primele-grinzi-ale-tablierului-metalic-de-500-de-tone-au-ajuns-la-bucuresti\/#primaryimage"},"thumbnailUrl":"https:\/\/buletin.de\/bucuresti\/wp-content\/uploads\/foto-1-1536x911-1.jpg","keywords":["constructie","pasajul europa unita","Sector 4","trafic"],"articleSection":["\u0218tiri"],"inLanguage":"en-GB","copyrightYear":"2022","copyrightHolder":{"@id":"https:\/\/buletin.de\/bucuresti\/#organization"}},{"@type":"WebPage","@id":"https:\/\/buletin.de\/bucuresti\/pasajul-europa-unita-primele-grinzi-ale-tablierului-metalic-de-500-de-tone-au-ajuns-la-bucuresti\/","url":"https:\/\/buletin.de\/bucuresti\/pasajul-europa-unita-primele-grinzi-ale-tablierului-metalic-de-500-de-tone-au-ajuns-la-bucuresti\/","name":"Pasajul \u201eEuropa Unit\u0103\u201d: primele grinzi ale tablierului metalic de 500 de tone au ajuns la Bucure\u0219ti - Buletin de Bucure\u0219ti","isPartOf":{"@id":"https:\/\/buletin.de\/bucuresti\/#website"},"primaryImageOfPage":{"@id":"https:\/\/buletin.de\/bucuresti\/pasajul-europa-unita-primele-grinzi-ale-tablierului-metalic-de-500-de-tone-au-ajuns-la-bucuresti\/#primaryimage"},"image":{"@id":"https:\/\/buletin.de\/bucuresti\/pasajul-europa-unita-primele-grinzi-ale-tablierului-metalic-de-500-de-tone-au-ajuns-la-bucuresti\/#primaryimage"},"thumbnailUrl":"https:\/\/buletin.de\/bucuresti\/wp-content\/uploads\/foto-1-1536x911-1.jpg","datePublished":"2022-07-25T07:45:58+00:00","dateModified":"2022-07-25T07:46:00+00:00","breadcrumb":{"@id":"https:\/\/buletin.de\/bucuresti\/pasajul-europa-unita-primele-grinzi-ale-tablierului-metalic-de-500-de-tone-au-ajuns-la-bucuresti\/#breadcrumb"},"inLanguage":"en-GB","potentialAction":[{"@type":"ReadAction","target":["https:\/\/buletin.de\/bucuresti\/pasajul-europa-unita-primele-grinzi-ale-tablierului-metalic-de-500-de-tone-au-ajuns-la-bucuresti\/"]}]},{"@type":"ImageObject","inLanguage":"en-GB","@id":"https:\/\/buletin.de\/bucuresti\/pasajul-europa-unita-primele-grinzi-ale-tablierului-metalic-de-500-de-tone-au-ajuns-la-bucuresti\/#primaryimage","url":"https:\/\/buletin.de\/bucuresti\/wp-content\/uploads\/foto-1-1536x911-1.jpg","contentUrl":"https:\/\/buletin.de\/bucuresti\/wp-content\/uploads\/foto-1-1536x911-1.jpg","width":1536,"height":911},{"@type":"BreadcrumbList","@id":"https:\/\/buletin.de\/bucuresti\/pasajul-europa-unita-primele-grinzi-ale-tablierului-metalic-de-500-de-tone-au-ajuns-la-bucuresti\/#breadcrumb","itemListElement":[{"@type":"ListItem","position":1,"name":"Acas\u0103","item":"https:\/\/buletin.de\/bucuresti\/"},{"@type":"ListItem","position":2,"name":"Pasajul \u201eEuropa Unit\u0103\u201d: primele grinzi ale tablierului metalic de 500 de tone au ajuns la Bucure\u0219ti"}]},{"@type":"WebSite","@id":"https:\/\/buletin.de\/bucuresti\/#website","url":"https:\/\/buletin.de\/bucuresti\/","name":"Buletin de Bucure\u0219ti","description":"\u0218tiri \u0219i investiga\u021bii esen\u021biale din capital\u0103","publisher":{"@id":"https:\/\/buletin.de\/bucuresti\/#organization"},"potentialAction":[{"@type":"SearchAction","target":{"@type":"EntryPoint","urlTemplate":"https:\/\/buletin.de\/bucuresti\/?s={search_term_string}"},"query-input":{"@type":"PropertyValueSpecification","valueRequired":true,"valueName":"search_term_string"}}],"inLanguage":"en-GB"},{"@type":"Organization","@id":"https:\/\/buletin.de\/bucuresti\/#organization","name":"Buletin de Bucure\u0219ti","url":"https:\/\/buletin.de\/bucuresti\/","logo":{"@type":"ImageObject","inLanguage":"en-GB","@id":"https:\/\/buletin.de\/bucuresti\/#\/schema\/logo\/image\/","url":"https:\/\/buletin.de\/bucuresti\/wp-content\/uploads\/logo-bdb-full-wide-vernil-transparent.png","contentUrl":"https:\/\/buletin.de\/bucuresti\/wp-content\/uploads\/logo-bdb-full-wide-vernil-transparent.png","width":1782,"height":626,"caption":"Buletin de Bucure\u0219ti"},"image":{"@id":"https:\/\/buletin.de\/bucuresti\/#\/schema\/logo\/image\/"},"sameAs":["https:\/\/www.facebook.com\/buletin.de.buc","https:\/\/www.instagram.com\/buletinde.bucuresti\/"]},{"@type":"Person","@id":"https:\/\/buletin.de\/bucuresti\/#\/schema\/person\/2305426a193cfbaadc0b30023ee5d01c","name":"Andra Mure\u0219an","image":{"@type":"ImageObject","inLanguage":"en-GB","@id":"https:\/\/secure.gravatar.com\/avatar\/0f89940de76acadc8ab9c36e6cec5b672fc84ab1bf1537562fa8584e29dfa8a5?s=96&d=monsterid&r=g30a40ed95e1c0fc67315c6f2c6fa871e","url":"https:\/\/secure.gravatar.com\/avatar\/0f89940de76acadc8ab9c36e6cec5b672fc84ab1bf1537562fa8584e29dfa8a5?s=96&d=monsterid&r=g","contentUrl":"https:\/\/secure.gravatar.com\/avatar\/0f89940de76acadc8ab9c36e6cec5b672fc84ab1bf1537562fa8584e29dfa8a5?s=96&d=monsterid&r=g","caption":"Andra Mure\u0219an"},"url":"https:\/\/buletin.de\/bucuresti\/author\/andra\/"}]}},"authors":[{"term_id":22603,"user_id":42,"is_guest":0,"slug":"andra","display_name":"Andra Mure\u0219an","avatar_url":"https:\/\/secure.gravatar.com\/avatar\/0f89940de76acadc8ab9c36e6cec5b672fc84ab1bf1537562fa8584e29dfa8a5?s=96&d=monsterid&r=g","0":null,"1":"","2":"","3":"","4":"","5":"","6":"","7":"","8":""}],"_links":{"self":[{"href":"https:\/\/buletin.de\/bucuresti\/wp-json\/wp\/v2\/posts\/44890","targetHints":{"allow":["GET"]}}],"collection":[{"href":"https:\/\/buletin.de\/bucuresti\/wp-json\/wp\/v2\/posts"}],"about":[{"href":"https:\/\/buletin.de\/bucuresti\/wp-json\/wp\/v2\/types\/post"}],"author":[{"embeddable":true,"href":"https:\/\/buletin.de\/bucuresti\/wp-json\/wp\/v2\/users\/42"}],"replies":[{"embeddable":true,"href":"https:\/\/buletin.de\/bucuresti\/wp-json\/wp\/v2\/comments?post=44890"}],"version-history":[{"count":1,"href":"https:\/\/buletin.de\/bucuresti\/wp-json\/wp\/v2\/posts\/44890\/revisions"}],"predecessor-version":[{"id":44894,"href":"https:\/\/buletin.de\/bucuresti\/wp-json\/wp\/v2\/posts\/44890\/revisions\/44894"}],"wp:featuredmedia":[{"embeddable":true,"href":"https:\/\/buletin.de\/bucuresti\/wp-json\/wp\/v2\/media\/44891"}],"wp:attachment":[{"href":"https:\/\/buletin.de\/bucuresti\/wp-json\/wp\/v2\/media?parent=44890"}],"wp:term":[{"taxonomy":"category","embeddable":true,"href":"https:\/\/buletin.de\/bucuresti\/wp-json\/wp\/v2\/categories?post=44890"},{"taxonomy":"post_tag","embeddable":true,"href":"https:\/\/buletin.de\/bucuresti\/wp-json\/wp\/v2\/tags?post=44890"},{"taxonomy":"author","embeddable":true,"href":"https:\/\/buletin.de\/bucuresti\/wp-json\/wp\/v2\/ppma_author?post=44890"}],"curies":[{"name":"wp","href":"https:\/\/api.w.org\/{rel}","templated":true}]}}