{"id":44880,"date":"2022-07-24T13:38:10","date_gmt":"2022-07-24T11:38:10","guid":{"rendered":"https:\/\/buletin.de\/bucuresti\/?p=44880"},"modified":"2022-07-24T13:38:11","modified_gmt":"2022-07-24T11:38:11","slug":"bugetare-participativa-bucurestenii-au-ales-plantarea-de-arbori-pe-bulevardul-regina-elisabeta-si-sterilizarea-a-3000-de-pisici","status":"publish","type":"post","link":"https:\/\/buletin.de\/bucuresti\/bugetare-participativa-bucurestenii-au-ales-plantarea-de-arbori-pe-bulevardul-regina-elisabeta-si-sterilizarea-a-3000-de-pisici\/","title":{"rendered":"Bugetare participativ\u0103 | Bucure\u0219tenii au ales  plantarea de arbori pe Bulevardul Regina Elisabeta \u0219i sterilizarea a 3000 de pisici"},"content":{"rendered":"\n<p><strong><strong>Prim\u0103ria Capitalei a anun\u021bat, ast\u0103zi, care sunt proiectele c\u00e2\u0219tig\u0103toare \u00eenscrise \u00een procesul de bugetare participativ\u0103. \u201eCoroan\u0103 verde pentru Regina Elisabeta\u201c \u0219i \u201e3600 de steriliz\u0103ri pentru pisicile hoinare ale Bucure\u0219tiului \u015fi pentru comunitate\u201c sunt cele dou\u0103 proiecte care vor primi 500 de mii de lei pentru a fi implementate.&nbsp;<\/strong><\/strong><\/p>\n\n\n\n<h2 class=\"wp-block-heading\"><strong>Coroan\u0103 verde pentru Regina Elisabeta<\/strong><\/h2>\n\n\n\n<p>\u201eCoroan\u0103 verde pentru Regina Elisabeta\u201c urmeaz\u0103 s\u0103 primeasc\u0103 de la PMB 500 de mii de lei \u0219i va fi executat de Administra\u021bia Lacuri, Parcuri \u0219i Agrement Bucure\u0219ti (ALPAB). <\/p>\n\n\n\n<p>Conform descrierii proiectului, acesta urmeaz\u0103 s\u0103 fie implementat \u00een trei luni \u0219i \u00ee\u0219i propune s\u0103 \u00eenl\u0103ture r\u0103d\u0103cinile pomilor usca\u021bi din alveolele de pe bulevard, dar \u0219i repararea acestora, unde este cazul. \u00cen locul pomilor usca\u021bi vor fi replanta\u021bi altii, iar pentru toate acestea este necesar un studiu DALI \u0219i achizi\u021bionarea unor arbori maturi, rezisten\u021bi, astfel \u00eenc\u00e2t bulevardul s\u0103 \u00ee\u0219i recapete coroana verde \u00eentr-un timp mai scurt.&nbsp;<\/p>\n\n\n\n<blockquote class=\"wp-block-quote is-layout-flow wp-block-quote-is-layout-flow\"><p>Din cauza lipsei arborilor, vara bulevardul devine un spa\u021biu extrem de neprietenos. Aspectul ne\u00eengrijit al spa\u021biilor verzi este nepl\u0103cut \u0219i scade calitatea spa\u021biului public. \u0218i toate astea \u00een centrul ora\u0219ului! Toate aceste elemente descurajeaz\u0103 traficul pietonal \u00een zon\u0103, iar acest lucru are un impact negativ asupra tuturor activit\u0103\u021bilor din zon\u0103: micile business-uri, restaurante sau expozi\u021bii de la parterul blocurilor sunt vizitate de pu\u021bini oameni.<\/p><cite>Se arat\u0103 \u00een descrierea proiectului <\/cite><\/blockquote>\n\n\n\n<figure class=\"wp-block-image size-large is-resized\"><a href=\"https:\/\/buletin.de\/bucuresti\/wp-content\/uploads\/coroana3-2.jpeg\"><img fetchpriority=\"high\" decoding=\"async\" src=\"data:image\/gif;base64,R0lGODlhAQABAAAAACH5BAEKAAEALAAAAAABAAEAAAICTAEAOw==\" data-src=\"https:\/\/buletin.de\/bucuresti\/wp-content\/uploads\/coroana3-2-900x568.jpeg\" alt=\"\" class=\"wp-image-44883 lazyload\" width=\"840\" height=\"530\" data-sizes=\"auto\" data-srcset=\"https:\/\/buletin.de\/bucuresti\/wp-content\/uploads\/coroana3-2-900x568.jpeg 900w, https:\/\/buletin.de\/bucuresti\/wp-content\/uploads\/coroana3-2-300x189.jpeg 300w, https:\/\/buletin.de\/bucuresti\/wp-content\/uploads\/coroana3-2-768x484.jpeg 768w, https:\/\/buletin.de\/bucuresti\/wp-content\/uploads\/coroana3-2-1060x669.jpeg 1060w, https:\/\/buletin.de\/bucuresti\/wp-content\/uploads\/coroana3-2-550x347.jpeg 550w, https:\/\/buletin.de\/bucuresti\/wp-content\/uploads\/coroana3-2-793x500.jpeg 793w, https:\/\/buletin.de\/bucuresti\/wp-content\/uploads\/coroana3-2-600x378.jpeg 600w, https:\/\/buletin.de\/bucuresti\/wp-content\/uploads\/coroana3-2.jpeg 1533w\" sizes=\"(max-width: 840px) 100vw, 840px\" \/><\/a><figcaption>Surs\u0103 Foto: Facebook, PMB <\/figcaption><\/figure>\n\n\n\n<h2 class=\"wp-block-heading\"><strong>3600 de steriliz\u0103ri pentru pisicile hoinare ale Bucure\u0219tiului \u015fi pentru comunitate<\/strong><\/h2>\n\n\n\n<p>De asemenea, proiectul \u201e3600 de steriliz\u0103ri pentru pisicile hoinare ale Bucure\u0219tiului \u015fi pentru comunitate\u201c urmeaz\u0103 s\u0103 primeasc\u0103 de la PMB 500 de mii de lei, si va fi implementat de Autoritatea pentru Supravegherea \u0219i Protec\u021bia Animalelor. <\/p>\n\n\n\n<p>Proiectul ca dura 12 luni \u0219i \u00ee\u0219i propune capturarea \u0219i sterilizarea a 600 de pisici din fiecare sector. Toate steriliz\u0103rile se vor efectua \u00een clinica mobil\u0103 autorizat\u0103. Animalele vor fi capturate de echipa care implementeaz\u0103 proiectul, \u00eempreun\u0103 cu parteneri, dac\u0103 este cazul, \u00eempreun\u0103 cu voluntari.\u00a0<\/p>\n\n\n\n<p>La final de proiect, \u00een iunie 2023, va fi organizat un eveniment de adop\u021bii \u0219i instruire bun\u0103stare animale \u00eempreun\u0103 cu organiza\u021bii de profil, speciali\u0219ti, medici veterinari, grupuri civice, autorit\u0103\u021bi locale.&nbsp;<\/p>\n\n\n\n<blockquote class=\"wp-block-quote is-layout-flow wp-block-quote-is-layout-flow\"><p>Imposibilitatea prinderii acestor feline ( din parcuri, sc\u0103ri \u0219i gr\u0103dini de bloc, zone de depozitare a de\u0219eurilor, locurile \u00een care reg\u0103sim cele mai amri comunit\u0103\u021bi de pisici,) duc la \u00eenmul\u021bire necontrolat\u0103 \u0219i de aici efectele expuse mai sus. propunem, \u00eempreun\u0103 cu grupuri de ac\u021biune local\u0103, voluntari, asocia\u021bii de proprietari s\u0103 ac\u021bion\u0103m exact \u00een aceste zone, innacesibile, zone identificate \u0219i prin consultarea membrilor comunit\u0103\u021bii.<\/p><cite>Se arat\u0103 \u00een descrierea proiectului <\/cite><\/blockquote>\n\n\n\n<figure class=\"wp-block-image size-full is-resized\"><a href=\"https:\/\/buletin.de\/bucuresti\/wp-content\/uploads\/74.jpeg\"><img decoding=\"async\" src=\"data:image\/gif;base64,R0lGODlhAQABAAAAACH5BAEKAAEALAAAAAABAAEAAAICTAEAOw==\" data-src=\"https:\/\/buletin.de\/bucuresti\/wp-content\/uploads\/74.jpeg\" alt=\"\" class=\"wp-image-44885 lazyload\" width=\"840\" height=\"431\" data-sizes=\"auto\" data-srcset=\"https:\/\/buletin.de\/bucuresti\/wp-content\/uploads\/74.jpeg 570w, https:\/\/buletin.de\/bucuresti\/wp-content\/uploads\/74-300x154.jpeg 300w, https:\/\/buletin.de\/bucuresti\/wp-content\/uploads\/74-550x283.jpeg 550w\" sizes=\"(max-width: 840px) 100vw, 840px\" \/><\/a><figcaption>Surs\u0103 Foto: Facebook, PMB <\/figcaption><\/figure>\n\n\n\n<p><\/p>\n\n\n\n<p><a href=\"https:\/\/buletin.de\/bucuresti\/bucurestenii-investesc-in-proiecte-verzi-proiectul-de-bugetare-participativa-are-4-castigatori\/\">Anul trecut,<\/a>&nbsp;au fost mai multe proiecte c\u00e2\u0219tig\u0103toarea, 4. Toate aceste proiecte au fost prietenoase cu mediul.<\/p>\n\n\n\n<p><em><strong>O oaz\u0103 de relaxare<\/strong>&nbsp;pentru pacien\u021bii Spitalului Clinic Prof. Dr. Theodor Burghele\u201d. Proiectul a ob\u021binut cel mai mare num\u0103r de voturi (1.159) \u0219i \u00ee\u0219i propune amenajarea unui spa\u021biu verde \u00een curtea spitalului men\u021bionat.<\/em><\/p>\n\n\n\n<p><em>\u201e<strong>Ciorile din Gr\u0103dina Ci\u0219migiu<\/strong>&nbsp;| Vecini cu aripi\u201d. Proiectul a ob\u021binut 1.111 voturi \u0219i are \u00een vedere rezolvarea problemei ciorilor din Ci\u0219migiu \u00eentr-un mod respectuos fa\u021b\u0103 de mediu.<\/em><\/p>\n\n\n\n<p><em>\u201e<strong>Infrastructur\u0103 pentru biciclete<\/strong>: marcaje, parc\u0103ri \u0219i sta\u021bii de reparat biciclete\u201d. Proiectul s-a clasat pe locul al treilea, cu 1.052 voturi \u0219i urm\u0103re\u0219te dezvoltarea mobilit\u0103\u021bii urbane prin intermediul bicicletelor<\/em>.<\/p>\n\n\n\n<p><em>\u201e<strong>Parc Freerun \u0219i Parkour<\/strong>&nbsp;pentru copii \u0219i adolescen\u021bi\u201d. Proiectul a primit 899 de voturi \u0219i vizeaz\u0103 crearea unui spa\u021biu de joac\u0103 \u0219i exerci\u021bii \u00een aer liber \u00een Parcul Regele Mihai I (Her\u0103str\u0103u)<\/em><\/p>\n\n\n\n<p>Surs\u0103 Foto: PMB<\/p>\n\n\n\n<p><strong>CITE\u0218TE \u0218I: <\/strong><\/p>\n\n\n\n<ul class=\"wp-block-list\"><li><a href=\"https:\/\/buletin.de\/bucuresti\/bugetare-participativa-la-primaria-capitalei-bucurestenii-pot-alege-din-opt-proiecte\/\">Bugetare participativ\u0103 la Prim\u0103ria Capitalei. Bucure\u0219tenii pot alege din opt proiecte<\/a><\/li><li><a href=\"https:\/\/buletin.de\/bucuresti\/bugetare-participativa-s6-picturi-murale-cu-vopsea-care-purifica-aerul-pereti-vegetali-si-gradini-verticale-trotuare-sigure-langa-scoli-cateva-dintre-cele-35-de-proiecte-selectate\/\">Bugetare Participativ\u0103 S6: Picturi murale cu vopsea care purific\u0103 aerul, Pere\u021bi vegetali \u0219i gr\u0103dini verticale, Trotuare sigure l\u00e2ng\u0103 \u0219coli, c\u00e2teva dintre cele 35 de proiecte selectate<\/a><\/li><\/ul>\n","protected":false},"excerpt":{"rendered":"<p>Prim\u0103ria Capitalei a anun\u021bat, ast\u0103zi, care sunt proiectele c\u00e2\u0219tig\u0103toare \u00eenscrise \u00een procesul de bugetare participativ\u0103. \u201eCoroan\u0103 verde pentru Regina Elisabeta\u201c \u0219i \u201e3600 de steriliz\u0103ri pentru pisicile hoinare ale Bucure\u0219tiului \u015fi pentru comunitate\u201c sunt cele dou\u0103 proiecte care vor primi 500 de mii de lei pentru a fi implementate.&nbsp; Coroan\u0103 verde pentru Regina Elisabeta \u201eCoroan\u0103 verde [&hellip;]<\/p>\n","protected":false},"author":17,"featured_media":44886,"comment_status":"closed","ping_status":"open","sticky":false,"template":"","format":"standard","meta":{"_acf_changed":false,"inline_featured_image":false,"ngg_post_thumbnail":0,"footnotes":""},"categories":[24],"tags":[],"ppma_author":[22576],"class_list":["post-44880","post","type-post","status-publish","format-standard","has-post-thumbnail","hentry","category-primarie"],"acf":[],"yoast_head":"<!-- This site is optimized with the Yoast SEO Premium plugin v25.3 (Yoast SEO v27.5) - https:\/\/yoast.com\/product\/yoast-seo-premium-wordpress\/ -->\n<title>Bugetare participativ\u0103 | Bucure\u0219tenii au ales plantarea de arbori pe Bulevardul Regina Elisabeta \u0219i sterilizarea a 3000 de pisici - Buletin de Bucure\u0219ti<\/title>\n<meta name=\"robots\" content=\"index, follow, max-snippet:-1, max-image-preview:large, max-video-preview:-1\" \/>\n<link rel=\"canonical\" href=\"https:\/\/buletin.de\/bucuresti\/bugetare-participativa-bucurestenii-au-ales-plantarea-de-arbori-pe-bulevardul-regina-elisabeta-si-sterilizarea-a-3000-de-pisici\/\" \/>\n<meta property=\"og:locale\" content=\"en_GB\" \/>\n<meta property=\"og:type\" content=\"article\" \/>\n<meta property=\"og:title\" content=\"Bugetare participativ\u0103 | Bucure\u0219tenii au ales plantarea de arbori pe Bulevardul Regina Elisabeta \u0219i sterilizarea a 3000 de pisici\" \/>\n<meta property=\"og:description\" content=\"Prim\u0103ria Capitalei a anun\u021bat, ast\u0103zi, care sunt proiectele c\u00e2\u0219tig\u0103toare \u00eenscrise \u00een procesul de bugetare participativ\u0103. \u201eCoroan\u0103 verde pentru Regina Elisabeta\u201c \u0219i \u201e3600 de steriliz\u0103ri pentru pisicile hoinare ale Bucure\u0219tiului \u015fi pentru comunitate\u201c sunt cele dou\u0103 proiecte care vor primi 500 de mii de lei pentru a fi implementate.&nbsp; Coroan\u0103 verde pentru Regina Elisabeta \u201eCoroan\u0103 verde [&hellip;]\" \/>\n<meta property=\"og:url\" content=\"https:\/\/buletin.de\/bucuresti\/bugetare-participativa-bucurestenii-au-ales-plantarea-de-arbori-pe-bulevardul-regina-elisabeta-si-sterilizarea-a-3000-de-pisici\/\" \/>\n<meta property=\"og:site_name\" content=\"Buletin de Bucure\u0219ti\" \/>\n<meta property=\"article:publisher\" content=\"https:\/\/www.facebook.com\/buletin.de.buc\" \/>\n<meta property=\"article:published_time\" content=\"2022-07-24T11:38:10+00:00\" \/>\n<meta property=\"article:modified_time\" content=\"2022-07-24T11:38:11+00:00\" \/>\n<meta property=\"og:image\" content=\"https:\/\/buletin.de\/bucuresti\/wp-content\/uploads\/BeFunky-collage-32.jpg\" \/>\n\t<meta property=\"og:image:width\" content=\"2000\" \/>\n\t<meta property=\"og:image:height\" content=\"769\" \/>\n\t<meta property=\"og:image:type\" content=\"image\/jpeg\" \/>\n<meta name=\"author\" content=\"Florin R\u00e2\u0219teiu\" \/>\n<meta name=\"twitter:card\" content=\"summary_large_image\" \/>\n<meta name=\"twitter:label1\" content=\"Written by\" \/>\n\t<meta name=\"twitter:data1\" content=\"Florin R\u00e2\u0219teiu\" \/>\n\t<meta name=\"twitter:label2\" content=\"Estimated reading time\" \/>\n\t<meta name=\"twitter:data2\" content=\"4 minutes\" \/>\n<script type=\"application\/ld+json\" class=\"yoast-schema-graph\">{\"@context\":\"https:\\\/\\\/schema.org\",\"@graph\":[{\"@type\":\"Article\",\"@id\":\"https:\\\/\\\/buletin.de\\\/bucuresti\\\/bugetare-participativa-bucurestenii-au-ales-plantarea-de-arbori-pe-bulevardul-regina-elisabeta-si-sterilizarea-a-3000-de-pisici\\\/#article\",\"isPartOf\":{\"@id\":\"https:\\\/\\\/buletin.de\\\/bucuresti\\\/bugetare-participativa-bucurestenii-au-ales-plantarea-de-arbori-pe-bulevardul-regina-elisabeta-si-sterilizarea-a-3000-de-pisici\\\/\"},\"author\":{\"name\":\"Florin R\u00e2\u0219teiu\",\"@id\":\"https:\\\/\\\/buletin.de\\\/bucuresti\\\/#\\\/schema\\\/person\\\/b0686d7a8b666c6afc78239777fd8a89\"},\"headline\":\"Bugetare participativ\u0103 | Bucure\u0219tenii au ales plantarea de arbori pe Bulevardul Regina Elisabeta \u0219i sterilizarea a 3000 de pisici\",\"datePublished\":\"2022-07-24T11:38:10+00:00\",\"dateModified\":\"2022-07-24T11:38:11+00:00\",\"mainEntityOfPage\":{\"@id\":\"https:\\\/\\\/buletin.de\\\/bucuresti\\\/bugetare-participativa-bucurestenii-au-ales-plantarea-de-arbori-pe-bulevardul-regina-elisabeta-si-sterilizarea-a-3000-de-pisici\\\/\"},\"wordCount\":679,\"publisher\":{\"@id\":\"https:\\\/\\\/buletin.de\\\/bucuresti\\\/#organization\"},\"image\":{\"@id\":\"https:\\\/\\\/buletin.de\\\/bucuresti\\\/bugetare-participativa-bucurestenii-au-ales-plantarea-de-arbori-pe-bulevardul-regina-elisabeta-si-sterilizarea-a-3000-de-pisici\\\/#primaryimage\"},\"thumbnailUrl\":\"https:\\\/\\\/buletin.de\\\/bucuresti\\\/wp-content\\\/uploads\\\/BeFunky-collage-32.jpg\",\"articleSection\":[\"Prim\u0103rie\"],\"inLanguage\":\"en-GB\",\"copyrightYear\":\"2022\",\"copyrightHolder\":{\"@id\":\"https:\\\/\\\/buletin.de\\\/bucuresti\\\/#organization\"}},{\"@type\":\"WebPage\",\"@id\":\"https:\\\/\\\/buletin.de\\\/bucuresti\\\/bugetare-participativa-bucurestenii-au-ales-plantarea-de-arbori-pe-bulevardul-regina-elisabeta-si-sterilizarea-a-3000-de-pisici\\\/\",\"url\":\"https:\\\/\\\/buletin.de\\\/bucuresti\\\/bugetare-participativa-bucurestenii-au-ales-plantarea-de-arbori-pe-bulevardul-regina-elisabeta-si-sterilizarea-a-3000-de-pisici\\\/\",\"name\":\"Bugetare participativ\u0103 | Bucure\u0219tenii au ales plantarea de arbori pe Bulevardul Regina Elisabeta \u0219i sterilizarea a 3000 de pisici - Buletin de Bucure\u0219ti\",\"isPartOf\":{\"@id\":\"https:\\\/\\\/buletin.de\\\/bucuresti\\\/#website\"},\"primaryImageOfPage\":{\"@id\":\"https:\\\/\\\/buletin.de\\\/bucuresti\\\/bugetare-participativa-bucurestenii-au-ales-plantarea-de-arbori-pe-bulevardul-regina-elisabeta-si-sterilizarea-a-3000-de-pisici\\\/#primaryimage\"},\"image\":{\"@id\":\"https:\\\/\\\/buletin.de\\\/bucuresti\\\/bugetare-participativa-bucurestenii-au-ales-plantarea-de-arbori-pe-bulevardul-regina-elisabeta-si-sterilizarea-a-3000-de-pisici\\\/#primaryimage\"},\"thumbnailUrl\":\"https:\\\/\\\/buletin.de\\\/bucuresti\\\/wp-content\\\/uploads\\\/BeFunky-collage-32.jpg\",\"datePublished\":\"2022-07-24T11:38:10+00:00\",\"dateModified\":\"2022-07-24T11:38:11+00:00\",\"breadcrumb\":{\"@id\":\"https:\\\/\\\/buletin.de\\\/bucuresti\\\/bugetare-participativa-bucurestenii-au-ales-plantarea-de-arbori-pe-bulevardul-regina-elisabeta-si-sterilizarea-a-3000-de-pisici\\\/#breadcrumb\"},\"inLanguage\":\"en-GB\",\"potentialAction\":[{\"@type\":\"ReadAction\",\"target\":[\"https:\\\/\\\/buletin.de\\\/bucuresti\\\/bugetare-participativa-bucurestenii-au-ales-plantarea-de-arbori-pe-bulevardul-regina-elisabeta-si-sterilizarea-a-3000-de-pisici\\\/\"]}]},{\"@type\":\"ImageObject\",\"inLanguage\":\"en-GB\",\"@id\":\"https:\\\/\\\/buletin.de\\\/bucuresti\\\/bugetare-participativa-bucurestenii-au-ales-plantarea-de-arbori-pe-bulevardul-regina-elisabeta-si-sterilizarea-a-3000-de-pisici\\\/#primaryimage\",\"url\":\"https:\\\/\\\/buletin.de\\\/bucuresti\\\/wp-content\\\/uploads\\\/BeFunky-collage-32.jpg\",\"contentUrl\":\"https:\\\/\\\/buletin.de\\\/bucuresti\\\/wp-content\\\/uploads\\\/BeFunky-collage-32.jpg\",\"width\":2000,\"height\":769},{\"@type\":\"BreadcrumbList\",\"@id\":\"https:\\\/\\\/buletin.de\\\/bucuresti\\\/bugetare-participativa-bucurestenii-au-ales-plantarea-de-arbori-pe-bulevardul-regina-elisabeta-si-sterilizarea-a-3000-de-pisici\\\/#breadcrumb\",\"itemListElement\":[{\"@type\":\"ListItem\",\"position\":1,\"name\":\"Acas\u0103\",\"item\":\"https:\\\/\\\/buletin.de\\\/bucuresti\\\/\"},{\"@type\":\"ListItem\",\"position\":2,\"name\":\"Bugetare participativ\u0103 | Bucure\u0219tenii au ales plantarea de arbori pe Bulevardul Regina Elisabeta \u0219i sterilizarea a 3000 de pisici\"}]},{\"@type\":\"WebSite\",\"@id\":\"https:\\\/\\\/buletin.de\\\/bucuresti\\\/#website\",\"url\":\"https:\\\/\\\/buletin.de\\\/bucuresti\\\/\",\"name\":\"Buletin de Bucure\u0219ti\",\"description\":\"\u0218tiri \u0219i investiga\u021bii esen\u021biale din capital\u0103\",\"publisher\":{\"@id\":\"https:\\\/\\\/buletin.de\\\/bucuresti\\\/#organization\"},\"potentialAction\":[{\"@type\":\"SearchAction\",\"target\":{\"@type\":\"EntryPoint\",\"urlTemplate\":\"https:\\\/\\\/buletin.de\\\/bucuresti\\\/?s={search_term_string}\"},\"query-input\":{\"@type\":\"PropertyValueSpecification\",\"valueRequired\":true,\"valueName\":\"search_term_string\"}}],\"inLanguage\":\"en-GB\"},{\"@type\":\"Organization\",\"@id\":\"https:\\\/\\\/buletin.de\\\/bucuresti\\\/#organization\",\"name\":\"Buletin de Bucure\u0219ti\",\"url\":\"https:\\\/\\\/buletin.de\\\/bucuresti\\\/\",\"logo\":{\"@type\":\"ImageObject\",\"inLanguage\":\"en-GB\",\"@id\":\"https:\\\/\\\/buletin.de\\\/bucuresti\\\/#\\\/schema\\\/logo\\\/image\\\/\",\"url\":\"https:\\\/\\\/buletin.de\\\/bucuresti\\\/wp-content\\\/uploads\\\/logo-bdb-full-wide-vernil-transparent.png\",\"contentUrl\":\"https:\\\/\\\/buletin.de\\\/bucuresti\\\/wp-content\\\/uploads\\\/logo-bdb-full-wide-vernil-transparent.png\",\"width\":1782,\"height\":626,\"caption\":\"Buletin de Bucure\u0219ti\"},\"image\":{\"@id\":\"https:\\\/\\\/buletin.de\\\/bucuresti\\\/#\\\/schema\\\/logo\\\/image\\\/\"},\"sameAs\":[\"https:\\\/\\\/www.facebook.com\\\/buletin.de.buc\",\"https:\\\/\\\/www.instagram.com\\\/buletinde.bucuresti\\\/\"]},{\"@type\":\"Person\",\"@id\":\"https:\\\/\\\/buletin.de\\\/bucuresti\\\/#\\\/schema\\\/person\\\/b0686d7a8b666c6afc78239777fd8a89\",\"name\":\"Florin R\u00e2\u0219teiu\",\"image\":{\"@type\":\"ImageObject\",\"inLanguage\":\"en-GB\",\"@id\":\"https:\\\/\\\/buletin.de\\\/bucuresti\\\/wp-content\\\/uploads\\\/Florin-Rasteiu-96x96.jpgf0a6fe28453aa12f0a60e4d0a2e3a78c\",\"url\":\"https:\\\/\\\/buletin.de\\\/bucuresti\\\/wp-content\\\/uploads\\\/Florin-Rasteiu-96x96.jpg\",\"contentUrl\":\"https:\\\/\\\/buletin.de\\\/bucuresti\\\/wp-content\\\/uploads\\\/Florin-Rasteiu-96x96.jpg\",\"caption\":\"Florin R\u00e2\u0219teiu\"},\"description\":\"Jurnalist de investiga\u021bie. Lucreaz\u0103 de aproape 6 ani la Buletin de Bucure\u0219ti, unde a publicat articole care scot la suprafa\u021b\u0103 corup\u021bia din Capital\u0103. Analizeaz\u0103 baze de date zilnic \u0219i scoate pove\u0219ti din exceluri pline de cifre. Pune reflectorul pe adev\u0103r cu fiecare ocazie. A c\u00e2\u0219tigat premiul I la categoria Pres\u0103 Local\u0103 \u00een 2025 \u0219i locul al II-lea la aceea\u0219i categorie \u00een 2024 \u00een cadrul Premiilor Superscrieri pentru jurnalism independent.\",\"url\":\"https:\\\/\\\/buletin.de\\\/bucuresti\\\/author\\\/florinrasteiu\\\/\"}]}<\/script>\n<!-- \/ Yoast SEO Premium plugin. -->","yoast_head_json":{"title":"Bugetare participativ\u0103 | Bucure\u0219tenii au ales plantarea de arbori pe Bulevardul Regina Elisabeta \u0219i sterilizarea a 3000 de pisici - Buletin de Bucure\u0219ti","robots":{"index":"index","follow":"follow","max-snippet":"max-snippet:-1","max-image-preview":"max-image-preview:large","max-video-preview":"max-video-preview:-1"},"canonical":"https:\/\/buletin.de\/bucuresti\/bugetare-participativa-bucurestenii-au-ales-plantarea-de-arbori-pe-bulevardul-regina-elisabeta-si-sterilizarea-a-3000-de-pisici\/","og_locale":"en_GB","og_type":"article","og_title":"Bugetare participativ\u0103 | Bucure\u0219tenii au ales plantarea de arbori pe Bulevardul Regina Elisabeta \u0219i sterilizarea a 3000 de pisici","og_description":"Prim\u0103ria Capitalei a anun\u021bat, ast\u0103zi, care sunt proiectele c\u00e2\u0219tig\u0103toare \u00eenscrise \u00een procesul de bugetare participativ\u0103. \u201eCoroan\u0103 verde pentru Regina Elisabeta\u201c \u0219i \u201e3600 de steriliz\u0103ri pentru pisicile hoinare ale Bucure\u0219tiului \u015fi pentru comunitate\u201c sunt cele dou\u0103 proiecte care vor primi 500 de mii de lei pentru a fi implementate.&nbsp; Coroan\u0103 verde pentru Regina Elisabeta \u201eCoroan\u0103 verde [&hellip;]","og_url":"https:\/\/buletin.de\/bucuresti\/bugetare-participativa-bucurestenii-au-ales-plantarea-de-arbori-pe-bulevardul-regina-elisabeta-si-sterilizarea-a-3000-de-pisici\/","og_site_name":"Buletin de Bucure\u0219ti","article_publisher":"https:\/\/www.facebook.com\/buletin.de.buc","article_published_time":"2022-07-24T11:38:10+00:00","article_modified_time":"2022-07-24T11:38:11+00:00","og_image":[{"width":2000,"height":769,"url":"https:\/\/buletin.de\/bucuresti\/wp-content\/uploads\/BeFunky-collage-32.jpg","type":"image\/jpeg"}],"author":"Florin R\u00e2\u0219teiu","twitter_card":"summary_large_image","twitter_misc":{"Written by":"Florin R\u00e2\u0219teiu","Estimated reading time":"4 minutes"},"schema":{"@context":"https:\/\/schema.org","@graph":[{"@type":"Article","@id":"https:\/\/buletin.de\/bucuresti\/bugetare-participativa-bucurestenii-au-ales-plantarea-de-arbori-pe-bulevardul-regina-elisabeta-si-sterilizarea-a-3000-de-pisici\/#article","isPartOf":{"@id":"https:\/\/buletin.de\/bucuresti\/bugetare-participativa-bucurestenii-au-ales-plantarea-de-arbori-pe-bulevardul-regina-elisabeta-si-sterilizarea-a-3000-de-pisici\/"},"author":{"name":"Florin R\u00e2\u0219teiu","@id":"https:\/\/buletin.de\/bucuresti\/#\/schema\/person\/b0686d7a8b666c6afc78239777fd8a89"},"headline":"Bugetare participativ\u0103 | Bucure\u0219tenii au ales plantarea de arbori pe Bulevardul Regina Elisabeta \u0219i sterilizarea a 3000 de pisici","datePublished":"2022-07-24T11:38:10+00:00","dateModified":"2022-07-24T11:38:11+00:00","mainEntityOfPage":{"@id":"https:\/\/buletin.de\/bucuresti\/bugetare-participativa-bucurestenii-au-ales-plantarea-de-arbori-pe-bulevardul-regina-elisabeta-si-sterilizarea-a-3000-de-pisici\/"},"wordCount":679,"publisher":{"@id":"https:\/\/buletin.de\/bucuresti\/#organization"},"image":{"@id":"https:\/\/buletin.de\/bucuresti\/bugetare-participativa-bucurestenii-au-ales-plantarea-de-arbori-pe-bulevardul-regina-elisabeta-si-sterilizarea-a-3000-de-pisici\/#primaryimage"},"thumbnailUrl":"https:\/\/buletin.de\/bucuresti\/wp-content\/uploads\/BeFunky-collage-32.jpg","articleSection":["Prim\u0103rie"],"inLanguage":"en-GB","copyrightYear":"2022","copyrightHolder":{"@id":"https:\/\/buletin.de\/bucuresti\/#organization"}},{"@type":"WebPage","@id":"https:\/\/buletin.de\/bucuresti\/bugetare-participativa-bucurestenii-au-ales-plantarea-de-arbori-pe-bulevardul-regina-elisabeta-si-sterilizarea-a-3000-de-pisici\/","url":"https:\/\/buletin.de\/bucuresti\/bugetare-participativa-bucurestenii-au-ales-plantarea-de-arbori-pe-bulevardul-regina-elisabeta-si-sterilizarea-a-3000-de-pisici\/","name":"Bugetare participativ\u0103 | Bucure\u0219tenii au ales plantarea de arbori pe Bulevardul Regina Elisabeta \u0219i sterilizarea a 3000 de pisici - Buletin de Bucure\u0219ti","isPartOf":{"@id":"https:\/\/buletin.de\/bucuresti\/#website"},"primaryImageOfPage":{"@id":"https:\/\/buletin.de\/bucuresti\/bugetare-participativa-bucurestenii-au-ales-plantarea-de-arbori-pe-bulevardul-regina-elisabeta-si-sterilizarea-a-3000-de-pisici\/#primaryimage"},"image":{"@id":"https:\/\/buletin.de\/bucuresti\/bugetare-participativa-bucurestenii-au-ales-plantarea-de-arbori-pe-bulevardul-regina-elisabeta-si-sterilizarea-a-3000-de-pisici\/#primaryimage"},"thumbnailUrl":"https:\/\/buletin.de\/bucuresti\/wp-content\/uploads\/BeFunky-collage-32.jpg","datePublished":"2022-07-24T11:38:10+00:00","dateModified":"2022-07-24T11:38:11+00:00","breadcrumb":{"@id":"https:\/\/buletin.de\/bucuresti\/bugetare-participativa-bucurestenii-au-ales-plantarea-de-arbori-pe-bulevardul-regina-elisabeta-si-sterilizarea-a-3000-de-pisici\/#breadcrumb"},"inLanguage":"en-GB","potentialAction":[{"@type":"ReadAction","target":["https:\/\/buletin.de\/bucuresti\/bugetare-participativa-bucurestenii-au-ales-plantarea-de-arbori-pe-bulevardul-regina-elisabeta-si-sterilizarea-a-3000-de-pisici\/"]}]},{"@type":"ImageObject","inLanguage":"en-GB","@id":"https:\/\/buletin.de\/bucuresti\/bugetare-participativa-bucurestenii-au-ales-plantarea-de-arbori-pe-bulevardul-regina-elisabeta-si-sterilizarea-a-3000-de-pisici\/#primaryimage","url":"https:\/\/buletin.de\/bucuresti\/wp-content\/uploads\/BeFunky-collage-32.jpg","contentUrl":"https:\/\/buletin.de\/bucuresti\/wp-content\/uploads\/BeFunky-collage-32.jpg","width":2000,"height":769},{"@type":"BreadcrumbList","@id":"https:\/\/buletin.de\/bucuresti\/bugetare-participativa-bucurestenii-au-ales-plantarea-de-arbori-pe-bulevardul-regina-elisabeta-si-sterilizarea-a-3000-de-pisici\/#breadcrumb","itemListElement":[{"@type":"ListItem","position":1,"name":"Acas\u0103","item":"https:\/\/buletin.de\/bucuresti\/"},{"@type":"ListItem","position":2,"name":"Bugetare participativ\u0103 | Bucure\u0219tenii au ales plantarea de arbori pe Bulevardul Regina Elisabeta \u0219i sterilizarea a 3000 de pisici"}]},{"@type":"WebSite","@id":"https:\/\/buletin.de\/bucuresti\/#website","url":"https:\/\/buletin.de\/bucuresti\/","name":"Buletin de Bucure\u0219ti","description":"\u0218tiri \u0219i investiga\u021bii esen\u021biale din capital\u0103","publisher":{"@id":"https:\/\/buletin.de\/bucuresti\/#organization"},"potentialAction":[{"@type":"SearchAction","target":{"@type":"EntryPoint","urlTemplate":"https:\/\/buletin.de\/bucuresti\/?s={search_term_string}"},"query-input":{"@type":"PropertyValueSpecification","valueRequired":true,"valueName":"search_term_string"}}],"inLanguage":"en-GB"},{"@type":"Organization","@id":"https:\/\/buletin.de\/bucuresti\/#organization","name":"Buletin de Bucure\u0219ti","url":"https:\/\/buletin.de\/bucuresti\/","logo":{"@type":"ImageObject","inLanguage":"en-GB","@id":"https:\/\/buletin.de\/bucuresti\/#\/schema\/logo\/image\/","url":"https:\/\/buletin.de\/bucuresti\/wp-content\/uploads\/logo-bdb-full-wide-vernil-transparent.png","contentUrl":"https:\/\/buletin.de\/bucuresti\/wp-content\/uploads\/logo-bdb-full-wide-vernil-transparent.png","width":1782,"height":626,"caption":"Buletin de Bucure\u0219ti"},"image":{"@id":"https:\/\/buletin.de\/bucuresti\/#\/schema\/logo\/image\/"},"sameAs":["https:\/\/www.facebook.com\/buletin.de.buc","https:\/\/www.instagram.com\/buletinde.bucuresti\/"]},{"@type":"Person","@id":"https:\/\/buletin.de\/bucuresti\/#\/schema\/person\/b0686d7a8b666c6afc78239777fd8a89","name":"Florin R\u00e2\u0219teiu","image":{"@type":"ImageObject","inLanguage":"en-GB","@id":"https:\/\/buletin.de\/bucuresti\/wp-content\/uploads\/Florin-Rasteiu-96x96.jpgf0a6fe28453aa12f0a60e4d0a2e3a78c","url":"https:\/\/buletin.de\/bucuresti\/wp-content\/uploads\/Florin-Rasteiu-96x96.jpg","contentUrl":"https:\/\/buletin.de\/bucuresti\/wp-content\/uploads\/Florin-Rasteiu-96x96.jpg","caption":"Florin R\u00e2\u0219teiu"},"description":"Jurnalist de investiga\u021bie. Lucreaz\u0103 de aproape 6 ani la Buletin de Bucure\u0219ti, unde a publicat articole care scot la suprafa\u021b\u0103 corup\u021bia din Capital\u0103. Analizeaz\u0103 baze de date zilnic \u0219i scoate pove\u0219ti din exceluri pline de cifre. Pune reflectorul pe adev\u0103r cu fiecare ocazie. A c\u00e2\u0219tigat premiul I la categoria Pres\u0103 Local\u0103 \u00een 2025 \u0219i locul al II-lea la aceea\u0219i categorie \u00een 2024 \u00een cadrul Premiilor Superscrieri pentru jurnalism independent.","url":"https:\/\/buletin.de\/bucuresti\/author\/florinrasteiu\/"}]}},"authors":[{"term_id":22576,"user_id":17,"is_guest":0,"slug":"florinrasteiu","display_name":"Florin R\u00e2\u0219teiu","avatar_url":"https:\/\/buletin.de\/bucuresti\/wp-content\/uploads\/Florin-Rasteiu-96x96.jpg","0":null,"1":"","2":"","3":"","4":"","5":"","6":"","7":"","8":""}],"_links":{"self":[{"href":"https:\/\/buletin.de\/bucuresti\/wp-json\/wp\/v2\/posts\/44880","targetHints":{"allow":["GET"]}}],"collection":[{"href":"https:\/\/buletin.de\/bucuresti\/wp-json\/wp\/v2\/posts"}],"about":[{"href":"https:\/\/buletin.de\/bucuresti\/wp-json\/wp\/v2\/types\/post"}],"author":[{"embeddable":true,"href":"https:\/\/buletin.de\/bucuresti\/wp-json\/wp\/v2\/users\/17"}],"replies":[{"embeddable":true,"href":"https:\/\/buletin.de\/bucuresti\/wp-json\/wp\/v2\/comments?post=44880"}],"version-history":[{"count":3,"href":"https:\/\/buletin.de\/bucuresti\/wp-json\/wp\/v2\/posts\/44880\/revisions"}],"predecessor-version":[{"id":44889,"href":"https:\/\/buletin.de\/bucuresti\/wp-json\/wp\/v2\/posts\/44880\/revisions\/44889"}],"wp:featuredmedia":[{"embeddable":true,"href":"https:\/\/buletin.de\/bucuresti\/wp-json\/wp\/v2\/media\/44886"}],"wp:attachment":[{"href":"https:\/\/buletin.de\/bucuresti\/wp-json\/wp\/v2\/media?parent=44880"}],"wp:term":[{"taxonomy":"category","embeddable":true,"href":"https:\/\/buletin.de\/bucuresti\/wp-json\/wp\/v2\/categories?post=44880"},{"taxonomy":"post_tag","embeddable":true,"href":"https:\/\/buletin.de\/bucuresti\/wp-json\/wp\/v2\/tags?post=44880"},{"taxonomy":"author","embeddable":true,"href":"https:\/\/buletin.de\/bucuresti\/wp-json\/wp\/v2\/ppma_author?post=44880"}],"curies":[{"name":"wp","href":"https:\/\/api.w.org\/{rel}","templated":true}]}}