{"id":44673,"date":"2022-07-20T15:18:47","date_gmt":"2022-07-20T13:18:47","guid":{"rendered":"https:\/\/buletin.de\/bucuresti\/?p=44673"},"modified":"2022-07-20T15:18:48","modified_gmt":"2022-07-20T13:18:48","slug":"ceremonie-la-bucuresti-cu-ocazia-zilei-aviatiei-romane-si-a-fortelor-aeriene","status":"publish","type":"post","link":"https:\/\/buletin.de\/bucuresti\/ceremonie-la-bucuresti-cu-ocazia-zilei-aviatiei-romane-si-a-fortelor-aeriene\/","title":{"rendered":"Ceremonie la Bucure\u0219ti cu ocazia Zilei Avia\u021biei Rom\u00e2ne \u0219i a For\u021belor Aeriene"},"content":{"rendered":"\n<p>20 de aeronave au evoluat, miercuri, \u00een cadrul unei ceremonii organizate la Monumentul Eroilor Aerului din Pia\u021ba Aviatorilor de Ziua Avia\u021biei, potrivit news.ro. Circula\u021bia a fost restric\u021bionat\u0103 \u00eentre orele 10.30 &#8211; 12.30, din acest motiv.<\/p>\n\n\n\n<p>La ceremonie a participat Ministrul ap\u0103r\u0103rii na\u021bionale, Vasile D\u00eencu \u0219i \u0219eful Statului Major al Ap\u0103r\u0103rii, Daniel Petrescu. Ca \u00een fiecare an, ceremonia este at\u00e2t una religioas\u0103, c\u00e2t \u0219i una militar\u0103. \u00cen data de 20 iulie este hramul Sf\u00e2ntului Prooroc Ilie Tesviteanul \u0219i Ziua Avia\u0163iei Rom\u00e2ne \u015fi a For\u0163elor Aeriene Rom\u00e2ne.<\/p>\n\n\n\n<p>Pe timpul ceremoniei au survolat aproximativ 20 de avioane militare de tip \u201eF-16 Fighting Falcon, C-130 Hercules, C-27J Spartan, Antonov AN-30,&nbsp; IAR-330, IAR-99 apar\u0163in\u00e2nd For\u0163elor Aeriene Rom\u00e2ne, dou\u0103 aeronave de tip Eurofighter Typhoon apar\u0163in\u00e2nd For\u0163elor Aeriene Regale ale Marii Britanii, dou\u0103 aeronave de tip Eurofighter Typhoon ale For\u0163elor Aeriene Italiene, dou\u0103 elicoptere tip EC-135 apar\u0163in\u00e2nd Ministerului Afacerilor Interne, dou\u0103 elicoptere IAR-330 Puma ale Serviciului Rom\u00e2n de Informa\u0163ii, o aeronav\u0103 Boeing 737 apar\u0163in\u00e2nd Tarom, precum \u015fi patru aeronave Extra 300 apar\u0163in\u00e2nd Aeroclubului Rom\u00e2niei\u201d, potrivit news.ro.<\/p>\n\n\n\n<p>Cu aceast\u0103 ocazie, Pre\u0219edintele Rom\u00e2niei a transmis un mesaj, comunicat de c\u0103tre Agerpres, prin care \u00eei aminte\u0219te pe pionierii avia\u021biei rom\u00e2ne\u0219ti, cum ar fi: Aurel Vlaicu, Train Vuia, Henri Coand\u0103 sau Elie Carafoli, dar \u0219i pe to\u021bi cei care au contribuit la cre\u0219tere prestigiului avia\u021biei rom\u00e2ne\u0219ti.<\/p>\n\n\n\n<p>Pre\u0219edintele a men\u021bionat \u0219i situa\u021bia conflictului din Ucraina \u0219i necesitatea existen\u021bei unor For\u021be Aeriene bine preg\u0103tite. Tocmai de aceea, se afl\u0103 \u00een derulare programe care s\u0103 creasc\u0103 eficien\u021ba militar\u0103 \u0219i achizi\u021bionarea unui num\u0103r suplimentar de F-16, care s\u0103 modernizeze For\u021bele Aeriene Rom\u00e2ne.<\/p>\n\n\n\n<p>A vorbit \u0219i Ministrul Ap\u0103r\u0103rii Na\u021bionale, Vasile D\u00eencu, care le-a mul\u021bumit pilo\u021bilor c\u0103 fac \u201edin cerul Rom\u00e2niei un spa\u0163iu pa\u015fnic \u015fi sigur, \u00een special \u00een contextul de securitate actual\u201d, potrivit Agerpres. Tot \u00een contextul ap\u0103r\u0103rii na\u021bionale, el a vorbit despre programul &#8220;Sistem de rachete sol-aer cu b\u0103taie mare &#8211; PATRIOT&#8221;, care e capabil s\u0103 fac\u0103 fa\u021b\u0103 oric\u0103ror tip de amenin\u021b\u0103ri aeriene.&nbsp;<\/p>\n\n\n\n<p>Cu prilejul s\u0103rb\u0103toririi Zilei Avia\u021biei, au avut loc ceremonii \u0219i \u00een ora\u0219ele: Adjud, Aiud, Alba Iulia, B\u00e2rlad, Boto\u015fani, Br\u0103ila, Caracal, C\u00e2mpia Turzii, Cluj-Napoca, Dej, Foc\u015fani, Gala\u0163i, Gherla, Gro\u015fii \u0162ible\u015fului, Ludu\u015f, Media\u015f, One\u015fti, Piatra Neam\u0163, Sighi\u015foara, Suceava, T\u00e2rgu Neam\u0163, Tecuci, T\u00e2rgu L\u0103pu\u015f, T\u00e2rgu Mure\u015f, Turda \u015fi Vaslui.<\/p>\n","protected":false},"excerpt":{"rendered":"<p>20 de aeronave au evoluat, miercuri, \u00een cadrul unei ceremonii organizate la Monumentul Eroilor Aerului din Pia\u021ba Aviatorilor de Ziua Avia\u021biei, potrivit news.ro. Circula\u021bia a fost restric\u021bionat\u0103 \u00eentre orele 10.30 &#8211; 12.30, din acest motiv. La ceremonie a participat Ministrul ap\u0103r\u0103rii na\u021bionale, Vasile D\u00eencu \u0219i \u0219eful Statului Major al Ap\u0103r\u0103rii, Daniel Petrescu. Ca \u00een fiecare [&hellip;]<\/p>\n","protected":false},"author":42,"featured_media":44690,"comment_status":"closed","ping_status":"open","sticky":false,"template":"","format":"standard","meta":{"_acf_changed":false,"inline_featured_image":false,"ngg_post_thumbnail":0,"footnotes":""},"categories":[62],"tags":[4351,9,4352,906],"ppma_author":[22603],"class_list":["post-44673","post","type-post","status-publish","format-standard","has-post-thumbnail","hentry","category-stiri","tag-aviatie","tag-bucuresti","tag-dincu","tag-iohannis"],"acf":[],"yoast_head":"<!-- This site is optimized with the Yoast SEO Premium plugin v25.3 (Yoast SEO v27.5) - https:\/\/yoast.com\/product\/yoast-seo-premium-wordpress\/ -->\n<title>Ceremonie la Bucure\u0219ti cu ocazia Zilei Avia\u021biei Rom\u00e2ne \u0219i a For\u021belor Aeriene - Buletin de Bucure\u0219ti<\/title>\n<meta name=\"robots\" content=\"index, follow, max-snippet:-1, max-image-preview:large, max-video-preview:-1\" \/>\n<link rel=\"canonical\" href=\"https:\/\/buletin.de\/bucuresti\/ceremonie-la-bucuresti-cu-ocazia-zilei-aviatiei-romane-si-a-fortelor-aeriene\/\" \/>\n<meta property=\"og:locale\" content=\"en_GB\" \/>\n<meta property=\"og:type\" content=\"article\" \/>\n<meta property=\"og:title\" content=\"Ceremonie la Bucure\u0219ti cu ocazia Zilei Avia\u021biei Rom\u00e2ne \u0219i a For\u021belor Aeriene\" \/>\n<meta property=\"og:description\" content=\"20 de aeronave au evoluat, miercuri, \u00een cadrul unei ceremonii organizate la Monumentul Eroilor Aerului din Pia\u021ba Aviatorilor de Ziua Avia\u021biei, potrivit news.ro. Circula\u021bia a fost restric\u021bionat\u0103 \u00eentre orele 10.30 &#8211; 12.30, din acest motiv. La ceremonie a participat Ministrul ap\u0103r\u0103rii na\u021bionale, Vasile D\u00eencu \u0219i \u0219eful Statului Major al Ap\u0103r\u0103rii, Daniel Petrescu. Ca \u00een fiecare [&hellip;]\" \/>\n<meta property=\"og:url\" content=\"https:\/\/buletin.de\/bucuresti\/ceremonie-la-bucuresti-cu-ocazia-zilei-aviatiei-romane-si-a-fortelor-aeriene\/\" \/>\n<meta property=\"og:site_name\" content=\"Buletin de Bucure\u0219ti\" \/>\n<meta property=\"article:publisher\" content=\"https:\/\/www.facebook.com\/buletin.de.buc\" \/>\n<meta property=\"article:published_time\" content=\"2022-07-20T13:18:47+00:00\" \/>\n<meta property=\"article:modified_time\" content=\"2022-07-20T13:18:48+00:00\" \/>\n<meta property=\"og:image\" content=\"https:\/\/buletin.de\/bucuresti\/wp-content\/uploads\/aircraft-3241229_1920.jpg\" \/>\n\t<meta property=\"og:image:width\" content=\"1920\" \/>\n\t<meta property=\"og:image:height\" content=\"1360\" \/>\n\t<meta property=\"og:image:type\" content=\"image\/jpeg\" \/>\n<meta name=\"author\" content=\"Andra Mure\u0219an\" \/>\n<meta name=\"twitter:card\" content=\"summary_large_image\" \/>\n<meta name=\"twitter:label1\" content=\"Written by\" \/>\n\t<meta name=\"twitter:data1\" content=\"Andra Mure\u0219an\" \/>\n\t<meta name=\"twitter:label2\" content=\"Estimated reading time\" \/>\n\t<meta name=\"twitter:data2\" content=\"2 minutes\" \/>\n<script type=\"application\/ld+json\" class=\"yoast-schema-graph\">{\"@context\":\"https:\\\/\\\/schema.org\",\"@graph\":[{\"@type\":\"Article\",\"@id\":\"https:\\\/\\\/buletin.de\\\/bucuresti\\\/ceremonie-la-bucuresti-cu-ocazia-zilei-aviatiei-romane-si-a-fortelor-aeriene\\\/#article\",\"isPartOf\":{\"@id\":\"https:\\\/\\\/buletin.de\\\/bucuresti\\\/ceremonie-la-bucuresti-cu-ocazia-zilei-aviatiei-romane-si-a-fortelor-aeriene\\\/\"},\"author\":{\"name\":\"Andra Mure\u0219an\",\"@id\":\"https:\\\/\\\/buletin.de\\\/bucuresti\\\/#\\\/schema\\\/person\\\/2305426a193cfbaadc0b30023ee5d01c\"},\"headline\":\"Ceremonie la Bucure\u0219ti cu ocazia Zilei Avia\u021biei Rom\u00e2ne \u0219i a For\u021belor Aeriene\",\"datePublished\":\"2022-07-20T13:18:47+00:00\",\"dateModified\":\"2022-07-20T13:18:48+00:00\",\"mainEntityOfPage\":{\"@id\":\"https:\\\/\\\/buletin.de\\\/bucuresti\\\/ceremonie-la-bucuresti-cu-ocazia-zilei-aviatiei-romane-si-a-fortelor-aeriene\\\/\"},\"wordCount\":468,\"publisher\":{\"@id\":\"https:\\\/\\\/buletin.de\\\/bucuresti\\\/#organization\"},\"image\":{\"@id\":\"https:\\\/\\\/buletin.de\\\/bucuresti\\\/ceremonie-la-bucuresti-cu-ocazia-zilei-aviatiei-romane-si-a-fortelor-aeriene\\\/#primaryimage\"},\"thumbnailUrl\":\"https:\\\/\\\/buletin.de\\\/bucuresti\\\/wp-content\\\/uploads\\\/aircraft-3241229_1920.jpg\",\"keywords\":[\"aviatie\",\"bucuresti\",\"dincu\",\"iohannis\"],\"articleSection\":[\"\u0218tiri\"],\"inLanguage\":\"en-GB\",\"copyrightYear\":\"2022\",\"copyrightHolder\":{\"@id\":\"https:\\\/\\\/buletin.de\\\/bucuresti\\\/#organization\"}},{\"@type\":\"WebPage\",\"@id\":\"https:\\\/\\\/buletin.de\\\/bucuresti\\\/ceremonie-la-bucuresti-cu-ocazia-zilei-aviatiei-romane-si-a-fortelor-aeriene\\\/\",\"url\":\"https:\\\/\\\/buletin.de\\\/bucuresti\\\/ceremonie-la-bucuresti-cu-ocazia-zilei-aviatiei-romane-si-a-fortelor-aeriene\\\/\",\"name\":\"Ceremonie la Bucure\u0219ti cu ocazia Zilei Avia\u021biei Rom\u00e2ne \u0219i a For\u021belor Aeriene - Buletin de Bucure\u0219ti\",\"isPartOf\":{\"@id\":\"https:\\\/\\\/buletin.de\\\/bucuresti\\\/#website\"},\"primaryImageOfPage\":{\"@id\":\"https:\\\/\\\/buletin.de\\\/bucuresti\\\/ceremonie-la-bucuresti-cu-ocazia-zilei-aviatiei-romane-si-a-fortelor-aeriene\\\/#primaryimage\"},\"image\":{\"@id\":\"https:\\\/\\\/buletin.de\\\/bucuresti\\\/ceremonie-la-bucuresti-cu-ocazia-zilei-aviatiei-romane-si-a-fortelor-aeriene\\\/#primaryimage\"},\"thumbnailUrl\":\"https:\\\/\\\/buletin.de\\\/bucuresti\\\/wp-content\\\/uploads\\\/aircraft-3241229_1920.jpg\",\"datePublished\":\"2022-07-20T13:18:47+00:00\",\"dateModified\":\"2022-07-20T13:18:48+00:00\",\"breadcrumb\":{\"@id\":\"https:\\\/\\\/buletin.de\\\/bucuresti\\\/ceremonie-la-bucuresti-cu-ocazia-zilei-aviatiei-romane-si-a-fortelor-aeriene\\\/#breadcrumb\"},\"inLanguage\":\"en-GB\",\"potentialAction\":[{\"@type\":\"ReadAction\",\"target\":[\"https:\\\/\\\/buletin.de\\\/bucuresti\\\/ceremonie-la-bucuresti-cu-ocazia-zilei-aviatiei-romane-si-a-fortelor-aeriene\\\/\"]}]},{\"@type\":\"ImageObject\",\"inLanguage\":\"en-GB\",\"@id\":\"https:\\\/\\\/buletin.de\\\/bucuresti\\\/ceremonie-la-bucuresti-cu-ocazia-zilei-aviatiei-romane-si-a-fortelor-aeriene\\\/#primaryimage\",\"url\":\"https:\\\/\\\/buletin.de\\\/bucuresti\\\/wp-content\\\/uploads\\\/aircraft-3241229_1920.jpg\",\"contentUrl\":\"https:\\\/\\\/buletin.de\\\/bucuresti\\\/wp-content\\\/uploads\\\/aircraft-3241229_1920.jpg\",\"width\":1920,\"height\":1360},{\"@type\":\"BreadcrumbList\",\"@id\":\"https:\\\/\\\/buletin.de\\\/bucuresti\\\/ceremonie-la-bucuresti-cu-ocazia-zilei-aviatiei-romane-si-a-fortelor-aeriene\\\/#breadcrumb\",\"itemListElement\":[{\"@type\":\"ListItem\",\"position\":1,\"name\":\"Acas\u0103\",\"item\":\"https:\\\/\\\/buletin.de\\\/bucuresti\\\/\"},{\"@type\":\"ListItem\",\"position\":2,\"name\":\"Ceremonie la Bucure\u0219ti cu ocazia Zilei Avia\u021biei Rom\u00e2ne \u0219i a For\u021belor Aeriene\"}]},{\"@type\":\"WebSite\",\"@id\":\"https:\\\/\\\/buletin.de\\\/bucuresti\\\/#website\",\"url\":\"https:\\\/\\\/buletin.de\\\/bucuresti\\\/\",\"name\":\"Buletin de Bucure\u0219ti\",\"description\":\"\u0218tiri \u0219i investiga\u021bii esen\u021biale din capital\u0103\",\"publisher\":{\"@id\":\"https:\\\/\\\/buletin.de\\\/bucuresti\\\/#organization\"},\"potentialAction\":[{\"@type\":\"SearchAction\",\"target\":{\"@type\":\"EntryPoint\",\"urlTemplate\":\"https:\\\/\\\/buletin.de\\\/bucuresti\\\/?s={search_term_string}\"},\"query-input\":{\"@type\":\"PropertyValueSpecification\",\"valueRequired\":true,\"valueName\":\"search_term_string\"}}],\"inLanguage\":\"en-GB\"},{\"@type\":\"Organization\",\"@id\":\"https:\\\/\\\/buletin.de\\\/bucuresti\\\/#organization\",\"name\":\"Buletin de Bucure\u0219ti\",\"url\":\"https:\\\/\\\/buletin.de\\\/bucuresti\\\/\",\"logo\":{\"@type\":\"ImageObject\",\"inLanguage\":\"en-GB\",\"@id\":\"https:\\\/\\\/buletin.de\\\/bucuresti\\\/#\\\/schema\\\/logo\\\/image\\\/\",\"url\":\"https:\\\/\\\/buletin.de\\\/bucuresti\\\/wp-content\\\/uploads\\\/logo-bdb-full-wide-vernil-transparent.png\",\"contentUrl\":\"https:\\\/\\\/buletin.de\\\/bucuresti\\\/wp-content\\\/uploads\\\/logo-bdb-full-wide-vernil-transparent.png\",\"width\":1782,\"height\":626,\"caption\":\"Buletin de Bucure\u0219ti\"},\"image\":{\"@id\":\"https:\\\/\\\/buletin.de\\\/bucuresti\\\/#\\\/schema\\\/logo\\\/image\\\/\"},\"sameAs\":[\"https:\\\/\\\/www.facebook.com\\\/buletin.de.buc\",\"https:\\\/\\\/www.instagram.com\\\/buletinde.bucuresti\\\/\"]},{\"@type\":\"Person\",\"@id\":\"https:\\\/\\\/buletin.de\\\/bucuresti\\\/#\\\/schema\\\/person\\\/2305426a193cfbaadc0b30023ee5d01c\",\"name\":\"Andra Mure\u0219an\",\"image\":{\"@type\":\"ImageObject\",\"inLanguage\":\"en-GB\",\"@id\":\"https:\\\/\\\/secure.gravatar.com\\\/avatar\\\/0f89940de76acadc8ab9c36e6cec5b672fc84ab1bf1537562fa8584e29dfa8a5?s=96&d=monsterid&r=g30a40ed95e1c0fc67315c6f2c6fa871e\",\"url\":\"https:\\\/\\\/secure.gravatar.com\\\/avatar\\\/0f89940de76acadc8ab9c36e6cec5b672fc84ab1bf1537562fa8584e29dfa8a5?s=96&d=monsterid&r=g\",\"contentUrl\":\"https:\\\/\\\/secure.gravatar.com\\\/avatar\\\/0f89940de76acadc8ab9c36e6cec5b672fc84ab1bf1537562fa8584e29dfa8a5?s=96&d=monsterid&r=g\",\"caption\":\"Andra Mure\u0219an\"},\"url\":\"https:\\\/\\\/buletin.de\\\/bucuresti\\\/author\\\/andra\\\/\"}]}<\/script>\n<!-- \/ Yoast SEO Premium plugin. -->","yoast_head_json":{"title":"Ceremonie la Bucure\u0219ti cu ocazia Zilei Avia\u021biei Rom\u00e2ne \u0219i a For\u021belor Aeriene - Buletin de Bucure\u0219ti","robots":{"index":"index","follow":"follow","max-snippet":"max-snippet:-1","max-image-preview":"max-image-preview:large","max-video-preview":"max-video-preview:-1"},"canonical":"https:\/\/buletin.de\/bucuresti\/ceremonie-la-bucuresti-cu-ocazia-zilei-aviatiei-romane-si-a-fortelor-aeriene\/","og_locale":"en_GB","og_type":"article","og_title":"Ceremonie la Bucure\u0219ti cu ocazia Zilei Avia\u021biei Rom\u00e2ne \u0219i a For\u021belor Aeriene","og_description":"20 de aeronave au evoluat, miercuri, \u00een cadrul unei ceremonii organizate la Monumentul Eroilor Aerului din Pia\u021ba Aviatorilor de Ziua Avia\u021biei, potrivit news.ro. Circula\u021bia a fost restric\u021bionat\u0103 \u00eentre orele 10.30 &#8211; 12.30, din acest motiv. La ceremonie a participat Ministrul ap\u0103r\u0103rii na\u021bionale, Vasile D\u00eencu \u0219i \u0219eful Statului Major al Ap\u0103r\u0103rii, Daniel Petrescu. Ca \u00een fiecare [&hellip;]","og_url":"https:\/\/buletin.de\/bucuresti\/ceremonie-la-bucuresti-cu-ocazia-zilei-aviatiei-romane-si-a-fortelor-aeriene\/","og_site_name":"Buletin de Bucure\u0219ti","article_publisher":"https:\/\/www.facebook.com\/buletin.de.buc","article_published_time":"2022-07-20T13:18:47+00:00","article_modified_time":"2022-07-20T13:18:48+00:00","og_image":[{"width":1920,"height":1360,"url":"https:\/\/buletin.de\/bucuresti\/wp-content\/uploads\/aircraft-3241229_1920.jpg","type":"image\/jpeg"}],"author":"Andra Mure\u0219an","twitter_card":"summary_large_image","twitter_misc":{"Written by":"Andra Mure\u0219an","Estimated reading time":"2 minutes"},"schema":{"@context":"https:\/\/schema.org","@graph":[{"@type":"Article","@id":"https:\/\/buletin.de\/bucuresti\/ceremonie-la-bucuresti-cu-ocazia-zilei-aviatiei-romane-si-a-fortelor-aeriene\/#article","isPartOf":{"@id":"https:\/\/buletin.de\/bucuresti\/ceremonie-la-bucuresti-cu-ocazia-zilei-aviatiei-romane-si-a-fortelor-aeriene\/"},"author":{"name":"Andra Mure\u0219an","@id":"https:\/\/buletin.de\/bucuresti\/#\/schema\/person\/2305426a193cfbaadc0b30023ee5d01c"},"headline":"Ceremonie la Bucure\u0219ti cu ocazia Zilei Avia\u021biei Rom\u00e2ne \u0219i a For\u021belor Aeriene","datePublished":"2022-07-20T13:18:47+00:00","dateModified":"2022-07-20T13:18:48+00:00","mainEntityOfPage":{"@id":"https:\/\/buletin.de\/bucuresti\/ceremonie-la-bucuresti-cu-ocazia-zilei-aviatiei-romane-si-a-fortelor-aeriene\/"},"wordCount":468,"publisher":{"@id":"https:\/\/buletin.de\/bucuresti\/#organization"},"image":{"@id":"https:\/\/buletin.de\/bucuresti\/ceremonie-la-bucuresti-cu-ocazia-zilei-aviatiei-romane-si-a-fortelor-aeriene\/#primaryimage"},"thumbnailUrl":"https:\/\/buletin.de\/bucuresti\/wp-content\/uploads\/aircraft-3241229_1920.jpg","keywords":["aviatie","bucuresti","dincu","iohannis"],"articleSection":["\u0218tiri"],"inLanguage":"en-GB","copyrightYear":"2022","copyrightHolder":{"@id":"https:\/\/buletin.de\/bucuresti\/#organization"}},{"@type":"WebPage","@id":"https:\/\/buletin.de\/bucuresti\/ceremonie-la-bucuresti-cu-ocazia-zilei-aviatiei-romane-si-a-fortelor-aeriene\/","url":"https:\/\/buletin.de\/bucuresti\/ceremonie-la-bucuresti-cu-ocazia-zilei-aviatiei-romane-si-a-fortelor-aeriene\/","name":"Ceremonie la Bucure\u0219ti cu ocazia Zilei Avia\u021biei Rom\u00e2ne \u0219i a For\u021belor Aeriene - Buletin de Bucure\u0219ti","isPartOf":{"@id":"https:\/\/buletin.de\/bucuresti\/#website"},"primaryImageOfPage":{"@id":"https:\/\/buletin.de\/bucuresti\/ceremonie-la-bucuresti-cu-ocazia-zilei-aviatiei-romane-si-a-fortelor-aeriene\/#primaryimage"},"image":{"@id":"https:\/\/buletin.de\/bucuresti\/ceremonie-la-bucuresti-cu-ocazia-zilei-aviatiei-romane-si-a-fortelor-aeriene\/#primaryimage"},"thumbnailUrl":"https:\/\/buletin.de\/bucuresti\/wp-content\/uploads\/aircraft-3241229_1920.jpg","datePublished":"2022-07-20T13:18:47+00:00","dateModified":"2022-07-20T13:18:48+00:00","breadcrumb":{"@id":"https:\/\/buletin.de\/bucuresti\/ceremonie-la-bucuresti-cu-ocazia-zilei-aviatiei-romane-si-a-fortelor-aeriene\/#breadcrumb"},"inLanguage":"en-GB","potentialAction":[{"@type":"ReadAction","target":["https:\/\/buletin.de\/bucuresti\/ceremonie-la-bucuresti-cu-ocazia-zilei-aviatiei-romane-si-a-fortelor-aeriene\/"]}]},{"@type":"ImageObject","inLanguage":"en-GB","@id":"https:\/\/buletin.de\/bucuresti\/ceremonie-la-bucuresti-cu-ocazia-zilei-aviatiei-romane-si-a-fortelor-aeriene\/#primaryimage","url":"https:\/\/buletin.de\/bucuresti\/wp-content\/uploads\/aircraft-3241229_1920.jpg","contentUrl":"https:\/\/buletin.de\/bucuresti\/wp-content\/uploads\/aircraft-3241229_1920.jpg","width":1920,"height":1360},{"@type":"BreadcrumbList","@id":"https:\/\/buletin.de\/bucuresti\/ceremonie-la-bucuresti-cu-ocazia-zilei-aviatiei-romane-si-a-fortelor-aeriene\/#breadcrumb","itemListElement":[{"@type":"ListItem","position":1,"name":"Acas\u0103","item":"https:\/\/buletin.de\/bucuresti\/"},{"@type":"ListItem","position":2,"name":"Ceremonie la Bucure\u0219ti cu ocazia Zilei Avia\u021biei Rom\u00e2ne \u0219i a For\u021belor Aeriene"}]},{"@type":"WebSite","@id":"https:\/\/buletin.de\/bucuresti\/#website","url":"https:\/\/buletin.de\/bucuresti\/","name":"Buletin de Bucure\u0219ti","description":"\u0218tiri \u0219i investiga\u021bii esen\u021biale din capital\u0103","publisher":{"@id":"https:\/\/buletin.de\/bucuresti\/#organization"},"potentialAction":[{"@type":"SearchAction","target":{"@type":"EntryPoint","urlTemplate":"https:\/\/buletin.de\/bucuresti\/?s={search_term_string}"},"query-input":{"@type":"PropertyValueSpecification","valueRequired":true,"valueName":"search_term_string"}}],"inLanguage":"en-GB"},{"@type":"Organization","@id":"https:\/\/buletin.de\/bucuresti\/#organization","name":"Buletin de Bucure\u0219ti","url":"https:\/\/buletin.de\/bucuresti\/","logo":{"@type":"ImageObject","inLanguage":"en-GB","@id":"https:\/\/buletin.de\/bucuresti\/#\/schema\/logo\/image\/","url":"https:\/\/buletin.de\/bucuresti\/wp-content\/uploads\/logo-bdb-full-wide-vernil-transparent.png","contentUrl":"https:\/\/buletin.de\/bucuresti\/wp-content\/uploads\/logo-bdb-full-wide-vernil-transparent.png","width":1782,"height":626,"caption":"Buletin de Bucure\u0219ti"},"image":{"@id":"https:\/\/buletin.de\/bucuresti\/#\/schema\/logo\/image\/"},"sameAs":["https:\/\/www.facebook.com\/buletin.de.buc","https:\/\/www.instagram.com\/buletinde.bucuresti\/"]},{"@type":"Person","@id":"https:\/\/buletin.de\/bucuresti\/#\/schema\/person\/2305426a193cfbaadc0b30023ee5d01c","name":"Andra Mure\u0219an","image":{"@type":"ImageObject","inLanguage":"en-GB","@id":"https:\/\/secure.gravatar.com\/avatar\/0f89940de76acadc8ab9c36e6cec5b672fc84ab1bf1537562fa8584e29dfa8a5?s=96&d=monsterid&r=g30a40ed95e1c0fc67315c6f2c6fa871e","url":"https:\/\/secure.gravatar.com\/avatar\/0f89940de76acadc8ab9c36e6cec5b672fc84ab1bf1537562fa8584e29dfa8a5?s=96&d=monsterid&r=g","contentUrl":"https:\/\/secure.gravatar.com\/avatar\/0f89940de76acadc8ab9c36e6cec5b672fc84ab1bf1537562fa8584e29dfa8a5?s=96&d=monsterid&r=g","caption":"Andra Mure\u0219an"},"url":"https:\/\/buletin.de\/bucuresti\/author\/andra\/"}]}},"authors":[{"term_id":22603,"user_id":42,"is_guest":0,"slug":"andra","display_name":"Andra Mure\u0219an","avatar_url":"https:\/\/secure.gravatar.com\/avatar\/0f89940de76acadc8ab9c36e6cec5b672fc84ab1bf1537562fa8584e29dfa8a5?s=96&d=monsterid&r=g","0":null,"1":"","2":"","3":"","4":"","5":"","6":"","7":"","8":""}],"_links":{"self":[{"href":"https:\/\/buletin.de\/bucuresti\/wp-json\/wp\/v2\/posts\/44673","targetHints":{"allow":["GET"]}}],"collection":[{"href":"https:\/\/buletin.de\/bucuresti\/wp-json\/wp\/v2\/posts"}],"about":[{"href":"https:\/\/buletin.de\/bucuresti\/wp-json\/wp\/v2\/types\/post"}],"author":[{"embeddable":true,"href":"https:\/\/buletin.de\/bucuresti\/wp-json\/wp\/v2\/users\/42"}],"replies":[{"embeddable":true,"href":"https:\/\/buletin.de\/bucuresti\/wp-json\/wp\/v2\/comments?post=44673"}],"version-history":[{"count":5,"href":"https:\/\/buletin.de\/bucuresti\/wp-json\/wp\/v2\/posts\/44673\/revisions"}],"predecessor-version":[{"id":44700,"href":"https:\/\/buletin.de\/bucuresti\/wp-json\/wp\/v2\/posts\/44673\/revisions\/44700"}],"wp:featuredmedia":[{"embeddable":true,"href":"https:\/\/buletin.de\/bucuresti\/wp-json\/wp\/v2\/media\/44690"}],"wp:attachment":[{"href":"https:\/\/buletin.de\/bucuresti\/wp-json\/wp\/v2\/media?parent=44673"}],"wp:term":[{"taxonomy":"category","embeddable":true,"href":"https:\/\/buletin.de\/bucuresti\/wp-json\/wp\/v2\/categories?post=44673"},{"taxonomy":"post_tag","embeddable":true,"href":"https:\/\/buletin.de\/bucuresti\/wp-json\/wp\/v2\/tags?post=44673"},{"taxonomy":"author","embeddable":true,"href":"https:\/\/buletin.de\/bucuresti\/wp-json\/wp\/v2\/ppma_author?post=44673"}],"curies":[{"name":"wp","href":"https:\/\/api.w.org\/{rel}","templated":true}]}}