{"id":44659,"date":"2022-07-19T15:37:42","date_gmt":"2022-07-19T13:37:42","guid":{"rendered":"https:\/\/buletin.de\/bucuresti\/?p=44659"},"modified":"2022-07-19T15:37:43","modified_gmt":"2022-07-19T13:37:43","slug":"pmb-da-peste-460-000-de-lei-pentru-proiectele-de-mediu-si-protectie-a-animalelor-in-capitala","status":"publish","type":"post","link":"https:\/\/buletin.de\/bucuresti\/pmb-da-peste-460-000-de-lei-pentru-proiectele-de-mediu-si-protectie-a-animalelor-in-capitala\/","title":{"rendered":"PMB d\u0103 peste 460.000 de lei pentru proiectele de mediu \u015fi protec\u0163ie a animalelor \u00een Capital\u0103"},"content":{"rendered":"\n<p>\u015ease asocia\u0163ii vor primi bani de la Prim\u0103ria Capitalei pentru dezvoltarea unor proiecte de mediu \u015fi protec\u0163ie a animalelor. Valoarea total\u0103 a acestora se ridic\u0103 la peste 460 de mii de lei \u015fi vor fi implementate p\u00e2n\u0103 la mijlocul lunii decembrie a acestui an.<\/p>\n\n\n\n<p>&#8220;Am finalizat procesul de selec\u0163ie a proiectelor depuse \u00een cadrul primei sesiuni de finan\u021b\u0103ri nerambursabile de la bugetul local pentru activit\u0103\u021bi nonprofit de interes local \u00een domeniul Protec\u021biei Mediului \u00cenconjur\u0103tor \u0219i Animalelor, conform prevederilor Legii nr. 350\/2005&#8221;, a precizat primarul general al Capitalei, Nicu\u015for Dan.<\/p>\n\n\n\n<iframe src=\"https:\/\/www.facebook.com\/plugins\/post.php?href=https%3A%2F%2Fwww.facebook.com%2FNicusorDan.ro%2Fposts%2Fpfbid0RMWLUJ2n5La3QySpbSmWoQF9CBWjvhX6sEdiVeA78Y6aH5DWy21aQNbi41xZikENl&amp;show_text=true&amp;width=500\" width=\"500\" height=\"297\" style=\"border:none;overflow:hidden\" scrolling=\"no\" frameborder=\"0\" allowfullscreen=\"true\" allow=\"autoplay; clipboard-write; encrypted-media; picture-in-picture; web-share\"><\/iframe>\n\n\n\n<p><strong>Proiectele c\u00e2\u015ftig\u0103toare sunt urm\u0103toarele:<\/strong><\/p>\n\n\n\n<ul class=\"wp-block-list\"><li>Albinele \u0219i Polenizatorii S\u0103lbatici \u00een Bucure\u0219ti, Suport Activ al Biodiversit\u0103\u021bii, ini\u0163iat de Asocia\u021bia pentru Protec\u021bia Albinelor \u0219i Polenizatorilor S\u0103lbatici \u2013 cu o valoare de 82.710,75 lei;<\/li><li>Efectele polu\u0103rii asupra s\u0103n\u0103t\u0103\u021bii, ini\u0163iat de Asocia\u021bia Centrul pentru Politici Durabile Ecopolis &#8211; cu o valoare de 100.000 lei;<\/li><li>Eduboost, ini\u0163iat de Asocia\u021bia Pentru Educa\u021bie Digital\u0103 Bigger &#8211; cu o valoare de 72.500 lei;<\/li><li>Elaborarea unui ghid managementul \u0219i solu\u021biile tehnice adecvate pentru extinderea suprafe\u021belor acoperite cu vegeta\u021bie forestier\u0103 \u00een Municipiul Bucure\u0219ti ca r\u0103spuns la provoc\u0103rile de mediu actuale, ini\u0163iat de Alian\u021ba pentru P\u0103dure &#8211; cu o valoare de 55.750 lei;<\/li><li>Ambasadorii mediului, ini\u0163iat de Funda\u021bia \u201cThe Institute\/Institutul\u201d &#8211; cu o valoare 100.000 lei;<\/li><li>Am grij\u0103 de ora\u0219ul meu, ini\u0163iat de Asocia\u021bia Grow Up Romania &#8211; cu o valoare de 52.544 lei.<\/li><\/ul>\n","protected":false},"excerpt":{"rendered":"<p>\u015ease asocia\u0163ii vor primi bani de la Prim\u0103ria Capitalei pentru dezvoltarea unor proiecte de mediu \u015fi protec\u0163ie a animalelor. Valoarea total\u0103 a acestora se ridic\u0103 la peste 460 de mii de lei \u015fi vor fi implementate p\u00e2n\u0103 la mijlocul lunii decembrie a acestui an. &#8220;Am finalizat procesul de selec\u0163ie a proiectelor depuse \u00een cadrul primei [&hellip;]<\/p>\n","protected":false},"author":38,"featured_media":30830,"comment_status":"closed","ping_status":"open","sticky":false,"template":"","format":"standard","meta":{"_acf_changed":false,"inline_featured_image":false,"ngg_post_thumbnail":0,"footnotes":""},"categories":[62],"tags":[],"ppma_author":[22601],"class_list":["post-44659","post","type-post","status-publish","format-standard","has-post-thumbnail","hentry","category-stiri"],"acf":[],"yoast_head":"<!-- This site is optimized with the Yoast SEO Premium plugin v25.3 (Yoast SEO v27.5) - https:\/\/yoast.com\/product\/yoast-seo-premium-wordpress\/ -->\n<title>PMB d\u0103 peste 460.000 de lei pentru proiectele de mediu \u015fi protec\u0163ie a animalelor \u00een Capital\u0103 - Buletin de Bucure\u0219ti<\/title>\n<meta name=\"robots\" content=\"index, follow, max-snippet:-1, max-image-preview:large, max-video-preview:-1\" \/>\n<link rel=\"canonical\" href=\"https:\/\/buletin.de\/bucuresti\/pmb-da-peste-460-000-de-lei-pentru-proiectele-de-mediu-si-protectie-a-animalelor-in-capitala\/\" \/>\n<meta property=\"og:locale\" content=\"en_GB\" \/>\n<meta property=\"og:type\" content=\"article\" \/>\n<meta property=\"og:title\" content=\"PMB d\u0103 peste 460.000 de lei pentru proiectele de mediu \u015fi protec\u0163ie a animalelor \u00een Capital\u0103\" \/>\n<meta property=\"og:description\" content=\"\u015ease asocia\u0163ii vor primi bani de la Prim\u0103ria Capitalei pentru dezvoltarea unor proiecte de mediu \u015fi protec\u0163ie a animalelor. Valoarea total\u0103 a acestora se ridic\u0103 la peste 460 de mii de lei \u015fi vor fi implementate p\u00e2n\u0103 la mijlocul lunii decembrie a acestui an. &#8220;Am finalizat procesul de selec\u0163ie a proiectelor depuse \u00een cadrul primei [&hellip;]\" \/>\n<meta property=\"og:url\" content=\"https:\/\/buletin.de\/bucuresti\/pmb-da-peste-460-000-de-lei-pentru-proiectele-de-mediu-si-protectie-a-animalelor-in-capitala\/\" \/>\n<meta property=\"og:site_name\" content=\"Buletin de Bucure\u0219ti\" \/>\n<meta property=\"article:publisher\" content=\"https:\/\/www.facebook.com\/buletin.de.buc\" \/>\n<meta property=\"article:published_time\" content=\"2022-07-19T13:37:42+00:00\" \/>\n<meta property=\"article:modified_time\" content=\"2022-07-19T13:37:43+00:00\" \/>\n<meta property=\"og:image\" content=\"https:\/\/buletin.de\/bucuresti\/wp-content\/uploads\/trafic-bucuresti.jpg\" \/>\n\t<meta property=\"og:image:width\" content=\"960\" \/>\n\t<meta property=\"og:image:height\" content=\"502\" \/>\n\t<meta property=\"og:image:type\" content=\"image\/jpeg\" \/>\n<meta name=\"author\" content=\"Anamaria Nedelcoff\" \/>\n<meta name=\"twitter:card\" content=\"summary_large_image\" \/>\n<meta name=\"twitter:label1\" content=\"Written by\" \/>\n\t<meta name=\"twitter:data1\" content=\"Anamaria Nedelcoff\" \/>\n\t<meta name=\"twitter:label2\" content=\"Estimated reading time\" \/>\n\t<meta name=\"twitter:data2\" content=\"1 minute\" \/>\n<script type=\"application\/ld+json\" class=\"yoast-schema-graph\">{\"@context\":\"https:\\\/\\\/schema.org\",\"@graph\":[{\"@type\":\"Article\",\"@id\":\"https:\\\/\\\/buletin.de\\\/bucuresti\\\/pmb-da-peste-460-000-de-lei-pentru-proiectele-de-mediu-si-protectie-a-animalelor-in-capitala\\\/#article\",\"isPartOf\":{\"@id\":\"https:\\\/\\\/buletin.de\\\/bucuresti\\\/pmb-da-peste-460-000-de-lei-pentru-proiectele-de-mediu-si-protectie-a-animalelor-in-capitala\\\/\"},\"author\":{\"name\":\"Anamaria Nedelcoff\",\"@id\":\"https:\\\/\\\/buletin.de\\\/bucuresti\\\/#\\\/schema\\\/person\\\/bfa22994f12f5d3353b170aca494f1f9\"},\"headline\":\"PMB d\u0103 peste 460.000 de lei pentru proiectele de mediu \u015fi protec\u0163ie a animalelor \u00een Capital\u0103\",\"datePublished\":\"2022-07-19T13:37:42+00:00\",\"dateModified\":\"2022-07-19T13:37:43+00:00\",\"mainEntityOfPage\":{\"@id\":\"https:\\\/\\\/buletin.de\\\/bucuresti\\\/pmb-da-peste-460-000-de-lei-pentru-proiectele-de-mediu-si-protectie-a-animalelor-in-capitala\\\/\"},\"wordCount\":272,\"publisher\":{\"@id\":\"https:\\\/\\\/buletin.de\\\/bucuresti\\\/#organization\"},\"image\":{\"@id\":\"https:\\\/\\\/buletin.de\\\/bucuresti\\\/pmb-da-peste-460-000-de-lei-pentru-proiectele-de-mediu-si-protectie-a-animalelor-in-capitala\\\/#primaryimage\"},\"thumbnailUrl\":\"https:\\\/\\\/buletin.de\\\/bucuresti\\\/wp-content\\\/uploads\\\/trafic-bucuresti.jpg\",\"articleSection\":[\"\u0218tiri\"],\"inLanguage\":\"en-GB\",\"copyrightYear\":\"2022\",\"copyrightHolder\":{\"@id\":\"https:\\\/\\\/buletin.de\\\/bucuresti\\\/#organization\"}},{\"@type\":\"WebPage\",\"@id\":\"https:\\\/\\\/buletin.de\\\/bucuresti\\\/pmb-da-peste-460-000-de-lei-pentru-proiectele-de-mediu-si-protectie-a-animalelor-in-capitala\\\/\",\"url\":\"https:\\\/\\\/buletin.de\\\/bucuresti\\\/pmb-da-peste-460-000-de-lei-pentru-proiectele-de-mediu-si-protectie-a-animalelor-in-capitala\\\/\",\"name\":\"PMB d\u0103 peste 460.000 de lei pentru proiectele de mediu \u015fi protec\u0163ie a animalelor \u00een Capital\u0103 - Buletin de Bucure\u0219ti\",\"isPartOf\":{\"@id\":\"https:\\\/\\\/buletin.de\\\/bucuresti\\\/#website\"},\"primaryImageOfPage\":{\"@id\":\"https:\\\/\\\/buletin.de\\\/bucuresti\\\/pmb-da-peste-460-000-de-lei-pentru-proiectele-de-mediu-si-protectie-a-animalelor-in-capitala\\\/#primaryimage\"},\"image\":{\"@id\":\"https:\\\/\\\/buletin.de\\\/bucuresti\\\/pmb-da-peste-460-000-de-lei-pentru-proiectele-de-mediu-si-protectie-a-animalelor-in-capitala\\\/#primaryimage\"},\"thumbnailUrl\":\"https:\\\/\\\/buletin.de\\\/bucuresti\\\/wp-content\\\/uploads\\\/trafic-bucuresti.jpg\",\"datePublished\":\"2022-07-19T13:37:42+00:00\",\"dateModified\":\"2022-07-19T13:37:43+00:00\",\"breadcrumb\":{\"@id\":\"https:\\\/\\\/buletin.de\\\/bucuresti\\\/pmb-da-peste-460-000-de-lei-pentru-proiectele-de-mediu-si-protectie-a-animalelor-in-capitala\\\/#breadcrumb\"},\"inLanguage\":\"en-GB\",\"potentialAction\":[{\"@type\":\"ReadAction\",\"target\":[\"https:\\\/\\\/buletin.de\\\/bucuresti\\\/pmb-da-peste-460-000-de-lei-pentru-proiectele-de-mediu-si-protectie-a-animalelor-in-capitala\\\/\"]}]},{\"@type\":\"ImageObject\",\"inLanguage\":\"en-GB\",\"@id\":\"https:\\\/\\\/buletin.de\\\/bucuresti\\\/pmb-da-peste-460-000-de-lei-pentru-proiectele-de-mediu-si-protectie-a-animalelor-in-capitala\\\/#primaryimage\",\"url\":\"https:\\\/\\\/buletin.de\\\/bucuresti\\\/wp-content\\\/uploads\\\/trafic-bucuresti.jpg\",\"contentUrl\":\"https:\\\/\\\/buletin.de\\\/bucuresti\\\/wp-content\\\/uploads\\\/trafic-bucuresti.jpg\",\"width\":960,\"height\":502},{\"@type\":\"BreadcrumbList\",\"@id\":\"https:\\\/\\\/buletin.de\\\/bucuresti\\\/pmb-da-peste-460-000-de-lei-pentru-proiectele-de-mediu-si-protectie-a-animalelor-in-capitala\\\/#breadcrumb\",\"itemListElement\":[{\"@type\":\"ListItem\",\"position\":1,\"name\":\"Acas\u0103\",\"item\":\"https:\\\/\\\/buletin.de\\\/bucuresti\\\/\"},{\"@type\":\"ListItem\",\"position\":2,\"name\":\"PMB d\u0103 peste 460.000 de lei pentru proiectele de mediu \u015fi protec\u0163ie a animalelor \u00een Capital\u0103\"}]},{\"@type\":\"WebSite\",\"@id\":\"https:\\\/\\\/buletin.de\\\/bucuresti\\\/#website\",\"url\":\"https:\\\/\\\/buletin.de\\\/bucuresti\\\/\",\"name\":\"Buletin de Bucure\u0219ti\",\"description\":\"\u0218tiri \u0219i investiga\u021bii esen\u021biale din capital\u0103\",\"publisher\":{\"@id\":\"https:\\\/\\\/buletin.de\\\/bucuresti\\\/#organization\"},\"potentialAction\":[{\"@type\":\"SearchAction\",\"target\":{\"@type\":\"EntryPoint\",\"urlTemplate\":\"https:\\\/\\\/buletin.de\\\/bucuresti\\\/?s={search_term_string}\"},\"query-input\":{\"@type\":\"PropertyValueSpecification\",\"valueRequired\":true,\"valueName\":\"search_term_string\"}}],\"inLanguage\":\"en-GB\"},{\"@type\":\"Organization\",\"@id\":\"https:\\\/\\\/buletin.de\\\/bucuresti\\\/#organization\",\"name\":\"Buletin de Bucure\u0219ti\",\"url\":\"https:\\\/\\\/buletin.de\\\/bucuresti\\\/\",\"logo\":{\"@type\":\"ImageObject\",\"inLanguage\":\"en-GB\",\"@id\":\"https:\\\/\\\/buletin.de\\\/bucuresti\\\/#\\\/schema\\\/logo\\\/image\\\/\",\"url\":\"https:\\\/\\\/buletin.de\\\/bucuresti\\\/wp-content\\\/uploads\\\/logo-bdb-full-wide-vernil-transparent.png\",\"contentUrl\":\"https:\\\/\\\/buletin.de\\\/bucuresti\\\/wp-content\\\/uploads\\\/logo-bdb-full-wide-vernil-transparent.png\",\"width\":1782,\"height\":626,\"caption\":\"Buletin de Bucure\u0219ti\"},\"image\":{\"@id\":\"https:\\\/\\\/buletin.de\\\/bucuresti\\\/#\\\/schema\\\/logo\\\/image\\\/\"},\"sameAs\":[\"https:\\\/\\\/www.facebook.com\\\/buletin.de.buc\",\"https:\\\/\\\/www.instagram.com\\\/buletinde.bucuresti\\\/\"]},{\"@type\":\"Person\",\"@id\":\"https:\\\/\\\/buletin.de\\\/bucuresti\\\/#\\\/schema\\\/person\\\/bfa22994f12f5d3353b170aca494f1f9\",\"name\":\"Anamaria Nedelcoff\",\"image\":{\"@type\":\"ImageObject\",\"inLanguage\":\"en-GB\",\"@id\":\"https:\\\/\\\/secure.gravatar.com\\\/avatar\\\/409df91a26b98006111557131cc35236962765b734317e1dcf94c6bc1d010629?s=96&d=monsterid&r=g9bc3ae6c8e1522e913d1a0debd6aec89\",\"url\":\"https:\\\/\\\/secure.gravatar.com\\\/avatar\\\/409df91a26b98006111557131cc35236962765b734317e1dcf94c6bc1d010629?s=96&d=monsterid&r=g\",\"contentUrl\":\"https:\\\/\\\/secure.gravatar.com\\\/avatar\\\/409df91a26b98006111557131cc35236962765b734317e1dcf94c6bc1d010629?s=96&d=monsterid&r=g\",\"caption\":\"Anamaria Nedelcoff\"},\"url\":\"https:\\\/\\\/buletin.de\\\/bucuresti\\\/author\\\/nedelcoff\\\/\"}]}<\/script>\n<!-- \/ Yoast SEO Premium plugin. -->","yoast_head_json":{"title":"PMB d\u0103 peste 460.000 de lei pentru proiectele de mediu \u015fi protec\u0163ie a animalelor \u00een Capital\u0103 - Buletin de Bucure\u0219ti","robots":{"index":"index","follow":"follow","max-snippet":"max-snippet:-1","max-image-preview":"max-image-preview:large","max-video-preview":"max-video-preview:-1"},"canonical":"https:\/\/buletin.de\/bucuresti\/pmb-da-peste-460-000-de-lei-pentru-proiectele-de-mediu-si-protectie-a-animalelor-in-capitala\/","og_locale":"en_GB","og_type":"article","og_title":"PMB d\u0103 peste 460.000 de lei pentru proiectele de mediu \u015fi protec\u0163ie a animalelor \u00een Capital\u0103","og_description":"\u015ease asocia\u0163ii vor primi bani de la Prim\u0103ria Capitalei pentru dezvoltarea unor proiecte de mediu \u015fi protec\u0163ie a animalelor. Valoarea total\u0103 a acestora se ridic\u0103 la peste 460 de mii de lei \u015fi vor fi implementate p\u00e2n\u0103 la mijlocul lunii decembrie a acestui an. &#8220;Am finalizat procesul de selec\u0163ie a proiectelor depuse \u00een cadrul primei [&hellip;]","og_url":"https:\/\/buletin.de\/bucuresti\/pmb-da-peste-460-000-de-lei-pentru-proiectele-de-mediu-si-protectie-a-animalelor-in-capitala\/","og_site_name":"Buletin de Bucure\u0219ti","article_publisher":"https:\/\/www.facebook.com\/buletin.de.buc","article_published_time":"2022-07-19T13:37:42+00:00","article_modified_time":"2022-07-19T13:37:43+00:00","og_image":[{"width":960,"height":502,"url":"https:\/\/buletin.de\/bucuresti\/wp-content\/uploads\/trafic-bucuresti.jpg","type":"image\/jpeg"}],"author":"Anamaria Nedelcoff","twitter_card":"summary_large_image","twitter_misc":{"Written by":"Anamaria Nedelcoff","Estimated reading time":"1 minute"},"schema":{"@context":"https:\/\/schema.org","@graph":[{"@type":"Article","@id":"https:\/\/buletin.de\/bucuresti\/pmb-da-peste-460-000-de-lei-pentru-proiectele-de-mediu-si-protectie-a-animalelor-in-capitala\/#article","isPartOf":{"@id":"https:\/\/buletin.de\/bucuresti\/pmb-da-peste-460-000-de-lei-pentru-proiectele-de-mediu-si-protectie-a-animalelor-in-capitala\/"},"author":{"name":"Anamaria Nedelcoff","@id":"https:\/\/buletin.de\/bucuresti\/#\/schema\/person\/bfa22994f12f5d3353b170aca494f1f9"},"headline":"PMB d\u0103 peste 460.000 de lei pentru proiectele de mediu \u015fi protec\u0163ie a animalelor \u00een Capital\u0103","datePublished":"2022-07-19T13:37:42+00:00","dateModified":"2022-07-19T13:37:43+00:00","mainEntityOfPage":{"@id":"https:\/\/buletin.de\/bucuresti\/pmb-da-peste-460-000-de-lei-pentru-proiectele-de-mediu-si-protectie-a-animalelor-in-capitala\/"},"wordCount":272,"publisher":{"@id":"https:\/\/buletin.de\/bucuresti\/#organization"},"image":{"@id":"https:\/\/buletin.de\/bucuresti\/pmb-da-peste-460-000-de-lei-pentru-proiectele-de-mediu-si-protectie-a-animalelor-in-capitala\/#primaryimage"},"thumbnailUrl":"https:\/\/buletin.de\/bucuresti\/wp-content\/uploads\/trafic-bucuresti.jpg","articleSection":["\u0218tiri"],"inLanguage":"en-GB","copyrightYear":"2022","copyrightHolder":{"@id":"https:\/\/buletin.de\/bucuresti\/#organization"}},{"@type":"WebPage","@id":"https:\/\/buletin.de\/bucuresti\/pmb-da-peste-460-000-de-lei-pentru-proiectele-de-mediu-si-protectie-a-animalelor-in-capitala\/","url":"https:\/\/buletin.de\/bucuresti\/pmb-da-peste-460-000-de-lei-pentru-proiectele-de-mediu-si-protectie-a-animalelor-in-capitala\/","name":"PMB d\u0103 peste 460.000 de lei pentru proiectele de mediu \u015fi protec\u0163ie a animalelor \u00een Capital\u0103 - Buletin de Bucure\u0219ti","isPartOf":{"@id":"https:\/\/buletin.de\/bucuresti\/#website"},"primaryImageOfPage":{"@id":"https:\/\/buletin.de\/bucuresti\/pmb-da-peste-460-000-de-lei-pentru-proiectele-de-mediu-si-protectie-a-animalelor-in-capitala\/#primaryimage"},"image":{"@id":"https:\/\/buletin.de\/bucuresti\/pmb-da-peste-460-000-de-lei-pentru-proiectele-de-mediu-si-protectie-a-animalelor-in-capitala\/#primaryimage"},"thumbnailUrl":"https:\/\/buletin.de\/bucuresti\/wp-content\/uploads\/trafic-bucuresti.jpg","datePublished":"2022-07-19T13:37:42+00:00","dateModified":"2022-07-19T13:37:43+00:00","breadcrumb":{"@id":"https:\/\/buletin.de\/bucuresti\/pmb-da-peste-460-000-de-lei-pentru-proiectele-de-mediu-si-protectie-a-animalelor-in-capitala\/#breadcrumb"},"inLanguage":"en-GB","potentialAction":[{"@type":"ReadAction","target":["https:\/\/buletin.de\/bucuresti\/pmb-da-peste-460-000-de-lei-pentru-proiectele-de-mediu-si-protectie-a-animalelor-in-capitala\/"]}]},{"@type":"ImageObject","inLanguage":"en-GB","@id":"https:\/\/buletin.de\/bucuresti\/pmb-da-peste-460-000-de-lei-pentru-proiectele-de-mediu-si-protectie-a-animalelor-in-capitala\/#primaryimage","url":"https:\/\/buletin.de\/bucuresti\/wp-content\/uploads\/trafic-bucuresti.jpg","contentUrl":"https:\/\/buletin.de\/bucuresti\/wp-content\/uploads\/trafic-bucuresti.jpg","width":960,"height":502},{"@type":"BreadcrumbList","@id":"https:\/\/buletin.de\/bucuresti\/pmb-da-peste-460-000-de-lei-pentru-proiectele-de-mediu-si-protectie-a-animalelor-in-capitala\/#breadcrumb","itemListElement":[{"@type":"ListItem","position":1,"name":"Acas\u0103","item":"https:\/\/buletin.de\/bucuresti\/"},{"@type":"ListItem","position":2,"name":"PMB d\u0103 peste 460.000 de lei pentru proiectele de mediu \u015fi protec\u0163ie a animalelor \u00een Capital\u0103"}]},{"@type":"WebSite","@id":"https:\/\/buletin.de\/bucuresti\/#website","url":"https:\/\/buletin.de\/bucuresti\/","name":"Buletin de Bucure\u0219ti","description":"\u0218tiri \u0219i investiga\u021bii esen\u021biale din capital\u0103","publisher":{"@id":"https:\/\/buletin.de\/bucuresti\/#organization"},"potentialAction":[{"@type":"SearchAction","target":{"@type":"EntryPoint","urlTemplate":"https:\/\/buletin.de\/bucuresti\/?s={search_term_string}"},"query-input":{"@type":"PropertyValueSpecification","valueRequired":true,"valueName":"search_term_string"}}],"inLanguage":"en-GB"},{"@type":"Organization","@id":"https:\/\/buletin.de\/bucuresti\/#organization","name":"Buletin de Bucure\u0219ti","url":"https:\/\/buletin.de\/bucuresti\/","logo":{"@type":"ImageObject","inLanguage":"en-GB","@id":"https:\/\/buletin.de\/bucuresti\/#\/schema\/logo\/image\/","url":"https:\/\/buletin.de\/bucuresti\/wp-content\/uploads\/logo-bdb-full-wide-vernil-transparent.png","contentUrl":"https:\/\/buletin.de\/bucuresti\/wp-content\/uploads\/logo-bdb-full-wide-vernil-transparent.png","width":1782,"height":626,"caption":"Buletin de Bucure\u0219ti"},"image":{"@id":"https:\/\/buletin.de\/bucuresti\/#\/schema\/logo\/image\/"},"sameAs":["https:\/\/www.facebook.com\/buletin.de.buc","https:\/\/www.instagram.com\/buletinde.bucuresti\/"]},{"@type":"Person","@id":"https:\/\/buletin.de\/bucuresti\/#\/schema\/person\/bfa22994f12f5d3353b170aca494f1f9","name":"Anamaria Nedelcoff","image":{"@type":"ImageObject","inLanguage":"en-GB","@id":"https:\/\/secure.gravatar.com\/avatar\/409df91a26b98006111557131cc35236962765b734317e1dcf94c6bc1d010629?s=96&d=monsterid&r=g9bc3ae6c8e1522e913d1a0debd6aec89","url":"https:\/\/secure.gravatar.com\/avatar\/409df91a26b98006111557131cc35236962765b734317e1dcf94c6bc1d010629?s=96&d=monsterid&r=g","contentUrl":"https:\/\/secure.gravatar.com\/avatar\/409df91a26b98006111557131cc35236962765b734317e1dcf94c6bc1d010629?s=96&d=monsterid&r=g","caption":"Anamaria Nedelcoff"},"url":"https:\/\/buletin.de\/bucuresti\/author\/nedelcoff\/"}]}},"authors":[{"term_id":22601,"user_id":38,"is_guest":0,"slug":"nedelcoff","display_name":"Anamaria Nedelcoff","avatar_url":"https:\/\/secure.gravatar.com\/avatar\/409df91a26b98006111557131cc35236962765b734317e1dcf94c6bc1d010629?s=96&d=monsterid&r=g","0":null,"1":"","2":"","3":"","4":"","5":"","6":"","7":"","8":""}],"_links":{"self":[{"href":"https:\/\/buletin.de\/bucuresti\/wp-json\/wp\/v2\/posts\/44659","targetHints":{"allow":["GET"]}}],"collection":[{"href":"https:\/\/buletin.de\/bucuresti\/wp-json\/wp\/v2\/posts"}],"about":[{"href":"https:\/\/buletin.de\/bucuresti\/wp-json\/wp\/v2\/types\/post"}],"author":[{"embeddable":true,"href":"https:\/\/buletin.de\/bucuresti\/wp-json\/wp\/v2\/users\/38"}],"replies":[{"embeddable":true,"href":"https:\/\/buletin.de\/bucuresti\/wp-json\/wp\/v2\/comments?post=44659"}],"version-history":[{"count":2,"href":"https:\/\/buletin.de\/bucuresti\/wp-json\/wp\/v2\/posts\/44659\/revisions"}],"predecessor-version":[{"id":44661,"href":"https:\/\/buletin.de\/bucuresti\/wp-json\/wp\/v2\/posts\/44659\/revisions\/44661"}],"wp:featuredmedia":[{"embeddable":true,"href":"https:\/\/buletin.de\/bucuresti\/wp-json\/wp\/v2\/media\/30830"}],"wp:attachment":[{"href":"https:\/\/buletin.de\/bucuresti\/wp-json\/wp\/v2\/media?parent=44659"}],"wp:term":[{"taxonomy":"category","embeddable":true,"href":"https:\/\/buletin.de\/bucuresti\/wp-json\/wp\/v2\/categories?post=44659"},{"taxonomy":"post_tag","embeddable":true,"href":"https:\/\/buletin.de\/bucuresti\/wp-json\/wp\/v2\/tags?post=44659"},{"taxonomy":"author","embeddable":true,"href":"https:\/\/buletin.de\/bucuresti\/wp-json\/wp\/v2\/ppma_author?post=44659"}],"curies":[{"name":"wp","href":"https:\/\/api.w.org\/{rel}","templated":true}]}}