{"id":44651,"date":"2022-07-19T12:34:50","date_gmt":"2022-07-19T10:34:50","guid":{"rendered":"https:\/\/buletin.de\/bucuresti\/?p=44651"},"modified":"2022-07-19T12:34:51","modified_gmt":"2022-07-19T10:34:51","slug":"tramvaiul-de-epoca-din-bucuresti-este-reactivat-pe-linia-1-timp-de-cinci-saptamani-pentru-un-eveniment-cultural","status":"publish","type":"post","link":"https:\/\/buletin.de\/bucuresti\/tramvaiul-de-epoca-din-bucuresti-este-reactivat-pe-linia-1-timp-de-cinci-saptamani-pentru-un-eveniment-cultural\/","title":{"rendered":"Tramvaiul de epoc\u0103 din Bucure\u0219ti este reactivat pe linia 1, timp de cinci s\u0103pt\u0103m\u00e2ni, pentru un eveniment cultural"},"content":{"rendered":"\n<p>Un nou eveniment va avea loc, \u00een perioada 23 iulie &#8211; 20 august 2022, \u00een Bucure\u0219ti, potrivit unui comunicat de pres\u0103 al ARCUB. Este vorba de un proiect ini\u021biat de c\u0103tre Asocia\u021bia \u201eArta nu Mu\u0219c\u0103\u201d, care propune bucure\u0219tenilor cinci c\u0103l\u0103torii cu tramvaiul de epoc\u0103, pe linia 1, \u00een fiecare zi de s\u00e2mb\u0103t\u0103.<\/p>\n\n\n\n<p>\u201eTramvaiul Bookure\u0219ti\u201d face parte din proiectele c\u00e2\u0219tig\u0103toare ale Burselor de Idei \u201eBucure\u0219ti RE:imaginat\u201d. Evenimentul reproduce traseul clasic al tramvaiului de epoc\u0103 prin intermediul lecturilor de poezie, muzic\u0103 \u0219i pove\u0219ti despre ora\u0219.<\/p>\n\n\n\n<p>\u201e\u00centr-un regim special de weekend, tramvaiul de epoc\u0103 din baza serviciului de transport public din Capital\u0103 este reactivat pe linia 1. Timp de cinci s\u0103pt\u0103m\u00e2ni, tramvaiul circul\u0103 \u00een fiecare zi de s\u00e2mb\u0103t\u0103, \u00een perioada 23 iulie \u2013 20 august 2022\u201d, potrivit ARCUB. Participan\u021bii pot beneficia de o c\u0103l\u0103torie dus-\u00eentors pe ruta Depoul Dude\u0219ti &#8211; Bd. Manta &#8211; Depoul Dude\u0219ti, f\u0103r\u0103 opriri \u00eentre sta\u021bii.&nbsp;<\/p>\n\n\n\n<p>C\u0103l\u0103toria dureaz\u0103 aproximativ dou\u0103 ore, \u00eentre intervalul orar 19.00 &#8211; 21.00, \u0219i include pove\u0219ti sus\u021binute de c\u0103tre ghizi istorici precum Anita Stere sau Ioana Popa, dar \u0219i conversa\u021bii cu poe\u021bi contemporani, moderate de c\u0103tre Raisa Beicu, Anca Vancu sau Elena Vl\u0103d\u0103reanu. Printre poe\u021bii contemporani se num\u0103r\u0103 Dan Sociu, C\u0103t\u0103lina Stanisav sau Anastasia Gavrilovigici. Momentele muzicale includ muzic\u0103 din zona jazz, clasic\u0103 sau interbelic\u0103.<\/p>\n\n\n\n<p>Biletele pentru eveniment sunt disponibile pe site-ul <a href=\"https:\/\/arcub.ro\/bilete-online\/\">ARCUB<\/a> sau pe <a href=\"https:\/\/www.bilet.ro\/eveniment\/tramvaiul-bookuresti-august-10009\">bilet.ro<\/a> \u0219i la casa de bilete ARCUB din strada Lipscani 84-90. Pre\u021bul unui bilet este 25 de lei, pentru cele cu loc pe scaun \u0219i 15 lei pentru cele cu loc \u00een picioare.<\/p>\n\n\n\n<p>\u201eTramvaiul Bookure\u0219ti\u201d este o continuare a proiectului \u201eTramvaiul Poeziei din 2019\u201d, c\u00e2\u0219tig\u0103tor la gala AFCN pentru inovare.<\/p>\n\n\n\n<p>Mai jos este programul complet pentru toate cele cinci s\u0103pt\u0103m\u00e2ni:<\/p>\n\n\n\n<p>Depoul Dude\u015fti \u2013 Bd. Banu Manta \u0219i retur<\/p>\n\n\n\n<p><strong>S\u00e2mb\u0103t\u0103, 23 iulie 2022 | 19:00 \u2013 21:00<\/strong><\/p>\n\n\n\n<p>Lectur\u0103 \u015fi discu\u0163ie cu poeta <em>Simona Popescu<\/em><\/p>\n\n\n\n<p>Recital saxofon de <em>Paolo Profeti<\/em><\/p>\n\n\n\n<p>Dialog moderat de <em>Raisa Beicu<\/em><\/p>\n\n\n\n<p>Pove\u015ftile ora\u015fului traseul liniei 1 \u2013 ghid <em>Ioana Popa<\/em><\/p>\n\n\n\n<p><strong>S\u00e2mb\u0103t\u0103, 30 iulie 2022 | 19:00 \u2013 21:00<\/strong><\/p>\n\n\n\n<p>Lectur\u0103 \u015fi discu\u0163ie cu poeta <em>Nora Iuga<\/em><\/p>\n\n\n\n<p>Recital violoncel de <em>Mihail Grigore<\/em><\/p>\n\n\n\n<p>Dialog moderat de <em>Raisa Beicu<\/em><\/p>\n\n\n\n<p>Pove\u015ftile ora\u015fului traseul liniei 1 \u2013 ghid <em>Ioana Popa<\/em><\/p>\n\n\n\n<p><strong>S\u00e2mb\u0103t\u0103, 6 august 2022 | 19:00 \u2013 21:00<\/strong><\/p>\n\n\n\n<p>Lectur\u0103 \u015fi discu\u0163ie cu poeta <em>Anastasia Gavrilovici<\/em><\/p>\n\n\n\n<p>Recital de muzic\u0103 interbelic\u0103 de <em>Corina S\u00eerghi<\/em><\/p>\n\n\n\n<p>Dialog moderat de <em>Elena Vl\u0103d\u0103reanu<\/em><\/p>\n\n\n\n<p>Pove\u015ftile ora\u015fului traseul liniei 1 \u2013 ghid <em>Anita Sterea<\/em><\/p>\n\n\n\n<p><strong>S\u00e2mb\u0103t\u0103, 13 august 2022 | 19:00 \u2013 21:00<\/strong><\/p>\n\n\n\n<p>Lectur\u0103 \u015fi discu\u0163ie cu poetul <em>Dan Sociu<\/em><\/p>\n\n\n\n<p>Recital harp\u0103 de <em>Alice Hristodor<\/em><\/p>\n\n\n\n<p>Dialog moderat de <em>Anca Vancu<\/em><\/p>\n\n\n\n<p>Pove\u015ftile ora\u015fului traseul liniei 1 \u2013 ghid <em>Anita Sterea<\/em><\/p>\n\n\n\n<p><strong>S\u00e2mb\u0103t\u0103, 20 august 2022 | 19:00 \u2013 21:00<\/strong><\/p>\n\n\n\n<p>Lectur\u0103 \u015fi discu\u0163ie cu poeta <em>C\u0103t\u0103lina Stanislav<\/em><\/p>\n\n\n\n<p>Recital vioar\u0103 de <em>Mircea Laz\u0103r<\/em><\/p>\n\n\n\n<p>Dialog moderat de <em>Anca Vancu<\/em><\/p>\n\n\n\n<p>Pove\u015ftile ora\u015fului traseul liniei 1 \u2013 ghid <em>Anita Sterea<\/em><\/p>\n\n\n\n<p>Surs\u0103 foto: site-ul ARCUB<\/p>\n","protected":false},"excerpt":{"rendered":"<p>Un nou eveniment va avea loc, \u00een perioada 23 iulie &#8211; 20 august 2022, \u00een Bucure\u0219ti, potrivit unui comunicat de pres\u0103 al ARCUB. Este vorba de un proiect ini\u021biat de c\u0103tre Asocia\u021bia \u201eArta nu Mu\u0219c\u0103\u201d, care propune bucure\u0219tenilor cinci c\u0103l\u0103torii cu tramvaiul de epoc\u0103, pe linia 1, \u00een fiecare zi de s\u00e2mb\u0103t\u0103. \u201eTramvaiul Bookure\u0219ti\u201d face [&hellip;]<\/p>\n","protected":false},"author":42,"featured_media":44652,"comment_status":"closed","ping_status":"open","sticky":false,"template":"","format":"standard","meta":{"_acf_changed":false,"inline_featured_image":false,"ngg_post_thumbnail":0,"footnotes":""},"categories":[62],"tags":[4342,3602,4338,4341,1689,4340,3600,3558,4337,4339,276,4336,4335],"ppma_author":[22603],"class_list":["post-44651","post","type-post","status-publish","format-standard","has-post-thumbnail","hentry","category-stiri","tag-anastasia-gavrilovici","tag-arcub","tag-asociatia-arta-nu-musca","tag-catalina-stanislav","tag-cultura","tag-dan-sociu","tag-istorie","tag-muzica","tag-poeti-contemporani","tag-poezie","tag-primaria-bucuresti","tag-tramvai-de-epoca","tag-tramvaiul-bookuresti"],"acf":[],"yoast_head":"<!-- This site is optimized with the Yoast SEO Premium plugin v25.3 (Yoast SEO v27.5) - https:\/\/yoast.com\/product\/yoast-seo-premium-wordpress\/ -->\n<title>Tramvaiul de epoc\u0103 din Bucure\u0219ti este reactivat pe linia 1, timp de cinci s\u0103pt\u0103m\u00e2ni, pentru un eveniment cultural - Buletin de Bucure\u0219ti<\/title>\n<meta name=\"robots\" content=\"index, follow, max-snippet:-1, max-image-preview:large, max-video-preview:-1\" \/>\n<link rel=\"canonical\" href=\"https:\/\/buletin.de\/bucuresti\/tramvaiul-de-epoca-din-bucuresti-este-reactivat-pe-linia-1-timp-de-cinci-saptamani-pentru-un-eveniment-cultural\/\" \/>\n<meta property=\"og:locale\" content=\"en_GB\" \/>\n<meta property=\"og:type\" content=\"article\" \/>\n<meta property=\"og:title\" content=\"Tramvaiul de epoc\u0103 din Bucure\u0219ti este reactivat pe linia 1, timp de cinci s\u0103pt\u0103m\u00e2ni, pentru un eveniment cultural\" \/>\n<meta property=\"og:description\" content=\"Un nou eveniment va avea loc, \u00een perioada 23 iulie &#8211; 20 august 2022, \u00een Bucure\u0219ti, potrivit unui comunicat de pres\u0103 al ARCUB. Este vorba de un proiect ini\u021biat de c\u0103tre Asocia\u021bia \u201eArta nu Mu\u0219c\u0103\u201d, care propune bucure\u0219tenilor cinci c\u0103l\u0103torii cu tramvaiul de epoc\u0103, pe linia 1, \u00een fiecare zi de s\u00e2mb\u0103t\u0103. \u201eTramvaiul Bookure\u0219ti\u201d face [&hellip;]\" \/>\n<meta property=\"og:url\" content=\"https:\/\/buletin.de\/bucuresti\/tramvaiul-de-epoca-din-bucuresti-este-reactivat-pe-linia-1-timp-de-cinci-saptamani-pentru-un-eveniment-cultural\/\" \/>\n<meta property=\"og:site_name\" content=\"Buletin de Bucure\u0219ti\" \/>\n<meta property=\"article:publisher\" content=\"https:\/\/www.facebook.com\/buletin.de.buc\" \/>\n<meta property=\"article:published_time\" content=\"2022-07-19T10:34:50+00:00\" \/>\n<meta property=\"article:modified_time\" content=\"2022-07-19T10:34:51+00:00\" \/>\n<meta property=\"og:image\" content=\"https:\/\/buletin.de\/bucuresti\/wp-content\/uploads\/vizual_TRAMVAIUL-BOOKURESTI.jpg\" \/>\n\t<meta property=\"og:image:width\" content=\"720\" \/>\n\t<meta property=\"og:image:height\" content=\"540\" \/>\n\t<meta property=\"og:image:type\" content=\"image\/jpeg\" \/>\n<meta name=\"author\" content=\"Andra Mure\u0219an\" \/>\n<meta name=\"twitter:card\" content=\"summary_large_image\" \/>\n<meta name=\"twitter:label1\" content=\"Written by\" \/>\n\t<meta name=\"twitter:data1\" content=\"Andra Mure\u0219an\" \/>\n\t<meta name=\"twitter:label2\" content=\"Estimated reading time\" \/>\n\t<meta name=\"twitter:data2\" content=\"2 minutes\" \/>\n<script type=\"application\/ld+json\" class=\"yoast-schema-graph\">{\"@context\":\"https:\\\/\\\/schema.org\",\"@graph\":[{\"@type\":\"Article\",\"@id\":\"https:\\\/\\\/buletin.de\\\/bucuresti\\\/tramvaiul-de-epoca-din-bucuresti-este-reactivat-pe-linia-1-timp-de-cinci-saptamani-pentru-un-eveniment-cultural\\\/#article\",\"isPartOf\":{\"@id\":\"https:\\\/\\\/buletin.de\\\/bucuresti\\\/tramvaiul-de-epoca-din-bucuresti-este-reactivat-pe-linia-1-timp-de-cinci-saptamani-pentru-un-eveniment-cultural\\\/\"},\"author\":{\"name\":\"Andra Mure\u0219an\",\"@id\":\"https:\\\/\\\/buletin.de\\\/bucuresti\\\/#\\\/schema\\\/person\\\/2305426a193cfbaadc0b30023ee5d01c\"},\"headline\":\"Tramvaiul de epoc\u0103 din Bucure\u0219ti este reactivat pe linia 1, timp de cinci s\u0103pt\u0103m\u00e2ni, pentru un eveniment cultural\",\"datePublished\":\"2022-07-19T10:34:50+00:00\",\"dateModified\":\"2022-07-19T10:34:51+00:00\",\"mainEntityOfPage\":{\"@id\":\"https:\\\/\\\/buletin.de\\\/bucuresti\\\/tramvaiul-de-epoca-din-bucuresti-este-reactivat-pe-linia-1-timp-de-cinci-saptamani-pentru-un-eveniment-cultural\\\/\"},\"wordCount\":513,\"publisher\":{\"@id\":\"https:\\\/\\\/buletin.de\\\/bucuresti\\\/#organization\"},\"image\":{\"@id\":\"https:\\\/\\\/buletin.de\\\/bucuresti\\\/tramvaiul-de-epoca-din-bucuresti-este-reactivat-pe-linia-1-timp-de-cinci-saptamani-pentru-un-eveniment-cultural\\\/#primaryimage\"},\"thumbnailUrl\":\"https:\\\/\\\/buletin.de\\\/bucuresti\\\/wp-content\\\/uploads\\\/vizual_TRAMVAIUL-BOOKURESTI.jpg\",\"keywords\":[\"anastasia gavrilovici\",\"arcub\",\"asociatia arta nu musca\",\"catalina stanislav\",\"cultura\",\"dan sociu\",\"istorie\",\"muzica\",\"poeti contemporani\",\"poezie\",\"primaria bucuresti\",\"tramvai de epoca\",\"tramvaiul bookuresti\"],\"articleSection\":[\"\u0218tiri\"],\"inLanguage\":\"en-GB\",\"copyrightYear\":\"2022\",\"copyrightHolder\":{\"@id\":\"https:\\\/\\\/buletin.de\\\/bucuresti\\\/#organization\"}},{\"@type\":\"WebPage\",\"@id\":\"https:\\\/\\\/buletin.de\\\/bucuresti\\\/tramvaiul-de-epoca-din-bucuresti-este-reactivat-pe-linia-1-timp-de-cinci-saptamani-pentru-un-eveniment-cultural\\\/\",\"url\":\"https:\\\/\\\/buletin.de\\\/bucuresti\\\/tramvaiul-de-epoca-din-bucuresti-este-reactivat-pe-linia-1-timp-de-cinci-saptamani-pentru-un-eveniment-cultural\\\/\",\"name\":\"Tramvaiul de epoc\u0103 din Bucure\u0219ti este reactivat pe linia 1, timp de cinci s\u0103pt\u0103m\u00e2ni, pentru un eveniment cultural - Buletin de Bucure\u0219ti\",\"isPartOf\":{\"@id\":\"https:\\\/\\\/buletin.de\\\/bucuresti\\\/#website\"},\"primaryImageOfPage\":{\"@id\":\"https:\\\/\\\/buletin.de\\\/bucuresti\\\/tramvaiul-de-epoca-din-bucuresti-este-reactivat-pe-linia-1-timp-de-cinci-saptamani-pentru-un-eveniment-cultural\\\/#primaryimage\"},\"image\":{\"@id\":\"https:\\\/\\\/buletin.de\\\/bucuresti\\\/tramvaiul-de-epoca-din-bucuresti-este-reactivat-pe-linia-1-timp-de-cinci-saptamani-pentru-un-eveniment-cultural\\\/#primaryimage\"},\"thumbnailUrl\":\"https:\\\/\\\/buletin.de\\\/bucuresti\\\/wp-content\\\/uploads\\\/vizual_TRAMVAIUL-BOOKURESTI.jpg\",\"datePublished\":\"2022-07-19T10:34:50+00:00\",\"dateModified\":\"2022-07-19T10:34:51+00:00\",\"breadcrumb\":{\"@id\":\"https:\\\/\\\/buletin.de\\\/bucuresti\\\/tramvaiul-de-epoca-din-bucuresti-este-reactivat-pe-linia-1-timp-de-cinci-saptamani-pentru-un-eveniment-cultural\\\/#breadcrumb\"},\"inLanguage\":\"en-GB\",\"potentialAction\":[{\"@type\":\"ReadAction\",\"target\":[\"https:\\\/\\\/buletin.de\\\/bucuresti\\\/tramvaiul-de-epoca-din-bucuresti-este-reactivat-pe-linia-1-timp-de-cinci-saptamani-pentru-un-eveniment-cultural\\\/\"]}]},{\"@type\":\"ImageObject\",\"inLanguage\":\"en-GB\",\"@id\":\"https:\\\/\\\/buletin.de\\\/bucuresti\\\/tramvaiul-de-epoca-din-bucuresti-este-reactivat-pe-linia-1-timp-de-cinci-saptamani-pentru-un-eveniment-cultural\\\/#primaryimage\",\"url\":\"https:\\\/\\\/buletin.de\\\/bucuresti\\\/wp-content\\\/uploads\\\/vizual_TRAMVAIUL-BOOKURESTI.jpg\",\"contentUrl\":\"https:\\\/\\\/buletin.de\\\/bucuresti\\\/wp-content\\\/uploads\\\/vizual_TRAMVAIUL-BOOKURESTI.jpg\",\"width\":720,\"height\":540},{\"@type\":\"BreadcrumbList\",\"@id\":\"https:\\\/\\\/buletin.de\\\/bucuresti\\\/tramvaiul-de-epoca-din-bucuresti-este-reactivat-pe-linia-1-timp-de-cinci-saptamani-pentru-un-eveniment-cultural\\\/#breadcrumb\",\"itemListElement\":[{\"@type\":\"ListItem\",\"position\":1,\"name\":\"Acas\u0103\",\"item\":\"https:\\\/\\\/buletin.de\\\/bucuresti\\\/\"},{\"@type\":\"ListItem\",\"position\":2,\"name\":\"Tramvaiul de epoc\u0103 din Bucure\u0219ti este reactivat pe linia 1, timp de cinci s\u0103pt\u0103m\u00e2ni, pentru un eveniment cultural\"}]},{\"@type\":\"WebSite\",\"@id\":\"https:\\\/\\\/buletin.de\\\/bucuresti\\\/#website\",\"url\":\"https:\\\/\\\/buletin.de\\\/bucuresti\\\/\",\"name\":\"Buletin de Bucure\u0219ti\",\"description\":\"\u0218tiri \u0219i investiga\u021bii esen\u021biale din capital\u0103\",\"publisher\":{\"@id\":\"https:\\\/\\\/buletin.de\\\/bucuresti\\\/#organization\"},\"potentialAction\":[{\"@type\":\"SearchAction\",\"target\":{\"@type\":\"EntryPoint\",\"urlTemplate\":\"https:\\\/\\\/buletin.de\\\/bucuresti\\\/?s={search_term_string}\"},\"query-input\":{\"@type\":\"PropertyValueSpecification\",\"valueRequired\":true,\"valueName\":\"search_term_string\"}}],\"inLanguage\":\"en-GB\"},{\"@type\":\"Organization\",\"@id\":\"https:\\\/\\\/buletin.de\\\/bucuresti\\\/#organization\",\"name\":\"Buletin de Bucure\u0219ti\",\"url\":\"https:\\\/\\\/buletin.de\\\/bucuresti\\\/\",\"logo\":{\"@type\":\"ImageObject\",\"inLanguage\":\"en-GB\",\"@id\":\"https:\\\/\\\/buletin.de\\\/bucuresti\\\/#\\\/schema\\\/logo\\\/image\\\/\",\"url\":\"https:\\\/\\\/buletin.de\\\/bucuresti\\\/wp-content\\\/uploads\\\/logo-bdb-full-wide-vernil-transparent.png\",\"contentUrl\":\"https:\\\/\\\/buletin.de\\\/bucuresti\\\/wp-content\\\/uploads\\\/logo-bdb-full-wide-vernil-transparent.png\",\"width\":1782,\"height\":626,\"caption\":\"Buletin de Bucure\u0219ti\"},\"image\":{\"@id\":\"https:\\\/\\\/buletin.de\\\/bucuresti\\\/#\\\/schema\\\/logo\\\/image\\\/\"},\"sameAs\":[\"https:\\\/\\\/www.facebook.com\\\/buletin.de.buc\",\"https:\\\/\\\/www.instagram.com\\\/buletinde.bucuresti\\\/\"]},{\"@type\":\"Person\",\"@id\":\"https:\\\/\\\/buletin.de\\\/bucuresti\\\/#\\\/schema\\\/person\\\/2305426a193cfbaadc0b30023ee5d01c\",\"name\":\"Andra Mure\u0219an\",\"image\":{\"@type\":\"ImageObject\",\"inLanguage\":\"en-GB\",\"@id\":\"https:\\\/\\\/secure.gravatar.com\\\/avatar\\\/0f89940de76acadc8ab9c36e6cec5b672fc84ab1bf1537562fa8584e29dfa8a5?s=96&d=monsterid&r=g30a40ed95e1c0fc67315c6f2c6fa871e\",\"url\":\"https:\\\/\\\/secure.gravatar.com\\\/avatar\\\/0f89940de76acadc8ab9c36e6cec5b672fc84ab1bf1537562fa8584e29dfa8a5?s=96&d=monsterid&r=g\",\"contentUrl\":\"https:\\\/\\\/secure.gravatar.com\\\/avatar\\\/0f89940de76acadc8ab9c36e6cec5b672fc84ab1bf1537562fa8584e29dfa8a5?s=96&d=monsterid&r=g\",\"caption\":\"Andra Mure\u0219an\"},\"url\":\"https:\\\/\\\/buletin.de\\\/bucuresti\\\/author\\\/andra\\\/\"}]}<\/script>\n<!-- \/ Yoast SEO Premium plugin. -->","yoast_head_json":{"title":"Tramvaiul de epoc\u0103 din Bucure\u0219ti este reactivat pe linia 1, timp de cinci s\u0103pt\u0103m\u00e2ni, pentru un eveniment cultural - Buletin de Bucure\u0219ti","robots":{"index":"index","follow":"follow","max-snippet":"max-snippet:-1","max-image-preview":"max-image-preview:large","max-video-preview":"max-video-preview:-1"},"canonical":"https:\/\/buletin.de\/bucuresti\/tramvaiul-de-epoca-din-bucuresti-este-reactivat-pe-linia-1-timp-de-cinci-saptamani-pentru-un-eveniment-cultural\/","og_locale":"en_GB","og_type":"article","og_title":"Tramvaiul de epoc\u0103 din Bucure\u0219ti este reactivat pe linia 1, timp de cinci s\u0103pt\u0103m\u00e2ni, pentru un eveniment cultural","og_description":"Un nou eveniment va avea loc, \u00een perioada 23 iulie &#8211; 20 august 2022, \u00een Bucure\u0219ti, potrivit unui comunicat de pres\u0103 al ARCUB. Este vorba de un proiect ini\u021biat de c\u0103tre Asocia\u021bia \u201eArta nu Mu\u0219c\u0103\u201d, care propune bucure\u0219tenilor cinci c\u0103l\u0103torii cu tramvaiul de epoc\u0103, pe linia 1, \u00een fiecare zi de s\u00e2mb\u0103t\u0103. \u201eTramvaiul Bookure\u0219ti\u201d face [&hellip;]","og_url":"https:\/\/buletin.de\/bucuresti\/tramvaiul-de-epoca-din-bucuresti-este-reactivat-pe-linia-1-timp-de-cinci-saptamani-pentru-un-eveniment-cultural\/","og_site_name":"Buletin de Bucure\u0219ti","article_publisher":"https:\/\/www.facebook.com\/buletin.de.buc","article_published_time":"2022-07-19T10:34:50+00:00","article_modified_time":"2022-07-19T10:34:51+00:00","og_image":[{"width":720,"height":540,"url":"https:\/\/buletin.de\/bucuresti\/wp-content\/uploads\/vizual_TRAMVAIUL-BOOKURESTI.jpg","type":"image\/jpeg"}],"author":"Andra Mure\u0219an","twitter_card":"summary_large_image","twitter_misc":{"Written by":"Andra Mure\u0219an","Estimated reading time":"2 minutes"},"schema":{"@context":"https:\/\/schema.org","@graph":[{"@type":"Article","@id":"https:\/\/buletin.de\/bucuresti\/tramvaiul-de-epoca-din-bucuresti-este-reactivat-pe-linia-1-timp-de-cinci-saptamani-pentru-un-eveniment-cultural\/#article","isPartOf":{"@id":"https:\/\/buletin.de\/bucuresti\/tramvaiul-de-epoca-din-bucuresti-este-reactivat-pe-linia-1-timp-de-cinci-saptamani-pentru-un-eveniment-cultural\/"},"author":{"name":"Andra Mure\u0219an","@id":"https:\/\/buletin.de\/bucuresti\/#\/schema\/person\/2305426a193cfbaadc0b30023ee5d01c"},"headline":"Tramvaiul de epoc\u0103 din Bucure\u0219ti este reactivat pe linia 1, timp de cinci s\u0103pt\u0103m\u00e2ni, pentru un eveniment cultural","datePublished":"2022-07-19T10:34:50+00:00","dateModified":"2022-07-19T10:34:51+00:00","mainEntityOfPage":{"@id":"https:\/\/buletin.de\/bucuresti\/tramvaiul-de-epoca-din-bucuresti-este-reactivat-pe-linia-1-timp-de-cinci-saptamani-pentru-un-eveniment-cultural\/"},"wordCount":513,"publisher":{"@id":"https:\/\/buletin.de\/bucuresti\/#organization"},"image":{"@id":"https:\/\/buletin.de\/bucuresti\/tramvaiul-de-epoca-din-bucuresti-este-reactivat-pe-linia-1-timp-de-cinci-saptamani-pentru-un-eveniment-cultural\/#primaryimage"},"thumbnailUrl":"https:\/\/buletin.de\/bucuresti\/wp-content\/uploads\/vizual_TRAMVAIUL-BOOKURESTI.jpg","keywords":["anastasia gavrilovici","arcub","asociatia arta nu musca","catalina stanislav","cultura","dan sociu","istorie","muzica","poeti contemporani","poezie","primaria bucuresti","tramvai de epoca","tramvaiul bookuresti"],"articleSection":["\u0218tiri"],"inLanguage":"en-GB","copyrightYear":"2022","copyrightHolder":{"@id":"https:\/\/buletin.de\/bucuresti\/#organization"}},{"@type":"WebPage","@id":"https:\/\/buletin.de\/bucuresti\/tramvaiul-de-epoca-din-bucuresti-este-reactivat-pe-linia-1-timp-de-cinci-saptamani-pentru-un-eveniment-cultural\/","url":"https:\/\/buletin.de\/bucuresti\/tramvaiul-de-epoca-din-bucuresti-este-reactivat-pe-linia-1-timp-de-cinci-saptamani-pentru-un-eveniment-cultural\/","name":"Tramvaiul de epoc\u0103 din Bucure\u0219ti este reactivat pe linia 1, timp de cinci s\u0103pt\u0103m\u00e2ni, pentru un eveniment cultural - Buletin de Bucure\u0219ti","isPartOf":{"@id":"https:\/\/buletin.de\/bucuresti\/#website"},"primaryImageOfPage":{"@id":"https:\/\/buletin.de\/bucuresti\/tramvaiul-de-epoca-din-bucuresti-este-reactivat-pe-linia-1-timp-de-cinci-saptamani-pentru-un-eveniment-cultural\/#primaryimage"},"image":{"@id":"https:\/\/buletin.de\/bucuresti\/tramvaiul-de-epoca-din-bucuresti-este-reactivat-pe-linia-1-timp-de-cinci-saptamani-pentru-un-eveniment-cultural\/#primaryimage"},"thumbnailUrl":"https:\/\/buletin.de\/bucuresti\/wp-content\/uploads\/vizual_TRAMVAIUL-BOOKURESTI.jpg","datePublished":"2022-07-19T10:34:50+00:00","dateModified":"2022-07-19T10:34:51+00:00","breadcrumb":{"@id":"https:\/\/buletin.de\/bucuresti\/tramvaiul-de-epoca-din-bucuresti-este-reactivat-pe-linia-1-timp-de-cinci-saptamani-pentru-un-eveniment-cultural\/#breadcrumb"},"inLanguage":"en-GB","potentialAction":[{"@type":"ReadAction","target":["https:\/\/buletin.de\/bucuresti\/tramvaiul-de-epoca-din-bucuresti-este-reactivat-pe-linia-1-timp-de-cinci-saptamani-pentru-un-eveniment-cultural\/"]}]},{"@type":"ImageObject","inLanguage":"en-GB","@id":"https:\/\/buletin.de\/bucuresti\/tramvaiul-de-epoca-din-bucuresti-este-reactivat-pe-linia-1-timp-de-cinci-saptamani-pentru-un-eveniment-cultural\/#primaryimage","url":"https:\/\/buletin.de\/bucuresti\/wp-content\/uploads\/vizual_TRAMVAIUL-BOOKURESTI.jpg","contentUrl":"https:\/\/buletin.de\/bucuresti\/wp-content\/uploads\/vizual_TRAMVAIUL-BOOKURESTI.jpg","width":720,"height":540},{"@type":"BreadcrumbList","@id":"https:\/\/buletin.de\/bucuresti\/tramvaiul-de-epoca-din-bucuresti-este-reactivat-pe-linia-1-timp-de-cinci-saptamani-pentru-un-eveniment-cultural\/#breadcrumb","itemListElement":[{"@type":"ListItem","position":1,"name":"Acas\u0103","item":"https:\/\/buletin.de\/bucuresti\/"},{"@type":"ListItem","position":2,"name":"Tramvaiul de epoc\u0103 din Bucure\u0219ti este reactivat pe linia 1, timp de cinci s\u0103pt\u0103m\u00e2ni, pentru un eveniment cultural"}]},{"@type":"WebSite","@id":"https:\/\/buletin.de\/bucuresti\/#website","url":"https:\/\/buletin.de\/bucuresti\/","name":"Buletin de Bucure\u0219ti","description":"\u0218tiri \u0219i investiga\u021bii esen\u021biale din capital\u0103","publisher":{"@id":"https:\/\/buletin.de\/bucuresti\/#organization"},"potentialAction":[{"@type":"SearchAction","target":{"@type":"EntryPoint","urlTemplate":"https:\/\/buletin.de\/bucuresti\/?s={search_term_string}"},"query-input":{"@type":"PropertyValueSpecification","valueRequired":true,"valueName":"search_term_string"}}],"inLanguage":"en-GB"},{"@type":"Organization","@id":"https:\/\/buletin.de\/bucuresti\/#organization","name":"Buletin de Bucure\u0219ti","url":"https:\/\/buletin.de\/bucuresti\/","logo":{"@type":"ImageObject","inLanguage":"en-GB","@id":"https:\/\/buletin.de\/bucuresti\/#\/schema\/logo\/image\/","url":"https:\/\/buletin.de\/bucuresti\/wp-content\/uploads\/logo-bdb-full-wide-vernil-transparent.png","contentUrl":"https:\/\/buletin.de\/bucuresti\/wp-content\/uploads\/logo-bdb-full-wide-vernil-transparent.png","width":1782,"height":626,"caption":"Buletin de Bucure\u0219ti"},"image":{"@id":"https:\/\/buletin.de\/bucuresti\/#\/schema\/logo\/image\/"},"sameAs":["https:\/\/www.facebook.com\/buletin.de.buc","https:\/\/www.instagram.com\/buletinde.bucuresti\/"]},{"@type":"Person","@id":"https:\/\/buletin.de\/bucuresti\/#\/schema\/person\/2305426a193cfbaadc0b30023ee5d01c","name":"Andra Mure\u0219an","image":{"@type":"ImageObject","inLanguage":"en-GB","@id":"https:\/\/secure.gravatar.com\/avatar\/0f89940de76acadc8ab9c36e6cec5b672fc84ab1bf1537562fa8584e29dfa8a5?s=96&d=monsterid&r=g30a40ed95e1c0fc67315c6f2c6fa871e","url":"https:\/\/secure.gravatar.com\/avatar\/0f89940de76acadc8ab9c36e6cec5b672fc84ab1bf1537562fa8584e29dfa8a5?s=96&d=monsterid&r=g","contentUrl":"https:\/\/secure.gravatar.com\/avatar\/0f89940de76acadc8ab9c36e6cec5b672fc84ab1bf1537562fa8584e29dfa8a5?s=96&d=monsterid&r=g","caption":"Andra Mure\u0219an"},"url":"https:\/\/buletin.de\/bucuresti\/author\/andra\/"}]}},"authors":[{"term_id":22603,"user_id":42,"is_guest":0,"slug":"andra","display_name":"Andra Mure\u0219an","avatar_url":"https:\/\/secure.gravatar.com\/avatar\/0f89940de76acadc8ab9c36e6cec5b672fc84ab1bf1537562fa8584e29dfa8a5?s=96&d=monsterid&r=g","0":null,"1":"","2":"","3":"","4":"","5":"","6":"","7":"","8":""}],"_links":{"self":[{"href":"https:\/\/buletin.de\/bucuresti\/wp-json\/wp\/v2\/posts\/44651","targetHints":{"allow":["GET"]}}],"collection":[{"href":"https:\/\/buletin.de\/bucuresti\/wp-json\/wp\/v2\/posts"}],"about":[{"href":"https:\/\/buletin.de\/bucuresti\/wp-json\/wp\/v2\/types\/post"}],"author":[{"embeddable":true,"href":"https:\/\/buletin.de\/bucuresti\/wp-json\/wp\/v2\/users\/42"}],"replies":[{"embeddable":true,"href":"https:\/\/buletin.de\/bucuresti\/wp-json\/wp\/v2\/comments?post=44651"}],"version-history":[{"count":1,"href":"https:\/\/buletin.de\/bucuresti\/wp-json\/wp\/v2\/posts\/44651\/revisions"}],"predecessor-version":[{"id":44653,"href":"https:\/\/buletin.de\/bucuresti\/wp-json\/wp\/v2\/posts\/44651\/revisions\/44653"}],"wp:featuredmedia":[{"embeddable":true,"href":"https:\/\/buletin.de\/bucuresti\/wp-json\/wp\/v2\/media\/44652"}],"wp:attachment":[{"href":"https:\/\/buletin.de\/bucuresti\/wp-json\/wp\/v2\/media?parent=44651"}],"wp:term":[{"taxonomy":"category","embeddable":true,"href":"https:\/\/buletin.de\/bucuresti\/wp-json\/wp\/v2\/categories?post=44651"},{"taxonomy":"post_tag","embeddable":true,"href":"https:\/\/buletin.de\/bucuresti\/wp-json\/wp\/v2\/tags?post=44651"},{"taxonomy":"author","embeddable":true,"href":"https:\/\/buletin.de\/bucuresti\/wp-json\/wp\/v2\/ppma_author?post=44651"}],"curies":[{"name":"wp","href":"https:\/\/api.w.org\/{rel}","templated":true}]}}