{"id":44583,"date":"2022-07-13T15:50:56","date_gmt":"2022-07-13T13:50:56","guid":{"rendered":"https:\/\/buletin.de\/bucuresti\/?p=44583"},"modified":"2022-07-13T15:54:02","modified_gmt":"2022-07-13T13:54:02","slug":"peste-80-de-refugiati-ucraineni-trebuie-sa-si-caute-cazare-pana-la-sfarsitul-lunii-august-universitatea-politehnica-bucuresti-i-a-anuntat-ca-trebuie-sa-plece-din-camin","status":"publish","type":"post","link":"https:\/\/buletin.de\/bucuresti\/peste-80-de-refugiati-ucraineni-trebuie-sa-si-caute-cazare-pana-la-sfarsitul-lunii-august-universitatea-politehnica-bucuresti-i-a-anuntat-ca-trebuie-sa-plece-din-camin\/","title":{"rendered":"Peste 80 de refugia\u021bi ucraineni trebuie s\u0103-\u0219i caute cazare p\u00e2n\u0103 la sf\u00e2r\u0219itul lunii august. Universitatea Politehnic\u0103 Bucure\u0219ti i-a anun\u021bat c\u0103 trebuie s\u0103 plece din c\u0103min"},"content":{"rendered":"\n<p>83 de refugia\u021bi ucraineni, majoritatea femei, copii si b\u0103tr\u00e2ni, au la dispozi\u021bie o lun\u0103 s\u0103-\u0219i g\u0103seasc\u0103 cazare \u00een Rom\u00e2nia. Au stat p\u00e2n\u0103 acum \u00eentr-un c\u0103min de la Universitatea Politehnic\u0103 Bucure\u0219ti, dar au fost anun\u021ba\u021bi c\u0103 trebuie s\u0103 evacueze spa\u021biul p\u00e2n\u0103 pe 25 august. Protocolul de colaborare \u00eentre DGSAPC Sector 6 \u0219i UPB expir\u0103 la sf\u00e2r\u0219itul lui august \u0219i nu va fi re\u00eennoit, ne-a comunicat Prefectura Bucure\u0219ti, deoarece c\u0103minul era doar un centru de cazare temporar\u0103<\/p>\n\n\n\n<p>Pe grupul de Facebook <em>Uni\u021bi pentru Ucraina<\/em>, Natalia Natali a postat un strig\u0103t de ajutor. Femeia a descris situa\u021bia cu care se confrunt\u0103 ea, \u00eempreun\u0103 cu alte c\u00e2teva zeci de cona\u021bionali. <\/p>\n\n\n\n<p>&#8220;Noi, refugia\u021bii din Ucraina, am g\u0103sit un ad\u0103post bun, fugi\u021bi de r\u0103zboi, \u00een c\u0103minul Universit\u0103\u021bii Politehnice Bucure\u0219ti, unde locuim de mai bine de patru luni. Suntem recunosc\u0103tori pentru ajutorul \u0219i sprijinul acordat de c\u0103tre cet\u0103\u021benii ospitalieri ai Rom\u00e2niei. DAR\u2026<br>C\u00e2nd ne-am instalat, am fost asigura\u021bi c\u0103 vom r\u0103m\u00e2ne \u00een acest c\u0103min p\u00e2n\u0103 la sf\u00e2r\u0219itul r\u0103zboiului. La \u00eenceput eram peste 200 de noi. Acum au mai r\u0103mas aproximativ o sut\u0103 de oameni, dintre care majoritatea pensionari, persoane cu handicap, mame cu copii mici. Ni s-a dat p\u00e2n\u0103 pe 25 august s\u0103 g\u0103sim un loc \u00een care s\u0103 locuim \u0219i s\u0103 plec\u0103m. Solicit\u0103m ajutor autorit\u0103\u021bilor ora\u0219ului, voluntarilor \u0219i organiza\u021biilor care \u00eengrijesc refugia\u021bii: le cerem s\u0103 ne lase \u00een acela\u0219i c\u0103min sau s\u0103 ne g\u0103seasc\u0103 o camer\u0103 l\u00e2ng\u0103 acest loc, deoarece copiii no\u0219tri s-au stabilit \u00een gr\u0103dini\u021be \u0219i \u0219coli \u00een acest sector. Noi, \u00eempreun\u0103 cu copiii, am trecut prin multe \u00een ultimele 5 luni de r\u0103zboi, a\u0219a c\u0103 un alt stres pentru copii \u0219i b\u0103tr\u00e2ni este de nedorit \u0219i inacceptabil. V\u0103 cerem ajutor&#8221; &#8211; Natalia Natali &#8211; grupul de Facebook <em>Uni\u021bi pentru Ucraina<\/em>.<\/p>\n\n\n\n<p>Prefectul Capitalei, Toni Grebl\u0103, a confirmat pentru Buletin de Bucure\u0219ti c\u0103 situa\u021bia descris\u0103 de refugiata din Ucraina este real\u0103. O parte din refugia\u021bii din acel c\u0103min au fost deja reloca\u021bi \u00een alte spa\u021bii.  30 de persoane au fost mutate la centrul Blue Dot, iar alte 37 de persoane \u00een diverse spa\u021bii puse la dispozi\u021bie de DGASPC Sector 6, \u00een baza parteneriatelor \u00eencheiate cu organiza\u021bii nonguvernamentale. \u00cen c\u0103min au mai r\u0103mas c\u00e2teva zeci de refugia\u021bi pentru care se caut\u0103 solu\u021bii.<\/p>\n\n\n\n<p>&#8220;La data prezentei, \u00een centrul situat \u00een C\u0103minul Leu Politehnica sunt caza\u021bi 83 de cet\u0103\u021beni ucraineni. Av\u00e2nd \u00een vedere faptul c\u0103 protocolul de colaborare \u00eencheiat de DGASPC Sector 6 cu Universitatea Politehnica expir\u0103 la data de 31 august, reprezentan\u021bii autorit\u0103\u021bii publice locale a Sectorului 6, \u00eempreun\u0103 cu organiza\u021biile nonguvernamentale \u0219i ISUBIF caut\u0103 solu\u021bii de relocare pentru cet\u0103\u021benii str\u0103ini&#8221;, ne-a transmis Toni Grebl\u0103.<\/p>\n\n\n\n<p>Prefectul Capitalei a mai ad\u0103ugat c\u0103 spa\u021biile puse la dispozi\u021bie de institu\u021biile de \u00eenv\u0103\u021b\u0103m\u00e2nt (c\u0103mine\/s\u0103li de sport) sunt centre de tranzit, acestea urm\u00e2nd s\u0103 \u00ee\u0219i reia activitatea de baz\u0103 \u00een func\u021bie de nevoile \u0219i necesit\u0103\u021bile fiec\u0103reia.<\/p>\n\n\n\n<p>Acela\u0219i lucru spune \u0219i DGSAPC Sector 6, c\u0103 ucraineni erau caza\u021bi \u00een c\u0103minul din Leu <em>temporar <\/em>\u0219i c\u0103 li s-a oferit consiliere \u0219i sprijin pentru integrarea pe termen lung dar c\u0103 nu to\u021bi doresc acest lucru.<\/p>\n\n\n\n<p>&#8220;De la \u00eenceputul lunii mai, p\u00e2n\u0103 \u00een prezent, peste 100 de persoane, ini\u021bial g\u0103zduite \u00een C\u0103minul Leu au fost sprijinite de reprezentan\u021bii DGASPC6 \u00eempreun\u0103 cu organiza\u021bii nonguvernamentale \u0219i integrate \u00een comunitate.<\/p>\n\n\n\n<p>\u00cen continuare, reprezentatii autorit\u0103\u021bilor locale \u0219i ONG-urile partenere sprijin\u0103 cele 83 de persoane care locuiesc temporar in Caminul C Leu \u00een vederea integr\u0103rii pe termen lung prin consiliere, identificarea de solu\u021bii locative, locuri de munc\u0103, cursuri de limb\u0103 roman\u0103, centre de zi pentru copii. Din p\u0103cate, o parte dintre persoanele cazate refuz\u0103 sistematic sprijinul oferit.<\/p>\n\n\n\n<p>Centrul se va \u00eenchide la data de 31 august, p\u00e2n\u0103 la inchidere, facem toate demersurile pentru sprijinirea integr\u0103rii pe termen lung a persoanelor cazate in acest centru&#8221;, a transmis DGSAPC Sector 6.<\/p>\n\n\n\n<p>\u00cen acest moment, \u00een spa\u021biile de cazare amenajate \u00een toate sectoarele din Capital\u0103 sunt caza\u021bi aproape 2000 de refugia\u021bi ucraineni.<\/p>\n\n\n\n<p>sursa foto Facebook Uni\u021bi pentru Ucraina<\/p>\n","protected":false},"excerpt":{"rendered":"<p>83 de refugia\u021bi ucraineni, majoritatea femei, copii si b\u0103tr\u00e2ni, au la dispozi\u021bie o lun\u0103 s\u0103-\u0219i g\u0103seasc\u0103 cazare \u00een Rom\u00e2nia. Au stat p\u00e2n\u0103 acum \u00eentr-un c\u0103min de la Universitatea Politehnic\u0103 Bucure\u0219ti, dar au fost anun\u021ba\u021bi c\u0103 trebuie s\u0103 evacueze spa\u021biul p\u00e2n\u0103 pe 25 august. Protocolul de colaborare \u00eentre DGSAPC Sector 6 \u0219i UPB expir\u0103 la sf\u00e2r\u0219itul [&hellip;]<\/p>\n","protected":false},"author":18,"featured_media":44592,"comment_status":"closed","ping_status":"open","sticky":false,"template":"","format":"standard","meta":{"_acf_changed":false,"inline_featured_image":false,"ngg_post_thumbnail":0,"footnotes":""},"categories":[62],"tags":[4331,4332,4018],"ppma_author":[22579],"class_list":["post-44583","post","type-post","status-publish","format-standard","has-post-thumbnail","hentry","category-stiri","tag-camin-leu","tag-dgsapc-6","tag-ucraineni"],"acf":[],"yoast_head":"<!-- This site is optimized with the Yoast SEO Premium plugin v25.3 (Yoast SEO v27.4) - https:\/\/yoast.com\/product\/yoast-seo-premium-wordpress\/ -->\n<title>Peste 80 de refugia\u021bi ucraineni trebuie s\u0103-\u0219i caute cazare p\u00e2n\u0103 la sf\u00e2r\u0219itul lunii august. Universitatea Politehnic\u0103 Bucure\u0219ti i-a anun\u021bat c\u0103 trebuie s\u0103 plece din c\u0103min - Buletin de Bucure\u0219ti<\/title>\n<meta name=\"robots\" content=\"index, follow, max-snippet:-1, max-image-preview:large, max-video-preview:-1\" \/>\n<link rel=\"canonical\" href=\"https:\/\/buletin.de\/bucuresti\/peste-80-de-refugiati-ucraineni-trebuie-sa-si-caute-cazare-pana-la-sfarsitul-lunii-august-universitatea-politehnica-bucuresti-i-a-anuntat-ca-trebuie-sa-plece-din-camin\/\" \/>\n<meta property=\"og:locale\" content=\"en_GB\" \/>\n<meta property=\"og:type\" content=\"article\" \/>\n<meta property=\"og:title\" content=\"Peste 80 de refugia\u021bi ucraineni trebuie s\u0103-\u0219i caute cazare p\u00e2n\u0103 la sf\u00e2r\u0219itul lunii august. Universitatea Politehnic\u0103 Bucure\u0219ti i-a anun\u021bat c\u0103 trebuie s\u0103 plece din c\u0103min\" \/>\n<meta property=\"og:description\" content=\"83 de refugia\u021bi ucraineni, majoritatea femei, copii si b\u0103tr\u00e2ni, au la dispozi\u021bie o lun\u0103 s\u0103-\u0219i g\u0103seasc\u0103 cazare \u00een Rom\u00e2nia. Au stat p\u00e2n\u0103 acum \u00eentr-un c\u0103min de la Universitatea Politehnic\u0103 Bucure\u0219ti, dar au fost anun\u021ba\u021bi c\u0103 trebuie s\u0103 evacueze spa\u021biul p\u00e2n\u0103 pe 25 august. Protocolul de colaborare \u00eentre DGSAPC Sector 6 \u0219i UPB expir\u0103 la sf\u00e2r\u0219itul [&hellip;]\" \/>\n<meta property=\"og:url\" content=\"https:\/\/buletin.de\/bucuresti\/peste-80-de-refugiati-ucraineni-trebuie-sa-si-caute-cazare-pana-la-sfarsitul-lunii-august-universitatea-politehnica-bucuresti-i-a-anuntat-ca-trebuie-sa-plece-din-camin\/\" \/>\n<meta property=\"og:site_name\" content=\"Buletin de Bucure\u0219ti\" \/>\n<meta property=\"article:publisher\" content=\"https:\/\/www.facebook.com\/buletin.de.buc\" \/>\n<meta property=\"article:published_time\" content=\"2022-07-13T13:50:56+00:00\" \/>\n<meta property=\"article:modified_time\" content=\"2022-07-13T13:54:02+00:00\" \/>\n<meta property=\"og:image\" content=\"https:\/\/buletin.de\/bucuresti\/wp-content\/uploads\/ucraineni1.jpg\" \/>\n\t<meta property=\"og:image:width\" content=\"960\" \/>\n\t<meta property=\"og:image:height\" content=\"585\" \/>\n\t<meta property=\"og:image:type\" content=\"image\/jpeg\" \/>\n<meta name=\"author\" content=\"Teodora Stroe\" \/>\n<meta name=\"twitter:card\" content=\"summary_large_image\" \/>\n<meta name=\"twitter:label1\" content=\"Written by\" \/>\n\t<meta name=\"twitter:data1\" content=\"Teodora Stroe\" \/>\n\t<meta name=\"twitter:label2\" content=\"Estimated reading time\" \/>\n\t<meta name=\"twitter:data2\" content=\"3 minutes\" \/>\n<script type=\"application\/ld+json\" class=\"yoast-schema-graph\">{\"@context\":\"https:\\\/\\\/schema.org\",\"@graph\":[{\"@type\":\"Article\",\"@id\":\"https:\\\/\\\/buletin.de\\\/bucuresti\\\/peste-80-de-refugiati-ucraineni-trebuie-sa-si-caute-cazare-pana-la-sfarsitul-lunii-august-universitatea-politehnica-bucuresti-i-a-anuntat-ca-trebuie-sa-plece-din-camin\\\/#article\",\"isPartOf\":{\"@id\":\"https:\\\/\\\/buletin.de\\\/bucuresti\\\/peste-80-de-refugiati-ucraineni-trebuie-sa-si-caute-cazare-pana-la-sfarsitul-lunii-august-universitatea-politehnica-bucuresti-i-a-anuntat-ca-trebuie-sa-plece-din-camin\\\/\"},\"author\":{\"name\":\"Teodora Stroe\",\"@id\":\"https:\\\/\\\/buletin.de\\\/bucuresti\\\/#\\\/schema\\\/person\\\/d369d7ddc775abece205795e0b804614\"},\"headline\":\"Peste 80 de refugia\u021bi ucraineni trebuie s\u0103-\u0219i caute cazare p\u00e2n\u0103 la sf\u00e2r\u0219itul lunii august. Universitatea Politehnic\u0103 Bucure\u0219ti i-a anun\u021bat c\u0103 trebuie s\u0103 plece din c\u0103min\",\"datePublished\":\"2022-07-13T13:50:56+00:00\",\"dateModified\":\"2022-07-13T13:54:02+00:00\",\"mainEntityOfPage\":{\"@id\":\"https:\\\/\\\/buletin.de\\\/bucuresti\\\/peste-80-de-refugiati-ucraineni-trebuie-sa-si-caute-cazare-pana-la-sfarsitul-lunii-august-universitatea-politehnica-bucuresti-i-a-anuntat-ca-trebuie-sa-plece-din-camin\\\/\"},\"wordCount\":781,\"publisher\":{\"@id\":\"https:\\\/\\\/buletin.de\\\/bucuresti\\\/#organization\"},\"image\":{\"@id\":\"https:\\\/\\\/buletin.de\\\/bucuresti\\\/peste-80-de-refugiati-ucraineni-trebuie-sa-si-caute-cazare-pana-la-sfarsitul-lunii-august-universitatea-politehnica-bucuresti-i-a-anuntat-ca-trebuie-sa-plece-din-camin\\\/#primaryimage\"},\"thumbnailUrl\":\"https:\\\/\\\/buletin.de\\\/bucuresti\\\/wp-content\\\/uploads\\\/ucraineni1.jpg\",\"keywords\":[\"camin leu\",\"dgsapc 6\",\"ucraineni\"],\"articleSection\":[\"\u0218tiri\"],\"inLanguage\":\"en-GB\",\"copyrightYear\":\"2022\",\"copyrightHolder\":{\"@id\":\"https:\\\/\\\/buletin.de\\\/bucuresti\\\/#organization\"}},{\"@type\":\"WebPage\",\"@id\":\"https:\\\/\\\/buletin.de\\\/bucuresti\\\/peste-80-de-refugiati-ucraineni-trebuie-sa-si-caute-cazare-pana-la-sfarsitul-lunii-august-universitatea-politehnica-bucuresti-i-a-anuntat-ca-trebuie-sa-plece-din-camin\\\/\",\"url\":\"https:\\\/\\\/buletin.de\\\/bucuresti\\\/peste-80-de-refugiati-ucraineni-trebuie-sa-si-caute-cazare-pana-la-sfarsitul-lunii-august-universitatea-politehnica-bucuresti-i-a-anuntat-ca-trebuie-sa-plece-din-camin\\\/\",\"name\":\"Peste 80 de refugia\u021bi ucraineni trebuie s\u0103-\u0219i caute cazare p\u00e2n\u0103 la sf\u00e2r\u0219itul lunii august. Universitatea Politehnic\u0103 Bucure\u0219ti i-a anun\u021bat c\u0103 trebuie s\u0103 plece din c\u0103min - Buletin de Bucure\u0219ti\",\"isPartOf\":{\"@id\":\"https:\\\/\\\/buletin.de\\\/bucuresti\\\/#website\"},\"primaryImageOfPage\":{\"@id\":\"https:\\\/\\\/buletin.de\\\/bucuresti\\\/peste-80-de-refugiati-ucraineni-trebuie-sa-si-caute-cazare-pana-la-sfarsitul-lunii-august-universitatea-politehnica-bucuresti-i-a-anuntat-ca-trebuie-sa-plece-din-camin\\\/#primaryimage\"},\"image\":{\"@id\":\"https:\\\/\\\/buletin.de\\\/bucuresti\\\/peste-80-de-refugiati-ucraineni-trebuie-sa-si-caute-cazare-pana-la-sfarsitul-lunii-august-universitatea-politehnica-bucuresti-i-a-anuntat-ca-trebuie-sa-plece-din-camin\\\/#primaryimage\"},\"thumbnailUrl\":\"https:\\\/\\\/buletin.de\\\/bucuresti\\\/wp-content\\\/uploads\\\/ucraineni1.jpg\",\"datePublished\":\"2022-07-13T13:50:56+00:00\",\"dateModified\":\"2022-07-13T13:54:02+00:00\",\"breadcrumb\":{\"@id\":\"https:\\\/\\\/buletin.de\\\/bucuresti\\\/peste-80-de-refugiati-ucraineni-trebuie-sa-si-caute-cazare-pana-la-sfarsitul-lunii-august-universitatea-politehnica-bucuresti-i-a-anuntat-ca-trebuie-sa-plece-din-camin\\\/#breadcrumb\"},\"inLanguage\":\"en-GB\",\"potentialAction\":[{\"@type\":\"ReadAction\",\"target\":[\"https:\\\/\\\/buletin.de\\\/bucuresti\\\/peste-80-de-refugiati-ucraineni-trebuie-sa-si-caute-cazare-pana-la-sfarsitul-lunii-august-universitatea-politehnica-bucuresti-i-a-anuntat-ca-trebuie-sa-plece-din-camin\\\/\"]}]},{\"@type\":\"ImageObject\",\"inLanguage\":\"en-GB\",\"@id\":\"https:\\\/\\\/buletin.de\\\/bucuresti\\\/peste-80-de-refugiati-ucraineni-trebuie-sa-si-caute-cazare-pana-la-sfarsitul-lunii-august-universitatea-politehnica-bucuresti-i-a-anuntat-ca-trebuie-sa-plece-din-camin\\\/#primaryimage\",\"url\":\"https:\\\/\\\/buletin.de\\\/bucuresti\\\/wp-content\\\/uploads\\\/ucraineni1.jpg\",\"contentUrl\":\"https:\\\/\\\/buletin.de\\\/bucuresti\\\/wp-content\\\/uploads\\\/ucraineni1.jpg\",\"width\":960,\"height\":585},{\"@type\":\"BreadcrumbList\",\"@id\":\"https:\\\/\\\/buletin.de\\\/bucuresti\\\/peste-80-de-refugiati-ucraineni-trebuie-sa-si-caute-cazare-pana-la-sfarsitul-lunii-august-universitatea-politehnica-bucuresti-i-a-anuntat-ca-trebuie-sa-plece-din-camin\\\/#breadcrumb\",\"itemListElement\":[{\"@type\":\"ListItem\",\"position\":1,\"name\":\"Acas\u0103\",\"item\":\"https:\\\/\\\/buletin.de\\\/bucuresti\\\/\"},{\"@type\":\"ListItem\",\"position\":2,\"name\":\"Peste 80 de refugia\u021bi ucraineni trebuie s\u0103-\u0219i caute cazare p\u00e2n\u0103 la sf\u00e2r\u0219itul lunii august. Universitatea Politehnic\u0103 Bucure\u0219ti i-a anun\u021bat c\u0103 trebuie s\u0103 plece din c\u0103min\"}]},{\"@type\":\"WebSite\",\"@id\":\"https:\\\/\\\/buletin.de\\\/bucuresti\\\/#website\",\"url\":\"https:\\\/\\\/buletin.de\\\/bucuresti\\\/\",\"name\":\"Buletin de Bucure\u0219ti\",\"description\":\"\u0218tiri \u0219i investiga\u021bii esen\u021biale din capital\u0103\",\"publisher\":{\"@id\":\"https:\\\/\\\/buletin.de\\\/bucuresti\\\/#organization\"},\"potentialAction\":[{\"@type\":\"SearchAction\",\"target\":{\"@type\":\"EntryPoint\",\"urlTemplate\":\"https:\\\/\\\/buletin.de\\\/bucuresti\\\/?s={search_term_string}\"},\"query-input\":{\"@type\":\"PropertyValueSpecification\",\"valueRequired\":true,\"valueName\":\"search_term_string\"}}],\"inLanguage\":\"en-GB\"},{\"@type\":\"Organization\",\"@id\":\"https:\\\/\\\/buletin.de\\\/bucuresti\\\/#organization\",\"name\":\"Buletin de Bucure\u0219ti\",\"url\":\"https:\\\/\\\/buletin.de\\\/bucuresti\\\/\",\"logo\":{\"@type\":\"ImageObject\",\"inLanguage\":\"en-GB\",\"@id\":\"https:\\\/\\\/buletin.de\\\/bucuresti\\\/#\\\/schema\\\/logo\\\/image\\\/\",\"url\":\"https:\\\/\\\/buletin.de\\\/bucuresti\\\/wp-content\\\/uploads\\\/logo-bdb-full-wide-vernil-transparent.png\",\"contentUrl\":\"https:\\\/\\\/buletin.de\\\/bucuresti\\\/wp-content\\\/uploads\\\/logo-bdb-full-wide-vernil-transparent.png\",\"width\":1782,\"height\":626,\"caption\":\"Buletin de Bucure\u0219ti\"},\"image\":{\"@id\":\"https:\\\/\\\/buletin.de\\\/bucuresti\\\/#\\\/schema\\\/logo\\\/image\\\/\"},\"sameAs\":[\"https:\\\/\\\/www.facebook.com\\\/buletin.de.buc\",\"https:\\\/\\\/www.instagram.com\\\/buletinde.bucuresti\\\/\"]},{\"@type\":\"Person\",\"@id\":\"https:\\\/\\\/buletin.de\\\/bucuresti\\\/#\\\/schema\\\/person\\\/d369d7ddc775abece205795e0b804614\",\"name\":\"Teodora Stroe\",\"image\":{\"@type\":\"ImageObject\",\"inLanguage\":\"en-GB\",\"@id\":\"https:\\\/\\\/secure.gravatar.com\\\/avatar\\\/2560b4cd9f5f1bc100b123158e657d75584bd1c3e1d9c69285720b9457c1b78d?s=96&d=monsterid&r=gc104800242ba5f2d78dd5d7dc4df08b6\",\"url\":\"https:\\\/\\\/secure.gravatar.com\\\/avatar\\\/2560b4cd9f5f1bc100b123158e657d75584bd1c3e1d9c69285720b9457c1b78d?s=96&d=monsterid&r=g\",\"contentUrl\":\"https:\\\/\\\/secure.gravatar.com\\\/avatar\\\/2560b4cd9f5f1bc100b123158e657d75584bd1c3e1d9c69285720b9457c1b78d?s=96&d=monsterid&r=g\",\"caption\":\"Teodora Stroe\"},\"url\":\"https:\\\/\\\/buletin.de\\\/bucuresti\\\/author\\\/simonacarlugea\\\/\"}]}<\/script>\n<!-- \/ Yoast SEO Premium plugin. -->","yoast_head_json":{"title":"Peste 80 de refugia\u021bi ucraineni trebuie s\u0103-\u0219i caute cazare p\u00e2n\u0103 la sf\u00e2r\u0219itul lunii august. Universitatea Politehnic\u0103 Bucure\u0219ti i-a anun\u021bat c\u0103 trebuie s\u0103 plece din c\u0103min - Buletin de Bucure\u0219ti","robots":{"index":"index","follow":"follow","max-snippet":"max-snippet:-1","max-image-preview":"max-image-preview:large","max-video-preview":"max-video-preview:-1"},"canonical":"https:\/\/buletin.de\/bucuresti\/peste-80-de-refugiati-ucraineni-trebuie-sa-si-caute-cazare-pana-la-sfarsitul-lunii-august-universitatea-politehnica-bucuresti-i-a-anuntat-ca-trebuie-sa-plece-din-camin\/","og_locale":"en_GB","og_type":"article","og_title":"Peste 80 de refugia\u021bi ucraineni trebuie s\u0103-\u0219i caute cazare p\u00e2n\u0103 la sf\u00e2r\u0219itul lunii august. Universitatea Politehnic\u0103 Bucure\u0219ti i-a anun\u021bat c\u0103 trebuie s\u0103 plece din c\u0103min","og_description":"83 de refugia\u021bi ucraineni, majoritatea femei, copii si b\u0103tr\u00e2ni, au la dispozi\u021bie o lun\u0103 s\u0103-\u0219i g\u0103seasc\u0103 cazare \u00een Rom\u00e2nia. Au stat p\u00e2n\u0103 acum \u00eentr-un c\u0103min de la Universitatea Politehnic\u0103 Bucure\u0219ti, dar au fost anun\u021ba\u021bi c\u0103 trebuie s\u0103 evacueze spa\u021biul p\u00e2n\u0103 pe 25 august. Protocolul de colaborare \u00eentre DGSAPC Sector 6 \u0219i UPB expir\u0103 la sf\u00e2r\u0219itul [&hellip;]","og_url":"https:\/\/buletin.de\/bucuresti\/peste-80-de-refugiati-ucraineni-trebuie-sa-si-caute-cazare-pana-la-sfarsitul-lunii-august-universitatea-politehnica-bucuresti-i-a-anuntat-ca-trebuie-sa-plece-din-camin\/","og_site_name":"Buletin de Bucure\u0219ti","article_publisher":"https:\/\/www.facebook.com\/buletin.de.buc","article_published_time":"2022-07-13T13:50:56+00:00","article_modified_time":"2022-07-13T13:54:02+00:00","og_image":[{"width":960,"height":585,"url":"https:\/\/buletin.de\/bucuresti\/wp-content\/uploads\/ucraineni1.jpg","type":"image\/jpeg"}],"author":"Teodora Stroe","twitter_card":"summary_large_image","twitter_misc":{"Written by":"Teodora Stroe","Estimated reading time":"3 minutes"},"schema":{"@context":"https:\/\/schema.org","@graph":[{"@type":"Article","@id":"https:\/\/buletin.de\/bucuresti\/peste-80-de-refugiati-ucraineni-trebuie-sa-si-caute-cazare-pana-la-sfarsitul-lunii-august-universitatea-politehnica-bucuresti-i-a-anuntat-ca-trebuie-sa-plece-din-camin\/#article","isPartOf":{"@id":"https:\/\/buletin.de\/bucuresti\/peste-80-de-refugiati-ucraineni-trebuie-sa-si-caute-cazare-pana-la-sfarsitul-lunii-august-universitatea-politehnica-bucuresti-i-a-anuntat-ca-trebuie-sa-plece-din-camin\/"},"author":{"name":"Teodora Stroe","@id":"https:\/\/buletin.de\/bucuresti\/#\/schema\/person\/d369d7ddc775abece205795e0b804614"},"headline":"Peste 80 de refugia\u021bi ucraineni trebuie s\u0103-\u0219i caute cazare p\u00e2n\u0103 la sf\u00e2r\u0219itul lunii august. Universitatea Politehnic\u0103 Bucure\u0219ti i-a anun\u021bat c\u0103 trebuie s\u0103 plece din c\u0103min","datePublished":"2022-07-13T13:50:56+00:00","dateModified":"2022-07-13T13:54:02+00:00","mainEntityOfPage":{"@id":"https:\/\/buletin.de\/bucuresti\/peste-80-de-refugiati-ucraineni-trebuie-sa-si-caute-cazare-pana-la-sfarsitul-lunii-august-universitatea-politehnica-bucuresti-i-a-anuntat-ca-trebuie-sa-plece-din-camin\/"},"wordCount":781,"publisher":{"@id":"https:\/\/buletin.de\/bucuresti\/#organization"},"image":{"@id":"https:\/\/buletin.de\/bucuresti\/peste-80-de-refugiati-ucraineni-trebuie-sa-si-caute-cazare-pana-la-sfarsitul-lunii-august-universitatea-politehnica-bucuresti-i-a-anuntat-ca-trebuie-sa-plece-din-camin\/#primaryimage"},"thumbnailUrl":"https:\/\/buletin.de\/bucuresti\/wp-content\/uploads\/ucraineni1.jpg","keywords":["camin leu","dgsapc 6","ucraineni"],"articleSection":["\u0218tiri"],"inLanguage":"en-GB","copyrightYear":"2022","copyrightHolder":{"@id":"https:\/\/buletin.de\/bucuresti\/#organization"}},{"@type":"WebPage","@id":"https:\/\/buletin.de\/bucuresti\/peste-80-de-refugiati-ucraineni-trebuie-sa-si-caute-cazare-pana-la-sfarsitul-lunii-august-universitatea-politehnica-bucuresti-i-a-anuntat-ca-trebuie-sa-plece-din-camin\/","url":"https:\/\/buletin.de\/bucuresti\/peste-80-de-refugiati-ucraineni-trebuie-sa-si-caute-cazare-pana-la-sfarsitul-lunii-august-universitatea-politehnica-bucuresti-i-a-anuntat-ca-trebuie-sa-plece-din-camin\/","name":"Peste 80 de refugia\u021bi ucraineni trebuie s\u0103-\u0219i caute cazare p\u00e2n\u0103 la sf\u00e2r\u0219itul lunii august. Universitatea Politehnic\u0103 Bucure\u0219ti i-a anun\u021bat c\u0103 trebuie s\u0103 plece din c\u0103min - Buletin de Bucure\u0219ti","isPartOf":{"@id":"https:\/\/buletin.de\/bucuresti\/#website"},"primaryImageOfPage":{"@id":"https:\/\/buletin.de\/bucuresti\/peste-80-de-refugiati-ucraineni-trebuie-sa-si-caute-cazare-pana-la-sfarsitul-lunii-august-universitatea-politehnica-bucuresti-i-a-anuntat-ca-trebuie-sa-plece-din-camin\/#primaryimage"},"image":{"@id":"https:\/\/buletin.de\/bucuresti\/peste-80-de-refugiati-ucraineni-trebuie-sa-si-caute-cazare-pana-la-sfarsitul-lunii-august-universitatea-politehnica-bucuresti-i-a-anuntat-ca-trebuie-sa-plece-din-camin\/#primaryimage"},"thumbnailUrl":"https:\/\/buletin.de\/bucuresti\/wp-content\/uploads\/ucraineni1.jpg","datePublished":"2022-07-13T13:50:56+00:00","dateModified":"2022-07-13T13:54:02+00:00","breadcrumb":{"@id":"https:\/\/buletin.de\/bucuresti\/peste-80-de-refugiati-ucraineni-trebuie-sa-si-caute-cazare-pana-la-sfarsitul-lunii-august-universitatea-politehnica-bucuresti-i-a-anuntat-ca-trebuie-sa-plece-din-camin\/#breadcrumb"},"inLanguage":"en-GB","potentialAction":[{"@type":"ReadAction","target":["https:\/\/buletin.de\/bucuresti\/peste-80-de-refugiati-ucraineni-trebuie-sa-si-caute-cazare-pana-la-sfarsitul-lunii-august-universitatea-politehnica-bucuresti-i-a-anuntat-ca-trebuie-sa-plece-din-camin\/"]}]},{"@type":"ImageObject","inLanguage":"en-GB","@id":"https:\/\/buletin.de\/bucuresti\/peste-80-de-refugiati-ucraineni-trebuie-sa-si-caute-cazare-pana-la-sfarsitul-lunii-august-universitatea-politehnica-bucuresti-i-a-anuntat-ca-trebuie-sa-plece-din-camin\/#primaryimage","url":"https:\/\/buletin.de\/bucuresti\/wp-content\/uploads\/ucraineni1.jpg","contentUrl":"https:\/\/buletin.de\/bucuresti\/wp-content\/uploads\/ucraineni1.jpg","width":960,"height":585},{"@type":"BreadcrumbList","@id":"https:\/\/buletin.de\/bucuresti\/peste-80-de-refugiati-ucraineni-trebuie-sa-si-caute-cazare-pana-la-sfarsitul-lunii-august-universitatea-politehnica-bucuresti-i-a-anuntat-ca-trebuie-sa-plece-din-camin\/#breadcrumb","itemListElement":[{"@type":"ListItem","position":1,"name":"Acas\u0103","item":"https:\/\/buletin.de\/bucuresti\/"},{"@type":"ListItem","position":2,"name":"Peste 80 de refugia\u021bi ucraineni trebuie s\u0103-\u0219i caute cazare p\u00e2n\u0103 la sf\u00e2r\u0219itul lunii august. Universitatea Politehnic\u0103 Bucure\u0219ti i-a anun\u021bat c\u0103 trebuie s\u0103 plece din c\u0103min"}]},{"@type":"WebSite","@id":"https:\/\/buletin.de\/bucuresti\/#website","url":"https:\/\/buletin.de\/bucuresti\/","name":"Buletin de Bucure\u0219ti","description":"\u0218tiri \u0219i investiga\u021bii esen\u021biale din capital\u0103","publisher":{"@id":"https:\/\/buletin.de\/bucuresti\/#organization"},"potentialAction":[{"@type":"SearchAction","target":{"@type":"EntryPoint","urlTemplate":"https:\/\/buletin.de\/bucuresti\/?s={search_term_string}"},"query-input":{"@type":"PropertyValueSpecification","valueRequired":true,"valueName":"search_term_string"}}],"inLanguage":"en-GB"},{"@type":"Organization","@id":"https:\/\/buletin.de\/bucuresti\/#organization","name":"Buletin de Bucure\u0219ti","url":"https:\/\/buletin.de\/bucuresti\/","logo":{"@type":"ImageObject","inLanguage":"en-GB","@id":"https:\/\/buletin.de\/bucuresti\/#\/schema\/logo\/image\/","url":"https:\/\/buletin.de\/bucuresti\/wp-content\/uploads\/logo-bdb-full-wide-vernil-transparent.png","contentUrl":"https:\/\/buletin.de\/bucuresti\/wp-content\/uploads\/logo-bdb-full-wide-vernil-transparent.png","width":1782,"height":626,"caption":"Buletin de Bucure\u0219ti"},"image":{"@id":"https:\/\/buletin.de\/bucuresti\/#\/schema\/logo\/image\/"},"sameAs":["https:\/\/www.facebook.com\/buletin.de.buc","https:\/\/www.instagram.com\/buletinde.bucuresti\/"]},{"@type":"Person","@id":"https:\/\/buletin.de\/bucuresti\/#\/schema\/person\/d369d7ddc775abece205795e0b804614","name":"Teodora Stroe","image":{"@type":"ImageObject","inLanguage":"en-GB","@id":"https:\/\/secure.gravatar.com\/avatar\/2560b4cd9f5f1bc100b123158e657d75584bd1c3e1d9c69285720b9457c1b78d?s=96&d=monsterid&r=gc104800242ba5f2d78dd5d7dc4df08b6","url":"https:\/\/secure.gravatar.com\/avatar\/2560b4cd9f5f1bc100b123158e657d75584bd1c3e1d9c69285720b9457c1b78d?s=96&d=monsterid&r=g","contentUrl":"https:\/\/secure.gravatar.com\/avatar\/2560b4cd9f5f1bc100b123158e657d75584bd1c3e1d9c69285720b9457c1b78d?s=96&d=monsterid&r=g","caption":"Teodora Stroe"},"url":"https:\/\/buletin.de\/bucuresti\/author\/simonacarlugea\/"}]}},"authors":[{"term_id":22579,"user_id":18,"is_guest":0,"slug":"simonacarlugea","display_name":"Teodora Stroe","avatar_url":"https:\/\/secure.gravatar.com\/avatar\/2560b4cd9f5f1bc100b123158e657d75584bd1c3e1d9c69285720b9457c1b78d?s=96&d=monsterid&r=g","0":null,"1":"","2":"","3":"","4":"","5":"","6":"","7":"","8":""}],"_links":{"self":[{"href":"https:\/\/buletin.de\/bucuresti\/wp-json\/wp\/v2\/posts\/44583","targetHints":{"allow":["GET"]}}],"collection":[{"href":"https:\/\/buletin.de\/bucuresti\/wp-json\/wp\/v2\/posts"}],"about":[{"href":"https:\/\/buletin.de\/bucuresti\/wp-json\/wp\/v2\/types\/post"}],"author":[{"embeddable":true,"href":"https:\/\/buletin.de\/bucuresti\/wp-json\/wp\/v2\/users\/18"}],"replies":[{"embeddable":true,"href":"https:\/\/buletin.de\/bucuresti\/wp-json\/wp\/v2\/comments?post=44583"}],"version-history":[{"count":5,"href":"https:\/\/buletin.de\/bucuresti\/wp-json\/wp\/v2\/posts\/44583\/revisions"}],"predecessor-version":[{"id":44594,"href":"https:\/\/buletin.de\/bucuresti\/wp-json\/wp\/v2\/posts\/44583\/revisions\/44594"}],"wp:featuredmedia":[{"embeddable":true,"href":"https:\/\/buletin.de\/bucuresti\/wp-json\/wp\/v2\/media\/44592"}],"wp:attachment":[{"href":"https:\/\/buletin.de\/bucuresti\/wp-json\/wp\/v2\/media?parent=44583"}],"wp:term":[{"taxonomy":"category","embeddable":true,"href":"https:\/\/buletin.de\/bucuresti\/wp-json\/wp\/v2\/categories?post=44583"},{"taxonomy":"post_tag","embeddable":true,"href":"https:\/\/buletin.de\/bucuresti\/wp-json\/wp\/v2\/tags?post=44583"},{"taxonomy":"author","embeddable":true,"href":"https:\/\/buletin.de\/bucuresti\/wp-json\/wp\/v2\/ppma_author?post=44583"}],"curies":[{"name":"wp","href":"https:\/\/api.w.org\/{rel}","templated":true}]}}