{"id":44570,"date":"2022-07-13T12:34:20","date_gmt":"2022-07-13T10:34:20","guid":{"rendered":"https:\/\/buletin.de\/bucuresti\/?p=44570"},"modified":"2022-07-13T12:34:33","modified_gmt":"2022-07-13T10:34:33","slug":"se-pregateste-un-regulament-de-publicitate-vizuala-pentru-bucuresti-schimbare-va-incepe-din-sectorul-6","status":"publish","type":"post","link":"https:\/\/buletin.de\/bucuresti\/se-pregateste-un-regulament-de-publicitate-vizuala-pentru-bucuresti-schimbare-va-incepe-din-sectorul-6\/","title":{"rendered":"Se preg\u0103te\u0219te un regulament de publicitate vizual\u0103 pentru Bucure\u0219ti. Schimbarea va \u00eencepe din sectorul 6"},"content":{"rendered":"\n<p><a href=\"https:\/\/www.primarie6.ro\/www2\/wp-content\/uploads\/2022\/05\/Ghid-PS6-Mobil-11-mai-2022.pdf\">Ghidul de publicitate comercial\u0103 al Sectorului 6<\/a> a fost supus dezbaterii mar\u021bi, \u00eentr-un eveniment organizat de c\u0103tre primarul Sectorului 6, Ciprian Ciucu, \u0219i viceprimarul General al Bucure\u0219tiului, Stelian Bujduveanu. La dezbatere au participat reprezentan\u021bi ai PNL \u0219i USR, dar \u0219i membri Ordinului Arhitec\u021bilor din Rom\u00e2nia (OAR), designeri graficieni, consilieri generali de la Comisia de Urbanism \u0219i Amenajare ale PMB \u0219i afaceri\u0219ti din domeniul Horeca.<\/p>\n\n\n\n<p>Proiectul a fost redactat de c\u0103tre mai mul\u021bi arhitec\u021bi aduce solu\u021bii pentru modul \u00een care sunt promovate firmele \u00een Capital\u0103 \u0219i&nbsp; completeaz\u0103 Regulamentul de Publicitate, Reclam\u0103 \u0219i Afi\u0219aj. Se adreseaz\u0103 comercian\u021bilor sau designerilor care creeaz\u0103 materiale publicitare. Scopul este de a-i sus\u021bine \u00een a crea firme de calitate, care s\u0103 creeze o imagine unitar\u0103 a Bucure\u0219tiului.&nbsp;<\/p>\n\n\n\n<figure class=\"wp-block-image size-large is-resized\"><img fetchpriority=\"high\" decoding=\"async\" src=\"data:image\/gif;base64,R0lGODlhAQABAAAAACH5BAEKAAEALAAAAAABAAEAAAICTAEAOw==\" data-src=\"https:\/\/buletin.de\/bucuresti\/wp-content\/uploads\/WhatsApp-Image-2022-07-13-at-09.23.44-900x675.jpeg\" alt=\"\" class=\"wp-image-44573 lazyload\" width=\"557\" height=\"418\" data-sizes=\"auto\" data-srcset=\"https:\/\/buletin.de\/bucuresti\/wp-content\/uploads\/WhatsApp-Image-2022-07-13-at-09.23.44-900x675.jpeg 900w, https:\/\/buletin.de\/bucuresti\/wp-content\/uploads\/WhatsApp-Image-2022-07-13-at-09.23.44-300x225.jpeg 300w, https:\/\/buletin.de\/bucuresti\/wp-content\/uploads\/WhatsApp-Image-2022-07-13-at-09.23.44-768x576.jpeg 768w, https:\/\/buletin.de\/bucuresti\/wp-content\/uploads\/WhatsApp-Image-2022-07-13-at-09.23.44-1536x1152.jpeg 1536w, https:\/\/buletin.de\/bucuresti\/wp-content\/uploads\/WhatsApp-Image-2022-07-13-at-09.23.44-1060x795.jpeg 1060w, https:\/\/buletin.de\/bucuresti\/wp-content\/uploads\/WhatsApp-Image-2022-07-13-at-09.23.44-550x413.jpeg 550w, https:\/\/buletin.de\/bucuresti\/wp-content\/uploads\/WhatsApp-Image-2022-07-13-at-09.23.44-667x500.jpeg 667w, https:\/\/buletin.de\/bucuresti\/wp-content\/uploads\/WhatsApp-Image-2022-07-13-at-09.23.44-1920x1440.jpeg 1920w, https:\/\/buletin.de\/bucuresti\/wp-content\/uploads\/WhatsApp-Image-2022-07-13-at-09.23.44-1440x1080.jpeg 1440w, https:\/\/buletin.de\/bucuresti\/wp-content\/uploads\/WhatsApp-Image-2022-07-13-at-09.23.44-600x450.jpeg 600w, https:\/\/buletin.de\/bucuresti\/wp-content\/uploads\/WhatsApp-Image-2022-07-13-at-09.23.44.jpeg 2048w\" sizes=\"(max-width: 557px) 100vw, 557px\" \/><figcaption>Dezbatere Ghid de publicitate comercial\u0103 la ARCUB<\/figcaption><\/figure>\n\n\n\n<p>Dezbaterea a \u00eenceput cu propunerea lui Ciprian Ciucu de a crea un regulament dintr-un astfel de proiect. Primarul a f\u0103cut o scurt\u0103 introducere \u00een care a spus c\u0103 e nevoie s\u0103 se rezolve \u201eharababura imagistic\u0103\u201d din Capital\u0103, iar mai apoi a dat cuv\u00e2ntul celor care au lucrat la redactarea ghidului.<\/p>\n\n\n\n<figure class=\"wp-block-image size-large is-resized\"><img decoding=\"async\" src=\"data:image\/gif;base64,R0lGODlhAQABAAAAACH5BAEKAAEALAAAAAABAAEAAAICTAEAOw==\" data-src=\"https:\/\/buletin.de\/bucuresti\/wp-content\/uploads\/WhatsApp-Image-2022-07-13-at-09.34.12-900x675.jpeg\" alt=\"\" class=\"wp-image-44577 lazyload\" width=\"567\" height=\"426\" data-sizes=\"auto\" data-srcset=\"https:\/\/buletin.de\/bucuresti\/wp-content\/uploads\/WhatsApp-Image-2022-07-13-at-09.34.12-900x675.jpeg 900w, https:\/\/buletin.de\/bucuresti\/wp-content\/uploads\/WhatsApp-Image-2022-07-13-at-09.34.12-300x225.jpeg 300w, https:\/\/buletin.de\/bucuresti\/wp-content\/uploads\/WhatsApp-Image-2022-07-13-at-09.34.12-768x576.jpeg 768w, https:\/\/buletin.de\/bucuresti\/wp-content\/uploads\/WhatsApp-Image-2022-07-13-at-09.34.12-1536x1152.jpeg 1536w, https:\/\/buletin.de\/bucuresti\/wp-content\/uploads\/WhatsApp-Image-2022-07-13-at-09.34.12-1060x795.jpeg 1060w, https:\/\/buletin.de\/bucuresti\/wp-content\/uploads\/WhatsApp-Image-2022-07-13-at-09.34.12-550x413.jpeg 550w, https:\/\/buletin.de\/bucuresti\/wp-content\/uploads\/WhatsApp-Image-2022-07-13-at-09.34.12-667x500.jpeg 667w, https:\/\/buletin.de\/bucuresti\/wp-content\/uploads\/WhatsApp-Image-2022-07-13-at-09.34.12-1920x1440.jpeg 1920w, https:\/\/buletin.de\/bucuresti\/wp-content\/uploads\/WhatsApp-Image-2022-07-13-at-09.34.12-1440x1080.jpeg 1440w, https:\/\/buletin.de\/bucuresti\/wp-content\/uploads\/WhatsApp-Image-2022-07-13-at-09.34.12-600x450.jpeg 600w, https:\/\/buletin.de\/bucuresti\/wp-content\/uploads\/WhatsApp-Image-2022-07-13-at-09.34.12.jpeg 2048w\" sizes=\"(max-width: 567px) 100vw, 567px\" \/><figcaption>\u00cen poz\u0103: primarul Sectorului 6, Ciprian Ciucu<\/figcaption><\/figure>\n\n\n\n<p>Ideea de a crea un astfel de ghid a venit dup\u0103 ce primarul Sectorului 6 a v\u0103zut un articol scris de c\u0103tre designerul \u0219i programatorul, Bogdan Dumitrache, pentru <a href=\"https:\/\/www.contributors.ro\/orientarea-publica-in-bucuresti-cazul-placutelor-cu-nume-de-strazi\/\">Contributors<\/a>. Dumitrache este cel care a creat logo-ul Bitdefender, a lucrat pentru Pre\u0219edin\u021bia Sloveniei sau muzeul Cotroceni \u0219i cel care a \u00eenceput dezbaterea cu prezentarea ghidului.<\/p>\n\n\n\n<p>\u201eProiectul \u00eencearc\u0103 s\u0103 arate c\u0103 sunt solu\u021bii mai pu\u021bin agresive de promovare\u201d, explic\u0103 designerul. \u00cen urma analizei f\u0103cute pe strada Lujerului \u0219i Cr\u00e2nga\u0219i, s-a constatat c\u0103 \u00een Sectorul 6 exist\u0103 trei probleme: dimensiunile exagerate ale firmelor \u0219i tendin\u021ba de a umple tot spa\u021biul disponibil, excesul de informa\u021bii, care este greu de re\u021binut, \u0219i grafica neglijent\u0103.&nbsp;<\/p>\n\n\n\n<p>Problemele nu sunt \u00eent\u00e2lnite la companiile mari, care \u00een cele mai multe cazuri au manuale de brand \u0219i o identitate vizual\u0103 format\u0103, ci mai degrab\u0103 este vorba despre firmele mici, potrivit desginerului. A dat exemplu complexul comercial SIR, care prezint\u0103 o astfel de aglomerare vizual\u0103.&nbsp;<\/p>\n\n\n\n<p>Ghidul cuprinde \u0219i reguli de concepere ale firmelor sau solu\u021bii pentru semnalizarea comercial\u0103. Printre solu\u021bii, spune Dumitrache, se num\u0103r\u0103 literele volumetrice sau autocolant lipit pe ferestre sau pe vitrine \u0219i copertine. Lista de verificare a conep\u021biei firmei este urm\u0103toarea:<\/p>\n\n\n\n<ul class=\"wp-block-list\"><li>\u00cen\u0103l\u021bime a firmei de ce mult 25% din cea a vitrinei. Margini libere de \u2159 din latura mic\u0103.<\/li><li>Denumire\/logo centrate sau \u00een dreptul intr\u0103rii. Fundal nedecorat de minim 30% din suprafa\u021b\u0103.<\/li><li>Text mic: descriptor, slogan, date de contact sau cel mult 7 produse de servicii.<\/li><li>Fonturi \u00eengrijite, nedistorsionate. Paleta restr\u00e2ns\u0103, dar expresiv\u0103 de culori.<\/li><li>Nu con\u021bine colaje de fotografii.<\/li><\/ul>\n\n\n\n<p>Mai multe astfel de solu\u021bii se reg\u0103sesc \u00een ghid, precum \u0219i compara\u021bii cu alte \u021b\u0103ri europene sau chiar cu Bucure\u0219tiul de alt\u0103dat\u0103.<\/p>\n\n\n\n<figure class=\"wp-block-image size-large is-resized\"><img decoding=\"async\" src=\"data:image\/gif;base64,R0lGODlhAQABAAAAACH5BAEKAAEALAAAAAABAAEAAAICTAEAOw==\" data-src=\"https:\/\/buletin.de\/bucuresti\/wp-content\/uploads\/WhatsApp-Image-2022-07-13-at-09.23.45-675x900.jpeg\" alt=\"\" class=\"wp-image-44574 lazyload\" width=\"552\" height=\"736\" data-sizes=\"auto\" data-srcset=\"https:\/\/buletin.de\/bucuresti\/wp-content\/uploads\/WhatsApp-Image-2022-07-13-at-09.23.45-675x900.jpeg 675w, https:\/\/buletin.de\/bucuresti\/wp-content\/uploads\/WhatsApp-Image-2022-07-13-at-09.23.45-225x300.jpeg 225w, https:\/\/buletin.de\/bucuresti\/wp-content\/uploads\/WhatsApp-Image-2022-07-13-at-09.23.45-768x1024.jpeg 768w, https:\/\/buletin.de\/bucuresti\/wp-content\/uploads\/WhatsApp-Image-2022-07-13-at-09.23.45-1152x1536.jpeg 1152w, https:\/\/buletin.de\/bucuresti\/wp-content\/uploads\/WhatsApp-Image-2022-07-13-at-09.23.45-1060x1413.jpeg 1060w, https:\/\/buletin.de\/bucuresti\/wp-content\/uploads\/WhatsApp-Image-2022-07-13-at-09.23.45-550x733.jpeg 550w, https:\/\/buletin.de\/bucuresti\/wp-content\/uploads\/WhatsApp-Image-2022-07-13-at-09.23.45-375x500.jpeg 375w, https:\/\/buletin.de\/bucuresti\/wp-content\/uploads\/WhatsApp-Image-2022-07-13-at-09.23.45-810x1080.jpeg 810w, https:\/\/buletin.de\/bucuresti\/wp-content\/uploads\/WhatsApp-Image-2022-07-13-at-09.23.45-600x800.jpeg 600w, https:\/\/buletin.de\/bucuresti\/wp-content\/uploads\/WhatsApp-Image-2022-07-13-at-09.23.45.jpeg 1536w\" sizes=\"(max-width: 552px) 100vw, 552px\" \/><figcaption>Cum ar\u0103ta Bucure\u0219tiul de alt\u0103dat\u0103<\/figcaption><\/figure>\n\n\n\n<p>Ulterior, a luat cuv\u00e2ntul Stelian Bujduveanu care a apreciat ghidul \u0219i a \u00eencurajat preluarea solu\u021biilor la nivelul \u00eentregului ora\u0219. \u00cens\u0103, el a pus \u00een discu\u021bie, subiectivitatea \u00een art\u0103 \u0219i design \u0219i a \u00eentrebat participan\u021bii dac\u0103 ei cred c\u0103 o comisie tehnic\u0103 ar putea trece peste deciziile proprietarilor.<\/p>\n\n\n\n<figure class=\"wp-block-image size-large is-resized\"><img loading=\"lazy\" decoding=\"async\" src=\"data:image\/gif;base64,R0lGODlhAQABAAAAACH5BAEKAAEALAAAAAABAAEAAAICTAEAOw==\" data-src=\"https:\/\/buletin.de\/bucuresti\/wp-content\/uploads\/WhatsApp-Image-2022-07-13-at-09.23.44-1-675x900.jpeg\" alt=\"\" class=\"wp-image-44575 lazyload\" width=\"544\" height=\"725\" data-sizes=\"auto\" data-srcset=\"https:\/\/buletin.de\/bucuresti\/wp-content\/uploads\/WhatsApp-Image-2022-07-13-at-09.23.44-1-675x900.jpeg 675w, https:\/\/buletin.de\/bucuresti\/wp-content\/uploads\/WhatsApp-Image-2022-07-13-at-09.23.44-1-225x300.jpeg 225w, https:\/\/buletin.de\/bucuresti\/wp-content\/uploads\/WhatsApp-Image-2022-07-13-at-09.23.44-1-768x1024.jpeg 768w, https:\/\/buletin.de\/bucuresti\/wp-content\/uploads\/WhatsApp-Image-2022-07-13-at-09.23.44-1-1152x1536.jpeg 1152w, https:\/\/buletin.de\/bucuresti\/wp-content\/uploads\/WhatsApp-Image-2022-07-13-at-09.23.44-1-1060x1413.jpeg 1060w, https:\/\/buletin.de\/bucuresti\/wp-content\/uploads\/WhatsApp-Image-2022-07-13-at-09.23.44-1-550x733.jpeg 550w, https:\/\/buletin.de\/bucuresti\/wp-content\/uploads\/WhatsApp-Image-2022-07-13-at-09.23.44-1-375x500.jpeg 375w, https:\/\/buletin.de\/bucuresti\/wp-content\/uploads\/WhatsApp-Image-2022-07-13-at-09.23.44-1-810x1080.jpeg 810w, https:\/\/buletin.de\/bucuresti\/wp-content\/uploads\/WhatsApp-Image-2022-07-13-at-09.23.44-1-600x800.jpeg 600w, https:\/\/buletin.de\/bucuresti\/wp-content\/uploads\/WhatsApp-Image-2022-07-13-at-09.23.44-1.jpeg 1536w\" sizes=\"(max-width: 544px) 100vw, 544px\" \/><figcaption>\u00cen poz\u0103: viceprimarul General al Capitalei, Stelian Bujduveanu<\/figcaption><\/figure>\n\n\n\n<p>\u201eAutoritatea public\u0103 local\u0103 poate reglementa asta. \u0218i \u00een alte \u021b\u0103ri din Europa se \u00eent\u00e2mpl\u0103 asta, se poate impune o oarecare ordine. La Senat, ca primar, oricum vin autoriza\u021bii pentru firme, pentru c\u0103 ele respect\u0103 un anumit regulament, deci procedura exist\u0103\u201d, i-a r\u0103spuns primarul Ciucu. Tot ceea ce proiectul ar aduce \u00een plus ar fi un ghid explicativ \u0219i un ghidaj de la o firm\u0103 care s\u0103 \u00eei ajute s\u0103 \u00ee\u0219i creeze o identitate vizual\u0103.<\/p>\n\n\n\n<p>A luat cuv\u00e2ntul \u0219i viceprimarul Sectorului 5, Burlacu Oleg, care a spus c\u0103 ar trebui ca acest proiect s\u0103 fie ridicat la nivel de lege organic\u0103. Altminteri, exist\u0103 riscul c\u0103 dac\u0103 se lucreaz\u0103 doar la nivel de regulament, acesta s\u0103 nu fie respectat de c\u0103tre toat\u0103 lumea.<\/p>\n\n\n\n<figure class=\"wp-block-image size-large is-resized\"><img loading=\"lazy\" decoding=\"async\" src=\"data:image\/gif;base64,R0lGODlhAQABAAAAACH5BAEKAAEALAAAAAABAAEAAAICTAEAOw==\" data-src=\"https:\/\/buletin.de\/bucuresti\/wp-content\/uploads\/WhatsApp-Image-2022-07-13-at-09.23.43-675x900.jpeg\" alt=\"\" class=\"wp-image-44576 lazyload\" width=\"540\" height=\"720\" data-sizes=\"auto\" data-srcset=\"https:\/\/buletin.de\/bucuresti\/wp-content\/uploads\/WhatsApp-Image-2022-07-13-at-09.23.43-675x900.jpeg 675w, https:\/\/buletin.de\/bucuresti\/wp-content\/uploads\/WhatsApp-Image-2022-07-13-at-09.23.43-225x300.jpeg 225w, https:\/\/buletin.de\/bucuresti\/wp-content\/uploads\/WhatsApp-Image-2022-07-13-at-09.23.43-768x1024.jpeg 768w, https:\/\/buletin.de\/bucuresti\/wp-content\/uploads\/WhatsApp-Image-2022-07-13-at-09.23.43-1152x1536.jpeg 1152w, https:\/\/buletin.de\/bucuresti\/wp-content\/uploads\/WhatsApp-Image-2022-07-13-at-09.23.43-1060x1413.jpeg 1060w, https:\/\/buletin.de\/bucuresti\/wp-content\/uploads\/WhatsApp-Image-2022-07-13-at-09.23.43-550x733.jpeg 550w, https:\/\/buletin.de\/bucuresti\/wp-content\/uploads\/WhatsApp-Image-2022-07-13-at-09.23.43-375x500.jpeg 375w, https:\/\/buletin.de\/bucuresti\/wp-content\/uploads\/WhatsApp-Image-2022-07-13-at-09.23.43-810x1080.jpeg 810w, https:\/\/buletin.de\/bucuresti\/wp-content\/uploads\/WhatsApp-Image-2022-07-13-at-09.23.43-600x800.jpeg 600w, https:\/\/buletin.de\/bucuresti\/wp-content\/uploads\/WhatsApp-Image-2022-07-13-at-09.23.43.jpeg 1536w\" sizes=\"(max-width: 540px) 100vw, 540px\" \/><figcaption>\u00cen poz\u0103: viceprimarul Sectorului 5, Burlacu Oleg<\/figcaption><\/figure>\n\n\n\n<p>Au urmat mai mul\u021bi arhitec\u021bi \u0219i designeri, care au r\u0103spuns \u00eentreb\u0103rilor \u0219i problemelor ridicate de c\u0103tre primari \u0219i viceprimari.&nbsp;<\/p>\n\n\n\n<p>\u201eNu a\u0219 vrea s\u0103 se creeze o poli\u021bie a designului, sunt lucruri care \u021bin de educa\u021bie \u0219i cultur\u0103\u201d, spune designerul, Alin Temi\u0219an, legat de propunerea de a face din acest ghid o reglementare. Designerul a explicat c\u0103 \u201eproblema este de a ajuta firmele, nu neap\u0103rat de a impune. De a ajuta pentru a implementa. Nu e nevoie s\u0103 invent\u0103m o extra-poli\u021bie\u201d.<\/p>\n\n\n\n<p>Pre\u0219edintele Ordinului Arhitec\u021bilor din Bucure\u0219ti a continuat discu\u021bia \u0219i a spus c\u0103 spa\u021biul public nu este \u00een\u021beles corect \u00een Rom\u00e2nia \u0219i a f\u0103cut compara\u021bii cu alte \u021b\u0103ri din Occident. De asemenea, a spus c\u0103 el nu crede c\u0103 arta este subiectiv\u0103, ca un r\u0103spuns la ceea ce zicea viceprimarul General al Capitalei.<\/p>\n\n\n\n<p>Majoritatea au concluzionat pe marginea faptului c\u0103 e nevoie de o unitate \u00een capital\u0103 \u0219i de o educa\u021bie \u00een acest sens. De asemenea, au fost de acord c\u0103 un astfel de proiect nu se poate impune de pe o zi pe alta.&nbsp;<\/p>\n\n\n\n<p>Au vorbit \u0219i reprezentan\u021bi din domeniul Horeca, printre care CEO-ul City Grill, Daniel Mischie. \u201eAm \u00eenceput afacerile \u00een 90 \u0219i un pic, am avut o reclam\u0103 mic\u0103, am scris cu un marker. Dup\u0103 care a venit l\u00e2ng\u0103 mine magazinul chinezesc, a pus-o verde. Eu am pus-o pu\u021bin mai mare, am pus-o ro\u0219ie, apoi a venit Carrefour \u0219i a pus un totem, iar eu am vopsit toat\u0103 cl\u0103direa, iar ast\u0103zi suntem aici\u201d. El i-a \u00eentrebat pe cei care au redactat ghidul cum ar putea s\u0103 \u00eei conving\u0103 pe oameni s\u0103 renun\u021be la practicile obi\u0219nuite \u0219i s\u0103 foloseasc\u0103 un design mai potolit \u0219i mai pu\u021bin vizibil.<\/p>\n\n\n\n<p>A fost prezent \u0219i co-fondatorul Calif, Radu T\u0103nase, care a adus \u0219i el mai multe solu\u021bii la problemele identificate pe parcursul dezbaterii. Recomand\u0103rile oferite de el sunt: identificarea spa\u021biilor unde nu se respect\u0103 dimensiunile prev\u0103zute \u00een ghid, educarea brandurilor pentru a-\u0219i putea crea o imagine coerent\u0103 \u0219i consultan\u021b\u0103 gratuit\u0103, pentru o perioad\u0103 limitat\u0103, din partea firmelor de arhitectur\u0103 oferit\u0103 firmelor care au nevoie.<\/p>\n\n\n\n<p>Dezbaterea s-a \u00eencheiat cu un termen dat de c\u0103tre Ciucu pentru o posibil\u0103 reglementare \u00een acest sens, realizat\u0103 pe marginea Ghidului de Publicitate prezentat. Au fost invita\u021bi \u0219i ceilal\u021bi primari ai Capitalei, \u00eens\u0103 nu au participat. Cei prezen\u021bi la dezbatere se g\u00e2ndesc ca p\u00e2n\u0103 \u00een toamn\u0103 s\u0103 vin\u0103 cu un regulament pentru a rezolva problemele identificate.<\/p>\n","protected":false},"excerpt":{"rendered":"<p>Ghidul de publicitate comercial\u0103 al Sectorului 6 a fost supus dezbaterii mar\u021bi, \u00eentr-un eveniment organizat de c\u0103tre primarul Sectorului 6, Ciprian Ciucu, \u0219i viceprimarul General al Bucure\u0219tiului, Stelian Bujduveanu. La dezbatere au participat reprezentan\u021bi ai PNL \u0219i USR, dar \u0219i membri Ordinului Arhitec\u021bilor din Rom\u00e2nia (OAR), designeri graficieni, consilieri generali de la Comisia de Urbanism [&hellip;]<\/p>\n","protected":false},"author":42,"featured_media":44571,"comment_status":"closed","ping_status":"open","sticky":false,"template":"","format":"standard","meta":{"_acf_changed":false,"inline_featured_image":false,"ngg_post_thumbnail":0,"footnotes":""},"categories":[62],"tags":[4329,9,2089,4330,554,161,4328,523,3825],"ppma_author":[22603],"class_list":["post-44570","post","type-post","status-publish","format-standard","has-post-thumbnail","hentry","category-stiri","tag-arhitecti","tag-bucuresti","tag-ciprian-ciucu","tag-design","tag-dezbatere","tag-firme","tag-publicitate-comerciala","tag-sector-6","tag-stelian-bujduveanu"],"acf":[],"yoast_head":"<!-- This site is optimized with the Yoast SEO Premium plugin v25.3 (Yoast SEO v27.4) - https:\/\/yoast.com\/product\/yoast-seo-premium-wordpress\/ -->\n<title>Se preg\u0103te\u0219te un regulament de publicitate vizual\u0103 pentru Bucure\u0219ti. Schimbarea va \u00eencepe din sectorul 6 - Buletin de Bucure\u0219ti<\/title>\n<meta name=\"robots\" content=\"index, follow, max-snippet:-1, max-image-preview:large, max-video-preview:-1\" \/>\n<link rel=\"canonical\" href=\"https:\/\/buletin.de\/bucuresti\/se-pregateste-un-regulament-de-publicitate-vizuala-pentru-bucuresti-schimbare-va-incepe-din-sectorul-6\/\" \/>\n<meta property=\"og:locale\" content=\"en_GB\" \/>\n<meta property=\"og:type\" content=\"article\" \/>\n<meta property=\"og:title\" content=\"Se preg\u0103te\u0219te un regulament de publicitate vizual\u0103 pentru Bucure\u0219ti. Schimbarea va \u00eencepe din sectorul 6\" \/>\n<meta property=\"og:description\" content=\"Ghidul de publicitate comercial\u0103 al Sectorului 6 a fost supus dezbaterii mar\u021bi, \u00eentr-un eveniment organizat de c\u0103tre primarul Sectorului 6, Ciprian Ciucu, \u0219i viceprimarul General al Bucure\u0219tiului, Stelian Bujduveanu. La dezbatere au participat reprezentan\u021bi ai PNL \u0219i USR, dar \u0219i membri Ordinului Arhitec\u021bilor din Rom\u00e2nia (OAR), designeri graficieni, consilieri generali de la Comisia de Urbanism [&hellip;]\" \/>\n<meta property=\"og:url\" content=\"https:\/\/buletin.de\/bucuresti\/se-pregateste-un-regulament-de-publicitate-vizuala-pentru-bucuresti-schimbare-va-incepe-din-sectorul-6\/\" \/>\n<meta property=\"og:site_name\" content=\"Buletin de Bucure\u0219ti\" \/>\n<meta property=\"article:publisher\" content=\"https:\/\/www.facebook.com\/buletin.de.buc\" \/>\n<meta property=\"article:published_time\" content=\"2022-07-13T10:34:20+00:00\" \/>\n<meta property=\"article:modified_time\" content=\"2022-07-13T10:34:33+00:00\" \/>\n<meta property=\"og:image\" content=\"https:\/\/buletin.de\/bucuresti\/wp-content\/uploads\/WhatsApp-Image-2022-07-13-at-09.23.41.jpeg\" \/>\n\t<meta property=\"og:image:width\" content=\"2048\" \/>\n\t<meta property=\"og:image:height\" content=\"1536\" \/>\n\t<meta property=\"og:image:type\" content=\"image\/jpeg\" \/>\n<meta name=\"author\" content=\"Andra Mure\u0219an\" \/>\n<meta name=\"twitter:card\" content=\"summary_large_image\" \/>\n<meta name=\"twitter:label1\" content=\"Written by\" \/>\n\t<meta name=\"twitter:data1\" content=\"Andra Mure\u0219an\" \/>\n\t<meta name=\"twitter:label2\" content=\"Estimated reading time\" \/>\n\t<meta name=\"twitter:data2\" content=\"6 minutes\" \/>\n<script type=\"application\/ld+json\" class=\"yoast-schema-graph\">{\"@context\":\"https:\\\/\\\/schema.org\",\"@graph\":[{\"@type\":\"Article\",\"@id\":\"https:\\\/\\\/buletin.de\\\/bucuresti\\\/se-pregateste-un-regulament-de-publicitate-vizuala-pentru-bucuresti-schimbare-va-incepe-din-sectorul-6\\\/#article\",\"isPartOf\":{\"@id\":\"https:\\\/\\\/buletin.de\\\/bucuresti\\\/se-pregateste-un-regulament-de-publicitate-vizuala-pentru-bucuresti-schimbare-va-incepe-din-sectorul-6\\\/\"},\"author\":{\"name\":\"Andra Mure\u0219an\",\"@id\":\"https:\\\/\\\/buletin.de\\\/bucuresti\\\/#\\\/schema\\\/person\\\/2305426a193cfbaadc0b30023ee5d01c\"},\"headline\":\"Se preg\u0103te\u0219te un regulament de publicitate vizual\u0103 pentru Bucure\u0219ti. Schimbarea va \u00eencepe din sectorul 6\",\"datePublished\":\"2022-07-13T10:34:20+00:00\",\"dateModified\":\"2022-07-13T10:34:33+00:00\",\"mainEntityOfPage\":{\"@id\":\"https:\\\/\\\/buletin.de\\\/bucuresti\\\/se-pregateste-un-regulament-de-publicitate-vizuala-pentru-bucuresti-schimbare-va-incepe-din-sectorul-6\\\/\"},\"wordCount\":1156,\"publisher\":{\"@id\":\"https:\\\/\\\/buletin.de\\\/bucuresti\\\/#organization\"},\"image\":{\"@id\":\"https:\\\/\\\/buletin.de\\\/bucuresti\\\/se-pregateste-un-regulament-de-publicitate-vizuala-pentru-bucuresti-schimbare-va-incepe-din-sectorul-6\\\/#primaryimage\"},\"thumbnailUrl\":\"https:\\\/\\\/buletin.de\\\/bucuresti\\\/wp-content\\\/uploads\\\/WhatsApp-Image-2022-07-13-at-09.23.41.jpeg\",\"keywords\":[\"arhitecti\",\"bucuresti\",\"ciprian ciucu\",\"design\",\"dezbatere\",\"firme\",\"publicitate comerciala\",\"Sector 6\",\"Stelian Bujduveanu\"],\"articleSection\":[\"\u0218tiri\"],\"inLanguage\":\"en-GB\",\"copyrightYear\":\"2022\",\"copyrightHolder\":{\"@id\":\"https:\\\/\\\/buletin.de\\\/bucuresti\\\/#organization\"}},{\"@type\":\"WebPage\",\"@id\":\"https:\\\/\\\/buletin.de\\\/bucuresti\\\/se-pregateste-un-regulament-de-publicitate-vizuala-pentru-bucuresti-schimbare-va-incepe-din-sectorul-6\\\/\",\"url\":\"https:\\\/\\\/buletin.de\\\/bucuresti\\\/se-pregateste-un-regulament-de-publicitate-vizuala-pentru-bucuresti-schimbare-va-incepe-din-sectorul-6\\\/\",\"name\":\"Se preg\u0103te\u0219te un regulament de publicitate vizual\u0103 pentru Bucure\u0219ti. Schimbarea va \u00eencepe din sectorul 6 - Buletin de Bucure\u0219ti\",\"isPartOf\":{\"@id\":\"https:\\\/\\\/buletin.de\\\/bucuresti\\\/#website\"},\"primaryImageOfPage\":{\"@id\":\"https:\\\/\\\/buletin.de\\\/bucuresti\\\/se-pregateste-un-regulament-de-publicitate-vizuala-pentru-bucuresti-schimbare-va-incepe-din-sectorul-6\\\/#primaryimage\"},\"image\":{\"@id\":\"https:\\\/\\\/buletin.de\\\/bucuresti\\\/se-pregateste-un-regulament-de-publicitate-vizuala-pentru-bucuresti-schimbare-va-incepe-din-sectorul-6\\\/#primaryimage\"},\"thumbnailUrl\":\"https:\\\/\\\/buletin.de\\\/bucuresti\\\/wp-content\\\/uploads\\\/WhatsApp-Image-2022-07-13-at-09.23.41.jpeg\",\"datePublished\":\"2022-07-13T10:34:20+00:00\",\"dateModified\":\"2022-07-13T10:34:33+00:00\",\"breadcrumb\":{\"@id\":\"https:\\\/\\\/buletin.de\\\/bucuresti\\\/se-pregateste-un-regulament-de-publicitate-vizuala-pentru-bucuresti-schimbare-va-incepe-din-sectorul-6\\\/#breadcrumb\"},\"inLanguage\":\"en-GB\",\"potentialAction\":[{\"@type\":\"ReadAction\",\"target\":[\"https:\\\/\\\/buletin.de\\\/bucuresti\\\/se-pregateste-un-regulament-de-publicitate-vizuala-pentru-bucuresti-schimbare-va-incepe-din-sectorul-6\\\/\"]}]},{\"@type\":\"ImageObject\",\"inLanguage\":\"en-GB\",\"@id\":\"https:\\\/\\\/buletin.de\\\/bucuresti\\\/se-pregateste-un-regulament-de-publicitate-vizuala-pentru-bucuresti-schimbare-va-incepe-din-sectorul-6\\\/#primaryimage\",\"url\":\"https:\\\/\\\/buletin.de\\\/bucuresti\\\/wp-content\\\/uploads\\\/WhatsApp-Image-2022-07-13-at-09.23.41.jpeg\",\"contentUrl\":\"https:\\\/\\\/buletin.de\\\/bucuresti\\\/wp-content\\\/uploads\\\/WhatsApp-Image-2022-07-13-at-09.23.41.jpeg\",\"width\":2048,\"height\":1536},{\"@type\":\"BreadcrumbList\",\"@id\":\"https:\\\/\\\/buletin.de\\\/bucuresti\\\/se-pregateste-un-regulament-de-publicitate-vizuala-pentru-bucuresti-schimbare-va-incepe-din-sectorul-6\\\/#breadcrumb\",\"itemListElement\":[{\"@type\":\"ListItem\",\"position\":1,\"name\":\"Acas\u0103\",\"item\":\"https:\\\/\\\/buletin.de\\\/bucuresti\\\/\"},{\"@type\":\"ListItem\",\"position\":2,\"name\":\"Se preg\u0103te\u0219te un regulament de publicitate vizual\u0103 pentru Bucure\u0219ti. Schimbarea va \u00eencepe din sectorul 6\"}]},{\"@type\":\"WebSite\",\"@id\":\"https:\\\/\\\/buletin.de\\\/bucuresti\\\/#website\",\"url\":\"https:\\\/\\\/buletin.de\\\/bucuresti\\\/\",\"name\":\"Buletin de Bucure\u0219ti\",\"description\":\"\u0218tiri \u0219i investiga\u021bii esen\u021biale din capital\u0103\",\"publisher\":{\"@id\":\"https:\\\/\\\/buletin.de\\\/bucuresti\\\/#organization\"},\"potentialAction\":[{\"@type\":\"SearchAction\",\"target\":{\"@type\":\"EntryPoint\",\"urlTemplate\":\"https:\\\/\\\/buletin.de\\\/bucuresti\\\/?s={search_term_string}\"},\"query-input\":{\"@type\":\"PropertyValueSpecification\",\"valueRequired\":true,\"valueName\":\"search_term_string\"}}],\"inLanguage\":\"en-GB\"},{\"@type\":\"Organization\",\"@id\":\"https:\\\/\\\/buletin.de\\\/bucuresti\\\/#organization\",\"name\":\"Buletin de Bucure\u0219ti\",\"url\":\"https:\\\/\\\/buletin.de\\\/bucuresti\\\/\",\"logo\":{\"@type\":\"ImageObject\",\"inLanguage\":\"en-GB\",\"@id\":\"https:\\\/\\\/buletin.de\\\/bucuresti\\\/#\\\/schema\\\/logo\\\/image\\\/\",\"url\":\"https:\\\/\\\/buletin.de\\\/bucuresti\\\/wp-content\\\/uploads\\\/logo-bdb-full-wide-vernil-transparent.png\",\"contentUrl\":\"https:\\\/\\\/buletin.de\\\/bucuresti\\\/wp-content\\\/uploads\\\/logo-bdb-full-wide-vernil-transparent.png\",\"width\":1782,\"height\":626,\"caption\":\"Buletin de Bucure\u0219ti\"},\"image\":{\"@id\":\"https:\\\/\\\/buletin.de\\\/bucuresti\\\/#\\\/schema\\\/logo\\\/image\\\/\"},\"sameAs\":[\"https:\\\/\\\/www.facebook.com\\\/buletin.de.buc\",\"https:\\\/\\\/www.instagram.com\\\/buletinde.bucuresti\\\/\"]},{\"@type\":\"Person\",\"@id\":\"https:\\\/\\\/buletin.de\\\/bucuresti\\\/#\\\/schema\\\/person\\\/2305426a193cfbaadc0b30023ee5d01c\",\"name\":\"Andra Mure\u0219an\",\"image\":{\"@type\":\"ImageObject\",\"inLanguage\":\"en-GB\",\"@id\":\"https:\\\/\\\/secure.gravatar.com\\\/avatar\\\/0f89940de76acadc8ab9c36e6cec5b672fc84ab1bf1537562fa8584e29dfa8a5?s=96&d=monsterid&r=g30a40ed95e1c0fc67315c6f2c6fa871e\",\"url\":\"https:\\\/\\\/secure.gravatar.com\\\/avatar\\\/0f89940de76acadc8ab9c36e6cec5b672fc84ab1bf1537562fa8584e29dfa8a5?s=96&d=monsterid&r=g\",\"contentUrl\":\"https:\\\/\\\/secure.gravatar.com\\\/avatar\\\/0f89940de76acadc8ab9c36e6cec5b672fc84ab1bf1537562fa8584e29dfa8a5?s=96&d=monsterid&r=g\",\"caption\":\"Andra Mure\u0219an\"},\"url\":\"https:\\\/\\\/buletin.de\\\/bucuresti\\\/author\\\/andra\\\/\"}]}<\/script>\n<!-- \/ Yoast SEO Premium plugin. -->","yoast_head_json":{"title":"Se preg\u0103te\u0219te un regulament de publicitate vizual\u0103 pentru Bucure\u0219ti. Schimbarea va \u00eencepe din sectorul 6 - Buletin de Bucure\u0219ti","robots":{"index":"index","follow":"follow","max-snippet":"max-snippet:-1","max-image-preview":"max-image-preview:large","max-video-preview":"max-video-preview:-1"},"canonical":"https:\/\/buletin.de\/bucuresti\/se-pregateste-un-regulament-de-publicitate-vizuala-pentru-bucuresti-schimbare-va-incepe-din-sectorul-6\/","og_locale":"en_GB","og_type":"article","og_title":"Se preg\u0103te\u0219te un regulament de publicitate vizual\u0103 pentru Bucure\u0219ti. Schimbarea va \u00eencepe din sectorul 6","og_description":"Ghidul de publicitate comercial\u0103 al Sectorului 6 a fost supus dezbaterii mar\u021bi, \u00eentr-un eveniment organizat de c\u0103tre primarul Sectorului 6, Ciprian Ciucu, \u0219i viceprimarul General al Bucure\u0219tiului, Stelian Bujduveanu. La dezbatere au participat reprezentan\u021bi ai PNL \u0219i USR, dar \u0219i membri Ordinului Arhitec\u021bilor din Rom\u00e2nia (OAR), designeri graficieni, consilieri generali de la Comisia de Urbanism [&hellip;]","og_url":"https:\/\/buletin.de\/bucuresti\/se-pregateste-un-regulament-de-publicitate-vizuala-pentru-bucuresti-schimbare-va-incepe-din-sectorul-6\/","og_site_name":"Buletin de Bucure\u0219ti","article_publisher":"https:\/\/www.facebook.com\/buletin.de.buc","article_published_time":"2022-07-13T10:34:20+00:00","article_modified_time":"2022-07-13T10:34:33+00:00","og_image":[{"width":2048,"height":1536,"url":"https:\/\/buletin.de\/bucuresti\/wp-content\/uploads\/WhatsApp-Image-2022-07-13-at-09.23.41.jpeg","type":"image\/jpeg"}],"author":"Andra Mure\u0219an","twitter_card":"summary_large_image","twitter_misc":{"Written by":"Andra Mure\u0219an","Estimated reading time":"6 minutes"},"schema":{"@context":"https:\/\/schema.org","@graph":[{"@type":"Article","@id":"https:\/\/buletin.de\/bucuresti\/se-pregateste-un-regulament-de-publicitate-vizuala-pentru-bucuresti-schimbare-va-incepe-din-sectorul-6\/#article","isPartOf":{"@id":"https:\/\/buletin.de\/bucuresti\/se-pregateste-un-regulament-de-publicitate-vizuala-pentru-bucuresti-schimbare-va-incepe-din-sectorul-6\/"},"author":{"name":"Andra Mure\u0219an","@id":"https:\/\/buletin.de\/bucuresti\/#\/schema\/person\/2305426a193cfbaadc0b30023ee5d01c"},"headline":"Se preg\u0103te\u0219te un regulament de publicitate vizual\u0103 pentru Bucure\u0219ti. Schimbarea va \u00eencepe din sectorul 6","datePublished":"2022-07-13T10:34:20+00:00","dateModified":"2022-07-13T10:34:33+00:00","mainEntityOfPage":{"@id":"https:\/\/buletin.de\/bucuresti\/se-pregateste-un-regulament-de-publicitate-vizuala-pentru-bucuresti-schimbare-va-incepe-din-sectorul-6\/"},"wordCount":1156,"publisher":{"@id":"https:\/\/buletin.de\/bucuresti\/#organization"},"image":{"@id":"https:\/\/buletin.de\/bucuresti\/se-pregateste-un-regulament-de-publicitate-vizuala-pentru-bucuresti-schimbare-va-incepe-din-sectorul-6\/#primaryimage"},"thumbnailUrl":"https:\/\/buletin.de\/bucuresti\/wp-content\/uploads\/WhatsApp-Image-2022-07-13-at-09.23.41.jpeg","keywords":["arhitecti","bucuresti","ciprian ciucu","design","dezbatere","firme","publicitate comerciala","Sector 6","Stelian Bujduveanu"],"articleSection":["\u0218tiri"],"inLanguage":"en-GB","copyrightYear":"2022","copyrightHolder":{"@id":"https:\/\/buletin.de\/bucuresti\/#organization"}},{"@type":"WebPage","@id":"https:\/\/buletin.de\/bucuresti\/se-pregateste-un-regulament-de-publicitate-vizuala-pentru-bucuresti-schimbare-va-incepe-din-sectorul-6\/","url":"https:\/\/buletin.de\/bucuresti\/se-pregateste-un-regulament-de-publicitate-vizuala-pentru-bucuresti-schimbare-va-incepe-din-sectorul-6\/","name":"Se preg\u0103te\u0219te un regulament de publicitate vizual\u0103 pentru Bucure\u0219ti. Schimbarea va \u00eencepe din sectorul 6 - Buletin de Bucure\u0219ti","isPartOf":{"@id":"https:\/\/buletin.de\/bucuresti\/#website"},"primaryImageOfPage":{"@id":"https:\/\/buletin.de\/bucuresti\/se-pregateste-un-regulament-de-publicitate-vizuala-pentru-bucuresti-schimbare-va-incepe-din-sectorul-6\/#primaryimage"},"image":{"@id":"https:\/\/buletin.de\/bucuresti\/se-pregateste-un-regulament-de-publicitate-vizuala-pentru-bucuresti-schimbare-va-incepe-din-sectorul-6\/#primaryimage"},"thumbnailUrl":"https:\/\/buletin.de\/bucuresti\/wp-content\/uploads\/WhatsApp-Image-2022-07-13-at-09.23.41.jpeg","datePublished":"2022-07-13T10:34:20+00:00","dateModified":"2022-07-13T10:34:33+00:00","breadcrumb":{"@id":"https:\/\/buletin.de\/bucuresti\/se-pregateste-un-regulament-de-publicitate-vizuala-pentru-bucuresti-schimbare-va-incepe-din-sectorul-6\/#breadcrumb"},"inLanguage":"en-GB","potentialAction":[{"@type":"ReadAction","target":["https:\/\/buletin.de\/bucuresti\/se-pregateste-un-regulament-de-publicitate-vizuala-pentru-bucuresti-schimbare-va-incepe-din-sectorul-6\/"]}]},{"@type":"ImageObject","inLanguage":"en-GB","@id":"https:\/\/buletin.de\/bucuresti\/se-pregateste-un-regulament-de-publicitate-vizuala-pentru-bucuresti-schimbare-va-incepe-din-sectorul-6\/#primaryimage","url":"https:\/\/buletin.de\/bucuresti\/wp-content\/uploads\/WhatsApp-Image-2022-07-13-at-09.23.41.jpeg","contentUrl":"https:\/\/buletin.de\/bucuresti\/wp-content\/uploads\/WhatsApp-Image-2022-07-13-at-09.23.41.jpeg","width":2048,"height":1536},{"@type":"BreadcrumbList","@id":"https:\/\/buletin.de\/bucuresti\/se-pregateste-un-regulament-de-publicitate-vizuala-pentru-bucuresti-schimbare-va-incepe-din-sectorul-6\/#breadcrumb","itemListElement":[{"@type":"ListItem","position":1,"name":"Acas\u0103","item":"https:\/\/buletin.de\/bucuresti\/"},{"@type":"ListItem","position":2,"name":"Se preg\u0103te\u0219te un regulament de publicitate vizual\u0103 pentru Bucure\u0219ti. Schimbarea va \u00eencepe din sectorul 6"}]},{"@type":"WebSite","@id":"https:\/\/buletin.de\/bucuresti\/#website","url":"https:\/\/buletin.de\/bucuresti\/","name":"Buletin de Bucure\u0219ti","description":"\u0218tiri \u0219i investiga\u021bii esen\u021biale din capital\u0103","publisher":{"@id":"https:\/\/buletin.de\/bucuresti\/#organization"},"potentialAction":[{"@type":"SearchAction","target":{"@type":"EntryPoint","urlTemplate":"https:\/\/buletin.de\/bucuresti\/?s={search_term_string}"},"query-input":{"@type":"PropertyValueSpecification","valueRequired":true,"valueName":"search_term_string"}}],"inLanguage":"en-GB"},{"@type":"Organization","@id":"https:\/\/buletin.de\/bucuresti\/#organization","name":"Buletin de Bucure\u0219ti","url":"https:\/\/buletin.de\/bucuresti\/","logo":{"@type":"ImageObject","inLanguage":"en-GB","@id":"https:\/\/buletin.de\/bucuresti\/#\/schema\/logo\/image\/","url":"https:\/\/buletin.de\/bucuresti\/wp-content\/uploads\/logo-bdb-full-wide-vernil-transparent.png","contentUrl":"https:\/\/buletin.de\/bucuresti\/wp-content\/uploads\/logo-bdb-full-wide-vernil-transparent.png","width":1782,"height":626,"caption":"Buletin de Bucure\u0219ti"},"image":{"@id":"https:\/\/buletin.de\/bucuresti\/#\/schema\/logo\/image\/"},"sameAs":["https:\/\/www.facebook.com\/buletin.de.buc","https:\/\/www.instagram.com\/buletinde.bucuresti\/"]},{"@type":"Person","@id":"https:\/\/buletin.de\/bucuresti\/#\/schema\/person\/2305426a193cfbaadc0b30023ee5d01c","name":"Andra Mure\u0219an","image":{"@type":"ImageObject","inLanguage":"en-GB","@id":"https:\/\/secure.gravatar.com\/avatar\/0f89940de76acadc8ab9c36e6cec5b672fc84ab1bf1537562fa8584e29dfa8a5?s=96&d=monsterid&r=g30a40ed95e1c0fc67315c6f2c6fa871e","url":"https:\/\/secure.gravatar.com\/avatar\/0f89940de76acadc8ab9c36e6cec5b672fc84ab1bf1537562fa8584e29dfa8a5?s=96&d=monsterid&r=g","contentUrl":"https:\/\/secure.gravatar.com\/avatar\/0f89940de76acadc8ab9c36e6cec5b672fc84ab1bf1537562fa8584e29dfa8a5?s=96&d=monsterid&r=g","caption":"Andra Mure\u0219an"},"url":"https:\/\/buletin.de\/bucuresti\/author\/andra\/"}]}},"authors":[{"term_id":22603,"user_id":42,"is_guest":0,"slug":"andra","display_name":"Andra Mure\u0219an","avatar_url":"https:\/\/secure.gravatar.com\/avatar\/0f89940de76acadc8ab9c36e6cec5b672fc84ab1bf1537562fa8584e29dfa8a5?s=96&d=monsterid&r=g","0":null,"1":"","2":"","3":"","4":"","5":"","6":"","7":"","8":""}],"_links":{"self":[{"href":"https:\/\/buletin.de\/bucuresti\/wp-json\/wp\/v2\/posts\/44570","targetHints":{"allow":["GET"]}}],"collection":[{"href":"https:\/\/buletin.de\/bucuresti\/wp-json\/wp\/v2\/posts"}],"about":[{"href":"https:\/\/buletin.de\/bucuresti\/wp-json\/wp\/v2\/types\/post"}],"author":[{"embeddable":true,"href":"https:\/\/buletin.de\/bucuresti\/wp-json\/wp\/v2\/users\/42"}],"replies":[{"embeddable":true,"href":"https:\/\/buletin.de\/bucuresti\/wp-json\/wp\/v2\/comments?post=44570"}],"version-history":[{"count":4,"href":"https:\/\/buletin.de\/bucuresti\/wp-json\/wp\/v2\/posts\/44570\/revisions"}],"predecessor-version":[{"id":44582,"href":"https:\/\/buletin.de\/bucuresti\/wp-json\/wp\/v2\/posts\/44570\/revisions\/44582"}],"wp:featuredmedia":[{"embeddable":true,"href":"https:\/\/buletin.de\/bucuresti\/wp-json\/wp\/v2\/media\/44571"}],"wp:attachment":[{"href":"https:\/\/buletin.de\/bucuresti\/wp-json\/wp\/v2\/media?parent=44570"}],"wp:term":[{"taxonomy":"category","embeddable":true,"href":"https:\/\/buletin.de\/bucuresti\/wp-json\/wp\/v2\/categories?post=44570"},{"taxonomy":"post_tag","embeddable":true,"href":"https:\/\/buletin.de\/bucuresti\/wp-json\/wp\/v2\/tags?post=44570"},{"taxonomy":"author","embeddable":true,"href":"https:\/\/buletin.de\/bucuresti\/wp-json\/wp\/v2\/ppma_author?post=44570"}],"curies":[{"name":"wp","href":"https:\/\/api.w.org\/{rel}","templated":true}]}}