{"id":44357,"date":"2022-07-13T12:38:41","date_gmt":"2022-07-13T10:38:41","guid":{"rendered":"https:\/\/buletin.de\/bucuresti\/?p=44357"},"modified":"2022-07-13T12:38:42","modified_gmt":"2022-07-13T10:38:42","slug":"firma-care-lucreaza-la-largirea-centurii-bucuresti-sud-partenera-de-afaceri-cu-cea-care-a-reabilitat-podul-prabusit-de-la-lutca","status":"publish","type":"post","link":"https:\/\/buletin.de\/bucuresti\/firma-care-lucreaza-la-largirea-centurii-bucuresti-sud-partenera-de-afaceri-cu-cea-care-a-reabilitat-podul-prabusit-de-la-lutca\/","title":{"rendered":"Firma care lucreaz\u0103 la l\u0103rgirea Centurii Bucure\u0219ti Sud, partener\u0103 de afaceri cu cea care a reabilitat podul pr\u0103bu\u0219it de la Lu\u021bca"},"content":{"rendered":"\n<p><strong>Centura Bucure\u0219ti Sud va fi l\u0103rgit\u0103 de o firm\u0103 despre care presa a scris c\u0103 ar fi controlat\u0103 de apropia\u021bi ai lui Ionel Arsene, pre\u0219edintele PSD al Consiliului Jude\u021bean Neam\u021b, condamnat pentru fapte de corup\u021bie. Mavgo Holding este partener\u0103 de asociere cu Darcons SRL, firma care a reabilitat podul de la Lu\u021bca care s-a pr\u0103bu\u0219it la scurt timp de la inaugurare.<\/strong><\/p>\n\n\n\n<figure class=\"wp-block-image size-large is-resized\"><img fetchpriority=\"high\" decoding=\"async\" src=\"data:image\/gif;base64,R0lGODlhAQABAAAAACH5BAEKAAEALAAAAAABAAEAAAICTAEAOw==\" data-src=\"https:\/\/buletin.de\/bucuresti\/wp-content\/uploads\/225929362_2558241234321623_4265240073774021207_n-900x876.jpg\" alt=\"\" class=\"wp-image-44358 lazyload\" width=\"900\" height=\"876\" data-sizes=\"auto\" data-srcset=\"https:\/\/buletin.de\/bucuresti\/wp-content\/uploads\/225929362_2558241234321623_4265240073774021207_n-900x876.jpg 900w, https:\/\/buletin.de\/bucuresti\/wp-content\/uploads\/225929362_2558241234321623_4265240073774021207_n-300x292.jpg 300w, https:\/\/buletin.de\/bucuresti\/wp-content\/uploads\/225929362_2558241234321623_4265240073774021207_n-768x747.jpg 768w, https:\/\/buletin.de\/bucuresti\/wp-content\/uploads\/225929362_2558241234321623_4265240073774021207_n-1536x1495.jpg 1536w, https:\/\/buletin.de\/bucuresti\/wp-content\/uploads\/225929362_2558241234321623_4265240073774021207_n-1060x1032.jpg 1060w, https:\/\/buletin.de\/bucuresti\/wp-content\/uploads\/225929362_2558241234321623_4265240073774021207_n-550x535.jpg 550w, https:\/\/buletin.de\/bucuresti\/wp-content\/uploads\/225929362_2558241234321623_4265240073774021207_n-514x500.jpg 514w, https:\/\/buletin.de\/bucuresti\/wp-content\/uploads\/225929362_2558241234321623_4265240073774021207_n-1110x1080.jpg 1110w, https:\/\/buletin.de\/bucuresti\/wp-content\/uploads\/225929362_2558241234321623_4265240073774021207_n-45x45.jpg 45w, https:\/\/buletin.de\/bucuresti\/wp-content\/uploads\/225929362_2558241234321623_4265240073774021207_n-600x584.jpg 600w, https:\/\/buletin.de\/bucuresti\/wp-content\/uploads\/225929362_2558241234321623_4265240073774021207_n.jpg 1600w\" sizes=\"(max-width: 900px) 100vw, 900px\" \/><figcaption>Surs\u0103: Facebook C\u0103t\u0103lin Drul\u0103<\/figcaption><\/figure>\n\n\n\n<p>Pe 5 iulie 2022, Compania Na\u021bional\u0103 de Administrare a Infrastructurii Rutiere (CNAIR) a semnat un contract pentru l\u0103rgirea benzilor de circula\u021bie a Centurii Bucure\u0219ti Sud \u00eentre A1 \u0219i DN5. Mai exact, cet\u0103\u021benii se vor putea bucura de patru benzi de circula\u021bie \u00een loc de dou\u0103.<\/p>\n\n\n\n<p>Valoarea contractului dep\u0103\u0219e\u0219te 100 de milioane de euro \u0219i este finan\u021bat din Fonduri Europene Nerambursabile, prin Programul Opera\u021bional Infrastructura Mare (POIM). Banii vor ajunge la dou\u0103 firme care s-au asociat pentru a participa la licita\u021bie: Rizzani De Eccher S.P.A. (lider) \u0219i Mavgo Holding S.R.L. (asociat).<\/p>\n\n\n\n<h2 class=\"wp-block-heading\">Mavgo Holding, partener\u0103 cu firma care s-a ocupat de reabilitarea podului pr\u0103bu\u0219it de la Lu\u021bca<\/h2>\n\n\n\n<p>Din 2015, de la \u00eenfiin\u021bare, \u0219i p\u00e2n\u0103 \u00een prezent, Mavgo Holding s-a bucurat de mai multe contracte cu statul rom\u00e2n, mare parte dintre ele \u00een valoare de milioane de lei. Unul dintre contractele \u00een care apare numele firmei a fost semnat \u00een vara anului 2019 cu Consiliul Jude\u021bean Neam\u021b. Mavgo Holding, \u00eempreun\u0103 cu mai multe firme, a c\u00e2\u0219tigat o licita\u021bie de peste 200 de milioane de lei pentru mai multe lucr\u0103ri de infrastructur\u0103 rutier\u0103.<\/p>\n\n\n\n<p>Printre aceste lucr\u0103ri se reg\u0103se\u0219te \u0219i reabilitarea podului de la Lu\u021bca, cel care s-a pr\u0103bu\u0219it la doar \u0219apte luni de la inaugurare, reabilitat de Darcons Srl. De\u0219i Mavgo Holding nu a lucrat la podul de la Lu\u021bca, ea se afl\u0103 \u00een asocierea de firme responsabile de reabilitarea dumurilor \u0219i podurilor din Neam\u021b.<\/p>\n\n\n\n<p>Mavgo Holding a transmis c\u0103 \u201efiecare asociat \u0219i-a asumat \u00een rela\u021bia cu beneficiarul, \u00een mod individual, obliga\u021bia de a executa anumite servicii sau lucr\u0103ri \u0219i r\u0103spunderea contractual\u0103 corelativ\u0103\u201d.<\/p>\n\n\n\n<div class=\"wp-block-image\"><figure class=\"aligncenter size-large is-resized\"><img decoding=\"async\" src=\"data:image\/gif;base64,R0lGODlhAQABAAAAACH5BAEKAAEALAAAAAABAAEAAAICTAEAOw==\" data-src=\"https:\/\/buletin.de\/bucuresti\/wp-content\/uploads\/ID197127_INQUAM_Photos_Inquam_Photos-900x600.jpg\" alt=\"\" class=\"wp-image-44359 lazyload\" width=\"900\" height=\"600\" data-sizes=\"auto\" data-srcset=\"https:\/\/buletin.de\/bucuresti\/wp-content\/uploads\/ID197127_INQUAM_Photos_Inquam_Photos-900x600.jpg 900w, https:\/\/buletin.de\/bucuresti\/wp-content\/uploads\/ID197127_INQUAM_Photos_Inquam_Photos-300x200.jpg 300w, https:\/\/buletin.de\/bucuresti\/wp-content\/uploads\/ID197127_INQUAM_Photos_Inquam_Photos-768x512.jpg 768w, https:\/\/buletin.de\/bucuresti\/wp-content\/uploads\/ID197127_INQUAM_Photos_Inquam_Photos-1536x1024.jpg 1536w, https:\/\/buletin.de\/bucuresti\/wp-content\/uploads\/ID197127_INQUAM_Photos_Inquam_Photos-1060x706.jpg 1060w, https:\/\/buletin.de\/bucuresti\/wp-content\/uploads\/ID197127_INQUAM_Photos_Inquam_Photos-550x367.jpg 550w, https:\/\/buletin.de\/bucuresti\/wp-content\/uploads\/ID197127_INQUAM_Photos_Inquam_Photos-750x500.jpg 750w, https:\/\/buletin.de\/bucuresti\/wp-content\/uploads\/ID197127_INQUAM_Photos_Inquam_Photos-1920x1280.jpg 1920w, https:\/\/buletin.de\/bucuresti\/wp-content\/uploads\/ID197127_INQUAM_Photos_Inquam_Photos-1620x1080.jpg 1620w, https:\/\/buletin.de\/bucuresti\/wp-content\/uploads\/ID197127_INQUAM_Photos_Inquam_Photos-600x400.jpg 600w, https:\/\/buletin.de\/bucuresti\/wp-content\/uploads\/ID197127_INQUAM_Photos_Inquam_Photos.jpg 2000w\" sizes=\"(max-width: 900px) 100vw, 900px\" \/><figcaption>Podul de la Lu\u021bca la care a lucrat Darcons SRL, partener\u0103 de asociere cu Mavgo Holding SRL. Surs\u0103: Inquam Photos<\/figcaption><\/figure><\/div>\n\n\n\n<p>\u00cen momentul de fa\u021b\u0103, Mavgo Holding este de\u021binut\u0103 de Cojocaru Gabi Constantin, \u00eens\u0103 ea ar fi controlat\u0103 din spate de Gheorghe Vlasie, finul lui Ionel Arsene, pre\u0219edintele PSD al Consiliului Jude\u021bean Neam\u021b, conform <a href=\"https:\/\/www.g4media.ro\/o-reteta-de-succes-dancila-a-dat-banii-primariile-asfalteaza-lucrarile-sunt-facute-de-o-firma-apropiata-baronul-psd-de-neamt-ionel-arsene-si-finului-sau-ginel-contracte-de-aproape-100-de-milio.html\">G4Media<\/a>. Reprezentan\u021bii Mavgo Holding sus\u021bin c\u0103 aceast\u0103 informa\u021bie este lipsit\u0103 de veridicitate \u0219i c\u0103 \u201es-au demarat \u00een acest sens ac\u021biuni \u00een instan\u021b\u0103 \u00eempotriva institu\u021biilor mass-media care au publicat asemenea informa\u021bii nefondate\u201d. <\/p>\n\n\n\n<p>Acela\u0219i Ionel Arsene a garantat calitatea podului care s-a pr\u0103bu\u0219it la pu\u021bin peste jum\u0103tate de an de la inaugurare. Arsene a fost <a href=\"https:\/\/www.pna.ro\/comunicat.xhtml?id=8652\">investigat de DNA<\/a> pentru trafic de influen\u021b\u0103 \u0219i condamnat la 8 ani \u0219i 4 luni de \u00eenchisoare pentru fapte de corup\u021bie, \u00een prim\u0103 instan\u021b\u0103.<\/p>\n\n\n\n<div class=\"wp-block-image\"><figure class=\"aligncenter size-large is-resized\"><img decoding=\"async\" src=\"data:image\/gif;base64,R0lGODlhAQABAAAAACH5BAEKAAEALAAAAAABAAEAAAICTAEAOw==\" data-src=\"https:\/\/buletin.de\/bucuresti\/wp-content\/uploads\/286643844_569139197900770_8239318627109778491_n-900x600.jpg\" alt=\"\" class=\"wp-image-44360 lazyload\" width=\"900\" height=\"600\" data-sizes=\"auto\" data-srcset=\"https:\/\/buletin.de\/bucuresti\/wp-content\/uploads\/286643844_569139197900770_8239318627109778491_n-900x600.jpg 900w, https:\/\/buletin.de\/bucuresti\/wp-content\/uploads\/286643844_569139197900770_8239318627109778491_n-300x200.jpg 300w, https:\/\/buletin.de\/bucuresti\/wp-content\/uploads\/286643844_569139197900770_8239318627109778491_n-768x512.jpg 768w, https:\/\/buletin.de\/bucuresti\/wp-content\/uploads\/286643844_569139197900770_8239318627109778491_n-550x367.jpg 550w, https:\/\/buletin.de\/bucuresti\/wp-content\/uploads\/286643844_569139197900770_8239318627109778491_n-750x500.jpg 750w, https:\/\/buletin.de\/bucuresti\/wp-content\/uploads\/286643844_569139197900770_8239318627109778491_n-600x400.jpg 600w, https:\/\/buletin.de\/bucuresti\/wp-content\/uploads\/286643844_569139197900770_8239318627109778491_n.jpg 960w\" sizes=\"(max-width: 900px) 100vw, 900px\" \/><figcaption>Ionel Arsene, pre\u0219edintele PSD al CJ Neam\u021b. Surs\u0103: Facebook Ionel Arsene<\/figcaption><\/figure><\/div>\n\n\n\n<p><\/p>\n\n\n\n<p>Mavgo Holding a fost \u00eenfiin\u021bat\u0103 \u00een urm\u0103 cu \u0219apte ani de Valentin Gheorghe T\u0103nase, cumnatul fiului ex-deputatului Ioan Munteanu, conform <a href=\"https:\/\/newsweek.ro\/investigatii\/exclusiv-cumatrul-baronului-psd-arsene-neregula-grava-la-un-contract-de-120-mileur-castigat-la-cnair\">Newsweek.ro<\/a>. \u00cen 2019, firma a fondat Zagra Mining SRL, condus\u0103 de Vasile Sebastian Albulescu, despre care presa a scris \u00een repetate r\u00e2nduri c\u0103 ar fi prieten din copil\u0103rie cu fostul premier Sorin Grindeanu. Mavgo Holding a transmis c\u0103 nu are cuno\u0219tin\u021b\u0103 despre aceast\u0103 informa\u021bie. <\/p>\n\n\n\n<p>Una dintre celelalte firme partenere din asocierea care se ocup\u0103 de reabilitarea infrastructurii din Neam\u021b este Aqua Parc, redenumit\u0103 Antrepriza de Construc\u021bii Drumuri \u0219i Autostr\u0103zi SRL. Aceasta este condus\u0103 chiar de Gheorghe Vlasie, zis Ginel, al c\u0103rui fiu a fost botezat de \u0219eful CJ Neam\u021b.<\/p>\n\n\n\n<p>C\u0103t\u0103lin Drul\u0103, fostul ministru al transportului, a declarat dup\u0103 pr\u0103bu\u0219irea podului proasp\u0103t inaugurat c\u0103 atunci c\u00e2nd era la conducerea ministerului a anulat o licita\u021bie c\u00e2\u0219tigat\u0103 de Aqua Park \u0219i Mavgo Holding deoarece asocierea nu a reu\u0219it s\u0103 depun\u0103 garan\u021bia obligatorie. \u201eA venit Grindeanu la minister. Prioritatea sa, \u00een primele zile de mandat? Relansarea dubl\u0103rii pe DN71, trebuia servit baronul de Neam\u021b. Cine a depus ofert\u0103? MAVGO HOLDING. B\u0103ie\u021bii nu se las\u0103 p\u00e2n\u0103 nu intr\u0103 la ca\u0219caval\u201d, a ad\u0103ugat atunci C\u0103t\u0103lin Drul\u0103.<\/p>\n\n\n\n<p>Pe l\u00e2ng\u0103 contractele b\u0103noase de infrastructur\u0103 pe care le-a \u00eencheiat cu statul rom\u00e2n, Mavgo Holding s-a b\u0103gat \u0219i \u00een afaceri de exploatare de granit. O investiga\u021bie publicat\u0103 de <a href=\"https:\/\/www.libertatea.ro\/stiri\/firma-unor-apropiati-ai-lui-ionel-arsene-vrea-sa-exploateze-granit-in-zone-protejate-din-muntii-macin-o-sa-distruga-tot-3523142?utm_source=facebook&amp;utm_medium=social&amp;utm_campaign=europafm-page-post&amp;fbclid=IwAR1ErbmCs3GXfZoMsbzkWWrUkB2Xn7pp5AWdI5S1NITQFL_YYH63LlZdy1c\">Libertatea<\/a> anul trecut arat\u0103 c\u0103 societatea a\u0219tepta autoriza\u021bie de mediu pentru a exploata granit din Dealul Cavalu, \u00eentr-o arie natural\u0103 protejat\u0103. Locuitorii din zon\u0103 sus\u021bineau c\u0103 proiectul va pune \u00een pericol habitatul broa\u0219telor \u021bestoase dobrogene, o specie protejat\u0103 din Rom\u00e2nia. Firma ne-a comunicat c\u0103 nu a primit autoriza\u021bia de mediu necesar\u0103 pentru exploatarea de granit. <\/p>\n\n\n\n<h2 class=\"wp-block-heading\">Rizzani De Eccher<\/h2>\n\n\n\n<p>Cealalt\u0103 firm\u0103 care se va ocupa de proiectul de l\u0103rgire a benzilor Centurii de Sud este Rizzani De Eccher, o companie italian\u0103 specializat\u0103 \u00een lucr\u0103ri de infrastructur\u0103. La \u00eenceputul anului aceea\u0219i firm\u0103 a c\u00e2\u0219tigat licita\u021bia pentru contractul de execu\u021bie al Centurii de ocolire Craiova Varianta Sud DN 56-DN 55-DN 6.<\/p>\n\n\n\n<p>\u201e\u00cen cadrul contractului vor fi realizate 3 structuri de complexitate ridicat\u0103, dintre care 2 pasaje subterane, prev\u0103zute cu o lungime de peste 600 de m\u201d, conform CNADNR.<\/p>\n\n\n\n<p>Proiectul de l\u0103rgire a centurii Bucure\u0219ti face parte din proiectul \u201eDezvoltarea unei re\u021bele interne de infrastructur\u0103 rutier\u0103 pentru zona orbital\u0103 a Municipiului Bucure\u0219ti\u201d. Vor fi amenajate urm\u0103toarele intersec\u021bii:<\/p>\n\n\n\n<p>\u27a1\ufe0f Intersec\u021bie Centura Bucure\u0219ti \u2013 DN5&nbsp; (inclusiv reabilitarea pasajului peste DN5)<\/p>\n\n\n\n<p>\u27a1\ufe0f Pasaj subteran pe CB km 44+725 \u2013 DC18 (M\u0103gurele)<\/p>\n\n\n\n<p>\u27a1\ufe0f Intersec\u021bie Centura Bucure\u0219ti \u2013 DC20 (V\u00e2rteju) \u0219i Cazarma M\u0103gurele km 46+040<\/p>\n\n\n\n<p>\u27a1\ufe0f Intersec\u021bie Centura Bucure\u0219ti \u2013 DN6 (Alexandria)<\/p>\n\n\n\n<p>POIM, programul prin care a fost finan\u021bat contractul, este eligibil p\u00e2n\u0103 \u00een anul 2023, potrivit axelor prioritare publicate pe site-ul Ministerului Investi\u021biilor \u0219i Proiectelor Europene. Contractul este \u00eencheiat pe o perioad\u0103 de trei ani, care dep\u0103\u0219e\u0219te data la care programul se \u00eencheie.<\/p>\n\n\n\n<p><\/p>\n\n\n\n<p>Mavgo Holding nu a r\u0103spuns \u00eentreb\u0103rilor Buletin de Bucure\u0219ti p\u00e2n\u0103 \u00een momentul public\u0103rii articolului.<\/p>\n\n\n\n<p>Surs\u0103 cover foto: <a href=\"https:\/\/www.youtube.com\/watch?v=v6YAIhQLN90&amp;ab_channel=InfrastructureRomania\">Youtube Infrastructure Romania<\/a><\/p>\n","protected":false},"excerpt":{"rendered":"<p>Centura Bucure\u0219ti Sud va fi l\u0103rgit\u0103 de o firm\u0103 despre care presa a scris c\u0103 ar fi controlat\u0103 de apropia\u021bi ai lui Ionel Arsene, pre\u0219edintele PSD al Consiliului Jude\u021bean Neam\u021b, condamnat pentru fapte de corup\u021bie. Mavgo Holding este partener\u0103 de asociere cu Darcons SRL, firma care a reabilitat podul de la Lu\u021bca care s-a pr\u0103bu\u0219it [&hellip;]<\/p>\n","protected":false},"author":6,"featured_media":44478,"comment_status":"closed","ping_status":"open","sticky":false,"template":"","format":"standard","meta":{"_acf_changed":false,"inline_featured_image":false,"ngg_post_thumbnail":0,"footnotes":""},"categories":[62],"tags":[],"ppma_author":[22588],"class_list":["post-44357","post","type-post","status-publish","format-standard","has-post-thumbnail","hentry","category-stiri"],"acf":[],"yoast_head":"<!-- This site is optimized with the Yoast SEO Premium plugin v25.3 (Yoast SEO v27.4) - https:\/\/yoast.com\/product\/yoast-seo-premium-wordpress\/ -->\n<title>Firma care lucreaz\u0103 la l\u0103rgirea Centurii Bucure\u0219ti Sud, partener\u0103 de afaceri cu cea care a reabilitat podul pr\u0103bu\u0219it de la Lu\u021bca - Buletin de Bucure\u0219ti<\/title>\n<meta name=\"robots\" content=\"index, follow, max-snippet:-1, max-image-preview:large, max-video-preview:-1\" \/>\n<link rel=\"canonical\" href=\"https:\/\/buletin.de\/bucuresti\/firma-care-lucreaza-la-largirea-centurii-bucuresti-sud-partenera-de-afaceri-cu-cea-care-a-reabilitat-podul-prabusit-de-la-lutca\/\" \/>\n<meta property=\"og:locale\" content=\"en_GB\" \/>\n<meta property=\"og:type\" content=\"article\" \/>\n<meta property=\"og:title\" content=\"Firma care lucreaz\u0103 la l\u0103rgirea Centurii Bucure\u0219ti Sud, partener\u0103 de afaceri cu cea care a reabilitat podul pr\u0103bu\u0219it de la Lu\u021bca\" \/>\n<meta property=\"og:description\" content=\"Centura Bucure\u0219ti Sud va fi l\u0103rgit\u0103 de o firm\u0103 despre care presa a scris c\u0103 ar fi controlat\u0103 de apropia\u021bi ai lui Ionel Arsene, pre\u0219edintele PSD al Consiliului Jude\u021bean Neam\u021b, condamnat pentru fapte de corup\u021bie. Mavgo Holding este partener\u0103 de asociere cu Darcons SRL, firma care a reabilitat podul de la Lu\u021bca care s-a pr\u0103bu\u0219it [&hellip;]\" \/>\n<meta property=\"og:url\" content=\"https:\/\/buletin.de\/bucuresti\/firma-care-lucreaza-la-largirea-centurii-bucuresti-sud-partenera-de-afaceri-cu-cea-care-a-reabilitat-podul-prabusit-de-la-lutca\/\" \/>\n<meta property=\"og:site_name\" content=\"Buletin de Bucure\u0219ti\" \/>\n<meta property=\"article:publisher\" content=\"https:\/\/www.facebook.com\/buletin.de.buc\" \/>\n<meta property=\"article:published_time\" content=\"2022-07-13T10:38:41+00:00\" \/>\n<meta property=\"article:modified_time\" content=\"2022-07-13T10:38:42+00:00\" \/>\n<meta property=\"og:image\" content=\"https:\/\/buletin.de\/bucuresti\/wp-content\/uploads\/Screenshot_1-31.jpg\" \/>\n\t<meta property=\"og:image:width\" content=\"1919\" \/>\n\t<meta property=\"og:image:height\" content=\"854\" \/>\n\t<meta property=\"og:image:type\" content=\"image\/jpeg\" \/>\n<meta name=\"author\" content=\"Bianca Albu\" \/>\n<meta name=\"twitter:card\" content=\"summary_large_image\" \/>\n<meta name=\"twitter:label1\" content=\"Written by\" \/>\n\t<meta name=\"twitter:data1\" content=\"Bianca Albu\" \/>\n\t<meta name=\"twitter:label2\" content=\"Estimated reading time\" \/>\n\t<meta name=\"twitter:data2\" content=\"5 minutes\" \/>\n<script type=\"application\/ld+json\" class=\"yoast-schema-graph\">{\"@context\":\"https:\\\/\\\/schema.org\",\"@graph\":[{\"@type\":\"Article\",\"@id\":\"https:\\\/\\\/buletin.de\\\/bucuresti\\\/firma-care-lucreaza-la-largirea-centurii-bucuresti-sud-partenera-de-afaceri-cu-cea-care-a-reabilitat-podul-prabusit-de-la-lutca\\\/#article\",\"isPartOf\":{\"@id\":\"https:\\\/\\\/buletin.de\\\/bucuresti\\\/firma-care-lucreaza-la-largirea-centurii-bucuresti-sud-partenera-de-afaceri-cu-cea-care-a-reabilitat-podul-prabusit-de-la-lutca\\\/\"},\"author\":{\"name\":\"Bianca Albu\",\"@id\":\"https:\\\/\\\/buletin.de\\\/bucuresti\\\/#\\\/schema\\\/person\\\/295dc2228d2dc79294d636619468dc7f\"},\"headline\":\"Firma care lucreaz\u0103 la l\u0103rgirea Centurii Bucure\u0219ti Sud, partener\u0103 de afaceri cu cea care a reabilitat podul pr\u0103bu\u0219it de la Lu\u021bca\",\"datePublished\":\"2022-07-13T10:38:41+00:00\",\"dateModified\":\"2022-07-13T10:38:42+00:00\",\"mainEntityOfPage\":{\"@id\":\"https:\\\/\\\/buletin.de\\\/bucuresti\\\/firma-care-lucreaza-la-largirea-centurii-bucuresti-sud-partenera-de-afaceri-cu-cea-care-a-reabilitat-podul-prabusit-de-la-lutca\\\/\"},\"wordCount\":1088,\"publisher\":{\"@id\":\"https:\\\/\\\/buletin.de\\\/bucuresti\\\/#organization\"},\"image\":{\"@id\":\"https:\\\/\\\/buletin.de\\\/bucuresti\\\/firma-care-lucreaza-la-largirea-centurii-bucuresti-sud-partenera-de-afaceri-cu-cea-care-a-reabilitat-podul-prabusit-de-la-lutca\\\/#primaryimage\"},\"thumbnailUrl\":\"https:\\\/\\\/buletin.de\\\/bucuresti\\\/wp-content\\\/uploads\\\/Screenshot_1-31.jpg\",\"articleSection\":[\"\u0218tiri\"],\"inLanguage\":\"en-GB\",\"copyrightYear\":\"2022\",\"copyrightHolder\":{\"@id\":\"https:\\\/\\\/buletin.de\\\/bucuresti\\\/#organization\"}},{\"@type\":\"WebPage\",\"@id\":\"https:\\\/\\\/buletin.de\\\/bucuresti\\\/firma-care-lucreaza-la-largirea-centurii-bucuresti-sud-partenera-de-afaceri-cu-cea-care-a-reabilitat-podul-prabusit-de-la-lutca\\\/\",\"url\":\"https:\\\/\\\/buletin.de\\\/bucuresti\\\/firma-care-lucreaza-la-largirea-centurii-bucuresti-sud-partenera-de-afaceri-cu-cea-care-a-reabilitat-podul-prabusit-de-la-lutca\\\/\",\"name\":\"Firma care lucreaz\u0103 la l\u0103rgirea Centurii Bucure\u0219ti Sud, partener\u0103 de afaceri cu cea care a reabilitat podul pr\u0103bu\u0219it de la Lu\u021bca - Buletin de Bucure\u0219ti\",\"isPartOf\":{\"@id\":\"https:\\\/\\\/buletin.de\\\/bucuresti\\\/#website\"},\"primaryImageOfPage\":{\"@id\":\"https:\\\/\\\/buletin.de\\\/bucuresti\\\/firma-care-lucreaza-la-largirea-centurii-bucuresti-sud-partenera-de-afaceri-cu-cea-care-a-reabilitat-podul-prabusit-de-la-lutca\\\/#primaryimage\"},\"image\":{\"@id\":\"https:\\\/\\\/buletin.de\\\/bucuresti\\\/firma-care-lucreaza-la-largirea-centurii-bucuresti-sud-partenera-de-afaceri-cu-cea-care-a-reabilitat-podul-prabusit-de-la-lutca\\\/#primaryimage\"},\"thumbnailUrl\":\"https:\\\/\\\/buletin.de\\\/bucuresti\\\/wp-content\\\/uploads\\\/Screenshot_1-31.jpg\",\"datePublished\":\"2022-07-13T10:38:41+00:00\",\"dateModified\":\"2022-07-13T10:38:42+00:00\",\"breadcrumb\":{\"@id\":\"https:\\\/\\\/buletin.de\\\/bucuresti\\\/firma-care-lucreaza-la-largirea-centurii-bucuresti-sud-partenera-de-afaceri-cu-cea-care-a-reabilitat-podul-prabusit-de-la-lutca\\\/#breadcrumb\"},\"inLanguage\":\"en-GB\",\"potentialAction\":[{\"@type\":\"ReadAction\",\"target\":[\"https:\\\/\\\/buletin.de\\\/bucuresti\\\/firma-care-lucreaza-la-largirea-centurii-bucuresti-sud-partenera-de-afaceri-cu-cea-care-a-reabilitat-podul-prabusit-de-la-lutca\\\/\"]}]},{\"@type\":\"ImageObject\",\"inLanguage\":\"en-GB\",\"@id\":\"https:\\\/\\\/buletin.de\\\/bucuresti\\\/firma-care-lucreaza-la-largirea-centurii-bucuresti-sud-partenera-de-afaceri-cu-cea-care-a-reabilitat-podul-prabusit-de-la-lutca\\\/#primaryimage\",\"url\":\"https:\\\/\\\/buletin.de\\\/bucuresti\\\/wp-content\\\/uploads\\\/Screenshot_1-31.jpg\",\"contentUrl\":\"https:\\\/\\\/buletin.de\\\/bucuresti\\\/wp-content\\\/uploads\\\/Screenshot_1-31.jpg\",\"width\":1919,\"height\":854},{\"@type\":\"BreadcrumbList\",\"@id\":\"https:\\\/\\\/buletin.de\\\/bucuresti\\\/firma-care-lucreaza-la-largirea-centurii-bucuresti-sud-partenera-de-afaceri-cu-cea-care-a-reabilitat-podul-prabusit-de-la-lutca\\\/#breadcrumb\",\"itemListElement\":[{\"@type\":\"ListItem\",\"position\":1,\"name\":\"Acas\u0103\",\"item\":\"https:\\\/\\\/buletin.de\\\/bucuresti\\\/\"},{\"@type\":\"ListItem\",\"position\":2,\"name\":\"Firma care lucreaz\u0103 la l\u0103rgirea Centurii Bucure\u0219ti Sud, partener\u0103 de afaceri cu cea care a reabilitat podul pr\u0103bu\u0219it de la Lu\u021bca\"}]},{\"@type\":\"WebSite\",\"@id\":\"https:\\\/\\\/buletin.de\\\/bucuresti\\\/#website\",\"url\":\"https:\\\/\\\/buletin.de\\\/bucuresti\\\/\",\"name\":\"Buletin de Bucure\u0219ti\",\"description\":\"\u0218tiri \u0219i investiga\u021bii esen\u021biale din capital\u0103\",\"publisher\":{\"@id\":\"https:\\\/\\\/buletin.de\\\/bucuresti\\\/#organization\"},\"potentialAction\":[{\"@type\":\"SearchAction\",\"target\":{\"@type\":\"EntryPoint\",\"urlTemplate\":\"https:\\\/\\\/buletin.de\\\/bucuresti\\\/?s={search_term_string}\"},\"query-input\":{\"@type\":\"PropertyValueSpecification\",\"valueRequired\":true,\"valueName\":\"search_term_string\"}}],\"inLanguage\":\"en-GB\"},{\"@type\":\"Organization\",\"@id\":\"https:\\\/\\\/buletin.de\\\/bucuresti\\\/#organization\",\"name\":\"Buletin de Bucure\u0219ti\",\"url\":\"https:\\\/\\\/buletin.de\\\/bucuresti\\\/\",\"logo\":{\"@type\":\"ImageObject\",\"inLanguage\":\"en-GB\",\"@id\":\"https:\\\/\\\/buletin.de\\\/bucuresti\\\/#\\\/schema\\\/logo\\\/image\\\/\",\"url\":\"https:\\\/\\\/buletin.de\\\/bucuresti\\\/wp-content\\\/uploads\\\/logo-bdb-full-wide-vernil-transparent.png\",\"contentUrl\":\"https:\\\/\\\/buletin.de\\\/bucuresti\\\/wp-content\\\/uploads\\\/logo-bdb-full-wide-vernil-transparent.png\",\"width\":1782,\"height\":626,\"caption\":\"Buletin de Bucure\u0219ti\"},\"image\":{\"@id\":\"https:\\\/\\\/buletin.de\\\/bucuresti\\\/#\\\/schema\\\/logo\\\/image\\\/\"},\"sameAs\":[\"https:\\\/\\\/www.facebook.com\\\/buletin.de.buc\",\"https:\\\/\\\/www.instagram.com\\\/buletinde.bucuresti\\\/\"]},{\"@type\":\"Person\",\"@id\":\"https:\\\/\\\/buletin.de\\\/bucuresti\\\/#\\\/schema\\\/person\\\/295dc2228d2dc79294d636619468dc7f\",\"name\":\"Bianca Albu\",\"image\":{\"@type\":\"ImageObject\",\"inLanguage\":\"en-GB\",\"@id\":\"https:\\\/\\\/secure.gravatar.com\\\/avatar\\\/3df2e34e20f529e6fd7be4311ee1f7c4ec4aa886971590baf6fa214b15743516?s=96&d=monsterid&r=gf541c715eeec409ce8101252a3c0d8a7\",\"url\":\"https:\\\/\\\/secure.gravatar.com\\\/avatar\\\/3df2e34e20f529e6fd7be4311ee1f7c4ec4aa886971590baf6fa214b15743516?s=96&d=monsterid&r=g\",\"contentUrl\":\"https:\\\/\\\/secure.gravatar.com\\\/avatar\\\/3df2e34e20f529e6fd7be4311ee1f7c4ec4aa886971590baf6fa214b15743516?s=96&d=monsterid&r=g\",\"caption\":\"Bianca Albu\"},\"description\":\"Reporter\",\"url\":\"https:\\\/\\\/buletin.de\\\/bucuresti\\\/author\\\/biancaalbu\\\/\"}]}<\/script>\n<!-- \/ Yoast SEO Premium plugin. -->","yoast_head_json":{"title":"Firma care lucreaz\u0103 la l\u0103rgirea Centurii Bucure\u0219ti Sud, partener\u0103 de afaceri cu cea care a reabilitat podul pr\u0103bu\u0219it de la Lu\u021bca - Buletin de Bucure\u0219ti","robots":{"index":"index","follow":"follow","max-snippet":"max-snippet:-1","max-image-preview":"max-image-preview:large","max-video-preview":"max-video-preview:-1"},"canonical":"https:\/\/buletin.de\/bucuresti\/firma-care-lucreaza-la-largirea-centurii-bucuresti-sud-partenera-de-afaceri-cu-cea-care-a-reabilitat-podul-prabusit-de-la-lutca\/","og_locale":"en_GB","og_type":"article","og_title":"Firma care lucreaz\u0103 la l\u0103rgirea Centurii Bucure\u0219ti Sud, partener\u0103 de afaceri cu cea care a reabilitat podul pr\u0103bu\u0219it de la Lu\u021bca","og_description":"Centura Bucure\u0219ti Sud va fi l\u0103rgit\u0103 de o firm\u0103 despre care presa a scris c\u0103 ar fi controlat\u0103 de apropia\u021bi ai lui Ionel Arsene, pre\u0219edintele PSD al Consiliului Jude\u021bean Neam\u021b, condamnat pentru fapte de corup\u021bie. Mavgo Holding este partener\u0103 de asociere cu Darcons SRL, firma care a reabilitat podul de la Lu\u021bca care s-a pr\u0103bu\u0219it [&hellip;]","og_url":"https:\/\/buletin.de\/bucuresti\/firma-care-lucreaza-la-largirea-centurii-bucuresti-sud-partenera-de-afaceri-cu-cea-care-a-reabilitat-podul-prabusit-de-la-lutca\/","og_site_name":"Buletin de Bucure\u0219ti","article_publisher":"https:\/\/www.facebook.com\/buletin.de.buc","article_published_time":"2022-07-13T10:38:41+00:00","article_modified_time":"2022-07-13T10:38:42+00:00","og_image":[{"width":1919,"height":854,"url":"https:\/\/buletin.de\/bucuresti\/wp-content\/uploads\/Screenshot_1-31.jpg","type":"image\/jpeg"}],"author":"Bianca Albu","twitter_card":"summary_large_image","twitter_misc":{"Written by":"Bianca Albu","Estimated reading time":"5 minutes"},"schema":{"@context":"https:\/\/schema.org","@graph":[{"@type":"Article","@id":"https:\/\/buletin.de\/bucuresti\/firma-care-lucreaza-la-largirea-centurii-bucuresti-sud-partenera-de-afaceri-cu-cea-care-a-reabilitat-podul-prabusit-de-la-lutca\/#article","isPartOf":{"@id":"https:\/\/buletin.de\/bucuresti\/firma-care-lucreaza-la-largirea-centurii-bucuresti-sud-partenera-de-afaceri-cu-cea-care-a-reabilitat-podul-prabusit-de-la-lutca\/"},"author":{"name":"Bianca Albu","@id":"https:\/\/buletin.de\/bucuresti\/#\/schema\/person\/295dc2228d2dc79294d636619468dc7f"},"headline":"Firma care lucreaz\u0103 la l\u0103rgirea Centurii Bucure\u0219ti Sud, partener\u0103 de afaceri cu cea care a reabilitat podul pr\u0103bu\u0219it de la Lu\u021bca","datePublished":"2022-07-13T10:38:41+00:00","dateModified":"2022-07-13T10:38:42+00:00","mainEntityOfPage":{"@id":"https:\/\/buletin.de\/bucuresti\/firma-care-lucreaza-la-largirea-centurii-bucuresti-sud-partenera-de-afaceri-cu-cea-care-a-reabilitat-podul-prabusit-de-la-lutca\/"},"wordCount":1088,"publisher":{"@id":"https:\/\/buletin.de\/bucuresti\/#organization"},"image":{"@id":"https:\/\/buletin.de\/bucuresti\/firma-care-lucreaza-la-largirea-centurii-bucuresti-sud-partenera-de-afaceri-cu-cea-care-a-reabilitat-podul-prabusit-de-la-lutca\/#primaryimage"},"thumbnailUrl":"https:\/\/buletin.de\/bucuresti\/wp-content\/uploads\/Screenshot_1-31.jpg","articleSection":["\u0218tiri"],"inLanguage":"en-GB","copyrightYear":"2022","copyrightHolder":{"@id":"https:\/\/buletin.de\/bucuresti\/#organization"}},{"@type":"WebPage","@id":"https:\/\/buletin.de\/bucuresti\/firma-care-lucreaza-la-largirea-centurii-bucuresti-sud-partenera-de-afaceri-cu-cea-care-a-reabilitat-podul-prabusit-de-la-lutca\/","url":"https:\/\/buletin.de\/bucuresti\/firma-care-lucreaza-la-largirea-centurii-bucuresti-sud-partenera-de-afaceri-cu-cea-care-a-reabilitat-podul-prabusit-de-la-lutca\/","name":"Firma care lucreaz\u0103 la l\u0103rgirea Centurii Bucure\u0219ti Sud, partener\u0103 de afaceri cu cea care a reabilitat podul pr\u0103bu\u0219it de la Lu\u021bca - Buletin de Bucure\u0219ti","isPartOf":{"@id":"https:\/\/buletin.de\/bucuresti\/#website"},"primaryImageOfPage":{"@id":"https:\/\/buletin.de\/bucuresti\/firma-care-lucreaza-la-largirea-centurii-bucuresti-sud-partenera-de-afaceri-cu-cea-care-a-reabilitat-podul-prabusit-de-la-lutca\/#primaryimage"},"image":{"@id":"https:\/\/buletin.de\/bucuresti\/firma-care-lucreaza-la-largirea-centurii-bucuresti-sud-partenera-de-afaceri-cu-cea-care-a-reabilitat-podul-prabusit-de-la-lutca\/#primaryimage"},"thumbnailUrl":"https:\/\/buletin.de\/bucuresti\/wp-content\/uploads\/Screenshot_1-31.jpg","datePublished":"2022-07-13T10:38:41+00:00","dateModified":"2022-07-13T10:38:42+00:00","breadcrumb":{"@id":"https:\/\/buletin.de\/bucuresti\/firma-care-lucreaza-la-largirea-centurii-bucuresti-sud-partenera-de-afaceri-cu-cea-care-a-reabilitat-podul-prabusit-de-la-lutca\/#breadcrumb"},"inLanguage":"en-GB","potentialAction":[{"@type":"ReadAction","target":["https:\/\/buletin.de\/bucuresti\/firma-care-lucreaza-la-largirea-centurii-bucuresti-sud-partenera-de-afaceri-cu-cea-care-a-reabilitat-podul-prabusit-de-la-lutca\/"]}]},{"@type":"ImageObject","inLanguage":"en-GB","@id":"https:\/\/buletin.de\/bucuresti\/firma-care-lucreaza-la-largirea-centurii-bucuresti-sud-partenera-de-afaceri-cu-cea-care-a-reabilitat-podul-prabusit-de-la-lutca\/#primaryimage","url":"https:\/\/buletin.de\/bucuresti\/wp-content\/uploads\/Screenshot_1-31.jpg","contentUrl":"https:\/\/buletin.de\/bucuresti\/wp-content\/uploads\/Screenshot_1-31.jpg","width":1919,"height":854},{"@type":"BreadcrumbList","@id":"https:\/\/buletin.de\/bucuresti\/firma-care-lucreaza-la-largirea-centurii-bucuresti-sud-partenera-de-afaceri-cu-cea-care-a-reabilitat-podul-prabusit-de-la-lutca\/#breadcrumb","itemListElement":[{"@type":"ListItem","position":1,"name":"Acas\u0103","item":"https:\/\/buletin.de\/bucuresti\/"},{"@type":"ListItem","position":2,"name":"Firma care lucreaz\u0103 la l\u0103rgirea Centurii Bucure\u0219ti Sud, partener\u0103 de afaceri cu cea care a reabilitat podul pr\u0103bu\u0219it de la Lu\u021bca"}]},{"@type":"WebSite","@id":"https:\/\/buletin.de\/bucuresti\/#website","url":"https:\/\/buletin.de\/bucuresti\/","name":"Buletin de Bucure\u0219ti","description":"\u0218tiri \u0219i investiga\u021bii esen\u021biale din capital\u0103","publisher":{"@id":"https:\/\/buletin.de\/bucuresti\/#organization"},"potentialAction":[{"@type":"SearchAction","target":{"@type":"EntryPoint","urlTemplate":"https:\/\/buletin.de\/bucuresti\/?s={search_term_string}"},"query-input":{"@type":"PropertyValueSpecification","valueRequired":true,"valueName":"search_term_string"}}],"inLanguage":"en-GB"},{"@type":"Organization","@id":"https:\/\/buletin.de\/bucuresti\/#organization","name":"Buletin de Bucure\u0219ti","url":"https:\/\/buletin.de\/bucuresti\/","logo":{"@type":"ImageObject","inLanguage":"en-GB","@id":"https:\/\/buletin.de\/bucuresti\/#\/schema\/logo\/image\/","url":"https:\/\/buletin.de\/bucuresti\/wp-content\/uploads\/logo-bdb-full-wide-vernil-transparent.png","contentUrl":"https:\/\/buletin.de\/bucuresti\/wp-content\/uploads\/logo-bdb-full-wide-vernil-transparent.png","width":1782,"height":626,"caption":"Buletin de Bucure\u0219ti"},"image":{"@id":"https:\/\/buletin.de\/bucuresti\/#\/schema\/logo\/image\/"},"sameAs":["https:\/\/www.facebook.com\/buletin.de.buc","https:\/\/www.instagram.com\/buletinde.bucuresti\/"]},{"@type":"Person","@id":"https:\/\/buletin.de\/bucuresti\/#\/schema\/person\/295dc2228d2dc79294d636619468dc7f","name":"Bianca Albu","image":{"@type":"ImageObject","inLanguage":"en-GB","@id":"https:\/\/secure.gravatar.com\/avatar\/3df2e34e20f529e6fd7be4311ee1f7c4ec4aa886971590baf6fa214b15743516?s=96&d=monsterid&r=gf541c715eeec409ce8101252a3c0d8a7","url":"https:\/\/secure.gravatar.com\/avatar\/3df2e34e20f529e6fd7be4311ee1f7c4ec4aa886971590baf6fa214b15743516?s=96&d=monsterid&r=g","contentUrl":"https:\/\/secure.gravatar.com\/avatar\/3df2e34e20f529e6fd7be4311ee1f7c4ec4aa886971590baf6fa214b15743516?s=96&d=monsterid&r=g","caption":"Bianca Albu"},"description":"Reporter","url":"https:\/\/buletin.de\/bucuresti\/author\/biancaalbu\/"}]}},"authors":[{"term_id":22588,"user_id":6,"is_guest":0,"slug":"biancaalbu","display_name":"Bianca Albu","avatar_url":"https:\/\/secure.gravatar.com\/avatar\/3df2e34e20f529e6fd7be4311ee1f7c4ec4aa886971590baf6fa214b15743516?s=96&d=monsterid&r=g","0":null,"1":"","2":"","3":"","4":"","5":"","6":"","7":"","8":""}],"_links":{"self":[{"href":"https:\/\/buletin.de\/bucuresti\/wp-json\/wp\/v2\/posts\/44357","targetHints":{"allow":["GET"]}}],"collection":[{"href":"https:\/\/buletin.de\/bucuresti\/wp-json\/wp\/v2\/posts"}],"about":[{"href":"https:\/\/buletin.de\/bucuresti\/wp-json\/wp\/v2\/types\/post"}],"author":[{"embeddable":true,"href":"https:\/\/buletin.de\/bucuresti\/wp-json\/wp\/v2\/users\/6"}],"replies":[{"embeddable":true,"href":"https:\/\/buletin.de\/bucuresti\/wp-json\/wp\/v2\/comments?post=44357"}],"version-history":[{"count":5,"href":"https:\/\/buletin.de\/bucuresti\/wp-json\/wp\/v2\/posts\/44357\/revisions"}],"predecessor-version":[{"id":44561,"href":"https:\/\/buletin.de\/bucuresti\/wp-json\/wp\/v2\/posts\/44357\/revisions\/44561"}],"wp:featuredmedia":[{"embeddable":true,"href":"https:\/\/buletin.de\/bucuresti\/wp-json\/wp\/v2\/media\/44478"}],"wp:attachment":[{"href":"https:\/\/buletin.de\/bucuresti\/wp-json\/wp\/v2\/media?parent=44357"}],"wp:term":[{"taxonomy":"category","embeddable":true,"href":"https:\/\/buletin.de\/bucuresti\/wp-json\/wp\/v2\/categories?post=44357"},{"taxonomy":"post_tag","embeddable":true,"href":"https:\/\/buletin.de\/bucuresti\/wp-json\/wp\/v2\/tags?post=44357"},{"taxonomy":"author","embeddable":true,"href":"https:\/\/buletin.de\/bucuresti\/wp-json\/wp\/v2\/ppma_author?post=44357"}],"curies":[{"name":"wp","href":"https:\/\/api.w.org\/{rel}","templated":true}]}}