{"id":44104,"date":"2022-07-04T09:38:27","date_gmt":"2022-07-04T07:38:27","guid":{"rendered":"https:\/\/buletin.de\/bucuresti\/?p=44104"},"modified":"2022-07-04T10:22:18","modified_gmt":"2022-07-04T08:22:18","slug":"sector-3-avarie-la-trei-puncte-de-lucru","status":"publish","type":"post","link":"https:\/\/buletin.de\/bucuresti\/sector-3-avarie-la-trei-puncte-de-lucru\/","title":{"rendered":"Sector 3: Avarie la trei puncte de lucru de la Taxe \u0219i Impozite"},"content":{"rendered":"\n<p>Trei centre ale Direc\u021biei Generale Impozite \u0219i Taxe Locale din Sectorul 3 sunt nefunc\u021bionale p\u00e2n\u0103 ast\u0103zi la ora 14, potrivit unui comunicat de pres\u0103 al Prim\u0103riei. Cele trei centre nu opereaz\u0103 din cauza unei avarii la re\u021beaua furnizorului de internet.<\/p>\n\n\n\n<p>Punctele de lucru sunt pe strada Sf\u00e2nta vineri nr. 32, strada Lucre\u021biu P\u0103tr\u0103\u0219canu nr. 3-5 \u0219i strada C\u00e2mpia Libert\u0103\u021bii nr. 36.&nbsp;<\/p>\n\n\n\n<p>\u00centre timp, cet\u0103\u021benii care doresc s\u0103-\u0219i fac\u0103 o programare pentru a beneficia de serviciile DGITL dup\u0103 ce se rezolv\u0103 problemele men\u021bionate, pot s\u0103 o fac\u0103 de pe site-ul <a href=\"https:\/\/programarionlineditl.primarie3.ro\/\">prim\u0103riei Sectorului 3<\/a>.<\/p>\n\n\n\n<p>Prim\u0103ria  spune c\u0103 p\u00e2n\u0103 ast\u0103zi, 4 iulie, la ora 14 se \u00eencearc\u0103 s\u0103 se remedieze avaria, astfel \u00eenc\u00e2t cele trei centre de lucru s\u0103 func\u021bioneze normal.<\/p>\n\n\n\n<p>Surs\u0103 foto: Prim\u0103ria Sectorului 3<\/p>\n","protected":false},"excerpt":{"rendered":"<p>Trei centre ale Direc\u021biei Generale Impozite \u0219i Taxe Locale din Sectorul 3 sunt nefunc\u021bionale p\u00e2n\u0103 ast\u0103zi la ora 14, potrivit unui comunicat de pres\u0103 al Prim\u0103riei. Cele trei centre nu opereaz\u0103 din cauza unei avarii la re\u021beaua furnizorului de internet. Punctele de lucru sunt pe strada Sf\u00e2nta vineri nr. 32, strada Lucre\u021biu P\u0103tr\u0103\u0219canu nr. 3-5 [&hellip;]<\/p>\n","protected":false},"author":42,"featured_media":44105,"comment_status":"closed","ping_status":"open","sticky":false,"template":"","format":"standard","meta":{"_acf_changed":false,"inline_featured_image":false,"ngg_post_thumbnail":0,"footnotes":""},"categories":[62],"tags":[1982,2438,440,2274],"ppma_author":[22603],"class_list":["post-44104","post","type-post","status-publish","format-standard","has-post-thumbnail","hentry","category-stiri","tag-avarie","tag-primaria-sector-3","tag-sector-3","tag-taxe-si-impozite"],"acf":[],"yoast_head":"<!-- This site is optimized with the Yoast SEO Premium plugin v25.3 (Yoast SEO v27.5) - https:\/\/yoast.com\/product\/yoast-seo-premium-wordpress\/ -->\n<title>Sector 3: Avarie la trei puncte de lucru de la Taxe \u0219i Impozite - Buletin de Bucure\u0219ti<\/title>\n<meta name=\"robots\" content=\"index, follow, max-snippet:-1, max-image-preview:large, max-video-preview:-1\" \/>\n<link rel=\"canonical\" href=\"https:\/\/buletin.de\/bucuresti\/sector-3-avarie-la-trei-puncte-de-lucru\/\" \/>\n<meta property=\"og:locale\" content=\"en_GB\" \/>\n<meta property=\"og:type\" content=\"article\" \/>\n<meta property=\"og:title\" content=\"Sector 3: Avarie la trei puncte de lucru de la Taxe \u0219i Impozite\" \/>\n<meta property=\"og:description\" content=\"Trei centre ale Direc\u021biei Generale Impozite \u0219i Taxe Locale din Sectorul 3 sunt nefunc\u021bionale p\u00e2n\u0103 ast\u0103zi la ora 14, potrivit unui comunicat de pres\u0103 al Prim\u0103riei. Cele trei centre nu opereaz\u0103 din cauza unei avarii la re\u021beaua furnizorului de internet. Punctele de lucru sunt pe strada Sf\u00e2nta vineri nr. 32, strada Lucre\u021biu P\u0103tr\u0103\u0219canu nr. 3-5 [&hellip;]\" \/>\n<meta property=\"og:url\" content=\"https:\/\/buletin.de\/bucuresti\/sector-3-avarie-la-trei-puncte-de-lucru\/\" \/>\n<meta property=\"og:site_name\" content=\"Buletin de Bucure\u0219ti\" \/>\n<meta property=\"article:publisher\" content=\"https:\/\/www.facebook.com\/buletin.de.buc\" \/>\n<meta property=\"article:published_time\" content=\"2022-07-04T07:38:27+00:00\" \/>\n<meta property=\"article:modified_time\" content=\"2022-07-04T08:22:18+00:00\" \/>\n<meta property=\"og:image\" content=\"https:\/\/buletin.de\/bucuresti\/wp-content\/uploads\/taxe.jpg\" \/>\n\t<meta property=\"og:image:width\" content=\"700\" \/>\n\t<meta property=\"og:image:height\" content=\"320\" \/>\n\t<meta property=\"og:image:type\" content=\"image\/jpeg\" \/>\n<meta name=\"author\" content=\"Andra Mure\u0219an\" \/>\n<meta name=\"twitter:card\" content=\"summary_large_image\" \/>\n<meta name=\"twitter:label1\" content=\"Written by\" \/>\n\t<meta name=\"twitter:data1\" content=\"Andra Mure\u0219an\" \/>\n\t<meta name=\"twitter:label2\" content=\"Estimated reading time\" \/>\n\t<meta name=\"twitter:data2\" content=\"1 minute\" \/>\n<script type=\"application\/ld+json\" class=\"yoast-schema-graph\">{\"@context\":\"https:\\\/\\\/schema.org\",\"@graph\":[{\"@type\":\"Article\",\"@id\":\"https:\\\/\\\/buletin.de\\\/bucuresti\\\/sector-3-avarie-la-trei-puncte-de-lucru\\\/#article\",\"isPartOf\":{\"@id\":\"https:\\\/\\\/buletin.de\\\/bucuresti\\\/sector-3-avarie-la-trei-puncte-de-lucru\\\/\"},\"author\":{\"name\":\"Andra Mure\u0219an\",\"@id\":\"https:\\\/\\\/buletin.de\\\/bucuresti\\\/#\\\/schema\\\/person\\\/2305426a193cfbaadc0b30023ee5d01c\"},\"headline\":\"Sector 3: Avarie la trei puncte de lucru de la Taxe \u0219i Impozite\",\"datePublished\":\"2022-07-04T07:38:27+00:00\",\"dateModified\":\"2022-07-04T08:22:18+00:00\",\"mainEntityOfPage\":{\"@id\":\"https:\\\/\\\/buletin.de\\\/bucuresti\\\/sector-3-avarie-la-trei-puncte-de-lucru\\\/\"},\"wordCount\":151,\"publisher\":{\"@id\":\"https:\\\/\\\/buletin.de\\\/bucuresti\\\/#organization\"},\"image\":{\"@id\":\"https:\\\/\\\/buletin.de\\\/bucuresti\\\/sector-3-avarie-la-trei-puncte-de-lucru\\\/#primaryimage\"},\"thumbnailUrl\":\"https:\\\/\\\/buletin.de\\\/bucuresti\\\/wp-content\\\/uploads\\\/taxe.jpg\",\"keywords\":[\"avarie\",\"Primaria Sector 3\",\"Sector 3\",\"taxe si impozite\"],\"articleSection\":[\"\u0218tiri\"],\"inLanguage\":\"en-GB\",\"copyrightYear\":\"2022\",\"copyrightHolder\":{\"@id\":\"https:\\\/\\\/buletin.de\\\/bucuresti\\\/#organization\"}},{\"@type\":\"WebPage\",\"@id\":\"https:\\\/\\\/buletin.de\\\/bucuresti\\\/sector-3-avarie-la-trei-puncte-de-lucru\\\/\",\"url\":\"https:\\\/\\\/buletin.de\\\/bucuresti\\\/sector-3-avarie-la-trei-puncte-de-lucru\\\/\",\"name\":\"Sector 3: Avarie la trei puncte de lucru de la Taxe \u0219i Impozite - Buletin de Bucure\u0219ti\",\"isPartOf\":{\"@id\":\"https:\\\/\\\/buletin.de\\\/bucuresti\\\/#website\"},\"primaryImageOfPage\":{\"@id\":\"https:\\\/\\\/buletin.de\\\/bucuresti\\\/sector-3-avarie-la-trei-puncte-de-lucru\\\/#primaryimage\"},\"image\":{\"@id\":\"https:\\\/\\\/buletin.de\\\/bucuresti\\\/sector-3-avarie-la-trei-puncte-de-lucru\\\/#primaryimage\"},\"thumbnailUrl\":\"https:\\\/\\\/buletin.de\\\/bucuresti\\\/wp-content\\\/uploads\\\/taxe.jpg\",\"datePublished\":\"2022-07-04T07:38:27+00:00\",\"dateModified\":\"2022-07-04T08:22:18+00:00\",\"breadcrumb\":{\"@id\":\"https:\\\/\\\/buletin.de\\\/bucuresti\\\/sector-3-avarie-la-trei-puncte-de-lucru\\\/#breadcrumb\"},\"inLanguage\":\"en-GB\",\"potentialAction\":[{\"@type\":\"ReadAction\",\"target\":[\"https:\\\/\\\/buletin.de\\\/bucuresti\\\/sector-3-avarie-la-trei-puncte-de-lucru\\\/\"]}]},{\"@type\":\"ImageObject\",\"inLanguage\":\"en-GB\",\"@id\":\"https:\\\/\\\/buletin.de\\\/bucuresti\\\/sector-3-avarie-la-trei-puncte-de-lucru\\\/#primaryimage\",\"url\":\"https:\\\/\\\/buletin.de\\\/bucuresti\\\/wp-content\\\/uploads\\\/taxe.jpg\",\"contentUrl\":\"https:\\\/\\\/buletin.de\\\/bucuresti\\\/wp-content\\\/uploads\\\/taxe.jpg\",\"width\":700,\"height\":320,\"caption\":\"Foto: Arhiva\"},{\"@type\":\"BreadcrumbList\",\"@id\":\"https:\\\/\\\/buletin.de\\\/bucuresti\\\/sector-3-avarie-la-trei-puncte-de-lucru\\\/#breadcrumb\",\"itemListElement\":[{\"@type\":\"ListItem\",\"position\":1,\"name\":\"Acas\u0103\",\"item\":\"https:\\\/\\\/buletin.de\\\/bucuresti\\\/\"},{\"@type\":\"ListItem\",\"position\":2,\"name\":\"Sector 3: Avarie la trei puncte de lucru de la Taxe \u0219i Impozite\"}]},{\"@type\":\"WebSite\",\"@id\":\"https:\\\/\\\/buletin.de\\\/bucuresti\\\/#website\",\"url\":\"https:\\\/\\\/buletin.de\\\/bucuresti\\\/\",\"name\":\"Buletin de Bucure\u0219ti\",\"description\":\"\u0218tiri \u0219i investiga\u021bii esen\u021biale din capital\u0103\",\"publisher\":{\"@id\":\"https:\\\/\\\/buletin.de\\\/bucuresti\\\/#organization\"},\"potentialAction\":[{\"@type\":\"SearchAction\",\"target\":{\"@type\":\"EntryPoint\",\"urlTemplate\":\"https:\\\/\\\/buletin.de\\\/bucuresti\\\/?s={search_term_string}\"},\"query-input\":{\"@type\":\"PropertyValueSpecification\",\"valueRequired\":true,\"valueName\":\"search_term_string\"}}],\"inLanguage\":\"en-GB\"},{\"@type\":\"Organization\",\"@id\":\"https:\\\/\\\/buletin.de\\\/bucuresti\\\/#organization\",\"name\":\"Buletin de Bucure\u0219ti\",\"url\":\"https:\\\/\\\/buletin.de\\\/bucuresti\\\/\",\"logo\":{\"@type\":\"ImageObject\",\"inLanguage\":\"en-GB\",\"@id\":\"https:\\\/\\\/buletin.de\\\/bucuresti\\\/#\\\/schema\\\/logo\\\/image\\\/\",\"url\":\"https:\\\/\\\/buletin.de\\\/bucuresti\\\/wp-content\\\/uploads\\\/logo-bdb-full-wide-vernil-transparent.png\",\"contentUrl\":\"https:\\\/\\\/buletin.de\\\/bucuresti\\\/wp-content\\\/uploads\\\/logo-bdb-full-wide-vernil-transparent.png\",\"width\":1782,\"height\":626,\"caption\":\"Buletin de Bucure\u0219ti\"},\"image\":{\"@id\":\"https:\\\/\\\/buletin.de\\\/bucuresti\\\/#\\\/schema\\\/logo\\\/image\\\/\"},\"sameAs\":[\"https:\\\/\\\/www.facebook.com\\\/buletin.de.buc\",\"https:\\\/\\\/www.instagram.com\\\/buletinde.bucuresti\\\/\"]},{\"@type\":\"Person\",\"@id\":\"https:\\\/\\\/buletin.de\\\/bucuresti\\\/#\\\/schema\\\/person\\\/2305426a193cfbaadc0b30023ee5d01c\",\"name\":\"Andra Mure\u0219an\",\"image\":{\"@type\":\"ImageObject\",\"inLanguage\":\"en-GB\",\"@id\":\"https:\\\/\\\/secure.gravatar.com\\\/avatar\\\/0f89940de76acadc8ab9c36e6cec5b672fc84ab1bf1537562fa8584e29dfa8a5?s=96&d=monsterid&r=g30a40ed95e1c0fc67315c6f2c6fa871e\",\"url\":\"https:\\\/\\\/secure.gravatar.com\\\/avatar\\\/0f89940de76acadc8ab9c36e6cec5b672fc84ab1bf1537562fa8584e29dfa8a5?s=96&d=monsterid&r=g\",\"contentUrl\":\"https:\\\/\\\/secure.gravatar.com\\\/avatar\\\/0f89940de76acadc8ab9c36e6cec5b672fc84ab1bf1537562fa8584e29dfa8a5?s=96&d=monsterid&r=g\",\"caption\":\"Andra Mure\u0219an\"},\"url\":\"https:\\\/\\\/buletin.de\\\/bucuresti\\\/author\\\/andra\\\/\"}]}<\/script>\n<!-- \/ Yoast SEO Premium plugin. -->","yoast_head_json":{"title":"Sector 3: Avarie la trei puncte de lucru de la Taxe \u0219i Impozite - Buletin de Bucure\u0219ti","robots":{"index":"index","follow":"follow","max-snippet":"max-snippet:-1","max-image-preview":"max-image-preview:large","max-video-preview":"max-video-preview:-1"},"canonical":"https:\/\/buletin.de\/bucuresti\/sector-3-avarie-la-trei-puncte-de-lucru\/","og_locale":"en_GB","og_type":"article","og_title":"Sector 3: Avarie la trei puncte de lucru de la Taxe \u0219i Impozite","og_description":"Trei centre ale Direc\u021biei Generale Impozite \u0219i Taxe Locale din Sectorul 3 sunt nefunc\u021bionale p\u00e2n\u0103 ast\u0103zi la ora 14, potrivit unui comunicat de pres\u0103 al Prim\u0103riei. Cele trei centre nu opereaz\u0103 din cauza unei avarii la re\u021beaua furnizorului de internet. Punctele de lucru sunt pe strada Sf\u00e2nta vineri nr. 32, strada Lucre\u021biu P\u0103tr\u0103\u0219canu nr. 3-5 [&hellip;]","og_url":"https:\/\/buletin.de\/bucuresti\/sector-3-avarie-la-trei-puncte-de-lucru\/","og_site_name":"Buletin de Bucure\u0219ti","article_publisher":"https:\/\/www.facebook.com\/buletin.de.buc","article_published_time":"2022-07-04T07:38:27+00:00","article_modified_time":"2022-07-04T08:22:18+00:00","og_image":[{"width":700,"height":320,"url":"https:\/\/buletin.de\/bucuresti\/wp-content\/uploads\/taxe.jpg","type":"image\/jpeg"}],"author":"Andra Mure\u0219an","twitter_card":"summary_large_image","twitter_misc":{"Written by":"Andra Mure\u0219an","Estimated reading time":"1 minute"},"schema":{"@context":"https:\/\/schema.org","@graph":[{"@type":"Article","@id":"https:\/\/buletin.de\/bucuresti\/sector-3-avarie-la-trei-puncte-de-lucru\/#article","isPartOf":{"@id":"https:\/\/buletin.de\/bucuresti\/sector-3-avarie-la-trei-puncte-de-lucru\/"},"author":{"name":"Andra Mure\u0219an","@id":"https:\/\/buletin.de\/bucuresti\/#\/schema\/person\/2305426a193cfbaadc0b30023ee5d01c"},"headline":"Sector 3: Avarie la trei puncte de lucru de la Taxe \u0219i Impozite","datePublished":"2022-07-04T07:38:27+00:00","dateModified":"2022-07-04T08:22:18+00:00","mainEntityOfPage":{"@id":"https:\/\/buletin.de\/bucuresti\/sector-3-avarie-la-trei-puncte-de-lucru\/"},"wordCount":151,"publisher":{"@id":"https:\/\/buletin.de\/bucuresti\/#organization"},"image":{"@id":"https:\/\/buletin.de\/bucuresti\/sector-3-avarie-la-trei-puncte-de-lucru\/#primaryimage"},"thumbnailUrl":"https:\/\/buletin.de\/bucuresti\/wp-content\/uploads\/taxe.jpg","keywords":["avarie","Primaria Sector 3","Sector 3","taxe si impozite"],"articleSection":["\u0218tiri"],"inLanguage":"en-GB","copyrightYear":"2022","copyrightHolder":{"@id":"https:\/\/buletin.de\/bucuresti\/#organization"}},{"@type":"WebPage","@id":"https:\/\/buletin.de\/bucuresti\/sector-3-avarie-la-trei-puncte-de-lucru\/","url":"https:\/\/buletin.de\/bucuresti\/sector-3-avarie-la-trei-puncte-de-lucru\/","name":"Sector 3: Avarie la trei puncte de lucru de la Taxe \u0219i Impozite - Buletin de Bucure\u0219ti","isPartOf":{"@id":"https:\/\/buletin.de\/bucuresti\/#website"},"primaryImageOfPage":{"@id":"https:\/\/buletin.de\/bucuresti\/sector-3-avarie-la-trei-puncte-de-lucru\/#primaryimage"},"image":{"@id":"https:\/\/buletin.de\/bucuresti\/sector-3-avarie-la-trei-puncte-de-lucru\/#primaryimage"},"thumbnailUrl":"https:\/\/buletin.de\/bucuresti\/wp-content\/uploads\/taxe.jpg","datePublished":"2022-07-04T07:38:27+00:00","dateModified":"2022-07-04T08:22:18+00:00","breadcrumb":{"@id":"https:\/\/buletin.de\/bucuresti\/sector-3-avarie-la-trei-puncte-de-lucru\/#breadcrumb"},"inLanguage":"en-GB","potentialAction":[{"@type":"ReadAction","target":["https:\/\/buletin.de\/bucuresti\/sector-3-avarie-la-trei-puncte-de-lucru\/"]}]},{"@type":"ImageObject","inLanguage":"en-GB","@id":"https:\/\/buletin.de\/bucuresti\/sector-3-avarie-la-trei-puncte-de-lucru\/#primaryimage","url":"https:\/\/buletin.de\/bucuresti\/wp-content\/uploads\/taxe.jpg","contentUrl":"https:\/\/buletin.de\/bucuresti\/wp-content\/uploads\/taxe.jpg","width":700,"height":320,"caption":"Foto: Arhiva"},{"@type":"BreadcrumbList","@id":"https:\/\/buletin.de\/bucuresti\/sector-3-avarie-la-trei-puncte-de-lucru\/#breadcrumb","itemListElement":[{"@type":"ListItem","position":1,"name":"Acas\u0103","item":"https:\/\/buletin.de\/bucuresti\/"},{"@type":"ListItem","position":2,"name":"Sector 3: Avarie la trei puncte de lucru de la Taxe \u0219i Impozite"}]},{"@type":"WebSite","@id":"https:\/\/buletin.de\/bucuresti\/#website","url":"https:\/\/buletin.de\/bucuresti\/","name":"Buletin de Bucure\u0219ti","description":"\u0218tiri \u0219i investiga\u021bii esen\u021biale din capital\u0103","publisher":{"@id":"https:\/\/buletin.de\/bucuresti\/#organization"},"potentialAction":[{"@type":"SearchAction","target":{"@type":"EntryPoint","urlTemplate":"https:\/\/buletin.de\/bucuresti\/?s={search_term_string}"},"query-input":{"@type":"PropertyValueSpecification","valueRequired":true,"valueName":"search_term_string"}}],"inLanguage":"en-GB"},{"@type":"Organization","@id":"https:\/\/buletin.de\/bucuresti\/#organization","name":"Buletin de Bucure\u0219ti","url":"https:\/\/buletin.de\/bucuresti\/","logo":{"@type":"ImageObject","inLanguage":"en-GB","@id":"https:\/\/buletin.de\/bucuresti\/#\/schema\/logo\/image\/","url":"https:\/\/buletin.de\/bucuresti\/wp-content\/uploads\/logo-bdb-full-wide-vernil-transparent.png","contentUrl":"https:\/\/buletin.de\/bucuresti\/wp-content\/uploads\/logo-bdb-full-wide-vernil-transparent.png","width":1782,"height":626,"caption":"Buletin de Bucure\u0219ti"},"image":{"@id":"https:\/\/buletin.de\/bucuresti\/#\/schema\/logo\/image\/"},"sameAs":["https:\/\/www.facebook.com\/buletin.de.buc","https:\/\/www.instagram.com\/buletinde.bucuresti\/"]},{"@type":"Person","@id":"https:\/\/buletin.de\/bucuresti\/#\/schema\/person\/2305426a193cfbaadc0b30023ee5d01c","name":"Andra Mure\u0219an","image":{"@type":"ImageObject","inLanguage":"en-GB","@id":"https:\/\/secure.gravatar.com\/avatar\/0f89940de76acadc8ab9c36e6cec5b672fc84ab1bf1537562fa8584e29dfa8a5?s=96&d=monsterid&r=g30a40ed95e1c0fc67315c6f2c6fa871e","url":"https:\/\/secure.gravatar.com\/avatar\/0f89940de76acadc8ab9c36e6cec5b672fc84ab1bf1537562fa8584e29dfa8a5?s=96&d=monsterid&r=g","contentUrl":"https:\/\/secure.gravatar.com\/avatar\/0f89940de76acadc8ab9c36e6cec5b672fc84ab1bf1537562fa8584e29dfa8a5?s=96&d=monsterid&r=g","caption":"Andra Mure\u0219an"},"url":"https:\/\/buletin.de\/bucuresti\/author\/andra\/"}]}},"authors":[{"term_id":22603,"user_id":42,"is_guest":0,"slug":"andra","display_name":"Andra Mure\u0219an","avatar_url":"https:\/\/secure.gravatar.com\/avatar\/0f89940de76acadc8ab9c36e6cec5b672fc84ab1bf1537562fa8584e29dfa8a5?s=96&d=monsterid&r=g","0":null,"1":"","2":"","3":"","4":"","5":"","6":"","7":"","8":""}],"_links":{"self":[{"href":"https:\/\/buletin.de\/bucuresti\/wp-json\/wp\/v2\/posts\/44104","targetHints":{"allow":["GET"]}}],"collection":[{"href":"https:\/\/buletin.de\/bucuresti\/wp-json\/wp\/v2\/posts"}],"about":[{"href":"https:\/\/buletin.de\/bucuresti\/wp-json\/wp\/v2\/types\/post"}],"author":[{"embeddable":true,"href":"https:\/\/buletin.de\/bucuresti\/wp-json\/wp\/v2\/users\/42"}],"replies":[{"embeddable":true,"href":"https:\/\/buletin.de\/bucuresti\/wp-json\/wp\/v2\/comments?post=44104"}],"version-history":[{"count":5,"href":"https:\/\/buletin.de\/bucuresti\/wp-json\/wp\/v2\/posts\/44104\/revisions"}],"predecessor-version":[{"id":44119,"href":"https:\/\/buletin.de\/bucuresti\/wp-json\/wp\/v2\/posts\/44104\/revisions\/44119"}],"wp:featuredmedia":[{"embeddable":true,"href":"https:\/\/buletin.de\/bucuresti\/wp-json\/wp\/v2\/media\/44105"}],"wp:attachment":[{"href":"https:\/\/buletin.de\/bucuresti\/wp-json\/wp\/v2\/media?parent=44104"}],"wp:term":[{"taxonomy":"category","embeddable":true,"href":"https:\/\/buletin.de\/bucuresti\/wp-json\/wp\/v2\/categories?post=44104"},{"taxonomy":"post_tag","embeddable":true,"href":"https:\/\/buletin.de\/bucuresti\/wp-json\/wp\/v2\/tags?post=44104"},{"taxonomy":"author","embeddable":true,"href":"https:\/\/buletin.de\/bucuresti\/wp-json\/wp\/v2\/ppma_author?post=44104"}],"curies":[{"name":"wp","href":"https:\/\/api.w.org\/{rel}","templated":true}]}}