{"id":4410,"date":"2020-03-19T14:06:39","date_gmt":"2020-03-19T11:06:39","guid":{"rendered":"https:\/\/buletin.de\/bucuresti\/?p=4410"},"modified":"2020-03-19T15:23:55","modified_gmt":"2020-03-19T12:23:55","slug":"cu-cat-cresc-pedepsele-pentru-cei-care-nu-respecta-carantina-si-care-sunt-noile-pedepse-pentru-infractiunile-de-fals-in-declaratii-sau-omiterea-de-date","status":"publish","type":"post","link":"https:\/\/buletin.de\/bucuresti\/cu-cat-cresc-pedepsele-pentru-cei-care-nu-respecta-carantina-si-care-sunt-noile-pedepse-pentru-infractiunile-de-fals-in-declaratii-sau-omiterea-de-date\/","title":{"rendered":"Cu c\u00e2t cresc pedepsele pentru cei care nu respect\u0103 carantina \u0219i care sunt noile pedepse pentru infrac\u021biunile de fals \u00een declara\u021bii sau omiterea de date"},"content":{"rendered":"\n<p>Premierul Ludovic Orban a anun\u021bat, joi diminea\u021b\u0103, adoptarea unei  o <a href=\"http:\/\/www.just.ro\/ordonanta-de-urgenta-pentru-modificarea-si-completarea-legii-nr-286-2009-privind-codul-penal\/?fbclid=IwAR2_5_hjCOrc0rNx1pBfGGkblhTLCUiP6w3ILme1M-Jz609vySVXh-tWj9s\">ordonan\u021be de urgen\u021b\u0103<\/a> de modificare a Codului Penal, prin care se \u00een\u0103spresc pedepselor pentru cei care comit fals \u00een declara\u021bii \u0219i nu nerespectarea carantina, f\u0103r\u0103 a da, \u00eens\u0103, detalii. Totodat\u0103, premierul a precizat c\u0103 devine infrac\u021biune \u0219i omiterea de date sau informa\u021biile \u00een contextul anchetei epidemiologice. <\/p>\n\n\n\n<p>\u201eAm decis majorarea pedepseleor pentru falsul \u00een declara\u021bii privitor la epidemia de coronavirus. \u00cen situa\u021bia \u00een care cet\u0103\u021benii care revin dintr-o \u021bar\u0103, unde exist\u0103 un num\u0103r de cazuri, trebuie s\u0103 completeze o declara\u021bie \u0219i \u00een cazul \u00een care comit un fals \u0219i nu spun adev\u0103rul din ce \u021bar\u0103 vin, din ce localitate vin, astfel \u00eenc\u00e2t autorit\u0103\u021bile s\u0103 poate s\u0103 ia decizia corect\u0103, fie trebuie s\u0103 intre \u00een carantin\u0103, fie trebuie s\u0103 intre \u00een izolare la domiciliu, vor suferi consecin\u021bele legii. Ei comit infrac\u021biune\u201d, a precizat premierul Ludovic Orban. <\/p>\n\n\n\n<p>De asemenea, potrivit acestuia \u201ecine nu respect\u0103 carantina, m\u0103surile dispuse de autorit\u0103\u021bi, trebuie s\u0103 \u0219tie c\u0103 li se va \u00eentocmi dosar penal. Nu putem accepta ca cet\u0103\u0219enii responsabili s\u0103 nu respecte aceste decizii, s\u0103 umble liberi \u0219i s\u0103 \u00eembolnaveasc\u0103 al\u021bi cet\u0103\u021benii\u201d. <\/p>\n\n\n\n<p>Asta \u00een condi\u021biile \u00een care \u201ese constat\u0103 de la \u00eenceputul lunii martie 2020 \u0219i p\u00e2n\u0103 \u00een prezent un num\u0103r tot mai mare de persoane, fa\u021b\u0103 de care s-au dispus m\u0103sura de carantin\u0103 institu\u021bionalizat\u0103 sau, dup\u0103 caz, m\u0103sura de izolare la domiciliu, nu respect\u0103 aceste m\u0103suri\u201d, se arat\u0103 \u00een Nota de fundamentare care \u00eenso\u021be\u0219te actul normativ adoptat de Guvern. <\/p>\n\n\n\n<p>\u201dDin datele\ncomunicate p\u00e2n\u0103 \u00een prezent, rezult\u0103 faptul c\u0103 dac\u0103 la \u00eenceputul lunii martie,\nunit\u0103\u021bile de parchet aveau \u00een lucru 8 cauze referitoare la infrac\u021biunea\nprev\u0103zut\u0103 de art. 352 Cod penal, dup\u0103 dou\u0103 s\u0103pt\u0103m\u00e2ni, 27 de unit\u0103\u021bi de parchet\naveau \u00een lucru 58 de dosare penale, fiecare dosar av\u00e2nd un num\u0103r de suspec\u021bi\ncuprins \u00eentre unu \u0219i 12, num\u0103rul poten\u021bialelor victime fiind deja de 87 de persoane\u201d,\nse mai precizeaz\u0103 \u00een documentul citat. <\/p>\n\n\n\n<p>Prin urmare, \u201eapreciem c\u0103 majorarea limitelor de pedeaps\u0103 pentru astfel de fapte este menit\u0103 s\u0103 aduc\u0103 sanc\u021biunii caracterul disuasiv, dar \u0219i preventiv corespunz\u0103tor\u201d, scrie \u00een Nota de fundamentare. <\/p>\n\n\n\n<p><a href=\"https:\/\/buletin.de\/bucuresti\/bucuresti-pacientul-zero-a-vizitat-israelul-organizat-cu-alte-88-de-persoane-cu-79-din-ele-a-fost-in-avionul-de-intoarcere-multe-nu-au-fost-testate-de-covid-19\/\">Buletin de Bucure\u0219ti<\/a> a scris despre fostul comandant adjunct al Poli\u021biei Capitalei, b\u0103rbatul de la care, oficial, au fost infectate cel pu\u021bin 30 de persoane. <\/p>\n\n\n\n<p>Actul normativ vine \u0219i cu o defini\u021bie mai clar\u0103 a carantinei: restric\u021bia activit\u0103\u021bilor \u0219i separarea de alte persoane, \u00een spa\u021bii special amenajate, a persoanelor bolnave sau care sunt suspecte, \u00eentr-o manier\u0103 care s\u0103 previn\u0103 posibila r\u0103sp\u00e2ndire a infec\u021biei sau contamin\u0103rii.<\/p>\n\n\n\n<p><strong>Prevederile\nOUG cu privire la nerespectarea carantinei:<\/strong><\/p>\n\n\n\n<p>Articolul 352 din Codul Penal se modific\u0103 \u0219i va avea\nurm\u0103torul cuprins:<\/p>\n\n\n\n<p>(1) <strong>Nerespectarea m\u0103surilor de carantin\u0103 sau de\nspitalizare<\/strong> dispuse pentru prevenirea sau combaterea bolilor\ninfectocontagioase <strong>se pedepse\u0219te cu \u00eenchisoare de la 6 luni la 3 ani sau cu\namend\u0103. <\/strong><\/p>\n\n\n\n<p>(2) Nerespectarea m\u0103surilor privitoare la prevenirea sau\ncombaterea bolilor infectocontagioase, <strong>dac\u0103 fapta a avut ca urmare\nr\u0103sp\u00e2ndirea unei asemenea boli, se pedepse\u0219te cu \u00eenchisoare de la unu la 5 ani.<\/strong>\n<\/p>\n\n\n\n<p>(3) <strong>Transmiterea,<\/strong> prin orice mijloace, a unei boli\ninfectocontagioase <strong>de c\u0103tre o persoan\u0103 care \u0219tie c\u0103 sufer\u0103 de aceast\u0103 boal\u0103\nse pedepse\u0219te cu \u00eenchisoare de la 2 la 7 ani<\/strong> \u0219i interzicerea exercit\u0103rii\nunor drepturi. <\/p>\n\n\n\n<p>(4) Dac\u0103 <strong>fapta prev\u0103zut\u0103 \u00een alin. (2) este s\u0103v\u00e2r\u0219it\u0103 din\nculp\u0103, pedeapsa este \u00eenchisoarea de la 6 luni la 3 ani sau amenda<\/strong>. <\/p>\n\n\n\n<p>(5) Dac\u0103 prin faptele prev\u0103zute \u00een alin. (1) \u0219i alin. (2) <strong>s-a\nprodus v\u0103t\u0103marea corporal\u0103<\/strong> a uneia sau mai multor persoane, <strong>pedeapsa\neste \u00eenchisoarea de la 2 la 7 ani<\/strong> \u0219i interzicerea exercit\u0103rii unor\ndrepturi. <\/p>\n\n\n\n<p>(6) Dac\u0103 prin faptele prev\u0103zute \u00een alin. (1) \u0219i alin. (2) <strong>s-a\nprodus moartea uneia sau mai multor persoane, pedeapsa este \u00eenchisoarea de la 5\nla 12 ani <\/strong>\u0219i interzicerea exercit\u0103rii unor drepturi. <\/p>\n\n\n\n<p>(7) Dac\u0103 prin fapta prev\u0103zut\u0103 \u00een alin. (3) s-a produs <strong>v\u0103t\u0103marea\ncorporal\u0103 a uneia sau mai multor persoane<\/strong>, pedeapsa este \u00eenchisoarea de la\n3 la 10 ani \u0219i interzicerea exercit\u0103rii unor drepturi, iar <strong>dac\u0103 s-a produs\nmoartea uneia sau mai multor 3 persoane, pedeapsa este \u00eenchisoarea de la 7 la\n15 ani <\/strong>\u0219i interzicerea exercit\u0103rii unor drepturi. <\/p>\n\n\n\n<p>(8) Dac\u0103 prin fapta prev\u0103zut\u0103 \u00een alin. (4) s-a produs <strong>v\u0103t\u0103marea\ncorporal\u0103 a uneia sau mai multor persoane, pedeapsa este \u00eenchisoarea de la unu\nla 5 ani \u0219i interzicerea exercit\u0103rii unor drepturi, iar dac\u0103 s-a produs moartea\nuneia sau mai multor persoane, pedeapsa este \u00eenchisoarea de la 2 la 7 ani<\/strong>\n\u0219i interzicerea exercit\u0103rii unor drepturi.<\/p>\n\n\n\n<p>(9) Tentativa la infrac\u021biunea prev\u0103zut\u0103 \u00een alin. (3) se\npedepse\u0219te. <\/p>\n\n\n\n<p><strong>Prevederile\nOUG cu privire la omisiunea declar\u0103rii unor informa\u021bii:<\/strong><\/p>\n\n\n\n<p>Omisiunea persoanei de a divulga cadrelor medicale sau altor\npersoane dintre cele prev\u0103zute \u00een art. 175 sau unei unit\u0103\u021bi \u00een care acestea \u00ee\u0219i\ndesf\u0103\u0219oar\u0103 activitatea a unor informa\u021bii esen\u021biale cu privire la posibilitatea\nde a fi intrat \u00een contact cu o persoan\u0103 infectat\u0103 cu o boal\u0103 infectocontagioas\u0103\n<strong>se pedepse\u0219te cu \u00eenchisoare de la 6 luni la 3 ani sau cu amend\u0103<\/strong>. <\/p>\n\n\n\n<p><strong>Prevederile\nOUG cu privire la falsul \u00een declara\u021bii care modific\u0103 articolul 326 din Codul\nPenal:<\/strong><\/p>\n\n\n\n<p>(1) <strong>Declararea necorespunz\u0103toare a adev\u0103rului<\/strong>, f\u0103cut\u0103\nunei persoane dintre cele prev\u0103zute \u00een art. 175 sau unei unit\u0103\u021bi \u00een care\naceasta \u00ee\u0219i desf\u0103\u0219oar\u0103 activitatea \u00een vederea producerii unei consecin\u021be\njuridice, pentru sine sau pentru altul, atunci c\u00e2nd, potrivit legii ori\n\u00eemprejur\u0103rilor, declara\u021bia f\u0103cut\u0103 serve\u0219te la producerea acelei consecin\u021be, <strong>se\npedepse\u0219te cu \u00eenchisoare de la 6 luni la 2 ani sau cu amend\u0103<\/strong>. <\/p>\n\n\n\n<p>(2) Fapta prev\u0103zut\u0103 la alin.(1<strong>), s\u0103v\u00e2r\u0219it\u0103 pentru a ascunde existen\u021ba unui risc privind infectarea cu o boal\u0103 infectocontagioas\u0103, se pedepse\u0219te cu \u00eenchisoare de la unu la 5 ani sau cu amend\u0103<\/strong>.<\/p>\n\n\n\n<p><em>sursa foto: pagina de Facebook a Federa\u021biei Sindicatelor din Administra\u021bia Na\u021bional\u0103 a Penitenciarelor<\/em><\/p>\n","protected":false},"excerpt":{"rendered":"<p>Premierul Ludovic Orban a anun\u021bat, joi diminea\u021b\u0103, adoptarea unei o ordonan\u021be de urgen\u021b\u0103 de modificare a Codului Penal, prin care se \u00een\u0103spresc pedepselor pentru cei care comit fals \u00een declara\u021bii \u0219i nu nerespectarea carantina, f\u0103r\u0103 a da, \u00eens\u0103, detalii. Totodat\u0103, premierul a precizat c\u0103 devine infrac\u021biune \u0219i omiterea de date sau informa\u021biile \u00een contextul anchetei [&hellip;]<\/p>\n","protected":false},"author":11,"featured_media":4413,"comment_status":"closed","ping_status":"open","sticky":false,"template":"","format":"standard","meta":{"_acf_changed":false,"inline_featured_image":false,"ngg_post_thumbnail":0,"footnotes":""},"categories":[62],"tags":[],"ppma_author":[22590],"class_list":["post-4410","post","type-post","status-publish","format-standard","has-post-thumbnail","hentry","category-stiri"],"acf":[],"yoast_head":"<!-- This site is optimized with the Yoast SEO Premium plugin v25.3 (Yoast SEO v27.5) - https:\/\/yoast.com\/product\/yoast-seo-premium-wordpress\/ -->\n<title>Cu c\u00e2t cresc pedepsele pentru cei care nu respect\u0103 carantina \u0219i care sunt noile pedepse pentru infrac\u021biunile de fals \u00een declara\u021bii sau omiterea de date - Buletin de Bucure\u0219ti<\/title>\n<meta name=\"robots\" content=\"index, follow, max-snippet:-1, max-image-preview:large, max-video-preview:-1\" \/>\n<link rel=\"canonical\" href=\"https:\/\/buletin.de\/bucuresti\/cu-cat-cresc-pedepsele-pentru-cei-care-nu-respecta-carantina-si-care-sunt-noile-pedepse-pentru-infractiunile-de-fals-in-declaratii-sau-omiterea-de-date\/\" \/>\n<meta property=\"og:locale\" content=\"en_GB\" \/>\n<meta property=\"og:type\" content=\"article\" \/>\n<meta property=\"og:title\" content=\"Cu c\u00e2t cresc pedepsele pentru cei care nu respect\u0103 carantina \u0219i care sunt noile pedepse pentru infrac\u021biunile de fals \u00een declara\u021bii sau omiterea de date\" \/>\n<meta property=\"og:description\" content=\"Premierul Ludovic Orban a anun\u021bat, joi diminea\u021b\u0103, adoptarea unei o ordonan\u021be de urgen\u021b\u0103 de modificare a Codului Penal, prin care se \u00een\u0103spresc pedepselor pentru cei care comit fals \u00een declara\u021bii \u0219i nu nerespectarea carantina, f\u0103r\u0103 a da, \u00eens\u0103, detalii. Totodat\u0103, premierul a precizat c\u0103 devine infrac\u021biune \u0219i omiterea de date sau informa\u021biile \u00een contextul anchetei [&hellip;]\" \/>\n<meta property=\"og:url\" content=\"https:\/\/buletin.de\/bucuresti\/cu-cat-cresc-pedepsele-pentru-cei-care-nu-respecta-carantina-si-care-sunt-noile-pedepse-pentru-infractiunile-de-fals-in-declaratii-sau-omiterea-de-date\/\" \/>\n<meta property=\"og:site_name\" content=\"Buletin de Bucure\u0219ti\" \/>\n<meta property=\"article:publisher\" content=\"https:\/\/www.facebook.com\/buletin.de.buc\" \/>\n<meta property=\"article:published_time\" content=\"2020-03-19T11:06:39+00:00\" \/>\n<meta property=\"article:modified_time\" content=\"2020-03-19T12:23:55+00:00\" \/>\n<meta property=\"og:image\" content=\"https:\/\/buletin.de\/bucuresti\/wp-content\/uploads\/penitenciar-sursa-foto-FSANP.jpg\" \/>\n\t<meta property=\"og:image:width\" content=\"1200\" \/>\n\t<meta property=\"og:image:height\" content=\"630\" \/>\n\t<meta property=\"og:image:type\" content=\"image\/jpeg\" \/>\n<meta name=\"author\" content=\"Cristina Sb\u00eern\" \/>\n<meta name=\"twitter:card\" content=\"summary_large_image\" \/>\n<meta name=\"twitter:label1\" content=\"Written by\" \/>\n\t<meta name=\"twitter:data1\" content=\"Cristina Sb\u00eern\" \/>\n\t<meta name=\"twitter:label2\" content=\"Estimated reading time\" \/>\n\t<meta name=\"twitter:data2\" content=\"5 minutes\" \/>\n<script type=\"application\/ld+json\" class=\"yoast-schema-graph\">{\"@context\":\"https:\\\/\\\/schema.org\",\"@graph\":[{\"@type\":\"Article\",\"@id\":\"https:\\\/\\\/buletin.de\\\/bucuresti\\\/cu-cat-cresc-pedepsele-pentru-cei-care-nu-respecta-carantina-si-care-sunt-noile-pedepse-pentru-infractiunile-de-fals-in-declaratii-sau-omiterea-de-date\\\/#article\",\"isPartOf\":{\"@id\":\"https:\\\/\\\/buletin.de\\\/bucuresti\\\/cu-cat-cresc-pedepsele-pentru-cei-care-nu-respecta-carantina-si-care-sunt-noile-pedepse-pentru-infractiunile-de-fals-in-declaratii-sau-omiterea-de-date\\\/\"},\"author\":{\"name\":\"Cristina Sb\u00eern\",\"@id\":\"https:\\\/\\\/buletin.de\\\/bucuresti\\\/#\\\/schema\\\/person\\\/491b46d206898645bf48e42ec8d16a4e\"},\"headline\":\"Cu c\u00e2t cresc pedepsele pentru cei care nu respect\u0103 carantina \u0219i care sunt noile pedepse pentru infrac\u021biunile de fals \u00een declara\u021bii sau omiterea de date\",\"datePublished\":\"2020-03-19T11:06:39+00:00\",\"dateModified\":\"2020-03-19T12:23:55+00:00\",\"mainEntityOfPage\":{\"@id\":\"https:\\\/\\\/buletin.de\\\/bucuresti\\\/cu-cat-cresc-pedepsele-pentru-cei-care-nu-respecta-carantina-si-care-sunt-noile-pedepse-pentru-infractiunile-de-fals-in-declaratii-sau-omiterea-de-date\\\/\"},\"wordCount\":1022,\"publisher\":{\"@id\":\"https:\\\/\\\/buletin.de\\\/bucuresti\\\/#organization\"},\"image\":{\"@id\":\"https:\\\/\\\/buletin.de\\\/bucuresti\\\/cu-cat-cresc-pedepsele-pentru-cei-care-nu-respecta-carantina-si-care-sunt-noile-pedepse-pentru-infractiunile-de-fals-in-declaratii-sau-omiterea-de-date\\\/#primaryimage\"},\"thumbnailUrl\":\"https:\\\/\\\/buletin.de\\\/bucuresti\\\/wp-content\\\/uploads\\\/penitenciar-sursa-foto-FSANP.jpg\",\"articleSection\":[\"\u0218tiri\"],\"inLanguage\":\"en-GB\",\"copyrightYear\":\"2020\",\"copyrightHolder\":{\"@id\":\"https:\\\/\\\/buletin.de\\\/bucuresti\\\/#organization\"}},{\"@type\":\"WebPage\",\"@id\":\"https:\\\/\\\/buletin.de\\\/bucuresti\\\/cu-cat-cresc-pedepsele-pentru-cei-care-nu-respecta-carantina-si-care-sunt-noile-pedepse-pentru-infractiunile-de-fals-in-declaratii-sau-omiterea-de-date\\\/\",\"url\":\"https:\\\/\\\/buletin.de\\\/bucuresti\\\/cu-cat-cresc-pedepsele-pentru-cei-care-nu-respecta-carantina-si-care-sunt-noile-pedepse-pentru-infractiunile-de-fals-in-declaratii-sau-omiterea-de-date\\\/\",\"name\":\"Cu c\u00e2t cresc pedepsele pentru cei care nu respect\u0103 carantina \u0219i care sunt noile pedepse pentru infrac\u021biunile de fals \u00een declara\u021bii sau omiterea de date - Buletin de Bucure\u0219ti\",\"isPartOf\":{\"@id\":\"https:\\\/\\\/buletin.de\\\/bucuresti\\\/#website\"},\"primaryImageOfPage\":{\"@id\":\"https:\\\/\\\/buletin.de\\\/bucuresti\\\/cu-cat-cresc-pedepsele-pentru-cei-care-nu-respecta-carantina-si-care-sunt-noile-pedepse-pentru-infractiunile-de-fals-in-declaratii-sau-omiterea-de-date\\\/#primaryimage\"},\"image\":{\"@id\":\"https:\\\/\\\/buletin.de\\\/bucuresti\\\/cu-cat-cresc-pedepsele-pentru-cei-care-nu-respecta-carantina-si-care-sunt-noile-pedepse-pentru-infractiunile-de-fals-in-declaratii-sau-omiterea-de-date\\\/#primaryimage\"},\"thumbnailUrl\":\"https:\\\/\\\/buletin.de\\\/bucuresti\\\/wp-content\\\/uploads\\\/penitenciar-sursa-foto-FSANP.jpg\",\"datePublished\":\"2020-03-19T11:06:39+00:00\",\"dateModified\":\"2020-03-19T12:23:55+00:00\",\"breadcrumb\":{\"@id\":\"https:\\\/\\\/buletin.de\\\/bucuresti\\\/cu-cat-cresc-pedepsele-pentru-cei-care-nu-respecta-carantina-si-care-sunt-noile-pedepse-pentru-infractiunile-de-fals-in-declaratii-sau-omiterea-de-date\\\/#breadcrumb\"},\"inLanguage\":\"en-GB\",\"potentialAction\":[{\"@type\":\"ReadAction\",\"target\":[\"https:\\\/\\\/buletin.de\\\/bucuresti\\\/cu-cat-cresc-pedepsele-pentru-cei-care-nu-respecta-carantina-si-care-sunt-noile-pedepse-pentru-infractiunile-de-fals-in-declaratii-sau-omiterea-de-date\\\/\"]}]},{\"@type\":\"ImageObject\",\"inLanguage\":\"en-GB\",\"@id\":\"https:\\\/\\\/buletin.de\\\/bucuresti\\\/cu-cat-cresc-pedepsele-pentru-cei-care-nu-respecta-carantina-si-care-sunt-noile-pedepse-pentru-infractiunile-de-fals-in-declaratii-sau-omiterea-de-date\\\/#primaryimage\",\"url\":\"https:\\\/\\\/buletin.de\\\/bucuresti\\\/wp-content\\\/uploads\\\/penitenciar-sursa-foto-FSANP.jpg\",\"contentUrl\":\"https:\\\/\\\/buletin.de\\\/bucuresti\\\/wp-content\\\/uploads\\\/penitenciar-sursa-foto-FSANP.jpg\",\"width\":1200,\"height\":630},{\"@type\":\"BreadcrumbList\",\"@id\":\"https:\\\/\\\/buletin.de\\\/bucuresti\\\/cu-cat-cresc-pedepsele-pentru-cei-care-nu-respecta-carantina-si-care-sunt-noile-pedepse-pentru-infractiunile-de-fals-in-declaratii-sau-omiterea-de-date\\\/#breadcrumb\",\"itemListElement\":[{\"@type\":\"ListItem\",\"position\":1,\"name\":\"Acas\u0103\",\"item\":\"https:\\\/\\\/buletin.de\\\/bucuresti\\\/\"},{\"@type\":\"ListItem\",\"position\":2,\"name\":\"Cu c\u00e2t cresc pedepsele pentru cei care nu respect\u0103 carantina \u0219i care sunt noile pedepse pentru infrac\u021biunile de fals \u00een declara\u021bii sau omiterea de date\"}]},{\"@type\":\"WebSite\",\"@id\":\"https:\\\/\\\/buletin.de\\\/bucuresti\\\/#website\",\"url\":\"https:\\\/\\\/buletin.de\\\/bucuresti\\\/\",\"name\":\"Buletin de Bucure\u0219ti\",\"description\":\"\u0218tiri \u0219i investiga\u021bii esen\u021biale din capital\u0103\",\"publisher\":{\"@id\":\"https:\\\/\\\/buletin.de\\\/bucuresti\\\/#organization\"},\"potentialAction\":[{\"@type\":\"SearchAction\",\"target\":{\"@type\":\"EntryPoint\",\"urlTemplate\":\"https:\\\/\\\/buletin.de\\\/bucuresti\\\/?s={search_term_string}\"},\"query-input\":{\"@type\":\"PropertyValueSpecification\",\"valueRequired\":true,\"valueName\":\"search_term_string\"}}],\"inLanguage\":\"en-GB\"},{\"@type\":\"Organization\",\"@id\":\"https:\\\/\\\/buletin.de\\\/bucuresti\\\/#organization\",\"name\":\"Buletin de Bucure\u0219ti\",\"url\":\"https:\\\/\\\/buletin.de\\\/bucuresti\\\/\",\"logo\":{\"@type\":\"ImageObject\",\"inLanguage\":\"en-GB\",\"@id\":\"https:\\\/\\\/buletin.de\\\/bucuresti\\\/#\\\/schema\\\/logo\\\/image\\\/\",\"url\":\"https:\\\/\\\/buletin.de\\\/bucuresti\\\/wp-content\\\/uploads\\\/logo-bdb-full-wide-vernil-transparent.png\",\"contentUrl\":\"https:\\\/\\\/buletin.de\\\/bucuresti\\\/wp-content\\\/uploads\\\/logo-bdb-full-wide-vernil-transparent.png\",\"width\":1782,\"height\":626,\"caption\":\"Buletin de Bucure\u0219ti\"},\"image\":{\"@id\":\"https:\\\/\\\/buletin.de\\\/bucuresti\\\/#\\\/schema\\\/logo\\\/image\\\/\"},\"sameAs\":[\"https:\\\/\\\/www.facebook.com\\\/buletin.de.buc\",\"https:\\\/\\\/www.instagram.com\\\/buletinde.bucuresti\\\/\"]},{\"@type\":\"Person\",\"@id\":\"https:\\\/\\\/buletin.de\\\/bucuresti\\\/#\\\/schema\\\/person\\\/491b46d206898645bf48e42ec8d16a4e\",\"name\":\"Cristina Sb\u00eern\",\"image\":{\"@type\":\"ImageObject\",\"inLanguage\":\"en-GB\",\"@id\":\"https:\\\/\\\/secure.gravatar.com\\\/avatar\\\/37e16dbd00976eec8a6ce30eadedf4377f2cf2504eadbf5ef401b703947010b3?s=96&d=monsterid&r=g1bf283f4b400adaebc79de5a891c6b20\",\"url\":\"https:\\\/\\\/secure.gravatar.com\\\/avatar\\\/37e16dbd00976eec8a6ce30eadedf4377f2cf2504eadbf5ef401b703947010b3?s=96&d=monsterid&r=g\",\"contentUrl\":\"https:\\\/\\\/secure.gravatar.com\\\/avatar\\\/37e16dbd00976eec8a6ce30eadedf4377f2cf2504eadbf5ef401b703947010b3?s=96&d=monsterid&r=g\",\"caption\":\"Cristina Sb\u00eern\"},\"description\":\"Reporter\",\"url\":\"https:\\\/\\\/buletin.de\\\/bucuresti\\\/author\\\/cristinasbirn\\\/\"}]}<\/script>\n<!-- \/ Yoast SEO Premium plugin. -->","yoast_head_json":{"title":"Cu c\u00e2t cresc pedepsele pentru cei care nu respect\u0103 carantina \u0219i care sunt noile pedepse pentru infrac\u021biunile de fals \u00een declara\u021bii sau omiterea de date - Buletin de Bucure\u0219ti","robots":{"index":"index","follow":"follow","max-snippet":"max-snippet:-1","max-image-preview":"max-image-preview:large","max-video-preview":"max-video-preview:-1"},"canonical":"https:\/\/buletin.de\/bucuresti\/cu-cat-cresc-pedepsele-pentru-cei-care-nu-respecta-carantina-si-care-sunt-noile-pedepse-pentru-infractiunile-de-fals-in-declaratii-sau-omiterea-de-date\/","og_locale":"en_GB","og_type":"article","og_title":"Cu c\u00e2t cresc pedepsele pentru cei care nu respect\u0103 carantina \u0219i care sunt noile pedepse pentru infrac\u021biunile de fals \u00een declara\u021bii sau omiterea de date","og_description":"Premierul Ludovic Orban a anun\u021bat, joi diminea\u021b\u0103, adoptarea unei o ordonan\u021be de urgen\u021b\u0103 de modificare a Codului Penal, prin care se \u00een\u0103spresc pedepselor pentru cei care comit fals \u00een declara\u021bii \u0219i nu nerespectarea carantina, f\u0103r\u0103 a da, \u00eens\u0103, detalii. Totodat\u0103, premierul a precizat c\u0103 devine infrac\u021biune \u0219i omiterea de date sau informa\u021biile \u00een contextul anchetei [&hellip;]","og_url":"https:\/\/buletin.de\/bucuresti\/cu-cat-cresc-pedepsele-pentru-cei-care-nu-respecta-carantina-si-care-sunt-noile-pedepse-pentru-infractiunile-de-fals-in-declaratii-sau-omiterea-de-date\/","og_site_name":"Buletin de Bucure\u0219ti","article_publisher":"https:\/\/www.facebook.com\/buletin.de.buc","article_published_time":"2020-03-19T11:06:39+00:00","article_modified_time":"2020-03-19T12:23:55+00:00","og_image":[{"width":1200,"height":630,"url":"https:\/\/buletin.de\/bucuresti\/wp-content\/uploads\/penitenciar-sursa-foto-FSANP.jpg","type":"image\/jpeg"}],"author":"Cristina Sb\u00eern","twitter_card":"summary_large_image","twitter_misc":{"Written by":"Cristina Sb\u00eern","Estimated reading time":"5 minutes"},"schema":{"@context":"https:\/\/schema.org","@graph":[{"@type":"Article","@id":"https:\/\/buletin.de\/bucuresti\/cu-cat-cresc-pedepsele-pentru-cei-care-nu-respecta-carantina-si-care-sunt-noile-pedepse-pentru-infractiunile-de-fals-in-declaratii-sau-omiterea-de-date\/#article","isPartOf":{"@id":"https:\/\/buletin.de\/bucuresti\/cu-cat-cresc-pedepsele-pentru-cei-care-nu-respecta-carantina-si-care-sunt-noile-pedepse-pentru-infractiunile-de-fals-in-declaratii-sau-omiterea-de-date\/"},"author":{"name":"Cristina Sb\u00eern","@id":"https:\/\/buletin.de\/bucuresti\/#\/schema\/person\/491b46d206898645bf48e42ec8d16a4e"},"headline":"Cu c\u00e2t cresc pedepsele pentru cei care nu respect\u0103 carantina \u0219i care sunt noile pedepse pentru infrac\u021biunile de fals \u00een declara\u021bii sau omiterea de date","datePublished":"2020-03-19T11:06:39+00:00","dateModified":"2020-03-19T12:23:55+00:00","mainEntityOfPage":{"@id":"https:\/\/buletin.de\/bucuresti\/cu-cat-cresc-pedepsele-pentru-cei-care-nu-respecta-carantina-si-care-sunt-noile-pedepse-pentru-infractiunile-de-fals-in-declaratii-sau-omiterea-de-date\/"},"wordCount":1022,"publisher":{"@id":"https:\/\/buletin.de\/bucuresti\/#organization"},"image":{"@id":"https:\/\/buletin.de\/bucuresti\/cu-cat-cresc-pedepsele-pentru-cei-care-nu-respecta-carantina-si-care-sunt-noile-pedepse-pentru-infractiunile-de-fals-in-declaratii-sau-omiterea-de-date\/#primaryimage"},"thumbnailUrl":"https:\/\/buletin.de\/bucuresti\/wp-content\/uploads\/penitenciar-sursa-foto-FSANP.jpg","articleSection":["\u0218tiri"],"inLanguage":"en-GB","copyrightYear":"2020","copyrightHolder":{"@id":"https:\/\/buletin.de\/bucuresti\/#organization"}},{"@type":"WebPage","@id":"https:\/\/buletin.de\/bucuresti\/cu-cat-cresc-pedepsele-pentru-cei-care-nu-respecta-carantina-si-care-sunt-noile-pedepse-pentru-infractiunile-de-fals-in-declaratii-sau-omiterea-de-date\/","url":"https:\/\/buletin.de\/bucuresti\/cu-cat-cresc-pedepsele-pentru-cei-care-nu-respecta-carantina-si-care-sunt-noile-pedepse-pentru-infractiunile-de-fals-in-declaratii-sau-omiterea-de-date\/","name":"Cu c\u00e2t cresc pedepsele pentru cei care nu respect\u0103 carantina \u0219i care sunt noile pedepse pentru infrac\u021biunile de fals \u00een declara\u021bii sau omiterea de date - Buletin de Bucure\u0219ti","isPartOf":{"@id":"https:\/\/buletin.de\/bucuresti\/#website"},"primaryImageOfPage":{"@id":"https:\/\/buletin.de\/bucuresti\/cu-cat-cresc-pedepsele-pentru-cei-care-nu-respecta-carantina-si-care-sunt-noile-pedepse-pentru-infractiunile-de-fals-in-declaratii-sau-omiterea-de-date\/#primaryimage"},"image":{"@id":"https:\/\/buletin.de\/bucuresti\/cu-cat-cresc-pedepsele-pentru-cei-care-nu-respecta-carantina-si-care-sunt-noile-pedepse-pentru-infractiunile-de-fals-in-declaratii-sau-omiterea-de-date\/#primaryimage"},"thumbnailUrl":"https:\/\/buletin.de\/bucuresti\/wp-content\/uploads\/penitenciar-sursa-foto-FSANP.jpg","datePublished":"2020-03-19T11:06:39+00:00","dateModified":"2020-03-19T12:23:55+00:00","breadcrumb":{"@id":"https:\/\/buletin.de\/bucuresti\/cu-cat-cresc-pedepsele-pentru-cei-care-nu-respecta-carantina-si-care-sunt-noile-pedepse-pentru-infractiunile-de-fals-in-declaratii-sau-omiterea-de-date\/#breadcrumb"},"inLanguage":"en-GB","potentialAction":[{"@type":"ReadAction","target":["https:\/\/buletin.de\/bucuresti\/cu-cat-cresc-pedepsele-pentru-cei-care-nu-respecta-carantina-si-care-sunt-noile-pedepse-pentru-infractiunile-de-fals-in-declaratii-sau-omiterea-de-date\/"]}]},{"@type":"ImageObject","inLanguage":"en-GB","@id":"https:\/\/buletin.de\/bucuresti\/cu-cat-cresc-pedepsele-pentru-cei-care-nu-respecta-carantina-si-care-sunt-noile-pedepse-pentru-infractiunile-de-fals-in-declaratii-sau-omiterea-de-date\/#primaryimage","url":"https:\/\/buletin.de\/bucuresti\/wp-content\/uploads\/penitenciar-sursa-foto-FSANP.jpg","contentUrl":"https:\/\/buletin.de\/bucuresti\/wp-content\/uploads\/penitenciar-sursa-foto-FSANP.jpg","width":1200,"height":630},{"@type":"BreadcrumbList","@id":"https:\/\/buletin.de\/bucuresti\/cu-cat-cresc-pedepsele-pentru-cei-care-nu-respecta-carantina-si-care-sunt-noile-pedepse-pentru-infractiunile-de-fals-in-declaratii-sau-omiterea-de-date\/#breadcrumb","itemListElement":[{"@type":"ListItem","position":1,"name":"Acas\u0103","item":"https:\/\/buletin.de\/bucuresti\/"},{"@type":"ListItem","position":2,"name":"Cu c\u00e2t cresc pedepsele pentru cei care nu respect\u0103 carantina \u0219i care sunt noile pedepse pentru infrac\u021biunile de fals \u00een declara\u021bii sau omiterea de date"}]},{"@type":"WebSite","@id":"https:\/\/buletin.de\/bucuresti\/#website","url":"https:\/\/buletin.de\/bucuresti\/","name":"Buletin de Bucure\u0219ti","description":"\u0218tiri \u0219i investiga\u021bii esen\u021biale din capital\u0103","publisher":{"@id":"https:\/\/buletin.de\/bucuresti\/#organization"},"potentialAction":[{"@type":"SearchAction","target":{"@type":"EntryPoint","urlTemplate":"https:\/\/buletin.de\/bucuresti\/?s={search_term_string}"},"query-input":{"@type":"PropertyValueSpecification","valueRequired":true,"valueName":"search_term_string"}}],"inLanguage":"en-GB"},{"@type":"Organization","@id":"https:\/\/buletin.de\/bucuresti\/#organization","name":"Buletin de Bucure\u0219ti","url":"https:\/\/buletin.de\/bucuresti\/","logo":{"@type":"ImageObject","inLanguage":"en-GB","@id":"https:\/\/buletin.de\/bucuresti\/#\/schema\/logo\/image\/","url":"https:\/\/buletin.de\/bucuresti\/wp-content\/uploads\/logo-bdb-full-wide-vernil-transparent.png","contentUrl":"https:\/\/buletin.de\/bucuresti\/wp-content\/uploads\/logo-bdb-full-wide-vernil-transparent.png","width":1782,"height":626,"caption":"Buletin de Bucure\u0219ti"},"image":{"@id":"https:\/\/buletin.de\/bucuresti\/#\/schema\/logo\/image\/"},"sameAs":["https:\/\/www.facebook.com\/buletin.de.buc","https:\/\/www.instagram.com\/buletinde.bucuresti\/"]},{"@type":"Person","@id":"https:\/\/buletin.de\/bucuresti\/#\/schema\/person\/491b46d206898645bf48e42ec8d16a4e","name":"Cristina Sb\u00eern","image":{"@type":"ImageObject","inLanguage":"en-GB","@id":"https:\/\/secure.gravatar.com\/avatar\/37e16dbd00976eec8a6ce30eadedf4377f2cf2504eadbf5ef401b703947010b3?s=96&d=monsterid&r=g1bf283f4b400adaebc79de5a891c6b20","url":"https:\/\/secure.gravatar.com\/avatar\/37e16dbd00976eec8a6ce30eadedf4377f2cf2504eadbf5ef401b703947010b3?s=96&d=monsterid&r=g","contentUrl":"https:\/\/secure.gravatar.com\/avatar\/37e16dbd00976eec8a6ce30eadedf4377f2cf2504eadbf5ef401b703947010b3?s=96&d=monsterid&r=g","caption":"Cristina Sb\u00eern"},"description":"Reporter","url":"https:\/\/buletin.de\/bucuresti\/author\/cristinasbirn\/"}]}},"authors":[{"term_id":22590,"user_id":11,"is_guest":0,"slug":"cristinasbirn","display_name":"Cristina Sb\u00eern","avatar_url":"https:\/\/secure.gravatar.com\/avatar\/37e16dbd00976eec8a6ce30eadedf4377f2cf2504eadbf5ef401b703947010b3?s=96&d=monsterid&r=g","0":null,"1":"","2":"","3":"","4":"","5":"","6":"","7":"","8":""}],"_links":{"self":[{"href":"https:\/\/buletin.de\/bucuresti\/wp-json\/wp\/v2\/posts\/4410","targetHints":{"allow":["GET"]}}],"collection":[{"href":"https:\/\/buletin.de\/bucuresti\/wp-json\/wp\/v2\/posts"}],"about":[{"href":"https:\/\/buletin.de\/bucuresti\/wp-json\/wp\/v2\/types\/post"}],"author":[{"embeddable":true,"href":"https:\/\/buletin.de\/bucuresti\/wp-json\/wp\/v2\/users\/11"}],"replies":[{"embeddable":true,"href":"https:\/\/buletin.de\/bucuresti\/wp-json\/wp\/v2\/comments?post=4410"}],"version-history":[{"count":6,"href":"https:\/\/buletin.de\/bucuresti\/wp-json\/wp\/v2\/posts\/4410\/revisions"}],"predecessor-version":[{"id":4425,"href":"https:\/\/buletin.de\/bucuresti\/wp-json\/wp\/v2\/posts\/4410\/revisions\/4425"}],"wp:featuredmedia":[{"embeddable":true,"href":"https:\/\/buletin.de\/bucuresti\/wp-json\/wp\/v2\/media\/4413"}],"wp:attachment":[{"href":"https:\/\/buletin.de\/bucuresti\/wp-json\/wp\/v2\/media?parent=4410"}],"wp:term":[{"taxonomy":"category","embeddable":true,"href":"https:\/\/buletin.de\/bucuresti\/wp-json\/wp\/v2\/categories?post=4410"},{"taxonomy":"post_tag","embeddable":true,"href":"https:\/\/buletin.de\/bucuresti\/wp-json\/wp\/v2\/tags?post=4410"},{"taxonomy":"author","embeddable":true,"href":"https:\/\/buletin.de\/bucuresti\/wp-json\/wp\/v2\/ppma_author?post=4410"}],"curies":[{"name":"wp","href":"https:\/\/api.w.org\/{rel}","templated":true}]}}