{"id":44098,"date":"2022-07-02T15:23:00","date_gmt":"2022-07-02T13:23:00","guid":{"rendered":"https:\/\/buletin.de\/bucuresti\/?p=44098"},"modified":"2022-07-08T16:38:56","modified_gmt":"2022-07-08T14:38:56","slug":"primul-pump-track-din-bucuresti-s-a-deschis-in-cartierul-brancusi","status":"publish","type":"post","link":"https:\/\/buletin.de\/bucuresti\/primul-pump-track-din-bucuresti-s-a-deschis-in-cartierul-brancusi\/","title":{"rendered":"Primul pump track din Bucure\u0219ti s-a deschis \u00een cartierul Br\u00e2ncu\u0219i"},"content":{"rendered":"\n<p class=\"has-pale-cyan-blue-background-color has-background\">S\u00e2mb\u0103t\u0103 a fost inaugurat\u0103 prima pist\u0103 de pump track din Bucure\u0219ti, \u00een cartierul Br\u00e2ncu\u0219i. Proiectul apar\u021bine Asocia\u021biei Zi de Bine \u0219i include piste cu forme \u0219i curbe pentru biciclete, skateboard-uri, role \u0219i trotinete.<\/p>\n\n\n\n<p>\u201eC\u0103ut\u0103m mereu solu\u021bii pentru ca toate grupele de v\u00e2rst\u0103 s\u0103 poat\u0103 petrece timp liber de calitate \u00een Sectorul 6.<\/p>\n\n\n\n<p>\u00cempreun\u0103 cu Asocia\u021bia #ZideBine si Melania Medeleanu am inaugurat o pist\u0103 #pumptrak \u00een cartierul Br\u00e2ncu\u0219i, spre bucuria tinerilor \u0219i celor mici.<\/p>\n\n\n\n<p>De fiecare dat\u0103 c\u00e2nd am fost pe str. Valea Larg\u0103 i-am v\u0103zut pe tinerii \u0219i copii din cartier cum \u00ee\u0219i imprivizaser\u0103 o astfel de pist\u0103 din p\u0103m\u00e2nt. C\u00e2nd ZideBine a avut aceast\u0103 ini\u021biativ\u0103 am \u0219tiut exact unde trebuie.\u00a0<\/p>\n\n\n\n<p>Acum c\u0103ut\u0103m solu\u021bii pentru a face locuri de petrecere a timpului liber \u0219i pentru tinerele fete, pentru adolescente, adaptate nevoilor lor. Dar vorba Melaniei: mai bine sa le \u00eentreb\u0103m direct ce fel de spa\u021bii i\u0219i doresc, iar noi le vom proiecta \u00een consecin\u021b\u0103\u201d, a scris Ciprian Ciucu, primarul Sectorului 6, pe pagina sa de Facebook.<\/p>\n\n\n\n<figure class=\"wp-block-gallery columns-3 is-cropped wp-block-gallery-1 is-layout-flex wp-block-gallery-is-layout-flex\"><ul class=\"blocks-gallery-grid\"><li class=\"blocks-gallery-item\"><figure><img fetchpriority=\"high\" decoding=\"async\" width=\"900\" height=\"599\" src=\"data:image\/gif;base64,R0lGODlhAQABAAAAACH5BAEKAAEALAAAAAABAAEAAAICTAEAOw==\" data-src=\"https:\/\/buletin.de\/bucuresti\/wp-content\/uploads\/parc-1-1-900x599.jpg\" alt=\"\" data-id=\"44099\" data-full-url=\"https:\/\/buletin.de\/bucuresti\/wp-content\/uploads\/parc-1-1.jpg\" data-link=\"https:\/\/buletin.de\/bucuresti\/?attachment_id=44099\" class=\"wp-image-44099 lazyload\" data-sizes=\"auto\" data-srcset=\"https:\/\/buletin.de\/bucuresti\/wp-content\/uploads\/parc-1-1-900x599.jpg 900w, https:\/\/buletin.de\/bucuresti\/wp-content\/uploads\/parc-1-1-300x200.jpg 300w, https:\/\/buletin.de\/bucuresti\/wp-content\/uploads\/parc-1-1-768x511.jpg 768w, https:\/\/buletin.de\/bucuresti\/wp-content\/uploads\/parc-1-1-1536x1022.jpg 1536w, https:\/\/buletin.de\/bucuresti\/wp-content\/uploads\/parc-1-1-1060x705.jpg 1060w, https:\/\/buletin.de\/bucuresti\/wp-content\/uploads\/parc-1-1-550x366.jpg 550w, https:\/\/buletin.de\/bucuresti\/wp-content\/uploads\/parc-1-1-751x500.jpg 751w, https:\/\/buletin.de\/bucuresti\/wp-content\/uploads\/parc-1-1-1920x1278.jpg 1920w, https:\/\/buletin.de\/bucuresti\/wp-content\/uploads\/parc-1-1-1623x1080.jpg 1623w, https:\/\/buletin.de\/bucuresti\/wp-content\/uploads\/parc-1-1-600x399.jpg 600w, https:\/\/buletin.de\/bucuresti\/wp-content\/uploads\/parc-1-1.jpg 2048w\" sizes=\"(max-width: 900px) 100vw, 900px\" \/><\/figure><\/li><li class=\"blocks-gallery-item\"><figure><img decoding=\"async\" width=\"900\" height=\"506\" src=\"data:image\/gif;base64,R0lGODlhAQABAAAAACH5BAEKAAEALAAAAAABAAEAAAICTAEAOw==\" data-src=\"https:\/\/buletin.de\/bucuresti\/wp-content\/uploads\/parc-main-1-900x506.jpg\" alt=\"\" data-id=\"44100\" data-full-url=\"https:\/\/buletin.de\/bucuresti\/wp-content\/uploads\/parc-main-1.jpg\" data-link=\"https:\/\/buletin.de\/bucuresti\/?attachment_id=44100\" class=\"wp-image-44100 lazyload\" data-sizes=\"auto\" data-srcset=\"https:\/\/buletin.de\/bucuresti\/wp-content\/uploads\/parc-main-1-900x506.jpg 900w, https:\/\/buletin.de\/bucuresti\/wp-content\/uploads\/parc-main-1-300x169.jpg 300w, https:\/\/buletin.de\/bucuresti\/wp-content\/uploads\/parc-main-1-768x432.jpg 768w, https:\/\/buletin.de\/bucuresti\/wp-content\/uploads\/parc-main-1-1536x864.jpg 1536w, https:\/\/buletin.de\/bucuresti\/wp-content\/uploads\/parc-main-1-1060x596.jpg 1060w, https:\/\/buletin.de\/bucuresti\/wp-content\/uploads\/parc-main-1-550x309.jpg 550w, https:\/\/buletin.de\/bucuresti\/wp-content\/uploads\/parc-main-1-889x500.jpg 889w, https:\/\/buletin.de\/bucuresti\/wp-content\/uploads\/parc-main-1-1920x1080.jpg 1920w, https:\/\/buletin.de\/bucuresti\/wp-content\/uploads\/parc-main-1-600x338.jpg 600w, https:\/\/buletin.de\/bucuresti\/wp-content\/uploads\/parc-main-1.jpg 2048w\" sizes=\"(max-width: 900px) 100vw, 900px\" \/><\/figure><\/li><li class=\"blocks-gallery-item\"><figure><img decoding=\"async\" width=\"900\" height=\"599\" src=\"data:image\/gif;base64,R0lGODlhAQABAAAAACH5BAEKAAEALAAAAAABAAEAAAICTAEAOw==\" data-src=\"https:\/\/buletin.de\/bucuresti\/wp-content\/uploads\/parc-main-900x599.jpg\" alt=\"\" data-id=\"44101\" data-full-url=\"https:\/\/buletin.de\/bucuresti\/wp-content\/uploads\/parc-main.jpg\" data-link=\"https:\/\/buletin.de\/bucuresti\/?attachment_id=44101\" class=\"wp-image-44101 lazyload\" data-sizes=\"auto\" data-srcset=\"https:\/\/buletin.de\/bucuresti\/wp-content\/uploads\/parc-main-900x599.jpg 900w, https:\/\/buletin.de\/bucuresti\/wp-content\/uploads\/parc-main-300x200.jpg 300w, https:\/\/buletin.de\/bucuresti\/wp-content\/uploads\/parc-main-768x511.jpg 768w, https:\/\/buletin.de\/bucuresti\/wp-content\/uploads\/parc-main-1536x1022.jpg 1536w, https:\/\/buletin.de\/bucuresti\/wp-content\/uploads\/parc-main-1060x705.jpg 1060w, https:\/\/buletin.de\/bucuresti\/wp-content\/uploads\/parc-main-550x366.jpg 550w, https:\/\/buletin.de\/bucuresti\/wp-content\/uploads\/parc-main-751x500.jpg 751w, https:\/\/buletin.de\/bucuresti\/wp-content\/uploads\/parc-main-1920x1278.jpg 1920w, https:\/\/buletin.de\/bucuresti\/wp-content\/uploads\/parc-main-1623x1080.jpg 1623w, https:\/\/buletin.de\/bucuresti\/wp-content\/uploads\/parc-main-600x399.jpg 600w, https:\/\/buletin.de\/bucuresti\/wp-content\/uploads\/parc-main.jpg 2048w\" sizes=\"(max-width: 900px) 100vw, 900px\" \/><\/figure><\/li><\/ul><figcaption class=\"blocks-gallery-caption\">sursa foto: Facebook \/ Ciprian Ciucu<\/figcaption><\/figure>\n","protected":false},"excerpt":{"rendered":"<p>S\u00e2mb\u0103t\u0103 a fost inaugurat\u0103 prima pist\u0103 de pump track din Bucure\u0219ti, \u00een cartierul Br\u00e2ncu\u0219i. Proiectul apar\u021bine Asocia\u021biei Zi de Bine \u0219i include piste cu forme \u0219i curbe pentru biciclete, skateboard-uri, role \u0219i trotinete. \u201eC\u0103ut\u0103m mereu solu\u021bii pentru ca toate grupele de v\u00e2rst\u0103 s\u0103 poat\u0103 petrece timp liber de calitate \u00een Sectorul 6. \u00cempreun\u0103 cu Asocia\u021bia [&hellip;]<\/p>\n","protected":false},"author":38,"featured_media":44100,"comment_status":"closed","ping_status":"open","sticky":false,"template":"","format":"standard","meta":{"_acf_changed":false,"inline_featured_image":false,"ngg_post_thumbnail":0,"footnotes":""},"categories":[62],"tags":[],"ppma_author":[22601],"class_list":["post-44098","post","type-post","status-publish","format-standard","has-post-thumbnail","hentry","category-stiri"],"acf":[],"yoast_head":"<!-- This site is optimized with the Yoast SEO Premium plugin v25.3 (Yoast SEO v27.5) - https:\/\/yoast.com\/product\/yoast-seo-premium-wordpress\/ -->\n<title>Primul pump track din Bucure\u0219ti s-a deschis \u00een cartierul Br\u00e2ncu\u0219i - Buletin de Bucure\u0219ti<\/title>\n<meta name=\"robots\" content=\"index, follow, max-snippet:-1, max-image-preview:large, max-video-preview:-1\" \/>\n<link rel=\"canonical\" href=\"https:\/\/buletin.de\/bucuresti\/primul-pump-track-din-bucuresti-s-a-deschis-in-cartierul-brancusi\/\" \/>\n<meta property=\"og:locale\" content=\"en_GB\" \/>\n<meta property=\"og:type\" content=\"article\" \/>\n<meta property=\"og:title\" content=\"Primul pump track din Bucure\u0219ti s-a deschis \u00een cartierul Br\u00e2ncu\u0219i\" \/>\n<meta property=\"og:description\" content=\"S\u00e2mb\u0103t\u0103 a fost inaugurat\u0103 prima pist\u0103 de pump track din Bucure\u0219ti, \u00een cartierul Br\u00e2ncu\u0219i. Proiectul apar\u021bine Asocia\u021biei Zi de Bine \u0219i include piste cu forme \u0219i curbe pentru biciclete, skateboard-uri, role \u0219i trotinete. \u201eC\u0103ut\u0103m mereu solu\u021bii pentru ca toate grupele de v\u00e2rst\u0103 s\u0103 poat\u0103 petrece timp liber de calitate \u00een Sectorul 6. \u00cempreun\u0103 cu Asocia\u021bia [&hellip;]\" \/>\n<meta property=\"og:url\" content=\"https:\/\/buletin.de\/bucuresti\/primul-pump-track-din-bucuresti-s-a-deschis-in-cartierul-brancusi\/\" \/>\n<meta property=\"og:site_name\" content=\"Buletin de Bucure\u0219ti\" \/>\n<meta property=\"article:publisher\" content=\"https:\/\/www.facebook.com\/buletin.de.buc\" \/>\n<meta property=\"article:published_time\" content=\"2022-07-02T13:23:00+00:00\" \/>\n<meta property=\"article:modified_time\" content=\"2022-07-08T14:38:56+00:00\" \/>\n<meta property=\"og:image\" content=\"https:\/\/buletin.de\/bucuresti\/wp-content\/uploads\/parc-main-1.jpg\" \/>\n\t<meta property=\"og:image:width\" content=\"2048\" \/>\n\t<meta property=\"og:image:height\" content=\"1152\" \/>\n\t<meta property=\"og:image:type\" content=\"image\/jpeg\" \/>\n<meta name=\"author\" content=\"Anamaria Nedelcoff\" \/>\n<meta name=\"twitter:card\" content=\"summary_large_image\" \/>\n<meta name=\"twitter:label1\" content=\"Written by\" \/>\n\t<meta name=\"twitter:data1\" content=\"Anamaria Nedelcoff\" \/>\n\t<meta name=\"twitter:label2\" content=\"Estimated reading time\" \/>\n\t<meta name=\"twitter:data2\" content=\"2 minutes\" \/>\n<script type=\"application\/ld+json\" class=\"yoast-schema-graph\">{\"@context\":\"https:\\\/\\\/schema.org\",\"@graph\":[{\"@type\":\"Article\",\"@id\":\"https:\\\/\\\/buletin.de\\\/bucuresti\\\/primul-pump-track-din-bucuresti-s-a-deschis-in-cartierul-brancusi\\\/#article\",\"isPartOf\":{\"@id\":\"https:\\\/\\\/buletin.de\\\/bucuresti\\\/primul-pump-track-din-bucuresti-s-a-deschis-in-cartierul-brancusi\\\/\"},\"author\":{\"name\":\"Anamaria Nedelcoff\",\"@id\":\"https:\\\/\\\/buletin.de\\\/bucuresti\\\/#\\\/schema\\\/person\\\/bfa22994f12f5d3353b170aca494f1f9\"},\"headline\":\"Primul pump track din Bucure\u0219ti s-a deschis \u00een cartierul Br\u00e2ncu\u0219i\",\"datePublished\":\"2022-07-02T13:23:00+00:00\",\"dateModified\":\"2022-07-08T14:38:56+00:00\",\"mainEntityOfPage\":{\"@id\":\"https:\\\/\\\/buletin.de\\\/bucuresti\\\/primul-pump-track-din-bucuresti-s-a-deschis-in-cartierul-brancusi\\\/\"},\"wordCount\":208,\"publisher\":{\"@id\":\"https:\\\/\\\/buletin.de\\\/bucuresti\\\/#organization\"},\"image\":{\"@id\":\"https:\\\/\\\/buletin.de\\\/bucuresti\\\/primul-pump-track-din-bucuresti-s-a-deschis-in-cartierul-brancusi\\\/#primaryimage\"},\"thumbnailUrl\":\"https:\\\/\\\/buletin.de\\\/bucuresti\\\/wp-content\\\/uploads\\\/parc-main-1.jpg\",\"articleSection\":[\"\u0218tiri\"],\"inLanguage\":\"en-GB\",\"copyrightYear\":\"2022\",\"copyrightHolder\":{\"@id\":\"https:\\\/\\\/buletin.de\\\/bucuresti\\\/#organization\"}},{\"@type\":\"WebPage\",\"@id\":\"https:\\\/\\\/buletin.de\\\/bucuresti\\\/primul-pump-track-din-bucuresti-s-a-deschis-in-cartierul-brancusi\\\/\",\"url\":\"https:\\\/\\\/buletin.de\\\/bucuresti\\\/primul-pump-track-din-bucuresti-s-a-deschis-in-cartierul-brancusi\\\/\",\"name\":\"Primul pump track din Bucure\u0219ti s-a deschis \u00een cartierul Br\u00e2ncu\u0219i - Buletin de Bucure\u0219ti\",\"isPartOf\":{\"@id\":\"https:\\\/\\\/buletin.de\\\/bucuresti\\\/#website\"},\"primaryImageOfPage\":{\"@id\":\"https:\\\/\\\/buletin.de\\\/bucuresti\\\/primul-pump-track-din-bucuresti-s-a-deschis-in-cartierul-brancusi\\\/#primaryimage\"},\"image\":{\"@id\":\"https:\\\/\\\/buletin.de\\\/bucuresti\\\/primul-pump-track-din-bucuresti-s-a-deschis-in-cartierul-brancusi\\\/#primaryimage\"},\"thumbnailUrl\":\"https:\\\/\\\/buletin.de\\\/bucuresti\\\/wp-content\\\/uploads\\\/parc-main-1.jpg\",\"datePublished\":\"2022-07-02T13:23:00+00:00\",\"dateModified\":\"2022-07-08T14:38:56+00:00\",\"breadcrumb\":{\"@id\":\"https:\\\/\\\/buletin.de\\\/bucuresti\\\/primul-pump-track-din-bucuresti-s-a-deschis-in-cartierul-brancusi\\\/#breadcrumb\"},\"inLanguage\":\"en-GB\",\"potentialAction\":[{\"@type\":\"ReadAction\",\"target\":[\"https:\\\/\\\/buletin.de\\\/bucuresti\\\/primul-pump-track-din-bucuresti-s-a-deschis-in-cartierul-brancusi\\\/\"]}]},{\"@type\":\"ImageObject\",\"inLanguage\":\"en-GB\",\"@id\":\"https:\\\/\\\/buletin.de\\\/bucuresti\\\/primul-pump-track-din-bucuresti-s-a-deschis-in-cartierul-brancusi\\\/#primaryimage\",\"url\":\"https:\\\/\\\/buletin.de\\\/bucuresti\\\/wp-content\\\/uploads\\\/parc-main-1.jpg\",\"contentUrl\":\"https:\\\/\\\/buletin.de\\\/bucuresti\\\/wp-content\\\/uploads\\\/parc-main-1.jpg\",\"width\":2048,\"height\":1152},{\"@type\":\"BreadcrumbList\",\"@id\":\"https:\\\/\\\/buletin.de\\\/bucuresti\\\/primul-pump-track-din-bucuresti-s-a-deschis-in-cartierul-brancusi\\\/#breadcrumb\",\"itemListElement\":[{\"@type\":\"ListItem\",\"position\":1,\"name\":\"Acas\u0103\",\"item\":\"https:\\\/\\\/buletin.de\\\/bucuresti\\\/\"},{\"@type\":\"ListItem\",\"position\":2,\"name\":\"Primul pump track din Bucure\u0219ti s-a deschis \u00een cartierul Br\u00e2ncu\u0219i\"}]},{\"@type\":\"WebSite\",\"@id\":\"https:\\\/\\\/buletin.de\\\/bucuresti\\\/#website\",\"url\":\"https:\\\/\\\/buletin.de\\\/bucuresti\\\/\",\"name\":\"Buletin de Bucure\u0219ti\",\"description\":\"\u0218tiri \u0219i investiga\u021bii esen\u021biale din capital\u0103\",\"publisher\":{\"@id\":\"https:\\\/\\\/buletin.de\\\/bucuresti\\\/#organization\"},\"potentialAction\":[{\"@type\":\"SearchAction\",\"target\":{\"@type\":\"EntryPoint\",\"urlTemplate\":\"https:\\\/\\\/buletin.de\\\/bucuresti\\\/?s={search_term_string}\"},\"query-input\":{\"@type\":\"PropertyValueSpecification\",\"valueRequired\":true,\"valueName\":\"search_term_string\"}}],\"inLanguage\":\"en-GB\"},{\"@type\":\"Organization\",\"@id\":\"https:\\\/\\\/buletin.de\\\/bucuresti\\\/#organization\",\"name\":\"Buletin de Bucure\u0219ti\",\"url\":\"https:\\\/\\\/buletin.de\\\/bucuresti\\\/\",\"logo\":{\"@type\":\"ImageObject\",\"inLanguage\":\"en-GB\",\"@id\":\"https:\\\/\\\/buletin.de\\\/bucuresti\\\/#\\\/schema\\\/logo\\\/image\\\/\",\"url\":\"https:\\\/\\\/buletin.de\\\/bucuresti\\\/wp-content\\\/uploads\\\/logo-bdb-full-wide-vernil-transparent.png\",\"contentUrl\":\"https:\\\/\\\/buletin.de\\\/bucuresti\\\/wp-content\\\/uploads\\\/logo-bdb-full-wide-vernil-transparent.png\",\"width\":1782,\"height\":626,\"caption\":\"Buletin de Bucure\u0219ti\"},\"image\":{\"@id\":\"https:\\\/\\\/buletin.de\\\/bucuresti\\\/#\\\/schema\\\/logo\\\/image\\\/\"},\"sameAs\":[\"https:\\\/\\\/www.facebook.com\\\/buletin.de.buc\",\"https:\\\/\\\/www.instagram.com\\\/buletinde.bucuresti\\\/\"]},{\"@type\":\"Person\",\"@id\":\"https:\\\/\\\/buletin.de\\\/bucuresti\\\/#\\\/schema\\\/person\\\/bfa22994f12f5d3353b170aca494f1f9\",\"name\":\"Anamaria Nedelcoff\",\"image\":{\"@type\":\"ImageObject\",\"inLanguage\":\"en-GB\",\"@id\":\"https:\\\/\\\/secure.gravatar.com\\\/avatar\\\/409df91a26b98006111557131cc35236962765b734317e1dcf94c6bc1d010629?s=96&d=monsterid&r=g9bc3ae6c8e1522e913d1a0debd6aec89\",\"url\":\"https:\\\/\\\/secure.gravatar.com\\\/avatar\\\/409df91a26b98006111557131cc35236962765b734317e1dcf94c6bc1d010629?s=96&d=monsterid&r=g\",\"contentUrl\":\"https:\\\/\\\/secure.gravatar.com\\\/avatar\\\/409df91a26b98006111557131cc35236962765b734317e1dcf94c6bc1d010629?s=96&d=monsterid&r=g\",\"caption\":\"Anamaria Nedelcoff\"},\"url\":\"https:\\\/\\\/buletin.de\\\/bucuresti\\\/author\\\/nedelcoff\\\/\"}]}<\/script>\n<!-- \/ Yoast SEO Premium plugin. -->","yoast_head_json":{"title":"Primul pump track din Bucure\u0219ti s-a deschis \u00een cartierul Br\u00e2ncu\u0219i - Buletin de Bucure\u0219ti","robots":{"index":"index","follow":"follow","max-snippet":"max-snippet:-1","max-image-preview":"max-image-preview:large","max-video-preview":"max-video-preview:-1"},"canonical":"https:\/\/buletin.de\/bucuresti\/primul-pump-track-din-bucuresti-s-a-deschis-in-cartierul-brancusi\/","og_locale":"en_GB","og_type":"article","og_title":"Primul pump track din Bucure\u0219ti s-a deschis \u00een cartierul Br\u00e2ncu\u0219i","og_description":"S\u00e2mb\u0103t\u0103 a fost inaugurat\u0103 prima pist\u0103 de pump track din Bucure\u0219ti, \u00een cartierul Br\u00e2ncu\u0219i. Proiectul apar\u021bine Asocia\u021biei Zi de Bine \u0219i include piste cu forme \u0219i curbe pentru biciclete, skateboard-uri, role \u0219i trotinete. \u201eC\u0103ut\u0103m mereu solu\u021bii pentru ca toate grupele de v\u00e2rst\u0103 s\u0103 poat\u0103 petrece timp liber de calitate \u00een Sectorul 6. \u00cempreun\u0103 cu Asocia\u021bia [&hellip;]","og_url":"https:\/\/buletin.de\/bucuresti\/primul-pump-track-din-bucuresti-s-a-deschis-in-cartierul-brancusi\/","og_site_name":"Buletin de Bucure\u0219ti","article_publisher":"https:\/\/www.facebook.com\/buletin.de.buc","article_published_time":"2022-07-02T13:23:00+00:00","article_modified_time":"2022-07-08T14:38:56+00:00","og_image":[{"width":2048,"height":1152,"url":"https:\/\/buletin.de\/bucuresti\/wp-content\/uploads\/parc-main-1.jpg","type":"image\/jpeg"}],"author":"Anamaria Nedelcoff","twitter_card":"summary_large_image","twitter_misc":{"Written by":"Anamaria Nedelcoff","Estimated reading time":"2 minutes"},"schema":{"@context":"https:\/\/schema.org","@graph":[{"@type":"Article","@id":"https:\/\/buletin.de\/bucuresti\/primul-pump-track-din-bucuresti-s-a-deschis-in-cartierul-brancusi\/#article","isPartOf":{"@id":"https:\/\/buletin.de\/bucuresti\/primul-pump-track-din-bucuresti-s-a-deschis-in-cartierul-brancusi\/"},"author":{"name":"Anamaria Nedelcoff","@id":"https:\/\/buletin.de\/bucuresti\/#\/schema\/person\/bfa22994f12f5d3353b170aca494f1f9"},"headline":"Primul pump track din Bucure\u0219ti s-a deschis \u00een cartierul Br\u00e2ncu\u0219i","datePublished":"2022-07-02T13:23:00+00:00","dateModified":"2022-07-08T14:38:56+00:00","mainEntityOfPage":{"@id":"https:\/\/buletin.de\/bucuresti\/primul-pump-track-din-bucuresti-s-a-deschis-in-cartierul-brancusi\/"},"wordCount":208,"publisher":{"@id":"https:\/\/buletin.de\/bucuresti\/#organization"},"image":{"@id":"https:\/\/buletin.de\/bucuresti\/primul-pump-track-din-bucuresti-s-a-deschis-in-cartierul-brancusi\/#primaryimage"},"thumbnailUrl":"https:\/\/buletin.de\/bucuresti\/wp-content\/uploads\/parc-main-1.jpg","articleSection":["\u0218tiri"],"inLanguage":"en-GB","copyrightYear":"2022","copyrightHolder":{"@id":"https:\/\/buletin.de\/bucuresti\/#organization"}},{"@type":"WebPage","@id":"https:\/\/buletin.de\/bucuresti\/primul-pump-track-din-bucuresti-s-a-deschis-in-cartierul-brancusi\/","url":"https:\/\/buletin.de\/bucuresti\/primul-pump-track-din-bucuresti-s-a-deschis-in-cartierul-brancusi\/","name":"Primul pump track din Bucure\u0219ti s-a deschis \u00een cartierul Br\u00e2ncu\u0219i - Buletin de Bucure\u0219ti","isPartOf":{"@id":"https:\/\/buletin.de\/bucuresti\/#website"},"primaryImageOfPage":{"@id":"https:\/\/buletin.de\/bucuresti\/primul-pump-track-din-bucuresti-s-a-deschis-in-cartierul-brancusi\/#primaryimage"},"image":{"@id":"https:\/\/buletin.de\/bucuresti\/primul-pump-track-din-bucuresti-s-a-deschis-in-cartierul-brancusi\/#primaryimage"},"thumbnailUrl":"https:\/\/buletin.de\/bucuresti\/wp-content\/uploads\/parc-main-1.jpg","datePublished":"2022-07-02T13:23:00+00:00","dateModified":"2022-07-08T14:38:56+00:00","breadcrumb":{"@id":"https:\/\/buletin.de\/bucuresti\/primul-pump-track-din-bucuresti-s-a-deschis-in-cartierul-brancusi\/#breadcrumb"},"inLanguage":"en-GB","potentialAction":[{"@type":"ReadAction","target":["https:\/\/buletin.de\/bucuresti\/primul-pump-track-din-bucuresti-s-a-deschis-in-cartierul-brancusi\/"]}]},{"@type":"ImageObject","inLanguage":"en-GB","@id":"https:\/\/buletin.de\/bucuresti\/primul-pump-track-din-bucuresti-s-a-deschis-in-cartierul-brancusi\/#primaryimage","url":"https:\/\/buletin.de\/bucuresti\/wp-content\/uploads\/parc-main-1.jpg","contentUrl":"https:\/\/buletin.de\/bucuresti\/wp-content\/uploads\/parc-main-1.jpg","width":2048,"height":1152},{"@type":"BreadcrumbList","@id":"https:\/\/buletin.de\/bucuresti\/primul-pump-track-din-bucuresti-s-a-deschis-in-cartierul-brancusi\/#breadcrumb","itemListElement":[{"@type":"ListItem","position":1,"name":"Acas\u0103","item":"https:\/\/buletin.de\/bucuresti\/"},{"@type":"ListItem","position":2,"name":"Primul pump track din Bucure\u0219ti s-a deschis \u00een cartierul Br\u00e2ncu\u0219i"}]},{"@type":"WebSite","@id":"https:\/\/buletin.de\/bucuresti\/#website","url":"https:\/\/buletin.de\/bucuresti\/","name":"Buletin de Bucure\u0219ti","description":"\u0218tiri \u0219i investiga\u021bii esen\u021biale din capital\u0103","publisher":{"@id":"https:\/\/buletin.de\/bucuresti\/#organization"},"potentialAction":[{"@type":"SearchAction","target":{"@type":"EntryPoint","urlTemplate":"https:\/\/buletin.de\/bucuresti\/?s={search_term_string}"},"query-input":{"@type":"PropertyValueSpecification","valueRequired":true,"valueName":"search_term_string"}}],"inLanguage":"en-GB"},{"@type":"Organization","@id":"https:\/\/buletin.de\/bucuresti\/#organization","name":"Buletin de Bucure\u0219ti","url":"https:\/\/buletin.de\/bucuresti\/","logo":{"@type":"ImageObject","inLanguage":"en-GB","@id":"https:\/\/buletin.de\/bucuresti\/#\/schema\/logo\/image\/","url":"https:\/\/buletin.de\/bucuresti\/wp-content\/uploads\/logo-bdb-full-wide-vernil-transparent.png","contentUrl":"https:\/\/buletin.de\/bucuresti\/wp-content\/uploads\/logo-bdb-full-wide-vernil-transparent.png","width":1782,"height":626,"caption":"Buletin de Bucure\u0219ti"},"image":{"@id":"https:\/\/buletin.de\/bucuresti\/#\/schema\/logo\/image\/"},"sameAs":["https:\/\/www.facebook.com\/buletin.de.buc","https:\/\/www.instagram.com\/buletinde.bucuresti\/"]},{"@type":"Person","@id":"https:\/\/buletin.de\/bucuresti\/#\/schema\/person\/bfa22994f12f5d3353b170aca494f1f9","name":"Anamaria Nedelcoff","image":{"@type":"ImageObject","inLanguage":"en-GB","@id":"https:\/\/secure.gravatar.com\/avatar\/409df91a26b98006111557131cc35236962765b734317e1dcf94c6bc1d010629?s=96&d=monsterid&r=g9bc3ae6c8e1522e913d1a0debd6aec89","url":"https:\/\/secure.gravatar.com\/avatar\/409df91a26b98006111557131cc35236962765b734317e1dcf94c6bc1d010629?s=96&d=monsterid&r=g","contentUrl":"https:\/\/secure.gravatar.com\/avatar\/409df91a26b98006111557131cc35236962765b734317e1dcf94c6bc1d010629?s=96&d=monsterid&r=g","caption":"Anamaria Nedelcoff"},"url":"https:\/\/buletin.de\/bucuresti\/author\/nedelcoff\/"}]}},"authors":[{"term_id":22601,"user_id":38,"is_guest":0,"slug":"nedelcoff","display_name":"Anamaria Nedelcoff","avatar_url":"https:\/\/secure.gravatar.com\/avatar\/409df91a26b98006111557131cc35236962765b734317e1dcf94c6bc1d010629?s=96&d=monsterid&r=g","0":null,"1":"","2":"","3":"","4":"","5":"","6":"","7":"","8":""}],"_links":{"self":[{"href":"https:\/\/buletin.de\/bucuresti\/wp-json\/wp\/v2\/posts\/44098","targetHints":{"allow":["GET"]}}],"collection":[{"href":"https:\/\/buletin.de\/bucuresti\/wp-json\/wp\/v2\/posts"}],"about":[{"href":"https:\/\/buletin.de\/bucuresti\/wp-json\/wp\/v2\/types\/post"}],"author":[{"embeddable":true,"href":"https:\/\/buletin.de\/bucuresti\/wp-json\/wp\/v2\/users\/38"}],"replies":[{"embeddable":true,"href":"https:\/\/buletin.de\/bucuresti\/wp-json\/wp\/v2\/comments?post=44098"}],"version-history":[{"count":3,"href":"https:\/\/buletin.de\/bucuresti\/wp-json\/wp\/v2\/posts\/44098\/revisions"}],"predecessor-version":[{"id":44440,"href":"https:\/\/buletin.de\/bucuresti\/wp-json\/wp\/v2\/posts\/44098\/revisions\/44440"}],"wp:featuredmedia":[{"embeddable":true,"href":"https:\/\/buletin.de\/bucuresti\/wp-json\/wp\/v2\/media\/44100"}],"wp:attachment":[{"href":"https:\/\/buletin.de\/bucuresti\/wp-json\/wp\/v2\/media?parent=44098"}],"wp:term":[{"taxonomy":"category","embeddable":true,"href":"https:\/\/buletin.de\/bucuresti\/wp-json\/wp\/v2\/categories?post=44098"},{"taxonomy":"post_tag","embeddable":true,"href":"https:\/\/buletin.de\/bucuresti\/wp-json\/wp\/v2\/tags?post=44098"},{"taxonomy":"author","embeddable":true,"href":"https:\/\/buletin.de\/bucuresti\/wp-json\/wp\/v2\/ppma_author?post=44098"}],"curies":[{"name":"wp","href":"https:\/\/api.w.org\/{rel}","templated":true}]}}