{"id":4404,"date":"2020-03-19T14:19:53","date_gmt":"2020-03-19T11:19:53","guid":{"rendered":"https:\/\/buletin.de\/bucuresti\/?p=4404"},"modified":"2020-03-19T14:19:53","modified_gmt":"2020-03-19T11:19:53","slug":"parlamentul-a-incuviintat-starea-de-urgenta","status":"publish","type":"post","link":"https:\/\/buletin.de\/bucuresti\/parlamentul-a-incuviintat-starea-de-urgenta\/","title":{"rendered":"Parlamentul a \u00eencuviin\u021bat starea de urgen\u021b\u0103"},"content":{"rendered":"\n<p><em>Starea de urgen\u021b\u0103 pe perioada de 30 de zile r\u0103m\u00e2ne \u00een vigoare. Parlamentarul a aprobat,  ast\u0103zi cu unanimitate de voturi<\/em>, <em>solicitarea Pre\u015fedintelui privind \u00eencuviin\u0163area st\u0103rii de urgen\u0163\u0103 pe teritoriul Rom\u00e2niei, instituit\u0103 prin Decretul nr.195\/2020. \u0218edin\u021b\u0103 de Plen  a fost sus\u021binut\u0103 online, pentru prima dat\u0103 \u00een Rom\u00e2nia<\/em>. <\/p>\n\n\n\n<p>Luni, 16 martie, Klaus Iohannis a instituit, prin <a href=\"https:\/\/buletin.de\/bucuresti\/klaus-iohannis-a-decretat-stare-de-urgenta-textul-decretului\/\">decret,<\/a> stare de urgen\u0163\u0103. Decizia a ap\u0103rut ca urmare a pandemiei de Covid-19. Conform art. 93 din Constitu\u021bie, Pre\u015fedintele Rom\u00e2niei solicit\u0103 Parlamentului \u00eencuviin\u0163area m\u0103surii adoptate \u00een cel mult 5 zile de la instituirea st\u0103rii de urgen\u021b\u0103.<\/p>\n\n\n\n<p>\u00cencep\u00e2nd de luni, dup\u0103 publicarea \u00een Monitorul Oficial, m\u0103surile \u0219i-au produs efectele, chiar dac\u0103 instituirea st\u0103rii de urgen\u021b\u0103 a fost aprobat\u0103 de c\u0103tre Parlament abia ast\u0103zi. Ce a aprobat de fapt Parlamentul? <strong>Parlamentul a \u00eencuviin\u021bat ast\u0103zi instituirea st\u0103rii de urgen\u021b\u0103, nu m\u0103surile concrete prev\u0103zute \u00een decret.<\/strong> De\u0219i nu se pot pronun\u021ba asupra m\u0103surilor concrete, grupurile parlamentare pot depune propuneri \u0219i sugestii pe care Guvernul le poate prelua \u00een viitor sub forma Ordonan\u021belor de Urgen\u021b\u0103. <\/p>\n\n\n\n<p><\/p>\n\n\n\n<p>Dezbaterile din cadrul \u0219edin\u021bei au avut loc prin sistemul de teleconferin\u0163\u0103 audio, iar interven\u021biile parlamentarilor au fost sus\u021binute prin conexiune telefonic\u0103 direct\u0103 cu sala de plen. Votul deputa\u021bilor \u0219i senatorilor s-au exercitat printr-o aplica\u021bie unde fiecare a avut acces la un user \u0219i o parol\u0103. <\/p>\n\n\n\n<p><\/p>\n","protected":false},"excerpt":{"rendered":"<p>Starea de urgen\u021b\u0103 pe perioada de 30 de zile r\u0103m\u00e2ne \u00een vigoare. Parlamentarul a aprobat, ast\u0103zi cu unanimitate de voturi, solicitarea Pre\u015fedintelui privind \u00eencuviin\u0163area st\u0103rii de urgen\u0163\u0103 pe teritoriul Rom\u00e2niei, instituit\u0103 prin Decretul nr.195\/2020. \u0218edin\u021b\u0103 de Plen a fost sus\u021binut\u0103 online, pentru prima dat\u0103 \u00een Rom\u00e2nia. Luni, 16 martie, Klaus Iohannis a instituit, prin decret, [&hellip;]<\/p>\n","protected":false},"author":6,"featured_media":4419,"comment_status":"closed","ping_status":"open","sticky":false,"template":"","format":"standard","meta":{"_acf_changed":false,"inline_featured_image":false,"ngg_post_thumbnail":0,"footnotes":""},"categories":[1],"tags":[],"ppma_author":[22588],"class_list":["post-4404","post","type-post","status-publish","format-standard","has-post-thumbnail","hentry","category-diverse"],"acf":[],"yoast_head":"<!-- This site is optimized with the Yoast SEO Premium plugin v25.3 (Yoast SEO v27.5) - https:\/\/yoast.com\/product\/yoast-seo-premium-wordpress\/ -->\n<title>Parlamentul a \u00eencuviin\u021bat starea de urgen\u021b\u0103 - Buletin de Bucure\u0219ti<\/title>\n<meta name=\"robots\" content=\"index, follow, max-snippet:-1, max-image-preview:large, max-video-preview:-1\" \/>\n<link rel=\"canonical\" href=\"https:\/\/buletin.de\/bucuresti\/parlamentul-a-incuviintat-starea-de-urgenta\/\" \/>\n<meta property=\"og:locale\" content=\"en_GB\" \/>\n<meta property=\"og:type\" content=\"article\" \/>\n<meta property=\"og:title\" content=\"Parlamentul a \u00eencuviin\u021bat starea de urgen\u021b\u0103\" \/>\n<meta property=\"og:description\" content=\"Starea de urgen\u021b\u0103 pe perioada de 30 de zile r\u0103m\u00e2ne \u00een vigoare. Parlamentarul a aprobat, ast\u0103zi cu unanimitate de voturi, solicitarea Pre\u015fedintelui privind \u00eencuviin\u0163area st\u0103rii de urgen\u0163\u0103 pe teritoriul Rom\u00e2niei, instituit\u0103 prin Decretul nr.195\/2020. \u0218edin\u021b\u0103 de Plen a fost sus\u021binut\u0103 online, pentru prima dat\u0103 \u00een Rom\u00e2nia. Luni, 16 martie, Klaus Iohannis a instituit, prin decret, [&hellip;]\" \/>\n<meta property=\"og:url\" content=\"https:\/\/buletin.de\/bucuresti\/parlamentul-a-incuviintat-starea-de-urgenta\/\" \/>\n<meta property=\"og:site_name\" content=\"Buletin de Bucure\u0219ti\" \/>\n<meta property=\"article:publisher\" content=\"https:\/\/www.facebook.com\/buletin.de.buc\" \/>\n<meta property=\"article:published_time\" content=\"2020-03-19T11:19:53+00:00\" \/>\n<meta property=\"og:image\" content=\"https:\/\/buletin.de\/bucuresti\/wp-content\/uploads\/download.jpg\" \/>\n\t<meta property=\"og:image:width\" content=\"1023\" \/>\n\t<meta property=\"og:image:height\" content=\"685\" \/>\n\t<meta property=\"og:image:type\" content=\"image\/jpeg\" \/>\n<meta name=\"author\" content=\"Bianca Albu\" \/>\n<meta name=\"twitter:card\" content=\"summary_large_image\" \/>\n<meta name=\"twitter:label1\" content=\"Written by\" \/>\n\t<meta name=\"twitter:data1\" content=\"Bianca Albu\" \/>\n\t<meta name=\"twitter:label2\" content=\"Estimated reading time\" \/>\n\t<meta name=\"twitter:data2\" content=\"1 minute\" \/>\n<script type=\"application\/ld+json\" class=\"yoast-schema-graph\">{\"@context\":\"https:\\\/\\\/schema.org\",\"@graph\":[{\"@type\":\"Article\",\"@id\":\"https:\\\/\\\/buletin.de\\\/bucuresti\\\/parlamentul-a-incuviintat-starea-de-urgenta\\\/#article\",\"isPartOf\":{\"@id\":\"https:\\\/\\\/buletin.de\\\/bucuresti\\\/parlamentul-a-incuviintat-starea-de-urgenta\\\/\"},\"author\":{\"name\":\"Bianca Albu\",\"@id\":\"https:\\\/\\\/buletin.de\\\/bucuresti\\\/#\\\/schema\\\/person\\\/295dc2228d2dc79294d636619468dc7f\"},\"headline\":\"Parlamentul a \u00eencuviin\u021bat starea de urgen\u021b\u0103\",\"datePublished\":\"2020-03-19T11:19:53+00:00\",\"mainEntityOfPage\":{\"@id\":\"https:\\\/\\\/buletin.de\\\/bucuresti\\\/parlamentul-a-incuviintat-starea-de-urgenta\\\/\"},\"wordCount\":247,\"publisher\":{\"@id\":\"https:\\\/\\\/buletin.de\\\/bucuresti\\\/#organization\"},\"image\":{\"@id\":\"https:\\\/\\\/buletin.de\\\/bucuresti\\\/parlamentul-a-incuviintat-starea-de-urgenta\\\/#primaryimage\"},\"thumbnailUrl\":\"https:\\\/\\\/buletin.de\\\/bucuresti\\\/wp-content\\\/uploads\\\/download.jpg\",\"articleSection\":[\"Diverse\"],\"inLanguage\":\"en-GB\",\"copyrightYear\":\"2020\",\"copyrightHolder\":{\"@id\":\"https:\\\/\\\/buletin.de\\\/bucuresti\\\/#organization\"}},{\"@type\":\"WebPage\",\"@id\":\"https:\\\/\\\/buletin.de\\\/bucuresti\\\/parlamentul-a-incuviintat-starea-de-urgenta\\\/\",\"url\":\"https:\\\/\\\/buletin.de\\\/bucuresti\\\/parlamentul-a-incuviintat-starea-de-urgenta\\\/\",\"name\":\"Parlamentul a \u00eencuviin\u021bat starea de urgen\u021b\u0103 - Buletin de Bucure\u0219ti\",\"isPartOf\":{\"@id\":\"https:\\\/\\\/buletin.de\\\/bucuresti\\\/#website\"},\"primaryImageOfPage\":{\"@id\":\"https:\\\/\\\/buletin.de\\\/bucuresti\\\/parlamentul-a-incuviintat-starea-de-urgenta\\\/#primaryimage\"},\"image\":{\"@id\":\"https:\\\/\\\/buletin.de\\\/bucuresti\\\/parlamentul-a-incuviintat-starea-de-urgenta\\\/#primaryimage\"},\"thumbnailUrl\":\"https:\\\/\\\/buletin.de\\\/bucuresti\\\/wp-content\\\/uploads\\\/download.jpg\",\"datePublished\":\"2020-03-19T11:19:53+00:00\",\"breadcrumb\":{\"@id\":\"https:\\\/\\\/buletin.de\\\/bucuresti\\\/parlamentul-a-incuviintat-starea-de-urgenta\\\/#breadcrumb\"},\"inLanguage\":\"en-GB\",\"potentialAction\":[{\"@type\":\"ReadAction\",\"target\":[\"https:\\\/\\\/buletin.de\\\/bucuresti\\\/parlamentul-a-incuviintat-starea-de-urgenta\\\/\"]}]},{\"@type\":\"ImageObject\",\"inLanguage\":\"en-GB\",\"@id\":\"https:\\\/\\\/buletin.de\\\/bucuresti\\\/parlamentul-a-incuviintat-starea-de-urgenta\\\/#primaryimage\",\"url\":\"https:\\\/\\\/buletin.de\\\/bucuresti\\\/wp-content\\\/uploads\\\/download.jpg\",\"contentUrl\":\"https:\\\/\\\/buletin.de\\\/bucuresti\\\/wp-content\\\/uploads\\\/download.jpg\",\"width\":1023,\"height\":685},{\"@type\":\"BreadcrumbList\",\"@id\":\"https:\\\/\\\/buletin.de\\\/bucuresti\\\/parlamentul-a-incuviintat-starea-de-urgenta\\\/#breadcrumb\",\"itemListElement\":[{\"@type\":\"ListItem\",\"position\":1,\"name\":\"Acas\u0103\",\"item\":\"https:\\\/\\\/buletin.de\\\/bucuresti\\\/\"},{\"@type\":\"ListItem\",\"position\":2,\"name\":\"Parlamentul a \u00eencuviin\u021bat starea de urgen\u021b\u0103\"}]},{\"@type\":\"WebSite\",\"@id\":\"https:\\\/\\\/buletin.de\\\/bucuresti\\\/#website\",\"url\":\"https:\\\/\\\/buletin.de\\\/bucuresti\\\/\",\"name\":\"Buletin de Bucure\u0219ti\",\"description\":\"\u0218tiri \u0219i investiga\u021bii esen\u021biale din capital\u0103\",\"publisher\":{\"@id\":\"https:\\\/\\\/buletin.de\\\/bucuresti\\\/#organization\"},\"potentialAction\":[{\"@type\":\"SearchAction\",\"target\":{\"@type\":\"EntryPoint\",\"urlTemplate\":\"https:\\\/\\\/buletin.de\\\/bucuresti\\\/?s={search_term_string}\"},\"query-input\":{\"@type\":\"PropertyValueSpecification\",\"valueRequired\":true,\"valueName\":\"search_term_string\"}}],\"inLanguage\":\"en-GB\"},{\"@type\":\"Organization\",\"@id\":\"https:\\\/\\\/buletin.de\\\/bucuresti\\\/#organization\",\"name\":\"Buletin de Bucure\u0219ti\",\"url\":\"https:\\\/\\\/buletin.de\\\/bucuresti\\\/\",\"logo\":{\"@type\":\"ImageObject\",\"inLanguage\":\"en-GB\",\"@id\":\"https:\\\/\\\/buletin.de\\\/bucuresti\\\/#\\\/schema\\\/logo\\\/image\\\/\",\"url\":\"https:\\\/\\\/buletin.de\\\/bucuresti\\\/wp-content\\\/uploads\\\/logo-bdb-full-wide-vernil-transparent.png\",\"contentUrl\":\"https:\\\/\\\/buletin.de\\\/bucuresti\\\/wp-content\\\/uploads\\\/logo-bdb-full-wide-vernil-transparent.png\",\"width\":1782,\"height\":626,\"caption\":\"Buletin de Bucure\u0219ti\"},\"image\":{\"@id\":\"https:\\\/\\\/buletin.de\\\/bucuresti\\\/#\\\/schema\\\/logo\\\/image\\\/\"},\"sameAs\":[\"https:\\\/\\\/www.facebook.com\\\/buletin.de.buc\",\"https:\\\/\\\/www.instagram.com\\\/buletinde.bucuresti\\\/\"]},{\"@type\":\"Person\",\"@id\":\"https:\\\/\\\/buletin.de\\\/bucuresti\\\/#\\\/schema\\\/person\\\/295dc2228d2dc79294d636619468dc7f\",\"name\":\"Bianca Albu\",\"image\":{\"@type\":\"ImageObject\",\"inLanguage\":\"en-GB\",\"@id\":\"https:\\\/\\\/secure.gravatar.com\\\/avatar\\\/3df2e34e20f529e6fd7be4311ee1f7c4ec4aa886971590baf6fa214b15743516?s=96&d=monsterid&r=gf541c715eeec409ce8101252a3c0d8a7\",\"url\":\"https:\\\/\\\/secure.gravatar.com\\\/avatar\\\/3df2e34e20f529e6fd7be4311ee1f7c4ec4aa886971590baf6fa214b15743516?s=96&d=monsterid&r=g\",\"contentUrl\":\"https:\\\/\\\/secure.gravatar.com\\\/avatar\\\/3df2e34e20f529e6fd7be4311ee1f7c4ec4aa886971590baf6fa214b15743516?s=96&d=monsterid&r=g\",\"caption\":\"Bianca Albu\"},\"description\":\"Reporter\",\"url\":\"https:\\\/\\\/buletin.de\\\/bucuresti\\\/author\\\/biancaalbu\\\/\"}]}<\/script>\n<!-- \/ Yoast SEO Premium plugin. -->","yoast_head_json":{"title":"Parlamentul a \u00eencuviin\u021bat starea de urgen\u021b\u0103 - Buletin de Bucure\u0219ti","robots":{"index":"index","follow":"follow","max-snippet":"max-snippet:-1","max-image-preview":"max-image-preview:large","max-video-preview":"max-video-preview:-1"},"canonical":"https:\/\/buletin.de\/bucuresti\/parlamentul-a-incuviintat-starea-de-urgenta\/","og_locale":"en_GB","og_type":"article","og_title":"Parlamentul a \u00eencuviin\u021bat starea de urgen\u021b\u0103","og_description":"Starea de urgen\u021b\u0103 pe perioada de 30 de zile r\u0103m\u00e2ne \u00een vigoare. Parlamentarul a aprobat, ast\u0103zi cu unanimitate de voturi, solicitarea Pre\u015fedintelui privind \u00eencuviin\u0163area st\u0103rii de urgen\u0163\u0103 pe teritoriul Rom\u00e2niei, instituit\u0103 prin Decretul nr.195\/2020. \u0218edin\u021b\u0103 de Plen a fost sus\u021binut\u0103 online, pentru prima dat\u0103 \u00een Rom\u00e2nia. Luni, 16 martie, Klaus Iohannis a instituit, prin decret, [&hellip;]","og_url":"https:\/\/buletin.de\/bucuresti\/parlamentul-a-incuviintat-starea-de-urgenta\/","og_site_name":"Buletin de Bucure\u0219ti","article_publisher":"https:\/\/www.facebook.com\/buletin.de.buc","article_published_time":"2020-03-19T11:19:53+00:00","og_image":[{"width":1023,"height":685,"url":"https:\/\/buletin.de\/bucuresti\/wp-content\/uploads\/download.jpg","type":"image\/jpeg"}],"author":"Bianca Albu","twitter_card":"summary_large_image","twitter_misc":{"Written by":"Bianca Albu","Estimated reading time":"1 minute"},"schema":{"@context":"https:\/\/schema.org","@graph":[{"@type":"Article","@id":"https:\/\/buletin.de\/bucuresti\/parlamentul-a-incuviintat-starea-de-urgenta\/#article","isPartOf":{"@id":"https:\/\/buletin.de\/bucuresti\/parlamentul-a-incuviintat-starea-de-urgenta\/"},"author":{"name":"Bianca Albu","@id":"https:\/\/buletin.de\/bucuresti\/#\/schema\/person\/295dc2228d2dc79294d636619468dc7f"},"headline":"Parlamentul a \u00eencuviin\u021bat starea de urgen\u021b\u0103","datePublished":"2020-03-19T11:19:53+00:00","mainEntityOfPage":{"@id":"https:\/\/buletin.de\/bucuresti\/parlamentul-a-incuviintat-starea-de-urgenta\/"},"wordCount":247,"publisher":{"@id":"https:\/\/buletin.de\/bucuresti\/#organization"},"image":{"@id":"https:\/\/buletin.de\/bucuresti\/parlamentul-a-incuviintat-starea-de-urgenta\/#primaryimage"},"thumbnailUrl":"https:\/\/buletin.de\/bucuresti\/wp-content\/uploads\/download.jpg","articleSection":["Diverse"],"inLanguage":"en-GB","copyrightYear":"2020","copyrightHolder":{"@id":"https:\/\/buletin.de\/bucuresti\/#organization"}},{"@type":"WebPage","@id":"https:\/\/buletin.de\/bucuresti\/parlamentul-a-incuviintat-starea-de-urgenta\/","url":"https:\/\/buletin.de\/bucuresti\/parlamentul-a-incuviintat-starea-de-urgenta\/","name":"Parlamentul a \u00eencuviin\u021bat starea de urgen\u021b\u0103 - Buletin de Bucure\u0219ti","isPartOf":{"@id":"https:\/\/buletin.de\/bucuresti\/#website"},"primaryImageOfPage":{"@id":"https:\/\/buletin.de\/bucuresti\/parlamentul-a-incuviintat-starea-de-urgenta\/#primaryimage"},"image":{"@id":"https:\/\/buletin.de\/bucuresti\/parlamentul-a-incuviintat-starea-de-urgenta\/#primaryimage"},"thumbnailUrl":"https:\/\/buletin.de\/bucuresti\/wp-content\/uploads\/download.jpg","datePublished":"2020-03-19T11:19:53+00:00","breadcrumb":{"@id":"https:\/\/buletin.de\/bucuresti\/parlamentul-a-incuviintat-starea-de-urgenta\/#breadcrumb"},"inLanguage":"en-GB","potentialAction":[{"@type":"ReadAction","target":["https:\/\/buletin.de\/bucuresti\/parlamentul-a-incuviintat-starea-de-urgenta\/"]}]},{"@type":"ImageObject","inLanguage":"en-GB","@id":"https:\/\/buletin.de\/bucuresti\/parlamentul-a-incuviintat-starea-de-urgenta\/#primaryimage","url":"https:\/\/buletin.de\/bucuresti\/wp-content\/uploads\/download.jpg","contentUrl":"https:\/\/buletin.de\/bucuresti\/wp-content\/uploads\/download.jpg","width":1023,"height":685},{"@type":"BreadcrumbList","@id":"https:\/\/buletin.de\/bucuresti\/parlamentul-a-incuviintat-starea-de-urgenta\/#breadcrumb","itemListElement":[{"@type":"ListItem","position":1,"name":"Acas\u0103","item":"https:\/\/buletin.de\/bucuresti\/"},{"@type":"ListItem","position":2,"name":"Parlamentul a \u00eencuviin\u021bat starea de urgen\u021b\u0103"}]},{"@type":"WebSite","@id":"https:\/\/buletin.de\/bucuresti\/#website","url":"https:\/\/buletin.de\/bucuresti\/","name":"Buletin de Bucure\u0219ti","description":"\u0218tiri \u0219i investiga\u021bii esen\u021biale din capital\u0103","publisher":{"@id":"https:\/\/buletin.de\/bucuresti\/#organization"},"potentialAction":[{"@type":"SearchAction","target":{"@type":"EntryPoint","urlTemplate":"https:\/\/buletin.de\/bucuresti\/?s={search_term_string}"},"query-input":{"@type":"PropertyValueSpecification","valueRequired":true,"valueName":"search_term_string"}}],"inLanguage":"en-GB"},{"@type":"Organization","@id":"https:\/\/buletin.de\/bucuresti\/#organization","name":"Buletin de Bucure\u0219ti","url":"https:\/\/buletin.de\/bucuresti\/","logo":{"@type":"ImageObject","inLanguage":"en-GB","@id":"https:\/\/buletin.de\/bucuresti\/#\/schema\/logo\/image\/","url":"https:\/\/buletin.de\/bucuresti\/wp-content\/uploads\/logo-bdb-full-wide-vernil-transparent.png","contentUrl":"https:\/\/buletin.de\/bucuresti\/wp-content\/uploads\/logo-bdb-full-wide-vernil-transparent.png","width":1782,"height":626,"caption":"Buletin de Bucure\u0219ti"},"image":{"@id":"https:\/\/buletin.de\/bucuresti\/#\/schema\/logo\/image\/"},"sameAs":["https:\/\/www.facebook.com\/buletin.de.buc","https:\/\/www.instagram.com\/buletinde.bucuresti\/"]},{"@type":"Person","@id":"https:\/\/buletin.de\/bucuresti\/#\/schema\/person\/295dc2228d2dc79294d636619468dc7f","name":"Bianca Albu","image":{"@type":"ImageObject","inLanguage":"en-GB","@id":"https:\/\/secure.gravatar.com\/avatar\/3df2e34e20f529e6fd7be4311ee1f7c4ec4aa886971590baf6fa214b15743516?s=96&d=monsterid&r=gf541c715eeec409ce8101252a3c0d8a7","url":"https:\/\/secure.gravatar.com\/avatar\/3df2e34e20f529e6fd7be4311ee1f7c4ec4aa886971590baf6fa214b15743516?s=96&d=monsterid&r=g","contentUrl":"https:\/\/secure.gravatar.com\/avatar\/3df2e34e20f529e6fd7be4311ee1f7c4ec4aa886971590baf6fa214b15743516?s=96&d=monsterid&r=g","caption":"Bianca Albu"},"description":"Reporter","url":"https:\/\/buletin.de\/bucuresti\/author\/biancaalbu\/"}]}},"authors":[{"term_id":22588,"user_id":6,"is_guest":0,"slug":"biancaalbu","display_name":"Bianca Albu","avatar_url":"https:\/\/secure.gravatar.com\/avatar\/3df2e34e20f529e6fd7be4311ee1f7c4ec4aa886971590baf6fa214b15743516?s=96&d=monsterid&r=g","0":null,"1":"","2":"","3":"","4":"","5":"","6":"","7":"","8":""}],"_links":{"self":[{"href":"https:\/\/buletin.de\/bucuresti\/wp-json\/wp\/v2\/posts\/4404","targetHints":{"allow":["GET"]}}],"collection":[{"href":"https:\/\/buletin.de\/bucuresti\/wp-json\/wp\/v2\/posts"}],"about":[{"href":"https:\/\/buletin.de\/bucuresti\/wp-json\/wp\/v2\/types\/post"}],"author":[{"embeddable":true,"href":"https:\/\/buletin.de\/bucuresti\/wp-json\/wp\/v2\/users\/6"}],"replies":[{"embeddable":true,"href":"https:\/\/buletin.de\/bucuresti\/wp-json\/wp\/v2\/comments?post=4404"}],"version-history":[{"count":3,"href":"https:\/\/buletin.de\/bucuresti\/wp-json\/wp\/v2\/posts\/4404\/revisions"}],"predecessor-version":[{"id":4421,"href":"https:\/\/buletin.de\/bucuresti\/wp-json\/wp\/v2\/posts\/4404\/revisions\/4421"}],"wp:featuredmedia":[{"embeddable":true,"href":"https:\/\/buletin.de\/bucuresti\/wp-json\/wp\/v2\/media\/4419"}],"wp:attachment":[{"href":"https:\/\/buletin.de\/bucuresti\/wp-json\/wp\/v2\/media?parent=4404"}],"wp:term":[{"taxonomy":"category","embeddable":true,"href":"https:\/\/buletin.de\/bucuresti\/wp-json\/wp\/v2\/categories?post=4404"},{"taxonomy":"post_tag","embeddable":true,"href":"https:\/\/buletin.de\/bucuresti\/wp-json\/wp\/v2\/tags?post=4404"},{"taxonomy":"author","embeddable":true,"href":"https:\/\/buletin.de\/bucuresti\/wp-json\/wp\/v2\/ppma_author?post=4404"}],"curies":[{"name":"wp","href":"https:\/\/api.w.org\/{rel}","templated":true}]}}