{"id":4400,"date":"2020-03-19T12:20:13","date_gmt":"2020-03-19T09:20:13","guid":{"rendered":"https:\/\/buletin.de\/bucuresti\/?p=4400"},"modified":"2020-03-19T15:16:46","modified_gmt":"2020-03-19T12:16:46","slug":"guvernul-a-decis-majorarea-pedepselor-pentru-falsul-in-declaratii-includerea-omiterii-de-date-in-cazul-anchetei-epidemiologice-in-randul-infractiunilor-si-deschiderea-de-dosar-penal-pentru-cei-care-n","status":"publish","type":"post","link":"https:\/\/buletin.de\/bucuresti\/guvernul-a-decis-majorarea-pedepselor-pentru-falsul-in-declaratii-includerea-omiterii-de-date-in-cazul-anchetei-epidemiologice-in-randul-infractiunilor-si-deschiderea-de-dosar-penal-pentru-cei-care-n\/","title":{"rendered":"UPDATE Guvernul a luat m\u0103suri pentru sprijinirea mediului de afaceri \u0219i a angaja\u021bilor"},"content":{"rendered":"\n<p>Guvernul a luat decizia \u00een \u0219edin\u021ba care a avut loc miercuri suplimentarea a bugetelor Ministerului S\u0103n\u0103t\u0103\u021bii (+42 milioane lei) pentru sus\u021binerea centrelor de carantin\u0103 prin DSP \u0219i Ministerului de Interne (+100 milioane lei). Premierul Ludovic Orban a precizat c\u0103 s-a asigurat \u0219i capital de lucru pentru Unifarm \u00een vederea realiz\u0103rii de achizi\u021bii pentru sus\u021binerea activit\u0103\u021bii MS, DSP etc. <\/p>\n\n\n\n<p>Executivul a adoptat \u0219i o serie de m\u0103suri care sunt menite a sprijini mediul de afaceri \u0219i angaja\u021bii din sectoarele a c\u0103ror activitate a avut de suferit ca urmare a epidemiei de coronavirus. Buletin de Bucure\u0219ti a scris despre o parte dintre ele <a href=\"https:\/\/buletin.de\/bucuresti\/covid-19-guvernul-orban-credite-cu-dobanda-subventionata-pana-la-100-pentru-imm-urile-afectate-de-coronavirus-si-500-de-milioane-pentru-ca-unifarm-sa-cumpere-echipamente-medicale\/\">aici<\/a>. M\u0103surile anun\u021bate de premier joi diminea\u021b\u0103 sunt: <\/p>\n\n\n\n<ul class=\"wp-block-list\"><li>A fost majorat plafonul de garantare a creditelor pentru IMM-uri prin intermediul Fondului de garantare. \u201eMajorarea plafonului am putut s\u0103 o facem \u00een prim\u0103 faz\u0103 cu 5 miliarde de lei. Suntem preg\u0103ti\u021bi s\u0103 \u00eel mai major\u0103m cu \u00eenc\u0103 5 miliarde de lei dac\u0103 este necesar \u0219i dac\u0103 va fi necesar s\u0103 ne ducem p\u00e2n\u0103 la o majorare cu 15 miliarde de lei. Garant\u0103m credite pentru investi\u021bii \u0219i pentru asigurarea capitalului de lucru. Dob\u00e2nda este subven\u021bionat\u0103 \u00een propor\u021bie de 100% (de la momentul acord\u0103rii creditului p\u00e2n\u0103 la data de 31 martie 2021, n.red.). De asemenea, garan\u021bia func\u021bioneaz\u0103 pentru 90% din credite \u00een cazul creditelor de p\u00e2n\u0103 \u00eentr-un milion de lei \u0219i garan\u021bia va fi de 80% pentru creditele de peste un milion\u201d, a precizat premierul Ludovic Orban. <\/li><\/ul>\n\n\n\n<p>Potrivit Ministerului de Finan\u021be, valoarea maxim\u0103 a creditelor\/liniilor de credit pentru finan\u021barea capitalului de lucru acordate unui beneficiar nu poate dep\u0103\u0219i media cheltuielilor aferente capitalului de lucru din ultimii doi ani fiscali, \u00een limita a 5 milioane lei. Pentru creditele de investi\u021bii, valoarea maxim\u0103 a finan\u021b\u0103rii este de 10 milioane de lei. Totodat\u0103, valoarea maxim\u0103 cumulat\u0103 a finan\u021b\u0103rilor garantate de stat care pot fi acordate unui beneficiar \u00een cadrul acestei facilit\u0103\u021bi este de 10 milioane lei.<\/p>\n\n\n\n<p>Pentru micro\u00eentreprinderi sau \u00eentreprinderi mici, valoarea maxim\u0103 a finan\u021b\u0103rilor va fi de 500.000 lei pentru micro\u00eentreprinderi \u0219i de 1 milion de lei pentru \u00eentreprinderile mici.<\/p>\n\n\n\n<p>Perioada de garantare a creditelor\/liniilor de credit pentru capital de lucru va fi de 36 de luni cu posibilitatea prelungirii cu 36 de luni. Pentru creditele de investi\u021bii a fost men\u021binut\u0103 perioada de 120 de luni. <\/p>\n\n\n\n<ul class=\"wp-block-list\"><li>Asigurarea ramburs\u0103rii TVA p\u00e2n\u0103 \u00een limita sumei de 9 miliarde de lei pentru ca firmele s\u0103 aib\u0103 capitalul necesar pentru func\u021bionare. <\/li><li>Guvernul a decis s\u0103 se suspende sau s\u0103 nu \u00eenceap\u0103 m\u0103surile de executare silit\u0103 prin poprire a persoanelor fizice, cu excep\u021bia execut\u0103rilor silite care se aplic\u0103 pentru recuperarea crean\u021belor bugetare stabilite prin hot\u0103r\u00e2ri judec\u0103tore\u0219ti pronun\u021bate \u00een materie penal\u0103. <\/li><li>Pe perioada st\u0103rii de urgen\u021b\u0103, pentru obliga\u021biile fiscale scadente \u00eencep\u00e2nd cu data intr\u0103rii \u00een vigoare a ordonan\u021bei de urgen\u021b\u0103 \u0219i neachitate p\u00e2n\u0103 la \u00eencetarea m\u0103surilor prev\u0103zute de starea de urgen\u021b\u0103 nu se calculeaz\u0103 \u0219i nu se datoreaz\u0103 dob\u00e2nzi \u0219i penalit\u0103\u021bi de \u00eent\u00e2rziere conform Codului de procedur\u0103 fiscal\u0103. Aceast\u0103 facilitate va fi men\u021binut\u0103 pentru \u00eenc\u0103 30 de zile de la \u00eencetarea st\u0103rii de urgen\u021b\u0103.<\/li><li>Guvernul a decis \u0219i prorogarea termenului de plat\u0103 pentru impozitul pe cl\u0103diri, impozitul pe teren, respectiv impozitul pe mijloacele de transport de la 31 martie 2020 la 30 iunie 2020, perioad\u0103 \u00een care se vor primi \u00een continuare bonifica\u021biile stabilite de consiliile locale.<\/li><\/ul>\n\n\n\n<p>\u00cen acest fel, contribuabilii sunt eligibili s\u0103\nparticipe, de exemplu, la procedurile de achizi\u021biile publice derulate \u00een aceast\u0103\nperioad\u0103 sau s\u0103 nu li se anuleze diverse autoriza\u021bii.<\/p>\n\n\n\n<ul class=\"wp-block-list\"><li>La rectificarea bugetar\u0103 va fi asigurat\u0103 \u00a0cre\u0219terea bugetului alocat pentru decontarea concediilor medicale. Potrivit primului ministru la preluarea guvern\u0103rii erau \u00eent\u00e2rzieri la plat\u0103 \u0219i de un an de zile. <\/li><li>Asigurarea pl\u0103\u021bii somajului tehnic, plata angaja\u021bilor care intr\u0103 \u00een \u0219omaj tehnic din bugetul Ministerului Muncii prin intermediul ANOFM prin bugetul de \u0219omaj. \u201eAm luat aceast\u0103 decizie pentru c\u0103 foarte multe companii sunt afectate direct sau indirect de epidemie \u0219i multe companii nu au veniturile necesare pentru a asigura pata salariilor angaja\u021bilor \u0219i exista riscul ca angaja\u021bii s\u0103 fie trimi\u0219i \u00een \u0219omaj sau s\u0103 fie da\u021bi afar\u0103 sau s\u0103 li se suspende contractele de munc\u0103\u201d, a declarat premierul \u00eentr-o videoconferin\u021b\u0103 joi diminea\u021ba. <\/li><\/ul>\n\n\n\n<p>Nivelul indemniza\u021biei va fi de minimum 75% din salariul de baz\u0103 corespunz\u0103tor locului de munc\u0103 ocupat pl\u0103tit din fondul de salarii, dar nu mai mult de 75% din c\u00e2\u0219tigul salarial mediu brut. Vor beneficia de aceast\u0103 m\u0103sur\u0103 at\u00e2t companiile a c\u0103ror activitate a avut direct de suferit ca urmare a m\u0103surilor restructive impuse de Guvern pentru a \u00eencetini r\u0103sp\u00e2ndirea virusului, precum hotelurile, barurile, restaurantele etc, dar \u0219i companiile care au fost afectate indirect. Acestea vor trebui s\u0103 depun\u0103 o declara\u021bie pe propria r\u0103spundere c\u0103 le-au sc\u0103zut veniturile, cifra de afaceri, cu un procent de minim 25%.  <\/p>\n\n\n\n<p> Angajatorii pot beneficia de plata indemniza\u021biei prev\u0103zut\u0103 pentru cel mult 75% dintre angaja\u021bii care au contracte individuale de munc\u0103 active la data intr\u0103rii \u00een vigoare a OUG adoptat\u0103 de Guvern \u00een \u0219edin\u021ba de miercuri. <\/p>\n\n\n\n<p>Potrivit Ministerului Muncii,\u00a0po\u0219ta electronic\u0103 devine principalul mijloc de comunicare \u00eentre cet\u0103\u021bean \u0219i autoritatea administra\u021biei publice centrale sau locale, \u00een vederea stabilirii drepturilor la beneficiile de asisten\u021b\u0103 social\u0103.<\/p>\n\n\n\n<p>Pot fi solicitate prin po\u0219t\u0103 electronic\u0103: ajutorul social, aloca\u0163ia pentru sus\u0163inerea familiei, aloca\u0163ia de stat pentru copii, drepturile acordate \u00een baza Ordonan\u0163ei de urgen\u0163\u0103 a Guvernului nr. 111\/2010 privind concediul \u015fi indemniza\u0163ia lunar\u0103 pentru cre\u015fterea copiilor, aloca\u0163ia lunar\u0103 de plasament, drepturile acordate \u00een procedura adop\u0163iei, ajutorul pentru \u00eenc\u0103lzirea locuin\u0163ei, indemniza\u0163ia lunar\u0103 de hran\u0103 acordat\u0103 \u00een baza Legii nr. 584\/2002 privind m\u0103surile de prevenire a r\u0103sp\u00e2ndirii maladiei SIDA \u00een Rom\u00e2nia.<\/p>\n\n\n\n<p>De asemenea, pe perioada st\u0103rii de urgen\u021b\u0103 pot fi depuse prin po\u0219t\u0103 electronic\u0103 \u0219i cererile \u0219i documentele doveditoare pentru stabilirea \u015fi plata,   drepturilor b\u0103ne\u015fti ce se suport\u0103 din bugetul asigur\u0103rilor pentru \u015fomaj, precum \u015fi din Fondul de garantare pentru plata crean\u0163elor salariale.<\/p>\n\n\n\n<p>Alte declara\u021bii ale premierului Ludovic Orban: <\/p>\n\n\n\n<ul class=\"wp-block-list\"><li>Am solicitat ministerului de interne s\u0103 ia m\u0103suri energice pentru respectarea carantinei, inclusiv prin echipe mobile de jandarmi. <\/li><li>Preg\u0103tirea spitalelor reprezint\u0103 un alt obiectiv major pentru a avea capacitatea de tratare \u00een condi\u021bii bune pentru un num\u0103r mare de bolnavi. <\/li><li>Repet din nou afirma\u021bia: stocurile existente prin lege care ar fi trebuit asigurate pentru a fi preg\u0103ti\u021bi pentru combaterea unei epidemii erau zero. Am f\u0103cut achizi\u021bii pentru a acoperi inexisten\u021ba stocurilor. <\/li><li>Au \u00eenceput s\u0103 vin\u0103 diferite categorii de produse \u00eencetul cu \u00eencetul. Vom dezvolta capacit\u0103\u021bi de produc\u021bie \u00een Rom\u00e2nia \u0219i vom sus\u021bine companiile care au capacitatea efectiv\u0103 de a realiza aceste produse. <\/li><li>Fac din nou apel la calm \u0219i ra\u021biune. V\u0103 cer s\u0103 urm\u0103ri\u021bi informa\u021biile oficiale, nu v\u0103 mai l\u0103sa\u021bi prad\u0103 informa\u021biilor de pe diferite canale care nu au alt scop dec\u00e2t s\u0103 induc\u0103 o stare de panic\u0103, s\u0103 genereze spaim\u0103. Vom lua m\u0103suri c\u00e2nd vom identifica surse de fake news. <\/li><li>Guvernul este \u00eentr-o colaborare constant\u0103 cu pre\u0219edintele Rom\u00e2niei. Ne consult\u0103m cu pre\u0219edintele. V\u0103 doresc s\u0103n\u0103tate, respecta\u021bi toate recomand\u0103rile pentru a v\u0103 feri de contaminarea cu virus \u0219i urm\u0103ri\u021bi informa\u021biile oficiale.<\/li><\/ul>\n\n\n\n<p>Potrivit Ministerului Fondurilor Europene, Rom\u00e2nia beneficiaz\u0103 de aloc\u0103ri importante de bani de la Bruxelles pentru spijnirea mediului de afaceri \u0219i pentru achizi\u021bia de echipament medical. <\/p>\n\n\n\n<p>\u201ePentru plata angaja\u021bilor afla\u021bi \u00een \u0219omaj tehnic conform legisla\u021biei, Ministerul Fondurilor Europene deconteaz\u0103 300 de milioane de euro, echivalentul a aproximativ 620.000 de salarii. Vor fi sus\u021binute astfel firmele din sectoarele economice care \u00eent\u00e2mpin\u0103 dificult\u0103\u021bi precum turism, transporturi sau alimenta\u021bie public\u0103 \u0219i import-export. Fondurile europene vor fi accesate de c\u0103tre Agen\u021bia Na\u021bional\u0103 pentru Ocuparea For\u021bei de Munc\u0103 (ANOFM) din subordinea Ministerului Muncii, urm\u00e2nd ca aceast\u0103 institu\u021bie s\u0103 ofere sprijinul financiar angaja\u021bilor care intr\u0103 \u00een \u0219omaj tehnic\u201d, se arat\u0103 \u00eentr-un comunicat de pres\u0103 al instituiei. <\/p>\n\n\n\n<p>Pentru s\u0103n\u0103tate sunt alocate alte 350 de milioane de euro necesari serviciilor medicale, inclusiv achizi\u021bion\u0103rii de teste pentru depistarea COVID-19, dar \u0219i echipamentelor de protec\u021bie \u0219i aparaturii de ventilare mecanic\u0103. Bani europeni vor fi folosi\u021bi \u0219i pentru a cump\u0103ra hran\u0103 pentru miile de persoane aflate \u00een carantin\u0103. <\/p>\n\n\n\n<p>\u201eSuplimentar, echipa dedicat\u0103 implement\u0103rii acestor m\u0103suri constituit\u0103 \u00een Ministerul Fondurilor Europene depune toate eforturile pentru urgentarea aprob\u0103rii p\u00e2n\u0103 la sf\u00e2r\u0219itul lunii martie a proiectelor depuse de Inspectoratul General pentru Situa\u021bii de Urgen\u021b\u0103. Alte 682 de milioane de euro, cea mai mare finan\u021bare primit\u0103 p\u00e2n\u0103 \u00een prezent de IGSU, vor fi alocate m\u0103surilor de combatere a r\u0103sp\u00e2ndirii virusului COVID-19\u201d, a declarat ministrul Marcel Bolo\u0219.<\/p>\n\n\n\n<p>Ministerul Fondurilor Europene a solicitat Comisiei Europene \u0219i adoptarea de urgen\u021b\u0103 a unui pachet integrat de m\u0103suri, care va permite sprijinirea economiei \u0219i a absorb\u021biei de fonduri europene, \u00een special \u00een perioada ce va urma dup\u0103 deblocarea st\u0103rii actuale de urgen\u021b\u0103. Se urm\u0103re\u0219te evitarea riscului de dezangajare de fonduri ce poate s\u0103 apar\u0103 \u00een aceast\u0103 perioad\u0103 \u0219i ridicarea presiunii de pe bugetul de stat. <\/p>\n","protected":false},"excerpt":{"rendered":"<p>Guvernul a luat decizia \u00een \u0219edin\u021ba care a avut loc miercuri suplimentarea a bugetelor Ministerului S\u0103n\u0103t\u0103\u021bii (+42 milioane lei) pentru sus\u021binerea centrelor de carantin\u0103 prin DSP \u0219i Ministerului de Interne (+100 milioane lei). Premierul Ludovic Orban a precizat c\u0103 s-a asigurat \u0219i capital de lucru pentru Unifarm \u00een vederea realiz\u0103rii de achizi\u021bii pentru sus\u021binerea activit\u0103\u021bii [&hellip;]<\/p>\n","protected":false},"author":11,"featured_media":4403,"comment_status":"closed","ping_status":"open","sticky":false,"template":"","format":"standard","meta":{"_acf_changed":false,"inline_featured_image":false,"ngg_post_thumbnail":0,"footnotes":""},"categories":[62],"tags":[],"ppma_author":[22590],"class_list":["post-4400","post","type-post","status-publish","format-standard","has-post-thumbnail","hentry","category-stiri"],"acf":[],"yoast_head":"<!-- This site is optimized with the Yoast SEO Premium plugin v25.3 (Yoast SEO v27.5) - https:\/\/yoast.com\/product\/yoast-seo-premium-wordpress\/ -->\n<title>UPDATE Guvernul a luat m\u0103suri pentru sprijinirea mediului de afaceri \u0219i a angaja\u021bilor - Buletin de Bucure\u0219ti<\/title>\n<meta name=\"robots\" content=\"index, follow, max-snippet:-1, max-image-preview:large, max-video-preview:-1\" \/>\n<link rel=\"canonical\" href=\"https:\/\/buletin.de\/bucuresti\/guvernul-a-decis-majorarea-pedepselor-pentru-falsul-in-declaratii-includerea-omiterii-de-date-in-cazul-anchetei-epidemiologice-in-randul-infractiunilor-si-deschiderea-de-dosar-penal-pentru-cei-care-n\/\" \/>\n<meta property=\"og:locale\" content=\"en_GB\" \/>\n<meta property=\"og:type\" content=\"article\" \/>\n<meta property=\"og:title\" content=\"UPDATE Guvernul a luat m\u0103suri pentru sprijinirea mediului de afaceri \u0219i a angaja\u021bilor\" \/>\n<meta property=\"og:description\" content=\"Guvernul a luat decizia \u00een \u0219edin\u021ba care a avut loc miercuri suplimentarea a bugetelor Ministerului S\u0103n\u0103t\u0103\u021bii (+42 milioane lei) pentru sus\u021binerea centrelor de carantin\u0103 prin DSP \u0219i Ministerului de Interne (+100 milioane lei). Premierul Ludovic Orban a precizat c\u0103 s-a asigurat \u0219i capital de lucru pentru Unifarm \u00een vederea realiz\u0103rii de achizi\u021bii pentru sus\u021binerea activit\u0103\u021bii [&hellip;]\" \/>\n<meta property=\"og:url\" content=\"https:\/\/buletin.de\/bucuresti\/guvernul-a-decis-majorarea-pedepselor-pentru-falsul-in-declaratii-includerea-omiterii-de-date-in-cazul-anchetei-epidemiologice-in-randul-infractiunilor-si-deschiderea-de-dosar-penal-pentru-cei-care-n\/\" \/>\n<meta property=\"og:site_name\" content=\"Buletin de Bucure\u0219ti\" \/>\n<meta property=\"article:publisher\" content=\"https:\/\/www.facebook.com\/buletin.de.buc\" \/>\n<meta property=\"article:published_time\" content=\"2020-03-19T09:20:13+00:00\" \/>\n<meta property=\"article:modified_time\" content=\"2020-03-19T12:16:46+00:00\" \/>\n<meta property=\"og:image\" content=\"https:\/\/buletin.de\/bucuresti\/wp-content\/uploads\/Ludovic-Orban.jpg\" \/>\n\t<meta property=\"og:image:width\" content=\"1063\" \/>\n\t<meta property=\"og:image:height\" content=\"800\" \/>\n\t<meta property=\"og:image:type\" content=\"image\/jpeg\" \/>\n<meta name=\"author\" content=\"Cristina Sb\u00eern\" \/>\n<meta name=\"twitter:card\" content=\"summary_large_image\" \/>\n<meta name=\"twitter:label1\" content=\"Written by\" \/>\n\t<meta name=\"twitter:data1\" content=\"Cristina Sb\u00eern\" \/>\n\t<meta name=\"twitter:label2\" content=\"Estimated reading time\" \/>\n\t<meta name=\"twitter:data2\" content=\"8 minutes\" \/>\n<script type=\"application\/ld+json\" class=\"yoast-schema-graph\">{\"@context\":\"https:\\\/\\\/schema.org\",\"@graph\":[{\"@type\":\"Article\",\"@id\":\"https:\\\/\\\/buletin.de\\\/bucuresti\\\/guvernul-a-decis-majorarea-pedepselor-pentru-falsul-in-declaratii-includerea-omiterii-de-date-in-cazul-anchetei-epidemiologice-in-randul-infractiunilor-si-deschiderea-de-dosar-penal-pentru-cei-care-n\\\/#article\",\"isPartOf\":{\"@id\":\"https:\\\/\\\/buletin.de\\\/bucuresti\\\/guvernul-a-decis-majorarea-pedepselor-pentru-falsul-in-declaratii-includerea-omiterii-de-date-in-cazul-anchetei-epidemiologice-in-randul-infractiunilor-si-deschiderea-de-dosar-penal-pentru-cei-care-n\\\/\"},\"author\":{\"name\":\"Cristina Sb\u00eern\",\"@id\":\"https:\\\/\\\/buletin.de\\\/bucuresti\\\/#\\\/schema\\\/person\\\/491b46d206898645bf48e42ec8d16a4e\"},\"headline\":\"UPDATE Guvernul a luat m\u0103suri pentru sprijinirea mediului de afaceri \u0219i a angaja\u021bilor\",\"datePublished\":\"2020-03-19T09:20:13+00:00\",\"dateModified\":\"2020-03-19T12:16:46+00:00\",\"mainEntityOfPage\":{\"@id\":\"https:\\\/\\\/buletin.de\\\/bucuresti\\\/guvernul-a-decis-majorarea-pedepselor-pentru-falsul-in-declaratii-includerea-omiterii-de-date-in-cazul-anchetei-epidemiologice-in-randul-infractiunilor-si-deschiderea-de-dosar-penal-pentru-cei-care-n\\\/\"},\"wordCount\":1598,\"publisher\":{\"@id\":\"https:\\\/\\\/buletin.de\\\/bucuresti\\\/#organization\"},\"image\":{\"@id\":\"https:\\\/\\\/buletin.de\\\/bucuresti\\\/guvernul-a-decis-majorarea-pedepselor-pentru-falsul-in-declaratii-includerea-omiterii-de-date-in-cazul-anchetei-epidemiologice-in-randul-infractiunilor-si-deschiderea-de-dosar-penal-pentru-cei-care-n\\\/#primaryimage\"},\"thumbnailUrl\":\"https:\\\/\\\/buletin.de\\\/bucuresti\\\/wp-content\\\/uploads\\\/Ludovic-Orban.jpg\",\"articleSection\":[\"\u0218tiri\"],\"inLanguage\":\"en-GB\",\"copyrightYear\":\"2020\",\"copyrightHolder\":{\"@id\":\"https:\\\/\\\/buletin.de\\\/bucuresti\\\/#organization\"}},{\"@type\":\"WebPage\",\"@id\":\"https:\\\/\\\/buletin.de\\\/bucuresti\\\/guvernul-a-decis-majorarea-pedepselor-pentru-falsul-in-declaratii-includerea-omiterii-de-date-in-cazul-anchetei-epidemiologice-in-randul-infractiunilor-si-deschiderea-de-dosar-penal-pentru-cei-care-n\\\/\",\"url\":\"https:\\\/\\\/buletin.de\\\/bucuresti\\\/guvernul-a-decis-majorarea-pedepselor-pentru-falsul-in-declaratii-includerea-omiterii-de-date-in-cazul-anchetei-epidemiologice-in-randul-infractiunilor-si-deschiderea-de-dosar-penal-pentru-cei-care-n\\\/\",\"name\":\"UPDATE Guvernul a luat m\u0103suri pentru sprijinirea mediului de afaceri \u0219i a angaja\u021bilor - Buletin de Bucure\u0219ti\",\"isPartOf\":{\"@id\":\"https:\\\/\\\/buletin.de\\\/bucuresti\\\/#website\"},\"primaryImageOfPage\":{\"@id\":\"https:\\\/\\\/buletin.de\\\/bucuresti\\\/guvernul-a-decis-majorarea-pedepselor-pentru-falsul-in-declaratii-includerea-omiterii-de-date-in-cazul-anchetei-epidemiologice-in-randul-infractiunilor-si-deschiderea-de-dosar-penal-pentru-cei-care-n\\\/#primaryimage\"},\"image\":{\"@id\":\"https:\\\/\\\/buletin.de\\\/bucuresti\\\/guvernul-a-decis-majorarea-pedepselor-pentru-falsul-in-declaratii-includerea-omiterii-de-date-in-cazul-anchetei-epidemiologice-in-randul-infractiunilor-si-deschiderea-de-dosar-penal-pentru-cei-care-n\\\/#primaryimage\"},\"thumbnailUrl\":\"https:\\\/\\\/buletin.de\\\/bucuresti\\\/wp-content\\\/uploads\\\/Ludovic-Orban.jpg\",\"datePublished\":\"2020-03-19T09:20:13+00:00\",\"dateModified\":\"2020-03-19T12:16:46+00:00\",\"breadcrumb\":{\"@id\":\"https:\\\/\\\/buletin.de\\\/bucuresti\\\/guvernul-a-decis-majorarea-pedepselor-pentru-falsul-in-declaratii-includerea-omiterii-de-date-in-cazul-anchetei-epidemiologice-in-randul-infractiunilor-si-deschiderea-de-dosar-penal-pentru-cei-care-n\\\/#breadcrumb\"},\"inLanguage\":\"en-GB\",\"potentialAction\":[{\"@type\":\"ReadAction\",\"target\":[\"https:\\\/\\\/buletin.de\\\/bucuresti\\\/guvernul-a-decis-majorarea-pedepselor-pentru-falsul-in-declaratii-includerea-omiterii-de-date-in-cazul-anchetei-epidemiologice-in-randul-infractiunilor-si-deschiderea-de-dosar-penal-pentru-cei-care-n\\\/\"]}]},{\"@type\":\"ImageObject\",\"inLanguage\":\"en-GB\",\"@id\":\"https:\\\/\\\/buletin.de\\\/bucuresti\\\/guvernul-a-decis-majorarea-pedepselor-pentru-falsul-in-declaratii-includerea-omiterii-de-date-in-cazul-anchetei-epidemiologice-in-randul-infractiunilor-si-deschiderea-de-dosar-penal-pentru-cei-care-n\\\/#primaryimage\",\"url\":\"https:\\\/\\\/buletin.de\\\/bucuresti\\\/wp-content\\\/uploads\\\/Ludovic-Orban.jpg\",\"contentUrl\":\"https:\\\/\\\/buletin.de\\\/bucuresti\\\/wp-content\\\/uploads\\\/Ludovic-Orban.jpg\",\"width\":1063,\"height\":800},{\"@type\":\"BreadcrumbList\",\"@id\":\"https:\\\/\\\/buletin.de\\\/bucuresti\\\/guvernul-a-decis-majorarea-pedepselor-pentru-falsul-in-declaratii-includerea-omiterii-de-date-in-cazul-anchetei-epidemiologice-in-randul-infractiunilor-si-deschiderea-de-dosar-penal-pentru-cei-care-n\\\/#breadcrumb\",\"itemListElement\":[{\"@type\":\"ListItem\",\"position\":1,\"name\":\"Acas\u0103\",\"item\":\"https:\\\/\\\/buletin.de\\\/bucuresti\\\/\"},{\"@type\":\"ListItem\",\"position\":2,\"name\":\"UPDATE Guvernul a luat m\u0103suri pentru sprijinirea mediului de afaceri \u0219i a angaja\u021bilor\"}]},{\"@type\":\"WebSite\",\"@id\":\"https:\\\/\\\/buletin.de\\\/bucuresti\\\/#website\",\"url\":\"https:\\\/\\\/buletin.de\\\/bucuresti\\\/\",\"name\":\"Buletin de Bucure\u0219ti\",\"description\":\"\u0218tiri \u0219i investiga\u021bii esen\u021biale din capital\u0103\",\"publisher\":{\"@id\":\"https:\\\/\\\/buletin.de\\\/bucuresti\\\/#organization\"},\"potentialAction\":[{\"@type\":\"SearchAction\",\"target\":{\"@type\":\"EntryPoint\",\"urlTemplate\":\"https:\\\/\\\/buletin.de\\\/bucuresti\\\/?s={search_term_string}\"},\"query-input\":{\"@type\":\"PropertyValueSpecification\",\"valueRequired\":true,\"valueName\":\"search_term_string\"}}],\"inLanguage\":\"en-GB\"},{\"@type\":\"Organization\",\"@id\":\"https:\\\/\\\/buletin.de\\\/bucuresti\\\/#organization\",\"name\":\"Buletin de Bucure\u0219ti\",\"url\":\"https:\\\/\\\/buletin.de\\\/bucuresti\\\/\",\"logo\":{\"@type\":\"ImageObject\",\"inLanguage\":\"en-GB\",\"@id\":\"https:\\\/\\\/buletin.de\\\/bucuresti\\\/#\\\/schema\\\/logo\\\/image\\\/\",\"url\":\"https:\\\/\\\/buletin.de\\\/bucuresti\\\/wp-content\\\/uploads\\\/logo-bdb-full-wide-vernil-transparent.png\",\"contentUrl\":\"https:\\\/\\\/buletin.de\\\/bucuresti\\\/wp-content\\\/uploads\\\/logo-bdb-full-wide-vernil-transparent.png\",\"width\":1782,\"height\":626,\"caption\":\"Buletin de Bucure\u0219ti\"},\"image\":{\"@id\":\"https:\\\/\\\/buletin.de\\\/bucuresti\\\/#\\\/schema\\\/logo\\\/image\\\/\"},\"sameAs\":[\"https:\\\/\\\/www.facebook.com\\\/buletin.de.buc\",\"https:\\\/\\\/www.instagram.com\\\/buletinde.bucuresti\\\/\"]},{\"@type\":\"Person\",\"@id\":\"https:\\\/\\\/buletin.de\\\/bucuresti\\\/#\\\/schema\\\/person\\\/491b46d206898645bf48e42ec8d16a4e\",\"name\":\"Cristina Sb\u00eern\",\"image\":{\"@type\":\"ImageObject\",\"inLanguage\":\"en-GB\",\"@id\":\"https:\\\/\\\/secure.gravatar.com\\\/avatar\\\/37e16dbd00976eec8a6ce30eadedf4377f2cf2504eadbf5ef401b703947010b3?s=96&d=monsterid&r=g1bf283f4b400adaebc79de5a891c6b20\",\"url\":\"https:\\\/\\\/secure.gravatar.com\\\/avatar\\\/37e16dbd00976eec8a6ce30eadedf4377f2cf2504eadbf5ef401b703947010b3?s=96&d=monsterid&r=g\",\"contentUrl\":\"https:\\\/\\\/secure.gravatar.com\\\/avatar\\\/37e16dbd00976eec8a6ce30eadedf4377f2cf2504eadbf5ef401b703947010b3?s=96&d=monsterid&r=g\",\"caption\":\"Cristina Sb\u00eern\"},\"description\":\"Reporter\",\"url\":\"https:\\\/\\\/buletin.de\\\/bucuresti\\\/author\\\/cristinasbirn\\\/\"}]}<\/script>\n<!-- \/ Yoast SEO Premium plugin. -->","yoast_head_json":{"title":"UPDATE Guvernul a luat m\u0103suri pentru sprijinirea mediului de afaceri \u0219i a angaja\u021bilor - Buletin de Bucure\u0219ti","robots":{"index":"index","follow":"follow","max-snippet":"max-snippet:-1","max-image-preview":"max-image-preview:large","max-video-preview":"max-video-preview:-1"},"canonical":"https:\/\/buletin.de\/bucuresti\/guvernul-a-decis-majorarea-pedepselor-pentru-falsul-in-declaratii-includerea-omiterii-de-date-in-cazul-anchetei-epidemiologice-in-randul-infractiunilor-si-deschiderea-de-dosar-penal-pentru-cei-care-n\/","og_locale":"en_GB","og_type":"article","og_title":"UPDATE Guvernul a luat m\u0103suri pentru sprijinirea mediului de afaceri \u0219i a angaja\u021bilor","og_description":"Guvernul a luat decizia \u00een \u0219edin\u021ba care a avut loc miercuri suplimentarea a bugetelor Ministerului S\u0103n\u0103t\u0103\u021bii (+42 milioane lei) pentru sus\u021binerea centrelor de carantin\u0103 prin DSP \u0219i Ministerului de Interne (+100 milioane lei). Premierul Ludovic Orban a precizat c\u0103 s-a asigurat \u0219i capital de lucru pentru Unifarm \u00een vederea realiz\u0103rii de achizi\u021bii pentru sus\u021binerea activit\u0103\u021bii [&hellip;]","og_url":"https:\/\/buletin.de\/bucuresti\/guvernul-a-decis-majorarea-pedepselor-pentru-falsul-in-declaratii-includerea-omiterii-de-date-in-cazul-anchetei-epidemiologice-in-randul-infractiunilor-si-deschiderea-de-dosar-penal-pentru-cei-care-n\/","og_site_name":"Buletin de Bucure\u0219ti","article_publisher":"https:\/\/www.facebook.com\/buletin.de.buc","article_published_time":"2020-03-19T09:20:13+00:00","article_modified_time":"2020-03-19T12:16:46+00:00","og_image":[{"width":1063,"height":800,"url":"https:\/\/buletin.de\/bucuresti\/wp-content\/uploads\/Ludovic-Orban.jpg","type":"image\/jpeg"}],"author":"Cristina Sb\u00eern","twitter_card":"summary_large_image","twitter_misc":{"Written by":"Cristina Sb\u00eern","Estimated reading time":"8 minutes"},"schema":{"@context":"https:\/\/schema.org","@graph":[{"@type":"Article","@id":"https:\/\/buletin.de\/bucuresti\/guvernul-a-decis-majorarea-pedepselor-pentru-falsul-in-declaratii-includerea-omiterii-de-date-in-cazul-anchetei-epidemiologice-in-randul-infractiunilor-si-deschiderea-de-dosar-penal-pentru-cei-care-n\/#article","isPartOf":{"@id":"https:\/\/buletin.de\/bucuresti\/guvernul-a-decis-majorarea-pedepselor-pentru-falsul-in-declaratii-includerea-omiterii-de-date-in-cazul-anchetei-epidemiologice-in-randul-infractiunilor-si-deschiderea-de-dosar-penal-pentru-cei-care-n\/"},"author":{"name":"Cristina Sb\u00eern","@id":"https:\/\/buletin.de\/bucuresti\/#\/schema\/person\/491b46d206898645bf48e42ec8d16a4e"},"headline":"UPDATE Guvernul a luat m\u0103suri pentru sprijinirea mediului de afaceri \u0219i a angaja\u021bilor","datePublished":"2020-03-19T09:20:13+00:00","dateModified":"2020-03-19T12:16:46+00:00","mainEntityOfPage":{"@id":"https:\/\/buletin.de\/bucuresti\/guvernul-a-decis-majorarea-pedepselor-pentru-falsul-in-declaratii-includerea-omiterii-de-date-in-cazul-anchetei-epidemiologice-in-randul-infractiunilor-si-deschiderea-de-dosar-penal-pentru-cei-care-n\/"},"wordCount":1598,"publisher":{"@id":"https:\/\/buletin.de\/bucuresti\/#organization"},"image":{"@id":"https:\/\/buletin.de\/bucuresti\/guvernul-a-decis-majorarea-pedepselor-pentru-falsul-in-declaratii-includerea-omiterii-de-date-in-cazul-anchetei-epidemiologice-in-randul-infractiunilor-si-deschiderea-de-dosar-penal-pentru-cei-care-n\/#primaryimage"},"thumbnailUrl":"https:\/\/buletin.de\/bucuresti\/wp-content\/uploads\/Ludovic-Orban.jpg","articleSection":["\u0218tiri"],"inLanguage":"en-GB","copyrightYear":"2020","copyrightHolder":{"@id":"https:\/\/buletin.de\/bucuresti\/#organization"}},{"@type":"WebPage","@id":"https:\/\/buletin.de\/bucuresti\/guvernul-a-decis-majorarea-pedepselor-pentru-falsul-in-declaratii-includerea-omiterii-de-date-in-cazul-anchetei-epidemiologice-in-randul-infractiunilor-si-deschiderea-de-dosar-penal-pentru-cei-care-n\/","url":"https:\/\/buletin.de\/bucuresti\/guvernul-a-decis-majorarea-pedepselor-pentru-falsul-in-declaratii-includerea-omiterii-de-date-in-cazul-anchetei-epidemiologice-in-randul-infractiunilor-si-deschiderea-de-dosar-penal-pentru-cei-care-n\/","name":"UPDATE Guvernul a luat m\u0103suri pentru sprijinirea mediului de afaceri \u0219i a angaja\u021bilor - Buletin de Bucure\u0219ti","isPartOf":{"@id":"https:\/\/buletin.de\/bucuresti\/#website"},"primaryImageOfPage":{"@id":"https:\/\/buletin.de\/bucuresti\/guvernul-a-decis-majorarea-pedepselor-pentru-falsul-in-declaratii-includerea-omiterii-de-date-in-cazul-anchetei-epidemiologice-in-randul-infractiunilor-si-deschiderea-de-dosar-penal-pentru-cei-care-n\/#primaryimage"},"image":{"@id":"https:\/\/buletin.de\/bucuresti\/guvernul-a-decis-majorarea-pedepselor-pentru-falsul-in-declaratii-includerea-omiterii-de-date-in-cazul-anchetei-epidemiologice-in-randul-infractiunilor-si-deschiderea-de-dosar-penal-pentru-cei-care-n\/#primaryimage"},"thumbnailUrl":"https:\/\/buletin.de\/bucuresti\/wp-content\/uploads\/Ludovic-Orban.jpg","datePublished":"2020-03-19T09:20:13+00:00","dateModified":"2020-03-19T12:16:46+00:00","breadcrumb":{"@id":"https:\/\/buletin.de\/bucuresti\/guvernul-a-decis-majorarea-pedepselor-pentru-falsul-in-declaratii-includerea-omiterii-de-date-in-cazul-anchetei-epidemiologice-in-randul-infractiunilor-si-deschiderea-de-dosar-penal-pentru-cei-care-n\/#breadcrumb"},"inLanguage":"en-GB","potentialAction":[{"@type":"ReadAction","target":["https:\/\/buletin.de\/bucuresti\/guvernul-a-decis-majorarea-pedepselor-pentru-falsul-in-declaratii-includerea-omiterii-de-date-in-cazul-anchetei-epidemiologice-in-randul-infractiunilor-si-deschiderea-de-dosar-penal-pentru-cei-care-n\/"]}]},{"@type":"ImageObject","inLanguage":"en-GB","@id":"https:\/\/buletin.de\/bucuresti\/guvernul-a-decis-majorarea-pedepselor-pentru-falsul-in-declaratii-includerea-omiterii-de-date-in-cazul-anchetei-epidemiologice-in-randul-infractiunilor-si-deschiderea-de-dosar-penal-pentru-cei-care-n\/#primaryimage","url":"https:\/\/buletin.de\/bucuresti\/wp-content\/uploads\/Ludovic-Orban.jpg","contentUrl":"https:\/\/buletin.de\/bucuresti\/wp-content\/uploads\/Ludovic-Orban.jpg","width":1063,"height":800},{"@type":"BreadcrumbList","@id":"https:\/\/buletin.de\/bucuresti\/guvernul-a-decis-majorarea-pedepselor-pentru-falsul-in-declaratii-includerea-omiterii-de-date-in-cazul-anchetei-epidemiologice-in-randul-infractiunilor-si-deschiderea-de-dosar-penal-pentru-cei-care-n\/#breadcrumb","itemListElement":[{"@type":"ListItem","position":1,"name":"Acas\u0103","item":"https:\/\/buletin.de\/bucuresti\/"},{"@type":"ListItem","position":2,"name":"UPDATE Guvernul a luat m\u0103suri pentru sprijinirea mediului de afaceri \u0219i a angaja\u021bilor"}]},{"@type":"WebSite","@id":"https:\/\/buletin.de\/bucuresti\/#website","url":"https:\/\/buletin.de\/bucuresti\/","name":"Buletin de Bucure\u0219ti","description":"\u0218tiri \u0219i investiga\u021bii esen\u021biale din capital\u0103","publisher":{"@id":"https:\/\/buletin.de\/bucuresti\/#organization"},"potentialAction":[{"@type":"SearchAction","target":{"@type":"EntryPoint","urlTemplate":"https:\/\/buletin.de\/bucuresti\/?s={search_term_string}"},"query-input":{"@type":"PropertyValueSpecification","valueRequired":true,"valueName":"search_term_string"}}],"inLanguage":"en-GB"},{"@type":"Organization","@id":"https:\/\/buletin.de\/bucuresti\/#organization","name":"Buletin de Bucure\u0219ti","url":"https:\/\/buletin.de\/bucuresti\/","logo":{"@type":"ImageObject","inLanguage":"en-GB","@id":"https:\/\/buletin.de\/bucuresti\/#\/schema\/logo\/image\/","url":"https:\/\/buletin.de\/bucuresti\/wp-content\/uploads\/logo-bdb-full-wide-vernil-transparent.png","contentUrl":"https:\/\/buletin.de\/bucuresti\/wp-content\/uploads\/logo-bdb-full-wide-vernil-transparent.png","width":1782,"height":626,"caption":"Buletin de Bucure\u0219ti"},"image":{"@id":"https:\/\/buletin.de\/bucuresti\/#\/schema\/logo\/image\/"},"sameAs":["https:\/\/www.facebook.com\/buletin.de.buc","https:\/\/www.instagram.com\/buletinde.bucuresti\/"]},{"@type":"Person","@id":"https:\/\/buletin.de\/bucuresti\/#\/schema\/person\/491b46d206898645bf48e42ec8d16a4e","name":"Cristina Sb\u00eern","image":{"@type":"ImageObject","inLanguage":"en-GB","@id":"https:\/\/secure.gravatar.com\/avatar\/37e16dbd00976eec8a6ce30eadedf4377f2cf2504eadbf5ef401b703947010b3?s=96&d=monsterid&r=g1bf283f4b400adaebc79de5a891c6b20","url":"https:\/\/secure.gravatar.com\/avatar\/37e16dbd00976eec8a6ce30eadedf4377f2cf2504eadbf5ef401b703947010b3?s=96&d=monsterid&r=g","contentUrl":"https:\/\/secure.gravatar.com\/avatar\/37e16dbd00976eec8a6ce30eadedf4377f2cf2504eadbf5ef401b703947010b3?s=96&d=monsterid&r=g","caption":"Cristina Sb\u00eern"},"description":"Reporter","url":"https:\/\/buletin.de\/bucuresti\/author\/cristinasbirn\/"}]}},"authors":[{"term_id":22590,"user_id":11,"is_guest":0,"slug":"cristinasbirn","display_name":"Cristina Sb\u00eern","avatar_url":"https:\/\/secure.gravatar.com\/avatar\/37e16dbd00976eec8a6ce30eadedf4377f2cf2504eadbf5ef401b703947010b3?s=96&d=monsterid&r=g","0":null,"1":"","2":"","3":"","4":"","5":"","6":"","7":"","8":""}],"_links":{"self":[{"href":"https:\/\/buletin.de\/bucuresti\/wp-json\/wp\/v2\/posts\/4400","targetHints":{"allow":["GET"]}}],"collection":[{"href":"https:\/\/buletin.de\/bucuresti\/wp-json\/wp\/v2\/posts"}],"about":[{"href":"https:\/\/buletin.de\/bucuresti\/wp-json\/wp\/v2\/types\/post"}],"author":[{"embeddable":true,"href":"https:\/\/buletin.de\/bucuresti\/wp-json\/wp\/v2\/users\/11"}],"replies":[{"embeddable":true,"href":"https:\/\/buletin.de\/bucuresti\/wp-json\/wp\/v2\/comments?post=4400"}],"version-history":[{"count":4,"href":"https:\/\/buletin.de\/bucuresti\/wp-json\/wp\/v2\/posts\/4400\/revisions"}],"predecessor-version":[{"id":4429,"href":"https:\/\/buletin.de\/bucuresti\/wp-json\/wp\/v2\/posts\/4400\/revisions\/4429"}],"wp:featuredmedia":[{"embeddable":true,"href":"https:\/\/buletin.de\/bucuresti\/wp-json\/wp\/v2\/media\/4403"}],"wp:attachment":[{"href":"https:\/\/buletin.de\/bucuresti\/wp-json\/wp\/v2\/media?parent=4400"}],"wp:term":[{"taxonomy":"category","embeddable":true,"href":"https:\/\/buletin.de\/bucuresti\/wp-json\/wp\/v2\/categories?post=4400"},{"taxonomy":"post_tag","embeddable":true,"href":"https:\/\/buletin.de\/bucuresti\/wp-json\/wp\/v2\/tags?post=4400"},{"taxonomy":"author","embeddable":true,"href":"https:\/\/buletin.de\/bucuresti\/wp-json\/wp\/v2\/ppma_author?post=4400"}],"curies":[{"name":"wp","href":"https:\/\/api.w.org\/{rel}","templated":true}]}}