{"id":43940,"date":"2022-06-29T21:02:51","date_gmt":"2022-06-29T19:02:51","guid":{"rendered":"https:\/\/buletin.de\/bucuresti\/?p=43940"},"modified":"2022-06-30T06:41:59","modified_gmt":"2022-06-30T04:41:59","slug":"banii-pe-mancarea-si-cazarea-refugitilor-ucraineni-intarzie-la-primarii-a-ajuns-doar-parte-din-sumele-cerute","status":"publish","type":"post","link":"https:\/\/buletin.de\/bucuresti\/banii-pe-mancarea-si-cazarea-refugitilor-ucraineni-intarzie-la-primarii-a-ajuns-doar-parte-din-sumele-cerute\/","title":{"rendered":"Banii pe m\u00e2ncarea \u0219i cazarea refugi\u021bilor ucraineni \u00eent\u00e2rzie. La prim\u0103rii a ajuns doar parte din sumele cerute"},"content":{"rendered":"\n<p><strong>O parte dintre locuitorii din Bucure\u0219ti \u0219i Ilfov, care g\u0103zduiesc refugia\u021bi, nu au primit \u00eenc\u0103 banii aferen\u021bi lunii mai pentru hrana \u0219i cazarea acestora. Mai multe prim\u0103rii din Capital\u0103 \u0219i din Ilfov au primit de la <meta charset=\"utf-8\">Inspectoratul pentru Situa\u021bii de Urgen\u021b\u0103 (ISU) doar jum\u0103tate din suma solicitat\u0103. Banii trebuie vira\u021bi la 10 zile de c\u00e2nd au fost solicita\u021bi de prim\u0103rii<\/strong>.<\/p>\n\n\n\n<p>Prim\u0103ria Tunari a comunicat pentru Buletin de Bucure\u0219ti c\u0103 momentan au primit doar 43 de mii de lei, de\u0219i au solicitat 94 de mii. Din acest motiv banii vor fi vira\u021bi c\u0103tre locuitorii din Tunari abia s\u0103pt\u0103m\u00e2na viitoare, c\u00e2nd ar trebui s\u0103 ajung\u0103 \u0219i diferen\u021ba. <\/p>\n\n\n\n<p>\u00cen exact aceea\u0219i situa\u021bie se afl\u0103 \u0219i Prim\u0103ria Mogo\u0219oaia, care a primit, ast\u0103zi, tot jum\u0103tate din suma solicitat\u0103. Banii primi\u021bi de prim\u0103rie au fost trimi\u0219i deja c\u0103tre locuitorii din Mogo\u0219oaia. <\/p>\n\n\n\n<p>Mai mult, o surs\u0103 din Prim\u0103ria Sectorului 1 ne-a comunicat c\u0103 s-au primit de la ISU doar 43% din banii solicita\u021bi. Sursa a adaugat \u0219i c\u0103 reprezentan\u021bii ISUBIF au asigurat institu\u021bia c\u0103 p\u00e2n\u0103 m\u00e2ine vor fi vira\u021bi to\u021bi banii. <\/p>\n\n\n\n<p>\u00cen schimb, Prim\u0103ria Sectorului 6 a primit to\u021bi banii, \u00eens\u0103 tot \u00een dou\u0103 tran\u0219e. Banii au fost deja vira\u021bi c\u0103tre cet\u0103\u021benii sectorului care gazduiesc ucraineni. <\/p>\n\n\n\n<p>Nu este prima dat\u0103 c\u00e2nd decontul de la ISUBIF \u00eent\u00e2rzie.  Pentru primele plati, banii au intrat la o lun\u0103 \u0219i jum\u0103tate de c\u00e2nd a fost emisa Hot\u0103r\u00e2rea de Guvern care reglementa programul 50+20. Atunci motivul \u00eent\u00e2rzierii a fost c\u0103 de s\u0103rb\u0103tori nu s-a lucrat. <\/p>\n\n\n\n<p class=\"has-background\" style=\"background-color:#f2f1ba\"><strong>Cum func\u021bioneaz\u0103 decontarea?<\/strong><br><br>Pe 11 martie, Guvernul a adoptat o&nbsp;<a href=\"https:\/\/legislatie.just.ro\/Public\/DetaliiDocument\/252563\">hot\u0103r\u00e2re<\/a>&nbsp;prin care a stabilit modalitatea prin care vor fi decontate cheltuielile de cazare \u0219i m\u00e2ncare, pentru persoanele fizice \u0219i juridice care g\u0103zduiesc refugia\u021bi ucraineni.<br><br>Procedura este clar\u0103: persoanele care g\u0103zduiesc refugia\u021bi depun o cerere la prim\u0103ria de care apar\u021bin. Prim\u0103ria trimite la sf\u00e2r\u0219itul fiec\u0103rei luni situa\u021bia c\u0103tre ISU, dup\u0103 care ISU are 10 zile la dispozi\u021bie s\u0103 trimit\u0103 banii prim\u0103riilor. Acestea din urm\u0103 pot da banii \u00een m\u00e2n\u0103 sau \u00eei pot trimite pe card persoanelor care g\u0103zduiesc refugia\u021bi \u0219i care au depus cerere.<br><br>Bugetul Ministerului de Interne a fost suplimentat cu 45 de milioane de lei pentru acest decont.<\/p>\n\n\n\n<p><strong>CITE\u0218TE \u0218I: <\/strong><\/p>\n\n\n\n<ul class=\"wp-block-list\"><li><a href=\"https:\/\/buletin.de\/bucuresti\/isu-bucuresti-ilfov-nu-a-primit-banii-pentru-mancarea-refugiatilor-igsu-promite-ca-joi-vor-fi-virati-catre-inspectoratele-judetene\/\">ISU Bucure\u0219ti-Ilfov nu a primit banii pentru m\u00e2ncarea refugia\u021bilor. IGSU promite c\u0103 joi vor fi vira\u021bi c\u0103tre inspectoratele jude\u021bene<\/a><\/li><li><a href=\"https:\/\/buletin.de\/bucuresti\/cererile-depuse-de-bucuresteni-pentru-decontarea-hranei-refugiatilor-s-au-dublat-in-aprilie\/\">Cererile depuse de bucure\u0219teni pentru decontarea hranei refugia\u021bilor s-au dublat \u00een aprilie<\/a><\/li><\/ul>\n","protected":false},"excerpt":{"rendered":"<p>O parte dintre locuitorii din Bucure\u0219ti \u0219i Ilfov, care g\u0103zduiesc refugia\u021bi, nu au primit \u00eenc\u0103 banii aferen\u021bi lunii mai pentru hrana \u0219i cazarea acestora. Mai multe prim\u0103rii din Capital\u0103 \u0219i din Ilfov au primit de la Inspectoratul pentru Situa\u021bii de Urgen\u021b\u0103 (ISU) doar jum\u0103tate din suma solicitat\u0103. Banii trebuie vira\u021bi la 10 zile de c\u00e2nd [&hellip;]<\/p>\n","protected":false},"author":17,"featured_media":42061,"comment_status":"closed","ping_status":"open","sticky":false,"template":"","format":"standard","meta":{"_acf_changed":false,"inline_featured_image":false,"ngg_post_thumbnail":0,"footnotes":""},"categories":[62],"tags":[],"ppma_author":[22576],"class_list":["post-43940","post","type-post","status-publish","format-standard","has-post-thumbnail","hentry","category-stiri"],"acf":[],"yoast_head":"<!-- This site is optimized with the Yoast SEO Premium plugin v25.3 (Yoast SEO v27.4) - https:\/\/yoast.com\/product\/yoast-seo-premium-wordpress\/ -->\n<title>Banii pe m\u00e2ncarea \u0219i cazarea refugi\u021bilor ucraineni \u00eent\u00e2rzie. La prim\u0103rii a ajuns doar parte din sumele cerute - Buletin de Bucure\u0219ti<\/title>\n<meta name=\"robots\" content=\"index, follow, max-snippet:-1, max-image-preview:large, max-video-preview:-1\" \/>\n<link rel=\"canonical\" href=\"https:\/\/buletin.de\/bucuresti\/banii-pe-mancarea-si-cazarea-refugitilor-ucraineni-intarzie-la-primarii-a-ajuns-doar-parte-din-sumele-cerute\/\" \/>\n<meta property=\"og:locale\" content=\"en_GB\" \/>\n<meta property=\"og:type\" content=\"article\" \/>\n<meta property=\"og:title\" content=\"Banii pe m\u00e2ncarea \u0219i cazarea refugi\u021bilor ucraineni \u00eent\u00e2rzie. La prim\u0103rii a ajuns doar parte din sumele cerute\" \/>\n<meta property=\"og:description\" content=\"O parte dintre locuitorii din Bucure\u0219ti \u0219i Ilfov, care g\u0103zduiesc refugia\u021bi, nu au primit \u00eenc\u0103 banii aferen\u021bi lunii mai pentru hrana \u0219i cazarea acestora. Mai multe prim\u0103rii din Capital\u0103 \u0219i din Ilfov au primit de la Inspectoratul pentru Situa\u021bii de Urgen\u021b\u0103 (ISU) doar jum\u0103tate din suma solicitat\u0103. Banii trebuie vira\u021bi la 10 zile de c\u00e2nd [&hellip;]\" \/>\n<meta property=\"og:url\" content=\"https:\/\/buletin.de\/bucuresti\/banii-pe-mancarea-si-cazarea-refugitilor-ucraineni-intarzie-la-primarii-a-ajuns-doar-parte-din-sumele-cerute\/\" \/>\n<meta property=\"og:site_name\" content=\"Buletin de Bucure\u0219ti\" \/>\n<meta property=\"article:publisher\" content=\"https:\/\/www.facebook.com\/buletin.de.buc\" \/>\n<meta property=\"article:published_time\" content=\"2022-06-29T19:02:51+00:00\" \/>\n<meta property=\"article:modified_time\" content=\"2022-06-30T04:41:59+00:00\" \/>\n<meta property=\"og:image\" content=\"https:\/\/buletin.de\/bucuresti\/wp-content\/uploads\/WhatsApp-Image-2022-04-19-at-17.05.56.jpeg\" \/>\n\t<meta property=\"og:image:width\" content=\"1600\" \/>\n\t<meta property=\"og:image:height\" content=\"1066\" \/>\n\t<meta property=\"og:image:type\" content=\"image\/jpeg\" \/>\n<meta name=\"author\" content=\"Florin R\u00e2\u0219teiu\" \/>\n<meta name=\"twitter:card\" content=\"summary_large_image\" \/>\n<meta name=\"twitter:label1\" content=\"Written by\" \/>\n\t<meta name=\"twitter:data1\" content=\"Florin R\u00e2\u0219teiu\" \/>\n\t<meta name=\"twitter:label2\" content=\"Estimated reading time\" \/>\n\t<meta name=\"twitter:data2\" content=\"2 minutes\" \/>\n<script type=\"application\/ld+json\" class=\"yoast-schema-graph\">{\"@context\":\"https:\\\/\\\/schema.org\",\"@graph\":[{\"@type\":\"Article\",\"@id\":\"https:\\\/\\\/buletin.de\\\/bucuresti\\\/banii-pe-mancarea-si-cazarea-refugitilor-ucraineni-intarzie-la-primarii-a-ajuns-doar-parte-din-sumele-cerute\\\/#article\",\"isPartOf\":{\"@id\":\"https:\\\/\\\/buletin.de\\\/bucuresti\\\/banii-pe-mancarea-si-cazarea-refugitilor-ucraineni-intarzie-la-primarii-a-ajuns-doar-parte-din-sumele-cerute\\\/\"},\"author\":{\"name\":\"Florin R\u00e2\u0219teiu\",\"@id\":\"https:\\\/\\\/buletin.de\\\/bucuresti\\\/#\\\/schema\\\/person\\\/b0686d7a8b666c6afc78239777fd8a89\"},\"headline\":\"Banii pe m\u00e2ncarea \u0219i cazarea refugi\u021bilor ucraineni \u00eent\u00e2rzie. La prim\u0103rii a ajuns doar parte din sumele cerute\",\"datePublished\":\"2022-06-29T19:02:51+00:00\",\"dateModified\":\"2022-06-30T04:41:59+00:00\",\"mainEntityOfPage\":{\"@id\":\"https:\\\/\\\/buletin.de\\\/bucuresti\\\/banii-pe-mancarea-si-cazarea-refugitilor-ucraineni-intarzie-la-primarii-a-ajuns-doar-parte-din-sumele-cerute\\\/\"},\"wordCount\":484,\"publisher\":{\"@id\":\"https:\\\/\\\/buletin.de\\\/bucuresti\\\/#organization\"},\"image\":{\"@id\":\"https:\\\/\\\/buletin.de\\\/bucuresti\\\/banii-pe-mancarea-si-cazarea-refugitilor-ucraineni-intarzie-la-primarii-a-ajuns-doar-parte-din-sumele-cerute\\\/#primaryimage\"},\"thumbnailUrl\":\"https:\\\/\\\/buletin.de\\\/bucuresti\\\/wp-content\\\/uploads\\\/WhatsApp-Image-2022-04-19-at-17.05.56.jpeg\",\"articleSection\":[\"\u0218tiri\"],\"inLanguage\":\"en-GB\",\"copyrightYear\":\"2022\",\"copyrightHolder\":{\"@id\":\"https:\\\/\\\/buletin.de\\\/bucuresti\\\/#organization\"}},{\"@type\":\"WebPage\",\"@id\":\"https:\\\/\\\/buletin.de\\\/bucuresti\\\/banii-pe-mancarea-si-cazarea-refugitilor-ucraineni-intarzie-la-primarii-a-ajuns-doar-parte-din-sumele-cerute\\\/\",\"url\":\"https:\\\/\\\/buletin.de\\\/bucuresti\\\/banii-pe-mancarea-si-cazarea-refugitilor-ucraineni-intarzie-la-primarii-a-ajuns-doar-parte-din-sumele-cerute\\\/\",\"name\":\"Banii pe m\u00e2ncarea \u0219i cazarea refugi\u021bilor ucraineni \u00eent\u00e2rzie. La prim\u0103rii a ajuns doar parte din sumele cerute - Buletin de Bucure\u0219ti\",\"isPartOf\":{\"@id\":\"https:\\\/\\\/buletin.de\\\/bucuresti\\\/#website\"},\"primaryImageOfPage\":{\"@id\":\"https:\\\/\\\/buletin.de\\\/bucuresti\\\/banii-pe-mancarea-si-cazarea-refugitilor-ucraineni-intarzie-la-primarii-a-ajuns-doar-parte-din-sumele-cerute\\\/#primaryimage\"},\"image\":{\"@id\":\"https:\\\/\\\/buletin.de\\\/bucuresti\\\/banii-pe-mancarea-si-cazarea-refugitilor-ucraineni-intarzie-la-primarii-a-ajuns-doar-parte-din-sumele-cerute\\\/#primaryimage\"},\"thumbnailUrl\":\"https:\\\/\\\/buletin.de\\\/bucuresti\\\/wp-content\\\/uploads\\\/WhatsApp-Image-2022-04-19-at-17.05.56.jpeg\",\"datePublished\":\"2022-06-29T19:02:51+00:00\",\"dateModified\":\"2022-06-30T04:41:59+00:00\",\"breadcrumb\":{\"@id\":\"https:\\\/\\\/buletin.de\\\/bucuresti\\\/banii-pe-mancarea-si-cazarea-refugitilor-ucraineni-intarzie-la-primarii-a-ajuns-doar-parte-din-sumele-cerute\\\/#breadcrumb\"},\"inLanguage\":\"en-GB\",\"potentialAction\":[{\"@type\":\"ReadAction\",\"target\":[\"https:\\\/\\\/buletin.de\\\/bucuresti\\\/banii-pe-mancarea-si-cazarea-refugitilor-ucraineni-intarzie-la-primarii-a-ajuns-doar-parte-din-sumele-cerute\\\/\"]}]},{\"@type\":\"ImageObject\",\"inLanguage\":\"en-GB\",\"@id\":\"https:\\\/\\\/buletin.de\\\/bucuresti\\\/banii-pe-mancarea-si-cazarea-refugitilor-ucraineni-intarzie-la-primarii-a-ajuns-doar-parte-din-sumele-cerute\\\/#primaryimage\",\"url\":\"https:\\\/\\\/buletin.de\\\/bucuresti\\\/wp-content\\\/uploads\\\/WhatsApp-Image-2022-04-19-at-17.05.56.jpeg\",\"contentUrl\":\"https:\\\/\\\/buletin.de\\\/bucuresti\\\/wp-content\\\/uploads\\\/WhatsApp-Image-2022-04-19-at-17.05.56.jpeg\",\"width\":1600,\"height\":1066},{\"@type\":\"BreadcrumbList\",\"@id\":\"https:\\\/\\\/buletin.de\\\/bucuresti\\\/banii-pe-mancarea-si-cazarea-refugitilor-ucraineni-intarzie-la-primarii-a-ajuns-doar-parte-din-sumele-cerute\\\/#breadcrumb\",\"itemListElement\":[{\"@type\":\"ListItem\",\"position\":1,\"name\":\"Acas\u0103\",\"item\":\"https:\\\/\\\/buletin.de\\\/bucuresti\\\/\"},{\"@type\":\"ListItem\",\"position\":2,\"name\":\"Banii pe m\u00e2ncarea \u0219i cazarea refugi\u021bilor ucraineni \u00eent\u00e2rzie. La prim\u0103rii a ajuns doar parte din sumele cerute\"}]},{\"@type\":\"WebSite\",\"@id\":\"https:\\\/\\\/buletin.de\\\/bucuresti\\\/#website\",\"url\":\"https:\\\/\\\/buletin.de\\\/bucuresti\\\/\",\"name\":\"Buletin de Bucure\u0219ti\",\"description\":\"\u0218tiri \u0219i investiga\u021bii esen\u021biale din capital\u0103\",\"publisher\":{\"@id\":\"https:\\\/\\\/buletin.de\\\/bucuresti\\\/#organization\"},\"potentialAction\":[{\"@type\":\"SearchAction\",\"target\":{\"@type\":\"EntryPoint\",\"urlTemplate\":\"https:\\\/\\\/buletin.de\\\/bucuresti\\\/?s={search_term_string}\"},\"query-input\":{\"@type\":\"PropertyValueSpecification\",\"valueRequired\":true,\"valueName\":\"search_term_string\"}}],\"inLanguage\":\"en-GB\"},{\"@type\":\"Organization\",\"@id\":\"https:\\\/\\\/buletin.de\\\/bucuresti\\\/#organization\",\"name\":\"Buletin de Bucure\u0219ti\",\"url\":\"https:\\\/\\\/buletin.de\\\/bucuresti\\\/\",\"logo\":{\"@type\":\"ImageObject\",\"inLanguage\":\"en-GB\",\"@id\":\"https:\\\/\\\/buletin.de\\\/bucuresti\\\/#\\\/schema\\\/logo\\\/image\\\/\",\"url\":\"https:\\\/\\\/buletin.de\\\/bucuresti\\\/wp-content\\\/uploads\\\/logo-bdb-full-wide-vernil-transparent.png\",\"contentUrl\":\"https:\\\/\\\/buletin.de\\\/bucuresti\\\/wp-content\\\/uploads\\\/logo-bdb-full-wide-vernil-transparent.png\",\"width\":1782,\"height\":626,\"caption\":\"Buletin de Bucure\u0219ti\"},\"image\":{\"@id\":\"https:\\\/\\\/buletin.de\\\/bucuresti\\\/#\\\/schema\\\/logo\\\/image\\\/\"},\"sameAs\":[\"https:\\\/\\\/www.facebook.com\\\/buletin.de.buc\",\"https:\\\/\\\/www.instagram.com\\\/buletinde.bucuresti\\\/\"]},{\"@type\":\"Person\",\"@id\":\"https:\\\/\\\/buletin.de\\\/bucuresti\\\/#\\\/schema\\\/person\\\/b0686d7a8b666c6afc78239777fd8a89\",\"name\":\"Florin R\u00e2\u0219teiu\",\"image\":{\"@type\":\"ImageObject\",\"inLanguage\":\"en-GB\",\"@id\":\"https:\\\/\\\/buletin.de\\\/bucuresti\\\/wp-content\\\/uploads\\\/Florin-Rasteiu-96x96.jpgf0a6fe28453aa12f0a60e4d0a2e3a78c\",\"url\":\"https:\\\/\\\/buletin.de\\\/bucuresti\\\/wp-content\\\/uploads\\\/Florin-Rasteiu-96x96.jpg\",\"contentUrl\":\"https:\\\/\\\/buletin.de\\\/bucuresti\\\/wp-content\\\/uploads\\\/Florin-Rasteiu-96x96.jpg\",\"caption\":\"Florin R\u00e2\u0219teiu\"},\"description\":\"Jurnalist de investiga\u021bie. Lucreaz\u0103 de aproape 6 ani la Buletin de Bucure\u0219ti, unde a publicat articole care scot la suprafa\u021b\u0103 corup\u021bia din Capital\u0103. Analizeaz\u0103 baze de date zilnic \u0219i scoate pove\u0219ti din exceluri pline de cifre. Pune reflectorul pe adev\u0103r cu fiecare ocazie. A c\u00e2\u0219tigat premiul I la categoria Pres\u0103 Local\u0103 \u00een 2025 \u0219i locul al II-lea la aceea\u0219i categorie \u00een 2024 \u00een cadrul Premiilor Superscrieri pentru jurnalism independent.\",\"url\":\"https:\\\/\\\/buletin.de\\\/bucuresti\\\/author\\\/florinrasteiu\\\/\"}]}<\/script>\n<!-- \/ Yoast SEO Premium plugin. -->","yoast_head_json":{"title":"Banii pe m\u00e2ncarea \u0219i cazarea refugi\u021bilor ucraineni \u00eent\u00e2rzie. La prim\u0103rii a ajuns doar parte din sumele cerute - Buletin de Bucure\u0219ti","robots":{"index":"index","follow":"follow","max-snippet":"max-snippet:-1","max-image-preview":"max-image-preview:large","max-video-preview":"max-video-preview:-1"},"canonical":"https:\/\/buletin.de\/bucuresti\/banii-pe-mancarea-si-cazarea-refugitilor-ucraineni-intarzie-la-primarii-a-ajuns-doar-parte-din-sumele-cerute\/","og_locale":"en_GB","og_type":"article","og_title":"Banii pe m\u00e2ncarea \u0219i cazarea refugi\u021bilor ucraineni \u00eent\u00e2rzie. La prim\u0103rii a ajuns doar parte din sumele cerute","og_description":"O parte dintre locuitorii din Bucure\u0219ti \u0219i Ilfov, care g\u0103zduiesc refugia\u021bi, nu au primit \u00eenc\u0103 banii aferen\u021bi lunii mai pentru hrana \u0219i cazarea acestora. Mai multe prim\u0103rii din Capital\u0103 \u0219i din Ilfov au primit de la Inspectoratul pentru Situa\u021bii de Urgen\u021b\u0103 (ISU) doar jum\u0103tate din suma solicitat\u0103. Banii trebuie vira\u021bi la 10 zile de c\u00e2nd [&hellip;]","og_url":"https:\/\/buletin.de\/bucuresti\/banii-pe-mancarea-si-cazarea-refugitilor-ucraineni-intarzie-la-primarii-a-ajuns-doar-parte-din-sumele-cerute\/","og_site_name":"Buletin de Bucure\u0219ti","article_publisher":"https:\/\/www.facebook.com\/buletin.de.buc","article_published_time":"2022-06-29T19:02:51+00:00","article_modified_time":"2022-06-30T04:41:59+00:00","og_image":[{"width":1600,"height":1066,"url":"https:\/\/buletin.de\/bucuresti\/wp-content\/uploads\/WhatsApp-Image-2022-04-19-at-17.05.56.jpeg","type":"image\/jpeg"}],"author":"Florin R\u00e2\u0219teiu","twitter_card":"summary_large_image","twitter_misc":{"Written by":"Florin R\u00e2\u0219teiu","Estimated reading time":"2 minutes"},"schema":{"@context":"https:\/\/schema.org","@graph":[{"@type":"Article","@id":"https:\/\/buletin.de\/bucuresti\/banii-pe-mancarea-si-cazarea-refugitilor-ucraineni-intarzie-la-primarii-a-ajuns-doar-parte-din-sumele-cerute\/#article","isPartOf":{"@id":"https:\/\/buletin.de\/bucuresti\/banii-pe-mancarea-si-cazarea-refugitilor-ucraineni-intarzie-la-primarii-a-ajuns-doar-parte-din-sumele-cerute\/"},"author":{"name":"Florin R\u00e2\u0219teiu","@id":"https:\/\/buletin.de\/bucuresti\/#\/schema\/person\/b0686d7a8b666c6afc78239777fd8a89"},"headline":"Banii pe m\u00e2ncarea \u0219i cazarea refugi\u021bilor ucraineni \u00eent\u00e2rzie. La prim\u0103rii a ajuns doar parte din sumele cerute","datePublished":"2022-06-29T19:02:51+00:00","dateModified":"2022-06-30T04:41:59+00:00","mainEntityOfPage":{"@id":"https:\/\/buletin.de\/bucuresti\/banii-pe-mancarea-si-cazarea-refugitilor-ucraineni-intarzie-la-primarii-a-ajuns-doar-parte-din-sumele-cerute\/"},"wordCount":484,"publisher":{"@id":"https:\/\/buletin.de\/bucuresti\/#organization"},"image":{"@id":"https:\/\/buletin.de\/bucuresti\/banii-pe-mancarea-si-cazarea-refugitilor-ucraineni-intarzie-la-primarii-a-ajuns-doar-parte-din-sumele-cerute\/#primaryimage"},"thumbnailUrl":"https:\/\/buletin.de\/bucuresti\/wp-content\/uploads\/WhatsApp-Image-2022-04-19-at-17.05.56.jpeg","articleSection":["\u0218tiri"],"inLanguage":"en-GB","copyrightYear":"2022","copyrightHolder":{"@id":"https:\/\/buletin.de\/bucuresti\/#organization"}},{"@type":"WebPage","@id":"https:\/\/buletin.de\/bucuresti\/banii-pe-mancarea-si-cazarea-refugitilor-ucraineni-intarzie-la-primarii-a-ajuns-doar-parte-din-sumele-cerute\/","url":"https:\/\/buletin.de\/bucuresti\/banii-pe-mancarea-si-cazarea-refugitilor-ucraineni-intarzie-la-primarii-a-ajuns-doar-parte-din-sumele-cerute\/","name":"Banii pe m\u00e2ncarea \u0219i cazarea refugi\u021bilor ucraineni \u00eent\u00e2rzie. La prim\u0103rii a ajuns doar parte din sumele cerute - Buletin de Bucure\u0219ti","isPartOf":{"@id":"https:\/\/buletin.de\/bucuresti\/#website"},"primaryImageOfPage":{"@id":"https:\/\/buletin.de\/bucuresti\/banii-pe-mancarea-si-cazarea-refugitilor-ucraineni-intarzie-la-primarii-a-ajuns-doar-parte-din-sumele-cerute\/#primaryimage"},"image":{"@id":"https:\/\/buletin.de\/bucuresti\/banii-pe-mancarea-si-cazarea-refugitilor-ucraineni-intarzie-la-primarii-a-ajuns-doar-parte-din-sumele-cerute\/#primaryimage"},"thumbnailUrl":"https:\/\/buletin.de\/bucuresti\/wp-content\/uploads\/WhatsApp-Image-2022-04-19-at-17.05.56.jpeg","datePublished":"2022-06-29T19:02:51+00:00","dateModified":"2022-06-30T04:41:59+00:00","breadcrumb":{"@id":"https:\/\/buletin.de\/bucuresti\/banii-pe-mancarea-si-cazarea-refugitilor-ucraineni-intarzie-la-primarii-a-ajuns-doar-parte-din-sumele-cerute\/#breadcrumb"},"inLanguage":"en-GB","potentialAction":[{"@type":"ReadAction","target":["https:\/\/buletin.de\/bucuresti\/banii-pe-mancarea-si-cazarea-refugitilor-ucraineni-intarzie-la-primarii-a-ajuns-doar-parte-din-sumele-cerute\/"]}]},{"@type":"ImageObject","inLanguage":"en-GB","@id":"https:\/\/buletin.de\/bucuresti\/banii-pe-mancarea-si-cazarea-refugitilor-ucraineni-intarzie-la-primarii-a-ajuns-doar-parte-din-sumele-cerute\/#primaryimage","url":"https:\/\/buletin.de\/bucuresti\/wp-content\/uploads\/WhatsApp-Image-2022-04-19-at-17.05.56.jpeg","contentUrl":"https:\/\/buletin.de\/bucuresti\/wp-content\/uploads\/WhatsApp-Image-2022-04-19-at-17.05.56.jpeg","width":1600,"height":1066},{"@type":"BreadcrumbList","@id":"https:\/\/buletin.de\/bucuresti\/banii-pe-mancarea-si-cazarea-refugitilor-ucraineni-intarzie-la-primarii-a-ajuns-doar-parte-din-sumele-cerute\/#breadcrumb","itemListElement":[{"@type":"ListItem","position":1,"name":"Acas\u0103","item":"https:\/\/buletin.de\/bucuresti\/"},{"@type":"ListItem","position":2,"name":"Banii pe m\u00e2ncarea \u0219i cazarea refugi\u021bilor ucraineni \u00eent\u00e2rzie. La prim\u0103rii a ajuns doar parte din sumele cerute"}]},{"@type":"WebSite","@id":"https:\/\/buletin.de\/bucuresti\/#website","url":"https:\/\/buletin.de\/bucuresti\/","name":"Buletin de Bucure\u0219ti","description":"\u0218tiri \u0219i investiga\u021bii esen\u021biale din capital\u0103","publisher":{"@id":"https:\/\/buletin.de\/bucuresti\/#organization"},"potentialAction":[{"@type":"SearchAction","target":{"@type":"EntryPoint","urlTemplate":"https:\/\/buletin.de\/bucuresti\/?s={search_term_string}"},"query-input":{"@type":"PropertyValueSpecification","valueRequired":true,"valueName":"search_term_string"}}],"inLanguage":"en-GB"},{"@type":"Organization","@id":"https:\/\/buletin.de\/bucuresti\/#organization","name":"Buletin de Bucure\u0219ti","url":"https:\/\/buletin.de\/bucuresti\/","logo":{"@type":"ImageObject","inLanguage":"en-GB","@id":"https:\/\/buletin.de\/bucuresti\/#\/schema\/logo\/image\/","url":"https:\/\/buletin.de\/bucuresti\/wp-content\/uploads\/logo-bdb-full-wide-vernil-transparent.png","contentUrl":"https:\/\/buletin.de\/bucuresti\/wp-content\/uploads\/logo-bdb-full-wide-vernil-transparent.png","width":1782,"height":626,"caption":"Buletin de Bucure\u0219ti"},"image":{"@id":"https:\/\/buletin.de\/bucuresti\/#\/schema\/logo\/image\/"},"sameAs":["https:\/\/www.facebook.com\/buletin.de.buc","https:\/\/www.instagram.com\/buletinde.bucuresti\/"]},{"@type":"Person","@id":"https:\/\/buletin.de\/bucuresti\/#\/schema\/person\/b0686d7a8b666c6afc78239777fd8a89","name":"Florin R\u00e2\u0219teiu","image":{"@type":"ImageObject","inLanguage":"en-GB","@id":"https:\/\/buletin.de\/bucuresti\/wp-content\/uploads\/Florin-Rasteiu-96x96.jpgf0a6fe28453aa12f0a60e4d0a2e3a78c","url":"https:\/\/buletin.de\/bucuresti\/wp-content\/uploads\/Florin-Rasteiu-96x96.jpg","contentUrl":"https:\/\/buletin.de\/bucuresti\/wp-content\/uploads\/Florin-Rasteiu-96x96.jpg","caption":"Florin R\u00e2\u0219teiu"},"description":"Jurnalist de investiga\u021bie. Lucreaz\u0103 de aproape 6 ani la Buletin de Bucure\u0219ti, unde a publicat articole care scot la suprafa\u021b\u0103 corup\u021bia din Capital\u0103. Analizeaz\u0103 baze de date zilnic \u0219i scoate pove\u0219ti din exceluri pline de cifre. Pune reflectorul pe adev\u0103r cu fiecare ocazie. A c\u00e2\u0219tigat premiul I la categoria Pres\u0103 Local\u0103 \u00een 2025 \u0219i locul al II-lea la aceea\u0219i categorie \u00een 2024 \u00een cadrul Premiilor Superscrieri pentru jurnalism independent.","url":"https:\/\/buletin.de\/bucuresti\/author\/florinrasteiu\/"}]}},"authors":[{"term_id":22576,"user_id":17,"is_guest":0,"slug":"florinrasteiu","display_name":"Florin R\u00e2\u0219teiu","avatar_url":"https:\/\/buletin.de\/bucuresti\/wp-content\/uploads\/Florin-Rasteiu-96x96.jpg","0":null,"1":"","2":"","3":"","4":"","5":"","6":"","7":"","8":""}],"_links":{"self":[{"href":"https:\/\/buletin.de\/bucuresti\/wp-json\/wp\/v2\/posts\/43940","targetHints":{"allow":["GET"]}}],"collection":[{"href":"https:\/\/buletin.de\/bucuresti\/wp-json\/wp\/v2\/posts"}],"about":[{"href":"https:\/\/buletin.de\/bucuresti\/wp-json\/wp\/v2\/types\/post"}],"author":[{"embeddable":true,"href":"https:\/\/buletin.de\/bucuresti\/wp-json\/wp\/v2\/users\/17"}],"replies":[{"embeddable":true,"href":"https:\/\/buletin.de\/bucuresti\/wp-json\/wp\/v2\/comments?post=43940"}],"version-history":[{"count":3,"href":"https:\/\/buletin.de\/bucuresti\/wp-json\/wp\/v2\/posts\/43940\/revisions"}],"predecessor-version":[{"id":43953,"href":"https:\/\/buletin.de\/bucuresti\/wp-json\/wp\/v2\/posts\/43940\/revisions\/43953"}],"wp:featuredmedia":[{"embeddable":true,"href":"https:\/\/buletin.de\/bucuresti\/wp-json\/wp\/v2\/media\/42061"}],"wp:attachment":[{"href":"https:\/\/buletin.de\/bucuresti\/wp-json\/wp\/v2\/media?parent=43940"}],"wp:term":[{"taxonomy":"category","embeddable":true,"href":"https:\/\/buletin.de\/bucuresti\/wp-json\/wp\/v2\/categories?post=43940"},{"taxonomy":"post_tag","embeddable":true,"href":"https:\/\/buletin.de\/bucuresti\/wp-json\/wp\/v2\/tags?post=43940"},{"taxonomy":"author","embeddable":true,"href":"https:\/\/buletin.de\/bucuresti\/wp-json\/wp\/v2\/ppma_author?post=43940"}],"curies":[{"name":"wp","href":"https:\/\/api.w.org\/{rel}","templated":true}]}}