{"id":4389,"date":"2020-03-19T14:07:33","date_gmt":"2020-03-19T11:07:33","guid":{"rendered":"https:\/\/buletin.de\/bucuresti\/?p=4389"},"modified":"2020-03-19T21:48:44","modified_gmt":"2020-03-19T18:48:44","slug":"live-text-coronavirus-bucuresti-19-martie-2020","status":"publish","type":"post","link":"https:\/\/buletin.de\/bucuresti\/live-text-coronavirus-bucuresti-19-martie-2020\/","title":{"rendered":"LIVE TEXT. Coronavirus &#8211; Bucure\u0219ti, 19 martie 2020"},"content":{"rendered":"\n<p><em>La 23 zile dup\u0103 depistarea primului caz de Covid-19 pe teritoriul Rom\u00e2niei exist\u0103 <strong>277 de persoane testate pozitiv<\/strong>. 91 sunt \u00een Bucure\u0219ti, num\u0103rul cel mai ridicat din \u021bar\u0103. \u00cen prezent, 25 pacien\u021bi sunt declara\u021bi vindeca\u021bi \u0219i au fost externa\u021bi. Rom\u00e2nia a intrat \u00een scenariul trei \u0219i se afl\u0103 \u00een <a href=\"https:\/\/buletin.de\/bucuresti\/s-a-declarat-stare-de-urgenta-ce-inseamna\/\">stare de urgen\u021b\u0103<\/a>.<\/em> <br><em><br>Vezi mai jos cele mai recente informa\u021bii oficiale de ast\u0103zi. Toate nout\u0103\u021bile din zilele trecute le g\u0103se\u0219ti <a href=\"https:\/\/buletin.de\/bucuresti\/livetext-coronavirus-bucuresti\/\">aici.<\/a><\/em><\/p>\n\n\n\n<p><\/p>\n\n\n\n<h3 class=\"has-vivid-cyan-blue-color has-text-color has-text-align-center wp-block-heading\">Iat\u0103 cifrele din spatele epidemiei de Coronavirus \u0219i actualiz\u0103ri zilnice \u2b07\ufe0f<\/h3>\n\n\n\n<style>\n\n.full-width {\n  width: 100vw;\n  position: relative;\n  left: 50%;\n  right: 50%;\n  margin-left: -50vw;\n  margin-right: -50vw;\n}\n\n<\/style>\n\n\n\n<p><\/p>\n\n\n\n<div class=\"full-width\">\n<div class=\"infogram-embed\" data-id=\"27f09ce8-c508-413b-ac49-b60b01815be0\" data-type=\"interactive\" data-title=\"Cazuri covid-19 tara\/buc\"><\/div><script>!function(e,i,n,s){var t=\"InfogramEmbeds\",d=e.getElementsByTagName(\"script\")[0];if(window[t]&&window[t].initialized)window[t].process&&window[t].process();else if(!e.getElementById(n)){var o=e.createElement(\"script\");o.async=1,o.id=n,o.src=\"https:\/\/e.infogram.com\/js\/dist\/embed-loader-min.js\",d.parentNode.insertBefore(o,d)}}(document,0,\"infogram-async\");<\/script>\n<\/div>\n<style>\nh2 {\nmargin-top: 150px;\nfont-size: 3em;\ntext-align: center;\n}\n<\/style>\n\n\n\n<h3 class=\"wp-block-heading\">Ora 20:00, 19 martie<\/h3>\n\n\n\n<p>Un diplomat care \u00ee\u0219i desf\u0103\u0219oar\u0103 activitatea \u00een cadrul Ambasadei Rom\u00e2niei \u00een Marele Ducat al Luxemburgului a fost testat pozitiv cu COVID-19. Diplomatul a prezentat unele simptome usoare, care au disp\u0103rut, iar \u00een prezent se simte bine.<\/p>\n\n\n\n<h3 class=\"wp-block-heading\">Ora 14:30<\/h3>\n\n\n\n<p>Noi \u021b\u0103ri au fost introduse \u00een zona galben\u0103: Brazilia, Cehia \u0219i Portugalia. Persoanele care se \u00eentorc pe teritoriul Rom\u00e2niei din una din \u021b\u0103rile din zona galben\u0103 sunt obligate s\u0103 stea 14 zile izolate la domiciliu, indiferent dac\u0103 prezint\u0103 sau nu simptome de infectare cu Covid-19. Cele care vin din zona ro\u0219ie intr\u0103 direct \u00een carantin\u0103 institu\u021bionalizat\u0103.<\/p>\n\n\n\n<div class=\"wp-block-image\"><figure class=\"aligncenter size-large\"><img fetchpriority=\"high\" decoding=\"async\" width=\"385\" height=\"220\" src=\"data:image\/gif;base64,R0lGODlhAQABAAAAACH5BAEKAAEALAAAAAABAAEAAAICTAEAOw==\" data-src=\"https:\/\/buletin.de\/bucuresti\/wp-content\/uploads\/image-76.png\" alt=\"\" class=\"wp-image-4431 lazyload\" data-sizes=\"auto\" data-srcset=\"https:\/\/buletin.de\/bucuresti\/wp-content\/uploads\/image-76.png 385w, https:\/\/buletin.de\/bucuresti\/wp-content\/uploads\/image-76-300x171.png 300w\" sizes=\"(max-width: 385px) 100vw, 385px\" \/><\/figure><\/div>\n\n\n\n<div class=\"wp-block-image\"><figure class=\"aligncenter size-large\"><img decoding=\"async\" width=\"552\" height=\"560\" src=\"data:image\/gif;base64,R0lGODlhAQABAAAAACH5BAEKAAEALAAAAAABAAEAAAICTAEAOw==\" data-src=\"https:\/\/buletin.de\/bucuresti\/wp-content\/uploads\/image-77.png\" alt=\"\" class=\"wp-image-4432 lazyload\" data-sizes=\"auto\" data-srcset=\"https:\/\/buletin.de\/bucuresti\/wp-content\/uploads\/image-77.png 552w, https:\/\/buletin.de\/bucuresti\/wp-content\/uploads\/image-77-100x100.png 100w, https:\/\/buletin.de\/bucuresti\/wp-content\/uploads\/image-77-296x300.png 296w, https:\/\/buletin.de\/bucuresti\/wp-content\/uploads\/image-77-550x558.png 550w, https:\/\/buletin.de\/bucuresti\/wp-content\/uploads\/image-77-493x500.png 493w\" sizes=\"(max-width: 552px) 100vw, 552px\" \/><\/figure><\/div>\n\n\n\n<p><\/p>\n\n\n\n<p><\/p>\n\n\n\n<h3 class=\"wp-block-heading\">Ora 13:00<\/h3>\n\n\n\n<p>17 cazuri noi de \u00eemboln\u0103vire cu Covid-19 tocmai au fost confirmate. \u00cen Bucure\u0219ti num\u0103rul pacien\u021bilor cre\u0219te cu 3, ceea ce ne aduce la un total de 91 \u00een Capital\u0103 \u0219i 277 \u00een Rom\u00e2nia.  <\/p>\n","protected":false},"excerpt":{"rendered":"<p>La 23 zile dup\u0103 depistarea primului caz de Covid-19 pe teritoriul Rom\u00e2niei exist\u0103 277 de persoane testate pozitiv. 91 sunt \u00een Bucure\u0219ti, num\u0103rul cel mai ridicat din \u021bar\u0103. \u00cen prezent, 25 pacien\u021bi sunt declara\u021bi vindeca\u021bi \u0219i au fost externa\u021bi. Rom\u00e2nia a intrat \u00een scenariul trei \u0219i se afl\u0103 \u00een stare de urgen\u021b\u0103. Vezi mai jos [&hellip;]<\/p>\n","protected":false},"author":6,"featured_media":4394,"comment_status":"closed","ping_status":"open","sticky":false,"template":"","format":"standard","meta":{"_acf_changed":false,"inline_featured_image":false,"ngg_post_thumbnail":0,"footnotes":""},"categories":[4,62],"tags":[],"ppma_author":[22588],"class_list":["post-4389","post","type-post","status-publish","format-standard","has-post-thumbnail","hentry","category-sanatate","category-stiri"],"acf":[],"yoast_head":"<!-- This site is optimized with the Yoast SEO Premium plugin v25.3 (Yoast SEO v27.5) - https:\/\/yoast.com\/product\/yoast-seo-premium-wordpress\/ -->\n<title>LIVE TEXT. Coronavirus - Bucure\u0219ti, 19 martie 2020 - Buletin de Bucure\u0219ti<\/title>\n<meta name=\"robots\" content=\"index, follow, max-snippet:-1, max-image-preview:large, max-video-preview:-1\" \/>\n<link rel=\"canonical\" href=\"https:\/\/buletin.de\/bucuresti\/live-text-coronavirus-bucuresti-19-martie-2020\/\" \/>\n<meta property=\"og:locale\" content=\"en_GB\" \/>\n<meta property=\"og:type\" content=\"article\" \/>\n<meta property=\"og:title\" content=\"LIVE TEXT. Coronavirus - Bucure\u0219ti, 19 martie 2020\" \/>\n<meta property=\"og:description\" content=\"La 23 zile dup\u0103 depistarea primului caz de Covid-19 pe teritoriul Rom\u00e2niei exist\u0103 277 de persoane testate pozitiv. 91 sunt \u00een Bucure\u0219ti, num\u0103rul cel mai ridicat din \u021bar\u0103. \u00cen prezent, 25 pacien\u021bi sunt declara\u021bi vindeca\u021bi \u0219i au fost externa\u021bi. Rom\u00e2nia a intrat \u00een scenariul trei \u0219i se afl\u0103 \u00een stare de urgen\u021b\u0103. Vezi mai jos [&hellip;]\" \/>\n<meta property=\"og:url\" content=\"https:\/\/buletin.de\/bucuresti\/live-text-coronavirus-bucuresti-19-martie-2020\/\" \/>\n<meta property=\"og:site_name\" content=\"Buletin de Bucure\u0219ti\" \/>\n<meta property=\"article:publisher\" content=\"https:\/\/www.facebook.com\/buletin.de.buc\" \/>\n<meta property=\"article:published_time\" content=\"2020-03-19T11:07:33+00:00\" \/>\n<meta property=\"article:modified_time\" content=\"2020-03-19T18:48:44+00:00\" \/>\n<meta property=\"og:image\" content=\"https:\/\/buletin.de\/bucuresti\/wp-content\/uploads\/Screenshot_7.png\" \/>\n\t<meta property=\"og:image:width\" content=\"1335\" \/>\n\t<meta property=\"og:image:height\" content=\"428\" \/>\n\t<meta property=\"og:image:type\" content=\"image\/png\" \/>\n<meta name=\"author\" content=\"Bianca Albu\" \/>\n<meta name=\"twitter:card\" content=\"summary_large_image\" \/>\n<meta name=\"twitter:label1\" content=\"Written by\" \/>\n\t<meta name=\"twitter:data1\" content=\"Bianca Albu\" \/>\n\t<meta name=\"twitter:label2\" content=\"Estimated reading time\" \/>\n\t<meta name=\"twitter:data2\" content=\"1 minute\" \/>\n<script type=\"application\/ld+json\" class=\"yoast-schema-graph\">{\"@context\":\"https:\\\/\\\/schema.org\",\"@graph\":[{\"@type\":\"Article\",\"@id\":\"https:\\\/\\\/buletin.de\\\/bucuresti\\\/live-text-coronavirus-bucuresti-19-martie-2020\\\/#article\",\"isPartOf\":{\"@id\":\"https:\\\/\\\/buletin.de\\\/bucuresti\\\/live-text-coronavirus-bucuresti-19-martie-2020\\\/\"},\"author\":{\"name\":\"Bianca Albu\",\"@id\":\"https:\\\/\\\/buletin.de\\\/bucuresti\\\/#\\\/schema\\\/person\\\/295dc2228d2dc79294d636619468dc7f\"},\"headline\":\"LIVE TEXT. Coronavirus &#8211; Bucure\u0219ti, 19 martie 2020\",\"datePublished\":\"2020-03-19T11:07:33+00:00\",\"dateModified\":\"2020-03-19T18:48:44+00:00\",\"mainEntityOfPage\":{\"@id\":\"https:\\\/\\\/buletin.de\\\/bucuresti\\\/live-text-coronavirus-bucuresti-19-martie-2020\\\/\"},\"wordCount\":233,\"publisher\":{\"@id\":\"https:\\\/\\\/buletin.de\\\/bucuresti\\\/#organization\"},\"image\":{\"@id\":\"https:\\\/\\\/buletin.de\\\/bucuresti\\\/live-text-coronavirus-bucuresti-19-martie-2020\\\/#primaryimage\"},\"thumbnailUrl\":\"https:\\\/\\\/buletin.de\\\/bucuresti\\\/wp-content\\\/uploads\\\/Screenshot_7.png\",\"articleSection\":[\"S\u0103n\u0103tate\",\"\u0218tiri\"],\"inLanguage\":\"en-GB\",\"copyrightYear\":\"2020\",\"copyrightHolder\":{\"@id\":\"https:\\\/\\\/buletin.de\\\/bucuresti\\\/#organization\"}},{\"@type\":\"WebPage\",\"@id\":\"https:\\\/\\\/buletin.de\\\/bucuresti\\\/live-text-coronavirus-bucuresti-19-martie-2020\\\/\",\"url\":\"https:\\\/\\\/buletin.de\\\/bucuresti\\\/live-text-coronavirus-bucuresti-19-martie-2020\\\/\",\"name\":\"LIVE TEXT. Coronavirus - Bucure\u0219ti, 19 martie 2020 - Buletin de Bucure\u0219ti\",\"isPartOf\":{\"@id\":\"https:\\\/\\\/buletin.de\\\/bucuresti\\\/#website\"},\"primaryImageOfPage\":{\"@id\":\"https:\\\/\\\/buletin.de\\\/bucuresti\\\/live-text-coronavirus-bucuresti-19-martie-2020\\\/#primaryimage\"},\"image\":{\"@id\":\"https:\\\/\\\/buletin.de\\\/bucuresti\\\/live-text-coronavirus-bucuresti-19-martie-2020\\\/#primaryimage\"},\"thumbnailUrl\":\"https:\\\/\\\/buletin.de\\\/bucuresti\\\/wp-content\\\/uploads\\\/Screenshot_7.png\",\"datePublished\":\"2020-03-19T11:07:33+00:00\",\"dateModified\":\"2020-03-19T18:48:44+00:00\",\"breadcrumb\":{\"@id\":\"https:\\\/\\\/buletin.de\\\/bucuresti\\\/live-text-coronavirus-bucuresti-19-martie-2020\\\/#breadcrumb\"},\"inLanguage\":\"en-GB\",\"potentialAction\":[{\"@type\":\"ReadAction\",\"target\":[\"https:\\\/\\\/buletin.de\\\/bucuresti\\\/live-text-coronavirus-bucuresti-19-martie-2020\\\/\"]}]},{\"@type\":\"ImageObject\",\"inLanguage\":\"en-GB\",\"@id\":\"https:\\\/\\\/buletin.de\\\/bucuresti\\\/live-text-coronavirus-bucuresti-19-martie-2020\\\/#primaryimage\",\"url\":\"https:\\\/\\\/buletin.de\\\/bucuresti\\\/wp-content\\\/uploads\\\/Screenshot_7.png\",\"contentUrl\":\"https:\\\/\\\/buletin.de\\\/bucuresti\\\/wp-content\\\/uploads\\\/Screenshot_7.png\",\"width\":1335,\"height\":428},{\"@type\":\"BreadcrumbList\",\"@id\":\"https:\\\/\\\/buletin.de\\\/bucuresti\\\/live-text-coronavirus-bucuresti-19-martie-2020\\\/#breadcrumb\",\"itemListElement\":[{\"@type\":\"ListItem\",\"position\":1,\"name\":\"Acas\u0103\",\"item\":\"https:\\\/\\\/buletin.de\\\/bucuresti\\\/\"},{\"@type\":\"ListItem\",\"position\":2,\"name\":\"LIVE TEXT. Coronavirus &#8211; Bucure\u0219ti, 19 martie 2020\"}]},{\"@type\":\"WebSite\",\"@id\":\"https:\\\/\\\/buletin.de\\\/bucuresti\\\/#website\",\"url\":\"https:\\\/\\\/buletin.de\\\/bucuresti\\\/\",\"name\":\"Buletin de Bucure\u0219ti\",\"description\":\"\u0218tiri \u0219i investiga\u021bii esen\u021biale din capital\u0103\",\"publisher\":{\"@id\":\"https:\\\/\\\/buletin.de\\\/bucuresti\\\/#organization\"},\"potentialAction\":[{\"@type\":\"SearchAction\",\"target\":{\"@type\":\"EntryPoint\",\"urlTemplate\":\"https:\\\/\\\/buletin.de\\\/bucuresti\\\/?s={search_term_string}\"},\"query-input\":{\"@type\":\"PropertyValueSpecification\",\"valueRequired\":true,\"valueName\":\"search_term_string\"}}],\"inLanguage\":\"en-GB\"},{\"@type\":\"Organization\",\"@id\":\"https:\\\/\\\/buletin.de\\\/bucuresti\\\/#organization\",\"name\":\"Buletin de Bucure\u0219ti\",\"url\":\"https:\\\/\\\/buletin.de\\\/bucuresti\\\/\",\"logo\":{\"@type\":\"ImageObject\",\"inLanguage\":\"en-GB\",\"@id\":\"https:\\\/\\\/buletin.de\\\/bucuresti\\\/#\\\/schema\\\/logo\\\/image\\\/\",\"url\":\"https:\\\/\\\/buletin.de\\\/bucuresti\\\/wp-content\\\/uploads\\\/logo-bdb-full-wide-vernil-transparent.png\",\"contentUrl\":\"https:\\\/\\\/buletin.de\\\/bucuresti\\\/wp-content\\\/uploads\\\/logo-bdb-full-wide-vernil-transparent.png\",\"width\":1782,\"height\":626,\"caption\":\"Buletin de Bucure\u0219ti\"},\"image\":{\"@id\":\"https:\\\/\\\/buletin.de\\\/bucuresti\\\/#\\\/schema\\\/logo\\\/image\\\/\"},\"sameAs\":[\"https:\\\/\\\/www.facebook.com\\\/buletin.de.buc\",\"https:\\\/\\\/www.instagram.com\\\/buletinde.bucuresti\\\/\"]},{\"@type\":\"Person\",\"@id\":\"https:\\\/\\\/buletin.de\\\/bucuresti\\\/#\\\/schema\\\/person\\\/295dc2228d2dc79294d636619468dc7f\",\"name\":\"Bianca Albu\",\"image\":{\"@type\":\"ImageObject\",\"inLanguage\":\"en-GB\",\"@id\":\"https:\\\/\\\/secure.gravatar.com\\\/avatar\\\/3df2e34e20f529e6fd7be4311ee1f7c4ec4aa886971590baf6fa214b15743516?s=96&d=monsterid&r=gf541c715eeec409ce8101252a3c0d8a7\",\"url\":\"https:\\\/\\\/secure.gravatar.com\\\/avatar\\\/3df2e34e20f529e6fd7be4311ee1f7c4ec4aa886971590baf6fa214b15743516?s=96&d=monsterid&r=g\",\"contentUrl\":\"https:\\\/\\\/secure.gravatar.com\\\/avatar\\\/3df2e34e20f529e6fd7be4311ee1f7c4ec4aa886971590baf6fa214b15743516?s=96&d=monsterid&r=g\",\"caption\":\"Bianca Albu\"},\"description\":\"Reporter\",\"url\":\"https:\\\/\\\/buletin.de\\\/bucuresti\\\/author\\\/biancaalbu\\\/\"}]}<\/script>\n<!-- \/ Yoast SEO Premium plugin. -->","yoast_head_json":{"title":"LIVE TEXT. Coronavirus - Bucure\u0219ti, 19 martie 2020 - Buletin de Bucure\u0219ti","robots":{"index":"index","follow":"follow","max-snippet":"max-snippet:-1","max-image-preview":"max-image-preview:large","max-video-preview":"max-video-preview:-1"},"canonical":"https:\/\/buletin.de\/bucuresti\/live-text-coronavirus-bucuresti-19-martie-2020\/","og_locale":"en_GB","og_type":"article","og_title":"LIVE TEXT. Coronavirus - Bucure\u0219ti, 19 martie 2020","og_description":"La 23 zile dup\u0103 depistarea primului caz de Covid-19 pe teritoriul Rom\u00e2niei exist\u0103 277 de persoane testate pozitiv. 91 sunt \u00een Bucure\u0219ti, num\u0103rul cel mai ridicat din \u021bar\u0103. \u00cen prezent, 25 pacien\u021bi sunt declara\u021bi vindeca\u021bi \u0219i au fost externa\u021bi. Rom\u00e2nia a intrat \u00een scenariul trei \u0219i se afl\u0103 \u00een stare de urgen\u021b\u0103. Vezi mai jos [&hellip;]","og_url":"https:\/\/buletin.de\/bucuresti\/live-text-coronavirus-bucuresti-19-martie-2020\/","og_site_name":"Buletin de Bucure\u0219ti","article_publisher":"https:\/\/www.facebook.com\/buletin.de.buc","article_published_time":"2020-03-19T11:07:33+00:00","article_modified_time":"2020-03-19T18:48:44+00:00","og_image":[{"width":1335,"height":428,"url":"https:\/\/buletin.de\/bucuresti\/wp-content\/uploads\/Screenshot_7.png","type":"image\/png"}],"author":"Bianca Albu","twitter_card":"summary_large_image","twitter_misc":{"Written by":"Bianca Albu","Estimated reading time":"1 minute"},"schema":{"@context":"https:\/\/schema.org","@graph":[{"@type":"Article","@id":"https:\/\/buletin.de\/bucuresti\/live-text-coronavirus-bucuresti-19-martie-2020\/#article","isPartOf":{"@id":"https:\/\/buletin.de\/bucuresti\/live-text-coronavirus-bucuresti-19-martie-2020\/"},"author":{"name":"Bianca Albu","@id":"https:\/\/buletin.de\/bucuresti\/#\/schema\/person\/295dc2228d2dc79294d636619468dc7f"},"headline":"LIVE TEXT. Coronavirus &#8211; Bucure\u0219ti, 19 martie 2020","datePublished":"2020-03-19T11:07:33+00:00","dateModified":"2020-03-19T18:48:44+00:00","mainEntityOfPage":{"@id":"https:\/\/buletin.de\/bucuresti\/live-text-coronavirus-bucuresti-19-martie-2020\/"},"wordCount":233,"publisher":{"@id":"https:\/\/buletin.de\/bucuresti\/#organization"},"image":{"@id":"https:\/\/buletin.de\/bucuresti\/live-text-coronavirus-bucuresti-19-martie-2020\/#primaryimage"},"thumbnailUrl":"https:\/\/buletin.de\/bucuresti\/wp-content\/uploads\/Screenshot_7.png","articleSection":["S\u0103n\u0103tate","\u0218tiri"],"inLanguage":"en-GB","copyrightYear":"2020","copyrightHolder":{"@id":"https:\/\/buletin.de\/bucuresti\/#organization"}},{"@type":"WebPage","@id":"https:\/\/buletin.de\/bucuresti\/live-text-coronavirus-bucuresti-19-martie-2020\/","url":"https:\/\/buletin.de\/bucuresti\/live-text-coronavirus-bucuresti-19-martie-2020\/","name":"LIVE TEXT. Coronavirus - Bucure\u0219ti, 19 martie 2020 - Buletin de Bucure\u0219ti","isPartOf":{"@id":"https:\/\/buletin.de\/bucuresti\/#website"},"primaryImageOfPage":{"@id":"https:\/\/buletin.de\/bucuresti\/live-text-coronavirus-bucuresti-19-martie-2020\/#primaryimage"},"image":{"@id":"https:\/\/buletin.de\/bucuresti\/live-text-coronavirus-bucuresti-19-martie-2020\/#primaryimage"},"thumbnailUrl":"https:\/\/buletin.de\/bucuresti\/wp-content\/uploads\/Screenshot_7.png","datePublished":"2020-03-19T11:07:33+00:00","dateModified":"2020-03-19T18:48:44+00:00","breadcrumb":{"@id":"https:\/\/buletin.de\/bucuresti\/live-text-coronavirus-bucuresti-19-martie-2020\/#breadcrumb"},"inLanguage":"en-GB","potentialAction":[{"@type":"ReadAction","target":["https:\/\/buletin.de\/bucuresti\/live-text-coronavirus-bucuresti-19-martie-2020\/"]}]},{"@type":"ImageObject","inLanguage":"en-GB","@id":"https:\/\/buletin.de\/bucuresti\/live-text-coronavirus-bucuresti-19-martie-2020\/#primaryimage","url":"https:\/\/buletin.de\/bucuresti\/wp-content\/uploads\/Screenshot_7.png","contentUrl":"https:\/\/buletin.de\/bucuresti\/wp-content\/uploads\/Screenshot_7.png","width":1335,"height":428},{"@type":"BreadcrumbList","@id":"https:\/\/buletin.de\/bucuresti\/live-text-coronavirus-bucuresti-19-martie-2020\/#breadcrumb","itemListElement":[{"@type":"ListItem","position":1,"name":"Acas\u0103","item":"https:\/\/buletin.de\/bucuresti\/"},{"@type":"ListItem","position":2,"name":"LIVE TEXT. Coronavirus &#8211; Bucure\u0219ti, 19 martie 2020"}]},{"@type":"WebSite","@id":"https:\/\/buletin.de\/bucuresti\/#website","url":"https:\/\/buletin.de\/bucuresti\/","name":"Buletin de Bucure\u0219ti","description":"\u0218tiri \u0219i investiga\u021bii esen\u021biale din capital\u0103","publisher":{"@id":"https:\/\/buletin.de\/bucuresti\/#organization"},"potentialAction":[{"@type":"SearchAction","target":{"@type":"EntryPoint","urlTemplate":"https:\/\/buletin.de\/bucuresti\/?s={search_term_string}"},"query-input":{"@type":"PropertyValueSpecification","valueRequired":true,"valueName":"search_term_string"}}],"inLanguage":"en-GB"},{"@type":"Organization","@id":"https:\/\/buletin.de\/bucuresti\/#organization","name":"Buletin de Bucure\u0219ti","url":"https:\/\/buletin.de\/bucuresti\/","logo":{"@type":"ImageObject","inLanguage":"en-GB","@id":"https:\/\/buletin.de\/bucuresti\/#\/schema\/logo\/image\/","url":"https:\/\/buletin.de\/bucuresti\/wp-content\/uploads\/logo-bdb-full-wide-vernil-transparent.png","contentUrl":"https:\/\/buletin.de\/bucuresti\/wp-content\/uploads\/logo-bdb-full-wide-vernil-transparent.png","width":1782,"height":626,"caption":"Buletin de Bucure\u0219ti"},"image":{"@id":"https:\/\/buletin.de\/bucuresti\/#\/schema\/logo\/image\/"},"sameAs":["https:\/\/www.facebook.com\/buletin.de.buc","https:\/\/www.instagram.com\/buletinde.bucuresti\/"]},{"@type":"Person","@id":"https:\/\/buletin.de\/bucuresti\/#\/schema\/person\/295dc2228d2dc79294d636619468dc7f","name":"Bianca Albu","image":{"@type":"ImageObject","inLanguage":"en-GB","@id":"https:\/\/secure.gravatar.com\/avatar\/3df2e34e20f529e6fd7be4311ee1f7c4ec4aa886971590baf6fa214b15743516?s=96&d=monsterid&r=gf541c715eeec409ce8101252a3c0d8a7","url":"https:\/\/secure.gravatar.com\/avatar\/3df2e34e20f529e6fd7be4311ee1f7c4ec4aa886971590baf6fa214b15743516?s=96&d=monsterid&r=g","contentUrl":"https:\/\/secure.gravatar.com\/avatar\/3df2e34e20f529e6fd7be4311ee1f7c4ec4aa886971590baf6fa214b15743516?s=96&d=monsterid&r=g","caption":"Bianca Albu"},"description":"Reporter","url":"https:\/\/buletin.de\/bucuresti\/author\/biancaalbu\/"}]}},"authors":[{"term_id":22588,"user_id":6,"is_guest":0,"slug":"biancaalbu","display_name":"Bianca Albu","avatar_url":"https:\/\/secure.gravatar.com\/avatar\/3df2e34e20f529e6fd7be4311ee1f7c4ec4aa886971590baf6fa214b15743516?s=96&d=monsterid&r=g","0":null,"1":"","2":"","3":"","4":"","5":"","6":"","7":"","8":""}],"_links":{"self":[{"href":"https:\/\/buletin.de\/bucuresti\/wp-json\/wp\/v2\/posts\/4389","targetHints":{"allow":["GET"]}}],"collection":[{"href":"https:\/\/buletin.de\/bucuresti\/wp-json\/wp\/v2\/posts"}],"about":[{"href":"https:\/\/buletin.de\/bucuresti\/wp-json\/wp\/v2\/types\/post"}],"author":[{"embeddable":true,"href":"https:\/\/buletin.de\/bucuresti\/wp-json\/wp\/v2\/users\/6"}],"replies":[{"embeddable":true,"href":"https:\/\/buletin.de\/bucuresti\/wp-json\/wp\/v2\/comments?post=4389"}],"version-history":[{"count":12,"href":"https:\/\/buletin.de\/bucuresti\/wp-json\/wp\/v2\/posts\/4389\/revisions"}],"predecessor-version":[{"id":4485,"href":"https:\/\/buletin.de\/bucuresti\/wp-json\/wp\/v2\/posts\/4389\/revisions\/4485"}],"wp:featuredmedia":[{"embeddable":true,"href":"https:\/\/buletin.de\/bucuresti\/wp-json\/wp\/v2\/media\/4394"}],"wp:attachment":[{"href":"https:\/\/buletin.de\/bucuresti\/wp-json\/wp\/v2\/media?parent=4389"}],"wp:term":[{"taxonomy":"category","embeddable":true,"href":"https:\/\/buletin.de\/bucuresti\/wp-json\/wp\/v2\/categories?post=4389"},{"taxonomy":"post_tag","embeddable":true,"href":"https:\/\/buletin.de\/bucuresti\/wp-json\/wp\/v2\/tags?post=4389"},{"taxonomy":"author","embeddable":true,"href":"https:\/\/buletin.de\/bucuresti\/wp-json\/wp\/v2\/ppma_author?post=4389"}],"curies":[{"name":"wp","href":"https:\/\/api.w.org\/{rel}","templated":true}]}}