{"id":43866,"date":"2022-06-28T12:13:39","date_gmt":"2022-06-28T10:13:39","guid":{"rendered":"https:\/\/buletin.de\/bucuresti\/?p=43866"},"modified":"2022-06-28T12:13:42","modified_gmt":"2022-06-28T10:13:42","slug":"daniel-florea-mai-vrea-un-mandat-la-primaria-sector-5-si-a-anuntat-candidatura","status":"publish","type":"post","link":"https:\/\/buletin.de\/bucuresti\/daniel-florea-mai-vrea-un-mandat-la-primaria-sector-5-si-a-anuntat-candidatura\/","title":{"rendered":"Daniel Florea mai vrea un mandat la Prim\u0103ria Sector 5. \u0218i-a anun\u021bat candidatura"},"content":{"rendered":"\n<p>Deputatul PSD \u0219i fost edil al sectorului 5, Daniel Florea, a anun\u021bat c\u0103 va candida la alegerile anticipate pentru Prim\u0103ria Sector 5. Florea a r\u0103spuns \u00eentreb\u0103rilor trimise de administratorii grupului <em>E\u0219ti din sectorul 5 dac\u0103<\/em>&#8230;, care fac un sondaj \u0219i a confirmat c\u0103 va candida. Fotoliul de edil a r\u0103mas vacant dup\u0103 ce Cristian Popescu Piedone a fost \u00eencarcerat \u00een urma sentin\u021bei definitive din dosarul Colectiv.<\/p>\n\n\n\n<p><em>\u00a0De ce candida\u021bi acum \u00een sectorul 5 \u0219i nu \u00een 2024, dat\u0103 fiind situa\u021bia financiar\u0103 actual\u0103 \u0219i lipsa de consens din consiliul local?\u00a0<\/em><\/p>\n\n\n\n<p><em>Tocmai pentru ca nu mai este timp de experimente-Primaria nu este un loc in care sa te califici la locul de munca, iar, in acest moment, Sectorul 5 are foarte multe probleme reale, din punct de vedere economico-financiar, cu grave repercusiuni asupra vietii locuitorilor, in toate aspectele-economic, social, educational, cultural.<\/em><\/p>\n\n\n\n<p><em>In Consiliul Local exista consens pe proiecte care vizeaza buna functionare a administratiei in beneficiul cetatenilor, chiar daca, uneori, din prea mult zel politicianist, unii uita legea (sau nu au stiut-o niciodata sau nu le-a pasat de ea).<\/em><\/p>\n\n\n\n<p><em>De exemplu, alegerea viceprimarului PSD ca primar interimar s-a facut cu 22 de voturi din 27,<\/em> a scris Daniel Florea, pe pagina sa de Facebook.<\/p>\n\n\n\n<h2 class=\"wp-block-heading\">Avocat cu studii de administra\u021bie \u0219i securitate na\u021bional\u0103<\/h2>\n\n\n\n<p>Daniel Florea este de profesie avocat, dar are \u0219i un master \u00een Securitate Na\u021bional\u0103, la Universitatea Nationala de Aparare \u201eCarol I\u201d. \u00cen <a href=\"http:\/\/www.cdep.ro\/pls\/parlam\/structura2015.mp?idm=134&amp;leg=2012&amp;cam=2&amp;pag=0\">CV-ul s\u0103u oficial<\/a> apare c\u0103 e doctorand \u00een Drept Administrativ \u0219i c\u0103 a absolvit numeroase cursuri post universitare \u00een \u021bar\u0103 \u0219i str\u0103in\u0103tate. <\/p>\n\n\n\n<p>\u00cen 2016 a fost ales primar al Sectorului 5, func\u021bie pe care a pierdut-o, \u00eens\u0103, \u00een 2020 \u00een fa\u021ba lui Cristian Popescu Piedone. Nu l-au ajutat sumele exorbitante cheltuite, din bugetul prim\u0103riei, pe reclam\u0103.<\/p>\n\n\n\n<p>Din 2019 \u0219i p\u00e2n\u0103 la finalul mandatului, \u00een 2020, fosta administra\u021bie a sectorului 5 condus\u0103 de Daniel Florea a pl\u0103tit, \u00een total, 2.5 milioane de lei mai multor publica\u021bii de pres\u0103 din Rom\u00e2nia. 76% dintre aceste cheltuieli au avut loc \u00een anul electoral 2020.<\/p>\n\n\n\n<figure class=\"wp-block-embed is-type-wp-embed is-provider-buletin-de-bucure\u0219ti wp-block-embed-buletin-de-bucure\u0219ti\"><div class=\"wp-block-embed__wrapper\">\n<blockquote class=\"wp-embedded-content\" data-secret=\"LKx6SqENRS\"><a href=\"https:\/\/buletin.de\/bucuresti\/jumatate-de-milion-de-euro-in-articole-publicitare-nemarcate-comandate-de-daniel-florea-presei-din-romania-b1tv-rtv-si-evz-campionii-contractelor-publice\/\">Jum\u0103tate de milion de euro, \u00een articole publicitare nemarcate comandate de Daniel Florea presei din Rom\u00e2nia. B1TV, RTV \u0219i EVZ, campionii contractelor publice<\/a><\/blockquote><iframe class=\"wp-embedded-content\" sandbox=\"allow-scripts\" security=\"restricted\" style=\"position: absolute; clip: rect(1px, 1px, 1px, 1px);\" title=\"&#8220;Jum\u0103tate de milion de euro, \u00een articole publicitare nemarcate comandate de Daniel Florea presei din Rom\u00e2nia. B1TV, RTV \u0219i EVZ, campionii contractelor publice&#8221; &#8212; Buletin de Bucure\u0219ti\" src=\"https:\/\/buletin.de\/bucuresti\/jumatate-de-milion-de-euro-in-articole-publicitare-nemarcate-comandate-de-daniel-florea-presei-din-romania-b1tv-rtv-si-evz-campionii-contractelor-publice\/embed\/#?secret=9NjpbNdOOK#?secret=LKx6SqENRS\" data-secret=\"LKx6SqENRS\" width=\"600\" height=\"338\" frameborder=\"0\" marginwidth=\"0\" marginheight=\"0\" scrolling=\"no\"><\/iframe>\n<\/div><\/figure>\n\n\n\n<p>Daniel Florea este acum la al doilea mandat de deputat din partea PSD. \u00centre 2009 \u0219i 2011 a fost vicepre\u0219edinte al AVAS.<strong>\u00a0<\/strong><\/p>\n\n\n\n<h2 class=\"wp-block-heading\">Daniel Florea, audiat la Parchet \u0219i DNA<\/h2>\n\n\n\n<p><a href=\"https:\/\/buletin.de\/bucuresti\/asociatia-infiintata-de-fostul-primar-al-sectorului-5-daniel-florea-acuzata-ca-ar-fi-primit-ilegal-30-de-milioane-de-lei-de-la-primarie\/\">\u00cen mai 2022<\/a>, poli\u021bi\u0219ti de la Investigarea Criminalit\u0103\u021bii Economice, sub supravegherea Parchetului de pe l\u00e2ng\u0103 Tribunalul Bucure\u0219ti, au f\u0103cut mai multe perchezi\u021bii \u00een Bucure\u0219ti, Ilfov \u0219i Ialomi\u021ba \u00eentr-un dosar de abuz \u00een serviciu, delapidare \u0219i evaziune fiscal\u0103 ce vizeaz\u0103 o asocia\u021bie \u00eenfiin\u021bat\u0103 de Daniel Florea \u00een timpul mandatului s\u0103u de primar. Asocia\u021bia \u00cempreun\u0103 Dezvolt\u0103m Sectorul 5 este acuzat\u0103 c\u0103 ar fi primit ilegal 30 de milioane de lei de la prim\u0103rie, pe care le-ar fi cheltuit pentru a achizi\u021biona, \u00een mod direct, la pre\u021buri supraevaluate, mai multe bunuri \u0219i servicii.<\/p>\n\n\n\n<p>\u0218i nu e singura problem\u0103 pe care o are Daniel Florea cu procurorii. \u00cen 2020 a fost audiat de DNA pentru o afacere a Prim\u0103riei pe care o conducea cu tablete pentru elevi.<\/p>\n\n\n\n<p>Pe final de mandat, Daniel Florea a \u00eencheiat o afacere de 10 milioane de euro pentru achizi\u021bia a 33 de mii de tablete ce urmau s\u0103 ajung\u0103 la elevii din sectorul 5. Afacerea, \u00eencheiat\u0103 prin intermediul Economat Sector 5, firm\u0103 condus\u0103 atunci de un apropiat al lui Marian Vanghelie, f\u0103r\u0103 o licita\u021bie prealabil\u0103. Firma care a primit contractul fusese \u00eenfiin\u021bat\u0103 cu doar 9 luni \u00een urm\u0103, nu avea niciun angajat \u0219i tr\u0103ia din contracte publice.<\/p>\n\n\n\n<p><a href=\"https:\/\/buletin.de\/bucuresti\/10-milioane-de-euro-pe-tablete-unei-firme-fara-angajati-si-9-luni-de-existenta-afacerea-pentru-care-daniel-florea-este-audiat-de-dna\/\">10 milioane de euro pe tablete unei firme f\u0103r\u0103 angaja\u021bi \u0219i 9 luni de existen\u021b\u0103, afacerea pentru care Daniel Florea este audiat de DNA<\/a><\/p>\n\n\n\n<h2 class=\"wp-block-heading\">A treia candidatur\u0103 anun\u021bat\u0103<\/h2>\n\n\n\n<p>Este al treilea candidat anun\u021bat oficial, dup\u0103 cel al USR, Alexandru Dimitriu \u0219i cel din partea PNL, Mario di Mezzo.<\/p>\n\n\n\n<p>Daniel Florea a luptat \u00een interiorul PSD pentru candidatura la Prim\u0103ria Sector 5, cu fiul lui Cristian Popescu Piedone, Vlad, deputat PSD de Suceava. Conform <a href=\"https:\/\/www.hotnews.ro\/stiri-politic-25559915-batalie-psd-pentru-primaria-sectorului-5-daniel-florea-vlad-piedone-vor-candideze-raspuns-ciolacu.htm\">hotnews.ro<\/a>, ambii au cerut sprijinul partidului pentru intra \u00een cursa electoral\u0103. Conform site-ului citat, pre\u0219edintele PSD, Marcel Ciolacu, le-ar fi spus celor doi c\u0103 <em>\u201eAgenda partidului o face PSD, nu persoane din PSD. Vom lua o decizie \u00een forurile de conducere c\u00e2nd va fi cazul. P\u00e2n\u0103 atunci, ar trebui s\u0103 ne preocup\u0103m de guvernare. Partidul decide, nu unul sau altul\u201d.<\/em> <\/p>\n\n\n\n<p>Nu exist\u0103, p\u00e2n\u0103 \u00een acest moment, o reac\u021bie oficial\u0103 a partidului dup\u0103 anun\u021bul lui Daniel Florea.<\/p>\n\n\n\n<p><\/p>\n\n\n\n<p><\/p>\n","protected":false},"excerpt":{"rendered":"<p>Deputatul PSD \u0219i fost edil al sectorului 5, Daniel Florea, a anun\u021bat c\u0103 va candida la alegerile anticipate pentru Prim\u0103ria Sector 5. Florea a r\u0103spuns \u00eentreb\u0103rilor trimise de administratorii grupului E\u0219ti din sectorul 5 dac\u0103&#8230;, care fac un sondaj \u0219i a confirmat c\u0103 va candida. Fotoliul de edil a r\u0103mas vacant dup\u0103 ce Cristian Popescu [&hellip;]<\/p>\n","protected":false},"author":18,"featured_media":21747,"comment_status":"closed","ping_status":"open","sticky":false,"template":"","format":"standard","meta":{"_acf_changed":false,"inline_featured_image":false,"ngg_post_thumbnail":0,"footnotes":""},"categories":[62],"tags":[],"ppma_author":[22579],"class_list":["post-43866","post","type-post","status-publish","format-standard","has-post-thumbnail","hentry","category-stiri"],"acf":[],"yoast_head":"<!-- This site is optimized with the Yoast SEO Premium plugin v25.3 (Yoast SEO v27.4) - https:\/\/yoast.com\/product\/yoast-seo-premium-wordpress\/ -->\n<title>Daniel Florea mai vrea un mandat la Prim\u0103ria Sector 5. \u0218i-a anun\u021bat candidatura - Buletin de Bucure\u0219ti<\/title>\n<meta name=\"robots\" content=\"index, follow, max-snippet:-1, max-image-preview:large, max-video-preview:-1\" \/>\n<link rel=\"canonical\" href=\"https:\/\/buletin.de\/bucuresti\/daniel-florea-mai-vrea-un-mandat-la-primaria-sector-5-si-a-anuntat-candidatura\/\" \/>\n<meta property=\"og:locale\" content=\"en_GB\" \/>\n<meta property=\"og:type\" content=\"article\" \/>\n<meta property=\"og:title\" content=\"Daniel Florea mai vrea un mandat la Prim\u0103ria Sector 5. \u0218i-a anun\u021bat candidatura\" \/>\n<meta property=\"og:description\" content=\"Deputatul PSD \u0219i fost edil al sectorului 5, Daniel Florea, a anun\u021bat c\u0103 va candida la alegerile anticipate pentru Prim\u0103ria Sector 5. Florea a r\u0103spuns \u00eentreb\u0103rilor trimise de administratorii grupului E\u0219ti din sectorul 5 dac\u0103&#8230;, care fac un sondaj \u0219i a confirmat c\u0103 va candida. Fotoliul de edil a r\u0103mas vacant dup\u0103 ce Cristian Popescu [&hellip;]\" \/>\n<meta property=\"og:url\" content=\"https:\/\/buletin.de\/bucuresti\/daniel-florea-mai-vrea-un-mandat-la-primaria-sector-5-si-a-anuntat-candidatura\/\" \/>\n<meta property=\"og:site_name\" content=\"Buletin de Bucure\u0219ti\" \/>\n<meta property=\"article:publisher\" content=\"https:\/\/www.facebook.com\/buletin.de.buc\" \/>\n<meta property=\"article:published_time\" content=\"2022-06-28T10:13:39+00:00\" \/>\n<meta property=\"article:modified_time\" content=\"2022-06-28T10:13:42+00:00\" \/>\n<meta property=\"og:image\" content=\"https:\/\/buletin.de\/bucuresti\/wp-content\/uploads\/26167149_1981713115436151_1316983802029522158_n.jpg\" \/>\n\t<meta property=\"og:image:width\" content=\"960\" \/>\n\t<meta property=\"og:image:height\" content=\"584\" \/>\n\t<meta property=\"og:image:type\" content=\"image\/jpeg\" \/>\n<meta name=\"author\" content=\"Teodora Stroe\" \/>\n<meta name=\"twitter:card\" content=\"summary_large_image\" \/>\n<meta name=\"twitter:label1\" content=\"Written by\" \/>\n\t<meta name=\"twitter:data1\" content=\"Teodora Stroe\" \/>\n\t<meta name=\"twitter:label2\" content=\"Estimated reading time\" \/>\n\t<meta name=\"twitter:data2\" content=\"4 minutes\" \/>\n<script type=\"application\/ld+json\" class=\"yoast-schema-graph\">{\"@context\":\"https:\\\/\\\/schema.org\",\"@graph\":[{\"@type\":\"Article\",\"@id\":\"https:\\\/\\\/buletin.de\\\/bucuresti\\\/daniel-florea-mai-vrea-un-mandat-la-primaria-sector-5-si-a-anuntat-candidatura\\\/#article\",\"isPartOf\":{\"@id\":\"https:\\\/\\\/buletin.de\\\/bucuresti\\\/daniel-florea-mai-vrea-un-mandat-la-primaria-sector-5-si-a-anuntat-candidatura\\\/\"},\"author\":{\"name\":\"Teodora Stroe\",\"@id\":\"https:\\\/\\\/buletin.de\\\/bucuresti\\\/#\\\/schema\\\/person\\\/d369d7ddc775abece205795e0b804614\"},\"headline\":\"Daniel Florea mai vrea un mandat la Prim\u0103ria Sector 5. \u0218i-a anun\u021bat candidatura\",\"datePublished\":\"2022-06-28T10:13:39+00:00\",\"dateModified\":\"2022-06-28T10:13:42+00:00\",\"mainEntityOfPage\":{\"@id\":\"https:\\\/\\\/buletin.de\\\/bucuresti\\\/daniel-florea-mai-vrea-un-mandat-la-primaria-sector-5-si-a-anuntat-candidatura\\\/\"},\"wordCount\":757,\"publisher\":{\"@id\":\"https:\\\/\\\/buletin.de\\\/bucuresti\\\/#organization\"},\"image\":{\"@id\":\"https:\\\/\\\/buletin.de\\\/bucuresti\\\/daniel-florea-mai-vrea-un-mandat-la-primaria-sector-5-si-a-anuntat-candidatura\\\/#primaryimage\"},\"thumbnailUrl\":\"https:\\\/\\\/buletin.de\\\/bucuresti\\\/wp-content\\\/uploads\\\/26167149_1981713115436151_1316983802029522158_n.jpg\",\"articleSection\":[\"\u0218tiri\"],\"inLanguage\":\"en-GB\",\"copyrightYear\":\"2022\",\"copyrightHolder\":{\"@id\":\"https:\\\/\\\/buletin.de\\\/bucuresti\\\/#organization\"}},{\"@type\":\"WebPage\",\"@id\":\"https:\\\/\\\/buletin.de\\\/bucuresti\\\/daniel-florea-mai-vrea-un-mandat-la-primaria-sector-5-si-a-anuntat-candidatura\\\/\",\"url\":\"https:\\\/\\\/buletin.de\\\/bucuresti\\\/daniel-florea-mai-vrea-un-mandat-la-primaria-sector-5-si-a-anuntat-candidatura\\\/\",\"name\":\"Daniel Florea mai vrea un mandat la Prim\u0103ria Sector 5. \u0218i-a anun\u021bat candidatura - Buletin de Bucure\u0219ti\",\"isPartOf\":{\"@id\":\"https:\\\/\\\/buletin.de\\\/bucuresti\\\/#website\"},\"primaryImageOfPage\":{\"@id\":\"https:\\\/\\\/buletin.de\\\/bucuresti\\\/daniel-florea-mai-vrea-un-mandat-la-primaria-sector-5-si-a-anuntat-candidatura\\\/#primaryimage\"},\"image\":{\"@id\":\"https:\\\/\\\/buletin.de\\\/bucuresti\\\/daniel-florea-mai-vrea-un-mandat-la-primaria-sector-5-si-a-anuntat-candidatura\\\/#primaryimage\"},\"thumbnailUrl\":\"https:\\\/\\\/buletin.de\\\/bucuresti\\\/wp-content\\\/uploads\\\/26167149_1981713115436151_1316983802029522158_n.jpg\",\"datePublished\":\"2022-06-28T10:13:39+00:00\",\"dateModified\":\"2022-06-28T10:13:42+00:00\",\"breadcrumb\":{\"@id\":\"https:\\\/\\\/buletin.de\\\/bucuresti\\\/daniel-florea-mai-vrea-un-mandat-la-primaria-sector-5-si-a-anuntat-candidatura\\\/#breadcrumb\"},\"inLanguage\":\"en-GB\",\"potentialAction\":[{\"@type\":\"ReadAction\",\"target\":[\"https:\\\/\\\/buletin.de\\\/bucuresti\\\/daniel-florea-mai-vrea-un-mandat-la-primaria-sector-5-si-a-anuntat-candidatura\\\/\"]}]},{\"@type\":\"ImageObject\",\"inLanguage\":\"en-GB\",\"@id\":\"https:\\\/\\\/buletin.de\\\/bucuresti\\\/daniel-florea-mai-vrea-un-mandat-la-primaria-sector-5-si-a-anuntat-candidatura\\\/#primaryimage\",\"url\":\"https:\\\/\\\/buletin.de\\\/bucuresti\\\/wp-content\\\/uploads\\\/26167149_1981713115436151_1316983802029522158_n.jpg\",\"contentUrl\":\"https:\\\/\\\/buletin.de\\\/bucuresti\\\/wp-content\\\/uploads\\\/26167149_1981713115436151_1316983802029522158_n.jpg\",\"width\":960,\"height\":584},{\"@type\":\"BreadcrumbList\",\"@id\":\"https:\\\/\\\/buletin.de\\\/bucuresti\\\/daniel-florea-mai-vrea-un-mandat-la-primaria-sector-5-si-a-anuntat-candidatura\\\/#breadcrumb\",\"itemListElement\":[{\"@type\":\"ListItem\",\"position\":1,\"name\":\"Acas\u0103\",\"item\":\"https:\\\/\\\/buletin.de\\\/bucuresti\\\/\"},{\"@type\":\"ListItem\",\"position\":2,\"name\":\"Daniel Florea mai vrea un mandat la Prim\u0103ria Sector 5. \u0218i-a anun\u021bat candidatura\"}]},{\"@type\":\"WebSite\",\"@id\":\"https:\\\/\\\/buletin.de\\\/bucuresti\\\/#website\",\"url\":\"https:\\\/\\\/buletin.de\\\/bucuresti\\\/\",\"name\":\"Buletin de Bucure\u0219ti\",\"description\":\"\u0218tiri \u0219i investiga\u021bii esen\u021biale din capital\u0103\",\"publisher\":{\"@id\":\"https:\\\/\\\/buletin.de\\\/bucuresti\\\/#organization\"},\"potentialAction\":[{\"@type\":\"SearchAction\",\"target\":{\"@type\":\"EntryPoint\",\"urlTemplate\":\"https:\\\/\\\/buletin.de\\\/bucuresti\\\/?s={search_term_string}\"},\"query-input\":{\"@type\":\"PropertyValueSpecification\",\"valueRequired\":true,\"valueName\":\"search_term_string\"}}],\"inLanguage\":\"en-GB\"},{\"@type\":\"Organization\",\"@id\":\"https:\\\/\\\/buletin.de\\\/bucuresti\\\/#organization\",\"name\":\"Buletin de Bucure\u0219ti\",\"url\":\"https:\\\/\\\/buletin.de\\\/bucuresti\\\/\",\"logo\":{\"@type\":\"ImageObject\",\"inLanguage\":\"en-GB\",\"@id\":\"https:\\\/\\\/buletin.de\\\/bucuresti\\\/#\\\/schema\\\/logo\\\/image\\\/\",\"url\":\"https:\\\/\\\/buletin.de\\\/bucuresti\\\/wp-content\\\/uploads\\\/logo-bdb-full-wide-vernil-transparent.png\",\"contentUrl\":\"https:\\\/\\\/buletin.de\\\/bucuresti\\\/wp-content\\\/uploads\\\/logo-bdb-full-wide-vernil-transparent.png\",\"width\":1782,\"height\":626,\"caption\":\"Buletin de Bucure\u0219ti\"},\"image\":{\"@id\":\"https:\\\/\\\/buletin.de\\\/bucuresti\\\/#\\\/schema\\\/logo\\\/image\\\/\"},\"sameAs\":[\"https:\\\/\\\/www.facebook.com\\\/buletin.de.buc\",\"https:\\\/\\\/www.instagram.com\\\/buletinde.bucuresti\\\/\"]},{\"@type\":\"Person\",\"@id\":\"https:\\\/\\\/buletin.de\\\/bucuresti\\\/#\\\/schema\\\/person\\\/d369d7ddc775abece205795e0b804614\",\"name\":\"Teodora Stroe\",\"image\":{\"@type\":\"ImageObject\",\"inLanguage\":\"en-GB\",\"@id\":\"https:\\\/\\\/secure.gravatar.com\\\/avatar\\\/2560b4cd9f5f1bc100b123158e657d75584bd1c3e1d9c69285720b9457c1b78d?s=96&d=monsterid&r=gc104800242ba5f2d78dd5d7dc4df08b6\",\"url\":\"https:\\\/\\\/secure.gravatar.com\\\/avatar\\\/2560b4cd9f5f1bc100b123158e657d75584bd1c3e1d9c69285720b9457c1b78d?s=96&d=monsterid&r=g\",\"contentUrl\":\"https:\\\/\\\/secure.gravatar.com\\\/avatar\\\/2560b4cd9f5f1bc100b123158e657d75584bd1c3e1d9c69285720b9457c1b78d?s=96&d=monsterid&r=g\",\"caption\":\"Teodora Stroe\"},\"url\":\"https:\\\/\\\/buletin.de\\\/bucuresti\\\/author\\\/simonacarlugea\\\/\"}]}<\/script>\n<!-- \/ Yoast SEO Premium plugin. -->","yoast_head_json":{"title":"Daniel Florea mai vrea un mandat la Prim\u0103ria Sector 5. \u0218i-a anun\u021bat candidatura - Buletin de Bucure\u0219ti","robots":{"index":"index","follow":"follow","max-snippet":"max-snippet:-1","max-image-preview":"max-image-preview:large","max-video-preview":"max-video-preview:-1"},"canonical":"https:\/\/buletin.de\/bucuresti\/daniel-florea-mai-vrea-un-mandat-la-primaria-sector-5-si-a-anuntat-candidatura\/","og_locale":"en_GB","og_type":"article","og_title":"Daniel Florea mai vrea un mandat la Prim\u0103ria Sector 5. \u0218i-a anun\u021bat candidatura","og_description":"Deputatul PSD \u0219i fost edil al sectorului 5, Daniel Florea, a anun\u021bat c\u0103 va candida la alegerile anticipate pentru Prim\u0103ria Sector 5. Florea a r\u0103spuns \u00eentreb\u0103rilor trimise de administratorii grupului E\u0219ti din sectorul 5 dac\u0103&#8230;, care fac un sondaj \u0219i a confirmat c\u0103 va candida. Fotoliul de edil a r\u0103mas vacant dup\u0103 ce Cristian Popescu [&hellip;]","og_url":"https:\/\/buletin.de\/bucuresti\/daniel-florea-mai-vrea-un-mandat-la-primaria-sector-5-si-a-anuntat-candidatura\/","og_site_name":"Buletin de Bucure\u0219ti","article_publisher":"https:\/\/www.facebook.com\/buletin.de.buc","article_published_time":"2022-06-28T10:13:39+00:00","article_modified_time":"2022-06-28T10:13:42+00:00","og_image":[{"width":960,"height":584,"url":"https:\/\/buletin.de\/bucuresti\/wp-content\/uploads\/26167149_1981713115436151_1316983802029522158_n.jpg","type":"image\/jpeg"}],"author":"Teodora Stroe","twitter_card":"summary_large_image","twitter_misc":{"Written by":"Teodora Stroe","Estimated reading time":"4 minutes"},"schema":{"@context":"https:\/\/schema.org","@graph":[{"@type":"Article","@id":"https:\/\/buletin.de\/bucuresti\/daniel-florea-mai-vrea-un-mandat-la-primaria-sector-5-si-a-anuntat-candidatura\/#article","isPartOf":{"@id":"https:\/\/buletin.de\/bucuresti\/daniel-florea-mai-vrea-un-mandat-la-primaria-sector-5-si-a-anuntat-candidatura\/"},"author":{"name":"Teodora Stroe","@id":"https:\/\/buletin.de\/bucuresti\/#\/schema\/person\/d369d7ddc775abece205795e0b804614"},"headline":"Daniel Florea mai vrea un mandat la Prim\u0103ria Sector 5. \u0218i-a anun\u021bat candidatura","datePublished":"2022-06-28T10:13:39+00:00","dateModified":"2022-06-28T10:13:42+00:00","mainEntityOfPage":{"@id":"https:\/\/buletin.de\/bucuresti\/daniel-florea-mai-vrea-un-mandat-la-primaria-sector-5-si-a-anuntat-candidatura\/"},"wordCount":757,"publisher":{"@id":"https:\/\/buletin.de\/bucuresti\/#organization"},"image":{"@id":"https:\/\/buletin.de\/bucuresti\/daniel-florea-mai-vrea-un-mandat-la-primaria-sector-5-si-a-anuntat-candidatura\/#primaryimage"},"thumbnailUrl":"https:\/\/buletin.de\/bucuresti\/wp-content\/uploads\/26167149_1981713115436151_1316983802029522158_n.jpg","articleSection":["\u0218tiri"],"inLanguage":"en-GB","copyrightYear":"2022","copyrightHolder":{"@id":"https:\/\/buletin.de\/bucuresti\/#organization"}},{"@type":"WebPage","@id":"https:\/\/buletin.de\/bucuresti\/daniel-florea-mai-vrea-un-mandat-la-primaria-sector-5-si-a-anuntat-candidatura\/","url":"https:\/\/buletin.de\/bucuresti\/daniel-florea-mai-vrea-un-mandat-la-primaria-sector-5-si-a-anuntat-candidatura\/","name":"Daniel Florea mai vrea un mandat la Prim\u0103ria Sector 5. \u0218i-a anun\u021bat candidatura - Buletin de Bucure\u0219ti","isPartOf":{"@id":"https:\/\/buletin.de\/bucuresti\/#website"},"primaryImageOfPage":{"@id":"https:\/\/buletin.de\/bucuresti\/daniel-florea-mai-vrea-un-mandat-la-primaria-sector-5-si-a-anuntat-candidatura\/#primaryimage"},"image":{"@id":"https:\/\/buletin.de\/bucuresti\/daniel-florea-mai-vrea-un-mandat-la-primaria-sector-5-si-a-anuntat-candidatura\/#primaryimage"},"thumbnailUrl":"https:\/\/buletin.de\/bucuresti\/wp-content\/uploads\/26167149_1981713115436151_1316983802029522158_n.jpg","datePublished":"2022-06-28T10:13:39+00:00","dateModified":"2022-06-28T10:13:42+00:00","breadcrumb":{"@id":"https:\/\/buletin.de\/bucuresti\/daniel-florea-mai-vrea-un-mandat-la-primaria-sector-5-si-a-anuntat-candidatura\/#breadcrumb"},"inLanguage":"en-GB","potentialAction":[{"@type":"ReadAction","target":["https:\/\/buletin.de\/bucuresti\/daniel-florea-mai-vrea-un-mandat-la-primaria-sector-5-si-a-anuntat-candidatura\/"]}]},{"@type":"ImageObject","inLanguage":"en-GB","@id":"https:\/\/buletin.de\/bucuresti\/daniel-florea-mai-vrea-un-mandat-la-primaria-sector-5-si-a-anuntat-candidatura\/#primaryimage","url":"https:\/\/buletin.de\/bucuresti\/wp-content\/uploads\/26167149_1981713115436151_1316983802029522158_n.jpg","contentUrl":"https:\/\/buletin.de\/bucuresti\/wp-content\/uploads\/26167149_1981713115436151_1316983802029522158_n.jpg","width":960,"height":584},{"@type":"BreadcrumbList","@id":"https:\/\/buletin.de\/bucuresti\/daniel-florea-mai-vrea-un-mandat-la-primaria-sector-5-si-a-anuntat-candidatura\/#breadcrumb","itemListElement":[{"@type":"ListItem","position":1,"name":"Acas\u0103","item":"https:\/\/buletin.de\/bucuresti\/"},{"@type":"ListItem","position":2,"name":"Daniel Florea mai vrea un mandat la Prim\u0103ria Sector 5. \u0218i-a anun\u021bat candidatura"}]},{"@type":"WebSite","@id":"https:\/\/buletin.de\/bucuresti\/#website","url":"https:\/\/buletin.de\/bucuresti\/","name":"Buletin de Bucure\u0219ti","description":"\u0218tiri \u0219i investiga\u021bii esen\u021biale din capital\u0103","publisher":{"@id":"https:\/\/buletin.de\/bucuresti\/#organization"},"potentialAction":[{"@type":"SearchAction","target":{"@type":"EntryPoint","urlTemplate":"https:\/\/buletin.de\/bucuresti\/?s={search_term_string}"},"query-input":{"@type":"PropertyValueSpecification","valueRequired":true,"valueName":"search_term_string"}}],"inLanguage":"en-GB"},{"@type":"Organization","@id":"https:\/\/buletin.de\/bucuresti\/#organization","name":"Buletin de Bucure\u0219ti","url":"https:\/\/buletin.de\/bucuresti\/","logo":{"@type":"ImageObject","inLanguage":"en-GB","@id":"https:\/\/buletin.de\/bucuresti\/#\/schema\/logo\/image\/","url":"https:\/\/buletin.de\/bucuresti\/wp-content\/uploads\/logo-bdb-full-wide-vernil-transparent.png","contentUrl":"https:\/\/buletin.de\/bucuresti\/wp-content\/uploads\/logo-bdb-full-wide-vernil-transparent.png","width":1782,"height":626,"caption":"Buletin de Bucure\u0219ti"},"image":{"@id":"https:\/\/buletin.de\/bucuresti\/#\/schema\/logo\/image\/"},"sameAs":["https:\/\/www.facebook.com\/buletin.de.buc","https:\/\/www.instagram.com\/buletinde.bucuresti\/"]},{"@type":"Person","@id":"https:\/\/buletin.de\/bucuresti\/#\/schema\/person\/d369d7ddc775abece205795e0b804614","name":"Teodora Stroe","image":{"@type":"ImageObject","inLanguage":"en-GB","@id":"https:\/\/secure.gravatar.com\/avatar\/2560b4cd9f5f1bc100b123158e657d75584bd1c3e1d9c69285720b9457c1b78d?s=96&d=monsterid&r=gc104800242ba5f2d78dd5d7dc4df08b6","url":"https:\/\/secure.gravatar.com\/avatar\/2560b4cd9f5f1bc100b123158e657d75584bd1c3e1d9c69285720b9457c1b78d?s=96&d=monsterid&r=g","contentUrl":"https:\/\/secure.gravatar.com\/avatar\/2560b4cd9f5f1bc100b123158e657d75584bd1c3e1d9c69285720b9457c1b78d?s=96&d=monsterid&r=g","caption":"Teodora Stroe"},"url":"https:\/\/buletin.de\/bucuresti\/author\/simonacarlugea\/"}]}},"authors":[{"term_id":22579,"user_id":18,"is_guest":0,"slug":"simonacarlugea","display_name":"Teodora Stroe","avatar_url":"https:\/\/secure.gravatar.com\/avatar\/2560b4cd9f5f1bc100b123158e657d75584bd1c3e1d9c69285720b9457c1b78d?s=96&d=monsterid&r=g","0":null,"1":"","2":"","3":"","4":"","5":"","6":"","7":"","8":""}],"_links":{"self":[{"href":"https:\/\/buletin.de\/bucuresti\/wp-json\/wp\/v2\/posts\/43866","targetHints":{"allow":["GET"]}}],"collection":[{"href":"https:\/\/buletin.de\/bucuresti\/wp-json\/wp\/v2\/posts"}],"about":[{"href":"https:\/\/buletin.de\/bucuresti\/wp-json\/wp\/v2\/types\/post"}],"author":[{"embeddable":true,"href":"https:\/\/buletin.de\/bucuresti\/wp-json\/wp\/v2\/users\/18"}],"replies":[{"embeddable":true,"href":"https:\/\/buletin.de\/bucuresti\/wp-json\/wp\/v2\/comments?post=43866"}],"version-history":[{"count":3,"href":"https:\/\/buletin.de\/bucuresti\/wp-json\/wp\/v2\/posts\/43866\/revisions"}],"predecessor-version":[{"id":43870,"href":"https:\/\/buletin.de\/bucuresti\/wp-json\/wp\/v2\/posts\/43866\/revisions\/43870"}],"wp:featuredmedia":[{"embeddable":true,"href":"https:\/\/buletin.de\/bucuresti\/wp-json\/wp\/v2\/media\/21747"}],"wp:attachment":[{"href":"https:\/\/buletin.de\/bucuresti\/wp-json\/wp\/v2\/media?parent=43866"}],"wp:term":[{"taxonomy":"category","embeddable":true,"href":"https:\/\/buletin.de\/bucuresti\/wp-json\/wp\/v2\/categories?post=43866"},{"taxonomy":"post_tag","embeddable":true,"href":"https:\/\/buletin.de\/bucuresti\/wp-json\/wp\/v2\/tags?post=43866"},{"taxonomy":"author","embeddable":true,"href":"https:\/\/buletin.de\/bucuresti\/wp-json\/wp\/v2\/ppma_author?post=43866"}],"curies":[{"name":"wp","href":"https:\/\/api.w.org\/{rel}","templated":true}]}}