{"id":43852,"date":"2022-07-13T14:52:06","date_gmt":"2022-07-13T12:52:06","guid":{"rendered":"https:\/\/buletin.de\/bucuresti\/?p=43852"},"modified":"2022-07-13T14:53:00","modified_gmt":"2022-07-13T12:53:00","slug":"consolidare-antiseismica-in-ritm-de-melc-in-capitala-cinci-expertize-intr-un-an-si-doar-la-o-singura-cladire-au-inceput-lucrarile","status":"publish","type":"post","link":"https:\/\/buletin.de\/bucuresti\/consolidare-antiseismica-in-ritm-de-melc-in-capitala-cinci-expertize-intr-un-an-si-doar-la-o-singura-cladire-au-inceput-lucrarile\/","title":{"rendered":"Consolidare antiseismic\u0103 \u00een ritm de melc, \u00een Capital\u0103. Cinci expertize \u00eentr-un an \u0219i doar la o singur\u0103 cl\u0103dire au \u00eenceput lucr\u0103rile"},"content":{"rendered":"\n<p><strong>La \u00eenceputul anului 2021, pe lista cl\u0103dirilor care necesit\u0103 consolidare figura un num\u0103r de 363 de imobile aflate \u00een clasa I de risc seismic . Primarul Nicu\u0219or Dan, acela\u0219i care \u00een campania electoral\u0103 a promis c\u0103 se va ocupa de aceast\u0103 problem\u0103, a declarat anul trecut c\u0103 e nevoie de o accelerare a procesului de expertizare. Cu toate acestea, anul trecut au fost expertizate doar cinci imobile \u0219i au \u00eenceput lucr\u0103rile de consilidare la unul singur.  <\/strong><\/p>\n\n\n\n<p>\u201eRiscul seismic este o problem\u0103 important\u0103 pentru c\u0103 mii de oameni pot s\u0103-\u0219i piard\u0103 via\u021ba \u00een urma unui cutremur major\u201d, declara Nicu\u0219or Dan atunci c\u00e2nd \u00ee\u0219i facea campanie electoral\u0103. Spusele lui sunt confirmate de un <a href=\"https:\/\/buletin.de\/bucuresti\/analiza-pmb-23-000-de-cladiri-din-capitala-avariate-grav-la-un-cutremur-6500-de-oameni-si-ar-putea-pierde-viata-si-16-000-ar-fi-grav-raniti\/\">raport recent publicat<\/a> de Prim\u0103ria Bucure\u0219ti conform c\u0103ruia, \u00een cazul unui cutremur, nu mai pu\u021bin de 23.000 de cl\u0103diri ar fi grav afectate, 6.500 de persoane ar putea muri \u0219i 16.500 ar fi r\u0103nite grav.<\/p>\n\n\n\n<p>Jum\u0103tate de an mai t\u00e2rziu, \u00een martie 2021, cu prilejul marc\u0103rii a 44 de ani de la cutremurul din 1977, edilul Capitalei anun\u021ba c\u0103, pentru a aborda \u00een mod eficient problema riscului seismic \u00een Capital\u0103, e nevoie de accelerarea procesului de expertizare a cl\u0103dirilor.<\/p>\n\n\n\n<h2 class=\"wp-block-heading\">AMCCRS, reorganizat\u0103 \u00een mandatul lui Nicu\u0219or Dan<\/h2>\n\n\n\n<p>Institu\u021bia care se ocup\u0103 cu consolidarea cl\u0103dirilor care ar putea fi afectate de cutremur se nume\u0219te Administra\u021bia Municipal\u0103 pentru Consolidarea Cl\u0103dirilor cu Risc Seismic (AMCCRS). A fost \u00eenfiin\u021bat\u0103 la \u00eenceputul mandatului Gabrielei Firea. Anul trecut, noua administra\u021bie a ini\u021biat un proces de reorganizare intern\u0103 a AMCCRS pentru a \u00eembun\u0103t\u0103\u021bi calitatea proiectelor ce urmeaz\u0103 a fi implementate, conform informa\u021biilor oficiale primite de Buletin de Bucure\u0219ti.<\/p>\n\n\n\n<blockquote class=\"wp-block-quote is-layout-flow wp-block-quote-is-layout-flow\"><p>\u201eTo\u021bi ace\u0219ti pa\u0219i parcur\u0219i vor crea cadrul institu\u021bional necesar provoc\u0103rii urgente pe termen scurt \u0219i anume de a implementa metodologia de inventariere prin triaj vizual la nivelul stradal al fondului construit din ora\u0219.\u201d<\/p><cite>AMCCRS<\/cite><\/blockquote>\n\n\n\n<p>\u00cen 2021, institu\u021bia a \u00eencheiat un acord cadru care permite expertizarea tehnic\u0103 a 350.000 mp de imobile aflate \u00een zone protejate construite, respectiv un num\u0103r de 150.000 mp de imobile aflate \u00een afara zonelor protejate construite. Totodat\u0103, AMCCRS a fost inclus\u0103 \u00een Comitetul Situa\u021biilor de Urgenta, au fost reluate discu\u021biile cu reprezentan\u021bii DSU Bucure\u0219ti, INFP, Universitatea Tehnic\u0103 Bucure\u0219ti. <strong>Ce se \u00eent\u00e2mpl\u0103, \u00eens\u0103, pe teren?<\/strong><\/p>\n\n\n\n<h2 class=\"wp-block-heading\">Un imobil \u00een proces de consolidare, cinci cu expertize finalizate, 363 \u00een clasa I de risc seismic<\/h2>\n\n\n\n<p>La \u00eenceputul anului 2021, pe lista cl\u0103dirilor care necesit\u0103 consolidare figura un num\u0103r de 363 de imobile aflate \u00een clasa I de risc seismic, conform listei aflate pe site-ul A.M.C.C.R.S.<\/p>\n\n\n\n<p>Lucr\u0103ri de consolidare au \u00eenceput \u00een 2021 la un singur imobil. El se afl\u0103 pe strada B\u0103r\u0103\u021biei nr. 50, din sectorul 3. Blocul ar trebui s\u0103 fie gata pe 20 octombrie 2022, \u00eens\u0103 \u201ea fost emis un ordin de sistare pentru adi\u021bionarea contractului de lucr\u0103ri cu lucr\u0103ri suplimentare prev\u0103zute \u00een proiectul tehnic aprobat\u201d. \u00cen alte cuvinte, \u00een prezent consolidarea cl\u0103dirii a fost pus\u0103 pe pauz\u0103, p\u00e2n\u0103 ce se va semna actul adi\u021bional necesar.<\/p>\n\n\n\n<p>Dar p\u0103n\u0103 la lucr\u0103ri, expertizarea e primul pas \u00een consolidarea imobilelor, fiind urmat\u0103 apoi de proiectare. \u00cen 2021, s-a reu\u0219it expertizarea a cinci imobile:<\/p>\n\n\n\n<ul class=\"wp-block-list\"><li>Bd.Gheorghe Magheru nr.16-18, sector 1;<\/li><li>Str. Radu Cristian nr.1, sector 2;<\/li><li>Bd.Hristo Botev nr.26, sector 3;<\/li><li>Bd.Pache Protopopescu nr.21, sector 2;<\/li><li>Str. Vasile Lascar nr.6, sector 2.<\/li><\/ul>\n\n\n\n<div class=\"wp-block-image\"><figure class=\"aligncenter size-large is-resized\"><img fetchpriority=\"high\" decoding=\"async\" src=\"data:image\/gif;base64,R0lGODlhAQABAAAAACH5BAEKAAEALAAAAAABAAEAAAICTAEAOw==\" data-src=\"https:\/\/buletin.de\/bucuresti\/wp-content\/uploads\/275083070_508045000671919_2906557360248400773_n-900x404.jpg\" alt=\"\" class=\"wp-image-43853 lazyload\" width=\"900\" height=\"404\" data-sizes=\"auto\" data-srcset=\"https:\/\/buletin.de\/bucuresti\/wp-content\/uploads\/275083070_508045000671919_2906557360248400773_n-900x404.jpg 900w, https:\/\/buletin.de\/bucuresti\/wp-content\/uploads\/275083070_508045000671919_2906557360248400773_n-300x135.jpg 300w, https:\/\/buletin.de\/bucuresti\/wp-content\/uploads\/275083070_508045000671919_2906557360248400773_n-768x345.jpg 768w, https:\/\/buletin.de\/bucuresti\/wp-content\/uploads\/275083070_508045000671919_2906557360248400773_n-550x247.jpg 550w, https:\/\/buletin.de\/bucuresti\/wp-content\/uploads\/275083070_508045000671919_2906557360248400773_n-600x270.jpg 600w, https:\/\/buletin.de\/bucuresti\/wp-content\/uploads\/275083070_508045000671919_2906557360248400773_n.jpg 1024w\" sizes=\"(max-width: 900px) 100vw, 900px\" \/><\/figure><\/div>\n\n\n\n<div class=\"wp-block-image\"><figure class=\"aligncenter size-large is-resized\"><img decoding=\"async\" src=\"data:image\/gif;base64,R0lGODlhAQABAAAAACH5BAEKAAEALAAAAAABAAEAAAICTAEAOw==\" data-src=\"https:\/\/buletin.de\/bucuresti\/wp-content\/uploads\/275134749_508045040671915_2681436492028213511_n-900x405.jpg\" alt=\"\" class=\"wp-image-43854 lazyload\" width=\"900\" height=\"405\" data-sizes=\"auto\" data-srcset=\"https:\/\/buletin.de\/bucuresti\/wp-content\/uploads\/275134749_508045040671915_2681436492028213511_n-900x405.jpg 900w, https:\/\/buletin.de\/bucuresti\/wp-content\/uploads\/275134749_508045040671915_2681436492028213511_n-300x135.jpg 300w, https:\/\/buletin.de\/bucuresti\/wp-content\/uploads\/275134749_508045040671915_2681436492028213511_n-768x346.jpg 768w, https:\/\/buletin.de\/bucuresti\/wp-content\/uploads\/275134749_508045040671915_2681436492028213511_n-550x248.jpg 550w, https:\/\/buletin.de\/bucuresti\/wp-content\/uploads\/275134749_508045040671915_2681436492028213511_n-600x270.jpg 600w, https:\/\/buletin.de\/bucuresti\/wp-content\/uploads\/275134749_508045040671915_2681436492028213511_n.jpg 1024w\" sizes=\"(max-width: 900px) 100vw, 900px\" \/><figcaption>Surs\u0103: Facebook Nicu\u0219or Dan<\/figcaption><\/figure><\/div>\n\n\n\n<p><\/p>\n\n\n\n<p><\/p>\n\n\n\n<p>Pe l\u00e2ng\u0103 cele de mai sus, alte 17 imobile se afl\u0103 \u00een curs de expertizare, conform informa\u021biilor oficiale primite de Buletin de Bucure\u0219ti:<\/p>\n\n\n\n<ul class=\"wp-block-list\"><li>Bd.Gheorghe Magheru nr.2-4, sector 1;<\/li><li>Str. General Gheorghe Manu nr. 12, sector 1;<\/li><li>Str. Tunari nr. 6, sector 2;<\/li><li>Str. Corbeni nr. 35, sector 2;<\/li><li>Str. Sp\u0103tarului nr. 17 bis, sector 2;<\/li><li>Str. Kog\u0103lniceanu nr. 14;<\/li><li>Intrarea Vasile P\u0103un nr. 1;<\/li><li>Str. Domni\u021ba Anastasia nr. 15;<\/li><li>Str. Popa Tatu nr. 78;<\/li><li>Calea Mosilor nr.126;<\/li><li>Calea Mosilor nr.80;<\/li><li>Intrarea Vasile Paun nr. 2;<\/li><li>Casa \u0218u\u021bu (Lahovari) Corp 1, situat \u00een Calea Grivi\u021bei nr.7, sector1;<\/li><li>\u0218os. Mihai Bravu nr. 147-169;<\/li><li>Bd. Alexandru Obregia nr. 27;<\/li><li>Str. Drago\u0219 Mladinovici nr. 2 (Bl. R11, sc. 1 \u0219i 2);<\/li><li>Str. Drago\u0219 Mladinovici nr.2- 4 (Bl. R11, sc. 3 \u0219i 4).<\/li><\/ul>\n\n\n\n<p>Totodat\u0103, AMCCRS are \u00een derulare contracte pentru servicii de proiectare pentru 14 cl\u0103diri. Dou\u0103 dintre acestea au autoriza\u021bia de construire ob\u021binut\u0103: bl. Carol I nr. 63 \u0219i bd. B\u0103lcescu nr. 32-34. \u00cen plus, pentru cl\u0103diri de pe str. B\u0103r\u0103\u021biei nr. 50 \u0219i str. Bl\u0103nari nr. 14 au fost \u00eencheiate contracte de servicii de proiectare \u0219i execu\u021bie.<\/p>\n\n\n\n<p>Pe l\u00e2ng\u0103 acestea, Administra\u021bia pentru Consolidarea Cl\u0103dirilor cu Risc Seismic a declarat c\u0103 se ocup\u0103 de actualizarea m\u0103surilor de interven\u021bie, de revizuirea DALI, aprobarea&nbsp;indicatorilor tehnico-economici \u0219i refacerea documenta\u021biilor de proiectare pentru 20 de imobile din Capital\u0103.<\/p>\n\n\n\n<p>R\u0103m\u00e2n, \u00eens\u0103, c\u00e2teva sute de cl\u0103diri \u00een Capital\u0103 pentru care procedura de consolidare care \u00eencepe cu expertiza, nici m\u0103car nu a fost demarat\u0103 \u0219i care sunt \u00een pericol de pr\u0103bu\u0219ire \u00een cazul unui cutremur.<\/p>\n\n\n\n<h2 class=\"wp-block-heading\">Consolidare care ar trebui s\u0103 fie gata \u00een octombrie, ne\u00eenceput\u0103<\/h2>\n\n\n\n<p>La imobilul de pe \u0218tefan Luchian nr. 12 un panou ne anun\u021b\u0103 c\u0103 e un \u0219antier \u00een lucru. Lucr\u0103rile ar fi trebuit s\u0103 \u00eenceap\u0103 \u00een octombrie 2020 \u0219i s\u0103 fie gata anul acesta. Doar c\u0103 blocul arat\u0103 exact la fel ca \u00eenainte. &nbsp;\u00cen afara de montajul panoului nimic nu s-a mai \u00eent\u00e2mplat.<\/p>\n\n\n\n<div class=\"wp-block-image\"><figure class=\"aligncenter size-large is-resized\"><img decoding=\"async\" src=\"data:image\/gif;base64,R0lGODlhAQABAAAAACH5BAEKAAEALAAAAAABAAEAAAICTAEAOw==\" data-src=\"https:\/\/buletin.de\/bucuresti\/wp-content\/uploads\/WhatsApp-Image-2022-06-27-at-16.03.49-900x675.jpeg\" alt=\"\" class=\"wp-image-43855 lazyload\" width=\"900\" height=\"675\" data-sizes=\"auto\" data-srcset=\"https:\/\/buletin.de\/bucuresti\/wp-content\/uploads\/WhatsApp-Image-2022-06-27-at-16.03.49-900x675.jpeg 900w, https:\/\/buletin.de\/bucuresti\/wp-content\/uploads\/WhatsApp-Image-2022-06-27-at-16.03.49-300x225.jpeg 300w, https:\/\/buletin.de\/bucuresti\/wp-content\/uploads\/WhatsApp-Image-2022-06-27-at-16.03.49-768x576.jpeg 768w, https:\/\/buletin.de\/bucuresti\/wp-content\/uploads\/WhatsApp-Image-2022-06-27-at-16.03.49-550x413.jpeg 550w, https:\/\/buletin.de\/bucuresti\/wp-content\/uploads\/WhatsApp-Image-2022-06-27-at-16.03.49-667x500.jpeg 667w, https:\/\/buletin.de\/bucuresti\/wp-content\/uploads\/WhatsApp-Image-2022-06-27-at-16.03.49-600x450.jpeg 600w, https:\/\/buletin.de\/bucuresti\/wp-content\/uploads\/WhatsApp-Image-2022-06-27-at-16.03.49.jpeg 1024w\" sizes=\"(max-width: 900px) 100vw, 900px\" \/><\/figure><\/div>\n\n\n\n<div class=\"wp-block-image\"><figure class=\"aligncenter size-large is-resized\"><img loading=\"lazy\" decoding=\"async\" src=\"data:image\/gif;base64,R0lGODlhAQABAAAAACH5BAEKAAEALAAAAAABAAEAAAICTAEAOw==\" data-src=\"https:\/\/buletin.de\/bucuresti\/wp-content\/uploads\/WhatsApp-Image-2022-06-27-at-14.33.52-900x675.jpeg\" alt=\"\" class=\"wp-image-43856 lazyload\" width=\"900\" height=\"675\" data-sizes=\"auto\" data-srcset=\"https:\/\/buletin.de\/bucuresti\/wp-content\/uploads\/WhatsApp-Image-2022-06-27-at-14.33.52-900x675.jpeg 900w, https:\/\/buletin.de\/bucuresti\/wp-content\/uploads\/WhatsApp-Image-2022-06-27-at-14.33.52-300x225.jpeg 300w, https:\/\/buletin.de\/bucuresti\/wp-content\/uploads\/WhatsApp-Image-2022-06-27-at-14.33.52-768x576.jpeg 768w, https:\/\/buletin.de\/bucuresti\/wp-content\/uploads\/WhatsApp-Image-2022-06-27-at-14.33.52-1536x1152.jpeg 1536w, https:\/\/buletin.de\/bucuresti\/wp-content\/uploads\/WhatsApp-Image-2022-06-27-at-14.33.52-1060x795.jpeg 1060w, https:\/\/buletin.de\/bucuresti\/wp-content\/uploads\/WhatsApp-Image-2022-06-27-at-14.33.52-550x413.jpeg 550w, https:\/\/buletin.de\/bucuresti\/wp-content\/uploads\/WhatsApp-Image-2022-06-27-at-14.33.52-667x500.jpeg 667w, https:\/\/buletin.de\/bucuresti\/wp-content\/uploads\/WhatsApp-Image-2022-06-27-at-14.33.52-1920x1440.jpeg 1920w, https:\/\/buletin.de\/bucuresti\/wp-content\/uploads\/WhatsApp-Image-2022-06-27-at-14.33.52-1440x1080.jpeg 1440w, https:\/\/buletin.de\/bucuresti\/wp-content\/uploads\/WhatsApp-Image-2022-06-27-at-14.33.52-600x450.jpeg 600w, https:\/\/buletin.de\/bucuresti\/wp-content\/uploads\/WhatsApp-Image-2022-06-27-at-14.33.52.jpeg 2048w\" sizes=\"(max-width: 900px) 100vw, 900px\" \/><\/figure><\/div>\n\n\n\n<p><\/p>\n\n\n\n<h2 class=\"wp-block-heading\">Programul Municipal de Restaurare<\/h2>\n\n\n\n<p>\u00cen Bucure\u0219ti s-au consolidat 30 de cl\u0103diri \u00een 30 de ani, declara \u00een decembrie 2021 directorul adj. al AMCCRS, Edmond Niculu\u0219c\u0103, pentru Hotnews.ro. \u00cen mandatul Gabrielei Firea au \u00eenceput \u0219antierele de consolidare la 12 imobile. \u0218ase dintre ele au fost finalizate, urm\u00e2nd s\u0103 fie f\u0103cut\u0103 recep\u021bia. Restul erau blocate \u00een contextul desfiin\u021b\u0103rii Companiei Municipale pentru Consolidare care era constructorul.<\/p>\n\n\n\n<p>\u00cen aprilie 2022, CGMB a decis \u00eenfiin\u021barea unui Program Municipal de Restaurare, care va permite persoanelor fizice\/juridice s\u0103 acceseze \u00eemprumuturi de la municipalitate, f\u0103r\u0103 dob\u00e2nd\u0103, pentru reabilitarea cl\u0103dirilor cu risc seismic. Doar c\u0103 \u00een program pot intra doar cl\u0103dirile cu valoare istoric\u0103 sau arhitectural\u0103.<\/p>\n\n\n\n<p>PMR are \u00een vedere interven\u021biile la imobilele monumente istorice \u015fi la imobilele aflate in ansambluri de arhitectur\u0103 \u015fi zone construite protejate, indiferent de proprietar, \u00een conditile legii, pe baza propunerilor primite de c\u0103tre Administra\u021bia Municipal\u0103 pentru Consolidarea Cl\u0103dirilor cu risc Seismic, de la autorit\u0103\u021bile administra\u021biei si institu\u021bile publice locale sau centrale, persoane fizice \u015fi juridice de drept public sau privat, proprietare ale unui imobil monument istoric sau ale unui imobil aflat \u00een ansambluri de arhitectur\u0103 \u015fi zone construite protejate din Municipiul Bucure\u015fti, se men\u021bioneaz\u0103 \u00een HCGMB.<\/p>\n","protected":false},"excerpt":{"rendered":"<p>La \u00eenceputul anului 2021, pe lista cl\u0103dirilor care necesit\u0103 consolidare figura un num\u0103r de 363 de imobile aflate \u00een clasa I de risc seismic . Primarul Nicu\u0219or Dan, acela\u0219i care \u00een campania electoral\u0103 a promis c\u0103 se va ocupa de aceast\u0103 problem\u0103, a declarat anul trecut c\u0103 e nevoie de o accelerare a procesului de [&hellip;]<\/p>\n","protected":false},"author":6,"featured_media":43856,"comment_status":"closed","ping_status":"open","sticky":false,"template":"","format":"standard","meta":{"_acf_changed":false,"inline_featured_image":false,"ngg_post_thumbnail":0,"footnotes":""},"categories":[3419],"tags":[635,4257,633,4256,276],"ppma_author":[22588],"class_list":["post-43852","post","type-post","status-publish","format-standard","has-post-thumbnail","hentry","category-featured","tag-amccrs","tag-cladiri-cu-risc-seismic","tag-consolidare","tag-consolidare-primarie","tag-primaria-bucuresti"],"acf":[],"yoast_head":"<!-- This site is optimized with the Yoast SEO Premium plugin v25.3 (Yoast SEO v27.4) - https:\/\/yoast.com\/product\/yoast-seo-premium-wordpress\/ -->\n<title>Consolidare antiseismic\u0103 \u00een ritm de melc, \u00een Capital\u0103. Cinci expertize \u00eentr-un an \u0219i doar la o singur\u0103 cl\u0103dire au \u00eenceput lucr\u0103rile - Buletin de Bucure\u0219ti<\/title>\n<meta name=\"robots\" content=\"index, follow, max-snippet:-1, max-image-preview:large, max-video-preview:-1\" \/>\n<link rel=\"canonical\" href=\"https:\/\/buletin.de\/bucuresti\/consolidare-antiseismica-in-ritm-de-melc-in-capitala-cinci-expertize-intr-un-an-si-doar-la-o-singura-cladire-au-inceput-lucrarile\/\" \/>\n<meta property=\"og:locale\" content=\"en_GB\" \/>\n<meta property=\"og:type\" content=\"article\" \/>\n<meta property=\"og:title\" content=\"Consolidare antiseismic\u0103 \u00een ritm de melc, \u00een Capital\u0103. Cinci expertize \u00eentr-un an \u0219i doar la o singur\u0103 cl\u0103dire au \u00eenceput lucr\u0103rile\" \/>\n<meta property=\"og:description\" content=\"La \u00eenceputul anului 2021, pe lista cl\u0103dirilor care necesit\u0103 consolidare figura un num\u0103r de 363 de imobile aflate \u00een clasa I de risc seismic . Primarul Nicu\u0219or Dan, acela\u0219i care \u00een campania electoral\u0103 a promis c\u0103 se va ocupa de aceast\u0103 problem\u0103, a declarat anul trecut c\u0103 e nevoie de o accelerare a procesului de [&hellip;]\" \/>\n<meta property=\"og:url\" content=\"https:\/\/buletin.de\/bucuresti\/consolidare-antiseismica-in-ritm-de-melc-in-capitala-cinci-expertize-intr-un-an-si-doar-la-o-singura-cladire-au-inceput-lucrarile\/\" \/>\n<meta property=\"og:site_name\" content=\"Buletin de Bucure\u0219ti\" \/>\n<meta property=\"article:publisher\" content=\"https:\/\/www.facebook.com\/buletin.de.buc\" \/>\n<meta property=\"article:published_time\" content=\"2022-07-13T12:52:06+00:00\" \/>\n<meta property=\"article:modified_time\" content=\"2022-07-13T12:53:00+00:00\" \/>\n<meta property=\"og:image\" content=\"https:\/\/buletin.de\/bucuresti\/wp-content\/uploads\/WhatsApp-Image-2022-06-27-at-14.33.52.jpeg\" \/>\n\t<meta property=\"og:image:width\" content=\"2048\" \/>\n\t<meta property=\"og:image:height\" content=\"1536\" \/>\n\t<meta property=\"og:image:type\" content=\"image\/jpeg\" \/>\n<meta name=\"author\" content=\"Bianca Albu\" \/>\n<meta name=\"twitter:card\" content=\"summary_large_image\" \/>\n<meta name=\"twitter:label1\" content=\"Written by\" \/>\n\t<meta name=\"twitter:data1\" content=\"Bianca Albu\" \/>\n\t<meta name=\"twitter:label2\" content=\"Estimated reading time\" \/>\n\t<meta name=\"twitter:data2\" content=\"6 minutes\" \/>\n<script type=\"application\/ld+json\" class=\"yoast-schema-graph\">{\"@context\":\"https:\\\/\\\/schema.org\",\"@graph\":[{\"@type\":\"Article\",\"@id\":\"https:\\\/\\\/buletin.de\\\/bucuresti\\\/consolidare-antiseismica-in-ritm-de-melc-in-capitala-cinci-expertize-intr-un-an-si-doar-la-o-singura-cladire-au-inceput-lucrarile\\\/#article\",\"isPartOf\":{\"@id\":\"https:\\\/\\\/buletin.de\\\/bucuresti\\\/consolidare-antiseismica-in-ritm-de-melc-in-capitala-cinci-expertize-intr-un-an-si-doar-la-o-singura-cladire-au-inceput-lucrarile\\\/\"},\"author\":{\"name\":\"Bianca Albu\",\"@id\":\"https:\\\/\\\/buletin.de\\\/bucuresti\\\/#\\\/schema\\\/person\\\/295dc2228d2dc79294d636619468dc7f\"},\"headline\":\"Consolidare antiseismic\u0103 \u00een ritm de melc, \u00een Capital\u0103. Cinci expertize \u00eentr-un an \u0219i doar la o singur\u0103 cl\u0103dire au \u00eenceput lucr\u0103rile\",\"datePublished\":\"2022-07-13T12:52:06+00:00\",\"dateModified\":\"2022-07-13T12:53:00+00:00\",\"mainEntityOfPage\":{\"@id\":\"https:\\\/\\\/buletin.de\\\/bucuresti\\\/consolidare-antiseismica-in-ritm-de-melc-in-capitala-cinci-expertize-intr-un-an-si-doar-la-o-singura-cladire-au-inceput-lucrarile\\\/\"},\"wordCount\":1141,\"publisher\":{\"@id\":\"https:\\\/\\\/buletin.de\\\/bucuresti\\\/#organization\"},\"image\":{\"@id\":\"https:\\\/\\\/buletin.de\\\/bucuresti\\\/consolidare-antiseismica-in-ritm-de-melc-in-capitala-cinci-expertize-intr-un-an-si-doar-la-o-singura-cladire-au-inceput-lucrarile\\\/#primaryimage\"},\"thumbnailUrl\":\"https:\\\/\\\/buletin.de\\\/bucuresti\\\/wp-content\\\/uploads\\\/WhatsApp-Image-2022-06-27-at-14.33.52.jpeg\",\"keywords\":[\"amccrs\",\"cladiri cu risc seismic\",\"consolidare\",\"consolidare primarie\",\"primaria bucuresti\"],\"articleSection\":[\"Featured\"],\"inLanguage\":\"en-GB\",\"copyrightYear\":\"2022\",\"copyrightHolder\":{\"@id\":\"https:\\\/\\\/buletin.de\\\/bucuresti\\\/#organization\"}},{\"@type\":\"WebPage\",\"@id\":\"https:\\\/\\\/buletin.de\\\/bucuresti\\\/consolidare-antiseismica-in-ritm-de-melc-in-capitala-cinci-expertize-intr-un-an-si-doar-la-o-singura-cladire-au-inceput-lucrarile\\\/\",\"url\":\"https:\\\/\\\/buletin.de\\\/bucuresti\\\/consolidare-antiseismica-in-ritm-de-melc-in-capitala-cinci-expertize-intr-un-an-si-doar-la-o-singura-cladire-au-inceput-lucrarile\\\/\",\"name\":\"Consolidare antiseismic\u0103 \u00een ritm de melc, \u00een Capital\u0103. Cinci expertize \u00eentr-un an \u0219i doar la o singur\u0103 cl\u0103dire au \u00eenceput lucr\u0103rile - Buletin de Bucure\u0219ti\",\"isPartOf\":{\"@id\":\"https:\\\/\\\/buletin.de\\\/bucuresti\\\/#website\"},\"primaryImageOfPage\":{\"@id\":\"https:\\\/\\\/buletin.de\\\/bucuresti\\\/consolidare-antiseismica-in-ritm-de-melc-in-capitala-cinci-expertize-intr-un-an-si-doar-la-o-singura-cladire-au-inceput-lucrarile\\\/#primaryimage\"},\"image\":{\"@id\":\"https:\\\/\\\/buletin.de\\\/bucuresti\\\/consolidare-antiseismica-in-ritm-de-melc-in-capitala-cinci-expertize-intr-un-an-si-doar-la-o-singura-cladire-au-inceput-lucrarile\\\/#primaryimage\"},\"thumbnailUrl\":\"https:\\\/\\\/buletin.de\\\/bucuresti\\\/wp-content\\\/uploads\\\/WhatsApp-Image-2022-06-27-at-14.33.52.jpeg\",\"datePublished\":\"2022-07-13T12:52:06+00:00\",\"dateModified\":\"2022-07-13T12:53:00+00:00\",\"breadcrumb\":{\"@id\":\"https:\\\/\\\/buletin.de\\\/bucuresti\\\/consolidare-antiseismica-in-ritm-de-melc-in-capitala-cinci-expertize-intr-un-an-si-doar-la-o-singura-cladire-au-inceput-lucrarile\\\/#breadcrumb\"},\"inLanguage\":\"en-GB\",\"potentialAction\":[{\"@type\":\"ReadAction\",\"target\":[\"https:\\\/\\\/buletin.de\\\/bucuresti\\\/consolidare-antiseismica-in-ritm-de-melc-in-capitala-cinci-expertize-intr-un-an-si-doar-la-o-singura-cladire-au-inceput-lucrarile\\\/\"]}]},{\"@type\":\"ImageObject\",\"inLanguage\":\"en-GB\",\"@id\":\"https:\\\/\\\/buletin.de\\\/bucuresti\\\/consolidare-antiseismica-in-ritm-de-melc-in-capitala-cinci-expertize-intr-un-an-si-doar-la-o-singura-cladire-au-inceput-lucrarile\\\/#primaryimage\",\"url\":\"https:\\\/\\\/buletin.de\\\/bucuresti\\\/wp-content\\\/uploads\\\/WhatsApp-Image-2022-06-27-at-14.33.52.jpeg\",\"contentUrl\":\"https:\\\/\\\/buletin.de\\\/bucuresti\\\/wp-content\\\/uploads\\\/WhatsApp-Image-2022-06-27-at-14.33.52.jpeg\",\"width\":2048,\"height\":1536},{\"@type\":\"BreadcrumbList\",\"@id\":\"https:\\\/\\\/buletin.de\\\/bucuresti\\\/consolidare-antiseismica-in-ritm-de-melc-in-capitala-cinci-expertize-intr-un-an-si-doar-la-o-singura-cladire-au-inceput-lucrarile\\\/#breadcrumb\",\"itemListElement\":[{\"@type\":\"ListItem\",\"position\":1,\"name\":\"Acas\u0103\",\"item\":\"https:\\\/\\\/buletin.de\\\/bucuresti\\\/\"},{\"@type\":\"ListItem\",\"position\":2,\"name\":\"Consolidare antiseismic\u0103 \u00een ritm de melc, \u00een Capital\u0103. Cinci expertize \u00eentr-un an \u0219i doar la o singur\u0103 cl\u0103dire au \u00eenceput lucr\u0103rile\"}]},{\"@type\":\"WebSite\",\"@id\":\"https:\\\/\\\/buletin.de\\\/bucuresti\\\/#website\",\"url\":\"https:\\\/\\\/buletin.de\\\/bucuresti\\\/\",\"name\":\"Buletin de Bucure\u0219ti\",\"description\":\"\u0218tiri \u0219i investiga\u021bii esen\u021biale din capital\u0103\",\"publisher\":{\"@id\":\"https:\\\/\\\/buletin.de\\\/bucuresti\\\/#organization\"},\"potentialAction\":[{\"@type\":\"SearchAction\",\"target\":{\"@type\":\"EntryPoint\",\"urlTemplate\":\"https:\\\/\\\/buletin.de\\\/bucuresti\\\/?s={search_term_string}\"},\"query-input\":{\"@type\":\"PropertyValueSpecification\",\"valueRequired\":true,\"valueName\":\"search_term_string\"}}],\"inLanguage\":\"en-GB\"},{\"@type\":\"Organization\",\"@id\":\"https:\\\/\\\/buletin.de\\\/bucuresti\\\/#organization\",\"name\":\"Buletin de Bucure\u0219ti\",\"url\":\"https:\\\/\\\/buletin.de\\\/bucuresti\\\/\",\"logo\":{\"@type\":\"ImageObject\",\"inLanguage\":\"en-GB\",\"@id\":\"https:\\\/\\\/buletin.de\\\/bucuresti\\\/#\\\/schema\\\/logo\\\/image\\\/\",\"url\":\"https:\\\/\\\/buletin.de\\\/bucuresti\\\/wp-content\\\/uploads\\\/logo-bdb-full-wide-vernil-transparent.png\",\"contentUrl\":\"https:\\\/\\\/buletin.de\\\/bucuresti\\\/wp-content\\\/uploads\\\/logo-bdb-full-wide-vernil-transparent.png\",\"width\":1782,\"height\":626,\"caption\":\"Buletin de Bucure\u0219ti\"},\"image\":{\"@id\":\"https:\\\/\\\/buletin.de\\\/bucuresti\\\/#\\\/schema\\\/logo\\\/image\\\/\"},\"sameAs\":[\"https:\\\/\\\/www.facebook.com\\\/buletin.de.buc\",\"https:\\\/\\\/www.instagram.com\\\/buletinde.bucuresti\\\/\"]},{\"@type\":\"Person\",\"@id\":\"https:\\\/\\\/buletin.de\\\/bucuresti\\\/#\\\/schema\\\/person\\\/295dc2228d2dc79294d636619468dc7f\",\"name\":\"Bianca Albu\",\"image\":{\"@type\":\"ImageObject\",\"inLanguage\":\"en-GB\",\"@id\":\"https:\\\/\\\/secure.gravatar.com\\\/avatar\\\/3df2e34e20f529e6fd7be4311ee1f7c4ec4aa886971590baf6fa214b15743516?s=96&d=monsterid&r=gf541c715eeec409ce8101252a3c0d8a7\",\"url\":\"https:\\\/\\\/secure.gravatar.com\\\/avatar\\\/3df2e34e20f529e6fd7be4311ee1f7c4ec4aa886971590baf6fa214b15743516?s=96&d=monsterid&r=g\",\"contentUrl\":\"https:\\\/\\\/secure.gravatar.com\\\/avatar\\\/3df2e34e20f529e6fd7be4311ee1f7c4ec4aa886971590baf6fa214b15743516?s=96&d=monsterid&r=g\",\"caption\":\"Bianca Albu\"},\"description\":\"Reporter\",\"url\":\"https:\\\/\\\/buletin.de\\\/bucuresti\\\/author\\\/biancaalbu\\\/\"}]}<\/script>\n<!-- \/ Yoast SEO Premium plugin. -->","yoast_head_json":{"title":"Consolidare antiseismic\u0103 \u00een ritm de melc, \u00een Capital\u0103. Cinci expertize \u00eentr-un an \u0219i doar la o singur\u0103 cl\u0103dire au \u00eenceput lucr\u0103rile - Buletin de Bucure\u0219ti","robots":{"index":"index","follow":"follow","max-snippet":"max-snippet:-1","max-image-preview":"max-image-preview:large","max-video-preview":"max-video-preview:-1"},"canonical":"https:\/\/buletin.de\/bucuresti\/consolidare-antiseismica-in-ritm-de-melc-in-capitala-cinci-expertize-intr-un-an-si-doar-la-o-singura-cladire-au-inceput-lucrarile\/","og_locale":"en_GB","og_type":"article","og_title":"Consolidare antiseismic\u0103 \u00een ritm de melc, \u00een Capital\u0103. Cinci expertize \u00eentr-un an \u0219i doar la o singur\u0103 cl\u0103dire au \u00eenceput lucr\u0103rile","og_description":"La \u00eenceputul anului 2021, pe lista cl\u0103dirilor care necesit\u0103 consolidare figura un num\u0103r de 363 de imobile aflate \u00een clasa I de risc seismic . Primarul Nicu\u0219or Dan, acela\u0219i care \u00een campania electoral\u0103 a promis c\u0103 se va ocupa de aceast\u0103 problem\u0103, a declarat anul trecut c\u0103 e nevoie de o accelerare a procesului de [&hellip;]","og_url":"https:\/\/buletin.de\/bucuresti\/consolidare-antiseismica-in-ritm-de-melc-in-capitala-cinci-expertize-intr-un-an-si-doar-la-o-singura-cladire-au-inceput-lucrarile\/","og_site_name":"Buletin de Bucure\u0219ti","article_publisher":"https:\/\/www.facebook.com\/buletin.de.buc","article_published_time":"2022-07-13T12:52:06+00:00","article_modified_time":"2022-07-13T12:53:00+00:00","og_image":[{"width":2048,"height":1536,"url":"https:\/\/buletin.de\/bucuresti\/wp-content\/uploads\/WhatsApp-Image-2022-06-27-at-14.33.52.jpeg","type":"image\/jpeg"}],"author":"Bianca Albu","twitter_card":"summary_large_image","twitter_misc":{"Written by":"Bianca Albu","Estimated reading time":"6 minutes"},"schema":{"@context":"https:\/\/schema.org","@graph":[{"@type":"Article","@id":"https:\/\/buletin.de\/bucuresti\/consolidare-antiseismica-in-ritm-de-melc-in-capitala-cinci-expertize-intr-un-an-si-doar-la-o-singura-cladire-au-inceput-lucrarile\/#article","isPartOf":{"@id":"https:\/\/buletin.de\/bucuresti\/consolidare-antiseismica-in-ritm-de-melc-in-capitala-cinci-expertize-intr-un-an-si-doar-la-o-singura-cladire-au-inceput-lucrarile\/"},"author":{"name":"Bianca Albu","@id":"https:\/\/buletin.de\/bucuresti\/#\/schema\/person\/295dc2228d2dc79294d636619468dc7f"},"headline":"Consolidare antiseismic\u0103 \u00een ritm de melc, \u00een Capital\u0103. Cinci expertize \u00eentr-un an \u0219i doar la o singur\u0103 cl\u0103dire au \u00eenceput lucr\u0103rile","datePublished":"2022-07-13T12:52:06+00:00","dateModified":"2022-07-13T12:53:00+00:00","mainEntityOfPage":{"@id":"https:\/\/buletin.de\/bucuresti\/consolidare-antiseismica-in-ritm-de-melc-in-capitala-cinci-expertize-intr-un-an-si-doar-la-o-singura-cladire-au-inceput-lucrarile\/"},"wordCount":1141,"publisher":{"@id":"https:\/\/buletin.de\/bucuresti\/#organization"},"image":{"@id":"https:\/\/buletin.de\/bucuresti\/consolidare-antiseismica-in-ritm-de-melc-in-capitala-cinci-expertize-intr-un-an-si-doar-la-o-singura-cladire-au-inceput-lucrarile\/#primaryimage"},"thumbnailUrl":"https:\/\/buletin.de\/bucuresti\/wp-content\/uploads\/WhatsApp-Image-2022-06-27-at-14.33.52.jpeg","keywords":["amccrs","cladiri cu risc seismic","consolidare","consolidare primarie","primaria bucuresti"],"articleSection":["Featured"],"inLanguage":"en-GB","copyrightYear":"2022","copyrightHolder":{"@id":"https:\/\/buletin.de\/bucuresti\/#organization"}},{"@type":"WebPage","@id":"https:\/\/buletin.de\/bucuresti\/consolidare-antiseismica-in-ritm-de-melc-in-capitala-cinci-expertize-intr-un-an-si-doar-la-o-singura-cladire-au-inceput-lucrarile\/","url":"https:\/\/buletin.de\/bucuresti\/consolidare-antiseismica-in-ritm-de-melc-in-capitala-cinci-expertize-intr-un-an-si-doar-la-o-singura-cladire-au-inceput-lucrarile\/","name":"Consolidare antiseismic\u0103 \u00een ritm de melc, \u00een Capital\u0103. Cinci expertize \u00eentr-un an \u0219i doar la o singur\u0103 cl\u0103dire au \u00eenceput lucr\u0103rile - Buletin de Bucure\u0219ti","isPartOf":{"@id":"https:\/\/buletin.de\/bucuresti\/#website"},"primaryImageOfPage":{"@id":"https:\/\/buletin.de\/bucuresti\/consolidare-antiseismica-in-ritm-de-melc-in-capitala-cinci-expertize-intr-un-an-si-doar-la-o-singura-cladire-au-inceput-lucrarile\/#primaryimage"},"image":{"@id":"https:\/\/buletin.de\/bucuresti\/consolidare-antiseismica-in-ritm-de-melc-in-capitala-cinci-expertize-intr-un-an-si-doar-la-o-singura-cladire-au-inceput-lucrarile\/#primaryimage"},"thumbnailUrl":"https:\/\/buletin.de\/bucuresti\/wp-content\/uploads\/WhatsApp-Image-2022-06-27-at-14.33.52.jpeg","datePublished":"2022-07-13T12:52:06+00:00","dateModified":"2022-07-13T12:53:00+00:00","breadcrumb":{"@id":"https:\/\/buletin.de\/bucuresti\/consolidare-antiseismica-in-ritm-de-melc-in-capitala-cinci-expertize-intr-un-an-si-doar-la-o-singura-cladire-au-inceput-lucrarile\/#breadcrumb"},"inLanguage":"en-GB","potentialAction":[{"@type":"ReadAction","target":["https:\/\/buletin.de\/bucuresti\/consolidare-antiseismica-in-ritm-de-melc-in-capitala-cinci-expertize-intr-un-an-si-doar-la-o-singura-cladire-au-inceput-lucrarile\/"]}]},{"@type":"ImageObject","inLanguage":"en-GB","@id":"https:\/\/buletin.de\/bucuresti\/consolidare-antiseismica-in-ritm-de-melc-in-capitala-cinci-expertize-intr-un-an-si-doar-la-o-singura-cladire-au-inceput-lucrarile\/#primaryimage","url":"https:\/\/buletin.de\/bucuresti\/wp-content\/uploads\/WhatsApp-Image-2022-06-27-at-14.33.52.jpeg","contentUrl":"https:\/\/buletin.de\/bucuresti\/wp-content\/uploads\/WhatsApp-Image-2022-06-27-at-14.33.52.jpeg","width":2048,"height":1536},{"@type":"BreadcrumbList","@id":"https:\/\/buletin.de\/bucuresti\/consolidare-antiseismica-in-ritm-de-melc-in-capitala-cinci-expertize-intr-un-an-si-doar-la-o-singura-cladire-au-inceput-lucrarile\/#breadcrumb","itemListElement":[{"@type":"ListItem","position":1,"name":"Acas\u0103","item":"https:\/\/buletin.de\/bucuresti\/"},{"@type":"ListItem","position":2,"name":"Consolidare antiseismic\u0103 \u00een ritm de melc, \u00een Capital\u0103. Cinci expertize \u00eentr-un an \u0219i doar la o singur\u0103 cl\u0103dire au \u00eenceput lucr\u0103rile"}]},{"@type":"WebSite","@id":"https:\/\/buletin.de\/bucuresti\/#website","url":"https:\/\/buletin.de\/bucuresti\/","name":"Buletin de Bucure\u0219ti","description":"\u0218tiri \u0219i investiga\u021bii esen\u021biale din capital\u0103","publisher":{"@id":"https:\/\/buletin.de\/bucuresti\/#organization"},"potentialAction":[{"@type":"SearchAction","target":{"@type":"EntryPoint","urlTemplate":"https:\/\/buletin.de\/bucuresti\/?s={search_term_string}"},"query-input":{"@type":"PropertyValueSpecification","valueRequired":true,"valueName":"search_term_string"}}],"inLanguage":"en-GB"},{"@type":"Organization","@id":"https:\/\/buletin.de\/bucuresti\/#organization","name":"Buletin de Bucure\u0219ti","url":"https:\/\/buletin.de\/bucuresti\/","logo":{"@type":"ImageObject","inLanguage":"en-GB","@id":"https:\/\/buletin.de\/bucuresti\/#\/schema\/logo\/image\/","url":"https:\/\/buletin.de\/bucuresti\/wp-content\/uploads\/logo-bdb-full-wide-vernil-transparent.png","contentUrl":"https:\/\/buletin.de\/bucuresti\/wp-content\/uploads\/logo-bdb-full-wide-vernil-transparent.png","width":1782,"height":626,"caption":"Buletin de Bucure\u0219ti"},"image":{"@id":"https:\/\/buletin.de\/bucuresti\/#\/schema\/logo\/image\/"},"sameAs":["https:\/\/www.facebook.com\/buletin.de.buc","https:\/\/www.instagram.com\/buletinde.bucuresti\/"]},{"@type":"Person","@id":"https:\/\/buletin.de\/bucuresti\/#\/schema\/person\/295dc2228d2dc79294d636619468dc7f","name":"Bianca Albu","image":{"@type":"ImageObject","inLanguage":"en-GB","@id":"https:\/\/secure.gravatar.com\/avatar\/3df2e34e20f529e6fd7be4311ee1f7c4ec4aa886971590baf6fa214b15743516?s=96&d=monsterid&r=gf541c715eeec409ce8101252a3c0d8a7","url":"https:\/\/secure.gravatar.com\/avatar\/3df2e34e20f529e6fd7be4311ee1f7c4ec4aa886971590baf6fa214b15743516?s=96&d=monsterid&r=g","contentUrl":"https:\/\/secure.gravatar.com\/avatar\/3df2e34e20f529e6fd7be4311ee1f7c4ec4aa886971590baf6fa214b15743516?s=96&d=monsterid&r=g","caption":"Bianca Albu"},"description":"Reporter","url":"https:\/\/buletin.de\/bucuresti\/author\/biancaalbu\/"}]}},"authors":[{"term_id":22588,"user_id":6,"is_guest":0,"slug":"biancaalbu","display_name":"Bianca Albu","avatar_url":"https:\/\/secure.gravatar.com\/avatar\/3df2e34e20f529e6fd7be4311ee1f7c4ec4aa886971590baf6fa214b15743516?s=96&d=monsterid&r=g","0":null,"1":"","2":"","3":"","4":"","5":"","6":"","7":"","8":""}],"_links":{"self":[{"href":"https:\/\/buletin.de\/bucuresti\/wp-json\/wp\/v2\/posts\/43852","targetHints":{"allow":["GET"]}}],"collection":[{"href":"https:\/\/buletin.de\/bucuresti\/wp-json\/wp\/v2\/posts"}],"about":[{"href":"https:\/\/buletin.de\/bucuresti\/wp-json\/wp\/v2\/types\/post"}],"author":[{"embeddable":true,"href":"https:\/\/buletin.de\/bucuresti\/wp-json\/wp\/v2\/users\/6"}],"replies":[{"embeddable":true,"href":"https:\/\/buletin.de\/bucuresti\/wp-json\/wp\/v2\/comments?post=43852"}],"version-history":[{"count":10,"href":"https:\/\/buletin.de\/bucuresti\/wp-json\/wp\/v2\/posts\/43852\/revisions"}],"predecessor-version":[{"id":44585,"href":"https:\/\/buletin.de\/bucuresti\/wp-json\/wp\/v2\/posts\/43852\/revisions\/44585"}],"wp:featuredmedia":[{"embeddable":true,"href":"https:\/\/buletin.de\/bucuresti\/wp-json\/wp\/v2\/media\/43856"}],"wp:attachment":[{"href":"https:\/\/buletin.de\/bucuresti\/wp-json\/wp\/v2\/media?parent=43852"}],"wp:term":[{"taxonomy":"category","embeddable":true,"href":"https:\/\/buletin.de\/bucuresti\/wp-json\/wp\/v2\/categories?post=43852"},{"taxonomy":"post_tag","embeddable":true,"href":"https:\/\/buletin.de\/bucuresti\/wp-json\/wp\/v2\/tags?post=43852"},{"taxonomy":"author","embeddable":true,"href":"https:\/\/buletin.de\/bucuresti\/wp-json\/wp\/v2\/ppma_author?post=43852"}],"curies":[{"name":"wp","href":"https:\/\/api.w.org\/{rel}","templated":true}]}}