{"id":43769,"date":"2022-06-24T09:58:15","date_gmt":"2022-06-24T07:58:15","guid":{"rendered":"https:\/\/buletin.de\/bucuresti\/?p=43769"},"modified":"2023-09-19T15:32:41","modified_gmt":"2023-09-19T13:32:41","slug":"reportaj-centrul-crizelor-casa-pentru-20-de-ucraineni","status":"publish","type":"post","link":"https:\/\/buletin.de\/bucuresti\/reportaj-centrul-crizelor-casa-pentru-20-de-ucraineni\/","title":{"rendered":"REPORTAJ | Centrul crizelor, cas\u0103 pentru 20 de ucraineni"},"content":{"rendered":"\n<p><strong>Timp de 9 ani, cl\u0103direa de pe Calea Plevnei nr. 234 a fost cas\u0103 pentru seniori, loc de \u00eent\u00e2lnire, socializare \u0219i un reper al comunit\u0103\u021bii. De doi ani este centrul crizelor, a\u0219a cum plastic l-a numit unul din coordonatorii centrului. A fost centru de vaccinare amenajat pe repede \u00eenainte \u00een plin\u0103 pandemie, \u0219i, la fel de repede, s-a transformat \u00een centru pentru refugia\u021bi, dup\u0103 ce a \u00eenceput r\u0103zboiul \u00een Ucraina. Acum este centru <em>blue dot, <\/em>primul de acest fel din Capital\u0103. <\/strong><\/p>\n\n\n\n<p><\/p>\n\n\n\n<p>\u00centr-una din camerele luminoase ale centrului, cu mobilier alb \u0219i a\u0219tenuturi albastre st\u0103 Anastastiia Yermakova, o femeie micu\u021b\u0103, tuns\u0103 scurt pe care o recuno\u0219ti cu greu \u00eentre copiii ei. E \u00eenc\u0103 foarte t\u00e2n\u0103r\u0103. \u00cens\u0103 felul \u00een care ridic\u0103 doar pu\u021bin col\u021burile gurii c\u00e2nd z\u00e2mbe\u0219te te face s\u0103 b\u0103nuie\u0219ti c\u0103 nu i-a fost \u0219i nu \u00eei este u\u0219or. <\/p>\n\n\n\n<h2 class=\"wp-block-heading\">Anastasiia \u0219i copiii ei<\/h2>\n\n\n\n<p>Anastasia a plecat pe 11 aprilie din Herson. \u0218i-a luat cei patru b\u0103ie\u021bi, prietena celui mai mare dintre ei \u0219i c\u00e2inele familiei \u0219i a fugit spre grani\u021ba cea mai apropiat\u0103.  \u00cen urma ei au r\u0103mas b\u0103rbatul, mama, mul\u021bi prieteni \u0219i rude. A fost s\u0103 fie Rom\u00e2nia, o destina\u021bie complet necunoscut\u0103 Anastasiiei. Cu ajutorul unui voluntar din Odesa a reu\u0219it s\u0103 ia primul transport spre \u021bara noastr\u0103, chiar dac\u0103 al\u021bi prieteni \u0219i cunoscu\u021bi de-ai ei au ales s\u0103 mearg\u0103 \u00een Polonia. <\/p>\n\n\n\n<blockquote class=\"wp-block-quote is-layout-flow wp-block-quote-is-layout-flow\"><p>Aveam trei zile la dispozi\u021bie \u0219\u0103 ies din \u021bar\u0103. Dac\u0103 \u00eent\u00e2rziam, b\u0103iatul cel mare ar fi trebuit s\u0103 se \u00eentoarc\u0103 \u0219i s\u0103 lupte pe front pentru c\u0103 \u00eemplinea 18 ani. Am fugit spre cea mai apropiat\u0103 grani\u021b\u0103, cea spre Rom\u00e2nia. O parte dintre prietenii mei au plecat spre Polonia, iar al\u021bii \u0219i-au g\u0103sit loc \u00een zonele mai pu\u021bin afectate din Ucraina. Nu \u0219tiam aproape nimic despre Rom\u00e2nia. <\/p><cite>A declarat Anastasia pentru Buletin de Bucure\u0219ti<\/cite><\/blockquote>\n\n\n\n<p>A ajuns \u00een Bucure\u0219ti, la casa de pe strada Plevnei \u0219i aici a r\u0103mas. A reu\u0219it s\u0103-\u0219i p\u0103streze locul de munc\u0103, \u00een IT, la o firm\u0103 din Ucraina, pentru care poate lucreaz\u0103 \u0219i din Rom\u00e2nia. Banii nu sunt suficien\u021bi a\u0219a c\u0103 a \u00eenceput s\u0103 fac\u0103 cursuri de limba rom\u00e2n\u0103 pentru a-\u0219i lua \u00eenc\u0103 un job \u00een Bucure\u0219ti. <\/p>\n\n\n\n<p>De\u0219i condi\u021biile de la centrul din Sectorul 6 sunt bune, Anastasiiei \u00eei lipsesc multe lucruri din via\u021ba de dinainte de r\u0103zboi. Mama, partnerul, prietenii \u0219i sportul sunt doar c\u00e2teva dintre ele. Cu cei de acas\u0103, din Herson, vorbe\u0219te rar pentru c\u0103 semnalul la telefon dispare zile \u00eentregi din cauza luptelor din ora\u0219ul natal.<\/p>\n\n\n\n<figure class=\"wp-block-image size-large\"><img fetchpriority=\"high\" decoding=\"async\" width=\"900\" height=\"675\" src=\"data:image\/gif;base64,R0lGODlhAQABAAAAACH5BAEKAAEALAAAAAABAAEAAAICTAEAOw==\" data-src=\"https:\/\/buletin.de\/bucuresti\/wp-content\/uploads\/WhatsApp-Image-2022-06-23-at-15.41.31-2-900x675.jpeg\" alt=\"\" class=\"wp-image-43775 lazyload\" data-sizes=\"auto\" data-srcset=\"https:\/\/buletin.de\/bucuresti\/wp-content\/uploads\/WhatsApp-Image-2022-06-23-at-15.41.31-2-900x675.jpeg 900w, https:\/\/buletin.de\/bucuresti\/wp-content\/uploads\/WhatsApp-Image-2022-06-23-at-15.41.31-2-300x225.jpeg 300w, https:\/\/buletin.de\/bucuresti\/wp-content\/uploads\/WhatsApp-Image-2022-06-23-at-15.41.31-2-768x576.jpeg 768w, https:\/\/buletin.de\/bucuresti\/wp-content\/uploads\/WhatsApp-Image-2022-06-23-at-15.41.31-2-1536x1152.jpeg 1536w, https:\/\/buletin.de\/bucuresti\/wp-content\/uploads\/WhatsApp-Image-2022-06-23-at-15.41.31-2-1060x795.jpeg 1060w, https:\/\/buletin.de\/bucuresti\/wp-content\/uploads\/WhatsApp-Image-2022-06-23-at-15.41.31-2-550x413.jpeg 550w, https:\/\/buletin.de\/bucuresti\/wp-content\/uploads\/WhatsApp-Image-2022-06-23-at-15.41.31-2-667x500.jpeg 667w, https:\/\/buletin.de\/bucuresti\/wp-content\/uploads\/WhatsApp-Image-2022-06-23-at-15.41.31-2-1440x1080.jpeg 1440w, https:\/\/buletin.de\/bucuresti\/wp-content\/uploads\/WhatsApp-Image-2022-06-23-at-15.41.31-2-600x450.jpeg 600w, https:\/\/buletin.de\/bucuresti\/wp-content\/uploads\/WhatsApp-Image-2022-06-23-at-15.41.31-2.jpeg 1600w\" sizes=\"(max-width: 900px) 100vw, 900px\" \/><figcaption><meta charset=\"utf-8\">Anastasiia Yermakova (mijloc-st\u00e2nga) al\u0103turi trei dintre copiii ei \u0219i c\u00e2inele familiei <\/figcaption><\/figure>\n\n\n\n<p>Din imagine lipse\u0219te b\u0103iatul cel mare al Anastasiei \u0219i prietena lui. Am\u00e2ndoi lucreaz\u0103 la o sp\u0103l\u0103torie, la o or\u0103 dep\u0103rtare de Casa Seniorilor din Sectorul 6. N-au vrut s\u0103 stea degeaba, s\u0103 a\u0219tepte doar ajutoarele de la rom\u00e2ni.<\/p>\n\n\n\n<h2 class=\"wp-block-heading\">\u201e<strong>Centrul crizelor<\/strong>\u201c &#8211; de la centru de vaccinare, la centru pentru refugia\u021bi <\/h2>\n\n\n\n<p>Situat aproape peste drum de Prim\u0103ria Sectorului 6, Clubul Seniorilor era locul unde persoanele \u00een v\u00e2rst\u0103 veneau pentru socializare, relaxare \u0219i chiar consiliere psihologic\u0103. C\u00e2nd a izbucnit Pandemia de Covid-19 clubul s-a transformat \u00een centru de vaccinare. <\/p>\n\n\n\n<p>C\u00e2nd ritmul imuniz\u0103rii a sc\u0103zut, centrul se preg\u0103tea s\u0103 redevin\u0103 casa seniorilor din Sectorul 6. Pe 24 februarie, \u00eens\u0103, planurile s-au dat peste cap \u0219i \u00een regim de urgen\u021b\u0103, s-a transformat \u00een c\u0103min pentru refugia\u021bii veni\u021bi din Ucraina \u00een Capital\u0103. <\/p>\n\n\n\n<p>Primii refugia\u021bi au sosit \u00een martie, iar coordonatorii centrului povestesc c\u0103 primele autobuze au ajuns noaptea. Mul\u021bi dintre ucraineni aveau cu ei doar ni\u0219te papuci de cas\u0103 \u00een picioare \u0219i un rucsac \u00een care au luat, \u00een grab\u0103, ce au apucat. O parte dintre cei veni\u021bi atunci sunt \u00eenc\u0103 aici, la fel ca Anastasia \u0219i copii ei. \u00cen total, \u00een acest moment, sunt 20 de persoane. <\/p>\n\n\n\n<h2 class=\"wp-block-heading\">Ce \u00eenseamn\u0103 centru blue-dot?<\/h2>\n\n\n\n<p>Centrul a mai trecut printr-o transformare. Este acum, primul de tip <em>blue-dot<\/em>, un concept implementat de <strong>UNICEF<\/strong>, \u00een Capital\u0103. <\/p>\n\n\n\n<p class=\"has-small-font-size\"><strong>Blue Dot (<em>Punctele Albastre<\/em>)<\/strong>&nbsp;sunt centre de sprijin special concepute pentru copiii refugia\u021bi \u0219i familiile lor. Acestea ofer\u0103 servicii pentru nevoile urgente ale copiilor \u0219i femeilor.<\/p>\n\n\n\n<p class=\"has-small-font-size\">Centrele Blue Dot includ spa\u021bii prietenoase pentru copii \u0219i ofer\u0103 servicii integrate care includ:<\/p>\n\n\n\n<ul class=\"has-small-font-size wp-block-list\"><li>re\u00eentregirea \u0219i reconectarea familiilor<\/li><li>informare \u0219i consiliere<\/li><li>\u00eenregistrarea celor mai vulnerabili<\/li><li>spa\u021bii dedicate mamelor \u0219i bebelu\u0219ilor\/copiilor mici<\/li><li>consiliere psihologic\u0103<\/li><li>prim ajutor privind igiena, s\u0103n\u0103tatea \u0219i nutri\u021bia bebelu\u0219ilor<\/li><li>consiliere juridic\u0103 de baz\u0103<\/li><li>servicii de urgen\u021b\u0103 pentru cazuri de violen\u021b\u0103 sau probleme de s\u0103n\u0103tate<\/li><li>p\u0103turi, haine c\u0103lduroase, truse sanitare, juc\u0103rii<\/li><li>produse de igien\u0103<\/li><li>alimente pentru copii.&nbsp;&nbsp;<\/li><\/ul>\n\n\n\n<p>Cei 20 de refugia\u021bi din clubul seniorilor din sectorul 6 dispun de toate condi\u021biile pentru a locui pe termen lung \u00een Capital\u0103. Majoritatea camerelor au dou\u0103 paturi, o mas\u0103 cu doua sau trei scaune \u0219i dulap pentru haine. Camerele de la etajul cl\u0103dirii au \u0219i baie \u00een camer\u0103, \u00een timp ce cele de la parter au baie \u0219i du\u0219 comun, pe hol. <\/p>\n\n\n\n<figure class=\"wp-block-gallery columns-3 is-cropped wp-block-gallery-1 is-layout-flex wp-block-gallery-is-layout-flex\"><ul class=\"blocks-gallery-grid\"><li class=\"blocks-gallery-item\"><figure><img decoding=\"async\" width=\"900\" height=\"675\" src=\"data:image\/gif;base64,R0lGODlhAQABAAAAACH5BAEKAAEALAAAAAABAAEAAAICTAEAOw==\" data-src=\"https:\/\/buletin.de\/bucuresti\/wp-content\/uploads\/WhatsApp-Image-2022-06-23-at-15.41.31-4-900x675.jpeg\" alt=\"\" data-id=\"43776\" class=\"wp-image-43776 lazyload\" data-sizes=\"auto\" data-srcset=\"https:\/\/buletin.de\/bucuresti\/wp-content\/uploads\/WhatsApp-Image-2022-06-23-at-15.41.31-4-900x675.jpeg 900w, https:\/\/buletin.de\/bucuresti\/wp-content\/uploads\/WhatsApp-Image-2022-06-23-at-15.41.31-4-300x225.jpeg 300w, https:\/\/buletin.de\/bucuresti\/wp-content\/uploads\/WhatsApp-Image-2022-06-23-at-15.41.31-4-768x576.jpeg 768w, https:\/\/buletin.de\/bucuresti\/wp-content\/uploads\/WhatsApp-Image-2022-06-23-at-15.41.31-4-1536x1152.jpeg 1536w, https:\/\/buletin.de\/bucuresti\/wp-content\/uploads\/WhatsApp-Image-2022-06-23-at-15.41.31-4-1060x795.jpeg 1060w, https:\/\/buletin.de\/bucuresti\/wp-content\/uploads\/WhatsApp-Image-2022-06-23-at-15.41.31-4-550x413.jpeg 550w, https:\/\/buletin.de\/bucuresti\/wp-content\/uploads\/WhatsApp-Image-2022-06-23-at-15.41.31-4-667x500.jpeg 667w, https:\/\/buletin.de\/bucuresti\/wp-content\/uploads\/WhatsApp-Image-2022-06-23-at-15.41.31-4-1440x1080.jpeg 1440w, https:\/\/buletin.de\/bucuresti\/wp-content\/uploads\/WhatsApp-Image-2022-06-23-at-15.41.31-4-600x450.jpeg 600w, https:\/\/buletin.de\/bucuresti\/wp-content\/uploads\/WhatsApp-Image-2022-06-23-at-15.41.31-4.jpeg 1600w\" sizes=\"(max-width: 900px) 100vw, 900px\" \/><\/figure><\/li><li class=\"blocks-gallery-item\"><figure><img decoding=\"async\" width=\"900\" height=\"675\" src=\"data:image\/gif;base64,R0lGODlhAQABAAAAACH5BAEKAAEALAAAAAABAAEAAAICTAEAOw==\" data-src=\"https:\/\/buletin.de\/bucuresti\/wp-content\/uploads\/WhatsApp-Image-2022-06-23-at-15.41.31-7-900x675.jpeg\" alt=\"\" data-id=\"43778\" data-link=\"https:\/\/buletin.de\/bucuresti\/?attachment_id=43778\" class=\"wp-image-43778 lazyload\" data-sizes=\"auto\" data-srcset=\"https:\/\/buletin.de\/bucuresti\/wp-content\/uploads\/WhatsApp-Image-2022-06-23-at-15.41.31-7-900x675.jpeg 900w, https:\/\/buletin.de\/bucuresti\/wp-content\/uploads\/WhatsApp-Image-2022-06-23-at-15.41.31-7-300x225.jpeg 300w, https:\/\/buletin.de\/bucuresti\/wp-content\/uploads\/WhatsApp-Image-2022-06-23-at-15.41.31-7-768x576.jpeg 768w, https:\/\/buletin.de\/bucuresti\/wp-content\/uploads\/WhatsApp-Image-2022-06-23-at-15.41.31-7-1536x1152.jpeg 1536w, https:\/\/buletin.de\/bucuresti\/wp-content\/uploads\/WhatsApp-Image-2022-06-23-at-15.41.31-7-1060x795.jpeg 1060w, https:\/\/buletin.de\/bucuresti\/wp-content\/uploads\/WhatsApp-Image-2022-06-23-at-15.41.31-7-550x413.jpeg 550w, https:\/\/buletin.de\/bucuresti\/wp-content\/uploads\/WhatsApp-Image-2022-06-23-at-15.41.31-7-667x500.jpeg 667w, https:\/\/buletin.de\/bucuresti\/wp-content\/uploads\/WhatsApp-Image-2022-06-23-at-15.41.31-7-1440x1080.jpeg 1440w, https:\/\/buletin.de\/bucuresti\/wp-content\/uploads\/WhatsApp-Image-2022-06-23-at-15.41.31-7-600x450.jpeg 600w, https:\/\/buletin.de\/bucuresti\/wp-content\/uploads\/WhatsApp-Image-2022-06-23-at-15.41.31-7.jpeg 1600w\" sizes=\"(max-width: 900px) 100vw, 900px\" \/><\/figure><\/li><li class=\"blocks-gallery-item\"><figure><img loading=\"lazy\" decoding=\"async\" width=\"675\" height=\"900\" src=\"data:image\/gif;base64,R0lGODlhAQABAAAAACH5BAEKAAEALAAAAAABAAEAAAICTAEAOw==\" data-src=\"https:\/\/buletin.de\/bucuresti\/wp-content\/uploads\/WhatsApp-Image-2022-06-23-at-15.41.31-8-675x900.jpeg\" alt=\"\" data-id=\"43779\" data-link=\"https:\/\/buletin.de\/bucuresti\/?attachment_id=43779\" class=\"wp-image-43779 lazyload\" data-sizes=\"auto\" data-srcset=\"https:\/\/buletin.de\/bucuresti\/wp-content\/uploads\/WhatsApp-Image-2022-06-23-at-15.41.31-8-675x900.jpeg 675w, https:\/\/buletin.de\/bucuresti\/wp-content\/uploads\/WhatsApp-Image-2022-06-23-at-15.41.31-8-225x300.jpeg 225w, https:\/\/buletin.de\/bucuresti\/wp-content\/uploads\/WhatsApp-Image-2022-06-23-at-15.41.31-8-768x1024.jpeg 768w, https:\/\/buletin.de\/bucuresti\/wp-content\/uploads\/WhatsApp-Image-2022-06-23-at-15.41.31-8-1152x1536.jpeg 1152w, https:\/\/buletin.de\/bucuresti\/wp-content\/uploads\/WhatsApp-Image-2022-06-23-at-15.41.31-8-1060x1413.jpeg 1060w, https:\/\/buletin.de\/bucuresti\/wp-content\/uploads\/WhatsApp-Image-2022-06-23-at-15.41.31-8-550x733.jpeg 550w, https:\/\/buletin.de\/bucuresti\/wp-content\/uploads\/WhatsApp-Image-2022-06-23-at-15.41.31-8-375x500.jpeg 375w, https:\/\/buletin.de\/bucuresti\/wp-content\/uploads\/WhatsApp-Image-2022-06-23-at-15.41.31-8-810x1080.jpeg 810w, https:\/\/buletin.de\/bucuresti\/wp-content\/uploads\/WhatsApp-Image-2022-06-23-at-15.41.31-8-600x800.jpeg 600w, https:\/\/buletin.de\/bucuresti\/wp-content\/uploads\/WhatsApp-Image-2022-06-23-at-15.41.31-8.jpeg 1200w\" sizes=\"(max-width: 675px) 100vw, 675px\" \/><\/figure><\/li><li class=\"blocks-gallery-item\"><figure><img loading=\"lazy\" decoding=\"async\" width=\"900\" height=\"675\" src=\"data:image\/gif;base64,R0lGODlhAQABAAAAACH5BAEKAAEALAAAAAABAAEAAAICTAEAOw==\" data-src=\"https:\/\/buletin.de\/bucuresti\/wp-content\/uploads\/WhatsApp-Image-2022-06-23-at-15.41.31-2-1-900x675.jpeg\" alt=\"\" data-id=\"43780\" data-full-url=\"https:\/\/buletin.de\/bucuresti\/wp-content\/uploads\/WhatsApp-Image-2022-06-23-at-15.41.31-2-1.jpeg\" data-link=\"https:\/\/buletin.de\/bucuresti\/?attachment_id=43780\" class=\"wp-image-43780 lazyload\" data-sizes=\"auto\" data-srcset=\"https:\/\/buletin.de\/bucuresti\/wp-content\/uploads\/WhatsApp-Image-2022-06-23-at-15.41.31-2-1-900x675.jpeg 900w, https:\/\/buletin.de\/bucuresti\/wp-content\/uploads\/WhatsApp-Image-2022-06-23-at-15.41.31-2-1-300x225.jpeg 300w, https:\/\/buletin.de\/bucuresti\/wp-content\/uploads\/WhatsApp-Image-2022-06-23-at-15.41.31-2-1-768x576.jpeg 768w, https:\/\/buletin.de\/bucuresti\/wp-content\/uploads\/WhatsApp-Image-2022-06-23-at-15.41.31-2-1-1536x1152.jpeg 1536w, https:\/\/buletin.de\/bucuresti\/wp-content\/uploads\/WhatsApp-Image-2022-06-23-at-15.41.31-2-1-1060x795.jpeg 1060w, https:\/\/buletin.de\/bucuresti\/wp-content\/uploads\/WhatsApp-Image-2022-06-23-at-15.41.31-2-1-550x413.jpeg 550w, https:\/\/buletin.de\/bucuresti\/wp-content\/uploads\/WhatsApp-Image-2022-06-23-at-15.41.31-2-1-667x500.jpeg 667w, https:\/\/buletin.de\/bucuresti\/wp-content\/uploads\/WhatsApp-Image-2022-06-23-at-15.41.31-2-1-1440x1080.jpeg 1440w, https:\/\/buletin.de\/bucuresti\/wp-content\/uploads\/WhatsApp-Image-2022-06-23-at-15.41.31-2-1-600x450.jpeg 600w, https:\/\/buletin.de\/bucuresti\/wp-content\/uploads\/WhatsApp-Image-2022-06-23-at-15.41.31-2-1.jpeg 1600w\" sizes=\"(max-width: 900px) 100vw, 900px\" \/><\/figure><\/li><\/ul><figcaption class=\"blocks-gallery-caption\">Una dintre camere de la etajul Clubului Seniorilor din Sectorul 6.<\/figcaption><\/figure>\n\n\n\n<p><\/p>\n\n\n\n<p>O parte dintre pere\u021bii de pe holuri sunt picta\u021bi, iar cei care locuiesc aici au \u0219i locuri unde \u00ee\u0219i pot sp\u0103la hainele, vasele \u0219i chiar s\u0103 g\u0103teasc\u0103. La parterul cl\u0103dirii, imediat dup\u0103 intrarea principal\u0103, se afl\u0103 sala de mese. <\/p>\n\n\n\n<figure class=\"wp-block-gallery columns-2 is-cropped wp-block-gallery-2 is-layout-flex wp-block-gallery-is-layout-flex\"><ul class=\"blocks-gallery-grid\"><li class=\"blocks-gallery-item\"><figure><img loading=\"lazy\" decoding=\"async\" width=\"900\" height=\"675\" src=\"data:image\/gif;base64,R0lGODlhAQABAAAAACH5BAEKAAEALAAAAAABAAEAAAICTAEAOw==\" data-src=\"https:\/\/buletin.de\/bucuresti\/wp-content\/uploads\/WhatsApp-Image-2022-06-23-at-15.41.31-6-1-900x675.jpeg\" alt=\"\" data-id=\"43783\" data-full-url=\"https:\/\/buletin.de\/bucuresti\/wp-content\/uploads\/WhatsApp-Image-2022-06-23-at-15.41.31-6-1.jpeg\" data-link=\"https:\/\/buletin.de\/bucuresti\/?attachment_id=43783\" class=\"wp-image-43783 lazyload\" data-sizes=\"auto\" data-srcset=\"https:\/\/buletin.de\/bucuresti\/wp-content\/uploads\/WhatsApp-Image-2022-06-23-at-15.41.31-6-1-900x675.jpeg 900w, https:\/\/buletin.de\/bucuresti\/wp-content\/uploads\/WhatsApp-Image-2022-06-23-at-15.41.31-6-1-300x225.jpeg 300w, https:\/\/buletin.de\/bucuresti\/wp-content\/uploads\/WhatsApp-Image-2022-06-23-at-15.41.31-6-1-768x576.jpeg 768w, https:\/\/buletin.de\/bucuresti\/wp-content\/uploads\/WhatsApp-Image-2022-06-23-at-15.41.31-6-1-1536x1152.jpeg 1536w, https:\/\/buletin.de\/bucuresti\/wp-content\/uploads\/WhatsApp-Image-2022-06-23-at-15.41.31-6-1-1060x795.jpeg 1060w, https:\/\/buletin.de\/bucuresti\/wp-content\/uploads\/WhatsApp-Image-2022-06-23-at-15.41.31-6-1-550x413.jpeg 550w, https:\/\/buletin.de\/bucuresti\/wp-content\/uploads\/WhatsApp-Image-2022-06-23-at-15.41.31-6-1-667x500.jpeg 667w, https:\/\/buletin.de\/bucuresti\/wp-content\/uploads\/WhatsApp-Image-2022-06-23-at-15.41.31-6-1-1440x1080.jpeg 1440w, https:\/\/buletin.de\/bucuresti\/wp-content\/uploads\/WhatsApp-Image-2022-06-23-at-15.41.31-6-1-600x450.jpeg 600w, https:\/\/buletin.de\/bucuresti\/wp-content\/uploads\/WhatsApp-Image-2022-06-23-at-15.41.31-6-1.jpeg 1600w\" sizes=\"(max-width: 900px) 100vw, 900px\" \/><\/figure><\/li><li class=\"blocks-gallery-item\"><figure><img loading=\"lazy\" decoding=\"async\" width=\"900\" height=\"675\" src=\"data:image\/gif;base64,R0lGODlhAQABAAAAACH5BAEKAAEALAAAAAABAAEAAAICTAEAOw==\" data-src=\"https:\/\/buletin.de\/bucuresti\/wp-content\/uploads\/WhatsApp-Image-2022-06-23-at-15.41.31-5-1-900x675.jpeg\" alt=\"\" data-id=\"43782\" class=\"wp-image-43782 lazyload\" data-sizes=\"auto\" data-srcset=\"https:\/\/buletin.de\/bucuresti\/wp-content\/uploads\/WhatsApp-Image-2022-06-23-at-15.41.31-5-1-900x675.jpeg 900w, https:\/\/buletin.de\/bucuresti\/wp-content\/uploads\/WhatsApp-Image-2022-06-23-at-15.41.31-5-1-300x225.jpeg 300w, https:\/\/buletin.de\/bucuresti\/wp-content\/uploads\/WhatsApp-Image-2022-06-23-at-15.41.31-5-1-768x576.jpeg 768w, https:\/\/buletin.de\/bucuresti\/wp-content\/uploads\/WhatsApp-Image-2022-06-23-at-15.41.31-5-1-1536x1152.jpeg 1536w, https:\/\/buletin.de\/bucuresti\/wp-content\/uploads\/WhatsApp-Image-2022-06-23-at-15.41.31-5-1-1060x795.jpeg 1060w, https:\/\/buletin.de\/bucuresti\/wp-content\/uploads\/WhatsApp-Image-2022-06-23-at-15.41.31-5-1-550x413.jpeg 550w, https:\/\/buletin.de\/bucuresti\/wp-content\/uploads\/WhatsApp-Image-2022-06-23-at-15.41.31-5-1-667x500.jpeg 667w, https:\/\/buletin.de\/bucuresti\/wp-content\/uploads\/WhatsApp-Image-2022-06-23-at-15.41.31-5-1-1440x1080.jpeg 1440w, https:\/\/buletin.de\/bucuresti\/wp-content\/uploads\/WhatsApp-Image-2022-06-23-at-15.41.31-5-1-600x450.jpeg 600w, https:\/\/buletin.de\/bucuresti\/wp-content\/uploads\/WhatsApp-Image-2022-06-23-at-15.41.31-5-1.jpeg 1600w\" sizes=\"(max-width: 900px) 100vw, 900px\" \/><\/figure><\/li><\/ul><figcaption class=\"blocks-gallery-caption\">Unul dintre pere\u021bii colora\u021bi \u0219i sala de mese din centrul pentru refugia\u021bi <\/figcaption><\/figure>\n\n\n\n<p>Centrul dispune \u0219i de o sal\u0103 multifunc\u021bional\u0103, unde urmeaz\u0103 s\u0103 aib\u0103 loc activit\u0103\u021bi pentru copiii ucraineni caza\u021bi acolo, ma\u0219ini de sp\u0103lat vase, ma\u0219ini de sp\u0103lat haine \u0219i usc\u0103toare. Toate dot\u0103rile au fost asigurate de c\u0103tre UNICEF Rom\u00e2nia, iar ucrainenii au 24 din 24 pe cineva din partea DGASPC \u00een centru.<\/p>\n\n\n\n<p>P\u00e2n\u0103 acum, \u00een centrele din Sectorul 6 au trecut 2200 de ucraineni care au fugit de r\u0103zboiul din \u021bara vecin\u0103 Rom\u00e2niei, dintre care 200 au r\u0103mas \u0219i locuiesc \u00een spa\u021biile de cazare puse la dispozi\u021bie de Prim\u0103rie.<\/p>\n","protected":false},"excerpt":{"rendered":"<p>Timp de 9 ani, cl\u0103direa de pe Calea Plevnei nr. 234 a fost cas\u0103 pentru seniori, loc de \u00eent\u00e2lnire, socializare \u0219i un reper al comunit\u0103\u021bii. De doi ani este centrul crizelor, a\u0219a cum plastic l-a numit unul din coordonatorii centrului. A fost centru de vaccinare amenajat pe repede \u00eenainte \u00een plin\u0103 pandemie, \u0219i, la fel [&hellip;]<\/p>\n","protected":false},"author":17,"featured_media":43773,"comment_status":"closed","ping_status":"open","sticky":false,"template":"","format":"standard","meta":{"_acf_changed":false,"inline_featured_image":false,"ngg_post_thumbnail":0,"footnotes":""},"categories":[3419,169],"tags":[],"ppma_author":[22576],"class_list":["post-43769","post","type-post","status-publish","format-standard","has-post-thumbnail","hentry","category-featured","category-reportaj"],"acf":[],"yoast_head":"<!-- This site is optimized with the Yoast SEO Premium plugin v25.3 (Yoast SEO v27.4) - https:\/\/yoast.com\/product\/yoast-seo-premium-wordpress\/ -->\n<title>REPORTAJ | Centrul crizelor, cas\u0103 pentru 20 de ucraineni - Buletin de Bucure\u0219ti<\/title>\n<meta name=\"robots\" content=\"index, follow, max-snippet:-1, max-image-preview:large, max-video-preview:-1\" \/>\n<link rel=\"canonical\" href=\"https:\/\/buletin.de\/bucuresti\/reportaj-centrul-crizelor-casa-pentru-20-de-ucraineni\/\" \/>\n<meta property=\"og:locale\" content=\"en_GB\" \/>\n<meta property=\"og:type\" content=\"article\" \/>\n<meta property=\"og:title\" content=\"REPORTAJ | Centrul crizelor, cas\u0103 pentru 20 de ucraineni\" \/>\n<meta property=\"og:description\" content=\"Timp de 9 ani, cl\u0103direa de pe Calea Plevnei nr. 234 a fost cas\u0103 pentru seniori, loc de \u00eent\u00e2lnire, socializare \u0219i un reper al comunit\u0103\u021bii. De doi ani este centrul crizelor, a\u0219a cum plastic l-a numit unul din coordonatorii centrului. A fost centru de vaccinare amenajat pe repede \u00eenainte \u00een plin\u0103 pandemie, \u0219i, la fel [&hellip;]\" \/>\n<meta property=\"og:url\" content=\"https:\/\/buletin.de\/bucuresti\/reportaj-centrul-crizelor-casa-pentru-20-de-ucraineni\/\" \/>\n<meta property=\"og:site_name\" content=\"Buletin de Bucure\u0219ti\" \/>\n<meta property=\"article:publisher\" content=\"https:\/\/www.facebook.com\/buletin.de.buc\" \/>\n<meta property=\"article:published_time\" content=\"2022-06-24T07:58:15+00:00\" \/>\n<meta property=\"article:modified_time\" content=\"2023-09-19T13:32:41+00:00\" \/>\n<meta property=\"og:image\" content=\"https:\/\/buletin.de\/bucuresti\/wp-content\/uploads\/WhatsApp-Image-2022-06-23-at-15.41.31.jpeg\" \/>\n\t<meta property=\"og:image:width\" content=\"1600\" \/>\n\t<meta property=\"og:image:height\" content=\"1200\" \/>\n\t<meta property=\"og:image:type\" content=\"image\/jpeg\" \/>\n<meta name=\"author\" content=\"Florin R\u00e2\u0219teiu\" \/>\n<meta name=\"twitter:card\" content=\"summary_large_image\" \/>\n<meta name=\"twitter:label1\" content=\"Written by\" \/>\n\t<meta name=\"twitter:data1\" content=\"Florin R\u00e2\u0219teiu\" \/>\n\t<meta name=\"twitter:label2\" content=\"Estimated reading time\" \/>\n\t<meta name=\"twitter:data2\" content=\"6 minutes\" \/>\n<script type=\"application\/ld+json\" class=\"yoast-schema-graph\">{\"@context\":\"https:\\\/\\\/schema.org\",\"@graph\":[{\"@type\":\"Article\",\"@id\":\"https:\\\/\\\/buletin.de\\\/bucuresti\\\/reportaj-centrul-crizelor-casa-pentru-20-de-ucraineni\\\/#article\",\"isPartOf\":{\"@id\":\"https:\\\/\\\/buletin.de\\\/bucuresti\\\/reportaj-centrul-crizelor-casa-pentru-20-de-ucraineni\\\/\"},\"author\":{\"name\":\"Florin R\u00e2\u0219teiu\",\"@id\":\"https:\\\/\\\/buletin.de\\\/bucuresti\\\/#\\\/schema\\\/person\\\/b0686d7a8b666c6afc78239777fd8a89\"},\"headline\":\"REPORTAJ | Centrul crizelor, cas\u0103 pentru 20 de ucraineni\",\"datePublished\":\"2022-06-24T07:58:15+00:00\",\"dateModified\":\"2023-09-19T13:32:41+00:00\",\"mainEntityOfPage\":{\"@id\":\"https:\\\/\\\/buletin.de\\\/bucuresti\\\/reportaj-centrul-crizelor-casa-pentru-20-de-ucraineni\\\/\"},\"wordCount\":1057,\"publisher\":{\"@id\":\"https:\\\/\\\/buletin.de\\\/bucuresti\\\/#organization\"},\"image\":{\"@id\":\"https:\\\/\\\/buletin.de\\\/bucuresti\\\/reportaj-centrul-crizelor-casa-pentru-20-de-ucraineni\\\/#primaryimage\"},\"thumbnailUrl\":\"https:\\\/\\\/buletin.de\\\/bucuresti\\\/wp-content\\\/uploads\\\/WhatsApp-Image-2022-06-23-at-15.41.31.jpeg\",\"articleSection\":[\"Featured\",\"Reportaj\"],\"inLanguage\":\"en-GB\",\"copyrightYear\":\"2022\",\"copyrightHolder\":{\"@id\":\"https:\\\/\\\/buletin.de\\\/bucuresti\\\/#organization\"}},{\"@type\":\"WebPage\",\"@id\":\"https:\\\/\\\/buletin.de\\\/bucuresti\\\/reportaj-centrul-crizelor-casa-pentru-20-de-ucraineni\\\/\",\"url\":\"https:\\\/\\\/buletin.de\\\/bucuresti\\\/reportaj-centrul-crizelor-casa-pentru-20-de-ucraineni\\\/\",\"name\":\"REPORTAJ | Centrul crizelor, cas\u0103 pentru 20 de ucraineni - Buletin de Bucure\u0219ti\",\"isPartOf\":{\"@id\":\"https:\\\/\\\/buletin.de\\\/bucuresti\\\/#website\"},\"primaryImageOfPage\":{\"@id\":\"https:\\\/\\\/buletin.de\\\/bucuresti\\\/reportaj-centrul-crizelor-casa-pentru-20-de-ucraineni\\\/#primaryimage\"},\"image\":{\"@id\":\"https:\\\/\\\/buletin.de\\\/bucuresti\\\/reportaj-centrul-crizelor-casa-pentru-20-de-ucraineni\\\/#primaryimage\"},\"thumbnailUrl\":\"https:\\\/\\\/buletin.de\\\/bucuresti\\\/wp-content\\\/uploads\\\/WhatsApp-Image-2022-06-23-at-15.41.31.jpeg\",\"datePublished\":\"2022-06-24T07:58:15+00:00\",\"dateModified\":\"2023-09-19T13:32:41+00:00\",\"breadcrumb\":{\"@id\":\"https:\\\/\\\/buletin.de\\\/bucuresti\\\/reportaj-centrul-crizelor-casa-pentru-20-de-ucraineni\\\/#breadcrumb\"},\"inLanguage\":\"en-GB\",\"potentialAction\":[{\"@type\":\"ReadAction\",\"target\":[\"https:\\\/\\\/buletin.de\\\/bucuresti\\\/reportaj-centrul-crizelor-casa-pentru-20-de-ucraineni\\\/\"]}]},{\"@type\":\"ImageObject\",\"inLanguage\":\"en-GB\",\"@id\":\"https:\\\/\\\/buletin.de\\\/bucuresti\\\/reportaj-centrul-crizelor-casa-pentru-20-de-ucraineni\\\/#primaryimage\",\"url\":\"https:\\\/\\\/buletin.de\\\/bucuresti\\\/wp-content\\\/uploads\\\/WhatsApp-Image-2022-06-23-at-15.41.31.jpeg\",\"contentUrl\":\"https:\\\/\\\/buletin.de\\\/bucuresti\\\/wp-content\\\/uploads\\\/WhatsApp-Image-2022-06-23-at-15.41.31.jpeg\",\"width\":1600,\"height\":1200},{\"@type\":\"BreadcrumbList\",\"@id\":\"https:\\\/\\\/buletin.de\\\/bucuresti\\\/reportaj-centrul-crizelor-casa-pentru-20-de-ucraineni\\\/#breadcrumb\",\"itemListElement\":[{\"@type\":\"ListItem\",\"position\":1,\"name\":\"Acas\u0103\",\"item\":\"https:\\\/\\\/buletin.de\\\/bucuresti\\\/\"},{\"@type\":\"ListItem\",\"position\":2,\"name\":\"REPORTAJ | Centrul crizelor, cas\u0103 pentru 20 de ucraineni\"}]},{\"@type\":\"WebSite\",\"@id\":\"https:\\\/\\\/buletin.de\\\/bucuresti\\\/#website\",\"url\":\"https:\\\/\\\/buletin.de\\\/bucuresti\\\/\",\"name\":\"Buletin de Bucure\u0219ti\",\"description\":\"\u0218tiri \u0219i investiga\u021bii esen\u021biale din capital\u0103\",\"publisher\":{\"@id\":\"https:\\\/\\\/buletin.de\\\/bucuresti\\\/#organization\"},\"potentialAction\":[{\"@type\":\"SearchAction\",\"target\":{\"@type\":\"EntryPoint\",\"urlTemplate\":\"https:\\\/\\\/buletin.de\\\/bucuresti\\\/?s={search_term_string}\"},\"query-input\":{\"@type\":\"PropertyValueSpecification\",\"valueRequired\":true,\"valueName\":\"search_term_string\"}}],\"inLanguage\":\"en-GB\"},{\"@type\":\"Organization\",\"@id\":\"https:\\\/\\\/buletin.de\\\/bucuresti\\\/#organization\",\"name\":\"Buletin de Bucure\u0219ti\",\"url\":\"https:\\\/\\\/buletin.de\\\/bucuresti\\\/\",\"logo\":{\"@type\":\"ImageObject\",\"inLanguage\":\"en-GB\",\"@id\":\"https:\\\/\\\/buletin.de\\\/bucuresti\\\/#\\\/schema\\\/logo\\\/image\\\/\",\"url\":\"https:\\\/\\\/buletin.de\\\/bucuresti\\\/wp-content\\\/uploads\\\/logo-bdb-full-wide-vernil-transparent.png\",\"contentUrl\":\"https:\\\/\\\/buletin.de\\\/bucuresti\\\/wp-content\\\/uploads\\\/logo-bdb-full-wide-vernil-transparent.png\",\"width\":1782,\"height\":626,\"caption\":\"Buletin de Bucure\u0219ti\"},\"image\":{\"@id\":\"https:\\\/\\\/buletin.de\\\/bucuresti\\\/#\\\/schema\\\/logo\\\/image\\\/\"},\"sameAs\":[\"https:\\\/\\\/www.facebook.com\\\/buletin.de.buc\",\"https:\\\/\\\/www.instagram.com\\\/buletinde.bucuresti\\\/\"]},{\"@type\":\"Person\",\"@id\":\"https:\\\/\\\/buletin.de\\\/bucuresti\\\/#\\\/schema\\\/person\\\/b0686d7a8b666c6afc78239777fd8a89\",\"name\":\"Florin R\u00e2\u0219teiu\",\"image\":{\"@type\":\"ImageObject\",\"inLanguage\":\"en-GB\",\"@id\":\"https:\\\/\\\/buletin.de\\\/bucuresti\\\/wp-content\\\/uploads\\\/Florin-Rasteiu-96x96.jpgf0a6fe28453aa12f0a60e4d0a2e3a78c\",\"url\":\"https:\\\/\\\/buletin.de\\\/bucuresti\\\/wp-content\\\/uploads\\\/Florin-Rasteiu-96x96.jpg\",\"contentUrl\":\"https:\\\/\\\/buletin.de\\\/bucuresti\\\/wp-content\\\/uploads\\\/Florin-Rasteiu-96x96.jpg\",\"caption\":\"Florin R\u00e2\u0219teiu\"},\"description\":\"Jurnalist de investiga\u021bie. Lucreaz\u0103 de aproape 6 ani la Buletin de Bucure\u0219ti, unde a publicat articole care scot la suprafa\u021b\u0103 corup\u021bia din Capital\u0103. Analizeaz\u0103 baze de date zilnic \u0219i scoate pove\u0219ti din exceluri pline de cifre. Pune reflectorul pe adev\u0103r cu fiecare ocazie. A c\u00e2\u0219tigat premiul I la categoria Pres\u0103 Local\u0103 \u00een 2025 \u0219i locul al II-lea la aceea\u0219i categorie \u00een 2024 \u00een cadrul Premiilor Superscrieri pentru jurnalism independent.\",\"url\":\"https:\\\/\\\/buletin.de\\\/bucuresti\\\/author\\\/florinrasteiu\\\/\"}]}<\/script>\n<!-- \/ Yoast SEO Premium plugin. -->","yoast_head_json":{"title":"REPORTAJ | Centrul crizelor, cas\u0103 pentru 20 de ucraineni - Buletin de Bucure\u0219ti","robots":{"index":"index","follow":"follow","max-snippet":"max-snippet:-1","max-image-preview":"max-image-preview:large","max-video-preview":"max-video-preview:-1"},"canonical":"https:\/\/buletin.de\/bucuresti\/reportaj-centrul-crizelor-casa-pentru-20-de-ucraineni\/","og_locale":"en_GB","og_type":"article","og_title":"REPORTAJ | Centrul crizelor, cas\u0103 pentru 20 de ucraineni","og_description":"Timp de 9 ani, cl\u0103direa de pe Calea Plevnei nr. 234 a fost cas\u0103 pentru seniori, loc de \u00eent\u00e2lnire, socializare \u0219i un reper al comunit\u0103\u021bii. De doi ani este centrul crizelor, a\u0219a cum plastic l-a numit unul din coordonatorii centrului. A fost centru de vaccinare amenajat pe repede \u00eenainte \u00een plin\u0103 pandemie, \u0219i, la fel [&hellip;]","og_url":"https:\/\/buletin.de\/bucuresti\/reportaj-centrul-crizelor-casa-pentru-20-de-ucraineni\/","og_site_name":"Buletin de Bucure\u0219ti","article_publisher":"https:\/\/www.facebook.com\/buletin.de.buc","article_published_time":"2022-06-24T07:58:15+00:00","article_modified_time":"2023-09-19T13:32:41+00:00","og_image":[{"width":1600,"height":1200,"url":"https:\/\/buletin.de\/bucuresti\/wp-content\/uploads\/WhatsApp-Image-2022-06-23-at-15.41.31.jpeg","type":"image\/jpeg"}],"author":"Florin R\u00e2\u0219teiu","twitter_card":"summary_large_image","twitter_misc":{"Written by":"Florin R\u00e2\u0219teiu","Estimated reading time":"6 minutes"},"schema":{"@context":"https:\/\/schema.org","@graph":[{"@type":"Article","@id":"https:\/\/buletin.de\/bucuresti\/reportaj-centrul-crizelor-casa-pentru-20-de-ucraineni\/#article","isPartOf":{"@id":"https:\/\/buletin.de\/bucuresti\/reportaj-centrul-crizelor-casa-pentru-20-de-ucraineni\/"},"author":{"name":"Florin R\u00e2\u0219teiu","@id":"https:\/\/buletin.de\/bucuresti\/#\/schema\/person\/b0686d7a8b666c6afc78239777fd8a89"},"headline":"REPORTAJ | Centrul crizelor, cas\u0103 pentru 20 de ucraineni","datePublished":"2022-06-24T07:58:15+00:00","dateModified":"2023-09-19T13:32:41+00:00","mainEntityOfPage":{"@id":"https:\/\/buletin.de\/bucuresti\/reportaj-centrul-crizelor-casa-pentru-20-de-ucraineni\/"},"wordCount":1057,"publisher":{"@id":"https:\/\/buletin.de\/bucuresti\/#organization"},"image":{"@id":"https:\/\/buletin.de\/bucuresti\/reportaj-centrul-crizelor-casa-pentru-20-de-ucraineni\/#primaryimage"},"thumbnailUrl":"https:\/\/buletin.de\/bucuresti\/wp-content\/uploads\/WhatsApp-Image-2022-06-23-at-15.41.31.jpeg","articleSection":["Featured","Reportaj"],"inLanguage":"en-GB","copyrightYear":"2022","copyrightHolder":{"@id":"https:\/\/buletin.de\/bucuresti\/#organization"}},{"@type":"WebPage","@id":"https:\/\/buletin.de\/bucuresti\/reportaj-centrul-crizelor-casa-pentru-20-de-ucraineni\/","url":"https:\/\/buletin.de\/bucuresti\/reportaj-centrul-crizelor-casa-pentru-20-de-ucraineni\/","name":"REPORTAJ | Centrul crizelor, cas\u0103 pentru 20 de ucraineni - Buletin de Bucure\u0219ti","isPartOf":{"@id":"https:\/\/buletin.de\/bucuresti\/#website"},"primaryImageOfPage":{"@id":"https:\/\/buletin.de\/bucuresti\/reportaj-centrul-crizelor-casa-pentru-20-de-ucraineni\/#primaryimage"},"image":{"@id":"https:\/\/buletin.de\/bucuresti\/reportaj-centrul-crizelor-casa-pentru-20-de-ucraineni\/#primaryimage"},"thumbnailUrl":"https:\/\/buletin.de\/bucuresti\/wp-content\/uploads\/WhatsApp-Image-2022-06-23-at-15.41.31.jpeg","datePublished":"2022-06-24T07:58:15+00:00","dateModified":"2023-09-19T13:32:41+00:00","breadcrumb":{"@id":"https:\/\/buletin.de\/bucuresti\/reportaj-centrul-crizelor-casa-pentru-20-de-ucraineni\/#breadcrumb"},"inLanguage":"en-GB","potentialAction":[{"@type":"ReadAction","target":["https:\/\/buletin.de\/bucuresti\/reportaj-centrul-crizelor-casa-pentru-20-de-ucraineni\/"]}]},{"@type":"ImageObject","inLanguage":"en-GB","@id":"https:\/\/buletin.de\/bucuresti\/reportaj-centrul-crizelor-casa-pentru-20-de-ucraineni\/#primaryimage","url":"https:\/\/buletin.de\/bucuresti\/wp-content\/uploads\/WhatsApp-Image-2022-06-23-at-15.41.31.jpeg","contentUrl":"https:\/\/buletin.de\/bucuresti\/wp-content\/uploads\/WhatsApp-Image-2022-06-23-at-15.41.31.jpeg","width":1600,"height":1200},{"@type":"BreadcrumbList","@id":"https:\/\/buletin.de\/bucuresti\/reportaj-centrul-crizelor-casa-pentru-20-de-ucraineni\/#breadcrumb","itemListElement":[{"@type":"ListItem","position":1,"name":"Acas\u0103","item":"https:\/\/buletin.de\/bucuresti\/"},{"@type":"ListItem","position":2,"name":"REPORTAJ | Centrul crizelor, cas\u0103 pentru 20 de ucraineni"}]},{"@type":"WebSite","@id":"https:\/\/buletin.de\/bucuresti\/#website","url":"https:\/\/buletin.de\/bucuresti\/","name":"Buletin de Bucure\u0219ti","description":"\u0218tiri \u0219i investiga\u021bii esen\u021biale din capital\u0103","publisher":{"@id":"https:\/\/buletin.de\/bucuresti\/#organization"},"potentialAction":[{"@type":"SearchAction","target":{"@type":"EntryPoint","urlTemplate":"https:\/\/buletin.de\/bucuresti\/?s={search_term_string}"},"query-input":{"@type":"PropertyValueSpecification","valueRequired":true,"valueName":"search_term_string"}}],"inLanguage":"en-GB"},{"@type":"Organization","@id":"https:\/\/buletin.de\/bucuresti\/#organization","name":"Buletin de Bucure\u0219ti","url":"https:\/\/buletin.de\/bucuresti\/","logo":{"@type":"ImageObject","inLanguage":"en-GB","@id":"https:\/\/buletin.de\/bucuresti\/#\/schema\/logo\/image\/","url":"https:\/\/buletin.de\/bucuresti\/wp-content\/uploads\/logo-bdb-full-wide-vernil-transparent.png","contentUrl":"https:\/\/buletin.de\/bucuresti\/wp-content\/uploads\/logo-bdb-full-wide-vernil-transparent.png","width":1782,"height":626,"caption":"Buletin de Bucure\u0219ti"},"image":{"@id":"https:\/\/buletin.de\/bucuresti\/#\/schema\/logo\/image\/"},"sameAs":["https:\/\/www.facebook.com\/buletin.de.buc","https:\/\/www.instagram.com\/buletinde.bucuresti\/"]},{"@type":"Person","@id":"https:\/\/buletin.de\/bucuresti\/#\/schema\/person\/b0686d7a8b666c6afc78239777fd8a89","name":"Florin R\u00e2\u0219teiu","image":{"@type":"ImageObject","inLanguage":"en-GB","@id":"https:\/\/buletin.de\/bucuresti\/wp-content\/uploads\/Florin-Rasteiu-96x96.jpgf0a6fe28453aa12f0a60e4d0a2e3a78c","url":"https:\/\/buletin.de\/bucuresti\/wp-content\/uploads\/Florin-Rasteiu-96x96.jpg","contentUrl":"https:\/\/buletin.de\/bucuresti\/wp-content\/uploads\/Florin-Rasteiu-96x96.jpg","caption":"Florin R\u00e2\u0219teiu"},"description":"Jurnalist de investiga\u021bie. Lucreaz\u0103 de aproape 6 ani la Buletin de Bucure\u0219ti, unde a publicat articole care scot la suprafa\u021b\u0103 corup\u021bia din Capital\u0103. Analizeaz\u0103 baze de date zilnic \u0219i scoate pove\u0219ti din exceluri pline de cifre. Pune reflectorul pe adev\u0103r cu fiecare ocazie. A c\u00e2\u0219tigat premiul I la categoria Pres\u0103 Local\u0103 \u00een 2025 \u0219i locul al II-lea la aceea\u0219i categorie \u00een 2024 \u00een cadrul Premiilor Superscrieri pentru jurnalism independent.","url":"https:\/\/buletin.de\/bucuresti\/author\/florinrasteiu\/"}]}},"authors":[{"term_id":22576,"user_id":17,"is_guest":0,"slug":"florinrasteiu","display_name":"Florin R\u00e2\u0219teiu","avatar_url":"https:\/\/buletin.de\/bucuresti\/wp-content\/uploads\/Florin-Rasteiu-96x96.jpg","0":null,"1":"","2":"","3":"","4":"","5":"","6":"","7":"","8":""}],"_links":{"self":[{"href":"https:\/\/buletin.de\/bucuresti\/wp-json\/wp\/v2\/posts\/43769","targetHints":{"allow":["GET"]}}],"collection":[{"href":"https:\/\/buletin.de\/bucuresti\/wp-json\/wp\/v2\/posts"}],"about":[{"href":"https:\/\/buletin.de\/bucuresti\/wp-json\/wp\/v2\/types\/post"}],"author":[{"embeddable":true,"href":"https:\/\/buletin.de\/bucuresti\/wp-json\/wp\/v2\/users\/17"}],"replies":[{"embeddable":true,"href":"https:\/\/buletin.de\/bucuresti\/wp-json\/wp\/v2\/comments?post=43769"}],"version-history":[{"count":9,"href":"https:\/\/buletin.de\/bucuresti\/wp-json\/wp\/v2\/posts\/43769\/revisions"}],"predecessor-version":[{"id":43792,"href":"https:\/\/buletin.de\/bucuresti\/wp-json\/wp\/v2\/posts\/43769\/revisions\/43792"}],"wp:featuredmedia":[{"embeddable":true,"href":"https:\/\/buletin.de\/bucuresti\/wp-json\/wp\/v2\/media\/43773"}],"wp:attachment":[{"href":"https:\/\/buletin.de\/bucuresti\/wp-json\/wp\/v2\/media?parent=43769"}],"wp:term":[{"taxonomy":"category","embeddable":true,"href":"https:\/\/buletin.de\/bucuresti\/wp-json\/wp\/v2\/categories?post=43769"},{"taxonomy":"post_tag","embeddable":true,"href":"https:\/\/buletin.de\/bucuresti\/wp-json\/wp\/v2\/tags?post=43769"},{"taxonomy":"author","embeddable":true,"href":"https:\/\/buletin.de\/bucuresti\/wp-json\/wp\/v2\/ppma_author?post=43769"}],"curies":[{"name":"wp","href":"https:\/\/api.w.org\/{rel}","templated":true}]}}