{"id":43543,"date":"2022-06-24T11:20:57","date_gmt":"2022-06-24T09:20:57","guid":{"rendered":"https:\/\/buletin.de\/bucuresti\/?p=43543"},"modified":"2022-06-24T11:20:59","modified_gmt":"2022-06-24T09:20:59","slug":"daniel-baluta-se-promoveaza-la-tv-cu-doua-milioane-de-lei-banii-vor-fi-impartiti-intre-romania-tv-antena-3-si-realitatea-tv","status":"publish","type":"post","link":"https:\/\/buletin.de\/bucuresti\/daniel-baluta-se-promoveaza-la-tv-cu-doua-milioane-de-lei-banii-vor-fi-impartiti-intre-romania-tv-antena-3-si-realitatea-tv\/","title":{"rendered":"Daniel B\u0103lu\u021b\u0103 se promoveaz\u0103 la TV cu dou\u0103 milioane de lei. Banii vor fi \u00eemp\u0103r\u021bi\u021bi \u00eentre Rom\u00e2nia TV, Antena 3 \u0219i Realitatea TV"},"content":{"rendered":"\n<p><strong>\u00cen urm\u0103torii trei ani, realiz\u0103rile primarului Daniel B\u0103lu\u021b\u0103 vor fi promovate la trei televiziuni na\u021bionale: Rom\u00e2nia TV, Antena 3 \u0219i Realitatea TV. Suma maxim\u0103 care ar putea fi cheltuit\u0103 pe spoturile TV este de dou\u0103 milioane de lei.<\/strong><\/p>\n\n\n\n<p>Pe 9 martie, Prim\u0103ria Sectorului 4 a anun\u021bat pe site c\u0103 deschide o licita\u021bie pentru \u201eservicii produc\u021bie materiale de televiziune pentru promovarea obiectivelor de dezvoltare ale Sectorului 4\u201d. Firmele c\u00e2\u0219tig\u0103toare au fost publicate pe site-ul institu\u021biei pe 16 iunie. Ele sunt Ridzone Computers SRL (Rom\u00e2nia TV), Antena 3 S.A. \u0219i DBV Media House (firma care gestioneaz\u0103 spa\u021biul publicitar al Realitatea TV).<\/p>\n\n\n\n<p>Cele trei vor semna cu prim\u0103ria un acord cadru \u00een urma c\u0103rora vor \u00eencheia contracte subsecvente de fiecare dat\u0103 c\u00e2nd Daniel B\u0103lu\u021b\u0103 decide s\u0103 promoveze activitatea administra\u021biei pe posturile de televiziune. Valoarea maxim\u0103 a acestui acord cadru este de dou\u0103 milioane de lei.<\/p>\n\n\n\n<div class=\"wp-block-image\"><figure class=\"aligncenter size-full\"><img fetchpriority=\"high\" decoding=\"async\" width=\"720\" height=\"109\" src=\"data:image\/gif;base64,R0lGODlhAQABAAAAACH5BAEKAAEALAAAAAABAAEAAAICTAEAOw==\" data-src=\"https:\/\/buletin.de\/bucuresti\/wp-content\/uploads\/image-1236.png\" alt=\"\" class=\"wp-image-43544 lazyload\" data-sizes=\"auto\" data-srcset=\"https:\/\/buletin.de\/bucuresti\/wp-content\/uploads\/image-1236.png 720w, https:\/\/buletin.de\/bucuresti\/wp-content\/uploads\/image-1236-300x45.png 300w, https:\/\/buletin.de\/bucuresti\/wp-content\/uploads\/image-1236-550x83.png 550w, https:\/\/buletin.de\/bucuresti\/wp-content\/uploads\/image-1236-600x91.png 600w\" sizes=\"(max-width: 720px) 100vw, 720px\" \/><figcaption><a href=\"https:\/\/ps4.ro\/wp-content\/uploads\/2022\/06\/Raportul-procedurii.pdf\">Raportul procedurii<\/a><\/figcaption><\/figure><\/div>\n\n\n\n<p>Durata unui spot va fi \u00eentre 30 de secunde \u0219i dou\u0103 minute \u0219i va con\u021bine voice over, sincron de la un actor relevant \u0219i fundal muzical. Tehnicile de filmare \u0219i sunet utilizare vor fi complexe, scrie \u00een caietul de sarcini. Edilul \u00ee\u0219i dore\u0219te film\u0103ri aeriene, camer\u0103 mobil\u0103 pe \u0219ine, stabilizator de imagine \u0219i camere digitale performante. Totodat\u0103, \u201ematerialele vor men\u021biona obligatoriu denumirea institu\u021biei\u201d.<\/p>\n\n\n\n<p>\u0218i \u00een 2020 Prim\u0103ria Sectorului 4 a \u00eencheiat un contract de <a href=\"https:\/\/buletin.de\/bucuresti\/daniel-baluta-isi-face-campanie-cu-bani-de-la-bugetul-local-134-de-mii-de-lei-pentru-promovarea-realizarilor-sale\/\">dou\u0103 milioane de lei <\/a>pentru materiale de televiziune, \u00eens\u0103 beneficiarii banilor sunt \u021binu\u021bi ascun\u0219i. Daniel B\u0103lu\u021b\u0103 refuz\u0103 s\u0103 comunice unde au ajuns banii, \u00een ciuda repetatelor solicit\u0103ri \u00eenaintate de Buletin de Bucure\u0219ti. Acesta sus\u021bine c\u0103 toate achizi\u021biile derulate de sectorul 4 se reg\u0103sesc \u00een Sistemul Electronic de Achizi\u021bii publice SEAP \u0219i c\u0103 pot fi g\u0103site pe site-ul e-licita\u021bie.ro.<\/p>\n\n\n\n<p>  Surs\u0103 cover foto: Facebook\/Daniel B\u0103lu\u021b\u0103   <\/p>\n","protected":false},"excerpt":{"rendered":"<p>\u00cen urm\u0103torii trei ani, realiz\u0103rile primarului Daniel B\u0103lu\u021b\u0103 vor fi promovate la trei televiziuni na\u021bionale: Rom\u00e2nia TV, Antena 3 \u0219i Realitatea TV. Suma maxim\u0103 care ar putea fi cheltuit\u0103 pe spoturile TV este de dou\u0103 milioane de lei. Pe 9 martie, Prim\u0103ria Sectorului 4 a anun\u021bat pe site c\u0103 deschide o licita\u021bie pentru \u201eservicii produc\u021bie [&hellip;]<\/p>\n","protected":false},"author":6,"featured_media":21683,"comment_status":"closed","ping_status":"open","sticky":false,"template":"","format":"standard","meta":{"_acf_changed":false,"inline_featured_image":false,"ngg_post_thumbnail":0,"footnotes":""},"categories":[24],"tags":[1647,4234,4233,3031],"ppma_author":[22588],"class_list":["post-43543","post","type-post","status-publish","format-standard","has-post-thumbnail","hentry","category-primarie","tag-antena-3","tag-promovare-televiziune","tag-realitatea-tv","tag-romania-tv"],"acf":[],"yoast_head":"<!-- This site is optimized with the Yoast SEO Premium plugin v25.3 (Yoast SEO v27.5) - https:\/\/yoast.com\/product\/yoast-seo-premium-wordpress\/ -->\n<title>Daniel B\u0103lu\u021b\u0103 se promoveaz\u0103 la TV cu dou\u0103 milioane de lei. Banii vor fi \u00eemp\u0103r\u021bi\u021bi \u00eentre Rom\u00e2nia TV, Antena 3 \u0219i Realitatea TV - Buletin de Bucure\u0219ti<\/title>\n<meta name=\"robots\" content=\"index, follow, max-snippet:-1, max-image-preview:large, max-video-preview:-1\" \/>\n<link rel=\"canonical\" href=\"https:\/\/buletin.de\/bucuresti\/daniel-baluta-se-promoveaza-la-tv-cu-doua-milioane-de-lei-banii-vor-fi-impartiti-intre-romania-tv-antena-3-si-realitatea-tv\/\" \/>\n<meta property=\"og:locale\" content=\"en_GB\" \/>\n<meta property=\"og:type\" content=\"article\" \/>\n<meta property=\"og:title\" content=\"Daniel B\u0103lu\u021b\u0103 se promoveaz\u0103 la TV cu dou\u0103 milioane de lei. Banii vor fi \u00eemp\u0103r\u021bi\u021bi \u00eentre Rom\u00e2nia TV, Antena 3 \u0219i Realitatea TV\" \/>\n<meta property=\"og:description\" content=\"\u00cen urm\u0103torii trei ani, realiz\u0103rile primarului Daniel B\u0103lu\u021b\u0103 vor fi promovate la trei televiziuni na\u021bionale: Rom\u00e2nia TV, Antena 3 \u0219i Realitatea TV. Suma maxim\u0103 care ar putea fi cheltuit\u0103 pe spoturile TV este de dou\u0103 milioane de lei. Pe 9 martie, Prim\u0103ria Sectorului 4 a anun\u021bat pe site c\u0103 deschide o licita\u021bie pentru \u201eservicii produc\u021bie [&hellip;]\" \/>\n<meta property=\"og:url\" content=\"https:\/\/buletin.de\/bucuresti\/daniel-baluta-se-promoveaza-la-tv-cu-doua-milioane-de-lei-banii-vor-fi-impartiti-intre-romania-tv-antena-3-si-realitatea-tv\/\" \/>\n<meta property=\"og:site_name\" content=\"Buletin de Bucure\u0219ti\" \/>\n<meta property=\"article:publisher\" content=\"https:\/\/www.facebook.com\/buletin.de.buc\" \/>\n<meta property=\"article:published_time\" content=\"2022-06-24T09:20:57+00:00\" \/>\n<meta property=\"article:modified_time\" content=\"2022-06-24T09:20:59+00:00\" \/>\n<meta property=\"og:image\" content=\"https:\/\/buletin.de\/bucuresti\/wp-content\/uploads\/150030370_2627986984158566_8126511649796745983_o.jpg\" \/>\n\t<meta property=\"og:image:width\" content=\"1942\" \/>\n\t<meta property=\"og:image:height\" content=\"1434\" \/>\n\t<meta property=\"og:image:type\" content=\"image\/jpeg\" \/>\n<meta name=\"author\" content=\"Bianca Albu\" \/>\n<meta name=\"twitter:card\" content=\"summary_large_image\" \/>\n<meta name=\"twitter:label1\" content=\"Written by\" \/>\n\t<meta name=\"twitter:data1\" content=\"Bianca Albu\" \/>\n\t<meta name=\"twitter:label2\" content=\"Estimated reading time\" \/>\n\t<meta name=\"twitter:data2\" content=\"2 minutes\" \/>\n<script type=\"application\/ld+json\" class=\"yoast-schema-graph\">{\"@context\":\"https:\\\/\\\/schema.org\",\"@graph\":[{\"@type\":\"Article\",\"@id\":\"https:\\\/\\\/buletin.de\\\/bucuresti\\\/daniel-baluta-se-promoveaza-la-tv-cu-doua-milioane-de-lei-banii-vor-fi-impartiti-intre-romania-tv-antena-3-si-realitatea-tv\\\/#article\",\"isPartOf\":{\"@id\":\"https:\\\/\\\/buletin.de\\\/bucuresti\\\/daniel-baluta-se-promoveaza-la-tv-cu-doua-milioane-de-lei-banii-vor-fi-impartiti-intre-romania-tv-antena-3-si-realitatea-tv\\\/\"},\"author\":{\"name\":\"Bianca Albu\",\"@id\":\"https:\\\/\\\/buletin.de\\\/bucuresti\\\/#\\\/schema\\\/person\\\/295dc2228d2dc79294d636619468dc7f\"},\"headline\":\"Daniel B\u0103lu\u021b\u0103 se promoveaz\u0103 la TV cu dou\u0103 milioane de lei. Banii vor fi \u00eemp\u0103r\u021bi\u021bi \u00eentre Rom\u00e2nia TV, Antena 3 \u0219i Realitatea TV\",\"datePublished\":\"2022-06-24T09:20:57+00:00\",\"dateModified\":\"2022-06-24T09:20:59+00:00\",\"mainEntityOfPage\":{\"@id\":\"https:\\\/\\\/buletin.de\\\/bucuresti\\\/daniel-baluta-se-promoveaza-la-tv-cu-doua-milioane-de-lei-banii-vor-fi-impartiti-intre-romania-tv-antena-3-si-realitatea-tv\\\/\"},\"wordCount\":338,\"publisher\":{\"@id\":\"https:\\\/\\\/buletin.de\\\/bucuresti\\\/#organization\"},\"image\":{\"@id\":\"https:\\\/\\\/buletin.de\\\/bucuresti\\\/daniel-baluta-se-promoveaza-la-tv-cu-doua-milioane-de-lei-banii-vor-fi-impartiti-intre-romania-tv-antena-3-si-realitatea-tv\\\/#primaryimage\"},\"thumbnailUrl\":\"https:\\\/\\\/buletin.de\\\/bucuresti\\\/wp-content\\\/uploads\\\/150030370_2627986984158566_8126511649796745983_o.jpg\",\"keywords\":[\"antena 3\",\"promovare televiziune\",\"realitatea tv\",\"romania tv\"],\"articleSection\":[\"Prim\u0103rie\"],\"inLanguage\":\"en-GB\",\"copyrightYear\":\"2022\",\"copyrightHolder\":{\"@id\":\"https:\\\/\\\/buletin.de\\\/bucuresti\\\/#organization\"}},{\"@type\":\"WebPage\",\"@id\":\"https:\\\/\\\/buletin.de\\\/bucuresti\\\/daniel-baluta-se-promoveaza-la-tv-cu-doua-milioane-de-lei-banii-vor-fi-impartiti-intre-romania-tv-antena-3-si-realitatea-tv\\\/\",\"url\":\"https:\\\/\\\/buletin.de\\\/bucuresti\\\/daniel-baluta-se-promoveaza-la-tv-cu-doua-milioane-de-lei-banii-vor-fi-impartiti-intre-romania-tv-antena-3-si-realitatea-tv\\\/\",\"name\":\"Daniel B\u0103lu\u021b\u0103 se promoveaz\u0103 la TV cu dou\u0103 milioane de lei. Banii vor fi \u00eemp\u0103r\u021bi\u021bi \u00eentre Rom\u00e2nia TV, Antena 3 \u0219i Realitatea TV - Buletin de Bucure\u0219ti\",\"isPartOf\":{\"@id\":\"https:\\\/\\\/buletin.de\\\/bucuresti\\\/#website\"},\"primaryImageOfPage\":{\"@id\":\"https:\\\/\\\/buletin.de\\\/bucuresti\\\/daniel-baluta-se-promoveaza-la-tv-cu-doua-milioane-de-lei-banii-vor-fi-impartiti-intre-romania-tv-antena-3-si-realitatea-tv\\\/#primaryimage\"},\"image\":{\"@id\":\"https:\\\/\\\/buletin.de\\\/bucuresti\\\/daniel-baluta-se-promoveaza-la-tv-cu-doua-milioane-de-lei-banii-vor-fi-impartiti-intre-romania-tv-antena-3-si-realitatea-tv\\\/#primaryimage\"},\"thumbnailUrl\":\"https:\\\/\\\/buletin.de\\\/bucuresti\\\/wp-content\\\/uploads\\\/150030370_2627986984158566_8126511649796745983_o.jpg\",\"datePublished\":\"2022-06-24T09:20:57+00:00\",\"dateModified\":\"2022-06-24T09:20:59+00:00\",\"breadcrumb\":{\"@id\":\"https:\\\/\\\/buletin.de\\\/bucuresti\\\/daniel-baluta-se-promoveaza-la-tv-cu-doua-milioane-de-lei-banii-vor-fi-impartiti-intre-romania-tv-antena-3-si-realitatea-tv\\\/#breadcrumb\"},\"inLanguage\":\"en-GB\",\"potentialAction\":[{\"@type\":\"ReadAction\",\"target\":[\"https:\\\/\\\/buletin.de\\\/bucuresti\\\/daniel-baluta-se-promoveaza-la-tv-cu-doua-milioane-de-lei-banii-vor-fi-impartiti-intre-romania-tv-antena-3-si-realitatea-tv\\\/\"]}]},{\"@type\":\"ImageObject\",\"inLanguage\":\"en-GB\",\"@id\":\"https:\\\/\\\/buletin.de\\\/bucuresti\\\/daniel-baluta-se-promoveaza-la-tv-cu-doua-milioane-de-lei-banii-vor-fi-impartiti-intre-romania-tv-antena-3-si-realitatea-tv\\\/#primaryimage\",\"url\":\"https:\\\/\\\/buletin.de\\\/bucuresti\\\/wp-content\\\/uploads\\\/150030370_2627986984158566_8126511649796745983_o.jpg\",\"contentUrl\":\"https:\\\/\\\/buletin.de\\\/bucuresti\\\/wp-content\\\/uploads\\\/150030370_2627986984158566_8126511649796745983_o.jpg\",\"width\":1942,\"height\":1434},{\"@type\":\"BreadcrumbList\",\"@id\":\"https:\\\/\\\/buletin.de\\\/bucuresti\\\/daniel-baluta-se-promoveaza-la-tv-cu-doua-milioane-de-lei-banii-vor-fi-impartiti-intre-romania-tv-antena-3-si-realitatea-tv\\\/#breadcrumb\",\"itemListElement\":[{\"@type\":\"ListItem\",\"position\":1,\"name\":\"Acas\u0103\",\"item\":\"https:\\\/\\\/buletin.de\\\/bucuresti\\\/\"},{\"@type\":\"ListItem\",\"position\":2,\"name\":\"Daniel B\u0103lu\u021b\u0103 se promoveaz\u0103 la TV cu dou\u0103 milioane de lei. Banii vor fi \u00eemp\u0103r\u021bi\u021bi \u00eentre Rom\u00e2nia TV, Antena 3 \u0219i Realitatea TV\"}]},{\"@type\":\"WebSite\",\"@id\":\"https:\\\/\\\/buletin.de\\\/bucuresti\\\/#website\",\"url\":\"https:\\\/\\\/buletin.de\\\/bucuresti\\\/\",\"name\":\"Buletin de Bucure\u0219ti\",\"description\":\"\u0218tiri \u0219i investiga\u021bii esen\u021biale din capital\u0103\",\"publisher\":{\"@id\":\"https:\\\/\\\/buletin.de\\\/bucuresti\\\/#organization\"},\"potentialAction\":[{\"@type\":\"SearchAction\",\"target\":{\"@type\":\"EntryPoint\",\"urlTemplate\":\"https:\\\/\\\/buletin.de\\\/bucuresti\\\/?s={search_term_string}\"},\"query-input\":{\"@type\":\"PropertyValueSpecification\",\"valueRequired\":true,\"valueName\":\"search_term_string\"}}],\"inLanguage\":\"en-GB\"},{\"@type\":\"Organization\",\"@id\":\"https:\\\/\\\/buletin.de\\\/bucuresti\\\/#organization\",\"name\":\"Buletin de Bucure\u0219ti\",\"url\":\"https:\\\/\\\/buletin.de\\\/bucuresti\\\/\",\"logo\":{\"@type\":\"ImageObject\",\"inLanguage\":\"en-GB\",\"@id\":\"https:\\\/\\\/buletin.de\\\/bucuresti\\\/#\\\/schema\\\/logo\\\/image\\\/\",\"url\":\"https:\\\/\\\/buletin.de\\\/bucuresti\\\/wp-content\\\/uploads\\\/logo-bdb-full-wide-vernil-transparent.png\",\"contentUrl\":\"https:\\\/\\\/buletin.de\\\/bucuresti\\\/wp-content\\\/uploads\\\/logo-bdb-full-wide-vernil-transparent.png\",\"width\":1782,\"height\":626,\"caption\":\"Buletin de Bucure\u0219ti\"},\"image\":{\"@id\":\"https:\\\/\\\/buletin.de\\\/bucuresti\\\/#\\\/schema\\\/logo\\\/image\\\/\"},\"sameAs\":[\"https:\\\/\\\/www.facebook.com\\\/buletin.de.buc\",\"https:\\\/\\\/www.instagram.com\\\/buletinde.bucuresti\\\/\"]},{\"@type\":\"Person\",\"@id\":\"https:\\\/\\\/buletin.de\\\/bucuresti\\\/#\\\/schema\\\/person\\\/295dc2228d2dc79294d636619468dc7f\",\"name\":\"Bianca Albu\",\"image\":{\"@type\":\"ImageObject\",\"inLanguage\":\"en-GB\",\"@id\":\"https:\\\/\\\/secure.gravatar.com\\\/avatar\\\/3df2e34e20f529e6fd7be4311ee1f7c4ec4aa886971590baf6fa214b15743516?s=96&d=monsterid&r=gf541c715eeec409ce8101252a3c0d8a7\",\"url\":\"https:\\\/\\\/secure.gravatar.com\\\/avatar\\\/3df2e34e20f529e6fd7be4311ee1f7c4ec4aa886971590baf6fa214b15743516?s=96&d=monsterid&r=g\",\"contentUrl\":\"https:\\\/\\\/secure.gravatar.com\\\/avatar\\\/3df2e34e20f529e6fd7be4311ee1f7c4ec4aa886971590baf6fa214b15743516?s=96&d=monsterid&r=g\",\"caption\":\"Bianca Albu\"},\"description\":\"Reporter\",\"url\":\"https:\\\/\\\/buletin.de\\\/bucuresti\\\/author\\\/biancaalbu\\\/\"}]}<\/script>\n<!-- \/ Yoast SEO Premium plugin. -->","yoast_head_json":{"title":"Daniel B\u0103lu\u021b\u0103 se promoveaz\u0103 la TV cu dou\u0103 milioane de lei. Banii vor fi \u00eemp\u0103r\u021bi\u021bi \u00eentre Rom\u00e2nia TV, Antena 3 \u0219i Realitatea TV - Buletin de Bucure\u0219ti","robots":{"index":"index","follow":"follow","max-snippet":"max-snippet:-1","max-image-preview":"max-image-preview:large","max-video-preview":"max-video-preview:-1"},"canonical":"https:\/\/buletin.de\/bucuresti\/daniel-baluta-se-promoveaza-la-tv-cu-doua-milioane-de-lei-banii-vor-fi-impartiti-intre-romania-tv-antena-3-si-realitatea-tv\/","og_locale":"en_GB","og_type":"article","og_title":"Daniel B\u0103lu\u021b\u0103 se promoveaz\u0103 la TV cu dou\u0103 milioane de lei. Banii vor fi \u00eemp\u0103r\u021bi\u021bi \u00eentre Rom\u00e2nia TV, Antena 3 \u0219i Realitatea TV","og_description":"\u00cen urm\u0103torii trei ani, realiz\u0103rile primarului Daniel B\u0103lu\u021b\u0103 vor fi promovate la trei televiziuni na\u021bionale: Rom\u00e2nia TV, Antena 3 \u0219i Realitatea TV. Suma maxim\u0103 care ar putea fi cheltuit\u0103 pe spoturile TV este de dou\u0103 milioane de lei. Pe 9 martie, Prim\u0103ria Sectorului 4 a anun\u021bat pe site c\u0103 deschide o licita\u021bie pentru \u201eservicii produc\u021bie [&hellip;]","og_url":"https:\/\/buletin.de\/bucuresti\/daniel-baluta-se-promoveaza-la-tv-cu-doua-milioane-de-lei-banii-vor-fi-impartiti-intre-romania-tv-antena-3-si-realitatea-tv\/","og_site_name":"Buletin de Bucure\u0219ti","article_publisher":"https:\/\/www.facebook.com\/buletin.de.buc","article_published_time":"2022-06-24T09:20:57+00:00","article_modified_time":"2022-06-24T09:20:59+00:00","og_image":[{"width":1942,"height":1434,"url":"https:\/\/buletin.de\/bucuresti\/wp-content\/uploads\/150030370_2627986984158566_8126511649796745983_o.jpg","type":"image\/jpeg"}],"author":"Bianca Albu","twitter_card":"summary_large_image","twitter_misc":{"Written by":"Bianca Albu","Estimated reading time":"2 minutes"},"schema":{"@context":"https:\/\/schema.org","@graph":[{"@type":"Article","@id":"https:\/\/buletin.de\/bucuresti\/daniel-baluta-se-promoveaza-la-tv-cu-doua-milioane-de-lei-banii-vor-fi-impartiti-intre-romania-tv-antena-3-si-realitatea-tv\/#article","isPartOf":{"@id":"https:\/\/buletin.de\/bucuresti\/daniel-baluta-se-promoveaza-la-tv-cu-doua-milioane-de-lei-banii-vor-fi-impartiti-intre-romania-tv-antena-3-si-realitatea-tv\/"},"author":{"name":"Bianca Albu","@id":"https:\/\/buletin.de\/bucuresti\/#\/schema\/person\/295dc2228d2dc79294d636619468dc7f"},"headline":"Daniel B\u0103lu\u021b\u0103 se promoveaz\u0103 la TV cu dou\u0103 milioane de lei. Banii vor fi \u00eemp\u0103r\u021bi\u021bi \u00eentre Rom\u00e2nia TV, Antena 3 \u0219i Realitatea TV","datePublished":"2022-06-24T09:20:57+00:00","dateModified":"2022-06-24T09:20:59+00:00","mainEntityOfPage":{"@id":"https:\/\/buletin.de\/bucuresti\/daniel-baluta-se-promoveaza-la-tv-cu-doua-milioane-de-lei-banii-vor-fi-impartiti-intre-romania-tv-antena-3-si-realitatea-tv\/"},"wordCount":338,"publisher":{"@id":"https:\/\/buletin.de\/bucuresti\/#organization"},"image":{"@id":"https:\/\/buletin.de\/bucuresti\/daniel-baluta-se-promoveaza-la-tv-cu-doua-milioane-de-lei-banii-vor-fi-impartiti-intre-romania-tv-antena-3-si-realitatea-tv\/#primaryimage"},"thumbnailUrl":"https:\/\/buletin.de\/bucuresti\/wp-content\/uploads\/150030370_2627986984158566_8126511649796745983_o.jpg","keywords":["antena 3","promovare televiziune","realitatea tv","romania tv"],"articleSection":["Prim\u0103rie"],"inLanguage":"en-GB","copyrightYear":"2022","copyrightHolder":{"@id":"https:\/\/buletin.de\/bucuresti\/#organization"}},{"@type":"WebPage","@id":"https:\/\/buletin.de\/bucuresti\/daniel-baluta-se-promoveaza-la-tv-cu-doua-milioane-de-lei-banii-vor-fi-impartiti-intre-romania-tv-antena-3-si-realitatea-tv\/","url":"https:\/\/buletin.de\/bucuresti\/daniel-baluta-se-promoveaza-la-tv-cu-doua-milioane-de-lei-banii-vor-fi-impartiti-intre-romania-tv-antena-3-si-realitatea-tv\/","name":"Daniel B\u0103lu\u021b\u0103 se promoveaz\u0103 la TV cu dou\u0103 milioane de lei. Banii vor fi \u00eemp\u0103r\u021bi\u021bi \u00eentre Rom\u00e2nia TV, Antena 3 \u0219i Realitatea TV - Buletin de Bucure\u0219ti","isPartOf":{"@id":"https:\/\/buletin.de\/bucuresti\/#website"},"primaryImageOfPage":{"@id":"https:\/\/buletin.de\/bucuresti\/daniel-baluta-se-promoveaza-la-tv-cu-doua-milioane-de-lei-banii-vor-fi-impartiti-intre-romania-tv-antena-3-si-realitatea-tv\/#primaryimage"},"image":{"@id":"https:\/\/buletin.de\/bucuresti\/daniel-baluta-se-promoveaza-la-tv-cu-doua-milioane-de-lei-banii-vor-fi-impartiti-intre-romania-tv-antena-3-si-realitatea-tv\/#primaryimage"},"thumbnailUrl":"https:\/\/buletin.de\/bucuresti\/wp-content\/uploads\/150030370_2627986984158566_8126511649796745983_o.jpg","datePublished":"2022-06-24T09:20:57+00:00","dateModified":"2022-06-24T09:20:59+00:00","breadcrumb":{"@id":"https:\/\/buletin.de\/bucuresti\/daniel-baluta-se-promoveaza-la-tv-cu-doua-milioane-de-lei-banii-vor-fi-impartiti-intre-romania-tv-antena-3-si-realitatea-tv\/#breadcrumb"},"inLanguage":"en-GB","potentialAction":[{"@type":"ReadAction","target":["https:\/\/buletin.de\/bucuresti\/daniel-baluta-se-promoveaza-la-tv-cu-doua-milioane-de-lei-banii-vor-fi-impartiti-intre-romania-tv-antena-3-si-realitatea-tv\/"]}]},{"@type":"ImageObject","inLanguage":"en-GB","@id":"https:\/\/buletin.de\/bucuresti\/daniel-baluta-se-promoveaza-la-tv-cu-doua-milioane-de-lei-banii-vor-fi-impartiti-intre-romania-tv-antena-3-si-realitatea-tv\/#primaryimage","url":"https:\/\/buletin.de\/bucuresti\/wp-content\/uploads\/150030370_2627986984158566_8126511649796745983_o.jpg","contentUrl":"https:\/\/buletin.de\/bucuresti\/wp-content\/uploads\/150030370_2627986984158566_8126511649796745983_o.jpg","width":1942,"height":1434},{"@type":"BreadcrumbList","@id":"https:\/\/buletin.de\/bucuresti\/daniel-baluta-se-promoveaza-la-tv-cu-doua-milioane-de-lei-banii-vor-fi-impartiti-intre-romania-tv-antena-3-si-realitatea-tv\/#breadcrumb","itemListElement":[{"@type":"ListItem","position":1,"name":"Acas\u0103","item":"https:\/\/buletin.de\/bucuresti\/"},{"@type":"ListItem","position":2,"name":"Daniel B\u0103lu\u021b\u0103 se promoveaz\u0103 la TV cu dou\u0103 milioane de lei. Banii vor fi \u00eemp\u0103r\u021bi\u021bi \u00eentre Rom\u00e2nia TV, Antena 3 \u0219i Realitatea TV"}]},{"@type":"WebSite","@id":"https:\/\/buletin.de\/bucuresti\/#website","url":"https:\/\/buletin.de\/bucuresti\/","name":"Buletin de Bucure\u0219ti","description":"\u0218tiri \u0219i investiga\u021bii esen\u021biale din capital\u0103","publisher":{"@id":"https:\/\/buletin.de\/bucuresti\/#organization"},"potentialAction":[{"@type":"SearchAction","target":{"@type":"EntryPoint","urlTemplate":"https:\/\/buletin.de\/bucuresti\/?s={search_term_string}"},"query-input":{"@type":"PropertyValueSpecification","valueRequired":true,"valueName":"search_term_string"}}],"inLanguage":"en-GB"},{"@type":"Organization","@id":"https:\/\/buletin.de\/bucuresti\/#organization","name":"Buletin de Bucure\u0219ti","url":"https:\/\/buletin.de\/bucuresti\/","logo":{"@type":"ImageObject","inLanguage":"en-GB","@id":"https:\/\/buletin.de\/bucuresti\/#\/schema\/logo\/image\/","url":"https:\/\/buletin.de\/bucuresti\/wp-content\/uploads\/logo-bdb-full-wide-vernil-transparent.png","contentUrl":"https:\/\/buletin.de\/bucuresti\/wp-content\/uploads\/logo-bdb-full-wide-vernil-transparent.png","width":1782,"height":626,"caption":"Buletin de Bucure\u0219ti"},"image":{"@id":"https:\/\/buletin.de\/bucuresti\/#\/schema\/logo\/image\/"},"sameAs":["https:\/\/www.facebook.com\/buletin.de.buc","https:\/\/www.instagram.com\/buletinde.bucuresti\/"]},{"@type":"Person","@id":"https:\/\/buletin.de\/bucuresti\/#\/schema\/person\/295dc2228d2dc79294d636619468dc7f","name":"Bianca Albu","image":{"@type":"ImageObject","inLanguage":"en-GB","@id":"https:\/\/secure.gravatar.com\/avatar\/3df2e34e20f529e6fd7be4311ee1f7c4ec4aa886971590baf6fa214b15743516?s=96&d=monsterid&r=gf541c715eeec409ce8101252a3c0d8a7","url":"https:\/\/secure.gravatar.com\/avatar\/3df2e34e20f529e6fd7be4311ee1f7c4ec4aa886971590baf6fa214b15743516?s=96&d=monsterid&r=g","contentUrl":"https:\/\/secure.gravatar.com\/avatar\/3df2e34e20f529e6fd7be4311ee1f7c4ec4aa886971590baf6fa214b15743516?s=96&d=monsterid&r=g","caption":"Bianca Albu"},"description":"Reporter","url":"https:\/\/buletin.de\/bucuresti\/author\/biancaalbu\/"}]}},"authors":[{"term_id":22588,"user_id":6,"is_guest":0,"slug":"biancaalbu","display_name":"Bianca Albu","avatar_url":"https:\/\/secure.gravatar.com\/avatar\/3df2e34e20f529e6fd7be4311ee1f7c4ec4aa886971590baf6fa214b15743516?s=96&d=monsterid&r=g","0":null,"1":"","2":"","3":"","4":"","5":"","6":"","7":"","8":""}],"_links":{"self":[{"href":"https:\/\/buletin.de\/bucuresti\/wp-json\/wp\/v2\/posts\/43543","targetHints":{"allow":["GET"]}}],"collection":[{"href":"https:\/\/buletin.de\/bucuresti\/wp-json\/wp\/v2\/posts"}],"about":[{"href":"https:\/\/buletin.de\/bucuresti\/wp-json\/wp\/v2\/types\/post"}],"author":[{"embeddable":true,"href":"https:\/\/buletin.de\/bucuresti\/wp-json\/wp\/v2\/users\/6"}],"replies":[{"embeddable":true,"href":"https:\/\/buletin.de\/bucuresti\/wp-json\/wp\/v2\/comments?post=43543"}],"version-history":[{"count":1,"href":"https:\/\/buletin.de\/bucuresti\/wp-json\/wp\/v2\/posts\/43543\/revisions"}],"predecessor-version":[{"id":43545,"href":"https:\/\/buletin.de\/bucuresti\/wp-json\/wp\/v2\/posts\/43543\/revisions\/43545"}],"wp:featuredmedia":[{"embeddable":true,"href":"https:\/\/buletin.de\/bucuresti\/wp-json\/wp\/v2\/media\/21683"}],"wp:attachment":[{"href":"https:\/\/buletin.de\/bucuresti\/wp-json\/wp\/v2\/media?parent=43543"}],"wp:term":[{"taxonomy":"category","embeddable":true,"href":"https:\/\/buletin.de\/bucuresti\/wp-json\/wp\/v2\/categories?post=43543"},{"taxonomy":"post_tag","embeddable":true,"href":"https:\/\/buletin.de\/bucuresti\/wp-json\/wp\/v2\/tags?post=43543"},{"taxonomy":"author","embeddable":true,"href":"https:\/\/buletin.de\/bucuresti\/wp-json\/wp\/v2\/ppma_author?post=43543"}],"curies":[{"name":"wp","href":"https:\/\/api.w.org\/{rel}","templated":true}]}}