{"id":43248,"date":"2022-06-06T12:26:50","date_gmt":"2022-06-06T10:26:50","guid":{"rendered":"https:\/\/buletin.de\/bucuresti\/?p=43248"},"modified":"2022-06-06T12:26:51","modified_gmt":"2022-06-06T10:26:51","slug":"primaria-sectorului-3-a-cheltuit-peste-875-de-mii-de-lei-pe-evenimente-in-ultima-luna","status":"publish","type":"post","link":"https:\/\/buletin.de\/bucuresti\/primaria-sectorului-3-a-cheltuit-peste-875-de-mii-de-lei-pe-evenimente-in-ultima-luna\/","title":{"rendered":"Prim\u0103ria Sectorului 3 a cheltuit peste 875 de mii de lei pe evenimente \u00een ultima lun\u0103"},"content":{"rendered":"\n<p><strong>\u00cen ultima lun\u0103, Robert Negoi\u021b\u0103 a organizat \u00een Parcul Titan dou\u0103 evenimente care au costat, \u00eempreun\u0103, peste 875 de mii de lei. Cei mai mul\u021bi bani s-au cheltuit pe Zilele Sectorului 3: dou\u0103 zile de distrac\u021bie au ajuns la 630 de mii de lei. Festivalul de folk \u00een cinstea lui Florian Pitti\u0219 a costat 245 de mii de lei.<\/strong><\/p>\n\n\n\n<p>\u201e<em>Nu v\u0103 face\u021bi planuri s\u0103 pleca\u021bi pe undeva, fiindc\u0103 avem petrecere \u00een Parcul Titan<\/em>\u201d, \u00eei \u00eendemna Robert Negoi\u021b\u0103 pe bucure\u0219teni la jum\u0103tatea lunii mai. Petrecerea la care se refer\u0103 edilul a avut loc pe 14 \u0219i 15 mai, cu ocazia evenimentului \u201eZilele Sectorului 3 \u2013 O comunitate \u00eentr-o familie\u201d. &nbsp;Cele dou\u0103 zile de distrac\u021bie au costat, \u00een total, peste 630 de mii de lei.<\/p>\n\n\n\n<p>\u00cen weekend-ul \u00een care s-au s\u0103rb\u0103torit zilele sectorului 3, Parcul Titan a fost \u00eemp\u0103r\u021bit \u00een trei zone. \u00cen zona 1 a fost amenajat\u0103 o expozi\u021bie New Media Art, curatoriat\u0103&nbsp; de One Night Gallery. Zona 2 a fost rezervat\u0103 atelierelor de crea\u021bie pentru copii, spectacolelor de teatru \u0219i arti\u0219tilor stradali, iar zona 3 a fost destinat\u0103 activit\u0103\u021bilor sportive \u0219i relax\u0103rii, cu zone cu hamace, pufi \u0219i o bibliotec\u0103 cu c\u0103r\u021bi, reviste \u0219i jocuri.<\/p>\n\n\n\n<iframe src=\"https:\/\/www.facebook.com\/plugins\/post.php?href=https%3A%2F%2Fwww.facebook.com%2Fprimariesector3%2Fposts%2F5434514976615752&amp;show_text=true&amp;width=500\" width=\"500\" height=\"1006\" style=\"border:none;overflow:hidden\" scrolling=\"no\" frameborder=\"0\" allowfullscreen=\"true\" allow=\"autoplay; clipboard-write; encrypted-media; picture-in-picture; web-share\"><\/iframe>\n\n\n\n<p>Pentru realizarea evenimentului, Robert Negoi\u021b\u0103 a \u00eencheiat trei contracte care valoreaz\u0103, \u00een total, peste 630 de mii de lei. Firma care a primit cei mai mul\u021bi bani, <a href=\"https:\/\/www.primarie3.ro\/images\/uploads\/formulare\/Contract_Eventer-_ZS3_2022_new.pdf\">305 mii de lei<\/a>, este Eventer Media Advertising SRL.<\/p>\n\n\n\n<p>Conform celor mai recente date disponibile la Ministerul Finan\u021belor, Eventer Media Advertising a avut \u00een 2020 o cifr\u0103 de afaceri de aproape 400 de mii de lei \u0219i un singur angajat. Este condus\u0103 de Dan Fin\u021bescu Saligny \u0219i Cristina Georgiana Fin\u021bescu Saligny. Dan Fin\u021bescu Saligny lucreaz\u0103, conform paginii de Linkedin, la Kiss FM.<\/p>\n\n\n\n<p>O alt\u0103 societate care a primit bani de la Robert Negoi\u021b\u0103 pentru servicii prestate la Zilele Sectorului 3 este One Night Gallery. A semnat un contract de <a href=\"https:\/\/www.primarie3.ro\/images\/uploads\/formulare\/Contract_One_Night-_ZS3_2022_new.pdf\">190 de mii de lei<\/a> pentru asigurarea de instala\u021bii luminoase de tipul New Media Art.<\/p>\n\n\n\n<p>Tot pentru Zilele Sectorului 3, prim\u0103ria a pl\u0103tit 136 de mii de lei pentru echipamentele scenotehnice. Compania care s-a ocupat de aceste aspecte a fost Five\u2019s International SRL. \u00cen ultimii patru ani, aceast\u0103 firm\u0103 a c\u00e2\u0219tigat contracte publice directe de peste 12 milioane de lei de la Centrul de Crea\u021bie, Art\u0103 \u0219i Tradi\u021bia CREART, institu\u021bie subordonat\u0103 Prim\u0103riei Capitalei.<\/p>\n\n\n\n<p>La dou\u0103 s\u0103pt\u0103m\u00e2ni de la petrecerea organizat\u0103 de Robert Negoi\u021b\u0103 la final de mai, tot \u00een parcul Titan a mai avut loc un festival de folk intitulat Remember Florian Pitti\u0219. Prim\u0103ria Sectorului 3 a achitat 245 de mii de lei pe acest eveniment firmei Zenda Product SRL.<\/p>\n\n\n\n<p>Zenda Product a ap\u0103rut \u00een 2018 \u0219i are sediul \u00een satul B\u0103l\u0103ceanca din Jude\u021bul Ilfov. \u00cen 2021 a avut un singur angajat \u0219i o cifr\u0103 de afaceri de aproape 400 de mii de lei.<\/p>\n\n\n\n<iframe src=\"https:\/\/www.facebook.com\/plugins\/post.php?href=https%3A%2F%2Fwww.facebook.com%2Fprimariesector3%2Fposts%2F5499388510128398&amp;show_text=true&amp;width=500\" width=\"500\" height=\"1008\" style=\"border:none;overflow:hidden\" scrolling=\"no\" frameborder=\"0\" allowfullscreen=\"true\" allow=\"autoplay; clipboard-write; encrypted-media; picture-in-picture; web-share\"><\/iframe>\n\n\n\n<p>Surs\u0103 cover foto: <a href=\"https:\/\/www.facebook.com\/IOR51\/photos\/pcb.5044139738997833\/5044128382332302\/\">Facebook Parcul IOR<\/a><\/p>\n","protected":false},"excerpt":{"rendered":"<p>\u00cen ultima lun\u0103, Robert Negoi\u021b\u0103 a organizat \u00een Parcul Titan dou\u0103 evenimente care au costat, \u00eempreun\u0103, peste 875 de mii de lei. Cei mai mul\u021bi bani s-au cheltuit pe Zilele Sectorului 3: dou\u0103 zile de distrac\u021bie au ajuns la 630 de mii de lei. Festivalul de folk \u00een cinstea lui Florian Pitti\u0219 a costat 245 [&hellip;]<\/p>\n","protected":false},"author":6,"featured_media":43249,"comment_status":"closed","ping_status":"open","sticky":false,"template":"","format":"standard","meta":{"_acf_changed":false,"inline_featured_image":false,"ngg_post_thumbnail":0,"footnotes":""},"categories":[24],"tags":[4197,220,440,4198],"ppma_author":[22588],"class_list":["post-43248","post","type-post","status-publish","format-standard","has-post-thumbnail","hentry","category-primarie","tag-evenimente-sector-3","tag-robert-negoita","tag-sector-3","tag-zilele-sectorului-3"],"acf":[],"yoast_head":"<!-- This site is optimized with the Yoast SEO Premium plugin v25.3 (Yoast SEO v27.4) - https:\/\/yoast.com\/product\/yoast-seo-premium-wordpress\/ -->\n<title>Prim\u0103ria Sectorului 3 a cheltuit peste 875 de mii de lei pe evenimente \u00een ultima lun\u0103 - Buletin de Bucure\u0219ti<\/title>\n<meta name=\"robots\" content=\"index, follow, max-snippet:-1, max-image-preview:large, max-video-preview:-1\" \/>\n<link rel=\"canonical\" href=\"https:\/\/buletin.de\/bucuresti\/primaria-sectorului-3-a-cheltuit-peste-875-de-mii-de-lei-pe-evenimente-in-ultima-luna\/\" \/>\n<meta property=\"og:locale\" content=\"en_GB\" \/>\n<meta property=\"og:type\" content=\"article\" \/>\n<meta property=\"og:title\" content=\"Prim\u0103ria Sectorului 3 a cheltuit peste 875 de mii de lei pe evenimente \u00een ultima lun\u0103\" \/>\n<meta property=\"og:description\" content=\"\u00cen ultima lun\u0103, Robert Negoi\u021b\u0103 a organizat \u00een Parcul Titan dou\u0103 evenimente care au costat, \u00eempreun\u0103, peste 875 de mii de lei. Cei mai mul\u021bi bani s-au cheltuit pe Zilele Sectorului 3: dou\u0103 zile de distrac\u021bie au ajuns la 630 de mii de lei. Festivalul de folk \u00een cinstea lui Florian Pitti\u0219 a costat 245 [&hellip;]\" \/>\n<meta property=\"og:url\" content=\"https:\/\/buletin.de\/bucuresti\/primaria-sectorului-3-a-cheltuit-peste-875-de-mii-de-lei-pe-evenimente-in-ultima-luna\/\" \/>\n<meta property=\"og:site_name\" content=\"Buletin de Bucure\u0219ti\" \/>\n<meta property=\"article:publisher\" content=\"https:\/\/www.facebook.com\/buletin.de.buc\" \/>\n<meta property=\"article:published_time\" content=\"2022-06-06T10:26:50+00:00\" \/>\n<meta property=\"article:modified_time\" content=\"2022-06-06T10:26:51+00:00\" \/>\n<meta property=\"og:image\" content=\"https:\/\/buletin.de\/bucuresti\/wp-content\/uploads\/281027176_5044140055664468_2132163348845257654_n.jpg\" \/>\n\t<meta property=\"og:image:width\" content=\"1600\" \/>\n\t<meta property=\"og:image:height\" content=\"757\" \/>\n\t<meta property=\"og:image:type\" content=\"image\/jpeg\" \/>\n<meta name=\"author\" content=\"Bianca Albu\" \/>\n<meta name=\"twitter:card\" content=\"summary_large_image\" \/>\n<meta name=\"twitter:label1\" content=\"Written by\" \/>\n\t<meta name=\"twitter:data1\" content=\"Bianca Albu\" \/>\n\t<meta name=\"twitter:label2\" content=\"Estimated reading time\" \/>\n\t<meta name=\"twitter:data2\" content=\"3 minutes\" \/>\n<script type=\"application\/ld+json\" class=\"yoast-schema-graph\">{\"@context\":\"https:\\\/\\\/schema.org\",\"@graph\":[{\"@type\":\"Article\",\"@id\":\"https:\\\/\\\/buletin.de\\\/bucuresti\\\/primaria-sectorului-3-a-cheltuit-peste-875-de-mii-de-lei-pe-evenimente-in-ultima-luna\\\/#article\",\"isPartOf\":{\"@id\":\"https:\\\/\\\/buletin.de\\\/bucuresti\\\/primaria-sectorului-3-a-cheltuit-peste-875-de-mii-de-lei-pe-evenimente-in-ultima-luna\\\/\"},\"author\":{\"name\":\"Bianca Albu\",\"@id\":\"https:\\\/\\\/buletin.de\\\/bucuresti\\\/#\\\/schema\\\/person\\\/295dc2228d2dc79294d636619468dc7f\"},\"headline\":\"Prim\u0103ria Sectorului 3 a cheltuit peste 875 de mii de lei pe evenimente \u00een ultima lun\u0103\",\"datePublished\":\"2022-06-06T10:26:50+00:00\",\"dateModified\":\"2022-06-06T10:26:51+00:00\",\"mainEntityOfPage\":{\"@id\":\"https:\\\/\\\/buletin.de\\\/bucuresti\\\/primaria-sectorului-3-a-cheltuit-peste-875-de-mii-de-lei-pe-evenimente-in-ultima-luna\\\/\"},\"wordCount\":501,\"publisher\":{\"@id\":\"https:\\\/\\\/buletin.de\\\/bucuresti\\\/#organization\"},\"image\":{\"@id\":\"https:\\\/\\\/buletin.de\\\/bucuresti\\\/primaria-sectorului-3-a-cheltuit-peste-875-de-mii-de-lei-pe-evenimente-in-ultima-luna\\\/#primaryimage\"},\"thumbnailUrl\":\"https:\\\/\\\/buletin.de\\\/bucuresti\\\/wp-content\\\/uploads\\\/281027176_5044140055664468_2132163348845257654_n.jpg\",\"keywords\":[\"evenimente sector 3\",\"robert negoita\",\"Sector 3\",\"zilele sectorului 3\"],\"articleSection\":[\"Prim\u0103rie\"],\"inLanguage\":\"en-GB\",\"copyrightYear\":\"2022\",\"copyrightHolder\":{\"@id\":\"https:\\\/\\\/buletin.de\\\/bucuresti\\\/#organization\"}},{\"@type\":\"WebPage\",\"@id\":\"https:\\\/\\\/buletin.de\\\/bucuresti\\\/primaria-sectorului-3-a-cheltuit-peste-875-de-mii-de-lei-pe-evenimente-in-ultima-luna\\\/\",\"url\":\"https:\\\/\\\/buletin.de\\\/bucuresti\\\/primaria-sectorului-3-a-cheltuit-peste-875-de-mii-de-lei-pe-evenimente-in-ultima-luna\\\/\",\"name\":\"Prim\u0103ria Sectorului 3 a cheltuit peste 875 de mii de lei pe evenimente \u00een ultima lun\u0103 - Buletin de Bucure\u0219ti\",\"isPartOf\":{\"@id\":\"https:\\\/\\\/buletin.de\\\/bucuresti\\\/#website\"},\"primaryImageOfPage\":{\"@id\":\"https:\\\/\\\/buletin.de\\\/bucuresti\\\/primaria-sectorului-3-a-cheltuit-peste-875-de-mii-de-lei-pe-evenimente-in-ultima-luna\\\/#primaryimage\"},\"image\":{\"@id\":\"https:\\\/\\\/buletin.de\\\/bucuresti\\\/primaria-sectorului-3-a-cheltuit-peste-875-de-mii-de-lei-pe-evenimente-in-ultima-luna\\\/#primaryimage\"},\"thumbnailUrl\":\"https:\\\/\\\/buletin.de\\\/bucuresti\\\/wp-content\\\/uploads\\\/281027176_5044140055664468_2132163348845257654_n.jpg\",\"datePublished\":\"2022-06-06T10:26:50+00:00\",\"dateModified\":\"2022-06-06T10:26:51+00:00\",\"breadcrumb\":{\"@id\":\"https:\\\/\\\/buletin.de\\\/bucuresti\\\/primaria-sectorului-3-a-cheltuit-peste-875-de-mii-de-lei-pe-evenimente-in-ultima-luna\\\/#breadcrumb\"},\"inLanguage\":\"en-GB\",\"potentialAction\":[{\"@type\":\"ReadAction\",\"target\":[\"https:\\\/\\\/buletin.de\\\/bucuresti\\\/primaria-sectorului-3-a-cheltuit-peste-875-de-mii-de-lei-pe-evenimente-in-ultima-luna\\\/\"]}]},{\"@type\":\"ImageObject\",\"inLanguage\":\"en-GB\",\"@id\":\"https:\\\/\\\/buletin.de\\\/bucuresti\\\/primaria-sectorului-3-a-cheltuit-peste-875-de-mii-de-lei-pe-evenimente-in-ultima-luna\\\/#primaryimage\",\"url\":\"https:\\\/\\\/buletin.de\\\/bucuresti\\\/wp-content\\\/uploads\\\/281027176_5044140055664468_2132163348845257654_n.jpg\",\"contentUrl\":\"https:\\\/\\\/buletin.de\\\/bucuresti\\\/wp-content\\\/uploads\\\/281027176_5044140055664468_2132163348845257654_n.jpg\",\"width\":1600,\"height\":757},{\"@type\":\"BreadcrumbList\",\"@id\":\"https:\\\/\\\/buletin.de\\\/bucuresti\\\/primaria-sectorului-3-a-cheltuit-peste-875-de-mii-de-lei-pe-evenimente-in-ultima-luna\\\/#breadcrumb\",\"itemListElement\":[{\"@type\":\"ListItem\",\"position\":1,\"name\":\"Acas\u0103\",\"item\":\"https:\\\/\\\/buletin.de\\\/bucuresti\\\/\"},{\"@type\":\"ListItem\",\"position\":2,\"name\":\"Prim\u0103ria Sectorului 3 a cheltuit peste 875 de mii de lei pe evenimente \u00een ultima lun\u0103\"}]},{\"@type\":\"WebSite\",\"@id\":\"https:\\\/\\\/buletin.de\\\/bucuresti\\\/#website\",\"url\":\"https:\\\/\\\/buletin.de\\\/bucuresti\\\/\",\"name\":\"Buletin de Bucure\u0219ti\",\"description\":\"\u0218tiri \u0219i investiga\u021bii esen\u021biale din capital\u0103\",\"publisher\":{\"@id\":\"https:\\\/\\\/buletin.de\\\/bucuresti\\\/#organization\"},\"potentialAction\":[{\"@type\":\"SearchAction\",\"target\":{\"@type\":\"EntryPoint\",\"urlTemplate\":\"https:\\\/\\\/buletin.de\\\/bucuresti\\\/?s={search_term_string}\"},\"query-input\":{\"@type\":\"PropertyValueSpecification\",\"valueRequired\":true,\"valueName\":\"search_term_string\"}}],\"inLanguage\":\"en-GB\"},{\"@type\":\"Organization\",\"@id\":\"https:\\\/\\\/buletin.de\\\/bucuresti\\\/#organization\",\"name\":\"Buletin de Bucure\u0219ti\",\"url\":\"https:\\\/\\\/buletin.de\\\/bucuresti\\\/\",\"logo\":{\"@type\":\"ImageObject\",\"inLanguage\":\"en-GB\",\"@id\":\"https:\\\/\\\/buletin.de\\\/bucuresti\\\/#\\\/schema\\\/logo\\\/image\\\/\",\"url\":\"https:\\\/\\\/buletin.de\\\/bucuresti\\\/wp-content\\\/uploads\\\/logo-bdb-full-wide-vernil-transparent.png\",\"contentUrl\":\"https:\\\/\\\/buletin.de\\\/bucuresti\\\/wp-content\\\/uploads\\\/logo-bdb-full-wide-vernil-transparent.png\",\"width\":1782,\"height\":626,\"caption\":\"Buletin de Bucure\u0219ti\"},\"image\":{\"@id\":\"https:\\\/\\\/buletin.de\\\/bucuresti\\\/#\\\/schema\\\/logo\\\/image\\\/\"},\"sameAs\":[\"https:\\\/\\\/www.facebook.com\\\/buletin.de.buc\",\"https:\\\/\\\/www.instagram.com\\\/buletinde.bucuresti\\\/\"]},{\"@type\":\"Person\",\"@id\":\"https:\\\/\\\/buletin.de\\\/bucuresti\\\/#\\\/schema\\\/person\\\/295dc2228d2dc79294d636619468dc7f\",\"name\":\"Bianca Albu\",\"image\":{\"@type\":\"ImageObject\",\"inLanguage\":\"en-GB\",\"@id\":\"https:\\\/\\\/secure.gravatar.com\\\/avatar\\\/3df2e34e20f529e6fd7be4311ee1f7c4ec4aa886971590baf6fa214b15743516?s=96&d=monsterid&r=gf541c715eeec409ce8101252a3c0d8a7\",\"url\":\"https:\\\/\\\/secure.gravatar.com\\\/avatar\\\/3df2e34e20f529e6fd7be4311ee1f7c4ec4aa886971590baf6fa214b15743516?s=96&d=monsterid&r=g\",\"contentUrl\":\"https:\\\/\\\/secure.gravatar.com\\\/avatar\\\/3df2e34e20f529e6fd7be4311ee1f7c4ec4aa886971590baf6fa214b15743516?s=96&d=monsterid&r=g\",\"caption\":\"Bianca Albu\"},\"description\":\"Reporter\",\"url\":\"https:\\\/\\\/buletin.de\\\/bucuresti\\\/author\\\/biancaalbu\\\/\"}]}<\/script>\n<!-- \/ Yoast SEO Premium plugin. -->","yoast_head_json":{"title":"Prim\u0103ria Sectorului 3 a cheltuit peste 875 de mii de lei pe evenimente \u00een ultima lun\u0103 - Buletin de Bucure\u0219ti","robots":{"index":"index","follow":"follow","max-snippet":"max-snippet:-1","max-image-preview":"max-image-preview:large","max-video-preview":"max-video-preview:-1"},"canonical":"https:\/\/buletin.de\/bucuresti\/primaria-sectorului-3-a-cheltuit-peste-875-de-mii-de-lei-pe-evenimente-in-ultima-luna\/","og_locale":"en_GB","og_type":"article","og_title":"Prim\u0103ria Sectorului 3 a cheltuit peste 875 de mii de lei pe evenimente \u00een ultima lun\u0103","og_description":"\u00cen ultima lun\u0103, Robert Negoi\u021b\u0103 a organizat \u00een Parcul Titan dou\u0103 evenimente care au costat, \u00eempreun\u0103, peste 875 de mii de lei. Cei mai mul\u021bi bani s-au cheltuit pe Zilele Sectorului 3: dou\u0103 zile de distrac\u021bie au ajuns la 630 de mii de lei. Festivalul de folk \u00een cinstea lui Florian Pitti\u0219 a costat 245 [&hellip;]","og_url":"https:\/\/buletin.de\/bucuresti\/primaria-sectorului-3-a-cheltuit-peste-875-de-mii-de-lei-pe-evenimente-in-ultima-luna\/","og_site_name":"Buletin de Bucure\u0219ti","article_publisher":"https:\/\/www.facebook.com\/buletin.de.buc","article_published_time":"2022-06-06T10:26:50+00:00","article_modified_time":"2022-06-06T10:26:51+00:00","og_image":[{"width":1600,"height":757,"url":"https:\/\/buletin.de\/bucuresti\/wp-content\/uploads\/281027176_5044140055664468_2132163348845257654_n.jpg","type":"image\/jpeg"}],"author":"Bianca Albu","twitter_card":"summary_large_image","twitter_misc":{"Written by":"Bianca Albu","Estimated reading time":"3 minutes"},"schema":{"@context":"https:\/\/schema.org","@graph":[{"@type":"Article","@id":"https:\/\/buletin.de\/bucuresti\/primaria-sectorului-3-a-cheltuit-peste-875-de-mii-de-lei-pe-evenimente-in-ultima-luna\/#article","isPartOf":{"@id":"https:\/\/buletin.de\/bucuresti\/primaria-sectorului-3-a-cheltuit-peste-875-de-mii-de-lei-pe-evenimente-in-ultima-luna\/"},"author":{"name":"Bianca Albu","@id":"https:\/\/buletin.de\/bucuresti\/#\/schema\/person\/295dc2228d2dc79294d636619468dc7f"},"headline":"Prim\u0103ria Sectorului 3 a cheltuit peste 875 de mii de lei pe evenimente \u00een ultima lun\u0103","datePublished":"2022-06-06T10:26:50+00:00","dateModified":"2022-06-06T10:26:51+00:00","mainEntityOfPage":{"@id":"https:\/\/buletin.de\/bucuresti\/primaria-sectorului-3-a-cheltuit-peste-875-de-mii-de-lei-pe-evenimente-in-ultima-luna\/"},"wordCount":501,"publisher":{"@id":"https:\/\/buletin.de\/bucuresti\/#organization"},"image":{"@id":"https:\/\/buletin.de\/bucuresti\/primaria-sectorului-3-a-cheltuit-peste-875-de-mii-de-lei-pe-evenimente-in-ultima-luna\/#primaryimage"},"thumbnailUrl":"https:\/\/buletin.de\/bucuresti\/wp-content\/uploads\/281027176_5044140055664468_2132163348845257654_n.jpg","keywords":["evenimente sector 3","robert negoita","Sector 3","zilele sectorului 3"],"articleSection":["Prim\u0103rie"],"inLanguage":"en-GB","copyrightYear":"2022","copyrightHolder":{"@id":"https:\/\/buletin.de\/bucuresti\/#organization"}},{"@type":"WebPage","@id":"https:\/\/buletin.de\/bucuresti\/primaria-sectorului-3-a-cheltuit-peste-875-de-mii-de-lei-pe-evenimente-in-ultima-luna\/","url":"https:\/\/buletin.de\/bucuresti\/primaria-sectorului-3-a-cheltuit-peste-875-de-mii-de-lei-pe-evenimente-in-ultima-luna\/","name":"Prim\u0103ria Sectorului 3 a cheltuit peste 875 de mii de lei pe evenimente \u00een ultima lun\u0103 - Buletin de Bucure\u0219ti","isPartOf":{"@id":"https:\/\/buletin.de\/bucuresti\/#website"},"primaryImageOfPage":{"@id":"https:\/\/buletin.de\/bucuresti\/primaria-sectorului-3-a-cheltuit-peste-875-de-mii-de-lei-pe-evenimente-in-ultima-luna\/#primaryimage"},"image":{"@id":"https:\/\/buletin.de\/bucuresti\/primaria-sectorului-3-a-cheltuit-peste-875-de-mii-de-lei-pe-evenimente-in-ultima-luna\/#primaryimage"},"thumbnailUrl":"https:\/\/buletin.de\/bucuresti\/wp-content\/uploads\/281027176_5044140055664468_2132163348845257654_n.jpg","datePublished":"2022-06-06T10:26:50+00:00","dateModified":"2022-06-06T10:26:51+00:00","breadcrumb":{"@id":"https:\/\/buletin.de\/bucuresti\/primaria-sectorului-3-a-cheltuit-peste-875-de-mii-de-lei-pe-evenimente-in-ultima-luna\/#breadcrumb"},"inLanguage":"en-GB","potentialAction":[{"@type":"ReadAction","target":["https:\/\/buletin.de\/bucuresti\/primaria-sectorului-3-a-cheltuit-peste-875-de-mii-de-lei-pe-evenimente-in-ultima-luna\/"]}]},{"@type":"ImageObject","inLanguage":"en-GB","@id":"https:\/\/buletin.de\/bucuresti\/primaria-sectorului-3-a-cheltuit-peste-875-de-mii-de-lei-pe-evenimente-in-ultima-luna\/#primaryimage","url":"https:\/\/buletin.de\/bucuresti\/wp-content\/uploads\/281027176_5044140055664468_2132163348845257654_n.jpg","contentUrl":"https:\/\/buletin.de\/bucuresti\/wp-content\/uploads\/281027176_5044140055664468_2132163348845257654_n.jpg","width":1600,"height":757},{"@type":"BreadcrumbList","@id":"https:\/\/buletin.de\/bucuresti\/primaria-sectorului-3-a-cheltuit-peste-875-de-mii-de-lei-pe-evenimente-in-ultima-luna\/#breadcrumb","itemListElement":[{"@type":"ListItem","position":1,"name":"Acas\u0103","item":"https:\/\/buletin.de\/bucuresti\/"},{"@type":"ListItem","position":2,"name":"Prim\u0103ria Sectorului 3 a cheltuit peste 875 de mii de lei pe evenimente \u00een ultima lun\u0103"}]},{"@type":"WebSite","@id":"https:\/\/buletin.de\/bucuresti\/#website","url":"https:\/\/buletin.de\/bucuresti\/","name":"Buletin de Bucure\u0219ti","description":"\u0218tiri \u0219i investiga\u021bii esen\u021biale din capital\u0103","publisher":{"@id":"https:\/\/buletin.de\/bucuresti\/#organization"},"potentialAction":[{"@type":"SearchAction","target":{"@type":"EntryPoint","urlTemplate":"https:\/\/buletin.de\/bucuresti\/?s={search_term_string}"},"query-input":{"@type":"PropertyValueSpecification","valueRequired":true,"valueName":"search_term_string"}}],"inLanguage":"en-GB"},{"@type":"Organization","@id":"https:\/\/buletin.de\/bucuresti\/#organization","name":"Buletin de Bucure\u0219ti","url":"https:\/\/buletin.de\/bucuresti\/","logo":{"@type":"ImageObject","inLanguage":"en-GB","@id":"https:\/\/buletin.de\/bucuresti\/#\/schema\/logo\/image\/","url":"https:\/\/buletin.de\/bucuresti\/wp-content\/uploads\/logo-bdb-full-wide-vernil-transparent.png","contentUrl":"https:\/\/buletin.de\/bucuresti\/wp-content\/uploads\/logo-bdb-full-wide-vernil-transparent.png","width":1782,"height":626,"caption":"Buletin de Bucure\u0219ti"},"image":{"@id":"https:\/\/buletin.de\/bucuresti\/#\/schema\/logo\/image\/"},"sameAs":["https:\/\/www.facebook.com\/buletin.de.buc","https:\/\/www.instagram.com\/buletinde.bucuresti\/"]},{"@type":"Person","@id":"https:\/\/buletin.de\/bucuresti\/#\/schema\/person\/295dc2228d2dc79294d636619468dc7f","name":"Bianca Albu","image":{"@type":"ImageObject","inLanguage":"en-GB","@id":"https:\/\/secure.gravatar.com\/avatar\/3df2e34e20f529e6fd7be4311ee1f7c4ec4aa886971590baf6fa214b15743516?s=96&d=monsterid&r=gf541c715eeec409ce8101252a3c0d8a7","url":"https:\/\/secure.gravatar.com\/avatar\/3df2e34e20f529e6fd7be4311ee1f7c4ec4aa886971590baf6fa214b15743516?s=96&d=monsterid&r=g","contentUrl":"https:\/\/secure.gravatar.com\/avatar\/3df2e34e20f529e6fd7be4311ee1f7c4ec4aa886971590baf6fa214b15743516?s=96&d=monsterid&r=g","caption":"Bianca Albu"},"description":"Reporter","url":"https:\/\/buletin.de\/bucuresti\/author\/biancaalbu\/"}]}},"authors":[{"term_id":22588,"user_id":6,"is_guest":0,"slug":"biancaalbu","display_name":"Bianca Albu","avatar_url":"https:\/\/secure.gravatar.com\/avatar\/3df2e34e20f529e6fd7be4311ee1f7c4ec4aa886971590baf6fa214b15743516?s=96&d=monsterid&r=g","0":null,"1":"","2":"","3":"","4":"","5":"","6":"","7":"","8":""}],"_links":{"self":[{"href":"https:\/\/buletin.de\/bucuresti\/wp-json\/wp\/v2\/posts\/43248","targetHints":{"allow":["GET"]}}],"collection":[{"href":"https:\/\/buletin.de\/bucuresti\/wp-json\/wp\/v2\/posts"}],"about":[{"href":"https:\/\/buletin.de\/bucuresti\/wp-json\/wp\/v2\/types\/post"}],"author":[{"embeddable":true,"href":"https:\/\/buletin.de\/bucuresti\/wp-json\/wp\/v2\/users\/6"}],"replies":[{"embeddable":true,"href":"https:\/\/buletin.de\/bucuresti\/wp-json\/wp\/v2\/comments?post=43248"}],"version-history":[{"count":4,"href":"https:\/\/buletin.de\/bucuresti\/wp-json\/wp\/v2\/posts\/43248\/revisions"}],"predecessor-version":[{"id":43253,"href":"https:\/\/buletin.de\/bucuresti\/wp-json\/wp\/v2\/posts\/43248\/revisions\/43253"}],"wp:featuredmedia":[{"embeddable":true,"href":"https:\/\/buletin.de\/bucuresti\/wp-json\/wp\/v2\/media\/43249"}],"wp:attachment":[{"href":"https:\/\/buletin.de\/bucuresti\/wp-json\/wp\/v2\/media?parent=43248"}],"wp:term":[{"taxonomy":"category","embeddable":true,"href":"https:\/\/buletin.de\/bucuresti\/wp-json\/wp\/v2\/categories?post=43248"},{"taxonomy":"post_tag","embeddable":true,"href":"https:\/\/buletin.de\/bucuresti\/wp-json\/wp\/v2\/tags?post=43248"},{"taxonomy":"author","embeddable":true,"href":"https:\/\/buletin.de\/bucuresti\/wp-json\/wp\/v2\/ppma_author?post=43248"}],"curies":[{"name":"wp","href":"https:\/\/api.w.org\/{rel}","templated":true}]}}