{"id":43171,"date":"2022-06-03T08:16:36","date_gmt":"2022-06-03T06:16:36","guid":{"rendered":"https:\/\/buletin.de\/bucuresti\/?p=43171"},"modified":"2022-06-03T08:16:38","modified_gmt":"2022-06-03T06:16:38","slug":"primaria-sectorului-2-a-organizat-un-eveniment-cu-peste-jumatate-de-milion-de-lei-achizitiile-nu-sunt-publice","status":"publish","type":"post","link":"https:\/\/buletin.de\/bucuresti\/primaria-sectorului-2-a-organizat-un-eveniment-cu-peste-jumatate-de-milion-de-lei-achizitiile-nu-sunt-publice\/","title":{"rendered":"Prim\u0103ria Sectorului 2 a organizat un eveniment cu peste jum\u0103tate de milion de lei. Achizi\u021biile nu sunt publice"},"content":{"rendered":"\n<p><strong>La finalul lunii mai, bucure\u0219tenii au dansat \u00een parcul Obor pe muzica mai multor arti\u0219ti cunoscu\u021bi din Rom\u00e2nia, cum ar fi Andra, Taraful de la Clejani sau Theo Rose. Evenimentul intitulat Festivalul Minorit\u0103\u021bilor a fost organizat de Prim\u0103ria Sectorului 2, prin Centrul Cultural Mihai Eminescu, \u0219i a durat patru zile. De\u0219i a costat, \u00een total, peste jum\u0103tate de milion de lei, achizi\u021biile nu au fost publicate nici pe platforma de licita\u021bie, nici pe site-ul institu\u021biei.<\/strong><\/p>\n\n\n\n<p>\u00centre 20 \u0219i 23 mai, mai mul\u021bi bucure\u0219teni au petrecut \u00een parcul Obor pe ritmurile unor soli\u0219ti \u0219i forma\u021bii din Rom\u00e2nia. Festivalul Minorit\u0103\u021bilor a fost organizat de Prim\u0103ria Sectorului 2, prin Centrul Cultural Mihai Eminescu, \u0219i a costat 535 de mii de lei.<\/p>\n\n\n\n<p><\/p>\n\n\n\n<figure class=\"wp-block-image size-large\"><img fetchpriority=\"high\" decoding=\"async\" width=\"900\" height=\"600\" src=\"data:image\/gif;base64,R0lGODlhAQABAAAAACH5BAEKAAEALAAAAAABAAEAAAICTAEAOw==\" data-src=\"https:\/\/buletin.de\/bucuresti\/wp-content\/uploads\/283329945_955041878524122_8593489890621695437_n-900x600.jpg\" alt=\"\" class=\"wp-image-43175 lazyload\" data-sizes=\"auto\" data-srcset=\"https:\/\/buletin.de\/bucuresti\/wp-content\/uploads\/283329945_955041878524122_8593489890621695437_n-900x600.jpg 900w, https:\/\/buletin.de\/bucuresti\/wp-content\/uploads\/283329945_955041878524122_8593489890621695437_n-300x200.jpg 300w, https:\/\/buletin.de\/bucuresti\/wp-content\/uploads\/283329945_955041878524122_8593489890621695437_n-768x512.jpg 768w, https:\/\/buletin.de\/bucuresti\/wp-content\/uploads\/283329945_955041878524122_8593489890621695437_n-1536x1024.jpg 1536w, https:\/\/buletin.de\/bucuresti\/wp-content\/uploads\/283329945_955041878524122_8593489890621695437_n-1060x706.jpg 1060w, https:\/\/buletin.de\/bucuresti\/wp-content\/uploads\/283329945_955041878524122_8593489890621695437_n-550x367.jpg 550w, https:\/\/buletin.de\/bucuresti\/wp-content\/uploads\/283329945_955041878524122_8593489890621695437_n-750x500.jpg 750w, https:\/\/buletin.de\/bucuresti\/wp-content\/uploads\/283329945_955041878524122_8593489890621695437_n-1920x1280.jpg 1920w, https:\/\/buletin.de\/bucuresti\/wp-content\/uploads\/283329945_955041878524122_8593489890621695437_n-1620x1080.jpg 1620w, https:\/\/buletin.de\/bucuresti\/wp-content\/uploads\/283329945_955041878524122_8593489890621695437_n-600x400.jpg 600w, https:\/\/buletin.de\/bucuresti\/wp-content\/uploads\/283329945_955041878524122_8593489890621695437_n.jpg 2048w\" sizes=\"(max-width: 900px) 100vw, 900px\" \/><\/figure>\n\n\n\n<figure class=\"wp-block-image size-large\"><img decoding=\"async\" width=\"900\" height=\"600\" src=\"data:image\/gif;base64,R0lGODlhAQABAAAAACH5BAEKAAEALAAAAAABAAEAAAICTAEAOw==\" data-src=\"https:\/\/buletin.de\/bucuresti\/wp-content\/uploads\/282328588_955041245190852_1381012587562926432_n-900x600.jpg\" alt=\"\" class=\"wp-image-43176 lazyload\" data-sizes=\"auto\" data-srcset=\"https:\/\/buletin.de\/bucuresti\/wp-content\/uploads\/282328588_955041245190852_1381012587562926432_n-900x600.jpg 900w, https:\/\/buletin.de\/bucuresti\/wp-content\/uploads\/282328588_955041245190852_1381012587562926432_n-300x200.jpg 300w, https:\/\/buletin.de\/bucuresti\/wp-content\/uploads\/282328588_955041245190852_1381012587562926432_n-768x512.jpg 768w, https:\/\/buletin.de\/bucuresti\/wp-content\/uploads\/282328588_955041245190852_1381012587562926432_n-1536x1024.jpg 1536w, https:\/\/buletin.de\/bucuresti\/wp-content\/uploads\/282328588_955041245190852_1381012587562926432_n-1060x706.jpg 1060w, https:\/\/buletin.de\/bucuresti\/wp-content\/uploads\/282328588_955041245190852_1381012587562926432_n-550x367.jpg 550w, https:\/\/buletin.de\/bucuresti\/wp-content\/uploads\/282328588_955041245190852_1381012587562926432_n-750x500.jpg 750w, https:\/\/buletin.de\/bucuresti\/wp-content\/uploads\/282328588_955041245190852_1381012587562926432_n-1920x1280.jpg 1920w, https:\/\/buletin.de\/bucuresti\/wp-content\/uploads\/282328588_955041245190852_1381012587562926432_n-1620x1080.jpg 1620w, https:\/\/buletin.de\/bucuresti\/wp-content\/uploads\/282328588_955041245190852_1381012587562926432_n-600x400.jpg 600w, https:\/\/buletin.de\/bucuresti\/wp-content\/uploads\/282328588_955041245190852_1381012587562926432_n.jpg 2048w\" sizes=\"(max-width: 900px) 100vw, 900px\" \/><\/figure>\n\n\n\n<p><\/p>\n\n\n\n<p>Cea mai mare parte din ace\u0219ti bani, aproape 340 de mii de lei, s-a dus pe cheltuielile cu programul artistic:<\/p>\n\n\n\n<ul class=\"wp-block-list\"><li>Ziua 1: Taraful din Clejani, Elena Gheorghe \u0219i grupul de dans Vanghilizmo, Greek 4 You \u0219i un ansamblu de dansatori, program muzic\u0103 DJ;<\/li><li>Ziua 2: Andra, Theo Rose, Raluk \u0219i Proiectul Balcanic, program muzic\u0103 DJ;<\/li><li>Ziua 3: Carmen Chindri\u0219 \u0219i Taraful Rutenilor, Mahala Rai Banda, Johnny Romano, program muzic\u0103 DJ;<\/li><li>Ziua 4: program muzic\u0103 \u0219i dansuri sus\u021binut de comunitatea arom\u00e2n\u0103.<\/li><\/ul>\n\n\n\n<figure class=\"wp-block-image size-large\"><img decoding=\"async\" width=\"900\" height=\"600\" src=\"data:image\/gif;base64,R0lGODlhAQABAAAAACH5BAEKAAEALAAAAAABAAEAAAICTAEAOw==\" data-src=\"https:\/\/buletin.de\/bucuresti\/wp-content\/uploads\/283622580_955825811779062_7482563693809209318_n-900x600.jpg\" alt=\"\" class=\"wp-image-43174 lazyload\" data-sizes=\"auto\" data-srcset=\"https:\/\/buletin.de\/bucuresti\/wp-content\/uploads\/283622580_955825811779062_7482563693809209318_n-900x600.jpg 900w, https:\/\/buletin.de\/bucuresti\/wp-content\/uploads\/283622580_955825811779062_7482563693809209318_n-300x200.jpg 300w, https:\/\/buletin.de\/bucuresti\/wp-content\/uploads\/283622580_955825811779062_7482563693809209318_n-768x512.jpg 768w, https:\/\/buletin.de\/bucuresti\/wp-content\/uploads\/283622580_955825811779062_7482563693809209318_n-1536x1024.jpg 1536w, https:\/\/buletin.de\/bucuresti\/wp-content\/uploads\/283622580_955825811779062_7482563693809209318_n-1060x706.jpg 1060w, https:\/\/buletin.de\/bucuresti\/wp-content\/uploads\/283622580_955825811779062_7482563693809209318_n-550x367.jpg 550w, https:\/\/buletin.de\/bucuresti\/wp-content\/uploads\/283622580_955825811779062_7482563693809209318_n-750x500.jpg 750w, https:\/\/buletin.de\/bucuresti\/wp-content\/uploads\/283622580_955825811779062_7482563693809209318_n-1920x1280.jpg 1920w, https:\/\/buletin.de\/bucuresti\/wp-content\/uploads\/283622580_955825811779062_7482563693809209318_n-1620x1080.jpg 1620w, https:\/\/buletin.de\/bucuresti\/wp-content\/uploads\/283622580_955825811779062_7482563693809209318_n-600x400.jpg 600w, https:\/\/buletin.de\/bucuresti\/wp-content\/uploads\/283622580_955825811779062_7482563693809209318_n.jpg 2048w\" sizes=\"(max-width: 900px) 100vw, 900px\" \/><\/figure>\n\n\n\n<p><\/p>\n\n\n\n<figure class=\"wp-block-image size-large\"><img loading=\"lazy\" decoding=\"async\" width=\"900\" height=\"600\" src=\"data:image\/gif;base64,R0lGODlhAQABAAAAACH5BAEKAAEALAAAAAABAAEAAAICTAEAOw==\" data-src=\"https:\/\/buletin.de\/bucuresti\/wp-content\/uploads\/283415016_955041701857473_3117260865366813721_n-900x600.jpg\" alt=\"\" class=\"wp-image-43173 lazyload\" data-sizes=\"auto\" data-srcset=\"https:\/\/buletin.de\/bucuresti\/wp-content\/uploads\/283415016_955041701857473_3117260865366813721_n-900x600.jpg 900w, https:\/\/buletin.de\/bucuresti\/wp-content\/uploads\/283415016_955041701857473_3117260865366813721_n-300x200.jpg 300w, https:\/\/buletin.de\/bucuresti\/wp-content\/uploads\/283415016_955041701857473_3117260865366813721_n-768x512.jpg 768w, https:\/\/buletin.de\/bucuresti\/wp-content\/uploads\/283415016_955041701857473_3117260865366813721_n-1536x1024.jpg 1536w, https:\/\/buletin.de\/bucuresti\/wp-content\/uploads\/283415016_955041701857473_3117260865366813721_n-1060x706.jpg 1060w, https:\/\/buletin.de\/bucuresti\/wp-content\/uploads\/283415016_955041701857473_3117260865366813721_n-550x367.jpg 550w, https:\/\/buletin.de\/bucuresti\/wp-content\/uploads\/283415016_955041701857473_3117260865366813721_n-750x500.jpg 750w, https:\/\/buletin.de\/bucuresti\/wp-content\/uploads\/283415016_955041701857473_3117260865366813721_n-1920x1280.jpg 1920w, https:\/\/buletin.de\/bucuresti\/wp-content\/uploads\/283415016_955041701857473_3117260865366813721_n-1620x1080.jpg 1620w, https:\/\/buletin.de\/bucuresti\/wp-content\/uploads\/283415016_955041701857473_3117260865366813721_n-600x400.jpg 600w, https:\/\/buletin.de\/bucuresti\/wp-content\/uploads\/283415016_955041701857473_3117260865366813721_n.jpg 2048w\" sizes=\"(max-width: 900px) 100vw, 900px\" \/><\/figure>\n\n\n\n<p><\/p>\n\n\n\n<p>Evenimentul a fost prezentat de C\u0103t\u0103lin M\u0103ru\u021b\u0103 pe 20 \u0219i 22 mai \u0219i de Cosmin Sele\u0219i pe 21 mai. Cea de-a patra zi a evenimentului a fost realizat\u0103 integral de Comunitatea Arm\u00e2n\u0103 din Rom\u00e2nia, filiala Bucure\u0219ti. Prim\u0103ria Sectorului 2 nu a efectuat cheltuieli legate de programul artistic din ultima zi.<\/p>\n\n\n\n<figure class=\"wp-block-image size-large\"><img loading=\"lazy\" decoding=\"async\" width=\"900\" height=\"600\" src=\"data:image\/gif;base64,R0lGODlhAQABAAAAACH5BAEKAAEALAAAAAABAAEAAAICTAEAOw==\" data-src=\"https:\/\/buletin.de\/bucuresti\/wp-content\/uploads\/283061457_955042001857443_4343793875510423907_n-900x600.jpg\" alt=\"\" class=\"wp-image-43172 lazyload\" data-sizes=\"auto\" data-srcset=\"https:\/\/buletin.de\/bucuresti\/wp-content\/uploads\/283061457_955042001857443_4343793875510423907_n-900x600.jpg 900w, https:\/\/buletin.de\/bucuresti\/wp-content\/uploads\/283061457_955042001857443_4343793875510423907_n-300x200.jpg 300w, https:\/\/buletin.de\/bucuresti\/wp-content\/uploads\/283061457_955042001857443_4343793875510423907_n-768x512.jpg 768w, https:\/\/buletin.de\/bucuresti\/wp-content\/uploads\/283061457_955042001857443_4343793875510423907_n-1536x1024.jpg 1536w, https:\/\/buletin.de\/bucuresti\/wp-content\/uploads\/283061457_955042001857443_4343793875510423907_n-1060x706.jpg 1060w, https:\/\/buletin.de\/bucuresti\/wp-content\/uploads\/283061457_955042001857443_4343793875510423907_n-550x367.jpg 550w, https:\/\/buletin.de\/bucuresti\/wp-content\/uploads\/283061457_955042001857443_4343793875510423907_n-750x500.jpg 750w, https:\/\/buletin.de\/bucuresti\/wp-content\/uploads\/283061457_955042001857443_4343793875510423907_n-1920x1280.jpg 1920w, https:\/\/buletin.de\/bucuresti\/wp-content\/uploads\/283061457_955042001857443_4343793875510423907_n-1620x1080.jpg 1620w, https:\/\/buletin.de\/bucuresti\/wp-content\/uploads\/283061457_955042001857443_4343793875510423907_n-600x400.jpg 600w, https:\/\/buletin.de\/bucuresti\/wp-content\/uploads\/283061457_955042001857443_4343793875510423907_n.jpg 2048w\" sizes=\"(max-width: 900px) 100vw, 900px\" \/><\/figure>\n\n\n\n<p><\/p>\n\n\n\n<p>Echipamentele care au asigurat sus\u021binerea presta\u021biilor artistice timp de patru zile, c\u00e2te patru ore de spectacol plus patru ore de probe \u0219i repeti\u021bii au costat 140 de mii de lei. Pentru ambulan\u021b\u0103, pompieri, servicii foto \u0219i video \u0219i afi\u0219e primarul Radu Mihaiu a scos din bugetul sectorului 2 peste 35 de mii de lei. Taxa de drepturi de autor a costat 20.590 de lei.<\/p>\n\n\n\n<p>Niciuna dintre achizi\u021biile realizate de Centrul Cultural Mihai Eminescu nu a fost publicat\u0103 pe platforma de licita\u021bie SEAP sau pe site-ul institu\u021biei. Biroul de pres\u0103 al prim\u0103riei a transmis c\u0103 urmeaz\u0103 ca ele s\u0103 fie publicate \u00een perioada urm\u0103toare, \u201eav\u00e2nd \u00een vedere personalul insuficient existent\u201d.<\/p>\n\n\n\n<p><\/p>\n\n\n\n<p><em>Toate fotografiile din articol au fost preluate de pe pagina de Facebook a <a href=\"https:\/\/www.facebook.com\/centrulculturaleminescu\/\">Centrului Cultural Mihai Eminescu<\/a>.<\/em><\/p>\n","protected":false},"excerpt":{"rendered":"<p>La finalul lunii mai, bucure\u0219tenii au dansat \u00een parcul Obor pe muzica mai multor arti\u0219ti cunoscu\u021bi din Rom\u00e2nia, cum ar fi Andra, Taraful de la Clejani sau Theo Rose. Evenimentul intitulat Festivalul Minorit\u0103\u021bilor a fost organizat de Prim\u0103ria Sectorului 2, prin Centrul Cultural Mihai Eminescu, \u0219i a durat patru zile. De\u0219i a costat, \u00een total, [&hellip;]<\/p>\n","protected":false},"author":6,"featured_media":43178,"comment_status":"closed","ping_status":"open","sticky":false,"template":"","format":"standard","meta":{"_acf_changed":false,"inline_featured_image":false,"ngg_post_thumbnail":0,"footnotes":""},"categories":[24],"tags":[234,4192,229],"ppma_author":[22588],"class_list":["post-43171","post","type-post","status-publish","format-standard","has-post-thumbnail","hentry","category-primarie","tag-achizitii-publice","tag-festivalul-minoritatilor","tag-sector-2"],"acf":[],"yoast_head":"<!-- This site is optimized with the Yoast SEO Premium plugin v25.3 (Yoast SEO v27.4) - https:\/\/yoast.com\/product\/yoast-seo-premium-wordpress\/ -->\n<title>Prim\u0103ria Sectorului 2 a organizat un eveniment cu peste jum\u0103tate de milion de lei. Achizi\u021biile nu sunt publice - Buletin de Bucure\u0219ti<\/title>\n<meta name=\"robots\" content=\"index, follow, max-snippet:-1, max-image-preview:large, max-video-preview:-1\" \/>\n<link rel=\"canonical\" href=\"https:\/\/buletin.de\/bucuresti\/primaria-sectorului-2-a-organizat-un-eveniment-cu-peste-jumatate-de-milion-de-lei-achizitiile-nu-sunt-publice\/\" \/>\n<meta property=\"og:locale\" content=\"en_GB\" \/>\n<meta property=\"og:type\" content=\"article\" \/>\n<meta property=\"og:title\" content=\"Prim\u0103ria Sectorului 2 a organizat un eveniment cu peste jum\u0103tate de milion de lei. Achizi\u021biile nu sunt publice\" \/>\n<meta property=\"og:description\" content=\"La finalul lunii mai, bucure\u0219tenii au dansat \u00een parcul Obor pe muzica mai multor arti\u0219ti cunoscu\u021bi din Rom\u00e2nia, cum ar fi Andra, Taraful de la Clejani sau Theo Rose. Evenimentul intitulat Festivalul Minorit\u0103\u021bilor a fost organizat de Prim\u0103ria Sectorului 2, prin Centrul Cultural Mihai Eminescu, \u0219i a durat patru zile. De\u0219i a costat, \u00een total, [&hellip;]\" \/>\n<meta property=\"og:url\" content=\"https:\/\/buletin.de\/bucuresti\/primaria-sectorului-2-a-organizat-un-eveniment-cu-peste-jumatate-de-milion-de-lei-achizitiile-nu-sunt-publice\/\" \/>\n<meta property=\"og:site_name\" content=\"Buletin de Bucure\u0219ti\" \/>\n<meta property=\"article:publisher\" content=\"https:\/\/www.facebook.com\/buletin.de.buc\" \/>\n<meta property=\"article:published_time\" content=\"2022-06-03T06:16:36+00:00\" \/>\n<meta property=\"article:modified_time\" content=\"2022-06-03T06:16:38+00:00\" \/>\n<meta property=\"og:image\" content=\"https:\/\/buletin.de\/bucuresti\/wp-content\/uploads\/283277327_955826205112356_9152327069950004885_n.jpg\" \/>\n\t<meta property=\"og:image:width\" content=\"2048\" \/>\n\t<meta property=\"og:image:height\" content=\"1558\" \/>\n\t<meta property=\"og:image:type\" content=\"image\/jpeg\" \/>\n<meta name=\"author\" content=\"Bianca Albu\" \/>\n<meta name=\"twitter:card\" content=\"summary_large_image\" \/>\n<meta name=\"twitter:label1\" content=\"Written by\" \/>\n\t<meta name=\"twitter:data1\" content=\"Bianca Albu\" \/>\n\t<meta name=\"twitter:label2\" content=\"Estimated reading time\" \/>\n\t<meta name=\"twitter:data2\" content=\"3 minutes\" \/>\n<script type=\"application\/ld+json\" class=\"yoast-schema-graph\">{\"@context\":\"https:\\\/\\\/schema.org\",\"@graph\":[{\"@type\":\"Article\",\"@id\":\"https:\\\/\\\/buletin.de\\\/bucuresti\\\/primaria-sectorului-2-a-organizat-un-eveniment-cu-peste-jumatate-de-milion-de-lei-achizitiile-nu-sunt-publice\\\/#article\",\"isPartOf\":{\"@id\":\"https:\\\/\\\/buletin.de\\\/bucuresti\\\/primaria-sectorului-2-a-organizat-un-eveniment-cu-peste-jumatate-de-milion-de-lei-achizitiile-nu-sunt-publice\\\/\"},\"author\":{\"name\":\"Bianca Albu\",\"@id\":\"https:\\\/\\\/buletin.de\\\/bucuresti\\\/#\\\/schema\\\/person\\\/295dc2228d2dc79294d636619468dc7f\"},\"headline\":\"Prim\u0103ria Sectorului 2 a organizat un eveniment cu peste jum\u0103tate de milion de lei. Achizi\u021biile nu sunt publice\",\"datePublished\":\"2022-06-03T06:16:36+00:00\",\"dateModified\":\"2022-06-03T06:16:38+00:00\",\"mainEntityOfPage\":{\"@id\":\"https:\\\/\\\/buletin.de\\\/bucuresti\\\/primaria-sectorului-2-a-organizat-un-eveniment-cu-peste-jumatate-de-milion-de-lei-achizitiile-nu-sunt-publice\\\/\"},\"wordCount\":415,\"publisher\":{\"@id\":\"https:\\\/\\\/buletin.de\\\/bucuresti\\\/#organization\"},\"image\":{\"@id\":\"https:\\\/\\\/buletin.de\\\/bucuresti\\\/primaria-sectorului-2-a-organizat-un-eveniment-cu-peste-jumatate-de-milion-de-lei-achizitiile-nu-sunt-publice\\\/#primaryimage\"},\"thumbnailUrl\":\"https:\\\/\\\/buletin.de\\\/bucuresti\\\/wp-content\\\/uploads\\\/283277327_955826205112356_9152327069950004885_n.jpg\",\"keywords\":[\"achizitii publice\",\"festivalul minoritatilor\",\"Sector 2\"],\"articleSection\":[\"Prim\u0103rie\"],\"inLanguage\":\"en-GB\",\"copyrightYear\":\"2022\",\"copyrightHolder\":{\"@id\":\"https:\\\/\\\/buletin.de\\\/bucuresti\\\/#organization\"}},{\"@type\":\"WebPage\",\"@id\":\"https:\\\/\\\/buletin.de\\\/bucuresti\\\/primaria-sectorului-2-a-organizat-un-eveniment-cu-peste-jumatate-de-milion-de-lei-achizitiile-nu-sunt-publice\\\/\",\"url\":\"https:\\\/\\\/buletin.de\\\/bucuresti\\\/primaria-sectorului-2-a-organizat-un-eveniment-cu-peste-jumatate-de-milion-de-lei-achizitiile-nu-sunt-publice\\\/\",\"name\":\"Prim\u0103ria Sectorului 2 a organizat un eveniment cu peste jum\u0103tate de milion de lei. Achizi\u021biile nu sunt publice - Buletin de Bucure\u0219ti\",\"isPartOf\":{\"@id\":\"https:\\\/\\\/buletin.de\\\/bucuresti\\\/#website\"},\"primaryImageOfPage\":{\"@id\":\"https:\\\/\\\/buletin.de\\\/bucuresti\\\/primaria-sectorului-2-a-organizat-un-eveniment-cu-peste-jumatate-de-milion-de-lei-achizitiile-nu-sunt-publice\\\/#primaryimage\"},\"image\":{\"@id\":\"https:\\\/\\\/buletin.de\\\/bucuresti\\\/primaria-sectorului-2-a-organizat-un-eveniment-cu-peste-jumatate-de-milion-de-lei-achizitiile-nu-sunt-publice\\\/#primaryimage\"},\"thumbnailUrl\":\"https:\\\/\\\/buletin.de\\\/bucuresti\\\/wp-content\\\/uploads\\\/283277327_955826205112356_9152327069950004885_n.jpg\",\"datePublished\":\"2022-06-03T06:16:36+00:00\",\"dateModified\":\"2022-06-03T06:16:38+00:00\",\"breadcrumb\":{\"@id\":\"https:\\\/\\\/buletin.de\\\/bucuresti\\\/primaria-sectorului-2-a-organizat-un-eveniment-cu-peste-jumatate-de-milion-de-lei-achizitiile-nu-sunt-publice\\\/#breadcrumb\"},\"inLanguage\":\"en-GB\",\"potentialAction\":[{\"@type\":\"ReadAction\",\"target\":[\"https:\\\/\\\/buletin.de\\\/bucuresti\\\/primaria-sectorului-2-a-organizat-un-eveniment-cu-peste-jumatate-de-milion-de-lei-achizitiile-nu-sunt-publice\\\/\"]}]},{\"@type\":\"ImageObject\",\"inLanguage\":\"en-GB\",\"@id\":\"https:\\\/\\\/buletin.de\\\/bucuresti\\\/primaria-sectorului-2-a-organizat-un-eveniment-cu-peste-jumatate-de-milion-de-lei-achizitiile-nu-sunt-publice\\\/#primaryimage\",\"url\":\"https:\\\/\\\/buletin.de\\\/bucuresti\\\/wp-content\\\/uploads\\\/283277327_955826205112356_9152327069950004885_n.jpg\",\"contentUrl\":\"https:\\\/\\\/buletin.de\\\/bucuresti\\\/wp-content\\\/uploads\\\/283277327_955826205112356_9152327069950004885_n.jpg\",\"width\":2048,\"height\":1558},{\"@type\":\"BreadcrumbList\",\"@id\":\"https:\\\/\\\/buletin.de\\\/bucuresti\\\/primaria-sectorului-2-a-organizat-un-eveniment-cu-peste-jumatate-de-milion-de-lei-achizitiile-nu-sunt-publice\\\/#breadcrumb\",\"itemListElement\":[{\"@type\":\"ListItem\",\"position\":1,\"name\":\"Acas\u0103\",\"item\":\"https:\\\/\\\/buletin.de\\\/bucuresti\\\/\"},{\"@type\":\"ListItem\",\"position\":2,\"name\":\"Prim\u0103ria Sectorului 2 a organizat un eveniment cu peste jum\u0103tate de milion de lei. Achizi\u021biile nu sunt publice\"}]},{\"@type\":\"WebSite\",\"@id\":\"https:\\\/\\\/buletin.de\\\/bucuresti\\\/#website\",\"url\":\"https:\\\/\\\/buletin.de\\\/bucuresti\\\/\",\"name\":\"Buletin de Bucure\u0219ti\",\"description\":\"\u0218tiri \u0219i investiga\u021bii esen\u021biale din capital\u0103\",\"publisher\":{\"@id\":\"https:\\\/\\\/buletin.de\\\/bucuresti\\\/#organization\"},\"potentialAction\":[{\"@type\":\"SearchAction\",\"target\":{\"@type\":\"EntryPoint\",\"urlTemplate\":\"https:\\\/\\\/buletin.de\\\/bucuresti\\\/?s={search_term_string}\"},\"query-input\":{\"@type\":\"PropertyValueSpecification\",\"valueRequired\":true,\"valueName\":\"search_term_string\"}}],\"inLanguage\":\"en-GB\"},{\"@type\":\"Organization\",\"@id\":\"https:\\\/\\\/buletin.de\\\/bucuresti\\\/#organization\",\"name\":\"Buletin de Bucure\u0219ti\",\"url\":\"https:\\\/\\\/buletin.de\\\/bucuresti\\\/\",\"logo\":{\"@type\":\"ImageObject\",\"inLanguage\":\"en-GB\",\"@id\":\"https:\\\/\\\/buletin.de\\\/bucuresti\\\/#\\\/schema\\\/logo\\\/image\\\/\",\"url\":\"https:\\\/\\\/buletin.de\\\/bucuresti\\\/wp-content\\\/uploads\\\/logo-bdb-full-wide-vernil-transparent.png\",\"contentUrl\":\"https:\\\/\\\/buletin.de\\\/bucuresti\\\/wp-content\\\/uploads\\\/logo-bdb-full-wide-vernil-transparent.png\",\"width\":1782,\"height\":626,\"caption\":\"Buletin de Bucure\u0219ti\"},\"image\":{\"@id\":\"https:\\\/\\\/buletin.de\\\/bucuresti\\\/#\\\/schema\\\/logo\\\/image\\\/\"},\"sameAs\":[\"https:\\\/\\\/www.facebook.com\\\/buletin.de.buc\",\"https:\\\/\\\/www.instagram.com\\\/buletinde.bucuresti\\\/\"]},{\"@type\":\"Person\",\"@id\":\"https:\\\/\\\/buletin.de\\\/bucuresti\\\/#\\\/schema\\\/person\\\/295dc2228d2dc79294d636619468dc7f\",\"name\":\"Bianca Albu\",\"image\":{\"@type\":\"ImageObject\",\"inLanguage\":\"en-GB\",\"@id\":\"https:\\\/\\\/secure.gravatar.com\\\/avatar\\\/3df2e34e20f529e6fd7be4311ee1f7c4ec4aa886971590baf6fa214b15743516?s=96&d=monsterid&r=gf541c715eeec409ce8101252a3c0d8a7\",\"url\":\"https:\\\/\\\/secure.gravatar.com\\\/avatar\\\/3df2e34e20f529e6fd7be4311ee1f7c4ec4aa886971590baf6fa214b15743516?s=96&d=monsterid&r=g\",\"contentUrl\":\"https:\\\/\\\/secure.gravatar.com\\\/avatar\\\/3df2e34e20f529e6fd7be4311ee1f7c4ec4aa886971590baf6fa214b15743516?s=96&d=monsterid&r=g\",\"caption\":\"Bianca Albu\"},\"description\":\"Reporter\",\"url\":\"https:\\\/\\\/buletin.de\\\/bucuresti\\\/author\\\/biancaalbu\\\/\"}]}<\/script>\n<!-- \/ Yoast SEO Premium plugin. -->","yoast_head_json":{"title":"Prim\u0103ria Sectorului 2 a organizat un eveniment cu peste jum\u0103tate de milion de lei. Achizi\u021biile nu sunt publice - Buletin de Bucure\u0219ti","robots":{"index":"index","follow":"follow","max-snippet":"max-snippet:-1","max-image-preview":"max-image-preview:large","max-video-preview":"max-video-preview:-1"},"canonical":"https:\/\/buletin.de\/bucuresti\/primaria-sectorului-2-a-organizat-un-eveniment-cu-peste-jumatate-de-milion-de-lei-achizitiile-nu-sunt-publice\/","og_locale":"en_GB","og_type":"article","og_title":"Prim\u0103ria Sectorului 2 a organizat un eveniment cu peste jum\u0103tate de milion de lei. Achizi\u021biile nu sunt publice","og_description":"La finalul lunii mai, bucure\u0219tenii au dansat \u00een parcul Obor pe muzica mai multor arti\u0219ti cunoscu\u021bi din Rom\u00e2nia, cum ar fi Andra, Taraful de la Clejani sau Theo Rose. Evenimentul intitulat Festivalul Minorit\u0103\u021bilor a fost organizat de Prim\u0103ria Sectorului 2, prin Centrul Cultural Mihai Eminescu, \u0219i a durat patru zile. De\u0219i a costat, \u00een total, [&hellip;]","og_url":"https:\/\/buletin.de\/bucuresti\/primaria-sectorului-2-a-organizat-un-eveniment-cu-peste-jumatate-de-milion-de-lei-achizitiile-nu-sunt-publice\/","og_site_name":"Buletin de Bucure\u0219ti","article_publisher":"https:\/\/www.facebook.com\/buletin.de.buc","article_published_time":"2022-06-03T06:16:36+00:00","article_modified_time":"2022-06-03T06:16:38+00:00","og_image":[{"width":2048,"height":1558,"url":"https:\/\/buletin.de\/bucuresti\/wp-content\/uploads\/283277327_955826205112356_9152327069950004885_n.jpg","type":"image\/jpeg"}],"author":"Bianca Albu","twitter_card":"summary_large_image","twitter_misc":{"Written by":"Bianca Albu","Estimated reading time":"3 minutes"},"schema":{"@context":"https:\/\/schema.org","@graph":[{"@type":"Article","@id":"https:\/\/buletin.de\/bucuresti\/primaria-sectorului-2-a-organizat-un-eveniment-cu-peste-jumatate-de-milion-de-lei-achizitiile-nu-sunt-publice\/#article","isPartOf":{"@id":"https:\/\/buletin.de\/bucuresti\/primaria-sectorului-2-a-organizat-un-eveniment-cu-peste-jumatate-de-milion-de-lei-achizitiile-nu-sunt-publice\/"},"author":{"name":"Bianca Albu","@id":"https:\/\/buletin.de\/bucuresti\/#\/schema\/person\/295dc2228d2dc79294d636619468dc7f"},"headline":"Prim\u0103ria Sectorului 2 a organizat un eveniment cu peste jum\u0103tate de milion de lei. Achizi\u021biile nu sunt publice","datePublished":"2022-06-03T06:16:36+00:00","dateModified":"2022-06-03T06:16:38+00:00","mainEntityOfPage":{"@id":"https:\/\/buletin.de\/bucuresti\/primaria-sectorului-2-a-organizat-un-eveniment-cu-peste-jumatate-de-milion-de-lei-achizitiile-nu-sunt-publice\/"},"wordCount":415,"publisher":{"@id":"https:\/\/buletin.de\/bucuresti\/#organization"},"image":{"@id":"https:\/\/buletin.de\/bucuresti\/primaria-sectorului-2-a-organizat-un-eveniment-cu-peste-jumatate-de-milion-de-lei-achizitiile-nu-sunt-publice\/#primaryimage"},"thumbnailUrl":"https:\/\/buletin.de\/bucuresti\/wp-content\/uploads\/283277327_955826205112356_9152327069950004885_n.jpg","keywords":["achizitii publice","festivalul minoritatilor","Sector 2"],"articleSection":["Prim\u0103rie"],"inLanguage":"en-GB","copyrightYear":"2022","copyrightHolder":{"@id":"https:\/\/buletin.de\/bucuresti\/#organization"}},{"@type":"WebPage","@id":"https:\/\/buletin.de\/bucuresti\/primaria-sectorului-2-a-organizat-un-eveniment-cu-peste-jumatate-de-milion-de-lei-achizitiile-nu-sunt-publice\/","url":"https:\/\/buletin.de\/bucuresti\/primaria-sectorului-2-a-organizat-un-eveniment-cu-peste-jumatate-de-milion-de-lei-achizitiile-nu-sunt-publice\/","name":"Prim\u0103ria Sectorului 2 a organizat un eveniment cu peste jum\u0103tate de milion de lei. Achizi\u021biile nu sunt publice - Buletin de Bucure\u0219ti","isPartOf":{"@id":"https:\/\/buletin.de\/bucuresti\/#website"},"primaryImageOfPage":{"@id":"https:\/\/buletin.de\/bucuresti\/primaria-sectorului-2-a-organizat-un-eveniment-cu-peste-jumatate-de-milion-de-lei-achizitiile-nu-sunt-publice\/#primaryimage"},"image":{"@id":"https:\/\/buletin.de\/bucuresti\/primaria-sectorului-2-a-organizat-un-eveniment-cu-peste-jumatate-de-milion-de-lei-achizitiile-nu-sunt-publice\/#primaryimage"},"thumbnailUrl":"https:\/\/buletin.de\/bucuresti\/wp-content\/uploads\/283277327_955826205112356_9152327069950004885_n.jpg","datePublished":"2022-06-03T06:16:36+00:00","dateModified":"2022-06-03T06:16:38+00:00","breadcrumb":{"@id":"https:\/\/buletin.de\/bucuresti\/primaria-sectorului-2-a-organizat-un-eveniment-cu-peste-jumatate-de-milion-de-lei-achizitiile-nu-sunt-publice\/#breadcrumb"},"inLanguage":"en-GB","potentialAction":[{"@type":"ReadAction","target":["https:\/\/buletin.de\/bucuresti\/primaria-sectorului-2-a-organizat-un-eveniment-cu-peste-jumatate-de-milion-de-lei-achizitiile-nu-sunt-publice\/"]}]},{"@type":"ImageObject","inLanguage":"en-GB","@id":"https:\/\/buletin.de\/bucuresti\/primaria-sectorului-2-a-organizat-un-eveniment-cu-peste-jumatate-de-milion-de-lei-achizitiile-nu-sunt-publice\/#primaryimage","url":"https:\/\/buletin.de\/bucuresti\/wp-content\/uploads\/283277327_955826205112356_9152327069950004885_n.jpg","contentUrl":"https:\/\/buletin.de\/bucuresti\/wp-content\/uploads\/283277327_955826205112356_9152327069950004885_n.jpg","width":2048,"height":1558},{"@type":"BreadcrumbList","@id":"https:\/\/buletin.de\/bucuresti\/primaria-sectorului-2-a-organizat-un-eveniment-cu-peste-jumatate-de-milion-de-lei-achizitiile-nu-sunt-publice\/#breadcrumb","itemListElement":[{"@type":"ListItem","position":1,"name":"Acas\u0103","item":"https:\/\/buletin.de\/bucuresti\/"},{"@type":"ListItem","position":2,"name":"Prim\u0103ria Sectorului 2 a organizat un eveniment cu peste jum\u0103tate de milion de lei. Achizi\u021biile nu sunt publice"}]},{"@type":"WebSite","@id":"https:\/\/buletin.de\/bucuresti\/#website","url":"https:\/\/buletin.de\/bucuresti\/","name":"Buletin de Bucure\u0219ti","description":"\u0218tiri \u0219i investiga\u021bii esen\u021biale din capital\u0103","publisher":{"@id":"https:\/\/buletin.de\/bucuresti\/#organization"},"potentialAction":[{"@type":"SearchAction","target":{"@type":"EntryPoint","urlTemplate":"https:\/\/buletin.de\/bucuresti\/?s={search_term_string}"},"query-input":{"@type":"PropertyValueSpecification","valueRequired":true,"valueName":"search_term_string"}}],"inLanguage":"en-GB"},{"@type":"Organization","@id":"https:\/\/buletin.de\/bucuresti\/#organization","name":"Buletin de Bucure\u0219ti","url":"https:\/\/buletin.de\/bucuresti\/","logo":{"@type":"ImageObject","inLanguage":"en-GB","@id":"https:\/\/buletin.de\/bucuresti\/#\/schema\/logo\/image\/","url":"https:\/\/buletin.de\/bucuresti\/wp-content\/uploads\/logo-bdb-full-wide-vernil-transparent.png","contentUrl":"https:\/\/buletin.de\/bucuresti\/wp-content\/uploads\/logo-bdb-full-wide-vernil-transparent.png","width":1782,"height":626,"caption":"Buletin de Bucure\u0219ti"},"image":{"@id":"https:\/\/buletin.de\/bucuresti\/#\/schema\/logo\/image\/"},"sameAs":["https:\/\/www.facebook.com\/buletin.de.buc","https:\/\/www.instagram.com\/buletinde.bucuresti\/"]},{"@type":"Person","@id":"https:\/\/buletin.de\/bucuresti\/#\/schema\/person\/295dc2228d2dc79294d636619468dc7f","name":"Bianca Albu","image":{"@type":"ImageObject","inLanguage":"en-GB","@id":"https:\/\/secure.gravatar.com\/avatar\/3df2e34e20f529e6fd7be4311ee1f7c4ec4aa886971590baf6fa214b15743516?s=96&d=monsterid&r=gf541c715eeec409ce8101252a3c0d8a7","url":"https:\/\/secure.gravatar.com\/avatar\/3df2e34e20f529e6fd7be4311ee1f7c4ec4aa886971590baf6fa214b15743516?s=96&d=monsterid&r=g","contentUrl":"https:\/\/secure.gravatar.com\/avatar\/3df2e34e20f529e6fd7be4311ee1f7c4ec4aa886971590baf6fa214b15743516?s=96&d=monsterid&r=g","caption":"Bianca Albu"},"description":"Reporter","url":"https:\/\/buletin.de\/bucuresti\/author\/biancaalbu\/"}]}},"authors":[{"term_id":22588,"user_id":6,"is_guest":0,"slug":"biancaalbu","display_name":"Bianca Albu","avatar_url":"https:\/\/secure.gravatar.com\/avatar\/3df2e34e20f529e6fd7be4311ee1f7c4ec4aa886971590baf6fa214b15743516?s=96&d=monsterid&r=g","0":null,"1":"","2":"","3":"","4":"","5":"","6":"","7":"","8":""}],"_links":{"self":[{"href":"https:\/\/buletin.de\/bucuresti\/wp-json\/wp\/v2\/posts\/43171","targetHints":{"allow":["GET"]}}],"collection":[{"href":"https:\/\/buletin.de\/bucuresti\/wp-json\/wp\/v2\/posts"}],"about":[{"href":"https:\/\/buletin.de\/bucuresti\/wp-json\/wp\/v2\/types\/post"}],"author":[{"embeddable":true,"href":"https:\/\/buletin.de\/bucuresti\/wp-json\/wp\/v2\/users\/6"}],"replies":[{"embeddable":true,"href":"https:\/\/buletin.de\/bucuresti\/wp-json\/wp\/v2\/comments?post=43171"}],"version-history":[{"count":2,"href":"https:\/\/buletin.de\/bucuresti\/wp-json\/wp\/v2\/posts\/43171\/revisions"}],"predecessor-version":[{"id":43179,"href":"https:\/\/buletin.de\/bucuresti\/wp-json\/wp\/v2\/posts\/43171\/revisions\/43179"}],"wp:featuredmedia":[{"embeddable":true,"href":"https:\/\/buletin.de\/bucuresti\/wp-json\/wp\/v2\/media\/43178"}],"wp:attachment":[{"href":"https:\/\/buletin.de\/bucuresti\/wp-json\/wp\/v2\/media?parent=43171"}],"wp:term":[{"taxonomy":"category","embeddable":true,"href":"https:\/\/buletin.de\/bucuresti\/wp-json\/wp\/v2\/categories?post=43171"},{"taxonomy":"post_tag","embeddable":true,"href":"https:\/\/buletin.de\/bucuresti\/wp-json\/wp\/v2\/tags?post=43171"},{"taxonomy":"author","embeddable":true,"href":"https:\/\/buletin.de\/bucuresti\/wp-json\/wp\/v2\/ppma_author?post=43171"}],"curies":[{"name":"wp","href":"https:\/\/api.w.org\/{rel}","templated":true}]}}