{"id":43117,"date":"2022-05-31T11:57:36","date_gmt":"2022-05-31T09:57:36","guid":{"rendered":"https:\/\/buletin.de\/bucuresti\/?p=43117"},"modified":"2022-05-31T11:58:02","modified_gmt":"2022-05-31T09:58:02","slug":"transportul-public-de-noapte-in-capitala-reorganizat","status":"publish","type":"post","link":"https:\/\/buletin.de\/bucuresti\/transportul-public-de-noapte-in-capitala-reorganizat\/","title":{"rendered":"Transportul public de noapte \u00een Capital\u0103, reorganizat"},"content":{"rendered":"\n<p>Prim\u0103ria Capitalei, prin Asocia\u021bia de Dezvoltare Intercomunitar\u0103 pentru Transport Public Bucure\u0219ti \u2013 Ilfov (TPBI), \u00eempreun\u0103 cu Societatea de Transport Bucure\u0219ti \u2013 STB SA, reorganizeaz\u0103 re\u021beaua de transport public de noapte \u00eencep\u00e2nd cu data 1 iunie, ora 22.30.  Traseele \u0219i programul de circula\u021bie vor fi adaptate la cererea de transport actual\u0103. Astfel, noile trasee ale liniilor de noapte vor oferi leg\u0103turi directe \u0219i rapide \u00eentre Pia\u021ba Unirii \u0219i cartierele Capitalei, asigurate de vehicule dotate cu sisteme de supraveghere video. Utilizatorii acestor trasee vor beneficia de mai multe facilit\u0103\u021bi, cum ar fi un program de circula\u021bie stabil, cu ore fixe de plecare de la capetele de linie \u0219i posibilitatea de a achita costul c\u0103l\u0103toriei cu cardul bancar contactless direct la validator. De asemenea, pot fi utilizate automatele de v\u00e2nzare \u0219i op\u021biunile de plat\u0103 prin intermediul telefonului mobil: SMS \u0219i aplica\u021bia mobil\u0103 24 Pay.<\/p>\n\n\n\n<p>Noul program de circula\u021bie al liniilor de noapte va asigura o frecven\u021b\u0103 de circula\u021bie de <strong>30 de minute<\/strong> \u00een prima \u0219i ultima parte a nop\u021bii (\u00eentre <strong>orele 22.30-01.00 <\/strong>\u0219i <strong>04.00-05.00<\/strong><strong>)<\/strong> \u0219i la un interval de <strong>60 de minute<\/strong> \u00een perioada cu cerere redus\u0103 de transport, adic\u0103 \u00eentre orele <strong>01.00-04.00<\/strong>.<\/p>\n\n\n\n<p>Trei linii vor fi modificate astfel \u00eenc\u00e2t s\u0103 acopere <strong>zone care nu beneficiau p\u00e2n\u0103 acum<\/strong> de serviciul de transport de noapte: <strong>Bd. Ghencea &#8211; Valea Oltului (linia N101), Bd. Lacul Tei &#8211; Fundeni (linia N103) \u0219i Bd. Ion Mihalache &#8211; \u0218os. Chitilei (linia N113).<\/strong><\/p>\n\n\n\n<p>O alt\u0103 noutate pe care o aduce reorganizarea traseelor de noapte este aceea c\u0103 <strong>at\u00e2t urcarea, c\u00e2t \u0219i cobor\u00e2rea pasagerilor se va face <\/strong><strong>numai<\/strong><strong> pe la prima u\u0219\u0103 a vehiculului<\/strong>, iar autobuzele vor opri \u00een sta\u021bii numai la cererea c\u0103l\u0103torilor. Astfel, dac\u0103 \u00eentr-o sta\u021bie exist\u0103 c\u0103l\u0103tori, autobuzul va efectua oprirea. Pasagerii care doresc s\u0103 coboare, trebuie <strong>s\u0103 apese pe butonul \u201eStop\u201d<\/strong>, aflat pe barele din interiorul autobuzelor.<\/p>\n\n\n\n<p>Tariful pentru o c\u0103l\u0103torie de 90 de minute este la fel ca \u0219i cel de pe liniile de zi, \u0219i anume <strong>3 lei<\/strong>. De asemenea, abonamentele, sumele \u00eenc\u0103rcate \u00een portofelul electronic \u0219i c\u0103l\u0103toriile \u00eenc\u0103rcate pe cardurile de transport sunt valabile \u0219i pe liniile de noapte.<\/p>\n\n\n\n<p>A\u0219adar, \u00eencep\u00e2nd cu data de 01\/02.06.2022, liniile de noapte de pe raza Municipiului Bucure\u0219ti vor func\u021biona astfel:<\/p>\n\n\n\n<p><strong>Liniile N104, N107, N109, N111, N114 \u0219i 783 <\/strong>de noaptevor func\u021biona pe acelea\u0219i trasee ca \u0219i p\u00e2n\u0103 acum.<\/p>\n\n\n\n<p><strong>Liniile N120, N121, N122, N123, N124, N125, N610<\/strong>,precum \u0219i<strong> linia de tramvai 1 de noapte <\/strong>vor fi desfiin\u021bate.<\/p>\n\n\n\n<p>Vor fi \u00eenfiin\u021bate liniile de autobuz <strong>N1 \u0219i N10<\/strong>, cu urm\u0103toarele trasee:<\/p>\n\n\n\n<p><strong>Linia N1 (Romprim \u2013 Banu Manta):<\/strong><\/p>\n\n\n\n<p>&#8211; pe sensul spre \u201eBanu Manta\u201d: terminal \u201eRomprim\u201d, \u0218os. Olteni\u021bei, Calea V\u0103c\u0103re\u0219ti, \u0218os. Mihai Bravu, \u0218os. \u0218tefan cel Mare, Bd. Iancu de Hunedoara, \u0218os. Nicolae Titulescu, sta\u021bia de tramvai \u201eBd. Banu Manta\u201d.<\/p>\n\n\n\n<p>Autobuzele vor circula pe calea de rulare a tramvaielor pe \u0218os. Olteni\u021bei, pe tronsonul cuprins \u00eentre terminal Romprim \u0219i Str. Lunca B\u00e2rze\u0219ti (comun cu linia 1);pe \u0218os. Mihai Bravu, pe tronsonul cuprins \u00eentre Calea Vitan \u0219i Str. Gheorghe Petra\u0219cu, precum \u0219i \u00eentre Str. Dumitru Iorgulescu \u0219i Bd. Ferdinand (comun cu liniile 135 \u0219i 330);pe \u0218os. \u0218tefan cel Mare (comun cu liniile 1 \u0219i 330);pe Bd. Iancu de Hunedoara (comun cu liniile 1 \u0219i 182);pe \u0218os. Nicolae Titulescu, pe tronsonul cuprins \u00eentre pasajul Victoria \u0219i sta\u021bia de tramvai \u201eBd. Banu Manta\u201d (comun cu linia 182).<\/p>\n\n\n\n<p>&#8211; pe sensul spre \u201eRomprim\u201d:sta\u021bia de tramvai \u201eBd. Banu Manta\u201d, \u0218os. Nicolae Titulescu, Calea Grivi\u021bei, Pia\u021ba G\u0103rii de Nord, Bd. Dinicu Golescu, \u0218os. Orhideelor, Bd. G-ral Vasile Milea, Bd. Timi\u0219oara, Str. Progresului, Str. Dr. C-tin. Istrate, \u0218os. Viilor, Pia\u021ba Eroii Revolu\u021biei, \u0218os. Olteni\u021bei, terminal \u201eRomprim\u201d.<\/p>\n\n\n\n<p>Autobuzele vor circula pe calea de rulare a tramvaielor pe \u0218os. Olteni\u021bei, pe tronsonul cuprins \u00eentre Pia\u021ba Eroii Revolu\u021biei \u0219i terminalul \u201eRomprim\u201d (comun cu linia 10);<\/p>\n\n\n\n<p><strong>Linia N10 (Romprim \u2013 Banu Manta):<\/strong><\/p>\n\n\n\n<p>&#8211; pe sensul spre \u201eBanu Manta\u201d:terminal \u201eRomprim\u201d, \u0218os. Olteni\u021bei, Pia\u021ba Eroii Revolu\u021biei, \u0218os. Viilor, Str. Dr. C-tin. Istrate, Str. Progresului, Str. R\u0103zoare, \u0218os. Panduri, Bd. Geniului, Bd. Timi\u0219oara, Bd. G-ral Vasile Milea, \u0218os. Orhideelor, Bd. Dinicu Golescu, Pia\u021ba G\u0103rii de Nord, Calea Grivi\u021bei, \u0218os. Nicolae Titulescu, sta\u021bia de tramvai \u201eBd. Banu Manta\u201d.<\/p>\n\n\n\n<p>Autobuzele vor circula pe calea de rulare a tramvaielor pe \u0218os. Olteni\u021bei, pe tronsonul cuprins \u00eentre terminalul \u201eRomprim\u201d \u0219i Str. \u0218ura Mare (comun cu linia 10).<\/p>\n\n\n\n<p>&#8211; pe sensul spre \u201eRomprim\u201d:sta\u021bia de tramvai \u201eBd. Banu Manta\u201d, \u0218os. Nicolae Titulescu, Bd. Iancu de Hunedoara, \u0218os. \u0218tefan cel Mare, \u0218os. Mihai Bravu, Calea V\u0103c\u0103re\u0219ti, \u0218os. Olteni\u021bei, terminal \u201eRomprim\u201d.<\/p>\n\n\n\n<p>Autobuzele vor circula pe calea de rulare a tramvaielor pe \u0218os. Nicolae Titulescu, pe tronsonul cuprins \u00eentre sta\u021bia de tramvai \u201eBd. Banu Manta\u201d \u0219i pasajul Victoria (comun cu linia 1); pe Bd. Iancu de Hunedoara (comun cu liniile 1 \u0219i 182); pe \u0218os. \u0218tefan cel Mare (comun cu liniile 1 \u0219i 330); pe \u0218os. Mihai Bravu, pe tronsonul cuprins \u00eentre Bd. Ferdinand \u0219i sta\u021bia Mieilor (Pasajul Muncii), precum \u0219i \u00eentre Str. Gheorghe Petra\u0219cu \u0219i Calea Vitan (comun cu&nbsp; liniile 135 si 330); pe \u0218os. Olteni\u021bei pe tronsonul cuprins \u00eentre Str. Lunca B\u00e2rze\u0219ti \u0219i terminal Romprim.<\/p>\n\n\n\n<p><strong>Liniile N101, N102, N103, N105, N106, N108, N110, N112, N113, N115, N116, N117, N118<\/strong> \u0219i<strong> N119 <\/strong>vor fi modificate dup\u0103 cum urmeaz\u0103:<\/p>\n\n\n\n<p><strong>Linia N101 <\/strong>va func\u021biona <strong>\u00eentre Pia\u021ba Unirii 2<\/strong> <strong>\u0219i<\/strong> <strong>Valea Oltului<\/strong> pe traseul:<\/p>\n\n\n\n<p>&#8211; pe sensul spre \u201eValea Oltului\u201d: sta\u021bia \u201ePia\u021ba Unirii 2\u201d, rond Pia\u021ba Unirii, Bd. Unirii, Bd. Libert\u0103\u021bii, Calea 13 Septembrie, Bd. Ghencea, Prelungirea Ghencea, Str. Valea Oltului, terminal \u201eValea Oltului\u201f;<\/p>\n\n\n\n<p>&#8211; pe sensul spre \u201ePia\u021ba Unirii 2\u201d: terminal \u201eValea Oltului\u201f, Str. Valea Oltului, Prelungirea Ghencea, Bd. Ghencea, Calea 13 Septembrie, Bd. Libert\u0103\u021bii, Bd. Unirii, rond Pia\u021ba Unirii, sta\u021bia \u201ePia\u021ba Unirii 2\u201d.<\/p>\n\n\n\n<p><strong>Linia N102 <\/strong>va func\u021biona \u00eentre<strong> Pia\u021ba Unirii 2 \u0219i<\/strong> <strong>Granitul <\/strong>pe traseul:<\/p>\n\n\n\n<p>&#8211; pe sensul spre \u201eGranitul\u201d: sta\u021bia \u201ePia\u021ba Unirii 2\u201d, rond Pia\u021ba Unirii, Bd. I. C. Br\u0103tianu, Pia\u021ba Universit\u0103\u021bii, Bd. Carol I, Bd. Pache Protopopescu, \u0218os. Iancului, \u0218os. Pantelimon, terminal \u201eGranitul\u201d;<\/p>\n\n\n\n<p>&#8211; pe sensul spre \u201ePia\u021ba Unirii 2\u201d: terminal \u201eGranitul\u201d, \u0218os. Pantelimon, \u0218os. Iancului, Bd. Pache Protopopescu, Bd. Carol I, Pia\u021ba Universit\u0103\u021bii, Bd. I. C. Br\u0103tianu, rond Pia\u021ba Unirii, sta\u021bia \u201ePia\u021ba Unirii 2\u201d.<\/p>\n\n\n\n<p><strong>Linia N103 <\/strong>va func\u021biona<strong> \u00eentre Pia\u021ba Unirii 2 \u0219i Institutul Oncologic <\/strong>pe traseul:<\/p>\n\n\n\n<p>&#8211; pe sensul spre \u201eInstitutul Oncologic\u201d: sta\u021bia \u201ePia\u021ba Unirii 2\u201d, rond Pia\u021ba Unirii, Bd. Corneliu Coposu, Str. M\u00e2ntuleasa, Str. Paleologu, Str. Armand C\u0103linescu, Str. Vasile Lasc\u0103r, Bd. Dacia, Str. Alecu Russo, Str. Tunari, Str. Barbu V\u0103c\u0103rescu, Bd. Lacul Tei, Str. Doamna Ghica, \u0218os. Colentina, \u0218os. Fundeni, bretele pasaj Fundeni, terminal \u201fInstitutul Oncologic\u201f;<\/p>\n\n\n\n<p>&#8211; pe sensul spre \u201ePia\u021ba Unirii 2\u201d: terminal \u201eInstitutul Oncologic\u201f, \u0218os. Fundeni, \u0218os. Colentina, Str. Doamna Ghica, Bd. Lacul Tei, Str. Barbu V\u0103c\u0103rescu, Str. Tunari, Str. Alecu Russo, Bd. Dacia, Str. Vasile Lasc\u0103r, Str. Armand C\u0103linescu, Str. Paleologu, Calea Mo\u0219ilor, Str. Sf\u00e2nta Vineri, Bd. Corneliu Coposu, rond Pia\u021ba Unirii, sta\u021bia \u201ePia\u021ba Unirii 2\u201d.<\/p>\n\n\n\n<p><strong>Linia N105<\/strong> va func\u021biona \u00eentre <strong>Pia\u021ba Unirii 4 \u0219i Vulcan Berceni<\/strong> pe traseul:<\/p>\n\n\n\n<p>&#8211; pe sensul spre \u201eVulcan Berceni\u201d: sta\u021bia \u201ePia\u021ba Unirii 4\u201d, Bd. I. C. Br\u0103tianu, rond Pia\u021ba Unirii, Bd. Dimitrie Cantemir, Bd. Tineretului, Cal. V\u0103c\u0103re\u0219ti, Pia\u021ba Sudului, Str. Ni\u021bu Vasile, Bd. Alexandru Obregia, Bd. Metalurgiei, Str. Dumitru Brum\u0103rescu, terminal \u201eVulcan Berceni\u201d;<\/p>\n\n\n\n<p>&#8211; pe sensul spre \u201ePia\u021ba Unirii 4\u201d: terminal \u201eVulcan Berceni\u201d, Str. Dumitru Brum\u0103rescu, Bd. Metalurgiei, Bd. Alexandru Obregia, Str. Ni\u021bu Vasile, Pia\u021ba Sudului, Calea V\u0103c\u0103re\u0219ti&nbsp; Bd. Tineretului, Bd. Dimitrie Cantemir, Bd. I. C. Br\u0103tianu, sta\u021bia \u201ePia\u021ba Unirii 4\u201d.<\/p>\n\n\n\n<p><strong>Linia N106 <\/strong>va func\u021biona \u00eentre <strong>Pia\u021ba Unirii 2 \u0219i<\/strong> <strong>Turnu M\u0103gurele<\/strong> pe traseul:<\/p>\n\n\n\n<p>&#8211; pe sensul spre \u201eTurnu M\u0103gurele\u201d: sta\u021bia \u201ePia\u021ba Unirii 2\u201d, rond Pia\u021ba Unirii, Bd. Corneliu Coposu, Str. Sf\u00e2nta Vineri, Bd. Mircea Vod\u0103, Pod Timpuri Noi, Calea V\u0103c\u0103re\u0219ti, \u0218oseaua Olteni\u021bei, Str. Ion Iriceanu, Str. Turnu M\u0103gurele, Bd. Alexandru Obregia, terminal\u201eTurnu M\u0103gurele\u201d;<\/p>\n\n\n\n<p>&#8211; pe sensul spre \u201ePia\u021ba Unirii 2\u201d<strong>: <\/strong>Bd. Alexandru Obregia, \u00eentoarcere la scuarul de la Str. Aliorului, Bd. Alexandru Obregia, Str. Turnu M\u0103gurele, Str. Ion Iriceanu, \u0218oseaua Olteni\u021bei, Calea V\u0103c\u0103re\u0219ti, Pod Timpuri Noi, Splaiul Unirii, Bd. Mircea Vod\u0103, Str. Sf\u00e2nta Vineri, Bd. Corneliu Coposu, rond Pia\u021ba Unirii, sta\u021bia \u201ePia\u021ba Unirii 2\u201d.<\/p>\n\n\n\n<p><strong>Linia N108 <\/strong>va func\u021biona \u00eentre <strong>Pia\u021ba Unirii 2 \u0219i<\/strong> <strong>Pasaj Colentina<\/strong> pe traseul:<\/p>\n\n\n\n<p>&#8211; pe sensul spre \u201ePasaj Colentina\u201d:sta\u021bia \u201ePia\u021ba Unirii 2\u201d, rond Pia\u021ba Unirii, Bd. I. C. Br\u0103tianu, Pia\u021ba Universit\u0103\u021bii, Bd. Carol I, Cal. Mo\u0219ilor, \u0218os. Colentina, terminal \u201ePasaj Colentina\u201d;<\/p>\n\n\n\n<p>&#8211; pe sensul spre \u201ePia\u021ba Unirii 2\u201d: terminal \u201ePasaj Colentina\u201d, \u0218os. Colentina, cu \u00eentoarcere pe bretelele Pasajului Colentina, \u0218os. Colentina, Cal. Mo\u0219ilor, Bd. Carol I, Pia\u021ba Universit\u0103\u021bii, Bd. I. C. Br\u0103tianu, rond Pia\u021ba Unirii, sta\u021bia \u201ePia\u021ba Unirii 2\u201d.<\/p>\n\n\n\n<p><strong>Linia N110 <\/strong>va func\u021biona <strong>\u00eentre Pia\u021ba Unirii 2 \u0219i Cartier 16 Februarie<\/strong> pe traseul:<\/p>\n\n\n\n<p>&#8211; pe sensul spre \u201eCartier 16 Februarie: sta\u021bia \u201ePia\u021ba Unirii 2\u201d, rond Pia\u021ba Unirii, Bd. I. C. Br\u0103tianu, Str. Halelor, Splaiul Independen\u021bei, Str. Petre Popov\u0103\u021b, Bd. Constructorilor, Calea Giule\u0219ti, terminal \u201eCartier 16 Februarie\u201d;<\/p>\n\n\n\n<p>&#8211; pe sensul spre \u201ePia\u021ba Unirii 2\u201d:terminal \u201eCartier 16 Februarie\u201d, Calea Giule\u0219ti, Bd. Constructorilor, \u0218os. Neagu Djuvara, \u0218os. Virtu\u021bii, Pasaj Ciurel, Splaiul Independen\u021bei, rond Pia\u021ba Unirii, sta\u021bia \u201ePia\u021ba Unirii 2\u201d.<\/p>\n\n\n\n<p><strong>Linia N112 <\/strong>va func\u021biona \u00eentre <strong>Pia\u021ba Unirii 4 \u0219i Pia\u021ba Re\u0219i\u021ba<\/strong> pe traseul:<\/p>\n\n\n\n<p>&#8211; pe sensul spre \u201ePia\u021ba Re\u0219i\u021ba\u201d:sta\u021bia \u201ePia\u021ba Unirii 4\u201d, rond Pia\u021ba Unirii, Bd. I. C. Br\u0103tianu, Str. Halelor, rond Pia\u021ba Unirii, Bd. Dimitrie Cantemir, Calea Serban Voda, Pia\u021ba Eroii Revolu\u021biei, \u0218os. Olteni\u021bei, Bd. Constantin Br\u00e2ncoveanu, Str. Izvorul Rece, Str. Re\u0219i\u021ba, terminal \u201ePia\u021ba Re\u0219i\u021ba\u201d;<\/p>\n\n\n\n<p>&#8211; pe sensul spre \u201ePia\u021ba Unirii 4\u201d: terminal \u201ePia\u021ba Re\u0219i\u021ba\u201d, Str. Re\u0219i\u021ba, Str. Izvorul Rece, Bd. Constantin Br\u00e2ncoveanu, \u0218os. Olteni\u021bei, Pia\u021ba Eroii Revolu\u021biei, Calea \u0218erban Vod\u0103, Bd. Dimitrie Cantemir, Bd. I. C. Br\u0103tianu, sta\u021bia \u201ePia\u021ba Unirii 4\u201d;<\/p>\n\n\n\n<p><strong>Linia N113 <\/strong>va func\u021biona \u00eentre <strong>Pia\u021ba Unirii 2 \u0219i Meze\u0219<\/strong> pe traseul:<\/p>\n\n\n\n<p><a><\/a> &#8211; pe sensul spre \u201eMeze\u0219\u201d:sta\u021bia \u201ePia\u021ba Unirii 2\u201d, rond Pia\u021ba Unirii, Bd. I. C. Br\u0103tianu, Bd. Nicolae B\u0103lcescu, Bd. Gheorghe Magheru, Bd. Lasc\u0103r Catargiu, Pia\u021ba Victoriei, Bd. Ion Mihalache, Calea Grivi\u021bei, \u0218os. Chitilei, terminal \u201eMeze\u0219\u201d;<\/p>\n\n\n\n<p>&#8211; pe sensul spre \u201ePia\u021ba Unirii 2\u201d: terminal \u201eMeze\u0219\u201d, \u0218os. Chitilei, Calea Grivi\u021bei, Str. Cl\u0103bucet, Bd. Ion Mihalache, Pia\u021ba Victoriei, Bd. Lasc\u0103r Catargiu, Bd. Gheorghe Magheru, Bd. Nicolae B\u0103lcescu, Bd. I. C. Br\u0103tianu, rond Pia\u021ba Unirii, sta\u021bia \u201ePia\u021ba Unirii 2\u201d.<\/p>\n\n\n\n<p><strong>Linia N115 <\/strong>va func\u021biona \u00eentre <strong>Pia\u021ba Unirii 2 \u0219i Grup \u0218colar Auto<\/strong> pe traseul:<\/p>\n\n\n\n<p>&#8211; pe sensul spre \u201eGrup \u0218colar Auto\u201d:\u201ePia\u021ba Unirii 2\u201d, Bd. I. C. Br\u0103tianu, Str. Halelor, Splaiul Independen\u021bei, \u0218os. Cotroceni, Bd. Iuliu Maniu, terminal \u201eGrup \u0218colar Auto\u201d;<\/p>\n\n\n\n<p>&#8211; pe sensul spre \u201ePia\u021ba Unirii 2\u201d: terminal \u201eGrup \u0218colar Auto\u201d, Bd. Iuliu Maniu, \u0218os. Cotroceni, Splaiul Independentei, rond Pia\u021ba Unirii, sta\u021bia \u201ePia\u021ba Unirii 2\u201d.<\/p>\n\n\n\n<p><strong>Linia N116 <\/strong>va func\u021biona \u00eentre <strong>Pia\u021ba Unirii 2 \u0219i Valea Ialomi\u021bei<\/strong> pe traseul:<\/p>\n\n\n\n<p>&#8211; pe sensul spre \u201eValea Ialomi\u021bei\u201d:sta\u021bia \u201ePia\u021ba Unirii 2\u201d, rond Pia\u021ba Unirii, Bd. I. C. Br\u0103tianu, Pia\u021ba Universit\u0103\u021bii, Bd. Regina Elisabeta, Bd. Mihail Kog\u0103lniceanu, Splaiul Independen\u021bei (malul st\u00e2ng), Bd. Eroilor, Str. Dr. Bagdasar, \u0218os. Panduri, Bd. Geniului, Drumul S\u0103rii, Drumul Taberei, Pia\u021ba Drumul Taberei, Drumul Taberei (ramura de nord), Str. Valea Ialomi\u021bei,terminal \u201eValea Ialomi\u021bei\u201d;<\/p>\n\n\n\n<p>&#8211; pe sensul spre \u201ePia\u021ba Unirii 2\u201d: terminal \u201eValea Ialomi\u021bei\u201d, Str. Valea Ialomi\u021bei, Drumul Taberei (ramura de nord), Pia\u021ba Drumul Taberei, Drumul Taberei, Drumul S\u0103rii, Str. R\u0103zoare, \u0218os. Panduri, Str. Dr. Rainer, Bd. Eroilor, Bd. Mihail Kog\u0103lniceanu, Bd. Regina Elisabeta, Pia\u021ba Universit\u0103\u021bii, Bd. I.C. Br\u0103tianu, rond Pia\u021ba Unirii, sta\u021bia \u201ePia\u021ba Unirii 2\u201d.<\/p>\n\n\n\n<p><strong>Linia N117 <\/strong>va func\u021biona \u00eentre <strong>Pia\u021ba Unirii 2 \u0219i Str\u0103ule\u0219ti<\/strong> pe traseul:<\/p>\n\n\n\n<p>&#8211; pe sensul spre \u201eStr\u0103ule\u0219ti\u201d: sta\u021bia \u201ePia\u021ba Unirii 2\u201d, rond Pia\u021ba Unirii, Bd. I. C. Br\u0103tianu, Bd. Nicolae B\u0103lcescu, Bd.&nbsp;G-ral Gheorghe Magheru, Pia\u021ba Roman\u0103, Bd. Dacia, Str. Mircea Vulc\u0103nescu, Str. G\u0103rii de Nord, Pia\u021ba G\u0103rii de Nord, Cal. Grivi\u021bei, Bd. Bucure\u0219tii Noi, terminal \u201eStr\u0103ule\u0219ti\u201d;<\/p>\n\n\n\n<p>&#8211; pe sensul spre \u201ePia\u021ba Unirii 2\u201d: Bd. Bucure\u0219tii Noi, Cal. Grivi\u021bei, Bd. Dacia, Pia\u021ba Roman\u0103, Bd. G-ral Gheorghe Magheru, Bd. Nicolae B\u0103lcescu, Bd. I.C. Br\u0103tianu, rond Pia\u021ba Unirii, sta\u021bia \u201ePia\u021ba Unirii 2\u201d.<\/p>\n\n\n\n<p><strong>Linia N118 <\/strong>va func\u021biona \u00eentre <strong>Pia\u021ba Unirii 2 \u0219i Ze\u021barilor<\/strong> pe traseul:<\/p>\n\n\n\n<p>&#8211; pe sensul spre \u201eZe\u021barilor\u201d: sta\u021bia \u201ePia\u021ba Unirii 2\u201d, rond Pia\u021ba Unirii, Bd. Regina Maria, Bd. George Co\u0219buc, Str. Odoarei, Str. N\u0103s\u0103ud, Cal. Ferentari, Prelungirea Ferentari, terminal \u201eZe\u021barilor\u201d;<\/p>\n\n\n\n<p>&#8211; pe sensul spre \u201ePia\u021ba Unirii 2\u201d: terminal \u201eZe\u021barilor\u201d, Prelungirea Ferentarilor, Cal. Ferentari, Str. N\u0103s\u0103ud, Str. Odoarei, Bd. George Co\u0219buc, Bd. Regina Maria, rond Pia\u021ba Unirii, sta\u021bia \u201ePia\u021ba Unirii 2\u201d.<\/p>\n\n\n\n<p><strong>Linia N119 <\/strong>va func\u021biona \u00eentre <strong>Pia\u021ba Unirii 2 \u0219i Complex Comercial B\u0103neasa<\/strong> pe traseul:<\/p>\n\n\n\n<p>&#8211; pe sensul spre \u201eComplex Comercial B\u0103neasa\u201f: sta\u021bia \u201ePia\u021ba Unirii 2\u201d, rond Pia\u021ba Unirii, Bd. I. C. Br\u0103tianu, Bd. Nicolae B\u0103lcescu, Bd. G-ral Gheorghe Magheru, Pia\u021ba Roman\u0103, Bd. Dacia, Cal. Doroban\u021bi, Str. Radu Beller, Bd. Mircea Eliade, Calea Floreasca, \u0218os. Pipera, Str. Cpt. Alexandru \u0218erb\u0103nescu, Bd. Aerog\u0103rii, \u0218os. Bucure\u0219ti-Ploie\u0219ti, Alee Complex Comercial B\u0103neasa, terminal \u201eComplex Comercial B\u0103neasa\u201f;<\/p>\n\n\n\n<p>&#8211; pe sensul spre \u201ePia\u021ba Unirii 2\u201d: terminal \u201eComplex Comercial B\u0103neasa\u201f, Alee Complex Comercial B\u0103neasa, \u0218os. Bucure\u0219ti-Ploie\u0219ti, Bd. Aerog\u0103rii, Str. Cpt. Alexandru \u0218erb\u0103nescu, \u0218os. Pipera, Calea Floreasca, Bd. Mircea Eliade,&nbsp; Str. Radu Beller, Cal. Doroban\u021bi, Bd. Dacia, Pia\u021ba Roman\u0103, Bd. G-ral Gheorghe Magheru, Bd. Nicolae B\u0103lcescu, Bd. I.C. Br\u0103tianu, rond Pia\u021ba Unirii, sta\u021bia \u201ePia\u021ba Unirii 2\u201d.<\/p>\n\n\n\n<p>Mai multe detalii, pe pagina TPBI: <a href=\"https:\/\/tpbi.ro\/linii-noapte\/\">https:\/\/tpbi.ro\/linii-noapte\/<\/a><\/p>\n\n\n\n<p><\/p>\n\n\n\n<figure class=\"wp-block-image size-large\"><img fetchpriority=\"high\" decoding=\"async\" width=\"900\" height=\"648\" src=\"data:image\/gif;base64,R0lGODlhAQABAAAAACH5BAEKAAEALAAAAAABAAEAAAICTAEAOw==\" data-src=\"https:\/\/buletin.de\/bucuresti\/wp-content\/uploads\/TRANSPORT-NOAPTE-1-900x648.jpg\" alt=\"\" class=\"wp-image-43119 lazyload\" data-sizes=\"auto\" data-srcset=\"https:\/\/buletin.de\/bucuresti\/wp-content\/uploads\/TRANSPORT-NOAPTE-1-900x648.jpg 900w, https:\/\/buletin.de\/bucuresti\/wp-content\/uploads\/TRANSPORT-NOAPTE-1-300x216.jpg 300w, https:\/\/buletin.de\/bucuresti\/wp-content\/uploads\/TRANSPORT-NOAPTE-1-768x553.jpg 768w, https:\/\/buletin.de\/bucuresti\/wp-content\/uploads\/TRANSPORT-NOAPTE-1-1536x1106.jpg 1536w, https:\/\/buletin.de\/bucuresti\/wp-content\/uploads\/TRANSPORT-NOAPTE-1-1060x763.jpg 1060w, https:\/\/buletin.de\/bucuresti\/wp-content\/uploads\/TRANSPORT-NOAPTE-1-550x396.jpg 550w, https:\/\/buletin.de\/bucuresti\/wp-content\/uploads\/TRANSPORT-NOAPTE-1-694x500.jpg 694w, https:\/\/buletin.de\/bucuresti\/wp-content\/uploads\/TRANSPORT-NOAPTE-1-1500x1080.jpg 1500w, https:\/\/buletin.de\/bucuresti\/wp-content\/uploads\/TRANSPORT-NOAPTE-1-600x432.jpg 600w, https:\/\/buletin.de\/bucuresti\/wp-content\/uploads\/TRANSPORT-NOAPTE-1.jpg 1600w\" sizes=\"(max-width: 900px) 100vw, 900px\" \/><\/figure>\n","protected":false},"excerpt":{"rendered":"<p>Prim\u0103ria Capitalei, prin Asocia\u021bia de Dezvoltare Intercomunitar\u0103 pentru Transport Public Bucure\u0219ti \u2013 Ilfov (TPBI), \u00eempreun\u0103 cu Societatea de Transport Bucure\u0219ti \u2013 STB SA, reorganizeaz\u0103 re\u021beaua de transport public de noapte \u00eencep\u00e2nd cu data 1 iunie, ora 22.30. Traseele \u0219i programul de circula\u021bie vor fi adaptate la cererea de transport actual\u0103. Astfel, noile trasee ale liniilor [&hellip;]<\/p>\n","protected":false},"author":18,"featured_media":43118,"comment_status":"closed","ping_status":"open","sticky":false,"template":"","format":"standard","meta":{"_acf_changed":false,"inline_featured_image":false,"ngg_post_thumbnail":0,"footnotes":""},"categories":[62],"tags":[4189,2873,4188],"ppma_author":[22579],"class_list":["post-43117","post","type-post","status-publish","format-standard","has-post-thumbnail","hentry","category-stiri","tag-bucurestu","tag-reorganizare","tag-transport-noapte"],"acf":[],"yoast_head":"<!-- This site is optimized with the Yoast SEO Premium plugin v25.3 (Yoast SEO v27.4) - https:\/\/yoast.com\/product\/yoast-seo-premium-wordpress\/ -->\n<title>Transportul public de noapte \u00een Capital\u0103, reorganizat - Buletin de Bucure\u0219ti<\/title>\n<meta name=\"robots\" content=\"index, follow, max-snippet:-1, max-image-preview:large, max-video-preview:-1\" \/>\n<link rel=\"canonical\" href=\"https:\/\/buletin.de\/bucuresti\/transportul-public-de-noapte-in-capitala-reorganizat\/\" \/>\n<meta property=\"og:locale\" content=\"en_GB\" \/>\n<meta property=\"og:type\" content=\"article\" \/>\n<meta property=\"og:title\" content=\"Transportul public de noapte \u00een Capital\u0103, reorganizat\" \/>\n<meta property=\"og:description\" content=\"Prim\u0103ria Capitalei, prin Asocia\u021bia de Dezvoltare Intercomunitar\u0103 pentru Transport Public Bucure\u0219ti \u2013 Ilfov (TPBI), \u00eempreun\u0103 cu Societatea de Transport Bucure\u0219ti \u2013 STB SA, reorganizeaz\u0103 re\u021beaua de transport public de noapte \u00eencep\u00e2nd cu data 1 iunie, ora 22.30. Traseele \u0219i programul de circula\u021bie vor fi adaptate la cererea de transport actual\u0103. Astfel, noile trasee ale liniilor [&hellip;]\" \/>\n<meta property=\"og:url\" content=\"https:\/\/buletin.de\/bucuresti\/transportul-public-de-noapte-in-capitala-reorganizat\/\" \/>\n<meta property=\"og:site_name\" content=\"Buletin de Bucure\u0219ti\" \/>\n<meta property=\"article:publisher\" content=\"https:\/\/www.facebook.com\/buletin.de.buc\" \/>\n<meta property=\"article:published_time\" content=\"2022-05-31T09:57:36+00:00\" \/>\n<meta property=\"article:modified_time\" content=\"2022-05-31T09:58:02+00:00\" \/>\n<meta property=\"og:image\" content=\"https:\/\/buletin.de\/bucuresti\/wp-content\/uploads\/TRANSPORT-NOAPTE.jpg\" \/>\n\t<meta property=\"og:image:width\" content=\"1600\" \/>\n\t<meta property=\"og:image:height\" content=\"1152\" \/>\n\t<meta property=\"og:image:type\" content=\"image\/jpeg\" \/>\n<meta name=\"author\" content=\"Teodora Stroe\" \/>\n<meta name=\"twitter:card\" content=\"summary_large_image\" \/>\n<meta name=\"twitter:label1\" content=\"Written by\" \/>\n\t<meta name=\"twitter:data1\" content=\"Teodora Stroe\" \/>\n\t<meta name=\"twitter:label2\" content=\"Estimated reading time\" \/>\n\t<meta name=\"twitter:data2\" content=\"10 minutes\" \/>\n<script type=\"application\/ld+json\" class=\"yoast-schema-graph\">{\"@context\":\"https:\\\/\\\/schema.org\",\"@graph\":[{\"@type\":\"Article\",\"@id\":\"https:\\\/\\\/buletin.de\\\/bucuresti\\\/transportul-public-de-noapte-in-capitala-reorganizat\\\/#article\",\"isPartOf\":{\"@id\":\"https:\\\/\\\/buletin.de\\\/bucuresti\\\/transportul-public-de-noapte-in-capitala-reorganizat\\\/\"},\"author\":{\"name\":\"Teodora Stroe\",\"@id\":\"https:\\\/\\\/buletin.de\\\/bucuresti\\\/#\\\/schema\\\/person\\\/d369d7ddc775abece205795e0b804614\"},\"headline\":\"Transportul public de noapte \u00een Capital\u0103, reorganizat\",\"datePublished\":\"2022-05-31T09:57:36+00:00\",\"dateModified\":\"2022-05-31T09:58:02+00:00\",\"mainEntityOfPage\":{\"@id\":\"https:\\\/\\\/buletin.de\\\/bucuresti\\\/transportul-public-de-noapte-in-capitala-reorganizat\\\/\"},\"wordCount\":2445,\"publisher\":{\"@id\":\"https:\\\/\\\/buletin.de\\\/bucuresti\\\/#organization\"},\"image\":{\"@id\":\"https:\\\/\\\/buletin.de\\\/bucuresti\\\/transportul-public-de-noapte-in-capitala-reorganizat\\\/#primaryimage\"},\"thumbnailUrl\":\"https:\\\/\\\/buletin.de\\\/bucuresti\\\/wp-content\\\/uploads\\\/TRANSPORT-NOAPTE.jpg\",\"keywords\":[\"bucurestu\",\"reorganizare\",\"TRANSPORT noapte\"],\"articleSection\":[\"\u0218tiri\"],\"inLanguage\":\"en-GB\",\"copyrightYear\":\"2022\",\"copyrightHolder\":{\"@id\":\"https:\\\/\\\/buletin.de\\\/bucuresti\\\/#organization\"}},{\"@type\":\"WebPage\",\"@id\":\"https:\\\/\\\/buletin.de\\\/bucuresti\\\/transportul-public-de-noapte-in-capitala-reorganizat\\\/\",\"url\":\"https:\\\/\\\/buletin.de\\\/bucuresti\\\/transportul-public-de-noapte-in-capitala-reorganizat\\\/\",\"name\":\"Transportul public de noapte \u00een Capital\u0103, reorganizat - Buletin de Bucure\u0219ti\",\"isPartOf\":{\"@id\":\"https:\\\/\\\/buletin.de\\\/bucuresti\\\/#website\"},\"primaryImageOfPage\":{\"@id\":\"https:\\\/\\\/buletin.de\\\/bucuresti\\\/transportul-public-de-noapte-in-capitala-reorganizat\\\/#primaryimage\"},\"image\":{\"@id\":\"https:\\\/\\\/buletin.de\\\/bucuresti\\\/transportul-public-de-noapte-in-capitala-reorganizat\\\/#primaryimage\"},\"thumbnailUrl\":\"https:\\\/\\\/buletin.de\\\/bucuresti\\\/wp-content\\\/uploads\\\/TRANSPORT-NOAPTE.jpg\",\"datePublished\":\"2022-05-31T09:57:36+00:00\",\"dateModified\":\"2022-05-31T09:58:02+00:00\",\"breadcrumb\":{\"@id\":\"https:\\\/\\\/buletin.de\\\/bucuresti\\\/transportul-public-de-noapte-in-capitala-reorganizat\\\/#breadcrumb\"},\"inLanguage\":\"en-GB\",\"potentialAction\":[{\"@type\":\"ReadAction\",\"target\":[\"https:\\\/\\\/buletin.de\\\/bucuresti\\\/transportul-public-de-noapte-in-capitala-reorganizat\\\/\"]}]},{\"@type\":\"ImageObject\",\"inLanguage\":\"en-GB\",\"@id\":\"https:\\\/\\\/buletin.de\\\/bucuresti\\\/transportul-public-de-noapte-in-capitala-reorganizat\\\/#primaryimage\",\"url\":\"https:\\\/\\\/buletin.de\\\/bucuresti\\\/wp-content\\\/uploads\\\/TRANSPORT-NOAPTE.jpg\",\"contentUrl\":\"https:\\\/\\\/buletin.de\\\/bucuresti\\\/wp-content\\\/uploads\\\/TRANSPORT-NOAPTE.jpg\",\"width\":1600,\"height\":1152},{\"@type\":\"BreadcrumbList\",\"@id\":\"https:\\\/\\\/buletin.de\\\/bucuresti\\\/transportul-public-de-noapte-in-capitala-reorganizat\\\/#breadcrumb\",\"itemListElement\":[{\"@type\":\"ListItem\",\"position\":1,\"name\":\"Acas\u0103\",\"item\":\"https:\\\/\\\/buletin.de\\\/bucuresti\\\/\"},{\"@type\":\"ListItem\",\"position\":2,\"name\":\"Transportul public de noapte \u00een Capital\u0103, reorganizat\"}]},{\"@type\":\"WebSite\",\"@id\":\"https:\\\/\\\/buletin.de\\\/bucuresti\\\/#website\",\"url\":\"https:\\\/\\\/buletin.de\\\/bucuresti\\\/\",\"name\":\"Buletin de Bucure\u0219ti\",\"description\":\"\u0218tiri \u0219i investiga\u021bii esen\u021biale din capital\u0103\",\"publisher\":{\"@id\":\"https:\\\/\\\/buletin.de\\\/bucuresti\\\/#organization\"},\"potentialAction\":[{\"@type\":\"SearchAction\",\"target\":{\"@type\":\"EntryPoint\",\"urlTemplate\":\"https:\\\/\\\/buletin.de\\\/bucuresti\\\/?s={search_term_string}\"},\"query-input\":{\"@type\":\"PropertyValueSpecification\",\"valueRequired\":true,\"valueName\":\"search_term_string\"}}],\"inLanguage\":\"en-GB\"},{\"@type\":\"Organization\",\"@id\":\"https:\\\/\\\/buletin.de\\\/bucuresti\\\/#organization\",\"name\":\"Buletin de Bucure\u0219ti\",\"url\":\"https:\\\/\\\/buletin.de\\\/bucuresti\\\/\",\"logo\":{\"@type\":\"ImageObject\",\"inLanguage\":\"en-GB\",\"@id\":\"https:\\\/\\\/buletin.de\\\/bucuresti\\\/#\\\/schema\\\/logo\\\/image\\\/\",\"url\":\"https:\\\/\\\/buletin.de\\\/bucuresti\\\/wp-content\\\/uploads\\\/logo-bdb-full-wide-vernil-transparent.png\",\"contentUrl\":\"https:\\\/\\\/buletin.de\\\/bucuresti\\\/wp-content\\\/uploads\\\/logo-bdb-full-wide-vernil-transparent.png\",\"width\":1782,\"height\":626,\"caption\":\"Buletin de Bucure\u0219ti\"},\"image\":{\"@id\":\"https:\\\/\\\/buletin.de\\\/bucuresti\\\/#\\\/schema\\\/logo\\\/image\\\/\"},\"sameAs\":[\"https:\\\/\\\/www.facebook.com\\\/buletin.de.buc\",\"https:\\\/\\\/www.instagram.com\\\/buletinde.bucuresti\\\/\"]},{\"@type\":\"Person\",\"@id\":\"https:\\\/\\\/buletin.de\\\/bucuresti\\\/#\\\/schema\\\/person\\\/d369d7ddc775abece205795e0b804614\",\"name\":\"Teodora Stroe\",\"image\":{\"@type\":\"ImageObject\",\"inLanguage\":\"en-GB\",\"@id\":\"https:\\\/\\\/secure.gravatar.com\\\/avatar\\\/2560b4cd9f5f1bc100b123158e657d75584bd1c3e1d9c69285720b9457c1b78d?s=96&d=monsterid&r=gc104800242ba5f2d78dd5d7dc4df08b6\",\"url\":\"https:\\\/\\\/secure.gravatar.com\\\/avatar\\\/2560b4cd9f5f1bc100b123158e657d75584bd1c3e1d9c69285720b9457c1b78d?s=96&d=monsterid&r=g\",\"contentUrl\":\"https:\\\/\\\/secure.gravatar.com\\\/avatar\\\/2560b4cd9f5f1bc100b123158e657d75584bd1c3e1d9c69285720b9457c1b78d?s=96&d=monsterid&r=g\",\"caption\":\"Teodora Stroe\"},\"url\":\"https:\\\/\\\/buletin.de\\\/bucuresti\\\/author\\\/simonacarlugea\\\/\"}]}<\/script>\n<!-- \/ Yoast SEO Premium plugin. -->","yoast_head_json":{"title":"Transportul public de noapte \u00een Capital\u0103, reorganizat - Buletin de Bucure\u0219ti","robots":{"index":"index","follow":"follow","max-snippet":"max-snippet:-1","max-image-preview":"max-image-preview:large","max-video-preview":"max-video-preview:-1"},"canonical":"https:\/\/buletin.de\/bucuresti\/transportul-public-de-noapte-in-capitala-reorganizat\/","og_locale":"en_GB","og_type":"article","og_title":"Transportul public de noapte \u00een Capital\u0103, reorganizat","og_description":"Prim\u0103ria Capitalei, prin Asocia\u021bia de Dezvoltare Intercomunitar\u0103 pentru Transport Public Bucure\u0219ti \u2013 Ilfov (TPBI), \u00eempreun\u0103 cu Societatea de Transport Bucure\u0219ti \u2013 STB SA, reorganizeaz\u0103 re\u021beaua de transport public de noapte \u00eencep\u00e2nd cu data 1 iunie, ora 22.30. Traseele \u0219i programul de circula\u021bie vor fi adaptate la cererea de transport actual\u0103. Astfel, noile trasee ale liniilor [&hellip;]","og_url":"https:\/\/buletin.de\/bucuresti\/transportul-public-de-noapte-in-capitala-reorganizat\/","og_site_name":"Buletin de Bucure\u0219ti","article_publisher":"https:\/\/www.facebook.com\/buletin.de.buc","article_published_time":"2022-05-31T09:57:36+00:00","article_modified_time":"2022-05-31T09:58:02+00:00","og_image":[{"width":1600,"height":1152,"url":"https:\/\/buletin.de\/bucuresti\/wp-content\/uploads\/TRANSPORT-NOAPTE.jpg","type":"image\/jpeg"}],"author":"Teodora Stroe","twitter_card":"summary_large_image","twitter_misc":{"Written by":"Teodora Stroe","Estimated reading time":"10 minutes"},"schema":{"@context":"https:\/\/schema.org","@graph":[{"@type":"Article","@id":"https:\/\/buletin.de\/bucuresti\/transportul-public-de-noapte-in-capitala-reorganizat\/#article","isPartOf":{"@id":"https:\/\/buletin.de\/bucuresti\/transportul-public-de-noapte-in-capitala-reorganizat\/"},"author":{"name":"Teodora Stroe","@id":"https:\/\/buletin.de\/bucuresti\/#\/schema\/person\/d369d7ddc775abece205795e0b804614"},"headline":"Transportul public de noapte \u00een Capital\u0103, reorganizat","datePublished":"2022-05-31T09:57:36+00:00","dateModified":"2022-05-31T09:58:02+00:00","mainEntityOfPage":{"@id":"https:\/\/buletin.de\/bucuresti\/transportul-public-de-noapte-in-capitala-reorganizat\/"},"wordCount":2445,"publisher":{"@id":"https:\/\/buletin.de\/bucuresti\/#organization"},"image":{"@id":"https:\/\/buletin.de\/bucuresti\/transportul-public-de-noapte-in-capitala-reorganizat\/#primaryimage"},"thumbnailUrl":"https:\/\/buletin.de\/bucuresti\/wp-content\/uploads\/TRANSPORT-NOAPTE.jpg","keywords":["bucurestu","reorganizare","TRANSPORT noapte"],"articleSection":["\u0218tiri"],"inLanguage":"en-GB","copyrightYear":"2022","copyrightHolder":{"@id":"https:\/\/buletin.de\/bucuresti\/#organization"}},{"@type":"WebPage","@id":"https:\/\/buletin.de\/bucuresti\/transportul-public-de-noapte-in-capitala-reorganizat\/","url":"https:\/\/buletin.de\/bucuresti\/transportul-public-de-noapte-in-capitala-reorganizat\/","name":"Transportul public de noapte \u00een Capital\u0103, reorganizat - Buletin de Bucure\u0219ti","isPartOf":{"@id":"https:\/\/buletin.de\/bucuresti\/#website"},"primaryImageOfPage":{"@id":"https:\/\/buletin.de\/bucuresti\/transportul-public-de-noapte-in-capitala-reorganizat\/#primaryimage"},"image":{"@id":"https:\/\/buletin.de\/bucuresti\/transportul-public-de-noapte-in-capitala-reorganizat\/#primaryimage"},"thumbnailUrl":"https:\/\/buletin.de\/bucuresti\/wp-content\/uploads\/TRANSPORT-NOAPTE.jpg","datePublished":"2022-05-31T09:57:36+00:00","dateModified":"2022-05-31T09:58:02+00:00","breadcrumb":{"@id":"https:\/\/buletin.de\/bucuresti\/transportul-public-de-noapte-in-capitala-reorganizat\/#breadcrumb"},"inLanguage":"en-GB","potentialAction":[{"@type":"ReadAction","target":["https:\/\/buletin.de\/bucuresti\/transportul-public-de-noapte-in-capitala-reorganizat\/"]}]},{"@type":"ImageObject","inLanguage":"en-GB","@id":"https:\/\/buletin.de\/bucuresti\/transportul-public-de-noapte-in-capitala-reorganizat\/#primaryimage","url":"https:\/\/buletin.de\/bucuresti\/wp-content\/uploads\/TRANSPORT-NOAPTE.jpg","contentUrl":"https:\/\/buletin.de\/bucuresti\/wp-content\/uploads\/TRANSPORT-NOAPTE.jpg","width":1600,"height":1152},{"@type":"BreadcrumbList","@id":"https:\/\/buletin.de\/bucuresti\/transportul-public-de-noapte-in-capitala-reorganizat\/#breadcrumb","itemListElement":[{"@type":"ListItem","position":1,"name":"Acas\u0103","item":"https:\/\/buletin.de\/bucuresti\/"},{"@type":"ListItem","position":2,"name":"Transportul public de noapte \u00een Capital\u0103, reorganizat"}]},{"@type":"WebSite","@id":"https:\/\/buletin.de\/bucuresti\/#website","url":"https:\/\/buletin.de\/bucuresti\/","name":"Buletin de Bucure\u0219ti","description":"\u0218tiri \u0219i investiga\u021bii esen\u021biale din capital\u0103","publisher":{"@id":"https:\/\/buletin.de\/bucuresti\/#organization"},"potentialAction":[{"@type":"SearchAction","target":{"@type":"EntryPoint","urlTemplate":"https:\/\/buletin.de\/bucuresti\/?s={search_term_string}"},"query-input":{"@type":"PropertyValueSpecification","valueRequired":true,"valueName":"search_term_string"}}],"inLanguage":"en-GB"},{"@type":"Organization","@id":"https:\/\/buletin.de\/bucuresti\/#organization","name":"Buletin de Bucure\u0219ti","url":"https:\/\/buletin.de\/bucuresti\/","logo":{"@type":"ImageObject","inLanguage":"en-GB","@id":"https:\/\/buletin.de\/bucuresti\/#\/schema\/logo\/image\/","url":"https:\/\/buletin.de\/bucuresti\/wp-content\/uploads\/logo-bdb-full-wide-vernil-transparent.png","contentUrl":"https:\/\/buletin.de\/bucuresti\/wp-content\/uploads\/logo-bdb-full-wide-vernil-transparent.png","width":1782,"height":626,"caption":"Buletin de Bucure\u0219ti"},"image":{"@id":"https:\/\/buletin.de\/bucuresti\/#\/schema\/logo\/image\/"},"sameAs":["https:\/\/www.facebook.com\/buletin.de.buc","https:\/\/www.instagram.com\/buletinde.bucuresti\/"]},{"@type":"Person","@id":"https:\/\/buletin.de\/bucuresti\/#\/schema\/person\/d369d7ddc775abece205795e0b804614","name":"Teodora Stroe","image":{"@type":"ImageObject","inLanguage":"en-GB","@id":"https:\/\/secure.gravatar.com\/avatar\/2560b4cd9f5f1bc100b123158e657d75584bd1c3e1d9c69285720b9457c1b78d?s=96&d=monsterid&r=gc104800242ba5f2d78dd5d7dc4df08b6","url":"https:\/\/secure.gravatar.com\/avatar\/2560b4cd9f5f1bc100b123158e657d75584bd1c3e1d9c69285720b9457c1b78d?s=96&d=monsterid&r=g","contentUrl":"https:\/\/secure.gravatar.com\/avatar\/2560b4cd9f5f1bc100b123158e657d75584bd1c3e1d9c69285720b9457c1b78d?s=96&d=monsterid&r=g","caption":"Teodora Stroe"},"url":"https:\/\/buletin.de\/bucuresti\/author\/simonacarlugea\/"}]}},"authors":[{"term_id":22579,"user_id":18,"is_guest":0,"slug":"simonacarlugea","display_name":"Teodora Stroe","avatar_url":"https:\/\/secure.gravatar.com\/avatar\/2560b4cd9f5f1bc100b123158e657d75584bd1c3e1d9c69285720b9457c1b78d?s=96&d=monsterid&r=g","0":null,"1":"","2":"","3":"","4":"","5":"","6":"","7":"","8":""}],"_links":{"self":[{"href":"https:\/\/buletin.de\/bucuresti\/wp-json\/wp\/v2\/posts\/43117","targetHints":{"allow":["GET"]}}],"collection":[{"href":"https:\/\/buletin.de\/bucuresti\/wp-json\/wp\/v2\/posts"}],"about":[{"href":"https:\/\/buletin.de\/bucuresti\/wp-json\/wp\/v2\/types\/post"}],"author":[{"embeddable":true,"href":"https:\/\/buletin.de\/bucuresti\/wp-json\/wp\/v2\/users\/18"}],"replies":[{"embeddable":true,"href":"https:\/\/buletin.de\/bucuresti\/wp-json\/wp\/v2\/comments?post=43117"}],"version-history":[{"count":1,"href":"https:\/\/buletin.de\/bucuresti\/wp-json\/wp\/v2\/posts\/43117\/revisions"}],"predecessor-version":[{"id":43120,"href":"https:\/\/buletin.de\/bucuresti\/wp-json\/wp\/v2\/posts\/43117\/revisions\/43120"}],"wp:featuredmedia":[{"embeddable":true,"href":"https:\/\/buletin.de\/bucuresti\/wp-json\/wp\/v2\/media\/43118"}],"wp:attachment":[{"href":"https:\/\/buletin.de\/bucuresti\/wp-json\/wp\/v2\/media?parent=43117"}],"wp:term":[{"taxonomy":"category","embeddable":true,"href":"https:\/\/buletin.de\/bucuresti\/wp-json\/wp\/v2\/categories?post=43117"},{"taxonomy":"post_tag","embeddable":true,"href":"https:\/\/buletin.de\/bucuresti\/wp-json\/wp\/v2\/tags?post=43117"},{"taxonomy":"author","embeddable":true,"href":"https:\/\/buletin.de\/bucuresti\/wp-json\/wp\/v2\/ppma_author?post=43117"}],"curies":[{"name":"wp","href":"https:\/\/api.w.org\/{rel}","templated":true}]}}