{"id":43082,"date":"2022-05-30T14:43:10","date_gmt":"2022-05-30T12:43:10","guid":{"rendered":"https:\/\/buletin.de\/bucuresti\/?p=43082"},"modified":"2022-05-31T11:16:58","modified_gmt":"2022-05-31T09:16:58","slug":"ce-se-intampla-in-bucuresti-de-ziua-copiilor","status":"publish","type":"post","link":"https:\/\/buletin.de\/bucuresti\/ce-se-intampla-in-bucuresti-de-ziua-copiilor\/","title":{"rendered":"Ce se \u00eent\u00e2mpl\u0103 \u00een Bucure\u0219ti de Ziua Copiilor?"},"content":{"rendered":"\n<p><strong>Pe 1 iunie, cu ocazia Zilei Copilului, Capitala va fi \u00eemp\u00e2nzit\u0103 de evenimente dedicate micilor bucure\u0219teni. \u00cen fiecare sector al Bucure\u0219tiului, autorit\u0103\u021bile sau ONG-urile locale organizeaz\u0103 ac\u021biuni pentru toate gusturile, de la Ziua Por\u021bilor Deschise la Parlament, parada micilor bicicli\u0219ti \u0219i p\u00e2n\u0103 la concertul sus\u021binut de Ga\u0219ca Zurli la Arenele Romane. <\/strong><\/p>\n\n\n\n<h3 class=\"wp-block-heading\"><meta charset=\"utf-8\"><strong>Parada micilor bicicli\u0219ti<\/strong><\/h3>\n\n\n\n<p>Parada Micilor Bicicli\u0219ti va avea loc pe \u0218oseaua Kisselef, \u00eentre orele 09:00 \u0219i 14:00. Acesta e singurul eveniment dedicat exclusiv copiilor pasiona\u021bi de pedalat \u0219i reciclat, ajuns la a \u0219aptea edi\u021bie. Scopul este promovarea mersului pe biciclet\u0103, \u00een siguran\u021b\u0103, \u00een r\u00e2ndul copiilor, de la cea mai fraged\u0103 v\u00e2rst\u0103, dar \u00ee\u0219i propune s\u0103-i \u00eenve\u021be pe micii bucure\u0219teni regulile care trebuie respectate \u00een timpul deplas\u0103rii pe dou\u0103 ro\u021bi, at\u00e2t individual, c\u00e2t \u0219i \u00een pluton, familiariz\u00e2ndu-i cu plimb\u0103rile cu bicicleta \u00een grup.<\/p>\n\n\n\n<figure class=\"wp-block-image size-large\"><a href=\"https:\/\/buletin.de\/bucuresti\/wp-content\/uploads\/parada-micilor-biciclisti-2022.webp\"><img fetchpriority=\"high\" decoding=\"async\" width=\"900\" height=\"471\" src=\"data:image\/gif;base64,R0lGODlhAQABAAAAACH5BAEKAAEALAAAAAABAAEAAAICTAEAOw==\" data-src=\"https:\/\/buletin.de\/bucuresti\/wp-content\/uploads\/parada-micilor-biciclisti-2022-900x471.webp\" alt=\"\" class=\"wp-image-43090 lazyload\" data-sizes=\"auto\" data-srcset=\"https:\/\/buletin.de\/bucuresti\/wp-content\/uploads\/parada-micilor-biciclisti-2022-900x471.webp 900w, https:\/\/buletin.de\/bucuresti\/wp-content\/uploads\/parada-micilor-biciclisti-2022-300x157.webp 300w, https:\/\/buletin.de\/bucuresti\/wp-content\/uploads\/parada-micilor-biciclisti-2022-768x402.webp 768w, https:\/\/buletin.de\/bucuresti\/wp-content\/uploads\/parada-micilor-biciclisti-2022-1536x804.webp 1536w, https:\/\/buletin.de\/bucuresti\/wp-content\/uploads\/parada-micilor-biciclisti-2022-1060x555.webp 1060w, https:\/\/buletin.de\/bucuresti\/wp-content\/uploads\/parada-micilor-biciclisti-2022-550x288.webp 550w, https:\/\/buletin.de\/bucuresti\/wp-content\/uploads\/parada-micilor-biciclisti-2022-955x500.webp 955w, https:\/\/buletin.de\/bucuresti\/wp-content\/uploads\/parada-micilor-biciclisti-2022-600x314.webp 600w, https:\/\/buletin.de\/bucuresti\/wp-content\/uploads\/parada-micilor-biciclisti-2022.webp 1920w\" sizes=\"(max-width: 900px) 100vw, 900px\" \/><\/a><\/figure>\n\n\n\n<p><\/p>\n\n\n\n<h3 class=\"wp-block-heading\"><strong>Ziua por\u021bilor deschise la Palatul Parlamentului<\/strong><\/h3>\n\n\n\n<p>La fel ca \u00een fiecare an, pe 1 iunie, <a href=\"https:\/\/www.facebook.com\/events\/555400112659636\/\">Parlamentul \u00ee\u0219i deschide por\u021bile<\/a> pentru vizite din partea copiilor. \u00cen acest an, Casa Poporului va putea fi vizitat\u0103 gratuit \u00eentre 10:00 \u0219i 17:00. Intrarea se va face dinspre Bulevardul Na\u021biunile Unite.<\/p>\n\n\n\n<figure class=\"wp-block-image size-large\"><a href=\"https:\/\/buletin.de\/bucuresti\/wp-content\/uploads\/281007731_313742497604833_7646216128806604329_n.jpeg\"><img decoding=\"async\" width=\"900\" height=\"689\" src=\"data:image\/gif;base64,R0lGODlhAQABAAAAACH5BAEKAAEALAAAAAABAAEAAAICTAEAOw==\" data-src=\"https:\/\/buletin.de\/bucuresti\/wp-content\/uploads\/281007731_313742497604833_7646216128806604329_n-900x689.jpeg\" alt=\"\" class=\"wp-image-43093 lazyload\" data-sizes=\"auto\" data-srcset=\"https:\/\/buletin.de\/bucuresti\/wp-content\/uploads\/281007731_313742497604833_7646216128806604329_n-900x689.jpeg 900w, https:\/\/buletin.de\/bucuresti\/wp-content\/uploads\/281007731_313742497604833_7646216128806604329_n-300x230.jpeg 300w, https:\/\/buletin.de\/bucuresti\/wp-content\/uploads\/281007731_313742497604833_7646216128806604329_n-768x588.jpeg 768w, https:\/\/buletin.de\/bucuresti\/wp-content\/uploads\/281007731_313742497604833_7646216128806604329_n-1536x1177.jpeg 1536w, https:\/\/buletin.de\/bucuresti\/wp-content\/uploads\/281007731_313742497604833_7646216128806604329_n-1060x812.jpeg 1060w, https:\/\/buletin.de\/bucuresti\/wp-content\/uploads\/281007731_313742497604833_7646216128806604329_n-550x421.jpeg 550w, https:\/\/buletin.de\/bucuresti\/wp-content\/uploads\/281007731_313742497604833_7646216128806604329_n-653x500.jpeg 653w, https:\/\/buletin.de\/bucuresti\/wp-content\/uploads\/281007731_313742497604833_7646216128806604329_n-1920x1471.jpeg 1920w, https:\/\/buletin.de\/bucuresti\/wp-content\/uploads\/281007731_313742497604833_7646216128806604329_n-1410x1080.jpeg 1410w, https:\/\/buletin.de\/bucuresti\/wp-content\/uploads\/281007731_313742497604833_7646216128806604329_n-600x460.jpeg 600w, https:\/\/buletin.de\/bucuresti\/wp-content\/uploads\/281007731_313742497604833_7646216128806604329_n.jpeg 2000w\" sizes=\"(max-width: 900px) 100vw, 900px\" \/><\/a><figcaption>Surs\u0103 Foto<em>: Facebook<\/em><br><\/figcaption><\/figure>\n\n\n\n<h3 class=\"wp-block-heading\"><strong>Ziua por\u021bilor deschise la Aeroclubul Rom\u00e2niei<\/strong><\/h3>\n\n\n\n<p>Aerocluburile din toat\u0103 \u021bara vor fi deschise de Ziua Copilului, \u00eentre 10:00 \u0219i 15:00. Bucure\u0219tenii pot merge pe aerodromul din Clinceni pentru a asista la o zi de zbor. <meta charset=\"utf-8\">Participan\u021bii vor vedea decol\u0103ri, ateriz\u0103ri, elemente de acroba\u021bie, vor putea experimenta un zbor cu planorul sau avionul, dar vor \u0219i cunoa\u0219te pilo\u021bii \u0219i tehnicii.<\/p>\n\n\n\n<figure class=\"wp-block-image size-full\"><a href=\"https:\/\/buletin.de\/bucuresti\/wp-content\/uploads\/636x533x097dda8029022017a91ab0f264cbb2d4-850x0-00-90.jpgqv1653554219.pagespeed.ic_.h120uSErTA.webp\"><img decoding=\"async\" width=\"636\" height=\"533\" src=\"data:image\/gif;base64,R0lGODlhAQABAAAAACH5BAEKAAEALAAAAAABAAEAAAICTAEAOw==\" data-src=\"https:\/\/buletin.de\/bucuresti\/wp-content\/uploads\/636x533x097dda8029022017a91ab0f264cbb2d4-850x0-00-90.jpgqv1653554219.pagespeed.ic_.h120uSErTA.webp\" alt=\"\" class=\"wp-image-43094 lazyload\" data-sizes=\"auto\" data-srcset=\"https:\/\/buletin.de\/bucuresti\/wp-content\/uploads\/636x533x097dda8029022017a91ab0f264cbb2d4-850x0-00-90.jpgqv1653554219.pagespeed.ic_.h120uSErTA.webp 636w, https:\/\/buletin.de\/bucuresti\/wp-content\/uploads\/636x533x097dda8029022017a91ab0f264cbb2d4-850x0-00-90.jpgqv1653554219.pagespeed.ic_.h120uSErTA-300x251.webp 300w, https:\/\/buletin.de\/bucuresti\/wp-content\/uploads\/636x533x097dda8029022017a91ab0f264cbb2d4-850x0-00-90.jpgqv1653554219.pagespeed.ic_.h120uSErTA-550x461.webp 550w, https:\/\/buletin.de\/bucuresti\/wp-content\/uploads\/636x533x097dda8029022017a91ab0f264cbb2d4-850x0-00-90.jpgqv1653554219.pagespeed.ic_.h120uSErTA-597x500.webp 597w, https:\/\/buletin.de\/bucuresti\/wp-content\/uploads\/636x533x097dda8029022017a91ab0f264cbb2d4-850x0-00-90.jpgqv1653554219.pagespeed.ic_.h120uSErTA-600x503.webp 600w\" sizes=\"(max-width: 636px) 100vw, 636px\" \/><\/a><figcaption><em>Sursa Foto: Aeroclubul Rom\u00e2niei\/ Facebook<\/em><br><\/figcaption><\/figure>\n\n\n\n<h3 class=\"wp-block-heading\"><strong>Zbor cu balonul <\/strong><\/h3>\n\n\n\n<p>\u00cen perioada 1-5 iunie, de pe platoul S\u0103lii Polivalente, bucure\u0219tenii pot zbura cu balonul cu aer cald. Capacitatea unei ture de zbor este de patru persoane, iar biletul cost\u0103 100 de lei. Primul balon se \u00eenal\u021b\u0103 la 09:00, \u00ee\u00een tim ce ultimul pleac\u0103 la 21:00. <\/p>\n\n\n\n<figure class=\"wp-block-image size-full\"><a href=\"https:\/\/buletin.de\/bucuresti\/wp-content\/uploads\/Zbor-cu-balonul.webp\"><img loading=\"lazy\" decoding=\"async\" width=\"820\" height=\"462\" src=\"data:image\/gif;base64,R0lGODlhAQABAAAAACH5BAEKAAEALAAAAAABAAEAAAICTAEAOw==\" data-src=\"https:\/\/buletin.de\/bucuresti\/wp-content\/uploads\/Zbor-cu-balonul.webp\" alt=\"\" class=\"wp-image-43092 lazyload\" data-sizes=\"auto\" data-srcset=\"https:\/\/buletin.de\/bucuresti\/wp-content\/uploads\/Zbor-cu-balonul.webp 820w, https:\/\/buletin.de\/bucuresti\/wp-content\/uploads\/Zbor-cu-balonul-300x169.webp 300w, https:\/\/buletin.de\/bucuresti\/wp-content\/uploads\/Zbor-cu-balonul-768x433.webp 768w, https:\/\/buletin.de\/bucuresti\/wp-content\/uploads\/Zbor-cu-balonul-550x310.webp 550w, https:\/\/buletin.de\/bucuresti\/wp-content\/uploads\/Zbor-cu-balonul-600x338.webp 600w\" sizes=\"(max-width: 820px) 100vw, 820px\" \/><\/a><\/figure>\n\n\n\n<h3 class=\"wp-block-heading\"><strong>Intrare liber\u0103 la Muzeul Na\u021bional al H\u0103r\u021bilor \u0219i C\u0103r\u021bilor Vechi<\/strong><\/h3>\n\n\n\n<p>Pe&nbsp;1 iunie, Muzeul Na\u0163ional al H\u0103r\u0163ilor \u015fi C\u0103r\u0163ii Vechi va fi&nbsp;deschis&nbsp;\u015fi to\u021bi vizitatorii vor beneficia de&nbsp;intrare gratuit\u0103. Participan\u021bii vor putea vedea cea mai veche hart\u0103 din muzeu, de la 1525, cu singura hart\u0103 din colec\u0163iile noastre \u00een care este men\u0163ionat\u0103 o comoar\u0103. Mai mult, cei care vor trece pe la Muzeul h\u0103r\u021bilor vor avea parte \u0219i de &nbsp;jocuri de&nbsp; puzzle cu h\u0103r\u0163i vechi \u015fi noi, c\u0103r\u0163i \u015fi indicii la Col\u0163ul de Lectur\u0103 \u015fi cu aplica\u0163ii de realitate augmentat\u0103 la c\u00e2teva dintre lucr\u0103rile expuse. <\/p>\n\n\n\n<figure class=\"wp-block-image size-full is-resized\"><a href=\"https:\/\/buletin.de\/bucuresti\/wp-content\/uploads\/Afis-1-iunie-1-850x400-1.jpeg\"><img loading=\"lazy\" decoding=\"async\" src=\"data:image\/gif;base64,R0lGODlhAQABAAAAACH5BAEKAAEALAAAAAABAAEAAAICTAEAOw==\" data-src=\"https:\/\/buletin.de\/bucuresti\/wp-content\/uploads\/Afis-1-iunie-1-850x400-1.jpeg\" alt=\"\" class=\"wp-image-43095 lazyload\" width=\"840\" height=\"395\" data-sizes=\"auto\" data-srcset=\"https:\/\/buletin.de\/bucuresti\/wp-content\/uploads\/Afis-1-iunie-1-850x400-1.jpeg 850w, https:\/\/buletin.de\/bucuresti\/wp-content\/uploads\/Afis-1-iunie-1-850x400-1-300x141.jpeg 300w, https:\/\/buletin.de\/bucuresti\/wp-content\/uploads\/Afis-1-iunie-1-850x400-1-768x361.jpeg 768w, https:\/\/buletin.de\/bucuresti\/wp-content\/uploads\/Afis-1-iunie-1-850x400-1-550x259.jpeg 550w, https:\/\/buletin.de\/bucuresti\/wp-content\/uploads\/Afis-1-iunie-1-850x400-1-600x282.jpeg 600w\" sizes=\"(max-width: 840px) 100vw, 840px\" \/><\/a><figcaption>Surs\u0103 Foto: muzeulhartilor.ro<\/figcaption><\/figure>\n\n\n\n<h3 class=\"wp-block-heading\"><strong>1 uniFEST, \u00een Parcul IOR<\/strong><\/h3>\n\n\n\n<p>Parcul Alexandru Ioan Cuza (Parcul IOR) va gazdui timp de 12 ore, \u00eentre 08:00 \u0219i 20:00, 1uniFEST. La festival vor avea loc activit\u0103\u021bi pentru toat\u0103 familia, jocuri \u0219i concursuri, dar organizatorii anun\u021b\u0103 \u0219i surprize pentru cei mici. Accesul la festival va fi gratuit pentru to\u021bii copiii din Bucure\u0219ti. <\/p>\n\n\n\n<figure class=\"wp-block-image size-large\"><a href=\"https:\/\/buletin.de\/bucuresti\/wp-content\/uploads\/58755062_2420987427952232_5586470155250040832_n.jpeg\"><img loading=\"lazy\" decoding=\"async\" width=\"900\" height=\"506\" src=\"data:image\/gif;base64,R0lGODlhAQABAAAAACH5BAEKAAEALAAAAAABAAEAAAICTAEAOw==\" data-src=\"https:\/\/buletin.de\/bucuresti\/wp-content\/uploads\/58755062_2420987427952232_5586470155250040832_n-900x506.jpeg\" alt=\"\" class=\"wp-image-43096 lazyload\" data-sizes=\"auto\" data-srcset=\"https:\/\/buletin.de\/bucuresti\/wp-content\/uploads\/58755062_2420987427952232_5586470155250040832_n-900x506.jpeg 900w, https:\/\/buletin.de\/bucuresti\/wp-content\/uploads\/58755062_2420987427952232_5586470155250040832_n-300x169.jpeg 300w, https:\/\/buletin.de\/bucuresti\/wp-content\/uploads\/58755062_2420987427952232_5586470155250040832_n-768x432.jpeg 768w, https:\/\/buletin.de\/bucuresti\/wp-content\/uploads\/58755062_2420987427952232_5586470155250040832_n-1536x864.jpeg 1536w, https:\/\/buletin.de\/bucuresti\/wp-content\/uploads\/58755062_2420987427952232_5586470155250040832_n-1060x596.jpeg 1060w, https:\/\/buletin.de\/bucuresti\/wp-content\/uploads\/58755062_2420987427952232_5586470155250040832_n-550x309.jpeg 550w, https:\/\/buletin.de\/bucuresti\/wp-content\/uploads\/58755062_2420987427952232_5586470155250040832_n-889x500.jpeg 889w, https:\/\/buletin.de\/bucuresti\/wp-content\/uploads\/58755062_2420987427952232_5586470155250040832_n-600x338.jpeg 600w, https:\/\/buletin.de\/bucuresti\/wp-content\/uploads\/58755062_2420987427952232_5586470155250040832_n.jpeg 1920w\" sizes=\"(max-width: 900px) 100vw, 900px\" \/><\/a><figcaption>Surs\u0103 foto: Itsy Bitsy, Facebook <\/figcaption><\/figure>\n\n\n\n<h3 class=\"wp-block-heading\"><strong>Concert Ga\u0219ca Zurli &#8211; Arenele Romane <\/strong><\/h3>\n\n\n\n<p>Ga\u0219ca Zurli va sus\u021bine un concert pentru cei mici la Arenele Romane, miercuri, pe 1 iunie de la ora 11:00.&nbsp;Concertul are loc \u00een aer liber. Spectatorii \u00een zonele cu loc se pot a\u0219eza unde doresc, biletele neav\u00e2nd anumite locuri asociate. Accesul la concert nu este gratuit, biletele cost\u0103 \u00eentre 109 de lei \u0219i pot ajunge p\u00e2n\u0103 la 140 lei, \u00een cazul clor VIP. <\/p>\n\n\n\n<figure class=\"wp-block-image size-full is-resized\"><a href=\"https:\/\/buletin.de\/bucuresti\/wp-content\/uploads\/afis-gasca-zurli-spectacol-arenele-romane-iunie-2022.jpeg\"><img loading=\"lazy\" decoding=\"async\" src=\"data:image\/gif;base64,R0lGODlhAQABAAAAACH5BAEKAAEALAAAAAABAAEAAAICTAEAOw==\" data-src=\"https:\/\/buletin.de\/bucuresti\/wp-content\/uploads\/afis-gasca-zurli-spectacol-arenele-romane-iunie-2022.jpeg\" alt=\"\" class=\"wp-image-43098 lazyload\" width=\"400\" height=\"599\" data-sizes=\"auto\" data-srcset=\"https:\/\/buletin.de\/bucuresti\/wp-content\/uploads\/afis-gasca-zurli-spectacol-arenele-romane-iunie-2022.jpeg 400w, https:\/\/buletin.de\/bucuresti\/wp-content\/uploads\/afis-gasca-zurli-spectacol-arenele-romane-iunie-2022-200x300.jpeg 200w, https:\/\/buletin.de\/bucuresti\/wp-content\/uploads\/afis-gasca-zurli-spectacol-arenele-romane-iunie-2022-334x500.jpeg 334w\" sizes=\"(max-width: 400px) 100vw, 400px\" \/><\/a><figcaption>Surs\u0103 Foto: Facebook, Ga\u0219ca Zurli <\/figcaption><\/figure>\n\n\n\n<h3 class=\"wp-block-heading\"><strong>Activit\u0103\u021bi \u00een mall-uri<\/strong><\/h3>\n\n\n\n<p><strong>Veranda Mall<\/strong> se vor def\u0103\u0219ura ateliere de pictur\u0103 pe fa\u021b\u0103 \u0219i baloane modelabile, \u00eentre 14:00 \u0219i 19:00. <\/p>\n\n\n\n<p><strong>AFI Cotroceni<\/strong> <meta charset=\"utf-8\">o s\u0103 g\u0103zbuiasc\u0103, \u00eentre orele 14:00 \u0219i 19:00, ateliere de pictur\u0103, creare de p\u0103pu\u0219i, modelaj, dar \u0219i diverse spectacole pentru cei mici, dulciuri \u0219i \u00eent\u00e2lniri cu personajele lor preferate.&nbsp;<\/p>\n\n\n\n<p><strong>Mall-Vitan<\/strong> g\u0103zduie\u0219te de Ziua Copilului, \u00eentre 12:00 \u0219i 20:00, singurul carusel din interiorul unui centru comercial. Tot \u00een zona caruselului se va desf\u0103\u0219ura \u0219i&nbsp;workshop-ul Playmobil, organizat \u00een parteneriat cu Diverta. Aici, cei mici sunt \u00eencuraja\u021bi s\u0103 dea fr\u00e2u liber imagina\u021biei \u0219i creativit\u0103\u021bii \u0219i s\u0103 construiasc\u0103 pove\u0219ti. <\/p>\n\n\n\n<figure class=\"wp-block-image size-full\"><a href=\"https:\/\/buletin.de\/bucuresti\/wp-content\/uploads\/636x636x09416455d8f5ad268e01e33c55848794-850x0-00-90.jpgqv1653576797.pagespeed.ic_.Kk1rdv7tyl.webp\"><img loading=\"lazy\" decoding=\"async\" width=\"636\" height=\"636\" src=\"data:image\/gif;base64,R0lGODlhAQABAAAAACH5BAEKAAEALAAAAAABAAEAAAICTAEAOw==\" data-src=\"https:\/\/buletin.de\/bucuresti\/wp-content\/uploads\/636x636x09416455d8f5ad268e01e33c55848794-850x0-00-90.jpgqv1653576797.pagespeed.ic_.Kk1rdv7tyl.webp\" alt=\"\" class=\"wp-image-43088 lazyload\" data-sizes=\"auto\" data-srcset=\"https:\/\/buletin.de\/bucuresti\/wp-content\/uploads\/636x636x09416455d8f5ad268e01e33c55848794-850x0-00-90.jpgqv1653576797.pagespeed.ic_.Kk1rdv7tyl.webp 636w, https:\/\/buletin.de\/bucuresti\/wp-content\/uploads\/636x636x09416455d8f5ad268e01e33c55848794-850x0-00-90.jpgqv1653576797.pagespeed.ic_.Kk1rdv7tyl-300x300.webp 300w, https:\/\/buletin.de\/bucuresti\/wp-content\/uploads\/636x636x09416455d8f5ad268e01e33c55848794-850x0-00-90.jpgqv1653576797.pagespeed.ic_.Kk1rdv7tyl-150x150.webp 150w, https:\/\/buletin.de\/bucuresti\/wp-content\/uploads\/636x636x09416455d8f5ad268e01e33c55848794-850x0-00-90.jpgqv1653576797.pagespeed.ic_.Kk1rdv7tyl-550x550.webp 550w, https:\/\/buletin.de\/bucuresti\/wp-content\/uploads\/636x636x09416455d8f5ad268e01e33c55848794-850x0-00-90.jpgqv1653576797.pagespeed.ic_.Kk1rdv7tyl-500x500.webp 500w, https:\/\/buletin.de\/bucuresti\/wp-content\/uploads\/636x636x09416455d8f5ad268e01e33c55848794-850x0-00-90.jpgqv1653576797.pagespeed.ic_.Kk1rdv7tyl-45x45.webp 45w, https:\/\/buletin.de\/bucuresti\/wp-content\/uploads\/636x636x09416455d8f5ad268e01e33c55848794-850x0-00-90.jpgqv1653576797.pagespeed.ic_.Kk1rdv7tyl-250x250.webp 250w, https:\/\/buletin.de\/bucuresti\/wp-content\/uploads\/636x636x09416455d8f5ad268e01e33c55848794-850x0-00-90.jpgqv1653576797.pagespeed.ic_.Kk1rdv7tyl-600x600.webp 600w, https:\/\/buletin.de\/bucuresti\/wp-content\/uploads\/636x636x09416455d8f5ad268e01e33c55848794-850x0-00-90.jpgqv1653576797.pagespeed.ic_.Kk1rdv7tyl-100x100.webp 100w\" sizes=\"(max-width: 636px) 100vw, 636px\" \/><\/a><figcaption><em>Sursa Foto: Mall Vitan<\/em><br><\/figcaption><\/figure>\n\n\n\n<div class=\"wp-block-buttons is-layout-flex wp-block-buttons-is-layout-flex\"><\/div>\n","protected":false},"excerpt":{"rendered":"<p>Pe 1 iunie, cu ocazia Zilei Copilului, Capitala va fi \u00eemp\u00e2nzit\u0103 de evenimente dedicate micilor bucure\u0219teni. \u00cen fiecare sector al Bucure\u0219tiului, autorit\u0103\u021bile sau ONG-urile locale organizeaz\u0103 ac\u021biuni pentru toate gusturile, de la Ziua Por\u021bilor Deschise la Parlament, parada micilor bicicli\u0219ti \u0219i p\u00e2n\u0103 la concertul sus\u021binut de Ga\u0219ca Zurli la Arenele Romane. Parada micilor bicicli\u0219ti Parada [&hellip;]<\/p>\n","protected":false},"author":17,"featured_media":43102,"comment_status":"closed","ping_status":"open","sticky":false,"template":"","format":"standard","meta":{"_acf_changed":false,"inline_featured_image":false,"ngg_post_thumbnail":0,"footnotes":""},"categories":[3419,62],"tags":[],"ppma_author":[22576],"class_list":["post-43082","post","type-post","status-publish","format-standard","has-post-thumbnail","hentry","category-featured","category-stiri"],"acf":[],"yoast_head":"<!-- This site is optimized with the Yoast SEO Premium plugin v25.3 (Yoast SEO v27.4) - https:\/\/yoast.com\/product\/yoast-seo-premium-wordpress\/ -->\n<title>Ce se \u00eent\u00e2mpl\u0103 \u00een Bucure\u0219ti de Ziua Copiilor? - Buletin de Bucure\u0219ti<\/title>\n<meta name=\"robots\" content=\"index, follow, max-snippet:-1, max-image-preview:large, max-video-preview:-1\" \/>\n<link rel=\"canonical\" href=\"https:\/\/buletin.de\/bucuresti\/ce-se-intampla-in-bucuresti-de-ziua-copiilor\/\" \/>\n<meta property=\"og:locale\" content=\"en_GB\" \/>\n<meta property=\"og:type\" content=\"article\" \/>\n<meta property=\"og:title\" content=\"Ce se \u00eent\u00e2mpl\u0103 \u00een Bucure\u0219ti de Ziua Copiilor?\" \/>\n<meta property=\"og:description\" content=\"Pe 1 iunie, cu ocazia Zilei Copilului, Capitala va fi \u00eemp\u00e2nzit\u0103 de evenimente dedicate micilor bucure\u0219teni. \u00cen fiecare sector al Bucure\u0219tiului, autorit\u0103\u021bile sau ONG-urile locale organizeaz\u0103 ac\u021biuni pentru toate gusturile, de la Ziua Por\u021bilor Deschise la Parlament, parada micilor bicicli\u0219ti \u0219i p\u00e2n\u0103 la concertul sus\u021binut de Ga\u0219ca Zurli la Arenele Romane. Parada micilor bicicli\u0219ti Parada [&hellip;]\" \/>\n<meta property=\"og:url\" content=\"https:\/\/buletin.de\/bucuresti\/ce-se-intampla-in-bucuresti-de-ziua-copiilor\/\" \/>\n<meta property=\"og:site_name\" content=\"Buletin de Bucure\u0219ti\" \/>\n<meta property=\"article:publisher\" content=\"https:\/\/www.facebook.com\/buletin.de.buc\" \/>\n<meta property=\"article:published_time\" content=\"2022-05-30T12:43:10+00:00\" \/>\n<meta property=\"article:modified_time\" content=\"2022-05-31T09:16:58+00:00\" \/>\n<meta property=\"og:image\" content=\"https:\/\/buletin.de\/bucuresti\/wp-content\/uploads\/artem-kniaz-DqgMHzeio7g-unsplash.jpg\" \/>\n\t<meta property=\"og:image:width\" content=\"2000\" \/>\n\t<meta property=\"og:image:height\" content=\"1334\" \/>\n\t<meta property=\"og:image:type\" content=\"image\/jpeg\" \/>\n<meta name=\"author\" content=\"Florin R\u00e2\u0219teiu\" \/>\n<meta name=\"twitter:card\" content=\"summary_large_image\" \/>\n<meta name=\"twitter:label1\" content=\"Written by\" \/>\n\t<meta name=\"twitter:data1\" content=\"Florin R\u00e2\u0219teiu\" \/>\n\t<meta name=\"twitter:label2\" content=\"Estimated reading time\" \/>\n\t<meta name=\"twitter:data2\" content=\"5 minutes\" \/>\n<script type=\"application\/ld+json\" class=\"yoast-schema-graph\">{\"@context\":\"https:\\\/\\\/schema.org\",\"@graph\":[{\"@type\":\"Article\",\"@id\":\"https:\\\/\\\/buletin.de\\\/bucuresti\\\/ce-se-intampla-in-bucuresti-de-ziua-copiilor\\\/#article\",\"isPartOf\":{\"@id\":\"https:\\\/\\\/buletin.de\\\/bucuresti\\\/ce-se-intampla-in-bucuresti-de-ziua-copiilor\\\/\"},\"author\":{\"name\":\"Florin R\u00e2\u0219teiu\",\"@id\":\"https:\\\/\\\/buletin.de\\\/bucuresti\\\/#\\\/schema\\\/person\\\/b0686d7a8b666c6afc78239777fd8a89\"},\"headline\":\"Ce se \u00eent\u00e2mpl\u0103 \u00een Bucure\u0219ti de Ziua Copiilor?\",\"datePublished\":\"2022-05-30T12:43:10+00:00\",\"dateModified\":\"2022-05-31T09:16:58+00:00\",\"mainEntityOfPage\":{\"@id\":\"https:\\\/\\\/buletin.de\\\/bucuresti\\\/ce-se-intampla-in-bucuresti-de-ziua-copiilor\\\/\"},\"wordCount\":710,\"publisher\":{\"@id\":\"https:\\\/\\\/buletin.de\\\/bucuresti\\\/#organization\"},\"image\":{\"@id\":\"https:\\\/\\\/buletin.de\\\/bucuresti\\\/ce-se-intampla-in-bucuresti-de-ziua-copiilor\\\/#primaryimage\"},\"thumbnailUrl\":\"https:\\\/\\\/buletin.de\\\/bucuresti\\\/wp-content\\\/uploads\\\/artem-kniaz-DqgMHzeio7g-unsplash.jpg\",\"articleSection\":[\"Featured\",\"\u0218tiri\"],\"inLanguage\":\"en-GB\",\"copyrightYear\":\"2022\",\"copyrightHolder\":{\"@id\":\"https:\\\/\\\/buletin.de\\\/bucuresti\\\/#organization\"}},{\"@type\":\"WebPage\",\"@id\":\"https:\\\/\\\/buletin.de\\\/bucuresti\\\/ce-se-intampla-in-bucuresti-de-ziua-copiilor\\\/\",\"url\":\"https:\\\/\\\/buletin.de\\\/bucuresti\\\/ce-se-intampla-in-bucuresti-de-ziua-copiilor\\\/\",\"name\":\"Ce se \u00eent\u00e2mpl\u0103 \u00een Bucure\u0219ti de Ziua Copiilor? - Buletin de Bucure\u0219ti\",\"isPartOf\":{\"@id\":\"https:\\\/\\\/buletin.de\\\/bucuresti\\\/#website\"},\"primaryImageOfPage\":{\"@id\":\"https:\\\/\\\/buletin.de\\\/bucuresti\\\/ce-se-intampla-in-bucuresti-de-ziua-copiilor\\\/#primaryimage\"},\"image\":{\"@id\":\"https:\\\/\\\/buletin.de\\\/bucuresti\\\/ce-se-intampla-in-bucuresti-de-ziua-copiilor\\\/#primaryimage\"},\"thumbnailUrl\":\"https:\\\/\\\/buletin.de\\\/bucuresti\\\/wp-content\\\/uploads\\\/artem-kniaz-DqgMHzeio7g-unsplash.jpg\",\"datePublished\":\"2022-05-30T12:43:10+00:00\",\"dateModified\":\"2022-05-31T09:16:58+00:00\",\"breadcrumb\":{\"@id\":\"https:\\\/\\\/buletin.de\\\/bucuresti\\\/ce-se-intampla-in-bucuresti-de-ziua-copiilor\\\/#breadcrumb\"},\"inLanguage\":\"en-GB\",\"potentialAction\":[{\"@type\":\"ReadAction\",\"target\":[\"https:\\\/\\\/buletin.de\\\/bucuresti\\\/ce-se-intampla-in-bucuresti-de-ziua-copiilor\\\/\"]}]},{\"@type\":\"ImageObject\",\"inLanguage\":\"en-GB\",\"@id\":\"https:\\\/\\\/buletin.de\\\/bucuresti\\\/ce-se-intampla-in-bucuresti-de-ziua-copiilor\\\/#primaryimage\",\"url\":\"https:\\\/\\\/buletin.de\\\/bucuresti\\\/wp-content\\\/uploads\\\/artem-kniaz-DqgMHzeio7g-unsplash.jpg\",\"contentUrl\":\"https:\\\/\\\/buletin.de\\\/bucuresti\\\/wp-content\\\/uploads\\\/artem-kniaz-DqgMHzeio7g-unsplash.jpg\",\"width\":2000,\"height\":1334},{\"@type\":\"BreadcrumbList\",\"@id\":\"https:\\\/\\\/buletin.de\\\/bucuresti\\\/ce-se-intampla-in-bucuresti-de-ziua-copiilor\\\/#breadcrumb\",\"itemListElement\":[{\"@type\":\"ListItem\",\"position\":1,\"name\":\"Acas\u0103\",\"item\":\"https:\\\/\\\/buletin.de\\\/bucuresti\\\/\"},{\"@type\":\"ListItem\",\"position\":2,\"name\":\"Ce se \u00eent\u00e2mpl\u0103 \u00een Bucure\u0219ti de Ziua Copiilor?\"}]},{\"@type\":\"WebSite\",\"@id\":\"https:\\\/\\\/buletin.de\\\/bucuresti\\\/#website\",\"url\":\"https:\\\/\\\/buletin.de\\\/bucuresti\\\/\",\"name\":\"Buletin de Bucure\u0219ti\",\"description\":\"\u0218tiri \u0219i investiga\u021bii esen\u021biale din capital\u0103\",\"publisher\":{\"@id\":\"https:\\\/\\\/buletin.de\\\/bucuresti\\\/#organization\"},\"potentialAction\":[{\"@type\":\"SearchAction\",\"target\":{\"@type\":\"EntryPoint\",\"urlTemplate\":\"https:\\\/\\\/buletin.de\\\/bucuresti\\\/?s={search_term_string}\"},\"query-input\":{\"@type\":\"PropertyValueSpecification\",\"valueRequired\":true,\"valueName\":\"search_term_string\"}}],\"inLanguage\":\"en-GB\"},{\"@type\":\"Organization\",\"@id\":\"https:\\\/\\\/buletin.de\\\/bucuresti\\\/#organization\",\"name\":\"Buletin de Bucure\u0219ti\",\"url\":\"https:\\\/\\\/buletin.de\\\/bucuresti\\\/\",\"logo\":{\"@type\":\"ImageObject\",\"inLanguage\":\"en-GB\",\"@id\":\"https:\\\/\\\/buletin.de\\\/bucuresti\\\/#\\\/schema\\\/logo\\\/image\\\/\",\"url\":\"https:\\\/\\\/buletin.de\\\/bucuresti\\\/wp-content\\\/uploads\\\/logo-bdb-full-wide-vernil-transparent.png\",\"contentUrl\":\"https:\\\/\\\/buletin.de\\\/bucuresti\\\/wp-content\\\/uploads\\\/logo-bdb-full-wide-vernil-transparent.png\",\"width\":1782,\"height\":626,\"caption\":\"Buletin de Bucure\u0219ti\"},\"image\":{\"@id\":\"https:\\\/\\\/buletin.de\\\/bucuresti\\\/#\\\/schema\\\/logo\\\/image\\\/\"},\"sameAs\":[\"https:\\\/\\\/www.facebook.com\\\/buletin.de.buc\",\"https:\\\/\\\/www.instagram.com\\\/buletinde.bucuresti\\\/\"]},{\"@type\":\"Person\",\"@id\":\"https:\\\/\\\/buletin.de\\\/bucuresti\\\/#\\\/schema\\\/person\\\/b0686d7a8b666c6afc78239777fd8a89\",\"name\":\"Florin R\u00e2\u0219teiu\",\"image\":{\"@type\":\"ImageObject\",\"inLanguage\":\"en-GB\",\"@id\":\"https:\\\/\\\/buletin.de\\\/bucuresti\\\/wp-content\\\/uploads\\\/Florin-Rasteiu-96x96.jpgf0a6fe28453aa12f0a60e4d0a2e3a78c\",\"url\":\"https:\\\/\\\/buletin.de\\\/bucuresti\\\/wp-content\\\/uploads\\\/Florin-Rasteiu-96x96.jpg\",\"contentUrl\":\"https:\\\/\\\/buletin.de\\\/bucuresti\\\/wp-content\\\/uploads\\\/Florin-Rasteiu-96x96.jpg\",\"caption\":\"Florin R\u00e2\u0219teiu\"},\"description\":\"Jurnalist de investiga\u021bie. Lucreaz\u0103 de aproape 6 ani la Buletin de Bucure\u0219ti, unde a publicat articole care scot la suprafa\u021b\u0103 corup\u021bia din Capital\u0103. Analizeaz\u0103 baze de date zilnic \u0219i scoate pove\u0219ti din exceluri pline de cifre. Pune reflectorul pe adev\u0103r cu fiecare ocazie. A c\u00e2\u0219tigat premiul I la categoria Pres\u0103 Local\u0103 \u00een 2025 \u0219i locul al II-lea la aceea\u0219i categorie \u00een 2024 \u00een cadrul Premiilor Superscrieri pentru jurnalism independent.\",\"url\":\"https:\\\/\\\/buletin.de\\\/bucuresti\\\/author\\\/florinrasteiu\\\/\"}]}<\/script>\n<!-- \/ Yoast SEO Premium plugin. -->","yoast_head_json":{"title":"Ce se \u00eent\u00e2mpl\u0103 \u00een Bucure\u0219ti de Ziua Copiilor? - Buletin de Bucure\u0219ti","robots":{"index":"index","follow":"follow","max-snippet":"max-snippet:-1","max-image-preview":"max-image-preview:large","max-video-preview":"max-video-preview:-1"},"canonical":"https:\/\/buletin.de\/bucuresti\/ce-se-intampla-in-bucuresti-de-ziua-copiilor\/","og_locale":"en_GB","og_type":"article","og_title":"Ce se \u00eent\u00e2mpl\u0103 \u00een Bucure\u0219ti de Ziua Copiilor?","og_description":"Pe 1 iunie, cu ocazia Zilei Copilului, Capitala va fi \u00eemp\u00e2nzit\u0103 de evenimente dedicate micilor bucure\u0219teni. \u00cen fiecare sector al Bucure\u0219tiului, autorit\u0103\u021bile sau ONG-urile locale organizeaz\u0103 ac\u021biuni pentru toate gusturile, de la Ziua Por\u021bilor Deschise la Parlament, parada micilor bicicli\u0219ti \u0219i p\u00e2n\u0103 la concertul sus\u021binut de Ga\u0219ca Zurli la Arenele Romane. Parada micilor bicicli\u0219ti Parada [&hellip;]","og_url":"https:\/\/buletin.de\/bucuresti\/ce-se-intampla-in-bucuresti-de-ziua-copiilor\/","og_site_name":"Buletin de Bucure\u0219ti","article_publisher":"https:\/\/www.facebook.com\/buletin.de.buc","article_published_time":"2022-05-30T12:43:10+00:00","article_modified_time":"2022-05-31T09:16:58+00:00","og_image":[{"width":2000,"height":1334,"url":"https:\/\/buletin.de\/bucuresti\/wp-content\/uploads\/artem-kniaz-DqgMHzeio7g-unsplash.jpg","type":"image\/jpeg"}],"author":"Florin R\u00e2\u0219teiu","twitter_card":"summary_large_image","twitter_misc":{"Written by":"Florin R\u00e2\u0219teiu","Estimated reading time":"5 minutes"},"schema":{"@context":"https:\/\/schema.org","@graph":[{"@type":"Article","@id":"https:\/\/buletin.de\/bucuresti\/ce-se-intampla-in-bucuresti-de-ziua-copiilor\/#article","isPartOf":{"@id":"https:\/\/buletin.de\/bucuresti\/ce-se-intampla-in-bucuresti-de-ziua-copiilor\/"},"author":{"name":"Florin R\u00e2\u0219teiu","@id":"https:\/\/buletin.de\/bucuresti\/#\/schema\/person\/b0686d7a8b666c6afc78239777fd8a89"},"headline":"Ce se \u00eent\u00e2mpl\u0103 \u00een Bucure\u0219ti de Ziua Copiilor?","datePublished":"2022-05-30T12:43:10+00:00","dateModified":"2022-05-31T09:16:58+00:00","mainEntityOfPage":{"@id":"https:\/\/buletin.de\/bucuresti\/ce-se-intampla-in-bucuresti-de-ziua-copiilor\/"},"wordCount":710,"publisher":{"@id":"https:\/\/buletin.de\/bucuresti\/#organization"},"image":{"@id":"https:\/\/buletin.de\/bucuresti\/ce-se-intampla-in-bucuresti-de-ziua-copiilor\/#primaryimage"},"thumbnailUrl":"https:\/\/buletin.de\/bucuresti\/wp-content\/uploads\/artem-kniaz-DqgMHzeio7g-unsplash.jpg","articleSection":["Featured","\u0218tiri"],"inLanguage":"en-GB","copyrightYear":"2022","copyrightHolder":{"@id":"https:\/\/buletin.de\/bucuresti\/#organization"}},{"@type":"WebPage","@id":"https:\/\/buletin.de\/bucuresti\/ce-se-intampla-in-bucuresti-de-ziua-copiilor\/","url":"https:\/\/buletin.de\/bucuresti\/ce-se-intampla-in-bucuresti-de-ziua-copiilor\/","name":"Ce se \u00eent\u00e2mpl\u0103 \u00een Bucure\u0219ti de Ziua Copiilor? - Buletin de Bucure\u0219ti","isPartOf":{"@id":"https:\/\/buletin.de\/bucuresti\/#website"},"primaryImageOfPage":{"@id":"https:\/\/buletin.de\/bucuresti\/ce-se-intampla-in-bucuresti-de-ziua-copiilor\/#primaryimage"},"image":{"@id":"https:\/\/buletin.de\/bucuresti\/ce-se-intampla-in-bucuresti-de-ziua-copiilor\/#primaryimage"},"thumbnailUrl":"https:\/\/buletin.de\/bucuresti\/wp-content\/uploads\/artem-kniaz-DqgMHzeio7g-unsplash.jpg","datePublished":"2022-05-30T12:43:10+00:00","dateModified":"2022-05-31T09:16:58+00:00","breadcrumb":{"@id":"https:\/\/buletin.de\/bucuresti\/ce-se-intampla-in-bucuresti-de-ziua-copiilor\/#breadcrumb"},"inLanguage":"en-GB","potentialAction":[{"@type":"ReadAction","target":["https:\/\/buletin.de\/bucuresti\/ce-se-intampla-in-bucuresti-de-ziua-copiilor\/"]}]},{"@type":"ImageObject","inLanguage":"en-GB","@id":"https:\/\/buletin.de\/bucuresti\/ce-se-intampla-in-bucuresti-de-ziua-copiilor\/#primaryimage","url":"https:\/\/buletin.de\/bucuresti\/wp-content\/uploads\/artem-kniaz-DqgMHzeio7g-unsplash.jpg","contentUrl":"https:\/\/buletin.de\/bucuresti\/wp-content\/uploads\/artem-kniaz-DqgMHzeio7g-unsplash.jpg","width":2000,"height":1334},{"@type":"BreadcrumbList","@id":"https:\/\/buletin.de\/bucuresti\/ce-se-intampla-in-bucuresti-de-ziua-copiilor\/#breadcrumb","itemListElement":[{"@type":"ListItem","position":1,"name":"Acas\u0103","item":"https:\/\/buletin.de\/bucuresti\/"},{"@type":"ListItem","position":2,"name":"Ce se \u00eent\u00e2mpl\u0103 \u00een Bucure\u0219ti de Ziua Copiilor?"}]},{"@type":"WebSite","@id":"https:\/\/buletin.de\/bucuresti\/#website","url":"https:\/\/buletin.de\/bucuresti\/","name":"Buletin de Bucure\u0219ti","description":"\u0218tiri \u0219i investiga\u021bii esen\u021biale din capital\u0103","publisher":{"@id":"https:\/\/buletin.de\/bucuresti\/#organization"},"potentialAction":[{"@type":"SearchAction","target":{"@type":"EntryPoint","urlTemplate":"https:\/\/buletin.de\/bucuresti\/?s={search_term_string}"},"query-input":{"@type":"PropertyValueSpecification","valueRequired":true,"valueName":"search_term_string"}}],"inLanguage":"en-GB"},{"@type":"Organization","@id":"https:\/\/buletin.de\/bucuresti\/#organization","name":"Buletin de Bucure\u0219ti","url":"https:\/\/buletin.de\/bucuresti\/","logo":{"@type":"ImageObject","inLanguage":"en-GB","@id":"https:\/\/buletin.de\/bucuresti\/#\/schema\/logo\/image\/","url":"https:\/\/buletin.de\/bucuresti\/wp-content\/uploads\/logo-bdb-full-wide-vernil-transparent.png","contentUrl":"https:\/\/buletin.de\/bucuresti\/wp-content\/uploads\/logo-bdb-full-wide-vernil-transparent.png","width":1782,"height":626,"caption":"Buletin de Bucure\u0219ti"},"image":{"@id":"https:\/\/buletin.de\/bucuresti\/#\/schema\/logo\/image\/"},"sameAs":["https:\/\/www.facebook.com\/buletin.de.buc","https:\/\/www.instagram.com\/buletinde.bucuresti\/"]},{"@type":"Person","@id":"https:\/\/buletin.de\/bucuresti\/#\/schema\/person\/b0686d7a8b666c6afc78239777fd8a89","name":"Florin R\u00e2\u0219teiu","image":{"@type":"ImageObject","inLanguage":"en-GB","@id":"https:\/\/buletin.de\/bucuresti\/wp-content\/uploads\/Florin-Rasteiu-96x96.jpgf0a6fe28453aa12f0a60e4d0a2e3a78c","url":"https:\/\/buletin.de\/bucuresti\/wp-content\/uploads\/Florin-Rasteiu-96x96.jpg","contentUrl":"https:\/\/buletin.de\/bucuresti\/wp-content\/uploads\/Florin-Rasteiu-96x96.jpg","caption":"Florin R\u00e2\u0219teiu"},"description":"Jurnalist de investiga\u021bie. Lucreaz\u0103 de aproape 6 ani la Buletin de Bucure\u0219ti, unde a publicat articole care scot la suprafa\u021b\u0103 corup\u021bia din Capital\u0103. Analizeaz\u0103 baze de date zilnic \u0219i scoate pove\u0219ti din exceluri pline de cifre. Pune reflectorul pe adev\u0103r cu fiecare ocazie. A c\u00e2\u0219tigat premiul I la categoria Pres\u0103 Local\u0103 \u00een 2025 \u0219i locul al II-lea la aceea\u0219i categorie \u00een 2024 \u00een cadrul Premiilor Superscrieri pentru jurnalism independent.","url":"https:\/\/buletin.de\/bucuresti\/author\/florinrasteiu\/"}]}},"authors":[{"term_id":22576,"user_id":17,"is_guest":0,"slug":"florinrasteiu","display_name":"Florin R\u00e2\u0219teiu","avatar_url":"https:\/\/buletin.de\/bucuresti\/wp-content\/uploads\/Florin-Rasteiu-96x96.jpg","0":null,"1":"","2":"","3":"","4":"","5":"","6":"","7":"","8":""}],"_links":{"self":[{"href":"https:\/\/buletin.de\/bucuresti\/wp-json\/wp\/v2\/posts\/43082","targetHints":{"allow":["GET"]}}],"collection":[{"href":"https:\/\/buletin.de\/bucuresti\/wp-json\/wp\/v2\/posts"}],"about":[{"href":"https:\/\/buletin.de\/bucuresti\/wp-json\/wp\/v2\/types\/post"}],"author":[{"embeddable":true,"href":"https:\/\/buletin.de\/bucuresti\/wp-json\/wp\/v2\/users\/17"}],"replies":[{"embeddable":true,"href":"https:\/\/buletin.de\/bucuresti\/wp-json\/wp\/v2\/comments?post=43082"}],"version-history":[{"count":9,"href":"https:\/\/buletin.de\/bucuresti\/wp-json\/wp\/v2\/posts\/43082\/revisions"}],"predecessor-version":[{"id":43116,"href":"https:\/\/buletin.de\/bucuresti\/wp-json\/wp\/v2\/posts\/43082\/revisions\/43116"}],"wp:featuredmedia":[{"embeddable":true,"href":"https:\/\/buletin.de\/bucuresti\/wp-json\/wp\/v2\/media\/43102"}],"wp:attachment":[{"href":"https:\/\/buletin.de\/bucuresti\/wp-json\/wp\/v2\/media?parent=43082"}],"wp:term":[{"taxonomy":"category","embeddable":true,"href":"https:\/\/buletin.de\/bucuresti\/wp-json\/wp\/v2\/categories?post=43082"},{"taxonomy":"post_tag","embeddable":true,"href":"https:\/\/buletin.de\/bucuresti\/wp-json\/wp\/v2\/tags?post=43082"},{"taxonomy":"author","embeddable":true,"href":"https:\/\/buletin.de\/bucuresti\/wp-json\/wp\/v2\/ppma_author?post=43082"}],"curies":[{"name":"wp","href":"https:\/\/api.w.org\/{rel}","templated":true}]}}