{"id":43077,"date":"2022-05-30T11:43:17","date_gmt":"2022-05-30T09:43:17","guid":{"rendered":"https:\/\/buletin.de\/bucuresti\/?p=43077"},"modified":"2022-05-30T11:55:42","modified_gmt":"2022-05-30T09:55:42","slug":"usr-primul-partid-care-isi-anunta-candidatul-la-primaria-sector-5-alexandru-dimitriu-vrea-sa-i-ia-locul-lui-piedone","status":"publish","type":"post","link":"https:\/\/buletin.de\/bucuresti\/usr-primul-partid-care-isi-anunta-candidatul-la-primaria-sector-5-alexandru-dimitriu-vrea-sa-i-ia-locul-lui-piedone\/","title":{"rendered":"USR, primul partid care \u00ee\u0219i anun\u021b\u0103 candidatul la Prim\u0103ria Sector 5. Alexandru Dimitriu vrea s\u0103-i ia locul lui Piedone"},"content":{"rendered":"\n<p>Prima candidatur\u0103 oficial\u0103 la fotoliul de edil al Sectorului 5 a fost anun\u021bat\u0103, ast\u0103zi, de USR. Avocatul Alexandru Dimitriu este alegerea partidului pentru cursa electoral\u0103 ce se va lansa \u00een cur\u00e2nd. Dimitriu a fost membru PNL timp de 10 ani, secretar de stat \u00een Ministerul Justi\u021biei \u00een mandatul lui Stelian Ion \u0219i fost concurent la show-ul &#8220;Vara Ispitelor&#8221; de la ProTv. A mai fost anun\u021bat candidat, \u00een 2000, pentru aceea\u0219i func\u021bie, dar nu a mai concurat. \u00cen prezent este consilier local USR.<\/p>\n\n\n\n<p>Alexandru Dimitriu a declarat, la conferin\u021ba de pres\u0103 de lansare a candidaturii sale, c\u0103 prioritatea mandatului s\u0103u va fi combaterea corup\u021biei.<\/p>\n\n\n\n<p>\u201dAlegerile pe care le avem \u00een fa\u021b\u0103 nu este despre alegerea r\u0103ului cel mai mic. Este despre Sectorul 5 \u0219i despre responsabilitate. (&#8230;) Sectorul 5 este blestemat \u00een ultimii 20 de ani. \u0218i spun asta cu toat\u0103 t\u0103ria. S-a pogor\u00e2t un blestem al infrac\u021biunilor \u0219i al corup\u021biei. \u00cen ultimii 22 de ani am avut doar primari condamna\u021bi penal sau cerceta\u021bi penal. Marian Vanghelie, Daniel Florea \u0219i acum, la final, dublul condamnat penal, Cristian Popescu Piedone. To\u021bi din PSD \u0219i sus\u021binu\u021bi de PSD . Acest stil de a face politic\u0103 trebuie s\u0103 dispar\u0103. Nu suntem \u00een locul \u00een care putem continua a\u0219a. Alternativa e clar\u0103, este evident\u0103. Vorbim despre o administra\u021bie \u00een care legea trebuie s\u0103 domneasc\u0103, \u00een care bunul sim\u021b trebuie s\u0103 fie \u00een prim\u0103rie\u201d, a spus Dimitriu.<\/p>\n\n\n\n<p>Alexandru Dimitriu este doctor \u00een drept \u0219i avocat, membru al Baroului Bucure\u0219ti. \u00centre 2007 \u0219i 2020 a lucrat \u00een cadrul societ\u0103\u021bii  <span style=\"font-size: revert; color: initial;\">\u201ePiperea<\/span> <span style=\"font-size: revert; color: initial;\">\u015fi Asocia\u0163ii\u201d<\/span>. \u00cen mandatul lui Stelian Ion la Ministerul Justi\u021biei, \u00eentre ianuarie \u0219i septembrie 2021 a fost secretar de stat. A participat \u0219i la un reality show, la ProTv, &#8220;Vara Ispitelor&#8221;, la \u00eenceputul anilor 2000.<\/p>\n\n\n\n<p>Dimitriu \u0219i-a \u00eenceput cariera politic\u0103 la PNL, partid \u00een care a fost membru mai bine de 10 ani. \u00cen 2020 a fost anun\u021bat candidat al USR pentru aceea\u0219i prim\u0103rie dar \u00een final nu a mai candidat dar este consilier local.<\/p>\n\n\n\n<p>Conform ultimei declara\u021bii de avere depuse de acesta, \u00een 2021, Dimitriu de\u021binea, \u00eempreun\u0103 cu so\u021bia, un teren de 340mp \u00een Bucure\u0219ti, un apartament de peste 130mp \u0219i un autoturism AUDI din 2014. Avea peste 81.000 de lei \u00een conturi \u0219i o datorie de 170.000 de lei la o banca. La capitolul venituri, Dimitriu a men\u021bionat salariile pe care le-a primit, \u00een 2020, de la Casa de avocatura Piperea, Editura Beck \u0219i Universitatea din Bucure\u0219ti.<\/p>\n\n\n\n<p><\/p>\n\n\n\n<p>Fotoliul de primar al Sectorului 5 a devenit vacant dup\u0103 ce Cristian Popescu Piedone, edilul ales \u00een 2020, a fost \u00eencarcerat pentru 4 ani \u00een dosarul Colectiv. Piedonea are \u0219i o interdic\u021bie de 5 ani de a mai ocupa func\u021bii publice. Alegerile de la Sectorul 5 vor fi organizate dup\u0103 ce prefectul de Bucure\u0219ti va anun\u021ba Guvernului vacantarea postului.<\/p>\n\n\n\n<p>Scrutinul va fi un adev\u0103rat examen pentru clasa politic\u0103 care va avea o fotografie a momentului pentru inten\u021bia de vot. \u0218i-au mai anun\u021bat inten\u021bia de a candida Vlad Popescu, fiul lui Cristian Popescu Piedone \u0219i Daniel Florea, fost edil al sectorului p\u00e2n\u0103 \u00een 2020. <\/p>\n\n\n\n<p>P\u00e2n\u0103 la alegerea unui nou edil, conducerea sectorului a fost preluat\u0103 de viceprimarul&nbsp;Mircea Nicolaidis&nbsp;de la Partidul Umanist Social Liberal.<\/p>\n\n\n\n<p><\/p>\n\n\n\n<p><\/p>\n","protected":false},"excerpt":{"rendered":"<p>Prima candidatur\u0103 oficial\u0103 la fotoliul de edil al Sectorului 5 a fost anun\u021bat\u0103, ast\u0103zi, de USR. Avocatul Alexandru Dimitriu este alegerea partidului pentru cursa electoral\u0103 ce se va lansa \u00een cur\u00e2nd. Dimitriu a fost membru PNL timp de 10 ani, secretar de stat \u00een Ministerul Justi\u021biei \u00een mandatul lui Stelian Ion \u0219i fost concurent la [&hellip;]<\/p>\n","protected":false},"author":18,"featured_media":43085,"comment_status":"closed","ping_status":"open","sticky":false,"template":"","format":"standard","meta":{"_acf_changed":false,"inline_featured_image":false,"ngg_post_thumbnail":0,"footnotes":""},"categories":[62],"tags":[224,1998,64],"ppma_author":[22579],"class_list":["post-43077","post","type-post","status-publish","format-standard","has-post-thumbnail","hentry","category-stiri","tag-candidat","tag-primaria-sector-5","tag-usr"],"acf":[],"yoast_head":"<!-- This site is optimized with the Yoast SEO Premium plugin v25.3 (Yoast SEO v27.4) - https:\/\/yoast.com\/product\/yoast-seo-premium-wordpress\/ -->\n<title>USR, primul partid care \u00ee\u0219i anun\u021b\u0103 candidatul la Prim\u0103ria Sector 5. Alexandru Dimitriu vrea s\u0103-i ia locul lui Piedone - Buletin de Bucure\u0219ti<\/title>\n<meta name=\"robots\" content=\"index, follow, max-snippet:-1, max-image-preview:large, max-video-preview:-1\" \/>\n<link rel=\"canonical\" href=\"https:\/\/buletin.de\/bucuresti\/usr-primul-partid-care-isi-anunta-candidatul-la-primaria-sector-5-alexandru-dimitriu-vrea-sa-i-ia-locul-lui-piedone\/\" \/>\n<meta property=\"og:locale\" content=\"en_GB\" \/>\n<meta property=\"og:type\" content=\"article\" \/>\n<meta property=\"og:title\" content=\"USR, primul partid care \u00ee\u0219i anun\u021b\u0103 candidatul la Prim\u0103ria Sector 5. Alexandru Dimitriu vrea s\u0103-i ia locul lui Piedone\" \/>\n<meta property=\"og:description\" content=\"Prima candidatur\u0103 oficial\u0103 la fotoliul de edil al Sectorului 5 a fost anun\u021bat\u0103, ast\u0103zi, de USR. Avocatul Alexandru Dimitriu este alegerea partidului pentru cursa electoral\u0103 ce se va lansa \u00een cur\u00e2nd. Dimitriu a fost membru PNL timp de 10 ani, secretar de stat \u00een Ministerul Justi\u021biei \u00een mandatul lui Stelian Ion \u0219i fost concurent la [&hellip;]\" \/>\n<meta property=\"og:url\" content=\"https:\/\/buletin.de\/bucuresti\/usr-primul-partid-care-isi-anunta-candidatul-la-primaria-sector-5-alexandru-dimitriu-vrea-sa-i-ia-locul-lui-piedone\/\" \/>\n<meta property=\"og:site_name\" content=\"Buletin de Bucure\u0219ti\" \/>\n<meta property=\"article:publisher\" content=\"https:\/\/www.facebook.com\/buletin.de.buc\" \/>\n<meta property=\"article:published_time\" content=\"2022-05-30T09:43:17+00:00\" \/>\n<meta property=\"article:modified_time\" content=\"2022-05-30T09:55:42+00:00\" \/>\n<meta property=\"og:image\" content=\"https:\/\/buletin.de\/bucuresti\/wp-content\/uploads\/alexandru-dimitriu.png\" \/>\n\t<meta property=\"og:image:width\" content=\"931\" \/>\n\t<meta property=\"og:image:height\" content=\"467\" \/>\n\t<meta property=\"og:image:type\" content=\"image\/png\" \/>\n<meta name=\"author\" content=\"Teodora Stroe\" \/>\n<meta name=\"twitter:card\" content=\"summary_large_image\" \/>\n<meta name=\"twitter:label1\" content=\"Written by\" \/>\n\t<meta name=\"twitter:data1\" content=\"Teodora Stroe\" \/>\n\t<meta name=\"twitter:label2\" content=\"Estimated reading time\" \/>\n\t<meta name=\"twitter:data2\" content=\"3 minutes\" \/>\n<script type=\"application\/ld+json\" class=\"yoast-schema-graph\">{\"@context\":\"https:\\\/\\\/schema.org\",\"@graph\":[{\"@type\":\"Article\",\"@id\":\"https:\\\/\\\/buletin.de\\\/bucuresti\\\/usr-primul-partid-care-isi-anunta-candidatul-la-primaria-sector-5-alexandru-dimitriu-vrea-sa-i-ia-locul-lui-piedone\\\/#article\",\"isPartOf\":{\"@id\":\"https:\\\/\\\/buletin.de\\\/bucuresti\\\/usr-primul-partid-care-isi-anunta-candidatul-la-primaria-sector-5-alexandru-dimitriu-vrea-sa-i-ia-locul-lui-piedone\\\/\"},\"author\":{\"name\":\"Teodora Stroe\",\"@id\":\"https:\\\/\\\/buletin.de\\\/bucuresti\\\/#\\\/schema\\\/person\\\/d369d7ddc775abece205795e0b804614\"},\"headline\":\"USR, primul partid care \u00ee\u0219i anun\u021b\u0103 candidatul la Prim\u0103ria Sector 5. Alexandru Dimitriu vrea s\u0103-i ia locul lui Piedone\",\"datePublished\":\"2022-05-30T09:43:17+00:00\",\"dateModified\":\"2022-05-30T09:55:42+00:00\",\"mainEntityOfPage\":{\"@id\":\"https:\\\/\\\/buletin.de\\\/bucuresti\\\/usr-primul-partid-care-isi-anunta-candidatul-la-primaria-sector-5-alexandru-dimitriu-vrea-sa-i-ia-locul-lui-piedone\\\/\"},\"wordCount\":568,\"publisher\":{\"@id\":\"https:\\\/\\\/buletin.de\\\/bucuresti\\\/#organization\"},\"image\":{\"@id\":\"https:\\\/\\\/buletin.de\\\/bucuresti\\\/usr-primul-partid-care-isi-anunta-candidatul-la-primaria-sector-5-alexandru-dimitriu-vrea-sa-i-ia-locul-lui-piedone\\\/#primaryimage\"},\"thumbnailUrl\":\"https:\\\/\\\/buletin.de\\\/bucuresti\\\/wp-content\\\/uploads\\\/alexandru-dimitriu.png\",\"keywords\":[\"candidat\",\"primaria sector 5\",\"usr\"],\"articleSection\":[\"\u0218tiri\"],\"inLanguage\":\"en-GB\",\"copyrightYear\":\"2022\",\"copyrightHolder\":{\"@id\":\"https:\\\/\\\/buletin.de\\\/bucuresti\\\/#organization\"}},{\"@type\":\"WebPage\",\"@id\":\"https:\\\/\\\/buletin.de\\\/bucuresti\\\/usr-primul-partid-care-isi-anunta-candidatul-la-primaria-sector-5-alexandru-dimitriu-vrea-sa-i-ia-locul-lui-piedone\\\/\",\"url\":\"https:\\\/\\\/buletin.de\\\/bucuresti\\\/usr-primul-partid-care-isi-anunta-candidatul-la-primaria-sector-5-alexandru-dimitriu-vrea-sa-i-ia-locul-lui-piedone\\\/\",\"name\":\"USR, primul partid care \u00ee\u0219i anun\u021b\u0103 candidatul la Prim\u0103ria Sector 5. Alexandru Dimitriu vrea s\u0103-i ia locul lui Piedone - Buletin de Bucure\u0219ti\",\"isPartOf\":{\"@id\":\"https:\\\/\\\/buletin.de\\\/bucuresti\\\/#website\"},\"primaryImageOfPage\":{\"@id\":\"https:\\\/\\\/buletin.de\\\/bucuresti\\\/usr-primul-partid-care-isi-anunta-candidatul-la-primaria-sector-5-alexandru-dimitriu-vrea-sa-i-ia-locul-lui-piedone\\\/#primaryimage\"},\"image\":{\"@id\":\"https:\\\/\\\/buletin.de\\\/bucuresti\\\/usr-primul-partid-care-isi-anunta-candidatul-la-primaria-sector-5-alexandru-dimitriu-vrea-sa-i-ia-locul-lui-piedone\\\/#primaryimage\"},\"thumbnailUrl\":\"https:\\\/\\\/buletin.de\\\/bucuresti\\\/wp-content\\\/uploads\\\/alexandru-dimitriu.png\",\"datePublished\":\"2022-05-30T09:43:17+00:00\",\"dateModified\":\"2022-05-30T09:55:42+00:00\",\"breadcrumb\":{\"@id\":\"https:\\\/\\\/buletin.de\\\/bucuresti\\\/usr-primul-partid-care-isi-anunta-candidatul-la-primaria-sector-5-alexandru-dimitriu-vrea-sa-i-ia-locul-lui-piedone\\\/#breadcrumb\"},\"inLanguage\":\"en-GB\",\"potentialAction\":[{\"@type\":\"ReadAction\",\"target\":[\"https:\\\/\\\/buletin.de\\\/bucuresti\\\/usr-primul-partid-care-isi-anunta-candidatul-la-primaria-sector-5-alexandru-dimitriu-vrea-sa-i-ia-locul-lui-piedone\\\/\"]}]},{\"@type\":\"ImageObject\",\"inLanguage\":\"en-GB\",\"@id\":\"https:\\\/\\\/buletin.de\\\/bucuresti\\\/usr-primul-partid-care-isi-anunta-candidatul-la-primaria-sector-5-alexandru-dimitriu-vrea-sa-i-ia-locul-lui-piedone\\\/#primaryimage\",\"url\":\"https:\\\/\\\/buletin.de\\\/bucuresti\\\/wp-content\\\/uploads\\\/alexandru-dimitriu.png\",\"contentUrl\":\"https:\\\/\\\/buletin.de\\\/bucuresti\\\/wp-content\\\/uploads\\\/alexandru-dimitriu.png\",\"width\":931,\"height\":467},{\"@type\":\"BreadcrumbList\",\"@id\":\"https:\\\/\\\/buletin.de\\\/bucuresti\\\/usr-primul-partid-care-isi-anunta-candidatul-la-primaria-sector-5-alexandru-dimitriu-vrea-sa-i-ia-locul-lui-piedone\\\/#breadcrumb\",\"itemListElement\":[{\"@type\":\"ListItem\",\"position\":1,\"name\":\"Acas\u0103\",\"item\":\"https:\\\/\\\/buletin.de\\\/bucuresti\\\/\"},{\"@type\":\"ListItem\",\"position\":2,\"name\":\"USR, primul partid care \u00ee\u0219i anun\u021b\u0103 candidatul la Prim\u0103ria Sector 5. Alexandru Dimitriu vrea s\u0103-i ia locul lui Piedone\"}]},{\"@type\":\"WebSite\",\"@id\":\"https:\\\/\\\/buletin.de\\\/bucuresti\\\/#website\",\"url\":\"https:\\\/\\\/buletin.de\\\/bucuresti\\\/\",\"name\":\"Buletin de Bucure\u0219ti\",\"description\":\"\u0218tiri \u0219i investiga\u021bii esen\u021biale din capital\u0103\",\"publisher\":{\"@id\":\"https:\\\/\\\/buletin.de\\\/bucuresti\\\/#organization\"},\"potentialAction\":[{\"@type\":\"SearchAction\",\"target\":{\"@type\":\"EntryPoint\",\"urlTemplate\":\"https:\\\/\\\/buletin.de\\\/bucuresti\\\/?s={search_term_string}\"},\"query-input\":{\"@type\":\"PropertyValueSpecification\",\"valueRequired\":true,\"valueName\":\"search_term_string\"}}],\"inLanguage\":\"en-GB\"},{\"@type\":\"Organization\",\"@id\":\"https:\\\/\\\/buletin.de\\\/bucuresti\\\/#organization\",\"name\":\"Buletin de Bucure\u0219ti\",\"url\":\"https:\\\/\\\/buletin.de\\\/bucuresti\\\/\",\"logo\":{\"@type\":\"ImageObject\",\"inLanguage\":\"en-GB\",\"@id\":\"https:\\\/\\\/buletin.de\\\/bucuresti\\\/#\\\/schema\\\/logo\\\/image\\\/\",\"url\":\"https:\\\/\\\/buletin.de\\\/bucuresti\\\/wp-content\\\/uploads\\\/logo-bdb-full-wide-vernil-transparent.png\",\"contentUrl\":\"https:\\\/\\\/buletin.de\\\/bucuresti\\\/wp-content\\\/uploads\\\/logo-bdb-full-wide-vernil-transparent.png\",\"width\":1782,\"height\":626,\"caption\":\"Buletin de Bucure\u0219ti\"},\"image\":{\"@id\":\"https:\\\/\\\/buletin.de\\\/bucuresti\\\/#\\\/schema\\\/logo\\\/image\\\/\"},\"sameAs\":[\"https:\\\/\\\/www.facebook.com\\\/buletin.de.buc\",\"https:\\\/\\\/www.instagram.com\\\/buletinde.bucuresti\\\/\"]},{\"@type\":\"Person\",\"@id\":\"https:\\\/\\\/buletin.de\\\/bucuresti\\\/#\\\/schema\\\/person\\\/d369d7ddc775abece205795e0b804614\",\"name\":\"Teodora Stroe\",\"image\":{\"@type\":\"ImageObject\",\"inLanguage\":\"en-GB\",\"@id\":\"https:\\\/\\\/secure.gravatar.com\\\/avatar\\\/2560b4cd9f5f1bc100b123158e657d75584bd1c3e1d9c69285720b9457c1b78d?s=96&d=monsterid&r=gc104800242ba5f2d78dd5d7dc4df08b6\",\"url\":\"https:\\\/\\\/secure.gravatar.com\\\/avatar\\\/2560b4cd9f5f1bc100b123158e657d75584bd1c3e1d9c69285720b9457c1b78d?s=96&d=monsterid&r=g\",\"contentUrl\":\"https:\\\/\\\/secure.gravatar.com\\\/avatar\\\/2560b4cd9f5f1bc100b123158e657d75584bd1c3e1d9c69285720b9457c1b78d?s=96&d=monsterid&r=g\",\"caption\":\"Teodora Stroe\"},\"url\":\"https:\\\/\\\/buletin.de\\\/bucuresti\\\/author\\\/simonacarlugea\\\/\"}]}<\/script>\n<!-- \/ Yoast SEO Premium plugin. -->","yoast_head_json":{"title":"USR, primul partid care \u00ee\u0219i anun\u021b\u0103 candidatul la Prim\u0103ria Sector 5. Alexandru Dimitriu vrea s\u0103-i ia locul lui Piedone - Buletin de Bucure\u0219ti","robots":{"index":"index","follow":"follow","max-snippet":"max-snippet:-1","max-image-preview":"max-image-preview:large","max-video-preview":"max-video-preview:-1"},"canonical":"https:\/\/buletin.de\/bucuresti\/usr-primul-partid-care-isi-anunta-candidatul-la-primaria-sector-5-alexandru-dimitriu-vrea-sa-i-ia-locul-lui-piedone\/","og_locale":"en_GB","og_type":"article","og_title":"USR, primul partid care \u00ee\u0219i anun\u021b\u0103 candidatul la Prim\u0103ria Sector 5. Alexandru Dimitriu vrea s\u0103-i ia locul lui Piedone","og_description":"Prima candidatur\u0103 oficial\u0103 la fotoliul de edil al Sectorului 5 a fost anun\u021bat\u0103, ast\u0103zi, de USR. Avocatul Alexandru Dimitriu este alegerea partidului pentru cursa electoral\u0103 ce se va lansa \u00een cur\u00e2nd. Dimitriu a fost membru PNL timp de 10 ani, secretar de stat \u00een Ministerul Justi\u021biei \u00een mandatul lui Stelian Ion \u0219i fost concurent la [&hellip;]","og_url":"https:\/\/buletin.de\/bucuresti\/usr-primul-partid-care-isi-anunta-candidatul-la-primaria-sector-5-alexandru-dimitriu-vrea-sa-i-ia-locul-lui-piedone\/","og_site_name":"Buletin de Bucure\u0219ti","article_publisher":"https:\/\/www.facebook.com\/buletin.de.buc","article_published_time":"2022-05-30T09:43:17+00:00","article_modified_time":"2022-05-30T09:55:42+00:00","og_image":[{"width":931,"height":467,"url":"https:\/\/buletin.de\/bucuresti\/wp-content\/uploads\/alexandru-dimitriu.png","type":"image\/png"}],"author":"Teodora Stroe","twitter_card":"summary_large_image","twitter_misc":{"Written by":"Teodora Stroe","Estimated reading time":"3 minutes"},"schema":{"@context":"https:\/\/schema.org","@graph":[{"@type":"Article","@id":"https:\/\/buletin.de\/bucuresti\/usr-primul-partid-care-isi-anunta-candidatul-la-primaria-sector-5-alexandru-dimitriu-vrea-sa-i-ia-locul-lui-piedone\/#article","isPartOf":{"@id":"https:\/\/buletin.de\/bucuresti\/usr-primul-partid-care-isi-anunta-candidatul-la-primaria-sector-5-alexandru-dimitriu-vrea-sa-i-ia-locul-lui-piedone\/"},"author":{"name":"Teodora Stroe","@id":"https:\/\/buletin.de\/bucuresti\/#\/schema\/person\/d369d7ddc775abece205795e0b804614"},"headline":"USR, primul partid care \u00ee\u0219i anun\u021b\u0103 candidatul la Prim\u0103ria Sector 5. Alexandru Dimitriu vrea s\u0103-i ia locul lui Piedone","datePublished":"2022-05-30T09:43:17+00:00","dateModified":"2022-05-30T09:55:42+00:00","mainEntityOfPage":{"@id":"https:\/\/buletin.de\/bucuresti\/usr-primul-partid-care-isi-anunta-candidatul-la-primaria-sector-5-alexandru-dimitriu-vrea-sa-i-ia-locul-lui-piedone\/"},"wordCount":568,"publisher":{"@id":"https:\/\/buletin.de\/bucuresti\/#organization"},"image":{"@id":"https:\/\/buletin.de\/bucuresti\/usr-primul-partid-care-isi-anunta-candidatul-la-primaria-sector-5-alexandru-dimitriu-vrea-sa-i-ia-locul-lui-piedone\/#primaryimage"},"thumbnailUrl":"https:\/\/buletin.de\/bucuresti\/wp-content\/uploads\/alexandru-dimitriu.png","keywords":["candidat","primaria sector 5","usr"],"articleSection":["\u0218tiri"],"inLanguage":"en-GB","copyrightYear":"2022","copyrightHolder":{"@id":"https:\/\/buletin.de\/bucuresti\/#organization"}},{"@type":"WebPage","@id":"https:\/\/buletin.de\/bucuresti\/usr-primul-partid-care-isi-anunta-candidatul-la-primaria-sector-5-alexandru-dimitriu-vrea-sa-i-ia-locul-lui-piedone\/","url":"https:\/\/buletin.de\/bucuresti\/usr-primul-partid-care-isi-anunta-candidatul-la-primaria-sector-5-alexandru-dimitriu-vrea-sa-i-ia-locul-lui-piedone\/","name":"USR, primul partid care \u00ee\u0219i anun\u021b\u0103 candidatul la Prim\u0103ria Sector 5. Alexandru Dimitriu vrea s\u0103-i ia locul lui Piedone - Buletin de Bucure\u0219ti","isPartOf":{"@id":"https:\/\/buletin.de\/bucuresti\/#website"},"primaryImageOfPage":{"@id":"https:\/\/buletin.de\/bucuresti\/usr-primul-partid-care-isi-anunta-candidatul-la-primaria-sector-5-alexandru-dimitriu-vrea-sa-i-ia-locul-lui-piedone\/#primaryimage"},"image":{"@id":"https:\/\/buletin.de\/bucuresti\/usr-primul-partid-care-isi-anunta-candidatul-la-primaria-sector-5-alexandru-dimitriu-vrea-sa-i-ia-locul-lui-piedone\/#primaryimage"},"thumbnailUrl":"https:\/\/buletin.de\/bucuresti\/wp-content\/uploads\/alexandru-dimitriu.png","datePublished":"2022-05-30T09:43:17+00:00","dateModified":"2022-05-30T09:55:42+00:00","breadcrumb":{"@id":"https:\/\/buletin.de\/bucuresti\/usr-primul-partid-care-isi-anunta-candidatul-la-primaria-sector-5-alexandru-dimitriu-vrea-sa-i-ia-locul-lui-piedone\/#breadcrumb"},"inLanguage":"en-GB","potentialAction":[{"@type":"ReadAction","target":["https:\/\/buletin.de\/bucuresti\/usr-primul-partid-care-isi-anunta-candidatul-la-primaria-sector-5-alexandru-dimitriu-vrea-sa-i-ia-locul-lui-piedone\/"]}]},{"@type":"ImageObject","inLanguage":"en-GB","@id":"https:\/\/buletin.de\/bucuresti\/usr-primul-partid-care-isi-anunta-candidatul-la-primaria-sector-5-alexandru-dimitriu-vrea-sa-i-ia-locul-lui-piedone\/#primaryimage","url":"https:\/\/buletin.de\/bucuresti\/wp-content\/uploads\/alexandru-dimitriu.png","contentUrl":"https:\/\/buletin.de\/bucuresti\/wp-content\/uploads\/alexandru-dimitriu.png","width":931,"height":467},{"@type":"BreadcrumbList","@id":"https:\/\/buletin.de\/bucuresti\/usr-primul-partid-care-isi-anunta-candidatul-la-primaria-sector-5-alexandru-dimitriu-vrea-sa-i-ia-locul-lui-piedone\/#breadcrumb","itemListElement":[{"@type":"ListItem","position":1,"name":"Acas\u0103","item":"https:\/\/buletin.de\/bucuresti\/"},{"@type":"ListItem","position":2,"name":"USR, primul partid care \u00ee\u0219i anun\u021b\u0103 candidatul la Prim\u0103ria Sector 5. Alexandru Dimitriu vrea s\u0103-i ia locul lui Piedone"}]},{"@type":"WebSite","@id":"https:\/\/buletin.de\/bucuresti\/#website","url":"https:\/\/buletin.de\/bucuresti\/","name":"Buletin de Bucure\u0219ti","description":"\u0218tiri \u0219i investiga\u021bii esen\u021biale din capital\u0103","publisher":{"@id":"https:\/\/buletin.de\/bucuresti\/#organization"},"potentialAction":[{"@type":"SearchAction","target":{"@type":"EntryPoint","urlTemplate":"https:\/\/buletin.de\/bucuresti\/?s={search_term_string}"},"query-input":{"@type":"PropertyValueSpecification","valueRequired":true,"valueName":"search_term_string"}}],"inLanguage":"en-GB"},{"@type":"Organization","@id":"https:\/\/buletin.de\/bucuresti\/#organization","name":"Buletin de Bucure\u0219ti","url":"https:\/\/buletin.de\/bucuresti\/","logo":{"@type":"ImageObject","inLanguage":"en-GB","@id":"https:\/\/buletin.de\/bucuresti\/#\/schema\/logo\/image\/","url":"https:\/\/buletin.de\/bucuresti\/wp-content\/uploads\/logo-bdb-full-wide-vernil-transparent.png","contentUrl":"https:\/\/buletin.de\/bucuresti\/wp-content\/uploads\/logo-bdb-full-wide-vernil-transparent.png","width":1782,"height":626,"caption":"Buletin de Bucure\u0219ti"},"image":{"@id":"https:\/\/buletin.de\/bucuresti\/#\/schema\/logo\/image\/"},"sameAs":["https:\/\/www.facebook.com\/buletin.de.buc","https:\/\/www.instagram.com\/buletinde.bucuresti\/"]},{"@type":"Person","@id":"https:\/\/buletin.de\/bucuresti\/#\/schema\/person\/d369d7ddc775abece205795e0b804614","name":"Teodora Stroe","image":{"@type":"ImageObject","inLanguage":"en-GB","@id":"https:\/\/secure.gravatar.com\/avatar\/2560b4cd9f5f1bc100b123158e657d75584bd1c3e1d9c69285720b9457c1b78d?s=96&d=monsterid&r=gc104800242ba5f2d78dd5d7dc4df08b6","url":"https:\/\/secure.gravatar.com\/avatar\/2560b4cd9f5f1bc100b123158e657d75584bd1c3e1d9c69285720b9457c1b78d?s=96&d=monsterid&r=g","contentUrl":"https:\/\/secure.gravatar.com\/avatar\/2560b4cd9f5f1bc100b123158e657d75584bd1c3e1d9c69285720b9457c1b78d?s=96&d=monsterid&r=g","caption":"Teodora Stroe"},"url":"https:\/\/buletin.de\/bucuresti\/author\/simonacarlugea\/"}]}},"authors":[{"term_id":22579,"user_id":18,"is_guest":0,"slug":"simonacarlugea","display_name":"Teodora Stroe","avatar_url":"https:\/\/secure.gravatar.com\/avatar\/2560b4cd9f5f1bc100b123158e657d75584bd1c3e1d9c69285720b9457c1b78d?s=96&d=monsterid&r=g","0":null,"1":"","2":"","3":"","4":"","5":"","6":"","7":"","8":""}],"_links":{"self":[{"href":"https:\/\/buletin.de\/bucuresti\/wp-json\/wp\/v2\/posts\/43077","targetHints":{"allow":["GET"]}}],"collection":[{"href":"https:\/\/buletin.de\/bucuresti\/wp-json\/wp\/v2\/posts"}],"about":[{"href":"https:\/\/buletin.de\/bucuresti\/wp-json\/wp\/v2\/types\/post"}],"author":[{"embeddable":true,"href":"https:\/\/buletin.de\/bucuresti\/wp-json\/wp\/v2\/users\/18"}],"replies":[{"embeddable":true,"href":"https:\/\/buletin.de\/bucuresti\/wp-json\/wp\/v2\/comments?post=43077"}],"version-history":[{"count":4,"href":"https:\/\/buletin.de\/bucuresti\/wp-json\/wp\/v2\/posts\/43077\/revisions"}],"predecessor-version":[{"id":43087,"href":"https:\/\/buletin.de\/bucuresti\/wp-json\/wp\/v2\/posts\/43077\/revisions\/43087"}],"wp:featuredmedia":[{"embeddable":true,"href":"https:\/\/buletin.de\/bucuresti\/wp-json\/wp\/v2\/media\/43085"}],"wp:attachment":[{"href":"https:\/\/buletin.de\/bucuresti\/wp-json\/wp\/v2\/media?parent=43077"}],"wp:term":[{"taxonomy":"category","embeddable":true,"href":"https:\/\/buletin.de\/bucuresti\/wp-json\/wp\/v2\/categories?post=43077"},{"taxonomy":"post_tag","embeddable":true,"href":"https:\/\/buletin.de\/bucuresti\/wp-json\/wp\/v2\/tags?post=43077"},{"taxonomy":"author","embeddable":true,"href":"https:\/\/buletin.de\/bucuresti\/wp-json\/wp\/v2\/ppma_author?post=43077"}],"curies":[{"name":"wp","href":"https:\/\/api.w.org\/{rel}","templated":true}]}}