{"id":42981,"date":"2022-05-25T10:59:04","date_gmt":"2022-05-25T08:59:04","guid":{"rendered":"https:\/\/buletin.de\/bucuresti\/?p=42981"},"modified":"2022-05-25T10:59:05","modified_gmt":"2022-05-25T08:59:05","slug":"parcarea-cora-pantelimon-functionala","status":"publish","type":"post","link":"https:\/\/buletin.de\/bucuresti\/parcarea-cora-pantelimon-functionala\/","title":{"rendered":"Parcarea Cora Pantelimon, func\u021bional\u0103"},"content":{"rendered":"\n<p>\u00cen aceast\u0103 diminea\u021b\u0103 s-a deschis parcarea de la Cora Pantelimon, parte din Nodul Intermodal Park&amp;Ride.  Parcarea are 500 de locuri \u0219i func\u021bioneaz\u0103 non-stop, accesul fiind gratuit p\u00e2n\u0103 c\u00e2nd Consiliul General va stabili tarifele \u0219i administratorul parc\u0103rii care, cel mai probabil, va fi Administra\u021bia Str\u0103zilor Bucure\u0219ti.<\/p>\n\n\n\n<p><em>Azi diminea\u021b\u0103 s-a deschis parcarea de la Cora Pantelimon! \u0218oferii care intr\u0103 \u00een Bucure\u0219ti prin partea de est a ora\u0219ului pot parca aici autoturismele personale \u0219i \u00ee\u0219i pot continua c\u0103l\u0103toria cu mijloacele de transport \u00een comun. Intrarea \u0219i ie\u0219irea se fac prin \u0218oseaua Pantelimon<\/em>, a anun\u021bat Nicu\u0219or Dan, pe pagina sa de Facebook.<\/p>\n\n\n\n<p>Proiectul unei parc\u0103ri \u00een Pantelimon a fost lansat \u00een timpul mandatului lui Sorin Oprescu. Construc\u021bia trebuia s\u0103 fie subteran\u0103, pe 2 niveluri. Ideea a fost, \u00eens\u0103, abandonat\u0103 \u00een 2012. <em> In urma studiilor de teren efectuate la faza de proiectare, s-a constatat ca din cauza panzei freatice care depasea cota fundatiilor este necesara schimbarea solutiei tehnice de proiectare a parcarii<\/em>, explica PMB, la acel moment decizia. <\/p>\n\n\n\n<p>Abia \u00een mandatul Gabrielei Firea a fost reluat proiectul \u0219i modificat, \u00een construc\u021bie suprateran\u0103. Investi\u021bia \u00eenceput\u0103 \u00een 2019, urma s\u0103 coste peste 100 de milioane de lei \u0219i trebuia s\u0103 fie gata \u00een 12 luni de la semnarea contractului. Ordinul de \u00eencepere a lucr\u0103rilor a fost dat \u00een august 2019, iar lucr\u0103rile au fost executate de asocierea Tehnologica Radion, TIAB si VIA Proiect.<\/p>\n\n\n\n<p>La venirea lui Nicu\u0219or Dan \u00een fotoliul de primar, \u00een 2020, stadiul lucr\u0103rilor la parcarea Cora Pantelimon era de 55%, dup\u0103 cum a declarat acesta. <\/p>\n\n\n\n<p><em>Vreau s\u0103 eviden\u021biez faptul c\u0103 la momentul prelu\u0103rii mandatului, aceast\u0103 construc\u021bie era la 55%, a\u0219a cum am spus azi suntem la 99% \u0219i vreau s\u0103 mul\u021bumesc constructorului pentru c\u0103 a continuat s\u0103 lucreze \u00een ritmul la care s-a angajat, chiar dac\u0103 noi nu am fost \u00een stare s\u0103 pl\u0103tim \u00een ritmul \u00een care noi ne-am angajat. Prim\u0103ria Capitalei a avut un blocaj financiar din care am reu\u0219it s\u0103 ie\u0219im \u00een martie-aprilie. Am pl\u0103tit o mare parte din datorii<\/em>, a explicat Nicu\u0219or Dan, \u00een iulie 2021, \u00een timpul unei vizite pe \u0219antier.<\/p>\n\n\n\n<p>\u0218i tot atunci, acum aproape un an, edilul \u0219ef al Capitalei anun\u021ba ca data de dare \u00een folosin\u021b\u0103 luna noiembrie 2021. <\/p>\n\n\n\n<p><em>Tot ce lipse\u0219te \u00een acest moment este un post de transformare, a\u0219a cum am vorbit cu echipa de constructori, acest post de transformare ar fi putut fi realizat din 2019 printr-un acord cu Enel, \u00eens\u0103 Prim\u0103ria nu \u0219i-a achitat obliga\u021biile de plat\u0103 \u0219i \u00eentre timp s-a schimbat legea, trebuie s\u0103-l facem noi. Asta e tot ce ne lipse\u0219te \u00een acest moment, <\/em>declara Nicu\u0219or Dan.<\/p>\n\n\n\n<figure class=\"wp-block-embed is-type-wp-embed is-provider-buletin-de-bucure\u0219ti wp-block-embed-buletin-de-bucure\u0219ti\"><div class=\"wp-block-embed__wrapper\">\n<blockquote class=\"wp-embedded-content\" data-secret=\"EOTNUIZku8\"><a href=\"https:\/\/buletin.de\/bucuresti\/parcarea-supraetajata-din-pantelimon-gata-inainte-de-1-noiembrie\/\">Parcarea supraetajat\u0103 din Pantelimon, gata \u00eenainte de 1 noiembrie<\/a><\/blockquote><iframe class=\"wp-embedded-content\" sandbox=\"allow-scripts\" security=\"restricted\" style=\"position: absolute; clip: rect(1px, 1px, 1px, 1px);\" title=\"&#8222;Parcarea supraetajat\u0103 din Pantelimon, gata \u00eenainte de 1 noiembrie&#8221; &#8212; Buletin de Bucure\u0219ti\" src=\"https:\/\/buletin.de\/bucuresti\/parcarea-supraetajata-din-pantelimon-gata-inainte-de-1-noiembrie\/embed\/#?secret=dyGb88YK5K#?secret=EOTNUIZku8\" data-secret=\"EOTNUIZku8\" width=\"600\" height=\"338\" frameborder=\"0\" marginwidth=\"0\" marginheight=\"0\" scrolling=\"no\"><\/iframe>\n<\/div><\/figure>\n\n\n\n<p><\/p>\n\n\n\n<p>A fost nevoie, \u00eens\u0103, de aproape \u00eenc\u0103 un an ca acest post de transformare s\u0103 fie proiectat, avizat \u0219i montat. <\/p>\n\n\n\n<p>Valoarea total\u0103 contractat\u0103 pentru realizarea \u00eentregului Nod Intermodal Pantelimon este de 100.308.193 lei inclusiv TVA \u0219i cuprinde lucr\u0103ri de realizare linii de tramvai, peroane, montare cabina cap linie, management cap\u0103t de linie tramvai si STB, drum, carosabil, trotuare, amenaj\u0103ri exterioare urbanistice, parcarea propriu-zis\u0103, amenaj\u0103ri exterioare edilitare, protej\u0103ri devieri re\u021bele.<\/p>\n\n\n\n<p>Valoarea exclusiv\u0103 a lucr\u0103rilor pentru realizarea Parc\u0103rii supraetajate, conform contract, este de 54.591.599,02 lei exclusiv TVA, respectiv 64.964.002,83 lei inclusiv TVA.<\/p>\n\n\n\n<p>Parcare are 500 de locuri \u0219i mai multe facilit\u0103\u021bi pentru cei care o folosesc.<\/p>\n\n\n\n<ul class=\"wp-block-list\"><li>bucla \u00eentoarcere tramvai;<\/li><li>peroane;<\/li><li>sal\u0103 a\u0219teptare;<\/li><li>zon\u0103 food;<\/li><li>zon\u0103 maxi taxi;<\/li><li>culoar p\u00e2n\u0103 la viitoarea sta\u021bie de metrou \u0219i pasaj pietonal care va \u00eenlocui trecerile de pietoni.<\/li><\/ul>\n\n\n\n<p>Park&amp;Ride Pantelimon este a doua parcare de acest tip, dup\u0103 cea din Str\u0103ule\u0219ti.<\/p>\n","protected":false},"excerpt":{"rendered":"<p>\u00cen aceast\u0103 diminea\u021b\u0103 s-a deschis parcarea de la Cora Pantelimon, parte din Nodul Intermodal Park&amp;Ride. Parcarea are 500 de locuri \u0219i func\u021bioneaz\u0103 non-stop, accesul fiind gratuit p\u00e2n\u0103 c\u00e2nd Consiliul General va stabili tarifele \u0219i administratorul parc\u0103rii care, cel mai probabil, va fi Administra\u021bia Str\u0103zilor Bucure\u0219ti. Azi diminea\u021b\u0103 s-a deschis parcarea de la Cora Pantelimon! \u0218oferii [&hellip;]<\/p>\n","protected":false},"author":18,"featured_media":42983,"comment_status":"closed","ping_status":"open","sticky":false,"template":"","format":"standard","meta":{"_acf_changed":false,"inline_featured_image":false,"ngg_post_thumbnail":0,"footnotes":""},"categories":[62],"tags":[9,223,1545,4182],"ppma_author":[22579],"class_list":["post-42981","post","type-post","status-publish","format-standard","has-post-thumbnail","hentry","category-stiri","tag-bucuresti","tag-nicusor-dan","tag-pantelimon","tag-parkride"],"acf":[],"yoast_head":"<!-- This site is optimized with the Yoast SEO Premium plugin v25.3 (Yoast SEO v27.4) - https:\/\/yoast.com\/product\/yoast-seo-premium-wordpress\/ -->\n<title>Parcarea Cora Pantelimon, func\u021bional\u0103 - Buletin de Bucure\u0219ti<\/title>\n<meta name=\"robots\" content=\"index, follow, max-snippet:-1, max-image-preview:large, max-video-preview:-1\" \/>\n<link rel=\"canonical\" href=\"https:\/\/buletin.de\/bucuresti\/parcarea-cora-pantelimon-functionala\/\" \/>\n<meta property=\"og:locale\" content=\"en_GB\" \/>\n<meta property=\"og:type\" content=\"article\" \/>\n<meta property=\"og:title\" content=\"Parcarea Cora Pantelimon, func\u021bional\u0103\" \/>\n<meta property=\"og:description\" content=\"\u00cen aceast\u0103 diminea\u021b\u0103 s-a deschis parcarea de la Cora Pantelimon, parte din Nodul Intermodal Park&amp;Ride. Parcarea are 500 de locuri \u0219i func\u021bioneaz\u0103 non-stop, accesul fiind gratuit p\u00e2n\u0103 c\u00e2nd Consiliul General va stabili tarifele \u0219i administratorul parc\u0103rii care, cel mai probabil, va fi Administra\u021bia Str\u0103zilor Bucure\u0219ti. Azi diminea\u021b\u0103 s-a deschis parcarea de la Cora Pantelimon! \u0218oferii [&hellip;]\" \/>\n<meta property=\"og:url\" content=\"https:\/\/buletin.de\/bucuresti\/parcarea-cora-pantelimon-functionala\/\" \/>\n<meta property=\"og:site_name\" content=\"Buletin de Bucure\u0219ti\" \/>\n<meta property=\"article:publisher\" content=\"https:\/\/www.facebook.com\/buletin.de.buc\" \/>\n<meta property=\"article:published_time\" content=\"2022-05-25T08:59:04+00:00\" \/>\n<meta property=\"article:modified_time\" content=\"2022-05-25T08:59:05+00:00\" \/>\n<meta property=\"og:image\" content=\"https:\/\/buletin.de\/bucuresti\/wp-content\/uploads\/parcare-pantelimon.jpg\" \/>\n\t<meta property=\"og:image:width\" content=\"1600\" \/>\n\t<meta property=\"og:image:height\" content=\"1066\" \/>\n\t<meta property=\"og:image:type\" content=\"image\/jpeg\" \/>\n<meta name=\"author\" content=\"Teodora Stroe\" \/>\n<meta name=\"twitter:card\" content=\"summary_large_image\" \/>\n<meta name=\"twitter:label1\" content=\"Written by\" \/>\n\t<meta name=\"twitter:data1\" content=\"Teodora Stroe\" \/>\n\t<meta name=\"twitter:label2\" content=\"Estimated reading time\" \/>\n\t<meta name=\"twitter:data2\" content=\"3 minutes\" \/>\n<script type=\"application\/ld+json\" class=\"yoast-schema-graph\">{\"@context\":\"https:\\\/\\\/schema.org\",\"@graph\":[{\"@type\":\"Article\",\"@id\":\"https:\\\/\\\/buletin.de\\\/bucuresti\\\/parcarea-cora-pantelimon-functionala\\\/#article\",\"isPartOf\":{\"@id\":\"https:\\\/\\\/buletin.de\\\/bucuresti\\\/parcarea-cora-pantelimon-functionala\\\/\"},\"author\":{\"name\":\"Teodora Stroe\",\"@id\":\"https:\\\/\\\/buletin.de\\\/bucuresti\\\/#\\\/schema\\\/person\\\/d369d7ddc775abece205795e0b804614\"},\"headline\":\"Parcarea Cora Pantelimon, func\u021bional\u0103\",\"datePublished\":\"2022-05-25T08:59:04+00:00\",\"dateModified\":\"2022-05-25T08:59:05+00:00\",\"mainEntityOfPage\":{\"@id\":\"https:\\\/\\\/buletin.de\\\/bucuresti\\\/parcarea-cora-pantelimon-functionala\\\/\"},\"wordCount\":623,\"publisher\":{\"@id\":\"https:\\\/\\\/buletin.de\\\/bucuresti\\\/#organization\"},\"image\":{\"@id\":\"https:\\\/\\\/buletin.de\\\/bucuresti\\\/parcarea-cora-pantelimon-functionala\\\/#primaryimage\"},\"thumbnailUrl\":\"https:\\\/\\\/buletin.de\\\/bucuresti\\\/wp-content\\\/uploads\\\/parcare-pantelimon.jpg\",\"keywords\":[\"bucuresti\",\"nicusor dan\",\"Pantelimon\",\"park&amp;ride\"],\"articleSection\":[\"\u0218tiri\"],\"inLanguage\":\"en-GB\",\"copyrightYear\":\"2022\",\"copyrightHolder\":{\"@id\":\"https:\\\/\\\/buletin.de\\\/bucuresti\\\/#organization\"}},{\"@type\":\"WebPage\",\"@id\":\"https:\\\/\\\/buletin.de\\\/bucuresti\\\/parcarea-cora-pantelimon-functionala\\\/\",\"url\":\"https:\\\/\\\/buletin.de\\\/bucuresti\\\/parcarea-cora-pantelimon-functionala\\\/\",\"name\":\"Parcarea Cora Pantelimon, func\u021bional\u0103 - Buletin de Bucure\u0219ti\",\"isPartOf\":{\"@id\":\"https:\\\/\\\/buletin.de\\\/bucuresti\\\/#website\"},\"primaryImageOfPage\":{\"@id\":\"https:\\\/\\\/buletin.de\\\/bucuresti\\\/parcarea-cora-pantelimon-functionala\\\/#primaryimage\"},\"image\":{\"@id\":\"https:\\\/\\\/buletin.de\\\/bucuresti\\\/parcarea-cora-pantelimon-functionala\\\/#primaryimage\"},\"thumbnailUrl\":\"https:\\\/\\\/buletin.de\\\/bucuresti\\\/wp-content\\\/uploads\\\/parcare-pantelimon.jpg\",\"datePublished\":\"2022-05-25T08:59:04+00:00\",\"dateModified\":\"2022-05-25T08:59:05+00:00\",\"breadcrumb\":{\"@id\":\"https:\\\/\\\/buletin.de\\\/bucuresti\\\/parcarea-cora-pantelimon-functionala\\\/#breadcrumb\"},\"inLanguage\":\"en-GB\",\"potentialAction\":[{\"@type\":\"ReadAction\",\"target\":[\"https:\\\/\\\/buletin.de\\\/bucuresti\\\/parcarea-cora-pantelimon-functionala\\\/\"]}]},{\"@type\":\"ImageObject\",\"inLanguage\":\"en-GB\",\"@id\":\"https:\\\/\\\/buletin.de\\\/bucuresti\\\/parcarea-cora-pantelimon-functionala\\\/#primaryimage\",\"url\":\"https:\\\/\\\/buletin.de\\\/bucuresti\\\/wp-content\\\/uploads\\\/parcare-pantelimon.jpg\",\"contentUrl\":\"https:\\\/\\\/buletin.de\\\/bucuresti\\\/wp-content\\\/uploads\\\/parcare-pantelimon.jpg\",\"width\":1600,\"height\":1066},{\"@type\":\"BreadcrumbList\",\"@id\":\"https:\\\/\\\/buletin.de\\\/bucuresti\\\/parcarea-cora-pantelimon-functionala\\\/#breadcrumb\",\"itemListElement\":[{\"@type\":\"ListItem\",\"position\":1,\"name\":\"Acas\u0103\",\"item\":\"https:\\\/\\\/buletin.de\\\/bucuresti\\\/\"},{\"@type\":\"ListItem\",\"position\":2,\"name\":\"Parcarea Cora Pantelimon, func\u021bional\u0103\"}]},{\"@type\":\"WebSite\",\"@id\":\"https:\\\/\\\/buletin.de\\\/bucuresti\\\/#website\",\"url\":\"https:\\\/\\\/buletin.de\\\/bucuresti\\\/\",\"name\":\"Buletin de Bucure\u0219ti\",\"description\":\"\u0218tiri \u0219i investiga\u021bii esen\u021biale din capital\u0103\",\"publisher\":{\"@id\":\"https:\\\/\\\/buletin.de\\\/bucuresti\\\/#organization\"},\"potentialAction\":[{\"@type\":\"SearchAction\",\"target\":{\"@type\":\"EntryPoint\",\"urlTemplate\":\"https:\\\/\\\/buletin.de\\\/bucuresti\\\/?s={search_term_string}\"},\"query-input\":{\"@type\":\"PropertyValueSpecification\",\"valueRequired\":true,\"valueName\":\"search_term_string\"}}],\"inLanguage\":\"en-GB\"},{\"@type\":\"Organization\",\"@id\":\"https:\\\/\\\/buletin.de\\\/bucuresti\\\/#organization\",\"name\":\"Buletin de Bucure\u0219ti\",\"url\":\"https:\\\/\\\/buletin.de\\\/bucuresti\\\/\",\"logo\":{\"@type\":\"ImageObject\",\"inLanguage\":\"en-GB\",\"@id\":\"https:\\\/\\\/buletin.de\\\/bucuresti\\\/#\\\/schema\\\/logo\\\/image\\\/\",\"url\":\"https:\\\/\\\/buletin.de\\\/bucuresti\\\/wp-content\\\/uploads\\\/logo-bdb-full-wide-vernil-transparent.png\",\"contentUrl\":\"https:\\\/\\\/buletin.de\\\/bucuresti\\\/wp-content\\\/uploads\\\/logo-bdb-full-wide-vernil-transparent.png\",\"width\":1782,\"height\":626,\"caption\":\"Buletin de Bucure\u0219ti\"},\"image\":{\"@id\":\"https:\\\/\\\/buletin.de\\\/bucuresti\\\/#\\\/schema\\\/logo\\\/image\\\/\"},\"sameAs\":[\"https:\\\/\\\/www.facebook.com\\\/buletin.de.buc\",\"https:\\\/\\\/www.instagram.com\\\/buletinde.bucuresti\\\/\"]},{\"@type\":\"Person\",\"@id\":\"https:\\\/\\\/buletin.de\\\/bucuresti\\\/#\\\/schema\\\/person\\\/d369d7ddc775abece205795e0b804614\",\"name\":\"Teodora Stroe\",\"image\":{\"@type\":\"ImageObject\",\"inLanguage\":\"en-GB\",\"@id\":\"https:\\\/\\\/secure.gravatar.com\\\/avatar\\\/2560b4cd9f5f1bc100b123158e657d75584bd1c3e1d9c69285720b9457c1b78d?s=96&d=monsterid&r=gc104800242ba5f2d78dd5d7dc4df08b6\",\"url\":\"https:\\\/\\\/secure.gravatar.com\\\/avatar\\\/2560b4cd9f5f1bc100b123158e657d75584bd1c3e1d9c69285720b9457c1b78d?s=96&d=monsterid&r=g\",\"contentUrl\":\"https:\\\/\\\/secure.gravatar.com\\\/avatar\\\/2560b4cd9f5f1bc100b123158e657d75584bd1c3e1d9c69285720b9457c1b78d?s=96&d=monsterid&r=g\",\"caption\":\"Teodora Stroe\"},\"url\":\"https:\\\/\\\/buletin.de\\\/bucuresti\\\/author\\\/simonacarlugea\\\/\"}]}<\/script>\n<!-- \/ Yoast SEO Premium plugin. -->","yoast_head_json":{"title":"Parcarea Cora Pantelimon, func\u021bional\u0103 - Buletin de Bucure\u0219ti","robots":{"index":"index","follow":"follow","max-snippet":"max-snippet:-1","max-image-preview":"max-image-preview:large","max-video-preview":"max-video-preview:-1"},"canonical":"https:\/\/buletin.de\/bucuresti\/parcarea-cora-pantelimon-functionala\/","og_locale":"en_GB","og_type":"article","og_title":"Parcarea Cora Pantelimon, func\u021bional\u0103","og_description":"\u00cen aceast\u0103 diminea\u021b\u0103 s-a deschis parcarea de la Cora Pantelimon, parte din Nodul Intermodal Park&amp;Ride. Parcarea are 500 de locuri \u0219i func\u021bioneaz\u0103 non-stop, accesul fiind gratuit p\u00e2n\u0103 c\u00e2nd Consiliul General va stabili tarifele \u0219i administratorul parc\u0103rii care, cel mai probabil, va fi Administra\u021bia Str\u0103zilor Bucure\u0219ti. Azi diminea\u021b\u0103 s-a deschis parcarea de la Cora Pantelimon! \u0218oferii [&hellip;]","og_url":"https:\/\/buletin.de\/bucuresti\/parcarea-cora-pantelimon-functionala\/","og_site_name":"Buletin de Bucure\u0219ti","article_publisher":"https:\/\/www.facebook.com\/buletin.de.buc","article_published_time":"2022-05-25T08:59:04+00:00","article_modified_time":"2022-05-25T08:59:05+00:00","og_image":[{"width":1600,"height":1066,"url":"https:\/\/buletin.de\/bucuresti\/wp-content\/uploads\/parcare-pantelimon.jpg","type":"image\/jpeg"}],"author":"Teodora Stroe","twitter_card":"summary_large_image","twitter_misc":{"Written by":"Teodora Stroe","Estimated reading time":"3 minutes"},"schema":{"@context":"https:\/\/schema.org","@graph":[{"@type":"Article","@id":"https:\/\/buletin.de\/bucuresti\/parcarea-cora-pantelimon-functionala\/#article","isPartOf":{"@id":"https:\/\/buletin.de\/bucuresti\/parcarea-cora-pantelimon-functionala\/"},"author":{"name":"Teodora Stroe","@id":"https:\/\/buletin.de\/bucuresti\/#\/schema\/person\/d369d7ddc775abece205795e0b804614"},"headline":"Parcarea Cora Pantelimon, func\u021bional\u0103","datePublished":"2022-05-25T08:59:04+00:00","dateModified":"2022-05-25T08:59:05+00:00","mainEntityOfPage":{"@id":"https:\/\/buletin.de\/bucuresti\/parcarea-cora-pantelimon-functionala\/"},"wordCount":623,"publisher":{"@id":"https:\/\/buletin.de\/bucuresti\/#organization"},"image":{"@id":"https:\/\/buletin.de\/bucuresti\/parcarea-cora-pantelimon-functionala\/#primaryimage"},"thumbnailUrl":"https:\/\/buletin.de\/bucuresti\/wp-content\/uploads\/parcare-pantelimon.jpg","keywords":["bucuresti","nicusor dan","Pantelimon","park&amp;ride"],"articleSection":["\u0218tiri"],"inLanguage":"en-GB","copyrightYear":"2022","copyrightHolder":{"@id":"https:\/\/buletin.de\/bucuresti\/#organization"}},{"@type":"WebPage","@id":"https:\/\/buletin.de\/bucuresti\/parcarea-cora-pantelimon-functionala\/","url":"https:\/\/buletin.de\/bucuresti\/parcarea-cora-pantelimon-functionala\/","name":"Parcarea Cora Pantelimon, func\u021bional\u0103 - Buletin de Bucure\u0219ti","isPartOf":{"@id":"https:\/\/buletin.de\/bucuresti\/#website"},"primaryImageOfPage":{"@id":"https:\/\/buletin.de\/bucuresti\/parcarea-cora-pantelimon-functionala\/#primaryimage"},"image":{"@id":"https:\/\/buletin.de\/bucuresti\/parcarea-cora-pantelimon-functionala\/#primaryimage"},"thumbnailUrl":"https:\/\/buletin.de\/bucuresti\/wp-content\/uploads\/parcare-pantelimon.jpg","datePublished":"2022-05-25T08:59:04+00:00","dateModified":"2022-05-25T08:59:05+00:00","breadcrumb":{"@id":"https:\/\/buletin.de\/bucuresti\/parcarea-cora-pantelimon-functionala\/#breadcrumb"},"inLanguage":"en-GB","potentialAction":[{"@type":"ReadAction","target":["https:\/\/buletin.de\/bucuresti\/parcarea-cora-pantelimon-functionala\/"]}]},{"@type":"ImageObject","inLanguage":"en-GB","@id":"https:\/\/buletin.de\/bucuresti\/parcarea-cora-pantelimon-functionala\/#primaryimage","url":"https:\/\/buletin.de\/bucuresti\/wp-content\/uploads\/parcare-pantelimon.jpg","contentUrl":"https:\/\/buletin.de\/bucuresti\/wp-content\/uploads\/parcare-pantelimon.jpg","width":1600,"height":1066},{"@type":"BreadcrumbList","@id":"https:\/\/buletin.de\/bucuresti\/parcarea-cora-pantelimon-functionala\/#breadcrumb","itemListElement":[{"@type":"ListItem","position":1,"name":"Acas\u0103","item":"https:\/\/buletin.de\/bucuresti\/"},{"@type":"ListItem","position":2,"name":"Parcarea Cora Pantelimon, func\u021bional\u0103"}]},{"@type":"WebSite","@id":"https:\/\/buletin.de\/bucuresti\/#website","url":"https:\/\/buletin.de\/bucuresti\/","name":"Buletin de Bucure\u0219ti","description":"\u0218tiri \u0219i investiga\u021bii esen\u021biale din capital\u0103","publisher":{"@id":"https:\/\/buletin.de\/bucuresti\/#organization"},"potentialAction":[{"@type":"SearchAction","target":{"@type":"EntryPoint","urlTemplate":"https:\/\/buletin.de\/bucuresti\/?s={search_term_string}"},"query-input":{"@type":"PropertyValueSpecification","valueRequired":true,"valueName":"search_term_string"}}],"inLanguage":"en-GB"},{"@type":"Organization","@id":"https:\/\/buletin.de\/bucuresti\/#organization","name":"Buletin de Bucure\u0219ti","url":"https:\/\/buletin.de\/bucuresti\/","logo":{"@type":"ImageObject","inLanguage":"en-GB","@id":"https:\/\/buletin.de\/bucuresti\/#\/schema\/logo\/image\/","url":"https:\/\/buletin.de\/bucuresti\/wp-content\/uploads\/logo-bdb-full-wide-vernil-transparent.png","contentUrl":"https:\/\/buletin.de\/bucuresti\/wp-content\/uploads\/logo-bdb-full-wide-vernil-transparent.png","width":1782,"height":626,"caption":"Buletin de Bucure\u0219ti"},"image":{"@id":"https:\/\/buletin.de\/bucuresti\/#\/schema\/logo\/image\/"},"sameAs":["https:\/\/www.facebook.com\/buletin.de.buc","https:\/\/www.instagram.com\/buletinde.bucuresti\/"]},{"@type":"Person","@id":"https:\/\/buletin.de\/bucuresti\/#\/schema\/person\/d369d7ddc775abece205795e0b804614","name":"Teodora Stroe","image":{"@type":"ImageObject","inLanguage":"en-GB","@id":"https:\/\/secure.gravatar.com\/avatar\/2560b4cd9f5f1bc100b123158e657d75584bd1c3e1d9c69285720b9457c1b78d?s=96&d=monsterid&r=gc104800242ba5f2d78dd5d7dc4df08b6","url":"https:\/\/secure.gravatar.com\/avatar\/2560b4cd9f5f1bc100b123158e657d75584bd1c3e1d9c69285720b9457c1b78d?s=96&d=monsterid&r=g","contentUrl":"https:\/\/secure.gravatar.com\/avatar\/2560b4cd9f5f1bc100b123158e657d75584bd1c3e1d9c69285720b9457c1b78d?s=96&d=monsterid&r=g","caption":"Teodora Stroe"},"url":"https:\/\/buletin.de\/bucuresti\/author\/simonacarlugea\/"}]}},"authors":[{"term_id":22579,"user_id":18,"is_guest":0,"slug":"simonacarlugea","display_name":"Teodora Stroe","avatar_url":"https:\/\/secure.gravatar.com\/avatar\/2560b4cd9f5f1bc100b123158e657d75584bd1c3e1d9c69285720b9457c1b78d?s=96&d=monsterid&r=g","0":null,"1":"","2":"","3":"","4":"","5":"","6":"","7":"","8":""}],"_links":{"self":[{"href":"https:\/\/buletin.de\/bucuresti\/wp-json\/wp\/v2\/posts\/42981","targetHints":{"allow":["GET"]}}],"collection":[{"href":"https:\/\/buletin.de\/bucuresti\/wp-json\/wp\/v2\/posts"}],"about":[{"href":"https:\/\/buletin.de\/bucuresti\/wp-json\/wp\/v2\/types\/post"}],"author":[{"embeddable":true,"href":"https:\/\/buletin.de\/bucuresti\/wp-json\/wp\/v2\/users\/18"}],"replies":[{"embeddable":true,"href":"https:\/\/buletin.de\/bucuresti\/wp-json\/wp\/v2\/comments?post=42981"}],"version-history":[{"count":1,"href":"https:\/\/buletin.de\/bucuresti\/wp-json\/wp\/v2\/posts\/42981\/revisions"}],"predecessor-version":[{"id":42982,"href":"https:\/\/buletin.de\/bucuresti\/wp-json\/wp\/v2\/posts\/42981\/revisions\/42982"}],"wp:featuredmedia":[{"embeddable":true,"href":"https:\/\/buletin.de\/bucuresti\/wp-json\/wp\/v2\/media\/42983"}],"wp:attachment":[{"href":"https:\/\/buletin.de\/bucuresti\/wp-json\/wp\/v2\/media?parent=42981"}],"wp:term":[{"taxonomy":"category","embeddable":true,"href":"https:\/\/buletin.de\/bucuresti\/wp-json\/wp\/v2\/categories?post=42981"},{"taxonomy":"post_tag","embeddable":true,"href":"https:\/\/buletin.de\/bucuresti\/wp-json\/wp\/v2\/tags?post=42981"},{"taxonomy":"author","embeddable":true,"href":"https:\/\/buletin.de\/bucuresti\/wp-json\/wp\/v2\/ppma_author?post=42981"}],"curies":[{"name":"wp","href":"https:\/\/api.w.org\/{rel}","templated":true}]}}