{"id":42808,"date":"2022-05-16T15:58:21","date_gmt":"2022-05-16T13:58:21","guid":{"rendered":"https:\/\/buletin.de\/bucuresti\/?p=42808"},"modified":"2022-05-16T16:33:12","modified_gmt":"2022-05-16T14:33:12","slug":"14-strazi-din-centrul-vechi-vor-fi-reabilitate-lucrarile-au-inceput-de-astazi","status":"publish","type":"post","link":"https:\/\/buletin.de\/bucuresti\/14-strazi-din-centrul-vechi-vor-fi-reabilitate-lucrarile-au-inceput-de-astazi\/","title":{"rendered":"14 str\u0103zi din Centrul Vechi vor fi reabilitate. Lucr\u0103rile au \u00eenceput de ast\u0103zi"},"content":{"rendered":"\n<p>Prim\u0103ria Bucure\u0219ti a \u00eenceput, ast\u0103zi, refacerea pavajului pe 14 str\u0103zi din Centrul Vechi.  Edilul \u0219ef al Capitalei anun\u021b\u0103 c\u0103 lucr\u0103rile vor dura p\u00e2n\u0103 la jum\u0103tatea lunii iunie \u0219i sunt executate de firmele Apolodor \u0219i Delta ACM \u00een baza garan\u021biilor. <\/p>\n\n\n\n<p>&#8220;Dup\u0103 ce, timp de mul\u021bi ani de zile, nu s-a f\u0103cut nicio interven\u021bie serioas\u0103 la infrastructura str\u0103zilor din Centrul Vechi, azi am \u00eenceput lucr\u0103rile de refacere a pavajului \u00een aceast\u0103 parte a ora\u0219ului. Se lucreaz\u0103 deja \u00een mai multe zone \u2013 \u00een zona Hanul lui Manuc, dar \u0219i pe strada Lipscani (zona statuii Lupoaica) sau pe strada \u0218elari&#8221;, a scris Nicu\u0219or Dan pe pagina sa de Facebook.<\/p>\n\n\n\n<p>\u0218i viceprimarul Stelian Bujduveanu a anun\u021bat \u00eenceperea lucr\u0103rilor \u0219i a promis c\u0103 prim\u0103ria va fi mai ferm\u0103 \u00een aplicarea regulilor valabile pentru perimetrul din Centrul Istoric.<\/p>\n\n\n\n<p>&#8220;Se lucreaz\u0103 zilnic, cu materiale de calitate \u0219i finisaje superioare pe str\u0103zile Lipscani, Francez\u0103, Filitti, Po\u0219tei, Stavropoleos, Covaci, \u0218elari, C\u0103ld\u0103rari \u0219i \u0218epcari. Tot zilnic voi fi \u00een teren s\u0103 m\u0103 asigur c\u0103 este respectat graficul de lucr\u0103ri \u0219i calitatea execu\u021biei.<\/p>\n\n\n\n<p>Pentru a preveni degradarea str\u0103zilor vom fi mai fermi \u00een aplicarea legii \u0219i a regulilor \u00een perimetrul Centrului Istoric. <\/p>\n\n\n\n<ul class=\"wp-block-list\"><li>F\u0103r\u0103 trafic auto de tonaj mare pe str\u0103zi<\/li><li>F\u0103r\u0103 mizerie pe str\u0103zi<\/li><li>F\u0103r\u0103 trotuare ocupate abuziv de terase, ci doar \u00een limitele autoriza\u021biilor<\/li><li>Reguli stricte pentru orele de aprovizionare&#8221;, a scris viceprimarul pe pagina sa de Facebook.<\/li><\/ul>\n\n\n\n<p><\/p>\n\n\n\n<figure class=\"wp-block-image size-large\"><img fetchpriority=\"high\" decoding=\"async\" width=\"900\" height=\"636\" src=\"data:image\/gif;base64,R0lGODlhAQABAAAAACH5BAEKAAEALAAAAAABAAEAAAICTAEAOw==\" data-src=\"https:\/\/buletin.de\/bucuresti\/wp-content\/uploads\/3e49b28a-d905-428d-bdf4-8b6bf38ac657-900x636.jpg\" alt=\"\" class=\"wp-image-42809 lazyload\" data-sizes=\"auto\" data-srcset=\"https:\/\/buletin.de\/bucuresti\/wp-content\/uploads\/3e49b28a-d905-428d-bdf4-8b6bf38ac657-900x636.jpg 900w, https:\/\/buletin.de\/bucuresti\/wp-content\/uploads\/3e49b28a-d905-428d-bdf4-8b6bf38ac657-300x212.jpg 300w, https:\/\/buletin.de\/bucuresti\/wp-content\/uploads\/3e49b28a-d905-428d-bdf4-8b6bf38ac657-768x543.jpg 768w, https:\/\/buletin.de\/bucuresti\/wp-content\/uploads\/3e49b28a-d905-428d-bdf4-8b6bf38ac657-1536x1085.jpg 1536w, https:\/\/buletin.de\/bucuresti\/wp-content\/uploads\/3e49b28a-d905-428d-bdf4-8b6bf38ac657-1060x749.jpg 1060w, https:\/\/buletin.de\/bucuresti\/wp-content\/uploads\/3e49b28a-d905-428d-bdf4-8b6bf38ac657-550x389.jpg 550w, https:\/\/buletin.de\/bucuresti\/wp-content\/uploads\/3e49b28a-d905-428d-bdf4-8b6bf38ac657-708x500.jpg 708w, https:\/\/buletin.de\/bucuresti\/wp-content\/uploads\/3e49b28a-d905-428d-bdf4-8b6bf38ac657-1920x1357.jpg 1920w, https:\/\/buletin.de\/bucuresti\/wp-content\/uploads\/3e49b28a-d905-428d-bdf4-8b6bf38ac657-1529x1080.jpg 1529w, https:\/\/buletin.de\/bucuresti\/wp-content\/uploads\/3e49b28a-d905-428d-bdf4-8b6bf38ac657-600x424.jpg 600w, https:\/\/buletin.de\/bucuresti\/wp-content\/uploads\/3e49b28a-d905-428d-bdf4-8b6bf38ac657.jpg 2048w\" sizes=\"(max-width: 900px) 100vw, 900px\" \/><figcaption>sursa foto Stelian Bujduveanu<\/figcaption><\/figure>\n\n\n\n<p><\/p>\n\n\n\n<p><\/p>\n\n\n\n<p><\/p>\n\n\n\n<p>sursa foto cover Cosmin Pojoranu<\/p>\n","protected":false},"excerpt":{"rendered":"<p>Prim\u0103ria Bucure\u0219ti a \u00eenceput, ast\u0103zi, refacerea pavajului pe 14 str\u0103zi din Centrul Vechi. Edilul \u0219ef al Capitalei anun\u021b\u0103 c\u0103 lucr\u0103rile vor dura p\u00e2n\u0103 la jum\u0103tatea lunii iunie \u0219i sunt executate de firmele Apolodor \u0219i Delta ACM \u00een baza garan\u021biilor. &#8220;Dup\u0103 ce, timp de mul\u021bi ani de zile, nu s-a f\u0103cut nicio interven\u021bie serioas\u0103 la infrastructura [&hellip;]<\/p>\n","protected":false},"author":18,"featured_media":42812,"comment_status":"closed","ping_status":"open","sticky":false,"template":"","format":"standard","meta":{"_acf_changed":false,"inline_featured_image":false,"ngg_post_thumbnail":0,"footnotes":""},"categories":[62],"tags":[3001,1402],"ppma_author":[22579],"class_list":["post-42808","post","type-post","status-publish","format-standard","has-post-thumbnail","hentry","category-stiri","tag-centrul-vechi","tag-reabilitare"],"acf":[],"yoast_head":"<!-- This site is optimized with the Yoast SEO Premium plugin v25.3 (Yoast SEO v27.4) - https:\/\/yoast.com\/product\/yoast-seo-premium-wordpress\/ -->\n<title>14 str\u0103zi din Centrul Vechi vor fi reabilitate. Lucr\u0103rile au \u00eenceput de ast\u0103zi - Buletin de Bucure\u0219ti<\/title>\n<meta name=\"robots\" content=\"index, follow, max-snippet:-1, max-image-preview:large, max-video-preview:-1\" \/>\n<link rel=\"canonical\" href=\"https:\/\/buletin.de\/bucuresti\/14-strazi-din-centrul-vechi-vor-fi-reabilitate-lucrarile-au-inceput-de-astazi\/\" \/>\n<meta property=\"og:locale\" content=\"en_GB\" \/>\n<meta property=\"og:type\" content=\"article\" \/>\n<meta property=\"og:title\" content=\"14 str\u0103zi din Centrul Vechi vor fi reabilitate. Lucr\u0103rile au \u00eenceput de ast\u0103zi\" \/>\n<meta property=\"og:description\" content=\"Prim\u0103ria Bucure\u0219ti a \u00eenceput, ast\u0103zi, refacerea pavajului pe 14 str\u0103zi din Centrul Vechi. Edilul \u0219ef al Capitalei anun\u021b\u0103 c\u0103 lucr\u0103rile vor dura p\u00e2n\u0103 la jum\u0103tatea lunii iunie \u0219i sunt executate de firmele Apolodor \u0219i Delta ACM \u00een baza garan\u021biilor. &#8220;Dup\u0103 ce, timp de mul\u021bi ani de zile, nu s-a f\u0103cut nicio interven\u021bie serioas\u0103 la infrastructura [&hellip;]\" \/>\n<meta property=\"og:url\" content=\"https:\/\/buletin.de\/bucuresti\/14-strazi-din-centrul-vechi-vor-fi-reabilitate-lucrarile-au-inceput-de-astazi\/\" \/>\n<meta property=\"og:site_name\" content=\"Buletin de Bucure\u0219ti\" \/>\n<meta property=\"article:publisher\" content=\"https:\/\/www.facebook.com\/buletin.de.buc\" \/>\n<meta property=\"article:published_time\" content=\"2022-05-16T13:58:21+00:00\" \/>\n<meta property=\"article:modified_time\" content=\"2022-05-16T14:33:12+00:00\" \/>\n<meta property=\"og:image\" content=\"https:\/\/buletin.de\/bucuresti\/wp-content\/uploads\/5385a622-7cf1-446f-8e18-15150d5960ee.jpg\" \/>\n\t<meta property=\"og:image:width\" content=\"757\" \/>\n\t<meta property=\"og:image:height\" content=\"1600\" \/>\n\t<meta property=\"og:image:type\" content=\"image\/jpeg\" \/>\n<meta name=\"author\" content=\"Teodora Stroe\" \/>\n<meta name=\"twitter:card\" content=\"summary_large_image\" \/>\n<meta name=\"twitter:label1\" content=\"Written by\" \/>\n\t<meta name=\"twitter:data1\" content=\"Teodora Stroe\" \/>\n\t<meta name=\"twitter:label2\" content=\"Estimated reading time\" \/>\n\t<meta name=\"twitter:data2\" content=\"2 minutes\" \/>\n<script type=\"application\/ld+json\" class=\"yoast-schema-graph\">{\"@context\":\"https:\\\/\\\/schema.org\",\"@graph\":[{\"@type\":\"Article\",\"@id\":\"https:\\\/\\\/buletin.de\\\/bucuresti\\\/14-strazi-din-centrul-vechi-vor-fi-reabilitate-lucrarile-au-inceput-de-astazi\\\/#article\",\"isPartOf\":{\"@id\":\"https:\\\/\\\/buletin.de\\\/bucuresti\\\/14-strazi-din-centrul-vechi-vor-fi-reabilitate-lucrarile-au-inceput-de-astazi\\\/\"},\"author\":{\"name\":\"Teodora Stroe\",\"@id\":\"https:\\\/\\\/buletin.de\\\/bucuresti\\\/#\\\/schema\\\/person\\\/d369d7ddc775abece205795e0b804614\"},\"headline\":\"14 str\u0103zi din Centrul Vechi vor fi reabilitate. Lucr\u0103rile au \u00eenceput de ast\u0103zi\",\"datePublished\":\"2022-05-16T13:58:21+00:00\",\"dateModified\":\"2022-05-16T14:33:12+00:00\",\"mainEntityOfPage\":{\"@id\":\"https:\\\/\\\/buletin.de\\\/bucuresti\\\/14-strazi-din-centrul-vechi-vor-fi-reabilitate-lucrarile-au-inceput-de-astazi\\\/\"},\"wordCount\":281,\"publisher\":{\"@id\":\"https:\\\/\\\/buletin.de\\\/bucuresti\\\/#organization\"},\"image\":{\"@id\":\"https:\\\/\\\/buletin.de\\\/bucuresti\\\/14-strazi-din-centrul-vechi-vor-fi-reabilitate-lucrarile-au-inceput-de-astazi\\\/#primaryimage\"},\"thumbnailUrl\":\"https:\\\/\\\/buletin.de\\\/bucuresti\\\/wp-content\\\/uploads\\\/5385a622-7cf1-446f-8e18-15150d5960ee.jpg\",\"keywords\":[\"Centrul Vechi\",\"reabilitare\"],\"articleSection\":[\"\u0218tiri\"],\"inLanguage\":\"en-GB\",\"copyrightYear\":\"2022\",\"copyrightHolder\":{\"@id\":\"https:\\\/\\\/buletin.de\\\/bucuresti\\\/#organization\"}},{\"@type\":\"WebPage\",\"@id\":\"https:\\\/\\\/buletin.de\\\/bucuresti\\\/14-strazi-din-centrul-vechi-vor-fi-reabilitate-lucrarile-au-inceput-de-astazi\\\/\",\"url\":\"https:\\\/\\\/buletin.de\\\/bucuresti\\\/14-strazi-din-centrul-vechi-vor-fi-reabilitate-lucrarile-au-inceput-de-astazi\\\/\",\"name\":\"14 str\u0103zi din Centrul Vechi vor fi reabilitate. Lucr\u0103rile au \u00eenceput de ast\u0103zi - Buletin de Bucure\u0219ti\",\"isPartOf\":{\"@id\":\"https:\\\/\\\/buletin.de\\\/bucuresti\\\/#website\"},\"primaryImageOfPage\":{\"@id\":\"https:\\\/\\\/buletin.de\\\/bucuresti\\\/14-strazi-din-centrul-vechi-vor-fi-reabilitate-lucrarile-au-inceput-de-astazi\\\/#primaryimage\"},\"image\":{\"@id\":\"https:\\\/\\\/buletin.de\\\/bucuresti\\\/14-strazi-din-centrul-vechi-vor-fi-reabilitate-lucrarile-au-inceput-de-astazi\\\/#primaryimage\"},\"thumbnailUrl\":\"https:\\\/\\\/buletin.de\\\/bucuresti\\\/wp-content\\\/uploads\\\/5385a622-7cf1-446f-8e18-15150d5960ee.jpg\",\"datePublished\":\"2022-05-16T13:58:21+00:00\",\"dateModified\":\"2022-05-16T14:33:12+00:00\",\"breadcrumb\":{\"@id\":\"https:\\\/\\\/buletin.de\\\/bucuresti\\\/14-strazi-din-centrul-vechi-vor-fi-reabilitate-lucrarile-au-inceput-de-astazi\\\/#breadcrumb\"},\"inLanguage\":\"en-GB\",\"potentialAction\":[{\"@type\":\"ReadAction\",\"target\":[\"https:\\\/\\\/buletin.de\\\/bucuresti\\\/14-strazi-din-centrul-vechi-vor-fi-reabilitate-lucrarile-au-inceput-de-astazi\\\/\"]}]},{\"@type\":\"ImageObject\",\"inLanguage\":\"en-GB\",\"@id\":\"https:\\\/\\\/buletin.de\\\/bucuresti\\\/14-strazi-din-centrul-vechi-vor-fi-reabilitate-lucrarile-au-inceput-de-astazi\\\/#primaryimage\",\"url\":\"https:\\\/\\\/buletin.de\\\/bucuresti\\\/wp-content\\\/uploads\\\/5385a622-7cf1-446f-8e18-15150d5960ee.jpg\",\"contentUrl\":\"https:\\\/\\\/buletin.de\\\/bucuresti\\\/wp-content\\\/uploads\\\/5385a622-7cf1-446f-8e18-15150d5960ee.jpg\",\"width\":757,\"height\":1600},{\"@type\":\"BreadcrumbList\",\"@id\":\"https:\\\/\\\/buletin.de\\\/bucuresti\\\/14-strazi-din-centrul-vechi-vor-fi-reabilitate-lucrarile-au-inceput-de-astazi\\\/#breadcrumb\",\"itemListElement\":[{\"@type\":\"ListItem\",\"position\":1,\"name\":\"Acas\u0103\",\"item\":\"https:\\\/\\\/buletin.de\\\/bucuresti\\\/\"},{\"@type\":\"ListItem\",\"position\":2,\"name\":\"14 str\u0103zi din Centrul Vechi vor fi reabilitate. Lucr\u0103rile au \u00eenceput de ast\u0103zi\"}]},{\"@type\":\"WebSite\",\"@id\":\"https:\\\/\\\/buletin.de\\\/bucuresti\\\/#website\",\"url\":\"https:\\\/\\\/buletin.de\\\/bucuresti\\\/\",\"name\":\"Buletin de Bucure\u0219ti\",\"description\":\"\u0218tiri \u0219i investiga\u021bii esen\u021biale din capital\u0103\",\"publisher\":{\"@id\":\"https:\\\/\\\/buletin.de\\\/bucuresti\\\/#organization\"},\"potentialAction\":[{\"@type\":\"SearchAction\",\"target\":{\"@type\":\"EntryPoint\",\"urlTemplate\":\"https:\\\/\\\/buletin.de\\\/bucuresti\\\/?s={search_term_string}\"},\"query-input\":{\"@type\":\"PropertyValueSpecification\",\"valueRequired\":true,\"valueName\":\"search_term_string\"}}],\"inLanguage\":\"en-GB\"},{\"@type\":\"Organization\",\"@id\":\"https:\\\/\\\/buletin.de\\\/bucuresti\\\/#organization\",\"name\":\"Buletin de Bucure\u0219ti\",\"url\":\"https:\\\/\\\/buletin.de\\\/bucuresti\\\/\",\"logo\":{\"@type\":\"ImageObject\",\"inLanguage\":\"en-GB\",\"@id\":\"https:\\\/\\\/buletin.de\\\/bucuresti\\\/#\\\/schema\\\/logo\\\/image\\\/\",\"url\":\"https:\\\/\\\/buletin.de\\\/bucuresti\\\/wp-content\\\/uploads\\\/logo-bdb-full-wide-vernil-transparent.png\",\"contentUrl\":\"https:\\\/\\\/buletin.de\\\/bucuresti\\\/wp-content\\\/uploads\\\/logo-bdb-full-wide-vernil-transparent.png\",\"width\":1782,\"height\":626,\"caption\":\"Buletin de Bucure\u0219ti\"},\"image\":{\"@id\":\"https:\\\/\\\/buletin.de\\\/bucuresti\\\/#\\\/schema\\\/logo\\\/image\\\/\"},\"sameAs\":[\"https:\\\/\\\/www.facebook.com\\\/buletin.de.buc\",\"https:\\\/\\\/www.instagram.com\\\/buletinde.bucuresti\\\/\"]},{\"@type\":\"Person\",\"@id\":\"https:\\\/\\\/buletin.de\\\/bucuresti\\\/#\\\/schema\\\/person\\\/d369d7ddc775abece205795e0b804614\",\"name\":\"Teodora Stroe\",\"image\":{\"@type\":\"ImageObject\",\"inLanguage\":\"en-GB\",\"@id\":\"https:\\\/\\\/secure.gravatar.com\\\/avatar\\\/2560b4cd9f5f1bc100b123158e657d75584bd1c3e1d9c69285720b9457c1b78d?s=96&d=monsterid&r=gc104800242ba5f2d78dd5d7dc4df08b6\",\"url\":\"https:\\\/\\\/secure.gravatar.com\\\/avatar\\\/2560b4cd9f5f1bc100b123158e657d75584bd1c3e1d9c69285720b9457c1b78d?s=96&d=monsterid&r=g\",\"contentUrl\":\"https:\\\/\\\/secure.gravatar.com\\\/avatar\\\/2560b4cd9f5f1bc100b123158e657d75584bd1c3e1d9c69285720b9457c1b78d?s=96&d=monsterid&r=g\",\"caption\":\"Teodora Stroe\"},\"url\":\"https:\\\/\\\/buletin.de\\\/bucuresti\\\/author\\\/simonacarlugea\\\/\"}]}<\/script>\n<!-- \/ Yoast SEO Premium plugin. -->","yoast_head_json":{"title":"14 str\u0103zi din Centrul Vechi vor fi reabilitate. Lucr\u0103rile au \u00eenceput de ast\u0103zi - Buletin de Bucure\u0219ti","robots":{"index":"index","follow":"follow","max-snippet":"max-snippet:-1","max-image-preview":"max-image-preview:large","max-video-preview":"max-video-preview:-1"},"canonical":"https:\/\/buletin.de\/bucuresti\/14-strazi-din-centrul-vechi-vor-fi-reabilitate-lucrarile-au-inceput-de-astazi\/","og_locale":"en_GB","og_type":"article","og_title":"14 str\u0103zi din Centrul Vechi vor fi reabilitate. Lucr\u0103rile au \u00eenceput de ast\u0103zi","og_description":"Prim\u0103ria Bucure\u0219ti a \u00eenceput, ast\u0103zi, refacerea pavajului pe 14 str\u0103zi din Centrul Vechi. Edilul \u0219ef al Capitalei anun\u021b\u0103 c\u0103 lucr\u0103rile vor dura p\u00e2n\u0103 la jum\u0103tatea lunii iunie \u0219i sunt executate de firmele Apolodor \u0219i Delta ACM \u00een baza garan\u021biilor. &#8220;Dup\u0103 ce, timp de mul\u021bi ani de zile, nu s-a f\u0103cut nicio interven\u021bie serioas\u0103 la infrastructura [&hellip;]","og_url":"https:\/\/buletin.de\/bucuresti\/14-strazi-din-centrul-vechi-vor-fi-reabilitate-lucrarile-au-inceput-de-astazi\/","og_site_name":"Buletin de Bucure\u0219ti","article_publisher":"https:\/\/www.facebook.com\/buletin.de.buc","article_published_time":"2022-05-16T13:58:21+00:00","article_modified_time":"2022-05-16T14:33:12+00:00","og_image":[{"width":757,"height":1600,"url":"https:\/\/buletin.de\/bucuresti\/wp-content\/uploads\/5385a622-7cf1-446f-8e18-15150d5960ee.jpg","type":"image\/jpeg"}],"author":"Teodora Stroe","twitter_card":"summary_large_image","twitter_misc":{"Written by":"Teodora Stroe","Estimated reading time":"2 minutes"},"schema":{"@context":"https:\/\/schema.org","@graph":[{"@type":"Article","@id":"https:\/\/buletin.de\/bucuresti\/14-strazi-din-centrul-vechi-vor-fi-reabilitate-lucrarile-au-inceput-de-astazi\/#article","isPartOf":{"@id":"https:\/\/buletin.de\/bucuresti\/14-strazi-din-centrul-vechi-vor-fi-reabilitate-lucrarile-au-inceput-de-astazi\/"},"author":{"name":"Teodora Stroe","@id":"https:\/\/buletin.de\/bucuresti\/#\/schema\/person\/d369d7ddc775abece205795e0b804614"},"headline":"14 str\u0103zi din Centrul Vechi vor fi reabilitate. Lucr\u0103rile au \u00eenceput de ast\u0103zi","datePublished":"2022-05-16T13:58:21+00:00","dateModified":"2022-05-16T14:33:12+00:00","mainEntityOfPage":{"@id":"https:\/\/buletin.de\/bucuresti\/14-strazi-din-centrul-vechi-vor-fi-reabilitate-lucrarile-au-inceput-de-astazi\/"},"wordCount":281,"publisher":{"@id":"https:\/\/buletin.de\/bucuresti\/#organization"},"image":{"@id":"https:\/\/buletin.de\/bucuresti\/14-strazi-din-centrul-vechi-vor-fi-reabilitate-lucrarile-au-inceput-de-astazi\/#primaryimage"},"thumbnailUrl":"https:\/\/buletin.de\/bucuresti\/wp-content\/uploads\/5385a622-7cf1-446f-8e18-15150d5960ee.jpg","keywords":["Centrul Vechi","reabilitare"],"articleSection":["\u0218tiri"],"inLanguage":"en-GB","copyrightYear":"2022","copyrightHolder":{"@id":"https:\/\/buletin.de\/bucuresti\/#organization"}},{"@type":"WebPage","@id":"https:\/\/buletin.de\/bucuresti\/14-strazi-din-centrul-vechi-vor-fi-reabilitate-lucrarile-au-inceput-de-astazi\/","url":"https:\/\/buletin.de\/bucuresti\/14-strazi-din-centrul-vechi-vor-fi-reabilitate-lucrarile-au-inceput-de-astazi\/","name":"14 str\u0103zi din Centrul Vechi vor fi reabilitate. Lucr\u0103rile au \u00eenceput de ast\u0103zi - Buletin de Bucure\u0219ti","isPartOf":{"@id":"https:\/\/buletin.de\/bucuresti\/#website"},"primaryImageOfPage":{"@id":"https:\/\/buletin.de\/bucuresti\/14-strazi-din-centrul-vechi-vor-fi-reabilitate-lucrarile-au-inceput-de-astazi\/#primaryimage"},"image":{"@id":"https:\/\/buletin.de\/bucuresti\/14-strazi-din-centrul-vechi-vor-fi-reabilitate-lucrarile-au-inceput-de-astazi\/#primaryimage"},"thumbnailUrl":"https:\/\/buletin.de\/bucuresti\/wp-content\/uploads\/5385a622-7cf1-446f-8e18-15150d5960ee.jpg","datePublished":"2022-05-16T13:58:21+00:00","dateModified":"2022-05-16T14:33:12+00:00","breadcrumb":{"@id":"https:\/\/buletin.de\/bucuresti\/14-strazi-din-centrul-vechi-vor-fi-reabilitate-lucrarile-au-inceput-de-astazi\/#breadcrumb"},"inLanguage":"en-GB","potentialAction":[{"@type":"ReadAction","target":["https:\/\/buletin.de\/bucuresti\/14-strazi-din-centrul-vechi-vor-fi-reabilitate-lucrarile-au-inceput-de-astazi\/"]}]},{"@type":"ImageObject","inLanguage":"en-GB","@id":"https:\/\/buletin.de\/bucuresti\/14-strazi-din-centrul-vechi-vor-fi-reabilitate-lucrarile-au-inceput-de-astazi\/#primaryimage","url":"https:\/\/buletin.de\/bucuresti\/wp-content\/uploads\/5385a622-7cf1-446f-8e18-15150d5960ee.jpg","contentUrl":"https:\/\/buletin.de\/bucuresti\/wp-content\/uploads\/5385a622-7cf1-446f-8e18-15150d5960ee.jpg","width":757,"height":1600},{"@type":"BreadcrumbList","@id":"https:\/\/buletin.de\/bucuresti\/14-strazi-din-centrul-vechi-vor-fi-reabilitate-lucrarile-au-inceput-de-astazi\/#breadcrumb","itemListElement":[{"@type":"ListItem","position":1,"name":"Acas\u0103","item":"https:\/\/buletin.de\/bucuresti\/"},{"@type":"ListItem","position":2,"name":"14 str\u0103zi din Centrul Vechi vor fi reabilitate. Lucr\u0103rile au \u00eenceput de ast\u0103zi"}]},{"@type":"WebSite","@id":"https:\/\/buletin.de\/bucuresti\/#website","url":"https:\/\/buletin.de\/bucuresti\/","name":"Buletin de Bucure\u0219ti","description":"\u0218tiri \u0219i investiga\u021bii esen\u021biale din capital\u0103","publisher":{"@id":"https:\/\/buletin.de\/bucuresti\/#organization"},"potentialAction":[{"@type":"SearchAction","target":{"@type":"EntryPoint","urlTemplate":"https:\/\/buletin.de\/bucuresti\/?s={search_term_string}"},"query-input":{"@type":"PropertyValueSpecification","valueRequired":true,"valueName":"search_term_string"}}],"inLanguage":"en-GB"},{"@type":"Organization","@id":"https:\/\/buletin.de\/bucuresti\/#organization","name":"Buletin de Bucure\u0219ti","url":"https:\/\/buletin.de\/bucuresti\/","logo":{"@type":"ImageObject","inLanguage":"en-GB","@id":"https:\/\/buletin.de\/bucuresti\/#\/schema\/logo\/image\/","url":"https:\/\/buletin.de\/bucuresti\/wp-content\/uploads\/logo-bdb-full-wide-vernil-transparent.png","contentUrl":"https:\/\/buletin.de\/bucuresti\/wp-content\/uploads\/logo-bdb-full-wide-vernil-transparent.png","width":1782,"height":626,"caption":"Buletin de Bucure\u0219ti"},"image":{"@id":"https:\/\/buletin.de\/bucuresti\/#\/schema\/logo\/image\/"},"sameAs":["https:\/\/www.facebook.com\/buletin.de.buc","https:\/\/www.instagram.com\/buletinde.bucuresti\/"]},{"@type":"Person","@id":"https:\/\/buletin.de\/bucuresti\/#\/schema\/person\/d369d7ddc775abece205795e0b804614","name":"Teodora Stroe","image":{"@type":"ImageObject","inLanguage":"en-GB","@id":"https:\/\/secure.gravatar.com\/avatar\/2560b4cd9f5f1bc100b123158e657d75584bd1c3e1d9c69285720b9457c1b78d?s=96&d=monsterid&r=gc104800242ba5f2d78dd5d7dc4df08b6","url":"https:\/\/secure.gravatar.com\/avatar\/2560b4cd9f5f1bc100b123158e657d75584bd1c3e1d9c69285720b9457c1b78d?s=96&d=monsterid&r=g","contentUrl":"https:\/\/secure.gravatar.com\/avatar\/2560b4cd9f5f1bc100b123158e657d75584bd1c3e1d9c69285720b9457c1b78d?s=96&d=monsterid&r=g","caption":"Teodora Stroe"},"url":"https:\/\/buletin.de\/bucuresti\/author\/simonacarlugea\/"}]}},"authors":[{"term_id":22579,"user_id":18,"is_guest":0,"slug":"simonacarlugea","display_name":"Teodora Stroe","avatar_url":"https:\/\/secure.gravatar.com\/avatar\/2560b4cd9f5f1bc100b123158e657d75584bd1c3e1d9c69285720b9457c1b78d?s=96&d=monsterid&r=g","0":null,"1":"","2":"","3":"","4":"","5":"","6":"","7":"","8":""}],"_links":{"self":[{"href":"https:\/\/buletin.de\/bucuresti\/wp-json\/wp\/v2\/posts\/42808","targetHints":{"allow":["GET"]}}],"collection":[{"href":"https:\/\/buletin.de\/bucuresti\/wp-json\/wp\/v2\/posts"}],"about":[{"href":"https:\/\/buletin.de\/bucuresti\/wp-json\/wp\/v2\/types\/post"}],"author":[{"embeddable":true,"href":"https:\/\/buletin.de\/bucuresti\/wp-json\/wp\/v2\/users\/18"}],"replies":[{"embeddable":true,"href":"https:\/\/buletin.de\/bucuresti\/wp-json\/wp\/v2\/comments?post=42808"}],"version-history":[{"count":2,"href":"https:\/\/buletin.de\/bucuresti\/wp-json\/wp\/v2\/posts\/42808\/revisions"}],"predecessor-version":[{"id":42813,"href":"https:\/\/buletin.de\/bucuresti\/wp-json\/wp\/v2\/posts\/42808\/revisions\/42813"}],"wp:featuredmedia":[{"embeddable":true,"href":"https:\/\/buletin.de\/bucuresti\/wp-json\/wp\/v2\/media\/42812"}],"wp:attachment":[{"href":"https:\/\/buletin.de\/bucuresti\/wp-json\/wp\/v2\/media?parent=42808"}],"wp:term":[{"taxonomy":"category","embeddable":true,"href":"https:\/\/buletin.de\/bucuresti\/wp-json\/wp\/v2\/categories?post=42808"},{"taxonomy":"post_tag","embeddable":true,"href":"https:\/\/buletin.de\/bucuresti\/wp-json\/wp\/v2\/tags?post=42808"},{"taxonomy":"author","embeddable":true,"href":"https:\/\/buletin.de\/bucuresti\/wp-json\/wp\/v2\/ppma_author?post=42808"}],"curies":[{"name":"wp","href":"https:\/\/api.w.org\/{rel}","templated":true}]}}