{"id":42803,"date":"2022-05-16T10:22:35","date_gmt":"2022-05-16T08:22:35","guid":{"rendered":"https:\/\/buletin.de\/bucuresti\/?p=42803"},"modified":"2022-05-16T10:22:35","modified_gmt":"2022-05-16T08:22:35","slug":"hotnews-sindicalistii-lui-radoi-voiau-capul-lui-drula-cat-dreaq-costa-niste-racheti-d-aia-ucraineni-un-milion-de-euro-si-luam-ceva-de-calitate","status":"publish","type":"post","link":"https:\/\/buletin.de\/bucuresti\/hotnews-sindicalistii-lui-radoi-voiau-capul-lui-drula-cat-dreaq-costa-niste-racheti-d-aia-ucraineni-un-milion-de-euro-si-luam-ceva-de-calitate\/","title":{"rendered":"Hotnews: Sindicali\u0219tii lui R\u0103doi voiau capul lui Drul\u0103. \u201eC\u00e2t dreaq cost\u0103 ni\u0219te racheti d-aia ucraineni? Un milion de euro \u0219i lu\u0103m ceva de calitate\u201d"},"content":{"rendered":"\n<p>\u200bLiderul sindicatului de la Metrou, Ion R\u0103doi, trimis \u00een judecat\u0103 de DNA pentru fraude la metrou cu firma<strong><strong> <\/strong><\/strong>sindicatului, a fost cel care a pus la cale greva din urm\u0103 cu un an care a paralizat pentru o zi traficul \u00een Capital\u0103, scrie <a href=\"https:\/\/monitorizari.hotnews.ro\/stiri-infrastructura_articole-25558592-cum-incerca-baronul-metrou-ion-radoi-dea-jos-drula-racheti-ucraineni-organizarea-grevei-care-paralizat-capitala-presiuni-pnl-primarii-sector.htm\">Hotnews<\/a>. R\u0103doi a \u00eencercat s\u0103-l opreasc\u0103 pe C\u0103t\u0103lin Drul\u0103, ministrul Transporturilor de atunci, care \u00eencepuse s\u0103 desfiin\u021beze tarabele \u0219i chio\u0219curile din sta\u021biile de metrou cu demersuri la liderilii PNL de la acea vreme, dar \u0219i la unii primari de sector. Pe grupurile interne ale sindicatului sus\u021bin\u0103torii lui R\u0103doi discutau chiar s\u0103 pun\u0103 un pre\u021b pe capetele lui Drul\u0103 \u0219i a \u0219efului Metrorex de atunci, s\u0103 angajeze \u201erache\u021bi ucraineni\u201d.<\/p>\n\n\n\n<p>\u00cen c\u00e2teva extrase din rechizitoriul procurorilor DNA trimis la instan\u021b\u0103 \u0219i consultate de HotNews.ro este detaliat\u0103 implicarea lui Ion R\u0103doi \u00een organizarea grevei generale de la metrou din martie 2021. Procurorii au surprins \u0219i discu\u021bii pe un grup de Whatsapp al sindicatului de la metrou,  unde unul dintre membri a propus s\u0103 fie pus \u201epre\u021b pe capetele lui Drul\u0103 \u0219i Paraschiv, prin angajarea unor rache\u021bi ucrainieni. Ace\u0219tia urmau s\u0103 fie pl\u0103ti\u021bi \u00een urma dona\u021biilor celor 5000 angaja\u021bi, fiecare c\u00e2te 1000 lei\u201d, pentru a fi str\u00e2ns\u0103 suma de 1 milion euro\u201d, se arat\u0103 \u00een rechizitoriu.<\/p>\n\n\n\n<p><em>\u201dhai pe ei\u201d&#8230;\u201dc\u00e2t dreaq cost\u0103 ni\u0219te racheti d-aia ucraineni?\u201d &#8230;\u201dhai naiba s\u0103 punem pre\u021b pe capetele lor\u201d&#8230;\u201d5000 de angaja\u021bi dac\u0103 doneaz\u0103 fiecare 1000 lei&#8230;facem vreun milion de euro. \u0218i lu\u0103m ceva de calitate\u201d&#8230;\u201dpunem pre\u021b pe 2 capete&#8230;drul\u0103 \u0219i directorul&#8230; si-ai s\u0103 vezi cum ne las\u0103 lumea \u00een pace\u201d&#8230;\u201dp\u0103i altfel nu se mai poate.ajungem la disperare.\u201d&#8230;\u201dda-i \u00een mor\u021bii lor&#8230;\u201d, <\/em>scrie Hotnews.<\/p>\n\n\n\n<p id=\"6\">\u0218i tot potrivit procurorilor, \u201efolosindu-se de influen\u021ba \u0219i autoritatea sa de lider de sindicat ,\u00a0R\u0103doi Ion a ini\u021biat \u0219i organizat declan\u0219area protestului ilegal de la metrou, \u00een sensul c\u0103 acesta a stabilit liniile directive pentru oprirea activit\u0103\u021bii, l\u0103s\u00e2nd sarcini de coordonare celorlalte persoane cu linie de conducere pe linie sindical\u0103, martori \u00een cauz\u0103, Popescu Iulian, lider tineret, Herda Florin, Dan Vasile, Ene Marian (\u201dLile\u201d) \u0219i care, potrivit indica\u021biilor lui R\u0103doi Ion, puteau aduna oameni de pe linilie de serviciu unde lucrau. Pentru a nu fi descoperit\u0103 implicarea lui \u00een ini\u021bierea, preg\u0103tirea \u0219i organizarea protestului ilegal de \u00eentrerupere a activit\u0103\u021bii, R\u0103doi Ion \u0219i-a luat m\u0103suri pentru a nu fi asociat cu preg\u0103tirea \u0219i organizarea ac\u021biunii de \u00eenterupere ilegal\u0103 a circula\u021biei trenurilor\u201d.<\/p>\n\n\n\n<p id=\"7\">\u00cen aceast\u0103 idee, de a fi disociat de ac\u021biunile de protest de la metrou, R\u0103doi a sus\u021binut c\u0103 \u0219i-a luat concediu de odihn\u0103, \u201ef\u0103r\u0103 a fi precizat\u0103 perioada exact\u0103, p\u00e2n\u0103 c\u00e2nd ar fi fost \u00een concediu de odihn\u0103\u201d \u0219i a \u201edat dispozi\u021bie ca ceilal\u021bi lideri de sindicat de la USLM, printre care martorul Artimon Marian, s\u0103 nu fie prezen\u021bi la sediul USLM \u00een data de 24 \u0219i 25 martie 2021, pentru a nu crea suspiciuni privind implicarea sindicatului \u00een organizarea protestului\u201d, men\u021bioneaz\u0103 Hotnews.ro.<\/p>\n\n\n\n<p id=\"8\">Procurorii mai sus\u021bin c\u0103 R\u0103doi \u201ea dat dispozi\u021bie s\u0103 nu se comunice mesaje de grev\u0103, pentru a nu fi descoperi\u021bi, mobilizarea urm\u00e2nd a se face de \u201dliderii\u201d din linia a 2 a si a 3 de sindicat. Ace\u0219tia, \u00een mesajele de mobilizare transmise pe whatsapp, au comunicat codat folosind cuvinte \u201d<em>la cafea<\/em>\u201d, \u201d<em>la mutat dulapuri<\/em>\u201d, pentru a se aduna \u00een subteran la sediul sindicatului.<\/p>\n\n\n\n<p id=\"9\">Potrivit perchezi\u021biei informatice de la sediul USLM (Sindicatul de la Metrou), au fost identificate \u201edocumente care au ar\u0103tat inten\u021bia \u0219i planul liderului de sindicat R\u0103doi Ion de a \u00eenchide circula\u021bia la metrou exista \u00eenc\u0103 din 24 martie 2021.\u201d<\/p>\n\n\n\n<p id=\"10\">\u201eR\u0103doi Ion l-a contactat pe fostul ministru al Transporturilor R\u0103zvan Cuc, acesta din urm\u0103 sus\u021bin\u00e2ndu-l \u00een demersurile sale, sf\u0103tuindu-l s\u0103 dea \u00een judecat\u0103 prim\u0103ria pentru abuz \u0219i Metrorex pentru desp\u0103gubiri, \u00eentruc\u00e2t ministrul Drul\u0103 C\u0103t\u0103lin se va ap\u0103ra spun\u00e2nd c\u0103 Metrorex a f\u0103cut-o\u201d, mai arat\u0103 procurtorii \u00een extrasele din rechizitoriu consultate de HotNews.ro.<\/p>\n\n\n\n<p>Mai multe pe <a href=\"https:\/\/monitorizari.hotnews.ro\/stiri-infrastructura_articole-25558592-cum-incerca-baronul-metrou-ion-radoi-dea-jos-drula-racheti-ucraineni-organizarea-grevei-care-paralizat-capitala-presiuni-pnl-primarii-sector.htm\">hotnews.ro<\/a><\/p>\n\n\n\n<p>Pe 26 martie 2021, <a href=\"https:\/\/buletin.de\/bucuresti\/metrorex-actiunea-ilegala-de-ocupare-a-metroului-bucurestean-a-produs-pagube-de-2-826-642-lei-amenzi-de-140-000-de-lei-pentru-cei-care-au-blocat-sinele\/\">o grev\u0103 <em>spontan\u0103<\/em><\/a> a angaja\u021bilor de la metrou a paralizat transportul \u00een comun \u00een Capital\u0103. Protestul a venit dup\u0103 ce ministrul de atunci, C\u0103t\u0103lin Drul\u0103, anun\u021base c\u0103 va \u00eencepe demolarea spa\u021biilor comerciale care func\u021bionau ilegal \u00een sta\u021biile de metrou, \u0219i care aveau contracte cu firma sindicatului condus de Ion R\u0103doi. <a href=\"https:\/\/buletin.de\/bucuresti\/c-drula-63-de-spatii-comerciale-de-la-metrou-desfiintate-ieri\/\">Demol\u0103rile<\/a> au continuat \u00een ciuda protestelor sindicali\u0219tilor. <\/p>\n\n\n\n<p>Pe 17 iuilie 2021, <a href=\"https:\/\/buletin.de\/bucuresti\/perchezitii-dna-la-sindicalistii-de-la-metrou-si-acasa-la-ion-radoi\/\">DNA a f\u0103cut perchezi\u021bii<\/a> acas\u0103 la Ion R\u0103doi \u0219i la al\u021bi lideri ai sindicatului de la Metrorex. Liderul Unitatea \u2013 Sindicatul Liber Metrou (USLM), Ion R\u0103doi, dar \u0219i administratorul unei societ\u0103\u021bi comerciale au fost pu\u0219i sub control judiciar la cap\u0103tul mai multor ore de audieri. Ambii sunt acuza\u021bi de \u201c<em>folosire a influen\u021bei sau autorit\u0103\u021bii de c\u0103tre o persoan\u0103 ce de\u021bine o func\u021bie de conducere \u00eentr-un sindicat, \u00een form\u0103 continuat\u0103<\/em>\u201d, \u00een timp ce Ion R\u0103doi a fost acuzat \u0219i de dou\u0103 fapte de \u0219antaj. Mai mult, procurorii au constatat c\u0103 doar \u00een ultimii doi ani, firma sindicatului ar fi \u00eencasat ilegal, din chirii, peste dou\u0103 milioane de euro.<\/p>\n\n\n\n<p><a href=\"https:\/\/www.g4media.ro\/exclusiv-stenograme-dna-piedone-catre-radoi-dupa-ce-o-sa-invii-imi-dai-si-mie-o-jumatate-de-statie-de-la-izvor-radoi-o-juma-de-statie-intreaga-iti-dau-radoi-ar-fi-subinchiriat.html?fbclid=IwAR36kPHGcmoKc98GL4dv5vf48Dc9KZ8GAQICPVs_PmNGDQp7FIXpEuQvKsA\">Stenograme consultate \u0219i prezentate de G4Media.ro din ordonan\u0163a DNA de inculpare a liderului de sindicat de la metrou, Ion R\u0103doi<\/a>\u00a0arat\u0103 c\u0103 \u201c<em>\u00een contextul demar\u0103rii procedurii Metrorex de eliberare a spa\u0163iilor comerciale de la metrou care func\u0163ioneaz\u0103 \u00een mod nelegal, la data de 27.05.2021, primarul sectorului 5 Popescu Cristian \u201ePiedone\u201d i-a pretins lui R\u0103doi Ion, liderul sindicatului USLM, s\u0103-i dea \u201ejum\u0103tate din spa\u0163iile comerciale de la Izvor\u201d, urm\u00e2nd ca \u00een schimb s\u0103 am\u00e2ne sau s\u0103 refuze emiterea dispozi\u0163iilor de demolare a spa\u0163iilor de la Metrou aflate pe raza sectorului 5 (sta\u0163iile de la Izvor, Eroilor, Eroii Revolu\u0163iei). R\u0103doi Ion a fost de acord cu propunerea primarului Sector 5, \u201eplus\u00e2nd\u201d, spun\u00e2ndu-i c\u0103 \u201eo jum\u0103tate de sta\u0163ie \u00eentreag\u0103 \u00eei d\u0103<\/em>.\u201d<\/p>\n\n\n\n<p>Pe 18 aprilie 2022, <a href=\"https:\/\/buletin.de\/bucuresti\/ion-radoi-trimis-in-judecata-pentru-coruptie-dna-influenta-si-autoritatea-au-fost-folosite-in-scopuri-personale-sau-pentru-interese-de-grup-fara-legatura-cu-dialogul-social-ori-protejare\/\">Ion R\u0103doi a fost trimis \u00een judecat\u0103 <\/a> de DNA. \u00a0\u0218eful de sindicat este acuzat de procurorii anticorup\u021bie c\u0103 ar fi ob\u021binut foloase necuvenite folosindu-\u0219i infulen\u021ba \u0219i pentru c\u0103 ar fi \u0219antajat. Mai mult, firma sindicatului ar fi \u00eencasat ilegal peste 10 milioane de lei pentru spa\u021biile de la metrou. <\/p>\n\n\n\n<p><strong>Cite\u0219te \u0219i:<\/strong><\/p>\n\n\n\n<ul class=\"wp-block-list\"><li><a href=\"https:\/\/buletin.de\/bucuresti\/ion-radoi-dus-la-dna-in-urma-perchezitiilor-de-la-sediul-sindicatului-de-la-metrou-si-de-la-locuinta-sa\/\">Ion R\u0103doi, dus la DNA \u00een urma perchezi\u021biilor de la sediul sindicatului de la metrou \u0219i de la locuin\u021ba sa<\/a><\/li><li><a href=\"https:\/\/buletin.de\/bucuresti\/perchezitiile-dna-de-la-sindicatul-lui-radoi-extinse-la-primariile-lui-negoita-si-piedone\/\">Perchezi\u021biile DNA de la sindicatul lui R\u0103doi, extinse la prim\u0103riile lui Piedone \u0219i Negoi\u021b\u0103<\/a><\/li><li><a href=\"https:\/\/buletin.de\/bucuresti\/sindicalistul-ion-radoi-salariu-mai-mare-decat-al-presedintelui-klaus-iohannis\/\">Sindicalistul Ion R\u0103doi, salariu mai mare dec\u00e2t al pre\u0219edintelui Klaus Iohannis<\/a><\/li><li><a href=\"https:\/\/buletin.de\/bucuresti\/perchezitii-dna-la-sindicalistii-de-la-metrou-si-acasa-la-ion-radoi\/\">Perchezi\u021bii DNA la sindicali\u0219tii de la metrou \u0219i acas\u0103 la Ion R\u0103doi<\/a><\/li><li><a href=\"https:\/\/buletin.de\/bucuresti\/drula-sah-la-radoi-de-600-de-mii-de-euro-pe-an-metrorex-interzice-contabililor-sa-gestioneze-cotizatiile-pentru-sindicat\/\">Drul\u0103, \u0219ah la R\u0103doi de 600 de mii de euro pe an. Metrorex interzice contabililor s\u0103 gestioneze cotiza\u021biile pentru sindicat<\/a><\/li><li><a href=\"https:\/\/buletin.de\/bucuresti\/statia-de-metrou-izvor-impartita-intre-radoi-si-piedone-liderul-de-sindicat-ar-fi-incasat-pana-la-200-000-de-euro-pe-spatiile-comerciale\/\">Sta\u021bia de metrou Izvor, \u00eemp\u0103r\u021bit\u0103 \u00eentre R\u0103doi \u0219i Piedone. Liderul de sindicat ar fi \u00eencasat p\u00e2n\u0103 la 200.000 de euro pe spa\u021biile comerciale<\/a><\/li><li><a href=\"https:\/\/buletin.de\/bucuresti\/statia-de-metrou-izvor-impartita-intre-radoi-si-piedone-liderul-de-sindicat-ar-fi-incasat-pana-la-200-000-de-euro-pe-spatiile-comerciale\/\">Piedone despre promisiunea lui R\u0103doi privind spa\u021biile comerciale de la Izvor : \u201cNu pot face asemenea gre\u0219eli elementare. Am glumit\u201d<\/a><\/li><li><a href=\"https:\/\/buletin.de\/bucuresti\/exclusiv-spatiile-comerciale-de-la-metrou-cadoul-lui-traian-basescu-pentru-ion-radoi-de-acum-23-de-ani\/\">EXCLUSIV | Spa\u021biile comerciale de la metrou, \u201ccadoul\u201d lui Traian B\u0103sescu pentru Ion R\u0103doi de acum 23 de ani<\/a><\/li><\/ul>\n\n\n\n<p><\/p>\n\n\n\n<p><\/p>\n\n\n\n<p><\/p>\n","protected":false},"excerpt":{"rendered":"<p>\u200bLiderul sindicatului de la Metrou, Ion R\u0103doi, trimis \u00een judecat\u0103 de DNA pentru fraude la metrou cu firma sindicatului, a fost cel care a pus la cale greva din urm\u0103 cu un an care a paralizat pentru o zi traficul \u00een Capital\u0103, scrie Hotnews. R\u0103doi a \u00eencercat s\u0103-l opreasc\u0103 pe C\u0103t\u0103lin Drul\u0103, ministrul Transporturilor de [&hellip;]<\/p>\n","protected":false},"author":18,"featured_media":22342,"comment_status":"closed","ping_status":"open","sticky":false,"template":"","format":"standard","meta":{"_acf_changed":false,"inline_featured_image":false,"ngg_post_thumbnail":0,"footnotes":""},"categories":[3419,62],"tags":[875,2247,4169,1809,4170],"ppma_author":[22579],"class_list":["post-42803","post","type-post","status-publish","format-standard","has-post-thumbnail","hentry","category-featured","category-stiri","tag-dna","tag-drula","tag-racheti-ucraineni","tag-radoi","tag-rechizitoriu"],"acf":[],"yoast_head":"<!-- This site is optimized with the Yoast SEO Premium plugin v25.3 (Yoast SEO v27.4) - https:\/\/yoast.com\/product\/yoast-seo-premium-wordpress\/ -->\n<title>Hotnews: Sindicali\u0219tii lui R\u0103doi voiau capul lui Drul\u0103. \u201eC\u00e2t dreaq cost\u0103 ni\u0219te racheti d-aia ucraineni? Un milion de euro \u0219i lu\u0103m ceva de calitate\u201d - Buletin de Bucure\u0219ti<\/title>\n<meta name=\"robots\" content=\"index, follow, max-snippet:-1, max-image-preview:large, max-video-preview:-1\" \/>\n<link rel=\"canonical\" href=\"https:\/\/buletin.de\/bucuresti\/hotnews-sindicalistii-lui-radoi-voiau-capul-lui-drula-cat-dreaq-costa-niste-racheti-d-aia-ucraineni-un-milion-de-euro-si-luam-ceva-de-calitate\/\" \/>\n<meta property=\"og:locale\" content=\"en_GB\" \/>\n<meta property=\"og:type\" content=\"article\" \/>\n<meta property=\"og:title\" content=\"Hotnews: Sindicali\u0219tii lui R\u0103doi voiau capul lui Drul\u0103. \u201eC\u00e2t dreaq cost\u0103 ni\u0219te racheti d-aia ucraineni? Un milion de euro \u0219i lu\u0103m ceva de calitate\u201d\" \/>\n<meta property=\"og:description\" content=\"\u200bLiderul sindicatului de la Metrou, Ion R\u0103doi, trimis \u00een judecat\u0103 de DNA pentru fraude la metrou cu firma sindicatului, a fost cel care a pus la cale greva din urm\u0103 cu un an care a paralizat pentru o zi traficul \u00een Capital\u0103, scrie Hotnews. R\u0103doi a \u00eencercat s\u0103-l opreasc\u0103 pe C\u0103t\u0103lin Drul\u0103, ministrul Transporturilor de [&hellip;]\" \/>\n<meta property=\"og:url\" content=\"https:\/\/buletin.de\/bucuresti\/hotnews-sindicalistii-lui-radoi-voiau-capul-lui-drula-cat-dreaq-costa-niste-racheti-d-aia-ucraineni-un-milion-de-euro-si-luam-ceva-de-calitate\/\" \/>\n<meta property=\"og:site_name\" content=\"Buletin de Bucure\u0219ti\" \/>\n<meta property=\"article:publisher\" content=\"https:\/\/www.facebook.com\/buletin.de.buc\" \/>\n<meta property=\"article:published_time\" content=\"2022-05-16T08:22:35+00:00\" \/>\n<meta property=\"og:image\" content=\"https:\/\/buletin.de\/bucuresti\/wp-content\/uploads\/ion-radoi.jpg\" \/>\n\t<meta property=\"og:image:width\" content=\"1872\" \/>\n\t<meta property=\"og:image:height\" content=\"757\" \/>\n\t<meta property=\"og:image:type\" content=\"image\/jpeg\" \/>\n<meta name=\"author\" content=\"Teodora Stroe\" \/>\n<meta name=\"twitter:card\" content=\"summary_large_image\" \/>\n<meta name=\"twitter:label1\" content=\"Written by\" \/>\n\t<meta name=\"twitter:data1\" content=\"Teodora Stroe\" \/>\n\t<meta name=\"twitter:label2\" content=\"Estimated reading time\" \/>\n\t<meta name=\"twitter:data2\" content=\"5 minutes\" \/>\n<script type=\"application\/ld+json\" class=\"yoast-schema-graph\">{\"@context\":\"https:\\\/\\\/schema.org\",\"@graph\":[{\"@type\":\"Article\",\"@id\":\"https:\\\/\\\/buletin.de\\\/bucuresti\\\/hotnews-sindicalistii-lui-radoi-voiau-capul-lui-drula-cat-dreaq-costa-niste-racheti-d-aia-ucraineni-un-milion-de-euro-si-luam-ceva-de-calitate\\\/#article\",\"isPartOf\":{\"@id\":\"https:\\\/\\\/buletin.de\\\/bucuresti\\\/hotnews-sindicalistii-lui-radoi-voiau-capul-lui-drula-cat-dreaq-costa-niste-racheti-d-aia-ucraineni-un-milion-de-euro-si-luam-ceva-de-calitate\\\/\"},\"author\":{\"name\":\"Teodora Stroe\",\"@id\":\"https:\\\/\\\/buletin.de\\\/bucuresti\\\/#\\\/schema\\\/person\\\/d369d7ddc775abece205795e0b804614\"},\"headline\":\"Hotnews: Sindicali\u0219tii lui R\u0103doi voiau capul lui Drul\u0103. \u201eC\u00e2t dreaq cost\u0103 ni\u0219te racheti d-aia ucraineni? Un milion de euro \u0219i lu\u0103m ceva de calitate\u201d\",\"datePublished\":\"2022-05-16T08:22:35+00:00\",\"mainEntityOfPage\":{\"@id\":\"https:\\\/\\\/buletin.de\\\/bucuresti\\\/hotnews-sindicalistii-lui-radoi-voiau-capul-lui-drula-cat-dreaq-costa-niste-racheti-d-aia-ucraineni-un-milion-de-euro-si-luam-ceva-de-calitate\\\/\"},\"wordCount\":1280,\"publisher\":{\"@id\":\"https:\\\/\\\/buletin.de\\\/bucuresti\\\/#organization\"},\"image\":{\"@id\":\"https:\\\/\\\/buletin.de\\\/bucuresti\\\/hotnews-sindicalistii-lui-radoi-voiau-capul-lui-drula-cat-dreaq-costa-niste-racheti-d-aia-ucraineni-un-milion-de-euro-si-luam-ceva-de-calitate\\\/#primaryimage\"},\"thumbnailUrl\":\"https:\\\/\\\/buletin.de\\\/bucuresti\\\/wp-content\\\/uploads\\\/ion-radoi.jpg\",\"keywords\":[\"dna\",\"drula\",\"racheti ucraineni\",\"radoi\",\"rechizitoriu\"],\"articleSection\":[\"Featured\",\"\u0218tiri\"],\"inLanguage\":\"en-GB\",\"copyrightYear\":\"2022\",\"copyrightHolder\":{\"@id\":\"https:\\\/\\\/buletin.de\\\/bucuresti\\\/#organization\"}},{\"@type\":\"WebPage\",\"@id\":\"https:\\\/\\\/buletin.de\\\/bucuresti\\\/hotnews-sindicalistii-lui-radoi-voiau-capul-lui-drula-cat-dreaq-costa-niste-racheti-d-aia-ucraineni-un-milion-de-euro-si-luam-ceva-de-calitate\\\/\",\"url\":\"https:\\\/\\\/buletin.de\\\/bucuresti\\\/hotnews-sindicalistii-lui-radoi-voiau-capul-lui-drula-cat-dreaq-costa-niste-racheti-d-aia-ucraineni-un-milion-de-euro-si-luam-ceva-de-calitate\\\/\",\"name\":\"Hotnews: Sindicali\u0219tii lui R\u0103doi voiau capul lui Drul\u0103. \u201eC\u00e2t dreaq cost\u0103 ni\u0219te racheti d-aia ucraineni? Un milion de euro \u0219i lu\u0103m ceva de calitate\u201d - Buletin de Bucure\u0219ti\",\"isPartOf\":{\"@id\":\"https:\\\/\\\/buletin.de\\\/bucuresti\\\/#website\"},\"primaryImageOfPage\":{\"@id\":\"https:\\\/\\\/buletin.de\\\/bucuresti\\\/hotnews-sindicalistii-lui-radoi-voiau-capul-lui-drula-cat-dreaq-costa-niste-racheti-d-aia-ucraineni-un-milion-de-euro-si-luam-ceva-de-calitate\\\/#primaryimage\"},\"image\":{\"@id\":\"https:\\\/\\\/buletin.de\\\/bucuresti\\\/hotnews-sindicalistii-lui-radoi-voiau-capul-lui-drula-cat-dreaq-costa-niste-racheti-d-aia-ucraineni-un-milion-de-euro-si-luam-ceva-de-calitate\\\/#primaryimage\"},\"thumbnailUrl\":\"https:\\\/\\\/buletin.de\\\/bucuresti\\\/wp-content\\\/uploads\\\/ion-radoi.jpg\",\"datePublished\":\"2022-05-16T08:22:35+00:00\",\"breadcrumb\":{\"@id\":\"https:\\\/\\\/buletin.de\\\/bucuresti\\\/hotnews-sindicalistii-lui-radoi-voiau-capul-lui-drula-cat-dreaq-costa-niste-racheti-d-aia-ucraineni-un-milion-de-euro-si-luam-ceva-de-calitate\\\/#breadcrumb\"},\"inLanguage\":\"en-GB\",\"potentialAction\":[{\"@type\":\"ReadAction\",\"target\":[\"https:\\\/\\\/buletin.de\\\/bucuresti\\\/hotnews-sindicalistii-lui-radoi-voiau-capul-lui-drula-cat-dreaq-costa-niste-racheti-d-aia-ucraineni-un-milion-de-euro-si-luam-ceva-de-calitate\\\/\"]}]},{\"@type\":\"ImageObject\",\"inLanguage\":\"en-GB\",\"@id\":\"https:\\\/\\\/buletin.de\\\/bucuresti\\\/hotnews-sindicalistii-lui-radoi-voiau-capul-lui-drula-cat-dreaq-costa-niste-racheti-d-aia-ucraineni-un-milion-de-euro-si-luam-ceva-de-calitate\\\/#primaryimage\",\"url\":\"https:\\\/\\\/buletin.de\\\/bucuresti\\\/wp-content\\\/uploads\\\/ion-radoi.jpg\",\"contentUrl\":\"https:\\\/\\\/buletin.de\\\/bucuresti\\\/wp-content\\\/uploads\\\/ion-radoi.jpg\",\"width\":1872,\"height\":757},{\"@type\":\"BreadcrumbList\",\"@id\":\"https:\\\/\\\/buletin.de\\\/bucuresti\\\/hotnews-sindicalistii-lui-radoi-voiau-capul-lui-drula-cat-dreaq-costa-niste-racheti-d-aia-ucraineni-un-milion-de-euro-si-luam-ceva-de-calitate\\\/#breadcrumb\",\"itemListElement\":[{\"@type\":\"ListItem\",\"position\":1,\"name\":\"Acas\u0103\",\"item\":\"https:\\\/\\\/buletin.de\\\/bucuresti\\\/\"},{\"@type\":\"ListItem\",\"position\":2,\"name\":\"Hotnews: Sindicali\u0219tii lui R\u0103doi voiau capul lui Drul\u0103. \u201eC\u00e2t dreaq cost\u0103 ni\u0219te racheti d-aia ucraineni? Un milion de euro \u0219i lu\u0103m ceva de calitate\u201d\"}]},{\"@type\":\"WebSite\",\"@id\":\"https:\\\/\\\/buletin.de\\\/bucuresti\\\/#website\",\"url\":\"https:\\\/\\\/buletin.de\\\/bucuresti\\\/\",\"name\":\"Buletin de Bucure\u0219ti\",\"description\":\"\u0218tiri \u0219i investiga\u021bii esen\u021biale din capital\u0103\",\"publisher\":{\"@id\":\"https:\\\/\\\/buletin.de\\\/bucuresti\\\/#organization\"},\"potentialAction\":[{\"@type\":\"SearchAction\",\"target\":{\"@type\":\"EntryPoint\",\"urlTemplate\":\"https:\\\/\\\/buletin.de\\\/bucuresti\\\/?s={search_term_string}\"},\"query-input\":{\"@type\":\"PropertyValueSpecification\",\"valueRequired\":true,\"valueName\":\"search_term_string\"}}],\"inLanguage\":\"en-GB\"},{\"@type\":\"Organization\",\"@id\":\"https:\\\/\\\/buletin.de\\\/bucuresti\\\/#organization\",\"name\":\"Buletin de Bucure\u0219ti\",\"url\":\"https:\\\/\\\/buletin.de\\\/bucuresti\\\/\",\"logo\":{\"@type\":\"ImageObject\",\"inLanguage\":\"en-GB\",\"@id\":\"https:\\\/\\\/buletin.de\\\/bucuresti\\\/#\\\/schema\\\/logo\\\/image\\\/\",\"url\":\"https:\\\/\\\/buletin.de\\\/bucuresti\\\/wp-content\\\/uploads\\\/logo-bdb-full-wide-vernil-transparent.png\",\"contentUrl\":\"https:\\\/\\\/buletin.de\\\/bucuresti\\\/wp-content\\\/uploads\\\/logo-bdb-full-wide-vernil-transparent.png\",\"width\":1782,\"height\":626,\"caption\":\"Buletin de Bucure\u0219ti\"},\"image\":{\"@id\":\"https:\\\/\\\/buletin.de\\\/bucuresti\\\/#\\\/schema\\\/logo\\\/image\\\/\"},\"sameAs\":[\"https:\\\/\\\/www.facebook.com\\\/buletin.de.buc\",\"https:\\\/\\\/www.instagram.com\\\/buletinde.bucuresti\\\/\"]},{\"@type\":\"Person\",\"@id\":\"https:\\\/\\\/buletin.de\\\/bucuresti\\\/#\\\/schema\\\/person\\\/d369d7ddc775abece205795e0b804614\",\"name\":\"Teodora Stroe\",\"image\":{\"@type\":\"ImageObject\",\"inLanguage\":\"en-GB\",\"@id\":\"https:\\\/\\\/secure.gravatar.com\\\/avatar\\\/2560b4cd9f5f1bc100b123158e657d75584bd1c3e1d9c69285720b9457c1b78d?s=96&d=monsterid&r=gc104800242ba5f2d78dd5d7dc4df08b6\",\"url\":\"https:\\\/\\\/secure.gravatar.com\\\/avatar\\\/2560b4cd9f5f1bc100b123158e657d75584bd1c3e1d9c69285720b9457c1b78d?s=96&d=monsterid&r=g\",\"contentUrl\":\"https:\\\/\\\/secure.gravatar.com\\\/avatar\\\/2560b4cd9f5f1bc100b123158e657d75584bd1c3e1d9c69285720b9457c1b78d?s=96&d=monsterid&r=g\",\"caption\":\"Teodora Stroe\"},\"url\":\"https:\\\/\\\/buletin.de\\\/bucuresti\\\/author\\\/simonacarlugea\\\/\"}]}<\/script>\n<!-- \/ Yoast SEO Premium plugin. -->","yoast_head_json":{"title":"Hotnews: Sindicali\u0219tii lui R\u0103doi voiau capul lui Drul\u0103. \u201eC\u00e2t dreaq cost\u0103 ni\u0219te racheti d-aia ucraineni? Un milion de euro \u0219i lu\u0103m ceva de calitate\u201d - Buletin de Bucure\u0219ti","robots":{"index":"index","follow":"follow","max-snippet":"max-snippet:-1","max-image-preview":"max-image-preview:large","max-video-preview":"max-video-preview:-1"},"canonical":"https:\/\/buletin.de\/bucuresti\/hotnews-sindicalistii-lui-radoi-voiau-capul-lui-drula-cat-dreaq-costa-niste-racheti-d-aia-ucraineni-un-milion-de-euro-si-luam-ceva-de-calitate\/","og_locale":"en_GB","og_type":"article","og_title":"Hotnews: Sindicali\u0219tii lui R\u0103doi voiau capul lui Drul\u0103. \u201eC\u00e2t dreaq cost\u0103 ni\u0219te racheti d-aia ucraineni? Un milion de euro \u0219i lu\u0103m ceva de calitate\u201d","og_description":"\u200bLiderul sindicatului de la Metrou, Ion R\u0103doi, trimis \u00een judecat\u0103 de DNA pentru fraude la metrou cu firma sindicatului, a fost cel care a pus la cale greva din urm\u0103 cu un an care a paralizat pentru o zi traficul \u00een Capital\u0103, scrie Hotnews. R\u0103doi a \u00eencercat s\u0103-l opreasc\u0103 pe C\u0103t\u0103lin Drul\u0103, ministrul Transporturilor de [&hellip;]","og_url":"https:\/\/buletin.de\/bucuresti\/hotnews-sindicalistii-lui-radoi-voiau-capul-lui-drula-cat-dreaq-costa-niste-racheti-d-aia-ucraineni-un-milion-de-euro-si-luam-ceva-de-calitate\/","og_site_name":"Buletin de Bucure\u0219ti","article_publisher":"https:\/\/www.facebook.com\/buletin.de.buc","article_published_time":"2022-05-16T08:22:35+00:00","og_image":[{"width":1872,"height":757,"url":"https:\/\/buletin.de\/bucuresti\/wp-content\/uploads\/ion-radoi.jpg","type":"image\/jpeg"}],"author":"Teodora Stroe","twitter_card":"summary_large_image","twitter_misc":{"Written by":"Teodora Stroe","Estimated reading time":"5 minutes"},"schema":{"@context":"https:\/\/schema.org","@graph":[{"@type":"Article","@id":"https:\/\/buletin.de\/bucuresti\/hotnews-sindicalistii-lui-radoi-voiau-capul-lui-drula-cat-dreaq-costa-niste-racheti-d-aia-ucraineni-un-milion-de-euro-si-luam-ceva-de-calitate\/#article","isPartOf":{"@id":"https:\/\/buletin.de\/bucuresti\/hotnews-sindicalistii-lui-radoi-voiau-capul-lui-drula-cat-dreaq-costa-niste-racheti-d-aia-ucraineni-un-milion-de-euro-si-luam-ceva-de-calitate\/"},"author":{"name":"Teodora Stroe","@id":"https:\/\/buletin.de\/bucuresti\/#\/schema\/person\/d369d7ddc775abece205795e0b804614"},"headline":"Hotnews: Sindicali\u0219tii lui R\u0103doi voiau capul lui Drul\u0103. \u201eC\u00e2t dreaq cost\u0103 ni\u0219te racheti d-aia ucraineni? Un milion de euro \u0219i lu\u0103m ceva de calitate\u201d","datePublished":"2022-05-16T08:22:35+00:00","mainEntityOfPage":{"@id":"https:\/\/buletin.de\/bucuresti\/hotnews-sindicalistii-lui-radoi-voiau-capul-lui-drula-cat-dreaq-costa-niste-racheti-d-aia-ucraineni-un-milion-de-euro-si-luam-ceva-de-calitate\/"},"wordCount":1280,"publisher":{"@id":"https:\/\/buletin.de\/bucuresti\/#organization"},"image":{"@id":"https:\/\/buletin.de\/bucuresti\/hotnews-sindicalistii-lui-radoi-voiau-capul-lui-drula-cat-dreaq-costa-niste-racheti-d-aia-ucraineni-un-milion-de-euro-si-luam-ceva-de-calitate\/#primaryimage"},"thumbnailUrl":"https:\/\/buletin.de\/bucuresti\/wp-content\/uploads\/ion-radoi.jpg","keywords":["dna","drula","racheti ucraineni","radoi","rechizitoriu"],"articleSection":["Featured","\u0218tiri"],"inLanguage":"en-GB","copyrightYear":"2022","copyrightHolder":{"@id":"https:\/\/buletin.de\/bucuresti\/#organization"}},{"@type":"WebPage","@id":"https:\/\/buletin.de\/bucuresti\/hotnews-sindicalistii-lui-radoi-voiau-capul-lui-drula-cat-dreaq-costa-niste-racheti-d-aia-ucraineni-un-milion-de-euro-si-luam-ceva-de-calitate\/","url":"https:\/\/buletin.de\/bucuresti\/hotnews-sindicalistii-lui-radoi-voiau-capul-lui-drula-cat-dreaq-costa-niste-racheti-d-aia-ucraineni-un-milion-de-euro-si-luam-ceva-de-calitate\/","name":"Hotnews: Sindicali\u0219tii lui R\u0103doi voiau capul lui Drul\u0103. \u201eC\u00e2t dreaq cost\u0103 ni\u0219te racheti d-aia ucraineni? Un milion de euro \u0219i lu\u0103m ceva de calitate\u201d - Buletin de Bucure\u0219ti","isPartOf":{"@id":"https:\/\/buletin.de\/bucuresti\/#website"},"primaryImageOfPage":{"@id":"https:\/\/buletin.de\/bucuresti\/hotnews-sindicalistii-lui-radoi-voiau-capul-lui-drula-cat-dreaq-costa-niste-racheti-d-aia-ucraineni-un-milion-de-euro-si-luam-ceva-de-calitate\/#primaryimage"},"image":{"@id":"https:\/\/buletin.de\/bucuresti\/hotnews-sindicalistii-lui-radoi-voiau-capul-lui-drula-cat-dreaq-costa-niste-racheti-d-aia-ucraineni-un-milion-de-euro-si-luam-ceva-de-calitate\/#primaryimage"},"thumbnailUrl":"https:\/\/buletin.de\/bucuresti\/wp-content\/uploads\/ion-radoi.jpg","datePublished":"2022-05-16T08:22:35+00:00","breadcrumb":{"@id":"https:\/\/buletin.de\/bucuresti\/hotnews-sindicalistii-lui-radoi-voiau-capul-lui-drula-cat-dreaq-costa-niste-racheti-d-aia-ucraineni-un-milion-de-euro-si-luam-ceva-de-calitate\/#breadcrumb"},"inLanguage":"en-GB","potentialAction":[{"@type":"ReadAction","target":["https:\/\/buletin.de\/bucuresti\/hotnews-sindicalistii-lui-radoi-voiau-capul-lui-drula-cat-dreaq-costa-niste-racheti-d-aia-ucraineni-un-milion-de-euro-si-luam-ceva-de-calitate\/"]}]},{"@type":"ImageObject","inLanguage":"en-GB","@id":"https:\/\/buletin.de\/bucuresti\/hotnews-sindicalistii-lui-radoi-voiau-capul-lui-drula-cat-dreaq-costa-niste-racheti-d-aia-ucraineni-un-milion-de-euro-si-luam-ceva-de-calitate\/#primaryimage","url":"https:\/\/buletin.de\/bucuresti\/wp-content\/uploads\/ion-radoi.jpg","contentUrl":"https:\/\/buletin.de\/bucuresti\/wp-content\/uploads\/ion-radoi.jpg","width":1872,"height":757},{"@type":"BreadcrumbList","@id":"https:\/\/buletin.de\/bucuresti\/hotnews-sindicalistii-lui-radoi-voiau-capul-lui-drula-cat-dreaq-costa-niste-racheti-d-aia-ucraineni-un-milion-de-euro-si-luam-ceva-de-calitate\/#breadcrumb","itemListElement":[{"@type":"ListItem","position":1,"name":"Acas\u0103","item":"https:\/\/buletin.de\/bucuresti\/"},{"@type":"ListItem","position":2,"name":"Hotnews: Sindicali\u0219tii lui R\u0103doi voiau capul lui Drul\u0103. \u201eC\u00e2t dreaq cost\u0103 ni\u0219te racheti d-aia ucraineni? Un milion de euro \u0219i lu\u0103m ceva de calitate\u201d"}]},{"@type":"WebSite","@id":"https:\/\/buletin.de\/bucuresti\/#website","url":"https:\/\/buletin.de\/bucuresti\/","name":"Buletin de Bucure\u0219ti","description":"\u0218tiri \u0219i investiga\u021bii esen\u021biale din capital\u0103","publisher":{"@id":"https:\/\/buletin.de\/bucuresti\/#organization"},"potentialAction":[{"@type":"SearchAction","target":{"@type":"EntryPoint","urlTemplate":"https:\/\/buletin.de\/bucuresti\/?s={search_term_string}"},"query-input":{"@type":"PropertyValueSpecification","valueRequired":true,"valueName":"search_term_string"}}],"inLanguage":"en-GB"},{"@type":"Organization","@id":"https:\/\/buletin.de\/bucuresti\/#organization","name":"Buletin de Bucure\u0219ti","url":"https:\/\/buletin.de\/bucuresti\/","logo":{"@type":"ImageObject","inLanguage":"en-GB","@id":"https:\/\/buletin.de\/bucuresti\/#\/schema\/logo\/image\/","url":"https:\/\/buletin.de\/bucuresti\/wp-content\/uploads\/logo-bdb-full-wide-vernil-transparent.png","contentUrl":"https:\/\/buletin.de\/bucuresti\/wp-content\/uploads\/logo-bdb-full-wide-vernil-transparent.png","width":1782,"height":626,"caption":"Buletin de Bucure\u0219ti"},"image":{"@id":"https:\/\/buletin.de\/bucuresti\/#\/schema\/logo\/image\/"},"sameAs":["https:\/\/www.facebook.com\/buletin.de.buc","https:\/\/www.instagram.com\/buletinde.bucuresti\/"]},{"@type":"Person","@id":"https:\/\/buletin.de\/bucuresti\/#\/schema\/person\/d369d7ddc775abece205795e0b804614","name":"Teodora Stroe","image":{"@type":"ImageObject","inLanguage":"en-GB","@id":"https:\/\/secure.gravatar.com\/avatar\/2560b4cd9f5f1bc100b123158e657d75584bd1c3e1d9c69285720b9457c1b78d?s=96&d=monsterid&r=gc104800242ba5f2d78dd5d7dc4df08b6","url":"https:\/\/secure.gravatar.com\/avatar\/2560b4cd9f5f1bc100b123158e657d75584bd1c3e1d9c69285720b9457c1b78d?s=96&d=monsterid&r=g","contentUrl":"https:\/\/secure.gravatar.com\/avatar\/2560b4cd9f5f1bc100b123158e657d75584bd1c3e1d9c69285720b9457c1b78d?s=96&d=monsterid&r=g","caption":"Teodora Stroe"},"url":"https:\/\/buletin.de\/bucuresti\/author\/simonacarlugea\/"}]}},"authors":[{"term_id":22579,"user_id":18,"is_guest":0,"slug":"simonacarlugea","display_name":"Teodora Stroe","avatar_url":"https:\/\/secure.gravatar.com\/avatar\/2560b4cd9f5f1bc100b123158e657d75584bd1c3e1d9c69285720b9457c1b78d?s=96&d=monsterid&r=g","0":null,"1":"","2":"","3":"","4":"","5":"","6":"","7":"","8":""}],"_links":{"self":[{"href":"https:\/\/buletin.de\/bucuresti\/wp-json\/wp\/v2\/posts\/42803","targetHints":{"allow":["GET"]}}],"collection":[{"href":"https:\/\/buletin.de\/bucuresti\/wp-json\/wp\/v2\/posts"}],"about":[{"href":"https:\/\/buletin.de\/bucuresti\/wp-json\/wp\/v2\/types\/post"}],"author":[{"embeddable":true,"href":"https:\/\/buletin.de\/bucuresti\/wp-json\/wp\/v2\/users\/18"}],"replies":[{"embeddable":true,"href":"https:\/\/buletin.de\/bucuresti\/wp-json\/wp\/v2\/comments?post=42803"}],"version-history":[{"count":3,"href":"https:\/\/buletin.de\/bucuresti\/wp-json\/wp\/v2\/posts\/42803\/revisions"}],"predecessor-version":[{"id":42807,"href":"https:\/\/buletin.de\/bucuresti\/wp-json\/wp\/v2\/posts\/42803\/revisions\/42807"}],"wp:featuredmedia":[{"embeddable":true,"href":"https:\/\/buletin.de\/bucuresti\/wp-json\/wp\/v2\/media\/22342"}],"wp:attachment":[{"href":"https:\/\/buletin.de\/bucuresti\/wp-json\/wp\/v2\/media?parent=42803"}],"wp:term":[{"taxonomy":"category","embeddable":true,"href":"https:\/\/buletin.de\/bucuresti\/wp-json\/wp\/v2\/categories?post=42803"},{"taxonomy":"post_tag","embeddable":true,"href":"https:\/\/buletin.de\/bucuresti\/wp-json\/wp\/v2\/tags?post=42803"},{"taxonomy":"author","embeddable":true,"href":"https:\/\/buletin.de\/bucuresti\/wp-json\/wp\/v2\/ppma_author?post=42803"}],"curies":[{"name":"wp","href":"https:\/\/api.w.org\/{rel}","templated":true}]}}