{"id":42694,"date":"2022-05-12T12:40:48","date_gmt":"2022-05-12T10:40:48","guid":{"rendered":"https:\/\/buletin.de\/bucuresti\/?p=42694"},"modified":"2022-05-12T12:41:46","modified_gmt":"2022-05-12T10:41:46","slug":"6-localuri-din-herastrau-inchise-temporar-de-politia-locala-sector-1-alte-3-amendate-clotilde-armand-cere-si-protectiei-consumatorului-sa-faca-verificari","status":"publish","type":"post","link":"https:\/\/buletin.de\/bucuresti\/6-localuri-din-herastrau-inchise-temporar-de-politia-locala-sector-1-alte-3-amendate-clotilde-armand-cere-si-protectiei-consumatorului-sa-faca-verificari\/","title":{"rendered":"6 localuri din Her\u0103str\u0103u, \u00eenchise temporar de Poli\u021bia Local\u0103 Sector 1, alte 3 amendate. Clotilde Armand cere \u0219i Protec\u021biei Consumatorului s\u0103 fac\u0103 verific\u0103ri"},"content":{"rendered":"\n<p>Poli\u021bia Local\u0103 Sector 1 a descins, la sf\u00e2r\u0219itul s\u0103pt\u0103m\u00e2nii trecute, \u00een localurile din Her\u0103str\u0103u. Nou\u0103 dintre ele au fost amendate pentru c\u0103 func\u021bionau f\u0103r\u0103 autoriza\u021biile necesare pe domeniul public. Edilul de sector anun\u021b\u0103 c\u0103 a cerut \u0219i un control ANPC la aceste societ\u0103\u021bi comerciale. <\/p>\n\n\n\n<p>Clotilde Armand a intervenit, printr-o postare pe pagina sa de Facebook, <a href=\"https:\/\/buletin.de\/bucuresti\/nicusor-dan-anpc-e-noua-bata-a-psd-marcel-ciolacu-raspunde-sa-si-dea-demisia\/\">\u00een scandalul dintre Nicu\u0219or Dan \u0219i ANPC<\/a>. Primarul Sectorului 1 sus\u021bine c\u0103 actualul \u0219ef al ANPC, numit de PSD, ar fi na\u0219ul de cununie al fiului lui Adrian N\u0103stase \u0219i membru al partidului. Mai mult, Armand spune c\u0103 o parte din localurile care func\u021bioneaz\u0103 ilegal \u00een Parcul Her\u0103str\u0103u apar\u021bine unor apropia\u021bi ai lui Marcel Ciolacu \u0219i c\u0103 a solicitat explicit ANPC un control acolo.<\/p>\n\n\n\n<p>&#8220;\u0218i mai uit\u0103 ceva dl. Ciolacu: actualul \u0219ef al ANPC este na\u0219ul de cununie al fiului lui Adrian N\u0103stase \u0219i membru PSD. Acesta a fost numit la conducerea ANPC printr-o decizie a premierului PNL Nicolae Ciuc\u0103. De c\u00e2nd a preluat conducerea ANPC acesta folose\u0219te institu\u021bia dup\u0103 cum prime\u0219te ordine de la PSD. A \u00eencercat \u0219i \u00een Sectorul 1 s\u0103 \u00eenchid\u0103 locurile de joac\u0103 gestionate de Administra\u021bia Domeniului Public Sector 1 doar c\u0103 nu a fost prea inteligent \u0219i nu le-a mers cu noi.<\/p>\n\n\n\n<p>Acum, am \u00eenaintat c\u0103tre conducerea ANPC o adres\u0103 prin care solicit\u0103m explicit s\u0103 verifice toate socit\u0103\u021biile comerciale care func\u021bioneaz\u0103 ilegal \u00een Parcul Her\u0103str\u0103u \u0219i pe raza Sectorului 1. Multe dintre acestea apar\u021bin unor apropia\u021bi de zona politic\u0103 a d-lui Ciolacu&#8221;, a scris Clotilde Armand, pe pagina sa de Facebook.<\/p>\n\n\n\n<p>Subiectul localurilor din Her\u0103str\u0103u a revenit ast\u0103zi, tot \u00eentr-o postare pe Facebook a Clotildei Armand care a anun\u021bat rezultatele unui control al Poli\u021biei Locale de sector la sf\u00eer\u0219itul s\u0103pt\u0103m\u00e2nii trecute.<\/p>\n\n\n\n<p><\/p>\n\n\n\n<p>&#8220;\u00cen situa\u021bia a 6 unit\u0103\u021bi de alimenta\u021bie public\u0103 sanc\u021bionate anterior, \u00een luna aprilie, pentru desf\u0103\u0219urarea activit\u0103\u021bii f\u0103r\u0103 de\u021binerea autoriza\u021biei de func\u021bionare, dar care au formulat pl\u00e2ngeri \u00eempotriva proceselor verbale de constatare \u0219i sanc\u021bionare a contraven\u021biilor (Tuya, Funky Lounge, Il Locale, Taverna Racilor, Hero \u0219i It Cucina), s-a aplicat o nou\u0103 sanc\u021biune cu amend\u0103 \u0219i s-a dispus m\u0103sura suspend\u0103rii activit\u0103\u021bii comerciale (6 sanc\u021biuni \u00een cuantum de 7.000 lei).<\/p>\n\n\n\n<p>\u00cen cazul a 3 societ\u0103\u021bi comerciale, care au mai fost sanc\u021bionate (Nuba, Taverna Racilor \u0219i Impresso), s-a aplicat amend\u0103 pentru func\u021bionare \u00een perioada suspend\u0103rii activit\u0103\u021bii \u0219i s-a demarat procedura de confiscare a veniturilor ilicite realizate \u00een perioada \u00een care au func\u021bionat f\u0103r\u0103 autoriza\u021bie&#8221;, a scris Clotilde Armand.<\/p>\n\n\n\n<p>\u00cen perioada 02.05.2022 \u2013 08.05.2022, \u00een urma controalelor din Her\u0103str\u0103u, au mai fost aplicate 11 sanc\u021biuni cu amend\u0103 \u00een cuantum de 51.000 lei, dup\u0103 cum urmeaz\u0103:<\/p>\n\n\n\n<ul class=\"wp-block-list\"><li>9 sanc\u021biuni contraven\u021bionale \u00een cuantum de 45.000 lei pentru amplasarea teraselor pe domeniul public (teren ALPAB), f\u0103r\u0103 de\u021binerea autoriza\u021biilor\/ avizelor necesare (Isoletta, Quatro Stagione, La Brasserie, Pesc\u0103ru\u0219, Taverna Racilor, It Cucina, Ancora, Casa di David);<\/li><li>1 sanc\u021biune contraven\u021bional\u0103 \u00een valoare de 1.000 lei pentru amplasarea terasei pe domeniul privat, f\u0103r\u0103 de\u021binerea autoriza\u021biilor\/avizelor necesare (Ristorante Il Calcio);<\/li><li>1 sanc\u021biune contraven\u021bional\u0103 pentru fumat \u00een spa\u021bii \u00eenchise (Isoletta).<\/li><\/ul>\n\n\n\n<p><\/p>\n\n\n\n<p><\/p>\n\n\n\n<p>sursa foto cover Clotilde Armand<\/p>\n\n\n\n<p><\/p>\n\n\n\n<p><\/p>\n","protected":false},"excerpt":{"rendered":"<p>Poli\u021bia Local\u0103 Sector 1 a descins, la sf\u00e2r\u0219itul s\u0103pt\u0103m\u00e2nii trecute, \u00een localurile din Her\u0103str\u0103u. Nou\u0103 dintre ele au fost amendate pentru c\u0103 func\u021bionau f\u0103r\u0103 autoriza\u021biile necesare pe domeniul public. Edilul de sector anun\u021b\u0103 c\u0103 a cerut \u0219i un control ANPC la aceste societ\u0103\u021bi comerciale. Clotilde Armand a intervenit, printr-o postare pe pagina sa de Facebook, [&hellip;]<\/p>\n","protected":false},"author":18,"featured_media":42697,"comment_status":"closed","ping_status":"open","sticky":false,"template":"","format":"standard","meta":{"_acf_changed":false,"inline_featured_image":false,"ngg_post_thumbnail":0,"footnotes":""},"categories":[62],"tags":[3410,2337,3216,65],"ppma_author":[22579],"class_list":["post-42694","post","type-post","status-publish","format-standard","has-post-thumbnail","hentry","category-stiri","tag-anpc","tag-control","tag-herastrau","tag-psd"],"acf":[],"yoast_head":"<!-- This site is optimized with the Yoast SEO Premium plugin v25.3 (Yoast SEO v27.5) - https:\/\/yoast.com\/product\/yoast-seo-premium-wordpress\/ -->\n<title>6 localuri din Her\u0103str\u0103u, \u00eenchise temporar de Poli\u021bia Local\u0103 Sector 1, alte 3 amendate. Clotilde Armand cere \u0219i Protec\u021biei Consumatorului s\u0103 fac\u0103 verific\u0103ri - Buletin de Bucure\u0219ti<\/title>\n<meta name=\"robots\" content=\"index, follow, max-snippet:-1, max-image-preview:large, max-video-preview:-1\" \/>\n<link rel=\"canonical\" href=\"https:\/\/buletin.de\/bucuresti\/6-localuri-din-herastrau-inchise-temporar-de-politia-locala-sector-1-alte-3-amendate-clotilde-armand-cere-si-protectiei-consumatorului-sa-faca-verificari\/\" \/>\n<meta property=\"og:locale\" content=\"en_GB\" \/>\n<meta property=\"og:type\" content=\"article\" \/>\n<meta property=\"og:title\" content=\"6 localuri din Her\u0103str\u0103u, \u00eenchise temporar de Poli\u021bia Local\u0103 Sector 1, alte 3 amendate. Clotilde Armand cere \u0219i Protec\u021biei Consumatorului s\u0103 fac\u0103 verific\u0103ri\" \/>\n<meta property=\"og:description\" content=\"Poli\u021bia Local\u0103 Sector 1 a descins, la sf\u00e2r\u0219itul s\u0103pt\u0103m\u00e2nii trecute, \u00een localurile din Her\u0103str\u0103u. Nou\u0103 dintre ele au fost amendate pentru c\u0103 func\u021bionau f\u0103r\u0103 autoriza\u021biile necesare pe domeniul public. Edilul de sector anun\u021b\u0103 c\u0103 a cerut \u0219i un control ANPC la aceste societ\u0103\u021bi comerciale. Clotilde Armand a intervenit, printr-o postare pe pagina sa de Facebook, [&hellip;]\" \/>\n<meta property=\"og:url\" content=\"https:\/\/buletin.de\/bucuresti\/6-localuri-din-herastrau-inchise-temporar-de-politia-locala-sector-1-alte-3-amendate-clotilde-armand-cere-si-protectiei-consumatorului-sa-faca-verificari\/\" \/>\n<meta property=\"og:site_name\" content=\"Buletin de Bucure\u0219ti\" \/>\n<meta property=\"article:publisher\" content=\"https:\/\/www.facebook.com\/buletin.de.buc\" \/>\n<meta property=\"article:published_time\" content=\"2022-05-12T10:40:48+00:00\" \/>\n<meta property=\"article:modified_time\" content=\"2022-05-12T10:41:46+00:00\" \/>\n<meta property=\"og:image\" content=\"https:\/\/buletin.de\/bucuresti\/wp-content\/uploads\/control-pls1.jpg\" \/>\n\t<meta property=\"og:image:width\" content=\"1200\" \/>\n\t<meta property=\"og:image:height\" content=\"1600\" \/>\n\t<meta property=\"og:image:type\" content=\"image\/jpeg\" \/>\n<meta name=\"author\" content=\"Teodora Stroe\" \/>\n<meta name=\"twitter:card\" content=\"summary_large_image\" \/>\n<meta name=\"twitter:label1\" content=\"Written by\" \/>\n\t<meta name=\"twitter:data1\" content=\"Teodora Stroe\" \/>\n\t<meta name=\"twitter:label2\" content=\"Estimated reading time\" \/>\n\t<meta name=\"twitter:data2\" content=\"3 minutes\" \/>\n<script type=\"application\/ld+json\" class=\"yoast-schema-graph\">{\"@context\":\"https:\\\/\\\/schema.org\",\"@graph\":[{\"@type\":\"Article\",\"@id\":\"https:\\\/\\\/buletin.de\\\/bucuresti\\\/6-localuri-din-herastrau-inchise-temporar-de-politia-locala-sector-1-alte-3-amendate-clotilde-armand-cere-si-protectiei-consumatorului-sa-faca-verificari\\\/#article\",\"isPartOf\":{\"@id\":\"https:\\\/\\\/buletin.de\\\/bucuresti\\\/6-localuri-din-herastrau-inchise-temporar-de-politia-locala-sector-1-alte-3-amendate-clotilde-armand-cere-si-protectiei-consumatorului-sa-faca-verificari\\\/\"},\"author\":{\"name\":\"Teodora Stroe\",\"@id\":\"https:\\\/\\\/buletin.de\\\/bucuresti\\\/#\\\/schema\\\/person\\\/d369d7ddc775abece205795e0b804614\"},\"headline\":\"6 localuri din Her\u0103str\u0103u, \u00eenchise temporar de Poli\u021bia Local\u0103 Sector 1, alte 3 amendate. Clotilde Armand cere \u0219i Protec\u021biei Consumatorului s\u0103 fac\u0103 verific\u0103ri\",\"datePublished\":\"2022-05-12T10:40:48+00:00\",\"dateModified\":\"2022-05-12T10:41:46+00:00\",\"mainEntityOfPage\":{\"@id\":\"https:\\\/\\\/buletin.de\\\/bucuresti\\\/6-localuri-din-herastrau-inchise-temporar-de-politia-locala-sector-1-alte-3-amendate-clotilde-armand-cere-si-protectiei-consumatorului-sa-faca-verificari\\\/\"},\"wordCount\":587,\"publisher\":{\"@id\":\"https:\\\/\\\/buletin.de\\\/bucuresti\\\/#organization\"},\"image\":{\"@id\":\"https:\\\/\\\/buletin.de\\\/bucuresti\\\/6-localuri-din-herastrau-inchise-temporar-de-politia-locala-sector-1-alte-3-amendate-clotilde-armand-cere-si-protectiei-consumatorului-sa-faca-verificari\\\/#primaryimage\"},\"thumbnailUrl\":\"https:\\\/\\\/buletin.de\\\/bucuresti\\\/wp-content\\\/uploads\\\/control-pls1.jpg\",\"keywords\":[\"anpc\",\"control\",\"herastrau\",\"psd\"],\"articleSection\":[\"\u0218tiri\"],\"inLanguage\":\"en-GB\",\"copyrightYear\":\"2022\",\"copyrightHolder\":{\"@id\":\"https:\\\/\\\/buletin.de\\\/bucuresti\\\/#organization\"}},{\"@type\":\"WebPage\",\"@id\":\"https:\\\/\\\/buletin.de\\\/bucuresti\\\/6-localuri-din-herastrau-inchise-temporar-de-politia-locala-sector-1-alte-3-amendate-clotilde-armand-cere-si-protectiei-consumatorului-sa-faca-verificari\\\/\",\"url\":\"https:\\\/\\\/buletin.de\\\/bucuresti\\\/6-localuri-din-herastrau-inchise-temporar-de-politia-locala-sector-1-alte-3-amendate-clotilde-armand-cere-si-protectiei-consumatorului-sa-faca-verificari\\\/\",\"name\":\"6 localuri din Her\u0103str\u0103u, \u00eenchise temporar de Poli\u021bia Local\u0103 Sector 1, alte 3 amendate. Clotilde Armand cere \u0219i Protec\u021biei Consumatorului s\u0103 fac\u0103 verific\u0103ri - Buletin de Bucure\u0219ti\",\"isPartOf\":{\"@id\":\"https:\\\/\\\/buletin.de\\\/bucuresti\\\/#website\"},\"primaryImageOfPage\":{\"@id\":\"https:\\\/\\\/buletin.de\\\/bucuresti\\\/6-localuri-din-herastrau-inchise-temporar-de-politia-locala-sector-1-alte-3-amendate-clotilde-armand-cere-si-protectiei-consumatorului-sa-faca-verificari\\\/#primaryimage\"},\"image\":{\"@id\":\"https:\\\/\\\/buletin.de\\\/bucuresti\\\/6-localuri-din-herastrau-inchise-temporar-de-politia-locala-sector-1-alte-3-amendate-clotilde-armand-cere-si-protectiei-consumatorului-sa-faca-verificari\\\/#primaryimage\"},\"thumbnailUrl\":\"https:\\\/\\\/buletin.de\\\/bucuresti\\\/wp-content\\\/uploads\\\/control-pls1.jpg\",\"datePublished\":\"2022-05-12T10:40:48+00:00\",\"dateModified\":\"2022-05-12T10:41:46+00:00\",\"breadcrumb\":{\"@id\":\"https:\\\/\\\/buletin.de\\\/bucuresti\\\/6-localuri-din-herastrau-inchise-temporar-de-politia-locala-sector-1-alte-3-amendate-clotilde-armand-cere-si-protectiei-consumatorului-sa-faca-verificari\\\/#breadcrumb\"},\"inLanguage\":\"en-GB\",\"potentialAction\":[{\"@type\":\"ReadAction\",\"target\":[\"https:\\\/\\\/buletin.de\\\/bucuresti\\\/6-localuri-din-herastrau-inchise-temporar-de-politia-locala-sector-1-alte-3-amendate-clotilde-armand-cere-si-protectiei-consumatorului-sa-faca-verificari\\\/\"]}]},{\"@type\":\"ImageObject\",\"inLanguage\":\"en-GB\",\"@id\":\"https:\\\/\\\/buletin.de\\\/bucuresti\\\/6-localuri-din-herastrau-inchise-temporar-de-politia-locala-sector-1-alte-3-amendate-clotilde-armand-cere-si-protectiei-consumatorului-sa-faca-verificari\\\/#primaryimage\",\"url\":\"https:\\\/\\\/buletin.de\\\/bucuresti\\\/wp-content\\\/uploads\\\/control-pls1.jpg\",\"contentUrl\":\"https:\\\/\\\/buletin.de\\\/bucuresti\\\/wp-content\\\/uploads\\\/control-pls1.jpg\",\"width\":1200,\"height\":1600,\"caption\":\"Surs\u0103: Clotilde Armand, Facebook\"},{\"@type\":\"BreadcrumbList\",\"@id\":\"https:\\\/\\\/buletin.de\\\/bucuresti\\\/6-localuri-din-herastrau-inchise-temporar-de-politia-locala-sector-1-alte-3-amendate-clotilde-armand-cere-si-protectiei-consumatorului-sa-faca-verificari\\\/#breadcrumb\",\"itemListElement\":[{\"@type\":\"ListItem\",\"position\":1,\"name\":\"Acas\u0103\",\"item\":\"https:\\\/\\\/buletin.de\\\/bucuresti\\\/\"},{\"@type\":\"ListItem\",\"position\":2,\"name\":\"6 localuri din Her\u0103str\u0103u, \u00eenchise temporar de Poli\u021bia Local\u0103 Sector 1, alte 3 amendate. Clotilde Armand cere \u0219i Protec\u021biei Consumatorului s\u0103 fac\u0103 verific\u0103ri\"}]},{\"@type\":\"WebSite\",\"@id\":\"https:\\\/\\\/buletin.de\\\/bucuresti\\\/#website\",\"url\":\"https:\\\/\\\/buletin.de\\\/bucuresti\\\/\",\"name\":\"Buletin de Bucure\u0219ti\",\"description\":\"\u0218tiri \u0219i investiga\u021bii esen\u021biale din capital\u0103\",\"publisher\":{\"@id\":\"https:\\\/\\\/buletin.de\\\/bucuresti\\\/#organization\"},\"potentialAction\":[{\"@type\":\"SearchAction\",\"target\":{\"@type\":\"EntryPoint\",\"urlTemplate\":\"https:\\\/\\\/buletin.de\\\/bucuresti\\\/?s={search_term_string}\"},\"query-input\":{\"@type\":\"PropertyValueSpecification\",\"valueRequired\":true,\"valueName\":\"search_term_string\"}}],\"inLanguage\":\"en-GB\"},{\"@type\":\"Organization\",\"@id\":\"https:\\\/\\\/buletin.de\\\/bucuresti\\\/#organization\",\"name\":\"Buletin de Bucure\u0219ti\",\"url\":\"https:\\\/\\\/buletin.de\\\/bucuresti\\\/\",\"logo\":{\"@type\":\"ImageObject\",\"inLanguage\":\"en-GB\",\"@id\":\"https:\\\/\\\/buletin.de\\\/bucuresti\\\/#\\\/schema\\\/logo\\\/image\\\/\",\"url\":\"https:\\\/\\\/buletin.de\\\/bucuresti\\\/wp-content\\\/uploads\\\/logo-bdb-full-wide-vernil-transparent.png\",\"contentUrl\":\"https:\\\/\\\/buletin.de\\\/bucuresti\\\/wp-content\\\/uploads\\\/logo-bdb-full-wide-vernil-transparent.png\",\"width\":1782,\"height\":626,\"caption\":\"Buletin de Bucure\u0219ti\"},\"image\":{\"@id\":\"https:\\\/\\\/buletin.de\\\/bucuresti\\\/#\\\/schema\\\/logo\\\/image\\\/\"},\"sameAs\":[\"https:\\\/\\\/www.facebook.com\\\/buletin.de.buc\",\"https:\\\/\\\/www.instagram.com\\\/buletinde.bucuresti\\\/\"]},{\"@type\":\"Person\",\"@id\":\"https:\\\/\\\/buletin.de\\\/bucuresti\\\/#\\\/schema\\\/person\\\/d369d7ddc775abece205795e0b804614\",\"name\":\"Teodora Stroe\",\"image\":{\"@type\":\"ImageObject\",\"inLanguage\":\"en-GB\",\"@id\":\"https:\\\/\\\/secure.gravatar.com\\\/avatar\\\/2560b4cd9f5f1bc100b123158e657d75584bd1c3e1d9c69285720b9457c1b78d?s=96&d=monsterid&r=gc104800242ba5f2d78dd5d7dc4df08b6\",\"url\":\"https:\\\/\\\/secure.gravatar.com\\\/avatar\\\/2560b4cd9f5f1bc100b123158e657d75584bd1c3e1d9c69285720b9457c1b78d?s=96&d=monsterid&r=g\",\"contentUrl\":\"https:\\\/\\\/secure.gravatar.com\\\/avatar\\\/2560b4cd9f5f1bc100b123158e657d75584bd1c3e1d9c69285720b9457c1b78d?s=96&d=monsterid&r=g\",\"caption\":\"Teodora Stroe\"},\"url\":\"https:\\\/\\\/buletin.de\\\/bucuresti\\\/author\\\/simonacarlugea\\\/\"}]}<\/script>\n<!-- \/ Yoast SEO Premium plugin. -->","yoast_head_json":{"title":"6 localuri din Her\u0103str\u0103u, \u00eenchise temporar de Poli\u021bia Local\u0103 Sector 1, alte 3 amendate. Clotilde Armand cere \u0219i Protec\u021biei Consumatorului s\u0103 fac\u0103 verific\u0103ri - Buletin de Bucure\u0219ti","robots":{"index":"index","follow":"follow","max-snippet":"max-snippet:-1","max-image-preview":"max-image-preview:large","max-video-preview":"max-video-preview:-1"},"canonical":"https:\/\/buletin.de\/bucuresti\/6-localuri-din-herastrau-inchise-temporar-de-politia-locala-sector-1-alte-3-amendate-clotilde-armand-cere-si-protectiei-consumatorului-sa-faca-verificari\/","og_locale":"en_GB","og_type":"article","og_title":"6 localuri din Her\u0103str\u0103u, \u00eenchise temporar de Poli\u021bia Local\u0103 Sector 1, alte 3 amendate. Clotilde Armand cere \u0219i Protec\u021biei Consumatorului s\u0103 fac\u0103 verific\u0103ri","og_description":"Poli\u021bia Local\u0103 Sector 1 a descins, la sf\u00e2r\u0219itul s\u0103pt\u0103m\u00e2nii trecute, \u00een localurile din Her\u0103str\u0103u. Nou\u0103 dintre ele au fost amendate pentru c\u0103 func\u021bionau f\u0103r\u0103 autoriza\u021biile necesare pe domeniul public. Edilul de sector anun\u021b\u0103 c\u0103 a cerut \u0219i un control ANPC la aceste societ\u0103\u021bi comerciale. Clotilde Armand a intervenit, printr-o postare pe pagina sa de Facebook, [&hellip;]","og_url":"https:\/\/buletin.de\/bucuresti\/6-localuri-din-herastrau-inchise-temporar-de-politia-locala-sector-1-alte-3-amendate-clotilde-armand-cere-si-protectiei-consumatorului-sa-faca-verificari\/","og_site_name":"Buletin de Bucure\u0219ti","article_publisher":"https:\/\/www.facebook.com\/buletin.de.buc","article_published_time":"2022-05-12T10:40:48+00:00","article_modified_time":"2022-05-12T10:41:46+00:00","og_image":[{"width":1200,"height":1600,"url":"https:\/\/buletin.de\/bucuresti\/wp-content\/uploads\/control-pls1.jpg","type":"image\/jpeg"}],"author":"Teodora Stroe","twitter_card":"summary_large_image","twitter_misc":{"Written by":"Teodora Stroe","Estimated reading time":"3 minutes"},"schema":{"@context":"https:\/\/schema.org","@graph":[{"@type":"Article","@id":"https:\/\/buletin.de\/bucuresti\/6-localuri-din-herastrau-inchise-temporar-de-politia-locala-sector-1-alte-3-amendate-clotilde-armand-cere-si-protectiei-consumatorului-sa-faca-verificari\/#article","isPartOf":{"@id":"https:\/\/buletin.de\/bucuresti\/6-localuri-din-herastrau-inchise-temporar-de-politia-locala-sector-1-alte-3-amendate-clotilde-armand-cere-si-protectiei-consumatorului-sa-faca-verificari\/"},"author":{"name":"Teodora Stroe","@id":"https:\/\/buletin.de\/bucuresti\/#\/schema\/person\/d369d7ddc775abece205795e0b804614"},"headline":"6 localuri din Her\u0103str\u0103u, \u00eenchise temporar de Poli\u021bia Local\u0103 Sector 1, alte 3 amendate. Clotilde Armand cere \u0219i Protec\u021biei Consumatorului s\u0103 fac\u0103 verific\u0103ri","datePublished":"2022-05-12T10:40:48+00:00","dateModified":"2022-05-12T10:41:46+00:00","mainEntityOfPage":{"@id":"https:\/\/buletin.de\/bucuresti\/6-localuri-din-herastrau-inchise-temporar-de-politia-locala-sector-1-alte-3-amendate-clotilde-armand-cere-si-protectiei-consumatorului-sa-faca-verificari\/"},"wordCount":587,"publisher":{"@id":"https:\/\/buletin.de\/bucuresti\/#organization"},"image":{"@id":"https:\/\/buletin.de\/bucuresti\/6-localuri-din-herastrau-inchise-temporar-de-politia-locala-sector-1-alte-3-amendate-clotilde-armand-cere-si-protectiei-consumatorului-sa-faca-verificari\/#primaryimage"},"thumbnailUrl":"https:\/\/buletin.de\/bucuresti\/wp-content\/uploads\/control-pls1.jpg","keywords":["anpc","control","herastrau","psd"],"articleSection":["\u0218tiri"],"inLanguage":"en-GB","copyrightYear":"2022","copyrightHolder":{"@id":"https:\/\/buletin.de\/bucuresti\/#organization"}},{"@type":"WebPage","@id":"https:\/\/buletin.de\/bucuresti\/6-localuri-din-herastrau-inchise-temporar-de-politia-locala-sector-1-alte-3-amendate-clotilde-armand-cere-si-protectiei-consumatorului-sa-faca-verificari\/","url":"https:\/\/buletin.de\/bucuresti\/6-localuri-din-herastrau-inchise-temporar-de-politia-locala-sector-1-alte-3-amendate-clotilde-armand-cere-si-protectiei-consumatorului-sa-faca-verificari\/","name":"6 localuri din Her\u0103str\u0103u, \u00eenchise temporar de Poli\u021bia Local\u0103 Sector 1, alte 3 amendate. Clotilde Armand cere \u0219i Protec\u021biei Consumatorului s\u0103 fac\u0103 verific\u0103ri - Buletin de Bucure\u0219ti","isPartOf":{"@id":"https:\/\/buletin.de\/bucuresti\/#website"},"primaryImageOfPage":{"@id":"https:\/\/buletin.de\/bucuresti\/6-localuri-din-herastrau-inchise-temporar-de-politia-locala-sector-1-alte-3-amendate-clotilde-armand-cere-si-protectiei-consumatorului-sa-faca-verificari\/#primaryimage"},"image":{"@id":"https:\/\/buletin.de\/bucuresti\/6-localuri-din-herastrau-inchise-temporar-de-politia-locala-sector-1-alte-3-amendate-clotilde-armand-cere-si-protectiei-consumatorului-sa-faca-verificari\/#primaryimage"},"thumbnailUrl":"https:\/\/buletin.de\/bucuresti\/wp-content\/uploads\/control-pls1.jpg","datePublished":"2022-05-12T10:40:48+00:00","dateModified":"2022-05-12T10:41:46+00:00","breadcrumb":{"@id":"https:\/\/buletin.de\/bucuresti\/6-localuri-din-herastrau-inchise-temporar-de-politia-locala-sector-1-alte-3-amendate-clotilde-armand-cere-si-protectiei-consumatorului-sa-faca-verificari\/#breadcrumb"},"inLanguage":"en-GB","potentialAction":[{"@type":"ReadAction","target":["https:\/\/buletin.de\/bucuresti\/6-localuri-din-herastrau-inchise-temporar-de-politia-locala-sector-1-alte-3-amendate-clotilde-armand-cere-si-protectiei-consumatorului-sa-faca-verificari\/"]}]},{"@type":"ImageObject","inLanguage":"en-GB","@id":"https:\/\/buletin.de\/bucuresti\/6-localuri-din-herastrau-inchise-temporar-de-politia-locala-sector-1-alte-3-amendate-clotilde-armand-cere-si-protectiei-consumatorului-sa-faca-verificari\/#primaryimage","url":"https:\/\/buletin.de\/bucuresti\/wp-content\/uploads\/control-pls1.jpg","contentUrl":"https:\/\/buletin.de\/bucuresti\/wp-content\/uploads\/control-pls1.jpg","width":1200,"height":1600,"caption":"Surs\u0103: Clotilde Armand, Facebook"},{"@type":"BreadcrumbList","@id":"https:\/\/buletin.de\/bucuresti\/6-localuri-din-herastrau-inchise-temporar-de-politia-locala-sector-1-alte-3-amendate-clotilde-armand-cere-si-protectiei-consumatorului-sa-faca-verificari\/#breadcrumb","itemListElement":[{"@type":"ListItem","position":1,"name":"Acas\u0103","item":"https:\/\/buletin.de\/bucuresti\/"},{"@type":"ListItem","position":2,"name":"6 localuri din Her\u0103str\u0103u, \u00eenchise temporar de Poli\u021bia Local\u0103 Sector 1, alte 3 amendate. Clotilde Armand cere \u0219i Protec\u021biei Consumatorului s\u0103 fac\u0103 verific\u0103ri"}]},{"@type":"WebSite","@id":"https:\/\/buletin.de\/bucuresti\/#website","url":"https:\/\/buletin.de\/bucuresti\/","name":"Buletin de Bucure\u0219ti","description":"\u0218tiri \u0219i investiga\u021bii esen\u021biale din capital\u0103","publisher":{"@id":"https:\/\/buletin.de\/bucuresti\/#organization"},"potentialAction":[{"@type":"SearchAction","target":{"@type":"EntryPoint","urlTemplate":"https:\/\/buletin.de\/bucuresti\/?s={search_term_string}"},"query-input":{"@type":"PropertyValueSpecification","valueRequired":true,"valueName":"search_term_string"}}],"inLanguage":"en-GB"},{"@type":"Organization","@id":"https:\/\/buletin.de\/bucuresti\/#organization","name":"Buletin de Bucure\u0219ti","url":"https:\/\/buletin.de\/bucuresti\/","logo":{"@type":"ImageObject","inLanguage":"en-GB","@id":"https:\/\/buletin.de\/bucuresti\/#\/schema\/logo\/image\/","url":"https:\/\/buletin.de\/bucuresti\/wp-content\/uploads\/logo-bdb-full-wide-vernil-transparent.png","contentUrl":"https:\/\/buletin.de\/bucuresti\/wp-content\/uploads\/logo-bdb-full-wide-vernil-transparent.png","width":1782,"height":626,"caption":"Buletin de Bucure\u0219ti"},"image":{"@id":"https:\/\/buletin.de\/bucuresti\/#\/schema\/logo\/image\/"},"sameAs":["https:\/\/www.facebook.com\/buletin.de.buc","https:\/\/www.instagram.com\/buletinde.bucuresti\/"]},{"@type":"Person","@id":"https:\/\/buletin.de\/bucuresti\/#\/schema\/person\/d369d7ddc775abece205795e0b804614","name":"Teodora Stroe","image":{"@type":"ImageObject","inLanguage":"en-GB","@id":"https:\/\/secure.gravatar.com\/avatar\/2560b4cd9f5f1bc100b123158e657d75584bd1c3e1d9c69285720b9457c1b78d?s=96&d=monsterid&r=gc104800242ba5f2d78dd5d7dc4df08b6","url":"https:\/\/secure.gravatar.com\/avatar\/2560b4cd9f5f1bc100b123158e657d75584bd1c3e1d9c69285720b9457c1b78d?s=96&d=monsterid&r=g","contentUrl":"https:\/\/secure.gravatar.com\/avatar\/2560b4cd9f5f1bc100b123158e657d75584bd1c3e1d9c69285720b9457c1b78d?s=96&d=monsterid&r=g","caption":"Teodora Stroe"},"url":"https:\/\/buletin.de\/bucuresti\/author\/simonacarlugea\/"}]}},"authors":[{"term_id":22579,"user_id":18,"is_guest":0,"slug":"simonacarlugea","display_name":"Teodora Stroe","avatar_url":"https:\/\/secure.gravatar.com\/avatar\/2560b4cd9f5f1bc100b123158e657d75584bd1c3e1d9c69285720b9457c1b78d?s=96&d=monsterid&r=g","0":null,"1":"","2":"","3":"","4":"","5":"","6":"","7":"","8":""}],"_links":{"self":[{"href":"https:\/\/buletin.de\/bucuresti\/wp-json\/wp\/v2\/posts\/42694","targetHints":{"allow":["GET"]}}],"collection":[{"href":"https:\/\/buletin.de\/bucuresti\/wp-json\/wp\/v2\/posts"}],"about":[{"href":"https:\/\/buletin.de\/bucuresti\/wp-json\/wp\/v2\/types\/post"}],"author":[{"embeddable":true,"href":"https:\/\/buletin.de\/bucuresti\/wp-json\/wp\/v2\/users\/18"}],"replies":[{"embeddable":true,"href":"https:\/\/buletin.de\/bucuresti\/wp-json\/wp\/v2\/comments?post=42694"}],"version-history":[{"count":4,"href":"https:\/\/buletin.de\/bucuresti\/wp-json\/wp\/v2\/posts\/42694\/revisions"}],"predecessor-version":[{"id":42699,"href":"https:\/\/buletin.de\/bucuresti\/wp-json\/wp\/v2\/posts\/42694\/revisions\/42699"}],"wp:featuredmedia":[{"embeddable":true,"href":"https:\/\/buletin.de\/bucuresti\/wp-json\/wp\/v2\/media\/42697"}],"wp:attachment":[{"href":"https:\/\/buletin.de\/bucuresti\/wp-json\/wp\/v2\/media?parent=42694"}],"wp:term":[{"taxonomy":"category","embeddable":true,"href":"https:\/\/buletin.de\/bucuresti\/wp-json\/wp\/v2\/categories?post=42694"},{"taxonomy":"post_tag","embeddable":true,"href":"https:\/\/buletin.de\/bucuresti\/wp-json\/wp\/v2\/tags?post=42694"},{"taxonomy":"author","embeddable":true,"href":"https:\/\/buletin.de\/bucuresti\/wp-json\/wp\/v2\/ppma_author?post=42694"}],"curies":[{"name":"wp","href":"https:\/\/api.w.org\/{rel}","templated":true}]}}