{"id":42638,"date":"2022-05-11T12:33:47","date_gmt":"2022-05-11T10:33:47","guid":{"rendered":"https:\/\/buletin.de\/bucuresti\/?p=42638"},"modified":"2022-05-11T12:54:17","modified_gmt":"2022-05-11T10:54:17","slug":"un-detinut-condamnat-la-23-de-ani-de-inchisoare-evadat-dintr-un-spital-din-bucuresti","status":"publish","type":"post","link":"https:\/\/buletin.de\/bucuresti\/un-detinut-condamnat-la-23-de-ani-de-inchisoare-evadat-dintr-un-spital-din-bucuresti\/","title":{"rendered":"Un de\u021binut condamnat la 23 de ani de \u00eenchisoare, evadat dintr-un spital din Bucure\u0219ti"},"content":{"rendered":"\n<p><strong>ACTUALIZARE 13:40 &#8211; B\u0103rbatul de 32 de ani a fost arestat de autorit\u0103\u021bile din Capital\u0103.<\/strong><\/p>\n\n\n\n<p>Un b\u0103rbat condamnat la 23 de ani \u0219i 10 luni de \u00eenchisoare a fugit, \u00een aceast\u0103 diminea\u021b\u0103, de la Spitalul \u201eBagdasar Arseni\u201d din Capital\u0103. El fusese adus la spital pentru investiga\u021bii medicale, anun\u021b\u0103 Penitenciarul Rahova. De\u021binutul \u00ee\u0219i isp\u0103\u0219ea condamnarea primit\u0103 a fost pentru t\u00e2lh\u0103rie calificat\u0103. <\/p>\n\n\n\n<blockquote class=\"wp-block-quote is-layout-flow wp-block-quote-is-layout-flow\"><p>\u00cen jurul orei 07:17, de\u021binutul DINC\u0102 ADRIAN CONSTANTIN \u00een v\u00e2rst\u0103 de 32 de ani, condamnat definitiv la o pedeaps\u0103 privativ\u0103 de libertate de 23 de ani \u0219i 10 luni pentru s\u0103v\u00e2r\u0219irea infrac\u021biunii de t\u00e2lh\u0103rie calificat\u0103 (234 NCP), clasat \u00een regim maxim\u0103 siguran\u021b\u0103, a p\u0103r\u0103sit Spitalul \u201cBagdasar Arseni\u201ddin Bucure\u0219ti, unde se afla internat pentru investiga\u021bii medicale<br><\/p><cite>Se arat\u0103 \u00een comunicatul de pres\u0103 al Penitenciarului Rahova <\/cite><\/blockquote>\n\n\n\n<figure class=\"wp-block-image size-full\"><img fetchpriority=\"high\" decoding=\"async\" width=\"780\" height=\"440\" src=\"data:image\/gif;base64,R0lGODlhAQABAAAAACH5BAEKAAEALAAAAAABAAEAAAICTAEAOw==\" data-src=\"https:\/\/buletin.de\/bucuresti\/wp-content\/uploads\/ODAmaD00NDAmaGFzaD05MTBlYTEwYTY3YTBjMjcwNTI5NzZjY2M3N2RjMmU1MQ.thumb_.jpg\" alt=\"\" class=\"wp-image-42641 lazyload\" data-sizes=\"auto\" data-srcset=\"https:\/\/buletin.de\/bucuresti\/wp-content\/uploads\/ODAmaD00NDAmaGFzaD05MTBlYTEwYTY3YTBjMjcwNTI5NzZjY2M3N2RjMmU1MQ.thumb_.jpg 780w, https:\/\/buletin.de\/bucuresti\/wp-content\/uploads\/ODAmaD00NDAmaGFzaD05MTBlYTEwYTY3YTBjMjcwNTI5NzZjY2M3N2RjMmU1MQ.thumb_-300x169.jpg 300w, https:\/\/buletin.de\/bucuresti\/wp-content\/uploads\/ODAmaD00NDAmaGFzaD05MTBlYTEwYTY3YTBjMjcwNTI5NzZjY2M3N2RjMmU1MQ.thumb_-768x433.jpg 768w, https:\/\/buletin.de\/bucuresti\/wp-content\/uploads\/ODAmaD00NDAmaGFzaD05MTBlYTEwYTY3YTBjMjcwNTI5NzZjY2M3N2RjMmU1MQ.thumb_-550x310.jpg 550w, https:\/\/buletin.de\/bucuresti\/wp-content\/uploads\/ODAmaD00NDAmaGFzaD05MTBlYTEwYTY3YTBjMjcwNTI5NzZjY2M3N2RjMmU1MQ.thumb_-600x338.jpg 600w\" sizes=\"(max-width: 780px) 100vw, 780px\" \/><\/figure>\n\n\n\n<p><\/p>\n\n\n\n<p>La momentul evad\u0103rii, de\u021binutul era \u00eembr\u0103cat cu pantaloni scur\u021bi de culoare bleumarin, tricou bleumarin, halat alb \u0219i masc\u0103 chirurgical\u0103&nbsp; \u0219i purta adida\u0219i de culoare neagr\u0103 cu talp\u0103 alb\u0103.<\/p>\n\n\n\n<p>Pentru prinderea de\u021binu\u021bului au fost sesizate sec\u021bia 15 \u0219i sec\u021bia 26 de poli\u021bie, au fost trimise echipe de c\u0103utare, at\u00e2t din cadrul spitalului, c\u00e2t \u0219i din sec\u021bia Urrm\u0103riri a Direc\u021biei Generale a Municipiului Bucure\u0219ti.<\/p>\n\n\n\n<p>Penitenciarul Rahova face acum verific\u0103ri pentru a vedea cum a reu\u0219it s\u0103 evadeze b\u0103rbatul de 32 de ani. <\/p>\n\n\n\n<p>Pentru orice informa\u021bie cu privire la persoana \u00een cauz, apela\u021bi num\u0103rul unic de urgen\u021be 112 sau Penitenciarul Bucure\u0219ti-Rahova la num\u0103rul de telefon: 021\/420 0810, 0752.090.229.<\/p>\n\n\n\n<p>Adrian Dinc\u0103 nu este primul de\u021binut care reu\u0219e\u0219te s\u0103 evadeze de la Penitenciarul Rahova \u00een ultimii ani. \u00cen 2019 a evadat un b\u0103rbat de 35 de ani, condamnat la un an \u0219i \u0219ase luni de \u00eenchisoare pentru c\u0103 a condus sub influen\u021ba alcoolului, iar \u00een 2020 un alt b\u0103rbat condamnat la doi ani \u0219i o lun\u0103 de \u00eenchisoare a reu\u0219it s\u0103 fug\u0103 din penitenciar. <\/p>\n","protected":false},"excerpt":{"rendered":"<p>ACTUALIZARE 13:40 &#8211; B\u0103rbatul de 32 de ani a fost arestat de autorit\u0103\u021bile din Capital\u0103. Un b\u0103rbat condamnat la 23 de ani \u0219i 10 luni de \u00eenchisoare a fugit, \u00een aceast\u0103 diminea\u021b\u0103, de la Spitalul \u201eBagdasar Arseni\u201d din Capital\u0103. El fusese adus la spital pentru investiga\u021bii medicale, anun\u021b\u0103 Penitenciarul Rahova. De\u021binutul \u00ee\u0219i isp\u0103\u0219ea condamnarea primit\u0103 [&hellip;]<\/p>\n","protected":false},"author":17,"featured_media":42641,"comment_status":"closed","ping_status":"open","sticky":false,"template":"","format":"standard","meta":{"_acf_changed":false,"inline_featured_image":false,"ngg_post_thumbnail":0,"footnotes":""},"categories":[62],"tags":[],"ppma_author":[22576],"class_list":["post-42638","post","type-post","status-publish","format-standard","has-post-thumbnail","hentry","category-stiri"],"acf":[],"yoast_head":"<!-- This site is optimized with the Yoast SEO Premium plugin v25.3 (Yoast SEO v27.5) - https:\/\/yoast.com\/product\/yoast-seo-premium-wordpress\/ -->\n<title>Un de\u021binut condamnat la 23 de ani de \u00eenchisoare, evadat dintr-un spital din Bucure\u0219ti - Buletin de Bucure\u0219ti<\/title>\n<meta name=\"robots\" content=\"index, follow, max-snippet:-1, max-image-preview:large, max-video-preview:-1\" \/>\n<link rel=\"canonical\" href=\"https:\/\/buletin.de\/bucuresti\/un-detinut-condamnat-la-23-de-ani-de-inchisoare-evadat-dintr-un-spital-din-bucuresti\/\" \/>\n<meta property=\"og:locale\" content=\"en_GB\" \/>\n<meta property=\"og:type\" content=\"article\" \/>\n<meta property=\"og:title\" content=\"Un de\u021binut condamnat la 23 de ani de \u00eenchisoare, evadat dintr-un spital din Bucure\u0219ti\" \/>\n<meta property=\"og:description\" content=\"ACTUALIZARE 13:40 &#8211; B\u0103rbatul de 32 de ani a fost arestat de autorit\u0103\u021bile din Capital\u0103. Un b\u0103rbat condamnat la 23 de ani \u0219i 10 luni de \u00eenchisoare a fugit, \u00een aceast\u0103 diminea\u021b\u0103, de la Spitalul \u201eBagdasar Arseni\u201d din Capital\u0103. El fusese adus la spital pentru investiga\u021bii medicale, anun\u021b\u0103 Penitenciarul Rahova. De\u021binutul \u00ee\u0219i isp\u0103\u0219ea condamnarea primit\u0103 [&hellip;]\" \/>\n<meta property=\"og:url\" content=\"https:\/\/buletin.de\/bucuresti\/un-detinut-condamnat-la-23-de-ani-de-inchisoare-evadat-dintr-un-spital-din-bucuresti\/\" \/>\n<meta property=\"og:site_name\" content=\"Buletin de Bucure\u0219ti\" \/>\n<meta property=\"article:publisher\" content=\"https:\/\/www.facebook.com\/buletin.de.buc\" \/>\n<meta property=\"article:published_time\" content=\"2022-05-11T10:33:47+00:00\" \/>\n<meta property=\"article:modified_time\" content=\"2022-05-11T10:54:17+00:00\" \/>\n<meta property=\"og:image\" content=\"https:\/\/buletin.de\/bucuresti\/wp-content\/uploads\/ODAmaD00NDAmaGFzaD05MTBlYTEwYTY3YTBjMjcwNTI5NzZjY2M3N2RjMmU1MQ.thumb_.jpg\" \/>\n\t<meta property=\"og:image:width\" content=\"780\" \/>\n\t<meta property=\"og:image:height\" content=\"440\" \/>\n\t<meta property=\"og:image:type\" content=\"image\/jpeg\" \/>\n<meta name=\"author\" content=\"Florin R\u00e2\u0219teiu\" \/>\n<meta name=\"twitter:card\" content=\"summary_large_image\" \/>\n<meta name=\"twitter:label1\" content=\"Written by\" \/>\n\t<meta name=\"twitter:data1\" content=\"Florin R\u00e2\u0219teiu\" \/>\n\t<meta name=\"twitter:label2\" content=\"Estimated reading time\" \/>\n\t<meta name=\"twitter:data2\" content=\"2 minutes\" \/>\n<script type=\"application\/ld+json\" class=\"yoast-schema-graph\">{\"@context\":\"https:\\\/\\\/schema.org\",\"@graph\":[{\"@type\":\"Article\",\"@id\":\"https:\\\/\\\/buletin.de\\\/bucuresti\\\/un-detinut-condamnat-la-23-de-ani-de-inchisoare-evadat-dintr-un-spital-din-bucuresti\\\/#article\",\"isPartOf\":{\"@id\":\"https:\\\/\\\/buletin.de\\\/bucuresti\\\/un-detinut-condamnat-la-23-de-ani-de-inchisoare-evadat-dintr-un-spital-din-bucuresti\\\/\"},\"author\":{\"name\":\"Florin R\u00e2\u0219teiu\",\"@id\":\"https:\\\/\\\/buletin.de\\\/bucuresti\\\/#\\\/schema\\\/person\\\/b0686d7a8b666c6afc78239777fd8a89\"},\"headline\":\"Un de\u021binut condamnat la 23 de ani de \u00eenchisoare, evadat dintr-un spital din Bucure\u0219ti\",\"datePublished\":\"2022-05-11T10:33:47+00:00\",\"dateModified\":\"2022-05-11T10:54:17+00:00\",\"mainEntityOfPage\":{\"@id\":\"https:\\\/\\\/buletin.de\\\/bucuresti\\\/un-detinut-condamnat-la-23-de-ani-de-inchisoare-evadat-dintr-un-spital-din-bucuresti\\\/\"},\"wordCount\":344,\"publisher\":{\"@id\":\"https:\\\/\\\/buletin.de\\\/bucuresti\\\/#organization\"},\"image\":{\"@id\":\"https:\\\/\\\/buletin.de\\\/bucuresti\\\/un-detinut-condamnat-la-23-de-ani-de-inchisoare-evadat-dintr-un-spital-din-bucuresti\\\/#primaryimage\"},\"thumbnailUrl\":\"https:\\\/\\\/buletin.de\\\/bucuresti\\\/wp-content\\\/uploads\\\/ODAmaD00NDAmaGFzaD05MTBlYTEwYTY3YTBjMjcwNTI5NzZjY2M3N2RjMmU1MQ.thumb_.jpg\",\"articleSection\":[\"\u0218tiri\"],\"inLanguage\":\"en-GB\",\"copyrightYear\":\"2022\",\"copyrightHolder\":{\"@id\":\"https:\\\/\\\/buletin.de\\\/bucuresti\\\/#organization\"}},{\"@type\":\"WebPage\",\"@id\":\"https:\\\/\\\/buletin.de\\\/bucuresti\\\/un-detinut-condamnat-la-23-de-ani-de-inchisoare-evadat-dintr-un-spital-din-bucuresti\\\/\",\"url\":\"https:\\\/\\\/buletin.de\\\/bucuresti\\\/un-detinut-condamnat-la-23-de-ani-de-inchisoare-evadat-dintr-un-spital-din-bucuresti\\\/\",\"name\":\"Un de\u021binut condamnat la 23 de ani de \u00eenchisoare, evadat dintr-un spital din Bucure\u0219ti - Buletin de Bucure\u0219ti\",\"isPartOf\":{\"@id\":\"https:\\\/\\\/buletin.de\\\/bucuresti\\\/#website\"},\"primaryImageOfPage\":{\"@id\":\"https:\\\/\\\/buletin.de\\\/bucuresti\\\/un-detinut-condamnat-la-23-de-ani-de-inchisoare-evadat-dintr-un-spital-din-bucuresti\\\/#primaryimage\"},\"image\":{\"@id\":\"https:\\\/\\\/buletin.de\\\/bucuresti\\\/un-detinut-condamnat-la-23-de-ani-de-inchisoare-evadat-dintr-un-spital-din-bucuresti\\\/#primaryimage\"},\"thumbnailUrl\":\"https:\\\/\\\/buletin.de\\\/bucuresti\\\/wp-content\\\/uploads\\\/ODAmaD00NDAmaGFzaD05MTBlYTEwYTY3YTBjMjcwNTI5NzZjY2M3N2RjMmU1MQ.thumb_.jpg\",\"datePublished\":\"2022-05-11T10:33:47+00:00\",\"dateModified\":\"2022-05-11T10:54:17+00:00\",\"breadcrumb\":{\"@id\":\"https:\\\/\\\/buletin.de\\\/bucuresti\\\/un-detinut-condamnat-la-23-de-ani-de-inchisoare-evadat-dintr-un-spital-din-bucuresti\\\/#breadcrumb\"},\"inLanguage\":\"en-GB\",\"potentialAction\":[{\"@type\":\"ReadAction\",\"target\":[\"https:\\\/\\\/buletin.de\\\/bucuresti\\\/un-detinut-condamnat-la-23-de-ani-de-inchisoare-evadat-dintr-un-spital-din-bucuresti\\\/\"]}]},{\"@type\":\"ImageObject\",\"inLanguage\":\"en-GB\",\"@id\":\"https:\\\/\\\/buletin.de\\\/bucuresti\\\/un-detinut-condamnat-la-23-de-ani-de-inchisoare-evadat-dintr-un-spital-din-bucuresti\\\/#primaryimage\",\"url\":\"https:\\\/\\\/buletin.de\\\/bucuresti\\\/wp-content\\\/uploads\\\/ODAmaD00NDAmaGFzaD05MTBlYTEwYTY3YTBjMjcwNTI5NzZjY2M3N2RjMmU1MQ.thumb_.jpg\",\"contentUrl\":\"https:\\\/\\\/buletin.de\\\/bucuresti\\\/wp-content\\\/uploads\\\/ODAmaD00NDAmaGFzaD05MTBlYTEwYTY3YTBjMjcwNTI5NzZjY2M3N2RjMmU1MQ.thumb_.jpg\",\"width\":780,\"height\":440},{\"@type\":\"BreadcrumbList\",\"@id\":\"https:\\\/\\\/buletin.de\\\/bucuresti\\\/un-detinut-condamnat-la-23-de-ani-de-inchisoare-evadat-dintr-un-spital-din-bucuresti\\\/#breadcrumb\",\"itemListElement\":[{\"@type\":\"ListItem\",\"position\":1,\"name\":\"Acas\u0103\",\"item\":\"https:\\\/\\\/buletin.de\\\/bucuresti\\\/\"},{\"@type\":\"ListItem\",\"position\":2,\"name\":\"Un de\u021binut condamnat la 23 de ani de \u00eenchisoare, evadat dintr-un spital din Bucure\u0219ti\"}]},{\"@type\":\"WebSite\",\"@id\":\"https:\\\/\\\/buletin.de\\\/bucuresti\\\/#website\",\"url\":\"https:\\\/\\\/buletin.de\\\/bucuresti\\\/\",\"name\":\"Buletin de Bucure\u0219ti\",\"description\":\"\u0218tiri \u0219i investiga\u021bii esen\u021biale din capital\u0103\",\"publisher\":{\"@id\":\"https:\\\/\\\/buletin.de\\\/bucuresti\\\/#organization\"},\"potentialAction\":[{\"@type\":\"SearchAction\",\"target\":{\"@type\":\"EntryPoint\",\"urlTemplate\":\"https:\\\/\\\/buletin.de\\\/bucuresti\\\/?s={search_term_string}\"},\"query-input\":{\"@type\":\"PropertyValueSpecification\",\"valueRequired\":true,\"valueName\":\"search_term_string\"}}],\"inLanguage\":\"en-GB\"},{\"@type\":\"Organization\",\"@id\":\"https:\\\/\\\/buletin.de\\\/bucuresti\\\/#organization\",\"name\":\"Buletin de Bucure\u0219ti\",\"url\":\"https:\\\/\\\/buletin.de\\\/bucuresti\\\/\",\"logo\":{\"@type\":\"ImageObject\",\"inLanguage\":\"en-GB\",\"@id\":\"https:\\\/\\\/buletin.de\\\/bucuresti\\\/#\\\/schema\\\/logo\\\/image\\\/\",\"url\":\"https:\\\/\\\/buletin.de\\\/bucuresti\\\/wp-content\\\/uploads\\\/logo-bdb-full-wide-vernil-transparent.png\",\"contentUrl\":\"https:\\\/\\\/buletin.de\\\/bucuresti\\\/wp-content\\\/uploads\\\/logo-bdb-full-wide-vernil-transparent.png\",\"width\":1782,\"height\":626,\"caption\":\"Buletin de Bucure\u0219ti\"},\"image\":{\"@id\":\"https:\\\/\\\/buletin.de\\\/bucuresti\\\/#\\\/schema\\\/logo\\\/image\\\/\"},\"sameAs\":[\"https:\\\/\\\/www.facebook.com\\\/buletin.de.buc\",\"https:\\\/\\\/www.instagram.com\\\/buletinde.bucuresti\\\/\"]},{\"@type\":\"Person\",\"@id\":\"https:\\\/\\\/buletin.de\\\/bucuresti\\\/#\\\/schema\\\/person\\\/b0686d7a8b666c6afc78239777fd8a89\",\"name\":\"Florin R\u00e2\u0219teiu\",\"image\":{\"@type\":\"ImageObject\",\"inLanguage\":\"en-GB\",\"@id\":\"https:\\\/\\\/buletin.de\\\/bucuresti\\\/wp-content\\\/uploads\\\/Florin-Rasteiu-96x96.jpgf0a6fe28453aa12f0a60e4d0a2e3a78c\",\"url\":\"https:\\\/\\\/buletin.de\\\/bucuresti\\\/wp-content\\\/uploads\\\/Florin-Rasteiu-96x96.jpg\",\"contentUrl\":\"https:\\\/\\\/buletin.de\\\/bucuresti\\\/wp-content\\\/uploads\\\/Florin-Rasteiu-96x96.jpg\",\"caption\":\"Florin R\u00e2\u0219teiu\"},\"description\":\"Jurnalist de investiga\u021bie. Lucreaz\u0103 de aproape 6 ani la Buletin de Bucure\u0219ti, unde a publicat articole care scot la suprafa\u021b\u0103 corup\u021bia din Capital\u0103. Analizeaz\u0103 baze de date zilnic \u0219i scoate pove\u0219ti din exceluri pline de cifre. Pune reflectorul pe adev\u0103r cu fiecare ocazie. A c\u00e2\u0219tigat premiul I la categoria Pres\u0103 Local\u0103 \u00een 2025 \u0219i locul al II-lea la aceea\u0219i categorie \u00een 2024 \u00een cadrul Premiilor Superscrieri pentru jurnalism independent.\",\"url\":\"https:\\\/\\\/buletin.de\\\/bucuresti\\\/author\\\/florinrasteiu\\\/\"}]}<\/script>\n<!-- \/ Yoast SEO Premium plugin. -->","yoast_head_json":{"title":"Un de\u021binut condamnat la 23 de ani de \u00eenchisoare, evadat dintr-un spital din Bucure\u0219ti - Buletin de Bucure\u0219ti","robots":{"index":"index","follow":"follow","max-snippet":"max-snippet:-1","max-image-preview":"max-image-preview:large","max-video-preview":"max-video-preview:-1"},"canonical":"https:\/\/buletin.de\/bucuresti\/un-detinut-condamnat-la-23-de-ani-de-inchisoare-evadat-dintr-un-spital-din-bucuresti\/","og_locale":"en_GB","og_type":"article","og_title":"Un de\u021binut condamnat la 23 de ani de \u00eenchisoare, evadat dintr-un spital din Bucure\u0219ti","og_description":"ACTUALIZARE 13:40 &#8211; B\u0103rbatul de 32 de ani a fost arestat de autorit\u0103\u021bile din Capital\u0103. Un b\u0103rbat condamnat la 23 de ani \u0219i 10 luni de \u00eenchisoare a fugit, \u00een aceast\u0103 diminea\u021b\u0103, de la Spitalul \u201eBagdasar Arseni\u201d din Capital\u0103. El fusese adus la spital pentru investiga\u021bii medicale, anun\u021b\u0103 Penitenciarul Rahova. De\u021binutul \u00ee\u0219i isp\u0103\u0219ea condamnarea primit\u0103 [&hellip;]","og_url":"https:\/\/buletin.de\/bucuresti\/un-detinut-condamnat-la-23-de-ani-de-inchisoare-evadat-dintr-un-spital-din-bucuresti\/","og_site_name":"Buletin de Bucure\u0219ti","article_publisher":"https:\/\/www.facebook.com\/buletin.de.buc","article_published_time":"2022-05-11T10:33:47+00:00","article_modified_time":"2022-05-11T10:54:17+00:00","og_image":[{"width":780,"height":440,"url":"https:\/\/buletin.de\/bucuresti\/wp-content\/uploads\/ODAmaD00NDAmaGFzaD05MTBlYTEwYTY3YTBjMjcwNTI5NzZjY2M3N2RjMmU1MQ.thumb_.jpg","type":"image\/jpeg"}],"author":"Florin R\u00e2\u0219teiu","twitter_card":"summary_large_image","twitter_misc":{"Written by":"Florin R\u00e2\u0219teiu","Estimated reading time":"2 minutes"},"schema":{"@context":"https:\/\/schema.org","@graph":[{"@type":"Article","@id":"https:\/\/buletin.de\/bucuresti\/un-detinut-condamnat-la-23-de-ani-de-inchisoare-evadat-dintr-un-spital-din-bucuresti\/#article","isPartOf":{"@id":"https:\/\/buletin.de\/bucuresti\/un-detinut-condamnat-la-23-de-ani-de-inchisoare-evadat-dintr-un-spital-din-bucuresti\/"},"author":{"name":"Florin R\u00e2\u0219teiu","@id":"https:\/\/buletin.de\/bucuresti\/#\/schema\/person\/b0686d7a8b666c6afc78239777fd8a89"},"headline":"Un de\u021binut condamnat la 23 de ani de \u00eenchisoare, evadat dintr-un spital din Bucure\u0219ti","datePublished":"2022-05-11T10:33:47+00:00","dateModified":"2022-05-11T10:54:17+00:00","mainEntityOfPage":{"@id":"https:\/\/buletin.de\/bucuresti\/un-detinut-condamnat-la-23-de-ani-de-inchisoare-evadat-dintr-un-spital-din-bucuresti\/"},"wordCount":344,"publisher":{"@id":"https:\/\/buletin.de\/bucuresti\/#organization"},"image":{"@id":"https:\/\/buletin.de\/bucuresti\/un-detinut-condamnat-la-23-de-ani-de-inchisoare-evadat-dintr-un-spital-din-bucuresti\/#primaryimage"},"thumbnailUrl":"https:\/\/buletin.de\/bucuresti\/wp-content\/uploads\/ODAmaD00NDAmaGFzaD05MTBlYTEwYTY3YTBjMjcwNTI5NzZjY2M3N2RjMmU1MQ.thumb_.jpg","articleSection":["\u0218tiri"],"inLanguage":"en-GB","copyrightYear":"2022","copyrightHolder":{"@id":"https:\/\/buletin.de\/bucuresti\/#organization"}},{"@type":"WebPage","@id":"https:\/\/buletin.de\/bucuresti\/un-detinut-condamnat-la-23-de-ani-de-inchisoare-evadat-dintr-un-spital-din-bucuresti\/","url":"https:\/\/buletin.de\/bucuresti\/un-detinut-condamnat-la-23-de-ani-de-inchisoare-evadat-dintr-un-spital-din-bucuresti\/","name":"Un de\u021binut condamnat la 23 de ani de \u00eenchisoare, evadat dintr-un spital din Bucure\u0219ti - Buletin de Bucure\u0219ti","isPartOf":{"@id":"https:\/\/buletin.de\/bucuresti\/#website"},"primaryImageOfPage":{"@id":"https:\/\/buletin.de\/bucuresti\/un-detinut-condamnat-la-23-de-ani-de-inchisoare-evadat-dintr-un-spital-din-bucuresti\/#primaryimage"},"image":{"@id":"https:\/\/buletin.de\/bucuresti\/un-detinut-condamnat-la-23-de-ani-de-inchisoare-evadat-dintr-un-spital-din-bucuresti\/#primaryimage"},"thumbnailUrl":"https:\/\/buletin.de\/bucuresti\/wp-content\/uploads\/ODAmaD00NDAmaGFzaD05MTBlYTEwYTY3YTBjMjcwNTI5NzZjY2M3N2RjMmU1MQ.thumb_.jpg","datePublished":"2022-05-11T10:33:47+00:00","dateModified":"2022-05-11T10:54:17+00:00","breadcrumb":{"@id":"https:\/\/buletin.de\/bucuresti\/un-detinut-condamnat-la-23-de-ani-de-inchisoare-evadat-dintr-un-spital-din-bucuresti\/#breadcrumb"},"inLanguage":"en-GB","potentialAction":[{"@type":"ReadAction","target":["https:\/\/buletin.de\/bucuresti\/un-detinut-condamnat-la-23-de-ani-de-inchisoare-evadat-dintr-un-spital-din-bucuresti\/"]}]},{"@type":"ImageObject","inLanguage":"en-GB","@id":"https:\/\/buletin.de\/bucuresti\/un-detinut-condamnat-la-23-de-ani-de-inchisoare-evadat-dintr-un-spital-din-bucuresti\/#primaryimage","url":"https:\/\/buletin.de\/bucuresti\/wp-content\/uploads\/ODAmaD00NDAmaGFzaD05MTBlYTEwYTY3YTBjMjcwNTI5NzZjY2M3N2RjMmU1MQ.thumb_.jpg","contentUrl":"https:\/\/buletin.de\/bucuresti\/wp-content\/uploads\/ODAmaD00NDAmaGFzaD05MTBlYTEwYTY3YTBjMjcwNTI5NzZjY2M3N2RjMmU1MQ.thumb_.jpg","width":780,"height":440},{"@type":"BreadcrumbList","@id":"https:\/\/buletin.de\/bucuresti\/un-detinut-condamnat-la-23-de-ani-de-inchisoare-evadat-dintr-un-spital-din-bucuresti\/#breadcrumb","itemListElement":[{"@type":"ListItem","position":1,"name":"Acas\u0103","item":"https:\/\/buletin.de\/bucuresti\/"},{"@type":"ListItem","position":2,"name":"Un de\u021binut condamnat la 23 de ani de \u00eenchisoare, evadat dintr-un spital din Bucure\u0219ti"}]},{"@type":"WebSite","@id":"https:\/\/buletin.de\/bucuresti\/#website","url":"https:\/\/buletin.de\/bucuresti\/","name":"Buletin de Bucure\u0219ti","description":"\u0218tiri \u0219i investiga\u021bii esen\u021biale din capital\u0103","publisher":{"@id":"https:\/\/buletin.de\/bucuresti\/#organization"},"potentialAction":[{"@type":"SearchAction","target":{"@type":"EntryPoint","urlTemplate":"https:\/\/buletin.de\/bucuresti\/?s={search_term_string}"},"query-input":{"@type":"PropertyValueSpecification","valueRequired":true,"valueName":"search_term_string"}}],"inLanguage":"en-GB"},{"@type":"Organization","@id":"https:\/\/buletin.de\/bucuresti\/#organization","name":"Buletin de Bucure\u0219ti","url":"https:\/\/buletin.de\/bucuresti\/","logo":{"@type":"ImageObject","inLanguage":"en-GB","@id":"https:\/\/buletin.de\/bucuresti\/#\/schema\/logo\/image\/","url":"https:\/\/buletin.de\/bucuresti\/wp-content\/uploads\/logo-bdb-full-wide-vernil-transparent.png","contentUrl":"https:\/\/buletin.de\/bucuresti\/wp-content\/uploads\/logo-bdb-full-wide-vernil-transparent.png","width":1782,"height":626,"caption":"Buletin de Bucure\u0219ti"},"image":{"@id":"https:\/\/buletin.de\/bucuresti\/#\/schema\/logo\/image\/"},"sameAs":["https:\/\/www.facebook.com\/buletin.de.buc","https:\/\/www.instagram.com\/buletinde.bucuresti\/"]},{"@type":"Person","@id":"https:\/\/buletin.de\/bucuresti\/#\/schema\/person\/b0686d7a8b666c6afc78239777fd8a89","name":"Florin R\u00e2\u0219teiu","image":{"@type":"ImageObject","inLanguage":"en-GB","@id":"https:\/\/buletin.de\/bucuresti\/wp-content\/uploads\/Florin-Rasteiu-96x96.jpgf0a6fe28453aa12f0a60e4d0a2e3a78c","url":"https:\/\/buletin.de\/bucuresti\/wp-content\/uploads\/Florin-Rasteiu-96x96.jpg","contentUrl":"https:\/\/buletin.de\/bucuresti\/wp-content\/uploads\/Florin-Rasteiu-96x96.jpg","caption":"Florin R\u00e2\u0219teiu"},"description":"Jurnalist de investiga\u021bie. Lucreaz\u0103 de aproape 6 ani la Buletin de Bucure\u0219ti, unde a publicat articole care scot la suprafa\u021b\u0103 corup\u021bia din Capital\u0103. Analizeaz\u0103 baze de date zilnic \u0219i scoate pove\u0219ti din exceluri pline de cifre. Pune reflectorul pe adev\u0103r cu fiecare ocazie. A c\u00e2\u0219tigat premiul I la categoria Pres\u0103 Local\u0103 \u00een 2025 \u0219i locul al II-lea la aceea\u0219i categorie \u00een 2024 \u00een cadrul Premiilor Superscrieri pentru jurnalism independent.","url":"https:\/\/buletin.de\/bucuresti\/author\/florinrasteiu\/"}]}},"authors":[{"term_id":22576,"user_id":17,"is_guest":0,"slug":"florinrasteiu","display_name":"Florin R\u00e2\u0219teiu","avatar_url":"https:\/\/buletin.de\/bucuresti\/wp-content\/uploads\/Florin-Rasteiu-96x96.jpg","0":null,"1":"","2":"","3":"","4":"","5":"","6":"","7":"","8":""}],"_links":{"self":[{"href":"https:\/\/buletin.de\/bucuresti\/wp-json\/wp\/v2\/posts\/42638","targetHints":{"allow":["GET"]}}],"collection":[{"href":"https:\/\/buletin.de\/bucuresti\/wp-json\/wp\/v2\/posts"}],"about":[{"href":"https:\/\/buletin.de\/bucuresti\/wp-json\/wp\/v2\/types\/post"}],"author":[{"embeddable":true,"href":"https:\/\/buletin.de\/bucuresti\/wp-json\/wp\/v2\/users\/17"}],"replies":[{"embeddable":true,"href":"https:\/\/buletin.de\/bucuresti\/wp-json\/wp\/v2\/comments?post=42638"}],"version-history":[{"count":5,"href":"https:\/\/buletin.de\/bucuresti\/wp-json\/wp\/v2\/posts\/42638\/revisions"}],"predecessor-version":[{"id":42651,"href":"https:\/\/buletin.de\/bucuresti\/wp-json\/wp\/v2\/posts\/42638\/revisions\/42651"}],"wp:featuredmedia":[{"embeddable":true,"href":"https:\/\/buletin.de\/bucuresti\/wp-json\/wp\/v2\/media\/42641"}],"wp:attachment":[{"href":"https:\/\/buletin.de\/bucuresti\/wp-json\/wp\/v2\/media?parent=42638"}],"wp:term":[{"taxonomy":"category","embeddable":true,"href":"https:\/\/buletin.de\/bucuresti\/wp-json\/wp\/v2\/categories?post=42638"},{"taxonomy":"post_tag","embeddable":true,"href":"https:\/\/buletin.de\/bucuresti\/wp-json\/wp\/v2\/tags?post=42638"},{"taxonomy":"author","embeddable":true,"href":"https:\/\/buletin.de\/bucuresti\/wp-json\/wp\/v2\/ppma_author?post=42638"}],"curies":[{"name":"wp","href":"https:\/\/api.w.org\/{rel}","templated":true}]}}