{"id":42222,"date":"2022-04-22T08:23:57","date_gmt":"2022-04-22T06:23:57","guid":{"rendered":"https:\/\/buletin.de\/bucuresti\/?p=42222"},"modified":"2022-04-22T08:31:23","modified_gmt":"2022-04-22T06:31:23","slug":"6-angajati-ai-primariei-bucuresti-cercetati-penal-pentru-atribuirea-ilegala-a-unui-contract-unei-firme-private-societatea-are-contracte-de-milioane-de-euro-si-cu-anaf","status":"publish","type":"post","link":"https:\/\/buletin.de\/bucuresti\/6-angajati-ai-primariei-bucuresti-cercetati-penal-pentru-atribuirea-ilegala-a-unui-contract-unei-firme-private-societatea-are-contracte-de-milioane-de-euro-si-cu-anaf\/","title":{"rendered":"6 angaja\u021bi ai Prim\u0103riei Bucure\u0219ti, cerceta\u021bi penal pentru atribuirea ilegal\u0103 a unui contract unei firme private. Societatea are contracte de milioane de euro \u0219i cu ANAF"},"content":{"rendered":"\n<p>\u0218ase angaja\u021bi ai Prim\u0103riei Bucure\u0219ti sunt cerceta\u021bi penal dup\u0103 ce ar fi atribuit un contract de aproape 3 milioane de lei, \u00een 2015, ilegal. To\u021bi sunt acuza\u021bi de abuz \u00een serviciu cu ob\u021binere de foloase necuvenite. Inculpat este \u0219i ac\u021bionarul firmei care dup\u0103 ce a \u00eencheiat contractul cu ajutorul angaja\u021bilor prim\u0103riei a mai reu\u0219it s\u0103 ob\u021bin\u0103, \u00een 2019, \u00eenc\u0103 unul, tot cu PMB, de 7,8 milioane de lei, \u00eempreun\u0103 cu o alt\u0103 firm\u0103. Prejudiciul calculat de procurori este de 724.424 lei cu TVA.<\/p>\n\n\n\n<p>Conform DNA, pe 25 martie 2022 a \u00eenceput urm\u0103rirea penal\u0103 fa\u021b\u0103 mai mul\u021bi inculpa\u021bi, la data faptei reprezentan\u021bi ai Comisiei de evaluare\/negociere din cadrul Prim\u0103riei municipiului Bucure\u0219ti:<\/p>\n\n\n\n<p><strong>CONSTANTINESCU OCTAVIAN CLEMENT<\/strong>, la data faptei pre\u0219edinte cu drept de vot al Comisiei de evaluare\/negociere, ocup\u00e2nd func\u021bia de consilier personal al Primarului General,<br><strong>STOIAN TEODORA<\/strong>, la data faptei membru al Comisiei de evaluare\/negociere, ocup\u00e2nd func\u021bia de \u0218ef Serviciu Direc\u021bia Contracte,<br><strong>C\u00ceMPEANU CARMEN<\/strong>, la data faptei membru al Comisiei de evaluare\/negociere, ocup\u00e2nd func\u021bia de \u0218ef Serviciu Eviden\u021b\u0103 Achizi\u021bii Externe,<br><strong>OLARIU RODICA<\/strong>&nbsp;la data faptei membru al Comisiei de evaluare\/negociere, ocup\u00e2nd func\u021bia de Expert-Direc\u021bia Contracte<br><strong>SLABU CRISTINA<\/strong>, la data faptei membru al Comisiei de evaluare\/negociere, ocup\u00e2nd func\u021bia de Expert-Direc\u021bia Contracte,<br><strong>MINCU DANIELA<\/strong>, la data faptei director general al Direc\u021biei Generale Achizi\u021bii,<br>De asemenea, s-a pus \u00een mi\u0219care ac\u021biunea penal\u0103 fa\u021b\u0103 de asociatul unic al unei societ\u0103\u021bi comerciale, pentru s\u0103v\u00e2r\u0219irea infrac\u021biunii de ob\u021binere ilegal\u0103 de fonduri.<\/p>\n\n\n\n<h2 class=\"wp-block-heading\">Ce spun procurorii<\/h2>\n\n\n\n<p>\u00cen ordonan\u021ba de \u00eencepere a urm\u0103ririi penale, procurorii descriu faptele care s-ar fi petrecut \u00een 2015. Prim\u0103ria Capitalei a scos la licita\u021bie un contract cadru de evaluare imobiliar\u0103 care a ajuns la o firm\u0103 f\u0103r\u0103 ca aceasta s\u0103 fi \u00eendeplinit toate condi\u021biile cerute \u00een caietul de sarcini.<\/p>\n\n\n\n<p class=\"has-small-font-size\">\u00cen perioada martie 2015-august 2015, inculpa\u021bii Constantinescu Octavian Clement, Stoian Teodora, C\u00eempeanu Carmen, Olariu Rodica, Slabu Cristina, \u00een calitate de membri ai comisiei de evaluare desemna\u021bi pentru atribuirea unui <strong>acord-cadru de servicii de evaluare imobiliar\u0103 a bunurilor imobile \u00een domeniul public\/privat sau aflate \u00een administrarea municipiului Bucure\u0219ti<\/strong> \u0219i inculpata Mincu Daniela, director general al Direc\u021biei Generale Achizi\u021bii, ar fi \u00eenc\u0103lcat dispozi\u021biile legale (OUG nr. 34\/2006 \u0219i O.G. nr. 119\/1999), cu ocazia desf\u0103\u0219ur\u0103rii celor dou\u0103 proceduri de atribuire a Acordului-cadru, respectiv licita\u021bie deschis\u0103 \u0219i negociere. Ace\u0219tia nu ar fi transmis spre publicare un anun\u021b de participare, nu ar fi asigurat un tratament egal \u0219i transparent \u00eentre operatorii economici, stabilind firma c\u00e2\u0219tig\u0103toare de\u0219i aceasta nu \u00eendeplinea cele 3 cerin\u021be minime de calificare pentru atribuirea Acordului Cadru, respectiv :<br>&#8211; <strong>nu ar fi avut experien\u021b\u0103 similar\u0103 \u00een domeniu cu privire la prestarea de servicii de evaluare imobiliar\u0103, \u00een ultimii trei ani, cu o valoare cumulat\u0103 mai mare de 1.000.0000 lei, respectiv 222.230 euro, a\u0219a cum a pretins<\/strong><br>&#8211; nu ar fi depus documentele solicitate referitoare la utilajele\/echipamentele tehnice de care dispune \u0219i caracteristicile acestora;<br>&#8211; nu ar fi depus Angajamentul ofertantului potrivit c\u0103ruia, \u00een cazul indisponibilit\u0103\u021bii unor persoane dintre cele nominalizate, le va \u00eenlocui numai cu persoane cel pu\u021bin la fel de calificate.<\/p>\n\n\n\n<p class=\"has-small-font-size\">Faptele descrise ar fi produs Prim\u0103riei Municipiului Bucure\u0219ti o pagub\u0103 \u00een valoare de 724.424 lei cu TVA lei \u0219i un folos necuvenit \u00een acela\u0219i cuantum firmei c\u00e2\u0219tig\u0103toare. &#8211; comunicat DNA,<\/p>\n\n\n\n<p class=\"has-normal-font-size\">Procurorii sus\u021bin \u0219i c\u0103, la r\u00e2ndul s\u0103u, reprezentantul firmei c\u00e2\u0219tig\u0103toare ar fi prezentat date false, inexacte ori incomplete referitoare la experien\u021ba \u00een domeniu.<\/p>\n\n\n\n<h2 class=\"wp-block-heading\">Licita\u021bia care a lansat afacerile firmei<\/h2>\n\n\n\n<p>Pe 22 septembrie 2015, \u00een SEAP e publicat anun\u021bul atribuirii unui contract cadru de 2,959 milioane de lei, pentru <em>\u201cServicii de evaluare imobiliar\u0103 a bunurilor aflate \u00een domeniul public\/privat sau \u00een administrarea Municipiului Bucure\u0219ti\u201c<\/em> prin negociere f\u0103r\u0103 publicare, firmei SC Media City SRL. Conform clauzelor men\u021bionate de procurori, firma ar fi trebuit s\u0103 aib\u0103 minim 3 ani experien\u021b\u0103 \u00een domeniu \u0219i contracte de minim 1 milion de lei.<\/p>\n\n\n\n<figure class=\"wp-block-image size-large\"><img fetchpriority=\"high\" decoding=\"async\" width=\"900\" height=\"433\" src=\"data:image\/gif;base64,R0lGODlhAQABAAAAACH5BAEKAAEALAAAAAABAAEAAAICTAEAOw==\" data-src=\"https:\/\/buletin.de\/bucuresti\/wp-content\/uploads\/image-1210-900x433.png\" alt=\"\" class=\"wp-image-42223 lazyload\" data-sizes=\"auto\" data-srcset=\"https:\/\/buletin.de\/bucuresti\/wp-content\/uploads\/image-1210-900x433.png 900w, https:\/\/buletin.de\/bucuresti\/wp-content\/uploads\/image-1210-300x144.png 300w, https:\/\/buletin.de\/bucuresti\/wp-content\/uploads\/image-1210-768x369.png 768w, https:\/\/buletin.de\/bucuresti\/wp-content\/uploads\/image-1210-550x264.png 550w, https:\/\/buletin.de\/bucuresti\/wp-content\/uploads\/image-1210-600x288.png 600w, https:\/\/buletin.de\/bucuresti\/wp-content\/uploads\/image-1210.png 1032w\" sizes=\"(max-width: 900px) 100vw, 900px\" \/><figcaption>sursa sicap.ai<\/figcaption><\/figure>\n\n\n\n<p>Firma Media City SRL, \u00eenfiin\u021bat\u0103 \u00een 1996, avea ca unic ac\u021bionar \u00een acel moment pe Mihai Marin Sandu, \u0219i, conform datelor din SEAP, mai avusese doar un singur contract de evaluare bunuri imobile \u0219i mobil, \u00een 2012, cu Direc\u021bia de Taxe \u0219i Impozite Sector 3 de 500.000 de lei, \u00eempreun\u0103 cu alte 3 firme.<\/p>\n\n\n\n<div class=\"wp-block-media-text alignwide is-stacked-on-mobile\"><figure class=\"wp-block-media-text__media\"><img decoding=\"async\" width=\"377\" height=\"235\" src=\"data:image\/gif;base64,R0lGODlhAQABAAAAACH5BAEKAAEALAAAAAABAAEAAAICTAEAOw==\" data-src=\"https:\/\/buletin.de\/bucuresti\/wp-content\/uploads\/image-1211.png\" alt=\"\" class=\"wp-image-42224 size-full lazyload\" data-sizes=\"auto\" data-srcset=\"https:\/\/buletin.de\/bucuresti\/wp-content\/uploads\/image-1211.png 377w, https:\/\/buletin.de\/bucuresti\/wp-content\/uploads\/image-1211-300x187.png 300w\" sizes=\"(max-width: 377px) 100vw, 377px\" \/><\/figure><div class=\"wp-block-media-text__content\">\n<p class=\"has-normal-font-size\">Pentru a putea func\u021biona ca evaluator imobiliar, firma avea nevoie de un expert acreditat ANEVAR, care apare \u00een documentele societ\u0103\u021bii abia \u00een august 2014.  <\/p>\n<\/div><\/div>\n\n\n\n<p>Dup\u0103 contractul cu PMB, ob\u021binut \u00een septembrie 2015, \u0219i cercetat acum de DNA, firma \u00eencepe s\u0103 c\u00e2\u0219tige contracte mari de evaluare imobiliar\u0103. \u00cen 2016 cu Direc\u021bia de Taxe \u0219i Impozite Sector 3, de 500 de mii de lei \u0219i cu DGFP Ploie\u0219ti de 1,2 milioane de lei. \u00cen 2017 semneaz\u0103 cu DGFP Gala\u021bi, \u00eempreun\u0103 cu alte 3 firme, un contract de 1,9 milioane de lei. <\/p>\n\n\n\n<p>\u00cen octombrie 2019, Prim\u0103ria Bucure\u0219ti scoate din nou la licita\u021bie acela\u0219i contract cadru de \u201c<em>Servicii de evaluare imobiliar\u0103 a bunurilor aflate \u00een domeniul public\/privat sau \u00een administrarea Municipiului Bucure\u0219ti\u201c<\/em>, cu o valoare de 7,8 milioane de lei. De data aceasta, SC Media City nu mai ob\u021bine singur\u0103 contractul. <\/p>\n\n\n\n<figure class=\"wp-block-image size-large\"><img decoding=\"async\" width=\"900\" height=\"102\" src=\"data:image\/gif;base64,R0lGODlhAQABAAAAACH5BAEKAAEALAAAAAABAAEAAAICTAEAOw==\" data-src=\"https:\/\/buletin.de\/bucuresti\/wp-content\/uploads\/image-1212-900x102.png\" alt=\"\" class=\"wp-image-42225 lazyload\" data-sizes=\"auto\" data-srcset=\"https:\/\/buletin.de\/bucuresti\/wp-content\/uploads\/image-1212-900x102.png 900w, https:\/\/buletin.de\/bucuresti\/wp-content\/uploads\/image-1212-300x34.png 300w, https:\/\/buletin.de\/bucuresti\/wp-content\/uploads\/image-1212-768x87.png 768w, https:\/\/buletin.de\/bucuresti\/wp-content\/uploads\/image-1212-1060x120.png 1060w, https:\/\/buletin.de\/bucuresti\/wp-content\/uploads\/image-1212-550x62.png 550w, https:\/\/buletin.de\/bucuresti\/wp-content\/uploads\/image-1212-600x68.png 600w, https:\/\/buletin.de\/bucuresti\/wp-content\/uploads\/image-1212.png 1179w\" sizes=\"(max-width: 900px) 100vw, 900px\" \/><\/figure>\n\n\n\n<p class=\"has-normal-font-size\"><br>P\u00e2n\u0103 acum, pentru un lot din acest al doilea contract, firma a primit 84.000 de lei. <\/p>\n\n\n\n<p>Cele mai b\u0103noase afaceri cu bani publici ale firmei SC Media City SRL sunt cu ANAF. \u00cen 2019 a semnat un contract cadru de <em>Servicii de evaluare \u0219i expertiz\u0103 bunuri mobile\/imobile, ac\u021biuni \u0219i alte instrumente financiare, evalu\u0103ri de fond de comer\u021b \u0219i alte active necorporale, verific\u0103ri rapoarte de evaluare<\/em>, din care a c\u00e2\u0219tigat p\u00e2n\u0103 acum <strong>7,73 de milioane de lei. <\/strong><\/p>\n\n\n\n<p>SC Media City are \u00een portofoliu \u0219i mai multe proiecte reziden\u021biale, a\u0219a cum apare pe <a href=\"https:\/\/www.mediacity.ro\/dezvoltare-imobiliara\/\">pagina de internet<\/a> a firmei.<\/p>\n\n\n\n<p>La 3 zile de la \u00eenceperea urm\u0103ririi penale \u00eendreptate \u00eempotriva sa, patronul SC Media City SRL, Mihai Marin Sandu a cedat toate ac\u021biunile din firm\u0103 lui Andrei Cristian Sandu. <\/p>\n\n\n\n<p>Conform datelor de la Ministerul de Finan\u021be, firma a avut anul trecut 12 angaja\u021bi, o cifr\u0103 de afaceri de 29.404.321 lei, un profit de 3.410.331 lei \u0219i datorii de 44.725.130 lei.<\/p>\n\n\n\n<p class=\"has-small-font-size\"><\/p>\n\n\n\n<p><\/p>\n\n\n\n<p>sursa foto cover Facebook Prim\u0103ria Bucure\u0219ti<\/p>\n","protected":false},"excerpt":{"rendered":"<p>\u0218ase angaja\u021bi ai Prim\u0103riei Bucure\u0219ti sunt cerceta\u021bi penal dup\u0103 ce ar fi atribuit un contract de aproape 3 milioane de lei, \u00een 2015, ilegal. To\u021bi sunt acuza\u021bi de abuz \u00een serviciu cu ob\u021binere de foloase necuvenite. Inculpat este \u0219i ac\u021bionarul firmei care dup\u0103 ce a \u00eencheiat contractul cu ajutorul angaja\u021bilor prim\u0103riei a mai reu\u0219it s\u0103 [&hellip;]<\/p>\n","protected":false},"author":18,"featured_media":42232,"comment_status":"closed","ping_status":"open","sticky":false,"template":"","format":"standard","meta":{"_acf_changed":false,"inline_featured_image":false,"ngg_post_thumbnail":0,"footnotes":""},"categories":[3419,62],"tags":[294,875,4125,4124],"ppma_author":[22579],"class_list":["post-42222","post","type-post","status-publish","format-standard","has-post-thumbnail","hentry","category-featured","category-stiri","tag-angajati","tag-dna","tag-media-city-srl","tag-urmarire-penala"],"acf":[],"yoast_head":"<!-- This site is optimized with the Yoast SEO Premium plugin v25.3 (Yoast SEO v27.5) - https:\/\/yoast.com\/product\/yoast-seo-premium-wordpress\/ -->\n<title>6 angaja\u021bi ai Prim\u0103riei Bucure\u0219ti, cerceta\u021bi penal pentru atribuirea ilegal\u0103 a unui contract unei firme private. Societatea are contracte de milioane de euro \u0219i cu ANAF - Buletin de Bucure\u0219ti<\/title>\n<meta name=\"robots\" content=\"index, follow, max-snippet:-1, max-image-preview:large, max-video-preview:-1\" \/>\n<link rel=\"canonical\" href=\"https:\/\/buletin.de\/bucuresti\/6-angajati-ai-primariei-bucuresti-cercetati-penal-pentru-atribuirea-ilegala-a-unui-contract-unei-firme-private-societatea-are-contracte-de-milioane-de-euro-si-cu-anaf\/\" \/>\n<meta property=\"og:locale\" content=\"en_GB\" \/>\n<meta property=\"og:type\" content=\"article\" \/>\n<meta property=\"og:title\" content=\"6 angaja\u021bi ai Prim\u0103riei Bucure\u0219ti, cerceta\u021bi penal pentru atribuirea ilegal\u0103 a unui contract unei firme private. Societatea are contracte de milioane de euro \u0219i cu ANAF\" \/>\n<meta property=\"og:description\" content=\"\u0218ase angaja\u021bi ai Prim\u0103riei Bucure\u0219ti sunt cerceta\u021bi penal dup\u0103 ce ar fi atribuit un contract de aproape 3 milioane de lei, \u00een 2015, ilegal. To\u021bi sunt acuza\u021bi de abuz \u00een serviciu cu ob\u021binere de foloase necuvenite. Inculpat este \u0219i ac\u021bionarul firmei care dup\u0103 ce a \u00eencheiat contractul cu ajutorul angaja\u021bilor prim\u0103riei a mai reu\u0219it s\u0103 [&hellip;]\" \/>\n<meta property=\"og:url\" content=\"https:\/\/buletin.de\/bucuresti\/6-angajati-ai-primariei-bucuresti-cercetati-penal-pentru-atribuirea-ilegala-a-unui-contract-unei-firme-private-societatea-are-contracte-de-milioane-de-euro-si-cu-anaf\/\" \/>\n<meta property=\"og:site_name\" content=\"Buletin de Bucure\u0219ti\" \/>\n<meta property=\"article:publisher\" content=\"https:\/\/www.facebook.com\/buletin.de.buc\" \/>\n<meta property=\"article:published_time\" content=\"2022-04-22T06:23:57+00:00\" \/>\n<meta property=\"article:modified_time\" content=\"2022-04-22T06:31:23+00:00\" \/>\n<meta property=\"og:image\" content=\"https:\/\/buletin.de\/bucuresti\/wp-content\/uploads\/pmb.jpg\" \/>\n\t<meta property=\"og:image:width\" content=\"960\" \/>\n\t<meta property=\"og:image:height\" content=\"642\" \/>\n\t<meta property=\"og:image:type\" content=\"image\/jpeg\" \/>\n<meta name=\"author\" content=\"Teodora Stroe\" \/>\n<meta name=\"twitter:card\" content=\"summary_large_image\" \/>\n<meta name=\"twitter:label1\" content=\"Written by\" \/>\n\t<meta name=\"twitter:data1\" content=\"Teodora Stroe\" \/>\n\t<meta name=\"twitter:label2\" content=\"Estimated reading time\" \/>\n\t<meta name=\"twitter:data2\" content=\"5 minutes\" \/>\n<script type=\"application\/ld+json\" class=\"yoast-schema-graph\">{\"@context\":\"https:\\\/\\\/schema.org\",\"@graph\":[{\"@type\":\"Article\",\"@id\":\"https:\\\/\\\/buletin.de\\\/bucuresti\\\/6-angajati-ai-primariei-bucuresti-cercetati-penal-pentru-atribuirea-ilegala-a-unui-contract-unei-firme-private-societatea-are-contracte-de-milioane-de-euro-si-cu-anaf\\\/#article\",\"isPartOf\":{\"@id\":\"https:\\\/\\\/buletin.de\\\/bucuresti\\\/6-angajati-ai-primariei-bucuresti-cercetati-penal-pentru-atribuirea-ilegala-a-unui-contract-unei-firme-private-societatea-are-contracte-de-milioane-de-euro-si-cu-anaf\\\/\"},\"author\":{\"name\":\"Teodora Stroe\",\"@id\":\"https:\\\/\\\/buletin.de\\\/bucuresti\\\/#\\\/schema\\\/person\\\/d369d7ddc775abece205795e0b804614\"},\"headline\":\"6 angaja\u021bi ai Prim\u0103riei Bucure\u0219ti, cerceta\u021bi penal pentru atribuirea ilegal\u0103 a unui contract unei firme private. Societatea are contracte de milioane de euro \u0219i cu ANAF\",\"datePublished\":\"2022-04-22T06:23:57+00:00\",\"dateModified\":\"2022-04-22T06:31:23+00:00\",\"mainEntityOfPage\":{\"@id\":\"https:\\\/\\\/buletin.de\\\/bucuresti\\\/6-angajati-ai-primariei-bucuresti-cercetati-penal-pentru-atribuirea-ilegala-a-unui-contract-unei-firme-private-societatea-are-contracte-de-milioane-de-euro-si-cu-anaf\\\/\"},\"wordCount\":1090,\"publisher\":{\"@id\":\"https:\\\/\\\/buletin.de\\\/bucuresti\\\/#organization\"},\"image\":{\"@id\":\"https:\\\/\\\/buletin.de\\\/bucuresti\\\/6-angajati-ai-primariei-bucuresti-cercetati-penal-pentru-atribuirea-ilegala-a-unui-contract-unei-firme-private-societatea-are-contracte-de-milioane-de-euro-si-cu-anaf\\\/#primaryimage\"},\"thumbnailUrl\":\"https:\\\/\\\/buletin.de\\\/bucuresti\\\/wp-content\\\/uploads\\\/pmb.jpg\",\"keywords\":[\"angajati\",\"dna\",\"media city srl\",\"urmarire penala\"],\"articleSection\":[\"Featured\",\"\u0218tiri\"],\"inLanguage\":\"en-GB\",\"copyrightYear\":\"2022\",\"copyrightHolder\":{\"@id\":\"https:\\\/\\\/buletin.de\\\/bucuresti\\\/#organization\"}},{\"@type\":\"WebPage\",\"@id\":\"https:\\\/\\\/buletin.de\\\/bucuresti\\\/6-angajati-ai-primariei-bucuresti-cercetati-penal-pentru-atribuirea-ilegala-a-unui-contract-unei-firme-private-societatea-are-contracte-de-milioane-de-euro-si-cu-anaf\\\/\",\"url\":\"https:\\\/\\\/buletin.de\\\/bucuresti\\\/6-angajati-ai-primariei-bucuresti-cercetati-penal-pentru-atribuirea-ilegala-a-unui-contract-unei-firme-private-societatea-are-contracte-de-milioane-de-euro-si-cu-anaf\\\/\",\"name\":\"6 angaja\u021bi ai Prim\u0103riei Bucure\u0219ti, cerceta\u021bi penal pentru atribuirea ilegal\u0103 a unui contract unei firme private. Societatea are contracte de milioane de euro \u0219i cu ANAF - Buletin de Bucure\u0219ti\",\"isPartOf\":{\"@id\":\"https:\\\/\\\/buletin.de\\\/bucuresti\\\/#website\"},\"primaryImageOfPage\":{\"@id\":\"https:\\\/\\\/buletin.de\\\/bucuresti\\\/6-angajati-ai-primariei-bucuresti-cercetati-penal-pentru-atribuirea-ilegala-a-unui-contract-unei-firme-private-societatea-are-contracte-de-milioane-de-euro-si-cu-anaf\\\/#primaryimage\"},\"image\":{\"@id\":\"https:\\\/\\\/buletin.de\\\/bucuresti\\\/6-angajati-ai-primariei-bucuresti-cercetati-penal-pentru-atribuirea-ilegala-a-unui-contract-unei-firme-private-societatea-are-contracte-de-milioane-de-euro-si-cu-anaf\\\/#primaryimage\"},\"thumbnailUrl\":\"https:\\\/\\\/buletin.de\\\/bucuresti\\\/wp-content\\\/uploads\\\/pmb.jpg\",\"datePublished\":\"2022-04-22T06:23:57+00:00\",\"dateModified\":\"2022-04-22T06:31:23+00:00\",\"breadcrumb\":{\"@id\":\"https:\\\/\\\/buletin.de\\\/bucuresti\\\/6-angajati-ai-primariei-bucuresti-cercetati-penal-pentru-atribuirea-ilegala-a-unui-contract-unei-firme-private-societatea-are-contracte-de-milioane-de-euro-si-cu-anaf\\\/#breadcrumb\"},\"inLanguage\":\"en-GB\",\"potentialAction\":[{\"@type\":\"ReadAction\",\"target\":[\"https:\\\/\\\/buletin.de\\\/bucuresti\\\/6-angajati-ai-primariei-bucuresti-cercetati-penal-pentru-atribuirea-ilegala-a-unui-contract-unei-firme-private-societatea-are-contracte-de-milioane-de-euro-si-cu-anaf\\\/\"]}]},{\"@type\":\"ImageObject\",\"inLanguage\":\"en-GB\",\"@id\":\"https:\\\/\\\/buletin.de\\\/bucuresti\\\/6-angajati-ai-primariei-bucuresti-cercetati-penal-pentru-atribuirea-ilegala-a-unui-contract-unei-firme-private-societatea-are-contracte-de-milioane-de-euro-si-cu-anaf\\\/#primaryimage\",\"url\":\"https:\\\/\\\/buletin.de\\\/bucuresti\\\/wp-content\\\/uploads\\\/pmb.jpg\",\"contentUrl\":\"https:\\\/\\\/buletin.de\\\/bucuresti\\\/wp-content\\\/uploads\\\/pmb.jpg\",\"width\":960,\"height\":642,\"caption\":\"A fost radiat\u0103 prima companie municipal\u0103 din cele peste 20 \u00eenfiin\u021bate de administra\u021bia Firea\"},{\"@type\":\"BreadcrumbList\",\"@id\":\"https:\\\/\\\/buletin.de\\\/bucuresti\\\/6-angajati-ai-primariei-bucuresti-cercetati-penal-pentru-atribuirea-ilegala-a-unui-contract-unei-firme-private-societatea-are-contracte-de-milioane-de-euro-si-cu-anaf\\\/#breadcrumb\",\"itemListElement\":[{\"@type\":\"ListItem\",\"position\":1,\"name\":\"Acas\u0103\",\"item\":\"https:\\\/\\\/buletin.de\\\/bucuresti\\\/\"},{\"@type\":\"ListItem\",\"position\":2,\"name\":\"6 angaja\u021bi ai Prim\u0103riei Bucure\u0219ti, cerceta\u021bi penal pentru atribuirea ilegal\u0103 a unui contract unei firme private. Societatea are contracte de milioane de euro \u0219i cu ANAF\"}]},{\"@type\":\"WebSite\",\"@id\":\"https:\\\/\\\/buletin.de\\\/bucuresti\\\/#website\",\"url\":\"https:\\\/\\\/buletin.de\\\/bucuresti\\\/\",\"name\":\"Buletin de Bucure\u0219ti\",\"description\":\"\u0218tiri \u0219i investiga\u021bii esen\u021biale din capital\u0103\",\"publisher\":{\"@id\":\"https:\\\/\\\/buletin.de\\\/bucuresti\\\/#organization\"},\"potentialAction\":[{\"@type\":\"SearchAction\",\"target\":{\"@type\":\"EntryPoint\",\"urlTemplate\":\"https:\\\/\\\/buletin.de\\\/bucuresti\\\/?s={search_term_string}\"},\"query-input\":{\"@type\":\"PropertyValueSpecification\",\"valueRequired\":true,\"valueName\":\"search_term_string\"}}],\"inLanguage\":\"en-GB\"},{\"@type\":\"Organization\",\"@id\":\"https:\\\/\\\/buletin.de\\\/bucuresti\\\/#organization\",\"name\":\"Buletin de Bucure\u0219ti\",\"url\":\"https:\\\/\\\/buletin.de\\\/bucuresti\\\/\",\"logo\":{\"@type\":\"ImageObject\",\"inLanguage\":\"en-GB\",\"@id\":\"https:\\\/\\\/buletin.de\\\/bucuresti\\\/#\\\/schema\\\/logo\\\/image\\\/\",\"url\":\"https:\\\/\\\/buletin.de\\\/bucuresti\\\/wp-content\\\/uploads\\\/logo-bdb-full-wide-vernil-transparent.png\",\"contentUrl\":\"https:\\\/\\\/buletin.de\\\/bucuresti\\\/wp-content\\\/uploads\\\/logo-bdb-full-wide-vernil-transparent.png\",\"width\":1782,\"height\":626,\"caption\":\"Buletin de Bucure\u0219ti\"},\"image\":{\"@id\":\"https:\\\/\\\/buletin.de\\\/bucuresti\\\/#\\\/schema\\\/logo\\\/image\\\/\"},\"sameAs\":[\"https:\\\/\\\/www.facebook.com\\\/buletin.de.buc\",\"https:\\\/\\\/www.instagram.com\\\/buletinde.bucuresti\\\/\"]},{\"@type\":\"Person\",\"@id\":\"https:\\\/\\\/buletin.de\\\/bucuresti\\\/#\\\/schema\\\/person\\\/d369d7ddc775abece205795e0b804614\",\"name\":\"Teodora Stroe\",\"image\":{\"@type\":\"ImageObject\",\"inLanguage\":\"en-GB\",\"@id\":\"https:\\\/\\\/secure.gravatar.com\\\/avatar\\\/2560b4cd9f5f1bc100b123158e657d75584bd1c3e1d9c69285720b9457c1b78d?s=96&d=monsterid&r=gc104800242ba5f2d78dd5d7dc4df08b6\",\"url\":\"https:\\\/\\\/secure.gravatar.com\\\/avatar\\\/2560b4cd9f5f1bc100b123158e657d75584bd1c3e1d9c69285720b9457c1b78d?s=96&d=monsterid&r=g\",\"contentUrl\":\"https:\\\/\\\/secure.gravatar.com\\\/avatar\\\/2560b4cd9f5f1bc100b123158e657d75584bd1c3e1d9c69285720b9457c1b78d?s=96&d=monsterid&r=g\",\"caption\":\"Teodora Stroe\"},\"url\":\"https:\\\/\\\/buletin.de\\\/bucuresti\\\/author\\\/simonacarlugea\\\/\"}]}<\/script>\n<!-- \/ Yoast SEO Premium plugin. -->","yoast_head_json":{"title":"6 angaja\u021bi ai Prim\u0103riei Bucure\u0219ti, cerceta\u021bi penal pentru atribuirea ilegal\u0103 a unui contract unei firme private. Societatea are contracte de milioane de euro \u0219i cu ANAF - Buletin de Bucure\u0219ti","robots":{"index":"index","follow":"follow","max-snippet":"max-snippet:-1","max-image-preview":"max-image-preview:large","max-video-preview":"max-video-preview:-1"},"canonical":"https:\/\/buletin.de\/bucuresti\/6-angajati-ai-primariei-bucuresti-cercetati-penal-pentru-atribuirea-ilegala-a-unui-contract-unei-firme-private-societatea-are-contracte-de-milioane-de-euro-si-cu-anaf\/","og_locale":"en_GB","og_type":"article","og_title":"6 angaja\u021bi ai Prim\u0103riei Bucure\u0219ti, cerceta\u021bi penal pentru atribuirea ilegal\u0103 a unui contract unei firme private. Societatea are contracte de milioane de euro \u0219i cu ANAF","og_description":"\u0218ase angaja\u021bi ai Prim\u0103riei Bucure\u0219ti sunt cerceta\u021bi penal dup\u0103 ce ar fi atribuit un contract de aproape 3 milioane de lei, \u00een 2015, ilegal. To\u021bi sunt acuza\u021bi de abuz \u00een serviciu cu ob\u021binere de foloase necuvenite. Inculpat este \u0219i ac\u021bionarul firmei care dup\u0103 ce a \u00eencheiat contractul cu ajutorul angaja\u021bilor prim\u0103riei a mai reu\u0219it s\u0103 [&hellip;]","og_url":"https:\/\/buletin.de\/bucuresti\/6-angajati-ai-primariei-bucuresti-cercetati-penal-pentru-atribuirea-ilegala-a-unui-contract-unei-firme-private-societatea-are-contracte-de-milioane-de-euro-si-cu-anaf\/","og_site_name":"Buletin de Bucure\u0219ti","article_publisher":"https:\/\/www.facebook.com\/buletin.de.buc","article_published_time":"2022-04-22T06:23:57+00:00","article_modified_time":"2022-04-22T06:31:23+00:00","og_image":[{"width":960,"height":642,"url":"https:\/\/buletin.de\/bucuresti\/wp-content\/uploads\/pmb.jpg","type":"image\/jpeg"}],"author":"Teodora Stroe","twitter_card":"summary_large_image","twitter_misc":{"Written by":"Teodora Stroe","Estimated reading time":"5 minutes"},"schema":{"@context":"https:\/\/schema.org","@graph":[{"@type":"Article","@id":"https:\/\/buletin.de\/bucuresti\/6-angajati-ai-primariei-bucuresti-cercetati-penal-pentru-atribuirea-ilegala-a-unui-contract-unei-firme-private-societatea-are-contracte-de-milioane-de-euro-si-cu-anaf\/#article","isPartOf":{"@id":"https:\/\/buletin.de\/bucuresti\/6-angajati-ai-primariei-bucuresti-cercetati-penal-pentru-atribuirea-ilegala-a-unui-contract-unei-firme-private-societatea-are-contracte-de-milioane-de-euro-si-cu-anaf\/"},"author":{"name":"Teodora Stroe","@id":"https:\/\/buletin.de\/bucuresti\/#\/schema\/person\/d369d7ddc775abece205795e0b804614"},"headline":"6 angaja\u021bi ai Prim\u0103riei Bucure\u0219ti, cerceta\u021bi penal pentru atribuirea ilegal\u0103 a unui contract unei firme private. Societatea are contracte de milioane de euro \u0219i cu ANAF","datePublished":"2022-04-22T06:23:57+00:00","dateModified":"2022-04-22T06:31:23+00:00","mainEntityOfPage":{"@id":"https:\/\/buletin.de\/bucuresti\/6-angajati-ai-primariei-bucuresti-cercetati-penal-pentru-atribuirea-ilegala-a-unui-contract-unei-firme-private-societatea-are-contracte-de-milioane-de-euro-si-cu-anaf\/"},"wordCount":1090,"publisher":{"@id":"https:\/\/buletin.de\/bucuresti\/#organization"},"image":{"@id":"https:\/\/buletin.de\/bucuresti\/6-angajati-ai-primariei-bucuresti-cercetati-penal-pentru-atribuirea-ilegala-a-unui-contract-unei-firme-private-societatea-are-contracte-de-milioane-de-euro-si-cu-anaf\/#primaryimage"},"thumbnailUrl":"https:\/\/buletin.de\/bucuresti\/wp-content\/uploads\/pmb.jpg","keywords":["angajati","dna","media city srl","urmarire penala"],"articleSection":["Featured","\u0218tiri"],"inLanguage":"en-GB","copyrightYear":"2022","copyrightHolder":{"@id":"https:\/\/buletin.de\/bucuresti\/#organization"}},{"@type":"WebPage","@id":"https:\/\/buletin.de\/bucuresti\/6-angajati-ai-primariei-bucuresti-cercetati-penal-pentru-atribuirea-ilegala-a-unui-contract-unei-firme-private-societatea-are-contracte-de-milioane-de-euro-si-cu-anaf\/","url":"https:\/\/buletin.de\/bucuresti\/6-angajati-ai-primariei-bucuresti-cercetati-penal-pentru-atribuirea-ilegala-a-unui-contract-unei-firme-private-societatea-are-contracte-de-milioane-de-euro-si-cu-anaf\/","name":"6 angaja\u021bi ai Prim\u0103riei Bucure\u0219ti, cerceta\u021bi penal pentru atribuirea ilegal\u0103 a unui contract unei firme private. Societatea are contracte de milioane de euro \u0219i cu ANAF - Buletin de Bucure\u0219ti","isPartOf":{"@id":"https:\/\/buletin.de\/bucuresti\/#website"},"primaryImageOfPage":{"@id":"https:\/\/buletin.de\/bucuresti\/6-angajati-ai-primariei-bucuresti-cercetati-penal-pentru-atribuirea-ilegala-a-unui-contract-unei-firme-private-societatea-are-contracte-de-milioane-de-euro-si-cu-anaf\/#primaryimage"},"image":{"@id":"https:\/\/buletin.de\/bucuresti\/6-angajati-ai-primariei-bucuresti-cercetati-penal-pentru-atribuirea-ilegala-a-unui-contract-unei-firme-private-societatea-are-contracte-de-milioane-de-euro-si-cu-anaf\/#primaryimage"},"thumbnailUrl":"https:\/\/buletin.de\/bucuresti\/wp-content\/uploads\/pmb.jpg","datePublished":"2022-04-22T06:23:57+00:00","dateModified":"2022-04-22T06:31:23+00:00","breadcrumb":{"@id":"https:\/\/buletin.de\/bucuresti\/6-angajati-ai-primariei-bucuresti-cercetati-penal-pentru-atribuirea-ilegala-a-unui-contract-unei-firme-private-societatea-are-contracte-de-milioane-de-euro-si-cu-anaf\/#breadcrumb"},"inLanguage":"en-GB","potentialAction":[{"@type":"ReadAction","target":["https:\/\/buletin.de\/bucuresti\/6-angajati-ai-primariei-bucuresti-cercetati-penal-pentru-atribuirea-ilegala-a-unui-contract-unei-firme-private-societatea-are-contracte-de-milioane-de-euro-si-cu-anaf\/"]}]},{"@type":"ImageObject","inLanguage":"en-GB","@id":"https:\/\/buletin.de\/bucuresti\/6-angajati-ai-primariei-bucuresti-cercetati-penal-pentru-atribuirea-ilegala-a-unui-contract-unei-firme-private-societatea-are-contracte-de-milioane-de-euro-si-cu-anaf\/#primaryimage","url":"https:\/\/buletin.de\/bucuresti\/wp-content\/uploads\/pmb.jpg","contentUrl":"https:\/\/buletin.de\/bucuresti\/wp-content\/uploads\/pmb.jpg","width":960,"height":642,"caption":"A fost radiat\u0103 prima companie municipal\u0103 din cele peste 20 \u00eenfiin\u021bate de administra\u021bia Firea"},{"@type":"BreadcrumbList","@id":"https:\/\/buletin.de\/bucuresti\/6-angajati-ai-primariei-bucuresti-cercetati-penal-pentru-atribuirea-ilegala-a-unui-contract-unei-firme-private-societatea-are-contracte-de-milioane-de-euro-si-cu-anaf\/#breadcrumb","itemListElement":[{"@type":"ListItem","position":1,"name":"Acas\u0103","item":"https:\/\/buletin.de\/bucuresti\/"},{"@type":"ListItem","position":2,"name":"6 angaja\u021bi ai Prim\u0103riei Bucure\u0219ti, cerceta\u021bi penal pentru atribuirea ilegal\u0103 a unui contract unei firme private. Societatea are contracte de milioane de euro \u0219i cu ANAF"}]},{"@type":"WebSite","@id":"https:\/\/buletin.de\/bucuresti\/#website","url":"https:\/\/buletin.de\/bucuresti\/","name":"Buletin de Bucure\u0219ti","description":"\u0218tiri \u0219i investiga\u021bii esen\u021biale din capital\u0103","publisher":{"@id":"https:\/\/buletin.de\/bucuresti\/#organization"},"potentialAction":[{"@type":"SearchAction","target":{"@type":"EntryPoint","urlTemplate":"https:\/\/buletin.de\/bucuresti\/?s={search_term_string}"},"query-input":{"@type":"PropertyValueSpecification","valueRequired":true,"valueName":"search_term_string"}}],"inLanguage":"en-GB"},{"@type":"Organization","@id":"https:\/\/buletin.de\/bucuresti\/#organization","name":"Buletin de Bucure\u0219ti","url":"https:\/\/buletin.de\/bucuresti\/","logo":{"@type":"ImageObject","inLanguage":"en-GB","@id":"https:\/\/buletin.de\/bucuresti\/#\/schema\/logo\/image\/","url":"https:\/\/buletin.de\/bucuresti\/wp-content\/uploads\/logo-bdb-full-wide-vernil-transparent.png","contentUrl":"https:\/\/buletin.de\/bucuresti\/wp-content\/uploads\/logo-bdb-full-wide-vernil-transparent.png","width":1782,"height":626,"caption":"Buletin de Bucure\u0219ti"},"image":{"@id":"https:\/\/buletin.de\/bucuresti\/#\/schema\/logo\/image\/"},"sameAs":["https:\/\/www.facebook.com\/buletin.de.buc","https:\/\/www.instagram.com\/buletinde.bucuresti\/"]},{"@type":"Person","@id":"https:\/\/buletin.de\/bucuresti\/#\/schema\/person\/d369d7ddc775abece205795e0b804614","name":"Teodora Stroe","image":{"@type":"ImageObject","inLanguage":"en-GB","@id":"https:\/\/secure.gravatar.com\/avatar\/2560b4cd9f5f1bc100b123158e657d75584bd1c3e1d9c69285720b9457c1b78d?s=96&d=monsterid&r=gc104800242ba5f2d78dd5d7dc4df08b6","url":"https:\/\/secure.gravatar.com\/avatar\/2560b4cd9f5f1bc100b123158e657d75584bd1c3e1d9c69285720b9457c1b78d?s=96&d=monsterid&r=g","contentUrl":"https:\/\/secure.gravatar.com\/avatar\/2560b4cd9f5f1bc100b123158e657d75584bd1c3e1d9c69285720b9457c1b78d?s=96&d=monsterid&r=g","caption":"Teodora Stroe"},"url":"https:\/\/buletin.de\/bucuresti\/author\/simonacarlugea\/"}]}},"authors":[{"term_id":22579,"user_id":18,"is_guest":0,"slug":"simonacarlugea","display_name":"Teodora Stroe","avatar_url":"https:\/\/secure.gravatar.com\/avatar\/2560b4cd9f5f1bc100b123158e657d75584bd1c3e1d9c69285720b9457c1b78d?s=96&d=monsterid&r=g","0":null,"1":"","2":"","3":"","4":"","5":"","6":"","7":"","8":""}],"_links":{"self":[{"href":"https:\/\/buletin.de\/bucuresti\/wp-json\/wp\/v2\/posts\/42222","targetHints":{"allow":["GET"]}}],"collection":[{"href":"https:\/\/buletin.de\/bucuresti\/wp-json\/wp\/v2\/posts"}],"about":[{"href":"https:\/\/buletin.de\/bucuresti\/wp-json\/wp\/v2\/types\/post"}],"author":[{"embeddable":true,"href":"https:\/\/buletin.de\/bucuresti\/wp-json\/wp\/v2\/users\/18"}],"replies":[{"embeddable":true,"href":"https:\/\/buletin.de\/bucuresti\/wp-json\/wp\/v2\/comments?post=42222"}],"version-history":[{"count":11,"href":"https:\/\/buletin.de\/bucuresti\/wp-json\/wp\/v2\/posts\/42222\/revisions"}],"predecessor-version":[{"id":42238,"href":"https:\/\/buletin.de\/bucuresti\/wp-json\/wp\/v2\/posts\/42222\/revisions\/42238"}],"wp:featuredmedia":[{"embeddable":true,"href":"https:\/\/buletin.de\/bucuresti\/wp-json\/wp\/v2\/media\/42232"}],"wp:attachment":[{"href":"https:\/\/buletin.de\/bucuresti\/wp-json\/wp\/v2\/media?parent=42222"}],"wp:term":[{"taxonomy":"category","embeddable":true,"href":"https:\/\/buletin.de\/bucuresti\/wp-json\/wp\/v2\/categories?post=42222"},{"taxonomy":"post_tag","embeddable":true,"href":"https:\/\/buletin.de\/bucuresti\/wp-json\/wp\/v2\/tags?post=42222"},{"taxonomy":"author","embeddable":true,"href":"https:\/\/buletin.de\/bucuresti\/wp-json\/wp\/v2\/ppma_author?post=42222"}],"curies":[{"name":"wp","href":"https:\/\/api.w.org\/{rel}","templated":true}]}}