{"id":41884,"date":"2022-04-14T20:07:01","date_gmt":"2022-04-14T18:07:01","guid":{"rendered":"https:\/\/buletin.de\/bucuresti\/?p=41884"},"modified":"2022-04-14T20:10:07","modified_gmt":"2022-04-14T18:10:07","slug":"reabilitarea-termica-in-sectorul-1-blocata-consilierii-locali-nu-sunt-de-acord-cu-o-decizie-a-curtii-de-conturi-privind-finantarea-reabilitarii","status":"publish","type":"post","link":"https:\/\/buletin.de\/bucuresti\/reabilitarea-termica-in-sectorul-1-blocata-consilierii-locali-nu-sunt-de-acord-cu-o-decizie-a-curtii-de-conturi-privind-finantarea-reabilitarii\/","title":{"rendered":"Reabilitarea termic\u0103 \u00een Sectorul 1, blocat\u0103. Consilierii locali nu sunt de acord cu o decizie a Cur\u021bii de Conturi privind finan\u021barea reabilit\u0103rii"},"content":{"rendered":"\n<p class=\"has-pale-cyan-blue-background-color has-background\">Un nou scandal a izbucnit \u00een \u0219edin\u021ba de Consiliu Local a Sectorului 1 de joi. M\u0103rul discordiei a fost, de aceast\u0103 dat\u0103, o decizie a Cur\u021bii de Conturi care oblig\u0103 asocia\u021biile de proprietari s\u0103 pl\u0103teasc\u0103 cota parte de 10% din reabilitarea termic\u0103, iar Prim\u0103ria s\u0103 recupereze banii da\u021bi \u00een locul oamenilor p\u00e2n\u0103 acum. Decizia Cur\u021bii urma s\u0103 se transforme \u00een hot\u0103r\u00e2re de Consiliu Local dar proiectul a c\u0103zut la vot, dup\u0103 discu\u021bii aprinse.  La \u0219edin\u021b\u0103 au participat peste 30 de reprezentan\u021bi ai asocia\u021biilor de proprietari din Sectorul 1. <\/p>\n\n\n\n<p>Reabilitarea termic\u0103 \u00een Sectorul 1 a Capitalei a \u00eenceput \u00een 2008. Banii pentru acest program veneau integral de la bugetul de stat, bugetul local \u0219i printr-un credit finan\u021bat de Banca European\u0103 de Investi\u021bii. Conform legii, fin\u021barea lucr\u0103rilor trebuia s\u0103 se fac\u0103 90% din surse bugetare \u0219i 10% din contribu\u021bia locatarilor, prin asocia\u021biile de proprietari. Doar c\u0103, chiar la \u00eenceputul programului de reabilitare termic\u0103, Consiliul Local al Sectorului 1 a votat un proiect de hot\u0103r\u00e2re prin care se angaja s\u0103 asigure \u0219i cota de 10% care ar fi revenit asocia\u021biilor de proprietari.<br>\u00cen noiembrie 2020, \u00een urma unui control, Curtea de Conturi a impus Prim\u0103riei Sectorului 1 s\u0103 sisteze plata acestei contribu\u021bii \u0219i s\u0103 recupereze banii da\u021bi p\u00e2n\u0103 acum, din 2008.<\/p>\n\n\n\n<figure class=\"wp-block-image size-full\"><img fetchpriority=\"high\" decoding=\"async\" width=\"838\" height=\"321\" src=\"data:image\/gif;base64,R0lGODlhAQABAAAAACH5BAEKAAEALAAAAAABAAEAAAICTAEAOw==\" data-src=\"https:\/\/buletin.de\/bucuresti\/wp-content\/uploads\/recuperare-sume-asociatii-de-proprietari-2.jpg\" alt=\"\" class=\"wp-image-41887 lazyload\" data-sizes=\"auto\" data-srcset=\"https:\/\/buletin.de\/bucuresti\/wp-content\/uploads\/recuperare-sume-asociatii-de-proprietari-2.jpg 838w, https:\/\/buletin.de\/bucuresti\/wp-content\/uploads\/recuperare-sume-asociatii-de-proprietari-2-300x115.jpg 300w, https:\/\/buletin.de\/bucuresti\/wp-content\/uploads\/recuperare-sume-asociatii-de-proprietari-2-768x294.jpg 768w, https:\/\/buletin.de\/bucuresti\/wp-content\/uploads\/recuperare-sume-asociatii-de-proprietari-2-550x211.jpg 550w, https:\/\/buletin.de\/bucuresti\/wp-content\/uploads\/recuperare-sume-asociatii-de-proprietari-2-600x230.jpg 600w\" sizes=\"(max-width: 838px) 100vw, 838px\" \/><\/figure>\n\n\n\n<figure class=\"wp-block-image size-full\"><img decoding=\"async\" width=\"848\" height=\"356\" src=\"data:image\/gif;base64,R0lGODlhAQABAAAAACH5BAEKAAEALAAAAAABAAEAAAICTAEAOw==\" data-src=\"https:\/\/buletin.de\/bucuresti\/wp-content\/uploads\/recuperare-sume-asociatii-de-proprietari.jpg\" alt=\"\" class=\"wp-image-41886 lazyload\" data-sizes=\"auto\" data-srcset=\"https:\/\/buletin.de\/bucuresti\/wp-content\/uploads\/recuperare-sume-asociatii-de-proprietari.jpg 848w, https:\/\/buletin.de\/bucuresti\/wp-content\/uploads\/recuperare-sume-asociatii-de-proprietari-300x126.jpg 300w, https:\/\/buletin.de\/bucuresti\/wp-content\/uploads\/recuperare-sume-asociatii-de-proprietari-768x322.jpg 768w, https:\/\/buletin.de\/bucuresti\/wp-content\/uploads\/recuperare-sume-asociatii-de-proprietari-550x231.jpg 550w, https:\/\/buletin.de\/bucuresti\/wp-content\/uploads\/recuperare-sume-asociatii-de-proprietari-600x252.jpg 600w\" sizes=\"(max-width: 848px) 100vw, 848px\" \/><\/figure>\n\n\n\n<h2 class=\"wp-block-heading\">Proiectul care nu trece de consiliu<\/h2>\n\n\n\n<p>Este a doua oar\u0103 c\u00e2nd un proiect de hot\u0103r\u00e2re care punea \u00een aplicare decizia Cur\u021bii de Conturi se afl\u0103 pe masa Consiliului Local. Actul normativ a mai fost respins o dat\u0103 la sf\u00e2r\u0219itul anului trecut.<\/p>\n\n\n\n<p>Consilierii locali PSD \u0219i PNL, cei care au votat \u00eempotriv\u0103, i-au repro\u0219at primarului Clotilde Armand c\u0103 doar \u00een sectorul condus de ea asocia\u021biile de proprietari trebuie s\u0103 pl\u0103teasc\u0103 aceast\u0103 cot\u0103 de 10%, \u00een vreme ce \u00een alte sectoare ale Capitalei, plata acestor bani &#8220;se am\u00e2n\u0103 cu anii&#8221;.&nbsp;<\/p>\n\n\n\n<p>Prezen\u021bi la \u0219edin\u021ba de consiliu local, \u0219efii asocia\u021biilor \u0219i-au spus punctul de vedere. O parte din ei sunt de acord s\u0103 pl\u0103teasc\u0103 cei 10%, numai s\u0103 \u00eenceap\u0103 odat\u0103 proiectul de reabilitare termic\u0103 a imobilelor.<\/p>\n\n\n\n<blockquote class=\"wp-block-quote is-layout-flow wp-block-quote-is-layout-flow\"><p>\u201eAsocia\u021bia noastr\u0103 s-a \u00eenscris \u00een programul de reabilitare \u00eenc\u0103 din 2019. P\u00e2n\u0103 \u00een ziua de azi nu s-a demarat nimic. Nici m\u0103car partea de proiectare, de analiz\u0103 de risc seismic. Blocul nostru a \u00eemplinit 50 de ani. Nu a beneficiat de repara\u021bii p\u00e2n\u0103 acum, nu are izola\u021bie termic\u0103 \u0219i a \u00eenceput s\u0103 aib\u0103 probleme \u0219i la hidroizola\u021bie. Jum\u0103tate din proprietari sunt pensionari cu venituri modeste. F\u0103r\u0103 ajutorul prim\u0103riei nu ar putea sus\u021bine financiar anveloparea blocului. \u00cen schimb, cu proiectul depus nu ar putea s\u0103 pl\u0103teasc\u0103 nimic. Lumea a spus c\u0103 sunt asocia\u021bii care nu doresc aceast\u0103 contribu\u021bie, de\u0219i inclusiv cu aceast\u0103 contribu\u021bie, economiile la c\u0103ldur\u0103 sunt mai mari dec\u00e2t costul. Chiar dac\u0103 nu toate asocia\u021biile doresc acest proiect, ar trebui ca asocia\u021biile s\u0103 aleag\u0103. \u00cen absen\u021ba acestui proiect, toate cele 80 de asocia\u021bii sunt blocate. Noi, ca asocia\u021bie, suntem interesa\u021bi s\u0103 d\u0103m drumul la proiect c\u00e2t mai repede. Chiar dac\u0103 la anul sau \u00een viitor cadrul legislativ se schimb\u0103, apar alte surse de finan\u021bare, noi nu vrem s\u0103 mai a\u0219tept\u0103m. Suntem dispu\u0219i s\u0103 contribuim cu cei 10% \u00een condi\u021biile legii\u201d<\/p><cite> <p>Marius Ion, \u0219eful asocia\u021biei de proprietari Alexandrina 81<\/p> <\/cite><\/blockquote>\n\n\n\n<figure class=\"wp-block-embed is-type-video is-provider-youtube wp-block-embed-youtube wp-embed-aspect-16-9 wp-has-aspect-ratio\"><div class=\"wp-block-embed__wrapper\">\n<div class=\"jlvid_container\"><iframe title=\"Sectorul 1. Ce spun reprezentan\u021bii asocia\u021biilor de proprietari\" width=\"1200\" height=\"675\" src=\"https:\/\/www.youtube.com\/embed\/Cgqptw7kbCE?feature=oembed\" frameborder=\"0\" allow=\"accelerometer; autoplay; clipboard-write; encrypted-media; gyroscope; picture-in-picture; web-share\" allowfullscreen><\/iframe><\/div>\n<\/div><\/figure>\n\n\n\n<p>R\u0103zvan Claudiu Oni\u0219oru, reprezentantul unei alte asocia\u021bii, spune c\u0103 \u201eam fi de acord \u0219i cu cei 10%, dar ar trebui s\u0103 \u0219tim \u0219i care ar fi costurile, pentru un bloc cu 10 etaje\u201d.<\/p>\n\n\n\n<p>Viceprimarul Ramona Porumb d\u0103 vina pe Clotilde Armand pentru situa\u021bia creat\u0103 c\u0103 nu a depus proiecte prin PNRR pentru a recupera de acolo banii \u0219i nu de la bucure\u0219teni.<\/p>\n\n\n\n<blockquote class=\"wp-block-quote is-layout-flow wp-block-quote-is-layout-flow\"><p>\u201eAm ajuns \u00een situa\u021bia \u00een care v-a\u021bi \u00eemp\u0103r\u021bit \u00een dou\u0103 tabere. Suntem singura prim\u0103rie din Bucure\u0219ti care a nu a depus proiecte pe PNRR. De ce? Doamna primar trebuie s\u0103 v\u0103 r\u0103spund\u0103. Puteam evita, prin fondurile PNRR se pot acoperi acei 10%. \u00cen acest an vor fi \u00een execu\u021bie undeva la 50 de blocuri, dar, doamna primar, cineva trebuie s\u0103 dea o explica\u021bie de ce trebuie s\u0103 pl\u0103teasc\u0103, \u00een timp ce al\u021bii nu. De ce pentru unii am reabilitat gratuit \u0219i pentru unii, c\u00e2nd to\u021bi pl\u0103tesc acelea\u0219i taxe \u0219i impozite? De ce nu a\u021bi depus proiecte pe PNRR?\u201d <\/p><cite>&#8211; viceprimarul Ramona Porumb<\/cite><\/blockquote>\n\n\n\n<h2 class=\"wp-block-heading\"> R<span style=\"font-size: revert; color: initial;\">eabilitarea, blocat\u0103 de indecizia consilierilor<\/span> <\/h2>\n\n\n\n<p>Clotilde Armand spune c\u0103 legea nu \u00eei mai permite, \u00een acest moment, s\u0103 acopere cheltuielile cu reabilitarea termic\u0103 a blocurilor. \u0218i c\u0103 nu a g\u0103sit alt\u0103 solu\u021bie momentan. A\u0219a c\u0103 singura solu\u021bie r\u0103m\u00e2ne aplicarea deciziei Cur\u021bii.<\/p>\n\n\n\n<blockquote class=\"wp-block-quote is-layout-flow wp-block-quote-is-layout-flow\"><p>\u201eCurtea de Conturi ne-a cerut s\u0103 recuper\u0103m 10% de la to\u021bi care au primit gratuit. Asta spune Curtea de Conturi la ora actual\u0103. Avem decizia de la Curtea de Conturi.&nbsp; Am \u00eencercat s\u0103 depun un proiect \u00een care nu se cerea 10%. Legea nu mi-a permis, nici Direc\u021bia Juridic\u0103, nici Banca European\u0103 de Investi\u021bii, nici ministerul, nici PNRR. Consilierii locali care azi v\u0103 spun c\u0103 se poate altfel, nu spun adev\u0103rul. Ei nu au depus niciun proiect. Puteau s\u0103 depun\u0103 ei un proiect, dac\u0103 chiar a\u0219a credeau. Nu au depus niciun proiect! \u0218i \u00een alte sectoare tot 10% se cere, numai c\u0103 se am\u00e2n\u0103 \u00een permanen\u021b\u0103 c\u00e2nd s\u0103 se pl\u0103teasc\u0103 cei 10%. Doamna viceprimar este de rea credin\u021b\u0103 \u0219i nu este informat\u0103\u201d <\/p><cite>&#8211; Clotilde Armand, primarul Sectorului 1<\/cite><\/blockquote>\n\n\n\n<figure class=\"wp-block-embed is-type-video is-provider-youtube wp-block-embed-youtube wp-embed-aspect-16-9 wp-has-aspect-ratio\"><div class=\"wp-block-embed__wrapper\">\n<div class=\"jlvid_container\"><iframe title=\"Sectorul 1. Scandal pentru plata contribu\u021biei de 10% pentru reabilitarea termic\u0103\" width=\"1200\" height=\"675\" src=\"https:\/\/www.youtube.com\/embed\/PeTLsZbeipg?feature=oembed\" frameborder=\"0\" allow=\"accelerometer; autoplay; clipboard-write; encrypted-media; gyroscope; picture-in-picture; web-share\" allowfullscreen><\/iframe><\/div>\n<\/div><\/figure>\n\n\n\n<blockquote class=\"wp-block-quote is-layout-flow wp-block-quote-is-layout-flow\"><p>Reprezentan\u021bii asocia\u021biilor de proprietari au ar\u0103tat c\u0103 vor fi probleme \u0219i dac\u0103 decizia va fi aplicat\u0103. E suficient ca un singur locatar s\u0103 refuze plata pentru cota de 10% \u0219i reabilitarea se blochez\u0103. <\/p><p>\u201e\u00cen fiecare imobil exist\u0103 un cet\u0103\u021bean care se \u00eempotrive\u0219te. De ce? C\u0103 a\u0219a vrea el. Ce se \u00eent\u00e2mpl\u0103 cu un imobil \u00een care un locatar nu vrea? Mai pot semna ceilal\u021bi locatari c\u0103 sunt de acord cu 10%? Nu! Suntem \u00een buricul t\u00eergului, \u00een Pia\u021ba Revolu\u021biei. Este ru\u0219inos pentru primarul celui mai important sector s\u0103 aib\u0103 un imobil a c\u0103rui fa\u021bad\u0103 cade o dat\u0103 pe lun\u0103 \u0219i se opre\u0219te circula\u021bia pe Calea Victoriei, s\u0103 vin\u0103 pompierii, s\u0103 str\u00e2ng\u0103 c\u0103r\u0103mizile de pe fa\u021bad\u0103, pentru c\u0103 un locatar \u0219i un primar se opun deciziei? Nu pute\u021bi s\u0103 ne rezilia\u021bi aceste contracte f\u0103r\u0103 acordul nostru <em>(contractele de mandat prin care prim\u0103ria pl\u0103tea cei 10% pentru asocia\u021biile de proprietari &#8211; n.r.).<\/em> Legea \u00eentre p\u0103r\u021bi este acest contract. Aceasta este legea pe care trebuie s\u0103 o respecta\u021bi!\u201d <\/p><cite>&#8211; reprezentanta unei alte asocia\u021bii de proprietari din Sectorul 1.&nbsp;<\/cite><\/blockquote>\n\n\n\n<p>Aceasta mai sus\u021bine c\u0103 va da prim\u0103ria \u00een judecat\u0103 \u00een cadrul unui proces colectiv pentru c\u0103 nu respect\u0103 contractele semnate \u00een virtutea hot\u0103r\u00e2rii de CL care stabilise plata celor 10% \u00een locul cet\u0103\u021benilor, \u0219i care hot\u0103r\u00e2re este \u00eenc\u0103 \u00een vigoare.<\/p>\n\n\n\n<figure class=\"wp-block-embed is-type-video is-provider-youtube wp-block-embed-youtube wp-embed-aspect-16-9 wp-has-aspect-ratio\"><div class=\"wp-block-embed__wrapper\">\n<div class=\"jlvid_container\"><iframe title=\"Scandal \u00een \u0219edin\u021ba de Consiliu Local de la S1 pe tema reabilit\u0103rii termice a blocurilor\" width=\"1200\" height=\"675\" src=\"https:\/\/www.youtube.com\/embed\/b0ARB6-YhlE?feature=oembed\" frameborder=\"0\" allow=\"accelerometer; autoplay; clipboard-write; encrypted-media; gyroscope; picture-in-picture; web-share\" allowfullscreen><\/iframe><\/div>\n<\/div><\/figure>\n\n\n\n<p>Tudor Ro\u0219ca, administratorul public al Sectorului 1, a explicat de ce nu pot fi reabilitate termic blocurile prin PNRR.<\/p>\n\n\n\n<blockquote class=\"wp-block-quote is-layout-flow wp-block-quote-is-layout-flow\"><p><strong>\u201e<\/strong>Pentru PNRR, Sectorul 1 are aloca\u021bi aproximativ 11 milioane \u0219i c\u00e2teva sute de mii de euro. Tot prin PNRR avem obliga\u021bia s\u0103 aloc\u0103m nu mai pu\u021bin de 200 de euro pe metru p\u0103trat construit desf\u0103\u0219urat. Asta \u00eenseamn\u0103 c\u0103, dac\u0103 lu\u0103m to\u021bi banii Sectorului 1 \u0219i \u00eei aloc\u0103m blocurilor pe care vrem s\u0103 le reabilit\u0103m, putem s\u0103 facem apoximativ 30 de blocuri. \u00cens\u0103, ca s\u0103 putem depune pentru PNRR, avem nevoie de dou\u0103 documente care sunt obligatorii: avem nevoie de auditul energetic \u0219i avem nevoie de expertiza tehnic\u0103 care s\u0103 arate c\u0103 nu este \u00eencadrat cu risc seismic blocul \u0219i c\u0103 nu trebuie f\u0103cut\u0103 mai \u00eent\u00e2i o consolidare. F\u0103r\u0103 aceste documente, noi nu putem aplica pentru PNRR.&nbsp;<\/p><p>\u00cen acest moment sunt \u00een curs de reabilitare 47 de blocuri \u00een Sectorul 1. Cinci sau \u0219ase sunt deja terminate din primul lot de 15. Toate aceste blocuri sunt contractate prin Banca European\u0103 de Investi\u021bii \u0219i este un contract \u00een derulare pe care, din ceea ce cunosc eu, nu-l putem modifica. Adic\u0103 nu putem rezilia un credit ob\u021binut de la BEI \u0219i s\u0103 mut\u0103m acele blocuri \u00een PNRR. Mai sunt 85 de blocuri plus dou\u0103 care sunt foarte fecente, care trenuie reabilitate \u0219i ar putea fi reabilitate 30 dintre ele, cu condi\u021bia ca \u00een 90 de zile de la data semn\u0103rii contractului s\u0103 putem s\u0103 depunem studiul de fezabilitate sau DALI-uri.&nbsp;<\/p><p>Noi, \u00een momentul de fa\u021b\u0103, nu putem accesa pentru aceste 85 de blocuri pentru c\u0103 nu avem documentele\u201d <\/p><cite>&#8211; Tudor Ro\u0219ca, administratorul public al Sectorului 1<\/cite><\/blockquote>\n\n\n\n<figure class=\"wp-block-embed is-type-video is-provider-youtube wp-block-embed-youtube wp-embed-aspect-16-9 wp-has-aspect-ratio\"><div class=\"wp-block-embed__wrapper\">\n<div class=\"jlvid_container\"><iframe title=\"Reabilitarea termic\u0103 \u00een Sectorul 1. Explica\u021biile lui Tudor Ro\u0219ca, administratorul public\" width=\"1200\" height=\"675\" src=\"https:\/\/www.youtube.com\/embed\/_x5Ncq6JBeo?feature=oembed\" frameborder=\"0\" allow=\"accelerometer; autoplay; clipboard-write; encrypted-media; gyroscope; picture-in-picture; web-share\" allowfullscreen><\/iframe><\/div>\n<\/div><\/figure>\n\n\n\n<p><\/p>\n\n\n\n<h2 class=\"wp-block-heading\">&#8220;De ce la al\u021bii se poate \u0219i la noi nu&#8221;<\/h2>\n\n\n\n<p>\u00cenainte de vot, viceprimarul Ramona Porumb a sus\u021binut c\u0103 explica\u021biile lui Tudor Ro\u0219ca nu sunt valide.<\/p>\n\n\n\n<blockquote class=\"wp-block-quote is-layout-flow wp-block-quote-is-layout-flow\"><p>\u201eE foarte greu s\u0103 explici cuiva de ce alt primar care a fost \u00eenvestit odat\u0103 cu doamna primar \u00een alt\u0103 parte se poate. Al\u021bii au putut \u0219i noi nu. Vorbesc de sectoare care au primari noi: 5 \u0219i 6. De ce la al\u021bii cet\u0103\u021beanul nu pl\u0103te\u0219te \u0219i la noi pl\u0103te\u0219te? Asta este \u00eentrebarea zilei. Nu e corect! Orice explica\u021bie ne-a\u021bi da, nu e corect pentru cei care la final scot bani din buzunar\u201d <\/p><cite>&#8211; Ramona Porumb<\/cite><\/blockquote>\n\n\n\n<figure class=\"wp-block-embed is-type-video is-provider-youtube wp-block-embed-youtube wp-embed-aspect-16-9 wp-has-aspect-ratio\"><div class=\"wp-block-embed__wrapper\">\n<div class=\"jlvid_container\"><iframe title=\"Reabilitare termic\u0103 \u00een Sectorul 1. Porumb: De ce la al\u021bii cet\u0103\u021beanul nu pl\u0103te\u0219te \u0219i la noi pl\u0103te\u0219te?\" width=\"1200\" height=\"675\" src=\"https:\/\/www.youtube.com\/embed\/Zr9tEgO9O7c?feature=oembed\" frameborder=\"0\" allow=\"accelerometer; autoplay; clipboard-write; encrypted-media; gyroscope; picture-in-picture; web-share\" allowfullscreen><\/iframe><\/div>\n<\/div><\/figure>\n\n\n\n<p>Proiectul a c\u0103zut cu 11 voturi \u201epentru\u201d, 9 \u201d\u00eempotriv\u0103\u201d \u0219i 5 ab\u021bineri.<\/p>\n","protected":false},"excerpt":{"rendered":"<p>Un nou scandal a izbucnit \u00een \u0219edin\u021ba de Consiliu Local a Sectorului 1 de joi. M\u0103rul discordiei a fost, de aceast\u0103 dat\u0103, o decizie a Cur\u021bii de Conturi care oblig\u0103 asocia\u021biile de proprietari s\u0103 pl\u0103teasc\u0103 cota parte de 10% din reabilitarea termic\u0103, iar Prim\u0103ria s\u0103 recupereze banii da\u021bi \u00een locul oamenilor p\u00e2n\u0103 acum. Decizia Cur\u021bii [&hellip;]<\/p>\n","protected":false},"author":38,"featured_media":41887,"comment_status":"closed","ping_status":"open","sticky":false,"template":"","format":"standard","meta":{"_acf_changed":false,"inline_featured_image":false,"ngg_post_thumbnail":0,"footnotes":""},"categories":[24,62],"tags":[],"ppma_author":[22601],"class_list":["post-41884","post","type-post","status-publish","format-standard","has-post-thumbnail","hentry","category-primarie","category-stiri"],"acf":[],"yoast_head":"<!-- This site is optimized with the Yoast SEO Premium plugin v25.3 (Yoast SEO v27.5) - https:\/\/yoast.com\/product\/yoast-seo-premium-wordpress\/ -->\n<title>Reabilitarea termic\u0103 \u00een Sectorul 1, blocat\u0103. Consilierii locali nu sunt de acord cu o decizie a Cur\u021bii de Conturi privind finan\u021barea reabilit\u0103rii - Buletin de Bucure\u0219ti<\/title>\n<meta name=\"robots\" content=\"index, follow, max-snippet:-1, max-image-preview:large, max-video-preview:-1\" \/>\n<link rel=\"canonical\" href=\"https:\/\/buletin.de\/bucuresti\/reabilitarea-termica-in-sectorul-1-blocata-consilierii-locali-nu-sunt-de-acord-cu-o-decizie-a-curtii-de-conturi-privind-finantarea-reabilitarii\/\" \/>\n<meta property=\"og:locale\" content=\"en_GB\" \/>\n<meta property=\"og:type\" content=\"article\" \/>\n<meta property=\"og:title\" content=\"Reabilitarea termic\u0103 \u00een Sectorul 1, blocat\u0103. Consilierii locali nu sunt de acord cu o decizie a Cur\u021bii de Conturi privind finan\u021barea reabilit\u0103rii\" \/>\n<meta property=\"og:description\" content=\"Un nou scandal a izbucnit \u00een \u0219edin\u021ba de Consiliu Local a Sectorului 1 de joi. M\u0103rul discordiei a fost, de aceast\u0103 dat\u0103, o decizie a Cur\u021bii de Conturi care oblig\u0103 asocia\u021biile de proprietari s\u0103 pl\u0103teasc\u0103 cota parte de 10% din reabilitarea termic\u0103, iar Prim\u0103ria s\u0103 recupereze banii da\u021bi \u00een locul oamenilor p\u00e2n\u0103 acum. Decizia Cur\u021bii [&hellip;]\" \/>\n<meta property=\"og:url\" content=\"https:\/\/buletin.de\/bucuresti\/reabilitarea-termica-in-sectorul-1-blocata-consilierii-locali-nu-sunt-de-acord-cu-o-decizie-a-curtii-de-conturi-privind-finantarea-reabilitarii\/\" \/>\n<meta property=\"og:site_name\" content=\"Buletin de Bucure\u0219ti\" \/>\n<meta property=\"article:publisher\" content=\"https:\/\/www.facebook.com\/buletin.de.buc\" \/>\n<meta property=\"article:published_time\" content=\"2022-04-14T18:07:01+00:00\" \/>\n<meta property=\"article:modified_time\" content=\"2022-04-14T18:10:07+00:00\" \/>\n<meta property=\"og:image\" content=\"https:\/\/buletin.de\/bucuresti\/wp-content\/uploads\/recuperare-sume-asociatii-de-proprietari-2.jpg\" \/>\n\t<meta property=\"og:image:width\" content=\"838\" \/>\n\t<meta property=\"og:image:height\" content=\"321\" \/>\n\t<meta property=\"og:image:type\" content=\"image\/jpeg\" \/>\n<meta name=\"author\" content=\"Anamaria Nedelcoff\" \/>\n<meta name=\"twitter:card\" content=\"summary_large_image\" \/>\n<meta name=\"twitter:label1\" content=\"Written by\" \/>\n\t<meta name=\"twitter:data1\" content=\"Anamaria Nedelcoff\" \/>\n\t<meta name=\"twitter:label2\" content=\"Estimated reading time\" \/>\n\t<meta name=\"twitter:data2\" content=\"7 minutes\" \/>\n<script type=\"application\/ld+json\" class=\"yoast-schema-graph\">{\"@context\":\"https:\\\/\\\/schema.org\",\"@graph\":[{\"@type\":\"Article\",\"@id\":\"https:\\\/\\\/buletin.de\\\/bucuresti\\\/reabilitarea-termica-in-sectorul-1-blocata-consilierii-locali-nu-sunt-de-acord-cu-o-decizie-a-curtii-de-conturi-privind-finantarea-reabilitarii\\\/#article\",\"isPartOf\":{\"@id\":\"https:\\\/\\\/buletin.de\\\/bucuresti\\\/reabilitarea-termica-in-sectorul-1-blocata-consilierii-locali-nu-sunt-de-acord-cu-o-decizie-a-curtii-de-conturi-privind-finantarea-reabilitarii\\\/\"},\"author\":{\"name\":\"Anamaria Nedelcoff\",\"@id\":\"https:\\\/\\\/buletin.de\\\/bucuresti\\\/#\\\/schema\\\/person\\\/bfa22994f12f5d3353b170aca494f1f9\"},\"headline\":\"Reabilitarea termic\u0103 \u00een Sectorul 1, blocat\u0103. Consilierii locali nu sunt de acord cu o decizie a Cur\u021bii de Conturi privind finan\u021barea reabilit\u0103rii\",\"datePublished\":\"2022-04-14T18:07:01+00:00\",\"dateModified\":\"2022-04-14T18:10:07+00:00\",\"mainEntityOfPage\":{\"@id\":\"https:\\\/\\\/buletin.de\\\/bucuresti\\\/reabilitarea-termica-in-sectorul-1-blocata-consilierii-locali-nu-sunt-de-acord-cu-o-decizie-a-curtii-de-conturi-privind-finantarea-reabilitarii\\\/\"},\"wordCount\":1656,\"publisher\":{\"@id\":\"https:\\\/\\\/buletin.de\\\/bucuresti\\\/#organization\"},\"image\":{\"@id\":\"https:\\\/\\\/buletin.de\\\/bucuresti\\\/reabilitarea-termica-in-sectorul-1-blocata-consilierii-locali-nu-sunt-de-acord-cu-o-decizie-a-curtii-de-conturi-privind-finantarea-reabilitarii\\\/#primaryimage\"},\"thumbnailUrl\":\"https:\\\/\\\/buletin.de\\\/bucuresti\\\/wp-content\\\/uploads\\\/recuperare-sume-asociatii-de-proprietari-2.jpg\",\"articleSection\":[\"Prim\u0103rie\",\"\u0218tiri\"],\"inLanguage\":\"en-GB\",\"copyrightYear\":\"2022\",\"copyrightHolder\":{\"@id\":\"https:\\\/\\\/buletin.de\\\/bucuresti\\\/#organization\"}},{\"@type\":\"WebPage\",\"@id\":\"https:\\\/\\\/buletin.de\\\/bucuresti\\\/reabilitarea-termica-in-sectorul-1-blocata-consilierii-locali-nu-sunt-de-acord-cu-o-decizie-a-curtii-de-conturi-privind-finantarea-reabilitarii\\\/\",\"url\":\"https:\\\/\\\/buletin.de\\\/bucuresti\\\/reabilitarea-termica-in-sectorul-1-blocata-consilierii-locali-nu-sunt-de-acord-cu-o-decizie-a-curtii-de-conturi-privind-finantarea-reabilitarii\\\/\",\"name\":\"Reabilitarea termic\u0103 \u00een Sectorul 1, blocat\u0103. Consilierii locali nu sunt de acord cu o decizie a Cur\u021bii de Conturi privind finan\u021barea reabilit\u0103rii - Buletin de Bucure\u0219ti\",\"isPartOf\":{\"@id\":\"https:\\\/\\\/buletin.de\\\/bucuresti\\\/#website\"},\"primaryImageOfPage\":{\"@id\":\"https:\\\/\\\/buletin.de\\\/bucuresti\\\/reabilitarea-termica-in-sectorul-1-blocata-consilierii-locali-nu-sunt-de-acord-cu-o-decizie-a-curtii-de-conturi-privind-finantarea-reabilitarii\\\/#primaryimage\"},\"image\":{\"@id\":\"https:\\\/\\\/buletin.de\\\/bucuresti\\\/reabilitarea-termica-in-sectorul-1-blocata-consilierii-locali-nu-sunt-de-acord-cu-o-decizie-a-curtii-de-conturi-privind-finantarea-reabilitarii\\\/#primaryimage\"},\"thumbnailUrl\":\"https:\\\/\\\/buletin.de\\\/bucuresti\\\/wp-content\\\/uploads\\\/recuperare-sume-asociatii-de-proprietari-2.jpg\",\"datePublished\":\"2022-04-14T18:07:01+00:00\",\"dateModified\":\"2022-04-14T18:10:07+00:00\",\"breadcrumb\":{\"@id\":\"https:\\\/\\\/buletin.de\\\/bucuresti\\\/reabilitarea-termica-in-sectorul-1-blocata-consilierii-locali-nu-sunt-de-acord-cu-o-decizie-a-curtii-de-conturi-privind-finantarea-reabilitarii\\\/#breadcrumb\"},\"inLanguage\":\"en-GB\",\"potentialAction\":[{\"@type\":\"ReadAction\",\"target\":[\"https:\\\/\\\/buletin.de\\\/bucuresti\\\/reabilitarea-termica-in-sectorul-1-blocata-consilierii-locali-nu-sunt-de-acord-cu-o-decizie-a-curtii-de-conturi-privind-finantarea-reabilitarii\\\/\"]}]},{\"@type\":\"ImageObject\",\"inLanguage\":\"en-GB\",\"@id\":\"https:\\\/\\\/buletin.de\\\/bucuresti\\\/reabilitarea-termica-in-sectorul-1-blocata-consilierii-locali-nu-sunt-de-acord-cu-o-decizie-a-curtii-de-conturi-privind-finantarea-reabilitarii\\\/#primaryimage\",\"url\":\"https:\\\/\\\/buletin.de\\\/bucuresti\\\/wp-content\\\/uploads\\\/recuperare-sume-asociatii-de-proprietari-2.jpg\",\"contentUrl\":\"https:\\\/\\\/buletin.de\\\/bucuresti\\\/wp-content\\\/uploads\\\/recuperare-sume-asociatii-de-proprietari-2.jpg\",\"width\":838,\"height\":321},{\"@type\":\"BreadcrumbList\",\"@id\":\"https:\\\/\\\/buletin.de\\\/bucuresti\\\/reabilitarea-termica-in-sectorul-1-blocata-consilierii-locali-nu-sunt-de-acord-cu-o-decizie-a-curtii-de-conturi-privind-finantarea-reabilitarii\\\/#breadcrumb\",\"itemListElement\":[{\"@type\":\"ListItem\",\"position\":1,\"name\":\"Acas\u0103\",\"item\":\"https:\\\/\\\/buletin.de\\\/bucuresti\\\/\"},{\"@type\":\"ListItem\",\"position\":2,\"name\":\"Reabilitarea termic\u0103 \u00een Sectorul 1, blocat\u0103. Consilierii locali nu sunt de acord cu o decizie a Cur\u021bii de Conturi privind finan\u021barea reabilit\u0103rii\"}]},{\"@type\":\"WebSite\",\"@id\":\"https:\\\/\\\/buletin.de\\\/bucuresti\\\/#website\",\"url\":\"https:\\\/\\\/buletin.de\\\/bucuresti\\\/\",\"name\":\"Buletin de Bucure\u0219ti\",\"description\":\"\u0218tiri \u0219i investiga\u021bii esen\u021biale din capital\u0103\",\"publisher\":{\"@id\":\"https:\\\/\\\/buletin.de\\\/bucuresti\\\/#organization\"},\"potentialAction\":[{\"@type\":\"SearchAction\",\"target\":{\"@type\":\"EntryPoint\",\"urlTemplate\":\"https:\\\/\\\/buletin.de\\\/bucuresti\\\/?s={search_term_string}\"},\"query-input\":{\"@type\":\"PropertyValueSpecification\",\"valueRequired\":true,\"valueName\":\"search_term_string\"}}],\"inLanguage\":\"en-GB\"},{\"@type\":\"Organization\",\"@id\":\"https:\\\/\\\/buletin.de\\\/bucuresti\\\/#organization\",\"name\":\"Buletin de Bucure\u0219ti\",\"url\":\"https:\\\/\\\/buletin.de\\\/bucuresti\\\/\",\"logo\":{\"@type\":\"ImageObject\",\"inLanguage\":\"en-GB\",\"@id\":\"https:\\\/\\\/buletin.de\\\/bucuresti\\\/#\\\/schema\\\/logo\\\/image\\\/\",\"url\":\"https:\\\/\\\/buletin.de\\\/bucuresti\\\/wp-content\\\/uploads\\\/logo-bdb-full-wide-vernil-transparent.png\",\"contentUrl\":\"https:\\\/\\\/buletin.de\\\/bucuresti\\\/wp-content\\\/uploads\\\/logo-bdb-full-wide-vernil-transparent.png\",\"width\":1782,\"height\":626,\"caption\":\"Buletin de Bucure\u0219ti\"},\"image\":{\"@id\":\"https:\\\/\\\/buletin.de\\\/bucuresti\\\/#\\\/schema\\\/logo\\\/image\\\/\"},\"sameAs\":[\"https:\\\/\\\/www.facebook.com\\\/buletin.de.buc\",\"https:\\\/\\\/www.instagram.com\\\/buletinde.bucuresti\\\/\"]},{\"@type\":\"Person\",\"@id\":\"https:\\\/\\\/buletin.de\\\/bucuresti\\\/#\\\/schema\\\/person\\\/bfa22994f12f5d3353b170aca494f1f9\",\"name\":\"Anamaria Nedelcoff\",\"image\":{\"@type\":\"ImageObject\",\"inLanguage\":\"en-GB\",\"@id\":\"https:\\\/\\\/secure.gravatar.com\\\/avatar\\\/409df91a26b98006111557131cc35236962765b734317e1dcf94c6bc1d010629?s=96&d=monsterid&r=g9bc3ae6c8e1522e913d1a0debd6aec89\",\"url\":\"https:\\\/\\\/secure.gravatar.com\\\/avatar\\\/409df91a26b98006111557131cc35236962765b734317e1dcf94c6bc1d010629?s=96&d=monsterid&r=g\",\"contentUrl\":\"https:\\\/\\\/secure.gravatar.com\\\/avatar\\\/409df91a26b98006111557131cc35236962765b734317e1dcf94c6bc1d010629?s=96&d=monsterid&r=g\",\"caption\":\"Anamaria Nedelcoff\"},\"url\":\"https:\\\/\\\/buletin.de\\\/bucuresti\\\/author\\\/nedelcoff\\\/\"}]}<\/script>\n<!-- \/ Yoast SEO Premium plugin. -->","yoast_head_json":{"title":"Reabilitarea termic\u0103 \u00een Sectorul 1, blocat\u0103. Consilierii locali nu sunt de acord cu o decizie a Cur\u021bii de Conturi privind finan\u021barea reabilit\u0103rii - Buletin de Bucure\u0219ti","robots":{"index":"index","follow":"follow","max-snippet":"max-snippet:-1","max-image-preview":"max-image-preview:large","max-video-preview":"max-video-preview:-1"},"canonical":"https:\/\/buletin.de\/bucuresti\/reabilitarea-termica-in-sectorul-1-blocata-consilierii-locali-nu-sunt-de-acord-cu-o-decizie-a-curtii-de-conturi-privind-finantarea-reabilitarii\/","og_locale":"en_GB","og_type":"article","og_title":"Reabilitarea termic\u0103 \u00een Sectorul 1, blocat\u0103. Consilierii locali nu sunt de acord cu o decizie a Cur\u021bii de Conturi privind finan\u021barea reabilit\u0103rii","og_description":"Un nou scandal a izbucnit \u00een \u0219edin\u021ba de Consiliu Local a Sectorului 1 de joi. M\u0103rul discordiei a fost, de aceast\u0103 dat\u0103, o decizie a Cur\u021bii de Conturi care oblig\u0103 asocia\u021biile de proprietari s\u0103 pl\u0103teasc\u0103 cota parte de 10% din reabilitarea termic\u0103, iar Prim\u0103ria s\u0103 recupereze banii da\u021bi \u00een locul oamenilor p\u00e2n\u0103 acum. Decizia Cur\u021bii [&hellip;]","og_url":"https:\/\/buletin.de\/bucuresti\/reabilitarea-termica-in-sectorul-1-blocata-consilierii-locali-nu-sunt-de-acord-cu-o-decizie-a-curtii-de-conturi-privind-finantarea-reabilitarii\/","og_site_name":"Buletin de Bucure\u0219ti","article_publisher":"https:\/\/www.facebook.com\/buletin.de.buc","article_published_time":"2022-04-14T18:07:01+00:00","article_modified_time":"2022-04-14T18:10:07+00:00","og_image":[{"width":838,"height":321,"url":"https:\/\/buletin.de\/bucuresti\/wp-content\/uploads\/recuperare-sume-asociatii-de-proprietari-2.jpg","type":"image\/jpeg"}],"author":"Anamaria Nedelcoff","twitter_card":"summary_large_image","twitter_misc":{"Written by":"Anamaria Nedelcoff","Estimated reading time":"7 minutes"},"schema":{"@context":"https:\/\/schema.org","@graph":[{"@type":"Article","@id":"https:\/\/buletin.de\/bucuresti\/reabilitarea-termica-in-sectorul-1-blocata-consilierii-locali-nu-sunt-de-acord-cu-o-decizie-a-curtii-de-conturi-privind-finantarea-reabilitarii\/#article","isPartOf":{"@id":"https:\/\/buletin.de\/bucuresti\/reabilitarea-termica-in-sectorul-1-blocata-consilierii-locali-nu-sunt-de-acord-cu-o-decizie-a-curtii-de-conturi-privind-finantarea-reabilitarii\/"},"author":{"name":"Anamaria Nedelcoff","@id":"https:\/\/buletin.de\/bucuresti\/#\/schema\/person\/bfa22994f12f5d3353b170aca494f1f9"},"headline":"Reabilitarea termic\u0103 \u00een Sectorul 1, blocat\u0103. Consilierii locali nu sunt de acord cu o decizie a Cur\u021bii de Conturi privind finan\u021barea reabilit\u0103rii","datePublished":"2022-04-14T18:07:01+00:00","dateModified":"2022-04-14T18:10:07+00:00","mainEntityOfPage":{"@id":"https:\/\/buletin.de\/bucuresti\/reabilitarea-termica-in-sectorul-1-blocata-consilierii-locali-nu-sunt-de-acord-cu-o-decizie-a-curtii-de-conturi-privind-finantarea-reabilitarii\/"},"wordCount":1656,"publisher":{"@id":"https:\/\/buletin.de\/bucuresti\/#organization"},"image":{"@id":"https:\/\/buletin.de\/bucuresti\/reabilitarea-termica-in-sectorul-1-blocata-consilierii-locali-nu-sunt-de-acord-cu-o-decizie-a-curtii-de-conturi-privind-finantarea-reabilitarii\/#primaryimage"},"thumbnailUrl":"https:\/\/buletin.de\/bucuresti\/wp-content\/uploads\/recuperare-sume-asociatii-de-proprietari-2.jpg","articleSection":["Prim\u0103rie","\u0218tiri"],"inLanguage":"en-GB","copyrightYear":"2022","copyrightHolder":{"@id":"https:\/\/buletin.de\/bucuresti\/#organization"}},{"@type":"WebPage","@id":"https:\/\/buletin.de\/bucuresti\/reabilitarea-termica-in-sectorul-1-blocata-consilierii-locali-nu-sunt-de-acord-cu-o-decizie-a-curtii-de-conturi-privind-finantarea-reabilitarii\/","url":"https:\/\/buletin.de\/bucuresti\/reabilitarea-termica-in-sectorul-1-blocata-consilierii-locali-nu-sunt-de-acord-cu-o-decizie-a-curtii-de-conturi-privind-finantarea-reabilitarii\/","name":"Reabilitarea termic\u0103 \u00een Sectorul 1, blocat\u0103. Consilierii locali nu sunt de acord cu o decizie a Cur\u021bii de Conturi privind finan\u021barea reabilit\u0103rii - Buletin de Bucure\u0219ti","isPartOf":{"@id":"https:\/\/buletin.de\/bucuresti\/#website"},"primaryImageOfPage":{"@id":"https:\/\/buletin.de\/bucuresti\/reabilitarea-termica-in-sectorul-1-blocata-consilierii-locali-nu-sunt-de-acord-cu-o-decizie-a-curtii-de-conturi-privind-finantarea-reabilitarii\/#primaryimage"},"image":{"@id":"https:\/\/buletin.de\/bucuresti\/reabilitarea-termica-in-sectorul-1-blocata-consilierii-locali-nu-sunt-de-acord-cu-o-decizie-a-curtii-de-conturi-privind-finantarea-reabilitarii\/#primaryimage"},"thumbnailUrl":"https:\/\/buletin.de\/bucuresti\/wp-content\/uploads\/recuperare-sume-asociatii-de-proprietari-2.jpg","datePublished":"2022-04-14T18:07:01+00:00","dateModified":"2022-04-14T18:10:07+00:00","breadcrumb":{"@id":"https:\/\/buletin.de\/bucuresti\/reabilitarea-termica-in-sectorul-1-blocata-consilierii-locali-nu-sunt-de-acord-cu-o-decizie-a-curtii-de-conturi-privind-finantarea-reabilitarii\/#breadcrumb"},"inLanguage":"en-GB","potentialAction":[{"@type":"ReadAction","target":["https:\/\/buletin.de\/bucuresti\/reabilitarea-termica-in-sectorul-1-blocata-consilierii-locali-nu-sunt-de-acord-cu-o-decizie-a-curtii-de-conturi-privind-finantarea-reabilitarii\/"]}]},{"@type":"ImageObject","inLanguage":"en-GB","@id":"https:\/\/buletin.de\/bucuresti\/reabilitarea-termica-in-sectorul-1-blocata-consilierii-locali-nu-sunt-de-acord-cu-o-decizie-a-curtii-de-conturi-privind-finantarea-reabilitarii\/#primaryimage","url":"https:\/\/buletin.de\/bucuresti\/wp-content\/uploads\/recuperare-sume-asociatii-de-proprietari-2.jpg","contentUrl":"https:\/\/buletin.de\/bucuresti\/wp-content\/uploads\/recuperare-sume-asociatii-de-proprietari-2.jpg","width":838,"height":321},{"@type":"BreadcrumbList","@id":"https:\/\/buletin.de\/bucuresti\/reabilitarea-termica-in-sectorul-1-blocata-consilierii-locali-nu-sunt-de-acord-cu-o-decizie-a-curtii-de-conturi-privind-finantarea-reabilitarii\/#breadcrumb","itemListElement":[{"@type":"ListItem","position":1,"name":"Acas\u0103","item":"https:\/\/buletin.de\/bucuresti\/"},{"@type":"ListItem","position":2,"name":"Reabilitarea termic\u0103 \u00een Sectorul 1, blocat\u0103. Consilierii locali nu sunt de acord cu o decizie a Cur\u021bii de Conturi privind finan\u021barea reabilit\u0103rii"}]},{"@type":"WebSite","@id":"https:\/\/buletin.de\/bucuresti\/#website","url":"https:\/\/buletin.de\/bucuresti\/","name":"Buletin de Bucure\u0219ti","description":"\u0218tiri \u0219i investiga\u021bii esen\u021biale din capital\u0103","publisher":{"@id":"https:\/\/buletin.de\/bucuresti\/#organization"},"potentialAction":[{"@type":"SearchAction","target":{"@type":"EntryPoint","urlTemplate":"https:\/\/buletin.de\/bucuresti\/?s={search_term_string}"},"query-input":{"@type":"PropertyValueSpecification","valueRequired":true,"valueName":"search_term_string"}}],"inLanguage":"en-GB"},{"@type":"Organization","@id":"https:\/\/buletin.de\/bucuresti\/#organization","name":"Buletin de Bucure\u0219ti","url":"https:\/\/buletin.de\/bucuresti\/","logo":{"@type":"ImageObject","inLanguage":"en-GB","@id":"https:\/\/buletin.de\/bucuresti\/#\/schema\/logo\/image\/","url":"https:\/\/buletin.de\/bucuresti\/wp-content\/uploads\/logo-bdb-full-wide-vernil-transparent.png","contentUrl":"https:\/\/buletin.de\/bucuresti\/wp-content\/uploads\/logo-bdb-full-wide-vernil-transparent.png","width":1782,"height":626,"caption":"Buletin de Bucure\u0219ti"},"image":{"@id":"https:\/\/buletin.de\/bucuresti\/#\/schema\/logo\/image\/"},"sameAs":["https:\/\/www.facebook.com\/buletin.de.buc","https:\/\/www.instagram.com\/buletinde.bucuresti\/"]},{"@type":"Person","@id":"https:\/\/buletin.de\/bucuresti\/#\/schema\/person\/bfa22994f12f5d3353b170aca494f1f9","name":"Anamaria Nedelcoff","image":{"@type":"ImageObject","inLanguage":"en-GB","@id":"https:\/\/secure.gravatar.com\/avatar\/409df91a26b98006111557131cc35236962765b734317e1dcf94c6bc1d010629?s=96&d=monsterid&r=g9bc3ae6c8e1522e913d1a0debd6aec89","url":"https:\/\/secure.gravatar.com\/avatar\/409df91a26b98006111557131cc35236962765b734317e1dcf94c6bc1d010629?s=96&d=monsterid&r=g","contentUrl":"https:\/\/secure.gravatar.com\/avatar\/409df91a26b98006111557131cc35236962765b734317e1dcf94c6bc1d010629?s=96&d=monsterid&r=g","caption":"Anamaria Nedelcoff"},"url":"https:\/\/buletin.de\/bucuresti\/author\/nedelcoff\/"}]}},"authors":[{"term_id":22601,"user_id":38,"is_guest":0,"slug":"nedelcoff","display_name":"Anamaria Nedelcoff","avatar_url":"https:\/\/secure.gravatar.com\/avatar\/409df91a26b98006111557131cc35236962765b734317e1dcf94c6bc1d010629?s=96&d=monsterid&r=g","0":null,"1":"","2":"","3":"","4":"","5":"","6":"","7":"","8":""}],"_links":{"self":[{"href":"https:\/\/buletin.de\/bucuresti\/wp-json\/wp\/v2\/posts\/41884","targetHints":{"allow":["GET"]}}],"collection":[{"href":"https:\/\/buletin.de\/bucuresti\/wp-json\/wp\/v2\/posts"}],"about":[{"href":"https:\/\/buletin.de\/bucuresti\/wp-json\/wp\/v2\/types\/post"}],"author":[{"embeddable":true,"href":"https:\/\/buletin.de\/bucuresti\/wp-json\/wp\/v2\/users\/38"}],"replies":[{"embeddable":true,"href":"https:\/\/buletin.de\/bucuresti\/wp-json\/wp\/v2\/comments?post=41884"}],"version-history":[{"count":8,"href":"https:\/\/buletin.de\/bucuresti\/wp-json\/wp\/v2\/posts\/41884\/revisions"}],"predecessor-version":[{"id":41906,"href":"https:\/\/buletin.de\/bucuresti\/wp-json\/wp\/v2\/posts\/41884\/revisions\/41906"}],"wp:featuredmedia":[{"embeddable":true,"href":"https:\/\/buletin.de\/bucuresti\/wp-json\/wp\/v2\/media\/41887"}],"wp:attachment":[{"href":"https:\/\/buletin.de\/bucuresti\/wp-json\/wp\/v2\/media?parent=41884"}],"wp:term":[{"taxonomy":"category","embeddable":true,"href":"https:\/\/buletin.de\/bucuresti\/wp-json\/wp\/v2\/categories?post=41884"},{"taxonomy":"post_tag","embeddable":true,"href":"https:\/\/buletin.de\/bucuresti\/wp-json\/wp\/v2\/tags?post=41884"},{"taxonomy":"author","embeddable":true,"href":"https:\/\/buletin.de\/bucuresti\/wp-json\/wp\/v2\/ppma_author?post=41884"}],"curies":[{"name":"wp","href":"https:\/\/api.w.org\/{rel}","templated":true}]}}