{"id":41698,"date":"2022-04-13T10:00:39","date_gmt":"2022-04-13T08:00:39","guid":{"rendered":"https:\/\/buletin.de\/bucuresti\/?p=41698"},"modified":"2022-04-13T13:52:29","modified_gmt":"2022-04-13T11:52:29","slug":"robert-negoita-vrea-sa-creasca-salariile-angajatilor-directiei-de-salubritate-unii-ar-putea-primi-mai-mult-cu-25","status":"publish","type":"post","link":"https:\/\/buletin.de\/bucuresti\/robert-negoita-vrea-sa-creasca-salariile-angajatilor-directiei-de-salubritate-unii-ar-putea-primi-mai-mult-cu-25\/","title":{"rendered":"Robert Negoi\u021b\u0103 vrea s\u0103 creasc\u0103 salariile angaja\u021bilor Direc\u021biei de Salubritate. Unii ar putea primi mai mult cu 25%"},"content":{"rendered":"\n<p><strong>Salariile angaja\u021bilor din cadrul Direc\u021biei Generale de Salubritate Sector 3 ar putea cre\u0219te \u00eentre 5-25%, conform unui proiect de hot\u0103r\u00e2re care se afl\u0103 pe ordinea de zi. Cea mai mare cre\u0219tere salarial\u0103, de 25%, este prev\u0103zut\u0103 pentru personalul Serviciului Achizi\u021bii, \u00een timp ce pentru angaja\u021bii Serviciului Monitorizare \u0219i a Serviciului Raportare propunerea de cre\u0219tere este de 5%.<\/strong><\/p>\n\n\n\n<p>\u201eAv\u00e2nd \u00een vedere situa\u021bia economic\u0103 actual\u0103 a Rom\u00e2niei aflat\u0103 \u00eentr-un declin constant \u00eenc\u0103 de la \u00eenceputul pandemiei de Covid-19, raport\u00e2ndu-ne la faptul c\u0103 la nivelul anului 2021 indicele anual al pre\u021burilor de consum a fost de 105.05% la o rat\u0103 a infla\u021biei de 5.1%, institu\u021bia consider\u0103 necesar\u0103 cre\u0219terea salariilor personalului dup\u0103 cum urmeaz\u0103\u201d:<\/p>\n\n\n\n<ul class=\"wp-block-list\"><li>Serviciul Achizi\u021bii: 25%;<\/li><li>Serviciul Economic, Compartimentul Financiar-Buget \u0219i Compartimentul Contabilitate \u0219i Salarizare: 15%;<\/li><li>Biroul Administrativ, Compartimentul Gestiune \u0219i IT, Compartimentul Servicii Auxiliare, Biroul Comercial \u0219i Recuper\u0103ri Crean\u021be, Compartimentul Biroul Juridic \u0219i Contencios: 10%;<\/li><li>Serviciul Mecanizare \u0219i Biroul Tehnic: 10-15%;<\/li><li>Direc\u021bia Cur\u0103\u021benie Domeniu Public \u0219i Desz\u0103pezire (cu excep\u021bia Compartimentului Coordonare Utilaje Mecanizate) \u0219i Direc\u021bia \u00centre\u021binere Domeniul Public (cu excep\u021bia Biroului Iriga\u021bii, Compartimentului Parc Dendrologic, Compartimentului Opera\u021biuni Mecanizare \u0219i Biroului Toalet\u0103ri \u0219i Defri\u0219\u0103ri): 5-15%;<\/li><li>Biroul Iriga\u021bii, Compartimentul Parc Dendrologic, Biroul Toalet\u0103ri \u0219i Defri\u0219\u0103ri \u0219i Compartimentul Utilaje Mecanizare: 5-15%;<\/li><li>Direc\u021bia Colectare De\u0219euri \u0219i Direc\u021bia Managementul De\u0219eurilor: 5-15%;<\/li><li>Serviciul Monitorizare \u0219i Serviciul Raportare: 5%.<\/li><\/ul>\n\n\n\n<p>Dac\u0103 proiectul va fi adoptat, unii dintre func\u021bionarii Direc\u021biei de Salubritate ar putea ob\u021bine salarii mai mari cu p\u00e2n\u0103 la 1000 RON. De exemplu, dac\u0103 p\u00e2n\u0103 acum un inspector de specialitate cu grada\u021bia 0 avea un venit brut lunar de 5379 RON, dup\u0103 cre\u0219terea salarial\u0103 acesta ar putea primi 6186 RON. Un lucr\u0103tor la salubrizare, \u00een schimb, va primi mai mult cu aproximativ 300 RON. \u0218oferii, cum ar fi cei de transport persoane sau de autocamioane, vor c\u00e2\u0219tiga un salariu mai mare cu 700-800 RON.<\/p>\n\n\n\n<p><strong>Actualizare.<\/strong> Proiectul a fost adoptat cu 26 de voturi pentru, 0 \u00eempotriv\u0103 \u0219i 2 ab\u021bineri.<\/p>\n\n\n\n<p>Surs\u0103 cover foto: <a href=\"https:\/\/www.facebook.com\/primariesector3\/photos\/pcb.5313805652020019\/5313762448691006\">Facebook Prim\u0103ria Sectorului 3<\/a><\/p>\n","protected":false},"excerpt":{"rendered":"<p>Salariile angaja\u021bilor din cadrul Direc\u021biei Generale de Salubritate Sector 3 ar putea cre\u0219te \u00eentre 5-25%, conform unui proiect de hot\u0103r\u00e2re care se afl\u0103 pe ordinea de zi. Cea mai mare cre\u0219tere salarial\u0103, de 25%, este prev\u0103zut\u0103 pentru personalul Serviciului Achizi\u021bii, \u00een timp ce pentru angaja\u021bii Serviciului Monitorizare \u0219i a Serviciului Raportare propunerea de cre\u0219tere este [&hellip;]<\/p>\n","protected":false},"author":6,"featured_media":41699,"comment_status":"closed","ping_status":"open","sticky":false,"template":"","format":"standard","meta":{"_acf_changed":false,"inline_featured_image":false,"ngg_post_thumbnail":0,"footnotes":""},"categories":[24],"tags":[4104,220,33,440],"ppma_author":[22588],"class_list":["post-41698","post","type-post","status-publish","format-standard","has-post-thumbnail","hentry","category-primarie","tag-directia-de-salubritate","tag-robert-negoita","tag-salarii","tag-sector-3"],"acf":[],"yoast_head":"<!-- This site is optimized with the Yoast SEO Premium plugin v25.3 (Yoast SEO v27.4) - https:\/\/yoast.com\/product\/yoast-seo-premium-wordpress\/ -->\n<title>Robert Negoi\u021b\u0103 vrea s\u0103 creasc\u0103 salariile angaja\u021bilor Direc\u021biei de Salubritate. Unii ar putea primi mai mult cu 25% - Buletin de Bucure\u0219ti<\/title>\n<meta name=\"robots\" content=\"index, follow, max-snippet:-1, max-image-preview:large, max-video-preview:-1\" \/>\n<link rel=\"canonical\" href=\"https:\/\/buletin.de\/bucuresti\/robert-negoita-vrea-sa-creasca-salariile-angajatilor-directiei-de-salubritate-unii-ar-putea-primi-mai-mult-cu-25\/\" \/>\n<meta property=\"og:locale\" content=\"en_GB\" \/>\n<meta property=\"og:type\" content=\"article\" \/>\n<meta property=\"og:title\" content=\"Robert Negoi\u021b\u0103 vrea s\u0103 creasc\u0103 salariile angaja\u021bilor Direc\u021biei de Salubritate. Unii ar putea primi mai mult cu 25%\" \/>\n<meta property=\"og:description\" content=\"Salariile angaja\u021bilor din cadrul Direc\u021biei Generale de Salubritate Sector 3 ar putea cre\u0219te \u00eentre 5-25%, conform unui proiect de hot\u0103r\u00e2re care se afl\u0103 pe ordinea de zi. Cea mai mare cre\u0219tere salarial\u0103, de 25%, este prev\u0103zut\u0103 pentru personalul Serviciului Achizi\u021bii, \u00een timp ce pentru angaja\u021bii Serviciului Monitorizare \u0219i a Serviciului Raportare propunerea de cre\u0219tere este [&hellip;]\" \/>\n<meta property=\"og:url\" content=\"https:\/\/buletin.de\/bucuresti\/robert-negoita-vrea-sa-creasca-salariile-angajatilor-directiei-de-salubritate-unii-ar-putea-primi-mai-mult-cu-25\/\" \/>\n<meta property=\"og:site_name\" content=\"Buletin de Bucure\u0219ti\" \/>\n<meta property=\"article:publisher\" content=\"https:\/\/www.facebook.com\/buletin.de.buc\" \/>\n<meta property=\"article:published_time\" content=\"2022-04-13T08:00:39+00:00\" \/>\n<meta property=\"article:modified_time\" content=\"2022-04-13T11:52:29+00:00\" \/>\n<meta property=\"og:image\" content=\"https:\/\/buletin.de\/bucuresti\/wp-content\/uploads\/277806201_5313805955353322_5504180158441841681_n.jpg\" \/>\n\t<meta property=\"og:image:width\" content=\"2048\" \/>\n\t<meta property=\"og:image:height\" content=\"1152\" \/>\n\t<meta property=\"og:image:type\" content=\"image\/jpeg\" \/>\n<meta name=\"author\" content=\"Bianca Albu\" \/>\n<meta name=\"twitter:card\" content=\"summary_large_image\" \/>\n<meta name=\"twitter:label1\" content=\"Written by\" \/>\n\t<meta name=\"twitter:data1\" content=\"Bianca Albu\" \/>\n\t<meta name=\"twitter:label2\" content=\"Estimated reading time\" \/>\n\t<meta name=\"twitter:data2\" content=\"2 minutes\" \/>\n<script type=\"application\/ld+json\" class=\"yoast-schema-graph\">{\"@context\":\"https:\\\/\\\/schema.org\",\"@graph\":[{\"@type\":\"Article\",\"@id\":\"https:\\\/\\\/buletin.de\\\/bucuresti\\\/robert-negoita-vrea-sa-creasca-salariile-angajatilor-directiei-de-salubritate-unii-ar-putea-primi-mai-mult-cu-25\\\/#article\",\"isPartOf\":{\"@id\":\"https:\\\/\\\/buletin.de\\\/bucuresti\\\/robert-negoita-vrea-sa-creasca-salariile-angajatilor-directiei-de-salubritate-unii-ar-putea-primi-mai-mult-cu-25\\\/\"},\"author\":{\"name\":\"Bianca Albu\",\"@id\":\"https:\\\/\\\/buletin.de\\\/bucuresti\\\/#\\\/schema\\\/person\\\/295dc2228d2dc79294d636619468dc7f\"},\"headline\":\"Robert Negoi\u021b\u0103 vrea s\u0103 creasc\u0103 salariile angaja\u021bilor Direc\u021biei de Salubritate. Unii ar putea primi mai mult cu 25%\",\"datePublished\":\"2022-04-13T08:00:39+00:00\",\"dateModified\":\"2022-04-13T11:52:29+00:00\",\"mainEntityOfPage\":{\"@id\":\"https:\\\/\\\/buletin.de\\\/bucuresti\\\/robert-negoita-vrea-sa-creasca-salariile-angajatilor-directiei-de-salubritate-unii-ar-putea-primi-mai-mult-cu-25\\\/\"},\"wordCount\":367,\"publisher\":{\"@id\":\"https:\\\/\\\/buletin.de\\\/bucuresti\\\/#organization\"},\"image\":{\"@id\":\"https:\\\/\\\/buletin.de\\\/bucuresti\\\/robert-negoita-vrea-sa-creasca-salariile-angajatilor-directiei-de-salubritate-unii-ar-putea-primi-mai-mult-cu-25\\\/#primaryimage\"},\"thumbnailUrl\":\"https:\\\/\\\/buletin.de\\\/bucuresti\\\/wp-content\\\/uploads\\\/277806201_5313805955353322_5504180158441841681_n.jpg\",\"keywords\":[\"directia de salubritate\",\"robert negoita\",\"salarii\",\"Sector 3\"],\"articleSection\":[\"Prim\u0103rie\"],\"inLanguage\":\"en-GB\",\"copyrightYear\":\"2022\",\"copyrightHolder\":{\"@id\":\"https:\\\/\\\/buletin.de\\\/bucuresti\\\/#organization\"}},{\"@type\":\"WebPage\",\"@id\":\"https:\\\/\\\/buletin.de\\\/bucuresti\\\/robert-negoita-vrea-sa-creasca-salariile-angajatilor-directiei-de-salubritate-unii-ar-putea-primi-mai-mult-cu-25\\\/\",\"url\":\"https:\\\/\\\/buletin.de\\\/bucuresti\\\/robert-negoita-vrea-sa-creasca-salariile-angajatilor-directiei-de-salubritate-unii-ar-putea-primi-mai-mult-cu-25\\\/\",\"name\":\"Robert Negoi\u021b\u0103 vrea s\u0103 creasc\u0103 salariile angaja\u021bilor Direc\u021biei de Salubritate. Unii ar putea primi mai mult cu 25% - Buletin de Bucure\u0219ti\",\"isPartOf\":{\"@id\":\"https:\\\/\\\/buletin.de\\\/bucuresti\\\/#website\"},\"primaryImageOfPage\":{\"@id\":\"https:\\\/\\\/buletin.de\\\/bucuresti\\\/robert-negoita-vrea-sa-creasca-salariile-angajatilor-directiei-de-salubritate-unii-ar-putea-primi-mai-mult-cu-25\\\/#primaryimage\"},\"image\":{\"@id\":\"https:\\\/\\\/buletin.de\\\/bucuresti\\\/robert-negoita-vrea-sa-creasca-salariile-angajatilor-directiei-de-salubritate-unii-ar-putea-primi-mai-mult-cu-25\\\/#primaryimage\"},\"thumbnailUrl\":\"https:\\\/\\\/buletin.de\\\/bucuresti\\\/wp-content\\\/uploads\\\/277806201_5313805955353322_5504180158441841681_n.jpg\",\"datePublished\":\"2022-04-13T08:00:39+00:00\",\"dateModified\":\"2022-04-13T11:52:29+00:00\",\"breadcrumb\":{\"@id\":\"https:\\\/\\\/buletin.de\\\/bucuresti\\\/robert-negoita-vrea-sa-creasca-salariile-angajatilor-directiei-de-salubritate-unii-ar-putea-primi-mai-mult-cu-25\\\/#breadcrumb\"},\"inLanguage\":\"en-GB\",\"potentialAction\":[{\"@type\":\"ReadAction\",\"target\":[\"https:\\\/\\\/buletin.de\\\/bucuresti\\\/robert-negoita-vrea-sa-creasca-salariile-angajatilor-directiei-de-salubritate-unii-ar-putea-primi-mai-mult-cu-25\\\/\"]}]},{\"@type\":\"ImageObject\",\"inLanguage\":\"en-GB\",\"@id\":\"https:\\\/\\\/buletin.de\\\/bucuresti\\\/robert-negoita-vrea-sa-creasca-salariile-angajatilor-directiei-de-salubritate-unii-ar-putea-primi-mai-mult-cu-25\\\/#primaryimage\",\"url\":\"https:\\\/\\\/buletin.de\\\/bucuresti\\\/wp-content\\\/uploads\\\/277806201_5313805955353322_5504180158441841681_n.jpg\",\"contentUrl\":\"https:\\\/\\\/buletin.de\\\/bucuresti\\\/wp-content\\\/uploads\\\/277806201_5313805955353322_5504180158441841681_n.jpg\",\"width\":2048,\"height\":1152},{\"@type\":\"BreadcrumbList\",\"@id\":\"https:\\\/\\\/buletin.de\\\/bucuresti\\\/robert-negoita-vrea-sa-creasca-salariile-angajatilor-directiei-de-salubritate-unii-ar-putea-primi-mai-mult-cu-25\\\/#breadcrumb\",\"itemListElement\":[{\"@type\":\"ListItem\",\"position\":1,\"name\":\"Acas\u0103\",\"item\":\"https:\\\/\\\/buletin.de\\\/bucuresti\\\/\"},{\"@type\":\"ListItem\",\"position\":2,\"name\":\"Robert Negoi\u021b\u0103 vrea s\u0103 creasc\u0103 salariile angaja\u021bilor Direc\u021biei de Salubritate. Unii ar putea primi mai mult cu 25%\"}]},{\"@type\":\"WebSite\",\"@id\":\"https:\\\/\\\/buletin.de\\\/bucuresti\\\/#website\",\"url\":\"https:\\\/\\\/buletin.de\\\/bucuresti\\\/\",\"name\":\"Buletin de Bucure\u0219ti\",\"description\":\"\u0218tiri \u0219i investiga\u021bii esen\u021biale din capital\u0103\",\"publisher\":{\"@id\":\"https:\\\/\\\/buletin.de\\\/bucuresti\\\/#organization\"},\"potentialAction\":[{\"@type\":\"SearchAction\",\"target\":{\"@type\":\"EntryPoint\",\"urlTemplate\":\"https:\\\/\\\/buletin.de\\\/bucuresti\\\/?s={search_term_string}\"},\"query-input\":{\"@type\":\"PropertyValueSpecification\",\"valueRequired\":true,\"valueName\":\"search_term_string\"}}],\"inLanguage\":\"en-GB\"},{\"@type\":\"Organization\",\"@id\":\"https:\\\/\\\/buletin.de\\\/bucuresti\\\/#organization\",\"name\":\"Buletin de Bucure\u0219ti\",\"url\":\"https:\\\/\\\/buletin.de\\\/bucuresti\\\/\",\"logo\":{\"@type\":\"ImageObject\",\"inLanguage\":\"en-GB\",\"@id\":\"https:\\\/\\\/buletin.de\\\/bucuresti\\\/#\\\/schema\\\/logo\\\/image\\\/\",\"url\":\"https:\\\/\\\/buletin.de\\\/bucuresti\\\/wp-content\\\/uploads\\\/logo-bdb-full-wide-vernil-transparent.png\",\"contentUrl\":\"https:\\\/\\\/buletin.de\\\/bucuresti\\\/wp-content\\\/uploads\\\/logo-bdb-full-wide-vernil-transparent.png\",\"width\":1782,\"height\":626,\"caption\":\"Buletin de Bucure\u0219ti\"},\"image\":{\"@id\":\"https:\\\/\\\/buletin.de\\\/bucuresti\\\/#\\\/schema\\\/logo\\\/image\\\/\"},\"sameAs\":[\"https:\\\/\\\/www.facebook.com\\\/buletin.de.buc\",\"https:\\\/\\\/www.instagram.com\\\/buletinde.bucuresti\\\/\"]},{\"@type\":\"Person\",\"@id\":\"https:\\\/\\\/buletin.de\\\/bucuresti\\\/#\\\/schema\\\/person\\\/295dc2228d2dc79294d636619468dc7f\",\"name\":\"Bianca Albu\",\"image\":{\"@type\":\"ImageObject\",\"inLanguage\":\"en-GB\",\"@id\":\"https:\\\/\\\/secure.gravatar.com\\\/avatar\\\/3df2e34e20f529e6fd7be4311ee1f7c4ec4aa886971590baf6fa214b15743516?s=96&d=monsterid&r=gf541c715eeec409ce8101252a3c0d8a7\",\"url\":\"https:\\\/\\\/secure.gravatar.com\\\/avatar\\\/3df2e34e20f529e6fd7be4311ee1f7c4ec4aa886971590baf6fa214b15743516?s=96&d=monsterid&r=g\",\"contentUrl\":\"https:\\\/\\\/secure.gravatar.com\\\/avatar\\\/3df2e34e20f529e6fd7be4311ee1f7c4ec4aa886971590baf6fa214b15743516?s=96&d=monsterid&r=g\",\"caption\":\"Bianca Albu\"},\"description\":\"Reporter\",\"url\":\"https:\\\/\\\/buletin.de\\\/bucuresti\\\/author\\\/biancaalbu\\\/\"}]}<\/script>\n<!-- \/ Yoast SEO Premium plugin. -->","yoast_head_json":{"title":"Robert Negoi\u021b\u0103 vrea s\u0103 creasc\u0103 salariile angaja\u021bilor Direc\u021biei de Salubritate. Unii ar putea primi mai mult cu 25% - Buletin de Bucure\u0219ti","robots":{"index":"index","follow":"follow","max-snippet":"max-snippet:-1","max-image-preview":"max-image-preview:large","max-video-preview":"max-video-preview:-1"},"canonical":"https:\/\/buletin.de\/bucuresti\/robert-negoita-vrea-sa-creasca-salariile-angajatilor-directiei-de-salubritate-unii-ar-putea-primi-mai-mult-cu-25\/","og_locale":"en_GB","og_type":"article","og_title":"Robert Negoi\u021b\u0103 vrea s\u0103 creasc\u0103 salariile angaja\u021bilor Direc\u021biei de Salubritate. Unii ar putea primi mai mult cu 25%","og_description":"Salariile angaja\u021bilor din cadrul Direc\u021biei Generale de Salubritate Sector 3 ar putea cre\u0219te \u00eentre 5-25%, conform unui proiect de hot\u0103r\u00e2re care se afl\u0103 pe ordinea de zi. Cea mai mare cre\u0219tere salarial\u0103, de 25%, este prev\u0103zut\u0103 pentru personalul Serviciului Achizi\u021bii, \u00een timp ce pentru angaja\u021bii Serviciului Monitorizare \u0219i a Serviciului Raportare propunerea de cre\u0219tere este [&hellip;]","og_url":"https:\/\/buletin.de\/bucuresti\/robert-negoita-vrea-sa-creasca-salariile-angajatilor-directiei-de-salubritate-unii-ar-putea-primi-mai-mult-cu-25\/","og_site_name":"Buletin de Bucure\u0219ti","article_publisher":"https:\/\/www.facebook.com\/buletin.de.buc","article_published_time":"2022-04-13T08:00:39+00:00","article_modified_time":"2022-04-13T11:52:29+00:00","og_image":[{"width":2048,"height":1152,"url":"https:\/\/buletin.de\/bucuresti\/wp-content\/uploads\/277806201_5313805955353322_5504180158441841681_n.jpg","type":"image\/jpeg"}],"author":"Bianca Albu","twitter_card":"summary_large_image","twitter_misc":{"Written by":"Bianca Albu","Estimated reading time":"2 minutes"},"schema":{"@context":"https:\/\/schema.org","@graph":[{"@type":"Article","@id":"https:\/\/buletin.de\/bucuresti\/robert-negoita-vrea-sa-creasca-salariile-angajatilor-directiei-de-salubritate-unii-ar-putea-primi-mai-mult-cu-25\/#article","isPartOf":{"@id":"https:\/\/buletin.de\/bucuresti\/robert-negoita-vrea-sa-creasca-salariile-angajatilor-directiei-de-salubritate-unii-ar-putea-primi-mai-mult-cu-25\/"},"author":{"name":"Bianca Albu","@id":"https:\/\/buletin.de\/bucuresti\/#\/schema\/person\/295dc2228d2dc79294d636619468dc7f"},"headline":"Robert Negoi\u021b\u0103 vrea s\u0103 creasc\u0103 salariile angaja\u021bilor Direc\u021biei de Salubritate. Unii ar putea primi mai mult cu 25%","datePublished":"2022-04-13T08:00:39+00:00","dateModified":"2022-04-13T11:52:29+00:00","mainEntityOfPage":{"@id":"https:\/\/buletin.de\/bucuresti\/robert-negoita-vrea-sa-creasca-salariile-angajatilor-directiei-de-salubritate-unii-ar-putea-primi-mai-mult-cu-25\/"},"wordCount":367,"publisher":{"@id":"https:\/\/buletin.de\/bucuresti\/#organization"},"image":{"@id":"https:\/\/buletin.de\/bucuresti\/robert-negoita-vrea-sa-creasca-salariile-angajatilor-directiei-de-salubritate-unii-ar-putea-primi-mai-mult-cu-25\/#primaryimage"},"thumbnailUrl":"https:\/\/buletin.de\/bucuresti\/wp-content\/uploads\/277806201_5313805955353322_5504180158441841681_n.jpg","keywords":["directia de salubritate","robert negoita","salarii","Sector 3"],"articleSection":["Prim\u0103rie"],"inLanguage":"en-GB","copyrightYear":"2022","copyrightHolder":{"@id":"https:\/\/buletin.de\/bucuresti\/#organization"}},{"@type":"WebPage","@id":"https:\/\/buletin.de\/bucuresti\/robert-negoita-vrea-sa-creasca-salariile-angajatilor-directiei-de-salubritate-unii-ar-putea-primi-mai-mult-cu-25\/","url":"https:\/\/buletin.de\/bucuresti\/robert-negoita-vrea-sa-creasca-salariile-angajatilor-directiei-de-salubritate-unii-ar-putea-primi-mai-mult-cu-25\/","name":"Robert Negoi\u021b\u0103 vrea s\u0103 creasc\u0103 salariile angaja\u021bilor Direc\u021biei de Salubritate. Unii ar putea primi mai mult cu 25% - Buletin de Bucure\u0219ti","isPartOf":{"@id":"https:\/\/buletin.de\/bucuresti\/#website"},"primaryImageOfPage":{"@id":"https:\/\/buletin.de\/bucuresti\/robert-negoita-vrea-sa-creasca-salariile-angajatilor-directiei-de-salubritate-unii-ar-putea-primi-mai-mult-cu-25\/#primaryimage"},"image":{"@id":"https:\/\/buletin.de\/bucuresti\/robert-negoita-vrea-sa-creasca-salariile-angajatilor-directiei-de-salubritate-unii-ar-putea-primi-mai-mult-cu-25\/#primaryimage"},"thumbnailUrl":"https:\/\/buletin.de\/bucuresti\/wp-content\/uploads\/277806201_5313805955353322_5504180158441841681_n.jpg","datePublished":"2022-04-13T08:00:39+00:00","dateModified":"2022-04-13T11:52:29+00:00","breadcrumb":{"@id":"https:\/\/buletin.de\/bucuresti\/robert-negoita-vrea-sa-creasca-salariile-angajatilor-directiei-de-salubritate-unii-ar-putea-primi-mai-mult-cu-25\/#breadcrumb"},"inLanguage":"en-GB","potentialAction":[{"@type":"ReadAction","target":["https:\/\/buletin.de\/bucuresti\/robert-negoita-vrea-sa-creasca-salariile-angajatilor-directiei-de-salubritate-unii-ar-putea-primi-mai-mult-cu-25\/"]}]},{"@type":"ImageObject","inLanguage":"en-GB","@id":"https:\/\/buletin.de\/bucuresti\/robert-negoita-vrea-sa-creasca-salariile-angajatilor-directiei-de-salubritate-unii-ar-putea-primi-mai-mult-cu-25\/#primaryimage","url":"https:\/\/buletin.de\/bucuresti\/wp-content\/uploads\/277806201_5313805955353322_5504180158441841681_n.jpg","contentUrl":"https:\/\/buletin.de\/bucuresti\/wp-content\/uploads\/277806201_5313805955353322_5504180158441841681_n.jpg","width":2048,"height":1152},{"@type":"BreadcrumbList","@id":"https:\/\/buletin.de\/bucuresti\/robert-negoita-vrea-sa-creasca-salariile-angajatilor-directiei-de-salubritate-unii-ar-putea-primi-mai-mult-cu-25\/#breadcrumb","itemListElement":[{"@type":"ListItem","position":1,"name":"Acas\u0103","item":"https:\/\/buletin.de\/bucuresti\/"},{"@type":"ListItem","position":2,"name":"Robert Negoi\u021b\u0103 vrea s\u0103 creasc\u0103 salariile angaja\u021bilor Direc\u021biei de Salubritate. Unii ar putea primi mai mult cu 25%"}]},{"@type":"WebSite","@id":"https:\/\/buletin.de\/bucuresti\/#website","url":"https:\/\/buletin.de\/bucuresti\/","name":"Buletin de Bucure\u0219ti","description":"\u0218tiri \u0219i investiga\u021bii esen\u021biale din capital\u0103","publisher":{"@id":"https:\/\/buletin.de\/bucuresti\/#organization"},"potentialAction":[{"@type":"SearchAction","target":{"@type":"EntryPoint","urlTemplate":"https:\/\/buletin.de\/bucuresti\/?s={search_term_string}"},"query-input":{"@type":"PropertyValueSpecification","valueRequired":true,"valueName":"search_term_string"}}],"inLanguage":"en-GB"},{"@type":"Organization","@id":"https:\/\/buletin.de\/bucuresti\/#organization","name":"Buletin de Bucure\u0219ti","url":"https:\/\/buletin.de\/bucuresti\/","logo":{"@type":"ImageObject","inLanguage":"en-GB","@id":"https:\/\/buletin.de\/bucuresti\/#\/schema\/logo\/image\/","url":"https:\/\/buletin.de\/bucuresti\/wp-content\/uploads\/logo-bdb-full-wide-vernil-transparent.png","contentUrl":"https:\/\/buletin.de\/bucuresti\/wp-content\/uploads\/logo-bdb-full-wide-vernil-transparent.png","width":1782,"height":626,"caption":"Buletin de Bucure\u0219ti"},"image":{"@id":"https:\/\/buletin.de\/bucuresti\/#\/schema\/logo\/image\/"},"sameAs":["https:\/\/www.facebook.com\/buletin.de.buc","https:\/\/www.instagram.com\/buletinde.bucuresti\/"]},{"@type":"Person","@id":"https:\/\/buletin.de\/bucuresti\/#\/schema\/person\/295dc2228d2dc79294d636619468dc7f","name":"Bianca Albu","image":{"@type":"ImageObject","inLanguage":"en-GB","@id":"https:\/\/secure.gravatar.com\/avatar\/3df2e34e20f529e6fd7be4311ee1f7c4ec4aa886971590baf6fa214b15743516?s=96&d=monsterid&r=gf541c715eeec409ce8101252a3c0d8a7","url":"https:\/\/secure.gravatar.com\/avatar\/3df2e34e20f529e6fd7be4311ee1f7c4ec4aa886971590baf6fa214b15743516?s=96&d=monsterid&r=g","contentUrl":"https:\/\/secure.gravatar.com\/avatar\/3df2e34e20f529e6fd7be4311ee1f7c4ec4aa886971590baf6fa214b15743516?s=96&d=monsterid&r=g","caption":"Bianca Albu"},"description":"Reporter","url":"https:\/\/buletin.de\/bucuresti\/author\/biancaalbu\/"}]}},"authors":[{"term_id":22588,"user_id":6,"is_guest":0,"slug":"biancaalbu","display_name":"Bianca Albu","avatar_url":"https:\/\/secure.gravatar.com\/avatar\/3df2e34e20f529e6fd7be4311ee1f7c4ec4aa886971590baf6fa214b15743516?s=96&d=monsterid&r=g","0":null,"1":"","2":"","3":"","4":"","5":"","6":"","7":"","8":""}],"_links":{"self":[{"href":"https:\/\/buletin.de\/bucuresti\/wp-json\/wp\/v2\/posts\/41698","targetHints":{"allow":["GET"]}}],"collection":[{"href":"https:\/\/buletin.de\/bucuresti\/wp-json\/wp\/v2\/posts"}],"about":[{"href":"https:\/\/buletin.de\/bucuresti\/wp-json\/wp\/v2\/types\/post"}],"author":[{"embeddable":true,"href":"https:\/\/buletin.de\/bucuresti\/wp-json\/wp\/v2\/users\/6"}],"replies":[{"embeddable":true,"href":"https:\/\/buletin.de\/bucuresti\/wp-json\/wp\/v2\/comments?post=41698"}],"version-history":[{"count":4,"href":"https:\/\/buletin.de\/bucuresti\/wp-json\/wp\/v2\/posts\/41698\/revisions"}],"predecessor-version":[{"id":41742,"href":"https:\/\/buletin.de\/bucuresti\/wp-json\/wp\/v2\/posts\/41698\/revisions\/41742"}],"wp:featuredmedia":[{"embeddable":true,"href":"https:\/\/buletin.de\/bucuresti\/wp-json\/wp\/v2\/media\/41699"}],"wp:attachment":[{"href":"https:\/\/buletin.de\/bucuresti\/wp-json\/wp\/v2\/media?parent=41698"}],"wp:term":[{"taxonomy":"category","embeddable":true,"href":"https:\/\/buletin.de\/bucuresti\/wp-json\/wp\/v2\/categories?post=41698"},{"taxonomy":"post_tag","embeddable":true,"href":"https:\/\/buletin.de\/bucuresti\/wp-json\/wp\/v2\/tags?post=41698"},{"taxonomy":"author","embeddable":true,"href":"https:\/\/buletin.de\/bucuresti\/wp-json\/wp\/v2\/ppma_author?post=41698"}],"curies":[{"name":"wp","href":"https:\/\/api.w.org\/{rel}","templated":true}]}}