{"id":41681,"date":"2022-04-11T20:09:09","date_gmt":"2022-04-11T18:09:09","guid":{"rendered":"https:\/\/buletin.de\/bucuresti\/?p=41681"},"modified":"2022-04-11T20:10:20","modified_gmt":"2022-04-11T18:10:20","slug":"1-din-7-blocuri-din-bucuresti-nu-are-apa-calda-sectorul-5-e-pe-primul-loc","status":"publish","type":"post","link":"https:\/\/buletin.de\/bucuresti\/1-din-7-blocuri-din-bucuresti-nu-are-apa-calda-sectorul-5-e-pe-primul-loc\/","title":{"rendered":"1 din 7 blocuri din Bucure\u0219ti nu are ap\u0103 cald\u0103. Cele mai multe, \u00een Sectorul 5"},"content":{"rendered":"\n<p><strong>Conform listei publicate, ast\u0103zi, de Compania Municipal\u0103 Termo Energetica Temoenergetica pu\u021bin peste 2000 de blocuri din totalul de 9358 au probleme cu apa cald\u0103. 14,4% dintre blocuri nu au deloc ap\u0103 cald\u0103, \u00een timp ce 7,1% sunt blocuri in furnizare. Sectorul 5 este pe primul loc la acest capitol cu peste 900 de blocuri f\u0103r\u0103 ap\u0103 cald\u0103, fiind urmat de Sectorul 6 cu peste 600 de blocuri, pe ultimul loc se afl\u0103 Sectorul 4 cu doar 29 de blocuri f\u0103r\u0103 ap\u0103 cald\u0103. <\/strong><\/p>\n\n\n\n<figure class=\"wp-block-image size-full\"><img fetchpriority=\"high\" decoding=\"async\" width=\"750\" height=\"813\" src=\"data:image\/gif;base64,R0lGODlhAQABAAAAACH5BAEKAAEALAAAAAABAAEAAAICTAEAOw==\" data-src=\"https:\/\/buletin.de\/bucuresti\/wp-content\/uploads\/WhatsApp-Image-2022-04-11-at-20.52.05.jpeg\" alt=\"\" class=\"wp-image-41682 lazyload\" data-sizes=\"auto\" data-srcset=\"https:\/\/buletin.de\/bucuresti\/wp-content\/uploads\/WhatsApp-Image-2022-04-11-at-20.52.05.jpeg 750w, https:\/\/buletin.de\/bucuresti\/wp-content\/uploads\/WhatsApp-Image-2022-04-11-at-20.52.05-277x300.jpeg 277w, https:\/\/buletin.de\/bucuresti\/wp-content\/uploads\/WhatsApp-Image-2022-04-11-at-20.52.05-550x596.jpeg 550w, https:\/\/buletin.de\/bucuresti\/wp-content\/uploads\/WhatsApp-Image-2022-04-11-at-20.52.05-461x500.jpeg 461w, https:\/\/buletin.de\/bucuresti\/wp-content\/uploads\/WhatsApp-Image-2022-04-11-at-20.52.05-600x650.jpeg 600w\" sizes=\"(max-width: 750px) 100vw, 750px\" \/><figcaption>Captur\u0103 ecran: Termo Alert &#8211; aplica\u021bia de raportare a Companiei Municipale Termoenergetica<\/figcaption><\/figure>\n\n\n\n<p>Problemele cu funizarea apei calde pentru blocurile din Sectorul 6 \u0219i Capital\u0103 au dou\u0103 cauze, conform primarului Sector 6, Ciprian Ciucu: CET Vest are compresorul de gaze stricat, lucru care afecteaz\u0103 blocurile din partea de Vest a Bucure\u0219tiului, iar Drumul Taberei are probleme pentru c\u0103 ar fi trebuit s\u0103 fie preluat de CET Groz\u0103ve\u0219ti. <\/p>\n\n\n\n<blockquote class=\"wp-block-quote is-layout-flow wp-block-quote-is-layout-flow\"><p>Cu toate c\u0103 prim\u0103riile de sector nu au atribu\u021bii \u00een termoficare, cineva trebuie s\u0103 v\u0103 explice ceea ce se \u00eent\u00e2mpl\u0103. Problemele sunt generate de dou\u0103 cauze cumulate: 1. Centralei CET Vest i s-a stricat compresorul de gaze, chestiune cu totul special\u0103, \u0219i va mai dura c\u00e2teva s\u0103pt\u0103m\u00e2ni p\u00e2n\u0103 va fi importat din Germania. CET-urile sunt administrate de Elcen, aflat \u00een subordinea Ministerului Energiei; 2. Drumul Taberei ar fi trebuit s\u0103 fie preluat de CET Groz\u0103ve\u0219ti, dar, cum re\u021beaua primar\u0103 este \u00eentr-o stare proast\u0103, a ap\u0103rut o serie repetat\u0103 de avarii, \u00een zona Leul. <\/p><cite>A declarat Ciprian Ciucu, edilul Sectorului 6<\/cite><\/blockquote>\n\n\n\n<p>Tot edilul Sectorului 6 a anun\u021bat c\u0103 Termoenergetica lucreaz\u0103 la remedierea avariilor \u0219i se a\u0219teapta ca situa\u021bia s\u0103 se amelioreze s\u0103pt\u0103m\u00e2na aceasta. <\/p>\n\n\n\n<p>Surs\u0103 Foto: ALEXANDRU DOBRE \/ MEDIAFAX FOTO<\/p>\n","protected":false},"excerpt":{"rendered":"<p>Conform listei publicate, ast\u0103zi, de Compania Municipal\u0103 Termo Energetica Temoenergetica pu\u021bin peste 2000 de blocuri din totalul de 9358 au probleme cu apa cald\u0103. 14,4% dintre blocuri nu au deloc ap\u0103 cald\u0103, \u00een timp ce 7,1% sunt blocuri in furnizare. Sectorul 5 este pe primul loc la acest capitol cu peste 900 de blocuri f\u0103r\u0103 [&hellip;]<\/p>\n","protected":false},"author":17,"featured_media":9253,"comment_status":"closed","ping_status":"open","sticky":false,"template":"","format":"standard","meta":{"_acf_changed":false,"inline_featured_image":false,"ngg_post_thumbnail":0,"footnotes":""},"categories":[62],"tags":[],"ppma_author":[22576],"class_list":["post-41681","post","type-post","status-publish","format-standard","has-post-thumbnail","hentry","category-stiri"],"acf":[],"yoast_head":"<!-- This site is optimized with the Yoast SEO Premium plugin v25.3 (Yoast SEO v27.5) - https:\/\/yoast.com\/product\/yoast-seo-premium-wordpress\/ -->\n<title>1 din 7 blocuri din Bucure\u0219ti nu are ap\u0103 cald\u0103. Cele mai multe, \u00een Sectorul 5 - Buletin de Bucure\u0219ti<\/title>\n<meta name=\"robots\" content=\"index, follow, max-snippet:-1, max-image-preview:large, max-video-preview:-1\" \/>\n<link rel=\"canonical\" href=\"https:\/\/buletin.de\/bucuresti\/1-din-7-blocuri-din-bucuresti-nu-are-apa-calda-sectorul-5-e-pe-primul-loc\/\" \/>\n<meta property=\"og:locale\" content=\"en_GB\" \/>\n<meta property=\"og:type\" content=\"article\" \/>\n<meta property=\"og:title\" content=\"1 din 7 blocuri din Bucure\u0219ti nu are ap\u0103 cald\u0103. Cele mai multe, \u00een Sectorul 5\" \/>\n<meta property=\"og:description\" content=\"Conform listei publicate, ast\u0103zi, de Compania Municipal\u0103 Termo Energetica Temoenergetica pu\u021bin peste 2000 de blocuri din totalul de 9358 au probleme cu apa cald\u0103. 14,4% dintre blocuri nu au deloc ap\u0103 cald\u0103, \u00een timp ce 7,1% sunt blocuri in furnizare. Sectorul 5 este pe primul loc la acest capitol cu peste 900 de blocuri f\u0103r\u0103 [&hellip;]\" \/>\n<meta property=\"og:url\" content=\"https:\/\/buletin.de\/bucuresti\/1-din-7-blocuri-din-bucuresti-nu-are-apa-calda-sectorul-5-e-pe-primul-loc\/\" \/>\n<meta property=\"og:site_name\" content=\"Buletin de Bucure\u0219ti\" \/>\n<meta property=\"article:publisher\" content=\"https:\/\/www.facebook.com\/buletin.de.buc\" \/>\n<meta property=\"article:published_time\" content=\"2022-04-11T18:09:09+00:00\" \/>\n<meta property=\"article:modified_time\" content=\"2022-04-11T18:10:20+00:00\" \/>\n<meta property=\"og:image\" content=\"https:\/\/buletin.de\/bucuresti\/wp-content\/uploads\/RADET-Alexandru-Dobre-770x540-1.jpg\" \/>\n\t<meta property=\"og:image:width\" content=\"770\" \/>\n\t<meta property=\"og:image:height\" content=\"540\" \/>\n\t<meta property=\"og:image:type\" content=\"image\/jpeg\" \/>\n<meta name=\"author\" content=\"Florin R\u00e2\u0219teiu\" \/>\n<meta name=\"twitter:card\" content=\"summary_large_image\" \/>\n<meta name=\"twitter:label1\" content=\"Written by\" \/>\n\t<meta name=\"twitter:data1\" content=\"Florin R\u00e2\u0219teiu\" \/>\n\t<meta name=\"twitter:label2\" content=\"Estimated reading time\" \/>\n\t<meta name=\"twitter:data2\" content=\"2 minutes\" \/>\n<script type=\"application\/ld+json\" class=\"yoast-schema-graph\">{\"@context\":\"https:\\\/\\\/schema.org\",\"@graph\":[{\"@type\":\"Article\",\"@id\":\"https:\\\/\\\/buletin.de\\\/bucuresti\\\/1-din-7-blocuri-din-bucuresti-nu-are-apa-calda-sectorul-5-e-pe-primul-loc\\\/#article\",\"isPartOf\":{\"@id\":\"https:\\\/\\\/buletin.de\\\/bucuresti\\\/1-din-7-blocuri-din-bucuresti-nu-are-apa-calda-sectorul-5-e-pe-primul-loc\\\/\"},\"author\":{\"name\":\"Florin R\u00e2\u0219teiu\",\"@id\":\"https:\\\/\\\/buletin.de\\\/bucuresti\\\/#\\\/schema\\\/person\\\/b0686d7a8b666c6afc78239777fd8a89\"},\"headline\":\"1 din 7 blocuri din Bucure\u0219ti nu are ap\u0103 cald\u0103. Cele mai multe, \u00een Sectorul 5\",\"datePublished\":\"2022-04-11T18:09:09+00:00\",\"dateModified\":\"2022-04-11T18:10:20+00:00\",\"mainEntityOfPage\":{\"@id\":\"https:\\\/\\\/buletin.de\\\/bucuresti\\\/1-din-7-blocuri-din-bucuresti-nu-are-apa-calda-sectorul-5-e-pe-primul-loc\\\/\"},\"wordCount\":300,\"publisher\":{\"@id\":\"https:\\\/\\\/buletin.de\\\/bucuresti\\\/#organization\"},\"image\":{\"@id\":\"https:\\\/\\\/buletin.de\\\/bucuresti\\\/1-din-7-blocuri-din-bucuresti-nu-are-apa-calda-sectorul-5-e-pe-primul-loc\\\/#primaryimage\"},\"thumbnailUrl\":\"https:\\\/\\\/buletin.de\\\/bucuresti\\\/wp-content\\\/uploads\\\/RADET-Alexandru-Dobre-770x540-1.jpg\",\"articleSection\":[\"\u0218tiri\"],\"inLanguage\":\"en-GB\",\"copyrightYear\":\"2022\",\"copyrightHolder\":{\"@id\":\"https:\\\/\\\/buletin.de\\\/bucuresti\\\/#organization\"}},{\"@type\":\"WebPage\",\"@id\":\"https:\\\/\\\/buletin.de\\\/bucuresti\\\/1-din-7-blocuri-din-bucuresti-nu-are-apa-calda-sectorul-5-e-pe-primul-loc\\\/\",\"url\":\"https:\\\/\\\/buletin.de\\\/bucuresti\\\/1-din-7-blocuri-din-bucuresti-nu-are-apa-calda-sectorul-5-e-pe-primul-loc\\\/\",\"name\":\"1 din 7 blocuri din Bucure\u0219ti nu are ap\u0103 cald\u0103. Cele mai multe, \u00een Sectorul 5 - Buletin de Bucure\u0219ti\",\"isPartOf\":{\"@id\":\"https:\\\/\\\/buletin.de\\\/bucuresti\\\/#website\"},\"primaryImageOfPage\":{\"@id\":\"https:\\\/\\\/buletin.de\\\/bucuresti\\\/1-din-7-blocuri-din-bucuresti-nu-are-apa-calda-sectorul-5-e-pe-primul-loc\\\/#primaryimage\"},\"image\":{\"@id\":\"https:\\\/\\\/buletin.de\\\/bucuresti\\\/1-din-7-blocuri-din-bucuresti-nu-are-apa-calda-sectorul-5-e-pe-primul-loc\\\/#primaryimage\"},\"thumbnailUrl\":\"https:\\\/\\\/buletin.de\\\/bucuresti\\\/wp-content\\\/uploads\\\/RADET-Alexandru-Dobre-770x540-1.jpg\",\"datePublished\":\"2022-04-11T18:09:09+00:00\",\"dateModified\":\"2022-04-11T18:10:20+00:00\",\"breadcrumb\":{\"@id\":\"https:\\\/\\\/buletin.de\\\/bucuresti\\\/1-din-7-blocuri-din-bucuresti-nu-are-apa-calda-sectorul-5-e-pe-primul-loc\\\/#breadcrumb\"},\"inLanguage\":\"en-GB\",\"potentialAction\":[{\"@type\":\"ReadAction\",\"target\":[\"https:\\\/\\\/buletin.de\\\/bucuresti\\\/1-din-7-blocuri-din-bucuresti-nu-are-apa-calda-sectorul-5-e-pe-primul-loc\\\/\"]}]},{\"@type\":\"ImageObject\",\"inLanguage\":\"en-GB\",\"@id\":\"https:\\\/\\\/buletin.de\\\/bucuresti\\\/1-din-7-blocuri-din-bucuresti-nu-are-apa-calda-sectorul-5-e-pe-primul-loc\\\/#primaryimage\",\"url\":\"https:\\\/\\\/buletin.de\\\/bucuresti\\\/wp-content\\\/uploads\\\/RADET-Alexandru-Dobre-770x540-1.jpg\",\"contentUrl\":\"https:\\\/\\\/buletin.de\\\/bucuresti\\\/wp-content\\\/uploads\\\/RADET-Alexandru-Dobre-770x540-1.jpg\",\"width\":770,\"height\":540,\"caption\":\"Mai multe echipamente si accesorii specifice activitatii Regiei Autonome de Distribuire a Energiei Termice (RADET) au fost prezentate in timpul unei conferinte de presa organizata de conducerea regiei ca urmare a deselor intreruperi ale livrarii de apa calda menajera si a incalzirii apartamentelor conectate la reteaua de termoficare a Bucurestiului, vineri 29 noiembrie 2019. ALEXANDRU DOBRE \\\/ MEDIAFAX FOTO\"},{\"@type\":\"BreadcrumbList\",\"@id\":\"https:\\\/\\\/buletin.de\\\/bucuresti\\\/1-din-7-blocuri-din-bucuresti-nu-are-apa-calda-sectorul-5-e-pe-primul-loc\\\/#breadcrumb\",\"itemListElement\":[{\"@type\":\"ListItem\",\"position\":1,\"name\":\"Acas\u0103\",\"item\":\"https:\\\/\\\/buletin.de\\\/bucuresti\\\/\"},{\"@type\":\"ListItem\",\"position\":2,\"name\":\"1 din 7 blocuri din Bucure\u0219ti nu are ap\u0103 cald\u0103. Cele mai multe, \u00een Sectorul 5\"}]},{\"@type\":\"WebSite\",\"@id\":\"https:\\\/\\\/buletin.de\\\/bucuresti\\\/#website\",\"url\":\"https:\\\/\\\/buletin.de\\\/bucuresti\\\/\",\"name\":\"Buletin de Bucure\u0219ti\",\"description\":\"\u0218tiri \u0219i investiga\u021bii esen\u021biale din capital\u0103\",\"publisher\":{\"@id\":\"https:\\\/\\\/buletin.de\\\/bucuresti\\\/#organization\"},\"potentialAction\":[{\"@type\":\"SearchAction\",\"target\":{\"@type\":\"EntryPoint\",\"urlTemplate\":\"https:\\\/\\\/buletin.de\\\/bucuresti\\\/?s={search_term_string}\"},\"query-input\":{\"@type\":\"PropertyValueSpecification\",\"valueRequired\":true,\"valueName\":\"search_term_string\"}}],\"inLanguage\":\"en-GB\"},{\"@type\":\"Organization\",\"@id\":\"https:\\\/\\\/buletin.de\\\/bucuresti\\\/#organization\",\"name\":\"Buletin de Bucure\u0219ti\",\"url\":\"https:\\\/\\\/buletin.de\\\/bucuresti\\\/\",\"logo\":{\"@type\":\"ImageObject\",\"inLanguage\":\"en-GB\",\"@id\":\"https:\\\/\\\/buletin.de\\\/bucuresti\\\/#\\\/schema\\\/logo\\\/image\\\/\",\"url\":\"https:\\\/\\\/buletin.de\\\/bucuresti\\\/wp-content\\\/uploads\\\/logo-bdb-full-wide-vernil-transparent.png\",\"contentUrl\":\"https:\\\/\\\/buletin.de\\\/bucuresti\\\/wp-content\\\/uploads\\\/logo-bdb-full-wide-vernil-transparent.png\",\"width\":1782,\"height\":626,\"caption\":\"Buletin de Bucure\u0219ti\"},\"image\":{\"@id\":\"https:\\\/\\\/buletin.de\\\/bucuresti\\\/#\\\/schema\\\/logo\\\/image\\\/\"},\"sameAs\":[\"https:\\\/\\\/www.facebook.com\\\/buletin.de.buc\",\"https:\\\/\\\/www.instagram.com\\\/buletinde.bucuresti\\\/\"]},{\"@type\":\"Person\",\"@id\":\"https:\\\/\\\/buletin.de\\\/bucuresti\\\/#\\\/schema\\\/person\\\/b0686d7a8b666c6afc78239777fd8a89\",\"name\":\"Florin R\u00e2\u0219teiu\",\"image\":{\"@type\":\"ImageObject\",\"inLanguage\":\"en-GB\",\"@id\":\"https:\\\/\\\/buletin.de\\\/bucuresti\\\/wp-content\\\/uploads\\\/Florin-Rasteiu-96x96.jpgf0a6fe28453aa12f0a60e4d0a2e3a78c\",\"url\":\"https:\\\/\\\/buletin.de\\\/bucuresti\\\/wp-content\\\/uploads\\\/Florin-Rasteiu-96x96.jpg\",\"contentUrl\":\"https:\\\/\\\/buletin.de\\\/bucuresti\\\/wp-content\\\/uploads\\\/Florin-Rasteiu-96x96.jpg\",\"caption\":\"Florin R\u00e2\u0219teiu\"},\"description\":\"Jurnalist de investiga\u021bie. Lucreaz\u0103 de aproape 6 ani la Buletin de Bucure\u0219ti, unde a publicat articole care scot la suprafa\u021b\u0103 corup\u021bia din Capital\u0103. Analizeaz\u0103 baze de date zilnic \u0219i scoate pove\u0219ti din exceluri pline de cifre. Pune reflectorul pe adev\u0103r cu fiecare ocazie. A c\u00e2\u0219tigat premiul I la categoria Pres\u0103 Local\u0103 \u00een 2025 \u0219i locul al II-lea la aceea\u0219i categorie \u00een 2024 \u00een cadrul Premiilor Superscrieri pentru jurnalism independent.\",\"url\":\"https:\\\/\\\/buletin.de\\\/bucuresti\\\/author\\\/florinrasteiu\\\/\"}]}<\/script>\n<!-- \/ Yoast SEO Premium plugin. -->","yoast_head_json":{"title":"1 din 7 blocuri din Bucure\u0219ti nu are ap\u0103 cald\u0103. Cele mai multe, \u00een Sectorul 5 - Buletin de Bucure\u0219ti","robots":{"index":"index","follow":"follow","max-snippet":"max-snippet:-1","max-image-preview":"max-image-preview:large","max-video-preview":"max-video-preview:-1"},"canonical":"https:\/\/buletin.de\/bucuresti\/1-din-7-blocuri-din-bucuresti-nu-are-apa-calda-sectorul-5-e-pe-primul-loc\/","og_locale":"en_GB","og_type":"article","og_title":"1 din 7 blocuri din Bucure\u0219ti nu are ap\u0103 cald\u0103. Cele mai multe, \u00een Sectorul 5","og_description":"Conform listei publicate, ast\u0103zi, de Compania Municipal\u0103 Termo Energetica Temoenergetica pu\u021bin peste 2000 de blocuri din totalul de 9358 au probleme cu apa cald\u0103. 14,4% dintre blocuri nu au deloc ap\u0103 cald\u0103, \u00een timp ce 7,1% sunt blocuri in furnizare. Sectorul 5 este pe primul loc la acest capitol cu peste 900 de blocuri f\u0103r\u0103 [&hellip;]","og_url":"https:\/\/buletin.de\/bucuresti\/1-din-7-blocuri-din-bucuresti-nu-are-apa-calda-sectorul-5-e-pe-primul-loc\/","og_site_name":"Buletin de Bucure\u0219ti","article_publisher":"https:\/\/www.facebook.com\/buletin.de.buc","article_published_time":"2022-04-11T18:09:09+00:00","article_modified_time":"2022-04-11T18:10:20+00:00","og_image":[{"width":770,"height":540,"url":"https:\/\/buletin.de\/bucuresti\/wp-content\/uploads\/RADET-Alexandru-Dobre-770x540-1.jpg","type":"image\/jpeg"}],"author":"Florin R\u00e2\u0219teiu","twitter_card":"summary_large_image","twitter_misc":{"Written by":"Florin R\u00e2\u0219teiu","Estimated reading time":"2 minutes"},"schema":{"@context":"https:\/\/schema.org","@graph":[{"@type":"Article","@id":"https:\/\/buletin.de\/bucuresti\/1-din-7-blocuri-din-bucuresti-nu-are-apa-calda-sectorul-5-e-pe-primul-loc\/#article","isPartOf":{"@id":"https:\/\/buletin.de\/bucuresti\/1-din-7-blocuri-din-bucuresti-nu-are-apa-calda-sectorul-5-e-pe-primul-loc\/"},"author":{"name":"Florin R\u00e2\u0219teiu","@id":"https:\/\/buletin.de\/bucuresti\/#\/schema\/person\/b0686d7a8b666c6afc78239777fd8a89"},"headline":"1 din 7 blocuri din Bucure\u0219ti nu are ap\u0103 cald\u0103. Cele mai multe, \u00een Sectorul 5","datePublished":"2022-04-11T18:09:09+00:00","dateModified":"2022-04-11T18:10:20+00:00","mainEntityOfPage":{"@id":"https:\/\/buletin.de\/bucuresti\/1-din-7-blocuri-din-bucuresti-nu-are-apa-calda-sectorul-5-e-pe-primul-loc\/"},"wordCount":300,"publisher":{"@id":"https:\/\/buletin.de\/bucuresti\/#organization"},"image":{"@id":"https:\/\/buletin.de\/bucuresti\/1-din-7-blocuri-din-bucuresti-nu-are-apa-calda-sectorul-5-e-pe-primul-loc\/#primaryimage"},"thumbnailUrl":"https:\/\/buletin.de\/bucuresti\/wp-content\/uploads\/RADET-Alexandru-Dobre-770x540-1.jpg","articleSection":["\u0218tiri"],"inLanguage":"en-GB","copyrightYear":"2022","copyrightHolder":{"@id":"https:\/\/buletin.de\/bucuresti\/#organization"}},{"@type":"WebPage","@id":"https:\/\/buletin.de\/bucuresti\/1-din-7-blocuri-din-bucuresti-nu-are-apa-calda-sectorul-5-e-pe-primul-loc\/","url":"https:\/\/buletin.de\/bucuresti\/1-din-7-blocuri-din-bucuresti-nu-are-apa-calda-sectorul-5-e-pe-primul-loc\/","name":"1 din 7 blocuri din Bucure\u0219ti nu are ap\u0103 cald\u0103. Cele mai multe, \u00een Sectorul 5 - Buletin de Bucure\u0219ti","isPartOf":{"@id":"https:\/\/buletin.de\/bucuresti\/#website"},"primaryImageOfPage":{"@id":"https:\/\/buletin.de\/bucuresti\/1-din-7-blocuri-din-bucuresti-nu-are-apa-calda-sectorul-5-e-pe-primul-loc\/#primaryimage"},"image":{"@id":"https:\/\/buletin.de\/bucuresti\/1-din-7-blocuri-din-bucuresti-nu-are-apa-calda-sectorul-5-e-pe-primul-loc\/#primaryimage"},"thumbnailUrl":"https:\/\/buletin.de\/bucuresti\/wp-content\/uploads\/RADET-Alexandru-Dobre-770x540-1.jpg","datePublished":"2022-04-11T18:09:09+00:00","dateModified":"2022-04-11T18:10:20+00:00","breadcrumb":{"@id":"https:\/\/buletin.de\/bucuresti\/1-din-7-blocuri-din-bucuresti-nu-are-apa-calda-sectorul-5-e-pe-primul-loc\/#breadcrumb"},"inLanguage":"en-GB","potentialAction":[{"@type":"ReadAction","target":["https:\/\/buletin.de\/bucuresti\/1-din-7-blocuri-din-bucuresti-nu-are-apa-calda-sectorul-5-e-pe-primul-loc\/"]}]},{"@type":"ImageObject","inLanguage":"en-GB","@id":"https:\/\/buletin.de\/bucuresti\/1-din-7-blocuri-din-bucuresti-nu-are-apa-calda-sectorul-5-e-pe-primul-loc\/#primaryimage","url":"https:\/\/buletin.de\/bucuresti\/wp-content\/uploads\/RADET-Alexandru-Dobre-770x540-1.jpg","contentUrl":"https:\/\/buletin.de\/bucuresti\/wp-content\/uploads\/RADET-Alexandru-Dobre-770x540-1.jpg","width":770,"height":540,"caption":"Mai multe echipamente si accesorii specifice activitatii Regiei Autonome de Distribuire a Energiei Termice (RADET) au fost prezentate in timpul unei conferinte de presa organizata de conducerea regiei ca urmare a deselor intreruperi ale livrarii de apa calda menajera si a incalzirii apartamentelor conectate la reteaua de termoficare a Bucurestiului, vineri 29 noiembrie 2019. ALEXANDRU DOBRE \/ MEDIAFAX FOTO"},{"@type":"BreadcrumbList","@id":"https:\/\/buletin.de\/bucuresti\/1-din-7-blocuri-din-bucuresti-nu-are-apa-calda-sectorul-5-e-pe-primul-loc\/#breadcrumb","itemListElement":[{"@type":"ListItem","position":1,"name":"Acas\u0103","item":"https:\/\/buletin.de\/bucuresti\/"},{"@type":"ListItem","position":2,"name":"1 din 7 blocuri din Bucure\u0219ti nu are ap\u0103 cald\u0103. Cele mai multe, \u00een Sectorul 5"}]},{"@type":"WebSite","@id":"https:\/\/buletin.de\/bucuresti\/#website","url":"https:\/\/buletin.de\/bucuresti\/","name":"Buletin de Bucure\u0219ti","description":"\u0218tiri \u0219i investiga\u021bii esen\u021biale din capital\u0103","publisher":{"@id":"https:\/\/buletin.de\/bucuresti\/#organization"},"potentialAction":[{"@type":"SearchAction","target":{"@type":"EntryPoint","urlTemplate":"https:\/\/buletin.de\/bucuresti\/?s={search_term_string}"},"query-input":{"@type":"PropertyValueSpecification","valueRequired":true,"valueName":"search_term_string"}}],"inLanguage":"en-GB"},{"@type":"Organization","@id":"https:\/\/buletin.de\/bucuresti\/#organization","name":"Buletin de Bucure\u0219ti","url":"https:\/\/buletin.de\/bucuresti\/","logo":{"@type":"ImageObject","inLanguage":"en-GB","@id":"https:\/\/buletin.de\/bucuresti\/#\/schema\/logo\/image\/","url":"https:\/\/buletin.de\/bucuresti\/wp-content\/uploads\/logo-bdb-full-wide-vernil-transparent.png","contentUrl":"https:\/\/buletin.de\/bucuresti\/wp-content\/uploads\/logo-bdb-full-wide-vernil-transparent.png","width":1782,"height":626,"caption":"Buletin de Bucure\u0219ti"},"image":{"@id":"https:\/\/buletin.de\/bucuresti\/#\/schema\/logo\/image\/"},"sameAs":["https:\/\/www.facebook.com\/buletin.de.buc","https:\/\/www.instagram.com\/buletinde.bucuresti\/"]},{"@type":"Person","@id":"https:\/\/buletin.de\/bucuresti\/#\/schema\/person\/b0686d7a8b666c6afc78239777fd8a89","name":"Florin R\u00e2\u0219teiu","image":{"@type":"ImageObject","inLanguage":"en-GB","@id":"https:\/\/buletin.de\/bucuresti\/wp-content\/uploads\/Florin-Rasteiu-96x96.jpgf0a6fe28453aa12f0a60e4d0a2e3a78c","url":"https:\/\/buletin.de\/bucuresti\/wp-content\/uploads\/Florin-Rasteiu-96x96.jpg","contentUrl":"https:\/\/buletin.de\/bucuresti\/wp-content\/uploads\/Florin-Rasteiu-96x96.jpg","caption":"Florin R\u00e2\u0219teiu"},"description":"Jurnalist de investiga\u021bie. Lucreaz\u0103 de aproape 6 ani la Buletin de Bucure\u0219ti, unde a publicat articole care scot la suprafa\u021b\u0103 corup\u021bia din Capital\u0103. Analizeaz\u0103 baze de date zilnic \u0219i scoate pove\u0219ti din exceluri pline de cifre. Pune reflectorul pe adev\u0103r cu fiecare ocazie. A c\u00e2\u0219tigat premiul I la categoria Pres\u0103 Local\u0103 \u00een 2025 \u0219i locul al II-lea la aceea\u0219i categorie \u00een 2024 \u00een cadrul Premiilor Superscrieri pentru jurnalism independent.","url":"https:\/\/buletin.de\/bucuresti\/author\/florinrasteiu\/"}]}},"authors":[{"term_id":22576,"user_id":17,"is_guest":0,"slug":"florinrasteiu","display_name":"Florin R\u00e2\u0219teiu","avatar_url":"https:\/\/buletin.de\/bucuresti\/wp-content\/uploads\/Florin-Rasteiu-96x96.jpg","0":null,"1":"","2":"","3":"","4":"","5":"","6":"","7":"","8":""}],"_links":{"self":[{"href":"https:\/\/buletin.de\/bucuresti\/wp-json\/wp\/v2\/posts\/41681","targetHints":{"allow":["GET"]}}],"collection":[{"href":"https:\/\/buletin.de\/bucuresti\/wp-json\/wp\/v2\/posts"}],"about":[{"href":"https:\/\/buletin.de\/bucuresti\/wp-json\/wp\/v2\/types\/post"}],"author":[{"embeddable":true,"href":"https:\/\/buletin.de\/bucuresti\/wp-json\/wp\/v2\/users\/17"}],"replies":[{"embeddable":true,"href":"https:\/\/buletin.de\/bucuresti\/wp-json\/wp\/v2\/comments?post=41681"}],"version-history":[{"count":3,"href":"https:\/\/buletin.de\/bucuresti\/wp-json\/wp\/v2\/posts\/41681\/revisions"}],"predecessor-version":[{"id":41686,"href":"https:\/\/buletin.de\/bucuresti\/wp-json\/wp\/v2\/posts\/41681\/revisions\/41686"}],"wp:featuredmedia":[{"embeddable":true,"href":"https:\/\/buletin.de\/bucuresti\/wp-json\/wp\/v2\/media\/9253"}],"wp:attachment":[{"href":"https:\/\/buletin.de\/bucuresti\/wp-json\/wp\/v2\/media?parent=41681"}],"wp:term":[{"taxonomy":"category","embeddable":true,"href":"https:\/\/buletin.de\/bucuresti\/wp-json\/wp\/v2\/categories?post=41681"},{"taxonomy":"post_tag","embeddable":true,"href":"https:\/\/buletin.de\/bucuresti\/wp-json\/wp\/v2\/tags?post=41681"},{"taxonomy":"author","embeddable":true,"href":"https:\/\/buletin.de\/bucuresti\/wp-json\/wp\/v2\/ppma_author?post=41681"}],"curies":[{"name":"wp","href":"https:\/\/api.w.org\/{rel}","templated":true}]}}