{"id":41674,"date":"2022-04-11T14:11:08","date_gmt":"2022-04-11T12:11:08","guid":{"rendered":"https:\/\/buletin.de\/bucuresti\/?p=41674"},"modified":"2022-04-11T14:12:14","modified_gmt":"2022-04-11T12:12:14","slug":"rafila-o-repune-in-scaun-pe-cristina-pelin-la-dsp-bucuresti-cea-care-a-demisionat-pandemie-dupa-un-scandal","status":"publish","type":"post","link":"https:\/\/buletin.de\/bucuresti\/rafila-o-repune-in-scaun-pe-cristina-pelin-la-dsp-bucuresti-cea-care-a-demisionat-pandemie-dupa-un-scandal\/","title":{"rendered":"Rafila o repune \u00een scaun pe Cristina Pelin la DSP Bucure\u0219ti, cea care a demisionat la \u00eenceputul pandemiei dup\u0103 un scandal"},"content":{"rendered":"\n<p>Ministrul S\u0103n\u0103t\u0103\u021bii a decis s\u0103 schimbe conducerea DSP Bucure\u0219ti \u0219i a readus-o \u00een fotoliul de director pe Cristina Pelin. Joi, 7 aprilie, a fost ultima zi de munc\u0103 \u00een aceast\u0103 func\u021bie a Oanei Nicolescu, cea care a manageriat direc\u021bia pe perioada pandemiei. <\/p>\n\n\n\n<p><\/p>\n\n\n\n<div class=\"wp-block-media-text alignwide is-stacked-on-mobile\"><figure class=\"wp-block-media-text__media\"><img fetchpriority=\"high\" decoding=\"async\" width=\"900\" height=\"419\" src=\"data:image\/gif;base64,R0lGODlhAQABAAAAACH5BAEKAAEALAAAAAABAAEAAAICTAEAOw==\" data-src=\"https:\/\/buletin.de\/bucuresti\/wp-content\/uploads\/image-1197-900x419.png\" alt=\"\" class=\"wp-image-41675 size-full lazyload\" data-sizes=\"auto\" data-srcset=\"https:\/\/buletin.de\/bucuresti\/wp-content\/uploads\/image-1197-900x419.png 900w, https:\/\/buletin.de\/bucuresti\/wp-content\/uploads\/image-1197-300x140.png 300w, https:\/\/buletin.de\/bucuresti\/wp-content\/uploads\/image-1197-768x358.png 768w, https:\/\/buletin.de\/bucuresti\/wp-content\/uploads\/image-1197-1060x494.png 1060w, https:\/\/buletin.de\/bucuresti\/wp-content\/uploads\/image-1197-550x256.png 550w, https:\/\/buletin.de\/bucuresti\/wp-content\/uploads\/image-1197-1074x500.png 1074w, https:\/\/buletin.de\/bucuresti\/wp-content\/uploads\/image-1197-600x279.png 600w, https:\/\/buletin.de\/bucuresti\/wp-content\/uploads\/image-1197.png 1168w\" sizes=\"(max-width: 900px) 100vw, 900px\" \/><\/figure><div class=\"wp-block-media-text__content\">\n<p class=\"has-normal-font-size\"> Modificarea apare deja pe site-ul direc\u021biei <\/p>\n<\/div><\/div>\n\n\n\n<p>Cristina Lumini\u021ba Pelin a mai fost director al DSP Bucure\u0219ti, timp de 5 ani, f\u0103r\u0103 concurs. Din 2015 \u0219i p\u0103n\u0103 \u00een prima lun\u0103 a pandemiei. Pe 5 martie 2020, Pelin \u0219i-a anun\u021bat demisia dup\u0103 un scandal legat de modul \u00een care angaja\u021bii <a href=\"http:\/\/stiri.tvr.ro\/sefa-dsp-bucuresti-cristina-pelin-a-demisionat_857486.html#view\">direc\u021biei gestionaser\u0103 primele cazuri de coronavirus<\/a>.  Un b\u0103rbat venit din Italia reclamase c\u0103 a sunat de 17 ori la DSP p\u00e2n\u0103 s\u0103 ia contact cu cineva.<\/p>\n\n\n\n<p>\u00cen locul Cristinei Pelin, ministrul S\u0103n\u0103t\u0103\u021bii de la acea vreme, Victor Costache a numit la conducerea DSP Bucure\u0219ti pe Laura Acatrinei, care a rezistat \u00eens\u0103 \u00een aceast\u0103 func\u021bie doar p\u00e2n\u0103 \u00een mai 2020. Numit ministru al S\u0103n\u0103t\u0103\u021bii \u00een locul lui Costache, Nelu T\u0103taru, a adus-o \u00een locul acesteia, la conducerea direc\u021biei pe Oana Nicolescu, cea care a \u0219i r\u0103mas director p\u00e2n\u0103 s\u0103pt\u0103m\u00e2na trecut\u0103.<\/p>\n\n\n\n<p>\u00cen august 2020, acela\u0219i ministru Nelu T\u0103taru a anun\u021bat c\u0103 generalul Ionel Oprea a preluat coordonarea DSP Bucure\u0219ti, f\u0103r\u0103 ca directorul \u00een func\u021bie, Oana Nicolescu, s\u0103 fie demis\u0103. T\u0103taru a explicat \u00een acel moment, c\u0103 la nivelul Ministerului S\u0103n\u0103t\u0103\u0163ii exist\u0103 o comisie, format\u0103 din \u015fefi ai unor direc\u0163ii, care are \u201emisiunea ca \u00een urm\u0103toarea lun\u0103 s\u0103 reorganizeze Direc\u0163iile de S\u0103n\u0103tate Public\u0103, pe aceea\u015fi structur\u0103 liniar\u0103, de sus p\u00e2n\u0103 jos, cu toate direc\u0163iile din minister \u015fi s\u0103 existe o colaborare \u015fi un control permanent asupra activit\u0103\u0163ii din teritoriu\u201d. Misiunea generalului Oprea s-a terminat dup\u0103 o lun\u0103 iar reorganizarea n-a mai avut loc. <\/p>\n\n\n\n<p>Alexandru Rafila a semnat s\u0103pt\u0103m\u00e2na trecut\u0103 numirea Cristinei Pelin la conducerea DSP Bucure\u0219ti \u00eencep\u00e2nd cu 7 aprilie.Fostul director, Oana Nicolescu, spune c\u0103 nu este vorba de o demitere ci pur \u0219i simplu mandatul s\u0103u la conducerea direc\u021biei s-a \u00eencheiat. <\/p>\n\n\n\n<p>&#8220;Mandatul pt care l-am primit \u00een urma cu 2 ani, a ajuns la sfarsit! Am reprezentat cu responsabilitate DSP Bucuresti \u00een cea mai grea perioada din istoria acestei institu\u021bii si ma bucur ca am putut sa fiu parte din imensa mobilizare de forte pentru gestionarea acestei pandemii,r\u0103m\u00e2n aproape dac\u0103 se considera ca pot fi de folos in proiectele viitoare, va asigur ca indiferent de unde ma voi afla profesional, nu voi ezita sa va ajut cum pot. Cu siguranta experienta profesionla acumulata o sa ma ajute \u00een proiectele viitoare!&#8221;, a declarat, pentru Buletin de Bucure\u0219ti, Oana Nicolescu, fostul manager al DSP Bucure\u0219ti.<\/p>\n\n\n\n<p><\/p>\n\n\n\n<p>Sursa foto Cover Inquam Photos \/ Octav Ganea<\/p>\n","protected":false},"excerpt":{"rendered":"<p>Ministrul S\u0103n\u0103t\u0103\u021bii a decis s\u0103 schimbe conducerea DSP Bucure\u0219ti \u0219i a readus-o \u00een fotoliul de director pe Cristina Pelin. Joi, 7 aprilie, a fost ultima zi de munc\u0103 \u00een aceast\u0103 func\u021bie a Oanei Nicolescu, cea care a manageriat direc\u021bia pe perioada pandemiei. Modificarea apare deja pe site-ul direc\u021biei Cristina Lumini\u021ba Pelin a mai fost director [&hellip;]<\/p>\n","protected":false},"author":18,"featured_media":41678,"comment_status":"closed","ping_status":"open","sticky":false,"template":"","format":"standard","meta":{"_acf_changed":false,"inline_featured_image":false,"ngg_post_thumbnail":0,"footnotes":""},"categories":[62],"tags":[],"ppma_author":[22579],"class_list":["post-41674","post","type-post","status-publish","format-standard","has-post-thumbnail","hentry","category-stiri"],"acf":[],"yoast_head":"<!-- This site is optimized with the Yoast SEO Premium plugin v25.3 (Yoast SEO v27.5) - https:\/\/yoast.com\/product\/yoast-seo-premium-wordpress\/ -->\n<title>Rafila o repune \u00een scaun pe Cristina Pelin la DSP Bucure\u0219ti, cea care a demisionat la \u00eenceputul pandemiei dup\u0103 un scandal - Buletin de Bucure\u0219ti<\/title>\n<meta name=\"robots\" content=\"index, follow, max-snippet:-1, max-image-preview:large, max-video-preview:-1\" \/>\n<link rel=\"canonical\" href=\"https:\/\/buletin.de\/bucuresti\/rafila-o-repune-in-scaun-pe-cristina-pelin-la-dsp-bucuresti-cea-care-a-demisionat-pandemie-dupa-un-scandal\/\" \/>\n<meta property=\"og:locale\" content=\"en_GB\" \/>\n<meta property=\"og:type\" content=\"article\" \/>\n<meta property=\"og:title\" content=\"Rafila o repune \u00een scaun pe Cristina Pelin la DSP Bucure\u0219ti, cea care a demisionat la \u00eenceputul pandemiei dup\u0103 un scandal\" \/>\n<meta property=\"og:description\" content=\"Ministrul S\u0103n\u0103t\u0103\u021bii a decis s\u0103 schimbe conducerea DSP Bucure\u0219ti \u0219i a readus-o \u00een fotoliul de director pe Cristina Pelin. Joi, 7 aprilie, a fost ultima zi de munc\u0103 \u00een aceast\u0103 func\u021bie a Oanei Nicolescu, cea care a manageriat direc\u021bia pe perioada pandemiei. Modificarea apare deja pe site-ul direc\u021biei Cristina Lumini\u021ba Pelin a mai fost director [&hellip;]\" \/>\n<meta property=\"og:url\" content=\"https:\/\/buletin.de\/bucuresti\/rafila-o-repune-in-scaun-pe-cristina-pelin-la-dsp-bucuresti-cea-care-a-demisionat-pandemie-dupa-un-scandal\/\" \/>\n<meta property=\"og:site_name\" content=\"Buletin de Bucure\u0219ti\" \/>\n<meta property=\"article:publisher\" content=\"https:\/\/www.facebook.com\/buletin.de.buc\" \/>\n<meta property=\"article:published_time\" content=\"2022-04-11T12:11:08+00:00\" \/>\n<meta property=\"article:modified_time\" content=\"2022-04-11T12:12:14+00:00\" \/>\n<meta property=\"og:image\" content=\"https:\/\/buletin.de\/bucuresti\/wp-content\/uploads\/pelin.jpg\" \/>\n\t<meta property=\"og:image:width\" content=\"1600\" \/>\n\t<meta property=\"og:image:height\" content=\"1066\" \/>\n\t<meta property=\"og:image:type\" content=\"image\/jpeg\" \/>\n<meta name=\"author\" content=\"Teodora Stroe\" \/>\n<meta name=\"twitter:card\" content=\"summary_large_image\" \/>\n<meta name=\"twitter:label1\" content=\"Written by\" \/>\n\t<meta name=\"twitter:data1\" content=\"Teodora Stroe\" \/>\n\t<meta name=\"twitter:label2\" content=\"Estimated reading time\" \/>\n\t<meta name=\"twitter:data2\" content=\"3 minutes\" \/>\n<script type=\"application\/ld+json\" class=\"yoast-schema-graph\">{\"@context\":\"https:\\\/\\\/schema.org\",\"@graph\":[{\"@type\":\"Article\",\"@id\":\"https:\\\/\\\/buletin.de\\\/bucuresti\\\/rafila-o-repune-in-scaun-pe-cristina-pelin-la-dsp-bucuresti-cea-care-a-demisionat-pandemie-dupa-un-scandal\\\/#article\",\"isPartOf\":{\"@id\":\"https:\\\/\\\/buletin.de\\\/bucuresti\\\/rafila-o-repune-in-scaun-pe-cristina-pelin-la-dsp-bucuresti-cea-care-a-demisionat-pandemie-dupa-un-scandal\\\/\"},\"author\":{\"name\":\"Teodora Stroe\",\"@id\":\"https:\\\/\\\/buletin.de\\\/bucuresti\\\/#\\\/schema\\\/person\\\/d369d7ddc775abece205795e0b804614\"},\"headline\":\"Rafila o repune \u00een scaun pe Cristina Pelin la DSP Bucure\u0219ti, cea care a demisionat la \u00eenceputul pandemiei dup\u0103 un scandal\",\"datePublished\":\"2022-04-11T12:11:08+00:00\",\"dateModified\":\"2022-04-11T12:12:14+00:00\",\"mainEntityOfPage\":{\"@id\":\"https:\\\/\\\/buletin.de\\\/bucuresti\\\/rafila-o-repune-in-scaun-pe-cristina-pelin-la-dsp-bucuresti-cea-care-a-demisionat-pandemie-dupa-un-scandal\\\/\"},\"wordCount\":505,\"publisher\":{\"@id\":\"https:\\\/\\\/buletin.de\\\/bucuresti\\\/#organization\"},\"image\":{\"@id\":\"https:\\\/\\\/buletin.de\\\/bucuresti\\\/rafila-o-repune-in-scaun-pe-cristina-pelin-la-dsp-bucuresti-cea-care-a-demisionat-pandemie-dupa-un-scandal\\\/#primaryimage\"},\"thumbnailUrl\":\"https:\\\/\\\/buletin.de\\\/bucuresti\\\/wp-content\\\/uploads\\\/pelin.jpg\",\"articleSection\":[\"\u0218tiri\"],\"inLanguage\":\"en-GB\",\"copyrightYear\":\"2022\",\"copyrightHolder\":{\"@id\":\"https:\\\/\\\/buletin.de\\\/bucuresti\\\/#organization\"}},{\"@type\":\"WebPage\",\"@id\":\"https:\\\/\\\/buletin.de\\\/bucuresti\\\/rafila-o-repune-in-scaun-pe-cristina-pelin-la-dsp-bucuresti-cea-care-a-demisionat-pandemie-dupa-un-scandal\\\/\",\"url\":\"https:\\\/\\\/buletin.de\\\/bucuresti\\\/rafila-o-repune-in-scaun-pe-cristina-pelin-la-dsp-bucuresti-cea-care-a-demisionat-pandemie-dupa-un-scandal\\\/\",\"name\":\"Rafila o repune \u00een scaun pe Cristina Pelin la DSP Bucure\u0219ti, cea care a demisionat la \u00eenceputul pandemiei dup\u0103 un scandal - Buletin de Bucure\u0219ti\",\"isPartOf\":{\"@id\":\"https:\\\/\\\/buletin.de\\\/bucuresti\\\/#website\"},\"primaryImageOfPage\":{\"@id\":\"https:\\\/\\\/buletin.de\\\/bucuresti\\\/rafila-o-repune-in-scaun-pe-cristina-pelin-la-dsp-bucuresti-cea-care-a-demisionat-pandemie-dupa-un-scandal\\\/#primaryimage\"},\"image\":{\"@id\":\"https:\\\/\\\/buletin.de\\\/bucuresti\\\/rafila-o-repune-in-scaun-pe-cristina-pelin-la-dsp-bucuresti-cea-care-a-demisionat-pandemie-dupa-un-scandal\\\/#primaryimage\"},\"thumbnailUrl\":\"https:\\\/\\\/buletin.de\\\/bucuresti\\\/wp-content\\\/uploads\\\/pelin.jpg\",\"datePublished\":\"2022-04-11T12:11:08+00:00\",\"dateModified\":\"2022-04-11T12:12:14+00:00\",\"breadcrumb\":{\"@id\":\"https:\\\/\\\/buletin.de\\\/bucuresti\\\/rafila-o-repune-in-scaun-pe-cristina-pelin-la-dsp-bucuresti-cea-care-a-demisionat-pandemie-dupa-un-scandal\\\/#breadcrumb\"},\"inLanguage\":\"en-GB\",\"potentialAction\":[{\"@type\":\"ReadAction\",\"target\":[\"https:\\\/\\\/buletin.de\\\/bucuresti\\\/rafila-o-repune-in-scaun-pe-cristina-pelin-la-dsp-bucuresti-cea-care-a-demisionat-pandemie-dupa-un-scandal\\\/\"]}]},{\"@type\":\"ImageObject\",\"inLanguage\":\"en-GB\",\"@id\":\"https:\\\/\\\/buletin.de\\\/bucuresti\\\/rafila-o-repune-in-scaun-pe-cristina-pelin-la-dsp-bucuresti-cea-care-a-demisionat-pandemie-dupa-un-scandal\\\/#primaryimage\",\"url\":\"https:\\\/\\\/buletin.de\\\/bucuresti\\\/wp-content\\\/uploads\\\/pelin.jpg\",\"contentUrl\":\"https:\\\/\\\/buletin.de\\\/bucuresti\\\/wp-content\\\/uploads\\\/pelin.jpg\",\"width\":1600,\"height\":1066},{\"@type\":\"BreadcrumbList\",\"@id\":\"https:\\\/\\\/buletin.de\\\/bucuresti\\\/rafila-o-repune-in-scaun-pe-cristina-pelin-la-dsp-bucuresti-cea-care-a-demisionat-pandemie-dupa-un-scandal\\\/#breadcrumb\",\"itemListElement\":[{\"@type\":\"ListItem\",\"position\":1,\"name\":\"Acas\u0103\",\"item\":\"https:\\\/\\\/buletin.de\\\/bucuresti\\\/\"},{\"@type\":\"ListItem\",\"position\":2,\"name\":\"Rafila o repune \u00een scaun pe Cristina Pelin la DSP Bucure\u0219ti, cea care a demisionat la \u00eenceputul pandemiei dup\u0103 un scandal\"}]},{\"@type\":\"WebSite\",\"@id\":\"https:\\\/\\\/buletin.de\\\/bucuresti\\\/#website\",\"url\":\"https:\\\/\\\/buletin.de\\\/bucuresti\\\/\",\"name\":\"Buletin de Bucure\u0219ti\",\"description\":\"\u0218tiri \u0219i investiga\u021bii esen\u021biale din capital\u0103\",\"publisher\":{\"@id\":\"https:\\\/\\\/buletin.de\\\/bucuresti\\\/#organization\"},\"potentialAction\":[{\"@type\":\"SearchAction\",\"target\":{\"@type\":\"EntryPoint\",\"urlTemplate\":\"https:\\\/\\\/buletin.de\\\/bucuresti\\\/?s={search_term_string}\"},\"query-input\":{\"@type\":\"PropertyValueSpecification\",\"valueRequired\":true,\"valueName\":\"search_term_string\"}}],\"inLanguage\":\"en-GB\"},{\"@type\":\"Organization\",\"@id\":\"https:\\\/\\\/buletin.de\\\/bucuresti\\\/#organization\",\"name\":\"Buletin de Bucure\u0219ti\",\"url\":\"https:\\\/\\\/buletin.de\\\/bucuresti\\\/\",\"logo\":{\"@type\":\"ImageObject\",\"inLanguage\":\"en-GB\",\"@id\":\"https:\\\/\\\/buletin.de\\\/bucuresti\\\/#\\\/schema\\\/logo\\\/image\\\/\",\"url\":\"https:\\\/\\\/buletin.de\\\/bucuresti\\\/wp-content\\\/uploads\\\/logo-bdb-full-wide-vernil-transparent.png\",\"contentUrl\":\"https:\\\/\\\/buletin.de\\\/bucuresti\\\/wp-content\\\/uploads\\\/logo-bdb-full-wide-vernil-transparent.png\",\"width\":1782,\"height\":626,\"caption\":\"Buletin de Bucure\u0219ti\"},\"image\":{\"@id\":\"https:\\\/\\\/buletin.de\\\/bucuresti\\\/#\\\/schema\\\/logo\\\/image\\\/\"},\"sameAs\":[\"https:\\\/\\\/www.facebook.com\\\/buletin.de.buc\",\"https:\\\/\\\/www.instagram.com\\\/buletinde.bucuresti\\\/\"]},{\"@type\":\"Person\",\"@id\":\"https:\\\/\\\/buletin.de\\\/bucuresti\\\/#\\\/schema\\\/person\\\/d369d7ddc775abece205795e0b804614\",\"name\":\"Teodora Stroe\",\"image\":{\"@type\":\"ImageObject\",\"inLanguage\":\"en-GB\",\"@id\":\"https:\\\/\\\/secure.gravatar.com\\\/avatar\\\/2560b4cd9f5f1bc100b123158e657d75584bd1c3e1d9c69285720b9457c1b78d?s=96&d=monsterid&r=gc104800242ba5f2d78dd5d7dc4df08b6\",\"url\":\"https:\\\/\\\/secure.gravatar.com\\\/avatar\\\/2560b4cd9f5f1bc100b123158e657d75584bd1c3e1d9c69285720b9457c1b78d?s=96&d=monsterid&r=g\",\"contentUrl\":\"https:\\\/\\\/secure.gravatar.com\\\/avatar\\\/2560b4cd9f5f1bc100b123158e657d75584bd1c3e1d9c69285720b9457c1b78d?s=96&d=monsterid&r=g\",\"caption\":\"Teodora Stroe\"},\"url\":\"https:\\\/\\\/buletin.de\\\/bucuresti\\\/author\\\/simonacarlugea\\\/\"}]}<\/script>\n<!-- \/ Yoast SEO Premium plugin. -->","yoast_head_json":{"title":"Rafila o repune \u00een scaun pe Cristina Pelin la DSP Bucure\u0219ti, cea care a demisionat la \u00eenceputul pandemiei dup\u0103 un scandal - Buletin de Bucure\u0219ti","robots":{"index":"index","follow":"follow","max-snippet":"max-snippet:-1","max-image-preview":"max-image-preview:large","max-video-preview":"max-video-preview:-1"},"canonical":"https:\/\/buletin.de\/bucuresti\/rafila-o-repune-in-scaun-pe-cristina-pelin-la-dsp-bucuresti-cea-care-a-demisionat-pandemie-dupa-un-scandal\/","og_locale":"en_GB","og_type":"article","og_title":"Rafila o repune \u00een scaun pe Cristina Pelin la DSP Bucure\u0219ti, cea care a demisionat la \u00eenceputul pandemiei dup\u0103 un scandal","og_description":"Ministrul S\u0103n\u0103t\u0103\u021bii a decis s\u0103 schimbe conducerea DSP Bucure\u0219ti \u0219i a readus-o \u00een fotoliul de director pe Cristina Pelin. Joi, 7 aprilie, a fost ultima zi de munc\u0103 \u00een aceast\u0103 func\u021bie a Oanei Nicolescu, cea care a manageriat direc\u021bia pe perioada pandemiei. Modificarea apare deja pe site-ul direc\u021biei Cristina Lumini\u021ba Pelin a mai fost director [&hellip;]","og_url":"https:\/\/buletin.de\/bucuresti\/rafila-o-repune-in-scaun-pe-cristina-pelin-la-dsp-bucuresti-cea-care-a-demisionat-pandemie-dupa-un-scandal\/","og_site_name":"Buletin de Bucure\u0219ti","article_publisher":"https:\/\/www.facebook.com\/buletin.de.buc","article_published_time":"2022-04-11T12:11:08+00:00","article_modified_time":"2022-04-11T12:12:14+00:00","og_image":[{"width":1600,"height":1066,"url":"https:\/\/buletin.de\/bucuresti\/wp-content\/uploads\/pelin.jpg","type":"image\/jpeg"}],"author":"Teodora Stroe","twitter_card":"summary_large_image","twitter_misc":{"Written by":"Teodora Stroe","Estimated reading time":"3 minutes"},"schema":{"@context":"https:\/\/schema.org","@graph":[{"@type":"Article","@id":"https:\/\/buletin.de\/bucuresti\/rafila-o-repune-in-scaun-pe-cristina-pelin-la-dsp-bucuresti-cea-care-a-demisionat-pandemie-dupa-un-scandal\/#article","isPartOf":{"@id":"https:\/\/buletin.de\/bucuresti\/rafila-o-repune-in-scaun-pe-cristina-pelin-la-dsp-bucuresti-cea-care-a-demisionat-pandemie-dupa-un-scandal\/"},"author":{"name":"Teodora Stroe","@id":"https:\/\/buletin.de\/bucuresti\/#\/schema\/person\/d369d7ddc775abece205795e0b804614"},"headline":"Rafila o repune \u00een scaun pe Cristina Pelin la DSP Bucure\u0219ti, cea care a demisionat la \u00eenceputul pandemiei dup\u0103 un scandal","datePublished":"2022-04-11T12:11:08+00:00","dateModified":"2022-04-11T12:12:14+00:00","mainEntityOfPage":{"@id":"https:\/\/buletin.de\/bucuresti\/rafila-o-repune-in-scaun-pe-cristina-pelin-la-dsp-bucuresti-cea-care-a-demisionat-pandemie-dupa-un-scandal\/"},"wordCount":505,"publisher":{"@id":"https:\/\/buletin.de\/bucuresti\/#organization"},"image":{"@id":"https:\/\/buletin.de\/bucuresti\/rafila-o-repune-in-scaun-pe-cristina-pelin-la-dsp-bucuresti-cea-care-a-demisionat-pandemie-dupa-un-scandal\/#primaryimage"},"thumbnailUrl":"https:\/\/buletin.de\/bucuresti\/wp-content\/uploads\/pelin.jpg","articleSection":["\u0218tiri"],"inLanguage":"en-GB","copyrightYear":"2022","copyrightHolder":{"@id":"https:\/\/buletin.de\/bucuresti\/#organization"}},{"@type":"WebPage","@id":"https:\/\/buletin.de\/bucuresti\/rafila-o-repune-in-scaun-pe-cristina-pelin-la-dsp-bucuresti-cea-care-a-demisionat-pandemie-dupa-un-scandal\/","url":"https:\/\/buletin.de\/bucuresti\/rafila-o-repune-in-scaun-pe-cristina-pelin-la-dsp-bucuresti-cea-care-a-demisionat-pandemie-dupa-un-scandal\/","name":"Rafila o repune \u00een scaun pe Cristina Pelin la DSP Bucure\u0219ti, cea care a demisionat la \u00eenceputul pandemiei dup\u0103 un scandal - Buletin de Bucure\u0219ti","isPartOf":{"@id":"https:\/\/buletin.de\/bucuresti\/#website"},"primaryImageOfPage":{"@id":"https:\/\/buletin.de\/bucuresti\/rafila-o-repune-in-scaun-pe-cristina-pelin-la-dsp-bucuresti-cea-care-a-demisionat-pandemie-dupa-un-scandal\/#primaryimage"},"image":{"@id":"https:\/\/buletin.de\/bucuresti\/rafila-o-repune-in-scaun-pe-cristina-pelin-la-dsp-bucuresti-cea-care-a-demisionat-pandemie-dupa-un-scandal\/#primaryimage"},"thumbnailUrl":"https:\/\/buletin.de\/bucuresti\/wp-content\/uploads\/pelin.jpg","datePublished":"2022-04-11T12:11:08+00:00","dateModified":"2022-04-11T12:12:14+00:00","breadcrumb":{"@id":"https:\/\/buletin.de\/bucuresti\/rafila-o-repune-in-scaun-pe-cristina-pelin-la-dsp-bucuresti-cea-care-a-demisionat-pandemie-dupa-un-scandal\/#breadcrumb"},"inLanguage":"en-GB","potentialAction":[{"@type":"ReadAction","target":["https:\/\/buletin.de\/bucuresti\/rafila-o-repune-in-scaun-pe-cristina-pelin-la-dsp-bucuresti-cea-care-a-demisionat-pandemie-dupa-un-scandal\/"]}]},{"@type":"ImageObject","inLanguage":"en-GB","@id":"https:\/\/buletin.de\/bucuresti\/rafila-o-repune-in-scaun-pe-cristina-pelin-la-dsp-bucuresti-cea-care-a-demisionat-pandemie-dupa-un-scandal\/#primaryimage","url":"https:\/\/buletin.de\/bucuresti\/wp-content\/uploads\/pelin.jpg","contentUrl":"https:\/\/buletin.de\/bucuresti\/wp-content\/uploads\/pelin.jpg","width":1600,"height":1066},{"@type":"BreadcrumbList","@id":"https:\/\/buletin.de\/bucuresti\/rafila-o-repune-in-scaun-pe-cristina-pelin-la-dsp-bucuresti-cea-care-a-demisionat-pandemie-dupa-un-scandal\/#breadcrumb","itemListElement":[{"@type":"ListItem","position":1,"name":"Acas\u0103","item":"https:\/\/buletin.de\/bucuresti\/"},{"@type":"ListItem","position":2,"name":"Rafila o repune \u00een scaun pe Cristina Pelin la DSP Bucure\u0219ti, cea care a demisionat la \u00eenceputul pandemiei dup\u0103 un scandal"}]},{"@type":"WebSite","@id":"https:\/\/buletin.de\/bucuresti\/#website","url":"https:\/\/buletin.de\/bucuresti\/","name":"Buletin de Bucure\u0219ti","description":"\u0218tiri \u0219i investiga\u021bii esen\u021biale din capital\u0103","publisher":{"@id":"https:\/\/buletin.de\/bucuresti\/#organization"},"potentialAction":[{"@type":"SearchAction","target":{"@type":"EntryPoint","urlTemplate":"https:\/\/buletin.de\/bucuresti\/?s={search_term_string}"},"query-input":{"@type":"PropertyValueSpecification","valueRequired":true,"valueName":"search_term_string"}}],"inLanguage":"en-GB"},{"@type":"Organization","@id":"https:\/\/buletin.de\/bucuresti\/#organization","name":"Buletin de Bucure\u0219ti","url":"https:\/\/buletin.de\/bucuresti\/","logo":{"@type":"ImageObject","inLanguage":"en-GB","@id":"https:\/\/buletin.de\/bucuresti\/#\/schema\/logo\/image\/","url":"https:\/\/buletin.de\/bucuresti\/wp-content\/uploads\/logo-bdb-full-wide-vernil-transparent.png","contentUrl":"https:\/\/buletin.de\/bucuresti\/wp-content\/uploads\/logo-bdb-full-wide-vernil-transparent.png","width":1782,"height":626,"caption":"Buletin de Bucure\u0219ti"},"image":{"@id":"https:\/\/buletin.de\/bucuresti\/#\/schema\/logo\/image\/"},"sameAs":["https:\/\/www.facebook.com\/buletin.de.buc","https:\/\/www.instagram.com\/buletinde.bucuresti\/"]},{"@type":"Person","@id":"https:\/\/buletin.de\/bucuresti\/#\/schema\/person\/d369d7ddc775abece205795e0b804614","name":"Teodora Stroe","image":{"@type":"ImageObject","inLanguage":"en-GB","@id":"https:\/\/secure.gravatar.com\/avatar\/2560b4cd9f5f1bc100b123158e657d75584bd1c3e1d9c69285720b9457c1b78d?s=96&d=monsterid&r=gc104800242ba5f2d78dd5d7dc4df08b6","url":"https:\/\/secure.gravatar.com\/avatar\/2560b4cd9f5f1bc100b123158e657d75584bd1c3e1d9c69285720b9457c1b78d?s=96&d=monsterid&r=g","contentUrl":"https:\/\/secure.gravatar.com\/avatar\/2560b4cd9f5f1bc100b123158e657d75584bd1c3e1d9c69285720b9457c1b78d?s=96&d=monsterid&r=g","caption":"Teodora Stroe"},"url":"https:\/\/buletin.de\/bucuresti\/author\/simonacarlugea\/"}]}},"authors":[{"term_id":22579,"user_id":18,"is_guest":0,"slug":"simonacarlugea","display_name":"Teodora Stroe","avatar_url":"https:\/\/secure.gravatar.com\/avatar\/2560b4cd9f5f1bc100b123158e657d75584bd1c3e1d9c69285720b9457c1b78d?s=96&d=monsterid&r=g","0":null,"1":"","2":"","3":"","4":"","5":"","6":"","7":"","8":""}],"_links":{"self":[{"href":"https:\/\/buletin.de\/bucuresti\/wp-json\/wp\/v2\/posts\/41674","targetHints":{"allow":["GET"]}}],"collection":[{"href":"https:\/\/buletin.de\/bucuresti\/wp-json\/wp\/v2\/posts"}],"about":[{"href":"https:\/\/buletin.de\/bucuresti\/wp-json\/wp\/v2\/types\/post"}],"author":[{"embeddable":true,"href":"https:\/\/buletin.de\/bucuresti\/wp-json\/wp\/v2\/users\/18"}],"replies":[{"embeddable":true,"href":"https:\/\/buletin.de\/bucuresti\/wp-json\/wp\/v2\/comments?post=41674"}],"version-history":[{"count":4,"href":"https:\/\/buletin.de\/bucuresti\/wp-json\/wp\/v2\/posts\/41674\/revisions"}],"predecessor-version":[{"id":41680,"href":"https:\/\/buletin.de\/bucuresti\/wp-json\/wp\/v2\/posts\/41674\/revisions\/41680"}],"wp:featuredmedia":[{"embeddable":true,"href":"https:\/\/buletin.de\/bucuresti\/wp-json\/wp\/v2\/media\/41678"}],"wp:attachment":[{"href":"https:\/\/buletin.de\/bucuresti\/wp-json\/wp\/v2\/media?parent=41674"}],"wp:term":[{"taxonomy":"category","embeddable":true,"href":"https:\/\/buletin.de\/bucuresti\/wp-json\/wp\/v2\/categories?post=41674"},{"taxonomy":"post_tag","embeddable":true,"href":"https:\/\/buletin.de\/bucuresti\/wp-json\/wp\/v2\/tags?post=41674"},{"taxonomy":"author","embeddable":true,"href":"https:\/\/buletin.de\/bucuresti\/wp-json\/wp\/v2\/ppma_author?post=41674"}],"curies":[{"name":"wp","href":"https:\/\/api.w.org\/{rel}","templated":true}]}}