{"id":41604,"date":"2022-04-08T12:10:47","date_gmt":"2022-04-08T10:10:47","guid":{"rendered":"https:\/\/buletin.de\/bucuresti\/?p=41604"},"modified":"2022-05-25T16:33:10","modified_gmt":"2022-05-25T14:33:10","slug":"casa-in-care-s-a-nascut-savantul-nicolae-paulescu-distrusa-in-incendiul-de-pe-calea-mosilor","status":"publish","type":"post","link":"https:\/\/buletin.de\/bucuresti\/casa-in-care-s-a-nascut-savantul-nicolae-paulescu-distrusa-in-incendiul-de-pe-calea-mosilor\/","title":{"rendered":"Casa \u00een care s-a n\u0103scut savantul Nicolae Paulescu, distrus\u0103 \u00een incendiul de pe Calea Mo\u0219ilor"},"content":{"rendered":"\n<p class=\"has-light-green-cyan-background-color has-background\">Una dintre cele dou\u0103 cl\u0103diri distruse de focul de seara trecut\u0103 de pe Calea Mo\u0219ilor a fost cea \u00een care s-a n\u0103scut Nicolae Paulescu. Focul a pornit din aceast\u0103 cas\u0103 \u0219i s-a extins \u0219i la cea de al\u0103turi, \u00een care locuiau c\u00e2teva familii. Oamenii au fost prelua\u021bi de DGSAPC \u0219i caza\u021bi peste noapte. Pompierii nu au aflat p\u00e2n\u0103 acum de la ce a plecat focul. Incendiul a fost lichidat abia \u00een aceast\u0103 diminea\u021b\u0103 la 07:50. <\/p>\n\n\n\n<p><\/p>\n\n\n\n<div class=\"wp-block-media-text alignwide is-stacked-on-mobile is-style-default\" style=\"grid-template-columns:26% auto\"><figure class=\"wp-block-media-text__media\"><video controls src=\"https:\/\/buletin.de\/bucuresti\/wp-content\/uploads\/WhatsApp-Video-2022-04-07-at-22.20.44.mp4\"><\/video><\/figure><div class=\"wp-block-media-text__content\">\n<p class=\"has-large-font-size\" style=\"font-size:22px\"><em>\u00cen jurul orei 20:00, au ap\u0103rut primele urme de fum la cl\u0103direa cu num\u0103rul 71 de pe Calea Mo\u0219ilor, din Sectorul 2. Imediat cum a sim\u021bit miros de fum, unul dintre locuitorii din zon\u0103 a sunat la Pompieri, dup\u0103 care, a fugit \u00een strad\u0103 \u0219i a intrat \u00een interiorul cl\u0103dirii, l\u0103sat\u0103 de ani de zile \u00een paragin\u0103 de c\u0103tre autorit\u0103\u021bi, pentru a vedea sursa focului. La c\u00e2teva minute distan\u021b\u0103 au ap\u0103rut primele ma\u0219ini de pompieri<\/em>, ne-a povestit unul dintre locatarii cl\u0103dirii vecine cu cea \u00een care a izbucnit incendiul.<\/p>\n<\/div><\/div>\n\n\n\n<p><\/p>\n\n\n\n<p>Marotii povestesc c\u0103 imediat dup\u0103 ce a izbucnit focul \u00een cl\u0103direa cu num\u0103rul 71, a luat foc \u0219i mansarda cl\u0103dirii de la nr. 69, care era locuit\u0103. Casa a fost complet distrus\u0103 \u0219i \u0219ase familii au r\u0103mas f\u0103r\u0103 apartamente \u0219i bunuri, conform declara\u021biilor f\u0103cute de vecini. \u00cen jurul orei 21:30, la fa\u021ba locului a ap\u0103rut o ambulan\u021b\u0103 SMURD care a adus c\u00e2\u021biva angaja\u021bi ai DGASPC Sector 2 pentru a discuta \u0219i oferi sprijin familiilor r\u0103mase f\u0103r\u0103 cas\u0103.\u00a0<\/p>\n\n\n\n<p class=\"has-white-background-color has-background\"><em>Redac\u021bia Buletin de Bucure\u0219ti nu a primit p\u00e2n\u0103 la ora public\u0103rii articolului datele oficiale privind num\u0103rul familiilor r\u0103mase f\u0103r\u0103 locuin\u021b\u0103 \u00een urma incendiului, din partea DGASPC Sector 2.   <\/em><\/p>\n\n\n\n<figure class=\"wp-block-video\"><video controls src=\"https:\/\/buletin.de\/bucuresti\/wp-content\/uploads\/WhatsApp-Video-2022-04-07-at-22.00.22.mp4\"><\/video><figcaption>Imagini amator cu mansarda blocului nr.69 \u00een fl\u0103c\u0103ri. La scurt timp de la filmare a luat foc \u00eentreg blocul de locuin\u021be. <\/figcaption><\/figure>\n\n\n\n<p><\/p>\n\n\n\n<div class=\"wp-block-media-text alignwide is-stacked-on-mobile\"><figure class=\"wp-block-media-text__media\"><video controls src=\"https:\/\/buletin.de\/bucuresti\/wp-content\/uploads\/WhatsApp-Video-2022-04-07-at-21.15.22.mp4\"><\/video><\/figure><div class=\"wp-block-media-text__content\">\n<p class=\"has-large-font-size\" style=\"font-size:22px\">Focul s-a extins \u00een jurul orei 21:35, iar pompierii \u00eencercau s\u0103-l sting\u0103 din dou\u0103 direc\u021bii. O bucat\u0103 din cl\u0103dire a c\u0103zut. <\/p>\n<\/div><\/div>\n\n\n\n<p><\/p>\n\n\n\n<p>De la ora 20:00, circula\u021bia a fost oprit\u0103 pe o por\u021biune din calea Mo\u0219ilor. Ca urmare, patru tramvaie care circulau pe linia 21 au r\u0103mas blocate timp de ore bune \u00een strad\u0103. C\u0103l\u0103torii au cobor\u00e2t din vehicule cu ajutorul Poli\u021biei \u0219i s-au reorientat spre alte mijloace de transport care nu aveau traseu prin fa\u021ba cl\u0103dirilor incendiate. <\/p>\n\n\n\n<figure class=\"wp-block-video\"><video controls src=\"https:\/\/buletin.de\/bucuresti\/wp-content\/uploads\/WhatsApp-Video-2022-04-07-at-22.26.28.mp4\"><\/video><figcaption>Imagini cu cele patru tramvaie de pe linia 21, care au r\u0103mas blocate \u00een mijlocul Str\u0103zii Calea Mo\u0219ilor. Videoclipul este f\u0103cut \u00een jurul orei 23:00.<\/figcaption><\/figure>\n\n\n\n<p><\/p>\n\n\n\n<p>ISUB-IF a declarat pentru Buletin de Bucure\u0219ti c\u0103 incendiul a fost lichidat abia \u00een aceast\u0103 diminea\u021b\u0103, la aproape 12 ore de c\u00e2nd a izbucnit. La 07:50 au plecat de la fa\u021ba locului ultimele ma\u0219ini de pompieri care au r\u0103mas toat\u0103 noaptea pentru a stinge focul \u0219i pentru a supraveghea cl\u0103dirile incendiate.&nbsp;<\/p>\n\n\n\n<h2 class=\"wp-block-heading\">Posibila cauz\u0103 a incendiului &#8211; oamenii str\u0103zii<\/h2>\n\n\n\n<p>Reporterii Buletin de Bucure\u0219ti au discutat cu mai multe persoane care locuiau \u00een zon\u0103 \u0219i st\u0103teau afar\u0103 de ore bune de team\u0103 c\u0103 incendiul s-ar putea extinde \u0219i la casa sau apartamentul lor. Vecinii sus\u021bin c\u0103 \u00een cl\u0103direa care a luat foc se drogau de obicei \u201eoamenii din schel\u0103\u201d, cum le spuneau ei. Interiorul cl\u0103dirii era plin de mizerie \u0219i seringi, care ajungeau, de cele mai multe ori, p\u00e2n\u0103 \u00een pragul caselor locuite din zon\u0103.&nbsp;<\/p>\n\n\n\n<p><em>\u201eIncendiul ne-a g\u0103sit \u00een cas\u0103. Am sim\u021bit fum. Ne a\u0219teptam s\u0103 fie incendiul din spate, unde era plin de oameni care se drogau. Cl\u0103direa era abandonat\u0103 \u0219i \u021binea, din c\u00e2te \u0219tiu, de Prim\u0103rie, de AFI. Era consolidat\u0103 pe interior &#8211; m\u0103 rog, consolidat\u0103 &#8211; era sus\u021binut\u0103 de ni\u0219te grinzi s\u0103 nu se pr\u0103bu\u0219easc\u0103. Cam at\u00e2t, \u00een rest era mult\u0103 mizerie, infec\u021bie. Era locuit\u0103 de foarte mul\u021bi droga\u021bi, se f\u0103cea trafic de droguri acolo. [Erau] seringi prin fa\u021ba cur\u021bii mereu. \u00cen fiecare diminea\u021b\u0103 d\u0103deam cu m\u0103tura seringile s\u0103 nu le lu\u0103m \u00een picioare c\u00e2nd ie\u0219im.\u201d<\/em> &#8211; a declarat pentru Buletin de Bucure\u0219ti unul dintre locuitorii din zon\u0103, care a ales s\u0103-\u0219i p\u0103streze anonimatul din motive lesne de \u00een\u021beles. <\/p>\n\n\n\n<p>Aceea\u0219i surs\u0103 a declarat pentru Buletin de Bucure\u0219ti c\u0103 pl\u00e2ngerile la Poli\u021bie pentru neregulile de la cl\u0103direa nr. 71 de pe Calea Mo\u0219ilor nu au lipsit, \u00eens\u0103 de fiecare dat\u0103 controalele erau f\u0103cut mai mult ca o <em>\u201eformalitate\u201d<\/em>, iar m\u0103surile erau am\u00e2nate de la o lun\u0103 la alta.\u00a0<\/p>\n\n\n\n<p>\u201d<em>S-au f\u0103cut nenum\u0103rate pl\u00e2ngeri la poli\u021bie. Au venit mai mult ca formalitate, dar f\u0103r\u0103 s\u0103 rezolve absolut nimic. Au venit \u0219i de la Prim\u0103rie \u0219i nu au f\u0103cut nimic. Nu au cum s\u0103 \u00eei dea afar\u0103 de acolo.<\/em>\u201d <\/p>\n\n\n\n<p><em>\u201e\u00cen fa\u021ba cl\u0103dirii e o schel\u0103 de lemn, care e acolo de ani de zile, ea \u00een sine un pericol pentru cet\u0103\u021beni. O schel\u0103 de lemn mizerabil\u0103, care masca gunoiul aruncat \u00een spatele ei. Gunoi, fecale \u0219i urin\u0103.\u201d<\/em> &#8211; \u00eencheie conversa\u021bia unul dintre locuitorii de pe Calea Mo\u0219ilor. <\/p>\n\n\n\n<figure class=\"wp-block-image size-large\"><img fetchpriority=\"high\" decoding=\"async\" width=\"900\" height=\"675\" src=\"data:image\/gif;base64,R0lGODlhAQABAAAAACH5BAEKAAEALAAAAAABAAEAAAICTAEAOw==\" data-src=\"https:\/\/buletin.de\/bucuresti\/wp-content\/uploads\/WhatsApp-Image-2022-04-07-at-21.14.48-900x675.jpeg\" alt=\"\" class=\"wp-image-41611 lazyload\" data-sizes=\"auto\" data-srcset=\"https:\/\/buletin.de\/bucuresti\/wp-content\/uploads\/WhatsApp-Image-2022-04-07-at-21.14.48-900x675.jpeg 900w, https:\/\/buletin.de\/bucuresti\/wp-content\/uploads\/WhatsApp-Image-2022-04-07-at-21.14.48-300x225.jpeg 300w, https:\/\/buletin.de\/bucuresti\/wp-content\/uploads\/WhatsApp-Image-2022-04-07-at-21.14.48-768x576.jpeg 768w, https:\/\/buletin.de\/bucuresti\/wp-content\/uploads\/WhatsApp-Image-2022-04-07-at-21.14.48-1536x1152.jpeg 1536w, https:\/\/buletin.de\/bucuresti\/wp-content\/uploads\/WhatsApp-Image-2022-04-07-at-21.14.48-1060x795.jpeg 1060w, https:\/\/buletin.de\/bucuresti\/wp-content\/uploads\/WhatsApp-Image-2022-04-07-at-21.14.48-550x413.jpeg 550w, https:\/\/buletin.de\/bucuresti\/wp-content\/uploads\/WhatsApp-Image-2022-04-07-at-21.14.48-667x500.jpeg 667w, https:\/\/buletin.de\/bucuresti\/wp-content\/uploads\/WhatsApp-Image-2022-04-07-at-21.14.48-1440x1080.jpeg 1440w, https:\/\/buletin.de\/bucuresti\/wp-content\/uploads\/WhatsApp-Image-2022-04-07-at-21.14.48-600x450.jpeg 600w, https:\/\/buletin.de\/bucuresti\/wp-content\/uploads\/WhatsApp-Image-2022-04-07-at-21.14.48.jpeg 1600w\" sizes=\"(max-width: 900px) 100vw, 900px\" \/><figcaption>Imagini din timpul incendiului cu schela din fa\u021ba cl\u0103dirii 69, un pericol public pentru cet\u0103\u021benii care trec prin fa\u021ba ei, potritiv locuitorilor din zon\u0103. <\/figcaption><\/figure>\n\n\n\n<h2 class=\"wp-block-heading\">Calea Mo\u0219ilor 69, casa \u00een care s-a n\u0103scut Nicolae Paulescu<\/h2>\n\n\n\n<p>\u00cen volumul <em>C\u0103l\u0103tori prin Bucure\u0219ti, <\/em> autorii Dr. Irina Airinei \u0219i Sorin Bordu\u015fanu scriu despre cl\u0103direa din Calea Mo\u0219ilor nr. 69 ca fiind locul \u00een care a v\u0103zut lumina zilei \u00een 1869 Nicolae Paulescu. Savantul rom\u00e2n c\u0103ruia i se atribuie descoperirea pancreinei, un extras pacreatic cu efect antidiabetic. Prime\u0219te brevet de inve\u0219tie pentru descoperirea sa dar rateaz\u0103 Nobelul \u0219i recuno\u0219terea mondial\u0103 a meritelor sale dup\u0103 ce doi cercet\u0103tori canadieni descoper\u0103, la un an distan\u021b\u0103, insulina. <\/p>\n\n\n\n<blockquote class=\"wp-block-quote is-layout-flow wp-block-quote-is-layout-flow\"><p>\u00cen 1969, lui Paulescu i-au fost recunoscute meritele de c\u0103tre profesorul A.W.K. Tiselius, vicepre\u015fedinte al Funda\u0163iei Nobel, pentru descoperirea insulinei. Paulescu nu apuc\u0103 s\u0103 se bucure de recuno\u015ftin\u0163a interna\u0163ional\u0103, el \u00eencet\u00e2nd din via\u0163\u0103 pe 19 iulie 1931. \u00cen 1990, el este numit post mortem membru al Academiei Rom\u00e2ne.<\/p><cite>Revista Historia<\/cite><\/blockquote>\n\n\n\n<h2 class=\"wp-block-heading\">Calea Mo\u0219ilor, zon\u0103 istoric\u0103 devenit\u0103 pericol public<\/h2>\n\n\n\n<p>Calea Mo\u0219ilor este o zon\u0103 istoric\u0103 a Capitalei, \u00eens\u0103 de ani de zile investi\u021biile lipsesc \u0219i cl\u0103dirile din patrimoniul Prim\u0103riei Generale stau s\u0103 se pr\u0103bu\u0219easc\u0103 \u0219i reprezint\u0103 un pericol public pentru ma\u0219inile \u0219i pentru tramvaiul 21, care traverseaz\u0103 zilnic arterta.<\/p>\n\n\n\n<p><a href=\"https:\/\/buletin.de\/bucuresti\/foto-primaria-capitalei-vrea-sa-transforme-hanul-solacolu-intr-un-spatiu-cultural\/\">La nici 200 de metri distan\u021b\u0103 de cl\u0103dirile distruse seara trecut\u0103 se afl\u0103 Hanul Solacolu<\/a>, \u00een fa\u021ba c\u0103ruia sunt aruncate gunoaie, iar c\u00e2te pu\u021bin din fa\u021bad\u0103 se desprinde aproape zilnic. \u00cen urm\u0103 cu patru luni, PMB promitea c\u0103 urmeaz\u0103 lucr\u0103ri de consolidare \u0219i reabilitare, Hanul urm\u00e2nd s\u0103 devin un hub cultural. Realitatea, \u00eens\u0103, arat\u0103 diferit. Hanul Solacolu este \u00een continuare un pericol public nesupravegheat, iar lucr\u0103rile \u00eent\u00e2rzie s\u0103 apar\u0103.&nbsp;<\/p>\n\n\n\n<p><\/p>\n","protected":false},"excerpt":{"rendered":"<p>Una dintre cele dou\u0103 cl\u0103diri distruse de focul de seara trecut\u0103 de pe Calea Mo\u0219ilor a fost cea \u00een care s-a n\u0103scut Nicolae Paulescu. Focul a pornit din aceast\u0103 cas\u0103 \u0219i s-a extins \u0219i la cea de al\u0103turi, \u00een care locuiau c\u00e2teva familii. Oamenii au fost prelua\u021bi de DGSAPC \u0219i caza\u021bi peste noapte. Pompierii nu [&hellip;]<\/p>\n","protected":false},"author":17,"featured_media":41611,"comment_status":"closed","ping_status":"open","sticky":false,"template":"","format":"standard","meta":{"_acf_changed":false,"inline_featured_image":false,"ngg_post_thumbnail":0,"footnotes":""},"categories":[3419,169],"tags":[],"ppma_author":[22576],"class_list":["post-41604","post","type-post","status-publish","format-standard","has-post-thumbnail","hentry","category-featured","category-reportaj"],"acf":[],"yoast_head":"<!-- This site is optimized with the Yoast SEO Premium plugin v25.3 (Yoast SEO v27.4) - https:\/\/yoast.com\/product\/yoast-seo-premium-wordpress\/ -->\n<title>Casa \u00een care s-a n\u0103scut savantul Nicolae Paulescu, distrus\u0103 \u00een incendiul de pe Calea Mo\u0219ilor - Buletin de Bucure\u0219ti<\/title>\n<meta name=\"robots\" content=\"index, follow, max-snippet:-1, max-image-preview:large, max-video-preview:-1\" \/>\n<link rel=\"canonical\" href=\"https:\/\/buletin.de\/bucuresti\/casa-in-care-s-a-nascut-savantul-nicolae-paulescu-distrusa-in-incendiul-de-pe-calea-mosilor\/\" \/>\n<meta property=\"og:locale\" content=\"en_GB\" \/>\n<meta property=\"og:type\" content=\"article\" \/>\n<meta property=\"og:title\" content=\"Casa \u00een care s-a n\u0103scut savantul Nicolae Paulescu, distrus\u0103 \u00een incendiul de pe Calea Mo\u0219ilor\" \/>\n<meta property=\"og:description\" content=\"Una dintre cele dou\u0103 cl\u0103diri distruse de focul de seara trecut\u0103 de pe Calea Mo\u0219ilor a fost cea \u00een care s-a n\u0103scut Nicolae Paulescu. Focul a pornit din aceast\u0103 cas\u0103 \u0219i s-a extins \u0219i la cea de al\u0103turi, \u00een care locuiau c\u00e2teva familii. Oamenii au fost prelua\u021bi de DGSAPC \u0219i caza\u021bi peste noapte. Pompierii nu [&hellip;]\" \/>\n<meta property=\"og:url\" content=\"https:\/\/buletin.de\/bucuresti\/casa-in-care-s-a-nascut-savantul-nicolae-paulescu-distrusa-in-incendiul-de-pe-calea-mosilor\/\" \/>\n<meta property=\"og:site_name\" content=\"Buletin de Bucure\u0219ti\" \/>\n<meta property=\"article:publisher\" content=\"https:\/\/www.facebook.com\/buletin.de.buc\" \/>\n<meta property=\"article:published_time\" content=\"2022-04-08T10:10:47+00:00\" \/>\n<meta property=\"article:modified_time\" content=\"2022-05-25T14:33:10+00:00\" \/>\n<meta property=\"og:image\" content=\"https:\/\/buletin.de\/bucuresti\/wp-content\/uploads\/WhatsApp-Image-2022-04-07-at-21.14.48.jpeg\" \/>\n\t<meta property=\"og:image:width\" content=\"1600\" \/>\n\t<meta property=\"og:image:height\" content=\"1200\" \/>\n\t<meta property=\"og:image:type\" content=\"image\/jpeg\" \/>\n<meta name=\"author\" content=\"Florin R\u00e2\u0219teiu\" \/>\n<meta name=\"twitter:card\" content=\"summary_large_image\" \/>\n<meta name=\"twitter:label1\" content=\"Written by\" \/>\n\t<meta name=\"twitter:data1\" content=\"Florin R\u00e2\u0219teiu\" \/>\n\t<meta name=\"twitter:label2\" content=\"Estimated reading time\" \/>\n\t<meta name=\"twitter:data2\" content=\"5 minutes\" \/>\n<script type=\"application\/ld+json\" class=\"yoast-schema-graph\">{\"@context\":\"https:\\\/\\\/schema.org\",\"@graph\":[{\"@type\":\"Article\",\"@id\":\"https:\\\/\\\/buletin.de\\\/bucuresti\\\/casa-in-care-s-a-nascut-savantul-nicolae-paulescu-distrusa-in-incendiul-de-pe-calea-mosilor\\\/#article\",\"isPartOf\":{\"@id\":\"https:\\\/\\\/buletin.de\\\/bucuresti\\\/casa-in-care-s-a-nascut-savantul-nicolae-paulescu-distrusa-in-incendiul-de-pe-calea-mosilor\\\/\"},\"author\":{\"name\":\"Florin R\u00e2\u0219teiu\",\"@id\":\"https:\\\/\\\/buletin.de\\\/bucuresti\\\/#\\\/schema\\\/person\\\/b0686d7a8b666c6afc78239777fd8a89\"},\"headline\":\"Casa \u00een care s-a n\u0103scut savantul Nicolae Paulescu, distrus\u0103 \u00een incendiul de pe Calea Mo\u0219ilor\",\"datePublished\":\"2022-04-08T10:10:47+00:00\",\"dateModified\":\"2022-05-25T14:33:10+00:00\",\"mainEntityOfPage\":{\"@id\":\"https:\\\/\\\/buletin.de\\\/bucuresti\\\/casa-in-care-s-a-nascut-savantul-nicolae-paulescu-distrusa-in-incendiul-de-pe-calea-mosilor\\\/\"},\"wordCount\":1213,\"publisher\":{\"@id\":\"https:\\\/\\\/buletin.de\\\/bucuresti\\\/#organization\"},\"image\":{\"@id\":\"https:\\\/\\\/buletin.de\\\/bucuresti\\\/casa-in-care-s-a-nascut-savantul-nicolae-paulescu-distrusa-in-incendiul-de-pe-calea-mosilor\\\/#primaryimage\"},\"thumbnailUrl\":\"https:\\\/\\\/buletin.de\\\/bucuresti\\\/wp-content\\\/uploads\\\/WhatsApp-Image-2022-04-07-at-21.14.48.jpeg\",\"articleSection\":[\"Featured\",\"Reportaj\"],\"inLanguage\":\"en-GB\",\"copyrightYear\":\"2022\",\"copyrightHolder\":{\"@id\":\"https:\\\/\\\/buletin.de\\\/bucuresti\\\/#organization\"}},{\"@type\":\"WebPage\",\"@id\":\"https:\\\/\\\/buletin.de\\\/bucuresti\\\/casa-in-care-s-a-nascut-savantul-nicolae-paulescu-distrusa-in-incendiul-de-pe-calea-mosilor\\\/\",\"url\":\"https:\\\/\\\/buletin.de\\\/bucuresti\\\/casa-in-care-s-a-nascut-savantul-nicolae-paulescu-distrusa-in-incendiul-de-pe-calea-mosilor\\\/\",\"name\":\"Casa \u00een care s-a n\u0103scut savantul Nicolae Paulescu, distrus\u0103 \u00een incendiul de pe Calea Mo\u0219ilor - Buletin de Bucure\u0219ti\",\"isPartOf\":{\"@id\":\"https:\\\/\\\/buletin.de\\\/bucuresti\\\/#website\"},\"primaryImageOfPage\":{\"@id\":\"https:\\\/\\\/buletin.de\\\/bucuresti\\\/casa-in-care-s-a-nascut-savantul-nicolae-paulescu-distrusa-in-incendiul-de-pe-calea-mosilor\\\/#primaryimage\"},\"image\":{\"@id\":\"https:\\\/\\\/buletin.de\\\/bucuresti\\\/casa-in-care-s-a-nascut-savantul-nicolae-paulescu-distrusa-in-incendiul-de-pe-calea-mosilor\\\/#primaryimage\"},\"thumbnailUrl\":\"https:\\\/\\\/buletin.de\\\/bucuresti\\\/wp-content\\\/uploads\\\/WhatsApp-Image-2022-04-07-at-21.14.48.jpeg\",\"datePublished\":\"2022-04-08T10:10:47+00:00\",\"dateModified\":\"2022-05-25T14:33:10+00:00\",\"breadcrumb\":{\"@id\":\"https:\\\/\\\/buletin.de\\\/bucuresti\\\/casa-in-care-s-a-nascut-savantul-nicolae-paulescu-distrusa-in-incendiul-de-pe-calea-mosilor\\\/#breadcrumb\"},\"inLanguage\":\"en-GB\",\"potentialAction\":[{\"@type\":\"ReadAction\",\"target\":[\"https:\\\/\\\/buletin.de\\\/bucuresti\\\/casa-in-care-s-a-nascut-savantul-nicolae-paulescu-distrusa-in-incendiul-de-pe-calea-mosilor\\\/\"]}]},{\"@type\":\"ImageObject\",\"inLanguage\":\"en-GB\",\"@id\":\"https:\\\/\\\/buletin.de\\\/bucuresti\\\/casa-in-care-s-a-nascut-savantul-nicolae-paulescu-distrusa-in-incendiul-de-pe-calea-mosilor\\\/#primaryimage\",\"url\":\"https:\\\/\\\/buletin.de\\\/bucuresti\\\/wp-content\\\/uploads\\\/WhatsApp-Image-2022-04-07-at-21.14.48.jpeg\",\"contentUrl\":\"https:\\\/\\\/buletin.de\\\/bucuresti\\\/wp-content\\\/uploads\\\/WhatsApp-Image-2022-04-07-at-21.14.48.jpeg\",\"width\":1600,\"height\":1200},{\"@type\":\"BreadcrumbList\",\"@id\":\"https:\\\/\\\/buletin.de\\\/bucuresti\\\/casa-in-care-s-a-nascut-savantul-nicolae-paulescu-distrusa-in-incendiul-de-pe-calea-mosilor\\\/#breadcrumb\",\"itemListElement\":[{\"@type\":\"ListItem\",\"position\":1,\"name\":\"Acas\u0103\",\"item\":\"https:\\\/\\\/buletin.de\\\/bucuresti\\\/\"},{\"@type\":\"ListItem\",\"position\":2,\"name\":\"Casa \u00een care s-a n\u0103scut savantul Nicolae Paulescu, distrus\u0103 \u00een incendiul de pe Calea Mo\u0219ilor\"}]},{\"@type\":\"WebSite\",\"@id\":\"https:\\\/\\\/buletin.de\\\/bucuresti\\\/#website\",\"url\":\"https:\\\/\\\/buletin.de\\\/bucuresti\\\/\",\"name\":\"Buletin de Bucure\u0219ti\",\"description\":\"\u0218tiri \u0219i investiga\u021bii esen\u021biale din capital\u0103\",\"publisher\":{\"@id\":\"https:\\\/\\\/buletin.de\\\/bucuresti\\\/#organization\"},\"potentialAction\":[{\"@type\":\"SearchAction\",\"target\":{\"@type\":\"EntryPoint\",\"urlTemplate\":\"https:\\\/\\\/buletin.de\\\/bucuresti\\\/?s={search_term_string}\"},\"query-input\":{\"@type\":\"PropertyValueSpecification\",\"valueRequired\":true,\"valueName\":\"search_term_string\"}}],\"inLanguage\":\"en-GB\"},{\"@type\":\"Organization\",\"@id\":\"https:\\\/\\\/buletin.de\\\/bucuresti\\\/#organization\",\"name\":\"Buletin de Bucure\u0219ti\",\"url\":\"https:\\\/\\\/buletin.de\\\/bucuresti\\\/\",\"logo\":{\"@type\":\"ImageObject\",\"inLanguage\":\"en-GB\",\"@id\":\"https:\\\/\\\/buletin.de\\\/bucuresti\\\/#\\\/schema\\\/logo\\\/image\\\/\",\"url\":\"https:\\\/\\\/buletin.de\\\/bucuresti\\\/wp-content\\\/uploads\\\/logo-bdb-full-wide-vernil-transparent.png\",\"contentUrl\":\"https:\\\/\\\/buletin.de\\\/bucuresti\\\/wp-content\\\/uploads\\\/logo-bdb-full-wide-vernil-transparent.png\",\"width\":1782,\"height\":626,\"caption\":\"Buletin de Bucure\u0219ti\"},\"image\":{\"@id\":\"https:\\\/\\\/buletin.de\\\/bucuresti\\\/#\\\/schema\\\/logo\\\/image\\\/\"},\"sameAs\":[\"https:\\\/\\\/www.facebook.com\\\/buletin.de.buc\",\"https:\\\/\\\/www.instagram.com\\\/buletinde.bucuresti\\\/\"]},{\"@type\":\"Person\",\"@id\":\"https:\\\/\\\/buletin.de\\\/bucuresti\\\/#\\\/schema\\\/person\\\/b0686d7a8b666c6afc78239777fd8a89\",\"name\":\"Florin R\u00e2\u0219teiu\",\"image\":{\"@type\":\"ImageObject\",\"inLanguage\":\"en-GB\",\"@id\":\"https:\\\/\\\/buletin.de\\\/bucuresti\\\/wp-content\\\/uploads\\\/Florin-Rasteiu-96x96.jpgf0a6fe28453aa12f0a60e4d0a2e3a78c\",\"url\":\"https:\\\/\\\/buletin.de\\\/bucuresti\\\/wp-content\\\/uploads\\\/Florin-Rasteiu-96x96.jpg\",\"contentUrl\":\"https:\\\/\\\/buletin.de\\\/bucuresti\\\/wp-content\\\/uploads\\\/Florin-Rasteiu-96x96.jpg\",\"caption\":\"Florin R\u00e2\u0219teiu\"},\"description\":\"Jurnalist de investiga\u021bie. Lucreaz\u0103 de aproape 6 ani la Buletin de Bucure\u0219ti, unde a publicat articole care scot la suprafa\u021b\u0103 corup\u021bia din Capital\u0103. Analizeaz\u0103 baze de date zilnic \u0219i scoate pove\u0219ti din exceluri pline de cifre. Pune reflectorul pe adev\u0103r cu fiecare ocazie. A c\u00e2\u0219tigat premiul I la categoria Pres\u0103 Local\u0103 \u00een 2025 \u0219i locul al II-lea la aceea\u0219i categorie \u00een 2024 \u00een cadrul Premiilor Superscrieri pentru jurnalism independent.\",\"url\":\"https:\\\/\\\/buletin.de\\\/bucuresti\\\/author\\\/florinrasteiu\\\/\"}]}<\/script>\n<!-- \/ Yoast SEO Premium plugin. -->","yoast_head_json":{"title":"Casa \u00een care s-a n\u0103scut savantul Nicolae Paulescu, distrus\u0103 \u00een incendiul de pe Calea Mo\u0219ilor - Buletin de Bucure\u0219ti","robots":{"index":"index","follow":"follow","max-snippet":"max-snippet:-1","max-image-preview":"max-image-preview:large","max-video-preview":"max-video-preview:-1"},"canonical":"https:\/\/buletin.de\/bucuresti\/casa-in-care-s-a-nascut-savantul-nicolae-paulescu-distrusa-in-incendiul-de-pe-calea-mosilor\/","og_locale":"en_GB","og_type":"article","og_title":"Casa \u00een care s-a n\u0103scut savantul Nicolae Paulescu, distrus\u0103 \u00een incendiul de pe Calea Mo\u0219ilor","og_description":"Una dintre cele dou\u0103 cl\u0103diri distruse de focul de seara trecut\u0103 de pe Calea Mo\u0219ilor a fost cea \u00een care s-a n\u0103scut Nicolae Paulescu. Focul a pornit din aceast\u0103 cas\u0103 \u0219i s-a extins \u0219i la cea de al\u0103turi, \u00een care locuiau c\u00e2teva familii. Oamenii au fost prelua\u021bi de DGSAPC \u0219i caza\u021bi peste noapte. Pompierii nu [&hellip;]","og_url":"https:\/\/buletin.de\/bucuresti\/casa-in-care-s-a-nascut-savantul-nicolae-paulescu-distrusa-in-incendiul-de-pe-calea-mosilor\/","og_site_name":"Buletin de Bucure\u0219ti","article_publisher":"https:\/\/www.facebook.com\/buletin.de.buc","article_published_time":"2022-04-08T10:10:47+00:00","article_modified_time":"2022-05-25T14:33:10+00:00","og_image":[{"width":1600,"height":1200,"url":"https:\/\/buletin.de\/bucuresti\/wp-content\/uploads\/WhatsApp-Image-2022-04-07-at-21.14.48.jpeg","type":"image\/jpeg"}],"author":"Florin R\u00e2\u0219teiu","twitter_card":"summary_large_image","twitter_misc":{"Written by":"Florin R\u00e2\u0219teiu","Estimated reading time":"5 minutes"},"schema":{"@context":"https:\/\/schema.org","@graph":[{"@type":"Article","@id":"https:\/\/buletin.de\/bucuresti\/casa-in-care-s-a-nascut-savantul-nicolae-paulescu-distrusa-in-incendiul-de-pe-calea-mosilor\/#article","isPartOf":{"@id":"https:\/\/buletin.de\/bucuresti\/casa-in-care-s-a-nascut-savantul-nicolae-paulescu-distrusa-in-incendiul-de-pe-calea-mosilor\/"},"author":{"name":"Florin R\u00e2\u0219teiu","@id":"https:\/\/buletin.de\/bucuresti\/#\/schema\/person\/b0686d7a8b666c6afc78239777fd8a89"},"headline":"Casa \u00een care s-a n\u0103scut savantul Nicolae Paulescu, distrus\u0103 \u00een incendiul de pe Calea Mo\u0219ilor","datePublished":"2022-04-08T10:10:47+00:00","dateModified":"2022-05-25T14:33:10+00:00","mainEntityOfPage":{"@id":"https:\/\/buletin.de\/bucuresti\/casa-in-care-s-a-nascut-savantul-nicolae-paulescu-distrusa-in-incendiul-de-pe-calea-mosilor\/"},"wordCount":1213,"publisher":{"@id":"https:\/\/buletin.de\/bucuresti\/#organization"},"image":{"@id":"https:\/\/buletin.de\/bucuresti\/casa-in-care-s-a-nascut-savantul-nicolae-paulescu-distrusa-in-incendiul-de-pe-calea-mosilor\/#primaryimage"},"thumbnailUrl":"https:\/\/buletin.de\/bucuresti\/wp-content\/uploads\/WhatsApp-Image-2022-04-07-at-21.14.48.jpeg","articleSection":["Featured","Reportaj"],"inLanguage":"en-GB","copyrightYear":"2022","copyrightHolder":{"@id":"https:\/\/buletin.de\/bucuresti\/#organization"}},{"@type":"WebPage","@id":"https:\/\/buletin.de\/bucuresti\/casa-in-care-s-a-nascut-savantul-nicolae-paulescu-distrusa-in-incendiul-de-pe-calea-mosilor\/","url":"https:\/\/buletin.de\/bucuresti\/casa-in-care-s-a-nascut-savantul-nicolae-paulescu-distrusa-in-incendiul-de-pe-calea-mosilor\/","name":"Casa \u00een care s-a n\u0103scut savantul Nicolae Paulescu, distrus\u0103 \u00een incendiul de pe Calea Mo\u0219ilor - Buletin de Bucure\u0219ti","isPartOf":{"@id":"https:\/\/buletin.de\/bucuresti\/#website"},"primaryImageOfPage":{"@id":"https:\/\/buletin.de\/bucuresti\/casa-in-care-s-a-nascut-savantul-nicolae-paulescu-distrusa-in-incendiul-de-pe-calea-mosilor\/#primaryimage"},"image":{"@id":"https:\/\/buletin.de\/bucuresti\/casa-in-care-s-a-nascut-savantul-nicolae-paulescu-distrusa-in-incendiul-de-pe-calea-mosilor\/#primaryimage"},"thumbnailUrl":"https:\/\/buletin.de\/bucuresti\/wp-content\/uploads\/WhatsApp-Image-2022-04-07-at-21.14.48.jpeg","datePublished":"2022-04-08T10:10:47+00:00","dateModified":"2022-05-25T14:33:10+00:00","breadcrumb":{"@id":"https:\/\/buletin.de\/bucuresti\/casa-in-care-s-a-nascut-savantul-nicolae-paulescu-distrusa-in-incendiul-de-pe-calea-mosilor\/#breadcrumb"},"inLanguage":"en-GB","potentialAction":[{"@type":"ReadAction","target":["https:\/\/buletin.de\/bucuresti\/casa-in-care-s-a-nascut-savantul-nicolae-paulescu-distrusa-in-incendiul-de-pe-calea-mosilor\/"]}]},{"@type":"ImageObject","inLanguage":"en-GB","@id":"https:\/\/buletin.de\/bucuresti\/casa-in-care-s-a-nascut-savantul-nicolae-paulescu-distrusa-in-incendiul-de-pe-calea-mosilor\/#primaryimage","url":"https:\/\/buletin.de\/bucuresti\/wp-content\/uploads\/WhatsApp-Image-2022-04-07-at-21.14.48.jpeg","contentUrl":"https:\/\/buletin.de\/bucuresti\/wp-content\/uploads\/WhatsApp-Image-2022-04-07-at-21.14.48.jpeg","width":1600,"height":1200},{"@type":"BreadcrumbList","@id":"https:\/\/buletin.de\/bucuresti\/casa-in-care-s-a-nascut-savantul-nicolae-paulescu-distrusa-in-incendiul-de-pe-calea-mosilor\/#breadcrumb","itemListElement":[{"@type":"ListItem","position":1,"name":"Acas\u0103","item":"https:\/\/buletin.de\/bucuresti\/"},{"@type":"ListItem","position":2,"name":"Casa \u00een care s-a n\u0103scut savantul Nicolae Paulescu, distrus\u0103 \u00een incendiul de pe Calea Mo\u0219ilor"}]},{"@type":"WebSite","@id":"https:\/\/buletin.de\/bucuresti\/#website","url":"https:\/\/buletin.de\/bucuresti\/","name":"Buletin de Bucure\u0219ti","description":"\u0218tiri \u0219i investiga\u021bii esen\u021biale din capital\u0103","publisher":{"@id":"https:\/\/buletin.de\/bucuresti\/#organization"},"potentialAction":[{"@type":"SearchAction","target":{"@type":"EntryPoint","urlTemplate":"https:\/\/buletin.de\/bucuresti\/?s={search_term_string}"},"query-input":{"@type":"PropertyValueSpecification","valueRequired":true,"valueName":"search_term_string"}}],"inLanguage":"en-GB"},{"@type":"Organization","@id":"https:\/\/buletin.de\/bucuresti\/#organization","name":"Buletin de Bucure\u0219ti","url":"https:\/\/buletin.de\/bucuresti\/","logo":{"@type":"ImageObject","inLanguage":"en-GB","@id":"https:\/\/buletin.de\/bucuresti\/#\/schema\/logo\/image\/","url":"https:\/\/buletin.de\/bucuresti\/wp-content\/uploads\/logo-bdb-full-wide-vernil-transparent.png","contentUrl":"https:\/\/buletin.de\/bucuresti\/wp-content\/uploads\/logo-bdb-full-wide-vernil-transparent.png","width":1782,"height":626,"caption":"Buletin de Bucure\u0219ti"},"image":{"@id":"https:\/\/buletin.de\/bucuresti\/#\/schema\/logo\/image\/"},"sameAs":["https:\/\/www.facebook.com\/buletin.de.buc","https:\/\/www.instagram.com\/buletinde.bucuresti\/"]},{"@type":"Person","@id":"https:\/\/buletin.de\/bucuresti\/#\/schema\/person\/b0686d7a8b666c6afc78239777fd8a89","name":"Florin R\u00e2\u0219teiu","image":{"@type":"ImageObject","inLanguage":"en-GB","@id":"https:\/\/buletin.de\/bucuresti\/wp-content\/uploads\/Florin-Rasteiu-96x96.jpgf0a6fe28453aa12f0a60e4d0a2e3a78c","url":"https:\/\/buletin.de\/bucuresti\/wp-content\/uploads\/Florin-Rasteiu-96x96.jpg","contentUrl":"https:\/\/buletin.de\/bucuresti\/wp-content\/uploads\/Florin-Rasteiu-96x96.jpg","caption":"Florin R\u00e2\u0219teiu"},"description":"Jurnalist de investiga\u021bie. Lucreaz\u0103 de aproape 6 ani la Buletin de Bucure\u0219ti, unde a publicat articole care scot la suprafa\u021b\u0103 corup\u021bia din Capital\u0103. Analizeaz\u0103 baze de date zilnic \u0219i scoate pove\u0219ti din exceluri pline de cifre. Pune reflectorul pe adev\u0103r cu fiecare ocazie. A c\u00e2\u0219tigat premiul I la categoria Pres\u0103 Local\u0103 \u00een 2025 \u0219i locul al II-lea la aceea\u0219i categorie \u00een 2024 \u00een cadrul Premiilor Superscrieri pentru jurnalism independent.","url":"https:\/\/buletin.de\/bucuresti\/author\/florinrasteiu\/"}]}},"authors":[{"term_id":22576,"user_id":17,"is_guest":0,"slug":"florinrasteiu","display_name":"Florin R\u00e2\u0219teiu","avatar_url":"https:\/\/buletin.de\/bucuresti\/wp-content\/uploads\/Florin-Rasteiu-96x96.jpg","0":null,"1":"","2":"","3":"","4":"","5":"","6":"","7":"","8":""}],"_links":{"self":[{"href":"https:\/\/buletin.de\/bucuresti\/wp-json\/wp\/v2\/posts\/41604","targetHints":{"allow":["GET"]}}],"collection":[{"href":"https:\/\/buletin.de\/bucuresti\/wp-json\/wp\/v2\/posts"}],"about":[{"href":"https:\/\/buletin.de\/bucuresti\/wp-json\/wp\/v2\/types\/post"}],"author":[{"embeddable":true,"href":"https:\/\/buletin.de\/bucuresti\/wp-json\/wp\/v2\/users\/17"}],"replies":[{"embeddable":true,"href":"https:\/\/buletin.de\/bucuresti\/wp-json\/wp\/v2\/comments?post=41604"}],"version-history":[{"count":16,"href":"https:\/\/buletin.de\/bucuresti\/wp-json\/wp\/v2\/posts\/41604\/revisions"}],"predecessor-version":[{"id":43011,"href":"https:\/\/buletin.de\/bucuresti\/wp-json\/wp\/v2\/posts\/41604\/revisions\/43011"}],"wp:featuredmedia":[{"embeddable":true,"href":"https:\/\/buletin.de\/bucuresti\/wp-json\/wp\/v2\/media\/41611"}],"wp:attachment":[{"href":"https:\/\/buletin.de\/bucuresti\/wp-json\/wp\/v2\/media?parent=41604"}],"wp:term":[{"taxonomy":"category","embeddable":true,"href":"https:\/\/buletin.de\/bucuresti\/wp-json\/wp\/v2\/categories?post=41604"},{"taxonomy":"post_tag","embeddable":true,"href":"https:\/\/buletin.de\/bucuresti\/wp-json\/wp\/v2\/tags?post=41604"},{"taxonomy":"author","embeddable":true,"href":"https:\/\/buletin.de\/bucuresti\/wp-json\/wp\/v2\/ppma_author?post=41604"}],"curies":[{"name":"wp","href":"https:\/\/api.w.org\/{rel}","templated":true}]}}